{"id":9786,"date":"2016-02-15T04:24:30","date_gmt":"2016-02-15T04:24:30","guid":{"rendered":"http:\/\/www.europa-prefabri.com\/fr\/?p=9786"},"modified":"2018-03-06T17:55:02","modified_gmt":"2018-03-06T16:55:02","slug":"ladjudication-du-parking-t1-madrid-barajas","status":"publish","type":"post","link":"https:\/\/www.europa-prefabri.com\/fr\/ladjudication-du-parking-t1-madrid-barajas\/","title":{"rendered":"L\u2019ADJUDICATION DU PARKING T1 DE MADRID BARAJAS"},"content":{"rendered":"<p>L\u2019entreprise <a href=\"http:\/\/et-europa.com\/\">ESTRUCTURAS TUBULARES EUROPA<\/a><a href=\"http:\/\/et-europa.com\/\"> SL<\/a> qui appartient au groupe EUROPA PREFABRI a \u00e9t\u00e9 adjudicataire du contrat de r\u00e9novation du parking T1 Madrid Barajas. C&#8217;est le parking principal du Terminal 1 de l\u2019a\u00e9roport Adolfo Suarez \u2013 Madrid Barajas. Le chantier \u00e0 pour objectif de remplacer les <a href=\"https:\/\/www.europa-prefabri.com\/fr\/produits\/carports\/\">auvents<\/a> existants et le projet inclut le d\u00e9montage de plus de 1200 places, le nettoyage de la zone et la fabrication suivi du montage de 1300 nouvelles places selon le mod\u00e8le choisi par notre client, sous la supervision de l\u2019entit\u00e9 AENA. Les travaux se r\u00e9aliseront selon 4 phases pour \u00e9viter la fermeture du parking et les g\u00eanes occasionn\u00e9es aux utilisateurs.<\/p>\n<p>Nous souhaitons remercier une fois de plus l\u2019AENA pour la confiance qu\u2019ils nous ont accord\u00e9.<\/p>\n<p>&nbsp;<\/p>\n","protected":false},"excerpt":{"rendered":"<p>L\u2019entreprise ESTRUCTURAS TUBULARES EUROPA SL qui appartient au groupe EUROPA PREFABRI a \u00e9t\u00e9 adjudicataire du contrat de r\u00e9novation du parking T1 Madrid Barajas. C&#8217;est le parking principal du Terminal 1 de l\u2019a\u00e9roport Adolfo Suarez \u2013 Madrid Barajas. Le chantier \u00e0 pour objectif de remplacer les auvents existants et le projet inclut le d\u00e9montage de plus [&hellip;]<\/p>\n","protected":false},"author":4,"featured_media":9788,"comment_status":"closed","ping_status":"closed","sticky":false,"template":"","format":"standard","meta":{"footnotes":""},"categories":[58],"tags":[],"class_list":["post-9786","post","type-post","status-publish","format-standard","has-post-thumbnail","hentry","category-projets"],"yoast_head":"<!-- This site is optimized with the Yoast SEO plugin v27.5 - https:\/\/yoast.com\/product\/yoast-seo-wordpress\/ -->\n<title>EUROPA PREFABRI r\u00e9alise la r\u00e9novation parking T1 Madrid Barajas<\/title>\n<meta name=\"description\" content=\"En plus de leurs modules pr\u00e9fabriqu\u00e9s, l&#039;entreprise espagnole situ\u00e9e \u00e0 Madrid, EUROPA PREFABRI, propose tous types de logements et maisons pr\u00e9bafriqu\u00e9s sans oublier leurs abris pour parking ainsi que leurs entrep\u00f4ts sur mesure. Nous avons r\u00e9alis\u00e9 la r\u00e9novation parking T1 Madrid Barajas.\" \/>\n<meta name=\"robots\" content=\"index, follow, max-snippet:-1, max-image-preview:large, max-video-preview:-1\" \/>\n<link rel=\"canonical\" href=\"https:\/\/www.europa-prefabri.com\/fr\/ladjudication-du-parking-t1-madrid-barajas\/\" \/>\n<meta property=\"og:locale\" content=\"fr_FR\" \/>\n<meta property=\"og:type\" content=\"article\" \/>\n<meta property=\"og:title\" content=\"EUROPA PREFABRI r\u00e9alise la r\u00e9novation parking T1 Madrid Barajas\" \/>\n<meta property=\"og:description\" content=\"En plus de leurs modules pr\u00e9fabriqu\u00e9s, l&#039;entreprise espagnole situ\u00e9e \u00e0 Madrid, EUROPA PREFABRI, propose tous types de logements et maisons pr\u00e9bafriqu\u00e9s sans oublier leurs abris pour parking ainsi que leurs entrep\u00f4ts sur mesure. Nous avons r\u00e9alis\u00e9 la r\u00e9novation parking T1 Madrid Barajas.\" \/>\n<meta property=\"og:url\" content=\"https:\/\/www.europa-prefabri.com\/fr\/ladjudication-du-parking-t1-madrid-barajas\/\" \/>\n<meta property=\"og:site_name\" content=\"Europa Prefabri | Alquiler y venta de construcciones modulares\" \/>\n<meta property=\"article:publisher\" content=\"https:\/\/www.facebook.com\/Europa-Prefabri-258328977572213\/\" \/>\n<meta property=\"article:published_time\" content=\"2016-02-15T04:24:30+00:00\" \/>\n<meta property=\"article:modified_time\" content=\"2018-03-06T16:55:02+00:00\" \/>\n<meta property=\"og:image\" content=\"https:\/\/www.europa-prefabri.com\/wp-content\/uploads\/12-AENA_152x912.jpg\" \/>\n\t<meta property=\"og:image:width\" content=\"152\" \/>\n\t<meta property=\"og:image:height\" content=\"91\" \/>\n\t<meta property=\"og:image:type\" content=\"image\/jpeg\" \/>\n<meta name=\"author\" content=\"admin\" \/>\n<meta name=\"twitter:card\" content=\"summary_large_image\" \/>\n<meta name=\"twitter:creator\" content=\"@EuropaPrefabri\" \/>\n<meta name=\"twitter:site\" content=\"@EuropaPrefabri\" \/>\n<meta name=\"twitter:label1\" content=\"Written by\" \/>\n\t<meta name=\"twitter:data1\" content=\"admin\" \/>\n\t<meta name=\"twitter:label2\" content=\"Est. reading time\" \/>\n\t<meta name=\"twitter:data2\" content=\"1 minute\" \/>\n<script type=\"application\/ld+json\" class=\"yoast-schema-graph\">{\"@context\":\"https:\\\/\\\/schema.org\",\"@graph\":[{\"@type\":\"Article\",\"@id\":\"https:\\\/\\\/www.europa-prefabri.com\\\/fr\\\/ladjudication-du-parking-t1-madrid-barajas\\\/#article\",\"isPartOf\":{\"@id\":\"https:\\\/\\\/www.europa-prefabri.com\\\/fr\\\/ladjudication-du-parking-t1-madrid-barajas\\\/\"},\"author\":{\"name\":\"admin\",\"@id\":\"https:\\\/\\\/www.europa-prefabri.com\\\/#\\\/schema\\\/person\\\/2ab6be5821a7026cd8f16d2a9411e86e\"},\"headline\":\"L\u2019ADJUDICATION DU PARKING T1 DE MADRID BARAJAS\",\"datePublished\":\"2016-02-15T04:24:30+00:00\",\"dateModified\":\"2018-03-06T16:55:02+00:00\",\"mainEntityOfPage\":{\"@id\":\"https:\\\/\\\/www.europa-prefabri.com\\\/fr\\\/ladjudication-du-parking-t1-madrid-barajas\\\/\"},\"wordCount\":135,\"publisher\":{\"@id\":\"https:\\\/\\\/www.europa-prefabri.com\\\/#organization\"},\"image\":{\"@id\":\"https:\\\/\\\/www.europa-prefabri.com\\\/fr\\\/ladjudication-du-parking-t1-madrid-barajas\\\/#primaryimage\"},\"thumbnailUrl\":\"https:\\\/\\\/www.europa-prefabri.com\\\/wp-content\\\/uploads\\\/12-AENA_152x912.jpg\",\"articleSection\":[\"Projets\"],\"inLanguage\":\"fr-FR\"},{\"@type\":\"WebPage\",\"@id\":\"https:\\\/\\\/www.europa-prefabri.com\\\/fr\\\/ladjudication-du-parking-t1-madrid-barajas\\\/\",\"url\":\"https:\\\/\\\/www.europa-prefabri.com\\\/fr\\\/ladjudication-du-parking-t1-madrid-barajas\\\/\",\"name\":\"EUROPA PREFABRI r\u00e9alise la r\u00e9novation parking T1 Madrid Barajas\",\"isPartOf\":{\"@id\":\"https:\\\/\\\/www.europa-prefabri.com\\\/#website\"},\"primaryImageOfPage\":{\"@id\":\"https:\\\/\\\/www.europa-prefabri.com\\\/fr\\\/ladjudication-du-parking-t1-madrid-barajas\\\/#primaryimage\"},\"image\":{\"@id\":\"https:\\\/\\\/www.europa-prefabri.com\\\/fr\\\/ladjudication-du-parking-t1-madrid-barajas\\\/#primaryimage\"},\"thumbnailUrl\":\"https:\\\/\\\/www.europa-prefabri.com\\\/wp-content\\\/uploads\\\/12-AENA_152x912.jpg\",\"datePublished\":\"2016-02-15T04:24:30+00:00\",\"dateModified\":\"2018-03-06T16:55:02+00:00\",\"description\":\"En plus de leurs modules pr\u00e9fabriqu\u00e9s, l'entreprise espagnole situ\u00e9e \u00e0 Madrid, EUROPA PREFABRI, propose tous types de logements et maisons pr\u00e9bafriqu\u00e9s sans oublier leurs abris pour parking ainsi que leurs entrep\u00f4ts sur mesure. Nous avons r\u00e9alis\u00e9 la r\u00e9novation parking T1 Madrid Barajas.\",\"breadcrumb\":{\"@id\":\"https:\\\/\\\/www.europa-prefabri.com\\\/fr\\\/ladjudication-du-parking-t1-madrid-barajas\\\/#breadcrumb\"},\"inLanguage\":\"fr-FR\",\"potentialAction\":[{\"@type\":\"ReadAction\",\"target\":[\"https:\\\/\\\/www.europa-prefabri.com\\\/fr\\\/ladjudication-du-parking-t1-madrid-barajas\\\/\"]}]},{\"@type\":\"ImageObject\",\"inLanguage\":\"fr-FR\",\"@id\":\"https:\\\/\\\/www.europa-prefabri.com\\\/fr\\\/ladjudication-du-parking-t1-madrid-barajas\\\/#primaryimage\",\"url\":\"https:\\\/\\\/www.europa-prefabri.com\\\/wp-content\\\/uploads\\\/12-AENA_152x912.jpg\",\"contentUrl\":\"https:\\\/\\\/www.europa-prefabri.com\\\/wp-content\\\/uploads\\\/12-AENA_152x912.jpg\",\"width\":152,\"height\":91},{\"@type\":\"BreadcrumbList\",\"@id\":\"https:\\\/\\\/www.europa-prefabri.com\\\/fr\\\/ladjudication-du-parking-t1-madrid-barajas\\\/#breadcrumb\",\"itemListElement\":[{\"@type\":\"ListItem\",\"position\":1,\"name\":\"Portada\",\"item\":\"https:\\\/\\\/www.europa-prefabri.com\\\/fr\\\/\"},{\"@type\":\"ListItem\",\"position\":2,\"name\":\"L\u2019ADJUDICATION DU PARKING T1 DE MADRID BARAJAS\"}]},{\"@type\":\"WebSite\",\"@id\":\"https:\\\/\\\/www.europa-prefabri.com\\\/#website\",\"url\":\"https:\\\/\\\/www.europa-prefabri.com\\\/\",\"name\":\"Europa Prefabri | Alquiler y venta de construcciones modulares\",\"description\":\"Alquiler y venta de construcciones modulares, casetas de obra, marquesinas de aparcamiento y vallas y cerramientos.\",\"publisher\":{\"@id\":\"https:\\\/\\\/www.europa-prefabri.com\\\/#organization\"},\"potentialAction\":[{\"@type\":\"SearchAction\",\"target\":{\"@type\":\"EntryPoint\",\"urlTemplate\":\"https:\\\/\\\/www.europa-prefabri.com\\\/?s={search_term_string}\"},\"query-input\":{\"@type\":\"PropertyValueSpecification\",\"valueRequired\":true,\"valueName\":\"search_term_string\"}}],\"inLanguage\":\"fr-FR\"},{\"@type\":\"Organization\",\"@id\":\"https:\\\/\\\/www.europa-prefabri.com\\\/#organization\",\"name\":\"Prefabri S.L.\",\"url\":\"https:\\\/\\\/www.europa-prefabri.com\\\/\",\"logo\":{\"@type\":\"ImageObject\",\"inLanguage\":\"fr-FR\",\"@id\":\"https:\\\/\\\/www.europa-prefabri.com\\\/#\\\/schema\\\/logo\\\/image\\\/\",\"url\":\"https:\\\/\\\/www.europa-prefabri.com\\\/wp-content\\\/uploads\\\/EuropaPrefabri-Logo.jpg\",\"contentUrl\":\"https:\\\/\\\/www.europa-prefabri.com\\\/wp-content\\\/uploads\\\/EuropaPrefabri-Logo.jpg\",\"width\":752,\"height\":348,\"caption\":\"Prefabri S.L.\"},\"image\":{\"@id\":\"https:\\\/\\\/www.europa-prefabri.com\\\/#\\\/schema\\\/logo\\\/image\\\/\"},\"sameAs\":[\"https:\\\/\\\/www.facebook.com\\\/Europa-Prefabri-258328977572213\\\/\",\"https:\\\/\\\/x.com\\\/EuropaPrefabri\",\"https:\\\/\\\/www.instagram.com\\\/europaprefabri\\\/\",\"https:\\\/\\\/es.linkedin.com\\\/company\\\/europa-prefabri\",\"https:\\\/\\\/es.pinterest.com\\\/europaprefabri\\\/\",\"https:\\\/\\\/www.youtube.com\\\/user\\\/PrefabriSL\"]},{\"@type\":\"Person\",\"@id\":\"https:\\\/\\\/www.europa-prefabri.com\\\/#\\\/schema\\\/person\\\/2ab6be5821a7026cd8f16d2a9411e86e\",\"name\":\"admin\",\"image\":{\"@type\":\"ImageObject\",\"inLanguage\":\"fr-FR\",\"@id\":\"https:\\\/\\\/secure.gravatar.com\\\/avatar\\\/dc55d3f4b941a1510eef2620b2c166513788bd88ef72341333b6d0a859bacd3c?s=96&d=mm&r=g\",\"url\":\"https:\\\/\\\/secure.gravatar.com\\\/avatar\\\/dc55d3f4b941a1510eef2620b2c166513788bd88ef72341333b6d0a859bacd3c?s=96&d=mm&r=g\",\"contentUrl\":\"https:\\\/\\\/secure.gravatar.com\\\/avatar\\\/dc55d3f4b941a1510eef2620b2c166513788bd88ef72341333b6d0a859bacd3c?s=96&d=mm&r=g\",\"caption\":\"admin\"},\"sameAs\":[\"https:\\\/\\\/www.europa-prefabri.com\",\"https:\\\/\\\/x.com\\\/@EuropaPrefabri\"]}]}<\/script>\n<!-- \/ Yoast SEO plugin. -->","yoast_head_json":{"title":"EUROPA PREFABRI r\u00e9alise la r\u00e9novation parking T1 Madrid Barajas","description":"En plus de leurs modules pr\u00e9fabriqu\u00e9s, l'entreprise espagnole situ\u00e9e \u00e0 Madrid, EUROPA PREFABRI, propose tous types de logements et maisons pr\u00e9bafriqu\u00e9s sans oublier leurs abris pour parking ainsi que leurs entrep\u00f4ts sur mesure. Nous avons r\u00e9alis\u00e9 la r\u00e9novation parking T1 Madrid Barajas.","robots":{"index":"index","follow":"follow","max-snippet":"max-snippet:-1","max-image-preview":"max-image-preview:large","max-video-preview":"max-video-preview:-1"},"canonical":"https:\/\/www.europa-prefabri.com\/fr\/ladjudication-du-parking-t1-madrid-barajas\/","og_locale":"fr_FR","og_type":"article","og_title":"EUROPA PREFABRI r\u00e9alise la r\u00e9novation parking T1 Madrid Barajas","og_description":"En plus de leurs modules pr\u00e9fabriqu\u00e9s, l'entreprise espagnole situ\u00e9e \u00e0 Madrid, EUROPA PREFABRI, propose tous types de logements et maisons pr\u00e9bafriqu\u00e9s sans oublier leurs abris pour parking ainsi que leurs entrep\u00f4ts sur mesure. Nous avons r\u00e9alis\u00e9 la r\u00e9novation parking T1 Madrid Barajas.","og_url":"https:\/\/www.europa-prefabri.com\/fr\/ladjudication-du-parking-t1-madrid-barajas\/","og_site_name":"Europa Prefabri | Alquiler y venta de construcciones modulares","article_publisher":"https:\/\/www.facebook.com\/Europa-Prefabri-258328977572213\/","article_published_time":"2016-02-15T04:24:30+00:00","article_modified_time":"2018-03-06T16:55:02+00:00","og_image":[{"width":152,"height":91,"url":"https:\/\/www.europa-prefabri.com\/wp-content\/uploads\/12-AENA_152x912.jpg","type":"image\/jpeg"}],"author":"admin","twitter_card":"summary_large_image","twitter_creator":"@EuropaPrefabri","twitter_site":"@EuropaPrefabri","twitter_misc":{"Written by":"admin","Est. reading time":"1 minute"},"schema":{"@context":"https:\/\/schema.org","@graph":[{"@type":"Article","@id":"https:\/\/www.europa-prefabri.com\/fr\/ladjudication-du-parking-t1-madrid-barajas\/#article","isPartOf":{"@id":"https:\/\/www.europa-prefabri.com\/fr\/ladjudication-du-parking-t1-madrid-barajas\/"},"author":{"name":"admin","@id":"https:\/\/www.europa-prefabri.com\/#\/schema\/person\/2ab6be5821a7026cd8f16d2a9411e86e"},"headline":"L\u2019ADJUDICATION DU PARKING T1 DE MADRID BARAJAS","datePublished":"2016-02-15T04:24:30+00:00","dateModified":"2018-03-06T16:55:02+00:00","mainEntityOfPage":{"@id":"https:\/\/www.europa-prefabri.com\/fr\/ladjudication-du-parking-t1-madrid-barajas\/"},"wordCount":135,"publisher":{"@id":"https:\/\/www.europa-prefabri.com\/#organization"},"image":{"@id":"https:\/\/www.europa-prefabri.com\/fr\/ladjudication-du-parking-t1-madrid-barajas\/#primaryimage"},"thumbnailUrl":"https:\/\/www.europa-prefabri.com\/wp-content\/uploads\/12-AENA_152x912.jpg","articleSection":["Projets"],"inLanguage":"fr-FR"},{"@type":"WebPage","@id":"https:\/\/www.europa-prefabri.com\/fr\/ladjudication-du-parking-t1-madrid-barajas\/","url":"https:\/\/www.europa-prefabri.com\/fr\/ladjudication-du-parking-t1-madrid-barajas\/","name":"EUROPA PREFABRI r\u00e9alise la r\u00e9novation parking T1 Madrid Barajas","isPartOf":{"@id":"https:\/\/www.europa-prefabri.com\/#website"},"primaryImageOfPage":{"@id":"https:\/\/www.europa-prefabri.com\/fr\/ladjudication-du-parking-t1-madrid-barajas\/#primaryimage"},"image":{"@id":"https:\/\/www.europa-prefabri.com\/fr\/ladjudication-du-parking-t1-madrid-barajas\/#primaryimage"},"thumbnailUrl":"https:\/\/www.europa-prefabri.com\/wp-content\/uploads\/12-AENA_152x912.jpg","datePublished":"2016-02-15T04:24:30+00:00","dateModified":"2018-03-06T16:55:02+00:00","description":"En plus de leurs modules pr\u00e9fabriqu\u00e9s, l'entreprise espagnole situ\u00e9e \u00e0 Madrid, EUROPA PREFABRI, propose tous types de logements et maisons pr\u00e9bafriqu\u00e9s sans oublier leurs abris pour parking ainsi que leurs entrep\u00f4ts sur mesure. Nous avons r\u00e9alis\u00e9 la r\u00e9novation parking T1 Madrid Barajas.","breadcrumb":{"@id":"https:\/\/www.europa-prefabri.com\/fr\/ladjudication-du-parking-t1-madrid-barajas\/#breadcrumb"},"inLanguage":"fr-FR","potentialAction":[{"@type":"ReadAction","target":["https:\/\/www.europa-prefabri.com\/fr\/ladjudication-du-parking-t1-madrid-barajas\/"]}]},{"@type":"ImageObject","inLanguage":"fr-FR","@id":"https:\/\/www.europa-prefabri.com\/fr\/ladjudication-du-parking-t1-madrid-barajas\/#primaryimage","url":"https:\/\/www.europa-prefabri.com\/wp-content\/uploads\/12-AENA_152x912.jpg","contentUrl":"https:\/\/www.europa-prefabri.com\/wp-content\/uploads\/12-AENA_152x912.jpg","width":152,"height":91},{"@type":"BreadcrumbList","@id":"https:\/\/www.europa-prefabri.com\/fr\/ladjudication-du-parking-t1-madrid-barajas\/#breadcrumb","itemListElement":[{"@type":"ListItem","position":1,"name":"Portada","item":"https:\/\/www.europa-prefabri.com\/fr\/"},{"@type":"ListItem","position":2,"name":"L\u2019ADJUDICATION DU PARKING T1 DE MADRID BARAJAS"}]},{"@type":"WebSite","@id":"https:\/\/www.europa-prefabri.com\/#website","url":"https:\/\/www.europa-prefabri.com\/","name":"Europa Prefabri | Alquiler y venta de construcciones modulares","description":"Alquiler y venta de construcciones modulares, casetas de obra, marquesinas de aparcamiento y vallas y cerramientos.","publisher":{"@id":"https:\/\/www.europa-prefabri.com\/#organization"},"potentialAction":[{"@type":"SearchAction","target":{"@type":"EntryPoint","urlTemplate":"https:\/\/www.europa-prefabri.com\/?s={search_term_string}"},"query-input":{"@type":"PropertyValueSpecification","valueRequired":true,"valueName":"search_term_string"}}],"inLanguage":"fr-FR"},{"@type":"Organization","@id":"https:\/\/www.europa-prefabri.com\/#organization","name":"Prefabri S.L.","url":"https:\/\/www.europa-prefabri.com\/","logo":{"@type":"ImageObject","inLanguage":"fr-FR","@id":"https:\/\/www.europa-prefabri.com\/#\/schema\/logo\/image\/","url":"https:\/\/www.europa-prefabri.com\/wp-content\/uploads\/EuropaPrefabri-Logo.jpg","contentUrl":"https:\/\/www.europa-prefabri.com\/wp-content\/uploads\/EuropaPrefabri-Logo.jpg","width":752,"height":348,"caption":"Prefabri S.L."},"image":{"@id":"https:\/\/www.europa-prefabri.com\/#\/schema\/logo\/image\/"},"sameAs":["https:\/\/www.facebook.com\/Europa-Prefabri-258328977572213\/","https:\/\/x.com\/EuropaPrefabri","https:\/\/www.instagram.com\/europaprefabri\/","https:\/\/es.linkedin.com\/company\/europa-prefabri","https:\/\/es.pinterest.com\/europaprefabri\/","https:\/\/www.youtube.com\/user\/PrefabriSL"]},{"@type":"Person","@id":"https:\/\/www.europa-prefabri.com\/#\/schema\/person\/2ab6be5821a7026cd8f16d2a9411e86e","name":"admin","image":{"@type":"ImageObject","inLanguage":"fr-FR","@id":"https:\/\/secure.gravatar.com\/avatar\/dc55d3f4b941a1510eef2620b2c166513788bd88ef72341333b6d0a859bacd3c?s=96&d=mm&r=g","url":"https:\/\/secure.gravatar.com\/avatar\/dc55d3f4b941a1510eef2620b2c166513788bd88ef72341333b6d0a859bacd3c?s=96&d=mm&r=g","contentUrl":"https:\/\/secure.gravatar.com\/avatar\/dc55d3f4b941a1510eef2620b2c166513788bd88ef72341333b6d0a859bacd3c?s=96&d=mm&r=g","caption":"admin"},"sameAs":["https:\/\/www.europa-prefabri.com","https:\/\/x.com\/@EuropaPrefabri"]}]}},"_links":{"self":[{"href":"https:\/\/www.europa-prefabri.com\/fr\/wp-json\/wp\/v2\/posts\/9786","targetHints":{"allow":["GET"]}}],"collection":[{"href":"https:\/\/www.europa-prefabri.com\/fr\/wp-json\/wp\/v2\/posts"}],"about":[{"href":"https:\/\/www.europa-prefabri.com\/fr\/wp-json\/wp\/v2\/types\/post"}],"author":[{"embeddable":true,"href":"https:\/\/www.europa-prefabri.com\/fr\/wp-json\/wp\/v2\/users\/4"}],"replies":[{"embeddable":true,"href":"https:\/\/www.europa-prefabri.com\/fr\/wp-json\/wp\/v2\/comments?post=9786"}],"version-history":[{"count":0,"href":"https:\/\/www.europa-prefabri.com\/fr\/wp-json\/wp\/v2\/posts\/9786\/revisions"}],"wp:featuredmedia":[{"embeddable":true,"href":"https:\/\/www.europa-prefabri.com\/fr\/wp-json\/wp\/v2\/media\/9788"}],"wp:attachment":[{"href":"https:\/\/www.europa-prefabri.com\/fr\/wp-json\/wp\/v2\/media?parent=9786"}],"wp:term":[{"taxonomy":"category","embeddable":true,"href":"https:\/\/www.europa-prefabri.com\/fr\/wp-json\/wp\/v2\/categories?post=9786"},{"taxonomy":"post_tag","embeddable":true,"href":"https:\/\/www.europa-prefabri.com\/fr\/wp-json\/wp\/v2\/tags?post=9786"}],"curies":[{"name":"wp","href":"https:\/\/api.w.org\/{rel}","templated":true}]}}