{"id":9769,"date":"2016-02-19T20:58:00","date_gmt":"2016-02-19T20:58:00","guid":{"rendered":"http:\/\/www.europa-prefabri.com\/fr\/?p=9769"},"modified":"2025-01-31T10:26:42","modified_gmt":"2025-01-31T09:26:42","slug":"module-click-car-el-corte-ingles","status":"publish","type":"post","link":"https:\/\/www.europa-prefabri.com\/fr\/module-click-car-el-corte-ingles\/","title":{"rendered":"MODULE CLICK &#038; CAR \u2013 EL CORTE INGL\u00c9S"},"content":{"rendered":"<p>EUROPA PREFABRI a r\u00e9alis\u00e9 le dessin et la fabrication du premier module CLICK &amp; CAR \u00e0 Madrid pour l\u2019enseigne El Corte Ingl\u00e9s. Un service qui permet d\u2019effectuer sa commande en ligne et de la r\u00e9cup\u00e9rer facilement dans une zone r\u00e9serv\u00e9e sur le parking de la station service Repsol ou dans les centres commerciaux de l\u2019enseigne.<\/p>\n<p>Nous remercions El Corte Ingl\u00e9s pour la confiance qu\u2019ils nous ont accord\u00e9 et nous esp\u00e9rons que tous leurs clients appr\u00e9cient.<\/p>\n<p><img loading=\"lazy\" decoding=\"async\" class=\"alignnone size-thumbnail wp-image-9451\" src=\"https:\/\/www.europa-prefabri.com\/wp-content\/uploads\/\/20160216_120527-Copy-80x80.jpg\" alt=\"20160216_120527 (Copy)\" width=\"80\" height=\"80\" srcset=\"https:\/\/www.europa-prefabri.com\/wp-content\/uploads\/20160216_120527-Copy-80x80.jpg 80w, https:\/\/www.europa-prefabri.com\/wp-content\/uploads\/20160216_120527-Copy-36x36.jpg 36w, https:\/\/www.europa-prefabri.com\/wp-content\/uploads\/20160216_120527-Copy-180x180.jpg 180w, https:\/\/www.europa-prefabri.com\/wp-content\/uploads\/20160216_120527-Copy-120x120.jpg 120w, https:\/\/www.europa-prefabri.com\/wp-content\/uploads\/20160216_120527-Copy-450x450.jpg 450w\" sizes=\"auto, (max-width: 80px) 100vw, 80px\" \/> <img loading=\"lazy\" decoding=\"async\" class=\"alignnone size-thumbnail wp-image-9454\" src=\"https:\/\/www.europa-prefabri.com\/wp-content\/uploads\/\/20160216_120716-Copy-80x80.jpg\" alt=\"20160216_120716 (Copy)\" width=\"80\" height=\"80\" srcset=\"https:\/\/www.europa-prefabri.com\/wp-content\/uploads\/20160216_120716-Copy-80x80.jpg 80w, https:\/\/www.europa-prefabri.com\/wp-content\/uploads\/20160216_120716-Copy-36x36.jpg 36w, https:\/\/www.europa-prefabri.com\/wp-content\/uploads\/20160216_120716-Copy-180x180.jpg 180w, https:\/\/www.europa-prefabri.com\/wp-content\/uploads\/20160216_120716-Copy-120x120.jpg 120w, https:\/\/www.europa-prefabri.com\/wp-content\/uploads\/20160216_120716-Copy-450x450.jpg 450w\" sizes=\"auto, (max-width: 80px) 100vw, 80px\" \/>\u00a0<img loading=\"lazy\" decoding=\"async\" class=\"alignnone size-thumbnail wp-image-9442\" src=\"https:\/\/www.europa-prefabri.com\/wp-content\/uploads\/\/20160216_120238-Copy-80x80.jpg\" alt=\"20160216_120238 (Copy)\" width=\"80\" height=\"80\" srcset=\"https:\/\/www.europa-prefabri.com\/wp-content\/uploads\/20160216_120238-Copy-80x80.jpg 80w, https:\/\/www.europa-prefabri.com\/wp-content\/uploads\/20160216_120238-Copy-36x36.jpg 36w, https:\/\/www.europa-prefabri.com\/wp-content\/uploads\/20160216_120238-Copy-180x180.jpg 180w, https:\/\/www.europa-prefabri.com\/wp-content\/uploads\/20160216_120238-Copy-120x120.jpg 120w, https:\/\/www.europa-prefabri.com\/wp-content\/uploads\/20160216_120238-Copy-450x450.jpg 450w\" sizes=\"auto, (max-width: 80px) 100vw, 80px\" \/> <img loading=\"lazy\" decoding=\"async\" class=\"alignnone size-thumbnail wp-image-9439\" src=\"https:\/\/www.europa-prefabri.com\/wp-content\/uploads\/\/20160216_120109-Copy-80x80.jpg\" alt=\"20160216_120109 (Copy)\" width=\"80\" height=\"80\" srcset=\"https:\/\/www.europa-prefabri.com\/wp-content\/uploads\/20160216_120109-Copy-80x80.jpg 80w, https:\/\/www.europa-prefabri.com\/wp-content\/uploads\/20160216_120109-Copy-36x36.jpg 36w, https:\/\/www.europa-prefabri.com\/wp-content\/uploads\/20160216_120109-Copy-180x180.jpg 180w, https:\/\/www.europa-prefabri.com\/wp-content\/uploads\/20160216_120109-Copy-120x120.jpg 120w, https:\/\/www.europa-prefabri.com\/wp-content\/uploads\/20160216_120109-Copy-450x450.jpg 450w\" sizes=\"auto, (max-width: 80px) 100vw, 80px\" \/><\/p>\n","protected":false},"excerpt":{"rendered":"<p>EUROPA PREFABRI a r\u00e9alis\u00e9 le dessin et la fabrication du premier module CLICK &amp; CAR \u00e0 Madrid pour l\u2019enseigne El Corte Ingl\u00e9s. Un service qui permet d\u2019effectuer sa commande en ligne et de la r\u00e9cup\u00e9rer facilement dans une zone r\u00e9serv\u00e9e sur le parking de la station service Repsol ou dans les centres commerciaux de l\u2019enseigne. [&hellip;]<\/p>\n","protected":false},"author":4,"featured_media":9451,"comment_status":"closed","ping_status":"closed","sticky":false,"template":"","format":"gallery","meta":{"footnotes":""},"categories":[58],"tags":[],"class_list":["post-9769","post","type-post","status-publish","format-gallery","has-post-thumbnail","hentry","category-projets","post_format-post-format-gallery"],"yoast_head":"<!-- This site is optimized with the Yoast SEO plugin v27.5 - https:\/\/yoast.com\/product\/yoast-seo-wordpress\/ -->\n<title>l&#039;entreprise espagnole EUROPA PREFABRI et la construction de modules pr\u00e9fabriqu\u00e9s<\/title>\n<meta name=\"description\" content=\"Le groupe Europa Prefabri dessine et fabrique des logements modulaires pr\u00e9fabriqu\u00e9s \u00e0 Madrid, en Espagne. L&#039;entreprise s&#039;occupe de toute la construction gr\u00e2ce \u00e0 leur usine situ\u00e9e \u00e0 Salamanque et peut r\u00e9pondre \u00e0 vos demandes t\u00e8s rapidement.\" \/>\n<meta name=\"robots\" content=\"index, follow, max-snippet:-1, max-image-preview:large, max-video-preview:-1\" \/>\n<link rel=\"canonical\" href=\"https:\/\/www.europa-prefabri.com\/fr\/module-click-car-el-corte-ingles\/\" \/>\n<meta property=\"og:locale\" content=\"fr_FR\" \/>\n<meta property=\"og:type\" content=\"article\" \/>\n<meta property=\"og:title\" content=\"l&#039;entreprise espagnole EUROPA PREFABRI et la construction de modules pr\u00e9fabriqu\u00e9s\" \/>\n<meta property=\"og:description\" content=\"Le groupe Europa Prefabri dessine et fabrique des logements modulaires pr\u00e9fabriqu\u00e9s \u00e0 Madrid, en Espagne. L&#039;entreprise s&#039;occupe de toute la construction gr\u00e2ce \u00e0 leur usine situ\u00e9e \u00e0 Salamanque et peut r\u00e9pondre \u00e0 vos demandes t\u00e8s rapidement.\" \/>\n<meta property=\"og:url\" content=\"https:\/\/www.europa-prefabri.com\/fr\/module-click-car-el-corte-ingles\/\" \/>\n<meta property=\"og:site_name\" content=\"Europa Prefabri | Alquiler y venta de construcciones modulares\" \/>\n<meta property=\"article:publisher\" content=\"https:\/\/www.facebook.com\/Europa-Prefabri-258328977572213\/\" \/>\n<meta property=\"article:published_time\" content=\"2016-02-19T20:58:00+00:00\" \/>\n<meta property=\"article:modified_time\" content=\"2025-01-31T09:26:42+00:00\" \/>\n<meta property=\"og:image\" content=\"https:\/\/www.europa-prefabri.com\/wp-content\/uploads\/20160216_120527-Copy.jpg\" \/>\n\t<meta property=\"og:image:width\" content=\"800\" \/>\n\t<meta property=\"og:image:height\" content=\"450\" \/>\n\t<meta property=\"og:image:type\" content=\"image\/jpeg\" \/>\n<meta name=\"author\" content=\"admin\" \/>\n<meta name=\"twitter:card\" content=\"summary_large_image\" \/>\n<meta name=\"twitter:creator\" content=\"@EuropaPrefabri\" \/>\n<meta name=\"twitter:site\" content=\"@EuropaPrefabri\" \/>\n<meta name=\"twitter:label1\" content=\"Written by\" \/>\n\t<meta name=\"twitter:data1\" content=\"admin\" \/>\n\t<meta name=\"twitter:label2\" content=\"Est. reading time\" \/>\n\t<meta name=\"twitter:data2\" content=\"2 minutes\" \/>\n<script type=\"application\/ld+json\" class=\"yoast-schema-graph\">{\"@context\":\"https:\\\/\\\/schema.org\",\"@graph\":[{\"@type\":\"Article\",\"@id\":\"https:\\\/\\\/www.europa-prefabri.com\\\/fr\\\/module-click-car-el-corte-ingles\\\/#article\",\"isPartOf\":{\"@id\":\"https:\\\/\\\/www.europa-prefabri.com\\\/fr\\\/module-click-car-el-corte-ingles\\\/\"},\"author\":{\"name\":\"admin\",\"@id\":\"https:\\\/\\\/www.europa-prefabri.com\\\/#\\\/schema\\\/person\\\/2ab6be5821a7026cd8f16d2a9411e86e\"},\"headline\":\"MODULE CLICK &#038; CAR \u2013 EL CORTE INGL\u00c9S\",\"datePublished\":\"2016-02-19T20:58:00+00:00\",\"dateModified\":\"2025-01-31T09:26:42+00:00\",\"mainEntityOfPage\":{\"@id\":\"https:\\\/\\\/www.europa-prefabri.com\\\/fr\\\/module-click-car-el-corte-ingles\\\/\"},\"wordCount\":94,\"publisher\":{\"@id\":\"https:\\\/\\\/www.europa-prefabri.com\\\/#organization\"},\"image\":{\"@id\":\"https:\\\/\\\/www.europa-prefabri.com\\\/fr\\\/module-click-car-el-corte-ingles\\\/#primaryimage\"},\"thumbnailUrl\":\"https:\\\/\\\/www.europa-prefabri.com\\\/wp-content\\\/uploads\\\/20160216_120527-Copy.jpg\",\"articleSection\":[\"Projets\"],\"inLanguage\":\"fr-FR\"},{\"@type\":\"WebPage\",\"@id\":\"https:\\\/\\\/www.europa-prefabri.com\\\/fr\\\/module-click-car-el-corte-ingles\\\/\",\"url\":\"https:\\\/\\\/www.europa-prefabri.com\\\/fr\\\/module-click-car-el-corte-ingles\\\/\",\"name\":\"l'entreprise espagnole EUROPA PREFABRI et la construction de modules pr\u00e9fabriqu\u00e9s\",\"isPartOf\":{\"@id\":\"https:\\\/\\\/www.europa-prefabri.com\\\/#website\"},\"primaryImageOfPage\":{\"@id\":\"https:\\\/\\\/www.europa-prefabri.com\\\/fr\\\/module-click-car-el-corte-ingles\\\/#primaryimage\"},\"image\":{\"@id\":\"https:\\\/\\\/www.europa-prefabri.com\\\/fr\\\/module-click-car-el-corte-ingles\\\/#primaryimage\"},\"thumbnailUrl\":\"https:\\\/\\\/www.europa-prefabri.com\\\/wp-content\\\/uploads\\\/20160216_120527-Copy.jpg\",\"datePublished\":\"2016-02-19T20:58:00+00:00\",\"dateModified\":\"2025-01-31T09:26:42+00:00\",\"description\":\"Le groupe Europa Prefabri dessine et fabrique des logements modulaires pr\u00e9fabriqu\u00e9s \u00e0 Madrid, en Espagne. L'entreprise s'occupe de toute la construction gr\u00e2ce \u00e0 leur usine situ\u00e9e \u00e0 Salamanque et peut r\u00e9pondre \u00e0 vos demandes t\u00e8s rapidement.\",\"breadcrumb\":{\"@id\":\"https:\\\/\\\/www.europa-prefabri.com\\\/fr\\\/module-click-car-el-corte-ingles\\\/#breadcrumb\"},\"inLanguage\":\"fr-FR\",\"potentialAction\":[{\"@type\":\"ReadAction\",\"target\":[\"https:\\\/\\\/www.europa-prefabri.com\\\/fr\\\/module-click-car-el-corte-ingles\\\/\"]}]},{\"@type\":\"ImageObject\",\"inLanguage\":\"fr-FR\",\"@id\":\"https:\\\/\\\/www.europa-prefabri.com\\\/fr\\\/module-click-car-el-corte-ingles\\\/#primaryimage\",\"url\":\"https:\\\/\\\/www.europa-prefabri.com\\\/wp-content\\\/uploads\\\/20160216_120527-Copy.jpg\",\"contentUrl\":\"https:\\\/\\\/www.europa-prefabri.com\\\/wp-content\\\/uploads\\\/20160216_120527-Copy.jpg\",\"width\":800,\"height\":450},{\"@type\":\"BreadcrumbList\",\"@id\":\"https:\\\/\\\/www.europa-prefabri.com\\\/fr\\\/module-click-car-el-corte-ingles\\\/#breadcrumb\",\"itemListElement\":[{\"@type\":\"ListItem\",\"position\":1,\"name\":\"Portada\",\"item\":\"https:\\\/\\\/www.europa-prefabri.com\\\/fr\\\/\"},{\"@type\":\"ListItem\",\"position\":2,\"name\":\"MODULE CLICK &#038; CAR \u2013 EL CORTE INGL\u00c9S\"}]},{\"@type\":\"WebSite\",\"@id\":\"https:\\\/\\\/www.europa-prefabri.com\\\/#website\",\"url\":\"https:\\\/\\\/www.europa-prefabri.com\\\/\",\"name\":\"Europa Prefabri | Alquiler y venta de construcciones modulares\",\"description\":\"Alquiler y venta de construcciones modulares, casetas de obra, marquesinas de aparcamiento y vallas y cerramientos.\",\"publisher\":{\"@id\":\"https:\\\/\\\/www.europa-prefabri.com\\\/#organization\"},\"potentialAction\":[{\"@type\":\"SearchAction\",\"target\":{\"@type\":\"EntryPoint\",\"urlTemplate\":\"https:\\\/\\\/www.europa-prefabri.com\\\/?s={search_term_string}\"},\"query-input\":{\"@type\":\"PropertyValueSpecification\",\"valueRequired\":true,\"valueName\":\"search_term_string\"}}],\"inLanguage\":\"fr-FR\"},{\"@type\":\"Organization\",\"@id\":\"https:\\\/\\\/www.europa-prefabri.com\\\/#organization\",\"name\":\"Prefabri S.L.\",\"url\":\"https:\\\/\\\/www.europa-prefabri.com\\\/\",\"logo\":{\"@type\":\"ImageObject\",\"inLanguage\":\"fr-FR\",\"@id\":\"https:\\\/\\\/www.europa-prefabri.com\\\/#\\\/schema\\\/logo\\\/image\\\/\",\"url\":\"https:\\\/\\\/www.europa-prefabri.com\\\/wp-content\\\/uploads\\\/EuropaPrefabri-Logo.jpg\",\"contentUrl\":\"https:\\\/\\\/www.europa-prefabri.com\\\/wp-content\\\/uploads\\\/EuropaPrefabri-Logo.jpg\",\"width\":752,\"height\":348,\"caption\":\"Prefabri S.L.\"},\"image\":{\"@id\":\"https:\\\/\\\/www.europa-prefabri.com\\\/#\\\/schema\\\/logo\\\/image\\\/\"},\"sameAs\":[\"https:\\\/\\\/www.facebook.com\\\/Europa-Prefabri-258328977572213\\\/\",\"https:\\\/\\\/x.com\\\/EuropaPrefabri\",\"https:\\\/\\\/www.instagram.com\\\/europaprefabri\\\/\",\"https:\\\/\\\/es.linkedin.com\\\/company\\\/europa-prefabri\",\"https:\\\/\\\/es.pinterest.com\\\/europaprefabri\\\/\",\"https:\\\/\\\/www.youtube.com\\\/user\\\/PrefabriSL\"]},{\"@type\":\"Person\",\"@id\":\"https:\\\/\\\/www.europa-prefabri.com\\\/#\\\/schema\\\/person\\\/2ab6be5821a7026cd8f16d2a9411e86e\",\"name\":\"admin\",\"image\":{\"@type\":\"ImageObject\",\"inLanguage\":\"fr-FR\",\"@id\":\"https:\\\/\\\/secure.gravatar.com\\\/avatar\\\/dc55d3f4b941a1510eef2620b2c166513788bd88ef72341333b6d0a859bacd3c?s=96&d=mm&r=g\",\"url\":\"https:\\\/\\\/secure.gravatar.com\\\/avatar\\\/dc55d3f4b941a1510eef2620b2c166513788bd88ef72341333b6d0a859bacd3c?s=96&d=mm&r=g\",\"contentUrl\":\"https:\\\/\\\/secure.gravatar.com\\\/avatar\\\/dc55d3f4b941a1510eef2620b2c166513788bd88ef72341333b6d0a859bacd3c?s=96&d=mm&r=g\",\"caption\":\"admin\"},\"sameAs\":[\"https:\\\/\\\/www.europa-prefabri.com\",\"https:\\\/\\\/x.com\\\/@EuropaPrefabri\"]}]}<\/script>\n<!-- \/ Yoast SEO plugin. -->","yoast_head_json":{"title":"l'entreprise espagnole EUROPA PREFABRI et la construction de modules pr\u00e9fabriqu\u00e9s","description":"Le groupe Europa Prefabri dessine et fabrique des logements modulaires pr\u00e9fabriqu\u00e9s \u00e0 Madrid, en Espagne. L'entreprise s'occupe de toute la construction gr\u00e2ce \u00e0 leur usine situ\u00e9e \u00e0 Salamanque et peut r\u00e9pondre \u00e0 vos demandes t\u00e8s rapidement.","robots":{"index":"index","follow":"follow","max-snippet":"max-snippet:-1","max-image-preview":"max-image-preview:large","max-video-preview":"max-video-preview:-1"},"canonical":"https:\/\/www.europa-prefabri.com\/fr\/module-click-car-el-corte-ingles\/","og_locale":"fr_FR","og_type":"article","og_title":"l'entreprise espagnole EUROPA PREFABRI et la construction de modules pr\u00e9fabriqu\u00e9s","og_description":"Le groupe Europa Prefabri dessine et fabrique des logements modulaires pr\u00e9fabriqu\u00e9s \u00e0 Madrid, en Espagne. L'entreprise s'occupe de toute la construction gr\u00e2ce \u00e0 leur usine situ\u00e9e \u00e0 Salamanque et peut r\u00e9pondre \u00e0 vos demandes t\u00e8s rapidement.","og_url":"https:\/\/www.europa-prefabri.com\/fr\/module-click-car-el-corte-ingles\/","og_site_name":"Europa Prefabri | Alquiler y venta de construcciones modulares","article_publisher":"https:\/\/www.facebook.com\/Europa-Prefabri-258328977572213\/","article_published_time":"2016-02-19T20:58:00+00:00","article_modified_time":"2025-01-31T09:26:42+00:00","og_image":[{"width":800,"height":450,"url":"https:\/\/www.europa-prefabri.com\/wp-content\/uploads\/20160216_120527-Copy.jpg","type":"image\/jpeg"}],"author":"admin","twitter_card":"summary_large_image","twitter_creator":"@EuropaPrefabri","twitter_site":"@EuropaPrefabri","twitter_misc":{"Written by":"admin","Est. reading time":"2 minutes"},"schema":{"@context":"https:\/\/schema.org","@graph":[{"@type":"Article","@id":"https:\/\/www.europa-prefabri.com\/fr\/module-click-car-el-corte-ingles\/#article","isPartOf":{"@id":"https:\/\/www.europa-prefabri.com\/fr\/module-click-car-el-corte-ingles\/"},"author":{"name":"admin","@id":"https:\/\/www.europa-prefabri.com\/#\/schema\/person\/2ab6be5821a7026cd8f16d2a9411e86e"},"headline":"MODULE CLICK &#038; CAR \u2013 EL CORTE INGL\u00c9S","datePublished":"2016-02-19T20:58:00+00:00","dateModified":"2025-01-31T09:26:42+00:00","mainEntityOfPage":{"@id":"https:\/\/www.europa-prefabri.com\/fr\/module-click-car-el-corte-ingles\/"},"wordCount":94,"publisher":{"@id":"https:\/\/www.europa-prefabri.com\/#organization"},"image":{"@id":"https:\/\/www.europa-prefabri.com\/fr\/module-click-car-el-corte-ingles\/#primaryimage"},"thumbnailUrl":"https:\/\/www.europa-prefabri.com\/wp-content\/uploads\/20160216_120527-Copy.jpg","articleSection":["Projets"],"inLanguage":"fr-FR"},{"@type":"WebPage","@id":"https:\/\/www.europa-prefabri.com\/fr\/module-click-car-el-corte-ingles\/","url":"https:\/\/www.europa-prefabri.com\/fr\/module-click-car-el-corte-ingles\/","name":"l'entreprise espagnole EUROPA PREFABRI et la construction de modules pr\u00e9fabriqu\u00e9s","isPartOf":{"@id":"https:\/\/www.europa-prefabri.com\/#website"},"primaryImageOfPage":{"@id":"https:\/\/www.europa-prefabri.com\/fr\/module-click-car-el-corte-ingles\/#primaryimage"},"image":{"@id":"https:\/\/www.europa-prefabri.com\/fr\/module-click-car-el-corte-ingles\/#primaryimage"},"thumbnailUrl":"https:\/\/www.europa-prefabri.com\/wp-content\/uploads\/20160216_120527-Copy.jpg","datePublished":"2016-02-19T20:58:00+00:00","dateModified":"2025-01-31T09:26:42+00:00","description":"Le groupe Europa Prefabri dessine et fabrique des logements modulaires pr\u00e9fabriqu\u00e9s \u00e0 Madrid, en Espagne. L'entreprise s'occupe de toute la construction gr\u00e2ce \u00e0 leur usine situ\u00e9e \u00e0 Salamanque et peut r\u00e9pondre \u00e0 vos demandes t\u00e8s rapidement.","breadcrumb":{"@id":"https:\/\/www.europa-prefabri.com\/fr\/module-click-car-el-corte-ingles\/#breadcrumb"},"inLanguage":"fr-FR","potentialAction":[{"@type":"ReadAction","target":["https:\/\/www.europa-prefabri.com\/fr\/module-click-car-el-corte-ingles\/"]}]},{"@type":"ImageObject","inLanguage":"fr-FR","@id":"https:\/\/www.europa-prefabri.com\/fr\/module-click-car-el-corte-ingles\/#primaryimage","url":"https:\/\/www.europa-prefabri.com\/wp-content\/uploads\/20160216_120527-Copy.jpg","contentUrl":"https:\/\/www.europa-prefabri.com\/wp-content\/uploads\/20160216_120527-Copy.jpg","width":800,"height":450},{"@type":"BreadcrumbList","@id":"https:\/\/www.europa-prefabri.com\/fr\/module-click-car-el-corte-ingles\/#breadcrumb","itemListElement":[{"@type":"ListItem","position":1,"name":"Portada","item":"https:\/\/www.europa-prefabri.com\/fr\/"},{"@type":"ListItem","position":2,"name":"MODULE CLICK &#038; CAR \u2013 EL CORTE INGL\u00c9S"}]},{"@type":"WebSite","@id":"https:\/\/www.europa-prefabri.com\/#website","url":"https:\/\/www.europa-prefabri.com\/","name":"Europa Prefabri | Alquiler y venta de construcciones modulares","description":"Alquiler y venta de construcciones modulares, casetas de obra, marquesinas de aparcamiento y vallas y cerramientos.","publisher":{"@id":"https:\/\/www.europa-prefabri.com\/#organization"},"potentialAction":[{"@type":"SearchAction","target":{"@type":"EntryPoint","urlTemplate":"https:\/\/www.europa-prefabri.com\/?s={search_term_string}"},"query-input":{"@type":"PropertyValueSpecification","valueRequired":true,"valueName":"search_term_string"}}],"inLanguage":"fr-FR"},{"@type":"Organization","@id":"https:\/\/www.europa-prefabri.com\/#organization","name":"Prefabri S.L.","url":"https:\/\/www.europa-prefabri.com\/","logo":{"@type":"ImageObject","inLanguage":"fr-FR","@id":"https:\/\/www.europa-prefabri.com\/#\/schema\/logo\/image\/","url":"https:\/\/www.europa-prefabri.com\/wp-content\/uploads\/EuropaPrefabri-Logo.jpg","contentUrl":"https:\/\/www.europa-prefabri.com\/wp-content\/uploads\/EuropaPrefabri-Logo.jpg","width":752,"height":348,"caption":"Prefabri S.L."},"image":{"@id":"https:\/\/www.europa-prefabri.com\/#\/schema\/logo\/image\/"},"sameAs":["https:\/\/www.facebook.com\/Europa-Prefabri-258328977572213\/","https:\/\/x.com\/EuropaPrefabri","https:\/\/www.instagram.com\/europaprefabri\/","https:\/\/es.linkedin.com\/company\/europa-prefabri","https:\/\/es.pinterest.com\/europaprefabri\/","https:\/\/www.youtube.com\/user\/PrefabriSL"]},{"@type":"Person","@id":"https:\/\/www.europa-prefabri.com\/#\/schema\/person\/2ab6be5821a7026cd8f16d2a9411e86e","name":"admin","image":{"@type":"ImageObject","inLanguage":"fr-FR","@id":"https:\/\/secure.gravatar.com\/avatar\/dc55d3f4b941a1510eef2620b2c166513788bd88ef72341333b6d0a859bacd3c?s=96&d=mm&r=g","url":"https:\/\/secure.gravatar.com\/avatar\/dc55d3f4b941a1510eef2620b2c166513788bd88ef72341333b6d0a859bacd3c?s=96&d=mm&r=g","contentUrl":"https:\/\/secure.gravatar.com\/avatar\/dc55d3f4b941a1510eef2620b2c166513788bd88ef72341333b6d0a859bacd3c?s=96&d=mm&r=g","caption":"admin"},"sameAs":["https:\/\/www.europa-prefabri.com","https:\/\/x.com\/@EuropaPrefabri"]}]}},"_links":{"self":[{"href":"https:\/\/www.europa-prefabri.com\/fr\/wp-json\/wp\/v2\/posts\/9769","targetHints":{"allow":["GET"]}}],"collection":[{"href":"https:\/\/www.europa-prefabri.com\/fr\/wp-json\/wp\/v2\/posts"}],"about":[{"href":"https:\/\/www.europa-prefabri.com\/fr\/wp-json\/wp\/v2\/types\/post"}],"author":[{"embeddable":true,"href":"https:\/\/www.europa-prefabri.com\/fr\/wp-json\/wp\/v2\/users\/4"}],"replies":[{"embeddable":true,"href":"https:\/\/www.europa-prefabri.com\/fr\/wp-json\/wp\/v2\/comments?post=9769"}],"version-history":[{"count":2,"href":"https:\/\/www.europa-prefabri.com\/fr\/wp-json\/wp\/v2\/posts\/9769\/revisions"}],"predecessor-version":[{"id":35629,"href":"https:\/\/www.europa-prefabri.com\/fr\/wp-json\/wp\/v2\/posts\/9769\/revisions\/35629"}],"wp:featuredmedia":[{"embeddable":true,"href":"https:\/\/www.europa-prefabri.com\/fr\/wp-json\/wp\/v2\/media\/9451"}],"wp:attachment":[{"href":"https:\/\/www.europa-prefabri.com\/fr\/wp-json\/wp\/v2\/media?parent=9769"}],"wp:term":[{"taxonomy":"category","embeddable":true,"href":"https:\/\/www.europa-prefabri.com\/fr\/wp-json\/wp\/v2\/categories?post=9769"},{"taxonomy":"post_tag","embeddable":true,"href":"https:\/\/www.europa-prefabri.com\/fr\/wp-json\/wp\/v2\/tags?post=9769"}],"curies":[{"name":"wp","href":"https:\/\/api.w.org\/{rel}","templated":true}]}}