{"id":9198,"date":"2015-09-08T15:36:04","date_gmt":"2015-09-08T15:36:04","guid":{"rendered":"http:\/\/www.europa-prefabri.com\/?p=9198"},"modified":"2016-04-07T11:57:33","modified_gmt":"2016-04-07T11:57:33","slug":"bureaux-modulaires-a-madrid","status":"publish","type":"post","link":"https:\/\/www.europa-prefabri.com\/fr\/bureaux-modulaires-a-madrid\/","title":{"rendered":"BUREAUX MODULAIRES \u00c0 MADRID"},"content":{"rendered":"<p>Voici quelques photos du montage d\u2019un nouveau b\u00e2timent modulaire contenant des bureaux. Il a \u00e9t\u00e9 r\u00e9alis\u00e9 pour l\u2019entreprise FCC dans la ville de Madrid. Nous avons assum\u00e9 la fabrication et le montage de ce b\u00e2timent en seulement deux mois. Il s\u2019agit de modules pr\u00e9fabriqu\u00e9s standards superpos\u00e9s, mais sur une plateforme m\u00e9tallique afin de gagner le plus d\u2019espace possible.<\/p>\n<p>C\u2019est un des plus grands projets de constructions modulaires r\u00e9alis\u00e9 cette ann\u00e9e en Espagne, et une fois de plus, un important client a plac\u00e9 sa confiance en Europa Prefabri pour la fabrication et le montage du b\u00e2timent.<\/p>\n<p><img loading=\"lazy\" decoding=\"async\" class=\"alignnone size-thumbnail wp-image-9159\" src=\"http:\/\/www.europa-prefabri.com\/wp-content\/uploads\/IMG-20150807-WA0019-Copy.jpg\" alt=\"IMG-20150807-WA0019 (Copy)\" width=\"80\" height=\"80\" srcset=\"https:\/\/www.europa-prefabri.com\/wp-content\/uploads\/IMG-20150807-WA0019-Copy-80x80.jpg 80w, https:\/\/www.europa-prefabri.com\/wp-content\/uploads\/IMG-20150807-WA0019-Copy-36x36.jpg 36w, https:\/\/www.europa-prefabri.com\/wp-content\/uploads\/IMG-20150807-WA0019-Copy-180x180.jpg 180w, https:\/\/www.europa-prefabri.com\/wp-content\/uploads\/IMG-20150807-WA0019-Copy-120x120.jpg 120w, https:\/\/www.europa-prefabri.com\/wp-content\/uploads\/IMG-20150807-WA0019-Copy-450x450.jpg 450w\" sizes=\"auto, (max-width: 80px) 100vw, 80px\" \/> <img loading=\"lazy\" decoding=\"async\" class=\"alignnone size-thumbnail wp-image-9156\" src=\"http:\/\/www.europa-prefabri.com\/wp-content\/uploads\/IMG-20150807-WA0018-Copy.jpg\" alt=\"Batiment modulaire espagne\" width=\"80\" height=\"80\" srcset=\"https:\/\/www.europa-prefabri.com\/wp-content\/uploads\/IMG-20150807-WA0018-Copy-80x80.jpg 80w, https:\/\/www.europa-prefabri.com\/wp-content\/uploads\/IMG-20150807-WA0018-Copy-36x36.jpg 36w, https:\/\/www.europa-prefabri.com\/wp-content\/uploads\/IMG-20150807-WA0018-Copy-180x180.jpg 180w, https:\/\/www.europa-prefabri.com\/wp-content\/uploads\/IMG-20150807-WA0018-Copy-120x120.jpg 120w, https:\/\/www.europa-prefabri.com\/wp-content\/uploads\/IMG-20150807-WA0018-Copy-450x450.jpg 450w\" sizes=\"auto, (max-width: 80px) 100vw, 80px\" \/> <img loading=\"lazy\" decoding=\"async\" class=\"alignnone size-thumbnail wp-image-9153\" src=\"http:\/\/www.europa-prefabri.com\/wp-content\/uploads\/IMG-20150807-WA0017-Copy.jpg\" alt=\"IMG-20150807-WA0017 (Copy)\" width=\"80\" height=\"80\" srcset=\"https:\/\/www.europa-prefabri.com\/wp-content\/uploads\/IMG-20150807-WA0017-Copy-80x80.jpg 80w, https:\/\/www.europa-prefabri.com\/wp-content\/uploads\/IMG-20150807-WA0017-Copy-36x36.jpg 36w, https:\/\/www.europa-prefabri.com\/wp-content\/uploads\/IMG-20150807-WA0017-Copy-180x180.jpg 180w, https:\/\/www.europa-prefabri.com\/wp-content\/uploads\/IMG-20150807-WA0017-Copy-120x120.jpg 120w, https:\/\/www.europa-prefabri.com\/wp-content\/uploads\/IMG-20150807-WA0017-Copy-450x450.jpg 450w\" sizes=\"auto, (max-width: 80px) 100vw, 80px\" \/> <img loading=\"lazy\" decoding=\"async\" class=\"alignnone size-thumbnail wp-image-9144\" src=\"http:\/\/www.europa-prefabri.com\/wp-content\/uploads\/IMG-20150807-WA0014-Copy.jpg\" alt=\"IMG-20150807-WA0014 (Copy)\" width=\"80\" height=\"80\" srcset=\"https:\/\/www.europa-prefabri.com\/wp-content\/uploads\/IMG-20150807-WA0014-Copy-80x80.jpg 80w, https:\/\/www.europa-prefabri.com\/wp-content\/uploads\/IMG-20150807-WA0014-Copy-36x36.jpg 36w, https:\/\/www.europa-prefabri.com\/wp-content\/uploads\/IMG-20150807-WA0014-Copy-180x180.jpg 180w, https:\/\/www.europa-prefabri.com\/wp-content\/uploads\/IMG-20150807-WA0014-Copy-120x120.jpg 120w, https:\/\/www.europa-prefabri.com\/wp-content\/uploads\/IMG-20150807-WA0014-Copy-450x450.jpg 450w\" sizes=\"auto, (max-width: 80px) 100vw, 80px\" \/> <img loading=\"lazy\" decoding=\"async\" class=\"alignnone size-thumbnail wp-image-9150\" src=\"http:\/\/www.europa-prefabri.com\/wp-content\/uploads\/IMG-20150807-WA0016-Copy.jpg\" alt=\"IMG-20150807-WA0016 (Copy)\" width=\"80\" height=\"80\" srcset=\"https:\/\/www.europa-prefabri.com\/wp-content\/uploads\/IMG-20150807-WA0016-Copy-80x80.jpg 80w, https:\/\/www.europa-prefabri.com\/wp-content\/uploads\/IMG-20150807-WA0016-Copy-36x36.jpg 36w, https:\/\/www.europa-prefabri.com\/wp-content\/uploads\/IMG-20150807-WA0016-Copy-180x180.jpg 180w, https:\/\/www.europa-prefabri.com\/wp-content\/uploads\/IMG-20150807-WA0016-Copy-120x120.jpg 120w, https:\/\/www.europa-prefabri.com\/wp-content\/uploads\/IMG-20150807-WA0016-Copy-450x450.jpg 450w\" sizes=\"auto, (max-width: 80px) 100vw, 80px\" \/><\/p>\n<p>&nbsp;<\/p>\n","protected":false},"excerpt":{"rendered":"<p>Voici quelques photos du montage d\u2019un nouveau b\u00e2timent modulaire contenant des bureaux. Il a \u00e9t\u00e9 r\u00e9alis\u00e9 pour l\u2019entreprise FCC dans la ville de Madrid. Nous avons assum\u00e9 la fabrication et le montage de ce b\u00e2timent en seulement deux mois. Il s\u2019agit de modules pr\u00e9fabriqu\u00e9s standards superpos\u00e9s, mais sur une plateforme m\u00e9tallique afin de gagner le [&hellip;]<\/p>\n","protected":false},"author":4,"featured_media":9156,"comment_status":"closed","ping_status":"closed","sticky":false,"template":"","format":"gallery","meta":{"footnotes":""},"categories":[413,58],"tags":[436,437],"class_list":["post-9198","post","type-post","status-publish","format-gallery","has-post-thumbnail","hentry","category-noticias-fr","category-projets","tag-edificios-prefabricados-fr","tag-modulos-prefabricados-fr","post_format-post-format-gallery"],"yoast_head":"<!-- This site is optimized with the Yoast SEO plugin v27.5 - https:\/\/yoast.com\/product\/yoast-seo-wordpress\/ -->\n<title>EUROPA PREFABRI - BUREAUX MODULAIRES \u00c0 MADRID<\/title>\n<meta name=\"description\" content=\"EUROPA PREFABRI a r\u00e9alis\u00e9 la fabrication et le montage de ce b\u00e2timent modulaire en seulement deux mois. Il s\u2019agit de modules pr\u00e9fabriqu\u00e9s standards superpos\u00e9s sur une plateforme m\u00e9tallique afin de gagner le plus d\u2019espace possible.\" \/>\n<meta name=\"robots\" content=\"index, follow, max-snippet:-1, max-image-preview:large, max-video-preview:-1\" \/>\n<link rel=\"canonical\" href=\"https:\/\/www.europa-prefabri.com\/fr\/bureaux-modulaires-a-madrid\/\" \/>\n<meta property=\"og:locale\" content=\"fr_FR\" \/>\n<meta property=\"og:type\" content=\"article\" \/>\n<meta property=\"og:title\" content=\"EUROPA PREFABRI - BUREAUX MODULAIRES \u00c0 MADRID\" \/>\n<meta property=\"og:description\" content=\"EUROPA PREFABRI a r\u00e9alis\u00e9 la fabrication et le montage de ce b\u00e2timent modulaire en seulement deux mois. Il s\u2019agit de modules pr\u00e9fabriqu\u00e9s standards superpos\u00e9s sur une plateforme m\u00e9tallique afin de gagner le plus d\u2019espace possible.\" \/>\n<meta property=\"og:url\" content=\"https:\/\/www.europa-prefabri.com\/fr\/bureaux-modulaires-a-madrid\/\" \/>\n<meta property=\"og:site_name\" content=\"Europa Prefabri | Alquiler y venta de construcciones modulares\" \/>\n<meta property=\"article:publisher\" content=\"https:\/\/www.facebook.com\/Europa-Prefabri-258328977572213\/\" \/>\n<meta property=\"article:published_time\" content=\"2015-09-08T15:36:04+00:00\" \/>\n<meta property=\"article:modified_time\" content=\"2016-04-07T11:57:33+00:00\" \/>\n<meta property=\"og:image\" content=\"https:\/\/www.europa-prefabri.com\/wp-content\/uploads\/IMG-20150807-WA0018-Copy.jpg\" \/>\n\t<meta property=\"og:image:width\" content=\"800\" \/>\n\t<meta property=\"og:image:height\" content=\"450\" \/>\n\t<meta property=\"og:image:type\" content=\"image\/jpeg\" \/>\n<meta name=\"author\" content=\"admin\" \/>\n<meta name=\"twitter:card\" content=\"summary_large_image\" \/>\n<meta name=\"twitter:creator\" content=\"@EuropaPrefabri\" \/>\n<meta name=\"twitter:site\" content=\"@EuropaPrefabri\" \/>\n<meta name=\"twitter:label1\" content=\"Written by\" \/>\n\t<meta name=\"twitter:data1\" content=\"admin\" \/>\n\t<meta name=\"twitter:label2\" content=\"Est. reading time\" \/>\n\t<meta name=\"twitter:data2\" content=\"1 minute\" \/>\n<script type=\"application\/ld+json\" class=\"yoast-schema-graph\">{\"@context\":\"https:\\\/\\\/schema.org\",\"@graph\":[{\"@type\":\"Article\",\"@id\":\"https:\\\/\\\/www.europa-prefabri.com\\\/fr\\\/bureaux-modulaires-a-madrid\\\/#article\",\"isPartOf\":{\"@id\":\"https:\\\/\\\/www.europa-prefabri.com\\\/fr\\\/bureaux-modulaires-a-madrid\\\/\"},\"author\":{\"name\":\"admin\",\"@id\":\"https:\\\/\\\/www.europa-prefabri.com\\\/#\\\/schema\\\/person\\\/2ab6be5821a7026cd8f16d2a9411e86e\"},\"headline\":\"BUREAUX MODULAIRES \u00c0 MADRID\",\"datePublished\":\"2015-09-08T15:36:04+00:00\",\"dateModified\":\"2016-04-07T11:57:33+00:00\",\"mainEntityOfPage\":{\"@id\":\"https:\\\/\\\/www.europa-prefabri.com\\\/fr\\\/bureaux-modulaires-a-madrid\\\/\"},\"wordCount\":114,\"publisher\":{\"@id\":\"https:\\\/\\\/www.europa-prefabri.com\\\/#organization\"},\"image\":{\"@id\":\"https:\\\/\\\/www.europa-prefabri.com\\\/fr\\\/bureaux-modulaires-a-madrid\\\/#primaryimage\"},\"thumbnailUrl\":\"https:\\\/\\\/www.europa-prefabri.com\\\/wp-content\\\/uploads\\\/IMG-20150807-WA0018-Copy.jpg\",\"keywords\":[\"EDIFICIOS PREFABRICADOS\",\"MODULOS PREFABRICADOS\"],\"articleSection\":[\"Noticias\",\"Projets\"],\"inLanguage\":\"fr-FR\"},{\"@type\":\"WebPage\",\"@id\":\"https:\\\/\\\/www.europa-prefabri.com\\\/fr\\\/bureaux-modulaires-a-madrid\\\/\",\"url\":\"https:\\\/\\\/www.europa-prefabri.com\\\/fr\\\/bureaux-modulaires-a-madrid\\\/\",\"name\":\"EUROPA PREFABRI - BUREAUX MODULAIRES \u00c0 MADRID\",\"isPartOf\":{\"@id\":\"https:\\\/\\\/www.europa-prefabri.com\\\/#website\"},\"primaryImageOfPage\":{\"@id\":\"https:\\\/\\\/www.europa-prefabri.com\\\/fr\\\/bureaux-modulaires-a-madrid\\\/#primaryimage\"},\"image\":{\"@id\":\"https:\\\/\\\/www.europa-prefabri.com\\\/fr\\\/bureaux-modulaires-a-madrid\\\/#primaryimage\"},\"thumbnailUrl\":\"https:\\\/\\\/www.europa-prefabri.com\\\/wp-content\\\/uploads\\\/IMG-20150807-WA0018-Copy.jpg\",\"datePublished\":\"2015-09-08T15:36:04+00:00\",\"dateModified\":\"2016-04-07T11:57:33+00:00\",\"description\":\"EUROPA PREFABRI a r\u00e9alis\u00e9 la fabrication et le montage de ce b\u00e2timent modulaire en seulement deux mois. Il s\u2019agit de modules pr\u00e9fabriqu\u00e9s standards superpos\u00e9s sur une plateforme m\u00e9tallique afin de gagner le plus d\u2019espace possible.\",\"breadcrumb\":{\"@id\":\"https:\\\/\\\/www.europa-prefabri.com\\\/fr\\\/bureaux-modulaires-a-madrid\\\/#breadcrumb\"},\"inLanguage\":\"fr-FR\",\"potentialAction\":[{\"@type\":\"ReadAction\",\"target\":[\"https:\\\/\\\/www.europa-prefabri.com\\\/fr\\\/bureaux-modulaires-a-madrid\\\/\"]}]},{\"@type\":\"ImageObject\",\"inLanguage\":\"fr-FR\",\"@id\":\"https:\\\/\\\/www.europa-prefabri.com\\\/fr\\\/bureaux-modulaires-a-madrid\\\/#primaryimage\",\"url\":\"https:\\\/\\\/www.europa-prefabri.com\\\/wp-content\\\/uploads\\\/IMG-20150807-WA0018-Copy.jpg\",\"contentUrl\":\"https:\\\/\\\/www.europa-prefabri.com\\\/wp-content\\\/uploads\\\/IMG-20150807-WA0018-Copy.jpg\",\"width\":800,\"height\":450,\"caption\":\"Batiment modulaire espagne\"},{\"@type\":\"BreadcrumbList\",\"@id\":\"https:\\\/\\\/www.europa-prefabri.com\\\/fr\\\/bureaux-modulaires-a-madrid\\\/#breadcrumb\",\"itemListElement\":[{\"@type\":\"ListItem\",\"position\":1,\"name\":\"Portada\",\"item\":\"https:\\\/\\\/www.europa-prefabri.com\\\/fr\\\/\"},{\"@type\":\"ListItem\",\"position\":2,\"name\":\"BUREAUX MODULAIRES \u00c0 MADRID\"}]},{\"@type\":\"WebSite\",\"@id\":\"https:\\\/\\\/www.europa-prefabri.com\\\/#website\",\"url\":\"https:\\\/\\\/www.europa-prefabri.com\\\/\",\"name\":\"Europa Prefabri | Alquiler y venta de construcciones modulares\",\"description\":\"Alquiler y venta de construcciones modulares, casetas de obra, marquesinas de aparcamiento y vallas y cerramientos.\",\"publisher\":{\"@id\":\"https:\\\/\\\/www.europa-prefabri.com\\\/#organization\"},\"potentialAction\":[{\"@type\":\"SearchAction\",\"target\":{\"@type\":\"EntryPoint\",\"urlTemplate\":\"https:\\\/\\\/www.europa-prefabri.com\\\/?s={search_term_string}\"},\"query-input\":{\"@type\":\"PropertyValueSpecification\",\"valueRequired\":true,\"valueName\":\"search_term_string\"}}],\"inLanguage\":\"fr-FR\"},{\"@type\":\"Organization\",\"@id\":\"https:\\\/\\\/www.europa-prefabri.com\\\/#organization\",\"name\":\"Prefabri S.L.\",\"url\":\"https:\\\/\\\/www.europa-prefabri.com\\\/\",\"logo\":{\"@type\":\"ImageObject\",\"inLanguage\":\"fr-FR\",\"@id\":\"https:\\\/\\\/www.europa-prefabri.com\\\/#\\\/schema\\\/logo\\\/image\\\/\",\"url\":\"https:\\\/\\\/www.europa-prefabri.com\\\/wp-content\\\/uploads\\\/EuropaPrefabri-Logo.jpg\",\"contentUrl\":\"https:\\\/\\\/www.europa-prefabri.com\\\/wp-content\\\/uploads\\\/EuropaPrefabri-Logo.jpg\",\"width\":752,\"height\":348,\"caption\":\"Prefabri S.L.\"},\"image\":{\"@id\":\"https:\\\/\\\/www.europa-prefabri.com\\\/#\\\/schema\\\/logo\\\/image\\\/\"},\"sameAs\":[\"https:\\\/\\\/www.facebook.com\\\/Europa-Prefabri-258328977572213\\\/\",\"https:\\\/\\\/x.com\\\/EuropaPrefabri\",\"https:\\\/\\\/www.instagram.com\\\/europaprefabri\\\/\",\"https:\\\/\\\/es.linkedin.com\\\/company\\\/europa-prefabri\",\"https:\\\/\\\/es.pinterest.com\\\/europaprefabri\\\/\",\"https:\\\/\\\/www.youtube.com\\\/user\\\/PrefabriSL\"]},{\"@type\":\"Person\",\"@id\":\"https:\\\/\\\/www.europa-prefabri.com\\\/#\\\/schema\\\/person\\\/2ab6be5821a7026cd8f16d2a9411e86e\",\"name\":\"admin\",\"image\":{\"@type\":\"ImageObject\",\"inLanguage\":\"fr-FR\",\"@id\":\"https:\\\/\\\/secure.gravatar.com\\\/avatar\\\/dc55d3f4b941a1510eef2620b2c166513788bd88ef72341333b6d0a859bacd3c?s=96&d=mm&r=g\",\"url\":\"https:\\\/\\\/secure.gravatar.com\\\/avatar\\\/dc55d3f4b941a1510eef2620b2c166513788bd88ef72341333b6d0a859bacd3c?s=96&d=mm&r=g\",\"contentUrl\":\"https:\\\/\\\/secure.gravatar.com\\\/avatar\\\/dc55d3f4b941a1510eef2620b2c166513788bd88ef72341333b6d0a859bacd3c?s=96&d=mm&r=g\",\"caption\":\"admin\"},\"sameAs\":[\"https:\\\/\\\/www.europa-prefabri.com\",\"https:\\\/\\\/x.com\\\/@EuropaPrefabri\"]}]}<\/script>\n<!-- \/ Yoast SEO plugin. -->","yoast_head_json":{"title":"EUROPA PREFABRI - BUREAUX MODULAIRES \u00c0 MADRID","description":"EUROPA PREFABRI a r\u00e9alis\u00e9 la fabrication et le montage de ce b\u00e2timent modulaire en seulement deux mois. Il s\u2019agit de modules pr\u00e9fabriqu\u00e9s standards superpos\u00e9s sur une plateforme m\u00e9tallique afin de gagner le plus d\u2019espace possible.","robots":{"index":"index","follow":"follow","max-snippet":"max-snippet:-1","max-image-preview":"max-image-preview:large","max-video-preview":"max-video-preview:-1"},"canonical":"https:\/\/www.europa-prefabri.com\/fr\/bureaux-modulaires-a-madrid\/","og_locale":"fr_FR","og_type":"article","og_title":"EUROPA PREFABRI - BUREAUX MODULAIRES \u00c0 MADRID","og_description":"EUROPA PREFABRI a r\u00e9alis\u00e9 la fabrication et le montage de ce b\u00e2timent modulaire en seulement deux mois. Il s\u2019agit de modules pr\u00e9fabriqu\u00e9s standards superpos\u00e9s sur une plateforme m\u00e9tallique afin de gagner le plus d\u2019espace possible.","og_url":"https:\/\/www.europa-prefabri.com\/fr\/bureaux-modulaires-a-madrid\/","og_site_name":"Europa Prefabri | Alquiler y venta de construcciones modulares","article_publisher":"https:\/\/www.facebook.com\/Europa-Prefabri-258328977572213\/","article_published_time":"2015-09-08T15:36:04+00:00","article_modified_time":"2016-04-07T11:57:33+00:00","og_image":[{"width":800,"height":450,"url":"https:\/\/www.europa-prefabri.com\/wp-content\/uploads\/IMG-20150807-WA0018-Copy.jpg","type":"image\/jpeg"}],"author":"admin","twitter_card":"summary_large_image","twitter_creator":"@EuropaPrefabri","twitter_site":"@EuropaPrefabri","twitter_misc":{"Written by":"admin","Est. reading time":"1 minute"},"schema":{"@context":"https:\/\/schema.org","@graph":[{"@type":"Article","@id":"https:\/\/www.europa-prefabri.com\/fr\/bureaux-modulaires-a-madrid\/#article","isPartOf":{"@id":"https:\/\/www.europa-prefabri.com\/fr\/bureaux-modulaires-a-madrid\/"},"author":{"name":"admin","@id":"https:\/\/www.europa-prefabri.com\/#\/schema\/person\/2ab6be5821a7026cd8f16d2a9411e86e"},"headline":"BUREAUX MODULAIRES \u00c0 MADRID","datePublished":"2015-09-08T15:36:04+00:00","dateModified":"2016-04-07T11:57:33+00:00","mainEntityOfPage":{"@id":"https:\/\/www.europa-prefabri.com\/fr\/bureaux-modulaires-a-madrid\/"},"wordCount":114,"publisher":{"@id":"https:\/\/www.europa-prefabri.com\/#organization"},"image":{"@id":"https:\/\/www.europa-prefabri.com\/fr\/bureaux-modulaires-a-madrid\/#primaryimage"},"thumbnailUrl":"https:\/\/www.europa-prefabri.com\/wp-content\/uploads\/IMG-20150807-WA0018-Copy.jpg","keywords":["EDIFICIOS PREFABRICADOS","MODULOS PREFABRICADOS"],"articleSection":["Noticias","Projets"],"inLanguage":"fr-FR"},{"@type":"WebPage","@id":"https:\/\/www.europa-prefabri.com\/fr\/bureaux-modulaires-a-madrid\/","url":"https:\/\/www.europa-prefabri.com\/fr\/bureaux-modulaires-a-madrid\/","name":"EUROPA PREFABRI - BUREAUX MODULAIRES \u00c0 MADRID","isPartOf":{"@id":"https:\/\/www.europa-prefabri.com\/#website"},"primaryImageOfPage":{"@id":"https:\/\/www.europa-prefabri.com\/fr\/bureaux-modulaires-a-madrid\/#primaryimage"},"image":{"@id":"https:\/\/www.europa-prefabri.com\/fr\/bureaux-modulaires-a-madrid\/#primaryimage"},"thumbnailUrl":"https:\/\/www.europa-prefabri.com\/wp-content\/uploads\/IMG-20150807-WA0018-Copy.jpg","datePublished":"2015-09-08T15:36:04+00:00","dateModified":"2016-04-07T11:57:33+00:00","description":"EUROPA PREFABRI a r\u00e9alis\u00e9 la fabrication et le montage de ce b\u00e2timent modulaire en seulement deux mois. Il s\u2019agit de modules pr\u00e9fabriqu\u00e9s standards superpos\u00e9s sur une plateforme m\u00e9tallique afin de gagner le plus d\u2019espace possible.","breadcrumb":{"@id":"https:\/\/www.europa-prefabri.com\/fr\/bureaux-modulaires-a-madrid\/#breadcrumb"},"inLanguage":"fr-FR","potentialAction":[{"@type":"ReadAction","target":["https:\/\/www.europa-prefabri.com\/fr\/bureaux-modulaires-a-madrid\/"]}]},{"@type":"ImageObject","inLanguage":"fr-FR","@id":"https:\/\/www.europa-prefabri.com\/fr\/bureaux-modulaires-a-madrid\/#primaryimage","url":"https:\/\/www.europa-prefabri.com\/wp-content\/uploads\/IMG-20150807-WA0018-Copy.jpg","contentUrl":"https:\/\/www.europa-prefabri.com\/wp-content\/uploads\/IMG-20150807-WA0018-Copy.jpg","width":800,"height":450,"caption":"Batiment modulaire espagne"},{"@type":"BreadcrumbList","@id":"https:\/\/www.europa-prefabri.com\/fr\/bureaux-modulaires-a-madrid\/#breadcrumb","itemListElement":[{"@type":"ListItem","position":1,"name":"Portada","item":"https:\/\/www.europa-prefabri.com\/fr\/"},{"@type":"ListItem","position":2,"name":"BUREAUX MODULAIRES \u00c0 MADRID"}]},{"@type":"WebSite","@id":"https:\/\/www.europa-prefabri.com\/#website","url":"https:\/\/www.europa-prefabri.com\/","name":"Europa Prefabri | Alquiler y venta de construcciones modulares","description":"Alquiler y venta de construcciones modulares, casetas de obra, marquesinas de aparcamiento y vallas y cerramientos.","publisher":{"@id":"https:\/\/www.europa-prefabri.com\/#organization"},"potentialAction":[{"@type":"SearchAction","target":{"@type":"EntryPoint","urlTemplate":"https:\/\/www.europa-prefabri.com\/?s={search_term_string}"},"query-input":{"@type":"PropertyValueSpecification","valueRequired":true,"valueName":"search_term_string"}}],"inLanguage":"fr-FR"},{"@type":"Organization","@id":"https:\/\/www.europa-prefabri.com\/#organization","name":"Prefabri S.L.","url":"https:\/\/www.europa-prefabri.com\/","logo":{"@type":"ImageObject","inLanguage":"fr-FR","@id":"https:\/\/www.europa-prefabri.com\/#\/schema\/logo\/image\/","url":"https:\/\/www.europa-prefabri.com\/wp-content\/uploads\/EuropaPrefabri-Logo.jpg","contentUrl":"https:\/\/www.europa-prefabri.com\/wp-content\/uploads\/EuropaPrefabri-Logo.jpg","width":752,"height":348,"caption":"Prefabri S.L."},"image":{"@id":"https:\/\/www.europa-prefabri.com\/#\/schema\/logo\/image\/"},"sameAs":["https:\/\/www.facebook.com\/Europa-Prefabri-258328977572213\/","https:\/\/x.com\/EuropaPrefabri","https:\/\/www.instagram.com\/europaprefabri\/","https:\/\/es.linkedin.com\/company\/europa-prefabri","https:\/\/es.pinterest.com\/europaprefabri\/","https:\/\/www.youtube.com\/user\/PrefabriSL"]},{"@type":"Person","@id":"https:\/\/www.europa-prefabri.com\/#\/schema\/person\/2ab6be5821a7026cd8f16d2a9411e86e","name":"admin","image":{"@type":"ImageObject","inLanguage":"fr-FR","@id":"https:\/\/secure.gravatar.com\/avatar\/dc55d3f4b941a1510eef2620b2c166513788bd88ef72341333b6d0a859bacd3c?s=96&d=mm&r=g","url":"https:\/\/secure.gravatar.com\/avatar\/dc55d3f4b941a1510eef2620b2c166513788bd88ef72341333b6d0a859bacd3c?s=96&d=mm&r=g","contentUrl":"https:\/\/secure.gravatar.com\/avatar\/dc55d3f4b941a1510eef2620b2c166513788bd88ef72341333b6d0a859bacd3c?s=96&d=mm&r=g","caption":"admin"},"sameAs":["https:\/\/www.europa-prefabri.com","https:\/\/x.com\/@EuropaPrefabri"]}]}},"_links":{"self":[{"href":"https:\/\/www.europa-prefabri.com\/fr\/wp-json\/wp\/v2\/posts\/9198","targetHints":{"allow":["GET"]}}],"collection":[{"href":"https:\/\/www.europa-prefabri.com\/fr\/wp-json\/wp\/v2\/posts"}],"about":[{"href":"https:\/\/www.europa-prefabri.com\/fr\/wp-json\/wp\/v2\/types\/post"}],"author":[{"embeddable":true,"href":"https:\/\/www.europa-prefabri.com\/fr\/wp-json\/wp\/v2\/users\/4"}],"replies":[{"embeddable":true,"href":"https:\/\/www.europa-prefabri.com\/fr\/wp-json\/wp\/v2\/comments?post=9198"}],"version-history":[{"count":0,"href":"https:\/\/www.europa-prefabri.com\/fr\/wp-json\/wp\/v2\/posts\/9198\/revisions"}],"wp:featuredmedia":[{"embeddable":true,"href":"https:\/\/www.europa-prefabri.com\/fr\/wp-json\/wp\/v2\/media\/9156"}],"wp:attachment":[{"href":"https:\/\/www.europa-prefabri.com\/fr\/wp-json\/wp\/v2\/media?parent=9198"}],"wp:term":[{"taxonomy":"category","embeddable":true,"href":"https:\/\/www.europa-prefabri.com\/fr\/wp-json\/wp\/v2\/categories?post=9198"},{"taxonomy":"post_tag","embeddable":true,"href":"https:\/\/www.europa-prefabri.com\/fr\/wp-json\/wp\/v2\/tags?post=9198"}],"curies":[{"name":"wp","href":"https:\/\/api.w.org\/{rel}","templated":true}]}}