{"id":9184,"date":"2015-07-03T15:34:25","date_gmt":"2015-07-03T15:34:25","guid":{"rendered":"http:\/\/www.europa-prefabri.com\/?p=9184"},"modified":"2016-03-29T15:51:22","modified_gmt":"2016-03-29T15:51:22","slug":"festival-madgarden-2","status":"publish","type":"post","link":"https:\/\/www.europa-prefabri.com\/fr\/festival-madgarden-2\/","title":{"rendered":"FESTIVAL MADGARDEN"},"content":{"rendered":"<p>Avec l\u2019arriv\u00e9e de l\u2019\u00e9t\u00e9, les festivals fleurissent. Il s\u2019agit cette fois du festival MADGARDEN qui se tient tout le mois de juillet dans le Real Jard\u00edn Bot\u00e1nico Alfonso XIII, dans la Cit\u00e9 Universitaire de Madrid, Espagne. Les organisateurs nous ont fait confiance pour la location de modules sanitaires, de loges et de toilettes portables, ainsi que pour les palissades qui entouraient cette zone vraiment spectaculaire de Madrid.<\/p>\n<p>Voici\u00a0 les stands que nous avons fournis au festival. En esp\u00e9rant que cela vous plaise.<\/p>\n<p>EUROPA PREFABRI continue \u00e0 \u00eatre une des entreprises des leaders dans la location de produits pour \u00e9v\u00e8nements sp\u00e9ciaux\u00a0: modules pr\u00e9fabriqu\u00e9s, billetteries, guichets, modules sanitaires, toilettes publiques, loges, remorques de luxe et autres produits compl\u00e9mentaires.<\/p>\n<p><a href=\"http:\/\/www.europa-prefabri.com\/wp-content\/uploads\/IMG_20150702_111159-Copy.jpg\"><img loading=\"lazy\" decoding=\"async\" class=\"alignnone size-thumbnail wp-image-8992\" src=\"http:\/\/www.europa-prefabri.com\/wp-content\/uploads\/IMG_20150702_111309-Copy.jpg\" alt=\"Alquiler casetas sanitarias Madrid\" width=\"80\" height=\"80\" \/><img loading=\"lazy\" decoding=\"async\" class=\"alignnone size-thumbnail wp-image-8980\" src=\"http:\/\/www.europa-prefabri.com\/wp-content\/uploads\/IMG_20150702_111159-Copy.jpg\" alt=\"Alquiler casetas sanitarias Madrid\" width=\"80\" height=\"80\" \/><\/a> <a href=\"http:\/\/www.europa-prefabri.com\/wp-content\/uploads\/IMG_20150702_111212-Copy.jpg\"><img loading=\"lazy\" decoding=\"async\" class=\"alignnone size-thumbnail wp-image-8983\" src=\"http:\/\/www.europa-prefabri.com\/wp-content\/uploads\/IMG_20150702_111212-Copy.jpg\" alt=\"Alquiler casetas sanitarias Madrid\" width=\"80\" height=\"80\" srcset=\"https:\/\/www.europa-prefabri.com\/wp-content\/uploads\/IMG_20150702_111212-Copy-80x80.jpg 80w, https:\/\/www.europa-prefabri.com\/wp-content\/uploads\/IMG_20150702_111212-Copy-36x36.jpg 36w, https:\/\/www.europa-prefabri.com\/wp-content\/uploads\/IMG_20150702_111212-Copy-180x180.jpg 180w, https:\/\/www.europa-prefabri.com\/wp-content\/uploads\/IMG_20150702_111212-Copy-120x120.jpg 120w, https:\/\/www.europa-prefabri.com\/wp-content\/uploads\/IMG_20150702_111212-Copy-450x450.jpg 450w\" sizes=\"auto, (max-width: 80px) 100vw, 80px\" \/><\/a> <a href=\"http:\/\/www.europa-prefabri.com\/wp-content\/uploads\/IMG_20150702_111235-Copy.jpg\"><img loading=\"lazy\" decoding=\"async\" class=\"alignnone size-thumbnail wp-image-8986\" src=\"http:\/\/www.europa-prefabri.com\/wp-content\/uploads\/IMG_20150702_111235-Copy.jpg\" alt=\"Alquiler casetas sanitarias Madrid\" width=\"80\" height=\"80\" srcset=\"https:\/\/www.europa-prefabri.com\/wp-content\/uploads\/IMG_20150702_111235-Copy-80x80.jpg 80w, https:\/\/www.europa-prefabri.com\/wp-content\/uploads\/IMG_20150702_111235-Copy-36x36.jpg 36w, https:\/\/www.europa-prefabri.com\/wp-content\/uploads\/IMG_20150702_111235-Copy-180x180.jpg 180w, https:\/\/www.europa-prefabri.com\/wp-content\/uploads\/IMG_20150702_111235-Copy-120x120.jpg 120w, https:\/\/www.europa-prefabri.com\/wp-content\/uploads\/IMG_20150702_111235-Copy-450x450.jpg 450w\" sizes=\"auto, (max-width: 80px) 100vw, 80px\" \/><\/a>\u00a0<a href=\"http:\/\/www.europa-prefabri.com\/wp-content\/uploads\/IMG_20150702_111244-Copy.jpg\"><img loading=\"lazy\" decoding=\"async\" class=\"alignnone size-thumbnail wp-image-8989\" src=\"http:\/\/www.europa-prefabri.com\/wp-content\/uploads\/IMG_20150702_111244-Copy.jpg\" alt=\"Alquiler casetas sanitarias Madrid\" width=\"80\" height=\"80\" srcset=\"https:\/\/www.europa-prefabri.com\/wp-content\/uploads\/IMG_20150702_111244-Copy-80x80.jpg 80w, https:\/\/www.europa-prefabri.com\/wp-content\/uploads\/IMG_20150702_111244-Copy-36x36.jpg 36w, https:\/\/www.europa-prefabri.com\/wp-content\/uploads\/IMG_20150702_111244-Copy-180x180.jpg 180w, https:\/\/www.europa-prefabri.com\/wp-content\/uploads\/IMG_20150702_111244-Copy-120x120.jpg 120w, https:\/\/www.europa-prefabri.com\/wp-content\/uploads\/IMG_20150702_111244-Copy-450x450.jpg 450w\" sizes=\"auto, (max-width: 80px) 100vw, 80px\" \/><\/a> \u00a0<img loading=\"lazy\" decoding=\"async\" class=\"alignnone size-thumbnail wp-image-8995\" src=\"http:\/\/www.europa-prefabri.com\/wp-content\/uploads\/IMG_20150702_112030-Copy.jpg\" alt=\"Alquiler casetas sanitarias Madrid\" width=\"80\" height=\"80\" \/><\/p>\n","protected":false},"excerpt":{"rendered":"<p>Avec l\u2019arriv\u00e9e de l\u2019\u00e9t\u00e9, les festivals fleurissent. Il s\u2019agit cette fois du festival MADGARDEN qui se tient tout le mois de juillet dans le Real Jard\u00edn Bot\u00e1nico Alfonso XIII, dans la Cit\u00e9 Universitaire de Madrid, Espagne. Les organisateurs nous ont fait confiance pour la location de modules sanitaires, de loges et de toilettes portables, ainsi [&hellip;]<\/p>\n","protected":false},"author":4,"featured_media":8982,"comment_status":"closed","ping_status":"closed","sticky":false,"template":"","format":"gallery","meta":{"footnotes":""},"categories":[413,58],"tags":[471],"class_list":["post-9184","post","type-post","status-publish","format-gallery","has-post-thumbnail","hentry","category-noticias-fr","category-projets","tag-festivales-fr","post_format-post-format-gallery"],"yoast_head":"<!-- This site is optimized with the Yoast SEO plugin v27.5 - https:\/\/yoast.com\/product\/yoast-seo-wordpress\/ -->\n<title>EUROPA PREFABRI - Festival Madgarden dans la cit\u00e9 universitaire de Madrid<\/title>\n<meta name=\"description\" content=\"EUROPA PREFABRI continue \u00e0 \u00eatre une des entreprises leader dans la location de produits pour \u00e9v\u00e8nements sp\u00e9ciaux : modules pr\u00e9fabriqu\u00e9s, billetteries, guichets, modules sanitaires, toilettes publiques, loges, remorques de luxe et autres produits compl\u00e9mentaires.\" \/>\n<meta name=\"robots\" content=\"index, follow, max-snippet:-1, max-image-preview:large, max-video-preview:-1\" \/>\n<link rel=\"canonical\" href=\"https:\/\/www.europa-prefabri.com\/fr\/festival-madgarden-2\/\" \/>\n<meta property=\"og:locale\" content=\"fr_FR\" \/>\n<meta property=\"og:type\" content=\"article\" \/>\n<meta property=\"og:title\" content=\"EUROPA PREFABRI - Festival Madgarden dans la cit\u00e9 universitaire de Madrid\" \/>\n<meta property=\"og:description\" content=\"EUROPA PREFABRI continue \u00e0 \u00eatre une des entreprises leader dans la location de produits pour \u00e9v\u00e8nements sp\u00e9ciaux : modules pr\u00e9fabriqu\u00e9s, billetteries, guichets, modules sanitaires, toilettes publiques, loges, remorques de luxe et autres produits compl\u00e9mentaires.\" \/>\n<meta property=\"og:url\" content=\"https:\/\/www.europa-prefabri.com\/fr\/festival-madgarden-2\/\" \/>\n<meta property=\"og:site_name\" content=\"Europa Prefabri | Alquiler y venta de construcciones modulares\" \/>\n<meta property=\"article:publisher\" content=\"https:\/\/www.facebook.com\/Europa-Prefabri-258328977572213\/\" \/>\n<meta property=\"article:published_time\" content=\"2015-07-03T15:34:25+00:00\" \/>\n<meta property=\"article:modified_time\" content=\"2016-03-29T15:51:22+00:00\" \/>\n<meta property=\"og:image\" content=\"https:\/\/www.europa-prefabri.com\/wp-content\/uploads\/IMG_20150702_111159-Copy.jpg\" \/>\n\t<meta property=\"og:image:width\" content=\"800\" \/>\n\t<meta property=\"og:image:height\" content=\"593\" \/>\n\t<meta property=\"og:image:type\" content=\"image\/jpeg\" \/>\n<meta name=\"author\" content=\"admin\" \/>\n<meta name=\"twitter:card\" content=\"summary_large_image\" \/>\n<meta name=\"twitter:creator\" content=\"@EuropaPrefabri\" \/>\n<meta name=\"twitter:site\" content=\"@EuropaPrefabri\" \/>\n<meta name=\"twitter:label1\" content=\"Written by\" \/>\n\t<meta name=\"twitter:data1\" content=\"admin\" \/>\n\t<meta name=\"twitter:label2\" content=\"Est. reading time\" \/>\n\t<meta name=\"twitter:data2\" content=\"1 minute\" \/>\n<script type=\"application\/ld+json\" class=\"yoast-schema-graph\">{\"@context\":\"https:\\\/\\\/schema.org\",\"@graph\":[{\"@type\":\"Article\",\"@id\":\"https:\\\/\\\/www.europa-prefabri.com\\\/fr\\\/festival-madgarden-2\\\/#article\",\"isPartOf\":{\"@id\":\"https:\\\/\\\/www.europa-prefabri.com\\\/fr\\\/festival-madgarden-2\\\/\"},\"author\":{\"name\":\"admin\",\"@id\":\"https:\\\/\\\/www.europa-prefabri.com\\\/#\\\/schema\\\/person\\\/2ab6be5821a7026cd8f16d2a9411e86e\"},\"headline\":\"FESTIVAL MADGARDEN\",\"datePublished\":\"2015-07-03T15:34:25+00:00\",\"dateModified\":\"2016-03-29T15:51:22+00:00\",\"mainEntityOfPage\":{\"@id\":\"https:\\\/\\\/www.europa-prefabri.com\\\/fr\\\/festival-madgarden-2\\\/\"},\"wordCount\":129,\"publisher\":{\"@id\":\"https:\\\/\\\/www.europa-prefabri.com\\\/#organization\"},\"image\":{\"@id\":\"https:\\\/\\\/www.europa-prefabri.com\\\/fr\\\/festival-madgarden-2\\\/#primaryimage\"},\"thumbnailUrl\":\"https:\\\/\\\/www.europa-prefabri.com\\\/wp-content\\\/uploads\\\/IMG_20150702_111159-Copy.jpg\",\"keywords\":[\"FESTIVALES\"],\"articleSection\":[\"Noticias\",\"Projets\"],\"inLanguage\":\"fr-FR\"},{\"@type\":\"WebPage\",\"@id\":\"https:\\\/\\\/www.europa-prefabri.com\\\/fr\\\/festival-madgarden-2\\\/\",\"url\":\"https:\\\/\\\/www.europa-prefabri.com\\\/fr\\\/festival-madgarden-2\\\/\",\"name\":\"EUROPA PREFABRI - Festival Madgarden dans la cit\u00e9 universitaire de Madrid\",\"isPartOf\":{\"@id\":\"https:\\\/\\\/www.europa-prefabri.com\\\/#website\"},\"primaryImageOfPage\":{\"@id\":\"https:\\\/\\\/www.europa-prefabri.com\\\/fr\\\/festival-madgarden-2\\\/#primaryimage\"},\"image\":{\"@id\":\"https:\\\/\\\/www.europa-prefabri.com\\\/fr\\\/festival-madgarden-2\\\/#primaryimage\"},\"thumbnailUrl\":\"https:\\\/\\\/www.europa-prefabri.com\\\/wp-content\\\/uploads\\\/IMG_20150702_111159-Copy.jpg\",\"datePublished\":\"2015-07-03T15:34:25+00:00\",\"dateModified\":\"2016-03-29T15:51:22+00:00\",\"description\":\"EUROPA PREFABRI continue \u00e0 \u00eatre une des entreprises leader dans la location de produits pour \u00e9v\u00e8nements sp\u00e9ciaux : modules pr\u00e9fabriqu\u00e9s, billetteries, guichets, modules sanitaires, toilettes publiques, loges, remorques de luxe et autres produits compl\u00e9mentaires.\",\"breadcrumb\":{\"@id\":\"https:\\\/\\\/www.europa-prefabri.com\\\/fr\\\/festival-madgarden-2\\\/#breadcrumb\"},\"inLanguage\":\"fr-FR\",\"potentialAction\":[{\"@type\":\"ReadAction\",\"target\":[\"https:\\\/\\\/www.europa-prefabri.com\\\/fr\\\/festival-madgarden-2\\\/\"]}]},{\"@type\":\"ImageObject\",\"inLanguage\":\"fr-FR\",\"@id\":\"https:\\\/\\\/www.europa-prefabri.com\\\/fr\\\/festival-madgarden-2\\\/#primaryimage\",\"url\":\"https:\\\/\\\/www.europa-prefabri.com\\\/wp-content\\\/uploads\\\/IMG_20150702_111159-Copy.jpg\",\"contentUrl\":\"https:\\\/\\\/www.europa-prefabri.com\\\/wp-content\\\/uploads\\\/IMG_20150702_111159-Copy.jpg\",\"width\":800,\"height\":593},{\"@type\":\"BreadcrumbList\",\"@id\":\"https:\\\/\\\/www.europa-prefabri.com\\\/fr\\\/festival-madgarden-2\\\/#breadcrumb\",\"itemListElement\":[{\"@type\":\"ListItem\",\"position\":1,\"name\":\"Portada\",\"item\":\"https:\\\/\\\/www.europa-prefabri.com\\\/fr\\\/\"},{\"@type\":\"ListItem\",\"position\":2,\"name\":\"FESTIVAL MADGARDEN\"}]},{\"@type\":\"WebSite\",\"@id\":\"https:\\\/\\\/www.europa-prefabri.com\\\/#website\",\"url\":\"https:\\\/\\\/www.europa-prefabri.com\\\/\",\"name\":\"Europa Prefabri | Alquiler y venta de construcciones modulares\",\"description\":\"Alquiler y venta de construcciones modulares, casetas de obra, marquesinas de aparcamiento y vallas y cerramientos.\",\"publisher\":{\"@id\":\"https:\\\/\\\/www.europa-prefabri.com\\\/#organization\"},\"potentialAction\":[{\"@type\":\"SearchAction\",\"target\":{\"@type\":\"EntryPoint\",\"urlTemplate\":\"https:\\\/\\\/www.europa-prefabri.com\\\/?s={search_term_string}\"},\"query-input\":{\"@type\":\"PropertyValueSpecification\",\"valueRequired\":true,\"valueName\":\"search_term_string\"}}],\"inLanguage\":\"fr-FR\"},{\"@type\":\"Organization\",\"@id\":\"https:\\\/\\\/www.europa-prefabri.com\\\/#organization\",\"name\":\"Prefabri S.L.\",\"url\":\"https:\\\/\\\/www.europa-prefabri.com\\\/\",\"logo\":{\"@type\":\"ImageObject\",\"inLanguage\":\"fr-FR\",\"@id\":\"https:\\\/\\\/www.europa-prefabri.com\\\/#\\\/schema\\\/logo\\\/image\\\/\",\"url\":\"https:\\\/\\\/www.europa-prefabri.com\\\/wp-content\\\/uploads\\\/EuropaPrefabri-Logo.jpg\",\"contentUrl\":\"https:\\\/\\\/www.europa-prefabri.com\\\/wp-content\\\/uploads\\\/EuropaPrefabri-Logo.jpg\",\"width\":752,\"height\":348,\"caption\":\"Prefabri S.L.\"},\"image\":{\"@id\":\"https:\\\/\\\/www.europa-prefabri.com\\\/#\\\/schema\\\/logo\\\/image\\\/\"},\"sameAs\":[\"https:\\\/\\\/www.facebook.com\\\/Europa-Prefabri-258328977572213\\\/\",\"https:\\\/\\\/x.com\\\/EuropaPrefabri\",\"https:\\\/\\\/www.instagram.com\\\/europaprefabri\\\/\",\"https:\\\/\\\/es.linkedin.com\\\/company\\\/europa-prefabri\",\"https:\\\/\\\/es.pinterest.com\\\/europaprefabri\\\/\",\"https:\\\/\\\/www.youtube.com\\\/user\\\/PrefabriSL\"]},{\"@type\":\"Person\",\"@id\":\"https:\\\/\\\/www.europa-prefabri.com\\\/#\\\/schema\\\/person\\\/2ab6be5821a7026cd8f16d2a9411e86e\",\"name\":\"admin\",\"image\":{\"@type\":\"ImageObject\",\"inLanguage\":\"fr-FR\",\"@id\":\"https:\\\/\\\/secure.gravatar.com\\\/avatar\\\/dc55d3f4b941a1510eef2620b2c166513788bd88ef72341333b6d0a859bacd3c?s=96&d=mm&r=g\",\"url\":\"https:\\\/\\\/secure.gravatar.com\\\/avatar\\\/dc55d3f4b941a1510eef2620b2c166513788bd88ef72341333b6d0a859bacd3c?s=96&d=mm&r=g\",\"contentUrl\":\"https:\\\/\\\/secure.gravatar.com\\\/avatar\\\/dc55d3f4b941a1510eef2620b2c166513788bd88ef72341333b6d0a859bacd3c?s=96&d=mm&r=g\",\"caption\":\"admin\"},\"sameAs\":[\"https:\\\/\\\/www.europa-prefabri.com\",\"https:\\\/\\\/x.com\\\/@EuropaPrefabri\"]}]}<\/script>\n<!-- \/ Yoast SEO plugin. -->","yoast_head_json":{"title":"EUROPA PREFABRI - Festival Madgarden dans la cit\u00e9 universitaire de Madrid","description":"EUROPA PREFABRI continue \u00e0 \u00eatre une des entreprises leader dans la location de produits pour \u00e9v\u00e8nements sp\u00e9ciaux : modules pr\u00e9fabriqu\u00e9s, billetteries, guichets, modules sanitaires, toilettes publiques, loges, remorques de luxe et autres produits compl\u00e9mentaires.","robots":{"index":"index","follow":"follow","max-snippet":"max-snippet:-1","max-image-preview":"max-image-preview:large","max-video-preview":"max-video-preview:-1"},"canonical":"https:\/\/www.europa-prefabri.com\/fr\/festival-madgarden-2\/","og_locale":"fr_FR","og_type":"article","og_title":"EUROPA PREFABRI - Festival Madgarden dans la cit\u00e9 universitaire de Madrid","og_description":"EUROPA PREFABRI continue \u00e0 \u00eatre une des entreprises leader dans la location de produits pour \u00e9v\u00e8nements sp\u00e9ciaux : modules pr\u00e9fabriqu\u00e9s, billetteries, guichets, modules sanitaires, toilettes publiques, loges, remorques de luxe et autres produits compl\u00e9mentaires.","og_url":"https:\/\/www.europa-prefabri.com\/fr\/festival-madgarden-2\/","og_site_name":"Europa Prefabri | Alquiler y venta de construcciones modulares","article_publisher":"https:\/\/www.facebook.com\/Europa-Prefabri-258328977572213\/","article_published_time":"2015-07-03T15:34:25+00:00","article_modified_time":"2016-03-29T15:51:22+00:00","og_image":[{"width":800,"height":593,"url":"https:\/\/www.europa-prefabri.com\/wp-content\/uploads\/IMG_20150702_111159-Copy.jpg","type":"image\/jpeg"}],"author":"admin","twitter_card":"summary_large_image","twitter_creator":"@EuropaPrefabri","twitter_site":"@EuropaPrefabri","twitter_misc":{"Written by":"admin","Est. reading time":"1 minute"},"schema":{"@context":"https:\/\/schema.org","@graph":[{"@type":"Article","@id":"https:\/\/www.europa-prefabri.com\/fr\/festival-madgarden-2\/#article","isPartOf":{"@id":"https:\/\/www.europa-prefabri.com\/fr\/festival-madgarden-2\/"},"author":{"name":"admin","@id":"https:\/\/www.europa-prefabri.com\/#\/schema\/person\/2ab6be5821a7026cd8f16d2a9411e86e"},"headline":"FESTIVAL MADGARDEN","datePublished":"2015-07-03T15:34:25+00:00","dateModified":"2016-03-29T15:51:22+00:00","mainEntityOfPage":{"@id":"https:\/\/www.europa-prefabri.com\/fr\/festival-madgarden-2\/"},"wordCount":129,"publisher":{"@id":"https:\/\/www.europa-prefabri.com\/#organization"},"image":{"@id":"https:\/\/www.europa-prefabri.com\/fr\/festival-madgarden-2\/#primaryimage"},"thumbnailUrl":"https:\/\/www.europa-prefabri.com\/wp-content\/uploads\/IMG_20150702_111159-Copy.jpg","keywords":["FESTIVALES"],"articleSection":["Noticias","Projets"],"inLanguage":"fr-FR"},{"@type":"WebPage","@id":"https:\/\/www.europa-prefabri.com\/fr\/festival-madgarden-2\/","url":"https:\/\/www.europa-prefabri.com\/fr\/festival-madgarden-2\/","name":"EUROPA PREFABRI - Festival Madgarden dans la cit\u00e9 universitaire de Madrid","isPartOf":{"@id":"https:\/\/www.europa-prefabri.com\/#website"},"primaryImageOfPage":{"@id":"https:\/\/www.europa-prefabri.com\/fr\/festival-madgarden-2\/#primaryimage"},"image":{"@id":"https:\/\/www.europa-prefabri.com\/fr\/festival-madgarden-2\/#primaryimage"},"thumbnailUrl":"https:\/\/www.europa-prefabri.com\/wp-content\/uploads\/IMG_20150702_111159-Copy.jpg","datePublished":"2015-07-03T15:34:25+00:00","dateModified":"2016-03-29T15:51:22+00:00","description":"EUROPA PREFABRI continue \u00e0 \u00eatre une des entreprises leader dans la location de produits pour \u00e9v\u00e8nements sp\u00e9ciaux : modules pr\u00e9fabriqu\u00e9s, billetteries, guichets, modules sanitaires, toilettes publiques, loges, remorques de luxe et autres produits compl\u00e9mentaires.","breadcrumb":{"@id":"https:\/\/www.europa-prefabri.com\/fr\/festival-madgarden-2\/#breadcrumb"},"inLanguage":"fr-FR","potentialAction":[{"@type":"ReadAction","target":["https:\/\/www.europa-prefabri.com\/fr\/festival-madgarden-2\/"]}]},{"@type":"ImageObject","inLanguage":"fr-FR","@id":"https:\/\/www.europa-prefabri.com\/fr\/festival-madgarden-2\/#primaryimage","url":"https:\/\/www.europa-prefabri.com\/wp-content\/uploads\/IMG_20150702_111159-Copy.jpg","contentUrl":"https:\/\/www.europa-prefabri.com\/wp-content\/uploads\/IMG_20150702_111159-Copy.jpg","width":800,"height":593},{"@type":"BreadcrumbList","@id":"https:\/\/www.europa-prefabri.com\/fr\/festival-madgarden-2\/#breadcrumb","itemListElement":[{"@type":"ListItem","position":1,"name":"Portada","item":"https:\/\/www.europa-prefabri.com\/fr\/"},{"@type":"ListItem","position":2,"name":"FESTIVAL MADGARDEN"}]},{"@type":"WebSite","@id":"https:\/\/www.europa-prefabri.com\/#website","url":"https:\/\/www.europa-prefabri.com\/","name":"Europa Prefabri | Alquiler y venta de construcciones modulares","description":"Alquiler y venta de construcciones modulares, casetas de obra, marquesinas de aparcamiento y vallas y cerramientos.","publisher":{"@id":"https:\/\/www.europa-prefabri.com\/#organization"},"potentialAction":[{"@type":"SearchAction","target":{"@type":"EntryPoint","urlTemplate":"https:\/\/www.europa-prefabri.com\/?s={search_term_string}"},"query-input":{"@type":"PropertyValueSpecification","valueRequired":true,"valueName":"search_term_string"}}],"inLanguage":"fr-FR"},{"@type":"Organization","@id":"https:\/\/www.europa-prefabri.com\/#organization","name":"Prefabri S.L.","url":"https:\/\/www.europa-prefabri.com\/","logo":{"@type":"ImageObject","inLanguage":"fr-FR","@id":"https:\/\/www.europa-prefabri.com\/#\/schema\/logo\/image\/","url":"https:\/\/www.europa-prefabri.com\/wp-content\/uploads\/EuropaPrefabri-Logo.jpg","contentUrl":"https:\/\/www.europa-prefabri.com\/wp-content\/uploads\/EuropaPrefabri-Logo.jpg","width":752,"height":348,"caption":"Prefabri S.L."},"image":{"@id":"https:\/\/www.europa-prefabri.com\/#\/schema\/logo\/image\/"},"sameAs":["https:\/\/www.facebook.com\/Europa-Prefabri-258328977572213\/","https:\/\/x.com\/EuropaPrefabri","https:\/\/www.instagram.com\/europaprefabri\/","https:\/\/es.linkedin.com\/company\/europa-prefabri","https:\/\/es.pinterest.com\/europaprefabri\/","https:\/\/www.youtube.com\/user\/PrefabriSL"]},{"@type":"Person","@id":"https:\/\/www.europa-prefabri.com\/#\/schema\/person\/2ab6be5821a7026cd8f16d2a9411e86e","name":"admin","image":{"@type":"ImageObject","inLanguage":"fr-FR","@id":"https:\/\/secure.gravatar.com\/avatar\/dc55d3f4b941a1510eef2620b2c166513788bd88ef72341333b6d0a859bacd3c?s=96&d=mm&r=g","url":"https:\/\/secure.gravatar.com\/avatar\/dc55d3f4b941a1510eef2620b2c166513788bd88ef72341333b6d0a859bacd3c?s=96&d=mm&r=g","contentUrl":"https:\/\/secure.gravatar.com\/avatar\/dc55d3f4b941a1510eef2620b2c166513788bd88ef72341333b6d0a859bacd3c?s=96&d=mm&r=g","caption":"admin"},"sameAs":["https:\/\/www.europa-prefabri.com","https:\/\/x.com\/@EuropaPrefabri"]}]}},"_links":{"self":[{"href":"https:\/\/www.europa-prefabri.com\/fr\/wp-json\/wp\/v2\/posts\/9184","targetHints":{"allow":["GET"]}}],"collection":[{"href":"https:\/\/www.europa-prefabri.com\/fr\/wp-json\/wp\/v2\/posts"}],"about":[{"href":"https:\/\/www.europa-prefabri.com\/fr\/wp-json\/wp\/v2\/types\/post"}],"author":[{"embeddable":true,"href":"https:\/\/www.europa-prefabri.com\/fr\/wp-json\/wp\/v2\/users\/4"}],"replies":[{"embeddable":true,"href":"https:\/\/www.europa-prefabri.com\/fr\/wp-json\/wp\/v2\/comments?post=9184"}],"version-history":[{"count":0,"href":"https:\/\/www.europa-prefabri.com\/fr\/wp-json\/wp\/v2\/posts\/9184\/revisions"}],"wp:featuredmedia":[{"embeddable":true,"href":"https:\/\/www.europa-prefabri.com\/fr\/wp-json\/wp\/v2\/media\/8982"}],"wp:attachment":[{"href":"https:\/\/www.europa-prefabri.com\/fr\/wp-json\/wp\/v2\/media?parent=9184"}],"wp:term":[{"taxonomy":"category","embeddable":true,"href":"https:\/\/www.europa-prefabri.com\/fr\/wp-json\/wp\/v2\/categories?post=9184"},{"taxonomy":"post_tag","embeddable":true,"href":"https:\/\/www.europa-prefabri.com\/fr\/wp-json\/wp\/v2\/tags?post=9184"}],"curies":[{"name":"wp","href":"https:\/\/api.w.org\/{rel}","templated":true}]}}