{"id":8765,"date":"2014-12-19T16:00:16","date_gmt":"2014-12-19T16:00:16","guid":{"rendered":"http:\/\/www.europa-prefabri.com\/?p=8765"},"modified":"2025-01-31T10:19:44","modified_gmt":"2025-01-31T09:19:44","slug":"feria-malaga-2","status":"publish","type":"post","link":"https:\/\/www.europa-prefabri.com\/fr\/feria-malaga-2\/","title":{"rendered":"F\u00c9RIA DE M\u00c1LAGA"},"content":{"rendered":"<section  class='av_textblock_section av-m6kjz2td-b9de537589e86ac915250bf2dcb09987 '   itemscope=\"itemscope\" itemtype=\"https:\/\/schema.org\/BlogPosting\" itemprop=\"blogPost\" ><div class='avia_textblock'  itemprop=\"text\" ><p>La Mairie de M\u00e1laga (Espagne) a choisi l\u2019entreprise EUROPA PREFABRI pour l\u2019installation de tous les stands de la f\u00e9ria de M\u00e1laga qui a lieu en ao\u00fbt, et ce durant les quatre prochaines ann\u00e9es.<\/p>\n<p>Cette ann\u00e9e, nous avons d\u00e9j\u00e0 fourni 64 modules pour diff\u00e9rents usages (urgences, service m\u00e9dical, protection civile, \u00ab\u00a0Guardia Civil\u00a0\u00bb, police, mairie, production, vigilance, s\u00e9curit\u00e9 etc). Tous ces modules sont bien s\u00fbr climatis\u00e9s, \u00e9tant donn\u00e9 les hautes temp\u00e9ratures de M\u00e1laga durant le mois d\u2019ao\u00fbt.<\/p>\n<p>La F\u00e9ria a \u00e9t\u00e9 un succ\u00e8s, et vous \u00eates tous invit\u00e9s \u00e0 la prochaine f\u00e9ria, lors de laquelle nous aurons notre propre stand, afin d\u2019inviter tous nos clients \u00e0 go\u00fbter aux d\u00e9lices de la gastronomie andalouse.<\/p>\n<p>Nous sommes heureux d&#8217;avoir pu d\u00e9montrer une fois de plus notre capacit\u00e9 logistique dans le domaine de la construction modulaire !<\/p>\n<p><a href=\"https:\/\/www.europa-prefabri.com\/wp-content\/uploads\/aa_800x600.jpg\"><img loading=\"lazy\" decoding=\"async\" class=\"alignnone size-full wp-image-4150\" src=\"https:\/\/www.europa-prefabri.com\/wp-content\/uploads\/aa_800x600.jpg\" alt=\"Europa Prefabri - Alquiler de construcciones modulares en M\u00e1laga\" width=\"800\" height=\"600\" \/><\/a><\/p>\n<\/div><\/section>\n","protected":false},"excerpt":{"rendered":"","protected":false},"author":4,"featured_media":7912,"comment_status":"closed","ping_status":"closed","sticky":false,"template":"","format":"standard","meta":{"footnotes":""},"categories":[413,58],"tags":[157,265,264,123,253],"class_list":["post-8765","post","type-post","status-publish","format-standard","has-post-thumbnail","hentry","category-noticias-fr","category-projets","tag-construction-modulaire-2","tag-espagne","tag-feria","tag-modules-pour-evenements","tag-stands"],"yoast_head":"<!-- This site is optimized with the Yoast SEO plugin v27.5 - https:\/\/yoast.com\/product\/yoast-seo-wordpress\/ -->\n<title>Europa Prefabri engag\u00e9 pour la F\u00e9ria de M\u00e1laga<\/title>\n<meta name=\"description\" content=\"Europa Prefabri a fourni 64 stands pour la f\u00e9ria de M\u00e1laga, au choix de la Mairie de M\u00e1laga. Nous continuerons \u00e0 fournir la f\u00e9ria pendant les quatre prochaines ann\u00e9es.\" \/>\n<meta name=\"robots\" content=\"index, follow, max-snippet:-1, max-image-preview:large, max-video-preview:-1\" \/>\n<link rel=\"canonical\" href=\"https:\/\/www.europa-prefabri.com\/fr\/feria-malaga-2\/\" \/>\n<meta property=\"og:locale\" content=\"fr_FR\" \/>\n<meta property=\"og:type\" content=\"article\" \/>\n<meta property=\"og:title\" content=\"Europa Prefabri engag\u00e9 pour la F\u00e9ria de M\u00e1laga\" \/>\n<meta property=\"og:description\" content=\"Europa Prefabri a fourni 64 stands pour la f\u00e9ria de M\u00e1laga, au choix de la Mairie de M\u00e1laga. Nous continuerons \u00e0 fournir la f\u00e9ria pendant les quatre prochaines ann\u00e9es.\" \/>\n<meta property=\"og:url\" content=\"https:\/\/www.europa-prefabri.com\/fr\/feria-malaga-2\/\" \/>\n<meta property=\"og:site_name\" content=\"Europa Prefabri | Alquiler y venta de construcciones modulares\" \/>\n<meta property=\"article:publisher\" content=\"https:\/\/www.facebook.com\/Europa-Prefabri-258328977572213\/\" \/>\n<meta property=\"article:published_time\" content=\"2014-12-19T16:00:16+00:00\" \/>\n<meta property=\"article:modified_time\" content=\"2025-01-31T09:19:44+00:00\" \/>\n<meta property=\"og:image\" content=\"https:\/\/www.europa-prefabri.com\/wp-content\/uploads\/feria.jpg\" \/>\n\t<meta property=\"og:image:width\" content=\"560\" \/>\n\t<meta property=\"og:image:height\" content=\"800\" \/>\n\t<meta property=\"og:image:type\" content=\"image\/jpeg\" \/>\n<meta name=\"author\" content=\"admin\" \/>\n<meta name=\"twitter:card\" content=\"summary_large_image\" \/>\n<meta name=\"twitter:creator\" content=\"@EuropaPrefabri\" \/>\n<meta name=\"twitter:site\" content=\"@EuropaPrefabri\" \/>\n<meta name=\"twitter:label1\" content=\"Written by\" \/>\n\t<meta name=\"twitter:data1\" content=\"admin\" \/>\n\t<meta name=\"twitter:label2\" content=\"Est. reading time\" \/>\n\t<meta name=\"twitter:data2\" content=\"2 minutes\" \/>\n<script type=\"application\/ld+json\" class=\"yoast-schema-graph\">{\"@context\":\"https:\\\/\\\/schema.org\",\"@graph\":[{\"@type\":\"Article\",\"@id\":\"https:\\\/\\\/www.europa-prefabri.com\\\/fr\\\/feria-malaga-2\\\/#article\",\"isPartOf\":{\"@id\":\"https:\\\/\\\/www.europa-prefabri.com\\\/fr\\\/feria-malaga-2\\\/\"},\"author\":{\"name\":\"admin\",\"@id\":\"https:\\\/\\\/www.europa-prefabri.com\\\/#\\\/schema\\\/person\\\/2ab6be5821a7026cd8f16d2a9411e86e\"},\"headline\":\"F\u00c9RIA DE M\u00c1LAGA\",\"datePublished\":\"2014-12-19T16:00:16+00:00\",\"dateModified\":\"2025-01-31T09:19:44+00:00\",\"mainEntityOfPage\":{\"@id\":\"https:\\\/\\\/www.europa-prefabri.com\\\/fr\\\/feria-malaga-2\\\/\"},\"wordCount\":276,\"publisher\":{\"@id\":\"https:\\\/\\\/www.europa-prefabri.com\\\/#organization\"},\"image\":{\"@id\":\"https:\\\/\\\/www.europa-prefabri.com\\\/fr\\\/feria-malaga-2\\\/#primaryimage\"},\"thumbnailUrl\":\"https:\\\/\\\/www.europa-prefabri.com\\\/wp-content\\\/uploads\\\/feria.jpg\",\"keywords\":[\"construction modulaire\",\"espagne\",\"f\u00e9ria\",\"MODULES POUR \u00c9VENEMENTS\",\"Stands\"],\"articleSection\":[\"Noticias\",\"Projets\"],\"inLanguage\":\"fr-FR\"},{\"@type\":\"WebPage\",\"@id\":\"https:\\\/\\\/www.europa-prefabri.com\\\/fr\\\/feria-malaga-2\\\/\",\"url\":\"https:\\\/\\\/www.europa-prefabri.com\\\/fr\\\/feria-malaga-2\\\/\",\"name\":\"Europa Prefabri engag\u00e9 pour la F\u00e9ria de M\u00e1laga\",\"isPartOf\":{\"@id\":\"https:\\\/\\\/www.europa-prefabri.com\\\/#website\"},\"primaryImageOfPage\":{\"@id\":\"https:\\\/\\\/www.europa-prefabri.com\\\/fr\\\/feria-malaga-2\\\/#primaryimage\"},\"image\":{\"@id\":\"https:\\\/\\\/www.europa-prefabri.com\\\/fr\\\/feria-malaga-2\\\/#primaryimage\"},\"thumbnailUrl\":\"https:\\\/\\\/www.europa-prefabri.com\\\/wp-content\\\/uploads\\\/feria.jpg\",\"datePublished\":\"2014-12-19T16:00:16+00:00\",\"dateModified\":\"2025-01-31T09:19:44+00:00\",\"description\":\"Europa Prefabri a fourni 64 stands pour la f\u00e9ria de M\u00e1laga, au choix de la Mairie de M\u00e1laga. Nous continuerons \u00e0 fournir la f\u00e9ria pendant les quatre prochaines ann\u00e9es.\",\"breadcrumb\":{\"@id\":\"https:\\\/\\\/www.europa-prefabri.com\\\/fr\\\/feria-malaga-2\\\/#breadcrumb\"},\"inLanguage\":\"fr-FR\",\"potentialAction\":[{\"@type\":\"ReadAction\",\"target\":[\"https:\\\/\\\/www.europa-prefabri.com\\\/fr\\\/feria-malaga-2\\\/\"]}]},{\"@type\":\"ImageObject\",\"inLanguage\":\"fr-FR\",\"@id\":\"https:\\\/\\\/www.europa-prefabri.com\\\/fr\\\/feria-malaga-2\\\/#primaryimage\",\"url\":\"https:\\\/\\\/www.europa-prefabri.com\\\/wp-content\\\/uploads\\\/feria.jpg\",\"contentUrl\":\"https:\\\/\\\/www.europa-prefabri.com\\\/wp-content\\\/uploads\\\/feria.jpg\",\"width\":560,\"height\":800},{\"@type\":\"BreadcrumbList\",\"@id\":\"https:\\\/\\\/www.europa-prefabri.com\\\/fr\\\/feria-malaga-2\\\/#breadcrumb\",\"itemListElement\":[{\"@type\":\"ListItem\",\"position\":1,\"name\":\"Portada\",\"item\":\"https:\\\/\\\/www.europa-prefabri.com\\\/fr\\\/\"},{\"@type\":\"ListItem\",\"position\":2,\"name\":\"F\u00c9RIA DE M\u00c1LAGA\"}]},{\"@type\":\"WebSite\",\"@id\":\"https:\\\/\\\/www.europa-prefabri.com\\\/#website\",\"url\":\"https:\\\/\\\/www.europa-prefabri.com\\\/\",\"name\":\"Europa Prefabri | Alquiler y venta de construcciones modulares\",\"description\":\"Alquiler y venta de construcciones modulares, casetas de obra, marquesinas de aparcamiento y vallas y cerramientos.\",\"publisher\":{\"@id\":\"https:\\\/\\\/www.europa-prefabri.com\\\/#organization\"},\"potentialAction\":[{\"@type\":\"SearchAction\",\"target\":{\"@type\":\"EntryPoint\",\"urlTemplate\":\"https:\\\/\\\/www.europa-prefabri.com\\\/?s={search_term_string}\"},\"query-input\":{\"@type\":\"PropertyValueSpecification\",\"valueRequired\":true,\"valueName\":\"search_term_string\"}}],\"inLanguage\":\"fr-FR\"},{\"@type\":\"Organization\",\"@id\":\"https:\\\/\\\/www.europa-prefabri.com\\\/#organization\",\"name\":\"Prefabri S.L.\",\"url\":\"https:\\\/\\\/www.europa-prefabri.com\\\/\",\"logo\":{\"@type\":\"ImageObject\",\"inLanguage\":\"fr-FR\",\"@id\":\"https:\\\/\\\/www.europa-prefabri.com\\\/#\\\/schema\\\/logo\\\/image\\\/\",\"url\":\"https:\\\/\\\/www.europa-prefabri.com\\\/wp-content\\\/uploads\\\/EuropaPrefabri-Logo.jpg\",\"contentUrl\":\"https:\\\/\\\/www.europa-prefabri.com\\\/wp-content\\\/uploads\\\/EuropaPrefabri-Logo.jpg\",\"width\":752,\"height\":348,\"caption\":\"Prefabri S.L.\"},\"image\":{\"@id\":\"https:\\\/\\\/www.europa-prefabri.com\\\/#\\\/schema\\\/logo\\\/image\\\/\"},\"sameAs\":[\"https:\\\/\\\/www.facebook.com\\\/Europa-Prefabri-258328977572213\\\/\",\"https:\\\/\\\/x.com\\\/EuropaPrefabri\",\"https:\\\/\\\/www.instagram.com\\\/europaprefabri\\\/\",\"https:\\\/\\\/es.linkedin.com\\\/company\\\/europa-prefabri\",\"https:\\\/\\\/es.pinterest.com\\\/europaprefabri\\\/\",\"https:\\\/\\\/www.youtube.com\\\/user\\\/PrefabriSL\"]},{\"@type\":\"Person\",\"@id\":\"https:\\\/\\\/www.europa-prefabri.com\\\/#\\\/schema\\\/person\\\/2ab6be5821a7026cd8f16d2a9411e86e\",\"name\":\"admin\",\"image\":{\"@type\":\"ImageObject\",\"inLanguage\":\"fr-FR\",\"@id\":\"https:\\\/\\\/secure.gravatar.com\\\/avatar\\\/dc55d3f4b941a1510eef2620b2c166513788bd88ef72341333b6d0a859bacd3c?s=96&d=mm&r=g\",\"url\":\"https:\\\/\\\/secure.gravatar.com\\\/avatar\\\/dc55d3f4b941a1510eef2620b2c166513788bd88ef72341333b6d0a859bacd3c?s=96&d=mm&r=g\",\"contentUrl\":\"https:\\\/\\\/secure.gravatar.com\\\/avatar\\\/dc55d3f4b941a1510eef2620b2c166513788bd88ef72341333b6d0a859bacd3c?s=96&d=mm&r=g\",\"caption\":\"admin\"},\"sameAs\":[\"https:\\\/\\\/www.europa-prefabri.com\",\"https:\\\/\\\/x.com\\\/@EuropaPrefabri\"]}]}<\/script>\n<!-- \/ Yoast SEO plugin. -->","yoast_head_json":{"title":"Europa Prefabri engag\u00e9 pour la F\u00e9ria de M\u00e1laga","description":"Europa Prefabri a fourni 64 stands pour la f\u00e9ria de M\u00e1laga, au choix de la Mairie de M\u00e1laga. Nous continuerons \u00e0 fournir la f\u00e9ria pendant les quatre prochaines ann\u00e9es.","robots":{"index":"index","follow":"follow","max-snippet":"max-snippet:-1","max-image-preview":"max-image-preview:large","max-video-preview":"max-video-preview:-1"},"canonical":"https:\/\/www.europa-prefabri.com\/fr\/feria-malaga-2\/","og_locale":"fr_FR","og_type":"article","og_title":"Europa Prefabri engag\u00e9 pour la F\u00e9ria de M\u00e1laga","og_description":"Europa Prefabri a fourni 64 stands pour la f\u00e9ria de M\u00e1laga, au choix de la Mairie de M\u00e1laga. Nous continuerons \u00e0 fournir la f\u00e9ria pendant les quatre prochaines ann\u00e9es.","og_url":"https:\/\/www.europa-prefabri.com\/fr\/feria-malaga-2\/","og_site_name":"Europa Prefabri | Alquiler y venta de construcciones modulares","article_publisher":"https:\/\/www.facebook.com\/Europa-Prefabri-258328977572213\/","article_published_time":"2014-12-19T16:00:16+00:00","article_modified_time":"2025-01-31T09:19:44+00:00","og_image":[{"width":560,"height":800,"url":"https:\/\/www.europa-prefabri.com\/wp-content\/uploads\/feria.jpg","type":"image\/jpeg"}],"author":"admin","twitter_card":"summary_large_image","twitter_creator":"@EuropaPrefabri","twitter_site":"@EuropaPrefabri","twitter_misc":{"Written by":"admin","Est. reading time":"2 minutes"},"schema":{"@context":"https:\/\/schema.org","@graph":[{"@type":"Article","@id":"https:\/\/www.europa-prefabri.com\/fr\/feria-malaga-2\/#article","isPartOf":{"@id":"https:\/\/www.europa-prefabri.com\/fr\/feria-malaga-2\/"},"author":{"name":"admin","@id":"https:\/\/www.europa-prefabri.com\/#\/schema\/person\/2ab6be5821a7026cd8f16d2a9411e86e"},"headline":"F\u00c9RIA DE M\u00c1LAGA","datePublished":"2014-12-19T16:00:16+00:00","dateModified":"2025-01-31T09:19:44+00:00","mainEntityOfPage":{"@id":"https:\/\/www.europa-prefabri.com\/fr\/feria-malaga-2\/"},"wordCount":276,"publisher":{"@id":"https:\/\/www.europa-prefabri.com\/#organization"},"image":{"@id":"https:\/\/www.europa-prefabri.com\/fr\/feria-malaga-2\/#primaryimage"},"thumbnailUrl":"https:\/\/www.europa-prefabri.com\/wp-content\/uploads\/feria.jpg","keywords":["construction modulaire","espagne","f\u00e9ria","MODULES POUR \u00c9VENEMENTS","Stands"],"articleSection":["Noticias","Projets"],"inLanguage":"fr-FR"},{"@type":"WebPage","@id":"https:\/\/www.europa-prefabri.com\/fr\/feria-malaga-2\/","url":"https:\/\/www.europa-prefabri.com\/fr\/feria-malaga-2\/","name":"Europa Prefabri engag\u00e9 pour la F\u00e9ria de M\u00e1laga","isPartOf":{"@id":"https:\/\/www.europa-prefabri.com\/#website"},"primaryImageOfPage":{"@id":"https:\/\/www.europa-prefabri.com\/fr\/feria-malaga-2\/#primaryimage"},"image":{"@id":"https:\/\/www.europa-prefabri.com\/fr\/feria-malaga-2\/#primaryimage"},"thumbnailUrl":"https:\/\/www.europa-prefabri.com\/wp-content\/uploads\/feria.jpg","datePublished":"2014-12-19T16:00:16+00:00","dateModified":"2025-01-31T09:19:44+00:00","description":"Europa Prefabri a fourni 64 stands pour la f\u00e9ria de M\u00e1laga, au choix de la Mairie de M\u00e1laga. Nous continuerons \u00e0 fournir la f\u00e9ria pendant les quatre prochaines ann\u00e9es.","breadcrumb":{"@id":"https:\/\/www.europa-prefabri.com\/fr\/feria-malaga-2\/#breadcrumb"},"inLanguage":"fr-FR","potentialAction":[{"@type":"ReadAction","target":["https:\/\/www.europa-prefabri.com\/fr\/feria-malaga-2\/"]}]},{"@type":"ImageObject","inLanguage":"fr-FR","@id":"https:\/\/www.europa-prefabri.com\/fr\/feria-malaga-2\/#primaryimage","url":"https:\/\/www.europa-prefabri.com\/wp-content\/uploads\/feria.jpg","contentUrl":"https:\/\/www.europa-prefabri.com\/wp-content\/uploads\/feria.jpg","width":560,"height":800},{"@type":"BreadcrumbList","@id":"https:\/\/www.europa-prefabri.com\/fr\/feria-malaga-2\/#breadcrumb","itemListElement":[{"@type":"ListItem","position":1,"name":"Portada","item":"https:\/\/www.europa-prefabri.com\/fr\/"},{"@type":"ListItem","position":2,"name":"F\u00c9RIA DE M\u00c1LAGA"}]},{"@type":"WebSite","@id":"https:\/\/www.europa-prefabri.com\/#website","url":"https:\/\/www.europa-prefabri.com\/","name":"Europa Prefabri | Alquiler y venta de construcciones modulares","description":"Alquiler y venta de construcciones modulares, casetas de obra, marquesinas de aparcamiento y vallas y cerramientos.","publisher":{"@id":"https:\/\/www.europa-prefabri.com\/#organization"},"potentialAction":[{"@type":"SearchAction","target":{"@type":"EntryPoint","urlTemplate":"https:\/\/www.europa-prefabri.com\/?s={search_term_string}"},"query-input":{"@type":"PropertyValueSpecification","valueRequired":true,"valueName":"search_term_string"}}],"inLanguage":"fr-FR"},{"@type":"Organization","@id":"https:\/\/www.europa-prefabri.com\/#organization","name":"Prefabri S.L.","url":"https:\/\/www.europa-prefabri.com\/","logo":{"@type":"ImageObject","inLanguage":"fr-FR","@id":"https:\/\/www.europa-prefabri.com\/#\/schema\/logo\/image\/","url":"https:\/\/www.europa-prefabri.com\/wp-content\/uploads\/EuropaPrefabri-Logo.jpg","contentUrl":"https:\/\/www.europa-prefabri.com\/wp-content\/uploads\/EuropaPrefabri-Logo.jpg","width":752,"height":348,"caption":"Prefabri S.L."},"image":{"@id":"https:\/\/www.europa-prefabri.com\/#\/schema\/logo\/image\/"},"sameAs":["https:\/\/www.facebook.com\/Europa-Prefabri-258328977572213\/","https:\/\/x.com\/EuropaPrefabri","https:\/\/www.instagram.com\/europaprefabri\/","https:\/\/es.linkedin.com\/company\/europa-prefabri","https:\/\/es.pinterest.com\/europaprefabri\/","https:\/\/www.youtube.com\/user\/PrefabriSL"]},{"@type":"Person","@id":"https:\/\/www.europa-prefabri.com\/#\/schema\/person\/2ab6be5821a7026cd8f16d2a9411e86e","name":"admin","image":{"@type":"ImageObject","inLanguage":"fr-FR","@id":"https:\/\/secure.gravatar.com\/avatar\/dc55d3f4b941a1510eef2620b2c166513788bd88ef72341333b6d0a859bacd3c?s=96&d=mm&r=g","url":"https:\/\/secure.gravatar.com\/avatar\/dc55d3f4b941a1510eef2620b2c166513788bd88ef72341333b6d0a859bacd3c?s=96&d=mm&r=g","contentUrl":"https:\/\/secure.gravatar.com\/avatar\/dc55d3f4b941a1510eef2620b2c166513788bd88ef72341333b6d0a859bacd3c?s=96&d=mm&r=g","caption":"admin"},"sameAs":["https:\/\/www.europa-prefabri.com","https:\/\/x.com\/@EuropaPrefabri"]}]}},"_links":{"self":[{"href":"https:\/\/www.europa-prefabri.com\/fr\/wp-json\/wp\/v2\/posts\/8765","targetHints":{"allow":["GET"]}}],"collection":[{"href":"https:\/\/www.europa-prefabri.com\/fr\/wp-json\/wp\/v2\/posts"}],"about":[{"href":"https:\/\/www.europa-prefabri.com\/fr\/wp-json\/wp\/v2\/types\/post"}],"author":[{"embeddable":true,"href":"https:\/\/www.europa-prefabri.com\/fr\/wp-json\/wp\/v2\/users\/4"}],"replies":[{"embeddable":true,"href":"https:\/\/www.europa-prefabri.com\/fr\/wp-json\/wp\/v2\/comments?post=8765"}],"version-history":[{"count":2,"href":"https:\/\/www.europa-prefabri.com\/fr\/wp-json\/wp\/v2\/posts\/8765\/revisions"}],"predecessor-version":[{"id":35618,"href":"https:\/\/www.europa-prefabri.com\/fr\/wp-json\/wp\/v2\/posts\/8765\/revisions\/35618"}],"wp:featuredmedia":[{"embeddable":true,"href":"https:\/\/www.europa-prefabri.com\/fr\/wp-json\/wp\/v2\/media\/7912"}],"wp:attachment":[{"href":"https:\/\/www.europa-prefabri.com\/fr\/wp-json\/wp\/v2\/media?parent=8765"}],"wp:term":[{"taxonomy":"category","embeddable":true,"href":"https:\/\/www.europa-prefabri.com\/fr\/wp-json\/wp\/v2\/categories?post=8765"},{"taxonomy":"post_tag","embeddable":true,"href":"https:\/\/www.europa-prefabri.com\/fr\/wp-json\/wp\/v2\/tags?post=8765"}],"curies":[{"name":"wp","href":"https:\/\/api.w.org\/{rel}","templated":true}]}}