{"id":8692,"date":"2015-03-30T10:47:44","date_gmt":"2015-03-30T10:47:44","guid":{"rendered":"http:\/\/www.europa-prefabri.com\/?p=8692"},"modified":"2025-01-31T11:27:03","modified_gmt":"2025-01-31T10:27:03","slug":"nouveau-projet-dexportation-guinee-equatoriale","status":"publish","type":"post","link":"https:\/\/www.europa-prefabri.com\/fr\/nouveau-projet-dexportation-guinee-equatoriale\/","title":{"rendered":"Nouveau Projet d&#8217;exportation &#8211; GUIN\u00c9E EQUATORIALE"},"content":{"rendered":"<p><a href=\"https:\/\/www.europa-prefabri.com\/wp-content\/uploads\/IMG-20150316-WA000_600x600.jpg\"><img loading=\"lazy\" decoding=\"async\" class=\"alignnone size-thumbnail wp-image-7716\" src=\"https:\/\/www.europa-prefabri.com\/wp-content\/uploads\/IMG-20150316-WA000_600x600.jpg\" alt=\"EUROPA PREFABRI - Modulos prefabricados de obra\" width=\"80\" height=\"80\" srcset=\"https:\/\/www.europa-prefabri.com\/wp-content\/uploads\/IMG-20150316-WA000_600x600.jpg 600w, https:\/\/www.europa-prefabri.com\/wp-content\/uploads\/IMG-20150316-WA000_600x600-80x80.jpg 80w, https:\/\/www.europa-prefabri.com\/wp-content\/uploads\/IMG-20150316-WA000_600x600-300x300.jpg 300w, https:\/\/www.europa-prefabri.com\/wp-content\/uploads\/IMG-20150316-WA000_600x600-36x36.jpg 36w, https:\/\/www.europa-prefabri.com\/wp-content\/uploads\/IMG-20150316-WA000_600x600-180x180.jpg 180w, https:\/\/www.europa-prefabri.com\/wp-content\/uploads\/IMG-20150316-WA000_600x600-120x120.jpg 120w, https:\/\/www.europa-prefabri.com\/wp-content\/uploads\/IMG-20150316-WA000_600x600-450x450.jpg 450w\" sizes=\"auto, (max-width: 80px) 100vw, 80px\" \/><\/a> <a href=\"https:\/\/www.europa-prefabri.com\/wp-content\/uploads\/IMG-20150316-WA002_600x600.jpg\"><img loading=\"lazy\" decoding=\"async\" class=\"alignnone size-thumbnail wp-image-7719\" src=\"https:\/\/www.europa-prefabri.com\/wp-content\/uploads\/IMG-20150316-WA002_600x600.jpg\" alt=\"EUROPA PREFABRI - Modulos prefabricados de obra\" width=\"80\" height=\"80\" \/><\/a> <a href=\"https:\/\/www.europa-prefabri.com\/wp-content\/uploads\/IMG-20150316-WA008_600x600.jpg\"><img loading=\"lazy\" decoding=\"async\" class=\"alignnone size-thumbnail wp-image-7722\" src=\"https:\/\/www.europa-prefabri.com\/wp-content\/uploads\/IMG-20150316-WA008_600x600.jpg\" alt=\"EUROPA PREFABRI - Modulos prefabricados de obra\" width=\"80\" height=\"80\" srcset=\"https:\/\/www.europa-prefabri.com\/wp-content\/uploads\/IMG-20150316-WA008_600x600.jpg 600w, https:\/\/www.europa-prefabri.com\/wp-content\/uploads\/IMG-20150316-WA008_600x600-80x80.jpg 80w, https:\/\/www.europa-prefabri.com\/wp-content\/uploads\/IMG-20150316-WA008_600x600-300x300.jpg 300w, https:\/\/www.europa-prefabri.com\/wp-content\/uploads\/IMG-20150316-WA008_600x600-36x36.jpg 36w, https:\/\/www.europa-prefabri.com\/wp-content\/uploads\/IMG-20150316-WA008_600x600-180x180.jpg 180w, https:\/\/www.europa-prefabri.com\/wp-content\/uploads\/IMG-20150316-WA008_600x600-120x120.jpg 120w, https:\/\/www.europa-prefabri.com\/wp-content\/uploads\/IMG-20150316-WA008_600x600-450x450.jpg 450w\" sizes=\"auto, (max-width: 80px) 100vw, 80px\" \/><\/a> <a href=\"https:\/\/www.europa-prefabri.com\/wp-content\/uploads\/IMG-20150316-WA010_600x600.jpg\"><img loading=\"lazy\" decoding=\"async\" class=\"alignnone size-thumbnail wp-image-7728\" src=\"https:\/\/www.europa-prefabri.com\/wp-content\/uploads\/IMG-20150316-WA010_600x600.jpg\" alt=\"EUROPA PREFABRI - Modulos prefabricados de obra\" width=\"80\" height=\"80\" srcset=\"https:\/\/www.europa-prefabri.com\/wp-content\/uploads\/IMG-20150316-WA010_600x600.jpg 600w, https:\/\/www.europa-prefabri.com\/wp-content\/uploads\/IMG-20150316-WA010_600x600-80x80.jpg 80w, https:\/\/www.europa-prefabri.com\/wp-content\/uploads\/IMG-20150316-WA010_600x600-300x300.jpg 300w, https:\/\/www.europa-prefabri.com\/wp-content\/uploads\/IMG-20150316-WA010_600x600-36x36.jpg 36w, https:\/\/www.europa-prefabri.com\/wp-content\/uploads\/IMG-20150316-WA010_600x600-180x180.jpg 180w, https:\/\/www.europa-prefabri.com\/wp-content\/uploads\/IMG-20150316-WA010_600x600-120x120.jpg 120w, https:\/\/www.europa-prefabri.com\/wp-content\/uploads\/IMG-20150316-WA010_600x600-450x450.jpg 450w\" sizes=\"auto, (max-width: 80px) 100vw, 80px\" \/><\/a> <a href=\"https:\/\/www.europa-prefabri.com\/wp-content\/uploads\/IMG-20150316-WA012_600x600.jpg\"><img loading=\"lazy\" decoding=\"async\" class=\"alignnone size-thumbnail wp-image-7731\" src=\"https:\/\/www.europa-prefabri.com\/wp-content\/uploads\/IMG-20150316-WA012_600x600.jpg\" alt=\"EUROPA PREFABRI - Modulos prefabricados de obra\" width=\"80\" height=\"80\" srcset=\"https:\/\/www.europa-prefabri.com\/wp-content\/uploads\/IMG-20150316-WA012_600x600.jpg 600w, https:\/\/www.europa-prefabri.com\/wp-content\/uploads\/IMG-20150316-WA012_600x600-80x80.jpg 80w, https:\/\/www.europa-prefabri.com\/wp-content\/uploads\/IMG-20150316-WA012_600x600-300x300.jpg 300w, https:\/\/www.europa-prefabri.com\/wp-content\/uploads\/IMG-20150316-WA012_600x600-36x36.jpg 36w, https:\/\/www.europa-prefabri.com\/wp-content\/uploads\/IMG-20150316-WA012_600x600-180x180.jpg 180w, https:\/\/www.europa-prefabri.com\/wp-content\/uploads\/IMG-20150316-WA012_600x600-120x120.jpg 120w, https:\/\/www.europa-prefabri.com\/wp-content\/uploads\/IMG-20150316-WA012_600x600-450x450.jpg 450w\" sizes=\"auto, (max-width: 80px) 100vw, 80px\" \/><\/a> <a href=\"https:\/\/www.europa-prefabri.com\/wp-content\/uploads\/IMG-20150316-WA013_600x600.jpg\"><img loading=\"lazy\" decoding=\"async\" class=\"alignnone size-thumbnail wp-image-7734\" src=\"https:\/\/www.europa-prefabri.com\/wp-content\/uploads\/IMG-20150316-WA013_600x600.jpg\" alt=\"EUROPA PREFABRI - Modulos prefabricados de obra\" width=\"80\" height=\"80\" \/><\/a> <a href=\"https:\/\/www.europa-prefabri.com\/wp-content\/uploads\/IMG-20150316-WA018_600x663.jpg\"><img loading=\"lazy\" decoding=\"async\" class=\"alignnone size-thumbnail wp-image-7737\" src=\"https:\/\/www.europa-prefabri.com\/wp-content\/uploads\/IMG-20150316-WA018_600x663.jpg\" alt=\"EUROPA PREFABRI - Modulos prefabricados de obra\" width=\"80\" height=\"80\" \/><\/a> <a href=\"https:\/\/www.europa-prefabri.com\/wp-content\/uploads\/IMG-20150316-WA020_600x600.jpg\"><img loading=\"lazy\" decoding=\"async\" class=\"alignnone size-thumbnail wp-image-7740\" src=\"https:\/\/www.europa-prefabri.com\/wp-content\/uploads\/IMG-20150316-WA020_600x600.jpg\" alt=\"EUROPA PREFABRI - Modulos prefabricados de obra\" width=\"80\" height=\"80\" srcset=\"https:\/\/www.europa-prefabri.com\/wp-content\/uploads\/IMG-20150316-WA020_600x600.jpg 600w, https:\/\/www.europa-prefabri.com\/wp-content\/uploads\/IMG-20150316-WA020_600x600-80x80.jpg 80w, https:\/\/www.europa-prefabri.com\/wp-content\/uploads\/IMG-20150316-WA020_600x600-300x300.jpg 300w, https:\/\/www.europa-prefabri.com\/wp-content\/uploads\/IMG-20150316-WA020_600x600-36x36.jpg 36w, https:\/\/www.europa-prefabri.com\/wp-content\/uploads\/IMG-20150316-WA020_600x600-180x180.jpg 180w, https:\/\/www.europa-prefabri.com\/wp-content\/uploads\/IMG-20150316-WA020_600x600-120x120.jpg 120w, https:\/\/www.europa-prefabri.com\/wp-content\/uploads\/IMG-20150316-WA020_600x600-450x450.jpg 450w\" sizes=\"auto, (max-width: 80px) 100vw, 80px\" \/><\/a> <a href=\"https:\/\/www.europa-prefabri.com\/wp-content\/uploads\/IMG-20150316-WA022_600x600.jpg\"><img loading=\"lazy\" decoding=\"async\" class=\"alignnone size-thumbnail wp-image-7743\" src=\"https:\/\/www.europa-prefabri.com\/wp-content\/uploads\/IMG-20150316-WA022_600x600.jpg\" alt=\"EUROPA PREFABRI - Modulos prefabricados de obra\" width=\"80\" height=\"80\" \/><\/a> <a href=\"https:\/\/www.europa-prefabri.com\/wp-content\/uploads\/IMG-20150316-WA024_600x600.jpg\"><img loading=\"lazy\" decoding=\"async\" class=\"alignnone size-thumbnail wp-image-7746\" src=\"https:\/\/www.europa-prefabri.com\/wp-content\/uploads\/IMG-20150316-WA024_600x600.jpg\" alt=\"EUROPA PREFABRI - Modulos prefabricados de obra\" width=\"80\" height=\"80\" srcset=\"https:\/\/www.europa-prefabri.com\/wp-content\/uploads\/IMG-20150316-WA024_600x600.jpg 600w, https:\/\/www.europa-prefabri.com\/wp-content\/uploads\/IMG-20150316-WA024_600x600-80x80.jpg 80w, https:\/\/www.europa-prefabri.com\/wp-content\/uploads\/IMG-20150316-WA024_600x600-300x300.jpg 300w, https:\/\/www.europa-prefabri.com\/wp-content\/uploads\/IMG-20150316-WA024_600x600-36x36.jpg 36w, https:\/\/www.europa-prefabri.com\/wp-content\/uploads\/IMG-20150316-WA024_600x600-180x180.jpg 180w, https:\/\/www.europa-prefabri.com\/wp-content\/uploads\/IMG-20150316-WA024_600x600-120x120.jpg 120w, https:\/\/www.europa-prefabri.com\/wp-content\/uploads\/IMG-20150316-WA024_600x600-450x450.jpg 450w\" sizes=\"auto, (max-width: 80px) 100vw, 80px\" \/><\/a> <a href=\"https:\/\/www.europa-prefabri.com\/wp-content\/uploads\/IMG-20150316-WA027_600x600.jpg\"><img loading=\"lazy\" decoding=\"async\" class=\"alignnone size-thumbnail wp-image-7749\" src=\"https:\/\/www.europa-prefabri.com\/wp-content\/uploads\/IMG-20150316-WA027_600x600.jpg\" alt=\"EUROPA PREFABRI - Modulos prefabricados de obra\" width=\"80\" height=\"80\" srcset=\"https:\/\/www.europa-prefabri.com\/wp-content\/uploads\/IMG-20150316-WA027_600x600.jpg 600w, https:\/\/www.europa-prefabri.com\/wp-content\/uploads\/IMG-20150316-WA027_600x600-80x80.jpg 80w, https:\/\/www.europa-prefabri.com\/wp-content\/uploads\/IMG-20150316-WA027_600x600-300x300.jpg 300w, https:\/\/www.europa-prefabri.com\/wp-content\/uploads\/IMG-20150316-WA027_600x600-36x36.jpg 36w, https:\/\/www.europa-prefabri.com\/wp-content\/uploads\/IMG-20150316-WA027_600x600-180x180.jpg 180w, https:\/\/www.europa-prefabri.com\/wp-content\/uploads\/IMG-20150316-WA027_600x600-120x120.jpg 120w, https:\/\/www.europa-prefabri.com\/wp-content\/uploads\/IMG-20150316-WA027_600x600-450x450.jpg 450w\" sizes=\"auto, (max-width: 80px) 100vw, 80px\" \/><\/a><\/p>\n<p>&nbsp;<\/p>\n<p><span style=\"line-height: 1.5;\">Au cours du mois de Mars nous avons r\u00e9alis\u00e9 le montage de divers ensembles modulaires pour\u00a0un chantier \u00a0dans la ville de Malabo, Guin\u00e9e Equatoriale. Nos clients les utilisent d\u00e9j\u00e0 en tant que bureaux, cantines, vestiaires, etc. Les modules ont \u00e9t\u00e9 fabriqu\u00e9s et transport\u00e9s en syst\u00e8me KIT (d\u00e9mont\u00e9s) ainsi qu&#8217;assembl\u00e9s sur\u00a0<\/span><span style=\"line-height: 1.5;\">place\u00a0<\/span><span style=\"line-height: 1.5;\">par des agents techniques venus d&#8217;Espagne. <\/span><\/p>\n<p><span style=\"line-height: 1.5;\">Actuellement nous d\u00e9veloppons divers projets (\u00a0bases de vie, bureaux de chantier)\u00a0\u00e0 destination de l&#8217;Afrique de l&#8217;Ouest: Guin\u00e9e Equatoriale, Nigeria, Alg\u00e9rie et Cameroun c<\/span>e qui fait de cette zone \u00a0une de nos principale destination d&#8217;exportation .<\/p>\n<p>&nbsp;<\/p>\n","protected":false},"excerpt":{"rendered":"<p>&nbsp; Au cours du mois de Mars nous avons r\u00e9alis\u00e9 le montage de divers ensembles modulaires pour\u00a0un chantier \u00a0dans la ville de Malabo, Guin\u00e9e Equatoriale. Nos clients les utilisent d\u00e9j\u00e0 en tant que bureaux, cantines, vestiaires, etc. Les modules ont \u00e9t\u00e9 fabriqu\u00e9s et transport\u00e9s en syst\u00e8me KIT (d\u00e9mont\u00e9s) ainsi qu&#8217;assembl\u00e9s sur\u00a0place\u00a0par des agents techniques venus [&hellip;]<\/p>\n","protected":false},"author":4,"featured_media":7736,"comment_status":"closed","ping_status":"closed","sticky":false,"template":"","format":"standard","meta":{"footnotes":""},"categories":[413,58],"tags":[437],"class_list":["post-8692","post","type-post","status-publish","format-standard","has-post-thumbnail","hentry","category-noticias-fr","category-projets","tag-modulos-prefabricados-fr"],"yoast_head":"<!-- This site is optimized with the Yoast SEO plugin v27.5 - https:\/\/yoast.com\/product\/yoast-seo-wordpress\/ -->\n<title>Nouveau projet d&#039;exportation en Guin\u00e9e Equatoriale<\/title>\n<meta name=\"description\" content=\"GROUPE EUROPA PREFABRI : Fabrication, transport et montage d&#039;ensembles modulaires en Guin\u00e9e Equatoriale pour les ouvriers du chantier de Malabo.\" \/>\n<meta name=\"robots\" content=\"index, follow, max-snippet:-1, max-image-preview:large, max-video-preview:-1\" \/>\n<link rel=\"canonical\" href=\"https:\/\/www.europa-prefabri.com\/fr\/nouveau-projet-dexportation-guinee-equatoriale\/\" \/>\n<meta property=\"og:locale\" content=\"fr_FR\" \/>\n<meta property=\"og:type\" content=\"article\" \/>\n<meta property=\"og:title\" content=\"Nouveau projet d&#039;exportation en Guin\u00e9e Equatoriale\" \/>\n<meta property=\"og:description\" content=\"GROUPE EUROPA PREFABRI : Fabrication, transport et montage d&#039;ensembles modulaires en Guin\u00e9e Equatoriale pour les ouvriers du chantier de Malabo.\" \/>\n<meta property=\"og:url\" content=\"https:\/\/www.europa-prefabri.com\/fr\/nouveau-projet-dexportation-guinee-equatoriale\/\" \/>\n<meta property=\"og:site_name\" content=\"Europa Prefabri | Alquiler y venta de construcciones modulares\" \/>\n<meta property=\"article:publisher\" content=\"https:\/\/www.facebook.com\/Europa-Prefabri-258328977572213\/\" \/>\n<meta property=\"article:published_time\" content=\"2015-03-30T10:47:44+00:00\" \/>\n<meta property=\"article:modified_time\" content=\"2025-01-31T10:27:03+00:00\" \/>\n<meta property=\"og:image\" content=\"https:\/\/www.europa-prefabri.com\/wp-content\/uploads\/IMG-20150316-WA013_600x600.jpg\" \/>\n\t<meta property=\"og:image:width\" content=\"600\" \/>\n\t<meta property=\"og:image:height\" content=\"600\" \/>\n\t<meta property=\"og:image:type\" content=\"image\/jpeg\" \/>\n<meta name=\"author\" content=\"admin\" \/>\n<meta name=\"twitter:card\" content=\"summary_large_image\" \/>\n<meta name=\"twitter:creator\" content=\"@EuropaPrefabri\" \/>\n<meta name=\"twitter:site\" content=\"@EuropaPrefabri\" \/>\n<meta name=\"twitter:label1\" content=\"Written by\" \/>\n\t<meta name=\"twitter:data1\" content=\"admin\" \/>\n\t<meta name=\"twitter:label2\" content=\"Est. reading time\" \/>\n\t<meta name=\"twitter:data2\" content=\"3 minutes\" \/>\n<script type=\"application\/ld+json\" class=\"yoast-schema-graph\">{\"@context\":\"https:\\\/\\\/schema.org\",\"@graph\":[{\"@type\":\"Article\",\"@id\":\"https:\\\/\\\/www.europa-prefabri.com\\\/fr\\\/nouveau-projet-dexportation-guinee-equatoriale\\\/#article\",\"isPartOf\":{\"@id\":\"https:\\\/\\\/www.europa-prefabri.com\\\/fr\\\/nouveau-projet-dexportation-guinee-equatoriale\\\/\"},\"author\":{\"name\":\"admin\",\"@id\":\"https:\\\/\\\/www.europa-prefabri.com\\\/#\\\/schema\\\/person\\\/2ab6be5821a7026cd8f16d2a9411e86e\"},\"headline\":\"Nouveau Projet d&#8217;exportation &#8211; GUIN\u00c9E EQUATORIALE\",\"datePublished\":\"2015-03-30T10:47:44+00:00\",\"dateModified\":\"2025-01-31T10:27:03+00:00\",\"mainEntityOfPage\":{\"@id\":\"https:\\\/\\\/www.europa-prefabri.com\\\/fr\\\/nouveau-projet-dexportation-guinee-equatoriale\\\/\"},\"wordCount\":113,\"publisher\":{\"@id\":\"https:\\\/\\\/www.europa-prefabri.com\\\/#organization\"},\"image\":{\"@id\":\"https:\\\/\\\/www.europa-prefabri.com\\\/fr\\\/nouveau-projet-dexportation-guinee-equatoriale\\\/#primaryimage\"},\"thumbnailUrl\":\"https:\\\/\\\/www.europa-prefabri.com\\\/wp-content\\\/uploads\\\/IMG-20150316-WA013_600x600.jpg\",\"keywords\":[\"MODULOS PREFABRICADOS\"],\"articleSection\":[\"Noticias\",\"Projets\"],\"inLanguage\":\"fr-FR\"},{\"@type\":\"WebPage\",\"@id\":\"https:\\\/\\\/www.europa-prefabri.com\\\/fr\\\/nouveau-projet-dexportation-guinee-equatoriale\\\/\",\"url\":\"https:\\\/\\\/www.europa-prefabri.com\\\/fr\\\/nouveau-projet-dexportation-guinee-equatoriale\\\/\",\"name\":\"Nouveau projet d'exportation en Guin\u00e9e Equatoriale\",\"isPartOf\":{\"@id\":\"https:\\\/\\\/www.europa-prefabri.com\\\/#website\"},\"primaryImageOfPage\":{\"@id\":\"https:\\\/\\\/www.europa-prefabri.com\\\/fr\\\/nouveau-projet-dexportation-guinee-equatoriale\\\/#primaryimage\"},\"image\":{\"@id\":\"https:\\\/\\\/www.europa-prefabri.com\\\/fr\\\/nouveau-projet-dexportation-guinee-equatoriale\\\/#primaryimage\"},\"thumbnailUrl\":\"https:\\\/\\\/www.europa-prefabri.com\\\/wp-content\\\/uploads\\\/IMG-20150316-WA013_600x600.jpg\",\"datePublished\":\"2015-03-30T10:47:44+00:00\",\"dateModified\":\"2025-01-31T10:27:03+00:00\",\"description\":\"GROUPE EUROPA PREFABRI : Fabrication, transport et montage d'ensembles modulaires en Guin\u00e9e Equatoriale pour les ouvriers du chantier de Malabo.\",\"breadcrumb\":{\"@id\":\"https:\\\/\\\/www.europa-prefabri.com\\\/fr\\\/nouveau-projet-dexportation-guinee-equatoriale\\\/#breadcrumb\"},\"inLanguage\":\"fr-FR\",\"potentialAction\":[{\"@type\":\"ReadAction\",\"target\":[\"https:\\\/\\\/www.europa-prefabri.com\\\/fr\\\/nouveau-projet-dexportation-guinee-equatoriale\\\/\"]}]},{\"@type\":\"ImageObject\",\"inLanguage\":\"fr-FR\",\"@id\":\"https:\\\/\\\/www.europa-prefabri.com\\\/fr\\\/nouveau-projet-dexportation-guinee-equatoriale\\\/#primaryimage\",\"url\":\"https:\\\/\\\/www.europa-prefabri.com\\\/wp-content\\\/uploads\\\/IMG-20150316-WA013_600x600.jpg\",\"contentUrl\":\"https:\\\/\\\/www.europa-prefabri.com\\\/wp-content\\\/uploads\\\/IMG-20150316-WA013_600x600.jpg\",\"width\":600,\"height\":600},{\"@type\":\"BreadcrumbList\",\"@id\":\"https:\\\/\\\/www.europa-prefabri.com\\\/fr\\\/nouveau-projet-dexportation-guinee-equatoriale\\\/#breadcrumb\",\"itemListElement\":[{\"@type\":\"ListItem\",\"position\":1,\"name\":\"Portada\",\"item\":\"https:\\\/\\\/www.europa-prefabri.com\\\/fr\\\/\"},{\"@type\":\"ListItem\",\"position\":2,\"name\":\"Nouveau Projet d&#8217;exportation &#8211; GUIN\u00c9E EQUATORIALE\"}]},{\"@type\":\"WebSite\",\"@id\":\"https:\\\/\\\/www.europa-prefabri.com\\\/#website\",\"url\":\"https:\\\/\\\/www.europa-prefabri.com\\\/\",\"name\":\"Europa Prefabri | Alquiler y venta de construcciones modulares\",\"description\":\"Alquiler y venta de construcciones modulares, casetas de obra, marquesinas de aparcamiento y vallas y cerramientos.\",\"publisher\":{\"@id\":\"https:\\\/\\\/www.europa-prefabri.com\\\/#organization\"},\"potentialAction\":[{\"@type\":\"SearchAction\",\"target\":{\"@type\":\"EntryPoint\",\"urlTemplate\":\"https:\\\/\\\/www.europa-prefabri.com\\\/?s={search_term_string}\"},\"query-input\":{\"@type\":\"PropertyValueSpecification\",\"valueRequired\":true,\"valueName\":\"search_term_string\"}}],\"inLanguage\":\"fr-FR\"},{\"@type\":\"Organization\",\"@id\":\"https:\\\/\\\/www.europa-prefabri.com\\\/#organization\",\"name\":\"Prefabri S.L.\",\"url\":\"https:\\\/\\\/www.europa-prefabri.com\\\/\",\"logo\":{\"@type\":\"ImageObject\",\"inLanguage\":\"fr-FR\",\"@id\":\"https:\\\/\\\/www.europa-prefabri.com\\\/#\\\/schema\\\/logo\\\/image\\\/\",\"url\":\"https:\\\/\\\/www.europa-prefabri.com\\\/wp-content\\\/uploads\\\/EuropaPrefabri-Logo.jpg\",\"contentUrl\":\"https:\\\/\\\/www.europa-prefabri.com\\\/wp-content\\\/uploads\\\/EuropaPrefabri-Logo.jpg\",\"width\":752,\"height\":348,\"caption\":\"Prefabri S.L.\"},\"image\":{\"@id\":\"https:\\\/\\\/www.europa-prefabri.com\\\/#\\\/schema\\\/logo\\\/image\\\/\"},\"sameAs\":[\"https:\\\/\\\/www.facebook.com\\\/Europa-Prefabri-258328977572213\\\/\",\"https:\\\/\\\/x.com\\\/EuropaPrefabri\",\"https:\\\/\\\/www.instagram.com\\\/europaprefabri\\\/\",\"https:\\\/\\\/es.linkedin.com\\\/company\\\/europa-prefabri\",\"https:\\\/\\\/es.pinterest.com\\\/europaprefabri\\\/\",\"https:\\\/\\\/www.youtube.com\\\/user\\\/PrefabriSL\"]},{\"@type\":\"Person\",\"@id\":\"https:\\\/\\\/www.europa-prefabri.com\\\/#\\\/schema\\\/person\\\/2ab6be5821a7026cd8f16d2a9411e86e\",\"name\":\"admin\",\"image\":{\"@type\":\"ImageObject\",\"inLanguage\":\"fr-FR\",\"@id\":\"https:\\\/\\\/secure.gravatar.com\\\/avatar\\\/dc55d3f4b941a1510eef2620b2c166513788bd88ef72341333b6d0a859bacd3c?s=96&d=mm&r=g\",\"url\":\"https:\\\/\\\/secure.gravatar.com\\\/avatar\\\/dc55d3f4b941a1510eef2620b2c166513788bd88ef72341333b6d0a859bacd3c?s=96&d=mm&r=g\",\"contentUrl\":\"https:\\\/\\\/secure.gravatar.com\\\/avatar\\\/dc55d3f4b941a1510eef2620b2c166513788bd88ef72341333b6d0a859bacd3c?s=96&d=mm&r=g\",\"caption\":\"admin\"},\"sameAs\":[\"https:\\\/\\\/www.europa-prefabri.com\",\"https:\\\/\\\/x.com\\\/@EuropaPrefabri\"]}]}<\/script>\n<!-- \/ Yoast SEO plugin. -->","yoast_head_json":{"title":"Nouveau projet d'exportation en Guin\u00e9e Equatoriale","description":"GROUPE EUROPA PREFABRI : Fabrication, transport et montage d'ensembles modulaires en Guin\u00e9e Equatoriale pour les ouvriers du chantier de Malabo.","robots":{"index":"index","follow":"follow","max-snippet":"max-snippet:-1","max-image-preview":"max-image-preview:large","max-video-preview":"max-video-preview:-1"},"canonical":"https:\/\/www.europa-prefabri.com\/fr\/nouveau-projet-dexportation-guinee-equatoriale\/","og_locale":"fr_FR","og_type":"article","og_title":"Nouveau projet d'exportation en Guin\u00e9e Equatoriale","og_description":"GROUPE EUROPA PREFABRI : Fabrication, transport et montage d'ensembles modulaires en Guin\u00e9e Equatoriale pour les ouvriers du chantier de Malabo.","og_url":"https:\/\/www.europa-prefabri.com\/fr\/nouveau-projet-dexportation-guinee-equatoriale\/","og_site_name":"Europa Prefabri | Alquiler y venta de construcciones modulares","article_publisher":"https:\/\/www.facebook.com\/Europa-Prefabri-258328977572213\/","article_published_time":"2015-03-30T10:47:44+00:00","article_modified_time":"2025-01-31T10:27:03+00:00","og_image":[{"width":600,"height":600,"url":"https:\/\/www.europa-prefabri.com\/wp-content\/uploads\/IMG-20150316-WA013_600x600.jpg","type":"image\/jpeg"}],"author":"admin","twitter_card":"summary_large_image","twitter_creator":"@EuropaPrefabri","twitter_site":"@EuropaPrefabri","twitter_misc":{"Written by":"admin","Est. reading time":"3 minutes"},"schema":{"@context":"https:\/\/schema.org","@graph":[{"@type":"Article","@id":"https:\/\/www.europa-prefabri.com\/fr\/nouveau-projet-dexportation-guinee-equatoriale\/#article","isPartOf":{"@id":"https:\/\/www.europa-prefabri.com\/fr\/nouveau-projet-dexportation-guinee-equatoriale\/"},"author":{"name":"admin","@id":"https:\/\/www.europa-prefabri.com\/#\/schema\/person\/2ab6be5821a7026cd8f16d2a9411e86e"},"headline":"Nouveau Projet d&#8217;exportation &#8211; GUIN\u00c9E EQUATORIALE","datePublished":"2015-03-30T10:47:44+00:00","dateModified":"2025-01-31T10:27:03+00:00","mainEntityOfPage":{"@id":"https:\/\/www.europa-prefabri.com\/fr\/nouveau-projet-dexportation-guinee-equatoriale\/"},"wordCount":113,"publisher":{"@id":"https:\/\/www.europa-prefabri.com\/#organization"},"image":{"@id":"https:\/\/www.europa-prefabri.com\/fr\/nouveau-projet-dexportation-guinee-equatoriale\/#primaryimage"},"thumbnailUrl":"https:\/\/www.europa-prefabri.com\/wp-content\/uploads\/IMG-20150316-WA013_600x600.jpg","keywords":["MODULOS PREFABRICADOS"],"articleSection":["Noticias","Projets"],"inLanguage":"fr-FR"},{"@type":"WebPage","@id":"https:\/\/www.europa-prefabri.com\/fr\/nouveau-projet-dexportation-guinee-equatoriale\/","url":"https:\/\/www.europa-prefabri.com\/fr\/nouveau-projet-dexportation-guinee-equatoriale\/","name":"Nouveau projet d'exportation en Guin\u00e9e Equatoriale","isPartOf":{"@id":"https:\/\/www.europa-prefabri.com\/#website"},"primaryImageOfPage":{"@id":"https:\/\/www.europa-prefabri.com\/fr\/nouveau-projet-dexportation-guinee-equatoriale\/#primaryimage"},"image":{"@id":"https:\/\/www.europa-prefabri.com\/fr\/nouveau-projet-dexportation-guinee-equatoriale\/#primaryimage"},"thumbnailUrl":"https:\/\/www.europa-prefabri.com\/wp-content\/uploads\/IMG-20150316-WA013_600x600.jpg","datePublished":"2015-03-30T10:47:44+00:00","dateModified":"2025-01-31T10:27:03+00:00","description":"GROUPE EUROPA PREFABRI : Fabrication, transport et montage d'ensembles modulaires en Guin\u00e9e Equatoriale pour les ouvriers du chantier de Malabo.","breadcrumb":{"@id":"https:\/\/www.europa-prefabri.com\/fr\/nouveau-projet-dexportation-guinee-equatoriale\/#breadcrumb"},"inLanguage":"fr-FR","potentialAction":[{"@type":"ReadAction","target":["https:\/\/www.europa-prefabri.com\/fr\/nouveau-projet-dexportation-guinee-equatoriale\/"]}]},{"@type":"ImageObject","inLanguage":"fr-FR","@id":"https:\/\/www.europa-prefabri.com\/fr\/nouveau-projet-dexportation-guinee-equatoriale\/#primaryimage","url":"https:\/\/www.europa-prefabri.com\/wp-content\/uploads\/IMG-20150316-WA013_600x600.jpg","contentUrl":"https:\/\/www.europa-prefabri.com\/wp-content\/uploads\/IMG-20150316-WA013_600x600.jpg","width":600,"height":600},{"@type":"BreadcrumbList","@id":"https:\/\/www.europa-prefabri.com\/fr\/nouveau-projet-dexportation-guinee-equatoriale\/#breadcrumb","itemListElement":[{"@type":"ListItem","position":1,"name":"Portada","item":"https:\/\/www.europa-prefabri.com\/fr\/"},{"@type":"ListItem","position":2,"name":"Nouveau Projet d&#8217;exportation &#8211; GUIN\u00c9E EQUATORIALE"}]},{"@type":"WebSite","@id":"https:\/\/www.europa-prefabri.com\/#website","url":"https:\/\/www.europa-prefabri.com\/","name":"Europa Prefabri | Alquiler y venta de construcciones modulares","description":"Alquiler y venta de construcciones modulares, casetas de obra, marquesinas de aparcamiento y vallas y cerramientos.","publisher":{"@id":"https:\/\/www.europa-prefabri.com\/#organization"},"potentialAction":[{"@type":"SearchAction","target":{"@type":"EntryPoint","urlTemplate":"https:\/\/www.europa-prefabri.com\/?s={search_term_string}"},"query-input":{"@type":"PropertyValueSpecification","valueRequired":true,"valueName":"search_term_string"}}],"inLanguage":"fr-FR"},{"@type":"Organization","@id":"https:\/\/www.europa-prefabri.com\/#organization","name":"Prefabri S.L.","url":"https:\/\/www.europa-prefabri.com\/","logo":{"@type":"ImageObject","inLanguage":"fr-FR","@id":"https:\/\/www.europa-prefabri.com\/#\/schema\/logo\/image\/","url":"https:\/\/www.europa-prefabri.com\/wp-content\/uploads\/EuropaPrefabri-Logo.jpg","contentUrl":"https:\/\/www.europa-prefabri.com\/wp-content\/uploads\/EuropaPrefabri-Logo.jpg","width":752,"height":348,"caption":"Prefabri S.L."},"image":{"@id":"https:\/\/www.europa-prefabri.com\/#\/schema\/logo\/image\/"},"sameAs":["https:\/\/www.facebook.com\/Europa-Prefabri-258328977572213\/","https:\/\/x.com\/EuropaPrefabri","https:\/\/www.instagram.com\/europaprefabri\/","https:\/\/es.linkedin.com\/company\/europa-prefabri","https:\/\/es.pinterest.com\/europaprefabri\/","https:\/\/www.youtube.com\/user\/PrefabriSL"]},{"@type":"Person","@id":"https:\/\/www.europa-prefabri.com\/#\/schema\/person\/2ab6be5821a7026cd8f16d2a9411e86e","name":"admin","image":{"@type":"ImageObject","inLanguage":"fr-FR","@id":"https:\/\/secure.gravatar.com\/avatar\/dc55d3f4b941a1510eef2620b2c166513788bd88ef72341333b6d0a859bacd3c?s=96&d=mm&r=g","url":"https:\/\/secure.gravatar.com\/avatar\/dc55d3f4b941a1510eef2620b2c166513788bd88ef72341333b6d0a859bacd3c?s=96&d=mm&r=g","contentUrl":"https:\/\/secure.gravatar.com\/avatar\/dc55d3f4b941a1510eef2620b2c166513788bd88ef72341333b6d0a859bacd3c?s=96&d=mm&r=g","caption":"admin"},"sameAs":["https:\/\/www.europa-prefabri.com","https:\/\/x.com\/@EuropaPrefabri"]}]}},"_links":{"self":[{"href":"https:\/\/www.europa-prefabri.com\/fr\/wp-json\/wp\/v2\/posts\/8692","targetHints":{"allow":["GET"]}}],"collection":[{"href":"https:\/\/www.europa-prefabri.com\/fr\/wp-json\/wp\/v2\/posts"}],"about":[{"href":"https:\/\/www.europa-prefabri.com\/fr\/wp-json\/wp\/v2\/types\/post"}],"author":[{"embeddable":true,"href":"https:\/\/www.europa-prefabri.com\/fr\/wp-json\/wp\/v2\/users\/4"}],"replies":[{"embeddable":true,"href":"https:\/\/www.europa-prefabri.com\/fr\/wp-json\/wp\/v2\/comments?post=8692"}],"version-history":[{"count":2,"href":"https:\/\/www.europa-prefabri.com\/fr\/wp-json\/wp\/v2\/posts\/8692\/revisions"}],"predecessor-version":[{"id":35723,"href":"https:\/\/www.europa-prefabri.com\/fr\/wp-json\/wp\/v2\/posts\/8692\/revisions\/35723"}],"wp:featuredmedia":[{"embeddable":true,"href":"https:\/\/www.europa-prefabri.com\/fr\/wp-json\/wp\/v2\/media\/7736"}],"wp:attachment":[{"href":"https:\/\/www.europa-prefabri.com\/fr\/wp-json\/wp\/v2\/media?parent=8692"}],"wp:term":[{"taxonomy":"category","embeddable":true,"href":"https:\/\/www.europa-prefabri.com\/fr\/wp-json\/wp\/v2\/categories?post=8692"},{"taxonomy":"post_tag","embeddable":true,"href":"https:\/\/www.europa-prefabri.com\/fr\/wp-json\/wp\/v2\/tags?post=8692"}],"curies":[{"name":"wp","href":"https:\/\/api.w.org\/{rel}","templated":true}]}}