{"id":6641,"date":"2015-01-27T10:07:05","date_gmt":"2015-01-27T10:07:05","guid":{"rendered":"http:\/\/www.europa-prefabri.com\/?p=6641"},"modified":"2025-01-31T10:17:31","modified_gmt":"2025-01-31T09:17:31","slug":"couvertures-textiles-station-service","status":"publish","type":"post","link":"https:\/\/www.europa-prefabri.com\/fr\/couvertures-textiles-station-service\/","title":{"rendered":"COUVERTURES TEXTILES STATION SERVICE"},"content":{"rendered":"<section  class='av_textblock_section av-m6kjwbb1-d9514c7c3e1828aab72fdc35d1c661c2 '   itemscope=\"itemscope\" itemtype=\"https:\/\/schema.org\/BlogPosting\" itemprop=\"blogPost\" ><div class='avia_textblock'  itemprop=\"text\" ><p style=\"text-align: justify;\"><a href=\"https:\/\/www.europa-prefabri.com\/wp-content\/uploads\/IMG_3602_800x600.jpg\"><img loading=\"lazy\" decoding=\"async\" class=\"alignnone size-thumbnail wp-image-6402\" src=\"https:\/\/www.europa-prefabri.com\/wp-content\/uploads\/IMG_3602_800x600.jpg\" alt=\"IMG_3602_800x600\" width=\"80\" height=\"80\" srcset=\"https:\/\/www.europa-prefabri.com\/wp-content\/uploads\/IMG_3602_800x600-80x80.jpg 80w, https:\/\/www.europa-prefabri.com\/wp-content\/uploads\/IMG_3602_800x600-36x36.jpg 36w, https:\/\/www.europa-prefabri.com\/wp-content\/uploads\/IMG_3602_800x600-180x180.jpg 180w, https:\/\/www.europa-prefabri.com\/wp-content\/uploads\/IMG_3602_800x600-120x120.jpg 120w, https:\/\/www.europa-prefabri.com\/wp-content\/uploads\/IMG_3602_800x600-450x450.jpg 450w\" sizes=\"auto, (max-width: 80px) 100vw, 80px\" \/><\/a> <a href=\"https:\/\/www.europa-prefabri.com\/wp-content\/uploads\/IMG_3600_800x600.jpg\"><img loading=\"lazy\" decoding=\"async\" class=\"alignnone size-thumbnail wp-image-6399\" src=\"https:\/\/www.europa-prefabri.com\/wp-content\/uploads\/IMG_3600_800x600.jpg\" alt=\"IMG_3600_800x600\" width=\"80\" height=\"80\" srcset=\"https:\/\/www.europa-prefabri.com\/wp-content\/uploads\/IMG_3600_800x600-80x80.jpg 80w, https:\/\/www.europa-prefabri.com\/wp-content\/uploads\/IMG_3600_800x600-36x36.jpg 36w, https:\/\/www.europa-prefabri.com\/wp-content\/uploads\/IMG_3600_800x600-180x180.jpg 180w, https:\/\/www.europa-prefabri.com\/wp-content\/uploads\/IMG_3600_800x600-120x120.jpg 120w, https:\/\/www.europa-prefabri.com\/wp-content\/uploads\/IMG_3600_800x600-450x450.jpg 450w\" sizes=\"auto, (max-width: 80px) 100vw, 80px\" \/><\/a>\u00a0<a href=\"https:\/\/www.europa-prefabri.com\/wp-content\/uploads\/3_800x6001.jpg\"><img loading=\"lazy\" decoding=\"async\" class=\"alignnone size-thumbnail wp-image-6393\" src=\"https:\/\/www.europa-prefabri.com\/wp-content\/uploads\/3_800x6001.jpg\" alt=\"3_800x600\" width=\"80\" height=\"80\" srcset=\"https:\/\/www.europa-prefabri.com\/wp-content\/uploads\/3_800x6001-80x80.jpg 80w, https:\/\/www.europa-prefabri.com\/wp-content\/uploads\/3_800x6001-36x36.jpg 36w, https:\/\/www.europa-prefabri.com\/wp-content\/uploads\/3_800x6001-180x180.jpg 180w, https:\/\/www.europa-prefabri.com\/wp-content\/uploads\/3_800x6001-120x120.jpg 120w, https:\/\/www.europa-prefabri.com\/wp-content\/uploads\/3_800x6001-450x450.jpg 450w\" sizes=\"auto, (max-width: 80px) 100vw, 80px\" \/><\/a> <a href=\"https:\/\/www.europa-prefabri.com\/wp-content\/uploads\/2_800x6002.jpg\"><img loading=\"lazy\" decoding=\"async\" class=\"alignnone size-thumbnail wp-image-6390\" src=\"https:\/\/www.europa-prefabri.com\/wp-content\/uploads\/2_800x6002.jpg\" alt=\"2_800x600\" width=\"80\" height=\"80\" srcset=\"https:\/\/www.europa-prefabri.com\/wp-content\/uploads\/2_800x6002-80x80.jpg 80w, https:\/\/www.europa-prefabri.com\/wp-content\/uploads\/2_800x6002-36x36.jpg 36w, https:\/\/www.europa-prefabri.com\/wp-content\/uploads\/2_800x6002-180x180.jpg 180w, https:\/\/www.europa-prefabri.com\/wp-content\/uploads\/2_800x6002-120x120.jpg 120w, https:\/\/www.europa-prefabri.com\/wp-content\/uploads\/2_800x6002-450x450.jpg 450w\" sizes=\"auto, (max-width: 80px) 100vw, 80px\" \/><\/a> <a href=\"https:\/\/www.europa-prefabri.com\/wp-content\/uploads\/1_800x6001.jpg\"><img loading=\"lazy\" decoding=\"async\" class=\"alignnone size-thumbnail wp-image-6387\" src=\"https:\/\/www.europa-prefabri.com\/wp-content\/uploads\/1_800x6001.jpg\" alt=\"1_800x600\" width=\"80\" height=\"80\" srcset=\"https:\/\/www.europa-prefabri.com\/wp-content\/uploads\/1_800x6001-80x80.jpg 80w, https:\/\/www.europa-prefabri.com\/wp-content\/uploads\/1_800x6001-36x36.jpg 36w, https:\/\/www.europa-prefabri.com\/wp-content\/uploads\/1_800x6001-180x180.jpg 180w, https:\/\/www.europa-prefabri.com\/wp-content\/uploads\/1_800x6001-120x120.jpg 120w, https:\/\/www.europa-prefabri.com\/wp-content\/uploads\/1_800x6001-450x450.jpg 450w\" sizes=\"auto, (max-width: 80px) 100vw, 80px\" \/><\/a><\/p>\n<p style=\"text-align: justify;\">Dans ce post, nous pr\u00e9sentons une des applications les plus courantes de nos auvents textiles. En plus de son utilisation habituelle\u00a0comme abris\u00a0pour le stationnement de voitures, une autre utilisation possible\u00a0de nos couvertures textiles est de couvrir certaines zones d&#8217;aspirateurs et d&#8217;autres services similaires offerts par les stations-service.<\/p>\n<p style=\"text-align: justify;\">Au cours des derni\u00e8res ann\u00e9es, nous avons install\u00e9 beaucoup de textiles couverts dans les stations de gaz \u00e0 travers le pays, nos clients choisissent souvent ce produit entre les diff\u00e9rents types de auvents en raison de son design innovant. Nous pr\u00e9sentons ici des textiles de couverture install\u00e9es sur deux stations \u00e0 Malaga et Alicante.<\/p>\n<\/div><\/section>\n","protected":false},"excerpt":{"rendered":"","protected":false},"author":4,"featured_media":6393,"comment_status":"closed","ping_status":"closed","sticky":false,"template":"","format":"gallery","meta":{"footnotes":""},"categories":[413,58],"tags":[152,157,153],"class_list":["post-6641","post","type-post","status-publish","format-gallery","has-post-thumbnail","hentry","category-noticias-fr","category-projets","tag-abris-de-parking","tag-construction-modulaire-2","tag-ombriere","post_format-post-format-gallery"],"yoast_head":"<!-- This site is optimized with the Yoast SEO plugin v27.5 - https:\/\/yoast.com\/product\/yoast-seo-wordpress\/ -->\n<title>Europa-Prefabri offre des solutions pour usages divers comme abris de parking (textiles et m\u00e9talliques).<\/title>\n<meta name=\"description\" content=\"EUROPA PREFABRI : Entreprise internationale de constructions modulaires, pr\u00e9fabriqu\u00e9s et bases de vie dans plusieurs dizaines de pays. Nous proposons \u00e9galement des auvents textiles pour tous type de couvertures.\" \/>\n<meta name=\"robots\" content=\"index, follow, max-snippet:-1, max-image-preview:large, max-video-preview:-1\" \/>\n<link rel=\"canonical\" href=\"https:\/\/www.europa-prefabri.com\/fr\/couvertures-textiles-station-service\/\" \/>\n<meta property=\"og:locale\" content=\"fr_FR\" \/>\n<meta property=\"og:type\" content=\"article\" \/>\n<meta property=\"og:title\" content=\"Europa-Prefabri offre des solutions pour usages divers comme abris de parking (textiles et m\u00e9talliques).\" \/>\n<meta property=\"og:description\" content=\"EUROPA PREFABRI : Entreprise internationale de constructions modulaires, pr\u00e9fabriqu\u00e9s et bases de vie dans plusieurs dizaines de pays. Nous proposons \u00e9galement des auvents textiles pour tous type de couvertures.\" \/>\n<meta property=\"og:url\" content=\"https:\/\/www.europa-prefabri.com\/fr\/couvertures-textiles-station-service\/\" \/>\n<meta property=\"og:site_name\" content=\"Europa Prefabri | Alquiler y venta de construcciones modulares\" \/>\n<meta property=\"article:publisher\" content=\"https:\/\/www.facebook.com\/Europa-Prefabri-258328977572213\/\" \/>\n<meta property=\"article:published_time\" content=\"2015-01-27T10:07:05+00:00\" \/>\n<meta property=\"article:modified_time\" content=\"2025-01-31T09:17:31+00:00\" \/>\n<meta property=\"og:image\" content=\"https:\/\/www.europa-prefabri.com\/wp-content\/uploads\/3_800x6001.jpg\" \/>\n\t<meta property=\"og:image:width\" content=\"800\" \/>\n\t<meta property=\"og:image:height\" content=\"600\" \/>\n\t<meta property=\"og:image:type\" content=\"image\/jpeg\" \/>\n<meta name=\"author\" content=\"admin\" \/>\n<meta name=\"twitter:card\" content=\"summary_large_image\" \/>\n<meta name=\"twitter:creator\" content=\"@EuropaPrefabri\" \/>\n<meta name=\"twitter:site\" content=\"@EuropaPrefabri\" \/>\n<meta name=\"twitter:label1\" content=\"Written by\" \/>\n\t<meta name=\"twitter:data1\" content=\"admin\" \/>\n\t<meta name=\"twitter:label2\" content=\"Est. reading time\" \/>\n\t<meta name=\"twitter:data2\" content=\"2 minutes\" \/>\n<script type=\"application\/ld+json\" class=\"yoast-schema-graph\">{\"@context\":\"https:\\\/\\\/schema.org\",\"@graph\":[{\"@type\":\"Article\",\"@id\":\"https:\\\/\\\/www.europa-prefabri.com\\\/fr\\\/couvertures-textiles-station-service\\\/#article\",\"isPartOf\":{\"@id\":\"https:\\\/\\\/www.europa-prefabri.com\\\/fr\\\/couvertures-textiles-station-service\\\/\"},\"author\":{\"name\":\"admin\",\"@id\":\"https:\\\/\\\/www.europa-prefabri.com\\\/#\\\/schema\\\/person\\\/2ab6be5821a7026cd8f16d2a9411e86e\"},\"headline\":\"COUVERTURES TEXTILES STATION SERVICE\",\"datePublished\":\"2015-01-27T10:07:05+00:00\",\"dateModified\":\"2025-01-31T09:17:31+00:00\",\"mainEntityOfPage\":{\"@id\":\"https:\\\/\\\/www.europa-prefabri.com\\\/fr\\\/couvertures-textiles-station-service\\\/\"},\"wordCount\":229,\"publisher\":{\"@id\":\"https:\\\/\\\/www.europa-prefabri.com\\\/#organization\"},\"image\":{\"@id\":\"https:\\\/\\\/www.europa-prefabri.com\\\/fr\\\/couvertures-textiles-station-service\\\/#primaryimage\"},\"thumbnailUrl\":\"https:\\\/\\\/www.europa-prefabri.com\\\/wp-content\\\/uploads\\\/3_800x6001.jpg\",\"keywords\":[\"abris de parking\",\"construction modulaire\",\"ombriere\"],\"articleSection\":[\"Noticias\",\"Projets\"],\"inLanguage\":\"fr-FR\"},{\"@type\":\"WebPage\",\"@id\":\"https:\\\/\\\/www.europa-prefabri.com\\\/fr\\\/couvertures-textiles-station-service\\\/\",\"url\":\"https:\\\/\\\/www.europa-prefabri.com\\\/fr\\\/couvertures-textiles-station-service\\\/\",\"name\":\"Europa-Prefabri offre des solutions pour usages divers comme abris de parking (textiles et m\u00e9talliques).\",\"isPartOf\":{\"@id\":\"https:\\\/\\\/www.europa-prefabri.com\\\/#website\"},\"primaryImageOfPage\":{\"@id\":\"https:\\\/\\\/www.europa-prefabri.com\\\/fr\\\/couvertures-textiles-station-service\\\/#primaryimage\"},\"image\":{\"@id\":\"https:\\\/\\\/www.europa-prefabri.com\\\/fr\\\/couvertures-textiles-station-service\\\/#primaryimage\"},\"thumbnailUrl\":\"https:\\\/\\\/www.europa-prefabri.com\\\/wp-content\\\/uploads\\\/3_800x6001.jpg\",\"datePublished\":\"2015-01-27T10:07:05+00:00\",\"dateModified\":\"2025-01-31T09:17:31+00:00\",\"description\":\"EUROPA PREFABRI : Entreprise internationale de constructions modulaires, pr\u00e9fabriqu\u00e9s et bases de vie dans plusieurs dizaines de pays. Nous proposons \u00e9galement des auvents textiles pour tous type de couvertures.\",\"breadcrumb\":{\"@id\":\"https:\\\/\\\/www.europa-prefabri.com\\\/fr\\\/couvertures-textiles-station-service\\\/#breadcrumb\"},\"inLanguage\":\"fr-FR\",\"potentialAction\":[{\"@type\":\"ReadAction\",\"target\":[\"https:\\\/\\\/www.europa-prefabri.com\\\/fr\\\/couvertures-textiles-station-service\\\/\"]}]},{\"@type\":\"ImageObject\",\"inLanguage\":\"fr-FR\",\"@id\":\"https:\\\/\\\/www.europa-prefabri.com\\\/fr\\\/couvertures-textiles-station-service\\\/#primaryimage\",\"url\":\"https:\\\/\\\/www.europa-prefabri.com\\\/wp-content\\\/uploads\\\/3_800x6001.jpg\",\"contentUrl\":\"https:\\\/\\\/www.europa-prefabri.com\\\/wp-content\\\/uploads\\\/3_800x6001.jpg\",\"width\":800,\"height\":600},{\"@type\":\"BreadcrumbList\",\"@id\":\"https:\\\/\\\/www.europa-prefabri.com\\\/fr\\\/couvertures-textiles-station-service\\\/#breadcrumb\",\"itemListElement\":[{\"@type\":\"ListItem\",\"position\":1,\"name\":\"Portada\",\"item\":\"https:\\\/\\\/www.europa-prefabri.com\\\/fr\\\/\"},{\"@type\":\"ListItem\",\"position\":2,\"name\":\"COUVERTURES TEXTILES STATION SERVICE\"}]},{\"@type\":\"WebSite\",\"@id\":\"https:\\\/\\\/www.europa-prefabri.com\\\/#website\",\"url\":\"https:\\\/\\\/www.europa-prefabri.com\\\/\",\"name\":\"Europa Prefabri | Alquiler y venta de construcciones modulares\",\"description\":\"Alquiler y venta de construcciones modulares, casetas de obra, marquesinas de aparcamiento y vallas y cerramientos.\",\"publisher\":{\"@id\":\"https:\\\/\\\/www.europa-prefabri.com\\\/#organization\"},\"potentialAction\":[{\"@type\":\"SearchAction\",\"target\":{\"@type\":\"EntryPoint\",\"urlTemplate\":\"https:\\\/\\\/www.europa-prefabri.com\\\/?s={search_term_string}\"},\"query-input\":{\"@type\":\"PropertyValueSpecification\",\"valueRequired\":true,\"valueName\":\"search_term_string\"}}],\"inLanguage\":\"fr-FR\"},{\"@type\":\"Organization\",\"@id\":\"https:\\\/\\\/www.europa-prefabri.com\\\/#organization\",\"name\":\"Prefabri S.L.\",\"url\":\"https:\\\/\\\/www.europa-prefabri.com\\\/\",\"logo\":{\"@type\":\"ImageObject\",\"inLanguage\":\"fr-FR\",\"@id\":\"https:\\\/\\\/www.europa-prefabri.com\\\/#\\\/schema\\\/logo\\\/image\\\/\",\"url\":\"https:\\\/\\\/www.europa-prefabri.com\\\/wp-content\\\/uploads\\\/EuropaPrefabri-Logo.jpg\",\"contentUrl\":\"https:\\\/\\\/www.europa-prefabri.com\\\/wp-content\\\/uploads\\\/EuropaPrefabri-Logo.jpg\",\"width\":752,\"height\":348,\"caption\":\"Prefabri S.L.\"},\"image\":{\"@id\":\"https:\\\/\\\/www.europa-prefabri.com\\\/#\\\/schema\\\/logo\\\/image\\\/\"},\"sameAs\":[\"https:\\\/\\\/www.facebook.com\\\/Europa-Prefabri-258328977572213\\\/\",\"https:\\\/\\\/x.com\\\/EuropaPrefabri\",\"https:\\\/\\\/www.instagram.com\\\/europaprefabri\\\/\",\"https:\\\/\\\/es.linkedin.com\\\/company\\\/europa-prefabri\",\"https:\\\/\\\/es.pinterest.com\\\/europaprefabri\\\/\",\"https:\\\/\\\/www.youtube.com\\\/user\\\/PrefabriSL\"]},{\"@type\":\"Person\",\"@id\":\"https:\\\/\\\/www.europa-prefabri.com\\\/#\\\/schema\\\/person\\\/2ab6be5821a7026cd8f16d2a9411e86e\",\"name\":\"admin\",\"image\":{\"@type\":\"ImageObject\",\"inLanguage\":\"fr-FR\",\"@id\":\"https:\\\/\\\/secure.gravatar.com\\\/avatar\\\/dc55d3f4b941a1510eef2620b2c166513788bd88ef72341333b6d0a859bacd3c?s=96&d=mm&r=g\",\"url\":\"https:\\\/\\\/secure.gravatar.com\\\/avatar\\\/dc55d3f4b941a1510eef2620b2c166513788bd88ef72341333b6d0a859bacd3c?s=96&d=mm&r=g\",\"contentUrl\":\"https:\\\/\\\/secure.gravatar.com\\\/avatar\\\/dc55d3f4b941a1510eef2620b2c166513788bd88ef72341333b6d0a859bacd3c?s=96&d=mm&r=g\",\"caption\":\"admin\"},\"sameAs\":[\"https:\\\/\\\/www.europa-prefabri.com\",\"https:\\\/\\\/x.com\\\/@EuropaPrefabri\"]}]}<\/script>\n<!-- \/ Yoast SEO plugin. -->","yoast_head_json":{"title":"Europa-Prefabri offre des solutions pour usages divers comme abris de parking (textiles et m\u00e9talliques).","description":"EUROPA PREFABRI : Entreprise internationale de constructions modulaires, pr\u00e9fabriqu\u00e9s et bases de vie dans plusieurs dizaines de pays. Nous proposons \u00e9galement des auvents textiles pour tous type de couvertures.","robots":{"index":"index","follow":"follow","max-snippet":"max-snippet:-1","max-image-preview":"max-image-preview:large","max-video-preview":"max-video-preview:-1"},"canonical":"https:\/\/www.europa-prefabri.com\/fr\/couvertures-textiles-station-service\/","og_locale":"fr_FR","og_type":"article","og_title":"Europa-Prefabri offre des solutions pour usages divers comme abris de parking (textiles et m\u00e9talliques).","og_description":"EUROPA PREFABRI : Entreprise internationale de constructions modulaires, pr\u00e9fabriqu\u00e9s et bases de vie dans plusieurs dizaines de pays. Nous proposons \u00e9galement des auvents textiles pour tous type de couvertures.","og_url":"https:\/\/www.europa-prefabri.com\/fr\/couvertures-textiles-station-service\/","og_site_name":"Europa Prefabri | Alquiler y venta de construcciones modulares","article_publisher":"https:\/\/www.facebook.com\/Europa-Prefabri-258328977572213\/","article_published_time":"2015-01-27T10:07:05+00:00","article_modified_time":"2025-01-31T09:17:31+00:00","og_image":[{"width":800,"height":600,"url":"https:\/\/www.europa-prefabri.com\/wp-content\/uploads\/3_800x6001.jpg","type":"image\/jpeg"}],"author":"admin","twitter_card":"summary_large_image","twitter_creator":"@EuropaPrefabri","twitter_site":"@EuropaPrefabri","twitter_misc":{"Written by":"admin","Est. reading time":"2 minutes"},"schema":{"@context":"https:\/\/schema.org","@graph":[{"@type":"Article","@id":"https:\/\/www.europa-prefabri.com\/fr\/couvertures-textiles-station-service\/#article","isPartOf":{"@id":"https:\/\/www.europa-prefabri.com\/fr\/couvertures-textiles-station-service\/"},"author":{"name":"admin","@id":"https:\/\/www.europa-prefabri.com\/#\/schema\/person\/2ab6be5821a7026cd8f16d2a9411e86e"},"headline":"COUVERTURES TEXTILES STATION SERVICE","datePublished":"2015-01-27T10:07:05+00:00","dateModified":"2025-01-31T09:17:31+00:00","mainEntityOfPage":{"@id":"https:\/\/www.europa-prefabri.com\/fr\/couvertures-textiles-station-service\/"},"wordCount":229,"publisher":{"@id":"https:\/\/www.europa-prefabri.com\/#organization"},"image":{"@id":"https:\/\/www.europa-prefabri.com\/fr\/couvertures-textiles-station-service\/#primaryimage"},"thumbnailUrl":"https:\/\/www.europa-prefabri.com\/wp-content\/uploads\/3_800x6001.jpg","keywords":["abris de parking","construction modulaire","ombriere"],"articleSection":["Noticias","Projets"],"inLanguage":"fr-FR"},{"@type":"WebPage","@id":"https:\/\/www.europa-prefabri.com\/fr\/couvertures-textiles-station-service\/","url":"https:\/\/www.europa-prefabri.com\/fr\/couvertures-textiles-station-service\/","name":"Europa-Prefabri offre des solutions pour usages divers comme abris de parking (textiles et m\u00e9talliques).","isPartOf":{"@id":"https:\/\/www.europa-prefabri.com\/#website"},"primaryImageOfPage":{"@id":"https:\/\/www.europa-prefabri.com\/fr\/couvertures-textiles-station-service\/#primaryimage"},"image":{"@id":"https:\/\/www.europa-prefabri.com\/fr\/couvertures-textiles-station-service\/#primaryimage"},"thumbnailUrl":"https:\/\/www.europa-prefabri.com\/wp-content\/uploads\/3_800x6001.jpg","datePublished":"2015-01-27T10:07:05+00:00","dateModified":"2025-01-31T09:17:31+00:00","description":"EUROPA PREFABRI : Entreprise internationale de constructions modulaires, pr\u00e9fabriqu\u00e9s et bases de vie dans plusieurs dizaines de pays. Nous proposons \u00e9galement des auvents textiles pour tous type de couvertures.","breadcrumb":{"@id":"https:\/\/www.europa-prefabri.com\/fr\/couvertures-textiles-station-service\/#breadcrumb"},"inLanguage":"fr-FR","potentialAction":[{"@type":"ReadAction","target":["https:\/\/www.europa-prefabri.com\/fr\/couvertures-textiles-station-service\/"]}]},{"@type":"ImageObject","inLanguage":"fr-FR","@id":"https:\/\/www.europa-prefabri.com\/fr\/couvertures-textiles-station-service\/#primaryimage","url":"https:\/\/www.europa-prefabri.com\/wp-content\/uploads\/3_800x6001.jpg","contentUrl":"https:\/\/www.europa-prefabri.com\/wp-content\/uploads\/3_800x6001.jpg","width":800,"height":600},{"@type":"BreadcrumbList","@id":"https:\/\/www.europa-prefabri.com\/fr\/couvertures-textiles-station-service\/#breadcrumb","itemListElement":[{"@type":"ListItem","position":1,"name":"Portada","item":"https:\/\/www.europa-prefabri.com\/fr\/"},{"@type":"ListItem","position":2,"name":"COUVERTURES TEXTILES STATION SERVICE"}]},{"@type":"WebSite","@id":"https:\/\/www.europa-prefabri.com\/#website","url":"https:\/\/www.europa-prefabri.com\/","name":"Europa Prefabri | Alquiler y venta de construcciones modulares","description":"Alquiler y venta de construcciones modulares, casetas de obra, marquesinas de aparcamiento y vallas y cerramientos.","publisher":{"@id":"https:\/\/www.europa-prefabri.com\/#organization"},"potentialAction":[{"@type":"SearchAction","target":{"@type":"EntryPoint","urlTemplate":"https:\/\/www.europa-prefabri.com\/?s={search_term_string}"},"query-input":{"@type":"PropertyValueSpecification","valueRequired":true,"valueName":"search_term_string"}}],"inLanguage":"fr-FR"},{"@type":"Organization","@id":"https:\/\/www.europa-prefabri.com\/#organization","name":"Prefabri S.L.","url":"https:\/\/www.europa-prefabri.com\/","logo":{"@type":"ImageObject","inLanguage":"fr-FR","@id":"https:\/\/www.europa-prefabri.com\/#\/schema\/logo\/image\/","url":"https:\/\/www.europa-prefabri.com\/wp-content\/uploads\/EuropaPrefabri-Logo.jpg","contentUrl":"https:\/\/www.europa-prefabri.com\/wp-content\/uploads\/EuropaPrefabri-Logo.jpg","width":752,"height":348,"caption":"Prefabri S.L."},"image":{"@id":"https:\/\/www.europa-prefabri.com\/#\/schema\/logo\/image\/"},"sameAs":["https:\/\/www.facebook.com\/Europa-Prefabri-258328977572213\/","https:\/\/x.com\/EuropaPrefabri","https:\/\/www.instagram.com\/europaprefabri\/","https:\/\/es.linkedin.com\/company\/europa-prefabri","https:\/\/es.pinterest.com\/europaprefabri\/","https:\/\/www.youtube.com\/user\/PrefabriSL"]},{"@type":"Person","@id":"https:\/\/www.europa-prefabri.com\/#\/schema\/person\/2ab6be5821a7026cd8f16d2a9411e86e","name":"admin","image":{"@type":"ImageObject","inLanguage":"fr-FR","@id":"https:\/\/secure.gravatar.com\/avatar\/dc55d3f4b941a1510eef2620b2c166513788bd88ef72341333b6d0a859bacd3c?s=96&d=mm&r=g","url":"https:\/\/secure.gravatar.com\/avatar\/dc55d3f4b941a1510eef2620b2c166513788bd88ef72341333b6d0a859bacd3c?s=96&d=mm&r=g","contentUrl":"https:\/\/secure.gravatar.com\/avatar\/dc55d3f4b941a1510eef2620b2c166513788bd88ef72341333b6d0a859bacd3c?s=96&d=mm&r=g","caption":"admin"},"sameAs":["https:\/\/www.europa-prefabri.com","https:\/\/x.com\/@EuropaPrefabri"]}]}},"_links":{"self":[{"href":"https:\/\/www.europa-prefabri.com\/fr\/wp-json\/wp\/v2\/posts\/6641","targetHints":{"allow":["GET"]}}],"collection":[{"href":"https:\/\/www.europa-prefabri.com\/fr\/wp-json\/wp\/v2\/posts"}],"about":[{"href":"https:\/\/www.europa-prefabri.com\/fr\/wp-json\/wp\/v2\/types\/post"}],"author":[{"embeddable":true,"href":"https:\/\/www.europa-prefabri.com\/fr\/wp-json\/wp\/v2\/users\/4"}],"replies":[{"embeddable":true,"href":"https:\/\/www.europa-prefabri.com\/fr\/wp-json\/wp\/v2\/comments?post=6641"}],"version-history":[{"count":2,"href":"https:\/\/www.europa-prefabri.com\/fr\/wp-json\/wp\/v2\/posts\/6641\/revisions"}],"predecessor-version":[{"id":35615,"href":"https:\/\/www.europa-prefabri.com\/fr\/wp-json\/wp\/v2\/posts\/6641\/revisions\/35615"}],"wp:featuredmedia":[{"embeddable":true,"href":"https:\/\/www.europa-prefabri.com\/fr\/wp-json\/wp\/v2\/media\/6393"}],"wp:attachment":[{"href":"https:\/\/www.europa-prefabri.com\/fr\/wp-json\/wp\/v2\/media?parent=6641"}],"wp:term":[{"taxonomy":"category","embeddable":true,"href":"https:\/\/www.europa-prefabri.com\/fr\/wp-json\/wp\/v2\/categories?post=6641"},{"taxonomy":"post_tag","embeddable":true,"href":"https:\/\/www.europa-prefabri.com\/fr\/wp-json\/wp\/v2\/tags?post=6641"}],"curies":[{"name":"wp","href":"https:\/\/api.w.org\/{rel}","templated":true}]}}