{"id":6448,"date":"2014-12-19T16:11:36","date_gmt":"2014-12-19T16:11:36","guid":{"rendered":"http:\/\/www.europa-prefabri.com\/?p=6448"},"modified":"2016-03-29T16:39:34","modified_gmt":"2016-03-29T16:39:34","slug":"parking-carrefour-2","status":"publish","type":"post","link":"https:\/\/www.europa-prefabri.com\/fr\/parking-carrefour-2\/","title":{"rendered":"Parking Carrefour"},"content":{"rendered":"<p>Dans le cadre de la r\u00e9novation du Centre Comercial El Pinar, plac\u00e9 \u00e0 Las Rozas \u00a0(Madrid ), la soci\u00e9t\u00e9 qui d\u00e9tient Carrefour Property nous a d\u00e9cern\u00e9 tous les travaux \u00e0 faire dans la surface parking y compris, la fabrication et l&#8217;installation de nouveaux abris avec du conditionnement, qui sont d\u00e9j\u00e0 install\u00e9s, de la signalisation, de la peinture , etc.\u00a0Encore une fois EUROPA PREFABRI a d\u00e9montr\u00e9 sa\u00a0capacit\u00e9 \u00e0 ex\u00e9cuter des grands projets Parking de surface pour les centres commerciaux, les a\u00e9roports, les gares et les b\u00e2timents publics et priv\u00e9s.<\/p>\n\n\t\t<style type=\"text\/css\">\n\t\t\t#gallery-1 {\n\t\t\t\tmargin: auto;\n\t\t\t}\n\t\t\t#gallery-1 .gallery-item {\n\t\t\t\tfloat: left;\n\t\t\t\tmargin-top: 10px;\n\t\t\t\ttext-align: center;\n\t\t\t\twidth: 11%;\n\t\t\t}\n\t\t\t#gallery-1 img {\n\t\t\t\tborder: 2px solid #cfcfcf;\n\t\t\t}\n\t\t\t#gallery-1 .gallery-caption {\n\t\t\t\tmargin-left: 0;\n\t\t\t}\n\t\t\t\/* see gallery_shortcode() in wp-includes\/media.php *\/\n\t\t<\/style>\n\t\t<div id='gallery-1' class='gallery galleryid-6448 gallery-columns-9 gallery-size-thumbnail'><dl class='gallery-item'>\n\t\t\t<dt class='gallery-icon landscape'>\n\t\t\t\t<a href='https:\/\/www.europa-prefabri.com\/fr\/20141112_110707_800x480-2-2\/'><img loading=\"lazy\" decoding=\"async\" width=\"80\" height=\"80\" src=\"https:\/\/www.europa-prefabri.com\/wp-content\/uploads\/20141112_110707_800x4801-80x80.jpg\" class=\"attachment-thumbnail size-thumbnail\" alt=\"\" srcset=\"https:\/\/www.europa-prefabri.com\/wp-content\/uploads\/20141112_110707_800x4801-80x80.jpg 80w, https:\/\/www.europa-prefabri.com\/wp-content\/uploads\/20141112_110707_800x4801-36x36.jpg 36w, https:\/\/www.europa-prefabri.com\/wp-content\/uploads\/20141112_110707_800x4801-180x180.jpg 180w, https:\/\/www.europa-prefabri.com\/wp-content\/uploads\/20141112_110707_800x4801-120x120.jpg 120w, https:\/\/www.europa-prefabri.com\/wp-content\/uploads\/20141112_110707_800x4801-450x450.jpg 450w\" sizes=\"auto, (max-width: 80px) 100vw, 80px\" \/><\/a>\n\t\t\t<\/dt><\/dl><dl class='gallery-item'>\n\t\t\t<dt class='gallery-icon landscape'>\n\t\t\t\t<a href='https:\/\/www.europa-prefabri.com\/fr\/20141112_094539_800x480\/'><img loading=\"lazy\" decoding=\"async\" width=\"80\" height=\"80\" src=\"https:\/\/www.europa-prefabri.com\/wp-content\/uploads\/20141112_094539_800x480-80x80.jpg\" class=\"attachment-thumbnail size-thumbnail\" alt=\"Cubiertas metalicas para aparcamiento\" srcset=\"https:\/\/www.europa-prefabri.com\/wp-content\/uploads\/20141112_094539_800x480-80x80.jpg 80w, https:\/\/www.europa-prefabri.com\/wp-content\/uploads\/20141112_094539_800x480-36x36.jpg 36w, https:\/\/www.europa-prefabri.com\/wp-content\/uploads\/20141112_094539_800x480-180x180.jpg 180w, https:\/\/www.europa-prefabri.com\/wp-content\/uploads\/20141112_094539_800x480-120x120.jpg 120w, https:\/\/www.europa-prefabri.com\/wp-content\/uploads\/20141112_094539_800x480-450x450.jpg 450w\" sizes=\"auto, (max-width: 80px) 100vw, 80px\" \/><\/a>\n\t\t\t<\/dt><\/dl><dl class='gallery-item'>\n\t\t\t<dt class='gallery-icon landscape'>\n\t\t\t\t<a href='https:\/\/www.europa-prefabri.com\/fr\/20141112_100935_800x480\/'><img loading=\"lazy\" decoding=\"async\" width=\"80\" height=\"80\" src=\"https:\/\/www.europa-prefabri.com\/wp-content\/uploads\/20141112_100935_800x480-80x80.jpg\" class=\"attachment-thumbnail size-thumbnail\" alt=\"Cubiertas metalicas para aparcamiento\" srcset=\"https:\/\/www.europa-prefabri.com\/wp-content\/uploads\/20141112_100935_800x480-80x80.jpg 80w, https:\/\/www.europa-prefabri.com\/wp-content\/uploads\/20141112_100935_800x480-36x36.jpg 36w, https:\/\/www.europa-prefabri.com\/wp-content\/uploads\/20141112_100935_800x480-180x180.jpg 180w, https:\/\/www.europa-prefabri.com\/wp-content\/uploads\/20141112_100935_800x480-120x120.jpg 120w, https:\/\/www.europa-prefabri.com\/wp-content\/uploads\/20141112_100935_800x480-450x450.jpg 450w\" sizes=\"auto, (max-width: 80px) 100vw, 80px\" \/><\/a>\n\t\t\t<\/dt><\/dl><dl class='gallery-item'>\n\t\t\t<dt class='gallery-icon landscape'>\n\t\t\t\t<a href='https:\/\/www.europa-prefabri.com\/fr\/20141112_102527_800x480\/'><img loading=\"lazy\" decoding=\"async\" width=\"80\" height=\"80\" src=\"https:\/\/www.europa-prefabri.com\/wp-content\/uploads\/20141112_102527_800x480-80x80.jpg\" class=\"attachment-thumbnail size-thumbnail\" alt=\"Cubiertas metalicas para aparcamiento\" srcset=\"https:\/\/www.europa-prefabri.com\/wp-content\/uploads\/20141112_102527_800x480-80x80.jpg 80w, https:\/\/www.europa-prefabri.com\/wp-content\/uploads\/20141112_102527_800x480-36x36.jpg 36w, https:\/\/www.europa-prefabri.com\/wp-content\/uploads\/20141112_102527_800x480-180x180.jpg 180w, https:\/\/www.europa-prefabri.com\/wp-content\/uploads\/20141112_102527_800x480-120x120.jpg 120w, https:\/\/www.europa-prefabri.com\/wp-content\/uploads\/20141112_102527_800x480-450x450.jpg 450w\" sizes=\"auto, (max-width: 80px) 100vw, 80px\" \/><\/a>\n\t\t\t<\/dt><\/dl><dl class='gallery-item'>\n\t\t\t<dt class='gallery-icon landscape'>\n\t\t\t\t<a href='https:\/\/www.europa-prefabri.com\/fr\/20141112_102617_800x480\/'><img loading=\"lazy\" decoding=\"async\" width=\"80\" height=\"80\" src=\"https:\/\/www.europa-prefabri.com\/wp-content\/uploads\/20141112_102617_800x480-80x80.jpg\" class=\"attachment-thumbnail size-thumbnail\" alt=\"Cubiertas metalicas para aparcamiento\" srcset=\"https:\/\/www.europa-prefabri.com\/wp-content\/uploads\/20141112_102617_800x480-80x80.jpg 80w, https:\/\/www.europa-prefabri.com\/wp-content\/uploads\/20141112_102617_800x480-36x36.jpg 36w, https:\/\/www.europa-prefabri.com\/wp-content\/uploads\/20141112_102617_800x480-180x180.jpg 180w, https:\/\/www.europa-prefabri.com\/wp-content\/uploads\/20141112_102617_800x480-120x120.jpg 120w, https:\/\/www.europa-prefabri.com\/wp-content\/uploads\/20141112_102617_800x480-450x450.jpg 450w\" sizes=\"auto, (max-width: 80px) 100vw, 80px\" \/><\/a>\n\t\t\t<\/dt><\/dl><dl class='gallery-item'>\n\t\t\t<dt class='gallery-icon landscape'>\n\t\t\t\t<a href='https:\/\/www.europa-prefabri.com\/fr\/20141112_110341_800x480-3\/'><img loading=\"lazy\" decoding=\"async\" width=\"80\" height=\"80\" src=\"https:\/\/www.europa-prefabri.com\/wp-content\/uploads\/20141112_110341_800x480-80x80.jpg\" class=\"attachment-thumbnail size-thumbnail\" alt=\"\" srcset=\"https:\/\/www.europa-prefabri.com\/wp-content\/uploads\/20141112_110341_800x480-80x80.jpg 80w, https:\/\/www.europa-prefabri.com\/wp-content\/uploads\/20141112_110341_800x480-36x36.jpg 36w, https:\/\/www.europa-prefabri.com\/wp-content\/uploads\/20141112_110341_800x480-180x180.jpg 180w, https:\/\/www.europa-prefabri.com\/wp-content\/uploads\/20141112_110341_800x480-120x120.jpg 120w, https:\/\/www.europa-prefabri.com\/wp-content\/uploads\/20141112_110341_800x480-450x450.jpg 450w\" sizes=\"auto, (max-width: 80px) 100vw, 80px\" \/><\/a>\n\t\t\t<\/dt><\/dl><dl class='gallery-item'>\n\t\t\t<dt class='gallery-icon landscape'>\n\t\t\t\t<a href='https:\/\/www.europa-prefabri.com\/fr\/20141112_110456_800x480\/'><img loading=\"lazy\" decoding=\"async\" width=\"80\" height=\"80\" src=\"https:\/\/www.europa-prefabri.com\/wp-content\/uploads\/20141112_110456_800x480-80x80.jpg\" class=\"attachment-thumbnail size-thumbnail\" alt=\"Cubiertas metalicas para aparcamiento\" srcset=\"https:\/\/www.europa-prefabri.com\/wp-content\/uploads\/20141112_110456_800x480-80x80.jpg 80w, https:\/\/www.europa-prefabri.com\/wp-content\/uploads\/20141112_110456_800x480-36x36.jpg 36w, https:\/\/www.europa-prefabri.com\/wp-content\/uploads\/20141112_110456_800x480-180x180.jpg 180w, https:\/\/www.europa-prefabri.com\/wp-content\/uploads\/20141112_110456_800x480-120x120.jpg 120w, https:\/\/www.europa-prefabri.com\/wp-content\/uploads\/20141112_110456_800x480-450x450.jpg 450w\" sizes=\"auto, (max-width: 80px) 100vw, 80px\" \/><\/a>\n\t\t\t<\/dt><\/dl><dl class='gallery-item'>\n\t\t\t<dt class='gallery-icon landscape'>\n\t\t\t\t<a href='https:\/\/www.europa-prefabri.com\/fr\/20141112_110549_800x480\/'><img loading=\"lazy\" decoding=\"async\" width=\"80\" height=\"80\" src=\"https:\/\/www.europa-prefabri.com\/wp-content\/uploads\/20141112_110549_800x480-80x80.jpg\" class=\"attachment-thumbnail size-thumbnail\" alt=\"Cubiertas metalicas para aparcamiento\" srcset=\"https:\/\/www.europa-prefabri.com\/wp-content\/uploads\/20141112_110549_800x480-80x80.jpg 80w, https:\/\/www.europa-prefabri.com\/wp-content\/uploads\/20141112_110549_800x480-36x36.jpg 36w, https:\/\/www.europa-prefabri.com\/wp-content\/uploads\/20141112_110549_800x480-180x180.jpg 180w, https:\/\/www.europa-prefabri.com\/wp-content\/uploads\/20141112_110549_800x480-120x120.jpg 120w, https:\/\/www.europa-prefabri.com\/wp-content\/uploads\/20141112_110549_800x480-450x450.jpg 450w\" sizes=\"auto, (max-width: 80px) 100vw, 80px\" \/><\/a>\n\t\t\t<\/dt><\/dl><dl class='gallery-item'>\n\t\t\t<dt class='gallery-icon landscape'>\n\t\t\t\t<a href='https:\/\/www.europa-prefabri.com\/fr\/20141112_110641_800x480\/'><img loading=\"lazy\" decoding=\"async\" width=\"80\" height=\"80\" src=\"https:\/\/www.europa-prefabri.com\/wp-content\/uploads\/20141112_110641_800x480-80x80.jpg\" class=\"attachment-thumbnail size-thumbnail\" alt=\"Cubiertas metalicas para aparcamiento\" srcset=\"https:\/\/www.europa-prefabri.com\/wp-content\/uploads\/20141112_110641_800x480-80x80.jpg 80w, https:\/\/www.europa-prefabri.com\/wp-content\/uploads\/20141112_110641_800x480-36x36.jpg 36w, https:\/\/www.europa-prefabri.com\/wp-content\/uploads\/20141112_110641_800x480-180x180.jpg 180w, https:\/\/www.europa-prefabri.com\/wp-content\/uploads\/20141112_110641_800x480-120x120.jpg 120w, https:\/\/www.europa-prefabri.com\/wp-content\/uploads\/20141112_110641_800x480-450x450.jpg 450w\" sizes=\"auto, (max-width: 80px) 100vw, 80px\" \/><\/a>\n\t\t\t<\/dt><\/dl><br style=\"clear: both\" \/><dl class='gallery-item'>\n\t\t\t<dt class='gallery-icon landscape'>\n\t\t\t\t<a href='https:\/\/www.europa-prefabri.com\/fr\/20141112_110703_800x480\/'><img loading=\"lazy\" decoding=\"async\" width=\"80\" height=\"80\" src=\"https:\/\/www.europa-prefabri.com\/wp-content\/uploads\/20141112_110703_800x480-80x80.jpg\" class=\"attachment-thumbnail size-thumbnail\" alt=\"Cubiertas metalicas para aparcamiento\" srcset=\"https:\/\/www.europa-prefabri.com\/wp-content\/uploads\/20141112_110703_800x480-80x80.jpg 80w, https:\/\/www.europa-prefabri.com\/wp-content\/uploads\/20141112_110703_800x480-36x36.jpg 36w, https:\/\/www.europa-prefabri.com\/wp-content\/uploads\/20141112_110703_800x480-180x180.jpg 180w, https:\/\/www.europa-prefabri.com\/wp-content\/uploads\/20141112_110703_800x480-120x120.jpg 120w, https:\/\/www.europa-prefabri.com\/wp-content\/uploads\/20141112_110703_800x480-450x450.jpg 450w\" sizes=\"auto, (max-width: 80px) 100vw, 80px\" \/><\/a>\n\t\t\t<\/dt><\/dl><dl class='gallery-item'>\n\t\t\t<dt class='gallery-icon landscape'>\n\t\t\t\t<a href='https:\/\/www.europa-prefabri.com\/fr\/img_3153_800x600\/'><img loading=\"lazy\" decoding=\"async\" width=\"80\" height=\"80\" src=\"https:\/\/www.europa-prefabri.com\/wp-content\/uploads\/IMG_3153_800x600-80x80.jpg\" class=\"attachment-thumbnail size-thumbnail\" alt=\"Cubiertas metalicas para aparcamiento\" srcset=\"https:\/\/www.europa-prefabri.com\/wp-content\/uploads\/IMG_3153_800x600-80x80.jpg 80w, https:\/\/www.europa-prefabri.com\/wp-content\/uploads\/IMG_3153_800x600-36x36.jpg 36w, https:\/\/www.europa-prefabri.com\/wp-content\/uploads\/IMG_3153_800x600-180x180.jpg 180w, https:\/\/www.europa-prefabri.com\/wp-content\/uploads\/IMG_3153_800x600-120x120.jpg 120w, https:\/\/www.europa-prefabri.com\/wp-content\/uploads\/IMG_3153_800x600-450x450.jpg 450w\" sizes=\"auto, (max-width: 80px) 100vw, 80px\" \/><\/a>\n\t\t\t<\/dt><\/dl>\n\t\t\t<br style='clear: both' \/>\n\t\t<\/div>\n\n","protected":false},"excerpt":{"rendered":"<p>Dans le cadre de la r\u00e9novation du Centre Comercial El Pinar, plac\u00e9 \u00e0 Las Rozas \u00a0(Madrid ), la soci\u00e9t\u00e9 qui d\u00e9tient Carrefour Property nous a d\u00e9cern\u00e9 tous les travaux \u00e0 faire dans la surface parking y compris, la fabrication et l&#8217;installation de nouveaux abris avec du conditionnement, qui sont d\u00e9j\u00e0 install\u00e9s, de la signalisation, de [&hellip;]<\/p>\n","protected":false},"author":4,"featured_media":6450,"comment_status":"closed","ping_status":"closed","sticky":false,"template":"","format":"gallery","meta":{"footnotes":""},"categories":[413,58],"tags":[],"class_list":["post-6448","post","type-post","status-publish","format-gallery","has-post-thumbnail","hentry","category-noticias-fr","category-projets","post_format-post-format-gallery"],"yoast_head":"<!-- This site is optimized with the Yoast SEO plugin v27.5 - https:\/\/yoast.com\/product\/yoast-seo-wordpress\/ -->\n<title>EUROPA PREFABRI - R\u00e9lisation de tout l&#039;am\u00e9nagement du Parking Carrefour<\/title>\n<meta name=\"description\" content=\"L&#039;entreprise EUROPA PREFABRI, leader espagnole en ce qui concerne la fabrication de modules pr\u00e9fabriqu\u00e9s, propose \u00e9galement toute sorte d&#039;abris pour parking comme ceux pr\u00e9sents dans de nombreux centres commerciaux, h\u00f4pitaux, a\u00e9roports ou gares ferroviaires.\" \/>\n<meta name=\"robots\" content=\"index, follow, max-snippet:-1, max-image-preview:large, max-video-preview:-1\" \/>\n<link rel=\"canonical\" href=\"https:\/\/www.europa-prefabri.com\/fr\/parking-carrefour-2\/\" \/>\n<meta property=\"og:locale\" content=\"fr_FR\" \/>\n<meta property=\"og:type\" content=\"article\" \/>\n<meta property=\"og:title\" content=\"EUROPA PREFABRI - R\u00e9lisation de tout l&#039;am\u00e9nagement du Parking Carrefour\" \/>\n<meta property=\"og:description\" content=\"L&#039;entreprise EUROPA PREFABRI, leader espagnole en ce qui concerne la fabrication de modules pr\u00e9fabriqu\u00e9s, propose \u00e9galement toute sorte d&#039;abris pour parking comme ceux pr\u00e9sents dans de nombreux centres commerciaux, h\u00f4pitaux, a\u00e9roports ou gares ferroviaires.\" \/>\n<meta property=\"og:url\" content=\"https:\/\/www.europa-prefabri.com\/fr\/parking-carrefour-2\/\" \/>\n<meta property=\"og:site_name\" content=\"Europa Prefabri | Alquiler y venta de construcciones modulares\" \/>\n<meta property=\"article:publisher\" content=\"https:\/\/www.facebook.com\/Europa-Prefabri-258328977572213\/\" \/>\n<meta property=\"article:published_time\" content=\"2014-12-19T16:11:36+00:00\" \/>\n<meta property=\"article:modified_time\" content=\"2016-03-29T16:39:34+00:00\" \/>\n<meta property=\"og:image\" content=\"https:\/\/www.europa-prefabri.com\/wp-content\/uploads\/PARKING-CARREFOUR.jpg\" \/>\n\t<meta property=\"og:image:width\" content=\"800\" \/>\n\t<meta property=\"og:image:height\" content=\"480\" \/>\n\t<meta property=\"og:image:type\" content=\"image\/jpeg\" \/>\n<meta name=\"author\" content=\"admin\" \/>\n<meta name=\"twitter:card\" content=\"summary_large_image\" \/>\n<meta name=\"twitter:creator\" content=\"@EuropaPrefabri\" \/>\n<meta name=\"twitter:site\" content=\"@EuropaPrefabri\" \/>\n<meta name=\"twitter:label1\" content=\"Written by\" \/>\n\t<meta name=\"twitter:data1\" content=\"admin\" \/>\n<script type=\"application\/ld+json\" class=\"yoast-schema-graph\">{\"@context\":\"https:\\\/\\\/schema.org\",\"@graph\":[{\"@type\":\"Article\",\"@id\":\"https:\\\/\\\/www.europa-prefabri.com\\\/fr\\\/parking-carrefour-2\\\/#article\",\"isPartOf\":{\"@id\":\"https:\\\/\\\/www.europa-prefabri.com\\\/fr\\\/parking-carrefour-2\\\/\"},\"author\":{\"name\":\"admin\",\"@id\":\"https:\\\/\\\/www.europa-prefabri.com\\\/#\\\/schema\\\/person\\\/2ab6be5821a7026cd8f16d2a9411e86e\"},\"headline\":\"Parking Carrefour\",\"datePublished\":\"2014-12-19T16:11:36+00:00\",\"dateModified\":\"2016-03-29T16:39:34+00:00\",\"mainEntityOfPage\":{\"@id\":\"https:\\\/\\\/www.europa-prefabri.com\\\/fr\\\/parking-carrefour-2\\\/\"},\"wordCount\":101,\"publisher\":{\"@id\":\"https:\\\/\\\/www.europa-prefabri.com\\\/#organization\"},\"image\":{\"@id\":\"https:\\\/\\\/www.europa-prefabri.com\\\/fr\\\/parking-carrefour-2\\\/#primaryimage\"},\"thumbnailUrl\":\"https:\\\/\\\/www.europa-prefabri.com\\\/wp-content\\\/uploads\\\/PARKING-CARREFOUR.jpg\",\"articleSection\":[\"Noticias\",\"Projets\"],\"inLanguage\":\"fr-FR\"},{\"@type\":\"WebPage\",\"@id\":\"https:\\\/\\\/www.europa-prefabri.com\\\/fr\\\/parking-carrefour-2\\\/\",\"url\":\"https:\\\/\\\/www.europa-prefabri.com\\\/fr\\\/parking-carrefour-2\\\/\",\"name\":\"EUROPA PREFABRI - R\u00e9lisation de tout l'am\u00e9nagement du Parking Carrefour\",\"isPartOf\":{\"@id\":\"https:\\\/\\\/www.europa-prefabri.com\\\/#website\"},\"primaryImageOfPage\":{\"@id\":\"https:\\\/\\\/www.europa-prefabri.com\\\/fr\\\/parking-carrefour-2\\\/#primaryimage\"},\"image\":{\"@id\":\"https:\\\/\\\/www.europa-prefabri.com\\\/fr\\\/parking-carrefour-2\\\/#primaryimage\"},\"thumbnailUrl\":\"https:\\\/\\\/www.europa-prefabri.com\\\/wp-content\\\/uploads\\\/PARKING-CARREFOUR.jpg\",\"datePublished\":\"2014-12-19T16:11:36+00:00\",\"dateModified\":\"2016-03-29T16:39:34+00:00\",\"description\":\"L'entreprise EUROPA PREFABRI, leader espagnole en ce qui concerne la fabrication de modules pr\u00e9fabriqu\u00e9s, propose \u00e9galement toute sorte d'abris pour parking comme ceux pr\u00e9sents dans de nombreux centres commerciaux, h\u00f4pitaux, a\u00e9roports ou gares ferroviaires.\",\"breadcrumb\":{\"@id\":\"https:\\\/\\\/www.europa-prefabri.com\\\/fr\\\/parking-carrefour-2\\\/#breadcrumb\"},\"inLanguage\":\"fr-FR\",\"potentialAction\":[{\"@type\":\"ReadAction\",\"target\":[\"https:\\\/\\\/www.europa-prefabri.com\\\/fr\\\/parking-carrefour-2\\\/\"]}]},{\"@type\":\"ImageObject\",\"inLanguage\":\"fr-FR\",\"@id\":\"https:\\\/\\\/www.europa-prefabri.com\\\/fr\\\/parking-carrefour-2\\\/#primaryimage\",\"url\":\"https:\\\/\\\/www.europa-prefabri.com\\\/wp-content\\\/uploads\\\/PARKING-CARREFOUR.jpg\",\"contentUrl\":\"https:\\\/\\\/www.europa-prefabri.com\\\/wp-content\\\/uploads\\\/PARKING-CARREFOUR.jpg\",\"width\":800,\"height\":480},{\"@type\":\"BreadcrumbList\",\"@id\":\"https:\\\/\\\/www.europa-prefabri.com\\\/fr\\\/parking-carrefour-2\\\/#breadcrumb\",\"itemListElement\":[{\"@type\":\"ListItem\",\"position\":1,\"name\":\"Portada\",\"item\":\"https:\\\/\\\/www.europa-prefabri.com\\\/fr\\\/\"},{\"@type\":\"ListItem\",\"position\":2,\"name\":\"Parking Carrefour\"}]},{\"@type\":\"WebSite\",\"@id\":\"https:\\\/\\\/www.europa-prefabri.com\\\/#website\",\"url\":\"https:\\\/\\\/www.europa-prefabri.com\\\/\",\"name\":\"Europa Prefabri | Alquiler y venta de construcciones modulares\",\"description\":\"Alquiler y venta de construcciones modulares, casetas de obra, marquesinas de aparcamiento y vallas y cerramientos.\",\"publisher\":{\"@id\":\"https:\\\/\\\/www.europa-prefabri.com\\\/#organization\"},\"potentialAction\":[{\"@type\":\"SearchAction\",\"target\":{\"@type\":\"EntryPoint\",\"urlTemplate\":\"https:\\\/\\\/www.europa-prefabri.com\\\/?s={search_term_string}\"},\"query-input\":{\"@type\":\"PropertyValueSpecification\",\"valueRequired\":true,\"valueName\":\"search_term_string\"}}],\"inLanguage\":\"fr-FR\"},{\"@type\":\"Organization\",\"@id\":\"https:\\\/\\\/www.europa-prefabri.com\\\/#organization\",\"name\":\"Prefabri S.L.\",\"url\":\"https:\\\/\\\/www.europa-prefabri.com\\\/\",\"logo\":{\"@type\":\"ImageObject\",\"inLanguage\":\"fr-FR\",\"@id\":\"https:\\\/\\\/www.europa-prefabri.com\\\/#\\\/schema\\\/logo\\\/image\\\/\",\"url\":\"https:\\\/\\\/www.europa-prefabri.com\\\/wp-content\\\/uploads\\\/EuropaPrefabri-Logo.jpg\",\"contentUrl\":\"https:\\\/\\\/www.europa-prefabri.com\\\/wp-content\\\/uploads\\\/EuropaPrefabri-Logo.jpg\",\"width\":752,\"height\":348,\"caption\":\"Prefabri S.L.\"},\"image\":{\"@id\":\"https:\\\/\\\/www.europa-prefabri.com\\\/#\\\/schema\\\/logo\\\/image\\\/\"},\"sameAs\":[\"https:\\\/\\\/www.facebook.com\\\/Europa-Prefabri-258328977572213\\\/\",\"https:\\\/\\\/x.com\\\/EuropaPrefabri\",\"https:\\\/\\\/www.instagram.com\\\/europaprefabri\\\/\",\"https:\\\/\\\/es.linkedin.com\\\/company\\\/europa-prefabri\",\"https:\\\/\\\/es.pinterest.com\\\/europaprefabri\\\/\",\"https:\\\/\\\/www.youtube.com\\\/user\\\/PrefabriSL\"]},{\"@type\":\"Person\",\"@id\":\"https:\\\/\\\/www.europa-prefabri.com\\\/#\\\/schema\\\/person\\\/2ab6be5821a7026cd8f16d2a9411e86e\",\"name\":\"admin\",\"image\":{\"@type\":\"ImageObject\",\"inLanguage\":\"fr-FR\",\"@id\":\"https:\\\/\\\/secure.gravatar.com\\\/avatar\\\/dc55d3f4b941a1510eef2620b2c166513788bd88ef72341333b6d0a859bacd3c?s=96&d=mm&r=g\",\"url\":\"https:\\\/\\\/secure.gravatar.com\\\/avatar\\\/dc55d3f4b941a1510eef2620b2c166513788bd88ef72341333b6d0a859bacd3c?s=96&d=mm&r=g\",\"contentUrl\":\"https:\\\/\\\/secure.gravatar.com\\\/avatar\\\/dc55d3f4b941a1510eef2620b2c166513788bd88ef72341333b6d0a859bacd3c?s=96&d=mm&r=g\",\"caption\":\"admin\"},\"sameAs\":[\"https:\\\/\\\/www.europa-prefabri.com\",\"https:\\\/\\\/x.com\\\/@EuropaPrefabri\"]}]}<\/script>\n<!-- \/ Yoast SEO plugin. -->","yoast_head_json":{"title":"EUROPA PREFABRI - R\u00e9lisation de tout l'am\u00e9nagement du Parking Carrefour","description":"L'entreprise EUROPA PREFABRI, leader espagnole en ce qui concerne la fabrication de modules pr\u00e9fabriqu\u00e9s, propose \u00e9galement toute sorte d'abris pour parking comme ceux pr\u00e9sents dans de nombreux centres commerciaux, h\u00f4pitaux, a\u00e9roports ou gares ferroviaires.","robots":{"index":"index","follow":"follow","max-snippet":"max-snippet:-1","max-image-preview":"max-image-preview:large","max-video-preview":"max-video-preview:-1"},"canonical":"https:\/\/www.europa-prefabri.com\/fr\/parking-carrefour-2\/","og_locale":"fr_FR","og_type":"article","og_title":"EUROPA PREFABRI - R\u00e9lisation de tout l'am\u00e9nagement du Parking Carrefour","og_description":"L'entreprise EUROPA PREFABRI, leader espagnole en ce qui concerne la fabrication de modules pr\u00e9fabriqu\u00e9s, propose \u00e9galement toute sorte d'abris pour parking comme ceux pr\u00e9sents dans de nombreux centres commerciaux, h\u00f4pitaux, a\u00e9roports ou gares ferroviaires.","og_url":"https:\/\/www.europa-prefabri.com\/fr\/parking-carrefour-2\/","og_site_name":"Europa Prefabri | Alquiler y venta de construcciones modulares","article_publisher":"https:\/\/www.facebook.com\/Europa-Prefabri-258328977572213\/","article_published_time":"2014-12-19T16:11:36+00:00","article_modified_time":"2016-03-29T16:39:34+00:00","og_image":[{"width":800,"height":480,"url":"https:\/\/www.europa-prefabri.com\/wp-content\/uploads\/PARKING-CARREFOUR.jpg","type":"image\/jpeg"}],"author":"admin","twitter_card":"summary_large_image","twitter_creator":"@EuropaPrefabri","twitter_site":"@EuropaPrefabri","twitter_misc":{"Written by":"admin"},"schema":{"@context":"https:\/\/schema.org","@graph":[{"@type":"Article","@id":"https:\/\/www.europa-prefabri.com\/fr\/parking-carrefour-2\/#article","isPartOf":{"@id":"https:\/\/www.europa-prefabri.com\/fr\/parking-carrefour-2\/"},"author":{"name":"admin","@id":"https:\/\/www.europa-prefabri.com\/#\/schema\/person\/2ab6be5821a7026cd8f16d2a9411e86e"},"headline":"Parking Carrefour","datePublished":"2014-12-19T16:11:36+00:00","dateModified":"2016-03-29T16:39:34+00:00","mainEntityOfPage":{"@id":"https:\/\/www.europa-prefabri.com\/fr\/parking-carrefour-2\/"},"wordCount":101,"publisher":{"@id":"https:\/\/www.europa-prefabri.com\/#organization"},"image":{"@id":"https:\/\/www.europa-prefabri.com\/fr\/parking-carrefour-2\/#primaryimage"},"thumbnailUrl":"https:\/\/www.europa-prefabri.com\/wp-content\/uploads\/PARKING-CARREFOUR.jpg","articleSection":["Noticias","Projets"],"inLanguage":"fr-FR"},{"@type":"WebPage","@id":"https:\/\/www.europa-prefabri.com\/fr\/parking-carrefour-2\/","url":"https:\/\/www.europa-prefabri.com\/fr\/parking-carrefour-2\/","name":"EUROPA PREFABRI - R\u00e9lisation de tout l'am\u00e9nagement du Parking Carrefour","isPartOf":{"@id":"https:\/\/www.europa-prefabri.com\/#website"},"primaryImageOfPage":{"@id":"https:\/\/www.europa-prefabri.com\/fr\/parking-carrefour-2\/#primaryimage"},"image":{"@id":"https:\/\/www.europa-prefabri.com\/fr\/parking-carrefour-2\/#primaryimage"},"thumbnailUrl":"https:\/\/www.europa-prefabri.com\/wp-content\/uploads\/PARKING-CARREFOUR.jpg","datePublished":"2014-12-19T16:11:36+00:00","dateModified":"2016-03-29T16:39:34+00:00","description":"L'entreprise EUROPA PREFABRI, leader espagnole en ce qui concerne la fabrication de modules pr\u00e9fabriqu\u00e9s, propose \u00e9galement toute sorte d'abris pour parking comme ceux pr\u00e9sents dans de nombreux centres commerciaux, h\u00f4pitaux, a\u00e9roports ou gares ferroviaires.","breadcrumb":{"@id":"https:\/\/www.europa-prefabri.com\/fr\/parking-carrefour-2\/#breadcrumb"},"inLanguage":"fr-FR","potentialAction":[{"@type":"ReadAction","target":["https:\/\/www.europa-prefabri.com\/fr\/parking-carrefour-2\/"]}]},{"@type":"ImageObject","inLanguage":"fr-FR","@id":"https:\/\/www.europa-prefabri.com\/fr\/parking-carrefour-2\/#primaryimage","url":"https:\/\/www.europa-prefabri.com\/wp-content\/uploads\/PARKING-CARREFOUR.jpg","contentUrl":"https:\/\/www.europa-prefabri.com\/wp-content\/uploads\/PARKING-CARREFOUR.jpg","width":800,"height":480},{"@type":"BreadcrumbList","@id":"https:\/\/www.europa-prefabri.com\/fr\/parking-carrefour-2\/#breadcrumb","itemListElement":[{"@type":"ListItem","position":1,"name":"Portada","item":"https:\/\/www.europa-prefabri.com\/fr\/"},{"@type":"ListItem","position":2,"name":"Parking Carrefour"}]},{"@type":"WebSite","@id":"https:\/\/www.europa-prefabri.com\/#website","url":"https:\/\/www.europa-prefabri.com\/","name":"Europa Prefabri | Alquiler y venta de construcciones modulares","description":"Alquiler y venta de construcciones modulares, casetas de obra, marquesinas de aparcamiento y vallas y cerramientos.","publisher":{"@id":"https:\/\/www.europa-prefabri.com\/#organization"},"potentialAction":[{"@type":"SearchAction","target":{"@type":"EntryPoint","urlTemplate":"https:\/\/www.europa-prefabri.com\/?s={search_term_string}"},"query-input":{"@type":"PropertyValueSpecification","valueRequired":true,"valueName":"search_term_string"}}],"inLanguage":"fr-FR"},{"@type":"Organization","@id":"https:\/\/www.europa-prefabri.com\/#organization","name":"Prefabri S.L.","url":"https:\/\/www.europa-prefabri.com\/","logo":{"@type":"ImageObject","inLanguage":"fr-FR","@id":"https:\/\/www.europa-prefabri.com\/#\/schema\/logo\/image\/","url":"https:\/\/www.europa-prefabri.com\/wp-content\/uploads\/EuropaPrefabri-Logo.jpg","contentUrl":"https:\/\/www.europa-prefabri.com\/wp-content\/uploads\/EuropaPrefabri-Logo.jpg","width":752,"height":348,"caption":"Prefabri S.L."},"image":{"@id":"https:\/\/www.europa-prefabri.com\/#\/schema\/logo\/image\/"},"sameAs":["https:\/\/www.facebook.com\/Europa-Prefabri-258328977572213\/","https:\/\/x.com\/EuropaPrefabri","https:\/\/www.instagram.com\/europaprefabri\/","https:\/\/es.linkedin.com\/company\/europa-prefabri","https:\/\/es.pinterest.com\/europaprefabri\/","https:\/\/www.youtube.com\/user\/PrefabriSL"]},{"@type":"Person","@id":"https:\/\/www.europa-prefabri.com\/#\/schema\/person\/2ab6be5821a7026cd8f16d2a9411e86e","name":"admin","image":{"@type":"ImageObject","inLanguage":"fr-FR","@id":"https:\/\/secure.gravatar.com\/avatar\/dc55d3f4b941a1510eef2620b2c166513788bd88ef72341333b6d0a859bacd3c?s=96&d=mm&r=g","url":"https:\/\/secure.gravatar.com\/avatar\/dc55d3f4b941a1510eef2620b2c166513788bd88ef72341333b6d0a859bacd3c?s=96&d=mm&r=g","contentUrl":"https:\/\/secure.gravatar.com\/avatar\/dc55d3f4b941a1510eef2620b2c166513788bd88ef72341333b6d0a859bacd3c?s=96&d=mm&r=g","caption":"admin"},"sameAs":["https:\/\/www.europa-prefabri.com","https:\/\/x.com\/@EuropaPrefabri"]}]}},"_links":{"self":[{"href":"https:\/\/www.europa-prefabri.com\/fr\/wp-json\/wp\/v2\/posts\/6448","targetHints":{"allow":["GET"]}}],"collection":[{"href":"https:\/\/www.europa-prefabri.com\/fr\/wp-json\/wp\/v2\/posts"}],"about":[{"href":"https:\/\/www.europa-prefabri.com\/fr\/wp-json\/wp\/v2\/types\/post"}],"author":[{"embeddable":true,"href":"https:\/\/www.europa-prefabri.com\/fr\/wp-json\/wp\/v2\/users\/4"}],"replies":[{"embeddable":true,"href":"https:\/\/www.europa-prefabri.com\/fr\/wp-json\/wp\/v2\/comments?post=6448"}],"version-history":[{"count":0,"href":"https:\/\/www.europa-prefabri.com\/fr\/wp-json\/wp\/v2\/posts\/6448\/revisions"}],"wp:featuredmedia":[{"embeddable":true,"href":"https:\/\/www.europa-prefabri.com\/fr\/wp-json\/wp\/v2\/media\/6450"}],"wp:attachment":[{"href":"https:\/\/www.europa-prefabri.com\/fr\/wp-json\/wp\/v2\/media?parent=6448"}],"wp:term":[{"taxonomy":"category","embeddable":true,"href":"https:\/\/www.europa-prefabri.com\/fr\/wp-json\/wp\/v2\/categories?post=6448"},{"taxonomy":"post_tag","embeddable":true,"href":"https:\/\/www.europa-prefabri.com\/fr\/wp-json\/wp\/v2\/tags?post=6448"}],"curies":[{"name":"wp","href":"https:\/\/api.w.org\/{rel}","templated":true}]}}