{"id":6437,"date":"2014-12-19T15:49:56","date_gmt":"2014-12-19T15:49:56","guid":{"rendered":"http:\/\/www.europa-prefabri.com\/?p=6437"},"modified":"2016-03-30T07:56:11","modified_gmt":"2016-03-30T07:56:11","slug":"juventus-soccer-school-espagne","status":"publish","type":"post","link":"https:\/\/www.europa-prefabri.com\/fr\/juventus-soccer-school-espagne\/","title":{"rendered":"Juventus Soccer School Espagne"},"content":{"rendered":"<p>Nous pr\u00e9sentons quelques photos de salles de classe pr\u00e9fabriqu\u00e9es install\u00e9es \u00e0 Guadalajara. Ces salles de classe serviront \u00e0 enseigner le football dans l&#8217;\u00e9cole que le club italien Juventus de Turin a cr\u00e9\u00e9 dans cette ville espagnole.\u00a0Dans ce cas, les modules r\u00e9pondent aux caract\u00e9ristiques techniques particuli\u00e8res demand\u00e9es par le client. De ce fait,\u00a0tous nos b\u00e2timents modulaires sont con\u00e7us pour fournir un espace de solution en peu de temps et avec une attention toute particuli\u00e8re port\u00e9e aux finitions.<\/p>\n\n\t\t<style type=\"text\/css\">\n\t\t\t#gallery-1 {\n\t\t\t\tmargin: auto;\n\t\t\t}\n\t\t\t#gallery-1 .gallery-item {\n\t\t\t\tfloat: left;\n\t\t\t\tmargin-top: 10px;\n\t\t\t\ttext-align: center;\n\t\t\t\twidth: 11%;\n\t\t\t}\n\t\t\t#gallery-1 img {\n\t\t\t\tborder: 2px solid #cfcfcf;\n\t\t\t}\n\t\t\t#gallery-1 .gallery-caption {\n\t\t\t\tmargin-left: 0;\n\t\t\t}\n\t\t\t\/* see gallery_shortcode() in wp-includes\/media.php *\/\n\t\t<\/style>\n\t\t<div id='gallery-1' class='gallery galleryid-6437 gallery-columns-9 gallery-size-thumbnail'><dl class='gallery-item'>\n\t\t\t<dt class='gallery-icon landscape'>\n\t\t\t\t<a href='https:\/\/www.europa-prefabri.com\/fr\/20140919_164057_800x480\/'><img loading=\"lazy\" decoding=\"async\" width=\"80\" height=\"80\" src=\"https:\/\/www.europa-prefabri.com\/wp-content\/uploads\/20140919_164057_800x480-80x80.jpg\" class=\"attachment-thumbnail size-thumbnail\" alt=\"Aulas Prefabricadas para juventus -europa prefabri -\" srcset=\"https:\/\/www.europa-prefabri.com\/wp-content\/uploads\/20140919_164057_800x480-80x80.jpg 80w, https:\/\/www.europa-prefabri.com\/wp-content\/uploads\/20140919_164057_800x480-36x36.jpg 36w, https:\/\/www.europa-prefabri.com\/wp-content\/uploads\/20140919_164057_800x480-180x180.jpg 180w, https:\/\/www.europa-prefabri.com\/wp-content\/uploads\/20140919_164057_800x480-120x120.jpg 120w, https:\/\/www.europa-prefabri.com\/wp-content\/uploads\/20140919_164057_800x480-450x450.jpg 450w\" sizes=\"auto, (max-width: 80px) 100vw, 80px\" \/><\/a>\n\t\t\t<\/dt><\/dl><dl class='gallery-item'>\n\t\t\t<dt class='gallery-icon landscape'>\n\t\t\t\t<a href='https:\/\/www.europa-prefabri.com\/fr\/20140919_164142_800x480\/'><img loading=\"lazy\" decoding=\"async\" width=\"80\" height=\"80\" src=\"https:\/\/www.europa-prefabri.com\/wp-content\/uploads\/20140919_164142_800x480-80x80.jpg\" class=\"attachment-thumbnail size-thumbnail\" alt=\"Europa Prefabri - Aulas Prefabricadas\" srcset=\"https:\/\/www.europa-prefabri.com\/wp-content\/uploads\/20140919_164142_800x480-80x80.jpg 80w, https:\/\/www.europa-prefabri.com\/wp-content\/uploads\/20140919_164142_800x480-36x36.jpg 36w, https:\/\/www.europa-prefabri.com\/wp-content\/uploads\/20140919_164142_800x480-180x180.jpg 180w, https:\/\/www.europa-prefabri.com\/wp-content\/uploads\/20140919_164142_800x480-120x120.jpg 120w, https:\/\/www.europa-prefabri.com\/wp-content\/uploads\/20140919_164142_800x480-450x450.jpg 450w\" sizes=\"auto, (max-width: 80px) 100vw, 80px\" \/><\/a>\n\t\t\t<\/dt><\/dl><dl class='gallery-item'>\n\t\t\t<dt class='gallery-icon landscape'>\n\t\t\t\t<a href='https:\/\/www.europa-prefabri.com\/fr\/20140919_164201_800x480\/'><img loading=\"lazy\" decoding=\"async\" width=\"80\" height=\"80\" src=\"https:\/\/www.europa-prefabri.com\/wp-content\/uploads\/20140919_164201_800x480-80x80.jpg\" class=\"attachment-thumbnail size-thumbnail\" alt=\"Europa Prefabri - Aulas Prefabricadas\" srcset=\"https:\/\/www.europa-prefabri.com\/wp-content\/uploads\/20140919_164201_800x480-80x80.jpg 80w, https:\/\/www.europa-prefabri.com\/wp-content\/uploads\/20140919_164201_800x480-36x36.jpg 36w, https:\/\/www.europa-prefabri.com\/wp-content\/uploads\/20140919_164201_800x480-180x180.jpg 180w, https:\/\/www.europa-prefabri.com\/wp-content\/uploads\/20140919_164201_800x480-120x120.jpg 120w, https:\/\/www.europa-prefabri.com\/wp-content\/uploads\/20140919_164201_800x480-450x450.jpg 450w\" sizes=\"auto, (max-width: 80px) 100vw, 80px\" \/><\/a>\n\t\t\t<\/dt><\/dl><dl class='gallery-item'>\n\t\t\t<dt class='gallery-icon landscape'>\n\t\t\t\t<a href='https:\/\/www.europa-prefabri.com\/fr\/20140919_164234_800x480\/'><img loading=\"lazy\" decoding=\"async\" width=\"80\" height=\"80\" src=\"https:\/\/www.europa-prefabri.com\/wp-content\/uploads\/20140919_164234_800x480-80x80.jpg\" class=\"attachment-thumbnail size-thumbnail\" alt=\"Europa Prefabri - Aulas Prefabricadas\" srcset=\"https:\/\/www.europa-prefabri.com\/wp-content\/uploads\/20140919_164234_800x480-80x80.jpg 80w, https:\/\/www.europa-prefabri.com\/wp-content\/uploads\/20140919_164234_800x480-36x36.jpg 36w, https:\/\/www.europa-prefabri.com\/wp-content\/uploads\/20140919_164234_800x480-180x180.jpg 180w, https:\/\/www.europa-prefabri.com\/wp-content\/uploads\/20140919_164234_800x480-120x120.jpg 120w, https:\/\/www.europa-prefabri.com\/wp-content\/uploads\/20140919_164234_800x480-450x450.jpg 450w\" sizes=\"auto, (max-width: 80px) 100vw, 80px\" \/><\/a>\n\t\t\t<\/dt><\/dl><dl class='gallery-item'>\n\t\t\t<dt class='gallery-icon landscape'>\n\t\t\t\t<a href='https:\/\/www.europa-prefabri.com\/fr\/20140919_164255_800x480\/'><img loading=\"lazy\" decoding=\"async\" width=\"80\" height=\"80\" src=\"https:\/\/www.europa-prefabri.com\/wp-content\/uploads\/20140919_164255_800x480-80x80.jpg\" class=\"attachment-thumbnail size-thumbnail\" alt=\"Europa Prefabri - Aulas Prefabricadas\" srcset=\"https:\/\/www.europa-prefabri.com\/wp-content\/uploads\/20140919_164255_800x480-80x80.jpg 80w, https:\/\/www.europa-prefabri.com\/wp-content\/uploads\/20140919_164255_800x480-36x36.jpg 36w, https:\/\/www.europa-prefabri.com\/wp-content\/uploads\/20140919_164255_800x480-180x180.jpg 180w, https:\/\/www.europa-prefabri.com\/wp-content\/uploads\/20140919_164255_800x480-120x120.jpg 120w, https:\/\/www.europa-prefabri.com\/wp-content\/uploads\/20140919_164255_800x480-450x450.jpg 450w\" sizes=\"auto, (max-width: 80px) 100vw, 80px\" \/><\/a>\n\t\t\t<\/dt><\/dl><dl class='gallery-item'>\n\t\t\t<dt class='gallery-icon portrait'>\n\t\t\t\t<a href='https:\/\/www.europa-prefabri.com\/fr\/20140919_164346_480x800\/'><img loading=\"lazy\" decoding=\"async\" width=\"80\" height=\"80\" src=\"https:\/\/www.europa-prefabri.com\/wp-content\/uploads\/20140919_164346_480x800-80x80.jpg\" class=\"attachment-thumbnail size-thumbnail\" alt=\"Europa Prefabri - Aulas Prefabricadas\" srcset=\"https:\/\/www.europa-prefabri.com\/wp-content\/uploads\/20140919_164346_480x800-80x80.jpg 80w, https:\/\/www.europa-prefabri.com\/wp-content\/uploads\/20140919_164346_480x800-36x36.jpg 36w, https:\/\/www.europa-prefabri.com\/wp-content\/uploads\/20140919_164346_480x800-180x180.jpg 180w, https:\/\/www.europa-prefabri.com\/wp-content\/uploads\/20140919_164346_480x800-120x120.jpg 120w, https:\/\/www.europa-prefabri.com\/wp-content\/uploads\/20140919_164346_480x800-450x450.jpg 450w\" sizes=\"auto, (max-width: 80px) 100vw, 80px\" \/><\/a>\n\t\t\t<\/dt><\/dl><dl class='gallery-item'>\n\t\t\t<dt class='gallery-icon landscape'>\n\t\t\t\t<a href='https:\/\/www.europa-prefabri.com\/fr\/20140919_164459_800x480\/'><img loading=\"lazy\" decoding=\"async\" width=\"80\" height=\"80\" src=\"https:\/\/www.europa-prefabri.com\/wp-content\/uploads\/20140919_164459_800x480-80x80.jpg\" class=\"attachment-thumbnail size-thumbnail\" alt=\"Europa Prefabri - Aulas Prefabricadas\" srcset=\"https:\/\/www.europa-prefabri.com\/wp-content\/uploads\/20140919_164459_800x480-80x80.jpg 80w, https:\/\/www.europa-prefabri.com\/wp-content\/uploads\/20140919_164459_800x480-36x36.jpg 36w, https:\/\/www.europa-prefabri.com\/wp-content\/uploads\/20140919_164459_800x480-180x180.jpg 180w, https:\/\/www.europa-prefabri.com\/wp-content\/uploads\/20140919_164459_800x480-120x120.jpg 120w, https:\/\/www.europa-prefabri.com\/wp-content\/uploads\/20140919_164459_800x480-450x450.jpg 450w\" sizes=\"auto, (max-width: 80px) 100vw, 80px\" \/><\/a>\n\t\t\t<\/dt><\/dl><dl class='gallery-item'>\n\t\t\t<dt class='gallery-icon landscape'>\n\t\t\t\t<a href='https:\/\/www.europa-prefabri.com\/fr\/20140919_164613_800x480\/'><img loading=\"lazy\" decoding=\"async\" width=\"80\" height=\"80\" src=\"https:\/\/www.europa-prefabri.com\/wp-content\/uploads\/20140919_164613_800x480-80x80.jpg\" class=\"attachment-thumbnail size-thumbnail\" alt=\"Europa Prefabri - Aulas Prefabricadas\" srcset=\"https:\/\/www.europa-prefabri.com\/wp-content\/uploads\/20140919_164613_800x480-80x80.jpg 80w, https:\/\/www.europa-prefabri.com\/wp-content\/uploads\/20140919_164613_800x480-36x36.jpg 36w, https:\/\/www.europa-prefabri.com\/wp-content\/uploads\/20140919_164613_800x480-180x180.jpg 180w, https:\/\/www.europa-prefabri.com\/wp-content\/uploads\/20140919_164613_800x480-120x120.jpg 120w, https:\/\/www.europa-prefabri.com\/wp-content\/uploads\/20140919_164613_800x480-450x450.jpg 450w\" sizes=\"auto, (max-width: 80px) 100vw, 80px\" \/><\/a>\n\t\t\t<\/dt><\/dl><dl class='gallery-item'>\n\t\t\t<dt class='gallery-icon landscape'>\n\t\t\t\t<a href='https:\/\/www.europa-prefabri.com\/fr\/20140919_164707_800x480\/'><img loading=\"lazy\" decoding=\"async\" width=\"80\" height=\"80\" src=\"https:\/\/www.europa-prefabri.com\/wp-content\/uploads\/20140919_164707_800x480-80x80.jpg\" class=\"attachment-thumbnail size-thumbnail\" alt=\"Europa Prefabri - Aulas Prefabricadas\" srcset=\"https:\/\/www.europa-prefabri.com\/wp-content\/uploads\/20140919_164707_800x480-80x80.jpg 80w, https:\/\/www.europa-prefabri.com\/wp-content\/uploads\/20140919_164707_800x480-36x36.jpg 36w, https:\/\/www.europa-prefabri.com\/wp-content\/uploads\/20140919_164707_800x480-180x180.jpg 180w, https:\/\/www.europa-prefabri.com\/wp-content\/uploads\/20140919_164707_800x480-120x120.jpg 120w, https:\/\/www.europa-prefabri.com\/wp-content\/uploads\/20140919_164707_800x480-450x450.jpg 450w\" sizes=\"auto, (max-width: 80px) 100vw, 80px\" \/><\/a>\n\t\t\t<\/dt><\/dl><br style=\"clear: both\" \/><dl class='gallery-item'>\n\t\t\t<dt class='gallery-icon landscape'>\n\t\t\t\t<a href='https:\/\/www.europa-prefabri.com\/fr\/foto0708_800x600\/'><img loading=\"lazy\" decoding=\"async\" width=\"80\" height=\"80\" src=\"https:\/\/www.europa-prefabri.com\/wp-content\/uploads\/Foto0708_800x600-80x80.jpg\" class=\"attachment-thumbnail size-thumbnail\" alt=\"Europa Prefabri - Aulas Prefabricadas\" srcset=\"https:\/\/www.europa-prefabri.com\/wp-content\/uploads\/Foto0708_800x600-80x80.jpg 80w, https:\/\/www.europa-prefabri.com\/wp-content\/uploads\/Foto0708_800x600-36x36.jpg 36w, https:\/\/www.europa-prefabri.com\/wp-content\/uploads\/Foto0708_800x600-180x180.jpg 180w, https:\/\/www.europa-prefabri.com\/wp-content\/uploads\/Foto0708_800x600-120x120.jpg 120w, https:\/\/www.europa-prefabri.com\/wp-content\/uploads\/Foto0708_800x600-450x450.jpg 450w\" sizes=\"auto, (max-width: 80px) 100vw, 80px\" \/><\/a>\n\t\t\t<\/dt><\/dl><dl class='gallery-item'>\n\t\t\t<dt class='gallery-icon landscape'>\n\t\t\t\t<a href='https:\/\/www.europa-prefabri.com\/fr\/foto0709_800x600\/'><img loading=\"lazy\" decoding=\"async\" width=\"80\" height=\"80\" src=\"https:\/\/www.europa-prefabri.com\/wp-content\/uploads\/Foto0709_800x600-80x80.jpg\" class=\"attachment-thumbnail size-thumbnail\" alt=\"Europa Prefabri - Aulas Prefabricadas\" srcset=\"https:\/\/www.europa-prefabri.com\/wp-content\/uploads\/Foto0709_800x600-80x80.jpg 80w, https:\/\/www.europa-prefabri.com\/wp-content\/uploads\/Foto0709_800x600-36x36.jpg 36w, https:\/\/www.europa-prefabri.com\/wp-content\/uploads\/Foto0709_800x600-180x180.jpg 180w, https:\/\/www.europa-prefabri.com\/wp-content\/uploads\/Foto0709_800x600-120x120.jpg 120w, https:\/\/www.europa-prefabri.com\/wp-content\/uploads\/Foto0709_800x600-450x450.jpg 450w\" sizes=\"auto, (max-width: 80px) 100vw, 80px\" \/><\/a>\n\t\t\t<\/dt><\/dl><dl class='gallery-item'>\n\t\t\t<dt class='gallery-icon landscape'>\n\t\t\t\t<a href='https:\/\/www.europa-prefabri.com\/fr\/escuela-de-futbol-juventus-soccer-school-spain-oficina-12-opt_800x532\/'><img loading=\"lazy\" decoding=\"async\" width=\"80\" height=\"80\" src=\"https:\/\/www.europa-prefabri.com\/wp-content\/uploads\/Escuela-de-futbol-Juventus-Soccer-School-Spain-OFICINA-12-opt_800x532-80x80.jpg\" class=\"attachment-thumbnail size-thumbnail\" alt=\"aulas prefabricadas JSS - oficina modular compuesta de modulos prefabricados\" srcset=\"https:\/\/www.europa-prefabri.com\/wp-content\/uploads\/Escuela-de-futbol-Juventus-Soccer-School-Spain-OFICINA-12-opt_800x532-80x80.jpg 80w, https:\/\/www.europa-prefabri.com\/wp-content\/uploads\/Escuela-de-futbol-Juventus-Soccer-School-Spain-OFICINA-12-opt_800x532-36x36.jpg 36w, https:\/\/www.europa-prefabri.com\/wp-content\/uploads\/Escuela-de-futbol-Juventus-Soccer-School-Spain-OFICINA-12-opt_800x532-180x180.jpg 180w, https:\/\/www.europa-prefabri.com\/wp-content\/uploads\/Escuela-de-futbol-Juventus-Soccer-School-Spain-OFICINA-12-opt_800x532-120x120.jpg 120w, https:\/\/www.europa-prefabri.com\/wp-content\/uploads\/Escuela-de-futbol-Juventus-Soccer-School-Spain-OFICINA-12-opt_800x532-450x450.jpg 450w\" sizes=\"auto, (max-width: 80px) 100vw, 80px\" \/><\/a>\n\t\t\t<\/dt><\/dl><dl class='gallery-item'>\n\t\t\t<dt class='gallery-icon landscape'>\n\t\t\t\t<a href='https:\/\/www.europa-prefabri.com\/fr\/escuela-de-futbol-juventus-soccer-school-spain-oficina-18-opt_800x532\/'><img loading=\"lazy\" decoding=\"async\" width=\"80\" height=\"80\" src=\"https:\/\/www.europa-prefabri.com\/wp-content\/uploads\/Escuela-de-futbol-Juventus-Soccer-School-Spain-OFICINA-18-opt_800x532-80x80.jpg\" class=\"attachment-thumbnail size-thumbnail\" alt=\"Aulas prefabricadas JSS\" srcset=\"https:\/\/www.europa-prefabri.com\/wp-content\/uploads\/Escuela-de-futbol-Juventus-Soccer-School-Spain-OFICINA-18-opt_800x532-80x80.jpg 80w, https:\/\/www.europa-prefabri.com\/wp-content\/uploads\/Escuela-de-futbol-Juventus-Soccer-School-Spain-OFICINA-18-opt_800x532-36x36.jpg 36w, https:\/\/www.europa-prefabri.com\/wp-content\/uploads\/Escuela-de-futbol-Juventus-Soccer-School-Spain-OFICINA-18-opt_800x532-180x180.jpg 180w, https:\/\/www.europa-prefabri.com\/wp-content\/uploads\/Escuela-de-futbol-Juventus-Soccer-School-Spain-OFICINA-18-opt_800x532-120x120.jpg 120w, https:\/\/www.europa-prefabri.com\/wp-content\/uploads\/Escuela-de-futbol-Juventus-Soccer-School-Spain-OFICINA-18-opt_800x532-450x450.jpg 450w\" sizes=\"auto, (max-width: 80px) 100vw, 80px\" \/><\/a>\n\t\t\t<\/dt><\/dl><dl class='gallery-item'>\n\t\t\t<dt class='gallery-icon landscape'>\n\t\t\t\t<a href='https:\/\/www.europa-prefabri.com\/fr\/escuela-de-futbol-juventus-soccer-school-spain-oficina-22-opt_800x532\/'><img loading=\"lazy\" decoding=\"async\" width=\"80\" height=\"80\" src=\"https:\/\/www.europa-prefabri.com\/wp-content\/uploads\/Escuela-de-futbol-Juventus-Soccer-School-Spain-OFICINA-22-opt_800x532-80x80.jpg\" class=\"attachment-thumbnail size-thumbnail\" alt=\"Aulas prefabricadas JSS\" srcset=\"https:\/\/www.europa-prefabri.com\/wp-content\/uploads\/Escuela-de-futbol-Juventus-Soccer-School-Spain-OFICINA-22-opt_800x532-80x80.jpg 80w, https:\/\/www.europa-prefabri.com\/wp-content\/uploads\/Escuela-de-futbol-Juventus-Soccer-School-Spain-OFICINA-22-opt_800x532-36x36.jpg 36w, https:\/\/www.europa-prefabri.com\/wp-content\/uploads\/Escuela-de-futbol-Juventus-Soccer-School-Spain-OFICINA-22-opt_800x532-180x180.jpg 180w, https:\/\/www.europa-prefabri.com\/wp-content\/uploads\/Escuela-de-futbol-Juventus-Soccer-School-Spain-OFICINA-22-opt_800x532-120x120.jpg 120w, https:\/\/www.europa-prefabri.com\/wp-content\/uploads\/Escuela-de-futbol-Juventus-Soccer-School-Spain-OFICINA-22-opt_800x532-450x450.jpg 450w\" sizes=\"auto, (max-width: 80px) 100vw, 80px\" \/><\/a>\n\t\t\t<\/dt><\/dl><dl class='gallery-item'>\n\t\t\t<dt class='gallery-icon landscape'>\n\t\t\t\t<a href='https:\/\/www.europa-prefabri.com\/fr\/escuela-de-futbol-juventus-soccer-school-spain-oficina-26-opt_800x532\/'><img loading=\"lazy\" decoding=\"async\" width=\"80\" height=\"80\" src=\"https:\/\/www.europa-prefabri.com\/wp-content\/uploads\/Escuela-de-futbol-Juventus-Soccer-School-Spain-OFICINA-26-opt_800x532-80x80.jpg\" class=\"attachment-thumbnail size-thumbnail\" alt=\"Aulas prefabricadas JSS\" srcset=\"https:\/\/www.europa-prefabri.com\/wp-content\/uploads\/Escuela-de-futbol-Juventus-Soccer-School-Spain-OFICINA-26-opt_800x532-80x80.jpg 80w, https:\/\/www.europa-prefabri.com\/wp-content\/uploads\/Escuela-de-futbol-Juventus-Soccer-School-Spain-OFICINA-26-opt_800x532-36x36.jpg 36w, https:\/\/www.europa-prefabri.com\/wp-content\/uploads\/Escuela-de-futbol-Juventus-Soccer-School-Spain-OFICINA-26-opt_800x532-180x180.jpg 180w, https:\/\/www.europa-prefabri.com\/wp-content\/uploads\/Escuela-de-futbol-Juventus-Soccer-School-Spain-OFICINA-26-opt_800x532-120x120.jpg 120w, https:\/\/www.europa-prefabri.com\/wp-content\/uploads\/Escuela-de-futbol-Juventus-Soccer-School-Spain-OFICINA-26-opt_800x532-450x450.jpg 450w\" sizes=\"auto, (max-width: 80px) 100vw, 80px\" \/><\/a>\n\t\t\t<\/dt><\/dl><dl class='gallery-item'>\n\t\t\t<dt class='gallery-icon landscape'>\n\t\t\t\t<a href='https:\/\/www.europa-prefabri.com\/fr\/escuela-de-futbol-juventus-soccer-school-spain-oficina-30-opt_800x532-2\/'><img loading=\"lazy\" decoding=\"async\" width=\"80\" height=\"80\" src=\"https:\/\/www.europa-prefabri.com\/wp-content\/uploads\/Escuela-de-futbol-Juventus-Soccer-School-Spain-OFICINA-30-opt_800x532-80x80.jpg\" class=\"attachment-thumbnail size-thumbnail\" alt=\"\" srcset=\"https:\/\/www.europa-prefabri.com\/wp-content\/uploads\/Escuela-de-futbol-Juventus-Soccer-School-Spain-OFICINA-30-opt_800x532-80x80.jpg 80w, https:\/\/www.europa-prefabri.com\/wp-content\/uploads\/Escuela-de-futbol-Juventus-Soccer-School-Spain-OFICINA-30-opt_800x532-36x36.jpg 36w, https:\/\/www.europa-prefabri.com\/wp-content\/uploads\/Escuela-de-futbol-Juventus-Soccer-School-Spain-OFICINA-30-opt_800x532-180x180.jpg 180w, https:\/\/www.europa-prefabri.com\/wp-content\/uploads\/Escuela-de-futbol-Juventus-Soccer-School-Spain-OFICINA-30-opt_800x532-120x120.jpg 120w, https:\/\/www.europa-prefabri.com\/wp-content\/uploads\/Escuela-de-futbol-Juventus-Soccer-School-Spain-OFICINA-30-opt_800x532-450x450.jpg 450w\" sizes=\"auto, (max-width: 80px) 100vw, 80px\" \/><\/a>\n\t\t\t<\/dt><\/dl>\n\t\t\t<br style='clear: both' \/>\n\t\t<\/div>\n\n","protected":false},"excerpt":{"rendered":"<p>Nous pr\u00e9sentons quelques photos de salles de classe pr\u00e9fabriqu\u00e9es install\u00e9es \u00e0 Guadalajara. Ces salles de classe serviront \u00e0 enseigner le football dans l&#8217;\u00e9cole que le club italien Juventus de Turin a cr\u00e9\u00e9 dans cette ville espagnole.\u00a0Dans ce cas, les modules r\u00e9pondent aux caract\u00e9ristiques techniques particuli\u00e8res demand\u00e9es par le client. De ce fait,\u00a0tous nos b\u00e2timents modulaires [&hellip;]<\/p>\n","protected":false},"author":4,"featured_media":6439,"comment_status":"closed","ping_status":"closed","sticky":false,"template":"","format":"gallery","meta":{"footnotes":""},"categories":[413,58],"tags":[437],"class_list":["post-6437","post","type-post","status-publish","format-gallery","has-post-thumbnail","hentry","category-noticias-fr","category-projets","tag-modulos-prefabricados-fr","post_format-post-format-gallery"],"yoast_head":"<!-- This site is optimized with the Yoast SEO plugin v27.5 - https:\/\/yoast.com\/product\/yoast-seo-wordpress\/ -->\n<title>Construction Modulaire fabriqu\u00e9 par l&#039;entreprise espagnole EUROPA PREFABRI<\/title>\n<meta name=\"description\" content=\"Salles de classe pr\u00e9fabriqu\u00e9es pour la Juventus Soccer School Espagne. Gr\u00e2ce \u00e0 la polyvalence de la construction modulaire, nous pouvons concevoir et fabriquer des ensembles modulaires adapt\u00e9s aux besoins d\u2019espace sp\u00e9cifiques de nos clients, gr\u00e2ce \u00e0 l\u2019union des modules.\" \/>\n<meta name=\"robots\" content=\"index, follow, max-snippet:-1, max-image-preview:large, max-video-preview:-1\" \/>\n<link rel=\"canonical\" href=\"https:\/\/www.europa-prefabri.com\/fr\/juventus-soccer-school-espagne\/\" \/>\n<meta property=\"og:locale\" content=\"fr_FR\" \/>\n<meta property=\"og:type\" content=\"article\" \/>\n<meta property=\"og:title\" content=\"Construction Modulaire fabriqu\u00e9 par l&#039;entreprise espagnole EUROPA PREFABRI\" \/>\n<meta property=\"og:description\" content=\"Salles de classe pr\u00e9fabriqu\u00e9es pour la Juventus Soccer School Espagne. Gr\u00e2ce \u00e0 la polyvalence de la construction modulaire, nous pouvons concevoir et fabriquer des ensembles modulaires adapt\u00e9s aux besoins d\u2019espace sp\u00e9cifiques de nos clients, gr\u00e2ce \u00e0 l\u2019union des modules.\" \/>\n<meta property=\"og:url\" content=\"https:\/\/www.europa-prefabri.com\/fr\/juventus-soccer-school-espagne\/\" \/>\n<meta property=\"og:site_name\" content=\"Europa Prefabri | Alquiler y venta de construcciones modulares\" \/>\n<meta property=\"article:publisher\" content=\"https:\/\/www.facebook.com\/Europa-Prefabri-258328977572213\/\" \/>\n<meta property=\"article:published_time\" content=\"2014-12-19T15:49:56+00:00\" \/>\n<meta property=\"article:modified_time\" content=\"2016-03-30T07:56:11+00:00\" \/>\n<meta property=\"og:image\" content=\"https:\/\/www.europa-prefabri.com\/wp-content\/uploads\/Escuela-de-futbol-Juventus-Soccer-School-Spain-OFICINA-12-opt_800x5321.jpg\" \/>\n\t<meta property=\"og:image:width\" content=\"800\" \/>\n\t<meta property=\"og:image:height\" content=\"532\" \/>\n\t<meta property=\"og:image:type\" content=\"image\/jpeg\" \/>\n<meta name=\"author\" content=\"admin\" \/>\n<meta name=\"twitter:card\" content=\"summary_large_image\" \/>\n<meta name=\"twitter:creator\" content=\"@EuropaPrefabri\" \/>\n<meta name=\"twitter:site\" content=\"@EuropaPrefabri\" \/>\n<meta name=\"twitter:label1\" content=\"Written by\" \/>\n\t<meta name=\"twitter:data1\" content=\"admin\" \/>\n<script type=\"application\/ld+json\" class=\"yoast-schema-graph\">{\"@context\":\"https:\\\/\\\/schema.org\",\"@graph\":[{\"@type\":\"Article\",\"@id\":\"https:\\\/\\\/www.europa-prefabri.com\\\/fr\\\/juventus-soccer-school-espagne\\\/#article\",\"isPartOf\":{\"@id\":\"https:\\\/\\\/www.europa-prefabri.com\\\/fr\\\/juventus-soccer-school-espagne\\\/\"},\"author\":{\"name\":\"admin\",\"@id\":\"https:\\\/\\\/www.europa-prefabri.com\\\/#\\\/schema\\\/person\\\/2ab6be5821a7026cd8f16d2a9411e86e\"},\"headline\":\"Juventus Soccer School Espagne\",\"datePublished\":\"2014-12-19T15:49:56+00:00\",\"dateModified\":\"2016-03-30T07:56:11+00:00\",\"mainEntityOfPage\":{\"@id\":\"https:\\\/\\\/www.europa-prefabri.com\\\/fr\\\/juventus-soccer-school-espagne\\\/\"},\"wordCount\":96,\"publisher\":{\"@id\":\"https:\\\/\\\/www.europa-prefabri.com\\\/#organization\"},\"image\":{\"@id\":\"https:\\\/\\\/www.europa-prefabri.com\\\/fr\\\/juventus-soccer-school-espagne\\\/#primaryimage\"},\"thumbnailUrl\":\"https:\\\/\\\/www.europa-prefabri.com\\\/wp-content\\\/uploads\\\/Escuela-de-futbol-Juventus-Soccer-School-Spain-OFICINA-12-opt_800x5321.jpg\",\"keywords\":[\"MODULOS PREFABRICADOS\"],\"articleSection\":[\"Noticias\",\"Projets\"],\"inLanguage\":\"fr-FR\"},{\"@type\":\"WebPage\",\"@id\":\"https:\\\/\\\/www.europa-prefabri.com\\\/fr\\\/juventus-soccer-school-espagne\\\/\",\"url\":\"https:\\\/\\\/www.europa-prefabri.com\\\/fr\\\/juventus-soccer-school-espagne\\\/\",\"name\":\"Construction Modulaire fabriqu\u00e9 par l'entreprise espagnole EUROPA PREFABRI\",\"isPartOf\":{\"@id\":\"https:\\\/\\\/www.europa-prefabri.com\\\/#website\"},\"primaryImageOfPage\":{\"@id\":\"https:\\\/\\\/www.europa-prefabri.com\\\/fr\\\/juventus-soccer-school-espagne\\\/#primaryimage\"},\"image\":{\"@id\":\"https:\\\/\\\/www.europa-prefabri.com\\\/fr\\\/juventus-soccer-school-espagne\\\/#primaryimage\"},\"thumbnailUrl\":\"https:\\\/\\\/www.europa-prefabri.com\\\/wp-content\\\/uploads\\\/Escuela-de-futbol-Juventus-Soccer-School-Spain-OFICINA-12-opt_800x5321.jpg\",\"datePublished\":\"2014-12-19T15:49:56+00:00\",\"dateModified\":\"2016-03-30T07:56:11+00:00\",\"description\":\"Salles de classe pr\u00e9fabriqu\u00e9es pour la Juventus Soccer School Espagne. Gr\u00e2ce \u00e0 la polyvalence de la construction modulaire, nous pouvons concevoir et fabriquer des ensembles modulaires adapt\u00e9s aux besoins d\u2019espace sp\u00e9cifiques de nos clients, gr\u00e2ce \u00e0 l\u2019union des modules.\",\"breadcrumb\":{\"@id\":\"https:\\\/\\\/www.europa-prefabri.com\\\/fr\\\/juventus-soccer-school-espagne\\\/#breadcrumb\"},\"inLanguage\":\"fr-FR\",\"potentialAction\":[{\"@type\":\"ReadAction\",\"target\":[\"https:\\\/\\\/www.europa-prefabri.com\\\/fr\\\/juventus-soccer-school-espagne\\\/\"]}]},{\"@type\":\"ImageObject\",\"inLanguage\":\"fr-FR\",\"@id\":\"https:\\\/\\\/www.europa-prefabri.com\\\/fr\\\/juventus-soccer-school-espagne\\\/#primaryimage\",\"url\":\"https:\\\/\\\/www.europa-prefabri.com\\\/wp-content\\\/uploads\\\/Escuela-de-futbol-Juventus-Soccer-School-Spain-OFICINA-12-opt_800x5321.jpg\",\"contentUrl\":\"https:\\\/\\\/www.europa-prefabri.com\\\/wp-content\\\/uploads\\\/Escuela-de-futbol-Juventus-Soccer-School-Spain-OFICINA-12-opt_800x5321.jpg\",\"width\":800,\"height\":532},{\"@type\":\"BreadcrumbList\",\"@id\":\"https:\\\/\\\/www.europa-prefabri.com\\\/fr\\\/juventus-soccer-school-espagne\\\/#breadcrumb\",\"itemListElement\":[{\"@type\":\"ListItem\",\"position\":1,\"name\":\"Portada\",\"item\":\"https:\\\/\\\/www.europa-prefabri.com\\\/fr\\\/\"},{\"@type\":\"ListItem\",\"position\":2,\"name\":\"Juventus Soccer School Espagne\"}]},{\"@type\":\"WebSite\",\"@id\":\"https:\\\/\\\/www.europa-prefabri.com\\\/#website\",\"url\":\"https:\\\/\\\/www.europa-prefabri.com\\\/\",\"name\":\"Europa Prefabri | Alquiler y venta de construcciones modulares\",\"description\":\"Alquiler y venta de construcciones modulares, casetas de obra, marquesinas de aparcamiento y vallas y cerramientos.\",\"publisher\":{\"@id\":\"https:\\\/\\\/www.europa-prefabri.com\\\/#organization\"},\"potentialAction\":[{\"@type\":\"SearchAction\",\"target\":{\"@type\":\"EntryPoint\",\"urlTemplate\":\"https:\\\/\\\/www.europa-prefabri.com\\\/?s={search_term_string}\"},\"query-input\":{\"@type\":\"PropertyValueSpecification\",\"valueRequired\":true,\"valueName\":\"search_term_string\"}}],\"inLanguage\":\"fr-FR\"},{\"@type\":\"Organization\",\"@id\":\"https:\\\/\\\/www.europa-prefabri.com\\\/#organization\",\"name\":\"Prefabri S.L.\",\"url\":\"https:\\\/\\\/www.europa-prefabri.com\\\/\",\"logo\":{\"@type\":\"ImageObject\",\"inLanguage\":\"fr-FR\",\"@id\":\"https:\\\/\\\/www.europa-prefabri.com\\\/#\\\/schema\\\/logo\\\/image\\\/\",\"url\":\"https:\\\/\\\/www.europa-prefabri.com\\\/wp-content\\\/uploads\\\/EuropaPrefabri-Logo.jpg\",\"contentUrl\":\"https:\\\/\\\/www.europa-prefabri.com\\\/wp-content\\\/uploads\\\/EuropaPrefabri-Logo.jpg\",\"width\":752,\"height\":348,\"caption\":\"Prefabri S.L.\"},\"image\":{\"@id\":\"https:\\\/\\\/www.europa-prefabri.com\\\/#\\\/schema\\\/logo\\\/image\\\/\"},\"sameAs\":[\"https:\\\/\\\/www.facebook.com\\\/Europa-Prefabri-258328977572213\\\/\",\"https:\\\/\\\/x.com\\\/EuropaPrefabri\",\"https:\\\/\\\/www.instagram.com\\\/europaprefabri\\\/\",\"https:\\\/\\\/es.linkedin.com\\\/company\\\/europa-prefabri\",\"https:\\\/\\\/es.pinterest.com\\\/europaprefabri\\\/\",\"https:\\\/\\\/www.youtube.com\\\/user\\\/PrefabriSL\"]},{\"@type\":\"Person\",\"@id\":\"https:\\\/\\\/www.europa-prefabri.com\\\/#\\\/schema\\\/person\\\/2ab6be5821a7026cd8f16d2a9411e86e\",\"name\":\"admin\",\"image\":{\"@type\":\"ImageObject\",\"inLanguage\":\"fr-FR\",\"@id\":\"https:\\\/\\\/secure.gravatar.com\\\/avatar\\\/dc55d3f4b941a1510eef2620b2c166513788bd88ef72341333b6d0a859bacd3c?s=96&d=mm&r=g\",\"url\":\"https:\\\/\\\/secure.gravatar.com\\\/avatar\\\/dc55d3f4b941a1510eef2620b2c166513788bd88ef72341333b6d0a859bacd3c?s=96&d=mm&r=g\",\"contentUrl\":\"https:\\\/\\\/secure.gravatar.com\\\/avatar\\\/dc55d3f4b941a1510eef2620b2c166513788bd88ef72341333b6d0a859bacd3c?s=96&d=mm&r=g\",\"caption\":\"admin\"},\"sameAs\":[\"https:\\\/\\\/www.europa-prefabri.com\",\"https:\\\/\\\/x.com\\\/@EuropaPrefabri\"]}]}<\/script>\n<!-- \/ Yoast SEO plugin. -->","yoast_head_json":{"title":"Construction Modulaire fabriqu\u00e9 par l'entreprise espagnole EUROPA PREFABRI","description":"Salles de classe pr\u00e9fabriqu\u00e9es pour la Juventus Soccer School Espagne. Gr\u00e2ce \u00e0 la polyvalence de la construction modulaire, nous pouvons concevoir et fabriquer des ensembles modulaires adapt\u00e9s aux besoins d\u2019espace sp\u00e9cifiques de nos clients, gr\u00e2ce \u00e0 l\u2019union des modules.","robots":{"index":"index","follow":"follow","max-snippet":"max-snippet:-1","max-image-preview":"max-image-preview:large","max-video-preview":"max-video-preview:-1"},"canonical":"https:\/\/www.europa-prefabri.com\/fr\/juventus-soccer-school-espagne\/","og_locale":"fr_FR","og_type":"article","og_title":"Construction Modulaire fabriqu\u00e9 par l'entreprise espagnole EUROPA PREFABRI","og_description":"Salles de classe pr\u00e9fabriqu\u00e9es pour la Juventus Soccer School Espagne. Gr\u00e2ce \u00e0 la polyvalence de la construction modulaire, nous pouvons concevoir et fabriquer des ensembles modulaires adapt\u00e9s aux besoins d\u2019espace sp\u00e9cifiques de nos clients, gr\u00e2ce \u00e0 l\u2019union des modules.","og_url":"https:\/\/www.europa-prefabri.com\/fr\/juventus-soccer-school-espagne\/","og_site_name":"Europa Prefabri | Alquiler y venta de construcciones modulares","article_publisher":"https:\/\/www.facebook.com\/Europa-Prefabri-258328977572213\/","article_published_time":"2014-12-19T15:49:56+00:00","article_modified_time":"2016-03-30T07:56:11+00:00","og_image":[{"width":800,"height":532,"url":"https:\/\/www.europa-prefabri.com\/wp-content\/uploads\/Escuela-de-futbol-Juventus-Soccer-School-Spain-OFICINA-12-opt_800x5321.jpg","type":"image\/jpeg"}],"author":"admin","twitter_card":"summary_large_image","twitter_creator":"@EuropaPrefabri","twitter_site":"@EuropaPrefabri","twitter_misc":{"Written by":"admin"},"schema":{"@context":"https:\/\/schema.org","@graph":[{"@type":"Article","@id":"https:\/\/www.europa-prefabri.com\/fr\/juventus-soccer-school-espagne\/#article","isPartOf":{"@id":"https:\/\/www.europa-prefabri.com\/fr\/juventus-soccer-school-espagne\/"},"author":{"name":"admin","@id":"https:\/\/www.europa-prefabri.com\/#\/schema\/person\/2ab6be5821a7026cd8f16d2a9411e86e"},"headline":"Juventus Soccer School Espagne","datePublished":"2014-12-19T15:49:56+00:00","dateModified":"2016-03-30T07:56:11+00:00","mainEntityOfPage":{"@id":"https:\/\/www.europa-prefabri.com\/fr\/juventus-soccer-school-espagne\/"},"wordCount":96,"publisher":{"@id":"https:\/\/www.europa-prefabri.com\/#organization"},"image":{"@id":"https:\/\/www.europa-prefabri.com\/fr\/juventus-soccer-school-espagne\/#primaryimage"},"thumbnailUrl":"https:\/\/www.europa-prefabri.com\/wp-content\/uploads\/Escuela-de-futbol-Juventus-Soccer-School-Spain-OFICINA-12-opt_800x5321.jpg","keywords":["MODULOS PREFABRICADOS"],"articleSection":["Noticias","Projets"],"inLanguage":"fr-FR"},{"@type":"WebPage","@id":"https:\/\/www.europa-prefabri.com\/fr\/juventus-soccer-school-espagne\/","url":"https:\/\/www.europa-prefabri.com\/fr\/juventus-soccer-school-espagne\/","name":"Construction Modulaire fabriqu\u00e9 par l'entreprise espagnole EUROPA PREFABRI","isPartOf":{"@id":"https:\/\/www.europa-prefabri.com\/#website"},"primaryImageOfPage":{"@id":"https:\/\/www.europa-prefabri.com\/fr\/juventus-soccer-school-espagne\/#primaryimage"},"image":{"@id":"https:\/\/www.europa-prefabri.com\/fr\/juventus-soccer-school-espagne\/#primaryimage"},"thumbnailUrl":"https:\/\/www.europa-prefabri.com\/wp-content\/uploads\/Escuela-de-futbol-Juventus-Soccer-School-Spain-OFICINA-12-opt_800x5321.jpg","datePublished":"2014-12-19T15:49:56+00:00","dateModified":"2016-03-30T07:56:11+00:00","description":"Salles de classe pr\u00e9fabriqu\u00e9es pour la Juventus Soccer School Espagne. Gr\u00e2ce \u00e0 la polyvalence de la construction modulaire, nous pouvons concevoir et fabriquer des ensembles modulaires adapt\u00e9s aux besoins d\u2019espace sp\u00e9cifiques de nos clients, gr\u00e2ce \u00e0 l\u2019union des modules.","breadcrumb":{"@id":"https:\/\/www.europa-prefabri.com\/fr\/juventus-soccer-school-espagne\/#breadcrumb"},"inLanguage":"fr-FR","potentialAction":[{"@type":"ReadAction","target":["https:\/\/www.europa-prefabri.com\/fr\/juventus-soccer-school-espagne\/"]}]},{"@type":"ImageObject","inLanguage":"fr-FR","@id":"https:\/\/www.europa-prefabri.com\/fr\/juventus-soccer-school-espagne\/#primaryimage","url":"https:\/\/www.europa-prefabri.com\/wp-content\/uploads\/Escuela-de-futbol-Juventus-Soccer-School-Spain-OFICINA-12-opt_800x5321.jpg","contentUrl":"https:\/\/www.europa-prefabri.com\/wp-content\/uploads\/Escuela-de-futbol-Juventus-Soccer-School-Spain-OFICINA-12-opt_800x5321.jpg","width":800,"height":532},{"@type":"BreadcrumbList","@id":"https:\/\/www.europa-prefabri.com\/fr\/juventus-soccer-school-espagne\/#breadcrumb","itemListElement":[{"@type":"ListItem","position":1,"name":"Portada","item":"https:\/\/www.europa-prefabri.com\/fr\/"},{"@type":"ListItem","position":2,"name":"Juventus Soccer School Espagne"}]},{"@type":"WebSite","@id":"https:\/\/www.europa-prefabri.com\/#website","url":"https:\/\/www.europa-prefabri.com\/","name":"Europa Prefabri | Alquiler y venta de construcciones modulares","description":"Alquiler y venta de construcciones modulares, casetas de obra, marquesinas de aparcamiento y vallas y cerramientos.","publisher":{"@id":"https:\/\/www.europa-prefabri.com\/#organization"},"potentialAction":[{"@type":"SearchAction","target":{"@type":"EntryPoint","urlTemplate":"https:\/\/www.europa-prefabri.com\/?s={search_term_string}"},"query-input":{"@type":"PropertyValueSpecification","valueRequired":true,"valueName":"search_term_string"}}],"inLanguage":"fr-FR"},{"@type":"Organization","@id":"https:\/\/www.europa-prefabri.com\/#organization","name":"Prefabri S.L.","url":"https:\/\/www.europa-prefabri.com\/","logo":{"@type":"ImageObject","inLanguage":"fr-FR","@id":"https:\/\/www.europa-prefabri.com\/#\/schema\/logo\/image\/","url":"https:\/\/www.europa-prefabri.com\/wp-content\/uploads\/EuropaPrefabri-Logo.jpg","contentUrl":"https:\/\/www.europa-prefabri.com\/wp-content\/uploads\/EuropaPrefabri-Logo.jpg","width":752,"height":348,"caption":"Prefabri S.L."},"image":{"@id":"https:\/\/www.europa-prefabri.com\/#\/schema\/logo\/image\/"},"sameAs":["https:\/\/www.facebook.com\/Europa-Prefabri-258328977572213\/","https:\/\/x.com\/EuropaPrefabri","https:\/\/www.instagram.com\/europaprefabri\/","https:\/\/es.linkedin.com\/company\/europa-prefabri","https:\/\/es.pinterest.com\/europaprefabri\/","https:\/\/www.youtube.com\/user\/PrefabriSL"]},{"@type":"Person","@id":"https:\/\/www.europa-prefabri.com\/#\/schema\/person\/2ab6be5821a7026cd8f16d2a9411e86e","name":"admin","image":{"@type":"ImageObject","inLanguage":"fr-FR","@id":"https:\/\/secure.gravatar.com\/avatar\/dc55d3f4b941a1510eef2620b2c166513788bd88ef72341333b6d0a859bacd3c?s=96&d=mm&r=g","url":"https:\/\/secure.gravatar.com\/avatar\/dc55d3f4b941a1510eef2620b2c166513788bd88ef72341333b6d0a859bacd3c?s=96&d=mm&r=g","contentUrl":"https:\/\/secure.gravatar.com\/avatar\/dc55d3f4b941a1510eef2620b2c166513788bd88ef72341333b6d0a859bacd3c?s=96&d=mm&r=g","caption":"admin"},"sameAs":["https:\/\/www.europa-prefabri.com","https:\/\/x.com\/@EuropaPrefabri"]}]}},"_links":{"self":[{"href":"https:\/\/www.europa-prefabri.com\/fr\/wp-json\/wp\/v2\/posts\/6437","targetHints":{"allow":["GET"]}}],"collection":[{"href":"https:\/\/www.europa-prefabri.com\/fr\/wp-json\/wp\/v2\/posts"}],"about":[{"href":"https:\/\/www.europa-prefabri.com\/fr\/wp-json\/wp\/v2\/types\/post"}],"author":[{"embeddable":true,"href":"https:\/\/www.europa-prefabri.com\/fr\/wp-json\/wp\/v2\/users\/4"}],"replies":[{"embeddable":true,"href":"https:\/\/www.europa-prefabri.com\/fr\/wp-json\/wp\/v2\/comments?post=6437"}],"version-history":[{"count":0,"href":"https:\/\/www.europa-prefabri.com\/fr\/wp-json\/wp\/v2\/posts\/6437\/revisions"}],"wp:featuredmedia":[{"embeddable":true,"href":"https:\/\/www.europa-prefabri.com\/fr\/wp-json\/wp\/v2\/media\/6439"}],"wp:attachment":[{"href":"https:\/\/www.europa-prefabri.com\/fr\/wp-json\/wp\/v2\/media?parent=6437"}],"wp:term":[{"taxonomy":"category","embeddable":true,"href":"https:\/\/www.europa-prefabri.com\/fr\/wp-json\/wp\/v2\/categories?post=6437"},{"taxonomy":"post_tag","embeddable":true,"href":"https:\/\/www.europa-prefabri.com\/fr\/wp-json\/wp\/v2\/tags?post=6437"}],"curies":[{"name":"wp","href":"https:\/\/api.w.org\/{rel}","templated":true}]}}