{"id":4000,"date":"2014-07-01T12:05:56","date_gmt":"2014-07-01T12:05:56","guid":{"rendered":"http:\/\/www.europa-prefabri.com\/?p=4000"},"modified":"2016-03-30T08:38:01","modified_gmt":"2016-03-30T08:38:01","slug":"plage-privee-restaurant-en-france","status":"publish","type":"post","link":"https:\/\/www.europa-prefabri.com\/fr\/plage-privee-restaurant-en-france\/","title":{"rendered":"PLAGE PRIV\u00c9E &#8211; RESTAURANT EN FRANCE"},"content":{"rendered":"\n<p>Nous pr\u00e9sentons un nouveau projet sp\u00e9cial r\u00e9alis\u00e9 en France, pr\u00e8s de Perpignan.<\/p>\n<p>Il s\u2019agit d\u2019un restaurant situ\u00e9 en bord de mer, qui a \u00e9t\u00e9 r\u00e9alis\u00e9 \u00e0 partir de modules pr\u00e9fabriqu\u00e9s avec des caract\u00e9ristiques techniques sp\u00e9ciales.<\/p>\n<p>Les modules ont \u00e9t\u00e9 fabriqu\u00e9s dans\u00a0notre usine espagnole et transport\u00e9s en syst\u00e8me kit (flat-pack), sur camion plateau afin d\u2019effectuer le montage sur place.<\/p>\n<p>Il s\u2019agit d\u2019un nouvel exemple des diverses applications de nos constructions modulaires.<\/p>\n","protected":false},"excerpt":{"rendered":"<p>Nous pr\u00e9sentons un nouveau projet sp\u00e9cial r\u00e9alis\u00e9 en France, pr\u00e8s de Perpignan. Il s\u2019agit d\u2019un restaurant situ\u00e9 en bord de mer, qui a \u00e9t\u00e9 r\u00e9alis\u00e9 \u00e0 partir de modules pr\u00e9fabriqu\u00e9s avec des caract\u00e9ristiques techniques sp\u00e9ciales. Les modules ont \u00e9t\u00e9 fabriqu\u00e9s dans\u00a0notre usine espagnole et transport\u00e9s en syst\u00e8me kit (flat-pack), sur camion plateau afin d\u2019effectuer le [&hellip;]<\/p>\n","protected":false},"author":4,"featured_media":0,"comment_status":"closed","ping_status":"closed","sticky":false,"template":"","format":"gallery","meta":{"footnotes":""},"categories":[413,58],"tags":[193,195,194,196],"class_list":["post-4000","post","type-post","status-publish","format-gallery","hentry","category-noticias-fr","category-projets","tag-bar-prefabrique","tag-construction-modulaire-france","tag-restaurant-prefabrique","tag-restaurants","post_format-post-format-gallery"],"yoast_head":"<!-- This site is optimized with the Yoast SEO plugin v27.5 - https:\/\/yoast.com\/product\/yoast-seo-wordpress\/ -->\n<title>L&#039;entreprise espagnole Europa Prefabri - Restaurant plage priv\u00e9e en France<\/title>\n<meta name=\"description\" content=\"Europa Prefabri a install\u00e9 un restaurant pr\u00e9fabriqu\u00e9 en France, sur une plage pr\u00e8s de Perpignan, un nouvel exemple des diff\u00e9rentes applications de nos constructions modulaires.\" \/>\n<meta name=\"robots\" content=\"index, follow, max-snippet:-1, max-image-preview:large, max-video-preview:-1\" \/>\n<link rel=\"canonical\" href=\"https:\/\/www.europa-prefabri.com\/fr\/plage-privee-restaurant-en-france\/\" \/>\n<meta property=\"og:locale\" content=\"fr_FR\" \/>\n<meta property=\"og:type\" content=\"article\" \/>\n<meta property=\"og:title\" content=\"L&#039;entreprise espagnole Europa Prefabri - Restaurant plage priv\u00e9e en France\" \/>\n<meta property=\"og:description\" content=\"Europa Prefabri a install\u00e9 un restaurant pr\u00e9fabriqu\u00e9 en France, sur une plage pr\u00e8s de Perpignan, un nouvel exemple des diff\u00e9rentes applications de nos constructions modulaires.\" \/>\n<meta property=\"og:url\" content=\"https:\/\/www.europa-prefabri.com\/fr\/plage-privee-restaurant-en-france\/\" \/>\n<meta property=\"og:site_name\" content=\"Europa Prefabri | Alquiler y venta de construcciones modulares\" \/>\n<meta property=\"article:publisher\" content=\"https:\/\/www.facebook.com\/Europa-Prefabri-258328977572213\/\" \/>\n<meta property=\"article:published_time\" content=\"2014-07-01T12:05:56+00:00\" \/>\n<meta property=\"article:modified_time\" content=\"2016-03-30T08:38:01+00:00\" \/>\n<meta name=\"author\" content=\"admin\" \/>\n<meta name=\"twitter:card\" content=\"summary_large_image\" \/>\n<meta name=\"twitter:creator\" content=\"@EuropaPrefabri\" \/>\n<meta name=\"twitter:site\" content=\"@EuropaPrefabri\" \/>\n<meta name=\"twitter:label1\" content=\"Written by\" \/>\n\t<meta name=\"twitter:data1\" content=\"admin\" \/>\n<script type=\"application\/ld+json\" class=\"yoast-schema-graph\">{\"@context\":\"https:\\\/\\\/schema.org\",\"@graph\":[{\"@type\":\"Article\",\"@id\":\"https:\\\/\\\/www.europa-prefabri.com\\\/fr\\\/plage-privee-restaurant-en-france\\\/#article\",\"isPartOf\":{\"@id\":\"https:\\\/\\\/www.europa-prefabri.com\\\/fr\\\/plage-privee-restaurant-en-france\\\/\"},\"author\":{\"name\":\"admin\",\"@id\":\"https:\\\/\\\/www.europa-prefabri.com\\\/#\\\/schema\\\/person\\\/2ab6be5821a7026cd8f16d2a9411e86e\"},\"headline\":\"PLAGE PRIV\u00c9E &#8211; RESTAURANT EN FRANCE\",\"datePublished\":\"2014-07-01T12:05:56+00:00\",\"dateModified\":\"2016-03-30T08:38:01+00:00\",\"mainEntityOfPage\":{\"@id\":\"https:\\\/\\\/www.europa-prefabri.com\\\/fr\\\/plage-privee-restaurant-en-france\\\/\"},\"wordCount\":97,\"publisher\":{\"@id\":\"https:\\\/\\\/www.europa-prefabri.com\\\/#organization\"},\"keywords\":[\"Bar pr\u00e9fabriqu\u00e9\",\"Construction modulaire France\",\"Restaurant pr\u00e9fabriqu\u00e9\",\"Restaurants\"],\"articleSection\":[\"Noticias\",\"Projets\"],\"inLanguage\":\"fr-FR\"},{\"@type\":\"WebPage\",\"@id\":\"https:\\\/\\\/www.europa-prefabri.com\\\/fr\\\/plage-privee-restaurant-en-france\\\/\",\"url\":\"https:\\\/\\\/www.europa-prefabri.com\\\/fr\\\/plage-privee-restaurant-en-france\\\/\",\"name\":\"L'entreprise espagnole Europa Prefabri - Restaurant plage priv\u00e9e en France\",\"isPartOf\":{\"@id\":\"https:\\\/\\\/www.europa-prefabri.com\\\/#website\"},\"datePublished\":\"2014-07-01T12:05:56+00:00\",\"dateModified\":\"2016-03-30T08:38:01+00:00\",\"description\":\"Europa Prefabri a install\u00e9 un restaurant pr\u00e9fabriqu\u00e9 en France, sur une plage pr\u00e8s de Perpignan, un nouvel exemple des diff\u00e9rentes applications de nos constructions modulaires.\",\"breadcrumb\":{\"@id\":\"https:\\\/\\\/www.europa-prefabri.com\\\/fr\\\/plage-privee-restaurant-en-france\\\/#breadcrumb\"},\"inLanguage\":\"fr-FR\",\"potentialAction\":[{\"@type\":\"ReadAction\",\"target\":[\"https:\\\/\\\/www.europa-prefabri.com\\\/fr\\\/plage-privee-restaurant-en-france\\\/\"]}]},{\"@type\":\"BreadcrumbList\",\"@id\":\"https:\\\/\\\/www.europa-prefabri.com\\\/fr\\\/plage-privee-restaurant-en-france\\\/#breadcrumb\",\"itemListElement\":[{\"@type\":\"ListItem\",\"position\":1,\"name\":\"Portada\",\"item\":\"https:\\\/\\\/www.europa-prefabri.com\\\/fr\\\/\"},{\"@type\":\"ListItem\",\"position\":2,\"name\":\"PLAGE PRIV\u00c9E &#8211; RESTAURANT EN FRANCE\"}]},{\"@type\":\"WebSite\",\"@id\":\"https:\\\/\\\/www.europa-prefabri.com\\\/#website\",\"url\":\"https:\\\/\\\/www.europa-prefabri.com\\\/\",\"name\":\"Europa Prefabri | Alquiler y venta de construcciones modulares\",\"description\":\"Alquiler y venta de construcciones modulares, casetas de obra, marquesinas de aparcamiento y vallas y cerramientos.\",\"publisher\":{\"@id\":\"https:\\\/\\\/www.europa-prefabri.com\\\/#organization\"},\"potentialAction\":[{\"@type\":\"SearchAction\",\"target\":{\"@type\":\"EntryPoint\",\"urlTemplate\":\"https:\\\/\\\/www.europa-prefabri.com\\\/?s={search_term_string}\"},\"query-input\":{\"@type\":\"PropertyValueSpecification\",\"valueRequired\":true,\"valueName\":\"search_term_string\"}}],\"inLanguage\":\"fr-FR\"},{\"@type\":\"Organization\",\"@id\":\"https:\\\/\\\/www.europa-prefabri.com\\\/#organization\",\"name\":\"Prefabri S.L.\",\"url\":\"https:\\\/\\\/www.europa-prefabri.com\\\/\",\"logo\":{\"@type\":\"ImageObject\",\"inLanguage\":\"fr-FR\",\"@id\":\"https:\\\/\\\/www.europa-prefabri.com\\\/#\\\/schema\\\/logo\\\/image\\\/\",\"url\":\"https:\\\/\\\/www.europa-prefabri.com\\\/wp-content\\\/uploads\\\/EuropaPrefabri-Logo.jpg\",\"contentUrl\":\"https:\\\/\\\/www.europa-prefabri.com\\\/wp-content\\\/uploads\\\/EuropaPrefabri-Logo.jpg\",\"width\":752,\"height\":348,\"caption\":\"Prefabri S.L.\"},\"image\":{\"@id\":\"https:\\\/\\\/www.europa-prefabri.com\\\/#\\\/schema\\\/logo\\\/image\\\/\"},\"sameAs\":[\"https:\\\/\\\/www.facebook.com\\\/Europa-Prefabri-258328977572213\\\/\",\"https:\\\/\\\/x.com\\\/EuropaPrefabri\",\"https:\\\/\\\/www.instagram.com\\\/europaprefabri\\\/\",\"https:\\\/\\\/es.linkedin.com\\\/company\\\/europa-prefabri\",\"https:\\\/\\\/es.pinterest.com\\\/europaprefabri\\\/\",\"https:\\\/\\\/www.youtube.com\\\/user\\\/PrefabriSL\"]},{\"@type\":\"Person\",\"@id\":\"https:\\\/\\\/www.europa-prefabri.com\\\/#\\\/schema\\\/person\\\/2ab6be5821a7026cd8f16d2a9411e86e\",\"name\":\"admin\",\"image\":{\"@type\":\"ImageObject\",\"inLanguage\":\"fr-FR\",\"@id\":\"https:\\\/\\\/secure.gravatar.com\\\/avatar\\\/dc55d3f4b941a1510eef2620b2c166513788bd88ef72341333b6d0a859bacd3c?s=96&d=mm&r=g\",\"url\":\"https:\\\/\\\/secure.gravatar.com\\\/avatar\\\/dc55d3f4b941a1510eef2620b2c166513788bd88ef72341333b6d0a859bacd3c?s=96&d=mm&r=g\",\"contentUrl\":\"https:\\\/\\\/secure.gravatar.com\\\/avatar\\\/dc55d3f4b941a1510eef2620b2c166513788bd88ef72341333b6d0a859bacd3c?s=96&d=mm&r=g\",\"caption\":\"admin\"},\"sameAs\":[\"https:\\\/\\\/www.europa-prefabri.com\",\"https:\\\/\\\/x.com\\\/@EuropaPrefabri\"]}]}<\/script>\n<!-- \/ Yoast SEO plugin. -->","yoast_head_json":{"title":"L'entreprise espagnole Europa Prefabri - Restaurant plage priv\u00e9e en France","description":"Europa Prefabri a install\u00e9 un restaurant pr\u00e9fabriqu\u00e9 en France, sur une plage pr\u00e8s de Perpignan, un nouvel exemple des diff\u00e9rentes applications de nos constructions modulaires.","robots":{"index":"index","follow":"follow","max-snippet":"max-snippet:-1","max-image-preview":"max-image-preview:large","max-video-preview":"max-video-preview:-1"},"canonical":"https:\/\/www.europa-prefabri.com\/fr\/plage-privee-restaurant-en-france\/","og_locale":"fr_FR","og_type":"article","og_title":"L'entreprise espagnole Europa Prefabri - Restaurant plage priv\u00e9e en France","og_description":"Europa Prefabri a install\u00e9 un restaurant pr\u00e9fabriqu\u00e9 en France, sur une plage pr\u00e8s de Perpignan, un nouvel exemple des diff\u00e9rentes applications de nos constructions modulaires.","og_url":"https:\/\/www.europa-prefabri.com\/fr\/plage-privee-restaurant-en-france\/","og_site_name":"Europa Prefabri | Alquiler y venta de construcciones modulares","article_publisher":"https:\/\/www.facebook.com\/Europa-Prefabri-258328977572213\/","article_published_time":"2014-07-01T12:05:56+00:00","article_modified_time":"2016-03-30T08:38:01+00:00","author":"admin","twitter_card":"summary_large_image","twitter_creator":"@EuropaPrefabri","twitter_site":"@EuropaPrefabri","twitter_misc":{"Written by":"admin"},"schema":{"@context":"https:\/\/schema.org","@graph":[{"@type":"Article","@id":"https:\/\/www.europa-prefabri.com\/fr\/plage-privee-restaurant-en-france\/#article","isPartOf":{"@id":"https:\/\/www.europa-prefabri.com\/fr\/plage-privee-restaurant-en-france\/"},"author":{"name":"admin","@id":"https:\/\/www.europa-prefabri.com\/#\/schema\/person\/2ab6be5821a7026cd8f16d2a9411e86e"},"headline":"PLAGE PRIV\u00c9E &#8211; RESTAURANT EN FRANCE","datePublished":"2014-07-01T12:05:56+00:00","dateModified":"2016-03-30T08:38:01+00:00","mainEntityOfPage":{"@id":"https:\/\/www.europa-prefabri.com\/fr\/plage-privee-restaurant-en-france\/"},"wordCount":97,"publisher":{"@id":"https:\/\/www.europa-prefabri.com\/#organization"},"keywords":["Bar pr\u00e9fabriqu\u00e9","Construction modulaire France","Restaurant pr\u00e9fabriqu\u00e9","Restaurants"],"articleSection":["Noticias","Projets"],"inLanguage":"fr-FR"},{"@type":"WebPage","@id":"https:\/\/www.europa-prefabri.com\/fr\/plage-privee-restaurant-en-france\/","url":"https:\/\/www.europa-prefabri.com\/fr\/plage-privee-restaurant-en-france\/","name":"L'entreprise espagnole Europa Prefabri - Restaurant plage priv\u00e9e en France","isPartOf":{"@id":"https:\/\/www.europa-prefabri.com\/#website"},"datePublished":"2014-07-01T12:05:56+00:00","dateModified":"2016-03-30T08:38:01+00:00","description":"Europa Prefabri a install\u00e9 un restaurant pr\u00e9fabriqu\u00e9 en France, sur une plage pr\u00e8s de Perpignan, un nouvel exemple des diff\u00e9rentes applications de nos constructions modulaires.","breadcrumb":{"@id":"https:\/\/www.europa-prefabri.com\/fr\/plage-privee-restaurant-en-france\/#breadcrumb"},"inLanguage":"fr-FR","potentialAction":[{"@type":"ReadAction","target":["https:\/\/www.europa-prefabri.com\/fr\/plage-privee-restaurant-en-france\/"]}]},{"@type":"BreadcrumbList","@id":"https:\/\/www.europa-prefabri.com\/fr\/plage-privee-restaurant-en-france\/#breadcrumb","itemListElement":[{"@type":"ListItem","position":1,"name":"Portada","item":"https:\/\/www.europa-prefabri.com\/fr\/"},{"@type":"ListItem","position":2,"name":"PLAGE PRIV\u00c9E &#8211; RESTAURANT EN FRANCE"}]},{"@type":"WebSite","@id":"https:\/\/www.europa-prefabri.com\/#website","url":"https:\/\/www.europa-prefabri.com\/","name":"Europa Prefabri | Alquiler y venta de construcciones modulares","description":"Alquiler y venta de construcciones modulares, casetas de obra, marquesinas de aparcamiento y vallas y cerramientos.","publisher":{"@id":"https:\/\/www.europa-prefabri.com\/#organization"},"potentialAction":[{"@type":"SearchAction","target":{"@type":"EntryPoint","urlTemplate":"https:\/\/www.europa-prefabri.com\/?s={search_term_string}"},"query-input":{"@type":"PropertyValueSpecification","valueRequired":true,"valueName":"search_term_string"}}],"inLanguage":"fr-FR"},{"@type":"Organization","@id":"https:\/\/www.europa-prefabri.com\/#organization","name":"Prefabri S.L.","url":"https:\/\/www.europa-prefabri.com\/","logo":{"@type":"ImageObject","inLanguage":"fr-FR","@id":"https:\/\/www.europa-prefabri.com\/#\/schema\/logo\/image\/","url":"https:\/\/www.europa-prefabri.com\/wp-content\/uploads\/EuropaPrefabri-Logo.jpg","contentUrl":"https:\/\/www.europa-prefabri.com\/wp-content\/uploads\/EuropaPrefabri-Logo.jpg","width":752,"height":348,"caption":"Prefabri S.L."},"image":{"@id":"https:\/\/www.europa-prefabri.com\/#\/schema\/logo\/image\/"},"sameAs":["https:\/\/www.facebook.com\/Europa-Prefabri-258328977572213\/","https:\/\/x.com\/EuropaPrefabri","https:\/\/www.instagram.com\/europaprefabri\/","https:\/\/es.linkedin.com\/company\/europa-prefabri","https:\/\/es.pinterest.com\/europaprefabri\/","https:\/\/www.youtube.com\/user\/PrefabriSL"]},{"@type":"Person","@id":"https:\/\/www.europa-prefabri.com\/#\/schema\/person\/2ab6be5821a7026cd8f16d2a9411e86e","name":"admin","image":{"@type":"ImageObject","inLanguage":"fr-FR","@id":"https:\/\/secure.gravatar.com\/avatar\/dc55d3f4b941a1510eef2620b2c166513788bd88ef72341333b6d0a859bacd3c?s=96&d=mm&r=g","url":"https:\/\/secure.gravatar.com\/avatar\/dc55d3f4b941a1510eef2620b2c166513788bd88ef72341333b6d0a859bacd3c?s=96&d=mm&r=g","contentUrl":"https:\/\/secure.gravatar.com\/avatar\/dc55d3f4b941a1510eef2620b2c166513788bd88ef72341333b6d0a859bacd3c?s=96&d=mm&r=g","caption":"admin"},"sameAs":["https:\/\/www.europa-prefabri.com","https:\/\/x.com\/@EuropaPrefabri"]}]}},"_links":{"self":[{"href":"https:\/\/www.europa-prefabri.com\/fr\/wp-json\/wp\/v2\/posts\/4000","targetHints":{"allow":["GET"]}}],"collection":[{"href":"https:\/\/www.europa-prefabri.com\/fr\/wp-json\/wp\/v2\/posts"}],"about":[{"href":"https:\/\/www.europa-prefabri.com\/fr\/wp-json\/wp\/v2\/types\/post"}],"author":[{"embeddable":true,"href":"https:\/\/www.europa-prefabri.com\/fr\/wp-json\/wp\/v2\/users\/4"}],"replies":[{"embeddable":true,"href":"https:\/\/www.europa-prefabri.com\/fr\/wp-json\/wp\/v2\/comments?post=4000"}],"version-history":[{"count":0,"href":"https:\/\/www.europa-prefabri.com\/fr\/wp-json\/wp\/v2\/posts\/4000\/revisions"}],"wp:attachment":[{"href":"https:\/\/www.europa-prefabri.com\/fr\/wp-json\/wp\/v2\/media?parent=4000"}],"wp:term":[{"taxonomy":"category","embeddable":true,"href":"https:\/\/www.europa-prefabri.com\/fr\/wp-json\/wp\/v2\/categories?post=4000"},{"taxonomy":"post_tag","embeddable":true,"href":"https:\/\/www.europa-prefabri.com\/fr\/wp-json\/wp\/v2\/tags?post=4000"}],"curies":[{"name":"wp","href":"https:\/\/api.w.org\/{rel}","templated":true}]}}