{"id":3827,"date":"2014-01-27T11:46:39","date_gmt":"2014-01-27T11:46:39","guid":{"rendered":"http:\/\/www.europa-prefabri.com\/?p=3827"},"modified":"2025-01-31T10:14:53","modified_gmt":"2025-01-31T09:14:53","slug":"modules-prefabriques-au-perou","status":"publish","type":"post","link":"https:\/\/www.europa-prefabri.com\/fr\/modules-prefabriques-au-perou\/","title":{"rendered":"Modules pr\u00e9fabriqu\u00e9s au P\u00e9rou"},"content":{"rendered":"<p>Lors de ces derniers mois nous avons envoy\u00e9 plusieurs conteneurs de constructions modulaires d\u00e9montables en KIT \u00e0 notre nouvelle filiale EUROPA PREFABRI au P\u00e9rou.<\/p>\n<p>Durant le mois de janvier les modules \u00e9taient assembl\u00e9s dans les locaux de l\u2019entreprise \u00e0 Lima et nous avons commenc\u00e9 \u00e0 les vendre et louer \u00e0 plusieurs entreprises p\u00e9ruviennes.<\/p>\n<p>Vous pouvez voir sur les photos les modules envoy\u00e9s.<\/p>\n<p><a href=\"https:\/\/www.europa-prefabri.com\/wp-content\/uploads\/2014-01-15-14.37.22_800x600.jpg\"><img loading=\"lazy\" decoding=\"async\" class=\"alignnone wp-image-3573\" src=\"https:\/\/www.europa-prefabri.com\/wp-content\/uploads\/2014-01-15-14.37.22_800x600.jpg\" alt=\"m\u00f3dulos prefabricados en kit\" width=\"480\" height=\"360\" \/><\/a><\/p>\n<p><a href=\"https:\/\/www.europa-prefabri.com\/wp-content\/uploads\/4_800x600.jpg\"><img loading=\"lazy\" decoding=\"async\" class=\"alignnone wp-image-3574\" src=\"https:\/\/www.europa-prefabri.com\/wp-content\/uploads\/4_800x600.jpg\" alt=\"modulos prefabricados en alquiler\" width=\"480\" height=\"360\" \/><\/a><\/p>\n<p><a href=\"https:\/\/www.europa-prefabri.com\/wp-content\/uploads\/6_800x600.jpg\"><img loading=\"lazy\" decoding=\"async\" class=\"alignnone wp-image-3575\" src=\"https:\/\/www.europa-prefabri.com\/wp-content\/uploads\/6_800x600.jpg\" alt=\"casetas de obra alquiler\" width=\"480\" height=\"360\" \/><\/a><\/p>\n","protected":false},"excerpt":{"rendered":"<p>Lors de ces derniers mois nous avons envoy\u00e9 plusieurs conteneurs de constructions modulaires d\u00e9montables en KIT \u00e0 notre nouvelle filiale EUROPA PREFABRI au P\u00e9rou. Durant le mois de janvier les modules \u00e9taient assembl\u00e9s dans les locaux de l\u2019entreprise \u00e0 Lima et nous avons commenc\u00e9 \u00e0 les vendre et louer \u00e0 plusieurs entreprises p\u00e9ruviennes. Vous pouvez [&hellip;]<\/p>\n","protected":false},"author":4,"featured_media":0,"comment_status":"closed","ping_status":"closed","sticky":false,"template":"","format":"gallery","meta":{"footnotes":""},"categories":[413,58],"tags":[157,165,117,154,437,164],"class_list":["post-3827","post","type-post","status-publish","format-gallery","hentry","category-noticias-fr","category-projets","tag-construction-modulaire-2","tag-construction-modulaire-export","tag-export-fr","tag-modules-prefabriques","tag-modulos-prefabricados-fr","tag-perou","post_format-post-format-gallery"],"yoast_head":"<!-- This site is optimized with the Yoast SEO plugin v27.5 - https:\/\/yoast.com\/product\/yoast-seo-wordpress\/ -->\n<title>Europa Prefabri en charge de la fabrication et du montage de modules pr\u00e9fabriqu\u00e9s au P\u00e9rou<\/title>\n<meta name=\"description\" content=\"L&#039;entreprise Europa Prefabri installe des pr\u00e9fabriqu\u00e9s au P\u00e9rou, \u00e0 travers de sa filiale sur place ouverte depuis plusieurs mois.\" \/>\n<meta name=\"robots\" content=\"index, follow, max-snippet:-1, max-image-preview:large, max-video-preview:-1\" \/>\n<link rel=\"canonical\" href=\"https:\/\/www.europa-prefabri.com\/fr\/modules-prefabriques-au-perou\/\" \/>\n<meta property=\"og:locale\" content=\"fr_FR\" \/>\n<meta property=\"og:type\" content=\"article\" \/>\n<meta property=\"og:title\" content=\"Europa Prefabri en charge de la fabrication et du montage de modules pr\u00e9fabriqu\u00e9s au P\u00e9rou\" \/>\n<meta property=\"og:description\" content=\"L&#039;entreprise Europa Prefabri installe des pr\u00e9fabriqu\u00e9s au P\u00e9rou, \u00e0 travers de sa filiale sur place ouverte depuis plusieurs mois.\" \/>\n<meta property=\"og:url\" content=\"https:\/\/www.europa-prefabri.com\/fr\/modules-prefabriques-au-perou\/\" \/>\n<meta property=\"og:site_name\" content=\"Europa Prefabri | Alquiler y venta de construcciones modulares\" \/>\n<meta property=\"article:publisher\" content=\"https:\/\/www.facebook.com\/Europa-Prefabri-258328977572213\/\" \/>\n<meta property=\"article:published_time\" content=\"2014-01-27T11:46:39+00:00\" \/>\n<meta property=\"article:modified_time\" content=\"2025-01-31T09:14:53+00:00\" \/>\n<meta name=\"author\" content=\"admin\" \/>\n<meta name=\"twitter:card\" content=\"summary_large_image\" \/>\n<meta name=\"twitter:creator\" content=\"@EuropaPrefabri\" \/>\n<meta name=\"twitter:site\" content=\"@EuropaPrefabri\" \/>\n<meta name=\"twitter:label1\" content=\"Written by\" \/>\n\t<meta name=\"twitter:data1\" content=\"admin\" \/>\n\t<meta name=\"twitter:label2\" content=\"Est. reading time\" \/>\n\t<meta name=\"twitter:data2\" content=\"2 minutes\" \/>\n<script type=\"application\/ld+json\" class=\"yoast-schema-graph\">{\"@context\":\"https:\\\/\\\/schema.org\",\"@graph\":[{\"@type\":\"Article\",\"@id\":\"https:\\\/\\\/www.europa-prefabri.com\\\/fr\\\/modules-prefabriques-au-perou\\\/#article\",\"isPartOf\":{\"@id\":\"https:\\\/\\\/www.europa-prefabri.com\\\/fr\\\/modules-prefabriques-au-perou\\\/\"},\"author\":{\"name\":\"admin\",\"@id\":\"https:\\\/\\\/www.europa-prefabri.com\\\/#\\\/schema\\\/person\\\/2ab6be5821a7026cd8f16d2a9411e86e\"},\"headline\":\"Modules pr\u00e9fabriqu\u00e9s au P\u00e9rou\",\"datePublished\":\"2014-01-27T11:46:39+00:00\",\"dateModified\":\"2025-01-31T09:14:53+00:00\",\"mainEntityOfPage\":{\"@id\":\"https:\\\/\\\/www.europa-prefabri.com\\\/fr\\\/modules-prefabriques-au-perou\\\/\"},\"wordCount\":71,\"publisher\":{\"@id\":\"https:\\\/\\\/www.europa-prefabri.com\\\/#organization\"},\"image\":{\"@id\":\"https:\\\/\\\/www.europa-prefabri.com\\\/fr\\\/modules-prefabriques-au-perou\\\/#primaryimage\"},\"thumbnailUrl\":\"https:\\\/\\\/www.europa-prefabri.com\\\/wp-content\\\/uploads\\\/2014-01-15-14.37.22_800x600.jpg\",\"keywords\":[\"construction modulaire\",\"Construction Modulaire Export\",\"EXPORT\",\"modules pr\u00e9fabriqu\u00e9s\",\"MODULOS PREFABRICADOS\",\"Perou\"],\"articleSection\":[\"Noticias\",\"Projets\"],\"inLanguage\":\"fr-FR\"},{\"@type\":\"WebPage\",\"@id\":\"https:\\\/\\\/www.europa-prefabri.com\\\/fr\\\/modules-prefabriques-au-perou\\\/\",\"url\":\"https:\\\/\\\/www.europa-prefabri.com\\\/fr\\\/modules-prefabriques-au-perou\\\/\",\"name\":\"Europa Prefabri en charge de la fabrication et du montage de modules pr\u00e9fabriqu\u00e9s au P\u00e9rou\",\"isPartOf\":{\"@id\":\"https:\\\/\\\/www.europa-prefabri.com\\\/#website\"},\"primaryImageOfPage\":{\"@id\":\"https:\\\/\\\/www.europa-prefabri.com\\\/fr\\\/modules-prefabriques-au-perou\\\/#primaryimage\"},\"image\":{\"@id\":\"https:\\\/\\\/www.europa-prefabri.com\\\/fr\\\/modules-prefabriques-au-perou\\\/#primaryimage\"},\"thumbnailUrl\":\"https:\\\/\\\/www.europa-prefabri.com\\\/wp-content\\\/uploads\\\/2014-01-15-14.37.22_800x600.jpg\",\"datePublished\":\"2014-01-27T11:46:39+00:00\",\"dateModified\":\"2025-01-31T09:14:53+00:00\",\"description\":\"L'entreprise Europa Prefabri installe des pr\u00e9fabriqu\u00e9s au P\u00e9rou, \u00e0 travers de sa filiale sur place ouverte depuis plusieurs mois.\",\"breadcrumb\":{\"@id\":\"https:\\\/\\\/www.europa-prefabri.com\\\/fr\\\/modules-prefabriques-au-perou\\\/#breadcrumb\"},\"inLanguage\":\"fr-FR\",\"potentialAction\":[{\"@type\":\"ReadAction\",\"target\":[\"https:\\\/\\\/www.europa-prefabri.com\\\/fr\\\/modules-prefabriques-au-perou\\\/\"]}]},{\"@type\":\"ImageObject\",\"inLanguage\":\"fr-FR\",\"@id\":\"https:\\\/\\\/www.europa-prefabri.com\\\/fr\\\/modules-prefabriques-au-perou\\\/#primaryimage\",\"url\":\"https:\\\/\\\/www.europa-prefabri.com\\\/wp-content\\\/uploads\\\/2014-01-15-14.37.22_800x600.jpg\",\"contentUrl\":\"https:\\\/\\\/www.europa-prefabri.com\\\/wp-content\\\/uploads\\\/2014-01-15-14.37.22_800x600.jpg\"},{\"@type\":\"BreadcrumbList\",\"@id\":\"https:\\\/\\\/www.europa-prefabri.com\\\/fr\\\/modules-prefabriques-au-perou\\\/#breadcrumb\",\"itemListElement\":[{\"@type\":\"ListItem\",\"position\":1,\"name\":\"Portada\",\"item\":\"https:\\\/\\\/www.europa-prefabri.com\\\/fr\\\/\"},{\"@type\":\"ListItem\",\"position\":2,\"name\":\"Modules pr\u00e9fabriqu\u00e9s au P\u00e9rou\"}]},{\"@type\":\"WebSite\",\"@id\":\"https:\\\/\\\/www.europa-prefabri.com\\\/#website\",\"url\":\"https:\\\/\\\/www.europa-prefabri.com\\\/\",\"name\":\"Europa Prefabri | Alquiler y venta de construcciones modulares\",\"description\":\"Alquiler y venta de construcciones modulares, casetas de obra, marquesinas de aparcamiento y vallas y cerramientos.\",\"publisher\":{\"@id\":\"https:\\\/\\\/www.europa-prefabri.com\\\/#organization\"},\"potentialAction\":[{\"@type\":\"SearchAction\",\"target\":{\"@type\":\"EntryPoint\",\"urlTemplate\":\"https:\\\/\\\/www.europa-prefabri.com\\\/?s={search_term_string}\"},\"query-input\":{\"@type\":\"PropertyValueSpecification\",\"valueRequired\":true,\"valueName\":\"search_term_string\"}}],\"inLanguage\":\"fr-FR\"},{\"@type\":\"Organization\",\"@id\":\"https:\\\/\\\/www.europa-prefabri.com\\\/#organization\",\"name\":\"Prefabri S.L.\",\"url\":\"https:\\\/\\\/www.europa-prefabri.com\\\/\",\"logo\":{\"@type\":\"ImageObject\",\"inLanguage\":\"fr-FR\",\"@id\":\"https:\\\/\\\/www.europa-prefabri.com\\\/#\\\/schema\\\/logo\\\/image\\\/\",\"url\":\"https:\\\/\\\/www.europa-prefabri.com\\\/wp-content\\\/uploads\\\/EuropaPrefabri-Logo.jpg\",\"contentUrl\":\"https:\\\/\\\/www.europa-prefabri.com\\\/wp-content\\\/uploads\\\/EuropaPrefabri-Logo.jpg\",\"width\":752,\"height\":348,\"caption\":\"Prefabri S.L.\"},\"image\":{\"@id\":\"https:\\\/\\\/www.europa-prefabri.com\\\/#\\\/schema\\\/logo\\\/image\\\/\"},\"sameAs\":[\"https:\\\/\\\/www.facebook.com\\\/Europa-Prefabri-258328977572213\\\/\",\"https:\\\/\\\/x.com\\\/EuropaPrefabri\",\"https:\\\/\\\/www.instagram.com\\\/europaprefabri\\\/\",\"https:\\\/\\\/es.linkedin.com\\\/company\\\/europa-prefabri\",\"https:\\\/\\\/es.pinterest.com\\\/europaprefabri\\\/\",\"https:\\\/\\\/www.youtube.com\\\/user\\\/PrefabriSL\"]},{\"@type\":\"Person\",\"@id\":\"https:\\\/\\\/www.europa-prefabri.com\\\/#\\\/schema\\\/person\\\/2ab6be5821a7026cd8f16d2a9411e86e\",\"name\":\"admin\",\"image\":{\"@type\":\"ImageObject\",\"inLanguage\":\"fr-FR\",\"@id\":\"https:\\\/\\\/secure.gravatar.com\\\/avatar\\\/dc55d3f4b941a1510eef2620b2c166513788bd88ef72341333b6d0a859bacd3c?s=96&d=mm&r=g\",\"url\":\"https:\\\/\\\/secure.gravatar.com\\\/avatar\\\/dc55d3f4b941a1510eef2620b2c166513788bd88ef72341333b6d0a859bacd3c?s=96&d=mm&r=g\",\"contentUrl\":\"https:\\\/\\\/secure.gravatar.com\\\/avatar\\\/dc55d3f4b941a1510eef2620b2c166513788bd88ef72341333b6d0a859bacd3c?s=96&d=mm&r=g\",\"caption\":\"admin\"},\"sameAs\":[\"https:\\\/\\\/www.europa-prefabri.com\",\"https:\\\/\\\/x.com\\\/@EuropaPrefabri\"]}]}<\/script>\n<!-- \/ Yoast SEO plugin. -->","yoast_head_json":{"title":"Europa Prefabri en charge de la fabrication et du montage de modules pr\u00e9fabriqu\u00e9s au P\u00e9rou","description":"L'entreprise Europa Prefabri installe des pr\u00e9fabriqu\u00e9s au P\u00e9rou, \u00e0 travers de sa filiale sur place ouverte depuis plusieurs mois.","robots":{"index":"index","follow":"follow","max-snippet":"max-snippet:-1","max-image-preview":"max-image-preview:large","max-video-preview":"max-video-preview:-1"},"canonical":"https:\/\/www.europa-prefabri.com\/fr\/modules-prefabriques-au-perou\/","og_locale":"fr_FR","og_type":"article","og_title":"Europa Prefabri en charge de la fabrication et du montage de modules pr\u00e9fabriqu\u00e9s au P\u00e9rou","og_description":"L'entreprise Europa Prefabri installe des pr\u00e9fabriqu\u00e9s au P\u00e9rou, \u00e0 travers de sa filiale sur place ouverte depuis plusieurs mois.","og_url":"https:\/\/www.europa-prefabri.com\/fr\/modules-prefabriques-au-perou\/","og_site_name":"Europa Prefabri | Alquiler y venta de construcciones modulares","article_publisher":"https:\/\/www.facebook.com\/Europa-Prefabri-258328977572213\/","article_published_time":"2014-01-27T11:46:39+00:00","article_modified_time":"2025-01-31T09:14:53+00:00","author":"admin","twitter_card":"summary_large_image","twitter_creator":"@EuropaPrefabri","twitter_site":"@EuropaPrefabri","twitter_misc":{"Written by":"admin","Est. reading time":"2 minutes"},"schema":{"@context":"https:\/\/schema.org","@graph":[{"@type":"Article","@id":"https:\/\/www.europa-prefabri.com\/fr\/modules-prefabriques-au-perou\/#article","isPartOf":{"@id":"https:\/\/www.europa-prefabri.com\/fr\/modules-prefabriques-au-perou\/"},"author":{"name":"admin","@id":"https:\/\/www.europa-prefabri.com\/#\/schema\/person\/2ab6be5821a7026cd8f16d2a9411e86e"},"headline":"Modules pr\u00e9fabriqu\u00e9s au P\u00e9rou","datePublished":"2014-01-27T11:46:39+00:00","dateModified":"2025-01-31T09:14:53+00:00","mainEntityOfPage":{"@id":"https:\/\/www.europa-prefabri.com\/fr\/modules-prefabriques-au-perou\/"},"wordCount":71,"publisher":{"@id":"https:\/\/www.europa-prefabri.com\/#organization"},"image":{"@id":"https:\/\/www.europa-prefabri.com\/fr\/modules-prefabriques-au-perou\/#primaryimage"},"thumbnailUrl":"https:\/\/www.europa-prefabri.com\/wp-content\/uploads\/2014-01-15-14.37.22_800x600.jpg","keywords":["construction modulaire","Construction Modulaire Export","EXPORT","modules pr\u00e9fabriqu\u00e9s","MODULOS PREFABRICADOS","Perou"],"articleSection":["Noticias","Projets"],"inLanguage":"fr-FR"},{"@type":"WebPage","@id":"https:\/\/www.europa-prefabri.com\/fr\/modules-prefabriques-au-perou\/","url":"https:\/\/www.europa-prefabri.com\/fr\/modules-prefabriques-au-perou\/","name":"Europa Prefabri en charge de la fabrication et du montage de modules pr\u00e9fabriqu\u00e9s au P\u00e9rou","isPartOf":{"@id":"https:\/\/www.europa-prefabri.com\/#website"},"primaryImageOfPage":{"@id":"https:\/\/www.europa-prefabri.com\/fr\/modules-prefabriques-au-perou\/#primaryimage"},"image":{"@id":"https:\/\/www.europa-prefabri.com\/fr\/modules-prefabriques-au-perou\/#primaryimage"},"thumbnailUrl":"https:\/\/www.europa-prefabri.com\/wp-content\/uploads\/2014-01-15-14.37.22_800x600.jpg","datePublished":"2014-01-27T11:46:39+00:00","dateModified":"2025-01-31T09:14:53+00:00","description":"L'entreprise Europa Prefabri installe des pr\u00e9fabriqu\u00e9s au P\u00e9rou, \u00e0 travers de sa filiale sur place ouverte depuis plusieurs mois.","breadcrumb":{"@id":"https:\/\/www.europa-prefabri.com\/fr\/modules-prefabriques-au-perou\/#breadcrumb"},"inLanguage":"fr-FR","potentialAction":[{"@type":"ReadAction","target":["https:\/\/www.europa-prefabri.com\/fr\/modules-prefabriques-au-perou\/"]}]},{"@type":"ImageObject","inLanguage":"fr-FR","@id":"https:\/\/www.europa-prefabri.com\/fr\/modules-prefabriques-au-perou\/#primaryimage","url":"https:\/\/www.europa-prefabri.com\/wp-content\/uploads\/2014-01-15-14.37.22_800x600.jpg","contentUrl":"https:\/\/www.europa-prefabri.com\/wp-content\/uploads\/2014-01-15-14.37.22_800x600.jpg"},{"@type":"BreadcrumbList","@id":"https:\/\/www.europa-prefabri.com\/fr\/modules-prefabriques-au-perou\/#breadcrumb","itemListElement":[{"@type":"ListItem","position":1,"name":"Portada","item":"https:\/\/www.europa-prefabri.com\/fr\/"},{"@type":"ListItem","position":2,"name":"Modules pr\u00e9fabriqu\u00e9s au P\u00e9rou"}]},{"@type":"WebSite","@id":"https:\/\/www.europa-prefabri.com\/#website","url":"https:\/\/www.europa-prefabri.com\/","name":"Europa Prefabri | Alquiler y venta de construcciones modulares","description":"Alquiler y venta de construcciones modulares, casetas de obra, marquesinas de aparcamiento y vallas y cerramientos.","publisher":{"@id":"https:\/\/www.europa-prefabri.com\/#organization"},"potentialAction":[{"@type":"SearchAction","target":{"@type":"EntryPoint","urlTemplate":"https:\/\/www.europa-prefabri.com\/?s={search_term_string}"},"query-input":{"@type":"PropertyValueSpecification","valueRequired":true,"valueName":"search_term_string"}}],"inLanguage":"fr-FR"},{"@type":"Organization","@id":"https:\/\/www.europa-prefabri.com\/#organization","name":"Prefabri S.L.","url":"https:\/\/www.europa-prefabri.com\/","logo":{"@type":"ImageObject","inLanguage":"fr-FR","@id":"https:\/\/www.europa-prefabri.com\/#\/schema\/logo\/image\/","url":"https:\/\/www.europa-prefabri.com\/wp-content\/uploads\/EuropaPrefabri-Logo.jpg","contentUrl":"https:\/\/www.europa-prefabri.com\/wp-content\/uploads\/EuropaPrefabri-Logo.jpg","width":752,"height":348,"caption":"Prefabri S.L."},"image":{"@id":"https:\/\/www.europa-prefabri.com\/#\/schema\/logo\/image\/"},"sameAs":["https:\/\/www.facebook.com\/Europa-Prefabri-258328977572213\/","https:\/\/x.com\/EuropaPrefabri","https:\/\/www.instagram.com\/europaprefabri\/","https:\/\/es.linkedin.com\/company\/europa-prefabri","https:\/\/es.pinterest.com\/europaprefabri\/","https:\/\/www.youtube.com\/user\/PrefabriSL"]},{"@type":"Person","@id":"https:\/\/www.europa-prefabri.com\/#\/schema\/person\/2ab6be5821a7026cd8f16d2a9411e86e","name":"admin","image":{"@type":"ImageObject","inLanguage":"fr-FR","@id":"https:\/\/secure.gravatar.com\/avatar\/dc55d3f4b941a1510eef2620b2c166513788bd88ef72341333b6d0a859bacd3c?s=96&d=mm&r=g","url":"https:\/\/secure.gravatar.com\/avatar\/dc55d3f4b941a1510eef2620b2c166513788bd88ef72341333b6d0a859bacd3c?s=96&d=mm&r=g","contentUrl":"https:\/\/secure.gravatar.com\/avatar\/dc55d3f4b941a1510eef2620b2c166513788bd88ef72341333b6d0a859bacd3c?s=96&d=mm&r=g","caption":"admin"},"sameAs":["https:\/\/www.europa-prefabri.com","https:\/\/x.com\/@EuropaPrefabri"]}]}},"_links":{"self":[{"href":"https:\/\/www.europa-prefabri.com\/fr\/wp-json\/wp\/v2\/posts\/3827","targetHints":{"allow":["GET"]}}],"collection":[{"href":"https:\/\/www.europa-prefabri.com\/fr\/wp-json\/wp\/v2\/posts"}],"about":[{"href":"https:\/\/www.europa-prefabri.com\/fr\/wp-json\/wp\/v2\/types\/post"}],"author":[{"embeddable":true,"href":"https:\/\/www.europa-prefabri.com\/fr\/wp-json\/wp\/v2\/users\/4"}],"replies":[{"embeddable":true,"href":"https:\/\/www.europa-prefabri.com\/fr\/wp-json\/wp\/v2\/comments?post=3827"}],"version-history":[{"count":2,"href":"https:\/\/www.europa-prefabri.com\/fr\/wp-json\/wp\/v2\/posts\/3827\/revisions"}],"predecessor-version":[{"id":35609,"href":"https:\/\/www.europa-prefabri.com\/fr\/wp-json\/wp\/v2\/posts\/3827\/revisions\/35609"}],"wp:attachment":[{"href":"https:\/\/www.europa-prefabri.com\/fr\/wp-json\/wp\/v2\/media?parent=3827"}],"wp:term":[{"taxonomy":"category","embeddable":true,"href":"https:\/\/www.europa-prefabri.com\/fr\/wp-json\/wp\/v2\/categories?post=3827"},{"taxonomy":"post_tag","embeddable":true,"href":"https:\/\/www.europa-prefabri.com\/fr\/wp-json\/wp\/v2\/tags?post=3827"}],"curies":[{"name":"wp","href":"https:\/\/api.w.org\/{rel}","templated":true}]}}