{"id":3815,"date":"2014-05-05T10:55:38","date_gmt":"2014-05-05T10:55:38","guid":{"rendered":"http:\/\/www.europa-prefabri.com\/?p=3815"},"modified":"2016-03-30T08:42:55","modified_gmt":"2016-03-30T08:42:55","slug":"festival-vinarock-2014","status":"publish","type":"post","link":"https:\/\/www.europa-prefabri.com\/fr\/festival-vinarock-2014\/","title":{"rendered":"Festival Vi\u00f1arock 2014"},"content":{"rendered":"<p>Une ann\u00e9e de plus s\u2019est tenu, \u00e0 Villarobledo (Albacete) un des plus grand festival de musique qui a lieu tous les ans en Espagne, le d\u00e9sormais mythique Vi\u00f1arock.<\/p>\n<p>Les organisateurs de ce grands \u00e9v\u00e9nement ont confi\u00e9 une ann\u00e9e de plus \u00e0 Europa Prefabri la distribution de diff\u00e9rents produits pour le service du festival. Cette ann\u00e9e nous avons fourni plus de 50 modules pr\u00e9fabriqu\u00e9s d\u00e9di\u00e9s \u00e0 diverses utilisations (bureaux, guichets, service m\u00e9dical, s\u00e9curit\u00e9, boutiques, stands, sanitaires, etc). Nous avons aussi fourni plus de 6000 m\u00e8tres de barri\u00e8res pour l\u2019organisation en plus d\u2019autres produits.<\/p>\n<p><span style=\"line-height: 1.5em;\">Europa Prefabri est le fournisseur habituel des grands festivals et grands\u00a0<\/span>\u00e9v\u00e9nements<span style=\"line-height: 1.5em;\">\u00a0qui sont tenus en Espagne. Voici quelques\u00a0photos de l\u2019\u00e9dition 2014 du festival Vi\u00f1arock.<\/span><\/p>\n\n\t\t<style type=\"text\/css\">\n\t\t\t#gallery-1 {\n\t\t\t\tmargin: auto;\n\t\t\t}\n\t\t\t#gallery-1 .gallery-item {\n\t\t\t\tfloat: left;\n\t\t\t\tmargin-top: 10px;\n\t\t\t\ttext-align: center;\n\t\t\t\twidth: 14%;\n\t\t\t}\n\t\t\t#gallery-1 img {\n\t\t\t\tborder: 2px solid #cfcfcf;\n\t\t\t}\n\t\t\t#gallery-1 .gallery-caption {\n\t\t\t\tmargin-left: 0;\n\t\t\t}\n\t\t\t\/* see gallery_shortcode() in wp-includes\/media.php *\/\n\t\t<\/style>\n\t\t<div id='gallery-1' class='gallery galleryid-3815 gallery-columns-7 gallery-size-thumbnail'><dl class='gallery-item'>\n\t\t\t<dt class='gallery-icon landscape'>\n\t\t\t\t<a href='https:\/\/www.europa-prefabri.com\/fr\/20140430_101456_800x480-2\/'><img loading=\"lazy\" decoding=\"async\" width=\"80\" height=\"80\" src=\"https:\/\/www.europa-prefabri.com\/wp-content\/uploads\/20140430_101456_800x480-80x80.jpg\" class=\"attachment-thumbnail size-thumbnail\" alt=\"\" srcset=\"https:\/\/www.europa-prefabri.com\/wp-content\/uploads\/20140430_101456_800x480-80x80.jpg 80w, https:\/\/www.europa-prefabri.com\/wp-content\/uploads\/20140430_101456_800x480-36x36.jpg 36w, https:\/\/www.europa-prefabri.com\/wp-content\/uploads\/20140430_101456_800x480-180x180.jpg 180w, https:\/\/www.europa-prefabri.com\/wp-content\/uploads\/20140430_101456_800x480-120x120.jpg 120w, https:\/\/www.europa-prefabri.com\/wp-content\/uploads\/20140430_101456_800x480-450x450.jpg 450w\" sizes=\"auto, (max-width: 80px) 100vw, 80px\" \/><\/a>\n\t\t\t<\/dt><\/dl><dl class='gallery-item'>\n\t\t\t<dt class='gallery-icon landscape'>\n\t\t\t\t<a href='https:\/\/www.europa-prefabri.com\/fr\/?attachment_id=3722'><img loading=\"lazy\" decoding=\"async\" width=\"80\" height=\"80\" src=\"https:\/\/www.europa-prefabri.com\/wp-content\/uploads\/stand_stracto_en_vina_rock_2014_800x600-80x80.jpg\" class=\"attachment-thumbnail size-thumbnail\" alt=\"Europa Prefabri - Alquiler de casetas y vallas para eventos\" srcset=\"https:\/\/www.europa-prefabri.com\/wp-content\/uploads\/stand_stracto_en_vina_rock_2014_800x600-80x80.jpg 80w, https:\/\/www.europa-prefabri.com\/wp-content\/uploads\/stand_stracto_en_vina_rock_2014_800x600-36x36.jpg 36w, https:\/\/www.europa-prefabri.com\/wp-content\/uploads\/stand_stracto_en_vina_rock_2014_800x600-180x180.jpg 180w, https:\/\/www.europa-prefabri.com\/wp-content\/uploads\/stand_stracto_en_vina_rock_2014_800x600-120x120.jpg 120w, https:\/\/www.europa-prefabri.com\/wp-content\/uploads\/stand_stracto_en_vina_rock_2014_800x600-450x450.jpg 450w\" sizes=\"auto, (max-width: 80px) 100vw, 80px\" \/><\/a>\n\t\t\t<\/dt><\/dl><dl class='gallery-item'>\n\t\t\t<dt class='gallery-icon landscape'>\n\t\t\t\t<a href='https:\/\/www.europa-prefabri.com\/fr\/20140430_120018_800x480\/'><img loading=\"lazy\" decoding=\"async\" width=\"80\" height=\"80\" src=\"https:\/\/www.europa-prefabri.com\/wp-content\/uploads\/20140430_120018_800x480-80x80.jpg\" class=\"attachment-thumbnail size-thumbnail\" alt=\"Europa Prefabri - Alquiler de casetas prefabricadas y vallas para eventos\" srcset=\"https:\/\/www.europa-prefabri.com\/wp-content\/uploads\/20140430_120018_800x480-80x80.jpg 80w, https:\/\/www.europa-prefabri.com\/wp-content\/uploads\/20140430_120018_800x480-36x36.jpg 36w, https:\/\/www.europa-prefabri.com\/wp-content\/uploads\/20140430_120018_800x480-180x180.jpg 180w, https:\/\/www.europa-prefabri.com\/wp-content\/uploads\/20140430_120018_800x480-120x120.jpg 120w, https:\/\/www.europa-prefabri.com\/wp-content\/uploads\/20140430_120018_800x480-450x450.jpg 450w\" sizes=\"auto, (max-width: 80px) 100vw, 80px\" \/><\/a>\n\t\t\t<\/dt><\/dl><dl class='gallery-item'>\n\t\t\t<dt class='gallery-icon landscape'>\n\t\t\t\t<a href='https:\/\/www.europa-prefabri.com\/fr\/20140430_112244_800x480\/'><img loading=\"lazy\" decoding=\"async\" width=\"80\" height=\"80\" src=\"https:\/\/www.europa-prefabri.com\/wp-content\/uploads\/20140430_112244_800x480-80x80.jpg\" class=\"attachment-thumbnail size-thumbnail\" alt=\"Europa Prefabri - Alquiler de casetas prefabricadas y vallas para eventos\" srcset=\"https:\/\/www.europa-prefabri.com\/wp-content\/uploads\/20140430_112244_800x480-80x80.jpg 80w, https:\/\/www.europa-prefabri.com\/wp-content\/uploads\/20140430_112244_800x480-36x36.jpg 36w, https:\/\/www.europa-prefabri.com\/wp-content\/uploads\/20140430_112244_800x480-180x180.jpg 180w, https:\/\/www.europa-prefabri.com\/wp-content\/uploads\/20140430_112244_800x480-120x120.jpg 120w, https:\/\/www.europa-prefabri.com\/wp-content\/uploads\/20140430_112244_800x480-450x450.jpg 450w\" sizes=\"auto, (max-width: 80px) 100vw, 80px\" \/><\/a>\n\t\t\t<\/dt><\/dl><dl class='gallery-item'>\n\t\t\t<dt class='gallery-icon landscape'>\n\t\t\t\t<a href='https:\/\/www.europa-prefabri.com\/fr\/20140430_101427_800x480-3\/'><img loading=\"lazy\" decoding=\"async\" width=\"80\" height=\"80\" src=\"https:\/\/www.europa-prefabri.com\/wp-content\/uploads\/20140430_101427_800x480-80x80.jpg\" class=\"attachment-thumbnail size-thumbnail\" alt=\"\" srcset=\"https:\/\/www.europa-prefabri.com\/wp-content\/uploads\/20140430_101427_800x480-80x80.jpg 80w, https:\/\/www.europa-prefabri.com\/wp-content\/uploads\/20140430_101427_800x480-36x36.jpg 36w, https:\/\/www.europa-prefabri.com\/wp-content\/uploads\/20140430_101427_800x480-180x180.jpg 180w, https:\/\/www.europa-prefabri.com\/wp-content\/uploads\/20140430_101427_800x480-120x120.jpg 120w, https:\/\/www.europa-prefabri.com\/wp-content\/uploads\/20140430_101427_800x480-450x450.jpg 450w\" sizes=\"auto, (max-width: 80px) 100vw, 80px\" \/><\/a>\n\t\t\t<\/dt><\/dl>\n\t\t\t<br style='clear: both' \/>\n\t\t<\/div>\n\n","protected":false},"excerpt":{"rendered":"<p>Une ann\u00e9e de plus s\u2019est tenu, \u00e0 Villarobledo (Albacete) un des plus grand festival de musique qui a lieu tous les ans en Espagne, le d\u00e9sormais mythique Vi\u00f1arock. Les organisateurs de ce grands \u00e9v\u00e9nement ont confi\u00e9 une ann\u00e9e de plus \u00e0 Europa Prefabri la distribution de diff\u00e9rents produits pour le service du festival. Cette ann\u00e9e [&hellip;]<\/p>\n","protected":false},"author":4,"featured_media":0,"comment_status":"closed","ping_status":"closed","sticky":false,"template":"","format":"gallery","meta":{"footnotes":""},"categories":[413,58],"tags":[433,150,151,124,471,111,112,149],"class_list":["post-3815","post","type-post","status-publish","format-gallery","hentry","category-noticias-fr","category-projets","tag-africa-fr","tag-bar-mobile","tag-concert","tag-evenement","tag-festivales-fr","tag-kiosque","tag-stand-publicitaire","tag-vinarock","post_format-post-format-gallery"],"yoast_head":"<!-- This site is optimized with the Yoast SEO plugin v27.5 - https:\/\/yoast.com\/product\/yoast-seo-wordpress\/ -->\n<title>Vi\u00f1arock 2014 - Location modules et sanitaires \u00e9venements par Europa Prefabri<\/title>\n<meta name=\"description\" content=\"Europa Prefabri assure la distribution de modules pr\u00e9fabriqu\u00e9s, kiosques, sanitaires, barri\u00e8res pour tout type d\u2019\u00e9v\u00e9nement tels que des concerts ou des festivals\" \/>\n<meta name=\"robots\" content=\"index, follow, max-snippet:-1, max-image-preview:large, max-video-preview:-1\" \/>\n<link rel=\"canonical\" href=\"https:\/\/www.europa-prefabri.com\/fr\/festival-vinarock-2014\/\" \/>\n<meta property=\"og:locale\" content=\"fr_FR\" \/>\n<meta property=\"og:type\" content=\"article\" \/>\n<meta property=\"og:title\" content=\"Vi\u00f1arock 2014 - Location modules et sanitaires \u00e9venements par Europa Prefabri\" \/>\n<meta property=\"og:description\" content=\"Europa Prefabri assure la distribution de modules pr\u00e9fabriqu\u00e9s, kiosques, sanitaires, barri\u00e8res pour tout type d\u2019\u00e9v\u00e9nement tels que des concerts ou des festivals\" \/>\n<meta property=\"og:url\" content=\"https:\/\/www.europa-prefabri.com\/fr\/festival-vinarock-2014\/\" \/>\n<meta property=\"og:site_name\" content=\"Europa Prefabri | Alquiler y venta de construcciones modulares\" \/>\n<meta property=\"article:publisher\" content=\"https:\/\/www.facebook.com\/Europa-Prefabri-258328977572213\/\" \/>\n<meta property=\"article:published_time\" content=\"2014-05-05T10:55:38+00:00\" \/>\n<meta property=\"article:modified_time\" content=\"2016-03-30T08:42:55+00:00\" \/>\n<meta property=\"og:image\" content=\"https:\/\/www.europa-prefabri.com\/wp-content\/uploads\/20140430_101456_800x480-80x80.jpg\" \/>\n<meta name=\"author\" content=\"admin\" \/>\n<meta name=\"twitter:card\" content=\"summary_large_image\" \/>\n<meta name=\"twitter:creator\" content=\"@EuropaPrefabri\" \/>\n<meta name=\"twitter:site\" content=\"@EuropaPrefabri\" \/>\n<meta name=\"twitter:label1\" content=\"Written by\" \/>\n\t<meta name=\"twitter:data1\" content=\"admin\" \/>\n\t<meta name=\"twitter:label2\" content=\"Est. reading time\" \/>\n\t<meta name=\"twitter:data2\" content=\"1 minute\" \/>\n<script type=\"application\/ld+json\" class=\"yoast-schema-graph\">{\"@context\":\"https:\\\/\\\/schema.org\",\"@graph\":[{\"@type\":\"Article\",\"@id\":\"https:\\\/\\\/www.europa-prefabri.com\\\/fr\\\/festival-vinarock-2014\\\/#article\",\"isPartOf\":{\"@id\":\"https:\\\/\\\/www.europa-prefabri.com\\\/fr\\\/festival-vinarock-2014\\\/\"},\"author\":{\"name\":\"admin\",\"@id\":\"https:\\\/\\\/www.europa-prefabri.com\\\/#\\\/schema\\\/person\\\/2ab6be5821a7026cd8f16d2a9411e86e\"},\"headline\":\"Festival Vi\u00f1arock 2014\",\"datePublished\":\"2014-05-05T10:55:38+00:00\",\"dateModified\":\"2016-03-30T08:42:55+00:00\",\"mainEntityOfPage\":{\"@id\":\"https:\\\/\\\/www.europa-prefabri.com\\\/fr\\\/festival-vinarock-2014\\\/\"},\"wordCount\":139,\"publisher\":{\"@id\":\"https:\\\/\\\/www.europa-prefabri.com\\\/#organization\"},\"keywords\":[\"AFRICA\",\"Bar mobile\",\"Concert\",\"EVENEMENT\",\"FESTIVALES\",\"KIOSQUE\",\"STAND PUBLICITAIRE\",\"Vi\u00f1arock\"],\"articleSection\":[\"Noticias\",\"Projets\"],\"inLanguage\":\"fr-FR\"},{\"@type\":\"WebPage\",\"@id\":\"https:\\\/\\\/www.europa-prefabri.com\\\/fr\\\/festival-vinarock-2014\\\/\",\"url\":\"https:\\\/\\\/www.europa-prefabri.com\\\/fr\\\/festival-vinarock-2014\\\/\",\"name\":\"Vi\u00f1arock 2014 - Location modules et sanitaires \u00e9venements par Europa Prefabri\",\"isPartOf\":{\"@id\":\"https:\\\/\\\/www.europa-prefabri.com\\\/#website\"},\"datePublished\":\"2014-05-05T10:55:38+00:00\",\"dateModified\":\"2016-03-30T08:42:55+00:00\",\"description\":\"Europa Prefabri assure la distribution de modules pr\u00e9fabriqu\u00e9s, kiosques, sanitaires, barri\u00e8res pour tout type d\u2019\u00e9v\u00e9nement tels que des concerts ou des festivals\",\"breadcrumb\":{\"@id\":\"https:\\\/\\\/www.europa-prefabri.com\\\/fr\\\/festival-vinarock-2014\\\/#breadcrumb\"},\"inLanguage\":\"fr-FR\",\"potentialAction\":[{\"@type\":\"ReadAction\",\"target\":[\"https:\\\/\\\/www.europa-prefabri.com\\\/fr\\\/festival-vinarock-2014\\\/\"]}]},{\"@type\":\"BreadcrumbList\",\"@id\":\"https:\\\/\\\/www.europa-prefabri.com\\\/fr\\\/festival-vinarock-2014\\\/#breadcrumb\",\"itemListElement\":[{\"@type\":\"ListItem\",\"position\":1,\"name\":\"Portada\",\"item\":\"https:\\\/\\\/www.europa-prefabri.com\\\/fr\\\/\"},{\"@type\":\"ListItem\",\"position\":2,\"name\":\"Festival Vi\u00f1arock 2014\"}]},{\"@type\":\"WebSite\",\"@id\":\"https:\\\/\\\/www.europa-prefabri.com\\\/#website\",\"url\":\"https:\\\/\\\/www.europa-prefabri.com\\\/\",\"name\":\"Europa Prefabri | Alquiler y venta de construcciones modulares\",\"description\":\"Alquiler y venta de construcciones modulares, casetas de obra, marquesinas de aparcamiento y vallas y cerramientos.\",\"publisher\":{\"@id\":\"https:\\\/\\\/www.europa-prefabri.com\\\/#organization\"},\"potentialAction\":[{\"@type\":\"SearchAction\",\"target\":{\"@type\":\"EntryPoint\",\"urlTemplate\":\"https:\\\/\\\/www.europa-prefabri.com\\\/?s={search_term_string}\"},\"query-input\":{\"@type\":\"PropertyValueSpecification\",\"valueRequired\":true,\"valueName\":\"search_term_string\"}}],\"inLanguage\":\"fr-FR\"},{\"@type\":\"Organization\",\"@id\":\"https:\\\/\\\/www.europa-prefabri.com\\\/#organization\",\"name\":\"Prefabri S.L.\",\"url\":\"https:\\\/\\\/www.europa-prefabri.com\\\/\",\"logo\":{\"@type\":\"ImageObject\",\"inLanguage\":\"fr-FR\",\"@id\":\"https:\\\/\\\/www.europa-prefabri.com\\\/#\\\/schema\\\/logo\\\/image\\\/\",\"url\":\"https:\\\/\\\/www.europa-prefabri.com\\\/wp-content\\\/uploads\\\/EuropaPrefabri-Logo.jpg\",\"contentUrl\":\"https:\\\/\\\/www.europa-prefabri.com\\\/wp-content\\\/uploads\\\/EuropaPrefabri-Logo.jpg\",\"width\":752,\"height\":348,\"caption\":\"Prefabri S.L.\"},\"image\":{\"@id\":\"https:\\\/\\\/www.europa-prefabri.com\\\/#\\\/schema\\\/logo\\\/image\\\/\"},\"sameAs\":[\"https:\\\/\\\/www.facebook.com\\\/Europa-Prefabri-258328977572213\\\/\",\"https:\\\/\\\/x.com\\\/EuropaPrefabri\",\"https:\\\/\\\/www.instagram.com\\\/europaprefabri\\\/\",\"https:\\\/\\\/es.linkedin.com\\\/company\\\/europa-prefabri\",\"https:\\\/\\\/es.pinterest.com\\\/europaprefabri\\\/\",\"https:\\\/\\\/www.youtube.com\\\/user\\\/PrefabriSL\"]},{\"@type\":\"Person\",\"@id\":\"https:\\\/\\\/www.europa-prefabri.com\\\/#\\\/schema\\\/person\\\/2ab6be5821a7026cd8f16d2a9411e86e\",\"name\":\"admin\",\"image\":{\"@type\":\"ImageObject\",\"inLanguage\":\"fr-FR\",\"@id\":\"https:\\\/\\\/secure.gravatar.com\\\/avatar\\\/dc55d3f4b941a1510eef2620b2c166513788bd88ef72341333b6d0a859bacd3c?s=96&d=mm&r=g\",\"url\":\"https:\\\/\\\/secure.gravatar.com\\\/avatar\\\/dc55d3f4b941a1510eef2620b2c166513788bd88ef72341333b6d0a859bacd3c?s=96&d=mm&r=g\",\"contentUrl\":\"https:\\\/\\\/secure.gravatar.com\\\/avatar\\\/dc55d3f4b941a1510eef2620b2c166513788bd88ef72341333b6d0a859bacd3c?s=96&d=mm&r=g\",\"caption\":\"admin\"},\"sameAs\":[\"https:\\\/\\\/www.europa-prefabri.com\",\"https:\\\/\\\/x.com\\\/@EuropaPrefabri\"]}]}<\/script>\n<!-- \/ Yoast SEO plugin. -->","yoast_head_json":{"title":"Vi\u00f1arock 2014 - Location modules et sanitaires \u00e9venements par Europa Prefabri","description":"Europa Prefabri assure la distribution de modules pr\u00e9fabriqu\u00e9s, kiosques, sanitaires, barri\u00e8res pour tout type d\u2019\u00e9v\u00e9nement tels que des concerts ou des festivals","robots":{"index":"index","follow":"follow","max-snippet":"max-snippet:-1","max-image-preview":"max-image-preview:large","max-video-preview":"max-video-preview:-1"},"canonical":"https:\/\/www.europa-prefabri.com\/fr\/festival-vinarock-2014\/","og_locale":"fr_FR","og_type":"article","og_title":"Vi\u00f1arock 2014 - Location modules et sanitaires \u00e9venements par Europa Prefabri","og_description":"Europa Prefabri assure la distribution de modules pr\u00e9fabriqu\u00e9s, kiosques, sanitaires, barri\u00e8res pour tout type d\u2019\u00e9v\u00e9nement tels que des concerts ou des festivals","og_url":"https:\/\/www.europa-prefabri.com\/fr\/festival-vinarock-2014\/","og_site_name":"Europa Prefabri | Alquiler y venta de construcciones modulares","article_publisher":"https:\/\/www.facebook.com\/Europa-Prefabri-258328977572213\/","article_published_time":"2014-05-05T10:55:38+00:00","article_modified_time":"2016-03-30T08:42:55+00:00","og_image":[{"url":"https:\/\/www.europa-prefabri.com\/wp-content\/uploads\/20140430_101456_800x480-80x80.jpg","type":"","width":"","height":""}],"author":"admin","twitter_card":"summary_large_image","twitter_creator":"@EuropaPrefabri","twitter_site":"@EuropaPrefabri","twitter_misc":{"Written by":"admin","Est. reading time":"1 minute"},"schema":{"@context":"https:\/\/schema.org","@graph":[{"@type":"Article","@id":"https:\/\/www.europa-prefabri.com\/fr\/festival-vinarock-2014\/#article","isPartOf":{"@id":"https:\/\/www.europa-prefabri.com\/fr\/festival-vinarock-2014\/"},"author":{"name":"admin","@id":"https:\/\/www.europa-prefabri.com\/#\/schema\/person\/2ab6be5821a7026cd8f16d2a9411e86e"},"headline":"Festival Vi\u00f1arock 2014","datePublished":"2014-05-05T10:55:38+00:00","dateModified":"2016-03-30T08:42:55+00:00","mainEntityOfPage":{"@id":"https:\/\/www.europa-prefabri.com\/fr\/festival-vinarock-2014\/"},"wordCount":139,"publisher":{"@id":"https:\/\/www.europa-prefabri.com\/#organization"},"keywords":["AFRICA","Bar mobile","Concert","EVENEMENT","FESTIVALES","KIOSQUE","STAND PUBLICITAIRE","Vi\u00f1arock"],"articleSection":["Noticias","Projets"],"inLanguage":"fr-FR"},{"@type":"WebPage","@id":"https:\/\/www.europa-prefabri.com\/fr\/festival-vinarock-2014\/","url":"https:\/\/www.europa-prefabri.com\/fr\/festival-vinarock-2014\/","name":"Vi\u00f1arock 2014 - Location modules et sanitaires \u00e9venements par Europa Prefabri","isPartOf":{"@id":"https:\/\/www.europa-prefabri.com\/#website"},"datePublished":"2014-05-05T10:55:38+00:00","dateModified":"2016-03-30T08:42:55+00:00","description":"Europa Prefabri assure la distribution de modules pr\u00e9fabriqu\u00e9s, kiosques, sanitaires, barri\u00e8res pour tout type d\u2019\u00e9v\u00e9nement tels que des concerts ou des festivals","breadcrumb":{"@id":"https:\/\/www.europa-prefabri.com\/fr\/festival-vinarock-2014\/#breadcrumb"},"inLanguage":"fr-FR","potentialAction":[{"@type":"ReadAction","target":["https:\/\/www.europa-prefabri.com\/fr\/festival-vinarock-2014\/"]}]},{"@type":"BreadcrumbList","@id":"https:\/\/www.europa-prefabri.com\/fr\/festival-vinarock-2014\/#breadcrumb","itemListElement":[{"@type":"ListItem","position":1,"name":"Portada","item":"https:\/\/www.europa-prefabri.com\/fr\/"},{"@type":"ListItem","position":2,"name":"Festival Vi\u00f1arock 2014"}]},{"@type":"WebSite","@id":"https:\/\/www.europa-prefabri.com\/#website","url":"https:\/\/www.europa-prefabri.com\/","name":"Europa Prefabri | Alquiler y venta de construcciones modulares","description":"Alquiler y venta de construcciones modulares, casetas de obra, marquesinas de aparcamiento y vallas y cerramientos.","publisher":{"@id":"https:\/\/www.europa-prefabri.com\/#organization"},"potentialAction":[{"@type":"SearchAction","target":{"@type":"EntryPoint","urlTemplate":"https:\/\/www.europa-prefabri.com\/?s={search_term_string}"},"query-input":{"@type":"PropertyValueSpecification","valueRequired":true,"valueName":"search_term_string"}}],"inLanguage":"fr-FR"},{"@type":"Organization","@id":"https:\/\/www.europa-prefabri.com\/#organization","name":"Prefabri S.L.","url":"https:\/\/www.europa-prefabri.com\/","logo":{"@type":"ImageObject","inLanguage":"fr-FR","@id":"https:\/\/www.europa-prefabri.com\/#\/schema\/logo\/image\/","url":"https:\/\/www.europa-prefabri.com\/wp-content\/uploads\/EuropaPrefabri-Logo.jpg","contentUrl":"https:\/\/www.europa-prefabri.com\/wp-content\/uploads\/EuropaPrefabri-Logo.jpg","width":752,"height":348,"caption":"Prefabri S.L."},"image":{"@id":"https:\/\/www.europa-prefabri.com\/#\/schema\/logo\/image\/"},"sameAs":["https:\/\/www.facebook.com\/Europa-Prefabri-258328977572213\/","https:\/\/x.com\/EuropaPrefabri","https:\/\/www.instagram.com\/europaprefabri\/","https:\/\/es.linkedin.com\/company\/europa-prefabri","https:\/\/es.pinterest.com\/europaprefabri\/","https:\/\/www.youtube.com\/user\/PrefabriSL"]},{"@type":"Person","@id":"https:\/\/www.europa-prefabri.com\/#\/schema\/person\/2ab6be5821a7026cd8f16d2a9411e86e","name":"admin","image":{"@type":"ImageObject","inLanguage":"fr-FR","@id":"https:\/\/secure.gravatar.com\/avatar\/dc55d3f4b941a1510eef2620b2c166513788bd88ef72341333b6d0a859bacd3c?s=96&d=mm&r=g","url":"https:\/\/secure.gravatar.com\/avatar\/dc55d3f4b941a1510eef2620b2c166513788bd88ef72341333b6d0a859bacd3c?s=96&d=mm&r=g","contentUrl":"https:\/\/secure.gravatar.com\/avatar\/dc55d3f4b941a1510eef2620b2c166513788bd88ef72341333b6d0a859bacd3c?s=96&d=mm&r=g","caption":"admin"},"sameAs":["https:\/\/www.europa-prefabri.com","https:\/\/x.com\/@EuropaPrefabri"]}]}},"_links":{"self":[{"href":"https:\/\/www.europa-prefabri.com\/fr\/wp-json\/wp\/v2\/posts\/3815","targetHints":{"allow":["GET"]}}],"collection":[{"href":"https:\/\/www.europa-prefabri.com\/fr\/wp-json\/wp\/v2\/posts"}],"about":[{"href":"https:\/\/www.europa-prefabri.com\/fr\/wp-json\/wp\/v2\/types\/post"}],"author":[{"embeddable":true,"href":"https:\/\/www.europa-prefabri.com\/fr\/wp-json\/wp\/v2\/users\/4"}],"replies":[{"embeddable":true,"href":"https:\/\/www.europa-prefabri.com\/fr\/wp-json\/wp\/v2\/comments?post=3815"}],"version-history":[{"count":0,"href":"https:\/\/www.europa-prefabri.com\/fr\/wp-json\/wp\/v2\/posts\/3815\/revisions"}],"wp:attachment":[{"href":"https:\/\/www.europa-prefabri.com\/fr\/wp-json\/wp\/v2\/media?parent=3815"}],"wp:term":[{"taxonomy":"category","embeddable":true,"href":"https:\/\/www.europa-prefabri.com\/fr\/wp-json\/wp\/v2\/categories?post=3815"},{"taxonomy":"post_tag","embeddable":true,"href":"https:\/\/www.europa-prefabri.com\/fr\/wp-json\/wp\/v2\/tags?post=3815"}],"curies":[{"name":"wp","href":"https:\/\/api.w.org\/{rel}","templated":true}]}}