{"id":3812,"date":"2014-05-26T10:36:50","date_gmt":"2014-05-26T10:36:50","guid":{"rendered":"http:\/\/www.europa-prefabri.com\/?p=3812"},"modified":"2016-03-30T08:41:56","modified_gmt":"2016-03-30T08:41:56","slug":"nouveau-distributeur-senegal","status":"publish","type":"post","link":"https:\/\/www.europa-prefabri.com\/fr\/nouveau-distributeur-senegal\/","title":{"rendered":"NOUVEAU DISTRIBUTEUR SENEGAL"},"content":{"rendered":"<p>Europa Prefabri continue son internationalisation en Afrique par le biais d&#8217;un nouvel accord de distribution au S\u00e9n\u00e9gal, avec une entreprise locale sp\u00e9cialis\u00e9e dans la construction modulaire.<\/p>\n<p><span style=\"line-height: 1.5em;\">Gr\u00e2ce \u00e0 ce nouveau distributeur, nous sommes d\u00e9sormais pr\u00e9sents dans un des pays le plus stable de la r\u00e9gion et ayant un grand potentiel de croissance.<\/span><\/p>\n<p><span style=\"line-height: 1.5em;\">La premi\u00e8re commande est compos\u00e9e de divers produits que nous fabriquons\u00a0: bureaux pr\u00e9fabriqu\u00e9s, cabines de garde et abris de parking, entre autres.<\/span><\/p>\n<p>En voici quelques photos.<\/p>\n\n\t\t<style type=\"text\/css\">\n\t\t\t#gallery-1 {\n\t\t\t\tmargin: auto;\n\t\t\t}\n\t\t\t#gallery-1 .gallery-item {\n\t\t\t\tfloat: left;\n\t\t\t\tmargin-top: 10px;\n\t\t\t\ttext-align: center;\n\t\t\t\twidth: 16%;\n\t\t\t}\n\t\t\t#gallery-1 img {\n\t\t\t\tborder: 2px solid #cfcfcf;\n\t\t\t}\n\t\t\t#gallery-1 .gallery-caption {\n\t\t\t\tmargin-left: 0;\n\t\t\t}\n\t\t\t\/* see gallery_shortcode() in wp-includes\/media.php *\/\n\t\t<\/style>\n\t\t<div id='gallery-1' class='gallery galleryid-3812 gallery-columns-6 gallery-size-thumbnail'><dl class='gallery-item'>\n\t\t\t<dt class='gallery-icon landscape'>\n\t\t\t\t<a href='https:\/\/www.europa-prefabri.com\/fr\/image-a95151f0c758e0cd123a18e079b3d1bb34dbdf2579ab4e48c99ef0a28987eef9-v_800x450\/'><img loading=\"lazy\" decoding=\"async\" width=\"80\" height=\"80\" src=\"https:\/\/www.europa-prefabri.com\/wp-content\/uploads\/image-a95151f0c758e0cd123a18e079b3d1bb34dbdf2579ab4e48c99ef0a28987eef9-V_800x450-80x80.jpg\" class=\"attachment-thumbnail size-thumbnail\" alt=\"nuevo acuerdo de distribucion en senegal\" srcset=\"https:\/\/www.europa-prefabri.com\/wp-content\/uploads\/image-a95151f0c758e0cd123a18e079b3d1bb34dbdf2579ab4e48c99ef0a28987eef9-V_800x450-80x80.jpg 80w, https:\/\/www.europa-prefabri.com\/wp-content\/uploads\/image-a95151f0c758e0cd123a18e079b3d1bb34dbdf2579ab4e48c99ef0a28987eef9-V_800x450-36x36.jpg 36w, https:\/\/www.europa-prefabri.com\/wp-content\/uploads\/image-a95151f0c758e0cd123a18e079b3d1bb34dbdf2579ab4e48c99ef0a28987eef9-V_800x450-180x180.jpg 180w, https:\/\/www.europa-prefabri.com\/wp-content\/uploads\/image-a95151f0c758e0cd123a18e079b3d1bb34dbdf2579ab4e48c99ef0a28987eef9-V_800x450-120x120.jpg 120w, https:\/\/www.europa-prefabri.com\/wp-content\/uploads\/image-a95151f0c758e0cd123a18e079b3d1bb34dbdf2579ab4e48c99ef0a28987eef9-V_800x450-450x450.jpg 450w\" sizes=\"auto, (max-width: 80px) 100vw, 80px\" \/><\/a>\n\t\t\t<\/dt><\/dl><dl class='gallery-item'>\n\t\t\t<dt class='gallery-icon landscape'>\n\t\t\t\t<a href='https:\/\/www.europa-prefabri.com\/fr\/image-80ecfe466a1b38f689459a80cf329655c5f6b56a62596e8b54e71735e54de96a-v_800x450\/'><img loading=\"lazy\" decoding=\"async\" width=\"80\" height=\"80\" src=\"https:\/\/www.europa-prefabri.com\/wp-content\/uploads\/image-80ecfe466a1b38f689459a80cf329655c5f6b56a62596e8b54e71735e54de96a-V_800x450-80x80.jpg\" class=\"attachment-thumbnail size-thumbnail\" alt=\"Europa Prefabri - Construction Modulaire Afrique\" srcset=\"https:\/\/www.europa-prefabri.com\/wp-content\/uploads\/image-80ecfe466a1b38f689459a80cf329655c5f6b56a62596e8b54e71735e54de96a-V_800x450-80x80.jpg 80w, https:\/\/www.europa-prefabri.com\/wp-content\/uploads\/image-80ecfe466a1b38f689459a80cf329655c5f6b56a62596e8b54e71735e54de96a-V_800x450-36x36.jpg 36w, https:\/\/www.europa-prefabri.com\/wp-content\/uploads\/image-80ecfe466a1b38f689459a80cf329655c5f6b56a62596e8b54e71735e54de96a-V_800x450-180x180.jpg 180w, https:\/\/www.europa-prefabri.com\/wp-content\/uploads\/image-80ecfe466a1b38f689459a80cf329655c5f6b56a62596e8b54e71735e54de96a-V_800x450-120x120.jpg 120w, https:\/\/www.europa-prefabri.com\/wp-content\/uploads\/image-80ecfe466a1b38f689459a80cf329655c5f6b56a62596e8b54e71735e54de96a-V_800x450-450x450.jpg 450w\" sizes=\"auto, (max-width: 80px) 100vw, 80px\" \/><\/a>\n\t\t\t<\/dt><\/dl>\n\t\t\t<br style='clear: both' \/>\n\t\t<\/div>\n\n<p>&nbsp;<\/p>\n<p>&nbsp;<\/p>\n<p>&nbsp;<\/p>\n","protected":false},"excerpt":{"rendered":"<p>Europa Prefabri continue son internationalisation en Afrique par le biais d&#8217;un nouvel accord de distribution au S\u00e9n\u00e9gal, avec une entreprise locale sp\u00e9cialis\u00e9e dans la construction modulaire. Gr\u00e2ce \u00e0 ce nouveau distributeur, nous sommes d\u00e9sormais pr\u00e9sents dans un des pays le plus stable de la r\u00e9gion et ayant un grand potentiel de croissance. La premi\u00e8re commande [&hellip;]<\/p>\n","protected":false},"author":4,"featured_media":3773,"comment_status":"closed","ping_status":"closed","sticky":false,"template":"","format":"gallery","meta":{"footnotes":""},"categories":[413,58],"tags":[433,146,142,438,143,117,148,144,145,147],"class_list":["post-3812","post","type-post","status-publish","format-gallery","has-post-thumbnail","hentry","category-noticias-fr","category-projets","tag-africa-fr","tag-afrique","tag-base-vie-afrique","tag-caseta-de-vigilancia-fr","tag-construction-modulaire-senegal","tag-export-fr","tag-guerite","tag-montage","tag-parking","tag-senegal-fr","post_format-post-format-gallery"],"yoast_head":"<!-- This site is optimized with the Yoast SEO plugin v27.5 - https:\/\/yoast.com\/product\/yoast-seo-wordpress\/ -->\n<title>Europa Prefabri - Nouveau distributeur au Senegal<\/title>\n<meta name=\"description\" content=\"Europa Prefabri, leader en construction modulaire en Espagne, d\u00e9veloppe sa pr\u00e9sence en Afrique avec de nouveaux bureaux au S\u00e9n\u00e9gal\" \/>\n<meta name=\"robots\" content=\"index, follow, max-snippet:-1, max-image-preview:large, max-video-preview:-1\" \/>\n<link rel=\"canonical\" href=\"https:\/\/www.europa-prefabri.com\/fr\/nouveau-distributeur-senegal\/\" \/>\n<meta property=\"og:locale\" content=\"fr_FR\" \/>\n<meta property=\"og:type\" content=\"article\" \/>\n<meta property=\"og:title\" content=\"Europa Prefabri - Nouveau distributeur au Senegal\" \/>\n<meta property=\"og:description\" content=\"Europa Prefabri, leader en construction modulaire en Espagne, d\u00e9veloppe sa pr\u00e9sence en Afrique avec de nouveaux bureaux au S\u00e9n\u00e9gal\" \/>\n<meta property=\"og:url\" content=\"https:\/\/www.europa-prefabri.com\/fr\/nouveau-distributeur-senegal\/\" \/>\n<meta property=\"og:site_name\" content=\"Europa Prefabri | Alquiler y venta de construcciones modulares\" \/>\n<meta property=\"article:publisher\" content=\"https:\/\/www.facebook.com\/Europa-Prefabri-258328977572213\/\" \/>\n<meta property=\"article:published_time\" content=\"2014-05-26T10:36:50+00:00\" \/>\n<meta property=\"article:modified_time\" content=\"2016-03-30T08:41:56+00:00\" \/>\n<meta property=\"og:image\" content=\"https:\/\/www.europa-prefabri.com\/wp-content\/uploads\/image-a95151f0c758e0cd123a18e079b3d1bb34dbdf2579ab4e48c99ef0a28987eef9-V_800x450.jpg\" \/>\n\t<meta property=\"og:image:width\" content=\"800\" \/>\n\t<meta property=\"og:image:height\" content=\"450\" \/>\n\t<meta property=\"og:image:type\" content=\"image\/jpeg\" \/>\n<meta name=\"author\" content=\"admin\" \/>\n<meta name=\"twitter:card\" content=\"summary_large_image\" \/>\n<meta name=\"twitter:creator\" content=\"@EuropaPrefabri\" \/>\n<meta name=\"twitter:site\" content=\"@EuropaPrefabri\" \/>\n<meta name=\"twitter:label1\" content=\"Written by\" \/>\n\t<meta name=\"twitter:data1\" content=\"admin\" \/>\n<script type=\"application\/ld+json\" class=\"yoast-schema-graph\">{\"@context\":\"https:\\\/\\\/schema.org\",\"@graph\":[{\"@type\":\"Article\",\"@id\":\"https:\\\/\\\/www.europa-prefabri.com\\\/fr\\\/nouveau-distributeur-senegal\\\/#article\",\"isPartOf\":{\"@id\":\"https:\\\/\\\/www.europa-prefabri.com\\\/fr\\\/nouveau-distributeur-senegal\\\/\"},\"author\":{\"name\":\"admin\",\"@id\":\"https:\\\/\\\/www.europa-prefabri.com\\\/#\\\/schema\\\/person\\\/2ab6be5821a7026cd8f16d2a9411e86e\"},\"headline\":\"NOUVEAU DISTRIBUTEUR SENEGAL\",\"datePublished\":\"2014-05-26T10:36:50+00:00\",\"dateModified\":\"2016-03-30T08:41:56+00:00\",\"mainEntityOfPage\":{\"@id\":\"https:\\\/\\\/www.europa-prefabri.com\\\/fr\\\/nouveau-distributeur-senegal\\\/\"},\"wordCount\":98,\"publisher\":{\"@id\":\"https:\\\/\\\/www.europa-prefabri.com\\\/#organization\"},\"image\":{\"@id\":\"https:\\\/\\\/www.europa-prefabri.com\\\/fr\\\/nouveau-distributeur-senegal\\\/#primaryimage\"},\"thumbnailUrl\":\"https:\\\/\\\/www.europa-prefabri.com\\\/wp-content\\\/uploads\\\/image-a95151f0c758e0cd123a18e079b3d1bb34dbdf2579ab4e48c99ef0a28987eef9-V_800x450.jpg\",\"keywords\":[\"AFRICA\",\"Afrique\",\"Base vie Afrique\",\"CASETA DE VIGILANCIA\",\"Construction Modulaire S\u00e9n\u00e9gal\",\"EXPORT\",\"Gu\u00e9rite\",\"Montage\",\"Parking\",\"Senegal\"],\"articleSection\":[\"Noticias\",\"Projets\"],\"inLanguage\":\"fr-FR\"},{\"@type\":\"WebPage\",\"@id\":\"https:\\\/\\\/www.europa-prefabri.com\\\/fr\\\/nouveau-distributeur-senegal\\\/\",\"url\":\"https:\\\/\\\/www.europa-prefabri.com\\\/fr\\\/nouveau-distributeur-senegal\\\/\",\"name\":\"Europa Prefabri - Nouveau distributeur au Senegal\",\"isPartOf\":{\"@id\":\"https:\\\/\\\/www.europa-prefabri.com\\\/#website\"},\"primaryImageOfPage\":{\"@id\":\"https:\\\/\\\/www.europa-prefabri.com\\\/fr\\\/nouveau-distributeur-senegal\\\/#primaryimage\"},\"image\":{\"@id\":\"https:\\\/\\\/www.europa-prefabri.com\\\/fr\\\/nouveau-distributeur-senegal\\\/#primaryimage\"},\"thumbnailUrl\":\"https:\\\/\\\/www.europa-prefabri.com\\\/wp-content\\\/uploads\\\/image-a95151f0c758e0cd123a18e079b3d1bb34dbdf2579ab4e48c99ef0a28987eef9-V_800x450.jpg\",\"datePublished\":\"2014-05-26T10:36:50+00:00\",\"dateModified\":\"2016-03-30T08:41:56+00:00\",\"description\":\"Europa Prefabri, leader en construction modulaire en Espagne, d\u00e9veloppe sa pr\u00e9sence en Afrique avec de nouveaux bureaux au S\u00e9n\u00e9gal\",\"breadcrumb\":{\"@id\":\"https:\\\/\\\/www.europa-prefabri.com\\\/fr\\\/nouveau-distributeur-senegal\\\/#breadcrumb\"},\"inLanguage\":\"fr-FR\",\"potentialAction\":[{\"@type\":\"ReadAction\",\"target\":[\"https:\\\/\\\/www.europa-prefabri.com\\\/fr\\\/nouveau-distributeur-senegal\\\/\"]}]},{\"@type\":\"ImageObject\",\"inLanguage\":\"fr-FR\",\"@id\":\"https:\\\/\\\/www.europa-prefabri.com\\\/fr\\\/nouveau-distributeur-senegal\\\/#primaryimage\",\"url\":\"https:\\\/\\\/www.europa-prefabri.com\\\/wp-content\\\/uploads\\\/image-a95151f0c758e0cd123a18e079b3d1bb34dbdf2579ab4e48c99ef0a28987eef9-V_800x450.jpg\",\"contentUrl\":\"https:\\\/\\\/www.europa-prefabri.com\\\/wp-content\\\/uploads\\\/image-a95151f0c758e0cd123a18e079b3d1bb34dbdf2579ab4e48c99ef0a28987eef9-V_800x450.jpg\",\"width\":800,\"height\":450,\"caption\":\"nuevo acuerdo de distribucion en senegal\"},{\"@type\":\"BreadcrumbList\",\"@id\":\"https:\\\/\\\/www.europa-prefabri.com\\\/fr\\\/nouveau-distributeur-senegal\\\/#breadcrumb\",\"itemListElement\":[{\"@type\":\"ListItem\",\"position\":1,\"name\":\"Portada\",\"item\":\"https:\\\/\\\/www.europa-prefabri.com\\\/fr\\\/\"},{\"@type\":\"ListItem\",\"position\":2,\"name\":\"NOUVEAU DISTRIBUTEUR SENEGAL\"}]},{\"@type\":\"WebSite\",\"@id\":\"https:\\\/\\\/www.europa-prefabri.com\\\/#website\",\"url\":\"https:\\\/\\\/www.europa-prefabri.com\\\/\",\"name\":\"Europa Prefabri | Alquiler y venta de construcciones modulares\",\"description\":\"Alquiler y venta de construcciones modulares, casetas de obra, marquesinas de aparcamiento y vallas y cerramientos.\",\"publisher\":{\"@id\":\"https:\\\/\\\/www.europa-prefabri.com\\\/#organization\"},\"potentialAction\":[{\"@type\":\"SearchAction\",\"target\":{\"@type\":\"EntryPoint\",\"urlTemplate\":\"https:\\\/\\\/www.europa-prefabri.com\\\/?s={search_term_string}\"},\"query-input\":{\"@type\":\"PropertyValueSpecification\",\"valueRequired\":true,\"valueName\":\"search_term_string\"}}],\"inLanguage\":\"fr-FR\"},{\"@type\":\"Organization\",\"@id\":\"https:\\\/\\\/www.europa-prefabri.com\\\/#organization\",\"name\":\"Prefabri S.L.\",\"url\":\"https:\\\/\\\/www.europa-prefabri.com\\\/\",\"logo\":{\"@type\":\"ImageObject\",\"inLanguage\":\"fr-FR\",\"@id\":\"https:\\\/\\\/www.europa-prefabri.com\\\/#\\\/schema\\\/logo\\\/image\\\/\",\"url\":\"https:\\\/\\\/www.europa-prefabri.com\\\/wp-content\\\/uploads\\\/EuropaPrefabri-Logo.jpg\",\"contentUrl\":\"https:\\\/\\\/www.europa-prefabri.com\\\/wp-content\\\/uploads\\\/EuropaPrefabri-Logo.jpg\",\"width\":752,\"height\":348,\"caption\":\"Prefabri S.L.\"},\"image\":{\"@id\":\"https:\\\/\\\/www.europa-prefabri.com\\\/#\\\/schema\\\/logo\\\/image\\\/\"},\"sameAs\":[\"https:\\\/\\\/www.facebook.com\\\/Europa-Prefabri-258328977572213\\\/\",\"https:\\\/\\\/x.com\\\/EuropaPrefabri\",\"https:\\\/\\\/www.instagram.com\\\/europaprefabri\\\/\",\"https:\\\/\\\/es.linkedin.com\\\/company\\\/europa-prefabri\",\"https:\\\/\\\/es.pinterest.com\\\/europaprefabri\\\/\",\"https:\\\/\\\/www.youtube.com\\\/user\\\/PrefabriSL\"]},{\"@type\":\"Person\",\"@id\":\"https:\\\/\\\/www.europa-prefabri.com\\\/#\\\/schema\\\/person\\\/2ab6be5821a7026cd8f16d2a9411e86e\",\"name\":\"admin\",\"image\":{\"@type\":\"ImageObject\",\"inLanguage\":\"fr-FR\",\"@id\":\"https:\\\/\\\/secure.gravatar.com\\\/avatar\\\/dc55d3f4b941a1510eef2620b2c166513788bd88ef72341333b6d0a859bacd3c?s=96&d=mm&r=g\",\"url\":\"https:\\\/\\\/secure.gravatar.com\\\/avatar\\\/dc55d3f4b941a1510eef2620b2c166513788bd88ef72341333b6d0a859bacd3c?s=96&d=mm&r=g\",\"contentUrl\":\"https:\\\/\\\/secure.gravatar.com\\\/avatar\\\/dc55d3f4b941a1510eef2620b2c166513788bd88ef72341333b6d0a859bacd3c?s=96&d=mm&r=g\",\"caption\":\"admin\"},\"sameAs\":[\"https:\\\/\\\/www.europa-prefabri.com\",\"https:\\\/\\\/x.com\\\/@EuropaPrefabri\"]}]}<\/script>\n<!-- \/ Yoast SEO plugin. -->","yoast_head_json":{"title":"Europa Prefabri - Nouveau distributeur au Senegal","description":"Europa Prefabri, leader en construction modulaire en Espagne, d\u00e9veloppe sa pr\u00e9sence en Afrique avec de nouveaux bureaux au S\u00e9n\u00e9gal","robots":{"index":"index","follow":"follow","max-snippet":"max-snippet:-1","max-image-preview":"max-image-preview:large","max-video-preview":"max-video-preview:-1"},"canonical":"https:\/\/www.europa-prefabri.com\/fr\/nouveau-distributeur-senegal\/","og_locale":"fr_FR","og_type":"article","og_title":"Europa Prefabri - Nouveau distributeur au Senegal","og_description":"Europa Prefabri, leader en construction modulaire en Espagne, d\u00e9veloppe sa pr\u00e9sence en Afrique avec de nouveaux bureaux au S\u00e9n\u00e9gal","og_url":"https:\/\/www.europa-prefabri.com\/fr\/nouveau-distributeur-senegal\/","og_site_name":"Europa Prefabri | Alquiler y venta de construcciones modulares","article_publisher":"https:\/\/www.facebook.com\/Europa-Prefabri-258328977572213\/","article_published_time":"2014-05-26T10:36:50+00:00","article_modified_time":"2016-03-30T08:41:56+00:00","og_image":[{"width":800,"height":450,"url":"https:\/\/www.europa-prefabri.com\/wp-content\/uploads\/image-a95151f0c758e0cd123a18e079b3d1bb34dbdf2579ab4e48c99ef0a28987eef9-V_800x450.jpg","type":"image\/jpeg"}],"author":"admin","twitter_card":"summary_large_image","twitter_creator":"@EuropaPrefabri","twitter_site":"@EuropaPrefabri","twitter_misc":{"Written by":"admin"},"schema":{"@context":"https:\/\/schema.org","@graph":[{"@type":"Article","@id":"https:\/\/www.europa-prefabri.com\/fr\/nouveau-distributeur-senegal\/#article","isPartOf":{"@id":"https:\/\/www.europa-prefabri.com\/fr\/nouveau-distributeur-senegal\/"},"author":{"name":"admin","@id":"https:\/\/www.europa-prefabri.com\/#\/schema\/person\/2ab6be5821a7026cd8f16d2a9411e86e"},"headline":"NOUVEAU DISTRIBUTEUR SENEGAL","datePublished":"2014-05-26T10:36:50+00:00","dateModified":"2016-03-30T08:41:56+00:00","mainEntityOfPage":{"@id":"https:\/\/www.europa-prefabri.com\/fr\/nouveau-distributeur-senegal\/"},"wordCount":98,"publisher":{"@id":"https:\/\/www.europa-prefabri.com\/#organization"},"image":{"@id":"https:\/\/www.europa-prefabri.com\/fr\/nouveau-distributeur-senegal\/#primaryimage"},"thumbnailUrl":"https:\/\/www.europa-prefabri.com\/wp-content\/uploads\/image-a95151f0c758e0cd123a18e079b3d1bb34dbdf2579ab4e48c99ef0a28987eef9-V_800x450.jpg","keywords":["AFRICA","Afrique","Base vie Afrique","CASETA DE VIGILANCIA","Construction Modulaire S\u00e9n\u00e9gal","EXPORT","Gu\u00e9rite","Montage","Parking","Senegal"],"articleSection":["Noticias","Projets"],"inLanguage":"fr-FR"},{"@type":"WebPage","@id":"https:\/\/www.europa-prefabri.com\/fr\/nouveau-distributeur-senegal\/","url":"https:\/\/www.europa-prefabri.com\/fr\/nouveau-distributeur-senegal\/","name":"Europa Prefabri - Nouveau distributeur au Senegal","isPartOf":{"@id":"https:\/\/www.europa-prefabri.com\/#website"},"primaryImageOfPage":{"@id":"https:\/\/www.europa-prefabri.com\/fr\/nouveau-distributeur-senegal\/#primaryimage"},"image":{"@id":"https:\/\/www.europa-prefabri.com\/fr\/nouveau-distributeur-senegal\/#primaryimage"},"thumbnailUrl":"https:\/\/www.europa-prefabri.com\/wp-content\/uploads\/image-a95151f0c758e0cd123a18e079b3d1bb34dbdf2579ab4e48c99ef0a28987eef9-V_800x450.jpg","datePublished":"2014-05-26T10:36:50+00:00","dateModified":"2016-03-30T08:41:56+00:00","description":"Europa Prefabri, leader en construction modulaire en Espagne, d\u00e9veloppe sa pr\u00e9sence en Afrique avec de nouveaux bureaux au S\u00e9n\u00e9gal","breadcrumb":{"@id":"https:\/\/www.europa-prefabri.com\/fr\/nouveau-distributeur-senegal\/#breadcrumb"},"inLanguage":"fr-FR","potentialAction":[{"@type":"ReadAction","target":["https:\/\/www.europa-prefabri.com\/fr\/nouveau-distributeur-senegal\/"]}]},{"@type":"ImageObject","inLanguage":"fr-FR","@id":"https:\/\/www.europa-prefabri.com\/fr\/nouveau-distributeur-senegal\/#primaryimage","url":"https:\/\/www.europa-prefabri.com\/wp-content\/uploads\/image-a95151f0c758e0cd123a18e079b3d1bb34dbdf2579ab4e48c99ef0a28987eef9-V_800x450.jpg","contentUrl":"https:\/\/www.europa-prefabri.com\/wp-content\/uploads\/image-a95151f0c758e0cd123a18e079b3d1bb34dbdf2579ab4e48c99ef0a28987eef9-V_800x450.jpg","width":800,"height":450,"caption":"nuevo acuerdo de distribucion en senegal"},{"@type":"BreadcrumbList","@id":"https:\/\/www.europa-prefabri.com\/fr\/nouveau-distributeur-senegal\/#breadcrumb","itemListElement":[{"@type":"ListItem","position":1,"name":"Portada","item":"https:\/\/www.europa-prefabri.com\/fr\/"},{"@type":"ListItem","position":2,"name":"NOUVEAU DISTRIBUTEUR SENEGAL"}]},{"@type":"WebSite","@id":"https:\/\/www.europa-prefabri.com\/#website","url":"https:\/\/www.europa-prefabri.com\/","name":"Europa Prefabri | Alquiler y venta de construcciones modulares","description":"Alquiler y venta de construcciones modulares, casetas de obra, marquesinas de aparcamiento y vallas y cerramientos.","publisher":{"@id":"https:\/\/www.europa-prefabri.com\/#organization"},"potentialAction":[{"@type":"SearchAction","target":{"@type":"EntryPoint","urlTemplate":"https:\/\/www.europa-prefabri.com\/?s={search_term_string}"},"query-input":{"@type":"PropertyValueSpecification","valueRequired":true,"valueName":"search_term_string"}}],"inLanguage":"fr-FR"},{"@type":"Organization","@id":"https:\/\/www.europa-prefabri.com\/#organization","name":"Prefabri S.L.","url":"https:\/\/www.europa-prefabri.com\/","logo":{"@type":"ImageObject","inLanguage":"fr-FR","@id":"https:\/\/www.europa-prefabri.com\/#\/schema\/logo\/image\/","url":"https:\/\/www.europa-prefabri.com\/wp-content\/uploads\/EuropaPrefabri-Logo.jpg","contentUrl":"https:\/\/www.europa-prefabri.com\/wp-content\/uploads\/EuropaPrefabri-Logo.jpg","width":752,"height":348,"caption":"Prefabri S.L."},"image":{"@id":"https:\/\/www.europa-prefabri.com\/#\/schema\/logo\/image\/"},"sameAs":["https:\/\/www.facebook.com\/Europa-Prefabri-258328977572213\/","https:\/\/x.com\/EuropaPrefabri","https:\/\/www.instagram.com\/europaprefabri\/","https:\/\/es.linkedin.com\/company\/europa-prefabri","https:\/\/es.pinterest.com\/europaprefabri\/","https:\/\/www.youtube.com\/user\/PrefabriSL"]},{"@type":"Person","@id":"https:\/\/www.europa-prefabri.com\/#\/schema\/person\/2ab6be5821a7026cd8f16d2a9411e86e","name":"admin","image":{"@type":"ImageObject","inLanguage":"fr-FR","@id":"https:\/\/secure.gravatar.com\/avatar\/dc55d3f4b941a1510eef2620b2c166513788bd88ef72341333b6d0a859bacd3c?s=96&d=mm&r=g","url":"https:\/\/secure.gravatar.com\/avatar\/dc55d3f4b941a1510eef2620b2c166513788bd88ef72341333b6d0a859bacd3c?s=96&d=mm&r=g","contentUrl":"https:\/\/secure.gravatar.com\/avatar\/dc55d3f4b941a1510eef2620b2c166513788bd88ef72341333b6d0a859bacd3c?s=96&d=mm&r=g","caption":"admin"},"sameAs":["https:\/\/www.europa-prefabri.com","https:\/\/x.com\/@EuropaPrefabri"]}]}},"_links":{"self":[{"href":"https:\/\/www.europa-prefabri.com\/fr\/wp-json\/wp\/v2\/posts\/3812","targetHints":{"allow":["GET"]}}],"collection":[{"href":"https:\/\/www.europa-prefabri.com\/fr\/wp-json\/wp\/v2\/posts"}],"about":[{"href":"https:\/\/www.europa-prefabri.com\/fr\/wp-json\/wp\/v2\/types\/post"}],"author":[{"embeddable":true,"href":"https:\/\/www.europa-prefabri.com\/fr\/wp-json\/wp\/v2\/users\/4"}],"replies":[{"embeddable":true,"href":"https:\/\/www.europa-prefabri.com\/fr\/wp-json\/wp\/v2\/comments?post=3812"}],"version-history":[{"count":0,"href":"https:\/\/www.europa-prefabri.com\/fr\/wp-json\/wp\/v2\/posts\/3812\/revisions"}],"wp:featuredmedia":[{"embeddable":true,"href":"https:\/\/www.europa-prefabri.com\/fr\/wp-json\/wp\/v2\/media\/3773"}],"wp:attachment":[{"href":"https:\/\/www.europa-prefabri.com\/fr\/wp-json\/wp\/v2\/media?parent=3812"}],"wp:term":[{"taxonomy":"category","embeddable":true,"href":"https:\/\/www.europa-prefabri.com\/fr\/wp-json\/wp\/v2\/categories?post=3812"},{"taxonomy":"post_tag","embeddable":true,"href":"https:\/\/www.europa-prefabri.com\/fr\/wp-json\/wp\/v2\/tags?post=3812"}],"curies":[{"name":"wp","href":"https:\/\/api.w.org\/{rel}","templated":true}]}}