{"id":31320,"date":"2022-05-05T11:24:15","date_gmt":"2022-05-05T09:24:15","guid":{"rendered":"https:\/\/www.europa-prefabri.com\/?p=31320"},"modified":"2025-01-31T09:36:31","modified_gmt":"2025-01-31T08:36:31","slug":"carports-vip-puy-du-fou-espana-s-a","status":"publish","type":"post","link":"https:\/\/www.europa-prefabri.com\/fr\/carports-vip-puy-du-fou-espana-s-a\/","title":{"rendered":"CARPORTS VIP PUY DU FOU ESPA\u00d1A S.A."},"content":{"rendered":"\n\t\t<style type=\"text\/css\">\n\t\t\t#gallery-1 {\n\t\t\t\tmargin: auto;\n\t\t\t}\n\t\t\t#gallery-1 .gallery-item {\n\t\t\t\tfloat: left;\n\t\t\t\tmargin-top: 10px;\n\t\t\t\ttext-align: center;\n\t\t\t\twidth: 20%;\n\t\t\t}\n\t\t\t#gallery-1 img {\n\t\t\t\tborder: 2px solid #cfcfcf;\n\t\t\t}\n\t\t\t#gallery-1 .gallery-caption {\n\t\t\t\tmargin-left: 0;\n\t\t\t}\n\t\t\t\/* see gallery_shortcode() in wp-includes\/media.php *\/\n\t\t<\/style>\n\t\t<div id='gallery-1' class='gallery galleryid-31320 gallery-columns-5 gallery-size-thumbnail'><dl class='gallery-item'>\n\t\t\t<dt class='gallery-icon landscape'>\n\t\t\t\t<a href='https:\/\/www.europa-prefabri.com\/fr\/marquesina-aparcamiento-puy-du-fou-toledo-05-2\/'><img loading=\"lazy\" decoding=\"async\" width=\"128\" height=\"96\" src=\"https:\/\/www.europa-prefabri.com\/wp-content\/uploads\/Marquesina-aparcamiento-PUY-DU-FOU-Toledo-05.jpg\" class=\"attachment-thumbnail size-thumbnail\" alt=\"marquesina-parking\" srcset=\"https:\/\/www.europa-prefabri.com\/wp-content\/uploads\/Marquesina-aparcamiento-PUY-DU-FOU-Toledo-05.jpg 593w, https:\/\/www.europa-prefabri.com\/wp-content\/uploads\/Marquesina-aparcamiento-PUY-DU-FOU-Toledo-05-450x337.jpg 450w\" sizes=\"auto, (max-width: 128px) 100vw, 128px\" \/><\/a>\n\t\t\t<\/dt><\/dl><dl class='gallery-item'>\n\t\t\t<dt class='gallery-icon landscape'>\n\t\t\t\t<a href='https:\/\/www.europa-prefabri.com\/fr\/marquesina-aparcamiento-puy-du-fou-toledo-04-2\/'><img loading=\"lazy\" decoding=\"async\" width=\"128\" height=\"96\" src=\"https:\/\/www.europa-prefabri.com\/wp-content\/uploads\/Marquesina-aparcamiento-PUY-DU-FOU-Toledo-04.jpg\" class=\"attachment-thumbnail size-thumbnail\" alt=\"Marquesinas y Cubiertas\" srcset=\"https:\/\/www.europa-prefabri.com\/wp-content\/uploads\/Marquesina-aparcamiento-PUY-DU-FOU-Toledo-04.jpg 640w, https:\/\/www.europa-prefabri.com\/wp-content\/uploads\/Marquesina-aparcamiento-PUY-DU-FOU-Toledo-04-450x338.jpg 450w\" sizes=\"auto, (max-width: 128px) 100vw, 128px\" \/><\/a>\n\t\t\t<\/dt><\/dl><dl class='gallery-item'>\n\t\t\t<dt class='gallery-icon landscape'>\n\t\t\t\t<a href='https:\/\/www.europa-prefabri.com\/fr\/marquesina-aparcamiento-puy-du-fou-toledo-03-2\/'><img loading=\"lazy\" decoding=\"async\" width=\"121\" height=\"96\" src=\"https:\/\/www.europa-prefabri.com\/wp-content\/uploads\/Marquesina-aparcamiento-PUY-DU-FOU-Toledo-03.jpg\" class=\"attachment-thumbnail size-thumbnail\" alt=\"marquesina-parking\" srcset=\"https:\/\/www.europa-prefabri.com\/wp-content\/uploads\/Marquesina-aparcamiento-PUY-DU-FOU-Toledo-03.jpg 604w, https:\/\/www.europa-prefabri.com\/wp-content\/uploads\/Marquesina-aparcamiento-PUY-DU-FOU-Toledo-03-450x356.jpg 450w\" sizes=\"auto, (max-width: 121px) 100vw, 121px\" \/><\/a>\n\t\t\t<\/dt><\/dl><dl class='gallery-item'>\n\t\t\t<dt class='gallery-icon landscape'>\n\t\t\t\t<a href='https:\/\/www.europa-prefabri.com\/fr\/marquesina-aparcamiento-puy-du-fou-toledo-02-2\/'><img loading=\"lazy\" decoding=\"async\" width=\"128\" height=\"96\" src=\"https:\/\/www.europa-prefabri.com\/wp-content\/uploads\/Marquesina-aparcamiento-PUY-DU-FOU-Toledo-02.jpg\" class=\"attachment-thumbnail size-thumbnail\" alt=\"marquesina-parking\" srcset=\"https:\/\/www.europa-prefabri.com\/wp-content\/uploads\/Marquesina-aparcamiento-PUY-DU-FOU-Toledo-02.jpg 640w, https:\/\/www.europa-prefabri.com\/wp-content\/uploads\/Marquesina-aparcamiento-PUY-DU-FOU-Toledo-02-450x338.jpg 450w\" sizes=\"auto, (max-width: 128px) 100vw, 128px\" \/><\/a>\n\t\t\t<\/dt><\/dl><dl class='gallery-item'>\n\t\t\t<dt class='gallery-icon landscape'>\n\t\t\t\t<a href='https:\/\/www.europa-prefabri.com\/fr\/marquesina-aparcamiento-puy-du-fou-toledo-01-2\/'><img loading=\"lazy\" decoding=\"async\" width=\"124\" height=\"96\" src=\"https:\/\/www.europa-prefabri.com\/wp-content\/uploads\/Marquesina-aparcamiento-PUY-DU-FOU-Toledo-01.jpg\" class=\"attachment-thumbnail size-thumbnail\" alt=\"Marquesinas y Cubiertas\" srcset=\"https:\/\/www.europa-prefabri.com\/wp-content\/uploads\/Marquesina-aparcamiento-PUY-DU-FOU-Toledo-01.jpg 622w, https:\/\/www.europa-prefabri.com\/wp-content\/uploads\/Marquesina-aparcamiento-PUY-DU-FOU-Toledo-01-450x347.jpg 450w\" sizes=\"auto, (max-width: 124px) 100vw, 124px\" \/><\/a>\n\t\t\t<\/dt><\/dl><br style=\"clear: both\" \/>\n\t\t<\/div>\n\n<h3>Le parc th\u00e9matique <strong>Puy du Fou en Espagne<\/strong> dans la province de Tol\u00e8de nous a command\u00e9 la fabrication, fourniture et installation d\u2019ombri\u00e8res pour 60 places de parking VIP.<\/h3>\n<ul>\n<li>Le mod\u00e8le s\u00e9lectionn\u00e9 par Puy du Fou a \u00e9t\u00e9 le mod\u00e8le EUROPA 1, peint en un marron oxiron de type forg\u00e9 pour rester fid\u00e8le \u00e0 l\u2019esprit g\u00e9n\u00e9ral m\u00e9di\u00e9val du parc.<\/li>\n<li>Tous les aspects structurels et esth\u00e9tiques ont \u00e9t\u00e9 pris en compte afin que les ombri\u00e8res soient un \u00e9l\u00e9ment de d\u00e9coration de plus et reste en harmonie avec le lieu sans renoncer \u00e0 leur fonctionnalit\u00e9 premi\u00e8re.<\/li>\n<li>Le projet comprenait \u00e9galement l\u2019\u00e9tude de calcul sur mesure en raison de la topographie particuli\u00e8re du lieu de l\u2019emplacement et la gestion compl\u00e8te de l\u2019installation.<\/li>\n<li>Le parking est d\u00e9j\u00e0 en service, pile \u00e0 temps pour la r\u00e9ouverture saisonni\u00e8re du parc au public.<\/li>\n<\/ul>\n","protected":false},"excerpt":{"rendered":"<p>Le parc th\u00e9matique Puy du Fou en Espagne dans la province de Tol\u00e8de nous a command\u00e9 la fabrication, fourniture et installation d\u2019ombri\u00e8res pour 60 places de parking VIP. Le mod\u00e8le s\u00e9lectionn\u00e9 par Puy du Fou a \u00e9t\u00e9 le mod\u00e8le EUROPA 1, peint en un marron oxiron de type forg\u00e9 pour rester fid\u00e8le \u00e0 l\u2019esprit g\u00e9n\u00e9ral [&hellip;]<\/p>\n","protected":false},"author":4,"featured_media":31296,"comment_status":"closed","ping_status":"closed","sticky":false,"template":"","format":"gallery","meta":{"footnotes":""},"categories":[413,58],"tags":[],"class_list":["post-31320","post","type-post","status-publish","format-gallery","has-post-thumbnail","hentry","category-noticias-fr","category-projets","post_format-post-format-gallery"],"yoast_head":"<!-- This site is optimized with the Yoast SEO plugin v27.5 - https:\/\/yoast.com\/product\/yoast-seo-wordpress\/ -->\n<title>CARPORTS VIP PUY DU FOU ESPA\u00d1A S.A.<\/title>\n<meta name=\"description\" content=\"Le parc th\u00e9matique Puy du Fou en Espagne dans la province de Tol\u00e8de nous a command\u00e9 la fabrication, fourniture et installation d\u2019ombri\u00e8res pour 60 places de parking VIP.\" \/>\n<meta name=\"robots\" content=\"index, follow, max-snippet:-1, max-image-preview:large, max-video-preview:-1\" \/>\n<link rel=\"canonical\" href=\"https:\/\/www.europa-prefabri.com\/fr\/carports-vip-puy-du-fou-espana-s-a\/\" \/>\n<meta property=\"og:locale\" content=\"fr_FR\" \/>\n<meta property=\"og:type\" content=\"article\" \/>\n<meta property=\"og:title\" content=\"CARPORTS VIP PUY DU FOU ESPA\u00d1A S.A.\" \/>\n<meta property=\"og:description\" content=\"Le parc th\u00e9matique Puy du Fou en Espagne dans la province de Tol\u00e8de nous a command\u00e9 la fabrication, fourniture et installation d\u2019ombri\u00e8res pour 60 places de parking VIP.\" \/>\n<meta property=\"og:url\" content=\"https:\/\/www.europa-prefabri.com\/fr\/carports-vip-puy-du-fou-espana-s-a\/\" \/>\n<meta property=\"og:site_name\" content=\"Europa Prefabri | Alquiler y venta de construcciones modulares\" \/>\n<meta property=\"article:publisher\" content=\"https:\/\/www.facebook.com\/Europa-Prefabri-258328977572213\/\" \/>\n<meta property=\"article:published_time\" content=\"2022-05-05T09:24:15+00:00\" \/>\n<meta property=\"article:modified_time\" content=\"2025-01-31T08:36:31+00:00\" \/>\n<meta property=\"og:image\" content=\"https:\/\/www.europa-prefabri.com\/wp-content\/uploads\/Marquesina-aparcamiento-PUY-DU-FOU-Toledo-01.jpg\" \/>\n\t<meta property=\"og:image:width\" content=\"622\" \/>\n\t<meta property=\"og:image:height\" content=\"480\" \/>\n\t<meta property=\"og:image:type\" content=\"image\/jpeg\" \/>\n<meta name=\"author\" content=\"admin\" \/>\n<meta name=\"twitter:card\" content=\"summary_large_image\" \/>\n<meta name=\"twitter:creator\" content=\"@EuropaPrefabri\" \/>\n<meta name=\"twitter:site\" content=\"@EuropaPrefabri\" \/>\n<meta name=\"twitter:label1\" content=\"Written by\" \/>\n\t<meta name=\"twitter:data1\" content=\"admin\" \/>\n\t<meta name=\"twitter:label2\" content=\"Est. reading time\" \/>\n\t<meta name=\"twitter:data2\" content=\"2 minutes\" \/>\n<script type=\"application\/ld+json\" class=\"yoast-schema-graph\">{\"@context\":\"https:\\\/\\\/schema.org\",\"@graph\":[{\"@type\":\"Article\",\"@id\":\"https:\\\/\\\/www.europa-prefabri.com\\\/fr\\\/carports-vip-puy-du-fou-espana-s-a\\\/#article\",\"isPartOf\":{\"@id\":\"https:\\\/\\\/www.europa-prefabri.com\\\/fr\\\/carports-vip-puy-du-fou-espana-s-a\\\/\"},\"author\":{\"name\":\"admin\",\"@id\":\"https:\\\/\\\/www.europa-prefabri.com\\\/#\\\/schema\\\/person\\\/2ab6be5821a7026cd8f16d2a9411e86e\"},\"headline\":\"CARPORTS VIP PUY DU FOU ESPA\u00d1A S.A.\",\"datePublished\":\"2022-05-05T09:24:15+00:00\",\"dateModified\":\"2025-01-31T08:36:31+00:00\",\"mainEntityOfPage\":{\"@id\":\"https:\\\/\\\/www.europa-prefabri.com\\\/fr\\\/carports-vip-puy-du-fou-espana-s-a\\\/\"},\"wordCount\":168,\"publisher\":{\"@id\":\"https:\\\/\\\/www.europa-prefabri.com\\\/#organization\"},\"image\":{\"@id\":\"https:\\\/\\\/www.europa-prefabri.com\\\/fr\\\/carports-vip-puy-du-fou-espana-s-a\\\/#primaryimage\"},\"thumbnailUrl\":\"https:\\\/\\\/www.europa-prefabri.com\\\/wp-content\\\/uploads\\\/Marquesina-aparcamiento-PUY-DU-FOU-Toledo-01.jpg\",\"articleSection\":[\"Noticias\",\"Projets\"],\"inLanguage\":\"fr-FR\"},{\"@type\":\"WebPage\",\"@id\":\"https:\\\/\\\/www.europa-prefabri.com\\\/fr\\\/carports-vip-puy-du-fou-espana-s-a\\\/\",\"url\":\"https:\\\/\\\/www.europa-prefabri.com\\\/fr\\\/carports-vip-puy-du-fou-espana-s-a\\\/\",\"name\":\"CARPORTS VIP PUY DU FOU ESPA\u00d1A S.A.\",\"isPartOf\":{\"@id\":\"https:\\\/\\\/www.europa-prefabri.com\\\/#website\"},\"primaryImageOfPage\":{\"@id\":\"https:\\\/\\\/www.europa-prefabri.com\\\/fr\\\/carports-vip-puy-du-fou-espana-s-a\\\/#primaryimage\"},\"image\":{\"@id\":\"https:\\\/\\\/www.europa-prefabri.com\\\/fr\\\/carports-vip-puy-du-fou-espana-s-a\\\/#primaryimage\"},\"thumbnailUrl\":\"https:\\\/\\\/www.europa-prefabri.com\\\/wp-content\\\/uploads\\\/Marquesina-aparcamiento-PUY-DU-FOU-Toledo-01.jpg\",\"datePublished\":\"2022-05-05T09:24:15+00:00\",\"dateModified\":\"2025-01-31T08:36:31+00:00\",\"description\":\"Le parc th\u00e9matique Puy du Fou en Espagne dans la province de Tol\u00e8de nous a command\u00e9 la fabrication, fourniture et installation d\u2019ombri\u00e8res pour 60 places de parking VIP.\",\"breadcrumb\":{\"@id\":\"https:\\\/\\\/www.europa-prefabri.com\\\/fr\\\/carports-vip-puy-du-fou-espana-s-a\\\/#breadcrumb\"},\"inLanguage\":\"fr-FR\",\"potentialAction\":[{\"@type\":\"ReadAction\",\"target\":[\"https:\\\/\\\/www.europa-prefabri.com\\\/fr\\\/carports-vip-puy-du-fou-espana-s-a\\\/\"]}]},{\"@type\":\"ImageObject\",\"inLanguage\":\"fr-FR\",\"@id\":\"https:\\\/\\\/www.europa-prefabri.com\\\/fr\\\/carports-vip-puy-du-fou-espana-s-a\\\/#primaryimage\",\"url\":\"https:\\\/\\\/www.europa-prefabri.com\\\/wp-content\\\/uploads\\\/Marquesina-aparcamiento-PUY-DU-FOU-Toledo-01.jpg\",\"contentUrl\":\"https:\\\/\\\/www.europa-prefabri.com\\\/wp-content\\\/uploads\\\/Marquesina-aparcamiento-PUY-DU-FOU-Toledo-01.jpg\",\"width\":622,\"height\":480,\"caption\":\"Marquesinas y Cubiertas\"},{\"@type\":\"BreadcrumbList\",\"@id\":\"https:\\\/\\\/www.europa-prefabri.com\\\/fr\\\/carports-vip-puy-du-fou-espana-s-a\\\/#breadcrumb\",\"itemListElement\":[{\"@type\":\"ListItem\",\"position\":1,\"name\":\"Portada\",\"item\":\"https:\\\/\\\/www.europa-prefabri.com\\\/fr\\\/\"},{\"@type\":\"ListItem\",\"position\":2,\"name\":\"CARPORTS VIP PUY DU FOU ESPA\u00d1A S.A.\"}]},{\"@type\":\"WebSite\",\"@id\":\"https:\\\/\\\/www.europa-prefabri.com\\\/#website\",\"url\":\"https:\\\/\\\/www.europa-prefabri.com\\\/\",\"name\":\"Europa Prefabri | Alquiler y venta de construcciones modulares\",\"description\":\"Alquiler y venta de construcciones modulares, casetas de obra, marquesinas de aparcamiento y vallas y cerramientos.\",\"publisher\":{\"@id\":\"https:\\\/\\\/www.europa-prefabri.com\\\/#organization\"},\"potentialAction\":[{\"@type\":\"SearchAction\",\"target\":{\"@type\":\"EntryPoint\",\"urlTemplate\":\"https:\\\/\\\/www.europa-prefabri.com\\\/?s={search_term_string}\"},\"query-input\":{\"@type\":\"PropertyValueSpecification\",\"valueRequired\":true,\"valueName\":\"search_term_string\"}}],\"inLanguage\":\"fr-FR\"},{\"@type\":\"Organization\",\"@id\":\"https:\\\/\\\/www.europa-prefabri.com\\\/#organization\",\"name\":\"Prefabri S.L.\",\"url\":\"https:\\\/\\\/www.europa-prefabri.com\\\/\",\"logo\":{\"@type\":\"ImageObject\",\"inLanguage\":\"fr-FR\",\"@id\":\"https:\\\/\\\/www.europa-prefabri.com\\\/#\\\/schema\\\/logo\\\/image\\\/\",\"url\":\"https:\\\/\\\/www.europa-prefabri.com\\\/wp-content\\\/uploads\\\/EuropaPrefabri-Logo.jpg\",\"contentUrl\":\"https:\\\/\\\/www.europa-prefabri.com\\\/wp-content\\\/uploads\\\/EuropaPrefabri-Logo.jpg\",\"width\":752,\"height\":348,\"caption\":\"Prefabri S.L.\"},\"image\":{\"@id\":\"https:\\\/\\\/www.europa-prefabri.com\\\/#\\\/schema\\\/logo\\\/image\\\/\"},\"sameAs\":[\"https:\\\/\\\/www.facebook.com\\\/Europa-Prefabri-258328977572213\\\/\",\"https:\\\/\\\/x.com\\\/EuropaPrefabri\",\"https:\\\/\\\/www.instagram.com\\\/europaprefabri\\\/\",\"https:\\\/\\\/es.linkedin.com\\\/company\\\/europa-prefabri\",\"https:\\\/\\\/es.pinterest.com\\\/europaprefabri\\\/\",\"https:\\\/\\\/www.youtube.com\\\/user\\\/PrefabriSL\"]},{\"@type\":\"Person\",\"@id\":\"https:\\\/\\\/www.europa-prefabri.com\\\/#\\\/schema\\\/person\\\/2ab6be5821a7026cd8f16d2a9411e86e\",\"name\":\"admin\",\"image\":{\"@type\":\"ImageObject\",\"inLanguage\":\"fr-FR\",\"@id\":\"https:\\\/\\\/secure.gravatar.com\\\/avatar\\\/dc55d3f4b941a1510eef2620b2c166513788bd88ef72341333b6d0a859bacd3c?s=96&d=mm&r=g\",\"url\":\"https:\\\/\\\/secure.gravatar.com\\\/avatar\\\/dc55d3f4b941a1510eef2620b2c166513788bd88ef72341333b6d0a859bacd3c?s=96&d=mm&r=g\",\"contentUrl\":\"https:\\\/\\\/secure.gravatar.com\\\/avatar\\\/dc55d3f4b941a1510eef2620b2c166513788bd88ef72341333b6d0a859bacd3c?s=96&d=mm&r=g\",\"caption\":\"admin\"},\"sameAs\":[\"https:\\\/\\\/www.europa-prefabri.com\",\"https:\\\/\\\/x.com\\\/@EuropaPrefabri\"]}]}<\/script>\n<!-- \/ Yoast SEO plugin. -->","yoast_head_json":{"title":"CARPORTS VIP PUY DU FOU ESPA\u00d1A S.A.","description":"Le parc th\u00e9matique Puy du Fou en Espagne dans la province de Tol\u00e8de nous a command\u00e9 la fabrication, fourniture et installation d\u2019ombri\u00e8res pour 60 places de parking VIP.","robots":{"index":"index","follow":"follow","max-snippet":"max-snippet:-1","max-image-preview":"max-image-preview:large","max-video-preview":"max-video-preview:-1"},"canonical":"https:\/\/www.europa-prefabri.com\/fr\/carports-vip-puy-du-fou-espana-s-a\/","og_locale":"fr_FR","og_type":"article","og_title":"CARPORTS VIP PUY DU FOU ESPA\u00d1A S.A.","og_description":"Le parc th\u00e9matique Puy du Fou en Espagne dans la province de Tol\u00e8de nous a command\u00e9 la fabrication, fourniture et installation d\u2019ombri\u00e8res pour 60 places de parking VIP.","og_url":"https:\/\/www.europa-prefabri.com\/fr\/carports-vip-puy-du-fou-espana-s-a\/","og_site_name":"Europa Prefabri | Alquiler y venta de construcciones modulares","article_publisher":"https:\/\/www.facebook.com\/Europa-Prefabri-258328977572213\/","article_published_time":"2022-05-05T09:24:15+00:00","article_modified_time":"2025-01-31T08:36:31+00:00","og_image":[{"width":622,"height":480,"url":"https:\/\/www.europa-prefabri.com\/wp-content\/uploads\/Marquesina-aparcamiento-PUY-DU-FOU-Toledo-01.jpg","type":"image\/jpeg"}],"author":"admin","twitter_card":"summary_large_image","twitter_creator":"@EuropaPrefabri","twitter_site":"@EuropaPrefabri","twitter_misc":{"Written by":"admin","Est. reading time":"2 minutes"},"schema":{"@context":"https:\/\/schema.org","@graph":[{"@type":"Article","@id":"https:\/\/www.europa-prefabri.com\/fr\/carports-vip-puy-du-fou-espana-s-a\/#article","isPartOf":{"@id":"https:\/\/www.europa-prefabri.com\/fr\/carports-vip-puy-du-fou-espana-s-a\/"},"author":{"name":"admin","@id":"https:\/\/www.europa-prefabri.com\/#\/schema\/person\/2ab6be5821a7026cd8f16d2a9411e86e"},"headline":"CARPORTS VIP PUY DU FOU ESPA\u00d1A S.A.","datePublished":"2022-05-05T09:24:15+00:00","dateModified":"2025-01-31T08:36:31+00:00","mainEntityOfPage":{"@id":"https:\/\/www.europa-prefabri.com\/fr\/carports-vip-puy-du-fou-espana-s-a\/"},"wordCount":168,"publisher":{"@id":"https:\/\/www.europa-prefabri.com\/#organization"},"image":{"@id":"https:\/\/www.europa-prefabri.com\/fr\/carports-vip-puy-du-fou-espana-s-a\/#primaryimage"},"thumbnailUrl":"https:\/\/www.europa-prefabri.com\/wp-content\/uploads\/Marquesina-aparcamiento-PUY-DU-FOU-Toledo-01.jpg","articleSection":["Noticias","Projets"],"inLanguage":"fr-FR"},{"@type":"WebPage","@id":"https:\/\/www.europa-prefabri.com\/fr\/carports-vip-puy-du-fou-espana-s-a\/","url":"https:\/\/www.europa-prefabri.com\/fr\/carports-vip-puy-du-fou-espana-s-a\/","name":"CARPORTS VIP PUY DU FOU ESPA\u00d1A S.A.","isPartOf":{"@id":"https:\/\/www.europa-prefabri.com\/#website"},"primaryImageOfPage":{"@id":"https:\/\/www.europa-prefabri.com\/fr\/carports-vip-puy-du-fou-espana-s-a\/#primaryimage"},"image":{"@id":"https:\/\/www.europa-prefabri.com\/fr\/carports-vip-puy-du-fou-espana-s-a\/#primaryimage"},"thumbnailUrl":"https:\/\/www.europa-prefabri.com\/wp-content\/uploads\/Marquesina-aparcamiento-PUY-DU-FOU-Toledo-01.jpg","datePublished":"2022-05-05T09:24:15+00:00","dateModified":"2025-01-31T08:36:31+00:00","description":"Le parc th\u00e9matique Puy du Fou en Espagne dans la province de Tol\u00e8de nous a command\u00e9 la fabrication, fourniture et installation d\u2019ombri\u00e8res pour 60 places de parking VIP.","breadcrumb":{"@id":"https:\/\/www.europa-prefabri.com\/fr\/carports-vip-puy-du-fou-espana-s-a\/#breadcrumb"},"inLanguage":"fr-FR","potentialAction":[{"@type":"ReadAction","target":["https:\/\/www.europa-prefabri.com\/fr\/carports-vip-puy-du-fou-espana-s-a\/"]}]},{"@type":"ImageObject","inLanguage":"fr-FR","@id":"https:\/\/www.europa-prefabri.com\/fr\/carports-vip-puy-du-fou-espana-s-a\/#primaryimage","url":"https:\/\/www.europa-prefabri.com\/wp-content\/uploads\/Marquesina-aparcamiento-PUY-DU-FOU-Toledo-01.jpg","contentUrl":"https:\/\/www.europa-prefabri.com\/wp-content\/uploads\/Marquesina-aparcamiento-PUY-DU-FOU-Toledo-01.jpg","width":622,"height":480,"caption":"Marquesinas y Cubiertas"},{"@type":"BreadcrumbList","@id":"https:\/\/www.europa-prefabri.com\/fr\/carports-vip-puy-du-fou-espana-s-a\/#breadcrumb","itemListElement":[{"@type":"ListItem","position":1,"name":"Portada","item":"https:\/\/www.europa-prefabri.com\/fr\/"},{"@type":"ListItem","position":2,"name":"CARPORTS VIP PUY DU FOU ESPA\u00d1A S.A."}]},{"@type":"WebSite","@id":"https:\/\/www.europa-prefabri.com\/#website","url":"https:\/\/www.europa-prefabri.com\/","name":"Europa Prefabri | Alquiler y venta de construcciones modulares","description":"Alquiler y venta de construcciones modulares, casetas de obra, marquesinas de aparcamiento y vallas y cerramientos.","publisher":{"@id":"https:\/\/www.europa-prefabri.com\/#organization"},"potentialAction":[{"@type":"SearchAction","target":{"@type":"EntryPoint","urlTemplate":"https:\/\/www.europa-prefabri.com\/?s={search_term_string}"},"query-input":{"@type":"PropertyValueSpecification","valueRequired":true,"valueName":"search_term_string"}}],"inLanguage":"fr-FR"},{"@type":"Organization","@id":"https:\/\/www.europa-prefabri.com\/#organization","name":"Prefabri S.L.","url":"https:\/\/www.europa-prefabri.com\/","logo":{"@type":"ImageObject","inLanguage":"fr-FR","@id":"https:\/\/www.europa-prefabri.com\/#\/schema\/logo\/image\/","url":"https:\/\/www.europa-prefabri.com\/wp-content\/uploads\/EuropaPrefabri-Logo.jpg","contentUrl":"https:\/\/www.europa-prefabri.com\/wp-content\/uploads\/EuropaPrefabri-Logo.jpg","width":752,"height":348,"caption":"Prefabri S.L."},"image":{"@id":"https:\/\/www.europa-prefabri.com\/#\/schema\/logo\/image\/"},"sameAs":["https:\/\/www.facebook.com\/Europa-Prefabri-258328977572213\/","https:\/\/x.com\/EuropaPrefabri","https:\/\/www.instagram.com\/europaprefabri\/","https:\/\/es.linkedin.com\/company\/europa-prefabri","https:\/\/es.pinterest.com\/europaprefabri\/","https:\/\/www.youtube.com\/user\/PrefabriSL"]},{"@type":"Person","@id":"https:\/\/www.europa-prefabri.com\/#\/schema\/person\/2ab6be5821a7026cd8f16d2a9411e86e","name":"admin","image":{"@type":"ImageObject","inLanguage":"fr-FR","@id":"https:\/\/secure.gravatar.com\/avatar\/dc55d3f4b941a1510eef2620b2c166513788bd88ef72341333b6d0a859bacd3c?s=96&d=mm&r=g","url":"https:\/\/secure.gravatar.com\/avatar\/dc55d3f4b941a1510eef2620b2c166513788bd88ef72341333b6d0a859bacd3c?s=96&d=mm&r=g","contentUrl":"https:\/\/secure.gravatar.com\/avatar\/dc55d3f4b941a1510eef2620b2c166513788bd88ef72341333b6d0a859bacd3c?s=96&d=mm&r=g","caption":"admin"},"sameAs":["https:\/\/www.europa-prefabri.com","https:\/\/x.com\/@EuropaPrefabri"]}]}},"_links":{"self":[{"href":"https:\/\/www.europa-prefabri.com\/fr\/wp-json\/wp\/v2\/posts\/31320","targetHints":{"allow":["GET"]}}],"collection":[{"href":"https:\/\/www.europa-prefabri.com\/fr\/wp-json\/wp\/v2\/posts"}],"about":[{"href":"https:\/\/www.europa-prefabri.com\/fr\/wp-json\/wp\/v2\/types\/post"}],"author":[{"embeddable":true,"href":"https:\/\/www.europa-prefabri.com\/fr\/wp-json\/wp\/v2\/users\/4"}],"replies":[{"embeddable":true,"href":"https:\/\/www.europa-prefabri.com\/fr\/wp-json\/wp\/v2\/comments?post=31320"}],"version-history":[{"count":2,"href":"https:\/\/www.europa-prefabri.com\/fr\/wp-json\/wp\/v2\/posts\/31320\/revisions"}],"predecessor-version":[{"id":35584,"href":"https:\/\/www.europa-prefabri.com\/fr\/wp-json\/wp\/v2\/posts\/31320\/revisions\/35584"}],"wp:featuredmedia":[{"embeddable":true,"href":"https:\/\/www.europa-prefabri.com\/fr\/wp-json\/wp\/v2\/media\/31296"}],"wp:attachment":[{"href":"https:\/\/www.europa-prefabri.com\/fr\/wp-json\/wp\/v2\/media?parent=31320"}],"wp:term":[{"taxonomy":"category","embeddable":true,"href":"https:\/\/www.europa-prefabri.com\/fr\/wp-json\/wp\/v2\/categories?post=31320"},{"taxonomy":"post_tag","embeddable":true,"href":"https:\/\/www.europa-prefabri.com\/fr\/wp-json\/wp\/v2\/tags?post=31320"}],"curies":[{"name":"wp","href":"https:\/\/api.w.org\/{rel}","templated":true}]}}