{"id":29129,"date":"2021-02-03T11:58:15","date_gmt":"2021-02-03T10:58:15","guid":{"rendered":"https:\/\/www.europa-prefabri.com\/?p=29129"},"modified":"2021-04-15T10:09:14","modified_gmt":"2021-04-15T08:09:14","slug":"base-de-vie-cote-divore","status":"publish","type":"post","link":"https:\/\/www.europa-prefabri.com\/fr\/base-de-vie-cote-divore\/","title":{"rendered":"BASE DE VIE C\u00d4TE D\u2019IVORE"},"content":{"rendered":"\n\t\t<style type=\"text\/css\">\n\t\t\t#gallery-1 {\n\t\t\t\tmargin: auto;\n\t\t\t}\n\t\t\t#gallery-1 .gallery-item {\n\t\t\t\tfloat: left;\n\t\t\t\tmargin-top: 10px;\n\t\t\t\ttext-align: center;\n\t\t\t\twidth: 20%;\n\t\t\t}\n\t\t\t#gallery-1 img {\n\t\t\t\tborder: 2px solid #cfcfcf;\n\t\t\t}\n\t\t\t#gallery-1 .gallery-caption {\n\t\t\t\tmargin-left: 0;\n\t\t\t}\n\t\t\t\/* see gallery_shortcode() in wp-includes\/media.php *\/\n\t\t<\/style>\n\t\t<div id='gallery-1' class='gallery galleryid-29129 gallery-columns-5 gallery-size-thumbnail'><dl class='gallery-item'>\n\t\t\t<dt class='gallery-icon landscape'>\n\t\t\t\t<a href='https:\/\/www.europa-prefabri.com\/fr\/nave-prefabricada-costa-de-marfil-10-2\/'><img loading=\"lazy\" decoding=\"async\" width=\"128\" height=\"96\" src=\"https:\/\/www.europa-prefabri.com\/wp-content\/uploads\/Nave-Prefabricada-Costa-de-Marfil-10.jpg\" class=\"attachment-thumbnail size-thumbnail\" alt=\"nave-prefabricada\" srcset=\"https:\/\/www.europa-prefabri.com\/wp-content\/uploads\/Nave-Prefabricada-Costa-de-Marfil-10.jpg 512w, https:\/\/www.europa-prefabri.com\/wp-content\/uploads\/Nave-Prefabricada-Costa-de-Marfil-10-450x338.jpg 450w\" sizes=\"auto, (max-width: 128px) 100vw, 128px\" \/><\/a>\n\t\t\t<\/dt><\/dl><dl class='gallery-item'>\n\t\t\t<dt class='gallery-icon landscape'>\n\t\t\t\t<a href='https:\/\/www.europa-prefabri.com\/fr\/nave-prefabricada-costa-de-marfil-08-2\/'><img loading=\"lazy\" decoding=\"async\" width=\"128\" height=\"96\" src=\"https:\/\/www.europa-prefabri.com\/wp-content\/uploads\/Nave-Prefabricada-Costa-de-Marfil-08.jpg\" class=\"attachment-thumbnail size-thumbnail\" alt=\"nave-prefabricada\" srcset=\"https:\/\/www.europa-prefabri.com\/wp-content\/uploads\/Nave-Prefabricada-Costa-de-Marfil-08.jpg 512w, https:\/\/www.europa-prefabri.com\/wp-content\/uploads\/Nave-Prefabricada-Costa-de-Marfil-08-450x338.jpg 450w\" sizes=\"auto, (max-width: 128px) 100vw, 128px\" \/><\/a>\n\t\t\t<\/dt><\/dl><dl class='gallery-item'>\n\t\t\t<dt class='gallery-icon landscape'>\n\t\t\t\t<a href='https:\/\/www.europa-prefabri.com\/fr\/nave-prefabricada-costa-de-marfil-07-2\/'><img loading=\"lazy\" decoding=\"async\" width=\"128\" height=\"96\" src=\"https:\/\/www.europa-prefabri.com\/wp-content\/uploads\/Nave-Prefabricada-Costa-de-Marfil-07.jpg\" class=\"attachment-thumbnail size-thumbnail\" alt=\"nave-prefabricada\" srcset=\"https:\/\/www.europa-prefabri.com\/wp-content\/uploads\/Nave-Prefabricada-Costa-de-Marfil-07.jpg 512w, https:\/\/www.europa-prefabri.com\/wp-content\/uploads\/Nave-Prefabricada-Costa-de-Marfil-07-450x338.jpg 450w\" sizes=\"auto, (max-width: 128px) 100vw, 128px\" \/><\/a>\n\t\t\t<\/dt><\/dl><dl class='gallery-item'>\n\t\t\t<dt class='gallery-icon landscape'>\n\t\t\t\t<a href='https:\/\/www.europa-prefabri.com\/fr\/nave-prefabricada-costa-de-marfil-05-2\/'><img loading=\"lazy\" decoding=\"async\" width=\"128\" height=\"96\" src=\"https:\/\/www.europa-prefabri.com\/wp-content\/uploads\/Nave-Prefabricada-Costa-de-Marfil-05.jpg\" class=\"attachment-thumbnail size-thumbnail\" alt=\"nave-prefabricada\" srcset=\"https:\/\/www.europa-prefabri.com\/wp-content\/uploads\/Nave-Prefabricada-Costa-de-Marfil-05.jpg 512w, https:\/\/www.europa-prefabri.com\/wp-content\/uploads\/Nave-Prefabricada-Costa-de-Marfil-05-450x338.jpg 450w\" sizes=\"auto, (max-width: 128px) 100vw, 128px\" \/><\/a>\n\t\t\t<\/dt><\/dl><dl class='gallery-item'>\n\t\t\t<dt class='gallery-icon landscape'>\n\t\t\t\t<a href='https:\/\/www.europa-prefabri.com\/fr\/nave-prefabricada-costa-de-marfil-02-2\/'><img loading=\"lazy\" decoding=\"async\" width=\"128\" height=\"96\" src=\"https:\/\/www.europa-prefabri.com\/wp-content\/uploads\/Nave-Prefabricada-Costa-de-Marfil-02.jpg\" class=\"attachment-thumbnail size-thumbnail\" alt=\"nave-prefabricada\" srcset=\"https:\/\/www.europa-prefabri.com\/wp-content\/uploads\/Nave-Prefabricada-Costa-de-Marfil-02.jpg 512w, https:\/\/www.europa-prefabri.com\/wp-content\/uploads\/Nave-Prefabricada-Costa-de-Marfil-02-450x338.jpg 450w\" sizes=\"auto, (max-width: 128px) 100vw, 128px\" \/><\/a>\n\t\t\t<\/dt><\/dl><br style=\"clear: both\" \/>\n\t\t<\/div>\n\n<h3>Cette base de vie pour l\u2019arm\u00e9e fran\u00e7aise a \u00e9t\u00e9 r\u00e9alis\u00e9e par notre agent local Afrik Pr\u00e9fabrik.<\/h3>\n<p>Les installations comprennent des zones repos, ateliers, bureaux, en employant notre syst\u00e8me \u00ab <a href=\"\/?p=3268\">Europa Prefabri\u00a0Kit Flat Pack<\/a>\u00a0\u00bb pr\u00e9fabriqu\u00e9 compos\u00e9 de cabines modulaires attach\u00e9es avec la possibilit\u00e9 d\u2019\u00eatre empil\u00e9es par la suite en cas de besoin. L\u2019avantage de ce syst\u00e8me est que les modules sont facilement et rapidement assembl\u00e9s, ils peuvent \u00eatre d\u00e9mont\u00e9s et livr\u00e9s \u00e0 un autre emplacement puis assembl\u00e9s suivant la m\u00eame configuration ou une autre diff\u00e9rente si besoin est.<\/p>\n<p>Sans doute, un avantage tr\u00e8s clair sur la construction traditionnelle avec des \u00e9conomies consid\u00e9rables non seulement en termes de d\u00e9lais (seulement 8 semaines de la date de la commande \u00e0 la date de livraison et assemblage en C\u00f4te d\u2019Ivoire) mais aussi en termes de frais, avec des retours significatifs sur investissement.<\/p>\n<p>Un hangar de 180m\u00b2 a \u00e9galement \u00e9t\u00e9 fourni en utilisant notre construction pr\u00e9fabriqu\u00e9e fixe qui peut aussi \u00eatre d\u00e9mont\u00e9e et assembl\u00e9e de nouveau en cas de d\u00e9placement.<\/p>\n<p>Les parois sont faites en panneau sandwich de 80mm d\u2019isolation ainsi que d\u2019un toit \u00e0 deux pans.<\/p>\n<p>Des \u00e9l\u00e9ments comme une grande porte coulissante d\u2019acc\u00e8s, des portes de secours, des fen\u00eatres en aluminium sont compris.<\/p>\n<p>La conception du hangar avec son style industriel est devenue une solution pr\u00e9fabriqu\u00e9e populaire pour les projets \u00e0 venir en C\u00f4te d\u2019Ivoire.<\/p>\n","protected":false},"excerpt":{"rendered":"<p>Cette base de vie pour l\u2019arm\u00e9e fran\u00e7aise a \u00e9t\u00e9 r\u00e9alis\u00e9e par notre agent local Afrik Pr\u00e9fabrik. Les installations comprennent des zones repos, ateliers, bureaux, en employant notre syst\u00e8me \u00ab Europa Prefabri\u00a0Kit Flat Pack\u00a0\u00bb pr\u00e9fabriqu\u00e9 compos\u00e9 de cabines modulaires attach\u00e9es avec la possibilit\u00e9 d\u2019\u00eatre empil\u00e9es par la suite en cas de besoin. L\u2019avantage de ce syst\u00e8me [&hellip;]<\/p>\n","protected":false},"author":4,"featured_media":29087,"comment_status":"closed","ping_status":"closed","sticky":false,"template":"","format":"gallery","meta":{"footnotes":""},"categories":[413,58],"tags":[],"class_list":["post-29129","post","type-post","status-publish","format-gallery","has-post-thumbnail","hentry","category-noticias-fr","category-projets","post_format-post-format-gallery"],"yoast_head":"<!-- This site is optimized with the Yoast SEO plugin v27.5 - https:\/\/yoast.com\/product\/yoast-seo-wordpress\/ -->\n<title>BASE DE VIE C\u00d4TE D\u2019IVORE<\/title>\n<meta name=\"description\" content=\"Cette base de vie pour l\u2019arm\u00e9e fran\u00e7aise a \u00e9t\u00e9 r\u00e9alis\u00e9e par notre agent local Afrik Pr\u00e9fabrik.\" \/>\n<meta name=\"robots\" content=\"index, follow, max-snippet:-1, max-image-preview:large, max-video-preview:-1\" \/>\n<link rel=\"canonical\" href=\"https:\/\/www.europa-prefabri.com\/fr\/base-de-vie-cote-divore\/\" \/>\n<meta property=\"og:locale\" content=\"fr_FR\" \/>\n<meta property=\"og:type\" content=\"article\" \/>\n<meta property=\"og:title\" content=\"BASE DE VIE C\u00d4TE D\u2019IVORE\" \/>\n<meta property=\"og:description\" content=\"Cette base de vie pour l\u2019arm\u00e9e fran\u00e7aise a \u00e9t\u00e9 r\u00e9alis\u00e9e par notre agent local Afrik Pr\u00e9fabrik.\" \/>\n<meta property=\"og:url\" content=\"https:\/\/www.europa-prefabri.com\/fr\/base-de-vie-cote-divore\/\" \/>\n<meta property=\"og:site_name\" content=\"Europa Prefabri | Alquiler y venta de construcciones modulares\" \/>\n<meta property=\"article:publisher\" content=\"https:\/\/www.facebook.com\/Europa-Prefabri-258328977572213\/\" \/>\n<meta property=\"article:published_time\" content=\"2021-02-03T10:58:15+00:00\" \/>\n<meta property=\"article:modified_time\" content=\"2021-04-15T08:09:14+00:00\" \/>\n<meta property=\"og:image\" content=\"https:\/\/www.europa-prefabri.com\/wp-content\/uploads\/Nave-Prefabricada-Costa-de-Marfil-10.jpg\" \/>\n\t<meta property=\"og:image:width\" content=\"512\" \/>\n\t<meta property=\"og:image:height\" content=\"384\" \/>\n\t<meta property=\"og:image:type\" content=\"image\/jpeg\" \/>\n<meta name=\"author\" content=\"admin\" \/>\n<meta name=\"twitter:card\" content=\"summary_large_image\" \/>\n<meta name=\"twitter:creator\" content=\"@EuropaPrefabri\" \/>\n<meta name=\"twitter:site\" content=\"@EuropaPrefabri\" \/>\n<meta name=\"twitter:label1\" content=\"Written by\" \/>\n\t<meta name=\"twitter:data1\" content=\"admin\" \/>\n\t<meta name=\"twitter:label2\" content=\"Est. reading time\" \/>\n\t<meta name=\"twitter:data2\" content=\"1 minute\" \/>\n<script type=\"application\/ld+json\" class=\"yoast-schema-graph\">{\"@context\":\"https:\\\/\\\/schema.org\",\"@graph\":[{\"@type\":\"Article\",\"@id\":\"https:\\\/\\\/www.europa-prefabri.com\\\/fr\\\/base-de-vie-cote-divore\\\/#article\",\"isPartOf\":{\"@id\":\"https:\\\/\\\/www.europa-prefabri.com\\\/fr\\\/base-de-vie-cote-divore\\\/\"},\"author\":{\"name\":\"admin\",\"@id\":\"https:\\\/\\\/www.europa-prefabri.com\\\/#\\\/schema\\\/person\\\/2ab6be5821a7026cd8f16d2a9411e86e\"},\"headline\":\"BASE DE VIE C\u00d4TE D\u2019IVORE\",\"datePublished\":\"2021-02-03T10:58:15+00:00\",\"dateModified\":\"2021-04-15T08:09:14+00:00\",\"mainEntityOfPage\":{\"@id\":\"https:\\\/\\\/www.europa-prefabri.com\\\/fr\\\/base-de-vie-cote-divore\\\/\"},\"wordCount\":268,\"publisher\":{\"@id\":\"https:\\\/\\\/www.europa-prefabri.com\\\/#organization\"},\"image\":{\"@id\":\"https:\\\/\\\/www.europa-prefabri.com\\\/fr\\\/base-de-vie-cote-divore\\\/#primaryimage\"},\"thumbnailUrl\":\"https:\\\/\\\/www.europa-prefabri.com\\\/wp-content\\\/uploads\\\/Nave-Prefabricada-Costa-de-Marfil-10.jpg\",\"articleSection\":[\"Noticias\",\"Projets\"],\"inLanguage\":\"fr-FR\"},{\"@type\":\"WebPage\",\"@id\":\"https:\\\/\\\/www.europa-prefabri.com\\\/fr\\\/base-de-vie-cote-divore\\\/\",\"url\":\"https:\\\/\\\/www.europa-prefabri.com\\\/fr\\\/base-de-vie-cote-divore\\\/\",\"name\":\"BASE DE VIE C\u00d4TE D\u2019IVORE\",\"isPartOf\":{\"@id\":\"https:\\\/\\\/www.europa-prefabri.com\\\/#website\"},\"primaryImageOfPage\":{\"@id\":\"https:\\\/\\\/www.europa-prefabri.com\\\/fr\\\/base-de-vie-cote-divore\\\/#primaryimage\"},\"image\":{\"@id\":\"https:\\\/\\\/www.europa-prefabri.com\\\/fr\\\/base-de-vie-cote-divore\\\/#primaryimage\"},\"thumbnailUrl\":\"https:\\\/\\\/www.europa-prefabri.com\\\/wp-content\\\/uploads\\\/Nave-Prefabricada-Costa-de-Marfil-10.jpg\",\"datePublished\":\"2021-02-03T10:58:15+00:00\",\"dateModified\":\"2021-04-15T08:09:14+00:00\",\"description\":\"Cette base de vie pour l\u2019arm\u00e9e fran\u00e7aise a \u00e9t\u00e9 r\u00e9alis\u00e9e par notre agent local Afrik Pr\u00e9fabrik.\",\"breadcrumb\":{\"@id\":\"https:\\\/\\\/www.europa-prefabri.com\\\/fr\\\/base-de-vie-cote-divore\\\/#breadcrumb\"},\"inLanguage\":\"fr-FR\",\"potentialAction\":[{\"@type\":\"ReadAction\",\"target\":[\"https:\\\/\\\/www.europa-prefabri.com\\\/fr\\\/base-de-vie-cote-divore\\\/\"]}]},{\"@type\":\"ImageObject\",\"inLanguage\":\"fr-FR\",\"@id\":\"https:\\\/\\\/www.europa-prefabri.com\\\/fr\\\/base-de-vie-cote-divore\\\/#primaryimage\",\"url\":\"https:\\\/\\\/www.europa-prefabri.com\\\/wp-content\\\/uploads\\\/Nave-Prefabricada-Costa-de-Marfil-10.jpg\",\"contentUrl\":\"https:\\\/\\\/www.europa-prefabri.com\\\/wp-content\\\/uploads\\\/Nave-Prefabricada-Costa-de-Marfil-10.jpg\",\"width\":512,\"height\":384,\"caption\":\"nave-prefabricada\"},{\"@type\":\"BreadcrumbList\",\"@id\":\"https:\\\/\\\/www.europa-prefabri.com\\\/fr\\\/base-de-vie-cote-divore\\\/#breadcrumb\",\"itemListElement\":[{\"@type\":\"ListItem\",\"position\":1,\"name\":\"Portada\",\"item\":\"https:\\\/\\\/www.europa-prefabri.com\\\/fr\\\/\"},{\"@type\":\"ListItem\",\"position\":2,\"name\":\"BASE DE VIE C\u00d4TE D\u2019IVORE\"}]},{\"@type\":\"WebSite\",\"@id\":\"https:\\\/\\\/www.europa-prefabri.com\\\/#website\",\"url\":\"https:\\\/\\\/www.europa-prefabri.com\\\/\",\"name\":\"Europa Prefabri | Alquiler y venta de construcciones modulares\",\"description\":\"Alquiler y venta de construcciones modulares, casetas de obra, marquesinas de aparcamiento y vallas y cerramientos.\",\"publisher\":{\"@id\":\"https:\\\/\\\/www.europa-prefabri.com\\\/#organization\"},\"potentialAction\":[{\"@type\":\"SearchAction\",\"target\":{\"@type\":\"EntryPoint\",\"urlTemplate\":\"https:\\\/\\\/www.europa-prefabri.com\\\/?s={search_term_string}\"},\"query-input\":{\"@type\":\"PropertyValueSpecification\",\"valueRequired\":true,\"valueName\":\"search_term_string\"}}],\"inLanguage\":\"fr-FR\"},{\"@type\":\"Organization\",\"@id\":\"https:\\\/\\\/www.europa-prefabri.com\\\/#organization\",\"name\":\"Prefabri S.L.\",\"url\":\"https:\\\/\\\/www.europa-prefabri.com\\\/\",\"logo\":{\"@type\":\"ImageObject\",\"inLanguage\":\"fr-FR\",\"@id\":\"https:\\\/\\\/www.europa-prefabri.com\\\/#\\\/schema\\\/logo\\\/image\\\/\",\"url\":\"https:\\\/\\\/www.europa-prefabri.com\\\/wp-content\\\/uploads\\\/EuropaPrefabri-Logo.jpg\",\"contentUrl\":\"https:\\\/\\\/www.europa-prefabri.com\\\/wp-content\\\/uploads\\\/EuropaPrefabri-Logo.jpg\",\"width\":752,\"height\":348,\"caption\":\"Prefabri S.L.\"},\"image\":{\"@id\":\"https:\\\/\\\/www.europa-prefabri.com\\\/#\\\/schema\\\/logo\\\/image\\\/\"},\"sameAs\":[\"https:\\\/\\\/www.facebook.com\\\/Europa-Prefabri-258328977572213\\\/\",\"https:\\\/\\\/x.com\\\/EuropaPrefabri\",\"https:\\\/\\\/www.instagram.com\\\/europaprefabri\\\/\",\"https:\\\/\\\/es.linkedin.com\\\/company\\\/europa-prefabri\",\"https:\\\/\\\/es.pinterest.com\\\/europaprefabri\\\/\",\"https:\\\/\\\/www.youtube.com\\\/user\\\/PrefabriSL\"]},{\"@type\":\"Person\",\"@id\":\"https:\\\/\\\/www.europa-prefabri.com\\\/#\\\/schema\\\/person\\\/2ab6be5821a7026cd8f16d2a9411e86e\",\"name\":\"admin\",\"image\":{\"@type\":\"ImageObject\",\"inLanguage\":\"fr-FR\",\"@id\":\"https:\\\/\\\/secure.gravatar.com\\\/avatar\\\/dc55d3f4b941a1510eef2620b2c166513788bd88ef72341333b6d0a859bacd3c?s=96&d=mm&r=g\",\"url\":\"https:\\\/\\\/secure.gravatar.com\\\/avatar\\\/dc55d3f4b941a1510eef2620b2c166513788bd88ef72341333b6d0a859bacd3c?s=96&d=mm&r=g\",\"contentUrl\":\"https:\\\/\\\/secure.gravatar.com\\\/avatar\\\/dc55d3f4b941a1510eef2620b2c166513788bd88ef72341333b6d0a859bacd3c?s=96&d=mm&r=g\",\"caption\":\"admin\"},\"sameAs\":[\"https:\\\/\\\/www.europa-prefabri.com\",\"https:\\\/\\\/x.com\\\/@EuropaPrefabri\"]}]}<\/script>\n<!-- \/ Yoast SEO plugin. -->","yoast_head_json":{"title":"BASE DE VIE C\u00d4TE D\u2019IVORE","description":"Cette base de vie pour l\u2019arm\u00e9e fran\u00e7aise a \u00e9t\u00e9 r\u00e9alis\u00e9e par notre agent local Afrik Pr\u00e9fabrik.","robots":{"index":"index","follow":"follow","max-snippet":"max-snippet:-1","max-image-preview":"max-image-preview:large","max-video-preview":"max-video-preview:-1"},"canonical":"https:\/\/www.europa-prefabri.com\/fr\/base-de-vie-cote-divore\/","og_locale":"fr_FR","og_type":"article","og_title":"BASE DE VIE C\u00d4TE D\u2019IVORE","og_description":"Cette base de vie pour l\u2019arm\u00e9e fran\u00e7aise a \u00e9t\u00e9 r\u00e9alis\u00e9e par notre agent local Afrik Pr\u00e9fabrik.","og_url":"https:\/\/www.europa-prefabri.com\/fr\/base-de-vie-cote-divore\/","og_site_name":"Europa Prefabri | Alquiler y venta de construcciones modulares","article_publisher":"https:\/\/www.facebook.com\/Europa-Prefabri-258328977572213\/","article_published_time":"2021-02-03T10:58:15+00:00","article_modified_time":"2021-04-15T08:09:14+00:00","og_image":[{"width":512,"height":384,"url":"https:\/\/www.europa-prefabri.com\/wp-content\/uploads\/Nave-Prefabricada-Costa-de-Marfil-10.jpg","type":"image\/jpeg"}],"author":"admin","twitter_card":"summary_large_image","twitter_creator":"@EuropaPrefabri","twitter_site":"@EuropaPrefabri","twitter_misc":{"Written by":"admin","Est. reading time":"1 minute"},"schema":{"@context":"https:\/\/schema.org","@graph":[{"@type":"Article","@id":"https:\/\/www.europa-prefabri.com\/fr\/base-de-vie-cote-divore\/#article","isPartOf":{"@id":"https:\/\/www.europa-prefabri.com\/fr\/base-de-vie-cote-divore\/"},"author":{"name":"admin","@id":"https:\/\/www.europa-prefabri.com\/#\/schema\/person\/2ab6be5821a7026cd8f16d2a9411e86e"},"headline":"BASE DE VIE C\u00d4TE D\u2019IVORE","datePublished":"2021-02-03T10:58:15+00:00","dateModified":"2021-04-15T08:09:14+00:00","mainEntityOfPage":{"@id":"https:\/\/www.europa-prefabri.com\/fr\/base-de-vie-cote-divore\/"},"wordCount":268,"publisher":{"@id":"https:\/\/www.europa-prefabri.com\/#organization"},"image":{"@id":"https:\/\/www.europa-prefabri.com\/fr\/base-de-vie-cote-divore\/#primaryimage"},"thumbnailUrl":"https:\/\/www.europa-prefabri.com\/wp-content\/uploads\/Nave-Prefabricada-Costa-de-Marfil-10.jpg","articleSection":["Noticias","Projets"],"inLanguage":"fr-FR"},{"@type":"WebPage","@id":"https:\/\/www.europa-prefabri.com\/fr\/base-de-vie-cote-divore\/","url":"https:\/\/www.europa-prefabri.com\/fr\/base-de-vie-cote-divore\/","name":"BASE DE VIE C\u00d4TE D\u2019IVORE","isPartOf":{"@id":"https:\/\/www.europa-prefabri.com\/#website"},"primaryImageOfPage":{"@id":"https:\/\/www.europa-prefabri.com\/fr\/base-de-vie-cote-divore\/#primaryimage"},"image":{"@id":"https:\/\/www.europa-prefabri.com\/fr\/base-de-vie-cote-divore\/#primaryimage"},"thumbnailUrl":"https:\/\/www.europa-prefabri.com\/wp-content\/uploads\/Nave-Prefabricada-Costa-de-Marfil-10.jpg","datePublished":"2021-02-03T10:58:15+00:00","dateModified":"2021-04-15T08:09:14+00:00","description":"Cette base de vie pour l\u2019arm\u00e9e fran\u00e7aise a \u00e9t\u00e9 r\u00e9alis\u00e9e par notre agent local Afrik Pr\u00e9fabrik.","breadcrumb":{"@id":"https:\/\/www.europa-prefabri.com\/fr\/base-de-vie-cote-divore\/#breadcrumb"},"inLanguage":"fr-FR","potentialAction":[{"@type":"ReadAction","target":["https:\/\/www.europa-prefabri.com\/fr\/base-de-vie-cote-divore\/"]}]},{"@type":"ImageObject","inLanguage":"fr-FR","@id":"https:\/\/www.europa-prefabri.com\/fr\/base-de-vie-cote-divore\/#primaryimage","url":"https:\/\/www.europa-prefabri.com\/wp-content\/uploads\/Nave-Prefabricada-Costa-de-Marfil-10.jpg","contentUrl":"https:\/\/www.europa-prefabri.com\/wp-content\/uploads\/Nave-Prefabricada-Costa-de-Marfil-10.jpg","width":512,"height":384,"caption":"nave-prefabricada"},{"@type":"BreadcrumbList","@id":"https:\/\/www.europa-prefabri.com\/fr\/base-de-vie-cote-divore\/#breadcrumb","itemListElement":[{"@type":"ListItem","position":1,"name":"Portada","item":"https:\/\/www.europa-prefabri.com\/fr\/"},{"@type":"ListItem","position":2,"name":"BASE DE VIE C\u00d4TE D\u2019IVORE"}]},{"@type":"WebSite","@id":"https:\/\/www.europa-prefabri.com\/#website","url":"https:\/\/www.europa-prefabri.com\/","name":"Europa Prefabri | Alquiler y venta de construcciones modulares","description":"Alquiler y venta de construcciones modulares, casetas de obra, marquesinas de aparcamiento y vallas y cerramientos.","publisher":{"@id":"https:\/\/www.europa-prefabri.com\/#organization"},"potentialAction":[{"@type":"SearchAction","target":{"@type":"EntryPoint","urlTemplate":"https:\/\/www.europa-prefabri.com\/?s={search_term_string}"},"query-input":{"@type":"PropertyValueSpecification","valueRequired":true,"valueName":"search_term_string"}}],"inLanguage":"fr-FR"},{"@type":"Organization","@id":"https:\/\/www.europa-prefabri.com\/#organization","name":"Prefabri S.L.","url":"https:\/\/www.europa-prefabri.com\/","logo":{"@type":"ImageObject","inLanguage":"fr-FR","@id":"https:\/\/www.europa-prefabri.com\/#\/schema\/logo\/image\/","url":"https:\/\/www.europa-prefabri.com\/wp-content\/uploads\/EuropaPrefabri-Logo.jpg","contentUrl":"https:\/\/www.europa-prefabri.com\/wp-content\/uploads\/EuropaPrefabri-Logo.jpg","width":752,"height":348,"caption":"Prefabri S.L."},"image":{"@id":"https:\/\/www.europa-prefabri.com\/#\/schema\/logo\/image\/"},"sameAs":["https:\/\/www.facebook.com\/Europa-Prefabri-258328977572213\/","https:\/\/x.com\/EuropaPrefabri","https:\/\/www.instagram.com\/europaprefabri\/","https:\/\/es.linkedin.com\/company\/europa-prefabri","https:\/\/es.pinterest.com\/europaprefabri\/","https:\/\/www.youtube.com\/user\/PrefabriSL"]},{"@type":"Person","@id":"https:\/\/www.europa-prefabri.com\/#\/schema\/person\/2ab6be5821a7026cd8f16d2a9411e86e","name":"admin","image":{"@type":"ImageObject","inLanguage":"fr-FR","@id":"https:\/\/secure.gravatar.com\/avatar\/dc55d3f4b941a1510eef2620b2c166513788bd88ef72341333b6d0a859bacd3c?s=96&d=mm&r=g","url":"https:\/\/secure.gravatar.com\/avatar\/dc55d3f4b941a1510eef2620b2c166513788bd88ef72341333b6d0a859bacd3c?s=96&d=mm&r=g","contentUrl":"https:\/\/secure.gravatar.com\/avatar\/dc55d3f4b941a1510eef2620b2c166513788bd88ef72341333b6d0a859bacd3c?s=96&d=mm&r=g","caption":"admin"},"sameAs":["https:\/\/www.europa-prefabri.com","https:\/\/x.com\/@EuropaPrefabri"]}]}},"_links":{"self":[{"href":"https:\/\/www.europa-prefabri.com\/fr\/wp-json\/wp\/v2\/posts\/29129","targetHints":{"allow":["GET"]}}],"collection":[{"href":"https:\/\/www.europa-prefabri.com\/fr\/wp-json\/wp\/v2\/posts"}],"about":[{"href":"https:\/\/www.europa-prefabri.com\/fr\/wp-json\/wp\/v2\/types\/post"}],"author":[{"embeddable":true,"href":"https:\/\/www.europa-prefabri.com\/fr\/wp-json\/wp\/v2\/users\/4"}],"replies":[{"embeddable":true,"href":"https:\/\/www.europa-prefabri.com\/fr\/wp-json\/wp\/v2\/comments?post=29129"}],"version-history":[{"count":0,"href":"https:\/\/www.europa-prefabri.com\/fr\/wp-json\/wp\/v2\/posts\/29129\/revisions"}],"wp:featuredmedia":[{"embeddable":true,"href":"https:\/\/www.europa-prefabri.com\/fr\/wp-json\/wp\/v2\/media\/29087"}],"wp:attachment":[{"href":"https:\/\/www.europa-prefabri.com\/fr\/wp-json\/wp\/v2\/media?parent=29129"}],"wp:term":[{"taxonomy":"category","embeddable":true,"href":"https:\/\/www.europa-prefabri.com\/fr\/wp-json\/wp\/v2\/categories?post=29129"},{"taxonomy":"post_tag","embeddable":true,"href":"https:\/\/www.europa-prefabri.com\/fr\/wp-json\/wp\/v2\/tags?post=29129"}],"curies":[{"name":"wp","href":"https:\/\/api.w.org\/{rel}","templated":true}]}}