{"id":25051,"date":"2019-03-26T16:13:35","date_gmt":"2019-03-26T15:13:35","guid":{"rendered":"https:\/\/www.europa-prefabri.com\/?p=25051"},"modified":"2019-03-26T16:13:35","modified_gmt":"2019-03-26T15:13:35","slug":"bureaux-de-chantier-modulaire","status":"publish","type":"post","link":"https:\/\/www.europa-prefabri.com\/fr\/bureaux-de-chantier-modulaire\/","title":{"rendered":"NOUVEAU PROJET EN FRANCE: BUREAU DE TRAVAUX MODULAIRE"},"content":{"rendered":"\n\t\t<style type=\"text\/css\">\n\t\t\t#gallery-1 {\n\t\t\t\tmargin: auto;\n\t\t\t}\n\t\t\t#gallery-1 .gallery-item {\n\t\t\t\tfloat: left;\n\t\t\t\tmargin-top: 10px;\n\t\t\t\ttext-align: center;\n\t\t\t\twidth: 12%;\n\t\t\t}\n\t\t\t#gallery-1 img {\n\t\t\t\tborder: 2px solid #cfcfcf;\n\t\t\t}\n\t\t\t#gallery-1 .gallery-caption {\n\t\t\t\tmargin-left: 0;\n\t\t\t}\n\t\t\t\/* see gallery_shortcode() in wp-includes\/media.php *\/\n\t\t<\/style>\n\t\t<div id='gallery-1' class='gallery galleryid-25051 gallery-columns-8 gallery-size-thumbnail'><dl class='gallery-item'>\n\t\t\t<dt class='gallery-icon landscape'>\n\t\t\t\t<a href='https:\/\/www.europa-prefabri.com\/fr\/bureaux-de-chantier-modulaire\/conjunto-modular-angulema-francia-01-2\/'><img loading=\"lazy\" decoding=\"async\" width=\"80\" height=\"80\" src=\"https:\/\/www.europa-prefabri.com\/wp-content\/uploads\/conjunto-modular-Angulema-Francia-01-80x80.jpg\" class=\"attachment-thumbnail size-thumbnail\" alt=\"bureaux de chantier modulaire\" srcset=\"https:\/\/www.europa-prefabri.com\/wp-content\/uploads\/conjunto-modular-Angulema-Francia-01-80x80.jpg 80w, https:\/\/www.europa-prefabri.com\/wp-content\/uploads\/conjunto-modular-Angulema-Francia-01-36x36.jpg 36w, https:\/\/www.europa-prefabri.com\/wp-content\/uploads\/conjunto-modular-Angulema-Francia-01-180x180.jpg 180w, https:\/\/www.europa-prefabri.com\/wp-content\/uploads\/conjunto-modular-Angulema-Francia-01-120x120.jpg 120w\" sizes=\"auto, (max-width: 80px) 100vw, 80px\" \/><\/a>\n\t\t\t<\/dt><\/dl><dl class='gallery-item'>\n\t\t\t<dt class='gallery-icon landscape'>\n\t\t\t\t<a href='https:\/\/www.europa-prefabri.com\/fr\/bureaux-de-chantier-modulaire\/conjunto-modular-angulema-francia-02-2\/'><img loading=\"lazy\" decoding=\"async\" width=\"80\" height=\"80\" src=\"https:\/\/www.europa-prefabri.com\/wp-content\/uploads\/conjunto-modular-Angulema-Francia-02-80x80.jpg\" class=\"attachment-thumbnail size-thumbnail\" alt=\"bureaux de chantier modulaire\" srcset=\"https:\/\/www.europa-prefabri.com\/wp-content\/uploads\/conjunto-modular-Angulema-Francia-02-80x80.jpg 80w, https:\/\/www.europa-prefabri.com\/wp-content\/uploads\/conjunto-modular-Angulema-Francia-02-36x36.jpg 36w, https:\/\/www.europa-prefabri.com\/wp-content\/uploads\/conjunto-modular-Angulema-Francia-02-180x180.jpg 180w, https:\/\/www.europa-prefabri.com\/wp-content\/uploads\/conjunto-modular-Angulema-Francia-02-120x120.jpg 120w, https:\/\/www.europa-prefabri.com\/wp-content\/uploads\/conjunto-modular-Angulema-Francia-02-450x450.jpg 450w\" sizes=\"auto, (max-width: 80px) 100vw, 80px\" \/><\/a>\n\t\t\t<\/dt><\/dl><dl class='gallery-item'>\n\t\t\t<dt class='gallery-icon landscape'>\n\t\t\t\t<a href='https:\/\/www.europa-prefabri.com\/fr\/bureaux-de-chantier-modulaire\/conjunto-modular-angulema-francia-03-2\/'><img loading=\"lazy\" decoding=\"async\" width=\"80\" height=\"80\" src=\"https:\/\/www.europa-prefabri.com\/wp-content\/uploads\/conjunto-modular-Angulema-Francia-03-80x80.jpg\" class=\"attachment-thumbnail size-thumbnail\" alt=\"bureaux de chantier modulaire\" srcset=\"https:\/\/www.europa-prefabri.com\/wp-content\/uploads\/conjunto-modular-Angulema-Francia-03-80x80.jpg 80w, https:\/\/www.europa-prefabri.com\/wp-content\/uploads\/conjunto-modular-Angulema-Francia-03-36x36.jpg 36w, https:\/\/www.europa-prefabri.com\/wp-content\/uploads\/conjunto-modular-Angulema-Francia-03-180x180.jpg 180w, https:\/\/www.europa-prefabri.com\/wp-content\/uploads\/conjunto-modular-Angulema-Francia-03-120x120.jpg 120w\" sizes=\"auto, (max-width: 80px) 100vw, 80px\" \/><\/a>\n\t\t\t<\/dt><\/dl><dl class='gallery-item'>\n\t\t\t<dt class='gallery-icon portrait'>\n\t\t\t\t<a href='https:\/\/www.europa-prefabri.com\/fr\/bureaux-de-chantier-modulaire\/conjunto-modular-angulema-francia-04-2\/'><img loading=\"lazy\" decoding=\"async\" width=\"80\" height=\"80\" src=\"https:\/\/www.europa-prefabri.com\/wp-content\/uploads\/conjunto-modular-Angulema-Francia-04-80x80.jpg\" class=\"attachment-thumbnail size-thumbnail\" alt=\"bureaux de chantier modulaire\" srcset=\"https:\/\/www.europa-prefabri.com\/wp-content\/uploads\/conjunto-modular-Angulema-Francia-04-80x80.jpg 80w, https:\/\/www.europa-prefabri.com\/wp-content\/uploads\/conjunto-modular-Angulema-Francia-04-36x36.jpg 36w, https:\/\/www.europa-prefabri.com\/wp-content\/uploads\/conjunto-modular-Angulema-Francia-04-180x180.jpg 180w, https:\/\/www.europa-prefabri.com\/wp-content\/uploads\/conjunto-modular-Angulema-Francia-04-120x120.jpg 120w\" sizes=\"auto, (max-width: 80px) 100vw, 80px\" \/><\/a>\n\t\t\t<\/dt><\/dl>\n\t\t\t<br style='clear: both' \/>\n\t\t<\/div>\n\n<h2><span style=\"font-size: 18pt;\"><strong>Le groupe Europa prefabri vient de terminer l\u2019installation un projet de bureaux de chantier modulaire \u00e0\u00a0<\/strong><\/span>Angoul\u00eame.<\/h2>\n<p><span style=\"font-size: 14pt;\"><strong>Il s\u2019agit d\u2019un ensemble de module qui sera utilis\u00e9 pour notre client , \u00a0<a href=\"https:\/\/www.groupevigier.com\/\">VIGIER G\u00c9NIE CIVIL<\/a>, une entreprise fran\u00e7aise d\u2019 ing\u00e9nieur civil qui r\u00e9alisera la r\u00e9novation de la station d\u2019\u00e9puration d\u2019eau de Touvre, comme bureaux de chantier modulaire.<\/strong><\/span><\/p>\n<h2>Bureaux de chantier modulaire \u00e0 Angoul\u00eame<\/h2>\n<p>L\u2019ensemble est compos\u00e9 par 20 modules pr\u00e9fabriqu\u00e9es , de 6,00&#215;2,40m chacun , am\u00e9nag\u00e9 d\u2019un rez-de-chauss\u00e9e et d\u2019un premier \u00e9tage. La superficie total est de 288m<sup>2<\/sup> se divise en espace pour bureaux,\u00a0 sales de r\u00e9unions, cuisine, sale \u00e0 manger et toilettes.<\/p>\n<p>\u00c0 p\u00e9tition de notre client, on a augment\u00e9 l&#8217;isolation standard de nos modules\u00a0 et nous avons plac\u00e9 au niveau des murs lat\u00e9raux des panneaux sandwich de polyur\u00e9thane \u00e9pais de 60mm. De la m\u00eame mani\u00e8re, nous avons plac\u00e9 un panneau sandwich en polyur\u00e9thane de 40 mm entre les sangles de la structure du plancher pour augmenter l&#8217;isolation des modules. Entre le faux plafond et la t\u00f4le trap\u00e9zo\u00efdale de toiture, une couche de fibre de verre avec lame \u00e0 vapeur d\u2019une \u00e9paisseur de 100 mm a \u00e9t\u00e9 plac\u00e9e comme isolant.<\/p>\n<p>\u00c0 cette occasion, l&#8217;installation \u00e9lectrique \u00e0 l&#8217;ext\u00e9rieur des modules a \u00e9t\u00e9 r\u00e9alis\u00e9e \u00e0 l&#8217;aide de prises CETAC \u00e0 la demande du client. Cette installation permet une connexion rapide entre les diff\u00e9rents ensembles constituant les bureaux de chantier modulaire. En outre, ce syst\u00e8me permettra au client d\u2019utiliser chaque ensemble modulaire de mani\u00e8re ind\u00e9pendante une fois ces travaux termin\u00e9s.<\/p>\n<p>Nous avons \u00e9galement install\u00e9 des syst\u00e8mes de climatisation, climatiseurs r\u00e9versibles et convecteurs \u00e9lectriques.<\/p>\n<h3>Transport et montage<\/h3>\n<p>Les modules pr\u00e9fabriqu\u00e9s, \u00e0 l&#8217;exception des modules sanitaires, ont \u00e9t\u00e9 transport\u00e9s dans Flat-Pack afin d&#8217;optimiser les co\u00fbts logistiques du projet. L&#8217;assemblage, y compris l&#8217;installation de climatisation, a \u00e9t\u00e9 achev\u00e9 dans les 4 semaines suivant le d\u00e9part du mat\u00e9riel de l\u2019usine, r\u00e9duisant ainsi le temps requis par le client d&#8217;une semaine.<\/p>\n<p>&nbsp;<\/p>\n","protected":false},"excerpt":{"rendered":"<p>Le groupe Europa prefabri vient de terminer l\u2019installation un projet de bureaux de chantier modulaire \u00e0\u00a0Angoul\u00eame. Il s\u2019agit d\u2019un ensemble de module qui sera utilis\u00e9 pour notre client , \u00a0VIGIER G\u00c9NIE CIVIL, une entreprise fran\u00e7aise d\u2019 ing\u00e9nieur civil qui r\u00e9alisera la r\u00e9novation de la station d\u2019\u00e9puration d\u2019eau de Touvre, comme bureaux de chantier modulaire. Bureaux [&hellip;]<\/p>\n","protected":false},"author":4,"featured_media":25055,"comment_status":"closed","ping_status":"closed","sticky":false,"template":"","format":"gallery","meta":{"footnotes":""},"categories":[413,58],"tags":[],"class_list":["post-25051","post","type-post","status-publish","format-gallery","has-post-thumbnail","hentry","category-noticias-fr","category-projets","post_format-post-format-gallery"],"yoast_head":"<!-- This site is optimized with the Yoast SEO plugin v27.5 - https:\/\/yoast.com\/product\/yoast-seo-wordpress\/ -->\n<title>Nouveau projet en France: Bureaux de chantier modulaire<\/title>\n<meta name=\"description\" content=\"Le groupe Europa Prefabri vient de terminer l\u2019installation un projet de bureaux de chantier modulaire dans le sud de la France.\" \/>\n<meta name=\"robots\" content=\"index, follow, max-snippet:-1, max-image-preview:large, max-video-preview:-1\" \/>\n<link rel=\"canonical\" href=\"https:\/\/www.europa-prefabri.com\/fr\/bureaux-de-chantier-modulaire\/\" \/>\n<meta property=\"og:locale\" content=\"fr_FR\" \/>\n<meta property=\"og:type\" content=\"article\" \/>\n<meta property=\"og:title\" content=\"Nouveau projet en France: Bureaux de chantier modulaire\" \/>\n<meta property=\"og:description\" content=\"Le groupe Europa Prefabri vient de terminer l\u2019installation un projet de bureaux de chantier modulaire dans le sud de la France.\" \/>\n<meta property=\"og:url\" content=\"https:\/\/www.europa-prefabri.com\/fr\/bureaux-de-chantier-modulaire\/\" \/>\n<meta property=\"og:site_name\" content=\"Europa Prefabri | Alquiler y venta de construcciones modulares\" \/>\n<meta property=\"article:publisher\" content=\"https:\/\/www.facebook.com\/Europa-Prefabri-258328977572213\/\" \/>\n<meta property=\"article:published_time\" content=\"2019-03-26T15:13:35+00:00\" \/>\n<meta property=\"og:image\" content=\"https:\/\/www.europa-prefabri.com\/wp-content\/uploads\/conjunto-modular-Angulema-Francia-01.jpg\" \/>\n\t<meta property=\"og:image:width\" content=\"640\" \/>\n\t<meta property=\"og:image:height\" content=\"423\" \/>\n\t<meta property=\"og:image:type\" content=\"image\/jpeg\" \/>\n<meta name=\"author\" content=\"admin\" \/>\n<meta name=\"twitter:card\" content=\"summary_large_image\" \/>\n<meta name=\"twitter:creator\" content=\"@EuropaPrefabri\" \/>\n<meta name=\"twitter:site\" content=\"@EuropaPrefabri\" \/>\n<meta name=\"twitter:label1\" content=\"Written by\" \/>\n\t<meta name=\"twitter:data1\" content=\"admin\" \/>\n\t<meta name=\"twitter:label2\" content=\"Est. reading time\" \/>\n\t<meta name=\"twitter:data2\" content=\"2 minutes\" \/>\n<script type=\"application\/ld+json\" class=\"yoast-schema-graph\">{\"@context\":\"https:\\\/\\\/schema.org\",\"@graph\":[{\"@type\":\"Article\",\"@id\":\"https:\\\/\\\/www.europa-prefabri.com\\\/fr\\\/bureaux-de-chantier-modulaire\\\/#article\",\"isPartOf\":{\"@id\":\"https:\\\/\\\/www.europa-prefabri.com\\\/fr\\\/bureaux-de-chantier-modulaire\\\/\"},\"author\":{\"name\":\"admin\",\"@id\":\"https:\\\/\\\/www.europa-prefabri.com\\\/#\\\/schema\\\/person\\\/2ab6be5821a7026cd8f16d2a9411e86e\"},\"headline\":\"NOUVEAU PROJET EN FRANCE: BUREAU DE TRAVAUX MODULAIRE\",\"datePublished\":\"2019-03-26T15:13:35+00:00\",\"mainEntityOfPage\":{\"@id\":\"https:\\\/\\\/www.europa-prefabri.com\\\/fr\\\/bureaux-de-chantier-modulaire\\\/\"},\"wordCount\":358,\"publisher\":{\"@id\":\"https:\\\/\\\/www.europa-prefabri.com\\\/#organization\"},\"image\":{\"@id\":\"https:\\\/\\\/www.europa-prefabri.com\\\/fr\\\/bureaux-de-chantier-modulaire\\\/#primaryimage\"},\"thumbnailUrl\":\"https:\\\/\\\/www.europa-prefabri.com\\\/wp-content\\\/uploads\\\/conjunto-modular-Angulema-Francia-01.jpg\",\"articleSection\":[\"Noticias\",\"Projets\"],\"inLanguage\":\"fr-FR\"},{\"@type\":\"WebPage\",\"@id\":\"https:\\\/\\\/www.europa-prefabri.com\\\/fr\\\/bureaux-de-chantier-modulaire\\\/\",\"url\":\"https:\\\/\\\/www.europa-prefabri.com\\\/fr\\\/bureaux-de-chantier-modulaire\\\/\",\"name\":\"Nouveau projet en France: Bureaux de chantier modulaire\",\"isPartOf\":{\"@id\":\"https:\\\/\\\/www.europa-prefabri.com\\\/#website\"},\"primaryImageOfPage\":{\"@id\":\"https:\\\/\\\/www.europa-prefabri.com\\\/fr\\\/bureaux-de-chantier-modulaire\\\/#primaryimage\"},\"image\":{\"@id\":\"https:\\\/\\\/www.europa-prefabri.com\\\/fr\\\/bureaux-de-chantier-modulaire\\\/#primaryimage\"},\"thumbnailUrl\":\"https:\\\/\\\/www.europa-prefabri.com\\\/wp-content\\\/uploads\\\/conjunto-modular-Angulema-Francia-01.jpg\",\"datePublished\":\"2019-03-26T15:13:35+00:00\",\"description\":\"Le groupe Europa Prefabri vient de terminer l\u2019installation un projet de bureaux de chantier modulaire dans le sud de la France.\",\"breadcrumb\":{\"@id\":\"https:\\\/\\\/www.europa-prefabri.com\\\/fr\\\/bureaux-de-chantier-modulaire\\\/#breadcrumb\"},\"inLanguage\":\"fr-FR\",\"potentialAction\":[{\"@type\":\"ReadAction\",\"target\":[\"https:\\\/\\\/www.europa-prefabri.com\\\/fr\\\/bureaux-de-chantier-modulaire\\\/\"]}]},{\"@type\":\"ImageObject\",\"inLanguage\":\"fr-FR\",\"@id\":\"https:\\\/\\\/www.europa-prefabri.com\\\/fr\\\/bureaux-de-chantier-modulaire\\\/#primaryimage\",\"url\":\"https:\\\/\\\/www.europa-prefabri.com\\\/wp-content\\\/uploads\\\/conjunto-modular-Angulema-Francia-01.jpg\",\"contentUrl\":\"https:\\\/\\\/www.europa-prefabri.com\\\/wp-content\\\/uploads\\\/conjunto-modular-Angulema-Francia-01.jpg\",\"width\":640,\"height\":423,\"caption\":\"bureaux de chantier modulaire\"},{\"@type\":\"BreadcrumbList\",\"@id\":\"https:\\\/\\\/www.europa-prefabri.com\\\/fr\\\/bureaux-de-chantier-modulaire\\\/#breadcrumb\",\"itemListElement\":[{\"@type\":\"ListItem\",\"position\":1,\"name\":\"Portada\",\"item\":\"https:\\\/\\\/www.europa-prefabri.com\\\/fr\\\/\"},{\"@type\":\"ListItem\",\"position\":2,\"name\":\"NOUVEAU PROJET EN FRANCE: BUREAU DE TRAVAUX MODULAIRE\"}]},{\"@type\":\"WebSite\",\"@id\":\"https:\\\/\\\/www.europa-prefabri.com\\\/#website\",\"url\":\"https:\\\/\\\/www.europa-prefabri.com\\\/\",\"name\":\"Europa Prefabri | Alquiler y venta de construcciones modulares\",\"description\":\"Alquiler y venta de construcciones modulares, casetas de obra, marquesinas de aparcamiento y vallas y cerramientos.\",\"publisher\":{\"@id\":\"https:\\\/\\\/www.europa-prefabri.com\\\/#organization\"},\"potentialAction\":[{\"@type\":\"SearchAction\",\"target\":{\"@type\":\"EntryPoint\",\"urlTemplate\":\"https:\\\/\\\/www.europa-prefabri.com\\\/?s={search_term_string}\"},\"query-input\":{\"@type\":\"PropertyValueSpecification\",\"valueRequired\":true,\"valueName\":\"search_term_string\"}}],\"inLanguage\":\"fr-FR\"},{\"@type\":\"Organization\",\"@id\":\"https:\\\/\\\/www.europa-prefabri.com\\\/#organization\",\"name\":\"Prefabri S.L.\",\"url\":\"https:\\\/\\\/www.europa-prefabri.com\\\/\",\"logo\":{\"@type\":\"ImageObject\",\"inLanguage\":\"fr-FR\",\"@id\":\"https:\\\/\\\/www.europa-prefabri.com\\\/#\\\/schema\\\/logo\\\/image\\\/\",\"url\":\"https:\\\/\\\/www.europa-prefabri.com\\\/wp-content\\\/uploads\\\/EuropaPrefabri-Logo.jpg\",\"contentUrl\":\"https:\\\/\\\/www.europa-prefabri.com\\\/wp-content\\\/uploads\\\/EuropaPrefabri-Logo.jpg\",\"width\":752,\"height\":348,\"caption\":\"Prefabri S.L.\"},\"image\":{\"@id\":\"https:\\\/\\\/www.europa-prefabri.com\\\/#\\\/schema\\\/logo\\\/image\\\/\"},\"sameAs\":[\"https:\\\/\\\/www.facebook.com\\\/Europa-Prefabri-258328977572213\\\/\",\"https:\\\/\\\/x.com\\\/EuropaPrefabri\",\"https:\\\/\\\/www.instagram.com\\\/europaprefabri\\\/\",\"https:\\\/\\\/es.linkedin.com\\\/company\\\/europa-prefabri\",\"https:\\\/\\\/es.pinterest.com\\\/europaprefabri\\\/\",\"https:\\\/\\\/www.youtube.com\\\/user\\\/PrefabriSL\"]},{\"@type\":\"Person\",\"@id\":\"https:\\\/\\\/www.europa-prefabri.com\\\/#\\\/schema\\\/person\\\/2ab6be5821a7026cd8f16d2a9411e86e\",\"name\":\"admin\",\"image\":{\"@type\":\"ImageObject\",\"inLanguage\":\"fr-FR\",\"@id\":\"https:\\\/\\\/secure.gravatar.com\\\/avatar\\\/dc55d3f4b941a1510eef2620b2c166513788bd88ef72341333b6d0a859bacd3c?s=96&d=mm&r=g\",\"url\":\"https:\\\/\\\/secure.gravatar.com\\\/avatar\\\/dc55d3f4b941a1510eef2620b2c166513788bd88ef72341333b6d0a859bacd3c?s=96&d=mm&r=g\",\"contentUrl\":\"https:\\\/\\\/secure.gravatar.com\\\/avatar\\\/dc55d3f4b941a1510eef2620b2c166513788bd88ef72341333b6d0a859bacd3c?s=96&d=mm&r=g\",\"caption\":\"admin\"},\"sameAs\":[\"https:\\\/\\\/www.europa-prefabri.com\",\"https:\\\/\\\/x.com\\\/@EuropaPrefabri\"]}]}<\/script>\n<!-- \/ Yoast SEO plugin. -->","yoast_head_json":{"title":"Nouveau projet en France: Bureaux de chantier modulaire","description":"Le groupe Europa Prefabri vient de terminer l\u2019installation un projet de bureaux de chantier modulaire dans le sud de la France.","robots":{"index":"index","follow":"follow","max-snippet":"max-snippet:-1","max-image-preview":"max-image-preview:large","max-video-preview":"max-video-preview:-1"},"canonical":"https:\/\/www.europa-prefabri.com\/fr\/bureaux-de-chantier-modulaire\/","og_locale":"fr_FR","og_type":"article","og_title":"Nouveau projet en France: Bureaux de chantier modulaire","og_description":"Le groupe Europa Prefabri vient de terminer l\u2019installation un projet de bureaux de chantier modulaire dans le sud de la France.","og_url":"https:\/\/www.europa-prefabri.com\/fr\/bureaux-de-chantier-modulaire\/","og_site_name":"Europa Prefabri | Alquiler y venta de construcciones modulares","article_publisher":"https:\/\/www.facebook.com\/Europa-Prefabri-258328977572213\/","article_published_time":"2019-03-26T15:13:35+00:00","og_image":[{"width":640,"height":423,"url":"https:\/\/www.europa-prefabri.com\/wp-content\/uploads\/conjunto-modular-Angulema-Francia-01.jpg","type":"image\/jpeg"}],"author":"admin","twitter_card":"summary_large_image","twitter_creator":"@EuropaPrefabri","twitter_site":"@EuropaPrefabri","twitter_misc":{"Written by":"admin","Est. reading time":"2 minutes"},"schema":{"@context":"https:\/\/schema.org","@graph":[{"@type":"Article","@id":"https:\/\/www.europa-prefabri.com\/fr\/bureaux-de-chantier-modulaire\/#article","isPartOf":{"@id":"https:\/\/www.europa-prefabri.com\/fr\/bureaux-de-chantier-modulaire\/"},"author":{"name":"admin","@id":"https:\/\/www.europa-prefabri.com\/#\/schema\/person\/2ab6be5821a7026cd8f16d2a9411e86e"},"headline":"NOUVEAU PROJET EN FRANCE: BUREAU DE TRAVAUX MODULAIRE","datePublished":"2019-03-26T15:13:35+00:00","mainEntityOfPage":{"@id":"https:\/\/www.europa-prefabri.com\/fr\/bureaux-de-chantier-modulaire\/"},"wordCount":358,"publisher":{"@id":"https:\/\/www.europa-prefabri.com\/#organization"},"image":{"@id":"https:\/\/www.europa-prefabri.com\/fr\/bureaux-de-chantier-modulaire\/#primaryimage"},"thumbnailUrl":"https:\/\/www.europa-prefabri.com\/wp-content\/uploads\/conjunto-modular-Angulema-Francia-01.jpg","articleSection":["Noticias","Projets"],"inLanguage":"fr-FR"},{"@type":"WebPage","@id":"https:\/\/www.europa-prefabri.com\/fr\/bureaux-de-chantier-modulaire\/","url":"https:\/\/www.europa-prefabri.com\/fr\/bureaux-de-chantier-modulaire\/","name":"Nouveau projet en France: Bureaux de chantier modulaire","isPartOf":{"@id":"https:\/\/www.europa-prefabri.com\/#website"},"primaryImageOfPage":{"@id":"https:\/\/www.europa-prefabri.com\/fr\/bureaux-de-chantier-modulaire\/#primaryimage"},"image":{"@id":"https:\/\/www.europa-prefabri.com\/fr\/bureaux-de-chantier-modulaire\/#primaryimage"},"thumbnailUrl":"https:\/\/www.europa-prefabri.com\/wp-content\/uploads\/conjunto-modular-Angulema-Francia-01.jpg","datePublished":"2019-03-26T15:13:35+00:00","description":"Le groupe Europa Prefabri vient de terminer l\u2019installation un projet de bureaux de chantier modulaire dans le sud de la France.","breadcrumb":{"@id":"https:\/\/www.europa-prefabri.com\/fr\/bureaux-de-chantier-modulaire\/#breadcrumb"},"inLanguage":"fr-FR","potentialAction":[{"@type":"ReadAction","target":["https:\/\/www.europa-prefabri.com\/fr\/bureaux-de-chantier-modulaire\/"]}]},{"@type":"ImageObject","inLanguage":"fr-FR","@id":"https:\/\/www.europa-prefabri.com\/fr\/bureaux-de-chantier-modulaire\/#primaryimage","url":"https:\/\/www.europa-prefabri.com\/wp-content\/uploads\/conjunto-modular-Angulema-Francia-01.jpg","contentUrl":"https:\/\/www.europa-prefabri.com\/wp-content\/uploads\/conjunto-modular-Angulema-Francia-01.jpg","width":640,"height":423,"caption":"bureaux de chantier modulaire"},{"@type":"BreadcrumbList","@id":"https:\/\/www.europa-prefabri.com\/fr\/bureaux-de-chantier-modulaire\/#breadcrumb","itemListElement":[{"@type":"ListItem","position":1,"name":"Portada","item":"https:\/\/www.europa-prefabri.com\/fr\/"},{"@type":"ListItem","position":2,"name":"NOUVEAU PROJET EN FRANCE: BUREAU DE TRAVAUX MODULAIRE"}]},{"@type":"WebSite","@id":"https:\/\/www.europa-prefabri.com\/#website","url":"https:\/\/www.europa-prefabri.com\/","name":"Europa Prefabri | Alquiler y venta de construcciones modulares","description":"Alquiler y venta de construcciones modulares, casetas de obra, marquesinas de aparcamiento y vallas y cerramientos.","publisher":{"@id":"https:\/\/www.europa-prefabri.com\/#organization"},"potentialAction":[{"@type":"SearchAction","target":{"@type":"EntryPoint","urlTemplate":"https:\/\/www.europa-prefabri.com\/?s={search_term_string}"},"query-input":{"@type":"PropertyValueSpecification","valueRequired":true,"valueName":"search_term_string"}}],"inLanguage":"fr-FR"},{"@type":"Organization","@id":"https:\/\/www.europa-prefabri.com\/#organization","name":"Prefabri S.L.","url":"https:\/\/www.europa-prefabri.com\/","logo":{"@type":"ImageObject","inLanguage":"fr-FR","@id":"https:\/\/www.europa-prefabri.com\/#\/schema\/logo\/image\/","url":"https:\/\/www.europa-prefabri.com\/wp-content\/uploads\/EuropaPrefabri-Logo.jpg","contentUrl":"https:\/\/www.europa-prefabri.com\/wp-content\/uploads\/EuropaPrefabri-Logo.jpg","width":752,"height":348,"caption":"Prefabri S.L."},"image":{"@id":"https:\/\/www.europa-prefabri.com\/#\/schema\/logo\/image\/"},"sameAs":["https:\/\/www.facebook.com\/Europa-Prefabri-258328977572213\/","https:\/\/x.com\/EuropaPrefabri","https:\/\/www.instagram.com\/europaprefabri\/","https:\/\/es.linkedin.com\/company\/europa-prefabri","https:\/\/es.pinterest.com\/europaprefabri\/","https:\/\/www.youtube.com\/user\/PrefabriSL"]},{"@type":"Person","@id":"https:\/\/www.europa-prefabri.com\/#\/schema\/person\/2ab6be5821a7026cd8f16d2a9411e86e","name":"admin","image":{"@type":"ImageObject","inLanguage":"fr-FR","@id":"https:\/\/secure.gravatar.com\/avatar\/dc55d3f4b941a1510eef2620b2c166513788bd88ef72341333b6d0a859bacd3c?s=96&d=mm&r=g","url":"https:\/\/secure.gravatar.com\/avatar\/dc55d3f4b941a1510eef2620b2c166513788bd88ef72341333b6d0a859bacd3c?s=96&d=mm&r=g","contentUrl":"https:\/\/secure.gravatar.com\/avatar\/dc55d3f4b941a1510eef2620b2c166513788bd88ef72341333b6d0a859bacd3c?s=96&d=mm&r=g","caption":"admin"},"sameAs":["https:\/\/www.europa-prefabri.com","https:\/\/x.com\/@EuropaPrefabri"]}]}},"_links":{"self":[{"href":"https:\/\/www.europa-prefabri.com\/fr\/wp-json\/wp\/v2\/posts\/25051","targetHints":{"allow":["GET"]}}],"collection":[{"href":"https:\/\/www.europa-prefabri.com\/fr\/wp-json\/wp\/v2\/posts"}],"about":[{"href":"https:\/\/www.europa-prefabri.com\/fr\/wp-json\/wp\/v2\/types\/post"}],"author":[{"embeddable":true,"href":"https:\/\/www.europa-prefabri.com\/fr\/wp-json\/wp\/v2\/users\/4"}],"replies":[{"embeddable":true,"href":"https:\/\/www.europa-prefabri.com\/fr\/wp-json\/wp\/v2\/comments?post=25051"}],"version-history":[{"count":0,"href":"https:\/\/www.europa-prefabri.com\/fr\/wp-json\/wp\/v2\/posts\/25051\/revisions"}],"wp:featuredmedia":[{"embeddable":true,"href":"https:\/\/www.europa-prefabri.com\/fr\/wp-json\/wp\/v2\/media\/25055"}],"wp:attachment":[{"href":"https:\/\/www.europa-prefabri.com\/fr\/wp-json\/wp\/v2\/media?parent=25051"}],"wp:term":[{"taxonomy":"category","embeddable":true,"href":"https:\/\/www.europa-prefabri.com\/fr\/wp-json\/wp\/v2\/categories?post=25051"},{"taxonomy":"post_tag","embeddable":true,"href":"https:\/\/www.europa-prefabri.com\/fr\/wp-json\/wp\/v2\/tags?post=25051"}],"curies":[{"name":"wp","href":"https:\/\/api.w.org\/{rel}","templated":true}]}}