{"id":23688,"date":"2018-08-21T11:57:02","date_gmt":"2018-08-21T09:57:02","guid":{"rendered":"http:\/\/www.europa-prefabri.com\/nueva-marquesina-para-endesa\/"},"modified":"2025-01-31T16:17:32","modified_gmt":"2025-01-31T15:17:32","slug":"abris-voiture-pour-endesa","status":"publish","type":"post","link":"https:\/\/www.europa-prefabri.com\/fr\/abris-voiture-pour-endesa\/","title":{"rendered":"NOUVEAU PROJET D\u2019ABRIS PARKING POUR ENDESA"},"content":{"rendered":"\n\t\t<style type=\"text\/css\">\n\t\t\t#gallery-1 {\n\t\t\t\tmargin: auto;\n\t\t\t}\n\t\t\t#gallery-1 .gallery-item {\n\t\t\t\tfloat: left;\n\t\t\t\tmargin-top: 10px;\n\t\t\t\ttext-align: center;\n\t\t\t\twidth: 20%;\n\t\t\t}\n\t\t\t#gallery-1 img {\n\t\t\t\tborder: 2px solid #cfcfcf;\n\t\t\t}\n\t\t\t#gallery-1 .gallery-caption {\n\t\t\t\tmargin-left: 0;\n\t\t\t}\n\t\t\t\/* see gallery_shortcode() in wp-includes\/media.php *\/\n\t\t<\/style>\n\t\t<div id='gallery-1' class='gallery galleryid-23688 gallery-columns-5 gallery-size-thumbnail'><dl class='gallery-item'>\n\t\t\t<dt class='gallery-icon landscape'>\n\t\t\t\t<a href='https:\/\/www.europa-prefabri.com\/fr\/abris-voiture-pour-endesa\/marquesina-matalica-parking-endesa-2\/'><img loading=\"lazy\" decoding=\"async\" width=\"80\" height=\"80\" src=\"https:\/\/www.europa-prefabri.com\/wp-content\/uploads\/marquesina-matalica-parking-endesa-80x80.jpg\" class=\"attachment-thumbnail size-thumbnail\" alt=\"abris voiture\" srcset=\"https:\/\/www.europa-prefabri.com\/wp-content\/uploads\/marquesina-matalica-parking-endesa-80x80.jpg 80w, https:\/\/www.europa-prefabri.com\/wp-content\/uploads\/marquesina-matalica-parking-endesa-36x36.jpg 36w, https:\/\/www.europa-prefabri.com\/wp-content\/uploads\/marquesina-matalica-parking-endesa-180x180.jpg 180w, https:\/\/www.europa-prefabri.com\/wp-content\/uploads\/marquesina-matalica-parking-endesa-120x120.jpg 120w, https:\/\/www.europa-prefabri.com\/wp-content\/uploads\/marquesina-matalica-parking-endesa-450x450.jpg 450w\" sizes=\"auto, (max-width: 80px) 100vw, 80px\" \/><\/a>\n\t\t\t<\/dt><\/dl><dl class='gallery-item'>\n\t\t\t<dt class='gallery-icon landscape'>\n\t\t\t\t<a href='https:\/\/www.europa-prefabri.com\/fr\/abris-voiture-pour-endesa\/marquesina-metalica\/'><img loading=\"lazy\" decoding=\"async\" width=\"80\" height=\"80\" src=\"https:\/\/www.europa-prefabri.com\/wp-content\/uploads\/marquesina-metalica-80x80.jpg\" class=\"attachment-thumbnail size-thumbnail\" alt=\"\" srcset=\"https:\/\/www.europa-prefabri.com\/wp-content\/uploads\/marquesina-metalica-80x80.jpg 80w, https:\/\/www.europa-prefabri.com\/wp-content\/uploads\/marquesina-metalica-36x36.jpg 36w, https:\/\/www.europa-prefabri.com\/wp-content\/uploads\/marquesina-metalica-180x180.jpg 180w, https:\/\/www.europa-prefabri.com\/wp-content\/uploads\/marquesina-metalica-120x120.jpg 120w, https:\/\/www.europa-prefabri.com\/wp-content\/uploads\/marquesina-metalica-450x450.jpg 450w\" sizes=\"auto, (max-width: 80px) 100vw, 80px\" \/><\/a>\n\t\t\t<\/dt><\/dl><dl class='gallery-item'>\n\t\t\t<dt class='gallery-icon landscape'>\n\t\t\t\t<a href='https:\/\/www.europa-prefabri.com\/fr\/abris-voiture-pour-endesa\/cubierta-aparcamiento-endesa-barcelona\/'><img loading=\"lazy\" decoding=\"async\" width=\"80\" height=\"80\" src=\"https:\/\/www.europa-prefabri.com\/wp-content\/uploads\/cubierta-aparcamiento-endesa-barcelona-80x80.jpg\" class=\"attachment-thumbnail size-thumbnail\" alt=\"\" srcset=\"https:\/\/www.europa-prefabri.com\/wp-content\/uploads\/cubierta-aparcamiento-endesa-barcelona-80x80.jpg 80w, https:\/\/www.europa-prefabri.com\/wp-content\/uploads\/cubierta-aparcamiento-endesa-barcelona-36x36.jpg 36w, https:\/\/www.europa-prefabri.com\/wp-content\/uploads\/cubierta-aparcamiento-endesa-barcelona-180x180.jpg 180w, https:\/\/www.europa-prefabri.com\/wp-content\/uploads\/cubierta-aparcamiento-endesa-barcelona-120x120.jpg 120w, https:\/\/www.europa-prefabri.com\/wp-content\/uploads\/cubierta-aparcamiento-endesa-barcelona-450x450.jpg 450w\" sizes=\"auto, (max-width: 80px) 100vw, 80px\" \/><\/a>\n\t\t\t<\/dt><\/dl><dl class='gallery-item'>\n\t\t\t<dt class='gallery-icon landscape'>\n\t\t\t\t<a href='https:\/\/www.europa-prefabri.com\/fr\/abris-voiture-pour-endesa\/marquesina-metalica-endesa\/'><img loading=\"lazy\" decoding=\"async\" width=\"80\" height=\"80\" src=\"https:\/\/www.europa-prefabri.com\/wp-content\/uploads\/marquesina-metalica-endesa-80x80.jpg\" class=\"attachment-thumbnail size-thumbnail\" alt=\"\" srcset=\"https:\/\/www.europa-prefabri.com\/wp-content\/uploads\/marquesina-metalica-endesa-80x80.jpg 80w, https:\/\/www.europa-prefabri.com\/wp-content\/uploads\/marquesina-metalica-endesa-36x36.jpg 36w, https:\/\/www.europa-prefabri.com\/wp-content\/uploads\/marquesina-metalica-endesa-180x180.jpg 180w, https:\/\/www.europa-prefabri.com\/wp-content\/uploads\/marquesina-metalica-endesa-120x120.jpg 120w, https:\/\/www.europa-prefabri.com\/wp-content\/uploads\/marquesina-metalica-endesa-450x450.jpg 450w\" sizes=\"auto, (max-width: 80px) 100vw, 80px\" \/><\/a>\n\t\t\t<\/dt><\/dl><dl class='gallery-item'>\n\t\t\t<dt class='gallery-icon landscape'>\n\t\t\t\t<a href='https:\/\/www.europa-prefabri.com\/fr\/abris-voiture-pour-endesa\/marquesina-parking-4\/'><img loading=\"lazy\" decoding=\"async\" width=\"80\" height=\"80\" src=\"https:\/\/www.europa-prefabri.com\/wp-content\/uploads\/marquesina-parking-3-80x80.jpg\" class=\"attachment-thumbnail size-thumbnail\" alt=\"\" srcset=\"https:\/\/www.europa-prefabri.com\/wp-content\/uploads\/marquesina-parking-3-80x80.jpg 80w, https:\/\/www.europa-prefabri.com\/wp-content\/uploads\/marquesina-parking-3-36x36.jpg 36w, https:\/\/www.europa-prefabri.com\/wp-content\/uploads\/marquesina-parking-3-180x180.jpg 180w, https:\/\/www.europa-prefabri.com\/wp-content\/uploads\/marquesina-parking-3-120x120.jpg 120w, https:\/\/www.europa-prefabri.com\/wp-content\/uploads\/marquesina-parking-3-450x450.jpg 450w\" sizes=\"auto, (max-width: 80px) 100vw, 80px\" \/><\/a>\n\t\t\t<\/dt><\/dl><br style=\"clear: both\" \/><dl class='gallery-item'>\n\t\t\t<dt class='gallery-icon landscape'>\n\t\t\t\t<a href='https:\/\/www.europa-prefabri.com\/fr\/abris-voiture-pour-endesa\/marquesina-para-coches-endesa\/'><img loading=\"lazy\" decoding=\"async\" width=\"80\" height=\"80\" src=\"https:\/\/www.europa-prefabri.com\/wp-content\/uploads\/marquesina-para-coches-endesa-80x80.jpg\" class=\"attachment-thumbnail size-thumbnail\" alt=\"\" srcset=\"https:\/\/www.europa-prefabri.com\/wp-content\/uploads\/marquesina-para-coches-endesa-80x80.jpg 80w, https:\/\/www.europa-prefabri.com\/wp-content\/uploads\/marquesina-para-coches-endesa-36x36.jpg 36w, https:\/\/www.europa-prefabri.com\/wp-content\/uploads\/marquesina-para-coches-endesa-180x180.jpg 180w, https:\/\/www.europa-prefabri.com\/wp-content\/uploads\/marquesina-para-coches-endesa-120x120.jpg 120w, https:\/\/www.europa-prefabri.com\/wp-content\/uploads\/marquesina-para-coches-endesa-450x450.jpg 450w\" sizes=\"auto, (max-width: 80px) 100vw, 80px\" \/><\/a>\n\t\t\t<\/dt><\/dl><dl class='gallery-item'>\n\t\t\t<dt class='gallery-icon landscape'>\n\t\t\t\t<a href='https:\/\/www.europa-prefabri.com\/fr\/abris-voiture-pour-endesa\/marquesinas-parking-endesa\/'><img loading=\"lazy\" decoding=\"async\" width=\"80\" height=\"80\" src=\"https:\/\/www.europa-prefabri.com\/wp-content\/uploads\/marquesinas-parking-endesa-80x80.jpg\" class=\"attachment-thumbnail size-thumbnail\" alt=\"\" srcset=\"https:\/\/www.europa-prefabri.com\/wp-content\/uploads\/marquesinas-parking-endesa-80x80.jpg 80w, https:\/\/www.europa-prefabri.com\/wp-content\/uploads\/marquesinas-parking-endesa-36x36.jpg 36w, https:\/\/www.europa-prefabri.com\/wp-content\/uploads\/marquesinas-parking-endesa-180x180.jpg 180w, https:\/\/www.europa-prefabri.com\/wp-content\/uploads\/marquesinas-parking-endesa-120x120.jpg 120w, https:\/\/www.europa-prefabri.com\/wp-content\/uploads\/marquesinas-parking-endesa-450x450.jpg 450w\" sizes=\"auto, (max-width: 80px) 100vw, 80px\" \/><\/a>\n\t\t\t<\/dt><\/dl><dl class='gallery-item'>\n\t\t\t<dt class='gallery-icon landscape'>\n\t\t\t\t<a href='https:\/\/www.europa-prefabri.com\/fr\/abris-voiture-pour-endesa\/marquesina-parking-endesa\/'><img loading=\"lazy\" decoding=\"async\" width=\"80\" height=\"80\" src=\"https:\/\/www.europa-prefabri.com\/wp-content\/uploads\/marquesina-parking-endesa-80x80.jpg\" class=\"attachment-thumbnail size-thumbnail\" alt=\"\" srcset=\"https:\/\/www.europa-prefabri.com\/wp-content\/uploads\/marquesina-parking-endesa-80x80.jpg 80w, https:\/\/www.europa-prefabri.com\/wp-content\/uploads\/marquesina-parking-endesa-36x36.jpg 36w, https:\/\/www.europa-prefabri.com\/wp-content\/uploads\/marquesina-parking-endesa-180x180.jpg 180w, https:\/\/www.europa-prefabri.com\/wp-content\/uploads\/marquesina-parking-endesa-120x120.jpg 120w, https:\/\/www.europa-prefabri.com\/wp-content\/uploads\/marquesina-parking-endesa-450x450.jpg 450w\" sizes=\"auto, (max-width: 80px) 100vw, 80px\" \/><\/a>\n\t\t\t<\/dt><\/dl><dl class='gallery-item'>\n\t\t\t<dt class='gallery-icon landscape'>\n\t\t\t\t<a href='https:\/\/www.europa-prefabri.com\/fr\/abris-voiture-pour-endesa\/marquesinas-parking-7\/'><img loading=\"lazy\" decoding=\"async\" width=\"80\" height=\"80\" src=\"https:\/\/www.europa-prefabri.com\/wp-content\/uploads\/marquesinas-parking-5-80x80.jpg\" class=\"attachment-thumbnail size-thumbnail\" alt=\"\" srcset=\"https:\/\/www.europa-prefabri.com\/wp-content\/uploads\/marquesinas-parking-5-80x80.jpg 80w, https:\/\/www.europa-prefabri.com\/wp-content\/uploads\/marquesinas-parking-5-36x36.jpg 36w, https:\/\/www.europa-prefabri.com\/wp-content\/uploads\/marquesinas-parking-5-180x180.jpg 180w, https:\/\/www.europa-prefabri.com\/wp-content\/uploads\/marquesinas-parking-5-120x120.jpg 120w, https:\/\/www.europa-prefabri.com\/wp-content\/uploads\/marquesinas-parking-5-450x450.jpg 450w\" sizes=\"auto, (max-width: 80px) 100vw, 80px\" \/><\/a>\n\t\t\t<\/dt><\/dl><dl class='gallery-item'>\n\t\t\t<dt class='gallery-icon landscape'>\n\t\t\t\t<a href='https:\/\/www.europa-prefabri.com\/fr\/abris-voiture-pour-endesa\/cubierta-aparcamiento-endesa\/'><img loading=\"lazy\" decoding=\"async\" width=\"80\" height=\"80\" src=\"https:\/\/www.europa-prefabri.com\/wp-content\/uploads\/cubierta-aparcamiento-endesa-80x80.jpg\" class=\"attachment-thumbnail size-thumbnail\" alt=\"\" srcset=\"https:\/\/www.europa-prefabri.com\/wp-content\/uploads\/cubierta-aparcamiento-endesa-80x80.jpg 80w, https:\/\/www.europa-prefabri.com\/wp-content\/uploads\/cubierta-aparcamiento-endesa-36x36.jpg 36w, https:\/\/www.europa-prefabri.com\/wp-content\/uploads\/cubierta-aparcamiento-endesa-180x180.jpg 180w, https:\/\/www.europa-prefabri.com\/wp-content\/uploads\/cubierta-aparcamiento-endesa-120x120.jpg 120w, https:\/\/www.europa-prefabri.com\/wp-content\/uploads\/cubierta-aparcamiento-endesa-450x450.jpg 450w\" sizes=\"auto, (max-width: 80px) 100vw, 80px\" \/><\/a>\n\t\t\t<\/dt><\/dl><br style=\"clear: both\" \/><dl class='gallery-item'>\n\t\t\t<dt class='gallery-icon landscape'>\n\t\t\t\t<a href='https:\/\/www.europa-prefabri.com\/fr\/abris-voiture-pour-endesa\/maquesina-endesa\/'><img loading=\"lazy\" decoding=\"async\" width=\"80\" height=\"80\" src=\"https:\/\/www.europa-prefabri.com\/wp-content\/uploads\/maquesina-endesa-80x80.jpg\" class=\"attachment-thumbnail size-thumbnail\" alt=\"\" srcset=\"https:\/\/www.europa-prefabri.com\/wp-content\/uploads\/maquesina-endesa-80x80.jpg 80w, https:\/\/www.europa-prefabri.com\/wp-content\/uploads\/maquesina-endesa-36x36.jpg 36w, https:\/\/www.europa-prefabri.com\/wp-content\/uploads\/maquesina-endesa-180x180.jpg 180w, https:\/\/www.europa-prefabri.com\/wp-content\/uploads\/maquesina-endesa-120x120.jpg 120w, https:\/\/www.europa-prefabri.com\/wp-content\/uploads\/maquesina-endesa-450x450.jpg 450w\" sizes=\"auto, (max-width: 80px) 100vw, 80px\" \/><\/a>\n\t\t\t<\/dt><\/dl><dl class='gallery-item'>\n\t\t\t<dt class='gallery-icon landscape'>\n\t\t\t\t<a href='https:\/\/www.europa-prefabri.com\/fr\/abris-voiture-pour-endesa\/marquesina-para-endesa\/'><img loading=\"lazy\" decoding=\"async\" width=\"80\" height=\"80\" src=\"https:\/\/www.europa-prefabri.com\/wp-content\/uploads\/marquesina-para-endesa-80x80.jpg\" class=\"attachment-thumbnail size-thumbnail\" alt=\"\" srcset=\"https:\/\/www.europa-prefabri.com\/wp-content\/uploads\/marquesina-para-endesa-80x80.jpg 80w, https:\/\/www.europa-prefabri.com\/wp-content\/uploads\/marquesina-para-endesa-36x36.jpg 36w, https:\/\/www.europa-prefabri.com\/wp-content\/uploads\/marquesina-para-endesa-180x180.jpg 180w, https:\/\/www.europa-prefabri.com\/wp-content\/uploads\/marquesina-para-endesa-120x120.jpg 120w, https:\/\/www.europa-prefabri.com\/wp-content\/uploads\/marquesina-para-endesa-450x450.jpg 450w\" sizes=\"auto, (max-width: 80px) 100vw, 80px\" \/><\/a>\n\t\t\t<\/dt><\/dl>\n\t\t\t<br style='clear: both' \/>\n\t\t<\/div>\n\n<h3><strong>Le Groupe Europa Prefabri a finalis\u00e9 l\u2019installation des nouveaux abris voiture \u00e0 Barcelone pour la compagnie \u00e9lectrique ENDESA.<\/strong><\/h3>\n<p>Pour ce projet, nous avons install\u00e9 des abris pour 112 voitures, r\u00e9parties en deux groupes de 60 places simples et 52 places doubles.<\/p>\n<p>Le mod\u00e8le d\u2019abri install\u00e9, appel\u00e9 &#8220;mod\u00e8le Endesa&#8221;, est compos\u00e9 de pilier et bras galvanis\u00e9s \u00e0 chaud avec une particularit\u00e9 : elles sont d\u00e9montables. Les sangles sont galvanis\u00e9es et la couverture, \u00e9galement sp\u00e9cialement con\u00e7u pour l&#8217;occasion, a une hauteur de 6 m. et est laqu\u00e9 en gris ardoise.<\/p>\n<p>\u00c0 Europa Prefabri nous avons une longue exp\u00e9rience dans ce type de projets. Ci-dessous vous trouverez un r\u00e9sum\u00e9 de certains de nos travaux sur ce type de projets au cours de nos 30 ans d\u2019existence:<\/p>\n<h3><strong>Abris voiture pour usines et grandes surfaces<\/strong><\/h3>\n<p><img loading=\"lazy\" decoding=\"async\" class=\" wp-image-22443 aligncenter\" src=\"https:\/\/www.europa-prefabri.com\/wp-content\/uploads\/\/marquesinas-de-aparcamiento-para-la-fabrica-de-san-miguel-en-malaga-01-1-300x225.jpg\" alt=\"\" width=\"498\" height=\"373\" srcset=\"https:\/\/www.europa-prefabri.com\/wp-content\/uploads\/marquesinas-de-aparcamiento-para-la-fabrica-de-san-miguel-en-malaga-01-1-300x225.jpg 300w, https:\/\/www.europa-prefabri.com\/wp-content\/uploads\/marquesinas-de-aparcamiento-para-la-fabrica-de-san-miguel-en-malaga-01-1-768x576.jpg 768w, https:\/\/www.europa-prefabri.com\/wp-content\/uploads\/marquesinas-de-aparcamiento-para-la-fabrica-de-san-miguel-en-malaga-01-1-705x529.jpg 705w, https:\/\/www.europa-prefabri.com\/wp-content\/uploads\/marquesinas-de-aparcamiento-para-la-fabrica-de-san-miguel-en-malaga-01-1-450x338.jpg 450w, https:\/\/www.europa-prefabri.com\/wp-content\/uploads\/marquesinas-de-aparcamiento-para-la-fabrica-de-san-miguel-en-malaga-01-1.jpg 800w\" sizes=\"auto, (max-width: 498px) 100vw, 498px\" \/><\/p>\n<p>Nous avons con\u00e7u, fabriqu\u00e9 et install\u00e9 un projet d\u2019 abris voiture pour\u00a0<a href=\"https:\/\/www.europa-prefabri.com\/fr\/abris-de-parking-pour-lusine-de-biere-san-miguel-a-malaga\/\">l\u2019usine de San Miguel \u00e0 M\u00e1laga<\/a>, dont la surface est de 60.000 m2 et qui produit\u00a0 2,5 millions d\u2019hectolitres par an.<\/p>\n<ul>\n<li>\u00c0 cette occasion nous avons install\u00e9 91 abris simples.<\/li>\n<li>Couverture en t\u00f4le pr\u00e9 laqu\u00e9e de 5m en blanc.<\/li>\n<li>Courroies galvanis\u00e9es de tube.<\/li>\n<li>Pilier de t\u00f4le<\/li>\n<li>Le mod\u00e8le install\u00e9 est le mod\u00e8le Europa type A.<\/li>\n<li>Abris de 5 x 2,30 m selon les besoins du client.<\/li>\n<\/ul>\n<p style=\"text-align: center;\"><img loading=\"lazy\" decoding=\"async\" class=\"alignnone wp-image-22447\" src=\"https:\/\/www.europa-prefabri.com\/wp-content\/uploads\/\/marquesinas-de-parking-para-metalogenia-en-huesca-1-300x225.jpg\" alt=\"marquesina-aparcamiento\" width=\"502\" height=\"377\" srcset=\"https:\/\/www.europa-prefabri.com\/wp-content\/uploads\/marquesinas-de-parking-para-metalogenia-en-huesca-1-300x225.jpg 300w, https:\/\/www.europa-prefabri.com\/wp-content\/uploads\/marquesinas-de-parking-para-metalogenia-en-huesca-1-768x576.jpg 768w, https:\/\/www.europa-prefabri.com\/wp-content\/uploads\/marquesinas-de-parking-para-metalogenia-en-huesca-1-705x529.jpg 705w, https:\/\/www.europa-prefabri.com\/wp-content\/uploads\/marquesinas-de-parking-para-metalogenia-en-huesca-1-450x338.jpg 450w, https:\/\/www.europa-prefabri.com\/wp-content\/uploads\/marquesinas-de-parking-para-metalogenia-en-huesca-1.jpg 800w\" sizes=\"auto, (max-width: 502px) 100vw, 502px\" \/><\/p>\n<p>Nous avons fait le design, fabrication, transport et installation d\u2019un nouvel ensemble d\u2019 abris voiture pour\u00a0<a href=\"https:\/\/www.europa-prefabri.com\/fr\/entrepot-modulaire-prefabrique-de-ski\/\">Metalogenia \u00e0 Huesca<\/a>, avec notre mod\u00e8le IPE.<\/p>\n<ul>\n<li>Pour cette occasion nous avons install\u00e9 102 abris simples et doubles distribu\u00e9es en 4 groupes.<\/li>\n<li>Curroies et poutres galvanis\u00e9es.<\/li>\n<li>Postes d\u2019acier lamin\u00e9 \u00e0 chaud de type IPE.<\/li>\n<li>Poutres d\u2019acier lamin\u00e9 \u00e0 chaud de type IPE.<\/li>\n<li>Abris de 5 x 2,50 m selon les besoins du client.<\/li>\n<\/ul>\n","protected":false},"excerpt":{"rendered":"<p>Le Groupe Europa Prefabri a finalis\u00e9 l\u2019installation des nouveaux abris voiture \u00e0 Barcelone pour la compagnie \u00e9lectrique ENDESA. Pour ce projet, nous avons install\u00e9 des abris pour 112 voitures, r\u00e9parties en deux groupes de 60 places simples et 52 places doubles. Le mod\u00e8le d\u2019abri install\u00e9, appel\u00e9 &#8220;mod\u00e8le Endesa&#8221;, est compos\u00e9 de pilier et bras galvanis\u00e9s [&hellip;]<\/p>\n","protected":false},"author":4,"featured_media":22403,"comment_status":"closed","ping_status":"closed","sticky":false,"template":"","format":"gallery","meta":{"footnotes":""},"categories":[413,58],"tags":[],"class_list":["post-23688","post","type-post","status-publish","format-gallery","has-post-thumbnail","hentry","category-noticias-fr","category-projets","post_format-post-format-gallery"],"yoast_head":"<!-- This site is optimized with the Yoast SEO plugin v27.5 - https:\/\/yoast.com\/product\/yoast-seo-wordpress\/ -->\n<title>NOUVEAU PROJET D\u2019 ABRIS VOITURE POUR ENDESA<\/title>\n<meta name=\"description\" content=\"Le Groupe Europa Prefabri a finalis\u00e9 l\u2019installation des nouveaux abris voiture \u00e0 Barcelone pour la compagnie \u00e9lectrique ENDESA.\" \/>\n<meta name=\"robots\" content=\"index, follow, max-snippet:-1, max-image-preview:large, max-video-preview:-1\" \/>\n<link rel=\"canonical\" href=\"https:\/\/www.europa-prefabri.com\/fr\/abris-voiture-pour-endesa\/\" \/>\n<meta property=\"og:locale\" content=\"fr_FR\" \/>\n<meta property=\"og:type\" content=\"article\" \/>\n<meta property=\"og:title\" content=\"NOUVEAU PROJET D\u2019 ABRIS VOITURE POUR ENDESA\" \/>\n<meta property=\"og:description\" content=\"Le Groupe Europa Prefabri a finalis\u00e9 l\u2019installation des nouveaux abris voiture \u00e0 Barcelone pour la compagnie \u00e9lectrique ENDESA.\" \/>\n<meta property=\"og:url\" content=\"https:\/\/www.europa-prefabri.com\/fr\/abris-voiture-pour-endesa\/\" \/>\n<meta property=\"og:site_name\" content=\"Europa Prefabri | Alquiler y venta de construcciones modulares\" \/>\n<meta property=\"article:publisher\" content=\"https:\/\/www.facebook.com\/Europa-Prefabri-258328977572213\/\" \/>\n<meta property=\"article:published_time\" content=\"2018-08-21T09:57:02+00:00\" \/>\n<meta property=\"article:modified_time\" content=\"2025-01-31T15:17:32+00:00\" \/>\n<meta property=\"og:image\" content=\"https:\/\/www.europa-prefabri.com\/wp-content\/uploads\/marquesina-matalica-parking-endesa.jpg\" \/>\n\t<meta property=\"og:image:width\" content=\"1600\" \/>\n\t<meta property=\"og:image:height\" content=\"1186\" \/>\n\t<meta property=\"og:image:type\" content=\"image\/jpeg\" \/>\n<meta name=\"author\" content=\"admin\" \/>\n<meta name=\"twitter:card\" content=\"summary_large_image\" \/>\n<meta name=\"twitter:creator\" content=\"@EuropaPrefabri\" \/>\n<meta name=\"twitter:site\" content=\"@EuropaPrefabri\" \/>\n<meta name=\"twitter:label1\" content=\"Written by\" \/>\n\t<meta name=\"twitter:data1\" content=\"admin\" \/>\n\t<meta name=\"twitter:label2\" content=\"Est. reading time\" \/>\n\t<meta name=\"twitter:data2\" content=\"2 minutes\" \/>\n<script type=\"application\/ld+json\" class=\"yoast-schema-graph\">{\"@context\":\"https:\\\/\\\/schema.org\",\"@graph\":[{\"@type\":\"Article\",\"@id\":\"https:\\\/\\\/www.europa-prefabri.com\\\/fr\\\/abris-voiture-pour-endesa\\\/#article\",\"isPartOf\":{\"@id\":\"https:\\\/\\\/www.europa-prefabri.com\\\/fr\\\/abris-voiture-pour-endesa\\\/\"},\"author\":{\"name\":\"admin\",\"@id\":\"https:\\\/\\\/www.europa-prefabri.com\\\/#\\\/schema\\\/person\\\/2ab6be5821a7026cd8f16d2a9411e86e\"},\"headline\":\"NOUVEAU PROJET D\u2019ABRIS PARKING POUR ENDESA\",\"datePublished\":\"2018-08-21T09:57:02+00:00\",\"dateModified\":\"2025-01-31T15:17:32+00:00\",\"mainEntityOfPage\":{\"@id\":\"https:\\\/\\\/www.europa-prefabri.com\\\/fr\\\/abris-voiture-pour-endesa\\\/\"},\"wordCount\":293,\"publisher\":{\"@id\":\"https:\\\/\\\/www.europa-prefabri.com\\\/#organization\"},\"image\":{\"@id\":\"https:\\\/\\\/www.europa-prefabri.com\\\/fr\\\/abris-voiture-pour-endesa\\\/#primaryimage\"},\"thumbnailUrl\":\"https:\\\/\\\/www.europa-prefabri.com\\\/wp-content\\\/uploads\\\/marquesina-matalica-parking-endesa.jpg\",\"articleSection\":[\"Noticias\",\"Projets\"],\"inLanguage\":\"fr-FR\"},{\"@type\":\"WebPage\",\"@id\":\"https:\\\/\\\/www.europa-prefabri.com\\\/fr\\\/abris-voiture-pour-endesa\\\/\",\"url\":\"https:\\\/\\\/www.europa-prefabri.com\\\/fr\\\/abris-voiture-pour-endesa\\\/\",\"name\":\"NOUVEAU PROJET D\u2019 ABRIS VOITURE POUR ENDESA\",\"isPartOf\":{\"@id\":\"https:\\\/\\\/www.europa-prefabri.com\\\/#website\"},\"primaryImageOfPage\":{\"@id\":\"https:\\\/\\\/www.europa-prefabri.com\\\/fr\\\/abris-voiture-pour-endesa\\\/#primaryimage\"},\"image\":{\"@id\":\"https:\\\/\\\/www.europa-prefabri.com\\\/fr\\\/abris-voiture-pour-endesa\\\/#primaryimage\"},\"thumbnailUrl\":\"https:\\\/\\\/www.europa-prefabri.com\\\/wp-content\\\/uploads\\\/marquesina-matalica-parking-endesa.jpg\",\"datePublished\":\"2018-08-21T09:57:02+00:00\",\"dateModified\":\"2025-01-31T15:17:32+00:00\",\"description\":\"Le Groupe Europa Prefabri a finalis\u00e9 l\u2019installation des nouveaux abris voiture \u00e0 Barcelone pour la compagnie \u00e9lectrique ENDESA.\",\"breadcrumb\":{\"@id\":\"https:\\\/\\\/www.europa-prefabri.com\\\/fr\\\/abris-voiture-pour-endesa\\\/#breadcrumb\"},\"inLanguage\":\"fr-FR\",\"potentialAction\":[{\"@type\":\"ReadAction\",\"target\":[\"https:\\\/\\\/www.europa-prefabri.com\\\/fr\\\/abris-voiture-pour-endesa\\\/\"]}]},{\"@type\":\"ImageObject\",\"inLanguage\":\"fr-FR\",\"@id\":\"https:\\\/\\\/www.europa-prefabri.com\\\/fr\\\/abris-voiture-pour-endesa\\\/#primaryimage\",\"url\":\"https:\\\/\\\/www.europa-prefabri.com\\\/wp-content\\\/uploads\\\/marquesina-matalica-parking-endesa.jpg\",\"contentUrl\":\"https:\\\/\\\/www.europa-prefabri.com\\\/wp-content\\\/uploads\\\/marquesina-matalica-parking-endesa.jpg\",\"width\":1600,\"height\":1186,\"caption\":\"abris voiture\"},{\"@type\":\"BreadcrumbList\",\"@id\":\"https:\\\/\\\/www.europa-prefabri.com\\\/fr\\\/abris-voiture-pour-endesa\\\/#breadcrumb\",\"itemListElement\":[{\"@type\":\"ListItem\",\"position\":1,\"name\":\"Portada\",\"item\":\"https:\\\/\\\/www.europa-prefabri.com\\\/fr\\\/\"},{\"@type\":\"ListItem\",\"position\":2,\"name\":\"NOUVEAU PROJET D\u2019ABRIS PARKING POUR ENDESA\"}]},{\"@type\":\"WebSite\",\"@id\":\"https:\\\/\\\/www.europa-prefabri.com\\\/#website\",\"url\":\"https:\\\/\\\/www.europa-prefabri.com\\\/\",\"name\":\"Europa Prefabri | Alquiler y venta de construcciones modulares\",\"description\":\"Alquiler y venta de construcciones modulares, casetas de obra, marquesinas de aparcamiento y vallas y cerramientos.\",\"publisher\":{\"@id\":\"https:\\\/\\\/www.europa-prefabri.com\\\/#organization\"},\"potentialAction\":[{\"@type\":\"SearchAction\",\"target\":{\"@type\":\"EntryPoint\",\"urlTemplate\":\"https:\\\/\\\/www.europa-prefabri.com\\\/?s={search_term_string}\"},\"query-input\":{\"@type\":\"PropertyValueSpecification\",\"valueRequired\":true,\"valueName\":\"search_term_string\"}}],\"inLanguage\":\"fr-FR\"},{\"@type\":\"Organization\",\"@id\":\"https:\\\/\\\/www.europa-prefabri.com\\\/#organization\",\"name\":\"Prefabri S.L.\",\"url\":\"https:\\\/\\\/www.europa-prefabri.com\\\/\",\"logo\":{\"@type\":\"ImageObject\",\"inLanguage\":\"fr-FR\",\"@id\":\"https:\\\/\\\/www.europa-prefabri.com\\\/#\\\/schema\\\/logo\\\/image\\\/\",\"url\":\"https:\\\/\\\/www.europa-prefabri.com\\\/wp-content\\\/uploads\\\/EuropaPrefabri-Logo.jpg\",\"contentUrl\":\"https:\\\/\\\/www.europa-prefabri.com\\\/wp-content\\\/uploads\\\/EuropaPrefabri-Logo.jpg\",\"width\":752,\"height\":348,\"caption\":\"Prefabri S.L.\"},\"image\":{\"@id\":\"https:\\\/\\\/www.europa-prefabri.com\\\/#\\\/schema\\\/logo\\\/image\\\/\"},\"sameAs\":[\"https:\\\/\\\/www.facebook.com\\\/Europa-Prefabri-258328977572213\\\/\",\"https:\\\/\\\/x.com\\\/EuropaPrefabri\",\"https:\\\/\\\/www.instagram.com\\\/europaprefabri\\\/\",\"https:\\\/\\\/es.linkedin.com\\\/company\\\/europa-prefabri\",\"https:\\\/\\\/es.pinterest.com\\\/europaprefabri\\\/\",\"https:\\\/\\\/www.youtube.com\\\/user\\\/PrefabriSL\"]},{\"@type\":\"Person\",\"@id\":\"https:\\\/\\\/www.europa-prefabri.com\\\/#\\\/schema\\\/person\\\/2ab6be5821a7026cd8f16d2a9411e86e\",\"name\":\"admin\",\"image\":{\"@type\":\"ImageObject\",\"inLanguage\":\"fr-FR\",\"@id\":\"https:\\\/\\\/secure.gravatar.com\\\/avatar\\\/dc55d3f4b941a1510eef2620b2c166513788bd88ef72341333b6d0a859bacd3c?s=96&d=mm&r=g\",\"url\":\"https:\\\/\\\/secure.gravatar.com\\\/avatar\\\/dc55d3f4b941a1510eef2620b2c166513788bd88ef72341333b6d0a859bacd3c?s=96&d=mm&r=g\",\"contentUrl\":\"https:\\\/\\\/secure.gravatar.com\\\/avatar\\\/dc55d3f4b941a1510eef2620b2c166513788bd88ef72341333b6d0a859bacd3c?s=96&d=mm&r=g\",\"caption\":\"admin\"},\"sameAs\":[\"https:\\\/\\\/www.europa-prefabri.com\",\"https:\\\/\\\/x.com\\\/@EuropaPrefabri\"]}]}<\/script>\n<!-- \/ Yoast SEO plugin. -->","yoast_head_json":{"title":"NOUVEAU PROJET D\u2019 ABRIS VOITURE POUR ENDESA","description":"Le Groupe Europa Prefabri a finalis\u00e9 l\u2019installation des nouveaux abris voiture \u00e0 Barcelone pour la compagnie \u00e9lectrique ENDESA.","robots":{"index":"index","follow":"follow","max-snippet":"max-snippet:-1","max-image-preview":"max-image-preview:large","max-video-preview":"max-video-preview:-1"},"canonical":"https:\/\/www.europa-prefabri.com\/fr\/abris-voiture-pour-endesa\/","og_locale":"fr_FR","og_type":"article","og_title":"NOUVEAU PROJET D\u2019 ABRIS VOITURE POUR ENDESA","og_description":"Le Groupe Europa Prefabri a finalis\u00e9 l\u2019installation des nouveaux abris voiture \u00e0 Barcelone pour la compagnie \u00e9lectrique ENDESA.","og_url":"https:\/\/www.europa-prefabri.com\/fr\/abris-voiture-pour-endesa\/","og_site_name":"Europa Prefabri | Alquiler y venta de construcciones modulares","article_publisher":"https:\/\/www.facebook.com\/Europa-Prefabri-258328977572213\/","article_published_time":"2018-08-21T09:57:02+00:00","article_modified_time":"2025-01-31T15:17:32+00:00","og_image":[{"width":1600,"height":1186,"url":"https:\/\/www.europa-prefabri.com\/wp-content\/uploads\/marquesina-matalica-parking-endesa.jpg","type":"image\/jpeg"}],"author":"admin","twitter_card":"summary_large_image","twitter_creator":"@EuropaPrefabri","twitter_site":"@EuropaPrefabri","twitter_misc":{"Written by":"admin","Est. reading time":"2 minutes"},"schema":{"@context":"https:\/\/schema.org","@graph":[{"@type":"Article","@id":"https:\/\/www.europa-prefabri.com\/fr\/abris-voiture-pour-endesa\/#article","isPartOf":{"@id":"https:\/\/www.europa-prefabri.com\/fr\/abris-voiture-pour-endesa\/"},"author":{"name":"admin","@id":"https:\/\/www.europa-prefabri.com\/#\/schema\/person\/2ab6be5821a7026cd8f16d2a9411e86e"},"headline":"NOUVEAU PROJET D\u2019ABRIS PARKING POUR ENDESA","datePublished":"2018-08-21T09:57:02+00:00","dateModified":"2025-01-31T15:17:32+00:00","mainEntityOfPage":{"@id":"https:\/\/www.europa-prefabri.com\/fr\/abris-voiture-pour-endesa\/"},"wordCount":293,"publisher":{"@id":"https:\/\/www.europa-prefabri.com\/#organization"},"image":{"@id":"https:\/\/www.europa-prefabri.com\/fr\/abris-voiture-pour-endesa\/#primaryimage"},"thumbnailUrl":"https:\/\/www.europa-prefabri.com\/wp-content\/uploads\/marquesina-matalica-parking-endesa.jpg","articleSection":["Noticias","Projets"],"inLanguage":"fr-FR"},{"@type":"WebPage","@id":"https:\/\/www.europa-prefabri.com\/fr\/abris-voiture-pour-endesa\/","url":"https:\/\/www.europa-prefabri.com\/fr\/abris-voiture-pour-endesa\/","name":"NOUVEAU PROJET D\u2019 ABRIS VOITURE POUR ENDESA","isPartOf":{"@id":"https:\/\/www.europa-prefabri.com\/#website"},"primaryImageOfPage":{"@id":"https:\/\/www.europa-prefabri.com\/fr\/abris-voiture-pour-endesa\/#primaryimage"},"image":{"@id":"https:\/\/www.europa-prefabri.com\/fr\/abris-voiture-pour-endesa\/#primaryimage"},"thumbnailUrl":"https:\/\/www.europa-prefabri.com\/wp-content\/uploads\/marquesina-matalica-parking-endesa.jpg","datePublished":"2018-08-21T09:57:02+00:00","dateModified":"2025-01-31T15:17:32+00:00","description":"Le Groupe Europa Prefabri a finalis\u00e9 l\u2019installation des nouveaux abris voiture \u00e0 Barcelone pour la compagnie \u00e9lectrique ENDESA.","breadcrumb":{"@id":"https:\/\/www.europa-prefabri.com\/fr\/abris-voiture-pour-endesa\/#breadcrumb"},"inLanguage":"fr-FR","potentialAction":[{"@type":"ReadAction","target":["https:\/\/www.europa-prefabri.com\/fr\/abris-voiture-pour-endesa\/"]}]},{"@type":"ImageObject","inLanguage":"fr-FR","@id":"https:\/\/www.europa-prefabri.com\/fr\/abris-voiture-pour-endesa\/#primaryimage","url":"https:\/\/www.europa-prefabri.com\/wp-content\/uploads\/marquesina-matalica-parking-endesa.jpg","contentUrl":"https:\/\/www.europa-prefabri.com\/wp-content\/uploads\/marquesina-matalica-parking-endesa.jpg","width":1600,"height":1186,"caption":"abris voiture"},{"@type":"BreadcrumbList","@id":"https:\/\/www.europa-prefabri.com\/fr\/abris-voiture-pour-endesa\/#breadcrumb","itemListElement":[{"@type":"ListItem","position":1,"name":"Portada","item":"https:\/\/www.europa-prefabri.com\/fr\/"},{"@type":"ListItem","position":2,"name":"NOUVEAU PROJET D\u2019ABRIS PARKING POUR ENDESA"}]},{"@type":"WebSite","@id":"https:\/\/www.europa-prefabri.com\/#website","url":"https:\/\/www.europa-prefabri.com\/","name":"Europa Prefabri | Alquiler y venta de construcciones modulares","description":"Alquiler y venta de construcciones modulares, casetas de obra, marquesinas de aparcamiento y vallas y cerramientos.","publisher":{"@id":"https:\/\/www.europa-prefabri.com\/#organization"},"potentialAction":[{"@type":"SearchAction","target":{"@type":"EntryPoint","urlTemplate":"https:\/\/www.europa-prefabri.com\/?s={search_term_string}"},"query-input":{"@type":"PropertyValueSpecification","valueRequired":true,"valueName":"search_term_string"}}],"inLanguage":"fr-FR"},{"@type":"Organization","@id":"https:\/\/www.europa-prefabri.com\/#organization","name":"Prefabri S.L.","url":"https:\/\/www.europa-prefabri.com\/","logo":{"@type":"ImageObject","inLanguage":"fr-FR","@id":"https:\/\/www.europa-prefabri.com\/#\/schema\/logo\/image\/","url":"https:\/\/www.europa-prefabri.com\/wp-content\/uploads\/EuropaPrefabri-Logo.jpg","contentUrl":"https:\/\/www.europa-prefabri.com\/wp-content\/uploads\/EuropaPrefabri-Logo.jpg","width":752,"height":348,"caption":"Prefabri S.L."},"image":{"@id":"https:\/\/www.europa-prefabri.com\/#\/schema\/logo\/image\/"},"sameAs":["https:\/\/www.facebook.com\/Europa-Prefabri-258328977572213\/","https:\/\/x.com\/EuropaPrefabri","https:\/\/www.instagram.com\/europaprefabri\/","https:\/\/es.linkedin.com\/company\/europa-prefabri","https:\/\/es.pinterest.com\/europaprefabri\/","https:\/\/www.youtube.com\/user\/PrefabriSL"]},{"@type":"Person","@id":"https:\/\/www.europa-prefabri.com\/#\/schema\/person\/2ab6be5821a7026cd8f16d2a9411e86e","name":"admin","image":{"@type":"ImageObject","inLanguage":"fr-FR","@id":"https:\/\/secure.gravatar.com\/avatar\/dc55d3f4b941a1510eef2620b2c166513788bd88ef72341333b6d0a859bacd3c?s=96&d=mm&r=g","url":"https:\/\/secure.gravatar.com\/avatar\/dc55d3f4b941a1510eef2620b2c166513788bd88ef72341333b6d0a859bacd3c?s=96&d=mm&r=g","contentUrl":"https:\/\/secure.gravatar.com\/avatar\/dc55d3f4b941a1510eef2620b2c166513788bd88ef72341333b6d0a859bacd3c?s=96&d=mm&r=g","caption":"admin"},"sameAs":["https:\/\/www.europa-prefabri.com","https:\/\/x.com\/@EuropaPrefabri"]}]}},"_links":{"self":[{"href":"https:\/\/www.europa-prefabri.com\/fr\/wp-json\/wp\/v2\/posts\/23688","targetHints":{"allow":["GET"]}}],"collection":[{"href":"https:\/\/www.europa-prefabri.com\/fr\/wp-json\/wp\/v2\/posts"}],"about":[{"href":"https:\/\/www.europa-prefabri.com\/fr\/wp-json\/wp\/v2\/types\/post"}],"author":[{"embeddable":true,"href":"https:\/\/www.europa-prefabri.com\/fr\/wp-json\/wp\/v2\/users\/4"}],"replies":[{"embeddable":true,"href":"https:\/\/www.europa-prefabri.com\/fr\/wp-json\/wp\/v2\/comments?post=23688"}],"version-history":[{"count":2,"href":"https:\/\/www.europa-prefabri.com\/fr\/wp-json\/wp\/v2\/posts\/23688\/revisions"}],"predecessor-version":[{"id":36162,"href":"https:\/\/www.europa-prefabri.com\/fr\/wp-json\/wp\/v2\/posts\/23688\/revisions\/36162"}],"wp:featuredmedia":[{"embeddable":true,"href":"https:\/\/www.europa-prefabri.com\/fr\/wp-json\/wp\/v2\/media\/22403"}],"wp:attachment":[{"href":"https:\/\/www.europa-prefabri.com\/fr\/wp-json\/wp\/v2\/media?parent=23688"}],"wp:term":[{"taxonomy":"category","embeddable":true,"href":"https:\/\/www.europa-prefabri.com\/fr\/wp-json\/wp\/v2\/categories?post=23688"},{"taxonomy":"post_tag","embeddable":true,"href":"https:\/\/www.europa-prefabri.com\/fr\/wp-json\/wp\/v2\/tags?post=23688"}],"curies":[{"name":"wp","href":"https:\/\/api.w.org\/{rel}","templated":true}]}}