{"id":21581,"date":"2018-06-18T10:48:33","date_gmt":"2018-06-18T08:48:33","guid":{"rendered":"http:\/\/www.europa-prefabri.com\/?p=21581"},"modified":"2025-01-31T13:28:45","modified_gmt":"2025-01-31T12:28:45","slug":"abris-de-parking-pour-grandes-surfaces","status":"publish","type":"post","link":"https:\/\/www.europa-prefabri.com\/fr\/abris-de-parking-pour-grandes-surfaces\/","title":{"rendered":"EUROPA PREFABRI : FOURNISSEUR DE SUPERMARCH\u00c9 LIDL"},"content":{"rendered":"\n\t\t<style type=\"text\/css\">\n\t\t\t#gallery-1 {\n\t\t\t\tmargin: auto;\n\t\t\t}\n\t\t\t#gallery-1 .gallery-item {\n\t\t\t\tfloat: left;\n\t\t\t\tmargin-top: 10px;\n\t\t\t\ttext-align: center;\n\t\t\t\twidth: 14%;\n\t\t\t}\n\t\t\t#gallery-1 img {\n\t\t\t\tborder: 2px solid #cfcfcf;\n\t\t\t}\n\t\t\t#gallery-1 .gallery-caption {\n\t\t\t\tmargin-left: 0;\n\t\t\t}\n\t\t\t\/* see gallery_shortcode() in wp-includes\/media.php *\/\n\t\t<\/style>\n\t\t<div id='gallery-1' class='gallery galleryid-21581 gallery-columns-7 gallery-size-thumbnail'><dl class='gallery-item'>\n\t\t\t<dt class='gallery-icon landscape'>\n\t\t\t\t<a href='https:\/\/www.europa-prefabri.com\/fr\/abris-de-parking-pour-grandes-surfaces\/marquesina-aparcamiento-lidl\/'><img loading=\"lazy\" decoding=\"async\" width=\"80\" height=\"80\" src=\"https:\/\/www.europa-prefabri.com\/wp-content\/uploads\/marquesina-aparcamiento-lidl-80x80.jpg\" class=\"attachment-thumbnail size-thumbnail\" alt=\"\" srcset=\"https:\/\/www.europa-prefabri.com\/wp-content\/uploads\/marquesina-aparcamiento-lidl-80x80.jpg 80w, https:\/\/www.europa-prefabri.com\/wp-content\/uploads\/marquesina-aparcamiento-lidl-36x36.jpg 36w, https:\/\/www.europa-prefabri.com\/wp-content\/uploads\/marquesina-aparcamiento-lidl-180x180.jpg 180w, https:\/\/www.europa-prefabri.com\/wp-content\/uploads\/marquesina-aparcamiento-lidl-120x120.jpg 120w, https:\/\/www.europa-prefabri.com\/wp-content\/uploads\/marquesina-aparcamiento-lidl-450x450.jpg 450w\" sizes=\"auto, (max-width: 80px) 100vw, 80px\" \/><\/a>\n\t\t\t<\/dt><\/dl><dl class='gallery-item'>\n\t\t\t<dt class='gallery-icon landscape'>\n\t\t\t\t<a href='https:\/\/www.europa-prefabri.com\/fr\/abris-de-parking-pour-grandes-surfaces\/marquesina-para-grandes-superficies\/'><img loading=\"lazy\" decoding=\"async\" width=\"80\" height=\"80\" src=\"https:\/\/www.europa-prefabri.com\/wp-content\/uploads\/marquesina-para-grandes-superficies-80x80.jpg\" class=\"attachment-thumbnail size-thumbnail\" alt=\"\" srcset=\"https:\/\/www.europa-prefabri.com\/wp-content\/uploads\/marquesina-para-grandes-superficies-80x80.jpg 80w, https:\/\/www.europa-prefabri.com\/wp-content\/uploads\/marquesina-para-grandes-superficies-36x36.jpg 36w, https:\/\/www.europa-prefabri.com\/wp-content\/uploads\/marquesina-para-grandes-superficies-180x180.jpg 180w, https:\/\/www.europa-prefabri.com\/wp-content\/uploads\/marquesina-para-grandes-superficies-120x120.jpg 120w, https:\/\/www.europa-prefabri.com\/wp-content\/uploads\/marquesina-para-grandes-superficies-450x450.jpg 450w\" sizes=\"auto, (max-width: 80px) 100vw, 80px\" \/><\/a>\n\t\t\t<\/dt><\/dl><dl class='gallery-item'>\n\t\t\t<dt class='gallery-icon portrait'>\n\t\t\t\t<a href='https:\/\/www.europa-prefabri.com\/fr\/abris-de-parking-pour-grandes-surfaces\/marquesina-parking-supermercado\/'><img loading=\"lazy\" decoding=\"async\" width=\"80\" height=\"80\" src=\"https:\/\/www.europa-prefabri.com\/wp-content\/uploads\/marquesina-parking-supermercado-80x80.jpg\" class=\"attachment-thumbnail size-thumbnail\" alt=\"\" srcset=\"https:\/\/www.europa-prefabri.com\/wp-content\/uploads\/marquesina-parking-supermercado-80x80.jpg 80w, https:\/\/www.europa-prefabri.com\/wp-content\/uploads\/marquesina-parking-supermercado-36x36.jpg 36w, https:\/\/www.europa-prefabri.com\/wp-content\/uploads\/marquesina-parking-supermercado-180x180.jpg 180w, https:\/\/www.europa-prefabri.com\/wp-content\/uploads\/marquesina-parking-supermercado-120x120.jpg 120w, https:\/\/www.europa-prefabri.com\/wp-content\/uploads\/marquesina-parking-supermercado-450x450.jpg 450w\" sizes=\"auto, (max-width: 80px) 100vw, 80px\" \/><\/a>\n\t\t\t<\/dt><\/dl><dl class='gallery-item'>\n\t\t\t<dt class='gallery-icon landscape'>\n\t\t\t\t<a href='https:\/\/www.europa-prefabri.com\/fr\/abris-de-parking-pour-grandes-surfaces\/marquesinas-lidl\/'><img loading=\"lazy\" decoding=\"async\" width=\"80\" height=\"80\" src=\"https:\/\/www.europa-prefabri.com\/wp-content\/uploads\/marquesinas-lidl-80x80.jpg\" class=\"attachment-thumbnail size-thumbnail\" alt=\"\" srcset=\"https:\/\/www.europa-prefabri.com\/wp-content\/uploads\/marquesinas-lidl-80x80.jpg 80w, https:\/\/www.europa-prefabri.com\/wp-content\/uploads\/marquesinas-lidl-36x36.jpg 36w, https:\/\/www.europa-prefabri.com\/wp-content\/uploads\/marquesinas-lidl-180x180.jpg 180w, https:\/\/www.europa-prefabri.com\/wp-content\/uploads\/marquesinas-lidl-120x120.jpg 120w, https:\/\/www.europa-prefabri.com\/wp-content\/uploads\/marquesinas-lidl-450x450.jpg 450w\" sizes=\"auto, (max-width: 80px) 100vw, 80px\" \/><\/a>\n\t\t\t<\/dt><\/dl><dl class='gallery-item'>\n\t\t\t<dt class='gallery-icon landscape'>\n\t\t\t\t<a href='https:\/\/www.europa-prefabri.com\/fr\/abris-de-parking-pour-grandes-surfaces\/marquesinas-aparcamientos\/'><img loading=\"lazy\" decoding=\"async\" width=\"80\" height=\"80\" src=\"https:\/\/www.europa-prefabri.com\/wp-content\/uploads\/marquesinas-aparcamientos-80x80.jpg\" class=\"attachment-thumbnail size-thumbnail\" alt=\"\" srcset=\"https:\/\/www.europa-prefabri.com\/wp-content\/uploads\/marquesinas-aparcamientos-80x80.jpg 80w, https:\/\/www.europa-prefabri.com\/wp-content\/uploads\/marquesinas-aparcamientos-36x36.jpg 36w, https:\/\/www.europa-prefabri.com\/wp-content\/uploads\/marquesinas-aparcamientos-180x180.jpg 180w, https:\/\/www.europa-prefabri.com\/wp-content\/uploads\/marquesinas-aparcamientos-120x120.jpg 120w, https:\/\/www.europa-prefabri.com\/wp-content\/uploads\/marquesinas-aparcamientos-450x450.jpg 450w\" sizes=\"auto, (max-width: 80px) 100vw, 80px\" \/><\/a>\n\t\t\t<\/dt><\/dl><dl class='gallery-item'>\n\t\t\t<dt class='gallery-icon landscape'>\n\t\t\t\t<a href='https:\/\/www.europa-prefabri.com\/fr\/abris-de-parking-pour-grandes-surfaces\/marquesinas-aparcamientos-lidl\/'><img loading=\"lazy\" decoding=\"async\" width=\"80\" height=\"80\" src=\"https:\/\/www.europa-prefabri.com\/wp-content\/uploads\/marquesinas-aparcamientos-lidl-80x80.jpg\" class=\"attachment-thumbnail size-thumbnail\" alt=\"\" srcset=\"https:\/\/www.europa-prefabri.com\/wp-content\/uploads\/marquesinas-aparcamientos-lidl-80x80.jpg 80w, https:\/\/www.europa-prefabri.com\/wp-content\/uploads\/marquesinas-aparcamientos-lidl-36x36.jpg 36w, https:\/\/www.europa-prefabri.com\/wp-content\/uploads\/marquesinas-aparcamientos-lidl-180x180.jpg 180w, https:\/\/www.europa-prefabri.com\/wp-content\/uploads\/marquesinas-aparcamientos-lidl-120x120.jpg 120w, https:\/\/www.europa-prefabri.com\/wp-content\/uploads\/marquesinas-aparcamientos-lidl-450x450.jpg 450w\" sizes=\"auto, (max-width: 80px) 100vw, 80px\" \/><\/a>\n\t\t\t<\/dt><\/dl><dl class='gallery-item'>\n\t\t\t<dt class='gallery-icon landscape'>\n\t\t\t\t<a href='https:\/\/www.europa-prefabri.com\/fr\/abris-de-parking-pour-grandes-surfaces\/marquesinas-aparcamiento-supermercado\/'><img loading=\"lazy\" decoding=\"async\" width=\"80\" height=\"80\" src=\"https:\/\/www.europa-prefabri.com\/wp-content\/uploads\/marquesinas-aparcamiento-supermercado-80x80.jpg\" class=\"attachment-thumbnail size-thumbnail\" alt=\"\" srcset=\"https:\/\/www.europa-prefabri.com\/wp-content\/uploads\/marquesinas-aparcamiento-supermercado-80x80.jpg 80w, https:\/\/www.europa-prefabri.com\/wp-content\/uploads\/marquesinas-aparcamiento-supermercado-36x36.jpg 36w, https:\/\/www.europa-prefabri.com\/wp-content\/uploads\/marquesinas-aparcamiento-supermercado-180x180.jpg 180w, https:\/\/www.europa-prefabri.com\/wp-content\/uploads\/marquesinas-aparcamiento-supermercado-120x120.jpg 120w, https:\/\/www.europa-prefabri.com\/wp-content\/uploads\/marquesinas-aparcamiento-supermercado-450x450.jpg 450w\" sizes=\"auto, (max-width: 80px) 100vw, 80px\" \/><\/a>\n\t\t\t<\/dt><\/dl><br style=\"clear: both\" \/><dl class='gallery-item'>\n\t\t\t<dt class='gallery-icon landscape'>\n\t\t\t\t<a href='https:\/\/www.europa-prefabri.com\/fr\/abris-de-parking-pour-grandes-surfaces\/marquesinas-de-aparcamiento\/'><img loading=\"lazy\" decoding=\"async\" width=\"80\" height=\"80\" src=\"https:\/\/www.europa-prefabri.com\/wp-content\/uploads\/marquesinas-de-aparcamiento--80x80.jpg\" class=\"attachment-thumbnail size-thumbnail\" alt=\"\" srcset=\"https:\/\/www.europa-prefabri.com\/wp-content\/uploads\/marquesinas-de-aparcamiento--80x80.jpg 80w, https:\/\/www.europa-prefabri.com\/wp-content\/uploads\/marquesinas-de-aparcamiento--36x36.jpg 36w, https:\/\/www.europa-prefabri.com\/wp-content\/uploads\/marquesinas-de-aparcamiento--180x180.jpg 180w, https:\/\/www.europa-prefabri.com\/wp-content\/uploads\/marquesinas-de-aparcamiento--120x120.jpg 120w, https:\/\/www.europa-prefabri.com\/wp-content\/uploads\/marquesinas-de-aparcamiento--450x450.jpg 450w\" sizes=\"auto, (max-width: 80px) 100vw, 80px\" \/><\/a>\n\t\t\t<\/dt><\/dl><dl class='gallery-item'>\n\t\t\t<dt class='gallery-icon landscape'>\n\t\t\t\t<a href='https:\/\/www.europa-prefabri.com\/fr\/abris-de-parking-pour-grandes-surfaces\/marquesinas-de-aparcameinto-supermercado-lidl\/'><img loading=\"lazy\" decoding=\"async\" width=\"80\" height=\"80\" src=\"https:\/\/www.europa-prefabri.com\/wp-content\/uploads\/marquesinas-de-aparcameinto-supermercado-lidl-80x80.jpg\" class=\"attachment-thumbnail size-thumbnail\" alt=\"\" srcset=\"https:\/\/www.europa-prefabri.com\/wp-content\/uploads\/marquesinas-de-aparcameinto-supermercado-lidl-80x80.jpg 80w, https:\/\/www.europa-prefabri.com\/wp-content\/uploads\/marquesinas-de-aparcameinto-supermercado-lidl-36x36.jpg 36w, https:\/\/www.europa-prefabri.com\/wp-content\/uploads\/marquesinas-de-aparcameinto-supermercado-lidl-180x180.jpg 180w, https:\/\/www.europa-prefabri.com\/wp-content\/uploads\/marquesinas-de-aparcameinto-supermercado-lidl-120x120.jpg 120w, https:\/\/www.europa-prefabri.com\/wp-content\/uploads\/marquesinas-de-aparcameinto-supermercado-lidl-450x450.jpg 450w\" sizes=\"auto, (max-width: 80px) 100vw, 80px\" \/><\/a>\n\t\t\t<\/dt><\/dl><dl class='gallery-item'>\n\t\t\t<dt class='gallery-icon landscape'>\n\t\t\t\t<a href='https:\/\/www.europa-prefabri.com\/fr\/abris-de-parking-pour-grandes-surfaces\/marquesinas-para-supermercados\/'><img loading=\"lazy\" decoding=\"async\" width=\"80\" height=\"80\" src=\"https:\/\/www.europa-prefabri.com\/wp-content\/uploads\/marquesinas-para-supermercados-80x80.jpg\" class=\"attachment-thumbnail size-thumbnail\" alt=\"\" srcset=\"https:\/\/www.europa-prefabri.com\/wp-content\/uploads\/marquesinas-para-supermercados-80x80.jpg 80w, https:\/\/www.europa-prefabri.com\/wp-content\/uploads\/marquesinas-para-supermercados-36x36.jpg 36w, https:\/\/www.europa-prefabri.com\/wp-content\/uploads\/marquesinas-para-supermercados-180x180.jpg 180w\" sizes=\"auto, (max-width: 80px) 100vw, 80px\" \/><\/a>\n\t\t\t<\/dt><\/dl>\n\t\t\t<br style='clear: both' \/>\n\t\t<\/div>\n\n<p><strong>Europa Prefabri continue \u00e0 d\u00e9velopper des projets d&#8217; abris de parking pour grandes surfaces. A partir de maintenant, Europa Prefabri, accompagn\u00e9 d\u2019une autre entreprise du secteur, sera le fournisseur \u00a0de tous les abris de parking que les Super march\u00e9s Lidl installent.<\/strong><\/p>\n<p>Nous sommes fiers d\u2019\u00eatre, avec notre entreprise collaboratrice, les fournisseurs exclusifs des Supermarch\u00e9s Lidl. Nous avons commenc\u00e9 par un projet \u00e0 Lidl Felanitx (Majorque), o\u00f9 nous avons fabriqu\u00e9 et install\u00e9 des abris pour 24 places de parking doubles avec une particularit\u00e9 : nous avons ajout\u00e9 un bandeau perimetral Stacbond pour embellir la construction. Le bandeau est de couleur gris anthracite (RAL- 7016).<\/p>\n<p>Le mod\u00e8le install\u00e9 a \u00e9t\u00e9 nomm\u00e9 LIDL C-1 20\/40, avec pilier tubulaire.<\/p>\n<p>Ci-dessous, nous vous pr\u00e9sentons <a href=\"http:\/\/et-europa.com\/\">notre gamme<\/a> d&#8217; abris\u00a0 parking pour grandes surfaces.<\/p>\n<h3><span id=\"abris-de-parking-pour-grandes-surfaces-commerciales\"><strong>Abris de parking pour grandes surfaces commerciales<\/strong><\/span><\/h3>\n<p>Nous avons r\u00e9alis\u00e9 des grands projets au long de nos 30 ans d\u2019existence, tels que les a\u00e9roports de Madrid,\u00a0 M\u00e1laga, San Javier\u2026 Des gares de train et tramway, tels que les projets de la station d\u2019AVE \u00e0 Elche\u00a0 ou pour le d\u00e9p\u00f4t de tram de Ouargla en Alg\u00e9rie. Des supermarch\u00e9s, tels que les projets r\u00e9alis\u00e9s pour Lidl, E.Lecrec, Simply, Carrefour etc. Des institutions publiques, tels que\u00a0 la Police R\u00e9gional de Navarre, la Marine Espagnole ou L\u2019Institut Carlos III.<\/p>\n<h4><span id=\"abris-de-parking-pour-supermarches-et-centres-commerciaux\"><strong>Abris de parking pour supermarch\u00e9s et centres commerciaux<\/strong><\/span><\/h4>\n<p><img loading=\"lazy\" decoding=\"async\" class=\"wp-image-21542 aligncenter\" src=\"https:\/\/www.europa-prefabri.com\/wp-content\/uploads\/1-min-2-300x223.jpg\" alt=\"marquesina\" width=\"510\" height=\"379\" srcset=\"https:\/\/www.europa-prefabri.com\/wp-content\/uploads\/1-min-2-300x223.jpg 300w, https:\/\/www.europa-prefabri.com\/wp-content\/uploads\/1-min-2-450x334.jpg 450w, https:\/\/www.europa-prefabri.com\/wp-content\/uploads\/1-min-2.jpg 466w\" sizes=\"auto, (max-width: 510px) 100vw, 510px\" \/><\/p>\n<ul>\n<li>Le transport et assemblage d\u2019abris voiture avec\u00a0<a href=\"\/?p=16212\">Alocubond pour Lidl<\/a>, o\u00f9 nous avons install\u00e9 133 abris, avec 80 abris simples et 53 abris doubles.<\/li>\n<\/ul>\n<p style=\"text-align: center;\"><img loading=\"lazy\" decoding=\"async\" class=\"alignnone wp-image-21543\" src=\"https:\/\/www.europa-prefabri.com\/wp-content\/uploads\/2-min-2-300x226.jpg\" alt=\"marquesina\" width=\"514\" height=\"387\" srcset=\"https:\/\/www.europa-prefabri.com\/wp-content\/uploads\/2-min-2-300x226.jpg 300w, https:\/\/www.europa-prefabri.com\/wp-content\/uploads\/2-min-2-450x338.jpg 450w, https:\/\/www.europa-prefabri.com\/wp-content\/uploads\/2-min-2.jpg 593w\" sizes=\"auto, (max-width: 514px) 100vw, 514px\" \/><\/p>\n<ul>\n<li>La conception, transport et montage d\u2019abris voiture pour les\u00a0<a href=\"\/?p=14513\">Supermarch\u00e9s E.Leclerc \u00e0 Narbonne en France<\/a>. Ces abris ont \u00e9t\u00e9 totalement galvanis\u00e9s \u00e0 chaud, en \u00e9tant con\u00e7us avec une hauteur sp\u00e9ciale pour les v\u00e9hicules avec porte-bagages et les\u00a0caravanes.<\/li>\n<\/ul>\n<p style=\"text-align: center;\"><img loading=\"lazy\" decoding=\"async\" class=\"alignnone wp-image-21544\" src=\"https:\/\/www.europa-prefabri.com\/wp-content\/uploads\/3-min-2-300x223.jpg\" alt=\"marquesina\" width=\"512\" height=\"381\" srcset=\"https:\/\/www.europa-prefabri.com\/wp-content\/uploads\/3-min-2-300x223.jpg 300w, https:\/\/www.europa-prefabri.com\/wp-content\/uploads\/3-min-2-450x334.jpg 450w, https:\/\/www.europa-prefabri.com\/wp-content\/uploads\/3-min-2.jpg 466w\" sizes=\"auto, (max-width: 512px) 100vw, 512px\" \/><\/p>\n<ul>\n<li>La fabrication et installation d\u2019abris de parking pour\u00a0<a href=\"\/?p=3819\">Supermarch\u00e9s Simply \u00e0 Tortosa<\/a>, Tarragona. Dans ce cas l\u00e0, nous avons install\u00e9 79 abris du mod\u00e8le Europa en version double.<\/li>\n<\/ul>\n<p style=\"text-align: center;\"><img loading=\"lazy\" decoding=\"async\" class=\"alignnone wp-image-21545\" src=\"https:\/\/www.europa-prefabri.com\/wp-content\/uploads\/4-min-2-300x181.jpg\" alt=\"marquesina\" width=\"512\" height=\"309\" srcset=\"https:\/\/www.europa-prefabri.com\/wp-content\/uploads\/4-min-2-300x181.jpg 300w, https:\/\/www.europa-prefabri.com\/wp-content\/uploads\/4-min-2-450x272.jpg 450w, https:\/\/www.europa-prefabri.com\/wp-content\/uploads\/4-min-2.jpg 459w\" sizes=\"auto, (max-width: 512px) 100vw, 512px\" \/><\/p>\n<ul>\n<li>Nous avons fabriqu\u00e9 et install\u00e9 les abris de parking pour le\u00a0<a href=\"\/?p=6448\">Supermarch\u00e9 Carrefour \u00e0 Las Rozas<\/a>, dans le cadre des travaux de r\u00e9novation du Centre Commercial El Pinar. La soci\u00e9t\u00e9 propri\u00e9taire, Carrefour Market, nous a attribu\u00e9 tous les travaux \u00e0 r\u00e9aliser dans le parking y compris la fabrication et installation de nouveaux abris et l\u2019am\u00e9nagement de ceux qui \u00e9taient d\u00e9j\u00e0 install\u00e9s, signalisations, peinture\u2026<\/li>\n<\/ul>\n<p style=\"text-align: center;\"><img loading=\"lazy\" decoding=\"async\" class=\"alignnone wp-image-21546\" src=\"https:\/\/www.europa-prefabri.com\/wp-content\/uploads\/5-min-2-300x226.jpg\" alt=\"Abris de parking pour grandes surfaces\" width=\"513\" height=\"386\" srcset=\"https:\/\/www.europa-prefabri.com\/wp-content\/uploads\/5-min-2-300x226.jpg 300w, https:\/\/www.europa-prefabri.com\/wp-content\/uploads\/5-min-2-450x339.jpg 450w, https:\/\/www.europa-prefabri.com\/wp-content\/uploads\/5-min-2.jpg 481w\" sizes=\"auto, (max-width: 513px) 100vw, 513px\" \/><\/p>\n<ul>\n<li>Nous avons r\u00e9alis\u00e9 l\u2019installation de 250 abris pour le\u00a0Centre Commercial Abad\u00eda de Toledo\u00a0avec la couverture textile.<\/li>\n<\/ul>\n","protected":false},"excerpt":{"rendered":"<p>Europa Prefabri continue \u00e0 d\u00e9velopper des projets d&#8217; abris de parking pour grandes surfaces. A partir de maintenant, Europa Prefabri, accompagn\u00e9 d\u2019une autre entreprise du secteur, sera le fournisseur \u00a0de tous les abris de parking que les Super march\u00e9s Lidl installent. Nous sommes fiers d\u2019\u00eatre, avec notre entreprise collaboratrice, les fournisseurs exclusifs des Supermarch\u00e9s Lidl. [&hellip;]<\/p>\n","protected":false},"author":4,"featured_media":21676,"comment_status":"closed","ping_status":"closed","sticky":false,"template":"","format":"gallery","meta":{"footnotes":""},"categories":[413,58],"tags":[152],"class_list":["post-21581","post","type-post","status-publish","format-gallery","has-post-thumbnail","hentry","category-noticias-fr","category-projets","tag-abris-de-parking","post_format-post-format-gallery"],"yoast_head":"<!-- This site is optimized with the Yoast SEO plugin v27.5 - https:\/\/yoast.com\/product\/yoast-seo-wordpress\/ -->\n<title>Abris de parking pour grandes surfaces: Europa Prefabri fourniseur de Lidl<\/title>\n<meta name=\"description\" content=\"Europa Prefabri continue \u00e0 d\u00e9velopper des projets d&#039; abris de parking pour grandes surfaces et sera le fournisseur de Supermarch\u00e9s Lidl.\" \/>\n<meta name=\"robots\" content=\"index, follow, max-snippet:-1, max-image-preview:large, max-video-preview:-1\" \/>\n<link rel=\"canonical\" href=\"https:\/\/www.europa-prefabri.com\/fr\/abris-de-parking-pour-grandes-surfaces\/\" \/>\n<meta property=\"og:locale\" content=\"fr_FR\" \/>\n<meta property=\"og:type\" content=\"article\" \/>\n<meta property=\"og:title\" content=\"Abris de parking pour grandes surfaces: Europa Prefabri fourniseur de Lidl\" \/>\n<meta property=\"og:description\" content=\"Europa Prefabri continue \u00e0 d\u00e9velopper des projets d&#039; abris de parking pour grandes surfaces et sera le fournisseur de Supermarch\u00e9s Lidl.\" \/>\n<meta property=\"og:url\" content=\"https:\/\/www.europa-prefabri.com\/fr\/abris-de-parking-pour-grandes-surfaces\/\" \/>\n<meta property=\"og:site_name\" content=\"Europa Prefabri | Alquiler y venta de construcciones modulares\" \/>\n<meta property=\"article:publisher\" content=\"https:\/\/www.facebook.com\/Europa-Prefabri-258328977572213\/\" \/>\n<meta property=\"article:published_time\" content=\"2018-06-18T08:48:33+00:00\" \/>\n<meta property=\"article:modified_time\" content=\"2025-01-31T12:28:45+00:00\" \/>\n<meta property=\"og:image\" content=\"https:\/\/www.europa-prefabri.com\/wp-content\/uploads\/marquesinas-para-supermercados.jpg\" \/>\n\t<meta property=\"og:image:width\" content=\"1600\" \/>\n\t<meta property=\"og:image:height\" content=\"1200\" \/>\n\t<meta property=\"og:image:type\" content=\"image\/jpeg\" \/>\n<meta name=\"author\" content=\"admin\" \/>\n<meta name=\"twitter:card\" content=\"summary_large_image\" \/>\n<meta name=\"twitter:creator\" content=\"@EuropaPrefabri\" \/>\n<meta name=\"twitter:site\" content=\"@EuropaPrefabri\" \/>\n<meta name=\"twitter:label1\" content=\"Written by\" \/>\n\t<meta name=\"twitter:data1\" content=\"admin\" \/>\n\t<meta name=\"twitter:label2\" content=\"Est. reading time\" \/>\n\t<meta name=\"twitter:data2\" content=\"3 minutes\" \/>\n<script type=\"application\/ld+json\" class=\"yoast-schema-graph\">{\"@context\":\"https:\\\/\\\/schema.org\",\"@graph\":[{\"@type\":\"Article\",\"@id\":\"https:\\\/\\\/www.europa-prefabri.com\\\/fr\\\/abris-de-parking-pour-grandes-surfaces\\\/#article\",\"isPartOf\":{\"@id\":\"https:\\\/\\\/www.europa-prefabri.com\\\/fr\\\/abris-de-parking-pour-grandes-surfaces\\\/\"},\"author\":{\"name\":\"admin\",\"@id\":\"https:\\\/\\\/www.europa-prefabri.com\\\/#\\\/schema\\\/person\\\/2ab6be5821a7026cd8f16d2a9411e86e\"},\"headline\":\"EUROPA PREFABRI : FOURNISSEUR DE SUPERMARCH\u00c9 LIDL\",\"datePublished\":\"2018-06-18T08:48:33+00:00\",\"dateModified\":\"2025-01-31T12:28:45+00:00\",\"mainEntityOfPage\":{\"@id\":\"https:\\\/\\\/www.europa-prefabri.com\\\/fr\\\/abris-de-parking-pour-grandes-surfaces\\\/\"},\"wordCount\":426,\"publisher\":{\"@id\":\"https:\\\/\\\/www.europa-prefabri.com\\\/#organization\"},\"image\":{\"@id\":\"https:\\\/\\\/www.europa-prefabri.com\\\/fr\\\/abris-de-parking-pour-grandes-surfaces\\\/#primaryimage\"},\"thumbnailUrl\":\"https:\\\/\\\/www.europa-prefabri.com\\\/wp-content\\\/uploads\\\/marquesinas-para-supermercados.jpg\",\"keywords\":[\"abris de parking\"],\"articleSection\":[\"Noticias\",\"Projets\"],\"inLanguage\":\"fr-FR\"},{\"@type\":\"WebPage\",\"@id\":\"https:\\\/\\\/www.europa-prefabri.com\\\/fr\\\/abris-de-parking-pour-grandes-surfaces\\\/\",\"url\":\"https:\\\/\\\/www.europa-prefabri.com\\\/fr\\\/abris-de-parking-pour-grandes-surfaces\\\/\",\"name\":\"Abris de parking pour grandes surfaces: Europa Prefabri fourniseur de Lidl\",\"isPartOf\":{\"@id\":\"https:\\\/\\\/www.europa-prefabri.com\\\/#website\"},\"primaryImageOfPage\":{\"@id\":\"https:\\\/\\\/www.europa-prefabri.com\\\/fr\\\/abris-de-parking-pour-grandes-surfaces\\\/#primaryimage\"},\"image\":{\"@id\":\"https:\\\/\\\/www.europa-prefabri.com\\\/fr\\\/abris-de-parking-pour-grandes-surfaces\\\/#primaryimage\"},\"thumbnailUrl\":\"https:\\\/\\\/www.europa-prefabri.com\\\/wp-content\\\/uploads\\\/marquesinas-para-supermercados.jpg\",\"datePublished\":\"2018-06-18T08:48:33+00:00\",\"dateModified\":\"2025-01-31T12:28:45+00:00\",\"description\":\"Europa Prefabri continue \u00e0 d\u00e9velopper des projets d' abris de parking pour grandes surfaces et sera le fournisseur de Supermarch\u00e9s Lidl.\",\"breadcrumb\":{\"@id\":\"https:\\\/\\\/www.europa-prefabri.com\\\/fr\\\/abris-de-parking-pour-grandes-surfaces\\\/#breadcrumb\"},\"inLanguage\":\"fr-FR\",\"potentialAction\":[{\"@type\":\"ReadAction\",\"target\":[\"https:\\\/\\\/www.europa-prefabri.com\\\/fr\\\/abris-de-parking-pour-grandes-surfaces\\\/\"]}]},{\"@type\":\"ImageObject\",\"inLanguage\":\"fr-FR\",\"@id\":\"https:\\\/\\\/www.europa-prefabri.com\\\/fr\\\/abris-de-parking-pour-grandes-surfaces\\\/#primaryimage\",\"url\":\"https:\\\/\\\/www.europa-prefabri.com\\\/wp-content\\\/uploads\\\/marquesinas-para-supermercados.jpg\",\"contentUrl\":\"https:\\\/\\\/www.europa-prefabri.com\\\/wp-content\\\/uploads\\\/marquesinas-para-supermercados.jpg\",\"width\":1600,\"height\":1200},{\"@type\":\"BreadcrumbList\",\"@id\":\"https:\\\/\\\/www.europa-prefabri.com\\\/fr\\\/abris-de-parking-pour-grandes-surfaces\\\/#breadcrumb\",\"itemListElement\":[{\"@type\":\"ListItem\",\"position\":1,\"name\":\"Portada\",\"item\":\"https:\\\/\\\/www.europa-prefabri.com\\\/fr\\\/\"},{\"@type\":\"ListItem\",\"position\":2,\"name\":\"EUROPA PREFABRI : FOURNISSEUR DE SUPERMARCH\u00c9 LIDL\"}]},{\"@type\":\"WebSite\",\"@id\":\"https:\\\/\\\/www.europa-prefabri.com\\\/#website\",\"url\":\"https:\\\/\\\/www.europa-prefabri.com\\\/\",\"name\":\"Europa Prefabri | Alquiler y venta de construcciones modulares\",\"description\":\"Alquiler y venta de construcciones modulares, casetas de obra, marquesinas de aparcamiento y vallas y cerramientos.\",\"publisher\":{\"@id\":\"https:\\\/\\\/www.europa-prefabri.com\\\/#organization\"},\"potentialAction\":[{\"@type\":\"SearchAction\",\"target\":{\"@type\":\"EntryPoint\",\"urlTemplate\":\"https:\\\/\\\/www.europa-prefabri.com\\\/?s={search_term_string}\"},\"query-input\":{\"@type\":\"PropertyValueSpecification\",\"valueRequired\":true,\"valueName\":\"search_term_string\"}}],\"inLanguage\":\"fr-FR\"},{\"@type\":\"Organization\",\"@id\":\"https:\\\/\\\/www.europa-prefabri.com\\\/#organization\",\"name\":\"Prefabri S.L.\",\"url\":\"https:\\\/\\\/www.europa-prefabri.com\\\/\",\"logo\":{\"@type\":\"ImageObject\",\"inLanguage\":\"fr-FR\",\"@id\":\"https:\\\/\\\/www.europa-prefabri.com\\\/#\\\/schema\\\/logo\\\/image\\\/\",\"url\":\"https:\\\/\\\/www.europa-prefabri.com\\\/wp-content\\\/uploads\\\/EuropaPrefabri-Logo.jpg\",\"contentUrl\":\"https:\\\/\\\/www.europa-prefabri.com\\\/wp-content\\\/uploads\\\/EuropaPrefabri-Logo.jpg\",\"width\":752,\"height\":348,\"caption\":\"Prefabri S.L.\"},\"image\":{\"@id\":\"https:\\\/\\\/www.europa-prefabri.com\\\/#\\\/schema\\\/logo\\\/image\\\/\"},\"sameAs\":[\"https:\\\/\\\/www.facebook.com\\\/Europa-Prefabri-258328977572213\\\/\",\"https:\\\/\\\/x.com\\\/EuropaPrefabri\",\"https:\\\/\\\/www.instagram.com\\\/europaprefabri\\\/\",\"https:\\\/\\\/es.linkedin.com\\\/company\\\/europa-prefabri\",\"https:\\\/\\\/es.pinterest.com\\\/europaprefabri\\\/\",\"https:\\\/\\\/www.youtube.com\\\/user\\\/PrefabriSL\"]},{\"@type\":\"Person\",\"@id\":\"https:\\\/\\\/www.europa-prefabri.com\\\/#\\\/schema\\\/person\\\/2ab6be5821a7026cd8f16d2a9411e86e\",\"name\":\"admin\",\"image\":{\"@type\":\"ImageObject\",\"inLanguage\":\"fr-FR\",\"@id\":\"https:\\\/\\\/secure.gravatar.com\\\/avatar\\\/dc55d3f4b941a1510eef2620b2c166513788bd88ef72341333b6d0a859bacd3c?s=96&d=mm&r=g\",\"url\":\"https:\\\/\\\/secure.gravatar.com\\\/avatar\\\/dc55d3f4b941a1510eef2620b2c166513788bd88ef72341333b6d0a859bacd3c?s=96&d=mm&r=g\",\"contentUrl\":\"https:\\\/\\\/secure.gravatar.com\\\/avatar\\\/dc55d3f4b941a1510eef2620b2c166513788bd88ef72341333b6d0a859bacd3c?s=96&d=mm&r=g\",\"caption\":\"admin\"},\"sameAs\":[\"https:\\\/\\\/www.europa-prefabri.com\",\"https:\\\/\\\/x.com\\\/@EuropaPrefabri\"]}]}<\/script>\n<!-- \/ Yoast SEO plugin. -->","yoast_head_json":{"title":"Abris de parking pour grandes surfaces: Europa Prefabri fourniseur de Lidl","description":"Europa Prefabri continue \u00e0 d\u00e9velopper des projets d' abris de parking pour grandes surfaces et sera le fournisseur de Supermarch\u00e9s Lidl.","robots":{"index":"index","follow":"follow","max-snippet":"max-snippet:-1","max-image-preview":"max-image-preview:large","max-video-preview":"max-video-preview:-1"},"canonical":"https:\/\/www.europa-prefabri.com\/fr\/abris-de-parking-pour-grandes-surfaces\/","og_locale":"fr_FR","og_type":"article","og_title":"Abris de parking pour grandes surfaces: Europa Prefabri fourniseur de Lidl","og_description":"Europa Prefabri continue \u00e0 d\u00e9velopper des projets d' abris de parking pour grandes surfaces et sera le fournisseur de Supermarch\u00e9s Lidl.","og_url":"https:\/\/www.europa-prefabri.com\/fr\/abris-de-parking-pour-grandes-surfaces\/","og_site_name":"Europa Prefabri | Alquiler y venta de construcciones modulares","article_publisher":"https:\/\/www.facebook.com\/Europa-Prefabri-258328977572213\/","article_published_time":"2018-06-18T08:48:33+00:00","article_modified_time":"2025-01-31T12:28:45+00:00","og_image":[{"width":1600,"height":1200,"url":"https:\/\/www.europa-prefabri.com\/wp-content\/uploads\/marquesinas-para-supermercados.jpg","type":"image\/jpeg"}],"author":"admin","twitter_card":"summary_large_image","twitter_creator":"@EuropaPrefabri","twitter_site":"@EuropaPrefabri","twitter_misc":{"Written by":"admin","Est. reading time":"3 minutes"},"schema":{"@context":"https:\/\/schema.org","@graph":[{"@type":"Article","@id":"https:\/\/www.europa-prefabri.com\/fr\/abris-de-parking-pour-grandes-surfaces\/#article","isPartOf":{"@id":"https:\/\/www.europa-prefabri.com\/fr\/abris-de-parking-pour-grandes-surfaces\/"},"author":{"name":"admin","@id":"https:\/\/www.europa-prefabri.com\/#\/schema\/person\/2ab6be5821a7026cd8f16d2a9411e86e"},"headline":"EUROPA PREFABRI : FOURNISSEUR DE SUPERMARCH\u00c9 LIDL","datePublished":"2018-06-18T08:48:33+00:00","dateModified":"2025-01-31T12:28:45+00:00","mainEntityOfPage":{"@id":"https:\/\/www.europa-prefabri.com\/fr\/abris-de-parking-pour-grandes-surfaces\/"},"wordCount":426,"publisher":{"@id":"https:\/\/www.europa-prefabri.com\/#organization"},"image":{"@id":"https:\/\/www.europa-prefabri.com\/fr\/abris-de-parking-pour-grandes-surfaces\/#primaryimage"},"thumbnailUrl":"https:\/\/www.europa-prefabri.com\/wp-content\/uploads\/marquesinas-para-supermercados.jpg","keywords":["abris de parking"],"articleSection":["Noticias","Projets"],"inLanguage":"fr-FR"},{"@type":"WebPage","@id":"https:\/\/www.europa-prefabri.com\/fr\/abris-de-parking-pour-grandes-surfaces\/","url":"https:\/\/www.europa-prefabri.com\/fr\/abris-de-parking-pour-grandes-surfaces\/","name":"Abris de parking pour grandes surfaces: Europa Prefabri fourniseur de Lidl","isPartOf":{"@id":"https:\/\/www.europa-prefabri.com\/#website"},"primaryImageOfPage":{"@id":"https:\/\/www.europa-prefabri.com\/fr\/abris-de-parking-pour-grandes-surfaces\/#primaryimage"},"image":{"@id":"https:\/\/www.europa-prefabri.com\/fr\/abris-de-parking-pour-grandes-surfaces\/#primaryimage"},"thumbnailUrl":"https:\/\/www.europa-prefabri.com\/wp-content\/uploads\/marquesinas-para-supermercados.jpg","datePublished":"2018-06-18T08:48:33+00:00","dateModified":"2025-01-31T12:28:45+00:00","description":"Europa Prefabri continue \u00e0 d\u00e9velopper des projets d' abris de parking pour grandes surfaces et sera le fournisseur de Supermarch\u00e9s Lidl.","breadcrumb":{"@id":"https:\/\/www.europa-prefabri.com\/fr\/abris-de-parking-pour-grandes-surfaces\/#breadcrumb"},"inLanguage":"fr-FR","potentialAction":[{"@type":"ReadAction","target":["https:\/\/www.europa-prefabri.com\/fr\/abris-de-parking-pour-grandes-surfaces\/"]}]},{"@type":"ImageObject","inLanguage":"fr-FR","@id":"https:\/\/www.europa-prefabri.com\/fr\/abris-de-parking-pour-grandes-surfaces\/#primaryimage","url":"https:\/\/www.europa-prefabri.com\/wp-content\/uploads\/marquesinas-para-supermercados.jpg","contentUrl":"https:\/\/www.europa-prefabri.com\/wp-content\/uploads\/marquesinas-para-supermercados.jpg","width":1600,"height":1200},{"@type":"BreadcrumbList","@id":"https:\/\/www.europa-prefabri.com\/fr\/abris-de-parking-pour-grandes-surfaces\/#breadcrumb","itemListElement":[{"@type":"ListItem","position":1,"name":"Portada","item":"https:\/\/www.europa-prefabri.com\/fr\/"},{"@type":"ListItem","position":2,"name":"EUROPA PREFABRI : FOURNISSEUR DE SUPERMARCH\u00c9 LIDL"}]},{"@type":"WebSite","@id":"https:\/\/www.europa-prefabri.com\/#website","url":"https:\/\/www.europa-prefabri.com\/","name":"Europa Prefabri | Alquiler y venta de construcciones modulares","description":"Alquiler y venta de construcciones modulares, casetas de obra, marquesinas de aparcamiento y vallas y cerramientos.","publisher":{"@id":"https:\/\/www.europa-prefabri.com\/#organization"},"potentialAction":[{"@type":"SearchAction","target":{"@type":"EntryPoint","urlTemplate":"https:\/\/www.europa-prefabri.com\/?s={search_term_string}"},"query-input":{"@type":"PropertyValueSpecification","valueRequired":true,"valueName":"search_term_string"}}],"inLanguage":"fr-FR"},{"@type":"Organization","@id":"https:\/\/www.europa-prefabri.com\/#organization","name":"Prefabri S.L.","url":"https:\/\/www.europa-prefabri.com\/","logo":{"@type":"ImageObject","inLanguage":"fr-FR","@id":"https:\/\/www.europa-prefabri.com\/#\/schema\/logo\/image\/","url":"https:\/\/www.europa-prefabri.com\/wp-content\/uploads\/EuropaPrefabri-Logo.jpg","contentUrl":"https:\/\/www.europa-prefabri.com\/wp-content\/uploads\/EuropaPrefabri-Logo.jpg","width":752,"height":348,"caption":"Prefabri S.L."},"image":{"@id":"https:\/\/www.europa-prefabri.com\/#\/schema\/logo\/image\/"},"sameAs":["https:\/\/www.facebook.com\/Europa-Prefabri-258328977572213\/","https:\/\/x.com\/EuropaPrefabri","https:\/\/www.instagram.com\/europaprefabri\/","https:\/\/es.linkedin.com\/company\/europa-prefabri","https:\/\/es.pinterest.com\/europaprefabri\/","https:\/\/www.youtube.com\/user\/PrefabriSL"]},{"@type":"Person","@id":"https:\/\/www.europa-prefabri.com\/#\/schema\/person\/2ab6be5821a7026cd8f16d2a9411e86e","name":"admin","image":{"@type":"ImageObject","inLanguage":"fr-FR","@id":"https:\/\/secure.gravatar.com\/avatar\/dc55d3f4b941a1510eef2620b2c166513788bd88ef72341333b6d0a859bacd3c?s=96&d=mm&r=g","url":"https:\/\/secure.gravatar.com\/avatar\/dc55d3f4b941a1510eef2620b2c166513788bd88ef72341333b6d0a859bacd3c?s=96&d=mm&r=g","contentUrl":"https:\/\/secure.gravatar.com\/avatar\/dc55d3f4b941a1510eef2620b2c166513788bd88ef72341333b6d0a859bacd3c?s=96&d=mm&r=g","caption":"admin"},"sameAs":["https:\/\/www.europa-prefabri.com","https:\/\/x.com\/@EuropaPrefabri"]}]}},"_links":{"self":[{"href":"https:\/\/www.europa-prefabri.com\/fr\/wp-json\/wp\/v2\/posts\/21581","targetHints":{"allow":["GET"]}}],"collection":[{"href":"https:\/\/www.europa-prefabri.com\/fr\/wp-json\/wp\/v2\/posts"}],"about":[{"href":"https:\/\/www.europa-prefabri.com\/fr\/wp-json\/wp\/v2\/types\/post"}],"author":[{"embeddable":true,"href":"https:\/\/www.europa-prefabri.com\/fr\/wp-json\/wp\/v2\/users\/4"}],"replies":[{"embeddable":true,"href":"https:\/\/www.europa-prefabri.com\/fr\/wp-json\/wp\/v2\/comments?post=21581"}],"version-history":[{"count":2,"href":"https:\/\/www.europa-prefabri.com\/fr\/wp-json\/wp\/v2\/posts\/21581\/revisions"}],"predecessor-version":[{"id":35964,"href":"https:\/\/www.europa-prefabri.com\/fr\/wp-json\/wp\/v2\/posts\/21581\/revisions\/35964"}],"wp:featuredmedia":[{"embeddable":true,"href":"https:\/\/www.europa-prefabri.com\/fr\/wp-json\/wp\/v2\/media\/21676"}],"wp:attachment":[{"href":"https:\/\/www.europa-prefabri.com\/fr\/wp-json\/wp\/v2\/media?parent=21581"}],"wp:term":[{"taxonomy":"category","embeddable":true,"href":"https:\/\/www.europa-prefabri.com\/fr\/wp-json\/wp\/v2\/categories?post=21581"},{"taxonomy":"post_tag","embeddable":true,"href":"https:\/\/www.europa-prefabri.com\/fr\/wp-json\/wp\/v2\/tags?post=21581"}],"curies":[{"name":"wp","href":"https:\/\/api.w.org\/{rel}","templated":true}]}}