{"id":21553,"date":"2018-06-18T13:07:58","date_gmt":"2018-06-18T11:07:58","guid":{"rendered":"http:\/\/www.europa-prefabri.com\/?p=21553"},"modified":"2018-06-27T10:38:07","modified_gmt":"2018-06-27T08:38:07","slug":"ensemble-modulaire-orihuela","status":"publish","type":"post","link":"https:\/\/www.europa-prefabri.com\/fr\/ensemble-modulaire-orihuela\/","title":{"rendered":"MONTAGE D&#8217;ENSEMBLE MODULAIRE POUR SALLE \u00c0 MANGER ET VESTIAIRE"},"content":{"rendered":"\n\t\t<style type=\"text\/css\">\n\t\t\t#gallery-1 {\n\t\t\t\tmargin: auto;\n\t\t\t}\n\t\t\t#gallery-1 .gallery-item {\n\t\t\t\tfloat: left;\n\t\t\t\tmargin-top: 10px;\n\t\t\t\ttext-align: center;\n\t\t\t\twidth: 25%;\n\t\t\t}\n\t\t\t#gallery-1 img {\n\t\t\t\tborder: 2px solid #cfcfcf;\n\t\t\t}\n\t\t\t#gallery-1 .gallery-caption {\n\t\t\t\tmargin-left: 0;\n\t\t\t}\n\t\t\t\/* see gallery_shortcode() in wp-includes\/media.php *\/\n\t\t<\/style>\n\t\t<div id='gallery-1' class='gallery galleryid-21553 gallery-columns-4 gallery-size-thumbnail'><dl class='gallery-item'>\n\t\t\t<dt class='gallery-icon landscape'>\n\t\t\t\t<a href='https:\/\/www.europa-prefabri.com\/fr\/ensemble-modulaire-orihuela\/conjunto-orihuela\/'><img loading=\"lazy\" decoding=\"async\" width=\"80\" height=\"80\" src=\"https:\/\/www.europa-prefabri.com\/wp-content\/uploads\/conjunto-orihuela-80x80.jpg\" class=\"attachment-thumbnail size-thumbnail\" alt=\"ensemble modulaire\" srcset=\"https:\/\/www.europa-prefabri.com\/wp-content\/uploads\/conjunto-orihuela-80x80.jpg 80w, https:\/\/www.europa-prefabri.com\/wp-content\/uploads\/conjunto-orihuela-36x36.jpg 36w, https:\/\/www.europa-prefabri.com\/wp-content\/uploads\/conjunto-orihuela-180x180.jpg 180w, https:\/\/www.europa-prefabri.com\/wp-content\/uploads\/conjunto-orihuela-120x120.jpg 120w, https:\/\/www.europa-prefabri.com\/wp-content\/uploads\/conjunto-orihuela-450x450.jpg 450w\" sizes=\"auto, (max-width: 80px) 100vw, 80px\" \/><\/a>\n\t\t\t<\/dt><\/dl><dl class='gallery-item'>\n\t\t\t<dt class='gallery-icon landscape'>\n\t\t\t\t<a href='https:\/\/www.europa-prefabri.com\/fr\/conjunto-modular-para-comedor-y-vestuario\/modulos-orihuela\/'><img loading=\"lazy\" decoding=\"async\" width=\"80\" height=\"80\" src=\"https:\/\/www.europa-prefabri.com\/wp-content\/uploads\/modulos-orihuela-80x80.jpg\" class=\"attachment-thumbnail size-thumbnail\" alt=\"ensemble modulaire\" srcset=\"https:\/\/www.europa-prefabri.com\/wp-content\/uploads\/modulos-orihuela-80x80.jpg 80w, https:\/\/www.europa-prefabri.com\/wp-content\/uploads\/modulos-orihuela-36x36.jpg 36w, https:\/\/www.europa-prefabri.com\/wp-content\/uploads\/modulos-orihuela-180x180.jpg 180w, https:\/\/www.europa-prefabri.com\/wp-content\/uploads\/modulos-orihuela-120x120.jpg 120w, https:\/\/www.europa-prefabri.com\/wp-content\/uploads\/modulos-orihuela-450x450.jpg 450w\" sizes=\"auto, (max-width: 80px) 100vw, 80px\" \/><\/a>\n\t\t\t<\/dt><\/dl><dl class='gallery-item'>\n\t\t\t<dt class='gallery-icon landscape'>\n\t\t\t\t<a href='https:\/\/www.europa-prefabri.com\/fr\/ensemble-modulaire-orihuela\/conjunto-casetas-orihuela\/'><img loading=\"lazy\" decoding=\"async\" width=\"80\" height=\"80\" src=\"https:\/\/www.europa-prefabri.com\/wp-content\/uploads\/conjunto-casetas-orihuela-80x80.jpg\" class=\"attachment-thumbnail size-thumbnail\" alt=\"\" srcset=\"https:\/\/www.europa-prefabri.com\/wp-content\/uploads\/conjunto-casetas-orihuela-80x80.jpg 80w, https:\/\/www.europa-prefabri.com\/wp-content\/uploads\/conjunto-casetas-orihuela-36x36.jpg 36w, https:\/\/www.europa-prefabri.com\/wp-content\/uploads\/conjunto-casetas-orihuela-180x180.jpg 180w, https:\/\/www.europa-prefabri.com\/wp-content\/uploads\/conjunto-casetas-orihuela-120x120.jpg 120w, https:\/\/www.europa-prefabri.com\/wp-content\/uploads\/conjunto-casetas-orihuela-450x450.jpg 450w\" sizes=\"auto, (max-width: 80px) 100vw, 80px\" \/><\/a>\n\t\t\t<\/dt><\/dl><dl class='gallery-item'>\n\t\t\t<dt class='gallery-icon landscape'>\n\t\t\t\t<a href='https:\/\/www.europa-prefabri.com\/fr\/conjunto-modular-para-comedor-y-vestuario\/conjunto-modular-orihuela\/'><img loading=\"lazy\" decoding=\"async\" width=\"80\" height=\"80\" src=\"https:\/\/www.europa-prefabri.com\/wp-content\/uploads\/conjunto-modular-orihuela-80x80.jpg\" class=\"attachment-thumbnail size-thumbnail\" alt=\"conjunto-modular\" srcset=\"https:\/\/www.europa-prefabri.com\/wp-content\/uploads\/conjunto-modular-orihuela-80x80.jpg 80w, https:\/\/www.europa-prefabri.com\/wp-content\/uploads\/conjunto-modular-orihuela-36x36.jpg 36w, https:\/\/www.europa-prefabri.com\/wp-content\/uploads\/conjunto-modular-orihuela-180x180.jpg 180w, https:\/\/www.europa-prefabri.com\/wp-content\/uploads\/conjunto-modular-orihuela-120x120.jpg 120w, https:\/\/www.europa-prefabri.com\/wp-content\/uploads\/conjunto-modular-orihuela-450x450.jpg 450w\" sizes=\"auto, (max-width: 80px) 100vw, 80px\" \/><\/a>\n\t\t\t<\/dt><\/dl><br style=\"clear: both\" \/>\n\t\t<\/div>\n\n<h3><strong>Europa Prefabri a fourni et mont\u00e9 un ensemble modulaire \u00e0 Orihuela (Alicante).<\/strong><\/h3>\n<p>La soci\u00e9t\u00e9 Park Therming Projects, leader en Espagne dans le secteur manufacturier de la fabrication et la commercialisation de produits \u00e0 th\u00e8me nous a fait confiance pour fabriquer un ensemble modulaire qui servira de salle \u00e0 manger et de vestiaire pour ses travailleurs. De plus, des modules ont \u00e9t\u00e9 install\u00e9s sur les trois sites de l&#8217;entreprise \u00e0 Orihuela. Au total, un ensemble modulaire, un module sanitaire, un module de bureau et un module avec parois transparentes ont \u00e9t\u00e9 install\u00e9s. Les travaux seront achev\u00e9s en mars de cette ann\u00e9e.<\/p>\n<p>Les produits fournis dans nos constructions sont compos\u00e9s d&#8217;\u00e9l\u00e9ments de qualit\u00e9 sup\u00e9rieure. Dans son premier niveau de d\u00e9veloppement, les modules propos\u00e9s sont standard, ce qui n\u2019exclue pas la fonctionnalit\u00e9 et la qualit\u00e9 des \u00e9l\u00e9ments. A partir de l\u00e0, nous apportons des am\u00e9liorations, tant au niveau de la qualit\u00e9 que du design, en incorporant d&#8217;autres mat\u00e9riaux.<\/p>\n<ul>\n<li>Tous nos mod\u00e8les sont empilables, adosables sur n&#8217;importe lequel de leurs quatre c\u00f4t\u00e9s et sont \u00e9galement d\u00e9montables, avec des joints boulonn\u00e9s, sans soudure pour l&#8217;assemblage.<\/li>\n<li>La structure m\u00e9tallique de nos modules est fondamentale pour \u00e9valuer leur qualit\u00e9 et leur durabilit\u00e9. Notre qu\u00eate est de d\u00e9velopper un produit de la plus grande simplicit\u00e9 possible. Pour cela, nous avons deux aspects qui fixent nos directives de fabrication : d&#8217;une part, le marquage de location, qui exige que le module soit robuste, puisqu&#8217;il va \u00eatre soumis \u00e0 un chargement et d\u00e9chargement continu, et d&#8217;autre part, le marquage d&#8217;exportation, o\u00f9 nous avons besoin d&#8217;un assemblage facile qui ne n\u00e9cessite pas de main d&#8217;\u0153uvre sp\u00e9cialis\u00e9e. L&#8217;assemblage doit \u00eatre facile et profiter pleinement de la capacit\u00e9 de chargement des conteneurs, car cela aura un impact sur le prix final.<\/li>\n<li>La structure de base se compose de deux profils lamin\u00e9s en U, d&#8217;une charpente de courroies et d&#8217;un syst\u00e8me d&#8217;attente pour visser les piliers du module.<\/li>\n<li>La structure du toit a \u00e9t\u00e9 r\u00e9alis\u00e9e gr\u00e2ce \u00e0 un profil galvanis\u00e9, pli\u00e9 ou profil\u00e9. De par sa conception, c&#8217;est aussi la goutti\u00e8re de collecte de l&#8217;eau et le support de fixation des panneaux de toiture et de fa\u00e7ade.<\/li>\n<li>Les colonnes sont fabriqu\u00e9es \u00e0 partir de profil\u00e9s tubulaires en acier de charpente m\u00e9tallique. Ils peuvent \u00eatre assembl\u00e9s par simple vissage sur les structures de base et de toiture.<\/li>\n<li>Les fixations ou union entre le ch\u00e2ssis de base, les piliers et la couverture sont viss\u00e9s, ils ne n\u00e9cessitent pas de soudure.<\/li>\n<li>Le tableau de sol est form\u00e9 en vissant les tableaux sur la structure m\u00e9tallique de base \u00e0 l&#8217;aide de copeaux de bois agglom\u00e9r\u00e9s.<\/li>\n<li>Le PVC de la finition est homog\u00e8ne en rouleaux, coll\u00e9s sur la planche. Cette finition de haute qualit\u00e9 permet le brossage.<\/li>\n<li>La cloison de la fa\u00e7ade est constitu\u00e9e de panneaux sandwich, avec une finition ext\u00e9rieure et int\u00e9rieure en t\u00f4le d&#8217;acier pr\u00e9laqu\u00e9 et une isolation entre les deux t\u00f4les en mousse de polyur\u00e9thane rigide de densit\u00e9 moyenne.<\/li>\n<li>La couverture est un panneau sandwich nervur\u00e9, fix\u00e9 \u00e0 la charpente du toit. Il est isol\u00e9 avec de la mousse de polyur\u00e9thane rigide de densit\u00e9 moyenne.<\/li>\n<li>Les \u00e9l\u00e9ments qui forment les divisions internes ont les m\u00eames caract\u00e9ristiques que la cloison de la fa\u00e7ade.<\/li>\n<li>Quant \u00e0 la charpente, les portes d&#8217;entr\u00e9e sont m\u00e9talliques avec finition peinture epoxy. Le syst\u00e8me de verrouillage et les ferrures sont en acier ou en aluminium. Les portes ont des fermetures de s\u00e9curit\u00e9 avec serrures. Les portes int\u00e9rieures sont m\u00e9talliques, compos\u00e9es de deux t\u00f4les d&#8217;acier au fini lisse et trait\u00e9es avec de la peinture epoxy. Les fen\u00eatres sont r\u00e9alis\u00e9es en profil\u00e9s d&#8217;aluminium extrud\u00e9, avec un traitement ext\u00e9rieur laqu\u00e9 blanc. Les fixes sont \u00e9galement r\u00e9alis\u00e9s en profil\u00e9s d&#8217;aluminium extrud\u00e9, avec un traitement ext\u00e9rieur laqu\u00e9 en blanc. Les vitres sont de 4mm d&#8217;\u00e9paisseur.<\/li>\n<li>En ce qui concerne le r\u00e9seau de distribution de plomberie, tous les modules auront des puisages d&#8217;eau en PVC. Les connexions au r\u00e9seau sont toujours aux frais du client. Les sanitaires sont des wcs en porcelaine vitrifi\u00e9e avec citerne basse et m\u00e9canismes de chargement et de d\u00e9chargement, blanches, de qualit\u00e9 moyenne et fix\u00e9es au sol au moyen de vis et de joints. Le lavabo est en porcelaine vitrifi\u00e9e sur socle, blanc, de qualit\u00e9 moyenne et est fix\u00e9 au sol par des vis et des joints d&#8217;\u00e9tanch\u00e9it\u00e9. Douche avec plateau, avec \u00e9quipement eau chaude\/froide, rideau inclus. Inclus un chauffe-eau \u00e9lectrique, au cas o\u00f9 de l&#8217;eau chaude serait n\u00e9cessaire. Le robinet est fait de laiton de qualit\u00e9 moyenne avec des sorties d&#8217;eau froide et chaude.<\/li>\n<li>L&#8217;installation \u00e9lectrique est conforme \u00e0 la r\u00e9glementation technique basse tension. Chaque ensemble modulaire dispose d&#8217;un panneau de protection. La canalisation se fera au moyen d&#8217;un c\u00e2ble en cuivre sans allog\u00e8ne en conduit PVC. Les m\u00e9canismes d&#8217;allumage et d&#8217;alimentation \u00e9lectrique auront une surface en PVC blanc.<\/li>\n<\/ul>\n","protected":false},"excerpt":{"rendered":"<p>Europa Prefabri a fourni et mont\u00e9 un ensemble modulaire \u00e0 Orihuela (Alicante). La soci\u00e9t\u00e9 Park Therming Projects, leader en Espagne dans le secteur manufacturier de la fabrication et la commercialisation de produits \u00e0 th\u00e8me nous a fait confiance pour fabriquer un ensemble modulaire qui servira de salle \u00e0 manger et de vestiaire pour ses travailleurs. [&hellip;]<\/p>\n","protected":false},"author":4,"featured_media":21602,"comment_status":"closed","ping_status":"closed","sticky":false,"template":"","format":"gallery","meta":{"footnotes":""},"categories":[413,58],"tags":[336],"class_list":["post-21553","post","type-post","status-publish","format-gallery","has-post-thumbnail","hentry","category-noticias-fr","category-projets","tag-ensemble-modulaire","post_format-post-format-gallery"],"yoast_head":"<!-- This site is optimized with the Yoast SEO plugin v27.5 - https:\/\/yoast.com\/product\/yoast-seo-wordpress\/ -->\n<title>ENSEMBLE MODULAIRE POUR SALLE \u00c0 MANGER ET VESTIAIRE<\/title>\n<meta name=\"description\" content=\"Europa Prefabri a fourni et mont\u00e9 un ensemble modulaire \u00e0 Orihuela (Alicante) qui sera utilis\u00e9 pour vestiaire et salle \u00e0 manger.\" \/>\n<meta name=\"robots\" content=\"index, follow, max-snippet:-1, max-image-preview:large, max-video-preview:-1\" \/>\n<link rel=\"canonical\" href=\"https:\/\/www.europa-prefabri.com\/fr\/ensemble-modulaire-orihuela\/\" \/>\n<meta property=\"og:locale\" content=\"fr_FR\" \/>\n<meta property=\"og:type\" content=\"article\" \/>\n<meta property=\"og:title\" content=\"ENSEMBLE MODULAIRE POUR SALLE \u00c0 MANGER ET VESTIAIRE\" \/>\n<meta property=\"og:description\" content=\"Europa Prefabri a fourni et mont\u00e9 un ensemble modulaire \u00e0 Orihuela (Alicante) qui sera utilis\u00e9 pour vestiaire et salle \u00e0 manger.\" \/>\n<meta property=\"og:url\" content=\"https:\/\/www.europa-prefabri.com\/fr\/ensemble-modulaire-orihuela\/\" \/>\n<meta property=\"og:site_name\" content=\"Europa Prefabri | Alquiler y venta de construcciones modulares\" \/>\n<meta property=\"article:publisher\" content=\"https:\/\/www.facebook.com\/Europa-Prefabri-258328977572213\/\" \/>\n<meta property=\"article:published_time\" content=\"2018-06-18T11:07:58+00:00\" \/>\n<meta property=\"article:modified_time\" content=\"2018-06-27T08:38:07+00:00\" \/>\n<meta property=\"og:image\" content=\"https:\/\/www.europa-prefabri.com\/wp-content\/uploads\/conjunto-orihuela.jpg\" \/>\n\t<meta property=\"og:image:width\" content=\"1600\" \/>\n\t<meta property=\"og:image:height\" content=\"900\" \/>\n\t<meta property=\"og:image:type\" content=\"image\/jpeg\" \/>\n<meta name=\"author\" content=\"admin\" \/>\n<meta name=\"twitter:card\" content=\"summary_large_image\" \/>\n<meta name=\"twitter:creator\" content=\"@EuropaPrefabri\" \/>\n<meta name=\"twitter:site\" content=\"@EuropaPrefabri\" \/>\n<meta name=\"twitter:label1\" content=\"Written by\" \/>\n\t<meta name=\"twitter:data1\" content=\"admin\" \/>\n\t<meta name=\"twitter:label2\" content=\"Est. reading time\" \/>\n\t<meta name=\"twitter:data2\" content=\"4 minutes\" \/>\n<script type=\"application\/ld+json\" class=\"yoast-schema-graph\">{\"@context\":\"https:\\\/\\\/schema.org\",\"@graph\":[{\"@type\":\"Article\",\"@id\":\"https:\\\/\\\/www.europa-prefabri.com\\\/fr\\\/ensemble-modulaire-orihuela\\\/#article\",\"isPartOf\":{\"@id\":\"https:\\\/\\\/www.europa-prefabri.com\\\/fr\\\/ensemble-modulaire-orihuela\\\/\"},\"author\":{\"name\":\"admin\",\"@id\":\"https:\\\/\\\/www.europa-prefabri.com\\\/#\\\/schema\\\/person\\\/2ab6be5821a7026cd8f16d2a9411e86e\"},\"headline\":\"MONTAGE D&#8217;ENSEMBLE MODULAIRE POUR SALLE \u00c0 MANGER ET VESTIAIRE\",\"datePublished\":\"2018-06-18T11:07:58+00:00\",\"dateModified\":\"2018-06-27T08:38:07+00:00\",\"mainEntityOfPage\":{\"@id\":\"https:\\\/\\\/www.europa-prefabri.com\\\/fr\\\/ensemble-modulaire-orihuela\\\/\"},\"wordCount\":879,\"publisher\":{\"@id\":\"https:\\\/\\\/www.europa-prefabri.com\\\/#organization\"},\"image\":{\"@id\":\"https:\\\/\\\/www.europa-prefabri.com\\\/fr\\\/ensemble-modulaire-orihuela\\\/#primaryimage\"},\"thumbnailUrl\":\"https:\\\/\\\/www.europa-prefabri.com\\\/wp-content\\\/uploads\\\/conjunto-orihuela.jpg\",\"keywords\":[\"ensemble modulaire\"],\"articleSection\":[\"Noticias\",\"Projets\"],\"inLanguage\":\"fr-FR\"},{\"@type\":\"WebPage\",\"@id\":\"https:\\\/\\\/www.europa-prefabri.com\\\/fr\\\/ensemble-modulaire-orihuela\\\/\",\"url\":\"https:\\\/\\\/www.europa-prefabri.com\\\/fr\\\/ensemble-modulaire-orihuela\\\/\",\"name\":\"ENSEMBLE MODULAIRE POUR SALLE \u00c0 MANGER ET VESTIAIRE\",\"isPartOf\":{\"@id\":\"https:\\\/\\\/www.europa-prefabri.com\\\/#website\"},\"primaryImageOfPage\":{\"@id\":\"https:\\\/\\\/www.europa-prefabri.com\\\/fr\\\/ensemble-modulaire-orihuela\\\/#primaryimage\"},\"image\":{\"@id\":\"https:\\\/\\\/www.europa-prefabri.com\\\/fr\\\/ensemble-modulaire-orihuela\\\/#primaryimage\"},\"thumbnailUrl\":\"https:\\\/\\\/www.europa-prefabri.com\\\/wp-content\\\/uploads\\\/conjunto-orihuela.jpg\",\"datePublished\":\"2018-06-18T11:07:58+00:00\",\"dateModified\":\"2018-06-27T08:38:07+00:00\",\"description\":\"Europa Prefabri a fourni et mont\u00e9 un ensemble modulaire \u00e0 Orihuela (Alicante) qui sera utilis\u00e9 pour vestiaire et salle \u00e0 manger.\",\"breadcrumb\":{\"@id\":\"https:\\\/\\\/www.europa-prefabri.com\\\/fr\\\/ensemble-modulaire-orihuela\\\/#breadcrumb\"},\"inLanguage\":\"fr-FR\",\"potentialAction\":[{\"@type\":\"ReadAction\",\"target\":[\"https:\\\/\\\/www.europa-prefabri.com\\\/fr\\\/ensemble-modulaire-orihuela\\\/\"]}]},{\"@type\":\"ImageObject\",\"inLanguage\":\"fr-FR\",\"@id\":\"https:\\\/\\\/www.europa-prefabri.com\\\/fr\\\/ensemble-modulaire-orihuela\\\/#primaryimage\",\"url\":\"https:\\\/\\\/www.europa-prefabri.com\\\/wp-content\\\/uploads\\\/conjunto-orihuela.jpg\",\"contentUrl\":\"https:\\\/\\\/www.europa-prefabri.com\\\/wp-content\\\/uploads\\\/conjunto-orihuela.jpg\",\"width\":1600,\"height\":900,\"caption\":\"ensemble modulaire\"},{\"@type\":\"BreadcrumbList\",\"@id\":\"https:\\\/\\\/www.europa-prefabri.com\\\/fr\\\/ensemble-modulaire-orihuela\\\/#breadcrumb\",\"itemListElement\":[{\"@type\":\"ListItem\",\"position\":1,\"name\":\"Portada\",\"item\":\"https:\\\/\\\/www.europa-prefabri.com\\\/fr\\\/\"},{\"@type\":\"ListItem\",\"position\":2,\"name\":\"MONTAGE D&rsquo;ENSEMBLE MODULAIRE POUR SALLE \u00c0 MANGER ET VESTIAIRE\"}]},{\"@type\":\"WebSite\",\"@id\":\"https:\\\/\\\/www.europa-prefabri.com\\\/#website\",\"url\":\"https:\\\/\\\/www.europa-prefabri.com\\\/\",\"name\":\"Europa Prefabri | Alquiler y venta de construcciones modulares\",\"description\":\"Alquiler y venta de construcciones modulares, casetas de obra, marquesinas de aparcamiento y vallas y cerramientos.\",\"publisher\":{\"@id\":\"https:\\\/\\\/www.europa-prefabri.com\\\/#organization\"},\"potentialAction\":[{\"@type\":\"SearchAction\",\"target\":{\"@type\":\"EntryPoint\",\"urlTemplate\":\"https:\\\/\\\/www.europa-prefabri.com\\\/?s={search_term_string}\"},\"query-input\":{\"@type\":\"PropertyValueSpecification\",\"valueRequired\":true,\"valueName\":\"search_term_string\"}}],\"inLanguage\":\"fr-FR\"},{\"@type\":\"Organization\",\"@id\":\"https:\\\/\\\/www.europa-prefabri.com\\\/#organization\",\"name\":\"Prefabri S.L.\",\"url\":\"https:\\\/\\\/www.europa-prefabri.com\\\/\",\"logo\":{\"@type\":\"ImageObject\",\"inLanguage\":\"fr-FR\",\"@id\":\"https:\\\/\\\/www.europa-prefabri.com\\\/#\\\/schema\\\/logo\\\/image\\\/\",\"url\":\"https:\\\/\\\/www.europa-prefabri.com\\\/wp-content\\\/uploads\\\/EuropaPrefabri-Logo.jpg\",\"contentUrl\":\"https:\\\/\\\/www.europa-prefabri.com\\\/wp-content\\\/uploads\\\/EuropaPrefabri-Logo.jpg\",\"width\":752,\"height\":348,\"caption\":\"Prefabri S.L.\"},\"image\":{\"@id\":\"https:\\\/\\\/www.europa-prefabri.com\\\/#\\\/schema\\\/logo\\\/image\\\/\"},\"sameAs\":[\"https:\\\/\\\/www.facebook.com\\\/Europa-Prefabri-258328977572213\\\/\",\"https:\\\/\\\/x.com\\\/EuropaPrefabri\",\"https:\\\/\\\/www.instagram.com\\\/europaprefabri\\\/\",\"https:\\\/\\\/es.linkedin.com\\\/company\\\/europa-prefabri\",\"https:\\\/\\\/es.pinterest.com\\\/europaprefabri\\\/\",\"https:\\\/\\\/www.youtube.com\\\/user\\\/PrefabriSL\"]},{\"@type\":\"Person\",\"@id\":\"https:\\\/\\\/www.europa-prefabri.com\\\/#\\\/schema\\\/person\\\/2ab6be5821a7026cd8f16d2a9411e86e\",\"name\":\"admin\",\"image\":{\"@type\":\"ImageObject\",\"inLanguage\":\"fr-FR\",\"@id\":\"https:\\\/\\\/secure.gravatar.com\\\/avatar\\\/dc55d3f4b941a1510eef2620b2c166513788bd88ef72341333b6d0a859bacd3c?s=96&d=mm&r=g\",\"url\":\"https:\\\/\\\/secure.gravatar.com\\\/avatar\\\/dc55d3f4b941a1510eef2620b2c166513788bd88ef72341333b6d0a859bacd3c?s=96&d=mm&r=g\",\"contentUrl\":\"https:\\\/\\\/secure.gravatar.com\\\/avatar\\\/dc55d3f4b941a1510eef2620b2c166513788bd88ef72341333b6d0a859bacd3c?s=96&d=mm&r=g\",\"caption\":\"admin\"},\"sameAs\":[\"https:\\\/\\\/www.europa-prefabri.com\",\"https:\\\/\\\/x.com\\\/@EuropaPrefabri\"]}]}<\/script>\n<!-- \/ Yoast SEO plugin. -->","yoast_head_json":{"title":"ENSEMBLE MODULAIRE POUR SALLE \u00c0 MANGER ET VESTIAIRE","description":"Europa Prefabri a fourni et mont\u00e9 un ensemble modulaire \u00e0 Orihuela (Alicante) qui sera utilis\u00e9 pour vestiaire et salle \u00e0 manger.","robots":{"index":"index","follow":"follow","max-snippet":"max-snippet:-1","max-image-preview":"max-image-preview:large","max-video-preview":"max-video-preview:-1"},"canonical":"https:\/\/www.europa-prefabri.com\/fr\/ensemble-modulaire-orihuela\/","og_locale":"fr_FR","og_type":"article","og_title":"ENSEMBLE MODULAIRE POUR SALLE \u00c0 MANGER ET VESTIAIRE","og_description":"Europa Prefabri a fourni et mont\u00e9 un ensemble modulaire \u00e0 Orihuela (Alicante) qui sera utilis\u00e9 pour vestiaire et salle \u00e0 manger.","og_url":"https:\/\/www.europa-prefabri.com\/fr\/ensemble-modulaire-orihuela\/","og_site_name":"Europa Prefabri | Alquiler y venta de construcciones modulares","article_publisher":"https:\/\/www.facebook.com\/Europa-Prefabri-258328977572213\/","article_published_time":"2018-06-18T11:07:58+00:00","article_modified_time":"2018-06-27T08:38:07+00:00","og_image":[{"width":1600,"height":900,"url":"https:\/\/www.europa-prefabri.com\/wp-content\/uploads\/conjunto-orihuela.jpg","type":"image\/jpeg"}],"author":"admin","twitter_card":"summary_large_image","twitter_creator":"@EuropaPrefabri","twitter_site":"@EuropaPrefabri","twitter_misc":{"Written by":"admin","Est. reading time":"4 minutes"},"schema":{"@context":"https:\/\/schema.org","@graph":[{"@type":"Article","@id":"https:\/\/www.europa-prefabri.com\/fr\/ensemble-modulaire-orihuela\/#article","isPartOf":{"@id":"https:\/\/www.europa-prefabri.com\/fr\/ensemble-modulaire-orihuela\/"},"author":{"name":"admin","@id":"https:\/\/www.europa-prefabri.com\/#\/schema\/person\/2ab6be5821a7026cd8f16d2a9411e86e"},"headline":"MONTAGE D&#8217;ENSEMBLE MODULAIRE POUR SALLE \u00c0 MANGER ET VESTIAIRE","datePublished":"2018-06-18T11:07:58+00:00","dateModified":"2018-06-27T08:38:07+00:00","mainEntityOfPage":{"@id":"https:\/\/www.europa-prefabri.com\/fr\/ensemble-modulaire-orihuela\/"},"wordCount":879,"publisher":{"@id":"https:\/\/www.europa-prefabri.com\/#organization"},"image":{"@id":"https:\/\/www.europa-prefabri.com\/fr\/ensemble-modulaire-orihuela\/#primaryimage"},"thumbnailUrl":"https:\/\/www.europa-prefabri.com\/wp-content\/uploads\/conjunto-orihuela.jpg","keywords":["ensemble modulaire"],"articleSection":["Noticias","Projets"],"inLanguage":"fr-FR"},{"@type":"WebPage","@id":"https:\/\/www.europa-prefabri.com\/fr\/ensemble-modulaire-orihuela\/","url":"https:\/\/www.europa-prefabri.com\/fr\/ensemble-modulaire-orihuela\/","name":"ENSEMBLE MODULAIRE POUR SALLE \u00c0 MANGER ET VESTIAIRE","isPartOf":{"@id":"https:\/\/www.europa-prefabri.com\/#website"},"primaryImageOfPage":{"@id":"https:\/\/www.europa-prefabri.com\/fr\/ensemble-modulaire-orihuela\/#primaryimage"},"image":{"@id":"https:\/\/www.europa-prefabri.com\/fr\/ensemble-modulaire-orihuela\/#primaryimage"},"thumbnailUrl":"https:\/\/www.europa-prefabri.com\/wp-content\/uploads\/conjunto-orihuela.jpg","datePublished":"2018-06-18T11:07:58+00:00","dateModified":"2018-06-27T08:38:07+00:00","description":"Europa Prefabri a fourni et mont\u00e9 un ensemble modulaire \u00e0 Orihuela (Alicante) qui sera utilis\u00e9 pour vestiaire et salle \u00e0 manger.","breadcrumb":{"@id":"https:\/\/www.europa-prefabri.com\/fr\/ensemble-modulaire-orihuela\/#breadcrumb"},"inLanguage":"fr-FR","potentialAction":[{"@type":"ReadAction","target":["https:\/\/www.europa-prefabri.com\/fr\/ensemble-modulaire-orihuela\/"]}]},{"@type":"ImageObject","inLanguage":"fr-FR","@id":"https:\/\/www.europa-prefabri.com\/fr\/ensemble-modulaire-orihuela\/#primaryimage","url":"https:\/\/www.europa-prefabri.com\/wp-content\/uploads\/conjunto-orihuela.jpg","contentUrl":"https:\/\/www.europa-prefabri.com\/wp-content\/uploads\/conjunto-orihuela.jpg","width":1600,"height":900,"caption":"ensemble modulaire"},{"@type":"BreadcrumbList","@id":"https:\/\/www.europa-prefabri.com\/fr\/ensemble-modulaire-orihuela\/#breadcrumb","itemListElement":[{"@type":"ListItem","position":1,"name":"Portada","item":"https:\/\/www.europa-prefabri.com\/fr\/"},{"@type":"ListItem","position":2,"name":"MONTAGE D&rsquo;ENSEMBLE MODULAIRE POUR SALLE \u00c0 MANGER ET VESTIAIRE"}]},{"@type":"WebSite","@id":"https:\/\/www.europa-prefabri.com\/#website","url":"https:\/\/www.europa-prefabri.com\/","name":"Europa Prefabri | Alquiler y venta de construcciones modulares","description":"Alquiler y venta de construcciones modulares, casetas de obra, marquesinas de aparcamiento y vallas y cerramientos.","publisher":{"@id":"https:\/\/www.europa-prefabri.com\/#organization"},"potentialAction":[{"@type":"SearchAction","target":{"@type":"EntryPoint","urlTemplate":"https:\/\/www.europa-prefabri.com\/?s={search_term_string}"},"query-input":{"@type":"PropertyValueSpecification","valueRequired":true,"valueName":"search_term_string"}}],"inLanguage":"fr-FR"},{"@type":"Organization","@id":"https:\/\/www.europa-prefabri.com\/#organization","name":"Prefabri S.L.","url":"https:\/\/www.europa-prefabri.com\/","logo":{"@type":"ImageObject","inLanguage":"fr-FR","@id":"https:\/\/www.europa-prefabri.com\/#\/schema\/logo\/image\/","url":"https:\/\/www.europa-prefabri.com\/wp-content\/uploads\/EuropaPrefabri-Logo.jpg","contentUrl":"https:\/\/www.europa-prefabri.com\/wp-content\/uploads\/EuropaPrefabri-Logo.jpg","width":752,"height":348,"caption":"Prefabri S.L."},"image":{"@id":"https:\/\/www.europa-prefabri.com\/#\/schema\/logo\/image\/"},"sameAs":["https:\/\/www.facebook.com\/Europa-Prefabri-258328977572213\/","https:\/\/x.com\/EuropaPrefabri","https:\/\/www.instagram.com\/europaprefabri\/","https:\/\/es.linkedin.com\/company\/europa-prefabri","https:\/\/es.pinterest.com\/europaprefabri\/","https:\/\/www.youtube.com\/user\/PrefabriSL"]},{"@type":"Person","@id":"https:\/\/www.europa-prefabri.com\/#\/schema\/person\/2ab6be5821a7026cd8f16d2a9411e86e","name":"admin","image":{"@type":"ImageObject","inLanguage":"fr-FR","@id":"https:\/\/secure.gravatar.com\/avatar\/dc55d3f4b941a1510eef2620b2c166513788bd88ef72341333b6d0a859bacd3c?s=96&d=mm&r=g","url":"https:\/\/secure.gravatar.com\/avatar\/dc55d3f4b941a1510eef2620b2c166513788bd88ef72341333b6d0a859bacd3c?s=96&d=mm&r=g","contentUrl":"https:\/\/secure.gravatar.com\/avatar\/dc55d3f4b941a1510eef2620b2c166513788bd88ef72341333b6d0a859bacd3c?s=96&d=mm&r=g","caption":"admin"},"sameAs":["https:\/\/www.europa-prefabri.com","https:\/\/x.com\/@EuropaPrefabri"]}]}},"_links":{"self":[{"href":"https:\/\/www.europa-prefabri.com\/fr\/wp-json\/wp\/v2\/posts\/21553","targetHints":{"allow":["GET"]}}],"collection":[{"href":"https:\/\/www.europa-prefabri.com\/fr\/wp-json\/wp\/v2\/posts"}],"about":[{"href":"https:\/\/www.europa-prefabri.com\/fr\/wp-json\/wp\/v2\/types\/post"}],"author":[{"embeddable":true,"href":"https:\/\/www.europa-prefabri.com\/fr\/wp-json\/wp\/v2\/users\/4"}],"replies":[{"embeddable":true,"href":"https:\/\/www.europa-prefabri.com\/fr\/wp-json\/wp\/v2\/comments?post=21553"}],"version-history":[{"count":0,"href":"https:\/\/www.europa-prefabri.com\/fr\/wp-json\/wp\/v2\/posts\/21553\/revisions"}],"wp:featuredmedia":[{"embeddable":true,"href":"https:\/\/www.europa-prefabri.com\/fr\/wp-json\/wp\/v2\/media\/21602"}],"wp:attachment":[{"href":"https:\/\/www.europa-prefabri.com\/fr\/wp-json\/wp\/v2\/media?parent=21553"}],"wp:term":[{"taxonomy":"category","embeddable":true,"href":"https:\/\/www.europa-prefabri.com\/fr\/wp-json\/wp\/v2\/categories?post=21553"},{"taxonomy":"post_tag","embeddable":true,"href":"https:\/\/www.europa-prefabri.com\/fr\/wp-json\/wp\/v2\/tags?post=21553"}],"curies":[{"name":"wp","href":"https:\/\/api.w.org\/{rel}","templated":true}]}}