{"id":20589,"date":"2018-02-23T13:32:31","date_gmt":"2018-02-23T12:32:31","guid":{"rendered":"http:\/\/www.europa-prefabri.com\/europa-prefabri-vuelve-participar-en-el-festival-de-vina-rock\/"},"modified":"2025-01-31T13:22:17","modified_gmt":"2025-01-31T12:22:17","slug":"abris-de-chantier-vinarock","status":"publish","type":"post","link":"https:\/\/www.europa-prefabri.com\/fr\/abris-de-chantier-vinarock\/","title":{"rendered":"Europa Prefabri participe encore une fois au Vi\u00f1a Rock Festival"},"content":{"rendered":"<p>Cette ann\u00e9e encore, les organisateurs du festival Vi\u00f1a Rock ont fait confiance au groupe Europa Prefabri pour fournir les abris de chantier et les modules pr\u00e9fabriqu\u00e9s n\u00e9cessaires au bon fonctionnement de l&#8217;\u00e9v\u00e9nement.<\/p>\n<h2><span style=\"font-family: georgia, palatino, serif;\">Europa Prefabri au festival Vi\u00f1a Rock\u00a0: abris de chantier et modules pr\u00e9fabriqu\u00e9s<\/span><\/h2>\n<p><img loading=\"lazy\" decoding=\"async\" class=\"aligncenter wp-image-15941 size-full\" src=\"https:\/\/www.europa-prefabri.com\/wp-content\/uploads\/vinarock-2017-modulo-evento.jpg\" alt=\"abris de chantier\" width=\"800\" height=\"600\" \/><\/p>\n<p>Le Groupe Europa Prefabri fournira des abris de chantier et modules pr\u00e9fabriqu\u00e9s pour l\u2019\u00e9v\u00e9nement. Ces modules seront utilis\u00e9s comme logement pr\u00e9fabriqu\u00e9, bureau modulable, espaces de stockages, cabine pour infirmerie, postes de surveillances, cabines de production, modules pour la presse, kiosques de nourriture, espace de vente, module pour le merchandising,\u2026<\/p>\n<p>La versatilit\u00e9 de la construction modulaire permet que nos modules pr\u00e9fabriqu\u00e9s puissent r\u00e9pondre \u00e0 une multitude d\u2019usages en s\u2019adaptant \u00e0 chaque n\u00e9cessit\u00e9.<\/p>\n<h3><strong>Vi\u00f1arock 2018<\/strong><\/h3>\n<p>&nbsp;<\/p>\n<blockquote class=\"instagram-media\" style=\"background: #FFF; border: 0; border-radius: 3px; box-shadow: 0 0 1px 0 rgba(0,0,0,0.5),0 1px 10px 0 rgba(0,0,0,0.15); margin: 1px; max-width: 658px; padding: 0; width: calc(100% - 2px);\" data-instgrm-captioned=\"\" data-instgrm-permalink=\"https:\/\/www.instagram.com\/p\/Beu3NRMHprj\/\" data-instgrm-version=\"8\">\n<div style=\"padding: 8px;\">\n<div style=\"background: #F8F8F8; line-height: 0; margin-top: 40px; padding: 50.0% 0; text-align: center; width: 100%;\">\n<div style=\"background: url(data:image\/png; base64,ivborw0kggoaaaansuheugaaacwaaaascamaaaapwqozaaaabgdbtueaalgpc\/xhbqaaaafzukdcak7ohokaaaamuexurczmzpf399fx1+bm5mzy9amaaadisurbvdjlvzxbesmgces5\/p8\/t9furvcrmu73jwlzosgsiizurcjo\/ad+eqjjb4hv8bft+idpqocx1wjosbfhh2xssxeiyn3uli\/6mnree07uiwjev8ueowds88ly97kqytlijkktuybbruayvh5wohixmpi5we58ek028czwyuqdlkpg1bkb4nnm+veanfhqn1k4+gpt6ugqcvu2h2ovuif\/gwufyy8owepdyzsa3avcqpvovvzzz2vtnn2wu8qzvjddeto90gsy9mvlqtgysy231mxry6i2ggqjrty0l8fxcxfcbbhwrsyyaaaaaelftksuqmcc); display: block; height: 44px; margin: 0 auto -44px; position: relative; top: -22px; width: 44px;\"><\/div>\n<\/div>\n<p style=\"margin: 8px 0 0 0; padding: 0 4px;\"><a style=\"color: #000; font-family: Arial,sans-serif; font-size: 14px; font-style: normal; font-weight: normal; line-height: 17px; text-decoration: none; word-wrap: break-word;\" href=\"https:\/\/www.instagram.com\/p\/Beu3NRMHprj\/\" target=\"_blank\" rel=\"noopener\">@laraizband , @soziedad_alkoholika_oficial , @warcryoficial , @riotpropaganda_ , @muchachito_bombo , @sfdkoficial , @natos_y_waor , @totekingoficial , @shohai_real , @soyrayden , @morodostyleoficial , @lagrimasdesangre_oficial , @fyahbwoy , @greenvalleyband , @beret1996 , @iseododosound y muchos m\u00e1s artistas van a hacer que esta edici\u00f3n de #Vi\u00f1aRock sea inolvidable Abonos a la venta en vina-rock.com\/entradas<\/a><\/p>\n<p style=\"color: #c9c8cd; font-family: Arial,sans-serif; font-size: 14px; line-height: 17px; margin-bottom: 0; margin-top: 8px; overflow: hidden; padding: 8px 0 7px; text-align: center; text-overflow: ellipsis; white-space: nowrap;\">Una publicaci\u00f3n compartida de <a style=\"color: #c9c8cd; font-family: Arial,sans-serif; font-size: 14px; font-style: normal; font-weight: normal; line-height: 17px;\" href=\"https:\/\/www.instagram.com\/vinarockoficial\/\" target=\"_blank\" rel=\"noopener\"> Vi\u00f1a Rock<\/a> (@vinarockoficial) el <time style=\"font-family: Arial,sans-serif; font-size: 14px; line-height: 17px;\" datetime=\"2018-02-03T11:05:33+00:00\">Feb 3, 2018 at 3:05 PST<\/time><\/p>\n<\/div>\n<\/blockquote>\n<p><script async defer src=\"\/\/www.instagram.com\/embed.js\"><\/script><\/p>\n<p>\u00c7a sera la sixi\u00e8me \u00e9dition cons\u00e9cutive qu\u2019Europa Prefabri participe au <a href=\"https:\/\/www.vina-rock.com\/\">Vi\u00f1a Rock<\/a> en fournissant des abris de chantier. Cette ann\u00e9e le festival se d\u00e9roulera le 28, 29 et 30 Avril.<\/p>\n<p>L\u2019<strong>\u00e9dition 2018<\/strong> du Vi\u00f1a Rock comptera la participation d\u2019artistes et groupes tels que Soziedad Alkoholika, Muchachito Bombo Infierno, Boikot, La Ra\u00edz, Juanito Makand\u00e9, El Canijo de Jerez, Kaotiko, Def Con Dos, Auxili, Natos y Waor, SFDK, Kidd Keo, Morodo, Dubioza kolektiv, Stravaganzza, Warcry, El \u00daltimo Ke Zierre, Hamlet, Sho Hai, La Pegatina, Narco, Txarango, Medina Azahara\u2026<\/p>\n<h2><strong>Autres \u00e9ditions de Vi\u00f1a Rock<\/strong><\/h2>\n<p>L&#8217;organisation du festival a indique que Vi\u00f1a Rock 2017 a g\u00e9n\u00e9r\u00e9 un impact \u00e9conomique de plus de 17 millions d&#8217;euros \u00e0 la fois \u00e0 Villarrobledo et dans la province d&#8217;Albacete et a cr\u00e9\u00e9 plus de 1.500 emplois directs et indirects.<\/p>\n<p>Si vous voulez voir d&#8217;autres \u00e9ditions auxquelles nous avons particip\u00e9, nous vous pr\u00e9sentons les articles de <strong>Vi\u00f1a Rock 2013<\/strong>, <strong><a href=\"\/?p=3815\">Vi\u00f1a Rock 2014<\/a><\/strong>, <strong><a href=\"\/?p=8654\">Vi\u00f1a Rock 2015<\/a><\/strong>, <strong>Vi\u00f1a Rock 2016<\/strong> et <strong><a href=\"\/?p=15990\">Vi\u00f1a Rock 2017<\/a><\/strong>.<\/p>\n<p>&nbsp;<\/p>\n","protected":false},"excerpt":{"rendered":"<p>Cette ann\u00e9e encore, les organisateurs du festival Vi\u00f1a Rock ont fait confiance au groupe Europa Prefabri pour fournir les abris de chantier et les modules pr\u00e9fabriqu\u00e9s n\u00e9cessaires au bon fonctionnement de l&#8217;\u00e9v\u00e9nement. Europa Prefabri au festival Vi\u00f1a Rock\u00a0: abris de chantier et modules pr\u00e9fabriqu\u00e9s Le Groupe Europa Prefabri fournira des abris de chantier et modules [&hellip;]<\/p>\n","protected":false},"author":4,"featured_media":20122,"comment_status":"closed","ping_status":"closed","sticky":false,"template":"","format":"standard","meta":{"footnotes":""},"categories":[413,58],"tags":[110,471,123,154,437],"class_list":["post-20589","post","type-post","status-publish","format-standard","has-post-thumbnail","hentry","category-noticias-fr","category-projets","tag-festival","tag-festivales-fr","tag-modules-pour-evenements","tag-modules-prefabriques","tag-modulos-prefabricados-fr"],"yoast_head":"<!-- This site is optimized with the Yoast SEO plugin v27.5 - https:\/\/yoast.com\/product\/yoast-seo-wordpress\/ -->\n<title>Europa Prefabri fournit abris de chantier encore une fois au Vi\u00f1a Rock<\/title>\n<meta name=\"description\" content=\"Cette ann\u00e9e encore, les organisateurs du festival Vi\u00f1a Rock ont fait confiance au groupe Europa Prefabri pour fournir les abris de chantier et les modules pr\u00e9fabriqu\u00e9s n\u00e9cessaires au bon fonctionnement de l&#039;\u00e9v\u00e9nement.\" \/>\n<meta name=\"robots\" content=\"index, follow, max-snippet:-1, max-image-preview:large, max-video-preview:-1\" \/>\n<link rel=\"canonical\" href=\"https:\/\/www.europa-prefabri.com\/fr\/abris-de-chantier-vinarock\/\" \/>\n<meta property=\"og:locale\" content=\"fr_FR\" \/>\n<meta property=\"og:type\" content=\"article\" \/>\n<meta property=\"og:title\" content=\"Europa Prefabri fournit abris de chantier encore une fois au Vi\u00f1a Rock\" \/>\n<meta property=\"og:description\" content=\"Cette ann\u00e9e encore, les organisateurs du festival Vi\u00f1a Rock ont fait confiance au groupe Europa Prefabri pour fournir les abris de chantier et les modules pr\u00e9fabriqu\u00e9s n\u00e9cessaires au bon fonctionnement de l&#039;\u00e9v\u00e9nement.\" \/>\n<meta property=\"og:url\" content=\"https:\/\/www.europa-prefabri.com\/fr\/abris-de-chantier-vinarock\/\" \/>\n<meta property=\"og:site_name\" content=\"Europa Prefabri | Alquiler y venta de construcciones modulares\" \/>\n<meta property=\"article:publisher\" content=\"https:\/\/www.facebook.com\/Europa-Prefabri-258328977572213\/\" \/>\n<meta property=\"article:published_time\" content=\"2018-02-23T12:32:31+00:00\" \/>\n<meta property=\"article:modified_time\" content=\"2025-01-31T12:22:17+00:00\" \/>\n<meta property=\"og:image\" content=\"https:\/\/www.europa-prefabri.com\/wp-content\/uploads\/vi\u00f1a-rock-2018.jpg\" \/>\n\t<meta property=\"og:image:width\" content=\"800\" \/>\n\t<meta property=\"og:image:height\" content=\"600\" \/>\n\t<meta property=\"og:image:type\" content=\"image\/jpeg\" \/>\n<meta name=\"author\" content=\"admin\" \/>\n<meta name=\"twitter:card\" content=\"summary_large_image\" \/>\n<meta name=\"twitter:creator\" content=\"@EuropaPrefabri\" \/>\n<meta name=\"twitter:site\" content=\"@EuropaPrefabri\" \/>\n<meta name=\"twitter:label1\" content=\"Written by\" \/>\n\t<meta name=\"twitter:data1\" content=\"admin\" \/>\n\t<meta name=\"twitter:label2\" content=\"Est. reading time\" \/>\n\t<meta name=\"twitter:data2\" content=\"2 minutes\" \/>\n<script type=\"application\/ld+json\" class=\"yoast-schema-graph\">{\"@context\":\"https:\\\/\\\/schema.org\",\"@graph\":[{\"@type\":\"Article\",\"@id\":\"https:\\\/\\\/www.europa-prefabri.com\\\/fr\\\/abris-de-chantier-vinarock\\\/#article\",\"isPartOf\":{\"@id\":\"https:\\\/\\\/www.europa-prefabri.com\\\/fr\\\/abris-de-chantier-vinarock\\\/\"},\"author\":{\"name\":\"admin\",\"@id\":\"https:\\\/\\\/www.europa-prefabri.com\\\/#\\\/schema\\\/person\\\/2ab6be5821a7026cd8f16d2a9411e86e\"},\"headline\":\"Europa Prefabri participe encore une fois au Vi\u00f1a Rock Festival\",\"datePublished\":\"2018-02-23T12:32:31+00:00\",\"dateModified\":\"2025-01-31T12:22:17+00:00\",\"mainEntityOfPage\":{\"@id\":\"https:\\\/\\\/www.europa-prefabri.com\\\/fr\\\/abris-de-chantier-vinarock\\\/\"},\"wordCount\":380,\"publisher\":{\"@id\":\"https:\\\/\\\/www.europa-prefabri.com\\\/#organization\"},\"image\":{\"@id\":\"https:\\\/\\\/www.europa-prefabri.com\\\/fr\\\/abris-de-chantier-vinarock\\\/#primaryimage\"},\"thumbnailUrl\":\"https:\\\/\\\/www.europa-prefabri.com\\\/wp-content\\\/uploads\\\/vi\u00f1a-rock-2018.jpg\",\"keywords\":[\"FESTIVAL\",\"FESTIVALES\",\"MODULES POUR \u00c9VENEMENTS\",\"modules pr\u00e9fabriqu\u00e9s\",\"MODULOS PREFABRICADOS\"],\"articleSection\":[\"Noticias\",\"Projets\"],\"inLanguage\":\"fr-FR\"},{\"@type\":\"WebPage\",\"@id\":\"https:\\\/\\\/www.europa-prefabri.com\\\/fr\\\/abris-de-chantier-vinarock\\\/\",\"url\":\"https:\\\/\\\/www.europa-prefabri.com\\\/fr\\\/abris-de-chantier-vinarock\\\/\",\"name\":\"Europa Prefabri fournit abris de chantier encore une fois au Vi\u00f1a Rock\",\"isPartOf\":{\"@id\":\"https:\\\/\\\/www.europa-prefabri.com\\\/#website\"},\"primaryImageOfPage\":{\"@id\":\"https:\\\/\\\/www.europa-prefabri.com\\\/fr\\\/abris-de-chantier-vinarock\\\/#primaryimage\"},\"image\":{\"@id\":\"https:\\\/\\\/www.europa-prefabri.com\\\/fr\\\/abris-de-chantier-vinarock\\\/#primaryimage\"},\"thumbnailUrl\":\"https:\\\/\\\/www.europa-prefabri.com\\\/wp-content\\\/uploads\\\/vi\u00f1a-rock-2018.jpg\",\"datePublished\":\"2018-02-23T12:32:31+00:00\",\"dateModified\":\"2025-01-31T12:22:17+00:00\",\"description\":\"Cette ann\u00e9e encore, les organisateurs du festival Vi\u00f1a Rock ont fait confiance au groupe Europa Prefabri pour fournir les abris de chantier et les modules pr\u00e9fabriqu\u00e9s n\u00e9cessaires au bon fonctionnement de l'\u00e9v\u00e9nement.\",\"breadcrumb\":{\"@id\":\"https:\\\/\\\/www.europa-prefabri.com\\\/fr\\\/abris-de-chantier-vinarock\\\/#breadcrumb\"},\"inLanguage\":\"fr-FR\",\"potentialAction\":[{\"@type\":\"ReadAction\",\"target\":[\"https:\\\/\\\/www.europa-prefabri.com\\\/fr\\\/abris-de-chantier-vinarock\\\/\"]}]},{\"@type\":\"ImageObject\",\"inLanguage\":\"fr-FR\",\"@id\":\"https:\\\/\\\/www.europa-prefabri.com\\\/fr\\\/abris-de-chantier-vinarock\\\/#primaryimage\",\"url\":\"https:\\\/\\\/www.europa-prefabri.com\\\/wp-content\\\/uploads\\\/vi\u00f1a-rock-2018.jpg\",\"contentUrl\":\"https:\\\/\\\/www.europa-prefabri.com\\\/wp-content\\\/uploads\\\/vi\u00f1a-rock-2018.jpg\",\"width\":800,\"height\":600,\"caption\":\"festival de vi\u00f1a rock 2018\"},{\"@type\":\"BreadcrumbList\",\"@id\":\"https:\\\/\\\/www.europa-prefabri.com\\\/fr\\\/abris-de-chantier-vinarock\\\/#breadcrumb\",\"itemListElement\":[{\"@type\":\"ListItem\",\"position\":1,\"name\":\"Portada\",\"item\":\"https:\\\/\\\/www.europa-prefabri.com\\\/fr\\\/\"},{\"@type\":\"ListItem\",\"position\":2,\"name\":\"Europa Prefabri participe encore une fois au Vi\u00f1a Rock Festival\"}]},{\"@type\":\"WebSite\",\"@id\":\"https:\\\/\\\/www.europa-prefabri.com\\\/#website\",\"url\":\"https:\\\/\\\/www.europa-prefabri.com\\\/\",\"name\":\"Europa Prefabri | Alquiler y venta de construcciones modulares\",\"description\":\"Alquiler y venta de construcciones modulares, casetas de obra, marquesinas de aparcamiento y vallas y cerramientos.\",\"publisher\":{\"@id\":\"https:\\\/\\\/www.europa-prefabri.com\\\/#organization\"},\"potentialAction\":[{\"@type\":\"SearchAction\",\"target\":{\"@type\":\"EntryPoint\",\"urlTemplate\":\"https:\\\/\\\/www.europa-prefabri.com\\\/?s={search_term_string}\"},\"query-input\":{\"@type\":\"PropertyValueSpecification\",\"valueRequired\":true,\"valueName\":\"search_term_string\"}}],\"inLanguage\":\"fr-FR\"},{\"@type\":\"Organization\",\"@id\":\"https:\\\/\\\/www.europa-prefabri.com\\\/#organization\",\"name\":\"Prefabri S.L.\",\"url\":\"https:\\\/\\\/www.europa-prefabri.com\\\/\",\"logo\":{\"@type\":\"ImageObject\",\"inLanguage\":\"fr-FR\",\"@id\":\"https:\\\/\\\/www.europa-prefabri.com\\\/#\\\/schema\\\/logo\\\/image\\\/\",\"url\":\"https:\\\/\\\/www.europa-prefabri.com\\\/wp-content\\\/uploads\\\/EuropaPrefabri-Logo.jpg\",\"contentUrl\":\"https:\\\/\\\/www.europa-prefabri.com\\\/wp-content\\\/uploads\\\/EuropaPrefabri-Logo.jpg\",\"width\":752,\"height\":348,\"caption\":\"Prefabri S.L.\"},\"image\":{\"@id\":\"https:\\\/\\\/www.europa-prefabri.com\\\/#\\\/schema\\\/logo\\\/image\\\/\"},\"sameAs\":[\"https:\\\/\\\/www.facebook.com\\\/Europa-Prefabri-258328977572213\\\/\",\"https:\\\/\\\/x.com\\\/EuropaPrefabri\",\"https:\\\/\\\/www.instagram.com\\\/europaprefabri\\\/\",\"https:\\\/\\\/es.linkedin.com\\\/company\\\/europa-prefabri\",\"https:\\\/\\\/es.pinterest.com\\\/europaprefabri\\\/\",\"https:\\\/\\\/www.youtube.com\\\/user\\\/PrefabriSL\"]},{\"@type\":\"Person\",\"@id\":\"https:\\\/\\\/www.europa-prefabri.com\\\/#\\\/schema\\\/person\\\/2ab6be5821a7026cd8f16d2a9411e86e\",\"name\":\"admin\",\"image\":{\"@type\":\"ImageObject\",\"inLanguage\":\"fr-FR\",\"@id\":\"https:\\\/\\\/secure.gravatar.com\\\/avatar\\\/dc55d3f4b941a1510eef2620b2c166513788bd88ef72341333b6d0a859bacd3c?s=96&d=mm&r=g\",\"url\":\"https:\\\/\\\/secure.gravatar.com\\\/avatar\\\/dc55d3f4b941a1510eef2620b2c166513788bd88ef72341333b6d0a859bacd3c?s=96&d=mm&r=g\",\"contentUrl\":\"https:\\\/\\\/secure.gravatar.com\\\/avatar\\\/dc55d3f4b941a1510eef2620b2c166513788bd88ef72341333b6d0a859bacd3c?s=96&d=mm&r=g\",\"caption\":\"admin\"},\"sameAs\":[\"https:\\\/\\\/www.europa-prefabri.com\",\"https:\\\/\\\/x.com\\\/@EuropaPrefabri\"]}]}<\/script>\n<!-- \/ Yoast SEO plugin. -->","yoast_head_json":{"title":"Europa Prefabri fournit abris de chantier encore une fois au Vi\u00f1a Rock","description":"Cette ann\u00e9e encore, les organisateurs du festival Vi\u00f1a Rock ont fait confiance au groupe Europa Prefabri pour fournir les abris de chantier et les modules pr\u00e9fabriqu\u00e9s n\u00e9cessaires au bon fonctionnement de l'\u00e9v\u00e9nement.","robots":{"index":"index","follow":"follow","max-snippet":"max-snippet:-1","max-image-preview":"max-image-preview:large","max-video-preview":"max-video-preview:-1"},"canonical":"https:\/\/www.europa-prefabri.com\/fr\/abris-de-chantier-vinarock\/","og_locale":"fr_FR","og_type":"article","og_title":"Europa Prefabri fournit abris de chantier encore une fois au Vi\u00f1a Rock","og_description":"Cette ann\u00e9e encore, les organisateurs du festival Vi\u00f1a Rock ont fait confiance au groupe Europa Prefabri pour fournir les abris de chantier et les modules pr\u00e9fabriqu\u00e9s n\u00e9cessaires au bon fonctionnement de l'\u00e9v\u00e9nement.","og_url":"https:\/\/www.europa-prefabri.com\/fr\/abris-de-chantier-vinarock\/","og_site_name":"Europa Prefabri | Alquiler y venta de construcciones modulares","article_publisher":"https:\/\/www.facebook.com\/Europa-Prefabri-258328977572213\/","article_published_time":"2018-02-23T12:32:31+00:00","article_modified_time":"2025-01-31T12:22:17+00:00","og_image":[{"width":800,"height":600,"url":"https:\/\/www.europa-prefabri.com\/wp-content\/uploads\/vi\u00f1a-rock-2018.jpg","type":"image\/jpeg"}],"author":"admin","twitter_card":"summary_large_image","twitter_creator":"@EuropaPrefabri","twitter_site":"@EuropaPrefabri","twitter_misc":{"Written by":"admin","Est. reading time":"2 minutes"},"schema":{"@context":"https:\/\/schema.org","@graph":[{"@type":"Article","@id":"https:\/\/www.europa-prefabri.com\/fr\/abris-de-chantier-vinarock\/#article","isPartOf":{"@id":"https:\/\/www.europa-prefabri.com\/fr\/abris-de-chantier-vinarock\/"},"author":{"name":"admin","@id":"https:\/\/www.europa-prefabri.com\/#\/schema\/person\/2ab6be5821a7026cd8f16d2a9411e86e"},"headline":"Europa Prefabri participe encore une fois au Vi\u00f1a Rock Festival","datePublished":"2018-02-23T12:32:31+00:00","dateModified":"2025-01-31T12:22:17+00:00","mainEntityOfPage":{"@id":"https:\/\/www.europa-prefabri.com\/fr\/abris-de-chantier-vinarock\/"},"wordCount":380,"publisher":{"@id":"https:\/\/www.europa-prefabri.com\/#organization"},"image":{"@id":"https:\/\/www.europa-prefabri.com\/fr\/abris-de-chantier-vinarock\/#primaryimage"},"thumbnailUrl":"https:\/\/www.europa-prefabri.com\/wp-content\/uploads\/vi\u00f1a-rock-2018.jpg","keywords":["FESTIVAL","FESTIVALES","MODULES POUR \u00c9VENEMENTS","modules pr\u00e9fabriqu\u00e9s","MODULOS PREFABRICADOS"],"articleSection":["Noticias","Projets"],"inLanguage":"fr-FR"},{"@type":"WebPage","@id":"https:\/\/www.europa-prefabri.com\/fr\/abris-de-chantier-vinarock\/","url":"https:\/\/www.europa-prefabri.com\/fr\/abris-de-chantier-vinarock\/","name":"Europa Prefabri fournit abris de chantier encore une fois au Vi\u00f1a Rock","isPartOf":{"@id":"https:\/\/www.europa-prefabri.com\/#website"},"primaryImageOfPage":{"@id":"https:\/\/www.europa-prefabri.com\/fr\/abris-de-chantier-vinarock\/#primaryimage"},"image":{"@id":"https:\/\/www.europa-prefabri.com\/fr\/abris-de-chantier-vinarock\/#primaryimage"},"thumbnailUrl":"https:\/\/www.europa-prefabri.com\/wp-content\/uploads\/vi\u00f1a-rock-2018.jpg","datePublished":"2018-02-23T12:32:31+00:00","dateModified":"2025-01-31T12:22:17+00:00","description":"Cette ann\u00e9e encore, les organisateurs du festival Vi\u00f1a Rock ont fait confiance au groupe Europa Prefabri pour fournir les abris de chantier et les modules pr\u00e9fabriqu\u00e9s n\u00e9cessaires au bon fonctionnement de l'\u00e9v\u00e9nement.","breadcrumb":{"@id":"https:\/\/www.europa-prefabri.com\/fr\/abris-de-chantier-vinarock\/#breadcrumb"},"inLanguage":"fr-FR","potentialAction":[{"@type":"ReadAction","target":["https:\/\/www.europa-prefabri.com\/fr\/abris-de-chantier-vinarock\/"]}]},{"@type":"ImageObject","inLanguage":"fr-FR","@id":"https:\/\/www.europa-prefabri.com\/fr\/abris-de-chantier-vinarock\/#primaryimage","url":"https:\/\/www.europa-prefabri.com\/wp-content\/uploads\/vi\u00f1a-rock-2018.jpg","contentUrl":"https:\/\/www.europa-prefabri.com\/wp-content\/uploads\/vi\u00f1a-rock-2018.jpg","width":800,"height":600,"caption":"festival de vi\u00f1a rock 2018"},{"@type":"BreadcrumbList","@id":"https:\/\/www.europa-prefabri.com\/fr\/abris-de-chantier-vinarock\/#breadcrumb","itemListElement":[{"@type":"ListItem","position":1,"name":"Portada","item":"https:\/\/www.europa-prefabri.com\/fr\/"},{"@type":"ListItem","position":2,"name":"Europa Prefabri participe encore une fois au Vi\u00f1a Rock Festival"}]},{"@type":"WebSite","@id":"https:\/\/www.europa-prefabri.com\/#website","url":"https:\/\/www.europa-prefabri.com\/","name":"Europa Prefabri | Alquiler y venta de construcciones modulares","description":"Alquiler y venta de construcciones modulares, casetas de obra, marquesinas de aparcamiento y vallas y cerramientos.","publisher":{"@id":"https:\/\/www.europa-prefabri.com\/#organization"},"potentialAction":[{"@type":"SearchAction","target":{"@type":"EntryPoint","urlTemplate":"https:\/\/www.europa-prefabri.com\/?s={search_term_string}"},"query-input":{"@type":"PropertyValueSpecification","valueRequired":true,"valueName":"search_term_string"}}],"inLanguage":"fr-FR"},{"@type":"Organization","@id":"https:\/\/www.europa-prefabri.com\/#organization","name":"Prefabri S.L.","url":"https:\/\/www.europa-prefabri.com\/","logo":{"@type":"ImageObject","inLanguage":"fr-FR","@id":"https:\/\/www.europa-prefabri.com\/#\/schema\/logo\/image\/","url":"https:\/\/www.europa-prefabri.com\/wp-content\/uploads\/EuropaPrefabri-Logo.jpg","contentUrl":"https:\/\/www.europa-prefabri.com\/wp-content\/uploads\/EuropaPrefabri-Logo.jpg","width":752,"height":348,"caption":"Prefabri S.L."},"image":{"@id":"https:\/\/www.europa-prefabri.com\/#\/schema\/logo\/image\/"},"sameAs":["https:\/\/www.facebook.com\/Europa-Prefabri-258328977572213\/","https:\/\/x.com\/EuropaPrefabri","https:\/\/www.instagram.com\/europaprefabri\/","https:\/\/es.linkedin.com\/company\/europa-prefabri","https:\/\/es.pinterest.com\/europaprefabri\/","https:\/\/www.youtube.com\/user\/PrefabriSL"]},{"@type":"Person","@id":"https:\/\/www.europa-prefabri.com\/#\/schema\/person\/2ab6be5821a7026cd8f16d2a9411e86e","name":"admin","image":{"@type":"ImageObject","inLanguage":"fr-FR","@id":"https:\/\/secure.gravatar.com\/avatar\/dc55d3f4b941a1510eef2620b2c166513788bd88ef72341333b6d0a859bacd3c?s=96&d=mm&r=g","url":"https:\/\/secure.gravatar.com\/avatar\/dc55d3f4b941a1510eef2620b2c166513788bd88ef72341333b6d0a859bacd3c?s=96&d=mm&r=g","contentUrl":"https:\/\/secure.gravatar.com\/avatar\/dc55d3f4b941a1510eef2620b2c166513788bd88ef72341333b6d0a859bacd3c?s=96&d=mm&r=g","caption":"admin"},"sameAs":["https:\/\/www.europa-prefabri.com","https:\/\/x.com\/@EuropaPrefabri"]}]}},"_links":{"self":[{"href":"https:\/\/www.europa-prefabri.com\/fr\/wp-json\/wp\/v2\/posts\/20589","targetHints":{"allow":["GET"]}}],"collection":[{"href":"https:\/\/www.europa-prefabri.com\/fr\/wp-json\/wp\/v2\/posts"}],"about":[{"href":"https:\/\/www.europa-prefabri.com\/fr\/wp-json\/wp\/v2\/types\/post"}],"author":[{"embeddable":true,"href":"https:\/\/www.europa-prefabri.com\/fr\/wp-json\/wp\/v2\/users\/4"}],"replies":[{"embeddable":true,"href":"https:\/\/www.europa-prefabri.com\/fr\/wp-json\/wp\/v2\/comments?post=20589"}],"version-history":[{"count":2,"href":"https:\/\/www.europa-prefabri.com\/fr\/wp-json\/wp\/v2\/posts\/20589\/revisions"}],"predecessor-version":[{"id":35948,"href":"https:\/\/www.europa-prefabri.com\/fr\/wp-json\/wp\/v2\/posts\/20589\/revisions\/35948"}],"wp:featuredmedia":[{"embeddable":true,"href":"https:\/\/www.europa-prefabri.com\/fr\/wp-json\/wp\/v2\/media\/20122"}],"wp:attachment":[{"href":"https:\/\/www.europa-prefabri.com\/fr\/wp-json\/wp\/v2\/media?parent=20589"}],"wp:term":[{"taxonomy":"category","embeddable":true,"href":"https:\/\/www.europa-prefabri.com\/fr\/wp-json\/wp\/v2\/categories?post=20589"},{"taxonomy":"post_tag","embeddable":true,"href":"https:\/\/www.europa-prefabri.com\/fr\/wp-json\/wp\/v2\/tags?post=20589"}],"curies":[{"name":"wp","href":"https:\/\/api.w.org\/{rel}","templated":true}]}}