{"id":20297,"date":"2018-01-22T12:11:09","date_gmt":"2018-01-22T11:11:09","guid":{"rendered":"http:\/\/www.europa-prefabri.com\/campamento-modular-para-kolpa-en-peru\/"},"modified":"2018-04-19T12:15:43","modified_gmt":"2018-04-19T10:15:43","slug":"campement-minier-pour-kolpa-a-perou","status":"publish","type":"post","link":"https:\/\/www.europa-prefabri.com\/fr\/campement-minier-pour-kolpa-a-perou\/","title":{"rendered":"Base de vie modulaire pour Kolpa \u00e0 P\u00e9rou | Alquimodul"},"content":{"rendered":"\n\t\t<style type=\"text\/css\">\n\t\t\t#gallery-1 {\n\t\t\t\tmargin: auto;\n\t\t\t}\n\t\t\t#gallery-1 .gallery-item {\n\t\t\t\tfloat: left;\n\t\t\t\tmargin-top: 10px;\n\t\t\t\ttext-align: center;\n\t\t\t\twidth: 11%;\n\t\t\t}\n\t\t\t#gallery-1 img {\n\t\t\t\tborder: 2px solid #cfcfcf;\n\t\t\t}\n\t\t\t#gallery-1 .gallery-caption {\n\t\t\t\tmargin-left: 0;\n\t\t\t}\n\t\t\t\/* see gallery_shortcode() in wp-includes\/media.php *\/\n\t\t<\/style>\n\t\t<div id='gallery-1' class='gallery galleryid-20297 gallery-columns-9 gallery-size-thumbnail'><dl class='gallery-item'>\n\t\t\t<dt class='gallery-icon landscape'>\n\t\t\t\t<a href='https:\/\/www.europa-prefabri.com\/fr\/campamento-modular-para-kolpa-en-peru\/campamento-modular-para-kolpa-en-peru-02\/'><img loading=\"lazy\" decoding=\"async\" width=\"80\" height=\"80\" src=\"https:\/\/www.europa-prefabri.com\/wp-content\/uploads\/campamento-modular-para-kolpa-en-peru-02-80x80.jpg\" class=\"attachment-thumbnail size-thumbnail\" alt=\"campamento modular para kolpa en peru 02\" srcset=\"https:\/\/www.europa-prefabri.com\/wp-content\/uploads\/campamento-modular-para-kolpa-en-peru-02-80x80.jpg 80w, https:\/\/www.europa-prefabri.com\/wp-content\/uploads\/campamento-modular-para-kolpa-en-peru-02-36x36.jpg 36w, https:\/\/www.europa-prefabri.com\/wp-content\/uploads\/campamento-modular-para-kolpa-en-peru-02-180x180.jpg 180w, https:\/\/www.europa-prefabri.com\/wp-content\/uploads\/campamento-modular-para-kolpa-en-peru-02-120x120.jpg 120w, https:\/\/www.europa-prefabri.com\/wp-content\/uploads\/campamento-modular-para-kolpa-en-peru-02-450x450.jpg 450w\" sizes=\"auto, (max-width: 80px) 100vw, 80px\" \/><\/a>\n\t\t\t<\/dt><\/dl><dl class='gallery-item'>\n\t\t\t<dt class='gallery-icon landscape'>\n\t\t\t\t<a href='https:\/\/www.europa-prefabri.com\/fr\/campement-minier-pour-kolpa-a-perou\/campamento-modular-para-kolpa-en-peru-03-2\/'><img loading=\"lazy\" decoding=\"async\" width=\"80\" height=\"80\" src=\"https:\/\/www.europa-prefabri.com\/wp-content\/uploads\/campamento-modular-para-kolpa-en-peru-03-80x80.jpg\" class=\"attachment-thumbnail size-thumbnail\" alt=\"campamento modular para kolpa en peru 03\" srcset=\"https:\/\/www.europa-prefabri.com\/wp-content\/uploads\/campamento-modular-para-kolpa-en-peru-03-80x80.jpg 80w, https:\/\/www.europa-prefabri.com\/wp-content\/uploads\/campamento-modular-para-kolpa-en-peru-03-36x36.jpg 36w, https:\/\/www.europa-prefabri.com\/wp-content\/uploads\/campamento-modular-para-kolpa-en-peru-03-180x180.jpg 180w, https:\/\/www.europa-prefabri.com\/wp-content\/uploads\/campamento-modular-para-kolpa-en-peru-03-120x120.jpg 120w, https:\/\/www.europa-prefabri.com\/wp-content\/uploads\/campamento-modular-para-kolpa-en-peru-03-450x450.jpg 450w\" sizes=\"auto, (max-width: 80px) 100vw, 80px\" \/><\/a>\n\t\t\t<\/dt><\/dl><dl class='gallery-item'>\n\t\t\t<dt class='gallery-icon landscape'>\n\t\t\t\t<a href='https:\/\/www.europa-prefabri.com\/fr\/campement-minier-pour-kolpa-a-perou\/campamento-modular-para-kolpa-en-peru-06-2\/'><img loading=\"lazy\" decoding=\"async\" width=\"80\" height=\"80\" src=\"https:\/\/www.europa-prefabri.com\/wp-content\/uploads\/campamento-modular-para-kolpa-en-peru-06-80x80.jpg\" class=\"attachment-thumbnail size-thumbnail\" alt=\"campamento modular para kolpa en peru 06\" srcset=\"https:\/\/www.europa-prefabri.com\/wp-content\/uploads\/campamento-modular-para-kolpa-en-peru-06-80x80.jpg 80w, https:\/\/www.europa-prefabri.com\/wp-content\/uploads\/campamento-modular-para-kolpa-en-peru-06-36x36.jpg 36w, https:\/\/www.europa-prefabri.com\/wp-content\/uploads\/campamento-modular-para-kolpa-en-peru-06-180x180.jpg 180w, https:\/\/www.europa-prefabri.com\/wp-content\/uploads\/campamento-modular-para-kolpa-en-peru-06-120x120.jpg 120w, https:\/\/www.europa-prefabri.com\/wp-content\/uploads\/campamento-modular-para-kolpa-en-peru-06-450x450.jpg 450w\" sizes=\"auto, (max-width: 80px) 100vw, 80px\" \/><\/a>\n\t\t\t<\/dt><\/dl><dl class='gallery-item'>\n\t\t\t<dt class='gallery-icon landscape'>\n\t\t\t\t<a href='https:\/\/www.europa-prefabri.com\/fr\/campamento-modular-para-kolpa-en-peru\/campamento-modular-para-kolpa-en-peru-09\/'><img loading=\"lazy\" decoding=\"async\" width=\"80\" height=\"80\" src=\"https:\/\/www.europa-prefabri.com\/wp-content\/uploads\/campamento-modular-para-kolpa-en-peru-09-80x80.jpg\" class=\"attachment-thumbnail size-thumbnail\" alt=\"campamento modular para kolpa en peru 09\" srcset=\"https:\/\/www.europa-prefabri.com\/wp-content\/uploads\/campamento-modular-para-kolpa-en-peru-09-80x80.jpg 80w, https:\/\/www.europa-prefabri.com\/wp-content\/uploads\/campamento-modular-para-kolpa-en-peru-09-36x36.jpg 36w, https:\/\/www.europa-prefabri.com\/wp-content\/uploads\/campamento-modular-para-kolpa-en-peru-09-180x180.jpg 180w, https:\/\/www.europa-prefabri.com\/wp-content\/uploads\/campamento-modular-para-kolpa-en-peru-09-120x120.jpg 120w, https:\/\/www.europa-prefabri.com\/wp-content\/uploads\/campamento-modular-para-kolpa-en-peru-09-450x450.jpg 450w\" sizes=\"auto, (max-width: 80px) 100vw, 80px\" \/><\/a>\n\t\t\t<\/dt><\/dl><dl class='gallery-item'>\n\t\t\t<dt class='gallery-icon landscape'>\n\t\t\t\t<a href='https:\/\/www.europa-prefabri.com\/fr\/campamento-modular-para-kolpa-en-peru\/campamento-modular-para-kolpa-en-peru-12\/'><img loading=\"lazy\" decoding=\"async\" width=\"80\" height=\"80\" src=\"https:\/\/www.europa-prefabri.com\/wp-content\/uploads\/campamento-modular-para-kolpa-en-peru-12-80x80.jpg\" class=\"attachment-thumbnail size-thumbnail\" alt=\"campamento modular para kolpa en peru 12\" srcset=\"https:\/\/www.europa-prefabri.com\/wp-content\/uploads\/campamento-modular-para-kolpa-en-peru-12-80x80.jpg 80w, https:\/\/www.europa-prefabri.com\/wp-content\/uploads\/campamento-modular-para-kolpa-en-peru-12-36x36.jpg 36w, https:\/\/www.europa-prefabri.com\/wp-content\/uploads\/campamento-modular-para-kolpa-en-peru-12-180x180.jpg 180w, https:\/\/www.europa-prefabri.com\/wp-content\/uploads\/campamento-modular-para-kolpa-en-peru-12-120x120.jpg 120w, https:\/\/www.europa-prefabri.com\/wp-content\/uploads\/campamento-modular-para-kolpa-en-peru-12-450x450.jpg 450w\" sizes=\"auto, (max-width: 80px) 100vw, 80px\" \/><\/a>\n\t\t\t<\/dt><\/dl><dl class='gallery-item'>\n\t\t\t<dt class='gallery-icon landscape'>\n\t\t\t\t<a href='https:\/\/www.europa-prefabri.com\/fr\/campamento-modular-para-kolpa-en-peru\/campamento-modular-para-kolpa-en-peru-14\/'><img loading=\"lazy\" decoding=\"async\" width=\"80\" height=\"80\" src=\"https:\/\/www.europa-prefabri.com\/wp-content\/uploads\/campamento-modular-para-kolpa-en-peru-14-80x80.jpg\" class=\"attachment-thumbnail size-thumbnail\" alt=\"campamento modular para kolpa en peru 14\" srcset=\"https:\/\/www.europa-prefabri.com\/wp-content\/uploads\/campamento-modular-para-kolpa-en-peru-14-80x80.jpg 80w, https:\/\/www.europa-prefabri.com\/wp-content\/uploads\/campamento-modular-para-kolpa-en-peru-14-36x36.jpg 36w, https:\/\/www.europa-prefabri.com\/wp-content\/uploads\/campamento-modular-para-kolpa-en-peru-14-180x180.jpg 180w, https:\/\/www.europa-prefabri.com\/wp-content\/uploads\/campamento-modular-para-kolpa-en-peru-14-120x120.jpg 120w, https:\/\/www.europa-prefabri.com\/wp-content\/uploads\/campamento-modular-para-kolpa-en-peru-14-450x450.jpg 450w\" sizes=\"auto, (max-width: 80px) 100vw, 80px\" \/><\/a>\n\t\t\t<\/dt><\/dl>\n\t\t\t<br style='clear: both' \/>\n\t\t<\/div>\n\n<p>Alquimodul, notre soci\u00e9t\u00e9 s\u0153ur, a r\u00e9alis\u00e9 un nouveau projet de construction modulaire en Am\u00e9rique Latine, un campement minier. Pour cette occasion, ils ont r\u00e9alis\u00e9 la fabrication et montage d\u2019une <a href=\"\/?p=3271\">base de vie modulaire<\/a>\u00a0 comme campement minier, demand\u00e9 par l\u2019entreprise mini\u00e8re Kolpa au P\u00e9rou.<\/p>\n<h2><strong>Caract\u00e9ristiques techniques du campement minier modulaire pour Kolpa au P\u00e9rou<\/strong><\/h2>\n<p><img loading=\"lazy\" decoding=\"async\" class=\"aligncenter wp-image-19892 size-full\" src=\"http:\/\/www.europa-prefabri.com\/wp-content\/uploads\/campamento-modular-para-kolpa-en-peru-06.jpg\" alt=\"campement minier\" width=\"800\" height=\"600\" srcset=\"https:\/\/www.europa-prefabri.com\/wp-content\/uploads\/campamento-modular-para-kolpa-en-peru-06.jpg 800w, https:\/\/www.europa-prefabri.com\/wp-content\/uploads\/campamento-modular-para-kolpa-en-peru-06-300x225.jpg 300w, https:\/\/www.europa-prefabri.com\/wp-content\/uploads\/campamento-modular-para-kolpa-en-peru-06-768x576.jpg 768w, https:\/\/www.europa-prefabri.com\/wp-content\/uploads\/campamento-modular-para-kolpa-en-peru-06-705x529.jpg 705w, https:\/\/www.europa-prefabri.com\/wp-content\/uploads\/campamento-modular-para-kolpa-en-peru-06-450x338.jpg 450w\" sizes=\"auto, (max-width: 800px) 100vw, 800px\" \/><\/p>\n<p>Alquimodul a r\u00e9alis\u00e9 un nouveau projet de campement minier pour notre client Compagnie Mini\u00e8re Kolpa. Ce projet a \u00e9t\u00e9 install\u00e9 en seulement trois semaines dans la mine localis\u00e9 dans le quartier Huachocolpa, d\u00e9partement de Huancavelica. C\u2019est un b\u00e2timent de chambres pour ing\u00e9nieurs, dans lequel chaque chambre \u00e0 une salle de bain.<\/p>\n<p>Pour ce projet les structures des modules ont \u00e9t\u00e9 d\u00e9sign\u00e9es sur mesure en fonction de la localisation pour respecter la r\u00e9gulation de s\u00e9isme r\u00e9sistance. \u00c9galement, m\u00eame si nous avons install\u00e9 seulement le premier \u00e9tage, les modules sont calcul\u00e9s pour supporter jusqu\u2019\u00e0 03 niveaux. \u00c7a a \u00e9t\u00e9 con\u00e7u pour augmenter le nombre de chambres en fonction des circonstances de production de la mine.<\/p>\n<p>Les mat\u00e9riels et finitions choisis sont de premi\u00e8re qualit\u00e9, pour respecter les standards utilis\u00e9s dans les soci\u00e9t\u00e9s mini\u00e8res plus importants du pays. Nous avons fait attention \u00e0 l\u2019isolation thermique du b\u00e2timent en raison de la localisation dans une zone de froid extr\u00eame. Pour cela, Alquimodul a install\u00e9 des fen\u00eatres de double vitrage avec chambre \u00e0 air. De plus, Alquimodul a install\u00e9 une double couverture de panneau sandwich avec isolation \u00e0 base de r\u00e9sines de polyur\u00e9thane de haute densit\u00e9. Cette couverture garantit une isolation thermique maximale et le confort \u00e0 l\u2019int\u00e9rieur.<\/p>\n<h2><strong>Autres projets r\u00e9alis\u00e9s par Alquimodul<\/strong><\/h2>\n<ul>\n<li>Campement minier<a href=\"http:\/\/www.alquimodul-peru.com\/noticias\/campamento-en-trujillo\/\"> modulaire \u00e0 Trujillo<\/a>\u00a0: pour une unit\u00e9 mini\u00e8re. Nos panneaux thermo-acoustiques sont id\u00e9aux pour ce type de campements, \u00e9tant donn\u00e9 qu\u2019ils prot\u00e8gent du froid ainsi que de la chaleur habituelle de la r\u00e9gion. Le campement est compos\u00e9 de plusieurs modules de bureaux et chambres.<\/li>\n<li><a href=\"http:\/\/www.alquimodul-peru.com\/noticias\/oficinas-modulares-muna\/\">Bureaux modulaires du MUNA<\/a>\u00a0: fourniture en location de la base de vie pour le Consortium de Construction MUNA, qui s\u2019occupera de la construction du Museum National d\u2019Arch\u00e9ologie (MUNA), dont objectif est la protection de l\u2019h\u00e9ritage culturel p\u00e9ruvien. L\u2019estimation des travaux est de 406 millions Soles et r\u00e9alisable sur une p\u00e9riode de 2 ans. Nous avons fabriqu\u00e9 et mont\u00e9 plus de 750 m<sup>2<\/sup> de bureaux, divis\u00e9s en deux b\u00e2timents. L&#8217;un pour les ing\u00e9nieurs qui travaillent dans le projet ainsi que des modules pour autres usages, tels que cabines de surveillance ou entrep\u00f4ts. La fabrication et le montage cl\u00e9 en main du campement a \u00e9t\u00e9 r\u00e9alis\u00e9 en moins de deux mois.<\/li>\n<li><a href=\"http:\/\/www.alquimodul-peru.com\/noticias\/campamento-en-arequipa\/\">Campement de travailleurs \u00e0 Arequipa<\/a>\u00a0: chambres \u00e0 coucher pour travailleurs avec modules pr\u00e9fabriqu\u00e9s standard. Les temp\u00e9ratures \u00e0 Arequipa\u00a0descendent en dessous de -10\u00baC. Pour ce raison le client a choisi nos modules isol\u00e9s avec panneau de polyur\u00e9thane.<\/li>\n<li><a href=\"http:\/\/www.alquimodul-peru.com\/noticias\/deposito-vehiculos-sat\/\">Bureau d\u2019attention client modulaire<\/a> dans la nouvelle fourri\u00e8re du Service d\u2019Administration Tributaire localis\u00e9 \u00e0 Vila El Salvador, Lima. Fabrication et installation de modules pr\u00e9fabriqu\u00e9s en moins de deux semaines.<\/li>\n<li><a href=\"http:\/\/www.alquimodul-peru.com\/noticias\/modulos-canchas-futbol\/\">Vestiaires et cantine<\/a> avec modules pr\u00e9fabriqu\u00e9s pour terrains de football \u00e0 Villa Maria del Trinfo, Lima.<\/li>\n<\/ul>\n","protected":false},"excerpt":{"rendered":"<p>Alquimodul, notre soci\u00e9t\u00e9 s\u0153ur, a r\u00e9alis\u00e9 un nouveau projet de construction modulaire en Am\u00e9rique Latine, un campement minier. Pour cette occasion, ils ont r\u00e9alis\u00e9 la fabrication et montage d\u2019une base de vie modulaire\u00a0 comme campement minier, demand\u00e9 par l\u2019entreprise mini\u00e8re Kolpa au P\u00e9rou. Caract\u00e9ristiques techniques du campement minier modulaire pour Kolpa au P\u00e9rou Alquimodul a [&hellip;]<\/p>\n","protected":false},"author":4,"featured_media":19882,"comment_status":"closed","ping_status":"closed","sticky":false,"template":"","format":"gallery","meta":{"footnotes":""},"categories":[413,58],"tags":[155,447,227,448],"class_list":["post-20297","post","type-post","status-publish","format-gallery","has-post-thumbnail","hentry","category-noticias-fr","category-projets","tag-base-vie","tag-campamento-modular-fr","tag-campement-de-travailleurs","tag-peru-fr","post_format-post-format-gallery"],"yoast_head":"<!-- This site is optimized with the Yoast SEO plugin v27.5 - https:\/\/yoast.com\/product\/yoast-seo-wordpress\/ -->\n<title>Campement minier modulaire pour Kolpa \u00e0 P\u00e9rou | Alquimodul<\/title>\n<meta name=\"description\" content=\"Alquimodul, notre soci\u00e9t\u00e9 s\u0153ur, a r\u00e9alis\u00e9 un nouveau projet pour un campement minier \u00e0 l&#039;Am\u00e9rique Latine. En cette occasion, ils ont r\u00e9alis\u00e9 la fabrication et montage d\u2019une base vie modulaire, demand\u00e9 par l\u2019entreprise mini\u00e8re Kolpa \u00e0 P\u00e9rou.\" \/>\n<meta name=\"robots\" content=\"index, follow, max-snippet:-1, max-image-preview:large, max-video-preview:-1\" \/>\n<link rel=\"canonical\" href=\"https:\/\/www.europa-prefabri.com\/fr\/campement-minier-pour-kolpa-a-perou\/\" \/>\n<meta property=\"og:locale\" content=\"fr_FR\" \/>\n<meta property=\"og:type\" content=\"article\" \/>\n<meta property=\"og:title\" content=\"Campement minier modulaire pour Kolpa \u00e0 P\u00e9rou | Alquimodul\" \/>\n<meta property=\"og:description\" content=\"Alquimodul, notre soci\u00e9t\u00e9 s\u0153ur, a r\u00e9alis\u00e9 un nouveau projet pour un campement minier \u00e0 l&#039;Am\u00e9rique Latine. En cette occasion, ils ont r\u00e9alis\u00e9 la fabrication et montage d\u2019une base vie modulaire, demand\u00e9 par l\u2019entreprise mini\u00e8re Kolpa \u00e0 P\u00e9rou.\" \/>\n<meta property=\"og:url\" content=\"https:\/\/www.europa-prefabri.com\/fr\/campement-minier-pour-kolpa-a-perou\/\" \/>\n<meta property=\"og:site_name\" content=\"Europa Prefabri | Alquiler y venta de construcciones modulares\" \/>\n<meta property=\"article:publisher\" content=\"https:\/\/www.facebook.com\/Europa-Prefabri-258328977572213\/\" \/>\n<meta property=\"article:published_time\" content=\"2018-01-22T11:11:09+00:00\" \/>\n<meta property=\"article:modified_time\" content=\"2018-04-19T10:15:43+00:00\" \/>\n<meta property=\"og:image\" content=\"https:\/\/www.europa-prefabri.com\/wp-content\/uploads\/campamento-modular-para-kolpa-en-peru-03.jpg\" \/>\n\t<meta property=\"og:image:width\" content=\"800\" \/>\n\t<meta property=\"og:image:height\" content=\"600\" \/>\n\t<meta property=\"og:image:type\" content=\"image\/jpeg\" \/>\n<meta name=\"author\" content=\"admin\" \/>\n<meta name=\"twitter:card\" content=\"summary_large_image\" \/>\n<meta name=\"twitter:creator\" content=\"@EuropaPrefabri\" \/>\n<meta name=\"twitter:site\" content=\"@EuropaPrefabri\" \/>\n<meta name=\"twitter:label1\" content=\"Written by\" \/>\n\t<meta name=\"twitter:data1\" content=\"admin\" \/>\n\t<meta name=\"twitter:label2\" content=\"Est. reading time\" \/>\n\t<meta name=\"twitter:data2\" content=\"3 minutes\" \/>\n<script type=\"application\/ld+json\" class=\"yoast-schema-graph\">{\"@context\":\"https:\\\/\\\/schema.org\",\"@graph\":[{\"@type\":\"Article\",\"@id\":\"https:\\\/\\\/www.europa-prefabri.com\\\/fr\\\/campement-minier-pour-kolpa-a-perou\\\/#article\",\"isPartOf\":{\"@id\":\"https:\\\/\\\/www.europa-prefabri.com\\\/fr\\\/campement-minier-pour-kolpa-a-perou\\\/\"},\"author\":{\"name\":\"admin\",\"@id\":\"https:\\\/\\\/www.europa-prefabri.com\\\/#\\\/schema\\\/person\\\/2ab6be5821a7026cd8f16d2a9411e86e\"},\"headline\":\"Base de vie modulaire pour Kolpa \u00e0 P\u00e9rou | Alquimodul\",\"datePublished\":\"2018-01-22T11:11:09+00:00\",\"dateModified\":\"2018-04-19T10:15:43+00:00\",\"mainEntityOfPage\":{\"@id\":\"https:\\\/\\\/www.europa-prefabri.com\\\/fr\\\/campement-minier-pour-kolpa-a-perou\\\/\"},\"wordCount\":567,\"publisher\":{\"@id\":\"https:\\\/\\\/www.europa-prefabri.com\\\/#organization\"},\"image\":{\"@id\":\"https:\\\/\\\/www.europa-prefabri.com\\\/fr\\\/campement-minier-pour-kolpa-a-perou\\\/#primaryimage\"},\"thumbnailUrl\":\"https:\\\/\\\/www.europa-prefabri.com\\\/wp-content\\\/uploads\\\/campamento-modular-para-kolpa-en-peru-03.jpg\",\"keywords\":[\"base vie\",\"campamento modular\",\"Campement de travailleurs\",\"PERU\"],\"articleSection\":[\"Noticias\",\"Projets\"],\"inLanguage\":\"fr-FR\"},{\"@type\":\"WebPage\",\"@id\":\"https:\\\/\\\/www.europa-prefabri.com\\\/fr\\\/campement-minier-pour-kolpa-a-perou\\\/\",\"url\":\"https:\\\/\\\/www.europa-prefabri.com\\\/fr\\\/campement-minier-pour-kolpa-a-perou\\\/\",\"name\":\"Campement minier modulaire pour Kolpa \u00e0 P\u00e9rou | Alquimodul\",\"isPartOf\":{\"@id\":\"https:\\\/\\\/www.europa-prefabri.com\\\/#website\"},\"primaryImageOfPage\":{\"@id\":\"https:\\\/\\\/www.europa-prefabri.com\\\/fr\\\/campement-minier-pour-kolpa-a-perou\\\/#primaryimage\"},\"image\":{\"@id\":\"https:\\\/\\\/www.europa-prefabri.com\\\/fr\\\/campement-minier-pour-kolpa-a-perou\\\/#primaryimage\"},\"thumbnailUrl\":\"https:\\\/\\\/www.europa-prefabri.com\\\/wp-content\\\/uploads\\\/campamento-modular-para-kolpa-en-peru-03.jpg\",\"datePublished\":\"2018-01-22T11:11:09+00:00\",\"dateModified\":\"2018-04-19T10:15:43+00:00\",\"description\":\"Alquimodul, notre soci\u00e9t\u00e9 s\u0153ur, a r\u00e9alis\u00e9 un nouveau projet pour un campement minier \u00e0 l'Am\u00e9rique Latine. En cette occasion, ils ont r\u00e9alis\u00e9 la fabrication et montage d\u2019une base vie modulaire, demand\u00e9 par l\u2019entreprise mini\u00e8re Kolpa \u00e0 P\u00e9rou.\",\"breadcrumb\":{\"@id\":\"https:\\\/\\\/www.europa-prefabri.com\\\/fr\\\/campement-minier-pour-kolpa-a-perou\\\/#breadcrumb\"},\"inLanguage\":\"fr-FR\",\"potentialAction\":[{\"@type\":\"ReadAction\",\"target\":[\"https:\\\/\\\/www.europa-prefabri.com\\\/fr\\\/campement-minier-pour-kolpa-a-perou\\\/\"]}]},{\"@type\":\"ImageObject\",\"inLanguage\":\"fr-FR\",\"@id\":\"https:\\\/\\\/www.europa-prefabri.com\\\/fr\\\/campement-minier-pour-kolpa-a-perou\\\/#primaryimage\",\"url\":\"https:\\\/\\\/www.europa-prefabri.com\\\/wp-content\\\/uploads\\\/campamento-modular-para-kolpa-en-peru-03.jpg\",\"contentUrl\":\"https:\\\/\\\/www.europa-prefabri.com\\\/wp-content\\\/uploads\\\/campamento-modular-para-kolpa-en-peru-03.jpg\",\"width\":800,\"height\":600,\"caption\":\"campamento modular para kolpa en peru 03\"},{\"@type\":\"BreadcrumbList\",\"@id\":\"https:\\\/\\\/www.europa-prefabri.com\\\/fr\\\/campement-minier-pour-kolpa-a-perou\\\/#breadcrumb\",\"itemListElement\":[{\"@type\":\"ListItem\",\"position\":1,\"name\":\"Portada\",\"item\":\"https:\\\/\\\/www.europa-prefabri.com\\\/fr\\\/\"},{\"@type\":\"ListItem\",\"position\":2,\"name\":\"Base de vie modulaire pour Kolpa \u00e0 P\u00e9rou | Alquimodul\"}]},{\"@type\":\"WebSite\",\"@id\":\"https:\\\/\\\/www.europa-prefabri.com\\\/#website\",\"url\":\"https:\\\/\\\/www.europa-prefabri.com\\\/\",\"name\":\"Europa Prefabri | Alquiler y venta de construcciones modulares\",\"description\":\"Alquiler y venta de construcciones modulares, casetas de obra, marquesinas de aparcamiento y vallas y cerramientos.\",\"publisher\":{\"@id\":\"https:\\\/\\\/www.europa-prefabri.com\\\/#organization\"},\"potentialAction\":[{\"@type\":\"SearchAction\",\"target\":{\"@type\":\"EntryPoint\",\"urlTemplate\":\"https:\\\/\\\/www.europa-prefabri.com\\\/?s={search_term_string}\"},\"query-input\":{\"@type\":\"PropertyValueSpecification\",\"valueRequired\":true,\"valueName\":\"search_term_string\"}}],\"inLanguage\":\"fr-FR\"},{\"@type\":\"Organization\",\"@id\":\"https:\\\/\\\/www.europa-prefabri.com\\\/#organization\",\"name\":\"Prefabri S.L.\",\"url\":\"https:\\\/\\\/www.europa-prefabri.com\\\/\",\"logo\":{\"@type\":\"ImageObject\",\"inLanguage\":\"fr-FR\",\"@id\":\"https:\\\/\\\/www.europa-prefabri.com\\\/#\\\/schema\\\/logo\\\/image\\\/\",\"url\":\"https:\\\/\\\/www.europa-prefabri.com\\\/wp-content\\\/uploads\\\/EuropaPrefabri-Logo.jpg\",\"contentUrl\":\"https:\\\/\\\/www.europa-prefabri.com\\\/wp-content\\\/uploads\\\/EuropaPrefabri-Logo.jpg\",\"width\":752,\"height\":348,\"caption\":\"Prefabri S.L.\"},\"image\":{\"@id\":\"https:\\\/\\\/www.europa-prefabri.com\\\/#\\\/schema\\\/logo\\\/image\\\/\"},\"sameAs\":[\"https:\\\/\\\/www.facebook.com\\\/Europa-Prefabri-258328977572213\\\/\",\"https:\\\/\\\/x.com\\\/EuropaPrefabri\",\"https:\\\/\\\/www.instagram.com\\\/europaprefabri\\\/\",\"https:\\\/\\\/es.linkedin.com\\\/company\\\/europa-prefabri\",\"https:\\\/\\\/es.pinterest.com\\\/europaprefabri\\\/\",\"https:\\\/\\\/www.youtube.com\\\/user\\\/PrefabriSL\"]},{\"@type\":\"Person\",\"@id\":\"https:\\\/\\\/www.europa-prefabri.com\\\/#\\\/schema\\\/person\\\/2ab6be5821a7026cd8f16d2a9411e86e\",\"name\":\"admin\",\"image\":{\"@type\":\"ImageObject\",\"inLanguage\":\"fr-FR\",\"@id\":\"https:\\\/\\\/secure.gravatar.com\\\/avatar\\\/dc55d3f4b941a1510eef2620b2c166513788bd88ef72341333b6d0a859bacd3c?s=96&d=mm&r=g\",\"url\":\"https:\\\/\\\/secure.gravatar.com\\\/avatar\\\/dc55d3f4b941a1510eef2620b2c166513788bd88ef72341333b6d0a859bacd3c?s=96&d=mm&r=g\",\"contentUrl\":\"https:\\\/\\\/secure.gravatar.com\\\/avatar\\\/dc55d3f4b941a1510eef2620b2c166513788bd88ef72341333b6d0a859bacd3c?s=96&d=mm&r=g\",\"caption\":\"admin\"},\"sameAs\":[\"https:\\\/\\\/www.europa-prefabri.com\",\"https:\\\/\\\/x.com\\\/@EuropaPrefabri\"]}]}<\/script>\n<!-- \/ Yoast SEO plugin. -->","yoast_head_json":{"title":"Campement minier modulaire pour Kolpa \u00e0 P\u00e9rou | Alquimodul","description":"Alquimodul, notre soci\u00e9t\u00e9 s\u0153ur, a r\u00e9alis\u00e9 un nouveau projet pour un campement minier \u00e0 l'Am\u00e9rique Latine. En cette occasion, ils ont r\u00e9alis\u00e9 la fabrication et montage d\u2019une base vie modulaire, demand\u00e9 par l\u2019entreprise mini\u00e8re Kolpa \u00e0 P\u00e9rou.","robots":{"index":"index","follow":"follow","max-snippet":"max-snippet:-1","max-image-preview":"max-image-preview:large","max-video-preview":"max-video-preview:-1"},"canonical":"https:\/\/www.europa-prefabri.com\/fr\/campement-minier-pour-kolpa-a-perou\/","og_locale":"fr_FR","og_type":"article","og_title":"Campement minier modulaire pour Kolpa \u00e0 P\u00e9rou | Alquimodul","og_description":"Alquimodul, notre soci\u00e9t\u00e9 s\u0153ur, a r\u00e9alis\u00e9 un nouveau projet pour un campement minier \u00e0 l'Am\u00e9rique Latine. En cette occasion, ils ont r\u00e9alis\u00e9 la fabrication et montage d\u2019une base vie modulaire, demand\u00e9 par l\u2019entreprise mini\u00e8re Kolpa \u00e0 P\u00e9rou.","og_url":"https:\/\/www.europa-prefabri.com\/fr\/campement-minier-pour-kolpa-a-perou\/","og_site_name":"Europa Prefabri | Alquiler y venta de construcciones modulares","article_publisher":"https:\/\/www.facebook.com\/Europa-Prefabri-258328977572213\/","article_published_time":"2018-01-22T11:11:09+00:00","article_modified_time":"2018-04-19T10:15:43+00:00","og_image":[{"width":800,"height":600,"url":"https:\/\/www.europa-prefabri.com\/wp-content\/uploads\/campamento-modular-para-kolpa-en-peru-03.jpg","type":"image\/jpeg"}],"author":"admin","twitter_card":"summary_large_image","twitter_creator":"@EuropaPrefabri","twitter_site":"@EuropaPrefabri","twitter_misc":{"Written by":"admin","Est. reading time":"3 minutes"},"schema":{"@context":"https:\/\/schema.org","@graph":[{"@type":"Article","@id":"https:\/\/www.europa-prefabri.com\/fr\/campement-minier-pour-kolpa-a-perou\/#article","isPartOf":{"@id":"https:\/\/www.europa-prefabri.com\/fr\/campement-minier-pour-kolpa-a-perou\/"},"author":{"name":"admin","@id":"https:\/\/www.europa-prefabri.com\/#\/schema\/person\/2ab6be5821a7026cd8f16d2a9411e86e"},"headline":"Base de vie modulaire pour Kolpa \u00e0 P\u00e9rou | Alquimodul","datePublished":"2018-01-22T11:11:09+00:00","dateModified":"2018-04-19T10:15:43+00:00","mainEntityOfPage":{"@id":"https:\/\/www.europa-prefabri.com\/fr\/campement-minier-pour-kolpa-a-perou\/"},"wordCount":567,"publisher":{"@id":"https:\/\/www.europa-prefabri.com\/#organization"},"image":{"@id":"https:\/\/www.europa-prefabri.com\/fr\/campement-minier-pour-kolpa-a-perou\/#primaryimage"},"thumbnailUrl":"https:\/\/www.europa-prefabri.com\/wp-content\/uploads\/campamento-modular-para-kolpa-en-peru-03.jpg","keywords":["base vie","campamento modular","Campement de travailleurs","PERU"],"articleSection":["Noticias","Projets"],"inLanguage":"fr-FR"},{"@type":"WebPage","@id":"https:\/\/www.europa-prefabri.com\/fr\/campement-minier-pour-kolpa-a-perou\/","url":"https:\/\/www.europa-prefabri.com\/fr\/campement-minier-pour-kolpa-a-perou\/","name":"Campement minier modulaire pour Kolpa \u00e0 P\u00e9rou | Alquimodul","isPartOf":{"@id":"https:\/\/www.europa-prefabri.com\/#website"},"primaryImageOfPage":{"@id":"https:\/\/www.europa-prefabri.com\/fr\/campement-minier-pour-kolpa-a-perou\/#primaryimage"},"image":{"@id":"https:\/\/www.europa-prefabri.com\/fr\/campement-minier-pour-kolpa-a-perou\/#primaryimage"},"thumbnailUrl":"https:\/\/www.europa-prefabri.com\/wp-content\/uploads\/campamento-modular-para-kolpa-en-peru-03.jpg","datePublished":"2018-01-22T11:11:09+00:00","dateModified":"2018-04-19T10:15:43+00:00","description":"Alquimodul, notre soci\u00e9t\u00e9 s\u0153ur, a r\u00e9alis\u00e9 un nouveau projet pour un campement minier \u00e0 l'Am\u00e9rique Latine. En cette occasion, ils ont r\u00e9alis\u00e9 la fabrication et montage d\u2019une base vie modulaire, demand\u00e9 par l\u2019entreprise mini\u00e8re Kolpa \u00e0 P\u00e9rou.","breadcrumb":{"@id":"https:\/\/www.europa-prefabri.com\/fr\/campement-minier-pour-kolpa-a-perou\/#breadcrumb"},"inLanguage":"fr-FR","potentialAction":[{"@type":"ReadAction","target":["https:\/\/www.europa-prefabri.com\/fr\/campement-minier-pour-kolpa-a-perou\/"]}]},{"@type":"ImageObject","inLanguage":"fr-FR","@id":"https:\/\/www.europa-prefabri.com\/fr\/campement-minier-pour-kolpa-a-perou\/#primaryimage","url":"https:\/\/www.europa-prefabri.com\/wp-content\/uploads\/campamento-modular-para-kolpa-en-peru-03.jpg","contentUrl":"https:\/\/www.europa-prefabri.com\/wp-content\/uploads\/campamento-modular-para-kolpa-en-peru-03.jpg","width":800,"height":600,"caption":"campamento modular para kolpa en peru 03"},{"@type":"BreadcrumbList","@id":"https:\/\/www.europa-prefabri.com\/fr\/campement-minier-pour-kolpa-a-perou\/#breadcrumb","itemListElement":[{"@type":"ListItem","position":1,"name":"Portada","item":"https:\/\/www.europa-prefabri.com\/fr\/"},{"@type":"ListItem","position":2,"name":"Base de vie modulaire pour Kolpa \u00e0 P\u00e9rou | Alquimodul"}]},{"@type":"WebSite","@id":"https:\/\/www.europa-prefabri.com\/#website","url":"https:\/\/www.europa-prefabri.com\/","name":"Europa Prefabri | Alquiler y venta de construcciones modulares","description":"Alquiler y venta de construcciones modulares, casetas de obra, marquesinas de aparcamiento y vallas y cerramientos.","publisher":{"@id":"https:\/\/www.europa-prefabri.com\/#organization"},"potentialAction":[{"@type":"SearchAction","target":{"@type":"EntryPoint","urlTemplate":"https:\/\/www.europa-prefabri.com\/?s={search_term_string}"},"query-input":{"@type":"PropertyValueSpecification","valueRequired":true,"valueName":"search_term_string"}}],"inLanguage":"fr-FR"},{"@type":"Organization","@id":"https:\/\/www.europa-prefabri.com\/#organization","name":"Prefabri S.L.","url":"https:\/\/www.europa-prefabri.com\/","logo":{"@type":"ImageObject","inLanguage":"fr-FR","@id":"https:\/\/www.europa-prefabri.com\/#\/schema\/logo\/image\/","url":"https:\/\/www.europa-prefabri.com\/wp-content\/uploads\/EuropaPrefabri-Logo.jpg","contentUrl":"https:\/\/www.europa-prefabri.com\/wp-content\/uploads\/EuropaPrefabri-Logo.jpg","width":752,"height":348,"caption":"Prefabri S.L."},"image":{"@id":"https:\/\/www.europa-prefabri.com\/#\/schema\/logo\/image\/"},"sameAs":["https:\/\/www.facebook.com\/Europa-Prefabri-258328977572213\/","https:\/\/x.com\/EuropaPrefabri","https:\/\/www.instagram.com\/europaprefabri\/","https:\/\/es.linkedin.com\/company\/europa-prefabri","https:\/\/es.pinterest.com\/europaprefabri\/","https:\/\/www.youtube.com\/user\/PrefabriSL"]},{"@type":"Person","@id":"https:\/\/www.europa-prefabri.com\/#\/schema\/person\/2ab6be5821a7026cd8f16d2a9411e86e","name":"admin","image":{"@type":"ImageObject","inLanguage":"fr-FR","@id":"https:\/\/secure.gravatar.com\/avatar\/dc55d3f4b941a1510eef2620b2c166513788bd88ef72341333b6d0a859bacd3c?s=96&d=mm&r=g","url":"https:\/\/secure.gravatar.com\/avatar\/dc55d3f4b941a1510eef2620b2c166513788bd88ef72341333b6d0a859bacd3c?s=96&d=mm&r=g","contentUrl":"https:\/\/secure.gravatar.com\/avatar\/dc55d3f4b941a1510eef2620b2c166513788bd88ef72341333b6d0a859bacd3c?s=96&d=mm&r=g","caption":"admin"},"sameAs":["https:\/\/www.europa-prefabri.com","https:\/\/x.com\/@EuropaPrefabri"]}]}},"_links":{"self":[{"href":"https:\/\/www.europa-prefabri.com\/fr\/wp-json\/wp\/v2\/posts\/20297","targetHints":{"allow":["GET"]}}],"collection":[{"href":"https:\/\/www.europa-prefabri.com\/fr\/wp-json\/wp\/v2\/posts"}],"about":[{"href":"https:\/\/www.europa-prefabri.com\/fr\/wp-json\/wp\/v2\/types\/post"}],"author":[{"embeddable":true,"href":"https:\/\/www.europa-prefabri.com\/fr\/wp-json\/wp\/v2\/users\/4"}],"replies":[{"embeddable":true,"href":"https:\/\/www.europa-prefabri.com\/fr\/wp-json\/wp\/v2\/comments?post=20297"}],"version-history":[{"count":0,"href":"https:\/\/www.europa-prefabri.com\/fr\/wp-json\/wp\/v2\/posts\/20297\/revisions"}],"wp:featuredmedia":[{"embeddable":true,"href":"https:\/\/www.europa-prefabri.com\/fr\/wp-json\/wp\/v2\/media\/19882"}],"wp:attachment":[{"href":"https:\/\/www.europa-prefabri.com\/fr\/wp-json\/wp\/v2\/media?parent=20297"}],"wp:term":[{"taxonomy":"category","embeddable":true,"href":"https:\/\/www.europa-prefabri.com\/fr\/wp-json\/wp\/v2\/categories?post=20297"},{"taxonomy":"post_tag","embeddable":true,"href":"https:\/\/www.europa-prefabri.com\/fr\/wp-json\/wp\/v2\/tags?post=20297"}],"curies":[{"name":"wp","href":"https:\/\/api.w.org\/{rel}","templated":true}]}}