{"id":20271,"date":"2017-11-28T10:42:02","date_gmt":"2017-11-28T09:42:02","guid":{"rendered":"http:\/\/www.europa-prefabri.com\/modulos-prefabricados-de-la-central-nuclear-de-cofrentes\/"},"modified":"2025-01-31T13:16:16","modified_gmt":"2025-01-31T12:16:16","slug":"modules-prefabriques-de-la-centrale-nucleaire-de-cofrentes","status":"publish","type":"post","link":"https:\/\/www.europa-prefabri.com\/fr\/modules-prefabriques-de-la-centrale-nucleaire-de-cofrentes\/","title":{"rendered":"D\u00e9montage des modules pr\u00e9fabriqu\u00e9s de la Centrale Nucl\u00e9aire de Cofrentes  | Prefabri"},"content":{"rendered":"\n\t\t<style type=\"text\/css\">\n\t\t\t#gallery-1 {\n\t\t\t\tmargin: auto;\n\t\t\t}\n\t\t\t#gallery-1 .gallery-item {\n\t\t\t\tfloat: left;\n\t\t\t\tmargin-top: 10px;\n\t\t\t\ttext-align: center;\n\t\t\t\twidth: 11%;\n\t\t\t}\n\t\t\t#gallery-1 img {\n\t\t\t\tborder: 2px solid #cfcfcf;\n\t\t\t}\n\t\t\t#gallery-1 .gallery-caption {\n\t\t\t\tmargin-left: 0;\n\t\t\t}\n\t\t\t\/* see gallery_shortcode() in wp-includes\/media.php *\/\n\t\t<\/style>\n\t\t<div id='gallery-1' class='gallery galleryid-20271 gallery-columns-9 gallery-size-thumbnail'><dl class='gallery-item'>\n\t\t\t<dt class='gallery-icon landscape'>\n\t\t\t\t<a href='https:\/\/www.europa-prefabri.com\/fr\/modules-prefabriques-de-la-centrale-nucleaire-de-cofrentes\/modulos-prefabricados-de-la-central-nuclear-de-cofrentes-01-2\/'><img loading=\"lazy\" decoding=\"async\" width=\"80\" height=\"80\" src=\"https:\/\/www.europa-prefabri.com\/wp-content\/uploads\/modulos-prefabricados-de-la-central-nuclear-de-cofrentes-01-80x80.jpg\" class=\"attachment-thumbnail size-thumbnail\" alt=\"\" srcset=\"https:\/\/www.europa-prefabri.com\/wp-content\/uploads\/modulos-prefabricados-de-la-central-nuclear-de-cofrentes-01-80x80.jpg 80w, https:\/\/www.europa-prefabri.com\/wp-content\/uploads\/modulos-prefabricados-de-la-central-nuclear-de-cofrentes-01-36x36.jpg 36w, https:\/\/www.europa-prefabri.com\/wp-content\/uploads\/modulos-prefabricados-de-la-central-nuclear-de-cofrentes-01-180x180.jpg 180w, https:\/\/www.europa-prefabri.com\/wp-content\/uploads\/modulos-prefabricados-de-la-central-nuclear-de-cofrentes-01-120x120.jpg 120w, https:\/\/www.europa-prefabri.com\/wp-content\/uploads\/modulos-prefabricados-de-la-central-nuclear-de-cofrentes-01-450x450.jpg 450w\" sizes=\"auto, (max-width: 80px) 100vw, 80px\" \/><\/a>\n\t\t\t<\/dt><\/dl><dl class='gallery-item'>\n\t\t\t<dt class='gallery-icon landscape'>\n\t\t\t\t<a href='https:\/\/www.europa-prefabri.com\/fr\/modules-prefabriques-de-la-centrale-nucleaire-de-cofrentes\/modulos-prefabricados-de-la-central-nuclear-de-cofrentes-02-2\/'><img loading=\"lazy\" decoding=\"async\" width=\"80\" height=\"80\" src=\"https:\/\/www.europa-prefabri.com\/wp-content\/uploads\/modulos-prefabricados-de-la-central-nuclear-de-cofrentes-02-80x80.jpg\" class=\"attachment-thumbnail size-thumbnail\" alt=\"modules pr\u00e9fabriqu\u00e9s de la Centrale Nucl\u00e9aire\" srcset=\"https:\/\/www.europa-prefabri.com\/wp-content\/uploads\/modulos-prefabricados-de-la-central-nuclear-de-cofrentes-02-80x80.jpg 80w, https:\/\/www.europa-prefabri.com\/wp-content\/uploads\/modulos-prefabricados-de-la-central-nuclear-de-cofrentes-02-36x36.jpg 36w, https:\/\/www.europa-prefabri.com\/wp-content\/uploads\/modulos-prefabricados-de-la-central-nuclear-de-cofrentes-02-180x180.jpg 180w, https:\/\/www.europa-prefabri.com\/wp-content\/uploads\/modulos-prefabricados-de-la-central-nuclear-de-cofrentes-02-120x120.jpg 120w, https:\/\/www.europa-prefabri.com\/wp-content\/uploads\/modulos-prefabricados-de-la-central-nuclear-de-cofrentes-02-450x450.jpg 450w\" sizes=\"auto, (max-width: 80px) 100vw, 80px\" \/><\/a>\n\t\t\t<\/dt><\/dl><dl class='gallery-item'>\n\t\t\t<dt class='gallery-icon landscape'>\n\t\t\t\t<a href='https:\/\/www.europa-prefabri.com\/fr\/modules-prefabriques-de-la-centrale-nucleaire-de-cofrentes\/modulos-prefabricados-de-la-central-nuclear-de-cofrentes-03-2\/'><img loading=\"lazy\" decoding=\"async\" width=\"80\" height=\"80\" src=\"https:\/\/www.europa-prefabri.com\/wp-content\/uploads\/modulos-prefabricados-de-la-central-nuclear-de-cofrentes-03-80x80.jpg\" class=\"attachment-thumbnail size-thumbnail\" alt=\"\" srcset=\"https:\/\/www.europa-prefabri.com\/wp-content\/uploads\/modulos-prefabricados-de-la-central-nuclear-de-cofrentes-03-80x80.jpg 80w, https:\/\/www.europa-prefabri.com\/wp-content\/uploads\/modulos-prefabricados-de-la-central-nuclear-de-cofrentes-03-36x36.jpg 36w, https:\/\/www.europa-prefabri.com\/wp-content\/uploads\/modulos-prefabricados-de-la-central-nuclear-de-cofrentes-03-180x180.jpg 180w, https:\/\/www.europa-prefabri.com\/wp-content\/uploads\/modulos-prefabricados-de-la-central-nuclear-de-cofrentes-03-120x120.jpg 120w, https:\/\/www.europa-prefabri.com\/wp-content\/uploads\/modulos-prefabricados-de-la-central-nuclear-de-cofrentes-03-450x450.jpg 450w\" sizes=\"auto, (max-width: 80px) 100vw, 80px\" \/><\/a>\n\t\t\t<\/dt><\/dl><dl class='gallery-item'>\n\t\t\t<dt class='gallery-icon landscape'>\n\t\t\t\t<a href='https:\/\/www.europa-prefabri.com\/fr\/modules-prefabriques-de-la-centrale-nucleaire-de-cofrentes\/modulos-prefabricados-de-la-central-nuclear-de-cofrentes-04-2\/'><img loading=\"lazy\" decoding=\"async\" width=\"80\" height=\"80\" src=\"https:\/\/www.europa-prefabri.com\/wp-content\/uploads\/modulos-prefabricados-de-la-central-nuclear-de-cofrentes-04-80x80.jpg\" class=\"attachment-thumbnail size-thumbnail\" alt=\"\" srcset=\"https:\/\/www.europa-prefabri.com\/wp-content\/uploads\/modulos-prefabricados-de-la-central-nuclear-de-cofrentes-04-80x80.jpg 80w, https:\/\/www.europa-prefabri.com\/wp-content\/uploads\/modulos-prefabricados-de-la-central-nuclear-de-cofrentes-04-36x36.jpg 36w, https:\/\/www.europa-prefabri.com\/wp-content\/uploads\/modulos-prefabricados-de-la-central-nuclear-de-cofrentes-04-180x180.jpg 180w, https:\/\/www.europa-prefabri.com\/wp-content\/uploads\/modulos-prefabricados-de-la-central-nuclear-de-cofrentes-04-120x120.jpg 120w, https:\/\/www.europa-prefabri.com\/wp-content\/uploads\/modulos-prefabricados-de-la-central-nuclear-de-cofrentes-04-450x450.jpg 450w\" sizes=\"auto, (max-width: 80px) 100vw, 80px\" \/><\/a>\n\t\t\t<\/dt><\/dl><dl class='gallery-item'>\n\t\t\t<dt class='gallery-icon landscape'>\n\t\t\t\t<a href='https:\/\/www.europa-prefabri.com\/fr\/modules-prefabriques-de-la-centrale-nucleaire-de-cofrentes\/modulos-prefabricados-de-la-central-nuclear-de-cofrentes-05-2\/'><img loading=\"lazy\" decoding=\"async\" width=\"80\" height=\"80\" src=\"https:\/\/www.europa-prefabri.com\/wp-content\/uploads\/modulos-prefabricados-de-la-central-nuclear-de-cofrentes-05-80x80.jpg\" class=\"attachment-thumbnail size-thumbnail\" alt=\"\" srcset=\"https:\/\/www.europa-prefabri.com\/wp-content\/uploads\/modulos-prefabricados-de-la-central-nuclear-de-cofrentes-05-80x80.jpg 80w, https:\/\/www.europa-prefabri.com\/wp-content\/uploads\/modulos-prefabricados-de-la-central-nuclear-de-cofrentes-05-36x36.jpg 36w, https:\/\/www.europa-prefabri.com\/wp-content\/uploads\/modulos-prefabricados-de-la-central-nuclear-de-cofrentes-05-180x180.jpg 180w, https:\/\/www.europa-prefabri.com\/wp-content\/uploads\/modulos-prefabricados-de-la-central-nuclear-de-cofrentes-05-120x120.jpg 120w, https:\/\/www.europa-prefabri.com\/wp-content\/uploads\/modulos-prefabricados-de-la-central-nuclear-de-cofrentes-05-450x450.jpg 450w\" sizes=\"auto, (max-width: 80px) 100vw, 80px\" \/><\/a>\n\t\t\t<\/dt><\/dl><dl class='gallery-item'>\n\t\t\t<dt class='gallery-icon landscape'>\n\t\t\t\t<a href='https:\/\/www.europa-prefabri.com\/fr\/modules-prefabriques-de-la-centrale-nucleaire-de-cofrentes\/modulos-prefabricados-de-la-central-nuclear-de-cofrentes-06-2\/'><img loading=\"lazy\" decoding=\"async\" width=\"80\" height=\"80\" src=\"https:\/\/www.europa-prefabri.com\/wp-content\/uploads\/modulos-prefabricados-de-la-central-nuclear-de-cofrentes-06-80x80.jpg\" class=\"attachment-thumbnail size-thumbnail\" alt=\"\" srcset=\"https:\/\/www.europa-prefabri.com\/wp-content\/uploads\/modulos-prefabricados-de-la-central-nuclear-de-cofrentes-06-80x80.jpg 80w, https:\/\/www.europa-prefabri.com\/wp-content\/uploads\/modulos-prefabricados-de-la-central-nuclear-de-cofrentes-06-36x36.jpg 36w, https:\/\/www.europa-prefabri.com\/wp-content\/uploads\/modulos-prefabricados-de-la-central-nuclear-de-cofrentes-06-180x180.jpg 180w, https:\/\/www.europa-prefabri.com\/wp-content\/uploads\/modulos-prefabricados-de-la-central-nuclear-de-cofrentes-06-120x120.jpg 120w, https:\/\/www.europa-prefabri.com\/wp-content\/uploads\/modulos-prefabricados-de-la-central-nuclear-de-cofrentes-06-450x450.jpg 450w\" sizes=\"auto, (max-width: 80px) 100vw, 80px\" \/><\/a>\n\t\t\t<\/dt><\/dl><dl class='gallery-item'>\n\t\t\t<dt class='gallery-icon landscape'>\n\t\t\t\t<a href='https:\/\/www.europa-prefabri.com\/fr\/modules-prefabriques-de-la-centrale-nucleaire-de-cofrentes\/modulos-prefabricados-de-la-central-nuclear-de-cofrentes-07-2\/'><img loading=\"lazy\" decoding=\"async\" width=\"80\" height=\"80\" src=\"https:\/\/www.europa-prefabri.com\/wp-content\/uploads\/modulos-prefabricados-de-la-central-nuclear-de-cofrentes-07-80x80.jpg\" class=\"attachment-thumbnail size-thumbnail\" alt=\"\" srcset=\"https:\/\/www.europa-prefabri.com\/wp-content\/uploads\/modulos-prefabricados-de-la-central-nuclear-de-cofrentes-07-80x80.jpg 80w, https:\/\/www.europa-prefabri.com\/wp-content\/uploads\/modulos-prefabricados-de-la-central-nuclear-de-cofrentes-07-36x36.jpg 36w, https:\/\/www.europa-prefabri.com\/wp-content\/uploads\/modulos-prefabricados-de-la-central-nuclear-de-cofrentes-07-180x180.jpg 180w, https:\/\/www.europa-prefabri.com\/wp-content\/uploads\/modulos-prefabricados-de-la-central-nuclear-de-cofrentes-07-120x120.jpg 120w, https:\/\/www.europa-prefabri.com\/wp-content\/uploads\/modulos-prefabricados-de-la-central-nuclear-de-cofrentes-07-450x450.jpg 450w\" sizes=\"auto, (max-width: 80px) 100vw, 80px\" \/><\/a>\n\t\t\t<\/dt><\/dl><dl class='gallery-item'>\n\t\t\t<dt class='gallery-icon landscape'>\n\t\t\t\t<a href='https:\/\/www.europa-prefabri.com\/fr\/modules-prefabriques-de-la-centrale-nucleaire-de-cofrentes\/modulos-prefabricados-de-la-central-nuclear-de-cofrentes-08-2\/'><img loading=\"lazy\" decoding=\"async\" width=\"80\" height=\"80\" src=\"https:\/\/www.europa-prefabri.com\/wp-content\/uploads\/modulos-prefabricados-de-la-central-nuclear-de-cofrentes-08-80x80.jpg\" class=\"attachment-thumbnail size-thumbnail\" alt=\"\" srcset=\"https:\/\/www.europa-prefabri.com\/wp-content\/uploads\/modulos-prefabricados-de-la-central-nuclear-de-cofrentes-08-80x80.jpg 80w, https:\/\/www.europa-prefabri.com\/wp-content\/uploads\/modulos-prefabricados-de-la-central-nuclear-de-cofrentes-08-36x36.jpg 36w, https:\/\/www.europa-prefabri.com\/wp-content\/uploads\/modulos-prefabricados-de-la-central-nuclear-de-cofrentes-08-180x180.jpg 180w, https:\/\/www.europa-prefabri.com\/wp-content\/uploads\/modulos-prefabricados-de-la-central-nuclear-de-cofrentes-08-120x120.jpg 120w, https:\/\/www.europa-prefabri.com\/wp-content\/uploads\/modulos-prefabricados-de-la-central-nuclear-de-cofrentes-08-450x450.jpg 450w\" sizes=\"auto, (max-width: 80px) 100vw, 80px\" \/><\/a>\n\t\t\t<\/dt><\/dl><dl class='gallery-item'>\n\t\t\t<dt class='gallery-icon landscape'>\n\t\t\t\t<a href='https:\/\/www.europa-prefabri.com\/fr\/modules-prefabriques-de-la-centrale-nucleaire-de-cofrentes\/modulos-prefabricados-de-la-central-nuclear-de-cofrentes-09-2\/'><img loading=\"lazy\" decoding=\"async\" width=\"80\" height=\"80\" src=\"https:\/\/www.europa-prefabri.com\/wp-content\/uploads\/modulos-prefabricados-de-la-central-nuclear-de-cofrentes-09-80x80.jpg\" class=\"attachment-thumbnail size-thumbnail\" alt=\"\" srcset=\"https:\/\/www.europa-prefabri.com\/wp-content\/uploads\/modulos-prefabricados-de-la-central-nuclear-de-cofrentes-09-80x80.jpg 80w, https:\/\/www.europa-prefabri.com\/wp-content\/uploads\/modulos-prefabricados-de-la-central-nuclear-de-cofrentes-09-36x36.jpg 36w, https:\/\/www.europa-prefabri.com\/wp-content\/uploads\/modulos-prefabricados-de-la-central-nuclear-de-cofrentes-09-180x180.jpg 180w, https:\/\/www.europa-prefabri.com\/wp-content\/uploads\/modulos-prefabricados-de-la-central-nuclear-de-cofrentes-09-120x120.jpg 120w, https:\/\/www.europa-prefabri.com\/wp-content\/uploads\/modulos-prefabricados-de-la-central-nuclear-de-cofrentes-09-450x450.jpg 450w\" sizes=\"auto, (max-width: 80px) 100vw, 80px\" \/><\/a>\n\t\t\t<\/dt><\/dl><br style=\"clear: both\" \/><dl class='gallery-item'>\n\t\t\t<dt class='gallery-icon landscape'>\n\t\t\t\t<a href='https:\/\/www.europa-prefabri.com\/fr\/modules-prefabriques-de-la-centrale-nucleaire-de-cofrentes\/modulos-prefabricados-de-la-central-nuclear-de-cofrentes-10-2\/'><img loading=\"lazy\" decoding=\"async\" width=\"80\" height=\"80\" src=\"https:\/\/www.europa-prefabri.com\/wp-content\/uploads\/modulos-prefabricados-de-la-central-nuclear-de-cofrentes-10-80x80.jpg\" class=\"attachment-thumbnail size-thumbnail\" alt=\"\" srcset=\"https:\/\/www.europa-prefabri.com\/wp-content\/uploads\/modulos-prefabricados-de-la-central-nuclear-de-cofrentes-10-80x80.jpg 80w, https:\/\/www.europa-prefabri.com\/wp-content\/uploads\/modulos-prefabricados-de-la-central-nuclear-de-cofrentes-10-36x36.jpg 36w, https:\/\/www.europa-prefabri.com\/wp-content\/uploads\/modulos-prefabricados-de-la-central-nuclear-de-cofrentes-10-180x180.jpg 180w, https:\/\/www.europa-prefabri.com\/wp-content\/uploads\/modulos-prefabricados-de-la-central-nuclear-de-cofrentes-10-120x120.jpg 120w, https:\/\/www.europa-prefabri.com\/wp-content\/uploads\/modulos-prefabricados-de-la-central-nuclear-de-cofrentes-10-450x450.jpg 450w\" sizes=\"auto, (max-width: 80px) 100vw, 80px\" \/><\/a>\n\t\t\t<\/dt><\/dl>\n\t\t\t<br style='clear: both' \/>\n\t\t<\/div>\n\n<p>Nous sommes en train de r\u00e9aliser le d\u00e9montage de 91 modules pr\u00e9fabriqu\u00e9s de la <a href=\"http:\/\/www.cncofrentes.es\/\">Centrale Nucl\u00e9aire de Cofrentes<\/a> de Iberdrola que nous <a href=\"https:\/\/www.europa-prefabri.com\/fr\/bureaux-prefabriques-centrale-nucleaire\/\">avons assembl\u00e9 en deux niveaux avec 36 escaliers<\/a>. Nous avons fait cet assemblage en Septembre dernier pour qu\u2019ils puissent faire l\u2019arr\u00eat temporaire.<\/p>\n<h2><strong>La Centrale Nucl\u00e9aire de Cofrentes<\/strong><\/h2>\n<p style=\"text-align: justify;\">La Centrale de Cofrentes, en fonctionnement depuis 33 ans, est le principal centre de production \u00e9lectrique de la R\u00e9gion de Valence. Pendant 2016 la centrale nucl\u00e9aire de Cofrentes a g\u00e9n\u00e9r\u00e9 9.540 millions de kWh, ce qui repr\u00e9sente presque le 3,6%\u00a0 de la production \u00e9lectrique au niveau national.\u00a0 Cette production permet de couvrir environ 37% de la demande \u00e9lectrique annuel dans la r\u00e9gion de Valence. \u00c9galement, avec 1092.02 Mw, la Centrale de Cofrentes est la centrale nucl\u00e9aire espagnole avec la plus grande puissance \u00e9lectrique install\u00e9e.<\/p>\n<h2><strong>Projet\u00a0: modules pr\u00e9fabriqu\u00e9s de la centrale nucl\u00e9aire de Cofrentes<\/strong><\/h2>\n<p><img loading=\"lazy\" decoding=\"async\" class=\"aligncenter size-full wp-image-18888\" src=\"https:\/\/www.europa-prefabri.com\/wp-content\/uploads\/plano-de-distribucion-de-los-modulos-prefabricados-en-la-central-nuclear-de-cofrentes.jpg\" alt=\"plano de distribucion de los modulos prefabricados en la central nuclear de cofrentes\" width=\"800\" height=\"600\" \/><\/p>\n<p>Le projet consiste \u00e0 d\u00e9placer de mani\u00e8re temporaire les bureaux de la Centrale Nucl\u00e9aire pour l\u2019arr\u00eat programm\u00e9 qui aura lieu en Septembre 2017.<\/p>\n<p>Ces modules servent d\u2019appui tant au personnel de la Centrale Nucl\u00e9aire de Iberdola comme \u00e0 leurs fournisseurs qui travailleront dans les bureaux pr\u00e9fabriqu\u00e9s dans le cadre de l\u2019arr\u00eat programm\u00e9 de la centrale. Entre eux, il y a des entreprises \u00e0 fort niveau technique comme Ge-Power, Tecnaton, Ge-Hitachi, ABB, Siemens, Duro Felguera, Cegelec, Empresarios Agrupados, Areva\u2026<\/p>\n<ul>\n<li>Entre ces bureaux pr\u00e9fabriqu\u00e9s il y a deux salles de repos et des sanitaires pour le groupe de soci\u00e9t\u00e9s.<\/li>\n<li>Il y a aussi un module qui fonctionne comme un bar et cantine.<\/li>\n<li>Nous avons fait tout l\u2019assemblage avec nos propres moyens\u00a0: camions-grues, plateformes a\u00e9riennes et notre personnel.<\/li>\n<li>Tous les bureaux pr\u00e9fabriqu\u00e9s ont le syst\u00e8me de climatisation Split de 3000 frig\/h.<\/li>\n<li>Tous les modules ont l\u2019installation compl\u00e8te de voix et de donn\u00e9es.<\/li>\n<li>Nous fournirons les bureaux meubl\u00e9s pour les diff\u00e9rents fournisseurs et soci\u00e9t\u00e9s qui travaill\u00e8rent dans l\u2019arr\u00eat.<\/li>\n<\/ul>\n<p>Il s\u2019agit donc d\u2019un nouveau d\u00e9fi dans notre trajectoire, d\u00fb \u00e0 la grande complexit\u00e9 du travail.<\/p>\n<p>Nous remercions Iberdrola pour sa confiance envers Europa Prefabri.<\/p>\n<h2><strong>Pourquoi faire un arr\u00eat dans la Centrale Nucl\u00e9aire de Cofrentes\u00a0?<\/strong><\/h2>\n<p><img loading=\"lazy\" decoding=\"async\" class=\"aligncenter size-full wp-image-18894\" src=\"https:\/\/www.europa-prefabri.com\/wp-content\/uploads\/central-nuclear-de-cofrentes-parada-para-recarga-de-combustibles.jpg\" alt=\"central nuclear de cofrentes suministro y montaje de modulos prefabricados para la parada de recarga de combustibles\" width=\"800\" height=\"867\" \/><\/p>\n<p>La centrale Nucl\u00e9aire de Cofrentes r\u00e9alise un arr\u00eat biannuel pour recharger le combustible et remplacer une partie d\u2019eux pour garantir son fonctionnement futur.<\/p>\n<p>\u00c9galement, les arr\u00eats pour remplir le combustible, sont utilis\u00e9s pour effectuer des travaux de maintenance et r\u00e9visions d&#8217;\u00e9quipements non contr\u00f4lables lorsque la centrale nucl\u00e9aire est active. Pendant ces p\u00e9riodes, se font aussi des modifications de design visant l&#8217;optimisation technologique des \u00e9quipements et composants de la centrale.<\/p>\n<p>Chaque recharge doit \u00eatre \u00e9tudi\u00e9e et planifi\u00e9e en d\u00e9tail:\u00a0 sa dur\u00e9e, le nombre d&#8217;activit\u00e9s \u00e0 r\u00e9aliser et l&#8217;embauche du personnel technique n\u00e9cessaire \u00e0 l&#8217;ex\u00e9cution du travail.<\/p>\n","protected":false},"excerpt":{"rendered":"<p>Nous sommes en train de r\u00e9aliser le d\u00e9montage de 91 modules pr\u00e9fabriqu\u00e9s de la Centrale Nucl\u00e9aire de Cofrentes de Iberdrola que nous avons assembl\u00e9 en deux niveaux avec 36 escaliers. Nous avons fait cet assemblage en Septembre dernier pour qu\u2019ils puissent faire l\u2019arr\u00eat temporaire. La Centrale Nucl\u00e9aire de Cofrentes La Centrale de Cofrentes, en fonctionnement [&hellip;]<\/p>\n","protected":false},"author":4,"featured_media":19604,"comment_status":"closed","ping_status":"closed","sticky":false,"template":"","format":"gallery","meta":{"footnotes":""},"categories":[413,58],"tags":[104,436,154,161,437],"class_list":["post-20271","post","type-post","status-publish","format-gallery","has-post-thumbnail","hentry","category-noticias-fr","category-projets","tag-batiment-modulaire","tag-edificios-prefabricados-fr","tag-modules-prefabriques","tag-modules-speciaux","tag-modulos-prefabricados-fr","post_format-post-format-gallery"],"yoast_head":"<!-- This site is optimized with the Yoast SEO plugin v27.5 - https:\/\/yoast.com\/product\/yoast-seo-wordpress\/ -->\n<title>Modules pr\u00e9fabriqu\u00e9s de la Centrale Nucl\u00e9aire de Cofrentes | Prefabri<\/title>\n<meta name=\"description\" content=\"Nous sommes en train de r\u00e9aliser le d\u00e9montage de 91 modules pr\u00e9fabriqu\u00e9s de la Centrale Nucl\u00e9aire de Cofrentes de Iberdrola que nous avons assembl\u00e9 en deux niveaux avec 36 escaliers. Nous avons fait cet assemblage en septembre dernier pour qu\u2019ils puissent faire l\u2019arr\u00eat temporaire.\" \/>\n<meta name=\"robots\" content=\"index, follow, max-snippet:-1, max-image-preview:large, max-video-preview:-1\" \/>\n<link rel=\"canonical\" href=\"https:\/\/www.europa-prefabri.com\/fr\/modules-prefabriques-de-la-centrale-nucleaire-de-cofrentes\/\" \/>\n<meta property=\"og:locale\" content=\"fr_FR\" \/>\n<meta property=\"og:type\" content=\"article\" \/>\n<meta property=\"og:title\" content=\"Modules pr\u00e9fabriqu\u00e9s de la Centrale Nucl\u00e9aire de Cofrentes | Prefabri\" \/>\n<meta property=\"og:description\" content=\"Nous sommes en train de r\u00e9aliser le d\u00e9montage de 91 modules pr\u00e9fabriqu\u00e9s de la Centrale Nucl\u00e9aire de Cofrentes de Iberdrola que nous avons assembl\u00e9 en deux niveaux avec 36 escaliers. Nous avons fait cet assemblage en septembre dernier pour qu\u2019ils puissent faire l\u2019arr\u00eat temporaire.\" \/>\n<meta property=\"og:url\" content=\"https:\/\/www.europa-prefabri.com\/fr\/modules-prefabriques-de-la-centrale-nucleaire-de-cofrentes\/\" \/>\n<meta property=\"og:site_name\" content=\"Europa Prefabri | Alquiler y venta de construcciones modulares\" \/>\n<meta property=\"article:publisher\" content=\"https:\/\/www.facebook.com\/Europa-Prefabri-258328977572213\/\" \/>\n<meta property=\"article:published_time\" content=\"2017-11-28T09:42:02+00:00\" \/>\n<meta property=\"article:modified_time\" content=\"2025-01-31T12:16:16+00:00\" \/>\n<meta property=\"og:image\" content=\"https:\/\/www.europa-prefabri.com\/wp-content\/uploads\/modulos-prefabricados-de-la-central-nuclear-de-cofrentes-05.jpg\" \/>\n\t<meta property=\"og:image:width\" content=\"800\" \/>\n\t<meta property=\"og:image:height\" content=\"600\" \/>\n\t<meta property=\"og:image:type\" content=\"image\/jpeg\" \/>\n<meta name=\"author\" content=\"admin\" \/>\n<meta name=\"twitter:card\" content=\"summary_large_image\" \/>\n<meta name=\"twitter:creator\" content=\"@EuropaPrefabri\" \/>\n<meta name=\"twitter:site\" content=\"@EuropaPrefabri\" \/>\n<meta name=\"twitter:label1\" content=\"Written by\" \/>\n\t<meta name=\"twitter:data1\" content=\"admin\" \/>\n\t<meta name=\"twitter:label2\" content=\"Est. reading time\" \/>\n\t<meta name=\"twitter:data2\" content=\"5 minutes\" \/>\n<script type=\"application\/ld+json\" class=\"yoast-schema-graph\">{\"@context\":\"https:\\\/\\\/schema.org\",\"@graph\":[{\"@type\":\"Article\",\"@id\":\"https:\\\/\\\/www.europa-prefabri.com\\\/fr\\\/modules-prefabriques-de-la-centrale-nucleaire-de-cofrentes\\\/#article\",\"isPartOf\":{\"@id\":\"https:\\\/\\\/www.europa-prefabri.com\\\/fr\\\/modules-prefabriques-de-la-centrale-nucleaire-de-cofrentes\\\/\"},\"author\":{\"name\":\"admin\",\"@id\":\"https:\\\/\\\/www.europa-prefabri.com\\\/#\\\/schema\\\/person\\\/2ab6be5821a7026cd8f16d2a9411e86e\"},\"headline\":\"D\u00e9montage des modules pr\u00e9fabriqu\u00e9s de la Centrale Nucl\u00e9aire de Cofrentes | Prefabri\",\"datePublished\":\"2017-11-28T09:42:02+00:00\",\"dateModified\":\"2025-01-31T12:16:16+00:00\",\"mainEntityOfPage\":{\"@id\":\"https:\\\/\\\/www.europa-prefabri.com\\\/fr\\\/modules-prefabriques-de-la-centrale-nucleaire-de-cofrentes\\\/\"},\"wordCount\":513,\"publisher\":{\"@id\":\"https:\\\/\\\/www.europa-prefabri.com\\\/#organization\"},\"image\":{\"@id\":\"https:\\\/\\\/www.europa-prefabri.com\\\/fr\\\/modules-prefabriques-de-la-centrale-nucleaire-de-cofrentes\\\/#primaryimage\"},\"thumbnailUrl\":\"https:\\\/\\\/www.europa-prefabri.com\\\/wp-content\\\/uploads\\\/modulos-prefabricados-de-la-central-nuclear-de-cofrentes-05.jpg\",\"keywords\":[\"BATIMENT MODULAIRE\",\"EDIFICIOS PREFABRICADOS\",\"modules pr\u00e9fabriqu\u00e9s\",\"Modules sp\u00e9ciaux\",\"MODULOS PREFABRICADOS\"],\"articleSection\":[\"Noticias\",\"Projets\"],\"inLanguage\":\"fr-FR\"},{\"@type\":\"WebPage\",\"@id\":\"https:\\\/\\\/www.europa-prefabri.com\\\/fr\\\/modules-prefabriques-de-la-centrale-nucleaire-de-cofrentes\\\/\",\"url\":\"https:\\\/\\\/www.europa-prefabri.com\\\/fr\\\/modules-prefabriques-de-la-centrale-nucleaire-de-cofrentes\\\/\",\"name\":\"Modules pr\u00e9fabriqu\u00e9s de la Centrale Nucl\u00e9aire de Cofrentes | Prefabri\",\"isPartOf\":{\"@id\":\"https:\\\/\\\/www.europa-prefabri.com\\\/#website\"},\"primaryImageOfPage\":{\"@id\":\"https:\\\/\\\/www.europa-prefabri.com\\\/fr\\\/modules-prefabriques-de-la-centrale-nucleaire-de-cofrentes\\\/#primaryimage\"},\"image\":{\"@id\":\"https:\\\/\\\/www.europa-prefabri.com\\\/fr\\\/modules-prefabriques-de-la-centrale-nucleaire-de-cofrentes\\\/#primaryimage\"},\"thumbnailUrl\":\"https:\\\/\\\/www.europa-prefabri.com\\\/wp-content\\\/uploads\\\/modulos-prefabricados-de-la-central-nuclear-de-cofrentes-05.jpg\",\"datePublished\":\"2017-11-28T09:42:02+00:00\",\"dateModified\":\"2025-01-31T12:16:16+00:00\",\"description\":\"Nous sommes en train de r\u00e9aliser le d\u00e9montage de 91 modules pr\u00e9fabriqu\u00e9s de la Centrale Nucl\u00e9aire de Cofrentes de Iberdrola que nous avons assembl\u00e9 en deux niveaux avec 36 escaliers. Nous avons fait cet assemblage en septembre dernier pour qu\u2019ils puissent faire l\u2019arr\u00eat temporaire.\",\"breadcrumb\":{\"@id\":\"https:\\\/\\\/www.europa-prefabri.com\\\/fr\\\/modules-prefabriques-de-la-centrale-nucleaire-de-cofrentes\\\/#breadcrumb\"},\"inLanguage\":\"fr-FR\",\"potentialAction\":[{\"@type\":\"ReadAction\",\"target\":[\"https:\\\/\\\/www.europa-prefabri.com\\\/fr\\\/modules-prefabriques-de-la-centrale-nucleaire-de-cofrentes\\\/\"]}]},{\"@type\":\"ImageObject\",\"inLanguage\":\"fr-FR\",\"@id\":\"https:\\\/\\\/www.europa-prefabri.com\\\/fr\\\/modules-prefabriques-de-la-centrale-nucleaire-de-cofrentes\\\/#primaryimage\",\"url\":\"https:\\\/\\\/www.europa-prefabri.com\\\/wp-content\\\/uploads\\\/modulos-prefabricados-de-la-central-nuclear-de-cofrentes-05.jpg\",\"contentUrl\":\"https:\\\/\\\/www.europa-prefabri.com\\\/wp-content\\\/uploads\\\/modulos-prefabricados-de-la-central-nuclear-de-cofrentes-05.jpg\",\"width\":800,\"height\":600},{\"@type\":\"BreadcrumbList\",\"@id\":\"https:\\\/\\\/www.europa-prefabri.com\\\/fr\\\/modules-prefabriques-de-la-centrale-nucleaire-de-cofrentes\\\/#breadcrumb\",\"itemListElement\":[{\"@type\":\"ListItem\",\"position\":1,\"name\":\"Portada\",\"item\":\"https:\\\/\\\/www.europa-prefabri.com\\\/fr\\\/\"},{\"@type\":\"ListItem\",\"position\":2,\"name\":\"D\u00e9montage des modules pr\u00e9fabriqu\u00e9s de la Centrale Nucl\u00e9aire de Cofrentes | Prefabri\"}]},{\"@type\":\"WebSite\",\"@id\":\"https:\\\/\\\/www.europa-prefabri.com\\\/#website\",\"url\":\"https:\\\/\\\/www.europa-prefabri.com\\\/\",\"name\":\"Europa Prefabri | Alquiler y venta de construcciones modulares\",\"description\":\"Alquiler y venta de construcciones modulares, casetas de obra, marquesinas de aparcamiento y vallas y cerramientos.\",\"publisher\":{\"@id\":\"https:\\\/\\\/www.europa-prefabri.com\\\/#organization\"},\"potentialAction\":[{\"@type\":\"SearchAction\",\"target\":{\"@type\":\"EntryPoint\",\"urlTemplate\":\"https:\\\/\\\/www.europa-prefabri.com\\\/?s={search_term_string}\"},\"query-input\":{\"@type\":\"PropertyValueSpecification\",\"valueRequired\":true,\"valueName\":\"search_term_string\"}}],\"inLanguage\":\"fr-FR\"},{\"@type\":\"Organization\",\"@id\":\"https:\\\/\\\/www.europa-prefabri.com\\\/#organization\",\"name\":\"Prefabri S.L.\",\"url\":\"https:\\\/\\\/www.europa-prefabri.com\\\/\",\"logo\":{\"@type\":\"ImageObject\",\"inLanguage\":\"fr-FR\",\"@id\":\"https:\\\/\\\/www.europa-prefabri.com\\\/#\\\/schema\\\/logo\\\/image\\\/\",\"url\":\"https:\\\/\\\/www.europa-prefabri.com\\\/wp-content\\\/uploads\\\/EuropaPrefabri-Logo.jpg\",\"contentUrl\":\"https:\\\/\\\/www.europa-prefabri.com\\\/wp-content\\\/uploads\\\/EuropaPrefabri-Logo.jpg\",\"width\":752,\"height\":348,\"caption\":\"Prefabri S.L.\"},\"image\":{\"@id\":\"https:\\\/\\\/www.europa-prefabri.com\\\/#\\\/schema\\\/logo\\\/image\\\/\"},\"sameAs\":[\"https:\\\/\\\/www.facebook.com\\\/Europa-Prefabri-258328977572213\\\/\",\"https:\\\/\\\/x.com\\\/EuropaPrefabri\",\"https:\\\/\\\/www.instagram.com\\\/europaprefabri\\\/\",\"https:\\\/\\\/es.linkedin.com\\\/company\\\/europa-prefabri\",\"https:\\\/\\\/es.pinterest.com\\\/europaprefabri\\\/\",\"https:\\\/\\\/www.youtube.com\\\/user\\\/PrefabriSL\"]},{\"@type\":\"Person\",\"@id\":\"https:\\\/\\\/www.europa-prefabri.com\\\/#\\\/schema\\\/person\\\/2ab6be5821a7026cd8f16d2a9411e86e\",\"name\":\"admin\",\"image\":{\"@type\":\"ImageObject\",\"inLanguage\":\"fr-FR\",\"@id\":\"https:\\\/\\\/secure.gravatar.com\\\/avatar\\\/dc55d3f4b941a1510eef2620b2c166513788bd88ef72341333b6d0a859bacd3c?s=96&d=mm&r=g\",\"url\":\"https:\\\/\\\/secure.gravatar.com\\\/avatar\\\/dc55d3f4b941a1510eef2620b2c166513788bd88ef72341333b6d0a859bacd3c?s=96&d=mm&r=g\",\"contentUrl\":\"https:\\\/\\\/secure.gravatar.com\\\/avatar\\\/dc55d3f4b941a1510eef2620b2c166513788bd88ef72341333b6d0a859bacd3c?s=96&d=mm&r=g\",\"caption\":\"admin\"},\"sameAs\":[\"https:\\\/\\\/www.europa-prefabri.com\",\"https:\\\/\\\/x.com\\\/@EuropaPrefabri\"]}]}<\/script>\n<!-- \/ Yoast SEO plugin. -->","yoast_head_json":{"title":"Modules pr\u00e9fabriqu\u00e9s de la Centrale Nucl\u00e9aire de Cofrentes | Prefabri","description":"Nous sommes en train de r\u00e9aliser le d\u00e9montage de 91 modules pr\u00e9fabriqu\u00e9s de la Centrale Nucl\u00e9aire de Cofrentes de Iberdrola que nous avons assembl\u00e9 en deux niveaux avec 36 escaliers. Nous avons fait cet assemblage en septembre dernier pour qu\u2019ils puissent faire l\u2019arr\u00eat temporaire.","robots":{"index":"index","follow":"follow","max-snippet":"max-snippet:-1","max-image-preview":"max-image-preview:large","max-video-preview":"max-video-preview:-1"},"canonical":"https:\/\/www.europa-prefabri.com\/fr\/modules-prefabriques-de-la-centrale-nucleaire-de-cofrentes\/","og_locale":"fr_FR","og_type":"article","og_title":"Modules pr\u00e9fabriqu\u00e9s de la Centrale Nucl\u00e9aire de Cofrentes | Prefabri","og_description":"Nous sommes en train de r\u00e9aliser le d\u00e9montage de 91 modules pr\u00e9fabriqu\u00e9s de la Centrale Nucl\u00e9aire de Cofrentes de Iberdrola que nous avons assembl\u00e9 en deux niveaux avec 36 escaliers. Nous avons fait cet assemblage en septembre dernier pour qu\u2019ils puissent faire l\u2019arr\u00eat temporaire.","og_url":"https:\/\/www.europa-prefabri.com\/fr\/modules-prefabriques-de-la-centrale-nucleaire-de-cofrentes\/","og_site_name":"Europa Prefabri | Alquiler y venta de construcciones modulares","article_publisher":"https:\/\/www.facebook.com\/Europa-Prefabri-258328977572213\/","article_published_time":"2017-11-28T09:42:02+00:00","article_modified_time":"2025-01-31T12:16:16+00:00","og_image":[{"width":800,"height":600,"url":"https:\/\/www.europa-prefabri.com\/wp-content\/uploads\/modulos-prefabricados-de-la-central-nuclear-de-cofrentes-05.jpg","type":"image\/jpeg"}],"author":"admin","twitter_card":"summary_large_image","twitter_creator":"@EuropaPrefabri","twitter_site":"@EuropaPrefabri","twitter_misc":{"Written by":"admin","Est. reading time":"5 minutes"},"schema":{"@context":"https:\/\/schema.org","@graph":[{"@type":"Article","@id":"https:\/\/www.europa-prefabri.com\/fr\/modules-prefabriques-de-la-centrale-nucleaire-de-cofrentes\/#article","isPartOf":{"@id":"https:\/\/www.europa-prefabri.com\/fr\/modules-prefabriques-de-la-centrale-nucleaire-de-cofrentes\/"},"author":{"name":"admin","@id":"https:\/\/www.europa-prefabri.com\/#\/schema\/person\/2ab6be5821a7026cd8f16d2a9411e86e"},"headline":"D\u00e9montage des modules pr\u00e9fabriqu\u00e9s de la Centrale Nucl\u00e9aire de Cofrentes | Prefabri","datePublished":"2017-11-28T09:42:02+00:00","dateModified":"2025-01-31T12:16:16+00:00","mainEntityOfPage":{"@id":"https:\/\/www.europa-prefabri.com\/fr\/modules-prefabriques-de-la-centrale-nucleaire-de-cofrentes\/"},"wordCount":513,"publisher":{"@id":"https:\/\/www.europa-prefabri.com\/#organization"},"image":{"@id":"https:\/\/www.europa-prefabri.com\/fr\/modules-prefabriques-de-la-centrale-nucleaire-de-cofrentes\/#primaryimage"},"thumbnailUrl":"https:\/\/www.europa-prefabri.com\/wp-content\/uploads\/modulos-prefabricados-de-la-central-nuclear-de-cofrentes-05.jpg","keywords":["BATIMENT MODULAIRE","EDIFICIOS PREFABRICADOS","modules pr\u00e9fabriqu\u00e9s","Modules sp\u00e9ciaux","MODULOS PREFABRICADOS"],"articleSection":["Noticias","Projets"],"inLanguage":"fr-FR"},{"@type":"WebPage","@id":"https:\/\/www.europa-prefabri.com\/fr\/modules-prefabriques-de-la-centrale-nucleaire-de-cofrentes\/","url":"https:\/\/www.europa-prefabri.com\/fr\/modules-prefabriques-de-la-centrale-nucleaire-de-cofrentes\/","name":"Modules pr\u00e9fabriqu\u00e9s de la Centrale Nucl\u00e9aire de Cofrentes | Prefabri","isPartOf":{"@id":"https:\/\/www.europa-prefabri.com\/#website"},"primaryImageOfPage":{"@id":"https:\/\/www.europa-prefabri.com\/fr\/modules-prefabriques-de-la-centrale-nucleaire-de-cofrentes\/#primaryimage"},"image":{"@id":"https:\/\/www.europa-prefabri.com\/fr\/modules-prefabriques-de-la-centrale-nucleaire-de-cofrentes\/#primaryimage"},"thumbnailUrl":"https:\/\/www.europa-prefabri.com\/wp-content\/uploads\/modulos-prefabricados-de-la-central-nuclear-de-cofrentes-05.jpg","datePublished":"2017-11-28T09:42:02+00:00","dateModified":"2025-01-31T12:16:16+00:00","description":"Nous sommes en train de r\u00e9aliser le d\u00e9montage de 91 modules pr\u00e9fabriqu\u00e9s de la Centrale Nucl\u00e9aire de Cofrentes de Iberdrola que nous avons assembl\u00e9 en deux niveaux avec 36 escaliers. Nous avons fait cet assemblage en septembre dernier pour qu\u2019ils puissent faire l\u2019arr\u00eat temporaire.","breadcrumb":{"@id":"https:\/\/www.europa-prefabri.com\/fr\/modules-prefabriques-de-la-centrale-nucleaire-de-cofrentes\/#breadcrumb"},"inLanguage":"fr-FR","potentialAction":[{"@type":"ReadAction","target":["https:\/\/www.europa-prefabri.com\/fr\/modules-prefabriques-de-la-centrale-nucleaire-de-cofrentes\/"]}]},{"@type":"ImageObject","inLanguage":"fr-FR","@id":"https:\/\/www.europa-prefabri.com\/fr\/modules-prefabriques-de-la-centrale-nucleaire-de-cofrentes\/#primaryimage","url":"https:\/\/www.europa-prefabri.com\/wp-content\/uploads\/modulos-prefabricados-de-la-central-nuclear-de-cofrentes-05.jpg","contentUrl":"https:\/\/www.europa-prefabri.com\/wp-content\/uploads\/modulos-prefabricados-de-la-central-nuclear-de-cofrentes-05.jpg","width":800,"height":600},{"@type":"BreadcrumbList","@id":"https:\/\/www.europa-prefabri.com\/fr\/modules-prefabriques-de-la-centrale-nucleaire-de-cofrentes\/#breadcrumb","itemListElement":[{"@type":"ListItem","position":1,"name":"Portada","item":"https:\/\/www.europa-prefabri.com\/fr\/"},{"@type":"ListItem","position":2,"name":"D\u00e9montage des modules pr\u00e9fabriqu\u00e9s de la Centrale Nucl\u00e9aire de Cofrentes | Prefabri"}]},{"@type":"WebSite","@id":"https:\/\/www.europa-prefabri.com\/#website","url":"https:\/\/www.europa-prefabri.com\/","name":"Europa Prefabri | Alquiler y venta de construcciones modulares","description":"Alquiler y venta de construcciones modulares, casetas de obra, marquesinas de aparcamiento y vallas y cerramientos.","publisher":{"@id":"https:\/\/www.europa-prefabri.com\/#organization"},"potentialAction":[{"@type":"SearchAction","target":{"@type":"EntryPoint","urlTemplate":"https:\/\/www.europa-prefabri.com\/?s={search_term_string}"},"query-input":{"@type":"PropertyValueSpecification","valueRequired":true,"valueName":"search_term_string"}}],"inLanguage":"fr-FR"},{"@type":"Organization","@id":"https:\/\/www.europa-prefabri.com\/#organization","name":"Prefabri S.L.","url":"https:\/\/www.europa-prefabri.com\/","logo":{"@type":"ImageObject","inLanguage":"fr-FR","@id":"https:\/\/www.europa-prefabri.com\/#\/schema\/logo\/image\/","url":"https:\/\/www.europa-prefabri.com\/wp-content\/uploads\/EuropaPrefabri-Logo.jpg","contentUrl":"https:\/\/www.europa-prefabri.com\/wp-content\/uploads\/EuropaPrefabri-Logo.jpg","width":752,"height":348,"caption":"Prefabri S.L."},"image":{"@id":"https:\/\/www.europa-prefabri.com\/#\/schema\/logo\/image\/"},"sameAs":["https:\/\/www.facebook.com\/Europa-Prefabri-258328977572213\/","https:\/\/x.com\/EuropaPrefabri","https:\/\/www.instagram.com\/europaprefabri\/","https:\/\/es.linkedin.com\/company\/europa-prefabri","https:\/\/es.pinterest.com\/europaprefabri\/","https:\/\/www.youtube.com\/user\/PrefabriSL"]},{"@type":"Person","@id":"https:\/\/www.europa-prefabri.com\/#\/schema\/person\/2ab6be5821a7026cd8f16d2a9411e86e","name":"admin","image":{"@type":"ImageObject","inLanguage":"fr-FR","@id":"https:\/\/secure.gravatar.com\/avatar\/dc55d3f4b941a1510eef2620b2c166513788bd88ef72341333b6d0a859bacd3c?s=96&d=mm&r=g","url":"https:\/\/secure.gravatar.com\/avatar\/dc55d3f4b941a1510eef2620b2c166513788bd88ef72341333b6d0a859bacd3c?s=96&d=mm&r=g","contentUrl":"https:\/\/secure.gravatar.com\/avatar\/dc55d3f4b941a1510eef2620b2c166513788bd88ef72341333b6d0a859bacd3c?s=96&d=mm&r=g","caption":"admin"},"sameAs":["https:\/\/www.europa-prefabri.com","https:\/\/x.com\/@EuropaPrefabri"]}]}},"_links":{"self":[{"href":"https:\/\/www.europa-prefabri.com\/fr\/wp-json\/wp\/v2\/posts\/20271","targetHints":{"allow":["GET"]}}],"collection":[{"href":"https:\/\/www.europa-prefabri.com\/fr\/wp-json\/wp\/v2\/posts"}],"about":[{"href":"https:\/\/www.europa-prefabri.com\/fr\/wp-json\/wp\/v2\/types\/post"}],"author":[{"embeddable":true,"href":"https:\/\/www.europa-prefabri.com\/fr\/wp-json\/wp\/v2\/users\/4"}],"replies":[{"embeddable":true,"href":"https:\/\/www.europa-prefabri.com\/fr\/wp-json\/wp\/v2\/comments?post=20271"}],"version-history":[{"count":2,"href":"https:\/\/www.europa-prefabri.com\/fr\/wp-json\/wp\/v2\/posts\/20271\/revisions"}],"predecessor-version":[{"id":35930,"href":"https:\/\/www.europa-prefabri.com\/fr\/wp-json\/wp\/v2\/posts\/20271\/revisions\/35930"}],"wp:featuredmedia":[{"embeddable":true,"href":"https:\/\/www.europa-prefabri.com\/fr\/wp-json\/wp\/v2\/media\/19604"}],"wp:attachment":[{"href":"https:\/\/www.europa-prefabri.com\/fr\/wp-json\/wp\/v2\/media?parent=20271"}],"wp:term":[{"taxonomy":"category","embeddable":true,"href":"https:\/\/www.europa-prefabri.com\/fr\/wp-json\/wp\/v2\/categories?post=20271"},{"taxonomy":"post_tag","embeddable":true,"href":"https:\/\/www.europa-prefabri.com\/fr\/wp-json\/wp\/v2\/tags?post=20271"}],"curies":[{"name":"wp","href":"https:\/\/api.w.org\/{rel}","templated":true}]}}