{"id":20193,"date":"2017-09-25T13:22:02","date_gmt":"2017-09-25T11:22:02","guid":{"rendered":"http:\/\/www.europa-prefabri.com\/oficinas-modulares-acristaladas\/"},"modified":"2018-04-04T12:01:00","modified_gmt":"2018-04-04T10:01:00","slug":"bureaux-modulaires-vitres","status":"publish","type":"post","link":"https:\/\/www.europa-prefabri.com\/fr\/bureaux-modulaires-vitres\/","title":{"rendered":"Bureaux modulaires vitr\u00e9s pour Grudem | Prefabri"},"content":{"rendered":"\n\t\t<style type=\"text\/css\">\n\t\t\t#gallery-1 {\n\t\t\t\tmargin: auto;\n\t\t\t}\n\t\t\t#gallery-1 .gallery-item {\n\t\t\t\tfloat: left;\n\t\t\t\tmargin-top: 10px;\n\t\t\t\ttext-align: center;\n\t\t\t\twidth: 11%;\n\t\t\t}\n\t\t\t#gallery-1 img {\n\t\t\t\tborder: 2px solid #cfcfcf;\n\t\t\t}\n\t\t\t#gallery-1 .gallery-caption {\n\t\t\t\tmargin-left: 0;\n\t\t\t}\n\t\t\t\/* see gallery_shortcode() in wp-includes\/media.php *\/\n\t\t<\/style>\n\t\t<div id='gallery-1' class='gallery galleryid-20193 gallery-columns-9 gallery-size-thumbnail'><dl class='gallery-item'>\n\t\t\t<dt class='gallery-icon landscape'>\n\t\t\t\t<a href='https:\/\/www.europa-prefabri.com\/fr\/bureaux-modulaires-vitres\/oficinas-modulares-acristaladas-para-grudem-10-2\/'><img loading=\"lazy\" decoding=\"async\" width=\"80\" height=\"80\" src=\"https:\/\/www.europa-prefabri.com\/wp-content\/uploads\/oficinas-modulares-acristaladas-para-grudem-10-80x80.jpg\" class=\"attachment-thumbnail size-thumbnail\" alt=\"\" srcset=\"https:\/\/www.europa-prefabri.com\/wp-content\/uploads\/oficinas-modulares-acristaladas-para-grudem-10-80x80.jpg 80w, https:\/\/www.europa-prefabri.com\/wp-content\/uploads\/oficinas-modulares-acristaladas-para-grudem-10-36x36.jpg 36w, https:\/\/www.europa-prefabri.com\/wp-content\/uploads\/oficinas-modulares-acristaladas-para-grudem-10-180x180.jpg 180w, https:\/\/www.europa-prefabri.com\/wp-content\/uploads\/oficinas-modulares-acristaladas-para-grudem-10-120x120.jpg 120w, https:\/\/www.europa-prefabri.com\/wp-content\/uploads\/oficinas-modulares-acristaladas-para-grudem-10-450x450.jpg 450w\" sizes=\"auto, (max-width: 80px) 100vw, 80px\" \/><\/a>\n\t\t\t<\/dt><\/dl><dl class='gallery-item'>\n\t\t\t<dt class='gallery-icon landscape'>\n\t\t\t\t<a href='https:\/\/www.europa-prefabri.com\/fr\/oficinas-modulares-acristaladas\/oficinas-modulares-acristaladas-para-grudem-07\/'><img loading=\"lazy\" decoding=\"async\" width=\"80\" height=\"80\" src=\"https:\/\/www.europa-prefabri.com\/wp-content\/uploads\/oficinas-modulares-acristaladas-para-grudem-07-80x80.jpg\" class=\"attachment-thumbnail size-thumbnail\" alt=\"oficinas modulares acristaladas para grudem 07\" srcset=\"https:\/\/www.europa-prefabri.com\/wp-content\/uploads\/oficinas-modulares-acristaladas-para-grudem-07-80x80.jpg 80w, https:\/\/www.europa-prefabri.com\/wp-content\/uploads\/oficinas-modulares-acristaladas-para-grudem-07-36x36.jpg 36w, https:\/\/www.europa-prefabri.com\/wp-content\/uploads\/oficinas-modulares-acristaladas-para-grudem-07-180x180.jpg 180w, https:\/\/www.europa-prefabri.com\/wp-content\/uploads\/oficinas-modulares-acristaladas-para-grudem-07-120x120.jpg 120w, https:\/\/www.europa-prefabri.com\/wp-content\/uploads\/oficinas-modulares-acristaladas-para-grudem-07-450x450.jpg 450w\" sizes=\"auto, (max-width: 80px) 100vw, 80px\" \/><\/a>\n\t\t\t<\/dt><\/dl><dl class='gallery-item'>\n\t\t\t<dt class='gallery-icon landscape'>\n\t\t\t\t<a href='https:\/\/www.europa-prefabri.com\/fr\/oficinas-modulares-acristaladas\/oficinas-modulares-acristaladas-para-grudem-06\/'><img loading=\"lazy\" decoding=\"async\" width=\"80\" height=\"80\" src=\"https:\/\/www.europa-prefabri.com\/wp-content\/uploads\/oficinas-modulares-acristaladas-para-grudem-06-80x80.jpg\" class=\"attachment-thumbnail size-thumbnail\" alt=\"oficinas modulares acristaladas para grudem 06\" srcset=\"https:\/\/www.europa-prefabri.com\/wp-content\/uploads\/oficinas-modulares-acristaladas-para-grudem-06-80x80.jpg 80w, https:\/\/www.europa-prefabri.com\/wp-content\/uploads\/oficinas-modulares-acristaladas-para-grudem-06-36x36.jpg 36w, https:\/\/www.europa-prefabri.com\/wp-content\/uploads\/oficinas-modulares-acristaladas-para-grudem-06-180x180.jpg 180w, https:\/\/www.europa-prefabri.com\/wp-content\/uploads\/oficinas-modulares-acristaladas-para-grudem-06-120x120.jpg 120w, https:\/\/www.europa-prefabri.com\/wp-content\/uploads\/oficinas-modulares-acristaladas-para-grudem-06-450x450.jpg 450w\" sizes=\"auto, (max-width: 80px) 100vw, 80px\" \/><\/a>\n\t\t\t<\/dt><\/dl><dl class='gallery-item'>\n\t\t\t<dt class='gallery-icon landscape'>\n\t\t\t\t<a href='https:\/\/www.europa-prefabri.com\/fr\/oficinas-modulares-acristaladas\/oficinas-modulares-acristaladas-para-grudem-09\/'><img loading=\"lazy\" decoding=\"async\" width=\"80\" height=\"80\" src=\"https:\/\/www.europa-prefabri.com\/wp-content\/uploads\/oficinas-modulares-acristaladas-para-grudem-09-80x80.jpg\" class=\"attachment-thumbnail size-thumbnail\" alt=\"oficinas modulares acristaladas para grudem 09\" srcset=\"https:\/\/www.europa-prefabri.com\/wp-content\/uploads\/oficinas-modulares-acristaladas-para-grudem-09-80x80.jpg 80w, https:\/\/www.europa-prefabri.com\/wp-content\/uploads\/oficinas-modulares-acristaladas-para-grudem-09-36x36.jpg 36w, https:\/\/www.europa-prefabri.com\/wp-content\/uploads\/oficinas-modulares-acristaladas-para-grudem-09-180x180.jpg 180w, https:\/\/www.europa-prefabri.com\/wp-content\/uploads\/oficinas-modulares-acristaladas-para-grudem-09-120x120.jpg 120w, https:\/\/www.europa-prefabri.com\/wp-content\/uploads\/oficinas-modulares-acristaladas-para-grudem-09-450x450.jpg 450w\" sizes=\"auto, (max-width: 80px) 100vw, 80px\" \/><\/a>\n\t\t\t<\/dt><\/dl><dl class='gallery-item'>\n\t\t\t<dt class='gallery-icon landscape'>\n\t\t\t\t<a href='https:\/\/www.europa-prefabri.com\/fr\/bureaux-modulaires-vitres\/oficinas-modulares-acristaladas-para-grudem-08-2\/'><img loading=\"lazy\" decoding=\"async\" width=\"80\" height=\"80\" src=\"https:\/\/www.europa-prefabri.com\/wp-content\/uploads\/oficinas-modulares-acristaladas-para-grudem-08-80x80.jpg\" class=\"attachment-thumbnail size-thumbnail\" alt=\"\" srcset=\"https:\/\/www.europa-prefabri.com\/wp-content\/uploads\/oficinas-modulares-acristaladas-para-grudem-08-80x80.jpg 80w, https:\/\/www.europa-prefabri.com\/wp-content\/uploads\/oficinas-modulares-acristaladas-para-grudem-08-36x36.jpg 36w, https:\/\/www.europa-prefabri.com\/wp-content\/uploads\/oficinas-modulares-acristaladas-para-grudem-08-180x180.jpg 180w, https:\/\/www.europa-prefabri.com\/wp-content\/uploads\/oficinas-modulares-acristaladas-para-grudem-08-120x120.jpg 120w, https:\/\/www.europa-prefabri.com\/wp-content\/uploads\/oficinas-modulares-acristaladas-para-grudem-08-450x450.jpg 450w\" sizes=\"auto, (max-width: 80px) 100vw, 80px\" \/><\/a>\n\t\t\t<\/dt><\/dl>\n\t\t\t<br style='clear: both' \/>\n\t\t<\/div>\n\n<p>Le Groupe Europa Prefabri a fini l\u2019assemblage d\u2019un nouveau projet de <a href=\"https:\/\/www.europa-prefabri.com\/fr\/produits\/construction-modulaire\/\">construction modulaire<\/a>. Pour ce nouveau projet, nous avons install\u00e9 un ensemble de bureaux modulaires vitr\u00e9s pour l\u2019entreprise Grudem, \u00e0 Segovia. Grudem est sp\u00e9cialiste dans la fabrication de produits en carton nid d\u2019abeille avec une structure alv\u00e9olaire hexagonale.<\/p>\n<h2><strong>Sp\u00e9cifications techniques du projet pour un ensemble de bureaux modulaires\u00a0vitr\u00e9s pour Grudem<\/strong><\/h2>\n<p><img loading=\"lazy\" decoding=\"async\" class=\"aligncenter wp-image-18640 size-full\" src=\"http:\/\/www.europa-prefabri.com\/wp-content\/uploads\/oficinas-modulares-acristaladas-para-grudem-08.jpg\" alt=\"bureaux modulaires vitres pour grudem 08\" width=\"800\" height=\"600\" srcset=\"https:\/\/www.europa-prefabri.com\/wp-content\/uploads\/oficinas-modulares-acristaladas-para-grudem-08.jpg 800w, https:\/\/www.europa-prefabri.com\/wp-content\/uploads\/oficinas-modulares-acristaladas-para-grudem-08-300x225.jpg 300w, https:\/\/www.europa-prefabri.com\/wp-content\/uploads\/oficinas-modulares-acristaladas-para-grudem-08-768x576.jpg 768w, https:\/\/www.europa-prefabri.com\/wp-content\/uploads\/oficinas-modulares-acristaladas-para-grudem-08-705x529.jpg 705w, https:\/\/www.europa-prefabri.com\/wp-content\/uploads\/oficinas-modulares-acristaladas-para-grudem-08-450x338.jpg 450w\" sizes=\"auto, (max-width: 800px) 100vw, 800px\" \/><\/p>\n<p>L\u2019ensemble de bureaux modulaires vitr\u00e9s est compos\u00e9 de six <a href=\"https:\/\/www.europa-prefabri.com\/fr\/portfolio-item\/batiments-modulaires\/\">modules pr\u00e9fabriqu\u00e9s attach\u00e9s<\/a>, desquels 3 modules de 6000 x 2350 mm et les autres 3 de 4000 x 2350 mm, avec une surface totale de 71 m 2.<\/p>\n<h3><strong>Structure de base<\/strong><\/h3>\n<p>La structure principale du ch\u00e2ssis de base est form\u00e9e par 2 poutres longitudinales et 2 transversales conform\u00e9es au froid, en acier galvanis\u00e9. Transversalement se placent des Omega profil\u00e9es \u00e0 froid de plaque galvanis\u00e9e. L\u2019ensemble supportera des charges d\u2019usage de 250 kg\/m2 uniform\u00e9ment r\u00e9parties.<\/p>\n<h3><strong>Structure de couverture<\/strong><\/h3>\n<p>De la m\u00eame fa\u00e7on que le ch\u00e2ssis base, est form\u00e9e par des profils conform\u00e9s \u00e0 froid en plaque galvanis\u00e9e de 2,00mm d\u2019\u00e9paisseur. Transversalement se placent des Omega m\u00e9talliques. Les dites Om\u00e9gas supporteront la t\u00f4le trap\u00e9zo\u00efdale galvanis\u00e9e de 0,6mm d\u2019\u00e9paisseur, ancr\u00e9e aux profils au moyen des vis autobloquantes.<\/p>\n<h3><strong>Piliers<\/strong><\/h3>\n<p>Les piliers sont form\u00e9s par des profils asym\u00e9triques en acier galvanis\u00e9. Ces piliers se vissent \u00e0 la base et \u00e0 la toiture avec des visses sp\u00e9ciales.<\/p>\n<p>Par l\u2019int\u00e9rieur du pilier se fixe le tuyau d\u2019\u00e9coulement des eaux de la toiture form\u00e9 par un tube rond en PVC de 75mm de diam\u00e8tre. La finition du pilier \u00e0 l\u2019int\u00e9rieur du module est une plaque laqu\u00e9e qui sert de succion aux m\u00e9canismes \u00e9lectriques, prises, interrupteurs et cadre \u00e9lectrique de protection.<\/p>\n<h3><strong>Murs lat\u00e9raux<\/strong><\/h3>\n<p>La cloison lat\u00e9rale se r\u00e9alise avec le panneau sandwich AIS-PRT compos\u00e9 d\u2019une plaque acier galvanis\u00e9e pr\u00e9 laqu\u00e9e sur la base galvanis\u00e9e des deux c\u00f4t\u00e9s et une isolation thermique et acoustique.<\/p>\n<h3><strong>Faux toit<\/strong><\/h3>\n<p>Le faux toit est form\u00e9 par des lames de plaques m\u00e9talliques galvaniques pr\u00e9 laqu\u00e9es en polyester silicon\u00e9 de couleur Blanche Pyr\u00e9n\u00e9es 1006 et d\u2019\u00e9paisseur 0,5mm. Entre le faux toit et la plaque de la toiture se place un isolant de 80mm de fibre de verre avec lames de vapeur.<\/p>\n<p>La hauteur int\u00e9rieure libre du module est de 2,5m.<\/p>\n<h3><strong>Charpente\u00a0ext\u00e9rieur<\/strong><\/h3>\n<p>La charpente est fabriqu\u00e9 avec des profils PVC ou ALU laqu\u00e9s en blanc.<\/p>\n<p>Celle-ci est compos\u00e9e des \u00e9l\u00e9ments suivants\u00a0:<\/p>\n<ul>\n<li>Porte ext\u00e9rieure vitr\u00e9e ALU deux battants de 1825&#215;2060 mm avec poign\u00e9e et serrure.<\/li>\n<li>Fen\u00eatre PVC Blanc avec 2 Vantaux coulissants 975&#215;1045 mm, vitre de 4mm.<\/li>\n<\/ul>\n<ul>\n<li>Panneau fixe vitr\u00e9 ALU blanc, vitre 3+3<\/li>\n<\/ul>\n<h3><strong>Menuiserie int\u00e9rieure<\/strong><\/h3>\n<p>La charpente est fabriqu\u00e9e avec des profils PVC ou ALU laqu\u00e9s en blanc.<\/p>\n<h3><strong>Installation\u00a0\u00e9lectrique<\/strong><\/h3>\n<p>L&#8217;installation \u00e9lectrique est compl\u00e8te except\u00e9 la ligne de courant jusqu\u2019au lieu d\u2019emplacement du pr\u00e9fabriqu\u00e9.\u00a0Tous les conduits \u00e9lectriques et ses installations, s\u2019ajustent \u00e0 l\u2019actuelle norme et r\u00e8glement de basse tension.\u00a0A l\u2019arriv\u00e9e du raccordement se montera un Cadre de Commande et Protection avec protections ind\u00e9pendantes via magn\u00e9tothermique et diff\u00e9rentiels n\u00e9cessaires pour l\u2019\u00e9clairage, la climatisation et usages vari\u00e9s, et comportera des \u00e9l\u00e9ments de protection face aux contacts directs, courts circuits et contacts indirects.<\/p>\n<p>Cette installation est compos\u00e9e des \u00e9l\u00e9ments suivants\u00a0:<\/p>\n<ul>\n<li>Luminaire \u00e9tanche avec diffuseur de superficie 2x36w<\/li>\n<li>Prises de courant 16A+TT<\/li>\n<li>Interrupteurs et\/ou commutateurs de surface 10A+TT<\/li>\n<\/ul>\n<h3><strong>Plomberie et installation sanitaire<\/strong><\/h3>\n<p>L&#8217;installation est compl\u00e8te \u00e0 l\u2019exception de la ligne d\u2019arriv\u00e9e d\u2019eau jusqu\u2019au lieu d\u2019emplacement du module pr\u00e9fabriqu\u00e9, et le r\u00e9seau d\u2019\u00e9vacuation d\u2019eau r\u00e9siduelle jusqu\u2019\u00e0 la fosse septique, celles-ci seront pour le compte du client. Les installations sanitaires sont de couleur blanche, de la marque ROCA ou similaire. La plomberie est form\u00e9e par des tubes et accessoires en PVC rigides dot\u00e9s des correspondants siphons hydrauliques. Les unions sont mat\u00e9rialis\u00e9es par des adh\u00e9sifs sp\u00e9cifiques en PVC pour assurer une compl\u00e8te \u00e9tanch\u00e9it\u00e9.<\/p>\n<h3><strong>Autres finitions<\/strong><\/h3>\n<ul>\n<li>Toute la structure a \u00e9t\u00e9 peinte en blanche.<\/li>\n<li>Nous avons fourni deux \u00e9quipes air conditionn\u00e9 avec pompe de chaleur (split)<\/li>\n<li>Pour le sol un rev\u00eatement vinyle a \u00e9t\u00e9 choisi.<\/li>\n<\/ul>\n","protected":false},"excerpt":{"rendered":"<p>Le Groupe Europa Prefabri a fini l\u2019assemblage d\u2019un nouveau projet de construction modulaire. Pour ce nouveau projet, nous avons install\u00e9 un ensemble de bureaux modulaires vitr\u00e9s pour l\u2019entreprise Grudem, \u00e0 Segovia. Grudem est sp\u00e9cialiste dans la fabrication de produits en carton nid d\u2019abeille avec une structure alv\u00e9olaire hexagonale. Sp\u00e9cifications techniques du projet pour un ensemble [&hellip;]<\/p>\n","protected":false},"author":4,"featured_media":18650,"comment_status":"closed","ping_status":"closed","sticky":false,"template":"","format":"gallery","meta":{"footnotes":""},"categories":[413],"tags":[353,354,157,432],"class_list":["post-20193","post","type-post","status-publish","format-gallery","has-post-thumbnail","hentry","category-noticias-fr","tag-bureau-modulaire","tag-bureaux-prefabriques","tag-construction-modulaire-2","tag-oficinas-modulares-fr","post_format-post-format-gallery"],"yoast_head":"<!-- This site is optimized with the Yoast SEO plugin v27.5 - https:\/\/yoast.com\/product\/yoast-seo-wordpress\/ -->\n<title>Bureaux modulaires pr\u00e9fabriqu\u00e9s vitr\u00e9s pour Grudem | Prefabri<\/title>\n<meta name=\"description\" content=\"Le Groupe Europa Prefabri a fini l\u2019assemblage des bureaux modulaires vitr\u00e9s dans le cadre d&#039;un nouveau projet de construction modulaire. Dans ce nouveau projet, nous avons install\u00e9 un ensemble de bureaux modulaires vitr\u00e9es pour l\u2019entreprise Grudem, \u00e0 Segovia.\" \/>\n<meta name=\"robots\" content=\"index, follow, max-snippet:-1, max-image-preview:large, max-video-preview:-1\" \/>\n<link rel=\"canonical\" href=\"https:\/\/www.europa-prefabri.com\/fr\/bureaux-modulaires-vitres\/\" \/>\n<meta property=\"og:locale\" content=\"fr_FR\" \/>\n<meta property=\"og:type\" content=\"article\" \/>\n<meta property=\"og:title\" content=\"Bureaux modulaires pr\u00e9fabriqu\u00e9s vitr\u00e9s pour Grudem | Prefabri\" \/>\n<meta property=\"og:description\" content=\"Le Groupe Europa Prefabri a fini l\u2019assemblage des bureaux modulaires vitr\u00e9s dans le cadre d&#039;un nouveau projet de construction modulaire. Dans ce nouveau projet, nous avons install\u00e9 un ensemble de bureaux modulaires vitr\u00e9es pour l\u2019entreprise Grudem, \u00e0 Segovia.\" \/>\n<meta property=\"og:url\" content=\"https:\/\/www.europa-prefabri.com\/fr\/bureaux-modulaires-vitres\/\" \/>\n<meta property=\"og:site_name\" content=\"Europa Prefabri | Alquiler y venta de construcciones modulares\" \/>\n<meta property=\"article:publisher\" content=\"https:\/\/www.facebook.com\/Europa-Prefabri-258328977572213\/\" \/>\n<meta property=\"article:published_time\" content=\"2017-09-25T11:22:02+00:00\" \/>\n<meta property=\"article:modified_time\" content=\"2018-04-04T10:01:00+00:00\" \/>\n<meta property=\"og:image\" content=\"https:\/\/www.europa-prefabri.com\/wp-content\/uploads\/oficinas-modulares-acristaladas-para-grudem-10.jpg\" \/>\n\t<meta property=\"og:image:width\" content=\"800\" \/>\n\t<meta property=\"og:image:height\" content=\"600\" \/>\n\t<meta property=\"og:image:type\" content=\"image\/jpeg\" \/>\n<meta name=\"author\" content=\"admin\" \/>\n<meta name=\"twitter:card\" content=\"summary_large_image\" \/>\n<meta name=\"twitter:creator\" content=\"@EuropaPrefabri\" \/>\n<meta name=\"twitter:site\" content=\"@EuropaPrefabri\" \/>\n<meta name=\"twitter:label1\" content=\"Written by\" \/>\n\t<meta name=\"twitter:data1\" content=\"admin\" \/>\n\t<meta name=\"twitter:label2\" content=\"Est. reading time\" \/>\n\t<meta name=\"twitter:data2\" content=\"4 minutes\" \/>\n<script type=\"application\/ld+json\" class=\"yoast-schema-graph\">{\"@context\":\"https:\\\/\\\/schema.org\",\"@graph\":[{\"@type\":\"Article\",\"@id\":\"https:\\\/\\\/www.europa-prefabri.com\\\/fr\\\/bureaux-modulaires-vitres\\\/#article\",\"isPartOf\":{\"@id\":\"https:\\\/\\\/www.europa-prefabri.com\\\/fr\\\/bureaux-modulaires-vitres\\\/\"},\"author\":{\"name\":\"admin\",\"@id\":\"https:\\\/\\\/www.europa-prefabri.com\\\/#\\\/schema\\\/person\\\/2ab6be5821a7026cd8f16d2a9411e86e\"},\"headline\":\"Bureaux modulaires vitr\u00e9s pour Grudem | Prefabri\",\"datePublished\":\"2017-09-25T11:22:02+00:00\",\"dateModified\":\"2018-04-04T10:01:00+00:00\",\"mainEntityOfPage\":{\"@id\":\"https:\\\/\\\/www.europa-prefabri.com\\\/fr\\\/bureaux-modulaires-vitres\\\/\"},\"wordCount\":750,\"publisher\":{\"@id\":\"https:\\\/\\\/www.europa-prefabri.com\\\/#organization\"},\"image\":{\"@id\":\"https:\\\/\\\/www.europa-prefabri.com\\\/fr\\\/bureaux-modulaires-vitres\\\/#primaryimage\"},\"thumbnailUrl\":\"https:\\\/\\\/www.europa-prefabri.com\\\/wp-content\\\/uploads\\\/oficinas-modulares-acristaladas-para-grudem-10.jpg\",\"keywords\":[\"bureau modulaire\",\"bureaux pr\u00e9fabriqu\u00e9s\",\"construction modulaire\",\"OFICINAS MODULARES\"],\"articleSection\":[\"Noticias\"],\"inLanguage\":\"fr-FR\"},{\"@type\":\"WebPage\",\"@id\":\"https:\\\/\\\/www.europa-prefabri.com\\\/fr\\\/bureaux-modulaires-vitres\\\/\",\"url\":\"https:\\\/\\\/www.europa-prefabri.com\\\/fr\\\/bureaux-modulaires-vitres\\\/\",\"name\":\"Bureaux modulaires pr\u00e9fabriqu\u00e9s vitr\u00e9s pour Grudem | Prefabri\",\"isPartOf\":{\"@id\":\"https:\\\/\\\/www.europa-prefabri.com\\\/#website\"},\"primaryImageOfPage\":{\"@id\":\"https:\\\/\\\/www.europa-prefabri.com\\\/fr\\\/bureaux-modulaires-vitres\\\/#primaryimage\"},\"image\":{\"@id\":\"https:\\\/\\\/www.europa-prefabri.com\\\/fr\\\/bureaux-modulaires-vitres\\\/#primaryimage\"},\"thumbnailUrl\":\"https:\\\/\\\/www.europa-prefabri.com\\\/wp-content\\\/uploads\\\/oficinas-modulares-acristaladas-para-grudem-10.jpg\",\"datePublished\":\"2017-09-25T11:22:02+00:00\",\"dateModified\":\"2018-04-04T10:01:00+00:00\",\"description\":\"Le Groupe Europa Prefabri a fini l\u2019assemblage des bureaux modulaires vitr\u00e9s dans le cadre d'un nouveau projet de construction modulaire. Dans ce nouveau projet, nous avons install\u00e9 un ensemble de bureaux modulaires vitr\u00e9es pour l\u2019entreprise Grudem, \u00e0 Segovia.\",\"breadcrumb\":{\"@id\":\"https:\\\/\\\/www.europa-prefabri.com\\\/fr\\\/bureaux-modulaires-vitres\\\/#breadcrumb\"},\"inLanguage\":\"fr-FR\",\"potentialAction\":[{\"@type\":\"ReadAction\",\"target\":[\"https:\\\/\\\/www.europa-prefabri.com\\\/fr\\\/bureaux-modulaires-vitres\\\/\"]}]},{\"@type\":\"ImageObject\",\"inLanguage\":\"fr-FR\",\"@id\":\"https:\\\/\\\/www.europa-prefabri.com\\\/fr\\\/bureaux-modulaires-vitres\\\/#primaryimage\",\"url\":\"https:\\\/\\\/www.europa-prefabri.com\\\/wp-content\\\/uploads\\\/oficinas-modulares-acristaladas-para-grudem-10.jpg\",\"contentUrl\":\"https:\\\/\\\/www.europa-prefabri.com\\\/wp-content\\\/uploads\\\/oficinas-modulares-acristaladas-para-grudem-10.jpg\",\"width\":800,\"height\":600},{\"@type\":\"BreadcrumbList\",\"@id\":\"https:\\\/\\\/www.europa-prefabri.com\\\/fr\\\/bureaux-modulaires-vitres\\\/#breadcrumb\",\"itemListElement\":[{\"@type\":\"ListItem\",\"position\":1,\"name\":\"Portada\",\"item\":\"https:\\\/\\\/www.europa-prefabri.com\\\/fr\\\/\"},{\"@type\":\"ListItem\",\"position\":2,\"name\":\"Bureaux modulaires vitr\u00e9s pour Grudem | Prefabri\"}]},{\"@type\":\"WebSite\",\"@id\":\"https:\\\/\\\/www.europa-prefabri.com\\\/#website\",\"url\":\"https:\\\/\\\/www.europa-prefabri.com\\\/\",\"name\":\"Europa Prefabri | Alquiler y venta de construcciones modulares\",\"description\":\"Alquiler y venta de construcciones modulares, casetas de obra, marquesinas de aparcamiento y vallas y cerramientos.\",\"publisher\":{\"@id\":\"https:\\\/\\\/www.europa-prefabri.com\\\/#organization\"},\"potentialAction\":[{\"@type\":\"SearchAction\",\"target\":{\"@type\":\"EntryPoint\",\"urlTemplate\":\"https:\\\/\\\/www.europa-prefabri.com\\\/?s={search_term_string}\"},\"query-input\":{\"@type\":\"PropertyValueSpecification\",\"valueRequired\":true,\"valueName\":\"search_term_string\"}}],\"inLanguage\":\"fr-FR\"},{\"@type\":\"Organization\",\"@id\":\"https:\\\/\\\/www.europa-prefabri.com\\\/#organization\",\"name\":\"Prefabri S.L.\",\"url\":\"https:\\\/\\\/www.europa-prefabri.com\\\/\",\"logo\":{\"@type\":\"ImageObject\",\"inLanguage\":\"fr-FR\",\"@id\":\"https:\\\/\\\/www.europa-prefabri.com\\\/#\\\/schema\\\/logo\\\/image\\\/\",\"url\":\"https:\\\/\\\/www.europa-prefabri.com\\\/wp-content\\\/uploads\\\/EuropaPrefabri-Logo.jpg\",\"contentUrl\":\"https:\\\/\\\/www.europa-prefabri.com\\\/wp-content\\\/uploads\\\/EuropaPrefabri-Logo.jpg\",\"width\":752,\"height\":348,\"caption\":\"Prefabri S.L.\"},\"image\":{\"@id\":\"https:\\\/\\\/www.europa-prefabri.com\\\/#\\\/schema\\\/logo\\\/image\\\/\"},\"sameAs\":[\"https:\\\/\\\/www.facebook.com\\\/Europa-Prefabri-258328977572213\\\/\",\"https:\\\/\\\/x.com\\\/EuropaPrefabri\",\"https:\\\/\\\/www.instagram.com\\\/europaprefabri\\\/\",\"https:\\\/\\\/es.linkedin.com\\\/company\\\/europa-prefabri\",\"https:\\\/\\\/es.pinterest.com\\\/europaprefabri\\\/\",\"https:\\\/\\\/www.youtube.com\\\/user\\\/PrefabriSL\"]},{\"@type\":\"Person\",\"@id\":\"https:\\\/\\\/www.europa-prefabri.com\\\/#\\\/schema\\\/person\\\/2ab6be5821a7026cd8f16d2a9411e86e\",\"name\":\"admin\",\"image\":{\"@type\":\"ImageObject\",\"inLanguage\":\"fr-FR\",\"@id\":\"https:\\\/\\\/secure.gravatar.com\\\/avatar\\\/dc55d3f4b941a1510eef2620b2c166513788bd88ef72341333b6d0a859bacd3c?s=96&d=mm&r=g\",\"url\":\"https:\\\/\\\/secure.gravatar.com\\\/avatar\\\/dc55d3f4b941a1510eef2620b2c166513788bd88ef72341333b6d0a859bacd3c?s=96&d=mm&r=g\",\"contentUrl\":\"https:\\\/\\\/secure.gravatar.com\\\/avatar\\\/dc55d3f4b941a1510eef2620b2c166513788bd88ef72341333b6d0a859bacd3c?s=96&d=mm&r=g\",\"caption\":\"admin\"},\"sameAs\":[\"https:\\\/\\\/www.europa-prefabri.com\",\"https:\\\/\\\/x.com\\\/@EuropaPrefabri\"]}]}<\/script>\n<!-- \/ Yoast SEO plugin. -->","yoast_head_json":{"title":"Bureaux modulaires pr\u00e9fabriqu\u00e9s vitr\u00e9s pour Grudem | Prefabri","description":"Le Groupe Europa Prefabri a fini l\u2019assemblage des bureaux modulaires vitr\u00e9s dans le cadre d'un nouveau projet de construction modulaire. Dans ce nouveau projet, nous avons install\u00e9 un ensemble de bureaux modulaires vitr\u00e9es pour l\u2019entreprise Grudem, \u00e0 Segovia.","robots":{"index":"index","follow":"follow","max-snippet":"max-snippet:-1","max-image-preview":"max-image-preview:large","max-video-preview":"max-video-preview:-1"},"canonical":"https:\/\/www.europa-prefabri.com\/fr\/bureaux-modulaires-vitres\/","og_locale":"fr_FR","og_type":"article","og_title":"Bureaux modulaires pr\u00e9fabriqu\u00e9s vitr\u00e9s pour Grudem | Prefabri","og_description":"Le Groupe Europa Prefabri a fini l\u2019assemblage des bureaux modulaires vitr\u00e9s dans le cadre d'un nouveau projet de construction modulaire. Dans ce nouveau projet, nous avons install\u00e9 un ensemble de bureaux modulaires vitr\u00e9es pour l\u2019entreprise Grudem, \u00e0 Segovia.","og_url":"https:\/\/www.europa-prefabri.com\/fr\/bureaux-modulaires-vitres\/","og_site_name":"Europa Prefabri | Alquiler y venta de construcciones modulares","article_publisher":"https:\/\/www.facebook.com\/Europa-Prefabri-258328977572213\/","article_published_time":"2017-09-25T11:22:02+00:00","article_modified_time":"2018-04-04T10:01:00+00:00","og_image":[{"width":800,"height":600,"url":"https:\/\/www.europa-prefabri.com\/wp-content\/uploads\/oficinas-modulares-acristaladas-para-grudem-10.jpg","type":"image\/jpeg"}],"author":"admin","twitter_card":"summary_large_image","twitter_creator":"@EuropaPrefabri","twitter_site":"@EuropaPrefabri","twitter_misc":{"Written by":"admin","Est. reading time":"4 minutes"},"schema":{"@context":"https:\/\/schema.org","@graph":[{"@type":"Article","@id":"https:\/\/www.europa-prefabri.com\/fr\/bureaux-modulaires-vitres\/#article","isPartOf":{"@id":"https:\/\/www.europa-prefabri.com\/fr\/bureaux-modulaires-vitres\/"},"author":{"name":"admin","@id":"https:\/\/www.europa-prefabri.com\/#\/schema\/person\/2ab6be5821a7026cd8f16d2a9411e86e"},"headline":"Bureaux modulaires vitr\u00e9s pour Grudem | Prefabri","datePublished":"2017-09-25T11:22:02+00:00","dateModified":"2018-04-04T10:01:00+00:00","mainEntityOfPage":{"@id":"https:\/\/www.europa-prefabri.com\/fr\/bureaux-modulaires-vitres\/"},"wordCount":750,"publisher":{"@id":"https:\/\/www.europa-prefabri.com\/#organization"},"image":{"@id":"https:\/\/www.europa-prefabri.com\/fr\/bureaux-modulaires-vitres\/#primaryimage"},"thumbnailUrl":"https:\/\/www.europa-prefabri.com\/wp-content\/uploads\/oficinas-modulares-acristaladas-para-grudem-10.jpg","keywords":["bureau modulaire","bureaux pr\u00e9fabriqu\u00e9s","construction modulaire","OFICINAS MODULARES"],"articleSection":["Noticias"],"inLanguage":"fr-FR"},{"@type":"WebPage","@id":"https:\/\/www.europa-prefabri.com\/fr\/bureaux-modulaires-vitres\/","url":"https:\/\/www.europa-prefabri.com\/fr\/bureaux-modulaires-vitres\/","name":"Bureaux modulaires pr\u00e9fabriqu\u00e9s vitr\u00e9s pour Grudem | Prefabri","isPartOf":{"@id":"https:\/\/www.europa-prefabri.com\/#website"},"primaryImageOfPage":{"@id":"https:\/\/www.europa-prefabri.com\/fr\/bureaux-modulaires-vitres\/#primaryimage"},"image":{"@id":"https:\/\/www.europa-prefabri.com\/fr\/bureaux-modulaires-vitres\/#primaryimage"},"thumbnailUrl":"https:\/\/www.europa-prefabri.com\/wp-content\/uploads\/oficinas-modulares-acristaladas-para-grudem-10.jpg","datePublished":"2017-09-25T11:22:02+00:00","dateModified":"2018-04-04T10:01:00+00:00","description":"Le Groupe Europa Prefabri a fini l\u2019assemblage des bureaux modulaires vitr\u00e9s dans le cadre d'un nouveau projet de construction modulaire. Dans ce nouveau projet, nous avons install\u00e9 un ensemble de bureaux modulaires vitr\u00e9es pour l\u2019entreprise Grudem, \u00e0 Segovia.","breadcrumb":{"@id":"https:\/\/www.europa-prefabri.com\/fr\/bureaux-modulaires-vitres\/#breadcrumb"},"inLanguage":"fr-FR","potentialAction":[{"@type":"ReadAction","target":["https:\/\/www.europa-prefabri.com\/fr\/bureaux-modulaires-vitres\/"]}]},{"@type":"ImageObject","inLanguage":"fr-FR","@id":"https:\/\/www.europa-prefabri.com\/fr\/bureaux-modulaires-vitres\/#primaryimage","url":"https:\/\/www.europa-prefabri.com\/wp-content\/uploads\/oficinas-modulares-acristaladas-para-grudem-10.jpg","contentUrl":"https:\/\/www.europa-prefabri.com\/wp-content\/uploads\/oficinas-modulares-acristaladas-para-grudem-10.jpg","width":800,"height":600},{"@type":"BreadcrumbList","@id":"https:\/\/www.europa-prefabri.com\/fr\/bureaux-modulaires-vitres\/#breadcrumb","itemListElement":[{"@type":"ListItem","position":1,"name":"Portada","item":"https:\/\/www.europa-prefabri.com\/fr\/"},{"@type":"ListItem","position":2,"name":"Bureaux modulaires vitr\u00e9s pour Grudem | Prefabri"}]},{"@type":"WebSite","@id":"https:\/\/www.europa-prefabri.com\/#website","url":"https:\/\/www.europa-prefabri.com\/","name":"Europa Prefabri | Alquiler y venta de construcciones modulares","description":"Alquiler y venta de construcciones modulares, casetas de obra, marquesinas de aparcamiento y vallas y cerramientos.","publisher":{"@id":"https:\/\/www.europa-prefabri.com\/#organization"},"potentialAction":[{"@type":"SearchAction","target":{"@type":"EntryPoint","urlTemplate":"https:\/\/www.europa-prefabri.com\/?s={search_term_string}"},"query-input":{"@type":"PropertyValueSpecification","valueRequired":true,"valueName":"search_term_string"}}],"inLanguage":"fr-FR"},{"@type":"Organization","@id":"https:\/\/www.europa-prefabri.com\/#organization","name":"Prefabri S.L.","url":"https:\/\/www.europa-prefabri.com\/","logo":{"@type":"ImageObject","inLanguage":"fr-FR","@id":"https:\/\/www.europa-prefabri.com\/#\/schema\/logo\/image\/","url":"https:\/\/www.europa-prefabri.com\/wp-content\/uploads\/EuropaPrefabri-Logo.jpg","contentUrl":"https:\/\/www.europa-prefabri.com\/wp-content\/uploads\/EuropaPrefabri-Logo.jpg","width":752,"height":348,"caption":"Prefabri S.L."},"image":{"@id":"https:\/\/www.europa-prefabri.com\/#\/schema\/logo\/image\/"},"sameAs":["https:\/\/www.facebook.com\/Europa-Prefabri-258328977572213\/","https:\/\/x.com\/EuropaPrefabri","https:\/\/www.instagram.com\/europaprefabri\/","https:\/\/es.linkedin.com\/company\/europa-prefabri","https:\/\/es.pinterest.com\/europaprefabri\/","https:\/\/www.youtube.com\/user\/PrefabriSL"]},{"@type":"Person","@id":"https:\/\/www.europa-prefabri.com\/#\/schema\/person\/2ab6be5821a7026cd8f16d2a9411e86e","name":"admin","image":{"@type":"ImageObject","inLanguage":"fr-FR","@id":"https:\/\/secure.gravatar.com\/avatar\/dc55d3f4b941a1510eef2620b2c166513788bd88ef72341333b6d0a859bacd3c?s=96&d=mm&r=g","url":"https:\/\/secure.gravatar.com\/avatar\/dc55d3f4b941a1510eef2620b2c166513788bd88ef72341333b6d0a859bacd3c?s=96&d=mm&r=g","contentUrl":"https:\/\/secure.gravatar.com\/avatar\/dc55d3f4b941a1510eef2620b2c166513788bd88ef72341333b6d0a859bacd3c?s=96&d=mm&r=g","caption":"admin"},"sameAs":["https:\/\/www.europa-prefabri.com","https:\/\/x.com\/@EuropaPrefabri"]}]}},"_links":{"self":[{"href":"https:\/\/www.europa-prefabri.com\/fr\/wp-json\/wp\/v2\/posts\/20193","targetHints":{"allow":["GET"]}}],"collection":[{"href":"https:\/\/www.europa-prefabri.com\/fr\/wp-json\/wp\/v2\/posts"}],"about":[{"href":"https:\/\/www.europa-prefabri.com\/fr\/wp-json\/wp\/v2\/types\/post"}],"author":[{"embeddable":true,"href":"https:\/\/www.europa-prefabri.com\/fr\/wp-json\/wp\/v2\/users\/4"}],"replies":[{"embeddable":true,"href":"https:\/\/www.europa-prefabri.com\/fr\/wp-json\/wp\/v2\/comments?post=20193"}],"version-history":[{"count":0,"href":"https:\/\/www.europa-prefabri.com\/fr\/wp-json\/wp\/v2\/posts\/20193\/revisions"}],"wp:featuredmedia":[{"embeddable":true,"href":"https:\/\/www.europa-prefabri.com\/fr\/wp-json\/wp\/v2\/media\/18650"}],"wp:attachment":[{"href":"https:\/\/www.europa-prefabri.com\/fr\/wp-json\/wp\/v2\/media?parent=20193"}],"wp:term":[{"taxonomy":"category","embeddable":true,"href":"https:\/\/www.europa-prefabri.com\/fr\/wp-json\/wp\/v2\/categories?post=20193"},{"taxonomy":"post_tag","embeddable":true,"href":"https:\/\/www.europa-prefabri.com\/fr\/wp-json\/wp\/v2\/tags?post=20193"}],"curies":[{"name":"wp","href":"https:\/\/api.w.org\/{rel}","templated":true}]}}