{"id":18438,"date":"2017-09-01T13:26:46","date_gmt":"2017-09-01T11:26:46","guid":{"rendered":"http:\/\/www.europa-prefabri.com\/?p=18438"},"modified":"2025-01-31T13:04:31","modified_gmt":"2025-01-31T12:04:31","slug":"abris-parking-pour-la-station-ave-elche","status":"publish","type":"post","link":"https:\/\/www.europa-prefabri.com\/fr\/abris-parking-pour-la-station-ave-elche\/","title":{"rendered":"Abris parking pour la station AVE \u00e0 Elche | ET Europa"},"content":{"rendered":"\n\t\t<style type=\"text\/css\">\n\t\t\t#gallery-1 {\n\t\t\t\tmargin: auto;\n\t\t\t}\n\t\t\t#gallery-1 .gallery-item {\n\t\t\t\tfloat: left;\n\t\t\t\tmargin-top: 10px;\n\t\t\t\ttext-align: center;\n\t\t\t\twidth: 11%;\n\t\t\t}\n\t\t\t#gallery-1 img {\n\t\t\t\tborder: 2px solid #cfcfcf;\n\t\t\t}\n\t\t\t#gallery-1 .gallery-caption {\n\t\t\t\tmargin-left: 0;\n\t\t\t}\n\t\t\t\/* see gallery_shortcode() in wp-includes\/media.php *\/\n\t\t<\/style>\n\t\t<div id='gallery-1' class='gallery galleryid-18438 gallery-columns-9 gallery-size-thumbnail'><dl class='gallery-item'>\n\t\t\t<dt class='gallery-icon landscape'>\n\t\t\t\t<a href='https:\/\/www.europa-prefabri.com\/fr\/abris-parking-pour-la-station-ave-elche\/marquesinas-de-aparcamiento-para-la-estacion-del-ave-de-elche-04-2-2\/'><img loading=\"lazy\" decoding=\"async\" width=\"80\" height=\"80\" src=\"https:\/\/www.europa-prefabri.com\/wp-content\/uploads\/marquesinas-de-aparcamiento-para-la-estacion-del-ave-de-elche-04-1-80x80.jpg\" class=\"attachment-thumbnail size-thumbnail\" alt=\"\" srcset=\"https:\/\/www.europa-prefabri.com\/wp-content\/uploads\/marquesinas-de-aparcamiento-para-la-estacion-del-ave-de-elche-04-1-80x80.jpg 80w, https:\/\/www.europa-prefabri.com\/wp-content\/uploads\/marquesinas-de-aparcamiento-para-la-estacion-del-ave-de-elche-04-1-36x36.jpg 36w, https:\/\/www.europa-prefabri.com\/wp-content\/uploads\/marquesinas-de-aparcamiento-para-la-estacion-del-ave-de-elche-04-1-180x180.jpg 180w, https:\/\/www.europa-prefabri.com\/wp-content\/uploads\/marquesinas-de-aparcamiento-para-la-estacion-del-ave-de-elche-04-1-120x120.jpg 120w, https:\/\/www.europa-prefabri.com\/wp-content\/uploads\/marquesinas-de-aparcamiento-para-la-estacion-del-ave-de-elche-04-1-450x450.jpg 450w\" sizes=\"auto, (max-width: 80px) 100vw, 80px\" \/><\/a>\n\t\t\t<\/dt><\/dl><dl class='gallery-item'>\n\t\t\t<dt class='gallery-icon landscape'>\n\t\t\t\t<a href='https:\/\/www.europa-prefabri.com\/fr\/abris-parking-pour-la-station-ave-elche\/marquesinas-de-aparcamiento-para-la-estacion-del-ave-de-elche-05-2-2\/'><img loading=\"lazy\" decoding=\"async\" width=\"80\" height=\"80\" src=\"https:\/\/www.europa-prefabri.com\/wp-content\/uploads\/marquesinas-de-aparcamiento-para-la-estacion-del-ave-de-elche-05-1-80x80.jpg\" class=\"attachment-thumbnail size-thumbnail\" alt=\"\" srcset=\"https:\/\/www.europa-prefabri.com\/wp-content\/uploads\/marquesinas-de-aparcamiento-para-la-estacion-del-ave-de-elche-05-1-80x80.jpg 80w, https:\/\/www.europa-prefabri.com\/wp-content\/uploads\/marquesinas-de-aparcamiento-para-la-estacion-del-ave-de-elche-05-1-36x36.jpg 36w, https:\/\/www.europa-prefabri.com\/wp-content\/uploads\/marquesinas-de-aparcamiento-para-la-estacion-del-ave-de-elche-05-1-180x180.jpg 180w, https:\/\/www.europa-prefabri.com\/wp-content\/uploads\/marquesinas-de-aparcamiento-para-la-estacion-del-ave-de-elche-05-1-120x120.jpg 120w, https:\/\/www.europa-prefabri.com\/wp-content\/uploads\/marquesinas-de-aparcamiento-para-la-estacion-del-ave-de-elche-05-1-450x450.jpg 450w\" sizes=\"auto, (max-width: 80px) 100vw, 80px\" \/><\/a>\n\t\t\t<\/dt><\/dl><dl class='gallery-item'>\n\t\t\t<dt class='gallery-icon landscape'>\n\t\t\t\t<a href='https:\/\/www.europa-prefabri.com\/fr\/abris-parking-pour-la-station-ave-elche\/marquesinas-de-aparcamiento-para-la-estacion-del-ave-de-elche-06-2-2\/'><img loading=\"lazy\" decoding=\"async\" width=\"80\" height=\"80\" src=\"https:\/\/www.europa-prefabri.com\/wp-content\/uploads\/marquesinas-de-aparcamiento-para-la-estacion-del-ave-de-elche-06-1-80x80.jpg\" class=\"attachment-thumbnail size-thumbnail\" alt=\"\" srcset=\"https:\/\/www.europa-prefabri.com\/wp-content\/uploads\/marquesinas-de-aparcamiento-para-la-estacion-del-ave-de-elche-06-1-80x80.jpg 80w, https:\/\/www.europa-prefabri.com\/wp-content\/uploads\/marquesinas-de-aparcamiento-para-la-estacion-del-ave-de-elche-06-1-36x36.jpg 36w, https:\/\/www.europa-prefabri.com\/wp-content\/uploads\/marquesinas-de-aparcamiento-para-la-estacion-del-ave-de-elche-06-1-180x180.jpg 180w, https:\/\/www.europa-prefabri.com\/wp-content\/uploads\/marquesinas-de-aparcamiento-para-la-estacion-del-ave-de-elche-06-1-120x120.jpg 120w, https:\/\/www.europa-prefabri.com\/wp-content\/uploads\/marquesinas-de-aparcamiento-para-la-estacion-del-ave-de-elche-06-1-450x450.jpg 450w\" sizes=\"auto, (max-width: 80px) 100vw, 80px\" \/><\/a>\n\t\t\t<\/dt><\/dl><dl class='gallery-item'>\n\t\t\t<dt class='gallery-icon landscape'>\n\t\t\t\t<a href='https:\/\/www.europa-prefabri.com\/fr\/abris-parking-pour-la-station-ave-elche\/marquesinas-de-aparcamiento-para-la-estacion-del-ave-de-elche-08-2-2\/'><img loading=\"lazy\" decoding=\"async\" width=\"80\" height=\"80\" src=\"https:\/\/www.europa-prefabri.com\/wp-content\/uploads\/marquesinas-de-aparcamiento-para-la-estacion-del-ave-de-elche-08-1-80x80.jpg\" class=\"attachment-thumbnail size-thumbnail\" alt=\"\" srcset=\"https:\/\/www.europa-prefabri.com\/wp-content\/uploads\/marquesinas-de-aparcamiento-para-la-estacion-del-ave-de-elche-08-1-80x80.jpg 80w, https:\/\/www.europa-prefabri.com\/wp-content\/uploads\/marquesinas-de-aparcamiento-para-la-estacion-del-ave-de-elche-08-1-36x36.jpg 36w, https:\/\/www.europa-prefabri.com\/wp-content\/uploads\/marquesinas-de-aparcamiento-para-la-estacion-del-ave-de-elche-08-1-180x180.jpg 180w, https:\/\/www.europa-prefabri.com\/wp-content\/uploads\/marquesinas-de-aparcamiento-para-la-estacion-del-ave-de-elche-08-1-120x120.jpg 120w, https:\/\/www.europa-prefabri.com\/wp-content\/uploads\/marquesinas-de-aparcamiento-para-la-estacion-del-ave-de-elche-08-1-450x450.jpg 450w\" sizes=\"auto, (max-width: 80px) 100vw, 80px\" \/><\/a>\n\t\t\t<\/dt><\/dl><dl class='gallery-item'>\n\t\t\t<dt class='gallery-icon landscape'>\n\t\t\t\t<a href='https:\/\/www.europa-prefabri.com\/fr\/abris-parking-pour-la-station-ave-elche\/marquesinas-de-aparcamiento-para-la-estacion-del-ave-de-elche-10-2-2\/'><img loading=\"lazy\" decoding=\"async\" width=\"80\" height=\"80\" src=\"https:\/\/www.europa-prefabri.com\/wp-content\/uploads\/marquesinas-de-aparcamiento-para-la-estacion-del-ave-de-elche-10-1-80x80.jpg\" class=\"attachment-thumbnail size-thumbnail\" alt=\"\" srcset=\"https:\/\/www.europa-prefabri.com\/wp-content\/uploads\/marquesinas-de-aparcamiento-para-la-estacion-del-ave-de-elche-10-1-80x80.jpg 80w, https:\/\/www.europa-prefabri.com\/wp-content\/uploads\/marquesinas-de-aparcamiento-para-la-estacion-del-ave-de-elche-10-1-36x36.jpg 36w, https:\/\/www.europa-prefabri.com\/wp-content\/uploads\/marquesinas-de-aparcamiento-para-la-estacion-del-ave-de-elche-10-1-180x180.jpg 180w, https:\/\/www.europa-prefabri.com\/wp-content\/uploads\/marquesinas-de-aparcamiento-para-la-estacion-del-ave-de-elche-10-1-120x120.jpg 120w, https:\/\/www.europa-prefabri.com\/wp-content\/uploads\/marquesinas-de-aparcamiento-para-la-estacion-del-ave-de-elche-10-1-450x450.jpg 450w\" sizes=\"auto, (max-width: 80px) 100vw, 80px\" \/><\/a>\n\t\t\t<\/dt><\/dl><dl class='gallery-item'>\n\t\t\t<dt class='gallery-icon landscape'>\n\t\t\t\t<a href='https:\/\/www.europa-prefabri.com\/fr\/abris-parking-pour-la-station-ave-elche\/marquesinas-de-aparcamiento-para-la-estacion-del-ave-de-elche-01-2-2\/'><img loading=\"lazy\" decoding=\"async\" width=\"80\" height=\"80\" src=\"https:\/\/www.europa-prefabri.com\/wp-content\/uploads\/marquesinas-de-aparcamiento-para-la-estacion-del-ave-de-elche-01-1-80x80.jpg\" class=\"attachment-thumbnail size-thumbnail\" alt=\"\" srcset=\"https:\/\/www.europa-prefabri.com\/wp-content\/uploads\/marquesinas-de-aparcamiento-para-la-estacion-del-ave-de-elche-01-1-80x80.jpg 80w, https:\/\/www.europa-prefabri.com\/wp-content\/uploads\/marquesinas-de-aparcamiento-para-la-estacion-del-ave-de-elche-01-1-36x36.jpg 36w, https:\/\/www.europa-prefabri.com\/wp-content\/uploads\/marquesinas-de-aparcamiento-para-la-estacion-del-ave-de-elche-01-1-180x180.jpg 180w, https:\/\/www.europa-prefabri.com\/wp-content\/uploads\/marquesinas-de-aparcamiento-para-la-estacion-del-ave-de-elche-01-1-120x120.jpg 120w, https:\/\/www.europa-prefabri.com\/wp-content\/uploads\/marquesinas-de-aparcamiento-para-la-estacion-del-ave-de-elche-01-1-450x450.jpg 450w\" sizes=\"auto, (max-width: 80px) 100vw, 80px\" \/><\/a>\n\t\t\t<\/dt><\/dl><dl class='gallery-item'>\n\t\t\t<dt class='gallery-icon landscape'>\n\t\t\t\t<a href='https:\/\/www.europa-prefabri.com\/fr\/abris-parking-pour-la-station-ave-elche\/marquesinas-de-aparcamiento-para-la-estacion-del-ave-de-elche-02-2-2\/'><img loading=\"lazy\" decoding=\"async\" width=\"80\" height=\"80\" src=\"https:\/\/www.europa-prefabri.com\/wp-content\/uploads\/marquesinas-de-aparcamiento-para-la-estacion-del-ave-de-elche-02-1-80x80.jpg\" class=\"attachment-thumbnail size-thumbnail\" alt=\"\" srcset=\"https:\/\/www.europa-prefabri.com\/wp-content\/uploads\/marquesinas-de-aparcamiento-para-la-estacion-del-ave-de-elche-02-1-80x80.jpg 80w, https:\/\/www.europa-prefabri.com\/wp-content\/uploads\/marquesinas-de-aparcamiento-para-la-estacion-del-ave-de-elche-02-1-36x36.jpg 36w, https:\/\/www.europa-prefabri.com\/wp-content\/uploads\/marquesinas-de-aparcamiento-para-la-estacion-del-ave-de-elche-02-1-180x180.jpg 180w, https:\/\/www.europa-prefabri.com\/wp-content\/uploads\/marquesinas-de-aparcamiento-para-la-estacion-del-ave-de-elche-02-1-120x120.jpg 120w, https:\/\/www.europa-prefabri.com\/wp-content\/uploads\/marquesinas-de-aparcamiento-para-la-estacion-del-ave-de-elche-02-1-450x450.jpg 450w\" sizes=\"auto, (max-width: 80px) 100vw, 80px\" \/><\/a>\n\t\t\t<\/dt><\/dl><dl class='gallery-item'>\n\t\t\t<dt class='gallery-icon landscape'>\n\t\t\t\t<a href='https:\/\/www.europa-prefabri.com\/fr\/abris-parking-pour-la-station-ave-elche\/marquesinas-de-aparcamiento-para-la-estacion-del-ave-de-elche-03-2-2\/'><img loading=\"lazy\" decoding=\"async\" width=\"80\" height=\"80\" src=\"https:\/\/www.europa-prefabri.com\/wp-content\/uploads\/marquesinas-de-aparcamiento-para-la-estacion-del-ave-de-elche-03-1-80x80.jpg\" class=\"attachment-thumbnail size-thumbnail\" alt=\"\" srcset=\"https:\/\/www.europa-prefabri.com\/wp-content\/uploads\/marquesinas-de-aparcamiento-para-la-estacion-del-ave-de-elche-03-1-80x80.jpg 80w, https:\/\/www.europa-prefabri.com\/wp-content\/uploads\/marquesinas-de-aparcamiento-para-la-estacion-del-ave-de-elche-03-1-36x36.jpg 36w, https:\/\/www.europa-prefabri.com\/wp-content\/uploads\/marquesinas-de-aparcamiento-para-la-estacion-del-ave-de-elche-03-1-180x180.jpg 180w, https:\/\/www.europa-prefabri.com\/wp-content\/uploads\/marquesinas-de-aparcamiento-para-la-estacion-del-ave-de-elche-03-1-120x120.jpg 120w, https:\/\/www.europa-prefabri.com\/wp-content\/uploads\/marquesinas-de-aparcamiento-para-la-estacion-del-ave-de-elche-03-1-450x450.jpg 450w\" sizes=\"auto, (max-width: 80px) 100vw, 80px\" \/><\/a>\n\t\t\t<\/dt><\/dl>\n\t\t\t<br style='clear: both' \/>\n\t\t<\/div>\n\n<p>Nous avons manufactur\u00e9, d\u00e9sign\u00e9 et mont\u00e9 un nouveau projet abris parking pour la station AVE \u00e0 Elche, Alicante. Dans cette occasion, nous avons install\u00e9 un total de 96 places, dont 90 places sont standard (14 simples et 76 doubles) et 6 places ont des dimensions sp\u00e9ciales pour des personnes avec mobilit\u00e9 r\u00e9duite.<\/p>\n<h2>Caract\u00e9ristiques techniques du projet: abris parking pour la station d\u2019AVE \u00e0 Elche<\/h2>\n<p><img loading=\"lazy\" decoding=\"async\" class=\"aligncenter size-full wp-image-18109\" src=\"https:\/\/www.europa-prefabri.com\/wp-content\/uploads\/marquesinas-de-aparcamiento-para-la-estacion-del-ave-de-elche-03-1.jpg\" alt=\"marquesinas de aparcamiento para la estacion del ave de elche 03\" width=\"800\" height=\"600\" srcset=\"https:\/\/www.europa-prefabri.com\/wp-content\/uploads\/marquesinas-de-aparcamiento-para-la-estacion-del-ave-de-elche-03-1.jpg 800w, https:\/\/www.europa-prefabri.com\/wp-content\/uploads\/marquesinas-de-aparcamiento-para-la-estacion-del-ave-de-elche-03-1-300x225.jpg 300w, https:\/\/www.europa-prefabri.com\/wp-content\/uploads\/marquesinas-de-aparcamiento-para-la-estacion-del-ave-de-elche-03-1-768x576.jpg 768w, https:\/\/www.europa-prefabri.com\/wp-content\/uploads\/marquesinas-de-aparcamiento-para-la-estacion-del-ave-de-elche-03-1-705x529.jpg 705w, https:\/\/www.europa-prefabri.com\/wp-content\/uploads\/marquesinas-de-aparcamiento-para-la-estacion-del-ave-de-elche-03-1-450x338.jpg 450w\" sizes=\"auto, (max-width: 800px) 100vw, 800px\" \/><\/p>\n<ul>\n<li>Dans ce projet, nous avons mont\u00e9 96 places distribu\u00e9es en 3 groupes: 90 places standard (14 simples et 76 doubles), et 6 avec des dimensions sp\u00e9ciales, pour des personnes avec mobilit\u00e9 r\u00e9duite.<\/li>\n<li>Structure-support galvanis\u00e9e en chaud<\/li>\n<li>Couverture en t\u00f4le trap\u00e9zo\u00efdale laqu\u00e9e en gris perle de 5 m\u00e8tres<\/li>\n<li>Courroies galvanis\u00e9es<\/li>\n<li>Structures en plaque imprim\u00e9e et peign\u00e9e<\/li>\n<li>Le mod\u00e8le install\u00e9e a \u00e9t\u00e9 l\u2019Europa, dans sa version simple (couverture \u00e0 une pente) comme sa version doubl\u00e9 (couverture \u00e0 deux pentes)<\/li>\n<li>Dimensions des espaces: 6,6m; 7,5m et 5m<\/li>\n<\/ul>\n<p>Apart from the parking canopies Europa Model, the Europa Prefabri Group has a great range of parking canopies:<\/p>\n<h3>Notre gamme d&#8217;abris parking:<\/h3>\n<h3><a href=\"http:\/\/et-europa.com\/portfolio-item\/cubiertas-textiles-otras\/#toggle-id-2\">Abris textiles<\/a><\/h3>\n<p><img loading=\"lazy\" decoding=\"async\" class=\"alignnone size-full wp-image-15967\" src=\"https:\/\/www.europa-prefabri.com\/wp-content\/uploads\/cubiertas-textiles-en-sevilla-2.png\" alt=\"Marquesinas con cubiertas textiles en Sevilla\" width=\"800\" height=\"600\" srcset=\"https:\/\/www.europa-prefabri.com\/wp-content\/uploads\/cubiertas-textiles-en-sevilla-2.png 800w, https:\/\/www.europa-prefabri.com\/wp-content\/uploads\/cubiertas-textiles-en-sevilla-2-300x225.png 300w, https:\/\/www.europa-prefabri.com\/wp-content\/uploads\/cubiertas-textiles-en-sevilla-2-768x576.png 768w, https:\/\/www.europa-prefabri.com\/wp-content\/uploads\/cubiertas-textiles-en-sevilla-2-705x529.png 705w, https:\/\/www.europa-prefabri.com\/wp-content\/uploads\/cubiertas-textiles-en-sevilla-2-450x338.png 450w\" sizes=\"auto, (max-width: 800px) 100vw, 800px\" \/><\/p>\n<ul>\n<li>Garantie d\u2019une parfaite harmonie esth\u00e9tique sans oublier la s\u00e9curit\u00e9 et la qualit\u00e9 des mat\u00e9riaux<\/li>\n<li>Structures modulaires adaptables \u00e0 tout type de lieu<\/li>\n<li>Sa versatilit\u00e9 va plus loin que son r\u00f4le d\u2019abris parking pour les voitures, ils peuvent \u00eatre utilis\u00e9s dans les terrasses et jardins comme zones d\u2019ombres<\/li>\n<\/ul>\n<h3>Mod\u00e8le Europa<\/h3>\n<ul>\n<li>Poss\u00e8de une structure em poutre-caisson r\u00e9alis\u00e9e \u00e0 l&#8217;aide de profiles d&#8217;acier pli\u00e9s<\/li>\n<li>C&#8217;est un abri est\u00e9thique, \u00e9conomique, disponible en version simple ou doubles.<\/li>\n<li>De couverture galvanis\u00e9e ou pr\u00e9laqu\u00e9e dans la couleur du choix du client.<\/li>\n<li>S\u00e9curit\u00e9 et qualit\u00e9 maximale des mat\u00e9riaux<\/li>\n<\/ul>\n<h3>Panneau couverture<\/h3>\n<p><img loading=\"lazy\" decoding=\"async\" class=\"alignnone size-full wp-image-12249\" src=\"https:\/\/www.europa-prefabri.com\/wp-content\/uploads\/Marquesinas-de-parking-para-chalets-modelo-cubierta-panel-imitacion-teja.png\" alt=\"marquesinas-de-parking-para-chalets-modelo-cubierta-panel-imitacion-teja\" width=\"800\" height=\"600\" \/><\/p>\n<ul>\n<li>Nous rempla\u00e7ons la t\u00f4le galavanis\u00e9e de couverture par un panneau sandwich pour offrir une meilleure isolation thermique et accoustique.<\/li>\n<li>Solution disponible dans n\u2019importe quel mod\u00e8les d\u2019abris parking<\/li>\n<li>Diff\u00e9rentes options de panneaux: polyr\u00e9thane, polystyr\u00e8ne et laine de roche<\/li>\n<\/ul>\n<h3>Mod\u00e8le\u00a0IPE<\/h3>\n<h3><\/h3>\n<p><img loading=\"lazy\" decoding=\"async\" class=\"alignnone size-full wp-image-16151\" src=\"https:\/\/www.europa-prefabri.com\/wp-content\/uploads\/Marquesina-de-parking-modelo-IPE.jpg\" alt=\"Marquesina de parking modelo IPE\" width=\"800\" height=\"600\" srcset=\"https:\/\/www.europa-prefabri.com\/wp-content\/uploads\/Marquesina-de-parking-modelo-IPE.jpg 800w, https:\/\/www.europa-prefabri.com\/wp-content\/uploads\/Marquesina-de-parking-modelo-IPE-300x225.jpg 300w, https:\/\/www.europa-prefabri.com\/wp-content\/uploads\/Marquesina-de-parking-modelo-IPE-768x576.jpg 768w, https:\/\/www.europa-prefabri.com\/wp-content\/uploads\/Marquesina-de-parking-modelo-IPE-705x529.jpg 705w, https:\/\/www.europa-prefabri.com\/wp-content\/uploads\/Marquesina-de-parking-modelo-IPE-450x338.jpg 450w\" sizes=\"auto, (max-width: 800px) 100vw, 800px\" \/><\/p>\n<ul>\n<li>Abri d\u00e9montable r\u00e9alis\u00e9 avec des postres en acier lamin\u00e9 \u00e0 chaud de type IPE.<\/li>\n<li>Robustesse maximale de la structure pour supporter les vents violents et les surcharges de neige.<\/li>\n<li>Diff\u00e9rentes verisons en fonction du type d\u2019acier utilis\u00e9.<\/li>\n<li>Couverture galvanis\u00e9e ou pr\u00e9laqu\u00e9e dans la couleur du choix du client<\/li>\n<li>Structure galvanis\u00e9e \u00e0 chaud sur demande du client<\/li>\n<\/ul>\n<h3>Mod\u00e8le Ibiza<\/h3>\n<p><img loading=\"lazy\" decoding=\"async\" class=\"alignnone size-full wp-image-16156\" src=\"https:\/\/www.europa-prefabri.com\/wp-content\/uploads\/marquesina-de-aparcamiento-modelo-ibiza.jpg\" alt=\"marquesina de aparcamiento modelo ibiza\" width=\"800\" height=\"600\" srcset=\"https:\/\/www.europa-prefabri.com\/wp-content\/uploads\/marquesina-de-aparcamiento-modelo-ibiza.jpg 800w, https:\/\/www.europa-prefabri.com\/wp-content\/uploads\/marquesina-de-aparcamiento-modelo-ibiza-300x225.jpg 300w, https:\/\/www.europa-prefabri.com\/wp-content\/uploads\/marquesina-de-aparcamiento-modelo-ibiza-768x576.jpg 768w, https:\/\/www.europa-prefabri.com\/wp-content\/uploads\/marquesina-de-aparcamiento-modelo-ibiza-705x529.jpg 705w, https:\/\/www.europa-prefabri.com\/wp-content\/uploads\/marquesina-de-aparcamiento-modelo-ibiza-450x338.jpg 450w\" sizes=\"auto, (max-width: 800px) 100vw, 800px\" \/><\/p>\n<ul>\n<li>Design sp\u00e9cial avec couverture en cintre m\u00e9tallique en forme de losange<\/li>\n<li>Structure galvanis\u00e9e \u00e0 chaud sur demande.<\/li>\n<li>Diff\u00e9rentes versions\u00a0: simples ou doubles.<\/li>\n<li>Couverture galvanis\u00e9e ou pr\u00e9laqu\u00e9e dans la couleur du choix du client.<\/li>\n<li>S\u00e9curit\u00e9 et qualit\u00e9 maximales des mat\u00e9riaux.<\/li>\n<li>Possibilit\u00e9 d\u2019adapter le mod\u00e8le en fonction des besoins.<\/li>\n<\/ul>\n<h3>Abris voiture\u00a0solaire<\/h3>\n<h3><img loading=\"lazy\" decoding=\"async\" class=\"alignnone size-full wp-image-3285\" src=\"https:\/\/www.europa-prefabri.com\/wp-content\/uploads\/SOLAR4_800x600.jpg\" alt=\"marquesina fotovoltaica\" width=\"800\" height=\"600\" srcset=\"https:\/\/www.europa-prefabri.com\/wp-content\/uploads\/SOLAR4_800x600.jpg 800w, https:\/\/www.europa-prefabri.com\/wp-content\/uploads\/SOLAR4_800x600-300x225.jpg 300w, https:\/\/www.europa-prefabri.com\/wp-content\/uploads\/SOLAR4_800x600-450x337.jpg 450w\" sizes=\"auto, (max-width: 800px) 100vw, 800px\" \/><\/h3>\n<ul>\n<li>En tant qu\u2019entreprise sp\u00e9cialiste dans la fabrication d\u2019abris voiture, nous avons Developer de nombreux mod\u00e8les id\u00e9aux pour supporter l\u2019installation de panneaux photovoltaiques\u00a0 sur la couverture.<\/li>\n<li>Nous offrons depuis la fabrication de l\u2019abri avec nos mod\u00e8les ou celui du client jusqu\u2019a la solution cl\u00e9 en main qui inclut la fourniture et le montage de l\u2019installation photovoltaique.<\/li>\n<li>De plus, nous conseillons notre client pour trouver la solution structurelle et \u00e9nerg\u00e9tique qui s\u2019adapte le mieux \u00e0 son projet.<\/li>\n<li>Aussi, il est possible d\u2019incorporer des points de recharges pour les voitures \u00e9lectriques (<a href=\"https:\/\/www.europa-prefabri.com\/fr\/fotolineras-les-points-recharges-solaires\/\">fotolineras<\/a>).<\/li>\n<\/ul>\n<h3>Mod\u00e8le Ola<\/h3>\n<p><img loading=\"lazy\" decoding=\"async\" class=\"alignnone size-full wp-image-16160\" src=\"https:\/\/www.europa-prefabri.com\/wp-content\/uploads\/marquesina-de-aparcamiento-modelo-ola.jpg\" alt=\"marquesina de aparcamiento modelo ola\" width=\"800\" height=\"600\" srcset=\"https:\/\/www.europa-prefabri.com\/wp-content\/uploads\/marquesina-de-aparcamiento-modelo-ola.jpg 800w, https:\/\/www.europa-prefabri.com\/wp-content\/uploads\/marquesina-de-aparcamiento-modelo-ola-300x225.jpg 300w, https:\/\/www.europa-prefabri.com\/wp-content\/uploads\/marquesina-de-aparcamiento-modelo-ola-768x576.jpg 768w, https:\/\/www.europa-prefabri.com\/wp-content\/uploads\/marquesina-de-aparcamiento-modelo-ola-705x529.jpg 705w, https:\/\/www.europa-prefabri.com\/wp-content\/uploads\/marquesina-de-aparcamiento-modelo-ola-450x338.jpg 450w\" sizes=\"auto, (max-width: 800px) 100vw, 800px\" \/><\/p>\n<ul>\n<li>Design sp\u00e9cial d\u2019abri m\u00e9tallique avec couverture ondul\u00e9e r\u00e9alis\u00e9e \u00e0 l\u2019aide de profils d\u2019acier pli\u00e9s.<\/li>\n<li>Couverture galvanis\u00e9e ou pr\u00e9laqu\u00e9e dans la couleur du choix du client.<\/li>\n<li>Structure galvanis\u00e9e \u00e0 chaud sur demande.<\/li>\n<li>S\u00e9curit\u00e9 et qualit\u00e9 maximale des mat\u00e9riaux.<\/li>\n<li>Possibilit\u00e9 d\u2019adapter le mod\u00e8le en fonction des besoins du client.<\/li>\n<\/ul>\n<h3>Mod\u00e8le celos\u00eda<\/h3>\n<p><img loading=\"lazy\" decoding=\"async\" class=\"alignnone size-full wp-image-16164\" src=\"https:\/\/www.europa-prefabri.com\/wp-content\/uploads\/Marquesina-de-aparcamiento-modelo-celosia.jpg\" alt=\"Marquesina de aparcamiento modelo celosia\" width=\"800\" height=\"600\" srcset=\"https:\/\/www.europa-prefabri.com\/wp-content\/uploads\/Marquesina-de-aparcamiento-modelo-celosia.jpg 800w, https:\/\/www.europa-prefabri.com\/wp-content\/uploads\/Marquesina-de-aparcamiento-modelo-celosia-300x225.jpg 300w, https:\/\/www.europa-prefabri.com\/wp-content\/uploads\/Marquesina-de-aparcamiento-modelo-celosia-768x576.jpg 768w, https:\/\/www.europa-prefabri.com\/wp-content\/uploads\/Marquesina-de-aparcamiento-modelo-celosia-705x529.jpg 705w, https:\/\/www.europa-prefabri.com\/wp-content\/uploads\/Marquesina-de-aparcamiento-modelo-celosia-450x338.jpg 450w\" sizes=\"auto, (max-width: 800px) 100vw, 800px\" \/><\/p>\n<ul>\n<li>Abris parking r\u00e9alis\u00e9 \u00e0 partir de profiles soud\u00e9s<\/li>\n<li>Diff\u00e9rentes versions: simples ou doubles.<\/li>\n<li>Couverture galvanis\u00e9e \u00e0 chaud ou pr\u00e9laqu\u00e9e dans la couleur du Choix du client.<\/li>\n<li>Structure galvanis\u00e9e \u00e0 chaud sur demande.<\/li>\n<li>S\u00e9curit\u00e9 et qualit\u00e9 maximales des mat\u00e9riaux.<\/li>\n<li>Possibilit\u00e9 d\u2019adapter le mod\u00e8le en fonction des besoins du client.<\/li>\n<\/ul>\n<h3>Mod\u00e8le Atirantado<\/h3>\n<p><img loading=\"lazy\" decoding=\"async\" class=\"alignnone size-full wp-image-16147\" src=\"https:\/\/www.europa-prefabri.com\/wp-content\/uploads\/Marquesina-de-parking-modelo-atirantado.jpg\" alt=\"Marquesina de parking modelo atirantado\" width=\"800\" height=\"600\" srcset=\"https:\/\/www.europa-prefabri.com\/wp-content\/uploads\/Marquesina-de-parking-modelo-atirantado.jpg 800w, https:\/\/www.europa-prefabri.com\/wp-content\/uploads\/Marquesina-de-parking-modelo-atirantado-300x225.jpg 300w, https:\/\/www.europa-prefabri.com\/wp-content\/uploads\/Marquesina-de-parking-modelo-atirantado-768x576.jpg 768w, https:\/\/www.europa-prefabri.com\/wp-content\/uploads\/Marquesina-de-parking-modelo-atirantado-705x529.jpg 705w, https:\/\/www.europa-prefabri.com\/wp-content\/uploads\/Marquesina-de-parking-modelo-atirantado-450x338.jpg 450w\" sizes=\"auto, (max-width: 800px) 100vw, 800px\" \/><\/p>\n<ul>\n<li>Abri sp\u00e9cial avec un design original r\u00e9alis\u00e9 \u00e0 l\u2019aide de poutre d\u2019acier lamin\u00e9 \u00e0 chaud avec des lames m\u00e9talliques.<\/li>\n<li>Possibilit\u00e9 de cr\u00e9er un pasage pi\u00e9ton avec toit de polycarbonate pour les places doubles.<\/li>\n<li>Couverture glavanis\u00e9e ou pr\u00e9laqu\u00e9e dans la couleur choisie par le client.<\/li>\n<li>Structure galvanis\u00e9e \u00e0 chaud sur demande.<\/li>\n<li>S\u00e9curit\u00e9 et qualit\u00e9 maximale des mat\u00e9riaux.<\/li>\n<li>Possibilit\u00e9 d\u2019adapter le mod\u00e8le en fonction des besoins du client.<\/li>\n<\/ul>\n<h2><strong>Service int\u00e9gral d&#8217;abri voiture<\/strong><\/h2>\n<p><img loading=\"lazy\" decoding=\"async\" class=\"alignnone size-full wp-image-16320\" src=\"https:\/\/www.europa-prefabri.com\/wp-content\/uploads\/servicio-integral-de-marquesinas-de-parking.jpg\" alt=\"servicio integral de marquesinas de parking\" width=\"800\" height=\"600\" srcset=\"https:\/\/www.europa-prefabri.com\/wp-content\/uploads\/servicio-integral-de-marquesinas-de-parking.jpg 800w, https:\/\/www.europa-prefabri.com\/wp-content\/uploads\/servicio-integral-de-marquesinas-de-parking-300x225.jpg 300w, https:\/\/www.europa-prefabri.com\/wp-content\/uploads\/servicio-integral-de-marquesinas-de-parking-768x576.jpg 768w, https:\/\/www.europa-prefabri.com\/wp-content\/uploads\/servicio-integral-de-marquesinas-de-parking-705x529.jpg 705w, https:\/\/www.europa-prefabri.com\/wp-content\/uploads\/servicio-integral-de-marquesinas-de-parking-450x338.jpg 450w\" sizes=\"auto, (max-width: 800px) 100vw, 800px\" \/><\/p>\n<p>Nous sommes sp\u00e9cialis\u00e9s dans la fabrication et le montage d&#8217;abris m\u00e9tallique pour parc automobile, nous avons plus de 30 ans d&#8217;exp\u00e9rience dans le secteur.<\/p>\n<p>Nous offrons un service int\u00e9gral qui va de la fourniture et l&#8217;installation de cabines de surveillance ou barri\u00e8res automatiques jusqu&#8217;aux panneaux de signalisations ou le g\u00e9nie civil.<\/p>\n<p>Nous nous occupons des projets de\u00a0petits parkings jusqu&#8217;aux grands projets dans des a\u00e9roports, gares, grandes entreprises et centre commerciaux.<\/p>\n<p>De plus, nous offrons un services d&#8217;entretien, de remplacement et r\u00e9paration des abris ancien ou d&#8217;\u00e9l\u00e9ments par de nouveaux.<\/p>\n<p>Estructuras Tubulares Europa est notre\u00a0<strong>fournisseur direct<\/strong>. Cependant, le mat\u00e9riel que nous offrons ainsi que les personnes qui les montent, sont parties int\u00e9grantes de notre entreprise et il n&#8217;existe aucune interm\u00e9diation dans les prestations \u00e9tablies. Ceci est fondamentale pour nous car cela nous pemet d&#8217;offrir \u00e0 nos clients un service int\u00e9gral au meilleur prix.<\/p>\n<h2>Parmis nos projets d&#8217;abris parking, il y a eu:<\/h2>\n<ul>\n<li>Le transport et assemblage d&#8217;abris voiture avec <a href=\"https:\/\/www.europa-prefabri.com\/fr\/abris-voiture-avec-alucobond-pour-lidl-et-europa\/\">Alucobond pour Lidl<\/a>, o\u00f9 nous avons install\u00e9 133 abris, avec 80 abris simples et 53 abris doubles.<\/li>\n<li>La conception, transport et montage d&#8217;abris voiture pour les d\u00e9p\u00f4t de\u00a0<a href=\"https:\/\/www.europa-prefabri.com\/fr\/carports-pour-les-depots-de-tramway-de-ouargla-en-algerie\/\">tram de Ouargla en Alg\u00e9rie<\/a>, dans lequel nous couvrons 161 places disribu\u00e9es en 8 grupos pour v\u00e9hicules standards, 12 places pour les v\u00e9hicules de mobilit\u00e9 r\u00e9duite et\u00a020 places pour motos.<\/li>\n<li>La conception, montage et transport \u00a0d&#8217;<a href=\"https:\/\/www.europa-prefabri.com\/fr\/parking-particulier-a-l-aeroport-de-malaga\/\">abris de voiture pour AENA \u00e0 l&#8217;A\u00e9roport de Malaga<\/a>, \u00a0avec\u00a090 places pour voitures avec notre mod\u00e8le d&#8217;abri\u00a0\u00a0\u201cOLA\u201d avec la couverture en mini vague.\u00a0La distribution est de 2 modules simples, le premier pour 59 places et le second pour\u00a031 places. Et le montage de 3\u00a0<a href=\"https:\/\/www.europa-prefabri.com\/fr\/carports-pour-le-parking-vip-du-t1-de-laeroport-madrid-barajas\/\">abris sp\u00e9ciaux<\/a>\u00a0pour couvrir les barri\u00e8res d&#8217;entr\u00e9e et de sortie du parking,\u00a0al igual que otra marquesina tambi\u00e9n especial para cubrir los cajeros del pago de la estancia en dicho parking.<\/li>\n<li>La conception, transport et montage\u00a0<a href=\"https:\/\/www.europa-prefabri.com\/fr\/carports-pour-le-parking-du-supermarche-mercamadrid\/\">d&#8217;abris voiture \u00e0 Mercamadrid<\/a>\u00a0pour le Groupe Unide.<\/li>\n<li>La conception, transport et montage d&#8217;abris voiture pour les\u00a0<a href=\"https:\/\/www.europa-prefabri.com\/fr\/carports-pour-les-parkings-des-supermarches-e-leclerc-a-narbonne-en-france\/\">Supermarch\u00e9s E.Leclerc \u00e0 Narbonne en France<\/a>. Ces abris ont \u00e9t\u00e9 totalement galvanis\u00e9s \u00e0 chaud, en \u00e9tant con\u00e7us avec une hauteur sp\u00e9ciale pour les v\u00e9hicules avec portes-bagages et les\u00a0caravanes.<\/li>\n<li>La conception, transport et montage d&#8217;abris voiture pour l&#8217;A\u00e9roport de Madrid Barajas pour 1.300 places, dans lequel \u00e0 \u00e9t\u00e9 pr\u00e9cedemment r\u00e9alis\u00e9 le d\u00e9montage de plus de 1.200 places et le nettoyage de la zone\u00a0. Les travaux ont \u00e9t\u00e9 r\u00e9alis\u00e9 en 4 phases, des\u00a0<a href=\"https:\/\/www.europa-prefabri.com\/fr\/carport-tissu-tendue-pour-parking-a-laeroport-madrid\/\">carports \u00e0 toile tendue<\/a>,\u00a0<a href=\"https:\/\/www.europa-prefabri.com\/fr\/carports-pour-le-parking-vip-du-t1-de-laeroport-madrid-barajas\/\">un abri pour un parking VIP,<\/a>\u00a0<a href=\"https:\/\/www.europa-prefabri.com\/fr\/parking-t1-barajas-2eme-phase\/\">un couloir pi\u00e9tonnier<\/a>\u2026<\/li>\n<\/ul>\n<p>Tout le mat\u00e9riel est d\u00e9montable, \u00a0et se monte facilement. Le r\u00e9sulat est un abri propre, esth\u00e9tique et fonctionnel.<\/p>\n","protected":false},"excerpt":{"rendered":"<p>Nous avons manufactur\u00e9, d\u00e9sign\u00e9 et mont\u00e9 un nouveau projet abris parking pour la station AVE \u00e0 Elche, Alicante. Dans cette occasion, nous avons install\u00e9 un total de 96 places, dont 90 places sont standard (14 simples et 76 doubles) et 6 places ont des dimensions sp\u00e9ciales pour des personnes avec mobilit\u00e9 r\u00e9duite. Caract\u00e9ristiques techniques du [&hellip;]<\/p>\n","protected":false},"author":4,"featured_media":18079,"comment_status":"closed","ping_status":"closed","sticky":false,"template":"","format":"gallery","meta":{"footnotes":""},"categories":[413],"tags":[417,152],"class_list":["post-18438","post","type-post","status-publish","format-gallery","has-post-thumbnail","hentry","category-noticias-fr","tag-abris-de-parking-fr-2","tag-abris-de-parking","post_format-post-format-gallery"],"yoast_head":"<!-- This site is optimized with the Yoast SEO plugin v27.5 - https:\/\/yoast.com\/product\/yoast-seo-wordpress\/ -->\n<title>Abris parking pour la station AVE \u00e0 Elche | ET Europa<\/title>\n<meta name=\"description\" content=\"Nous venons de d\u00e9velopper un projet de pr\u00e8s que 100 abris parking pour la gare de train AVE \u00e0 Elche avec notre mod\u00e8le Europa\" \/>\n<meta name=\"robots\" content=\"index, follow, max-snippet:-1, max-image-preview:large, max-video-preview:-1\" \/>\n<link rel=\"canonical\" href=\"https:\/\/www.europa-prefabri.com\/fr\/abris-parking-pour-la-station-ave-elche\/\" \/>\n<meta property=\"og:locale\" content=\"fr_FR\" \/>\n<meta property=\"og:type\" content=\"article\" \/>\n<meta property=\"og:title\" content=\"Abris parking pour la station AVE \u00e0 Elche | ET Europa\" \/>\n<meta property=\"og:description\" content=\"Nous venons de d\u00e9velopper un projet de pr\u00e8s que 100 abris parking pour la gare de train AVE \u00e0 Elche avec notre mod\u00e8le Europa\" \/>\n<meta property=\"og:url\" content=\"https:\/\/www.europa-prefabri.com\/fr\/abris-parking-pour-la-station-ave-elche\/\" \/>\n<meta property=\"og:site_name\" content=\"Europa Prefabri | Alquiler y venta de construcciones modulares\" \/>\n<meta property=\"article:publisher\" content=\"https:\/\/www.facebook.com\/Europa-Prefabri-258328977572213\/\" \/>\n<meta property=\"article:published_time\" content=\"2017-09-01T11:26:46+00:00\" \/>\n<meta property=\"article:modified_time\" content=\"2025-01-31T12:04:31+00:00\" \/>\n<meta property=\"og:image\" content=\"https:\/\/www.europa-prefabri.com\/wp-content\/uploads\/marquesinas-de-aparcamiento-para-la-estacion-del-ave-de-elche-05-1.jpg\" \/>\n\t<meta property=\"og:image:width\" content=\"800\" \/>\n\t<meta property=\"og:image:height\" content=\"600\" \/>\n\t<meta property=\"og:image:type\" content=\"image\/jpeg\" \/>\n<meta name=\"author\" content=\"admin\" \/>\n<meta name=\"twitter:card\" content=\"summary_large_image\" \/>\n<meta name=\"twitter:creator\" content=\"@EuropaPrefabri\" \/>\n<meta name=\"twitter:site\" content=\"@EuropaPrefabri\" \/>\n<meta name=\"twitter:label1\" content=\"Written by\" \/>\n\t<meta name=\"twitter:data1\" content=\"admin\" \/>\n\t<meta name=\"twitter:label2\" content=\"Est. reading time\" \/>\n\t<meta name=\"twitter:data2\" content=\"8 minutes\" \/>\n<script type=\"application\/ld+json\" class=\"yoast-schema-graph\">{\"@context\":\"https:\\\/\\\/schema.org\",\"@graph\":[{\"@type\":\"Article\",\"@id\":\"https:\\\/\\\/www.europa-prefabri.com\\\/fr\\\/abris-parking-pour-la-station-ave-elche\\\/#article\",\"isPartOf\":{\"@id\":\"https:\\\/\\\/www.europa-prefabri.com\\\/fr\\\/abris-parking-pour-la-station-ave-elche\\\/\"},\"author\":{\"name\":\"admin\",\"@id\":\"https:\\\/\\\/www.europa-prefabri.com\\\/#\\\/schema\\\/person\\\/2ab6be5821a7026cd8f16d2a9411e86e\"},\"headline\":\"Abris parking pour la station AVE \u00e0 Elche | ET Europa\",\"datePublished\":\"2017-09-01T11:26:46+00:00\",\"dateModified\":\"2025-01-31T12:04:31+00:00\",\"mainEntityOfPage\":{\"@id\":\"https:\\\/\\\/www.europa-prefabri.com\\\/fr\\\/abris-parking-pour-la-station-ave-elche\\\/\"},\"wordCount\":1232,\"publisher\":{\"@id\":\"https:\\\/\\\/www.europa-prefabri.com\\\/#organization\"},\"image\":{\"@id\":\"https:\\\/\\\/www.europa-prefabri.com\\\/fr\\\/abris-parking-pour-la-station-ave-elche\\\/#primaryimage\"},\"thumbnailUrl\":\"https:\\\/\\\/www.europa-prefabri.com\\\/wp-content\\\/uploads\\\/marquesinas-de-aparcamiento-para-la-estacion-del-ave-de-elche-05-1.jpg\",\"keywords\":[\"abris de parking\",\"abris de parking\"],\"articleSection\":[\"Noticias\"],\"inLanguage\":\"fr-FR\"},{\"@type\":\"WebPage\",\"@id\":\"https:\\\/\\\/www.europa-prefabri.com\\\/fr\\\/abris-parking-pour-la-station-ave-elche\\\/\",\"url\":\"https:\\\/\\\/www.europa-prefabri.com\\\/fr\\\/abris-parking-pour-la-station-ave-elche\\\/\",\"name\":\"Abris parking pour la station AVE \u00e0 Elche | ET Europa\",\"isPartOf\":{\"@id\":\"https:\\\/\\\/www.europa-prefabri.com\\\/#website\"},\"primaryImageOfPage\":{\"@id\":\"https:\\\/\\\/www.europa-prefabri.com\\\/fr\\\/abris-parking-pour-la-station-ave-elche\\\/#primaryimage\"},\"image\":{\"@id\":\"https:\\\/\\\/www.europa-prefabri.com\\\/fr\\\/abris-parking-pour-la-station-ave-elche\\\/#primaryimage\"},\"thumbnailUrl\":\"https:\\\/\\\/www.europa-prefabri.com\\\/wp-content\\\/uploads\\\/marquesinas-de-aparcamiento-para-la-estacion-del-ave-de-elche-05-1.jpg\",\"datePublished\":\"2017-09-01T11:26:46+00:00\",\"dateModified\":\"2025-01-31T12:04:31+00:00\",\"description\":\"Nous venons de d\u00e9velopper un projet de pr\u00e8s que 100 abris parking pour la gare de train AVE \u00e0 Elche avec notre mod\u00e8le Europa\",\"breadcrumb\":{\"@id\":\"https:\\\/\\\/www.europa-prefabri.com\\\/fr\\\/abris-parking-pour-la-station-ave-elche\\\/#breadcrumb\"},\"inLanguage\":\"fr-FR\",\"potentialAction\":[{\"@type\":\"ReadAction\",\"target\":[\"https:\\\/\\\/www.europa-prefabri.com\\\/fr\\\/abris-parking-pour-la-station-ave-elche\\\/\"]}]},{\"@type\":\"ImageObject\",\"inLanguage\":\"fr-FR\",\"@id\":\"https:\\\/\\\/www.europa-prefabri.com\\\/fr\\\/abris-parking-pour-la-station-ave-elche\\\/#primaryimage\",\"url\":\"https:\\\/\\\/www.europa-prefabri.com\\\/wp-content\\\/uploads\\\/marquesinas-de-aparcamiento-para-la-estacion-del-ave-de-elche-05-1.jpg\",\"contentUrl\":\"https:\\\/\\\/www.europa-prefabri.com\\\/wp-content\\\/uploads\\\/marquesinas-de-aparcamiento-para-la-estacion-del-ave-de-elche-05-1.jpg\",\"width\":800,\"height\":600},{\"@type\":\"BreadcrumbList\",\"@id\":\"https:\\\/\\\/www.europa-prefabri.com\\\/fr\\\/abris-parking-pour-la-station-ave-elche\\\/#breadcrumb\",\"itemListElement\":[{\"@type\":\"ListItem\",\"position\":1,\"name\":\"Portada\",\"item\":\"https:\\\/\\\/www.europa-prefabri.com\\\/fr\\\/\"},{\"@type\":\"ListItem\",\"position\":2,\"name\":\"Abris parking pour la station AVE \u00e0 Elche | ET Europa\"}]},{\"@type\":\"WebSite\",\"@id\":\"https:\\\/\\\/www.europa-prefabri.com\\\/#website\",\"url\":\"https:\\\/\\\/www.europa-prefabri.com\\\/\",\"name\":\"Europa Prefabri | Alquiler y venta de construcciones modulares\",\"description\":\"Alquiler y venta de construcciones modulares, casetas de obra, marquesinas de aparcamiento y vallas y cerramientos.\",\"publisher\":{\"@id\":\"https:\\\/\\\/www.europa-prefabri.com\\\/#organization\"},\"potentialAction\":[{\"@type\":\"SearchAction\",\"target\":{\"@type\":\"EntryPoint\",\"urlTemplate\":\"https:\\\/\\\/www.europa-prefabri.com\\\/?s={search_term_string}\"},\"query-input\":{\"@type\":\"PropertyValueSpecification\",\"valueRequired\":true,\"valueName\":\"search_term_string\"}}],\"inLanguage\":\"fr-FR\"},{\"@type\":\"Organization\",\"@id\":\"https:\\\/\\\/www.europa-prefabri.com\\\/#organization\",\"name\":\"Prefabri S.L.\",\"url\":\"https:\\\/\\\/www.europa-prefabri.com\\\/\",\"logo\":{\"@type\":\"ImageObject\",\"inLanguage\":\"fr-FR\",\"@id\":\"https:\\\/\\\/www.europa-prefabri.com\\\/#\\\/schema\\\/logo\\\/image\\\/\",\"url\":\"https:\\\/\\\/www.europa-prefabri.com\\\/wp-content\\\/uploads\\\/EuropaPrefabri-Logo.jpg\",\"contentUrl\":\"https:\\\/\\\/www.europa-prefabri.com\\\/wp-content\\\/uploads\\\/EuropaPrefabri-Logo.jpg\",\"width\":752,\"height\":348,\"caption\":\"Prefabri S.L.\"},\"image\":{\"@id\":\"https:\\\/\\\/www.europa-prefabri.com\\\/#\\\/schema\\\/logo\\\/image\\\/\"},\"sameAs\":[\"https:\\\/\\\/www.facebook.com\\\/Europa-Prefabri-258328977572213\\\/\",\"https:\\\/\\\/x.com\\\/EuropaPrefabri\",\"https:\\\/\\\/www.instagram.com\\\/europaprefabri\\\/\",\"https:\\\/\\\/es.linkedin.com\\\/company\\\/europa-prefabri\",\"https:\\\/\\\/es.pinterest.com\\\/europaprefabri\\\/\",\"https:\\\/\\\/www.youtube.com\\\/user\\\/PrefabriSL\"]},{\"@type\":\"Person\",\"@id\":\"https:\\\/\\\/www.europa-prefabri.com\\\/#\\\/schema\\\/person\\\/2ab6be5821a7026cd8f16d2a9411e86e\",\"name\":\"admin\",\"image\":{\"@type\":\"ImageObject\",\"inLanguage\":\"fr-FR\",\"@id\":\"https:\\\/\\\/secure.gravatar.com\\\/avatar\\\/dc55d3f4b941a1510eef2620b2c166513788bd88ef72341333b6d0a859bacd3c?s=96&d=mm&r=g\",\"url\":\"https:\\\/\\\/secure.gravatar.com\\\/avatar\\\/dc55d3f4b941a1510eef2620b2c166513788bd88ef72341333b6d0a859bacd3c?s=96&d=mm&r=g\",\"contentUrl\":\"https:\\\/\\\/secure.gravatar.com\\\/avatar\\\/dc55d3f4b941a1510eef2620b2c166513788bd88ef72341333b6d0a859bacd3c?s=96&d=mm&r=g\",\"caption\":\"admin\"},\"sameAs\":[\"https:\\\/\\\/www.europa-prefabri.com\",\"https:\\\/\\\/x.com\\\/@EuropaPrefabri\"]}]}<\/script>\n<!-- \/ Yoast SEO plugin. -->","yoast_head_json":{"title":"Abris parking pour la station AVE \u00e0 Elche | ET Europa","description":"Nous venons de d\u00e9velopper un projet de pr\u00e8s que 100 abris parking pour la gare de train AVE \u00e0 Elche avec notre mod\u00e8le Europa","robots":{"index":"index","follow":"follow","max-snippet":"max-snippet:-1","max-image-preview":"max-image-preview:large","max-video-preview":"max-video-preview:-1"},"canonical":"https:\/\/www.europa-prefabri.com\/fr\/abris-parking-pour-la-station-ave-elche\/","og_locale":"fr_FR","og_type":"article","og_title":"Abris parking pour la station AVE \u00e0 Elche | ET Europa","og_description":"Nous venons de d\u00e9velopper un projet de pr\u00e8s que 100 abris parking pour la gare de train AVE \u00e0 Elche avec notre mod\u00e8le Europa","og_url":"https:\/\/www.europa-prefabri.com\/fr\/abris-parking-pour-la-station-ave-elche\/","og_site_name":"Europa Prefabri | Alquiler y venta de construcciones modulares","article_publisher":"https:\/\/www.facebook.com\/Europa-Prefabri-258328977572213\/","article_published_time":"2017-09-01T11:26:46+00:00","article_modified_time":"2025-01-31T12:04:31+00:00","og_image":[{"width":800,"height":600,"url":"https:\/\/www.europa-prefabri.com\/wp-content\/uploads\/marquesinas-de-aparcamiento-para-la-estacion-del-ave-de-elche-05-1.jpg","type":"image\/jpeg"}],"author":"admin","twitter_card":"summary_large_image","twitter_creator":"@EuropaPrefabri","twitter_site":"@EuropaPrefabri","twitter_misc":{"Written by":"admin","Est. reading time":"8 minutes"},"schema":{"@context":"https:\/\/schema.org","@graph":[{"@type":"Article","@id":"https:\/\/www.europa-prefabri.com\/fr\/abris-parking-pour-la-station-ave-elche\/#article","isPartOf":{"@id":"https:\/\/www.europa-prefabri.com\/fr\/abris-parking-pour-la-station-ave-elche\/"},"author":{"name":"admin","@id":"https:\/\/www.europa-prefabri.com\/#\/schema\/person\/2ab6be5821a7026cd8f16d2a9411e86e"},"headline":"Abris parking pour la station AVE \u00e0 Elche | ET Europa","datePublished":"2017-09-01T11:26:46+00:00","dateModified":"2025-01-31T12:04:31+00:00","mainEntityOfPage":{"@id":"https:\/\/www.europa-prefabri.com\/fr\/abris-parking-pour-la-station-ave-elche\/"},"wordCount":1232,"publisher":{"@id":"https:\/\/www.europa-prefabri.com\/#organization"},"image":{"@id":"https:\/\/www.europa-prefabri.com\/fr\/abris-parking-pour-la-station-ave-elche\/#primaryimage"},"thumbnailUrl":"https:\/\/www.europa-prefabri.com\/wp-content\/uploads\/marquesinas-de-aparcamiento-para-la-estacion-del-ave-de-elche-05-1.jpg","keywords":["abris de parking","abris de parking"],"articleSection":["Noticias"],"inLanguage":"fr-FR"},{"@type":"WebPage","@id":"https:\/\/www.europa-prefabri.com\/fr\/abris-parking-pour-la-station-ave-elche\/","url":"https:\/\/www.europa-prefabri.com\/fr\/abris-parking-pour-la-station-ave-elche\/","name":"Abris parking pour la station AVE \u00e0 Elche | ET Europa","isPartOf":{"@id":"https:\/\/www.europa-prefabri.com\/#website"},"primaryImageOfPage":{"@id":"https:\/\/www.europa-prefabri.com\/fr\/abris-parking-pour-la-station-ave-elche\/#primaryimage"},"image":{"@id":"https:\/\/www.europa-prefabri.com\/fr\/abris-parking-pour-la-station-ave-elche\/#primaryimage"},"thumbnailUrl":"https:\/\/www.europa-prefabri.com\/wp-content\/uploads\/marquesinas-de-aparcamiento-para-la-estacion-del-ave-de-elche-05-1.jpg","datePublished":"2017-09-01T11:26:46+00:00","dateModified":"2025-01-31T12:04:31+00:00","description":"Nous venons de d\u00e9velopper un projet de pr\u00e8s que 100 abris parking pour la gare de train AVE \u00e0 Elche avec notre mod\u00e8le Europa","breadcrumb":{"@id":"https:\/\/www.europa-prefabri.com\/fr\/abris-parking-pour-la-station-ave-elche\/#breadcrumb"},"inLanguage":"fr-FR","potentialAction":[{"@type":"ReadAction","target":["https:\/\/www.europa-prefabri.com\/fr\/abris-parking-pour-la-station-ave-elche\/"]}]},{"@type":"ImageObject","inLanguage":"fr-FR","@id":"https:\/\/www.europa-prefabri.com\/fr\/abris-parking-pour-la-station-ave-elche\/#primaryimage","url":"https:\/\/www.europa-prefabri.com\/wp-content\/uploads\/marquesinas-de-aparcamiento-para-la-estacion-del-ave-de-elche-05-1.jpg","contentUrl":"https:\/\/www.europa-prefabri.com\/wp-content\/uploads\/marquesinas-de-aparcamiento-para-la-estacion-del-ave-de-elche-05-1.jpg","width":800,"height":600},{"@type":"BreadcrumbList","@id":"https:\/\/www.europa-prefabri.com\/fr\/abris-parking-pour-la-station-ave-elche\/#breadcrumb","itemListElement":[{"@type":"ListItem","position":1,"name":"Portada","item":"https:\/\/www.europa-prefabri.com\/fr\/"},{"@type":"ListItem","position":2,"name":"Abris parking pour la station AVE \u00e0 Elche | ET Europa"}]},{"@type":"WebSite","@id":"https:\/\/www.europa-prefabri.com\/#website","url":"https:\/\/www.europa-prefabri.com\/","name":"Europa Prefabri | Alquiler y venta de construcciones modulares","description":"Alquiler y venta de construcciones modulares, casetas de obra, marquesinas de aparcamiento y vallas y cerramientos.","publisher":{"@id":"https:\/\/www.europa-prefabri.com\/#organization"},"potentialAction":[{"@type":"SearchAction","target":{"@type":"EntryPoint","urlTemplate":"https:\/\/www.europa-prefabri.com\/?s={search_term_string}"},"query-input":{"@type":"PropertyValueSpecification","valueRequired":true,"valueName":"search_term_string"}}],"inLanguage":"fr-FR"},{"@type":"Organization","@id":"https:\/\/www.europa-prefabri.com\/#organization","name":"Prefabri S.L.","url":"https:\/\/www.europa-prefabri.com\/","logo":{"@type":"ImageObject","inLanguage":"fr-FR","@id":"https:\/\/www.europa-prefabri.com\/#\/schema\/logo\/image\/","url":"https:\/\/www.europa-prefabri.com\/wp-content\/uploads\/EuropaPrefabri-Logo.jpg","contentUrl":"https:\/\/www.europa-prefabri.com\/wp-content\/uploads\/EuropaPrefabri-Logo.jpg","width":752,"height":348,"caption":"Prefabri S.L."},"image":{"@id":"https:\/\/www.europa-prefabri.com\/#\/schema\/logo\/image\/"},"sameAs":["https:\/\/www.facebook.com\/Europa-Prefabri-258328977572213\/","https:\/\/x.com\/EuropaPrefabri","https:\/\/www.instagram.com\/europaprefabri\/","https:\/\/es.linkedin.com\/company\/europa-prefabri","https:\/\/es.pinterest.com\/europaprefabri\/","https:\/\/www.youtube.com\/user\/PrefabriSL"]},{"@type":"Person","@id":"https:\/\/www.europa-prefabri.com\/#\/schema\/person\/2ab6be5821a7026cd8f16d2a9411e86e","name":"admin","image":{"@type":"ImageObject","inLanguage":"fr-FR","@id":"https:\/\/secure.gravatar.com\/avatar\/dc55d3f4b941a1510eef2620b2c166513788bd88ef72341333b6d0a859bacd3c?s=96&d=mm&r=g","url":"https:\/\/secure.gravatar.com\/avatar\/dc55d3f4b941a1510eef2620b2c166513788bd88ef72341333b6d0a859bacd3c?s=96&d=mm&r=g","contentUrl":"https:\/\/secure.gravatar.com\/avatar\/dc55d3f4b941a1510eef2620b2c166513788bd88ef72341333b6d0a859bacd3c?s=96&d=mm&r=g","caption":"admin"},"sameAs":["https:\/\/www.europa-prefabri.com","https:\/\/x.com\/@EuropaPrefabri"]}]}},"_links":{"self":[{"href":"https:\/\/www.europa-prefabri.com\/fr\/wp-json\/wp\/v2\/posts\/18438","targetHints":{"allow":["GET"]}}],"collection":[{"href":"https:\/\/www.europa-prefabri.com\/fr\/wp-json\/wp\/v2\/posts"}],"about":[{"href":"https:\/\/www.europa-prefabri.com\/fr\/wp-json\/wp\/v2\/types\/post"}],"author":[{"embeddable":true,"href":"https:\/\/www.europa-prefabri.com\/fr\/wp-json\/wp\/v2\/users\/4"}],"replies":[{"embeddable":true,"href":"https:\/\/www.europa-prefabri.com\/fr\/wp-json\/wp\/v2\/comments?post=18438"}],"version-history":[{"count":2,"href":"https:\/\/www.europa-prefabri.com\/fr\/wp-json\/wp\/v2\/posts\/18438\/revisions"}],"predecessor-version":[{"id":35872,"href":"https:\/\/www.europa-prefabri.com\/fr\/wp-json\/wp\/v2\/posts\/18438\/revisions\/35872"}],"wp:featuredmedia":[{"embeddable":true,"href":"https:\/\/www.europa-prefabri.com\/fr\/wp-json\/wp\/v2\/media\/18079"}],"wp:attachment":[{"href":"https:\/\/www.europa-prefabri.com\/fr\/wp-json\/wp\/v2\/media?parent=18438"}],"wp:term":[{"taxonomy":"category","embeddable":true,"href":"https:\/\/www.europa-prefabri.com\/fr\/wp-json\/wp\/v2\/categories?post=18438"},{"taxonomy":"post_tag","embeddable":true,"href":"https:\/\/www.europa-prefabri.com\/fr\/wp-json\/wp\/v2\/tags?post=18438"}],"curies":[{"name":"wp","href":"https:\/\/api.w.org\/{rel}","templated":true}]}}