{"id":18004,"date":"2017-04-18T10:54:33","date_gmt":"2017-04-18T10:54:33","guid":{"rendered":"http:\/\/www.europa-prefabri.com\/casas-prefabricadas-en-paraguay\/"},"modified":"2025-01-31T13:27:54","modified_gmt":"2025-01-31T12:27:54","slug":"maisons-prefabriquees-paraguay","status":"publish","type":"post","link":"https:\/\/www.europa-prefabri.com\/fr\/maisons-prefabriquees-paraguay\/","title":{"rendered":"Maisons pr\u00e9fabriqu\u00e9es dans la capitale du Paraguay | Prefabri-Steel"},"content":{"rendered":"\n<p>La construction d\u2019une des premi\u00e8res maisons pr\u00e9fabriqu\u00e9es au Paraguay vient de se terminer, cette construction correspond \u00e0 une offre de logements sociaux dans la municipalit\u00e9 de Limpias, pr\u00e8s de la ville d\u2019Asunci\u00f3n, qui est la capitale de la R\u00e9publique du Paraguay.<\/p>\n<p>Cette offre s\u2019est fait par le biais d\u2019un r\u00e9gime de promotion r\u00e9alis\u00e9 par l\u2019entreprise GAPA avec Mme. Paola Flecha en tant qu\u2019architecte.<\/p>\n<p>Chaque maison pr\u00e9fabriqu\u00e9e \u00a0au Paraguay a une superficie de 42m<sup>2\u00a0 <\/sup>et comptent deux chambres ou dortoirs, une salle de bain, une salle \u00e0 manger, une cuisine, une v\u00e9randa, une buanderie ext\u00e9rieure et une place de parking. \u00a0Le syst\u00e8me de construction a \u00e9t\u00e9 r\u00e9alis\u00e9 gr\u00e2ce \u00e0 la technologie Bidimensionnelle 2D selon le Panel Type 3 de Prefabri Steel avec le syst\u00e8me \u00ab\u00a0Light Concrete\u00a0\u00bb (b\u00e9ton all\u00e9g\u00e9), sur les murs ext\u00e9rieurs comme int\u00e9rieurs, y compris avec une feuille d\u2019isolation thermique plac\u00e9e sous la t\u00f4le de couverture.<\/p>\n<p>Le montage a \u00e9t\u00e9 r\u00e9alis\u00e9 en 5 jours par des travailleurs locaux, supervis\u00e9s par un architecte de Prefabri Steel qui a fait le d\u00e9placement depuis l\u2019Espagne. Les \u00e9quipes de montage finalisent les logements suivants en construisant une maison pr\u00e9fabriqu\u00e9e par jour. L\u2019\u00e9quipe \u00e9tait compos\u00e9e de 6 travailleurs, qui ont termin\u00e9 le logement en \u00e0 peu pr\u00e8s 240 heures, ce qui \u00e9quivaut \u00e0 moins de 6 heures pour chaque m\u00e8tre carr\u00e9 du logement.<\/p>\n<p>&nbsp;<\/p>\n<p>Avant l\u2019arriv\u00e9e des conteneurs avec nos panneaux et les autres pi\u00e8ces, l\u2019entreprise GAPA avait d\u00e9j\u00e0 r\u00e9alis\u00e9 la dalle des fondations, en accord avec les plans r\u00e9alis\u00e9s en coordination avec les techniciens de Prefabri Steel et l\u2019architecte locale.<\/p>\n<p>&nbsp;<\/p>\n<p>Sur les photos vous pouvez observer :<\/p>\n<ul>\n<li>Le montage des piliers de t\u00f4le galvanis\u00e9e sur la dalle de fondation et les goutti\u00e8res qui servent de guide et d\u2019ancrage aux murs ext\u00e9rieurs et int\u00e9rieurs.<\/li>\n<li>L\u2019apposition des murs ext\u00e9rieurs et de la couverture.<\/li>\n<li>Le processus de dallage des murs, avec la fixation des conduits d\u2019installation d\u2019eau et d\u2019\u00e9lectricit\u00e9.<\/li>\n<li>L\u2019aspect ext\u00e9rieur du logement, avec son dallage et avant la peinture ext\u00e9rieur.<\/li>\n<li>L\u2019aspect int\u00e9rieur d\u2019une chambre avant la peinture finale, avec le plafond ou faux plafond d\u00e9j\u00e0 appos\u00e9.<\/li>\n<li>L\u2019aspect de la chambre pendant la peinture<\/li>\n<li>Maison pr\u00e9fabriqu\u00e9e termin\u00e9e<\/li>\n<\/ul>\n","protected":false},"excerpt":{"rendered":"<p>La construction d\u2019une des premi\u00e8res maisons pr\u00e9fabriqu\u00e9es au Paraguay vient de se terminer, cette construction correspond \u00e0 une offre de logements sociaux dans la municipalit\u00e9 de Limpias, pr\u00e8s de la ville d\u2019Asunci\u00f3n, qui est la capitale de la R\u00e9publique du Paraguay. Cette offre s\u2019est fait par le biais d\u2019un r\u00e9gime de promotion r\u00e9alis\u00e9 par l\u2019entreprise [&hellip;]<\/p>\n","protected":false},"author":4,"featured_media":17993,"comment_status":"closed","ping_status":"closed","sticky":false,"template":"","format":"gallery","meta":{"footnotes":""},"categories":[58],"tags":[355],"class_list":["post-18004","post","type-post","status-publish","format-gallery","has-post-thumbnail","hentry","category-projets","tag-maisons-prefabriques","post_format-post-format-gallery"],"yoast_head":"<!-- This site is optimized with the Yoast SEO plugin v27.5 - https:\/\/yoast.com\/product\/yoast-seo-wordpress\/ -->\n<title>Maisons pr\u00e9fabriqu\u00e9es dans la capitale du Paraguay | Prefabri-Steel<\/title>\n<meta name=\"description\" content=\"Nouvelle construction de maisons pr\u00e9fabriqu\u00e9es comme logements sociaux dans la capitale du Paraguay, Asunci\u00f3n \u00e0 la demande de l&#039;entreprise GAPA.\" \/>\n<meta name=\"robots\" content=\"index, follow, max-snippet:-1, max-image-preview:large, max-video-preview:-1\" \/>\n<link rel=\"canonical\" href=\"https:\/\/www.europa-prefabri.com\/fr\/maisons-prefabriquees-paraguay\/\" \/>\n<meta property=\"og:locale\" content=\"fr_FR\" \/>\n<meta property=\"og:type\" content=\"article\" \/>\n<meta property=\"og:title\" content=\"Maisons pr\u00e9fabriqu\u00e9es dans la capitale du Paraguay | Prefabri-Steel\" \/>\n<meta property=\"og:description\" content=\"Nouvelle construction de maisons pr\u00e9fabriqu\u00e9es comme logements sociaux dans la capitale du Paraguay, Asunci\u00f3n \u00e0 la demande de l&#039;entreprise GAPA.\" \/>\n<meta property=\"og:url\" content=\"https:\/\/www.europa-prefabri.com\/fr\/maisons-prefabriquees-paraguay\/\" \/>\n<meta property=\"og:site_name\" content=\"Europa Prefabri | Alquiler y venta de construcciones modulares\" \/>\n<meta property=\"article:publisher\" content=\"https:\/\/www.facebook.com\/Europa-Prefabri-258328977572213\/\" \/>\n<meta property=\"article:published_time\" content=\"2017-04-18T10:54:33+00:00\" \/>\n<meta property=\"article:modified_time\" content=\"2025-01-31T12:27:54+00:00\" \/>\n<meta property=\"og:image\" content=\"https:\/\/www.europa-prefabri.com\/wp-content\/uploads\/casas-prefabricadas-en-Paraguay-13.jpg\" \/>\n\t<meta property=\"og:image:width\" content=\"800\" \/>\n\t<meta property=\"og:image:height\" content=\"600\" \/>\n\t<meta property=\"og:image:type\" content=\"image\/jpeg\" \/>\n<meta name=\"author\" content=\"admin\" \/>\n<meta name=\"twitter:card\" content=\"summary_large_image\" \/>\n<meta name=\"twitter:creator\" content=\"@EuropaPrefabri\" \/>\n<meta name=\"twitter:site\" content=\"@EuropaPrefabri\" \/>\n<meta name=\"twitter:label1\" content=\"Written by\" \/>\n\t<meta name=\"twitter:data1\" content=\"admin\" \/>\n\t<meta name=\"twitter:label2\" content=\"Est. reading time\" \/>\n\t<meta name=\"twitter:data2\" content=\"2 minutes\" \/>\n<script type=\"application\/ld+json\" class=\"yoast-schema-graph\">{\"@context\":\"https:\\\/\\\/schema.org\",\"@graph\":[{\"@type\":\"Article\",\"@id\":\"https:\\\/\\\/www.europa-prefabri.com\\\/fr\\\/maisons-prefabriquees-paraguay\\\/#article\",\"isPartOf\":{\"@id\":\"https:\\\/\\\/www.europa-prefabri.com\\\/fr\\\/maisons-prefabriquees-paraguay\\\/\"},\"author\":{\"name\":\"admin\",\"@id\":\"https:\\\/\\\/www.europa-prefabri.com\\\/#\\\/schema\\\/person\\\/2ab6be5821a7026cd8f16d2a9411e86e\"},\"headline\":\"Maisons pr\u00e9fabriqu\u00e9es dans la capitale du Paraguay | Prefabri-Steel\",\"datePublished\":\"2017-04-18T10:54:33+00:00\",\"dateModified\":\"2025-01-31T12:27:54+00:00\",\"mainEntityOfPage\":{\"@id\":\"https:\\\/\\\/www.europa-prefabri.com\\\/fr\\\/maisons-prefabriquees-paraguay\\\/\"},\"wordCount\":423,\"publisher\":{\"@id\":\"https:\\\/\\\/www.europa-prefabri.com\\\/#organization\"},\"image\":{\"@id\":\"https:\\\/\\\/www.europa-prefabri.com\\\/fr\\\/maisons-prefabriquees-paraguay\\\/#primaryimage\"},\"thumbnailUrl\":\"https:\\\/\\\/www.europa-prefabri.com\\\/wp-content\\\/uploads\\\/casas-prefabricadas-en-Paraguay-13.jpg\",\"keywords\":[\"maisons pr\u00e9fabriqu\u00e9s\"],\"articleSection\":[\"Projets\"],\"inLanguage\":\"fr-FR\"},{\"@type\":\"WebPage\",\"@id\":\"https:\\\/\\\/www.europa-prefabri.com\\\/fr\\\/maisons-prefabriquees-paraguay\\\/\",\"url\":\"https:\\\/\\\/www.europa-prefabri.com\\\/fr\\\/maisons-prefabriquees-paraguay\\\/\",\"name\":\"Maisons pr\u00e9fabriqu\u00e9es dans la capitale du Paraguay | Prefabri-Steel\",\"isPartOf\":{\"@id\":\"https:\\\/\\\/www.europa-prefabri.com\\\/#website\"},\"primaryImageOfPage\":{\"@id\":\"https:\\\/\\\/www.europa-prefabri.com\\\/fr\\\/maisons-prefabriquees-paraguay\\\/#primaryimage\"},\"image\":{\"@id\":\"https:\\\/\\\/www.europa-prefabri.com\\\/fr\\\/maisons-prefabriquees-paraguay\\\/#primaryimage\"},\"thumbnailUrl\":\"https:\\\/\\\/www.europa-prefabri.com\\\/wp-content\\\/uploads\\\/casas-prefabricadas-en-Paraguay-13.jpg\",\"datePublished\":\"2017-04-18T10:54:33+00:00\",\"dateModified\":\"2025-01-31T12:27:54+00:00\",\"description\":\"Nouvelle construction de maisons pr\u00e9fabriqu\u00e9es comme logements sociaux dans la capitale du Paraguay, Asunci\u00f3n \u00e0 la demande de l'entreprise GAPA.\",\"breadcrumb\":{\"@id\":\"https:\\\/\\\/www.europa-prefabri.com\\\/fr\\\/maisons-prefabriquees-paraguay\\\/#breadcrumb\"},\"inLanguage\":\"fr-FR\",\"potentialAction\":[{\"@type\":\"ReadAction\",\"target\":[\"https:\\\/\\\/www.europa-prefabri.com\\\/fr\\\/maisons-prefabriquees-paraguay\\\/\"]}]},{\"@type\":\"ImageObject\",\"inLanguage\":\"fr-FR\",\"@id\":\"https:\\\/\\\/www.europa-prefabri.com\\\/fr\\\/maisons-prefabriquees-paraguay\\\/#primaryimage\",\"url\":\"https:\\\/\\\/www.europa-prefabri.com\\\/wp-content\\\/uploads\\\/casas-prefabricadas-en-Paraguay-13.jpg\",\"contentUrl\":\"https:\\\/\\\/www.europa-prefabri.com\\\/wp-content\\\/uploads\\\/casas-prefabricadas-en-Paraguay-13.jpg\",\"width\":800,\"height\":600,\"caption\":\"maisons prefabriquees paraguay\"},{\"@type\":\"BreadcrumbList\",\"@id\":\"https:\\\/\\\/www.europa-prefabri.com\\\/fr\\\/maisons-prefabriquees-paraguay\\\/#breadcrumb\",\"itemListElement\":[{\"@type\":\"ListItem\",\"position\":1,\"name\":\"Portada\",\"item\":\"https:\\\/\\\/www.europa-prefabri.com\\\/fr\\\/\"},{\"@type\":\"ListItem\",\"position\":2,\"name\":\"Maisons pr\u00e9fabriqu\u00e9es dans la capitale du Paraguay | Prefabri-Steel\"}]},{\"@type\":\"WebSite\",\"@id\":\"https:\\\/\\\/www.europa-prefabri.com\\\/#website\",\"url\":\"https:\\\/\\\/www.europa-prefabri.com\\\/\",\"name\":\"Europa Prefabri | Alquiler y venta de construcciones modulares\",\"description\":\"Alquiler y venta de construcciones modulares, casetas de obra, marquesinas de aparcamiento y vallas y cerramientos.\",\"publisher\":{\"@id\":\"https:\\\/\\\/www.europa-prefabri.com\\\/#organization\"},\"potentialAction\":[{\"@type\":\"SearchAction\",\"target\":{\"@type\":\"EntryPoint\",\"urlTemplate\":\"https:\\\/\\\/www.europa-prefabri.com\\\/?s={search_term_string}\"},\"query-input\":{\"@type\":\"PropertyValueSpecification\",\"valueRequired\":true,\"valueName\":\"search_term_string\"}}],\"inLanguage\":\"fr-FR\"},{\"@type\":\"Organization\",\"@id\":\"https:\\\/\\\/www.europa-prefabri.com\\\/#organization\",\"name\":\"Prefabri S.L.\",\"url\":\"https:\\\/\\\/www.europa-prefabri.com\\\/\",\"logo\":{\"@type\":\"ImageObject\",\"inLanguage\":\"fr-FR\",\"@id\":\"https:\\\/\\\/www.europa-prefabri.com\\\/#\\\/schema\\\/logo\\\/image\\\/\",\"url\":\"https:\\\/\\\/www.europa-prefabri.com\\\/wp-content\\\/uploads\\\/EuropaPrefabri-Logo.jpg\",\"contentUrl\":\"https:\\\/\\\/www.europa-prefabri.com\\\/wp-content\\\/uploads\\\/EuropaPrefabri-Logo.jpg\",\"width\":752,\"height\":348,\"caption\":\"Prefabri S.L.\"},\"image\":{\"@id\":\"https:\\\/\\\/www.europa-prefabri.com\\\/#\\\/schema\\\/logo\\\/image\\\/\"},\"sameAs\":[\"https:\\\/\\\/www.facebook.com\\\/Europa-Prefabri-258328977572213\\\/\",\"https:\\\/\\\/x.com\\\/EuropaPrefabri\",\"https:\\\/\\\/www.instagram.com\\\/europaprefabri\\\/\",\"https:\\\/\\\/es.linkedin.com\\\/company\\\/europa-prefabri\",\"https:\\\/\\\/es.pinterest.com\\\/europaprefabri\\\/\",\"https:\\\/\\\/www.youtube.com\\\/user\\\/PrefabriSL\"]},{\"@type\":\"Person\",\"@id\":\"https:\\\/\\\/www.europa-prefabri.com\\\/#\\\/schema\\\/person\\\/2ab6be5821a7026cd8f16d2a9411e86e\",\"name\":\"admin\",\"image\":{\"@type\":\"ImageObject\",\"inLanguage\":\"fr-FR\",\"@id\":\"https:\\\/\\\/secure.gravatar.com\\\/avatar\\\/dc55d3f4b941a1510eef2620b2c166513788bd88ef72341333b6d0a859bacd3c?s=96&d=mm&r=g\",\"url\":\"https:\\\/\\\/secure.gravatar.com\\\/avatar\\\/dc55d3f4b941a1510eef2620b2c166513788bd88ef72341333b6d0a859bacd3c?s=96&d=mm&r=g\",\"contentUrl\":\"https:\\\/\\\/secure.gravatar.com\\\/avatar\\\/dc55d3f4b941a1510eef2620b2c166513788bd88ef72341333b6d0a859bacd3c?s=96&d=mm&r=g\",\"caption\":\"admin\"},\"sameAs\":[\"https:\\\/\\\/www.europa-prefabri.com\",\"https:\\\/\\\/x.com\\\/@EuropaPrefabri\"]}]}<\/script>\n<!-- \/ Yoast SEO plugin. -->","yoast_head_json":{"title":"Maisons pr\u00e9fabriqu\u00e9es dans la capitale du Paraguay | Prefabri-Steel","description":"Nouvelle construction de maisons pr\u00e9fabriqu\u00e9es comme logements sociaux dans la capitale du Paraguay, Asunci\u00f3n \u00e0 la demande de l'entreprise GAPA.","robots":{"index":"index","follow":"follow","max-snippet":"max-snippet:-1","max-image-preview":"max-image-preview:large","max-video-preview":"max-video-preview:-1"},"canonical":"https:\/\/www.europa-prefabri.com\/fr\/maisons-prefabriquees-paraguay\/","og_locale":"fr_FR","og_type":"article","og_title":"Maisons pr\u00e9fabriqu\u00e9es dans la capitale du Paraguay | Prefabri-Steel","og_description":"Nouvelle construction de maisons pr\u00e9fabriqu\u00e9es comme logements sociaux dans la capitale du Paraguay, Asunci\u00f3n \u00e0 la demande de l'entreprise GAPA.","og_url":"https:\/\/www.europa-prefabri.com\/fr\/maisons-prefabriquees-paraguay\/","og_site_name":"Europa Prefabri | Alquiler y venta de construcciones modulares","article_publisher":"https:\/\/www.facebook.com\/Europa-Prefabri-258328977572213\/","article_published_time":"2017-04-18T10:54:33+00:00","article_modified_time":"2025-01-31T12:27:54+00:00","og_image":[{"width":800,"height":600,"url":"https:\/\/www.europa-prefabri.com\/wp-content\/uploads\/casas-prefabricadas-en-Paraguay-13.jpg","type":"image\/jpeg"}],"author":"admin","twitter_card":"summary_large_image","twitter_creator":"@EuropaPrefabri","twitter_site":"@EuropaPrefabri","twitter_misc":{"Written by":"admin","Est. reading time":"2 minutes"},"schema":{"@context":"https:\/\/schema.org","@graph":[{"@type":"Article","@id":"https:\/\/www.europa-prefabri.com\/fr\/maisons-prefabriquees-paraguay\/#article","isPartOf":{"@id":"https:\/\/www.europa-prefabri.com\/fr\/maisons-prefabriquees-paraguay\/"},"author":{"name":"admin","@id":"https:\/\/www.europa-prefabri.com\/#\/schema\/person\/2ab6be5821a7026cd8f16d2a9411e86e"},"headline":"Maisons pr\u00e9fabriqu\u00e9es dans la capitale du Paraguay | Prefabri-Steel","datePublished":"2017-04-18T10:54:33+00:00","dateModified":"2025-01-31T12:27:54+00:00","mainEntityOfPage":{"@id":"https:\/\/www.europa-prefabri.com\/fr\/maisons-prefabriquees-paraguay\/"},"wordCount":423,"publisher":{"@id":"https:\/\/www.europa-prefabri.com\/#organization"},"image":{"@id":"https:\/\/www.europa-prefabri.com\/fr\/maisons-prefabriquees-paraguay\/#primaryimage"},"thumbnailUrl":"https:\/\/www.europa-prefabri.com\/wp-content\/uploads\/casas-prefabricadas-en-Paraguay-13.jpg","keywords":["maisons pr\u00e9fabriqu\u00e9s"],"articleSection":["Projets"],"inLanguage":"fr-FR"},{"@type":"WebPage","@id":"https:\/\/www.europa-prefabri.com\/fr\/maisons-prefabriquees-paraguay\/","url":"https:\/\/www.europa-prefabri.com\/fr\/maisons-prefabriquees-paraguay\/","name":"Maisons pr\u00e9fabriqu\u00e9es dans la capitale du Paraguay | Prefabri-Steel","isPartOf":{"@id":"https:\/\/www.europa-prefabri.com\/#website"},"primaryImageOfPage":{"@id":"https:\/\/www.europa-prefabri.com\/fr\/maisons-prefabriquees-paraguay\/#primaryimage"},"image":{"@id":"https:\/\/www.europa-prefabri.com\/fr\/maisons-prefabriquees-paraguay\/#primaryimage"},"thumbnailUrl":"https:\/\/www.europa-prefabri.com\/wp-content\/uploads\/casas-prefabricadas-en-Paraguay-13.jpg","datePublished":"2017-04-18T10:54:33+00:00","dateModified":"2025-01-31T12:27:54+00:00","description":"Nouvelle construction de maisons pr\u00e9fabriqu\u00e9es comme logements sociaux dans la capitale du Paraguay, Asunci\u00f3n \u00e0 la demande de l'entreprise GAPA.","breadcrumb":{"@id":"https:\/\/www.europa-prefabri.com\/fr\/maisons-prefabriquees-paraguay\/#breadcrumb"},"inLanguage":"fr-FR","potentialAction":[{"@type":"ReadAction","target":["https:\/\/www.europa-prefabri.com\/fr\/maisons-prefabriquees-paraguay\/"]}]},{"@type":"ImageObject","inLanguage":"fr-FR","@id":"https:\/\/www.europa-prefabri.com\/fr\/maisons-prefabriquees-paraguay\/#primaryimage","url":"https:\/\/www.europa-prefabri.com\/wp-content\/uploads\/casas-prefabricadas-en-Paraguay-13.jpg","contentUrl":"https:\/\/www.europa-prefabri.com\/wp-content\/uploads\/casas-prefabricadas-en-Paraguay-13.jpg","width":800,"height":600,"caption":"maisons prefabriquees paraguay"},{"@type":"BreadcrumbList","@id":"https:\/\/www.europa-prefabri.com\/fr\/maisons-prefabriquees-paraguay\/#breadcrumb","itemListElement":[{"@type":"ListItem","position":1,"name":"Portada","item":"https:\/\/www.europa-prefabri.com\/fr\/"},{"@type":"ListItem","position":2,"name":"Maisons pr\u00e9fabriqu\u00e9es dans la capitale du Paraguay | Prefabri-Steel"}]},{"@type":"WebSite","@id":"https:\/\/www.europa-prefabri.com\/#website","url":"https:\/\/www.europa-prefabri.com\/","name":"Europa Prefabri | Alquiler y venta de construcciones modulares","description":"Alquiler y venta de construcciones modulares, casetas de obra, marquesinas de aparcamiento y vallas y cerramientos.","publisher":{"@id":"https:\/\/www.europa-prefabri.com\/#organization"},"potentialAction":[{"@type":"SearchAction","target":{"@type":"EntryPoint","urlTemplate":"https:\/\/www.europa-prefabri.com\/?s={search_term_string}"},"query-input":{"@type":"PropertyValueSpecification","valueRequired":true,"valueName":"search_term_string"}}],"inLanguage":"fr-FR"},{"@type":"Organization","@id":"https:\/\/www.europa-prefabri.com\/#organization","name":"Prefabri S.L.","url":"https:\/\/www.europa-prefabri.com\/","logo":{"@type":"ImageObject","inLanguage":"fr-FR","@id":"https:\/\/www.europa-prefabri.com\/#\/schema\/logo\/image\/","url":"https:\/\/www.europa-prefabri.com\/wp-content\/uploads\/EuropaPrefabri-Logo.jpg","contentUrl":"https:\/\/www.europa-prefabri.com\/wp-content\/uploads\/EuropaPrefabri-Logo.jpg","width":752,"height":348,"caption":"Prefabri S.L."},"image":{"@id":"https:\/\/www.europa-prefabri.com\/#\/schema\/logo\/image\/"},"sameAs":["https:\/\/www.facebook.com\/Europa-Prefabri-258328977572213\/","https:\/\/x.com\/EuropaPrefabri","https:\/\/www.instagram.com\/europaprefabri\/","https:\/\/es.linkedin.com\/company\/europa-prefabri","https:\/\/es.pinterest.com\/europaprefabri\/","https:\/\/www.youtube.com\/user\/PrefabriSL"]},{"@type":"Person","@id":"https:\/\/www.europa-prefabri.com\/#\/schema\/person\/2ab6be5821a7026cd8f16d2a9411e86e","name":"admin","image":{"@type":"ImageObject","inLanguage":"fr-FR","@id":"https:\/\/secure.gravatar.com\/avatar\/dc55d3f4b941a1510eef2620b2c166513788bd88ef72341333b6d0a859bacd3c?s=96&d=mm&r=g","url":"https:\/\/secure.gravatar.com\/avatar\/dc55d3f4b941a1510eef2620b2c166513788bd88ef72341333b6d0a859bacd3c?s=96&d=mm&r=g","contentUrl":"https:\/\/secure.gravatar.com\/avatar\/dc55d3f4b941a1510eef2620b2c166513788bd88ef72341333b6d0a859bacd3c?s=96&d=mm&r=g","caption":"admin"},"sameAs":["https:\/\/www.europa-prefabri.com","https:\/\/x.com\/@EuropaPrefabri"]}]}},"_links":{"self":[{"href":"https:\/\/www.europa-prefabri.com\/fr\/wp-json\/wp\/v2\/posts\/18004","targetHints":{"allow":["GET"]}}],"collection":[{"href":"https:\/\/www.europa-prefabri.com\/fr\/wp-json\/wp\/v2\/posts"}],"about":[{"href":"https:\/\/www.europa-prefabri.com\/fr\/wp-json\/wp\/v2\/types\/post"}],"author":[{"embeddable":true,"href":"https:\/\/www.europa-prefabri.com\/fr\/wp-json\/wp\/v2\/users\/4"}],"replies":[{"embeddable":true,"href":"https:\/\/www.europa-prefabri.com\/fr\/wp-json\/wp\/v2\/comments?post=18004"}],"version-history":[{"count":2,"href":"https:\/\/www.europa-prefabri.com\/fr\/wp-json\/wp\/v2\/posts\/18004\/revisions"}],"predecessor-version":[{"id":35962,"href":"https:\/\/www.europa-prefabri.com\/fr\/wp-json\/wp\/v2\/posts\/18004\/revisions\/35962"}],"wp:featuredmedia":[{"embeddable":true,"href":"https:\/\/www.europa-prefabri.com\/fr\/wp-json\/wp\/v2\/media\/17993"}],"wp:attachment":[{"href":"https:\/\/www.europa-prefabri.com\/fr\/wp-json\/wp\/v2\/media?parent=18004"}],"wp:term":[{"taxonomy":"category","embeddable":true,"href":"https:\/\/www.europa-prefabri.com\/fr\/wp-json\/wp\/v2\/categories?post=18004"},{"taxonomy":"post_tag","embeddable":true,"href":"https:\/\/www.europa-prefabri.com\/fr\/wp-json\/wp\/v2\/tags?post=18004"}],"curies":[{"name":"wp","href":"https:\/\/api.w.org\/{rel}","templated":true}]}}