{"id":17780,"date":"2017-08-02T13:46:27","date_gmt":"2017-08-02T11:46:27","guid":{"rendered":"http:\/\/www.europa-prefabri.com\/?p=17780\/"},"modified":"2019-05-31T13:19:23","modified_gmt":"2019-05-31T11:19:23","slug":"nous-participerons-archibat-2017","status":"publish","type":"post","link":"https:\/\/www.europa-prefabri.com\/fr\/nous-participerons-archibat-2017\/","title":{"rendered":"NOUS PARTICIPERONS AU SALON ARCHIBAT 2017 !"},"content":{"rendered":"<p>Nous sommes fiers\u00a0de vous annoncer que notre entreprise participera cette ann\u00e9e au salon ARCHIBAT 2017, qui aura lieu \u00e0 Abidjan (C\u00f4te d&#8217;Ivoire). Nous sommes tr\u00e8s heureux de vous pr\u00e9senter notre entreprise et nos produits dans le plus important salon de la construction d&#8217;Afrique de l&#8217;Ouest.<\/p>\n<h2 style=\"text-align: center;\">Europa Prefabri \u00e0 ARCHIBAT 2017<\/h2>\n<p style=\"text-align: justify;\">Nous serons au Stand 119 du Pavillon Espagnol. Le salon se d\u00e9roulera dans le Parc d&#8217;Exposition d&#8217;Abidjan (Boulevard de l&#8217;a\u00e9roport), pr\u00eat de l&#8217;a\u00e9roport Port Bouet.<\/p>\n<p style=\"text-align: justify;\">Nos objectifs durant le salon sont de promouvoir notre gamme de produits pour diff\u00e9rents types de projet et d&#8217;offrir des solutions de \u00a0construction rapides et durables. Nous serons \u00e0 \u00a0l&#8217;enti\u00e8re disposition des personnes d\u00e9sirant en savoir plus nos meilleurs produits, nous pr\u00e9senter un projet ou pour \u00e9tablir une relation commerciale avec notre entreprise.<\/p>\n<h2 style=\"text-align: center;\">ARCHIBAT 2017<\/h2>\n<p style=\"text-align: justify;\">ARCHIBAT 2017 est un \u00e9v\u00e8nement de r\u00e9f\u00e9rence pour les professionnels de la construction, l&#8217;\u00e9quipement, la d\u00e9coration et le logement en Afrique de l&#8217;Ouest. C&#8217;est un salon r\u00e9serv\u00e9 aussi bien aux professionnels du secteur comme aux particuliers, puisque le principal objectif est de contribuer \u00e0 l&#8217;am\u00e9lioration de la qualit\u00e9 de vie des personnes en offrant \u00a0des solutions innovantes pour les diff\u00e9rentes \u00e9tapes du projet de construction.<\/p>\n<p style=\"text-align: justify;\">Le salon, qui a pr\u00e9sent\u00e9\u00a0sa premi\u00e8re \u00e9dition en 2007, s&#8217;est d\u00e9velopp\u00e9 avec succ\u00e8s de mani\u00e8re bianuelle, en rassemblant\u00a0un grand nombre d&#8217;entreprises et de visiteurs. \u00a0Tous les ans, ce salon offre la possibilit\u00e9 d&#8217;assister \u00e0 des conf\u00e9rences, d&#8217;observer les nouveaut\u00e9s du secteur et de cr\u00e9er de nouvelles relations commerciales internationales. Pour plus d&#8217;informations, cliquez sur ce lien.\u00a0<\/p>\n<p>&nbsp;<\/p>\n<p style=\"text-align: center;\"><span style=\"font-size: 14pt;\"><em>Nous attendons votre visite!<\/em><\/span><\/p>\n<hr \/>\n<p style=\"text-align: center;\">\n<p style=\"text-align: right;\"><img loading=\"lazy\" decoding=\"async\" class=\" wp-image-2489 alignleft\" src=\"https:\/\/www.europa-prefabri.com\/wp-content\/uploads\/logo.png\" alt=\"logo-europa-prefabri\" width=\"175\" height=\"85\" \/><\/p>\n<p style=\"text-align: right;\">Stand 119, Pabell\u00f3n Espa\u00f1ol<\/p>\n<p style=\"text-align: right;\">Parc d\u2019Exposition d\u2019Abidjan<\/p>\n<p style=\"text-align: right;\">Boulevard de l\u2019a\u00e9roport<\/p>\n<p style=\"text-align: center;\"><em>Du 3 au 7 octobre\u00a02017 (de 9.00 a 19.00 h)<\/em><\/p>\n","protected":false},"excerpt":{"rendered":"<p>Nous sommes fiers\u00a0de vous annoncer que notre entreprise participera cette ann\u00e9e au salon ARCHIBAT 2017, qui aura lieu \u00e0 Abidjan (C\u00f4te d&#8217;Ivoire). Nous sommes tr\u00e8s heureux de vous pr\u00e9senter notre entreprise et nos produits dans le plus important salon de la construction d&#8217;Afrique de l&#8217;Ouest. Europa Prefabri \u00e0 ARCHIBAT 2017 Nous serons au Stand 119 [&hellip;]<\/p>\n","protected":false},"author":4,"featured_media":17787,"comment_status":"closed","ping_status":"closed","sticky":false,"template":"","format":"standard","meta":{"footnotes":""},"categories":[42],"tags":[],"class_list":["post-17780","post","type-post","status-publish","format-standard","has-post-thumbnail","hentry","category-noticias"],"yoast_head":"<!-- This site is optimized with the Yoast SEO plugin v27.5 - https:\/\/yoast.com\/product\/yoast-seo-wordpress\/ -->\n<title>NOUS PARTICIPONS AU SALON ARCHIBAT 2017<\/title>\n<meta name=\"description\" content=\"Nous sommes fiers de vous annoncer que notre entreprise participera cette ann\u00e9e au salon ARCHIBAT 2017,qui aura lieu \u00e0 Abidjan (C\u00f4te d&#039;Ivoire)\" \/>\n<meta name=\"robots\" content=\"index, follow, max-snippet:-1, max-image-preview:large, max-video-preview:-1\" \/>\n<link rel=\"canonical\" href=\"https:\/\/www.europa-prefabri.com\/fr\/nous-participerons-archibat-2017\/\" \/>\n<meta property=\"og:locale\" content=\"fr_FR\" \/>\n<meta property=\"og:type\" content=\"article\" \/>\n<meta property=\"og:title\" content=\"NOUS PARTICIPONS AU SALON ARCHIBAT 2017\" \/>\n<meta property=\"og:description\" content=\"Nous sommes fiers de vous annoncer que notre entreprise participera cette ann\u00e9e au salon ARCHIBAT 2017,qui aura lieu \u00e0 Abidjan (C\u00f4te d&#039;Ivoire)\" \/>\n<meta property=\"og:url\" content=\"https:\/\/www.europa-prefabri.com\/fr\/nous-participerons-archibat-2017\/\" \/>\n<meta property=\"og:site_name\" content=\"Europa Prefabri | Alquiler y venta de construcciones modulares\" \/>\n<meta property=\"article:publisher\" content=\"https:\/\/www.facebook.com\/Europa-Prefabri-258328977572213\/\" \/>\n<meta property=\"article:published_time\" content=\"2017-08-02T11:46:27+00:00\" \/>\n<meta property=\"article:modified_time\" content=\"2019-05-31T11:19:23+00:00\" \/>\n<meta property=\"og:image\" content=\"https:\/\/www.europa-prefabri.com\/wp-content\/uploads\/logo-2-archibat-2017.jpg\" \/>\n\t<meta property=\"og:image:width\" content=\"600\" \/>\n\t<meta property=\"og:image:height\" content=\"105\" \/>\n\t<meta property=\"og:image:type\" content=\"image\/jpeg\" \/>\n<meta name=\"author\" content=\"admin\" \/>\n<meta name=\"twitter:card\" content=\"summary_large_image\" \/>\n<meta name=\"twitter:creator\" content=\"@EuropaPrefabri\" \/>\n<meta name=\"twitter:site\" content=\"@EuropaPrefabri\" \/>\n<meta name=\"twitter:label1\" content=\"Written by\" \/>\n\t<meta name=\"twitter:data1\" content=\"admin\" \/>\n\t<meta name=\"twitter:label2\" content=\"Est. reading time\" \/>\n\t<meta name=\"twitter:data2\" content=\"1 minute\" \/>\n<script type=\"application\/ld+json\" class=\"yoast-schema-graph\">{\"@context\":\"https:\\\/\\\/schema.org\",\"@graph\":[{\"@type\":\"Article\",\"@id\":\"https:\\\/\\\/www.europa-prefabri.com\\\/fr\\\/nous-participerons-archibat-2017\\\/#article\",\"isPartOf\":{\"@id\":\"https:\\\/\\\/www.europa-prefabri.com\\\/fr\\\/nous-participerons-archibat-2017\\\/\"},\"author\":{\"name\":\"admin\",\"@id\":\"https:\\\/\\\/www.europa-prefabri.com\\\/#\\\/schema\\\/person\\\/2ab6be5821a7026cd8f16d2a9411e86e\"},\"headline\":\"NOUS PARTICIPERONS AU SALON ARCHIBAT 2017 !\",\"datePublished\":\"2017-08-02T11:46:27+00:00\",\"dateModified\":\"2019-05-31T11:19:23+00:00\",\"mainEntityOfPage\":{\"@id\":\"https:\\\/\\\/www.europa-prefabri.com\\\/fr\\\/nous-participerons-archibat-2017\\\/\"},\"wordCount\":302,\"publisher\":{\"@id\":\"https:\\\/\\\/www.europa-prefabri.com\\\/#organization\"},\"image\":{\"@id\":\"https:\\\/\\\/www.europa-prefabri.com\\\/fr\\\/nous-participerons-archibat-2017\\\/#primaryimage\"},\"thumbnailUrl\":\"https:\\\/\\\/www.europa-prefabri.com\\\/wp-content\\\/uploads\\\/logo-2-archibat-2017.jpg\",\"articleSection\":[\"Noticias\"],\"inLanguage\":\"fr-FR\"},{\"@type\":\"WebPage\",\"@id\":\"https:\\\/\\\/www.europa-prefabri.com\\\/fr\\\/nous-participerons-archibat-2017\\\/\",\"url\":\"https:\\\/\\\/www.europa-prefabri.com\\\/fr\\\/nous-participerons-archibat-2017\\\/\",\"name\":\"NOUS PARTICIPONS AU SALON ARCHIBAT 2017\",\"isPartOf\":{\"@id\":\"https:\\\/\\\/www.europa-prefabri.com\\\/#website\"},\"primaryImageOfPage\":{\"@id\":\"https:\\\/\\\/www.europa-prefabri.com\\\/fr\\\/nous-participerons-archibat-2017\\\/#primaryimage\"},\"image\":{\"@id\":\"https:\\\/\\\/www.europa-prefabri.com\\\/fr\\\/nous-participerons-archibat-2017\\\/#primaryimage\"},\"thumbnailUrl\":\"https:\\\/\\\/www.europa-prefabri.com\\\/wp-content\\\/uploads\\\/logo-2-archibat-2017.jpg\",\"datePublished\":\"2017-08-02T11:46:27+00:00\",\"dateModified\":\"2019-05-31T11:19:23+00:00\",\"description\":\"Nous sommes fiers de vous annoncer que notre entreprise participera cette ann\u00e9e au salon ARCHIBAT 2017,qui aura lieu \u00e0 Abidjan (C\u00f4te d'Ivoire)\",\"breadcrumb\":{\"@id\":\"https:\\\/\\\/www.europa-prefabri.com\\\/fr\\\/nous-participerons-archibat-2017\\\/#breadcrumb\"},\"inLanguage\":\"fr-FR\",\"potentialAction\":[{\"@type\":\"ReadAction\",\"target\":[\"https:\\\/\\\/www.europa-prefabri.com\\\/fr\\\/nous-participerons-archibat-2017\\\/\"]}]},{\"@type\":\"ImageObject\",\"inLanguage\":\"fr-FR\",\"@id\":\"https:\\\/\\\/www.europa-prefabri.com\\\/fr\\\/nous-participerons-archibat-2017\\\/#primaryimage\",\"url\":\"https:\\\/\\\/www.europa-prefabri.com\\\/wp-content\\\/uploads\\\/logo-2-archibat-2017.jpg\",\"contentUrl\":\"https:\\\/\\\/www.europa-prefabri.com\\\/wp-content\\\/uploads\\\/logo-2-archibat-2017.jpg\",\"width\":600,\"height\":105},{\"@type\":\"BreadcrumbList\",\"@id\":\"https:\\\/\\\/www.europa-prefabri.com\\\/fr\\\/nous-participerons-archibat-2017\\\/#breadcrumb\",\"itemListElement\":[{\"@type\":\"ListItem\",\"position\":1,\"name\":\"Portada\",\"item\":\"https:\\\/\\\/www.europa-prefabri.com\\\/fr\\\/\"},{\"@type\":\"ListItem\",\"position\":2,\"name\":\"NOUS PARTICIPERONS AU SALON ARCHIBAT 2017 !\"}]},{\"@type\":\"WebSite\",\"@id\":\"https:\\\/\\\/www.europa-prefabri.com\\\/#website\",\"url\":\"https:\\\/\\\/www.europa-prefabri.com\\\/\",\"name\":\"Europa Prefabri | Alquiler y venta de construcciones modulares\",\"description\":\"Alquiler y venta de construcciones modulares, casetas de obra, marquesinas de aparcamiento y vallas y cerramientos.\",\"publisher\":{\"@id\":\"https:\\\/\\\/www.europa-prefabri.com\\\/#organization\"},\"potentialAction\":[{\"@type\":\"SearchAction\",\"target\":{\"@type\":\"EntryPoint\",\"urlTemplate\":\"https:\\\/\\\/www.europa-prefabri.com\\\/?s={search_term_string}\"},\"query-input\":{\"@type\":\"PropertyValueSpecification\",\"valueRequired\":true,\"valueName\":\"search_term_string\"}}],\"inLanguage\":\"fr-FR\"},{\"@type\":\"Organization\",\"@id\":\"https:\\\/\\\/www.europa-prefabri.com\\\/#organization\",\"name\":\"Prefabri S.L.\",\"url\":\"https:\\\/\\\/www.europa-prefabri.com\\\/\",\"logo\":{\"@type\":\"ImageObject\",\"inLanguage\":\"fr-FR\",\"@id\":\"https:\\\/\\\/www.europa-prefabri.com\\\/#\\\/schema\\\/logo\\\/image\\\/\",\"url\":\"https:\\\/\\\/www.europa-prefabri.com\\\/wp-content\\\/uploads\\\/EuropaPrefabri-Logo.jpg\",\"contentUrl\":\"https:\\\/\\\/www.europa-prefabri.com\\\/wp-content\\\/uploads\\\/EuropaPrefabri-Logo.jpg\",\"width\":752,\"height\":348,\"caption\":\"Prefabri S.L.\"},\"image\":{\"@id\":\"https:\\\/\\\/www.europa-prefabri.com\\\/#\\\/schema\\\/logo\\\/image\\\/\"},\"sameAs\":[\"https:\\\/\\\/www.facebook.com\\\/Europa-Prefabri-258328977572213\\\/\",\"https:\\\/\\\/x.com\\\/EuropaPrefabri\",\"https:\\\/\\\/www.instagram.com\\\/europaprefabri\\\/\",\"https:\\\/\\\/es.linkedin.com\\\/company\\\/europa-prefabri\",\"https:\\\/\\\/es.pinterest.com\\\/europaprefabri\\\/\",\"https:\\\/\\\/www.youtube.com\\\/user\\\/PrefabriSL\"]},{\"@type\":\"Person\",\"@id\":\"https:\\\/\\\/www.europa-prefabri.com\\\/#\\\/schema\\\/person\\\/2ab6be5821a7026cd8f16d2a9411e86e\",\"name\":\"admin\",\"image\":{\"@type\":\"ImageObject\",\"inLanguage\":\"fr-FR\",\"@id\":\"https:\\\/\\\/secure.gravatar.com\\\/avatar\\\/dc55d3f4b941a1510eef2620b2c166513788bd88ef72341333b6d0a859bacd3c?s=96&d=mm&r=g\",\"url\":\"https:\\\/\\\/secure.gravatar.com\\\/avatar\\\/dc55d3f4b941a1510eef2620b2c166513788bd88ef72341333b6d0a859bacd3c?s=96&d=mm&r=g\",\"contentUrl\":\"https:\\\/\\\/secure.gravatar.com\\\/avatar\\\/dc55d3f4b941a1510eef2620b2c166513788bd88ef72341333b6d0a859bacd3c?s=96&d=mm&r=g\",\"caption\":\"admin\"},\"sameAs\":[\"https:\\\/\\\/www.europa-prefabri.com\",\"https:\\\/\\\/x.com\\\/@EuropaPrefabri\"]}]}<\/script>\n<!-- \/ Yoast SEO plugin. -->","yoast_head_json":{"title":"NOUS PARTICIPONS AU SALON ARCHIBAT 2017","description":"Nous sommes fiers de vous annoncer que notre entreprise participera cette ann\u00e9e au salon ARCHIBAT 2017,qui aura lieu \u00e0 Abidjan (C\u00f4te d'Ivoire)","robots":{"index":"index","follow":"follow","max-snippet":"max-snippet:-1","max-image-preview":"max-image-preview:large","max-video-preview":"max-video-preview:-1"},"canonical":"https:\/\/www.europa-prefabri.com\/fr\/nous-participerons-archibat-2017\/","og_locale":"fr_FR","og_type":"article","og_title":"NOUS PARTICIPONS AU SALON ARCHIBAT 2017","og_description":"Nous sommes fiers de vous annoncer que notre entreprise participera cette ann\u00e9e au salon ARCHIBAT 2017,qui aura lieu \u00e0 Abidjan (C\u00f4te d'Ivoire)","og_url":"https:\/\/www.europa-prefabri.com\/fr\/nous-participerons-archibat-2017\/","og_site_name":"Europa Prefabri | Alquiler y venta de construcciones modulares","article_publisher":"https:\/\/www.facebook.com\/Europa-Prefabri-258328977572213\/","article_published_time":"2017-08-02T11:46:27+00:00","article_modified_time":"2019-05-31T11:19:23+00:00","og_image":[{"width":600,"height":105,"url":"https:\/\/www.europa-prefabri.com\/wp-content\/uploads\/logo-2-archibat-2017.jpg","type":"image\/jpeg"}],"author":"admin","twitter_card":"summary_large_image","twitter_creator":"@EuropaPrefabri","twitter_site":"@EuropaPrefabri","twitter_misc":{"Written by":"admin","Est. reading time":"1 minute"},"schema":{"@context":"https:\/\/schema.org","@graph":[{"@type":"Article","@id":"https:\/\/www.europa-prefabri.com\/fr\/nous-participerons-archibat-2017\/#article","isPartOf":{"@id":"https:\/\/www.europa-prefabri.com\/fr\/nous-participerons-archibat-2017\/"},"author":{"name":"admin","@id":"https:\/\/www.europa-prefabri.com\/#\/schema\/person\/2ab6be5821a7026cd8f16d2a9411e86e"},"headline":"NOUS PARTICIPERONS AU SALON ARCHIBAT 2017 !","datePublished":"2017-08-02T11:46:27+00:00","dateModified":"2019-05-31T11:19:23+00:00","mainEntityOfPage":{"@id":"https:\/\/www.europa-prefabri.com\/fr\/nous-participerons-archibat-2017\/"},"wordCount":302,"publisher":{"@id":"https:\/\/www.europa-prefabri.com\/#organization"},"image":{"@id":"https:\/\/www.europa-prefabri.com\/fr\/nous-participerons-archibat-2017\/#primaryimage"},"thumbnailUrl":"https:\/\/www.europa-prefabri.com\/wp-content\/uploads\/logo-2-archibat-2017.jpg","articleSection":["Noticias"],"inLanguage":"fr-FR"},{"@type":"WebPage","@id":"https:\/\/www.europa-prefabri.com\/fr\/nous-participerons-archibat-2017\/","url":"https:\/\/www.europa-prefabri.com\/fr\/nous-participerons-archibat-2017\/","name":"NOUS PARTICIPONS AU SALON ARCHIBAT 2017","isPartOf":{"@id":"https:\/\/www.europa-prefabri.com\/#website"},"primaryImageOfPage":{"@id":"https:\/\/www.europa-prefabri.com\/fr\/nous-participerons-archibat-2017\/#primaryimage"},"image":{"@id":"https:\/\/www.europa-prefabri.com\/fr\/nous-participerons-archibat-2017\/#primaryimage"},"thumbnailUrl":"https:\/\/www.europa-prefabri.com\/wp-content\/uploads\/logo-2-archibat-2017.jpg","datePublished":"2017-08-02T11:46:27+00:00","dateModified":"2019-05-31T11:19:23+00:00","description":"Nous sommes fiers de vous annoncer que notre entreprise participera cette ann\u00e9e au salon ARCHIBAT 2017,qui aura lieu \u00e0 Abidjan (C\u00f4te d'Ivoire)","breadcrumb":{"@id":"https:\/\/www.europa-prefabri.com\/fr\/nous-participerons-archibat-2017\/#breadcrumb"},"inLanguage":"fr-FR","potentialAction":[{"@type":"ReadAction","target":["https:\/\/www.europa-prefabri.com\/fr\/nous-participerons-archibat-2017\/"]}]},{"@type":"ImageObject","inLanguage":"fr-FR","@id":"https:\/\/www.europa-prefabri.com\/fr\/nous-participerons-archibat-2017\/#primaryimage","url":"https:\/\/www.europa-prefabri.com\/wp-content\/uploads\/logo-2-archibat-2017.jpg","contentUrl":"https:\/\/www.europa-prefabri.com\/wp-content\/uploads\/logo-2-archibat-2017.jpg","width":600,"height":105},{"@type":"BreadcrumbList","@id":"https:\/\/www.europa-prefabri.com\/fr\/nous-participerons-archibat-2017\/#breadcrumb","itemListElement":[{"@type":"ListItem","position":1,"name":"Portada","item":"https:\/\/www.europa-prefabri.com\/fr\/"},{"@type":"ListItem","position":2,"name":"NOUS PARTICIPERONS AU SALON ARCHIBAT 2017 !"}]},{"@type":"WebSite","@id":"https:\/\/www.europa-prefabri.com\/#website","url":"https:\/\/www.europa-prefabri.com\/","name":"Europa Prefabri | Alquiler y venta de construcciones modulares","description":"Alquiler y venta de construcciones modulares, casetas de obra, marquesinas de aparcamiento y vallas y cerramientos.","publisher":{"@id":"https:\/\/www.europa-prefabri.com\/#organization"},"potentialAction":[{"@type":"SearchAction","target":{"@type":"EntryPoint","urlTemplate":"https:\/\/www.europa-prefabri.com\/?s={search_term_string}"},"query-input":{"@type":"PropertyValueSpecification","valueRequired":true,"valueName":"search_term_string"}}],"inLanguage":"fr-FR"},{"@type":"Organization","@id":"https:\/\/www.europa-prefabri.com\/#organization","name":"Prefabri S.L.","url":"https:\/\/www.europa-prefabri.com\/","logo":{"@type":"ImageObject","inLanguage":"fr-FR","@id":"https:\/\/www.europa-prefabri.com\/#\/schema\/logo\/image\/","url":"https:\/\/www.europa-prefabri.com\/wp-content\/uploads\/EuropaPrefabri-Logo.jpg","contentUrl":"https:\/\/www.europa-prefabri.com\/wp-content\/uploads\/EuropaPrefabri-Logo.jpg","width":752,"height":348,"caption":"Prefabri S.L."},"image":{"@id":"https:\/\/www.europa-prefabri.com\/#\/schema\/logo\/image\/"},"sameAs":["https:\/\/www.facebook.com\/Europa-Prefabri-258328977572213\/","https:\/\/x.com\/EuropaPrefabri","https:\/\/www.instagram.com\/europaprefabri\/","https:\/\/es.linkedin.com\/company\/europa-prefabri","https:\/\/es.pinterest.com\/europaprefabri\/","https:\/\/www.youtube.com\/user\/PrefabriSL"]},{"@type":"Person","@id":"https:\/\/www.europa-prefabri.com\/#\/schema\/person\/2ab6be5821a7026cd8f16d2a9411e86e","name":"admin","image":{"@type":"ImageObject","inLanguage":"fr-FR","@id":"https:\/\/secure.gravatar.com\/avatar\/dc55d3f4b941a1510eef2620b2c166513788bd88ef72341333b6d0a859bacd3c?s=96&d=mm&r=g","url":"https:\/\/secure.gravatar.com\/avatar\/dc55d3f4b941a1510eef2620b2c166513788bd88ef72341333b6d0a859bacd3c?s=96&d=mm&r=g","contentUrl":"https:\/\/secure.gravatar.com\/avatar\/dc55d3f4b941a1510eef2620b2c166513788bd88ef72341333b6d0a859bacd3c?s=96&d=mm&r=g","caption":"admin"},"sameAs":["https:\/\/www.europa-prefabri.com","https:\/\/x.com\/@EuropaPrefabri"]}]}},"_links":{"self":[{"href":"https:\/\/www.europa-prefabri.com\/fr\/wp-json\/wp\/v2\/posts\/17780","targetHints":{"allow":["GET"]}}],"collection":[{"href":"https:\/\/www.europa-prefabri.com\/fr\/wp-json\/wp\/v2\/posts"}],"about":[{"href":"https:\/\/www.europa-prefabri.com\/fr\/wp-json\/wp\/v2\/types\/post"}],"author":[{"embeddable":true,"href":"https:\/\/www.europa-prefabri.com\/fr\/wp-json\/wp\/v2\/users\/4"}],"replies":[{"embeddable":true,"href":"https:\/\/www.europa-prefabri.com\/fr\/wp-json\/wp\/v2\/comments?post=17780"}],"version-history":[{"count":0,"href":"https:\/\/www.europa-prefabri.com\/fr\/wp-json\/wp\/v2\/posts\/17780\/revisions"}],"wp:featuredmedia":[{"embeddable":true,"href":"https:\/\/www.europa-prefabri.com\/fr\/wp-json\/wp\/v2\/media\/17787"}],"wp:attachment":[{"href":"https:\/\/www.europa-prefabri.com\/fr\/wp-json\/wp\/v2\/media?parent=17780"}],"wp:term":[{"taxonomy":"category","embeddable":true,"href":"https:\/\/www.europa-prefabri.com\/fr\/wp-json\/wp\/v2\/categories?post=17780"},{"taxonomy":"post_tag","embeddable":true,"href":"https:\/\/www.europa-prefabri.com\/fr\/wp-json\/wp\/v2\/tags?post=17780"}],"curies":[{"name":"wp","href":"https:\/\/api.w.org\/{rel}","templated":true}]}}