{"id":16872,"date":"2017-06-22T14:38:41","date_gmt":"2017-06-22T12:38:41","guid":{"rendered":"http:\/\/www.europa-prefabri.com\/?p=16872\/"},"modified":"2025-01-31T12:46:07","modified_gmt":"2025-01-31T11:46:07","slug":"abris-avec-couvertures-textiles-repsol","status":"publish","type":"post","link":"https:\/\/www.europa-prefabri.com\/fr\/abris-avec-couvertures-textiles-repsol\/","title":{"rendered":"Abris avec couvertures textiles pour la raffinerie de Repsol \u00e0 Huelva"},"content":{"rendered":"<p style=\"text-align: justify;\">Nous avons r\u00e9alis\u00e9 le montage et le transport d\u2019abris avec couvertures textiles pour la raffinerie de Repsol \u00e0 Huelva, dans la municipalit\u00e9 de Palos de la Frontera.<\/p>\n<h2 style=\"text-align: justify;\">Caract\u00e9ristiques techniques du projet: abris avec couvertures textiles pour la raffinerie de Repsol \u00e0 Huelva<\/h2>\n<h2><img loading=\"lazy\" decoding=\"async\" class=\"alignnone wp-image-16604 size-full\" style=\"font-size: 16px;\" src=\"https:\/\/www.europa-prefabri.com\/wp-content\/uploads\/marquesinas-con-cubiertas-textiles-para-una-gasolinera-en-Huelva-09.jpg\" alt=\"abris avec couvertures\" width=\"800\" height=\"600\" \/><\/h2>\n<div class=\"entry-content\">\n<ul>\n<li style=\"text-align: justify;\">24 places de parking, r\u00e9parties en deux groupes, l\u2019une d\u2019elles simple de 8 places et l\u2019autre double (8+8)<\/li>\n<li style=\"text-align: justify;\">Couvertures en toile tr\u00e8s r\u00e9sistante, imperm\u00e9able et qui bloquent les rayons UVA<\/li>\n<li style=\"text-align: justify;\">Structure peinte<\/li>\n<li style=\"text-align: justify;\">Apposition de supports par le biais de blocs chimiques<\/li>\n<li style=\"text-align: justify;\">Dimensions des places de 5 x 2,50 m\u00e8tres<\/li>\n<\/ul>\n<h2 style=\"text-align: justify;\">Utilisations des abris avec couvertures textiles<\/h2>\n<p><img loading=\"lazy\" decoding=\"async\" class=\"alignnone size-full wp-image-16610\" src=\"https:\/\/www.europa-prefabri.com\/wp-content\/uploads\/marquesina-con-cubierta-textil-para-cubrimiento-de-zonas-de-aspiracion.jpg\" alt=\"marquesina con cubierta textil para cubrimiento de zonas de aspiracion\" width=\"800\" height=\"600\" srcset=\"https:\/\/www.europa-prefabri.com\/wp-content\/uploads\/marquesina-con-cubierta-textil-para-cubrimiento-de-zonas-de-aspiracion.jpg 800w, https:\/\/www.europa-prefabri.com\/wp-content\/uploads\/marquesina-con-cubierta-textil-para-cubrimiento-de-zonas-de-aspiracion-300x225.jpg 300w, https:\/\/www.europa-prefabri.com\/wp-content\/uploads\/marquesina-con-cubierta-textil-para-cubrimiento-de-zonas-de-aspiracion-768x576.jpg 768w, https:\/\/www.europa-prefabri.com\/wp-content\/uploads\/marquesina-con-cubierta-textil-para-cubrimiento-de-zonas-de-aspiracion-705x529.jpg 705w, https:\/\/www.europa-prefabri.com\/wp-content\/uploads\/marquesina-con-cubierta-textil-para-cubrimiento-de-zonas-de-aspiracion-450x338.jpg 450w\" sizes=\"auto, (max-width: 800px) 100vw, 800px\" \/><\/p>\n<p style=\"text-align: justify;\">Les couvertures textiles, qui s\u2019adaptent parfaitement \u00e0 la g\u00e9om\u00e9trie du lieu, sont id\u00e9ales pour couvrir tout type de zone de station essence\u00a0:<\/p>\n<ul style=\"text-align: justify;\">\n<li>zones d\u2019aspiration<\/li>\n<li>lavage des v\u00e9hicules<\/li>\n<li>zones de carburant<\/li>\n<li>parkings et aires de repos<\/li>\n<\/ul>\n<p style=\"text-align: justify;\">En plus des abris avec couvertures textiles, dans le groupe Europa Prefabri nous disposons d&#8217;une ample gamme d&#8217;abris voiture:<\/p>\n<h3 style=\"text-align: justify;\">Notre gamme d&#8217;\u00a0abris avec couvertures m\u00e9tlliques:<\/h3>\n<\/div>\n<h4 style=\"text-align: justify;\">Mod\u00e8le Europa<\/h4>\n<ul>\n<li style=\"text-align: justify;\">Poss\u00e8de une structure em poutre-caisson r\u00e9alis\u00e9e \u00e0 l&#8217;aide de profiles d&#8217;acier pli\u00e9s<\/li>\n<li style=\"text-align: justify;\">C&#8217;est un abri est\u00e9thique, \u00e9conomique, disponible en version simple ou doubles.<\/li>\n<li style=\"text-align: justify;\">De couverture galvanis\u00e9e ou pr\u00e9laqu\u00e9e dans la couleur du choix du client.<\/li>\n<li style=\"text-align: justify;\">S\u00e9curit\u00e9 et qualit\u00e9 maximale des mat\u00e9riaux<\/li>\n<\/ul>\n<h4 style=\"text-align: justify;\">Mod\u00e8le\u00a0IPE<\/h4>\n<p><img loading=\"lazy\" decoding=\"async\" class=\"alignnone size-full wp-image-16153\" src=\"https:\/\/www.europa-prefabri.com\/wp-content\/uploads\/Marquesina-de-parking-modelo-IPE.jpg\" alt=\"Marquesina de parking modelo IPE\" width=\"800\" height=\"600\" srcset=\"https:\/\/www.europa-prefabri.com\/wp-content\/uploads\/Marquesina-de-parking-modelo-IPE.jpg 800w, https:\/\/www.europa-prefabri.com\/wp-content\/uploads\/Marquesina-de-parking-modelo-IPE-300x225.jpg 300w, https:\/\/www.europa-prefabri.com\/wp-content\/uploads\/Marquesina-de-parking-modelo-IPE-768x576.jpg 768w, https:\/\/www.europa-prefabri.com\/wp-content\/uploads\/Marquesina-de-parking-modelo-IPE-705x529.jpg 705w, https:\/\/www.europa-prefabri.com\/wp-content\/uploads\/Marquesina-de-parking-modelo-IPE-450x338.jpg 450w\" sizes=\"auto, (max-width: 800px) 100vw, 800px\" \/><\/p>\n<ul>\n<li style=\"text-align: justify;\">Abri d\u00e9montable r\u00e9alis\u00e9 avec des postres en acier lamin\u00e9 \u00e0 chaud de type IPE.<\/li>\n<li style=\"text-align: justify;\">Robustesse maximale de la structure pour supporter les vents violents et les surcharges de neige.<\/li>\n<li style=\"text-align: justify;\">Diff\u00e9rentes verisons en fonction du type d\u2019acier utilis\u00e9.<\/li>\n<li style=\"text-align: justify;\">Couverture galvanis\u00e9e ou pr\u00e9laqu\u00e9e dans la couleur du choix du client<\/li>\n<li style=\"text-align: justify;\">Structure galvanis\u00e9e \u00e0 chaud sur demande du client<\/li>\n<\/ul>\n<h4 style=\"text-align: justify;\">Mod\u00e8le Ibiza<\/h4>\n<p><img loading=\"lazy\" decoding=\"async\" class=\"alignnone size-full wp-image-16158\" src=\"https:\/\/www.europa-prefabri.com\/wp-content\/uploads\/marquesina-de-aparcamiento-modelo-ibiza.jpg\" alt=\"marquesina de aparcamiento modelo ibiza\" width=\"800\" height=\"600\" srcset=\"https:\/\/www.europa-prefabri.com\/wp-content\/uploads\/marquesina-de-aparcamiento-modelo-ibiza.jpg 800w, https:\/\/www.europa-prefabri.com\/wp-content\/uploads\/marquesina-de-aparcamiento-modelo-ibiza-300x225.jpg 300w, https:\/\/www.europa-prefabri.com\/wp-content\/uploads\/marquesina-de-aparcamiento-modelo-ibiza-768x576.jpg 768w, https:\/\/www.europa-prefabri.com\/wp-content\/uploads\/marquesina-de-aparcamiento-modelo-ibiza-705x529.jpg 705w, https:\/\/www.europa-prefabri.com\/wp-content\/uploads\/marquesina-de-aparcamiento-modelo-ibiza-450x338.jpg 450w\" sizes=\"auto, (max-width: 800px) 100vw, 800px\" \/><\/p>\n<ul>\n<li style=\"text-align: justify;\">Design sp\u00e9cial avec couverture en cintre m\u00e9tallique en forme de losange<\/li>\n<li style=\"text-align: justify;\">Structure galvanis\u00e9e \u00e0 chaud sur demande.<\/li>\n<li style=\"text-align: justify;\">Diff\u00e9rentes versions\u00a0: simples ou doubles.<\/li>\n<li style=\"text-align: justify;\">Couverture galvanis\u00e9e ou pr\u00e9laqu\u00e9e dans la couleur du choix du client.<\/li>\n<li style=\"text-align: justify;\">S\u00e9curit\u00e9 et qualit\u00e9 maximales des mat\u00e9riaux.<\/li>\n<li style=\"text-align: justify;\">Possibilit\u00e9 d\u2019adapter le mod\u00e8le en fonction des besoins.<\/li>\n<\/ul>\n<h3 style=\"text-align: justify;\">Abris avec couvertures en panneau<\/h3>\n<p><img loading=\"lazy\" decoding=\"async\" class=\"alignnone size-full wp-image-12249\" src=\"https:\/\/www.europa-prefabri.com\/wp-content\/uploads\/Marquesinas-de-parking-para-chalets-modelo-cubierta-panel-imitacion-teja.png\" alt=\"marquesinas-de-parking-para-chalets-modelo-cubierta-panel-imitacion-teja\" width=\"800\" height=\"600\" \/><\/p>\n<ul>\n<li style=\"text-align: justify;\">Nous rempla\u00e7ons la t\u00f4le galavanis\u00e9e de couverture par un panneau sandwich pour offrir une meilleure isolation thermique et accoustique.<\/li>\n<li style=\"text-align: justify;\">Solution disponible dans n\u2019importe quel mod\u00e8les d\u2019abris<\/li>\n<li style=\"text-align: justify;\">Diff\u00e9rentes options de panneaux: polyr\u00e9thane, polystyr\u00e8ne et laine de roche<\/li>\n<\/ul>\n<h3 style=\"text-align: justify;\">Abris voiture\u00a0solaire<\/h3>\n<p><img loading=\"lazy\" decoding=\"async\" class=\"alignnone size-full wp-image-12985\" src=\"https:\/\/www.europa-prefabri.com\/wp-content\/uploads\/SOLAR4_800x600.jpg\" alt=\"marquesina fotovoltaica\" width=\"800\" height=\"600\" srcset=\"https:\/\/www.europa-prefabri.com\/wp-content\/uploads\/SOLAR4_800x600.jpg 800w, https:\/\/www.europa-prefabri.com\/wp-content\/uploads\/SOLAR4_800x600-300x225.jpg 300w, https:\/\/www.europa-prefabri.com\/wp-content\/uploads\/SOLAR4_800x600-450x337.jpg 450w\" sizes=\"auto, (max-width: 800px) 100vw, 800px\" \/><\/p>\n<ul>\n<li style=\"text-align: justify;\">En tant qu\u2019entreprise sp\u00e9cialiste dans la fabrication d\u2019abris voiture, nous avons Developer de nombreux mod\u00e8les id\u00e9aux pour supporter l\u2019installation de panneaux photovoltaiques\u00a0 sur la couverture.<\/li>\n<li style=\"text-align: justify;\">Nous offrons depuis la fabrication de l\u2019abri avec nos mod\u00e8les ou celui du client jusqu\u2019a la solution cl\u00e9 en main qui inclut la fourniture et le montage de l\u2019installation photovoltaique.<\/li>\n<li style=\"text-align: justify;\">De plus, nous conseillons notre client pour trouver la solution structurelle et \u00e9nerg\u00e9tique qui s\u2019adapte le mieux \u00e0 son projet.<\/li>\n<li style=\"text-align: justify;\"><span style=\"line-height: 1.5;\">Aussi, il est possible d\u2019incorporer des points de recharges pour les voitures \u00e9lectriques (<\/span><a style=\"line-height: 1.5;\" href=\"\/?p=14327\">fotolineras<\/a><span style=\"line-height: 1.5;\">).<\/span><\/li>\n<\/ul>\n<h3 style=\"text-align: justify;\">Abris avec couvertures mod\u00e8le Ola<\/h3>\n<p><img loading=\"lazy\" decoding=\"async\" class=\"alignnone size-full wp-image-16162\" src=\"https:\/\/www.europa-prefabri.com\/wp-content\/uploads\/marquesina-de-aparcamiento-modelo-ola.jpg\" alt=\"marquesina de aparcamiento modelo ola\" width=\"800\" height=\"600\" srcset=\"https:\/\/www.europa-prefabri.com\/wp-content\/uploads\/marquesina-de-aparcamiento-modelo-ola.jpg 800w, https:\/\/www.europa-prefabri.com\/wp-content\/uploads\/marquesina-de-aparcamiento-modelo-ola-300x225.jpg 300w, https:\/\/www.europa-prefabri.com\/wp-content\/uploads\/marquesina-de-aparcamiento-modelo-ola-768x576.jpg 768w, https:\/\/www.europa-prefabri.com\/wp-content\/uploads\/marquesina-de-aparcamiento-modelo-ola-705x529.jpg 705w, https:\/\/www.europa-prefabri.com\/wp-content\/uploads\/marquesina-de-aparcamiento-modelo-ola-450x338.jpg 450w\" sizes=\"auto, (max-width: 800px) 100vw, 800px\" \/><\/p>\n<ul>\n<li style=\"text-align: justify;\">Design sp\u00e9cial d\u2019abri m\u00e9tallique avec couverture ondul\u00e9e r\u00e9alis\u00e9e \u00e0 l\u2019aide de profils d\u2019acier pli\u00e9s.<\/li>\n<li style=\"text-align: justify;\">Couverture galvanis\u00e9e ou pr\u00e9laqu\u00e9e dans la couleur du choix du client.<\/li>\n<li style=\"text-align: justify;\">Structure galvanis\u00e9e \u00e0 chaud sur demande.<\/li>\n<li style=\"text-align: justify;\">S\u00e9curit\u00e9 et qualit\u00e9 maximale des mat\u00e9riaux.<\/li>\n<li style=\"text-align: justify;\">Possibilit\u00e9 d\u2019adapter le mod\u00e8le en fonction des besoins du client.<\/li>\n<\/ul>\n<h3 style=\"text-align: justify;\">Abris avec couvertures mod\u00e8le Celos\u00eda<\/h3>\n<p><img loading=\"lazy\" decoding=\"async\" class=\"alignnone size-full wp-image-16166\" src=\"https:\/\/www.europa-prefabri.com\/wp-content\/uploads\/Marquesina-de-aparcamiento-modelo-celosia.jpg\" alt=\"Marquesina de aparcamiento modelo celosia\" width=\"800\" height=\"600\" srcset=\"https:\/\/www.europa-prefabri.com\/wp-content\/uploads\/Marquesina-de-aparcamiento-modelo-celosia.jpg 800w, https:\/\/www.europa-prefabri.com\/wp-content\/uploads\/Marquesina-de-aparcamiento-modelo-celosia-300x225.jpg 300w, https:\/\/www.europa-prefabri.com\/wp-content\/uploads\/Marquesina-de-aparcamiento-modelo-celosia-768x576.jpg 768w, https:\/\/www.europa-prefabri.com\/wp-content\/uploads\/Marquesina-de-aparcamiento-modelo-celosia-705x529.jpg 705w, https:\/\/www.europa-prefabri.com\/wp-content\/uploads\/Marquesina-de-aparcamiento-modelo-celosia-450x338.jpg 450w\" sizes=\"auto, (max-width: 800px) 100vw, 800px\" \/><\/p>\n<ul>\n<li style=\"text-align: justify;\">Abri r\u00e9alis\u00e9 \u00e0 partir de profiles soud\u00e9s<\/li>\n<li style=\"text-align: justify;\">Diff\u00e9rentes versions: simples ou doubles.<\/li>\n<li style=\"text-align: justify;\">Couverture galvanis\u00e9e \u00e0 chaud ou pr\u00e9laqu\u00e9e dans la couleur du Choix du client.<\/li>\n<li style=\"text-align: justify;\">Structure galvanis\u00e9e \u00e0 chaud sur demande.<\/li>\n<li style=\"text-align: justify;\">S\u00e9curit\u00e9 et qualit\u00e9 maximales des mat\u00e9riaux.<\/li>\n<li style=\"text-align: justify;\">Possibilit\u00e9 d\u2019adapter le mod\u00e8le en fonction des besoins du client.<\/li>\n<\/ul>\n<h3 style=\"text-align: justify;\">Abris avec couvertures mod\u00e8le Atirantado<\/h3>\n<p><img loading=\"lazy\" decoding=\"async\" class=\"alignnone size-full wp-image-16149\" src=\"https:\/\/www.europa-prefabri.com\/wp-content\/uploads\/Marquesina-de-parking-modelo-atirantado.jpg\" alt=\"Marquesina de parking modelo atirantado\" width=\"800\" height=\"600\" srcset=\"https:\/\/www.europa-prefabri.com\/wp-content\/uploads\/Marquesina-de-parking-modelo-atirantado.jpg 800w, https:\/\/www.europa-prefabri.com\/wp-content\/uploads\/Marquesina-de-parking-modelo-atirantado-300x225.jpg 300w, https:\/\/www.europa-prefabri.com\/wp-content\/uploads\/Marquesina-de-parking-modelo-atirantado-768x576.jpg 768w, https:\/\/www.europa-prefabri.com\/wp-content\/uploads\/Marquesina-de-parking-modelo-atirantado-705x529.jpg 705w, https:\/\/www.europa-prefabri.com\/wp-content\/uploads\/Marquesina-de-parking-modelo-atirantado-450x338.jpg 450w\" sizes=\"auto, (max-width: 800px) 100vw, 800px\" \/><\/p>\n<ul>\n<li style=\"text-align: justify;\">Abri sp\u00e9cial avec un design original r\u00e9alis\u00e9 \u00e0 l\u2019aide de poutre d\u2019acier lamin\u00e9 \u00e0 chaud avec des lames m\u00e9talliques.<\/li>\n<li style=\"text-align: justify;\">Possibilit\u00e9 de cr\u00e9er un pasage pi\u00e9ton avec toit de polycarbonate pour les places doubles.<\/li>\n<li style=\"text-align: justify;\">Couverture glavanis\u00e9e ou pr\u00e9laqu\u00e9e dans la couleur choisie par le client.<\/li>\n<li style=\"text-align: justify;\">Structure galvanis\u00e9e \u00e0 chaud sur demande.<\/li>\n<li style=\"text-align: justify;\">S\u00e9curit\u00e9 et qualit\u00e9 maximale des mat\u00e9riaux.<\/li>\n<li style=\"text-align: justify;\">Possibilit\u00e9 d\u2019adapter le mod\u00e8le en fonction des besoins du client.<\/li>\n<\/ul>\n<h3 style=\"text-align: justify;\"><strong>Service int\u00e9gral d&#8217;abri voituree<\/strong><\/h3>\n<p><img loading=\"lazy\" decoding=\"async\" class=\"alignnone size-full wp-image-16322\" src=\"https:\/\/www.europa-prefabri.com\/wp-content\/uploads\/servicio-integral-de-marquesinas-de-parking.jpg\" alt=\"servicio integral de marquesinas de parking\" width=\"800\" height=\"600\" srcset=\"https:\/\/www.europa-prefabri.com\/wp-content\/uploads\/servicio-integral-de-marquesinas-de-parking.jpg 800w, https:\/\/www.europa-prefabri.com\/wp-content\/uploads\/servicio-integral-de-marquesinas-de-parking-300x225.jpg 300w, https:\/\/www.europa-prefabri.com\/wp-content\/uploads\/servicio-integral-de-marquesinas-de-parking-768x576.jpg 768w, https:\/\/www.europa-prefabri.com\/wp-content\/uploads\/servicio-integral-de-marquesinas-de-parking-705x529.jpg 705w, https:\/\/www.europa-prefabri.com\/wp-content\/uploads\/servicio-integral-de-marquesinas-de-parking-450x338.jpg 450w\" sizes=\"auto, (max-width: 800px) 100vw, 800px\" \/><\/p>\n<p style=\"text-align: justify;\">Nous sommes sp\u00e9cialis\u00e9s dans la fabrication et le montage d&#8217;abris m\u00e9tallique pour parc automobile, nous avons plus de 30 ans d&#8217;exp\u00e9rience dans le secteur.<\/p>\n<p style=\"text-align: justify;\">Por lo tanto realizamos todos los trabajos necesarios para la instalaci\u00f3n del aparcamiento en el lugar designado por el cliente para que no tenga que preocuparse por nada.<\/p>\n<p style=\"text-align: justify;\">Nous offrons un service int\u00e9gral qui va de la fourniture et l&#8217;installation de cabines de surveillance ou barri\u00e8res automatiques jusqu&#8217;aux panneaux de signalisations ou le g\u00e9nie civil.<\/p>\n<p style=\"text-align: justify;\">Nous nous occupons des projets de\u00a0petits parkings jusqu&#8217;aux grands projets dans des a\u00e9roports, gares, grandes entreprises et centre commerciaux.<\/p>\n<p style=\"text-align: justify;\">De plus, nous offrons un services d&#8217;entretien, de remplacement et r\u00e9paration des abris ancien ou d&#8217;\u00e9l\u00e9ments par de nouveaux.<\/p>\n<p style=\"text-align: justify;\">Estructuras Tubulares Europa est notre\u00a0<strong>fournisseur direct<\/strong>. Cependant, le mat\u00e9riel que nous offrons ainsi que les personnes qui les montent, sont parties int\u00e9grantes de notre entreprise et il n&#8217;existe aucune interm\u00e9diation dans les prestations \u00e9tablies. Ceci est fondamentale pour nous car cela nous pemet d&#8217;offrir \u00e0 nos clients un service int\u00e9gral au meilleur prix.<\/p>\n<h3 style=\"text-align: justify;\">Parmis nos projets d&#8217;abris voiture, il y a eu:<\/h3>\n<ul style=\"text-align: justify;\">\n<li>La conception, transport et montage d&#8217;abris voiture pour les d\u00e9p\u00f4t de <a href=\"\/?p=14510\">tram de Ouargla en Alg\u00e9rie<\/a>, dans lequel nous couvrons 161 places disribu\u00e9es en 8 grupos pour v\u00e9hicules standards, 12 places pour les v\u00e9hicules de mobilit\u00e9 r\u00e9duite et\u00a020 places pour motos.<\/li>\n<\/ul>\n<ul style=\"text-align: justify;\">\n<li>La conception, montage et transport \u00a0d&#8217;<a href=\"\/?p=14510\">abris de voiture pour AENA \u00e0 l&#8217;A\u00e9roport de Malaga<\/a>, \u00a0avec\u00a090 places pour voitures avec notre mod\u00e8le d&#8217;abri\u00a0\u00a0\u201cOLA\u201d avec la couverture en mini vague.\u00a0La distribution est de 2 modules simples, le premier pour 59 places et le second pour\u00a031 places. Et le montage de 3\u00a0abris sp\u00e9ciaux\u00a0pour couvrir les barri\u00e8res d&#8217;entr\u00e9e et de sortie du parking,\u00a0al igual que otra marquesina tambi\u00e9n especial para cubrir los cajeros del pago de la estancia en dicho parking.<\/li>\n<\/ul>\n<ul style=\"text-align: justify;\">\n<li>La conception, transport et montage\u00a0<a href=\"\/?p=14463\">d&#8217;abris voiture \u00e0 Mercamadrid<\/a>\u00a0pour le Groupe Unide.<\/li>\n<\/ul>\n<ul style=\"text-align: justify;\">\n<li>La conception, transport et montage d&#8217;abris voiture pour les\u00a0<a href=\"\/?p=14513\">Supermarch\u00e9s E.Leclerc \u00e0 Narbonne en France<\/a>. Ces abris ont \u00e9t\u00e9 totalement galvanis\u00e9s \u00e0 chaud, en \u00e9tant con\u00e7us avec une hauteur sp\u00e9ciale pour les v\u00e9hicules avec portes-bagages et les\u00a0caravanes.<\/li>\n<\/ul>\n<ul style=\"text-align: justify;\">\n<li>La conception, transport et montage d&#8217;abris voiture pour l&#8217;A\u00e9roport de Madrid Barajas pour 1.300 places, dans lequel \u00e0 \u00e9t\u00e9 pr\u00e9cedemment r\u00e9alis\u00e9 le d\u00e9montage de plus de 1.200 places et le nettoyage de la zone\u00a0. Les travaux ont \u00e9t\u00e9 r\u00e9alis\u00e9 en 4 phases, des\u00a0carports \u00e0 toile tendue,\u00a0<a href=\"\/?p=14263\">un abri pour un parking VIP,<\/a>\u00a0<a href=\"\/?p=15784\">un couloir pi\u00e9tonnier<\/a>\u2026<\/li>\n<\/ul>\n<p style=\"text-align: justify;\">Tout le mat\u00e9riel est d\u00e9montable, \u00a0et se monte facilement. Le r\u00e9sulat est un abri propre, esth\u00e9tique et fonctionnel.<\/p>\n","protected":false},"excerpt":{"rendered":"<p>Nous avons r\u00e9alis\u00e9 le montage et le transport d\u2019abris avec couvertures textiles pour la raffinerie de Repsol \u00e0 Huelva, dans la municipalit\u00e9 de Palos de la Frontera. Caract\u00e9ristiques techniques du projet: abris avec couvertures textiles pour la raffinerie de Repsol \u00e0 Huelva 24 places de parking, r\u00e9parties en deux groupes, l\u2019une d\u2019elles simple de 8 [&hellip;]<\/p>\n","protected":false},"author":4,"featured_media":16594,"comment_status":"closed","ping_status":"closed","sticky":false,"template":"","format":"gallery","meta":{"footnotes":""},"categories":[58],"tags":[476,152,258],"class_list":["post-16872","post","type-post","status-publish","format-gallery","has-post-thumbnail","hentry","category-projets","tag-abri-toile-tendue","tag-abris-de-parking","tag-couverture-textile","post_format-post-format-gallery"],"yoast_head":"<!-- This site is optimized with the Yoast SEO plugin v27.5 - https:\/\/yoast.com\/product\/yoast-seo-wordpress\/ -->\n<title>Abris avec couvertures textiles pour la raffinerie de Repsol \u00e0 Huelva<\/title>\n<meta name=\"description\" content=\"Regardez notre dernier projet! Nous avons fabriqu\u00e9 et install\u00e9 des abris avec couvertures textiles pour la raffinerie de Repsol \u00e0 Huelva.\" \/>\n<meta name=\"robots\" content=\"index, follow, max-snippet:-1, max-image-preview:large, max-video-preview:-1\" \/>\n<link rel=\"canonical\" href=\"https:\/\/www.europa-prefabri.com\/fr\/abris-avec-couvertures-textiles-repsol\/\" \/>\n<meta property=\"og:locale\" content=\"fr_FR\" \/>\n<meta property=\"og:type\" content=\"article\" \/>\n<meta property=\"og:title\" content=\"Abris avec couvertures textiles pour la raffinerie de Repsol \u00e0 Huelva\" \/>\n<meta property=\"og:description\" content=\"Regardez notre dernier projet! Nous avons fabriqu\u00e9 et install\u00e9 des abris avec couvertures textiles pour la raffinerie de Repsol \u00e0 Huelva.\" \/>\n<meta property=\"og:url\" content=\"https:\/\/www.europa-prefabri.com\/fr\/abris-avec-couvertures-textiles-repsol\/\" \/>\n<meta property=\"og:site_name\" content=\"Europa Prefabri | Alquiler y venta de construcciones modulares\" \/>\n<meta property=\"article:publisher\" content=\"https:\/\/www.facebook.com\/Europa-Prefabri-258328977572213\/\" \/>\n<meta property=\"article:published_time\" content=\"2017-06-22T12:38:41+00:00\" \/>\n<meta property=\"article:modified_time\" content=\"2025-01-31T11:46:07+00:00\" \/>\n<meta property=\"og:image\" content=\"https:\/\/www.europa-prefabri.com\/wp-content\/uploads\/marquesinas-con-cubiertas-textiles-para-una-gasolinera-en-Huelva-06.jpg\" \/>\n\t<meta property=\"og:image:width\" content=\"800\" \/>\n\t<meta property=\"og:image:height\" content=\"600\" \/>\n\t<meta property=\"og:image:type\" content=\"image\/jpeg\" \/>\n<meta name=\"author\" content=\"admin\" \/>\n<meta name=\"twitter:card\" content=\"summary_large_image\" \/>\n<meta name=\"twitter:creator\" content=\"@EuropaPrefabri\" \/>\n<meta name=\"twitter:site\" content=\"@EuropaPrefabri\" \/>\n<meta name=\"twitter:label1\" content=\"Written by\" \/>\n\t<meta name=\"twitter:data1\" content=\"admin\" \/>\n\t<meta name=\"twitter:label2\" content=\"Est. reading time\" \/>\n\t<meta name=\"twitter:data2\" content=\"7 minutes\" \/>\n<script type=\"application\/ld+json\" class=\"yoast-schema-graph\">{\"@context\":\"https:\\\/\\\/schema.org\",\"@graph\":[{\"@type\":\"Article\",\"@id\":\"https:\\\/\\\/www.europa-prefabri.com\\\/fr\\\/abris-avec-couvertures-textiles-repsol\\\/#article\",\"isPartOf\":{\"@id\":\"https:\\\/\\\/www.europa-prefabri.com\\\/fr\\\/abris-avec-couvertures-textiles-repsol\\\/\"},\"author\":{\"name\":\"admin\",\"@id\":\"https:\\\/\\\/www.europa-prefabri.com\\\/#\\\/schema\\\/person\\\/2ab6be5821a7026cd8f16d2a9411e86e\"},\"headline\":\"Abris avec couvertures textiles pour la raffinerie de Repsol \u00e0 Huelva\",\"datePublished\":\"2017-06-22T12:38:41+00:00\",\"dateModified\":\"2025-01-31T11:46:07+00:00\",\"mainEntityOfPage\":{\"@id\":\"https:\\\/\\\/www.europa-prefabri.com\\\/fr\\\/abris-avec-couvertures-textiles-repsol\\\/\"},\"wordCount\":1186,\"publisher\":{\"@id\":\"https:\\\/\\\/www.europa-prefabri.com\\\/#organization\"},\"image\":{\"@id\":\"https:\\\/\\\/www.europa-prefabri.com\\\/fr\\\/abris-avec-couvertures-textiles-repsol\\\/#primaryimage\"},\"thumbnailUrl\":\"https:\\\/\\\/www.europa-prefabri.com\\\/wp-content\\\/uploads\\\/marquesinas-con-cubiertas-textiles-para-una-gasolinera-en-Huelva-06.jpg\",\"keywords\":[\"abri toile tendue\",\"abris de parking\",\"couverture textile\"],\"articleSection\":[\"Projets\"],\"inLanguage\":\"fr-FR\"},{\"@type\":\"WebPage\",\"@id\":\"https:\\\/\\\/www.europa-prefabri.com\\\/fr\\\/abris-avec-couvertures-textiles-repsol\\\/\",\"url\":\"https:\\\/\\\/www.europa-prefabri.com\\\/fr\\\/abris-avec-couvertures-textiles-repsol\\\/\",\"name\":\"Abris avec couvertures textiles pour la raffinerie de Repsol \u00e0 Huelva\",\"isPartOf\":{\"@id\":\"https:\\\/\\\/www.europa-prefabri.com\\\/#website\"},\"primaryImageOfPage\":{\"@id\":\"https:\\\/\\\/www.europa-prefabri.com\\\/fr\\\/abris-avec-couvertures-textiles-repsol\\\/#primaryimage\"},\"image\":{\"@id\":\"https:\\\/\\\/www.europa-prefabri.com\\\/fr\\\/abris-avec-couvertures-textiles-repsol\\\/#primaryimage\"},\"thumbnailUrl\":\"https:\\\/\\\/www.europa-prefabri.com\\\/wp-content\\\/uploads\\\/marquesinas-con-cubiertas-textiles-para-una-gasolinera-en-Huelva-06.jpg\",\"datePublished\":\"2017-06-22T12:38:41+00:00\",\"dateModified\":\"2025-01-31T11:46:07+00:00\",\"description\":\"Regardez notre dernier projet! Nous avons fabriqu\u00e9 et install\u00e9 des abris avec couvertures textiles pour la raffinerie de Repsol \u00e0 Huelva.\",\"breadcrumb\":{\"@id\":\"https:\\\/\\\/www.europa-prefabri.com\\\/fr\\\/abris-avec-couvertures-textiles-repsol\\\/#breadcrumb\"},\"inLanguage\":\"fr-FR\",\"potentialAction\":[{\"@type\":\"ReadAction\",\"target\":[\"https:\\\/\\\/www.europa-prefabri.com\\\/fr\\\/abris-avec-couvertures-textiles-repsol\\\/\"]}]},{\"@type\":\"ImageObject\",\"inLanguage\":\"fr-FR\",\"@id\":\"https:\\\/\\\/www.europa-prefabri.com\\\/fr\\\/abris-avec-couvertures-textiles-repsol\\\/#primaryimage\",\"url\":\"https:\\\/\\\/www.europa-prefabri.com\\\/wp-content\\\/uploads\\\/marquesinas-con-cubiertas-textiles-para-una-gasolinera-en-Huelva-06.jpg\",\"contentUrl\":\"https:\\\/\\\/www.europa-prefabri.com\\\/wp-content\\\/uploads\\\/marquesinas-con-cubiertas-textiles-para-una-gasolinera-en-Huelva-06.jpg\",\"width\":800,\"height\":600},{\"@type\":\"BreadcrumbList\",\"@id\":\"https:\\\/\\\/www.europa-prefabri.com\\\/fr\\\/abris-avec-couvertures-textiles-repsol\\\/#breadcrumb\",\"itemListElement\":[{\"@type\":\"ListItem\",\"position\":1,\"name\":\"Portada\",\"item\":\"https:\\\/\\\/www.europa-prefabri.com\\\/fr\\\/\"},{\"@type\":\"ListItem\",\"position\":2,\"name\":\"Abris avec couvertures textiles pour la raffinerie de Repsol \u00e0 Huelva\"}]},{\"@type\":\"WebSite\",\"@id\":\"https:\\\/\\\/www.europa-prefabri.com\\\/#website\",\"url\":\"https:\\\/\\\/www.europa-prefabri.com\\\/\",\"name\":\"Europa Prefabri | Alquiler y venta de construcciones modulares\",\"description\":\"Alquiler y venta de construcciones modulares, casetas de obra, marquesinas de aparcamiento y vallas y cerramientos.\",\"publisher\":{\"@id\":\"https:\\\/\\\/www.europa-prefabri.com\\\/#organization\"},\"potentialAction\":[{\"@type\":\"SearchAction\",\"target\":{\"@type\":\"EntryPoint\",\"urlTemplate\":\"https:\\\/\\\/www.europa-prefabri.com\\\/?s={search_term_string}\"},\"query-input\":{\"@type\":\"PropertyValueSpecification\",\"valueRequired\":true,\"valueName\":\"search_term_string\"}}],\"inLanguage\":\"fr-FR\"},{\"@type\":\"Organization\",\"@id\":\"https:\\\/\\\/www.europa-prefabri.com\\\/#organization\",\"name\":\"Prefabri S.L.\",\"url\":\"https:\\\/\\\/www.europa-prefabri.com\\\/\",\"logo\":{\"@type\":\"ImageObject\",\"inLanguage\":\"fr-FR\",\"@id\":\"https:\\\/\\\/www.europa-prefabri.com\\\/#\\\/schema\\\/logo\\\/image\\\/\",\"url\":\"https:\\\/\\\/www.europa-prefabri.com\\\/wp-content\\\/uploads\\\/EuropaPrefabri-Logo.jpg\",\"contentUrl\":\"https:\\\/\\\/www.europa-prefabri.com\\\/wp-content\\\/uploads\\\/EuropaPrefabri-Logo.jpg\",\"width\":752,\"height\":348,\"caption\":\"Prefabri S.L.\"},\"image\":{\"@id\":\"https:\\\/\\\/www.europa-prefabri.com\\\/#\\\/schema\\\/logo\\\/image\\\/\"},\"sameAs\":[\"https:\\\/\\\/www.facebook.com\\\/Europa-Prefabri-258328977572213\\\/\",\"https:\\\/\\\/x.com\\\/EuropaPrefabri\",\"https:\\\/\\\/www.instagram.com\\\/europaprefabri\\\/\",\"https:\\\/\\\/es.linkedin.com\\\/company\\\/europa-prefabri\",\"https:\\\/\\\/es.pinterest.com\\\/europaprefabri\\\/\",\"https:\\\/\\\/www.youtube.com\\\/user\\\/PrefabriSL\"]},{\"@type\":\"Person\",\"@id\":\"https:\\\/\\\/www.europa-prefabri.com\\\/#\\\/schema\\\/person\\\/2ab6be5821a7026cd8f16d2a9411e86e\",\"name\":\"admin\",\"image\":{\"@type\":\"ImageObject\",\"inLanguage\":\"fr-FR\",\"@id\":\"https:\\\/\\\/secure.gravatar.com\\\/avatar\\\/dc55d3f4b941a1510eef2620b2c166513788bd88ef72341333b6d0a859bacd3c?s=96&d=mm&r=g\",\"url\":\"https:\\\/\\\/secure.gravatar.com\\\/avatar\\\/dc55d3f4b941a1510eef2620b2c166513788bd88ef72341333b6d0a859bacd3c?s=96&d=mm&r=g\",\"contentUrl\":\"https:\\\/\\\/secure.gravatar.com\\\/avatar\\\/dc55d3f4b941a1510eef2620b2c166513788bd88ef72341333b6d0a859bacd3c?s=96&d=mm&r=g\",\"caption\":\"admin\"},\"sameAs\":[\"https:\\\/\\\/www.europa-prefabri.com\",\"https:\\\/\\\/x.com\\\/@EuropaPrefabri\"]}]}<\/script>\n<!-- \/ Yoast SEO plugin. -->","yoast_head_json":{"title":"Abris avec couvertures textiles pour la raffinerie de Repsol \u00e0 Huelva","description":"Regardez notre dernier projet! Nous avons fabriqu\u00e9 et install\u00e9 des abris avec couvertures textiles pour la raffinerie de Repsol \u00e0 Huelva.","robots":{"index":"index","follow":"follow","max-snippet":"max-snippet:-1","max-image-preview":"max-image-preview:large","max-video-preview":"max-video-preview:-1"},"canonical":"https:\/\/www.europa-prefabri.com\/fr\/abris-avec-couvertures-textiles-repsol\/","og_locale":"fr_FR","og_type":"article","og_title":"Abris avec couvertures textiles pour la raffinerie de Repsol \u00e0 Huelva","og_description":"Regardez notre dernier projet! Nous avons fabriqu\u00e9 et install\u00e9 des abris avec couvertures textiles pour la raffinerie de Repsol \u00e0 Huelva.","og_url":"https:\/\/www.europa-prefabri.com\/fr\/abris-avec-couvertures-textiles-repsol\/","og_site_name":"Europa Prefabri | Alquiler y venta de construcciones modulares","article_publisher":"https:\/\/www.facebook.com\/Europa-Prefabri-258328977572213\/","article_published_time":"2017-06-22T12:38:41+00:00","article_modified_time":"2025-01-31T11:46:07+00:00","og_image":[{"width":800,"height":600,"url":"https:\/\/www.europa-prefabri.com\/wp-content\/uploads\/marquesinas-con-cubiertas-textiles-para-una-gasolinera-en-Huelva-06.jpg","type":"image\/jpeg"}],"author":"admin","twitter_card":"summary_large_image","twitter_creator":"@EuropaPrefabri","twitter_site":"@EuropaPrefabri","twitter_misc":{"Written by":"admin","Est. reading time":"7 minutes"},"schema":{"@context":"https:\/\/schema.org","@graph":[{"@type":"Article","@id":"https:\/\/www.europa-prefabri.com\/fr\/abris-avec-couvertures-textiles-repsol\/#article","isPartOf":{"@id":"https:\/\/www.europa-prefabri.com\/fr\/abris-avec-couvertures-textiles-repsol\/"},"author":{"name":"admin","@id":"https:\/\/www.europa-prefabri.com\/#\/schema\/person\/2ab6be5821a7026cd8f16d2a9411e86e"},"headline":"Abris avec couvertures textiles pour la raffinerie de Repsol \u00e0 Huelva","datePublished":"2017-06-22T12:38:41+00:00","dateModified":"2025-01-31T11:46:07+00:00","mainEntityOfPage":{"@id":"https:\/\/www.europa-prefabri.com\/fr\/abris-avec-couvertures-textiles-repsol\/"},"wordCount":1186,"publisher":{"@id":"https:\/\/www.europa-prefabri.com\/#organization"},"image":{"@id":"https:\/\/www.europa-prefabri.com\/fr\/abris-avec-couvertures-textiles-repsol\/#primaryimage"},"thumbnailUrl":"https:\/\/www.europa-prefabri.com\/wp-content\/uploads\/marquesinas-con-cubiertas-textiles-para-una-gasolinera-en-Huelva-06.jpg","keywords":["abri toile tendue","abris de parking","couverture textile"],"articleSection":["Projets"],"inLanguage":"fr-FR"},{"@type":"WebPage","@id":"https:\/\/www.europa-prefabri.com\/fr\/abris-avec-couvertures-textiles-repsol\/","url":"https:\/\/www.europa-prefabri.com\/fr\/abris-avec-couvertures-textiles-repsol\/","name":"Abris avec couvertures textiles pour la raffinerie de Repsol \u00e0 Huelva","isPartOf":{"@id":"https:\/\/www.europa-prefabri.com\/#website"},"primaryImageOfPage":{"@id":"https:\/\/www.europa-prefabri.com\/fr\/abris-avec-couvertures-textiles-repsol\/#primaryimage"},"image":{"@id":"https:\/\/www.europa-prefabri.com\/fr\/abris-avec-couvertures-textiles-repsol\/#primaryimage"},"thumbnailUrl":"https:\/\/www.europa-prefabri.com\/wp-content\/uploads\/marquesinas-con-cubiertas-textiles-para-una-gasolinera-en-Huelva-06.jpg","datePublished":"2017-06-22T12:38:41+00:00","dateModified":"2025-01-31T11:46:07+00:00","description":"Regardez notre dernier projet! Nous avons fabriqu\u00e9 et install\u00e9 des abris avec couvertures textiles pour la raffinerie de Repsol \u00e0 Huelva.","breadcrumb":{"@id":"https:\/\/www.europa-prefabri.com\/fr\/abris-avec-couvertures-textiles-repsol\/#breadcrumb"},"inLanguage":"fr-FR","potentialAction":[{"@type":"ReadAction","target":["https:\/\/www.europa-prefabri.com\/fr\/abris-avec-couvertures-textiles-repsol\/"]}]},{"@type":"ImageObject","inLanguage":"fr-FR","@id":"https:\/\/www.europa-prefabri.com\/fr\/abris-avec-couvertures-textiles-repsol\/#primaryimage","url":"https:\/\/www.europa-prefabri.com\/wp-content\/uploads\/marquesinas-con-cubiertas-textiles-para-una-gasolinera-en-Huelva-06.jpg","contentUrl":"https:\/\/www.europa-prefabri.com\/wp-content\/uploads\/marquesinas-con-cubiertas-textiles-para-una-gasolinera-en-Huelva-06.jpg","width":800,"height":600},{"@type":"BreadcrumbList","@id":"https:\/\/www.europa-prefabri.com\/fr\/abris-avec-couvertures-textiles-repsol\/#breadcrumb","itemListElement":[{"@type":"ListItem","position":1,"name":"Portada","item":"https:\/\/www.europa-prefabri.com\/fr\/"},{"@type":"ListItem","position":2,"name":"Abris avec couvertures textiles pour la raffinerie de Repsol \u00e0 Huelva"}]},{"@type":"WebSite","@id":"https:\/\/www.europa-prefabri.com\/#website","url":"https:\/\/www.europa-prefabri.com\/","name":"Europa Prefabri | Alquiler y venta de construcciones modulares","description":"Alquiler y venta de construcciones modulares, casetas de obra, marquesinas de aparcamiento y vallas y cerramientos.","publisher":{"@id":"https:\/\/www.europa-prefabri.com\/#organization"},"potentialAction":[{"@type":"SearchAction","target":{"@type":"EntryPoint","urlTemplate":"https:\/\/www.europa-prefabri.com\/?s={search_term_string}"},"query-input":{"@type":"PropertyValueSpecification","valueRequired":true,"valueName":"search_term_string"}}],"inLanguage":"fr-FR"},{"@type":"Organization","@id":"https:\/\/www.europa-prefabri.com\/#organization","name":"Prefabri S.L.","url":"https:\/\/www.europa-prefabri.com\/","logo":{"@type":"ImageObject","inLanguage":"fr-FR","@id":"https:\/\/www.europa-prefabri.com\/#\/schema\/logo\/image\/","url":"https:\/\/www.europa-prefabri.com\/wp-content\/uploads\/EuropaPrefabri-Logo.jpg","contentUrl":"https:\/\/www.europa-prefabri.com\/wp-content\/uploads\/EuropaPrefabri-Logo.jpg","width":752,"height":348,"caption":"Prefabri S.L."},"image":{"@id":"https:\/\/www.europa-prefabri.com\/#\/schema\/logo\/image\/"},"sameAs":["https:\/\/www.facebook.com\/Europa-Prefabri-258328977572213\/","https:\/\/x.com\/EuropaPrefabri","https:\/\/www.instagram.com\/europaprefabri\/","https:\/\/es.linkedin.com\/company\/europa-prefabri","https:\/\/es.pinterest.com\/europaprefabri\/","https:\/\/www.youtube.com\/user\/PrefabriSL"]},{"@type":"Person","@id":"https:\/\/www.europa-prefabri.com\/#\/schema\/person\/2ab6be5821a7026cd8f16d2a9411e86e","name":"admin","image":{"@type":"ImageObject","inLanguage":"fr-FR","@id":"https:\/\/secure.gravatar.com\/avatar\/dc55d3f4b941a1510eef2620b2c166513788bd88ef72341333b6d0a859bacd3c?s=96&d=mm&r=g","url":"https:\/\/secure.gravatar.com\/avatar\/dc55d3f4b941a1510eef2620b2c166513788bd88ef72341333b6d0a859bacd3c?s=96&d=mm&r=g","contentUrl":"https:\/\/secure.gravatar.com\/avatar\/dc55d3f4b941a1510eef2620b2c166513788bd88ef72341333b6d0a859bacd3c?s=96&d=mm&r=g","caption":"admin"},"sameAs":["https:\/\/www.europa-prefabri.com","https:\/\/x.com\/@EuropaPrefabri"]}]}},"_links":{"self":[{"href":"https:\/\/www.europa-prefabri.com\/fr\/wp-json\/wp\/v2\/posts\/16872","targetHints":{"allow":["GET"]}}],"collection":[{"href":"https:\/\/www.europa-prefabri.com\/fr\/wp-json\/wp\/v2\/posts"}],"about":[{"href":"https:\/\/www.europa-prefabri.com\/fr\/wp-json\/wp\/v2\/types\/post"}],"author":[{"embeddable":true,"href":"https:\/\/www.europa-prefabri.com\/fr\/wp-json\/wp\/v2\/users\/4"}],"replies":[{"embeddable":true,"href":"https:\/\/www.europa-prefabri.com\/fr\/wp-json\/wp\/v2\/comments?post=16872"}],"version-history":[{"count":2,"href":"https:\/\/www.europa-prefabri.com\/fr\/wp-json\/wp\/v2\/posts\/16872\/revisions"}],"predecessor-version":[{"id":35832,"href":"https:\/\/www.europa-prefabri.com\/fr\/wp-json\/wp\/v2\/posts\/16872\/revisions\/35832"}],"wp:featuredmedia":[{"embeddable":true,"href":"https:\/\/www.europa-prefabri.com\/fr\/wp-json\/wp\/v2\/media\/16594"}],"wp:attachment":[{"href":"https:\/\/www.europa-prefabri.com\/fr\/wp-json\/wp\/v2\/media?parent=16872"}],"wp:term":[{"taxonomy":"category","embeddable":true,"href":"https:\/\/www.europa-prefabri.com\/fr\/wp-json\/wp\/v2\/categories?post=16872"},{"taxonomy":"post_tag","embeddable":true,"href":"https:\/\/www.europa-prefabri.com\/fr\/wp-json\/wp\/v2\/tags?post=16872"}],"curies":[{"name":"wp","href":"https:\/\/api.w.org\/{rel}","templated":true}]}}