{"id":16511,"date":"2017-05-31T10:14:58","date_gmt":"2017-05-31T08:14:58","guid":{"rendered":"http:\/\/www.europa-prefabri.com\/modulos-prefabricados-para-el-fanzone-de-la-final-de-la-copa-del-rey-2017\/"},"modified":"2017-05-31T11:47:05","modified_gmt":"2017-05-31T09:47:05","slug":"modules-prefabriques-pour-la-fanzone","status":"publish","type":"post","link":"https:\/\/www.europa-prefabri.com\/fr\/modules-prefabriques-pour-la-fanzone\/","title":{"rendered":"Modules pr\u00e9fabriqu\u00e9s pour la fanzone de la finale de la Coupe du Roi du FC Barcelone"},"content":{"rendered":"\n\t\t<style type=\"text\/css\">\n\t\t\t#gallery-1 {\n\t\t\t\tmargin: auto;\n\t\t\t}\n\t\t\t#gallery-1 .gallery-item {\n\t\t\t\tfloat: left;\n\t\t\t\tmargin-top: 10px;\n\t\t\t\ttext-align: center;\n\t\t\t\twidth: 11%;\n\t\t\t}\n\t\t\t#gallery-1 img {\n\t\t\t\tborder: 2px solid #cfcfcf;\n\t\t\t}\n\t\t\t#gallery-1 .gallery-caption {\n\t\t\t\tmargin-left: 0;\n\t\t\t}\n\t\t\t\/* see gallery_shortcode() in wp-includes\/media.php *\/\n\t\t<\/style>\n\t\t<div id='gallery-1' class='gallery galleryid-16511 gallery-columns-9 gallery-size-thumbnail'><dl class='gallery-item'>\n\t\t\t<dt class='gallery-icon landscape'>\n\t\t\t\t<a href='https:\/\/www.europa-prefabri.com\/fr\/modules-prefabriques-pour-la-fanzone\/modulos-prefabricados-para-el-fanzone-de-la-final-de-la-copa-del-rey-2017-02-2\/'><img loading=\"lazy\" decoding=\"async\" width=\"80\" height=\"80\" src=\"https:\/\/www.europa-prefabri.com\/wp-content\/uploads\/Modulos-prefabricados-para-el-fanzone-de-la-final-de-la-Copa-del-Rey-2017-02-80x80.jpg\" class=\"attachment-thumbnail size-thumbnail\" alt=\"\" srcset=\"https:\/\/www.europa-prefabri.com\/wp-content\/uploads\/Modulos-prefabricados-para-el-fanzone-de-la-final-de-la-Copa-del-Rey-2017-02-80x80.jpg 80w, https:\/\/www.europa-prefabri.com\/wp-content\/uploads\/Modulos-prefabricados-para-el-fanzone-de-la-final-de-la-Copa-del-Rey-2017-02-36x36.jpg 36w, https:\/\/www.europa-prefabri.com\/wp-content\/uploads\/Modulos-prefabricados-para-el-fanzone-de-la-final-de-la-Copa-del-Rey-2017-02-180x180.jpg 180w, https:\/\/www.europa-prefabri.com\/wp-content\/uploads\/Modulos-prefabricados-para-el-fanzone-de-la-final-de-la-Copa-del-Rey-2017-02-120x120.jpg 120w, https:\/\/www.europa-prefabri.com\/wp-content\/uploads\/Modulos-prefabricados-para-el-fanzone-de-la-final-de-la-Copa-del-Rey-2017-02-450x450.jpg 450w\" sizes=\"auto, (max-width: 80px) 100vw, 80px\" \/><\/a>\n\t\t\t<\/dt><\/dl><dl class='gallery-item'>\n\t\t\t<dt class='gallery-icon landscape'>\n\t\t\t\t<a href='https:\/\/www.europa-prefabri.com\/fr\/modulos-prefabricados-para-el-fanzone-de-la-final-de-la-copa-del-rey-2017-04\/'><img loading=\"lazy\" decoding=\"async\" width=\"80\" height=\"80\" src=\"https:\/\/www.europa-prefabri.com\/wp-content\/uploads\/Modulos-prefabricados-para-el-fanzone-de-la-final-de-la-Copa-del-Rey-2017-04-80x80.jpg\" class=\"attachment-thumbnail size-thumbnail\" alt=\"Modulos prefabricados para el fanzone de la final de la Copa del Rey 2017 04\" srcset=\"https:\/\/www.europa-prefabri.com\/wp-content\/uploads\/Modulos-prefabricados-para-el-fanzone-de-la-final-de-la-Copa-del-Rey-2017-04-80x80.jpg 80w, https:\/\/www.europa-prefabri.com\/wp-content\/uploads\/Modulos-prefabricados-para-el-fanzone-de-la-final-de-la-Copa-del-Rey-2017-04-36x36.jpg 36w, https:\/\/www.europa-prefabri.com\/wp-content\/uploads\/Modulos-prefabricados-para-el-fanzone-de-la-final-de-la-Copa-del-Rey-2017-04-180x180.jpg 180w, https:\/\/www.europa-prefabri.com\/wp-content\/uploads\/Modulos-prefabricados-para-el-fanzone-de-la-final-de-la-Copa-del-Rey-2017-04-120x120.jpg 120w, https:\/\/www.europa-prefabri.com\/wp-content\/uploads\/Modulos-prefabricados-para-el-fanzone-de-la-final-de-la-Copa-del-Rey-2017-04-450x450.jpg 450w\" sizes=\"auto, (max-width: 80px) 100vw, 80px\" \/><\/a>\n\t\t\t<\/dt><\/dl><dl class='gallery-item'>\n\t\t\t<dt class='gallery-icon landscape'>\n\t\t\t\t<a href='https:\/\/www.europa-prefabri.com\/fr\/modules-prefabriques-pour-la-fanzone\/modulos-prefabricados-para-el-fanzone-de-la-final-de-la-copa-del-rey-2017-01-2\/'><img loading=\"lazy\" decoding=\"async\" width=\"80\" height=\"80\" src=\"https:\/\/www.europa-prefabri.com\/wp-content\/uploads\/Modulos-prefabricados-para-el-fanzone-de-la-final-de-la-Copa-del-Rey-2017-01-80x80.jpg\" class=\"attachment-thumbnail size-thumbnail\" alt=\"Modules pr\u00e9fabriqu\u00e9s pour la fanzone\" srcset=\"https:\/\/www.europa-prefabri.com\/wp-content\/uploads\/Modulos-prefabricados-para-el-fanzone-de-la-final-de-la-Copa-del-Rey-2017-01-80x80.jpg 80w, https:\/\/www.europa-prefabri.com\/wp-content\/uploads\/Modulos-prefabricados-para-el-fanzone-de-la-final-de-la-Copa-del-Rey-2017-01-36x36.jpg 36w, https:\/\/www.europa-prefabri.com\/wp-content\/uploads\/Modulos-prefabricados-para-el-fanzone-de-la-final-de-la-Copa-del-Rey-2017-01-180x180.jpg 180w, https:\/\/www.europa-prefabri.com\/wp-content\/uploads\/Modulos-prefabricados-para-el-fanzone-de-la-final-de-la-Copa-del-Rey-2017-01-120x120.jpg 120w, https:\/\/www.europa-prefabri.com\/wp-content\/uploads\/Modulos-prefabricados-para-el-fanzone-de-la-final-de-la-Copa-del-Rey-2017-01-450x450.jpg 450w\" sizes=\"auto, (max-width: 80px) 100vw, 80px\" \/><\/a>\n\t\t\t<\/dt><\/dl>\n\t\t\t<br style='clear: both' \/>\n\t\t<\/div>\n\n<p>Le groupe Europa Prefabri a apport\u00e9 son grain de sable \u00e0 la finale de la Coupe du Roi en fournissant des modules pr\u00e9fabriqu\u00e9s pour la fanzone de la finale de la coupe du Roi 2017 du FC Barcelone situ\u00e9 \u00e0 Matadero, un des plus grands espaces culturels de Madrid.<\/p>\n<h2>Modules pr\u00e9fabriqu\u00e9s pour\u00a0la\u00a0fanzone de la finale de la Coupe du Roi 2017: caract\u00e9ristiques techniques<\/h2>\n<p><img loading=\"lazy\" decoding=\"async\" class=\"alignnone size-full wp-image-16493\" src=\"https:\/\/www.europa-prefabri.com\/wp-content\/uploads\/Modulos-prefabricados-para-el-fanzone-de-la-final-de-la-Copa-del-Rey-2017-02.jpg\" alt=\"Modulos prefabricados para el fanzone de la final de la Copa del Rey 2017 02\" width=\"800\" height=\"600\" srcset=\"https:\/\/www.europa-prefabri.com\/wp-content\/uploads\/Modulos-prefabricados-para-el-fanzone-de-la-final-de-la-Copa-del-Rey-2017-02.jpg 800w, https:\/\/www.europa-prefabri.com\/wp-content\/uploads\/Modulos-prefabricados-para-el-fanzone-de-la-final-de-la-Copa-del-Rey-2017-02-300x225.jpg 300w, https:\/\/www.europa-prefabri.com\/wp-content\/uploads\/Modulos-prefabricados-para-el-fanzone-de-la-final-de-la-Copa-del-Rey-2017-02-768x576.jpg 768w, https:\/\/www.europa-prefabri.com\/wp-content\/uploads\/Modulos-prefabricados-para-el-fanzone-de-la-final-de-la-Copa-del-Rey-2017-02-705x529.jpg 705w, https:\/\/www.europa-prefabri.com\/wp-content\/uploads\/Modulos-prefabricados-para-el-fanzone-de-la-final-de-la-Copa-del-Rey-2017-02-450x338.jpg 450w\" sizes=\"auto, (max-width: 800px) 100vw, 800px\" \/><\/p>\n<p>Modules pr\u00e9fabriqu\u00e9s diaphane d&#8217;approximativement\u00a06 x 2,40 m\u00a0de notre mod\u00e8le ANA 6000:<\/p>\n<ul>\n<li>avec isolation thermique<\/li>\n<li>dot\u00e9 de fem\u00eatres avec stores<\/li>\n<li>installation \u00e9l\u00e9ctrique pour divers usages et \u00e9clairage<\/li>\n<li>avec air conditionn\u00e9<\/li>\n<\/ul>\n<p>Modules pr\u00e9fabriqu\u00e9s avec toilettes et bureaux avec toilettes et bureaux d&#8217;approximativement 6 x 2,40 m\u00a0\u00a0de notre\u00a0mod\u00e8le\u00a0C-2:<\/p>\n<ul>\n<li>avec isolation thermique<\/li>\n<li>dot\u00e9 de fen\u00eatres avec stores<\/li>\n<li>installation \u00e9l\u00e9ctrique pour divers usages et \u00e9clairage<\/li>\n<li>avec air conditionn\u00e9<\/li>\n<li>lavabo et WC<\/li>\n<li>Container de 6 x 2,43 m<sup>\u00a02 <\/sup>avec isolation thermique de notre mod\u00e8le LC20<\/li>\n<\/ul>\n<h3>\u00c9v\u00e9nements sportifs: autres projets r\u00e9alis\u00e9s<\/h3>\n<p>La division sp\u00e9cialis\u00e9e Europa Prefabri Eventos a pour objectif \u00a0de s&#8217;occuper des besoins sp\u00e9cifiques de nos clients en facilitant l&#8217;organisation de tous types de spectacles, \u00e9v\u00e9nements sportifs, concerts, festivals, foires, c\u00e9l\u00e9brations\u2026<\/p>\n<p>Nous comptons sur une \u00e9quipe de professionnels avec une grande exp\u00e9rience form\u00e9s pour conseiller et apporter les meilleures solutions pour votre\u00a0\u00e9v\u00e9nement allant\u00a0de la conception et fabrication d&#8217;accessoires sur mesure, jusqu&#8217;au transport, montage et installation, ainsi que les services de maintenance\u00a0et de nettoyage n\u00e9cessaires.<\/p>\n<p>Nous proposons en vente et en location des wc portatifs, loges et sanitaires de luxe, modules pr\u00e9fabriqu\u00e9s pour de multipes usages, containers, barri\u00e8res et fermetures&#8230; et tout ce qui peut \u00eatre n\u00e9cessaire pour c\u00e9l\u00e9brer votre \u00e9v\u00e9nement.<\/p>\n<h4 class=\"post-title entry-title\">Master Mutua Madrid Open de tennis<\/h4>\n<p><img loading=\"lazy\" decoding=\"async\" class=\"alignnone size-full wp-image-16189\" src=\"https:\/\/www.europa-prefabri.com\/wp-content\/uploads\/Master-Mutua-Madrid-Open-de-tenis-2017-00005.jpg\" alt=\"Master Mutua Madrid Open de tenis 2017 00005\" width=\"800\" height=\"600\" srcset=\"https:\/\/www.europa-prefabri.com\/wp-content\/uploads\/Master-Mutua-Madrid-Open-de-tenis-2017-00005.jpg 800w, https:\/\/www.europa-prefabri.com\/wp-content\/uploads\/Master-Mutua-Madrid-Open-de-tenis-2017-00005-300x225.jpg 300w, https:\/\/www.europa-prefabri.com\/wp-content\/uploads\/Master-Mutua-Madrid-Open-de-tenis-2017-00005-768x576.jpg 768w, https:\/\/www.europa-prefabri.com\/wp-content\/uploads\/Master-Mutua-Madrid-Open-de-tenis-2017-00005-705x529.jpg 705w, https:\/\/www.europa-prefabri.com\/wp-content\/uploads\/Master-Mutua-Madrid-Open-de-tenis-2017-00005-450x338.jpg 450w\" sizes=\"auto, (max-width: 800px) 100vw, 800px\" \/><\/p>\n<p>Le Master Mutua Madrid Open de tennis vient de r\u00e9aliser sa 16\u00aa edition \u00e0 Madrid et durant les quatres derni\u00e8res ann\u00e9es cons\u00e9cutives, les organisateurs de l&#8217;\u00e9v\u00e9nement sportif et ceux du RTVE ont confi\u00e9s au\u00a0<strong>Groupe Europa Prefabri<\/strong> pour la fourniture de diver\u00a0<a href=\"\/?p=2400\">modules pr\u00e9fabriqu\u00e9s<\/a>\u00a0essentiels pour le bon fonctionnement du grand \u00e9v\u00e9nement qui se c\u00e9l\u00e8bre \u00e0 Madrid.<\/p>\n<p>Autant les modules de ventes de billets, peints dans la couleur corporative de l&#8217;\u00e9v\u00e9nement, que les stands de RTVE et les modules de types kiosques ont \u00e9t\u00e9 contract\u00e9s par nous-m\u00eames.<\/p>\n<p>Si vous d\u00e9sirez en savoir plus, vous pouvez visiter notre article sur le\u00a0<a href=\"\/?p=16481\">Master Mutua Open Madrid de 2017<\/a>\u00a0et\u00a0<a href=\"\/?p=10735\">2016<\/a>.<\/p>\n<h4>Final de la Champions League 2009\/2010<\/h4>\n<p><img loading=\"lazy\" decoding=\"async\" class=\"alignnone size-full wp-image-13739\" src=\"http:\/\/www.europa-prefabri.com\/wp-content\/uploads\/eventos-deportivos-prefabri.jpg\" sizes=\"auto, (max-width: 800px) 100vw, 800px\" srcset=\"http:\/\/www.europa-prefabri.com\/wp-content\/uploads\/eventos-deportivos-prefabri.jpg 800w, http:\/\/www.europa-prefabri.com\/wp-content\/uploads\/eventos-deportivos-prefabri-300x225.jpg 300w, http:\/\/www.europa-prefabri.com\/wp-content\/uploads\/eventos-deportivos-prefabri-768x576.jpg 768w, http:\/\/www.europa-prefabri.com\/wp-content\/uploads\/eventos-deportivos-prefabri-705x529.jpg 705w, http:\/\/www.europa-prefabri.com\/wp-content\/uploads\/eventos-deportivos-prefabri-450x338.jpg 450w\" alt=\"eventos deportivos final de la champions prefabri\" width=\"800\" height=\"600\" \/><\/p>\n<p>Les organisateurs de la finale de la\u00a0Champions de 2009\/2010 \u00e0 Madrid, qui confrontait l&#8217;Inter de Milan au Bayern de Munich, ils n\u00e9cessitaient nos services pour que nous leur fournissons modules pr\u00e9fabriqu\u00e9s et barri\u00e8res.<\/p>\n<h4>Open de Andaluc\u00eda<\/h4>\n<p><img loading=\"lazy\" decoding=\"async\" class=\"alignnone size-full wp-image-16193\" src=\"https:\/\/www.europa-prefabri.com\/wp-content\/uploads\/Open-de-Andalucia.jpg\" sizes=\"auto, (max-width: 800px) 100vw, 800px\" srcset=\"https:\/\/www.europa-prefabri.com\/wp-content\/uploads\/Open-de-Andalucia.jpg 800w, http:\/\/www.europa-prefabri.com\/wp-content\/uploads\/Open-de-Andalucia-300x225.jpg 300w, http:\/\/www.europa-prefabri.com\/wp-content\/uploads\/Open-de-Andalucia-768x576.jpg 768w, http:\/\/www.europa-prefabri.com\/wp-content\/uploads\/Open-de-Andalucia-705x529.jpg 705w, http:\/\/www.europa-prefabri.com\/wp-content\/uploads\/Open-de-Andalucia-450x338.jpg 450w\" alt=\"Open de Andalucia\" width=\"800\" height=\"600\" \/><\/p>\n<p>Durant la celebration de l&#8217;\u00e9dition de l&#8217;Open d&#8217;Andalousie de 2009, nous avons fournis des sanitaires standards et sanitaires de luxe.<\/p>\n<h4>Campa\u00f1a Publicitaria Toro Rosso<\/h4>\n<p><img loading=\"lazy\" decoding=\"async\" class=\"alignnone size-full wp-image-7263\" src=\"https:\/\/www.europa-prefabri.com\/wp-content\/uploads\/Stands-prefabricados-3_800x5982.jpg\" sizes=\"auto, (max-width: 800px) 100vw, 800px\" srcset=\"https:\/\/www.europa-prefabri.com\/wp-content\/uploads\/Stands-prefabricados-3_800x5982.jpg 800w, http:\/\/www.europa-prefabri.com\/wp-content\/uploads\/Stands-prefabricados-3_800x5982-300x224.jpg 300w, http:\/\/www.europa-prefabri.com\/wp-content\/uploads\/Stands-prefabricados-3_800x5982-705x527.jpg 705w, http:\/\/www.europa-prefabri.com\/wp-content\/uploads\/Stands-prefabricados-3_800x5982-450x336.jpg 450w\" alt=\"stand prefabricado toro rosso\" width=\"800\" height=\"598\" \/><\/p>\n<p>Nous avons fabriqu\u00e9 et install\u00e9 dans une station service proche de Madrid un ensemble modulaire vitr\u00e9 sp\u00e9cial form\u00e9 par plusieurs modules pour une importante agence de publicit\u00e9 pour promouvoir les partenaires de l&#8217;\u00e9curie de F1 Red Bull.<\/p>\n<p>Prefabri a \u00e9t\u00e9 choisi pour la fourniture et montage de la fanzone\u00a0de la finale de la Coupe du Roi de Football 2017. Un \u00e9v\u00e9nement significatif et important. Merci \u00e0 tous les organisateurs et tout sp\u00e9cialement pour la fonciance du FC Barcelone.<\/p>\n","protected":false},"excerpt":{"rendered":"<p>Le groupe Europa Prefabri a apport\u00e9 son grain de sable \u00e0 la finale de la Coupe du Roi en fournissant des modules pr\u00e9fabriqu\u00e9s pour la fanzone de la finale de la coupe du Roi 2017 du FC Barcelone situ\u00e9 \u00e0 Matadero, un des plus grands espaces culturels de Madrid. Modules pr\u00e9fabriqu\u00e9s pour\u00a0la\u00a0fanzone de la finale [&hellip;]<\/p>\n","protected":false},"author":4,"featured_media":16491,"comment_status":"closed","ping_status":"closed","sticky":false,"template":"","format":"gallery","meta":{"footnotes":""},"categories":[58],"tags":[],"class_list":["post-16511","post","type-post","status-publish","format-gallery","has-post-thumbnail","hentry","category-projets","post_format-post-format-gallery"],"yoast_head":"<!-- This site is optimized with the Yoast SEO plugin v27.5 - https:\/\/yoast.com\/product\/yoast-seo-wordpress\/ -->\n<title>Modules pr\u00e9fabriqu\u00e9s pour la fanzone de la Coupe du Roi 2017<\/title>\n<meta name=\"description\" content=\"Nous avons r\u00e9alis\u00e9 la fourniture de modules pr\u00e9fabriqu\u00e9s pour la fanzone de la finale de la Coupe du Roi 2017du FB Barcelone situ\u00e9 \u00e0 Matadero.\" \/>\n<meta name=\"robots\" content=\"index, follow, max-snippet:-1, max-image-preview:large, max-video-preview:-1\" \/>\n<link rel=\"canonical\" href=\"https:\/\/www.europa-prefabri.com\/fr\/modules-prefabriques-pour-la-fanzone\/\" \/>\n<meta property=\"og:locale\" content=\"fr_FR\" \/>\n<meta property=\"og:type\" content=\"article\" \/>\n<meta property=\"og:title\" content=\"Modules pr\u00e9fabriqu\u00e9s pour la fanzone de la Coupe du Roi 2017\" \/>\n<meta property=\"og:description\" content=\"Nous avons r\u00e9alis\u00e9 la fourniture de modules pr\u00e9fabriqu\u00e9s pour la fanzone de la finale de la Coupe du Roi 2017du FB Barcelone situ\u00e9 \u00e0 Matadero.\" \/>\n<meta property=\"og:url\" content=\"https:\/\/www.europa-prefabri.com\/fr\/modules-prefabriques-pour-la-fanzone\/\" \/>\n<meta property=\"og:site_name\" content=\"Europa Prefabri | Alquiler y venta de construcciones modulares\" \/>\n<meta property=\"article:publisher\" content=\"https:\/\/www.facebook.com\/Europa-Prefabri-258328977572213\/\" \/>\n<meta property=\"article:published_time\" content=\"2017-05-31T08:14:58+00:00\" \/>\n<meta property=\"article:modified_time\" content=\"2017-05-31T09:47:05+00:00\" \/>\n<meta property=\"og:image\" content=\"https:\/\/www.europa-prefabri.com\/wp-content\/uploads\/Modulos-prefabricados-para-el-fanzone-de-la-final-de-la-Copa-del-Rey-2017-01.jpg\" \/>\n\t<meta property=\"og:image:width\" content=\"800\" \/>\n\t<meta property=\"og:image:height\" content=\"600\" \/>\n\t<meta property=\"og:image:type\" content=\"image\/jpeg\" \/>\n<meta name=\"author\" content=\"admin\" \/>\n<meta name=\"twitter:card\" content=\"summary_large_image\" \/>\n<meta name=\"twitter:creator\" content=\"@EuropaPrefabri\" \/>\n<meta name=\"twitter:site\" content=\"@EuropaPrefabri\" \/>\n<meta name=\"twitter:label1\" content=\"Written by\" \/>\n\t<meta name=\"twitter:data1\" content=\"admin\" \/>\n\t<meta name=\"twitter:label2\" content=\"Est. reading time\" \/>\n\t<meta name=\"twitter:data2\" content=\"3 minutes\" \/>\n<script type=\"application\/ld+json\" class=\"yoast-schema-graph\">{\"@context\":\"https:\\\/\\\/schema.org\",\"@graph\":[{\"@type\":\"Article\",\"@id\":\"https:\\\/\\\/www.europa-prefabri.com\\\/fr\\\/modules-prefabriques-pour-la-fanzone\\\/#article\",\"isPartOf\":{\"@id\":\"https:\\\/\\\/www.europa-prefabri.com\\\/fr\\\/modules-prefabriques-pour-la-fanzone\\\/\"},\"author\":{\"name\":\"admin\",\"@id\":\"https:\\\/\\\/www.europa-prefabri.com\\\/#\\\/schema\\\/person\\\/2ab6be5821a7026cd8f16d2a9411e86e\"},\"headline\":\"Modules pr\u00e9fabriqu\u00e9s pour la fanzone de la finale de la Coupe du Roi du FC Barcelone\",\"datePublished\":\"2017-05-31T08:14:58+00:00\",\"dateModified\":\"2017-05-31T09:47:05+00:00\",\"mainEntityOfPage\":{\"@id\":\"https:\\\/\\\/www.europa-prefabri.com\\\/fr\\\/modules-prefabriques-pour-la-fanzone\\\/\"},\"wordCount\":590,\"publisher\":{\"@id\":\"https:\\\/\\\/www.europa-prefabri.com\\\/#organization\"},\"image\":{\"@id\":\"https:\\\/\\\/www.europa-prefabri.com\\\/fr\\\/modules-prefabriques-pour-la-fanzone\\\/#primaryimage\"},\"thumbnailUrl\":\"https:\\\/\\\/www.europa-prefabri.com\\\/wp-content\\\/uploads\\\/Modulos-prefabricados-para-el-fanzone-de-la-final-de-la-Copa-del-Rey-2017-01.jpg\",\"articleSection\":[\"Projets\"],\"inLanguage\":\"fr-FR\"},{\"@type\":\"WebPage\",\"@id\":\"https:\\\/\\\/www.europa-prefabri.com\\\/fr\\\/modules-prefabriques-pour-la-fanzone\\\/\",\"url\":\"https:\\\/\\\/www.europa-prefabri.com\\\/fr\\\/modules-prefabriques-pour-la-fanzone\\\/\",\"name\":\"Modules pr\u00e9fabriqu\u00e9s pour la fanzone de la Coupe du Roi 2017\",\"isPartOf\":{\"@id\":\"https:\\\/\\\/www.europa-prefabri.com\\\/#website\"},\"primaryImageOfPage\":{\"@id\":\"https:\\\/\\\/www.europa-prefabri.com\\\/fr\\\/modules-prefabriques-pour-la-fanzone\\\/#primaryimage\"},\"image\":{\"@id\":\"https:\\\/\\\/www.europa-prefabri.com\\\/fr\\\/modules-prefabriques-pour-la-fanzone\\\/#primaryimage\"},\"thumbnailUrl\":\"https:\\\/\\\/www.europa-prefabri.com\\\/wp-content\\\/uploads\\\/Modulos-prefabricados-para-el-fanzone-de-la-final-de-la-Copa-del-Rey-2017-01.jpg\",\"datePublished\":\"2017-05-31T08:14:58+00:00\",\"dateModified\":\"2017-05-31T09:47:05+00:00\",\"description\":\"Nous avons r\u00e9alis\u00e9 la fourniture de modules pr\u00e9fabriqu\u00e9s pour la fanzone de la finale de la Coupe du Roi 2017du FB Barcelone situ\u00e9 \u00e0 Matadero.\",\"breadcrumb\":{\"@id\":\"https:\\\/\\\/www.europa-prefabri.com\\\/fr\\\/modules-prefabriques-pour-la-fanzone\\\/#breadcrumb\"},\"inLanguage\":\"fr-FR\",\"potentialAction\":[{\"@type\":\"ReadAction\",\"target\":[\"https:\\\/\\\/www.europa-prefabri.com\\\/fr\\\/modules-prefabriques-pour-la-fanzone\\\/\"]}]},{\"@type\":\"ImageObject\",\"inLanguage\":\"fr-FR\",\"@id\":\"https:\\\/\\\/www.europa-prefabri.com\\\/fr\\\/modules-prefabriques-pour-la-fanzone\\\/#primaryimage\",\"url\":\"https:\\\/\\\/www.europa-prefabri.com\\\/wp-content\\\/uploads\\\/Modulos-prefabricados-para-el-fanzone-de-la-final-de-la-Copa-del-Rey-2017-01.jpg\",\"contentUrl\":\"https:\\\/\\\/www.europa-prefabri.com\\\/wp-content\\\/uploads\\\/Modulos-prefabricados-para-el-fanzone-de-la-final-de-la-Copa-del-Rey-2017-01.jpg\",\"width\":800,\"height\":600,\"caption\":\"Modules pr\u00e9fabriqu\u00e9s pour la fanzone\"},{\"@type\":\"BreadcrumbList\",\"@id\":\"https:\\\/\\\/www.europa-prefabri.com\\\/fr\\\/modules-prefabriques-pour-la-fanzone\\\/#breadcrumb\",\"itemListElement\":[{\"@type\":\"ListItem\",\"position\":1,\"name\":\"Portada\",\"item\":\"https:\\\/\\\/www.europa-prefabri.com\\\/fr\\\/\"},{\"@type\":\"ListItem\",\"position\":2,\"name\":\"Modules pr\u00e9fabriqu\u00e9s pour la fanzone de la finale de la Coupe du Roi du FC Barcelone\"}]},{\"@type\":\"WebSite\",\"@id\":\"https:\\\/\\\/www.europa-prefabri.com\\\/#website\",\"url\":\"https:\\\/\\\/www.europa-prefabri.com\\\/\",\"name\":\"Europa Prefabri | Alquiler y venta de construcciones modulares\",\"description\":\"Alquiler y venta de construcciones modulares, casetas de obra, marquesinas de aparcamiento y vallas y cerramientos.\",\"publisher\":{\"@id\":\"https:\\\/\\\/www.europa-prefabri.com\\\/#organization\"},\"potentialAction\":[{\"@type\":\"SearchAction\",\"target\":{\"@type\":\"EntryPoint\",\"urlTemplate\":\"https:\\\/\\\/www.europa-prefabri.com\\\/?s={search_term_string}\"},\"query-input\":{\"@type\":\"PropertyValueSpecification\",\"valueRequired\":true,\"valueName\":\"search_term_string\"}}],\"inLanguage\":\"fr-FR\"},{\"@type\":\"Organization\",\"@id\":\"https:\\\/\\\/www.europa-prefabri.com\\\/#organization\",\"name\":\"Prefabri S.L.\",\"url\":\"https:\\\/\\\/www.europa-prefabri.com\\\/\",\"logo\":{\"@type\":\"ImageObject\",\"inLanguage\":\"fr-FR\",\"@id\":\"https:\\\/\\\/www.europa-prefabri.com\\\/#\\\/schema\\\/logo\\\/image\\\/\",\"url\":\"https:\\\/\\\/www.europa-prefabri.com\\\/wp-content\\\/uploads\\\/EuropaPrefabri-Logo.jpg\",\"contentUrl\":\"https:\\\/\\\/www.europa-prefabri.com\\\/wp-content\\\/uploads\\\/EuropaPrefabri-Logo.jpg\",\"width\":752,\"height\":348,\"caption\":\"Prefabri S.L.\"},\"image\":{\"@id\":\"https:\\\/\\\/www.europa-prefabri.com\\\/#\\\/schema\\\/logo\\\/image\\\/\"},\"sameAs\":[\"https:\\\/\\\/www.facebook.com\\\/Europa-Prefabri-258328977572213\\\/\",\"https:\\\/\\\/x.com\\\/EuropaPrefabri\",\"https:\\\/\\\/www.instagram.com\\\/europaprefabri\\\/\",\"https:\\\/\\\/es.linkedin.com\\\/company\\\/europa-prefabri\",\"https:\\\/\\\/es.pinterest.com\\\/europaprefabri\\\/\",\"https:\\\/\\\/www.youtube.com\\\/user\\\/PrefabriSL\"]},{\"@type\":\"Person\",\"@id\":\"https:\\\/\\\/www.europa-prefabri.com\\\/#\\\/schema\\\/person\\\/2ab6be5821a7026cd8f16d2a9411e86e\",\"name\":\"admin\",\"image\":{\"@type\":\"ImageObject\",\"inLanguage\":\"fr-FR\",\"@id\":\"https:\\\/\\\/secure.gravatar.com\\\/avatar\\\/dc55d3f4b941a1510eef2620b2c166513788bd88ef72341333b6d0a859bacd3c?s=96&d=mm&r=g\",\"url\":\"https:\\\/\\\/secure.gravatar.com\\\/avatar\\\/dc55d3f4b941a1510eef2620b2c166513788bd88ef72341333b6d0a859bacd3c?s=96&d=mm&r=g\",\"contentUrl\":\"https:\\\/\\\/secure.gravatar.com\\\/avatar\\\/dc55d3f4b941a1510eef2620b2c166513788bd88ef72341333b6d0a859bacd3c?s=96&d=mm&r=g\",\"caption\":\"admin\"},\"sameAs\":[\"https:\\\/\\\/www.europa-prefabri.com\",\"https:\\\/\\\/x.com\\\/@EuropaPrefabri\"]}]}<\/script>\n<!-- \/ Yoast SEO plugin. -->","yoast_head_json":{"title":"Modules pr\u00e9fabriqu\u00e9s pour la fanzone de la Coupe du Roi 2017","description":"Nous avons r\u00e9alis\u00e9 la fourniture de modules pr\u00e9fabriqu\u00e9s pour la fanzone de la finale de la Coupe du Roi 2017du FB Barcelone situ\u00e9 \u00e0 Matadero.","robots":{"index":"index","follow":"follow","max-snippet":"max-snippet:-1","max-image-preview":"max-image-preview:large","max-video-preview":"max-video-preview:-1"},"canonical":"https:\/\/www.europa-prefabri.com\/fr\/modules-prefabriques-pour-la-fanzone\/","og_locale":"fr_FR","og_type":"article","og_title":"Modules pr\u00e9fabriqu\u00e9s pour la fanzone de la Coupe du Roi 2017","og_description":"Nous avons r\u00e9alis\u00e9 la fourniture de modules pr\u00e9fabriqu\u00e9s pour la fanzone de la finale de la Coupe du Roi 2017du FB Barcelone situ\u00e9 \u00e0 Matadero.","og_url":"https:\/\/www.europa-prefabri.com\/fr\/modules-prefabriques-pour-la-fanzone\/","og_site_name":"Europa Prefabri | Alquiler y venta de construcciones modulares","article_publisher":"https:\/\/www.facebook.com\/Europa-Prefabri-258328977572213\/","article_published_time":"2017-05-31T08:14:58+00:00","article_modified_time":"2017-05-31T09:47:05+00:00","og_image":[{"width":800,"height":600,"url":"https:\/\/www.europa-prefabri.com\/wp-content\/uploads\/Modulos-prefabricados-para-el-fanzone-de-la-final-de-la-Copa-del-Rey-2017-01.jpg","type":"image\/jpeg"}],"author":"admin","twitter_card":"summary_large_image","twitter_creator":"@EuropaPrefabri","twitter_site":"@EuropaPrefabri","twitter_misc":{"Written by":"admin","Est. reading time":"3 minutes"},"schema":{"@context":"https:\/\/schema.org","@graph":[{"@type":"Article","@id":"https:\/\/www.europa-prefabri.com\/fr\/modules-prefabriques-pour-la-fanzone\/#article","isPartOf":{"@id":"https:\/\/www.europa-prefabri.com\/fr\/modules-prefabriques-pour-la-fanzone\/"},"author":{"name":"admin","@id":"https:\/\/www.europa-prefabri.com\/#\/schema\/person\/2ab6be5821a7026cd8f16d2a9411e86e"},"headline":"Modules pr\u00e9fabriqu\u00e9s pour la fanzone de la finale de la Coupe du Roi du FC Barcelone","datePublished":"2017-05-31T08:14:58+00:00","dateModified":"2017-05-31T09:47:05+00:00","mainEntityOfPage":{"@id":"https:\/\/www.europa-prefabri.com\/fr\/modules-prefabriques-pour-la-fanzone\/"},"wordCount":590,"publisher":{"@id":"https:\/\/www.europa-prefabri.com\/#organization"},"image":{"@id":"https:\/\/www.europa-prefabri.com\/fr\/modules-prefabriques-pour-la-fanzone\/#primaryimage"},"thumbnailUrl":"https:\/\/www.europa-prefabri.com\/wp-content\/uploads\/Modulos-prefabricados-para-el-fanzone-de-la-final-de-la-Copa-del-Rey-2017-01.jpg","articleSection":["Projets"],"inLanguage":"fr-FR"},{"@type":"WebPage","@id":"https:\/\/www.europa-prefabri.com\/fr\/modules-prefabriques-pour-la-fanzone\/","url":"https:\/\/www.europa-prefabri.com\/fr\/modules-prefabriques-pour-la-fanzone\/","name":"Modules pr\u00e9fabriqu\u00e9s pour la fanzone de la Coupe du Roi 2017","isPartOf":{"@id":"https:\/\/www.europa-prefabri.com\/#website"},"primaryImageOfPage":{"@id":"https:\/\/www.europa-prefabri.com\/fr\/modules-prefabriques-pour-la-fanzone\/#primaryimage"},"image":{"@id":"https:\/\/www.europa-prefabri.com\/fr\/modules-prefabriques-pour-la-fanzone\/#primaryimage"},"thumbnailUrl":"https:\/\/www.europa-prefabri.com\/wp-content\/uploads\/Modulos-prefabricados-para-el-fanzone-de-la-final-de-la-Copa-del-Rey-2017-01.jpg","datePublished":"2017-05-31T08:14:58+00:00","dateModified":"2017-05-31T09:47:05+00:00","description":"Nous avons r\u00e9alis\u00e9 la fourniture de modules pr\u00e9fabriqu\u00e9s pour la fanzone de la finale de la Coupe du Roi 2017du FB Barcelone situ\u00e9 \u00e0 Matadero.","breadcrumb":{"@id":"https:\/\/www.europa-prefabri.com\/fr\/modules-prefabriques-pour-la-fanzone\/#breadcrumb"},"inLanguage":"fr-FR","potentialAction":[{"@type":"ReadAction","target":["https:\/\/www.europa-prefabri.com\/fr\/modules-prefabriques-pour-la-fanzone\/"]}]},{"@type":"ImageObject","inLanguage":"fr-FR","@id":"https:\/\/www.europa-prefabri.com\/fr\/modules-prefabriques-pour-la-fanzone\/#primaryimage","url":"https:\/\/www.europa-prefabri.com\/wp-content\/uploads\/Modulos-prefabricados-para-el-fanzone-de-la-final-de-la-Copa-del-Rey-2017-01.jpg","contentUrl":"https:\/\/www.europa-prefabri.com\/wp-content\/uploads\/Modulos-prefabricados-para-el-fanzone-de-la-final-de-la-Copa-del-Rey-2017-01.jpg","width":800,"height":600,"caption":"Modules pr\u00e9fabriqu\u00e9s pour la fanzone"},{"@type":"BreadcrumbList","@id":"https:\/\/www.europa-prefabri.com\/fr\/modules-prefabriques-pour-la-fanzone\/#breadcrumb","itemListElement":[{"@type":"ListItem","position":1,"name":"Portada","item":"https:\/\/www.europa-prefabri.com\/fr\/"},{"@type":"ListItem","position":2,"name":"Modules pr\u00e9fabriqu\u00e9s pour la fanzone de la finale de la Coupe du Roi du FC Barcelone"}]},{"@type":"WebSite","@id":"https:\/\/www.europa-prefabri.com\/#website","url":"https:\/\/www.europa-prefabri.com\/","name":"Europa Prefabri | Alquiler y venta de construcciones modulares","description":"Alquiler y venta de construcciones modulares, casetas de obra, marquesinas de aparcamiento y vallas y cerramientos.","publisher":{"@id":"https:\/\/www.europa-prefabri.com\/#organization"},"potentialAction":[{"@type":"SearchAction","target":{"@type":"EntryPoint","urlTemplate":"https:\/\/www.europa-prefabri.com\/?s={search_term_string}"},"query-input":{"@type":"PropertyValueSpecification","valueRequired":true,"valueName":"search_term_string"}}],"inLanguage":"fr-FR"},{"@type":"Organization","@id":"https:\/\/www.europa-prefabri.com\/#organization","name":"Prefabri S.L.","url":"https:\/\/www.europa-prefabri.com\/","logo":{"@type":"ImageObject","inLanguage":"fr-FR","@id":"https:\/\/www.europa-prefabri.com\/#\/schema\/logo\/image\/","url":"https:\/\/www.europa-prefabri.com\/wp-content\/uploads\/EuropaPrefabri-Logo.jpg","contentUrl":"https:\/\/www.europa-prefabri.com\/wp-content\/uploads\/EuropaPrefabri-Logo.jpg","width":752,"height":348,"caption":"Prefabri S.L."},"image":{"@id":"https:\/\/www.europa-prefabri.com\/#\/schema\/logo\/image\/"},"sameAs":["https:\/\/www.facebook.com\/Europa-Prefabri-258328977572213\/","https:\/\/x.com\/EuropaPrefabri","https:\/\/www.instagram.com\/europaprefabri\/","https:\/\/es.linkedin.com\/company\/europa-prefabri","https:\/\/es.pinterest.com\/europaprefabri\/","https:\/\/www.youtube.com\/user\/PrefabriSL"]},{"@type":"Person","@id":"https:\/\/www.europa-prefabri.com\/#\/schema\/person\/2ab6be5821a7026cd8f16d2a9411e86e","name":"admin","image":{"@type":"ImageObject","inLanguage":"fr-FR","@id":"https:\/\/secure.gravatar.com\/avatar\/dc55d3f4b941a1510eef2620b2c166513788bd88ef72341333b6d0a859bacd3c?s=96&d=mm&r=g","url":"https:\/\/secure.gravatar.com\/avatar\/dc55d3f4b941a1510eef2620b2c166513788bd88ef72341333b6d0a859bacd3c?s=96&d=mm&r=g","contentUrl":"https:\/\/secure.gravatar.com\/avatar\/dc55d3f4b941a1510eef2620b2c166513788bd88ef72341333b6d0a859bacd3c?s=96&d=mm&r=g","caption":"admin"},"sameAs":["https:\/\/www.europa-prefabri.com","https:\/\/x.com\/@EuropaPrefabri"]}]}},"_links":{"self":[{"href":"https:\/\/www.europa-prefabri.com\/fr\/wp-json\/wp\/v2\/posts\/16511","targetHints":{"allow":["GET"]}}],"collection":[{"href":"https:\/\/www.europa-prefabri.com\/fr\/wp-json\/wp\/v2\/posts"}],"about":[{"href":"https:\/\/www.europa-prefabri.com\/fr\/wp-json\/wp\/v2\/types\/post"}],"author":[{"embeddable":true,"href":"https:\/\/www.europa-prefabri.com\/fr\/wp-json\/wp\/v2\/users\/4"}],"replies":[{"embeddable":true,"href":"https:\/\/www.europa-prefabri.com\/fr\/wp-json\/wp\/v2\/comments?post=16511"}],"version-history":[{"count":0,"href":"https:\/\/www.europa-prefabri.com\/fr\/wp-json\/wp\/v2\/posts\/16511\/revisions"}],"wp:featuredmedia":[{"embeddable":true,"href":"https:\/\/www.europa-prefabri.com\/fr\/wp-json\/wp\/v2\/media\/16491"}],"wp:attachment":[{"href":"https:\/\/www.europa-prefabri.com\/fr\/wp-json\/wp\/v2\/media?parent=16511"}],"wp:term":[{"taxonomy":"category","embeddable":true,"href":"https:\/\/www.europa-prefabri.com\/fr\/wp-json\/wp\/v2\/categories?post=16511"},{"taxonomy":"post_tag","embeddable":true,"href":"https:\/\/www.europa-prefabri.com\/fr\/wp-json\/wp\/v2\/tags?post=16511"}],"curies":[{"name":"wp","href":"https:\/\/api.w.org\/{rel}","templated":true}]}}