{"id":16481,"date":"2017-05-30T13:04:33","date_gmt":"2017-05-30T11:04:33","guid":{"rendered":"http:\/\/www.europa-prefabri.com\/casetas-prefabricadas-en-alquiler\/"},"modified":"2017-05-31T10:25:24","modified_gmt":"2017-05-31T08:25:24","slug":"modules-prefabriques-en-location","status":"publish","type":"post","link":"https:\/\/www.europa-prefabri.com\/fr\/modules-prefabriques-en-location\/","title":{"rendered":"Accord-cadre avec l&#8217;Agence pour l&#8217;Emploi de la Communaut\u00e9 de Madrid pour la fourniture en location de modules pr\u00e9fabriqu\u00e9s"},"content":{"rendered":"\n\t\t<style type=\"text\/css\">\n\t\t\t#gallery-1 {\n\t\t\t\tmargin: auto;\n\t\t\t}\n\t\t\t#gallery-1 .gallery-item {\n\t\t\t\tfloat: left;\n\t\t\t\tmargin-top: 10px;\n\t\t\t\ttext-align: center;\n\t\t\t\twidth: 11%;\n\t\t\t}\n\t\t\t#gallery-1 img {\n\t\t\t\tborder: 2px solid #cfcfcf;\n\t\t\t}\n\t\t\t#gallery-1 .gallery-caption {\n\t\t\t\tmargin-left: 0;\n\t\t\t}\n\t\t\t\/* see gallery_shortcode() in wp-includes\/media.php *\/\n\t\t<\/style>\n\t\t<div id='gallery-1' class='gallery galleryid-16481 gallery-columns-9 gallery-size-thumbnail'><dl class='gallery-item'>\n\t\t\t<dt class='gallery-icon landscape'>\n\t\t\t\t<a href='https:\/\/www.europa-prefabri.com\/fr\/modules-prefabriques-en-location\/casetas-prefabricadas-en-alquiler-modelo-ana6000-2\/'><img loading=\"lazy\" decoding=\"async\" width=\"80\" height=\"80\" src=\"https:\/\/www.europa-prefabri.com\/wp-content\/uploads\/Casetas-prefabricadas-en-alquiler-modelo-ana6000-2-80x80.jpg\" class=\"attachment-thumbnail size-thumbnail\" alt=\"\" srcset=\"https:\/\/www.europa-prefabri.com\/wp-content\/uploads\/Casetas-prefabricadas-en-alquiler-modelo-ana6000-2-80x80.jpg 80w, https:\/\/www.europa-prefabri.com\/wp-content\/uploads\/Casetas-prefabricadas-en-alquiler-modelo-ana6000-2-36x36.jpg 36w, https:\/\/www.europa-prefabri.com\/wp-content\/uploads\/Casetas-prefabricadas-en-alquiler-modelo-ana6000-2-180x180.jpg 180w, https:\/\/www.europa-prefabri.com\/wp-content\/uploads\/Casetas-prefabricadas-en-alquiler-modelo-ana6000-2-120x120.jpg 120w, https:\/\/www.europa-prefabri.com\/wp-content\/uploads\/Casetas-prefabricadas-en-alquiler-modelo-ana6000-2-450x450.jpg 450w\" sizes=\"auto, (max-width: 80px) 100vw, 80px\" \/><\/a>\n\t\t\t<\/dt><\/dl><dl class='gallery-item'>\n\t\t\t<dt class='gallery-icon landscape'>\n\t\t\t\t<a href='https:\/\/www.europa-prefabri.com\/fr\/modules-prefabriques-en-location\/casetas-prefabricadas-en-alquiler-modelo-ana-8000-2\/'><img loading=\"lazy\" decoding=\"async\" width=\"80\" height=\"80\" src=\"https:\/\/www.europa-prefabri.com\/wp-content\/uploads\/Casetas-prefabricadas-en-alquiler-modelo-ana-8000-80x80.jpg\" class=\"attachment-thumbnail size-thumbnail\" alt=\"\" srcset=\"https:\/\/www.europa-prefabri.com\/wp-content\/uploads\/Casetas-prefabricadas-en-alquiler-modelo-ana-8000-80x80.jpg 80w, https:\/\/www.europa-prefabri.com\/wp-content\/uploads\/Casetas-prefabricadas-en-alquiler-modelo-ana-8000-36x36.jpg 36w, https:\/\/www.europa-prefabri.com\/wp-content\/uploads\/Casetas-prefabricadas-en-alquiler-modelo-ana-8000-180x180.jpg 180w, https:\/\/www.europa-prefabri.com\/wp-content\/uploads\/Casetas-prefabricadas-en-alquiler-modelo-ana-8000-120x120.jpg 120w, https:\/\/www.europa-prefabri.com\/wp-content\/uploads\/Casetas-prefabricadas-en-alquiler-modelo-ana-8000-450x450.jpg 450w\" sizes=\"auto, (max-width: 80px) 100vw, 80px\" \/><\/a>\n\t\t\t<\/dt><\/dl><dl class='gallery-item'>\n\t\t\t<dt class='gallery-icon landscape'>\n\t\t\t\t<a href='https:\/\/www.europa-prefabri.com\/fr\/modules-prefabriques-en-location\/casetas-prefabricadas-en-alquiler-modelo-sn30p-2\/'><img loading=\"lazy\" decoding=\"async\" width=\"80\" height=\"80\" src=\"https:\/\/www.europa-prefabri.com\/wp-content\/uploads\/Casetas-prefabricadas-en-alquiler-modelo-sn30p-80x80.jpg\" class=\"attachment-thumbnail size-thumbnail\" alt=\"\" srcset=\"https:\/\/www.europa-prefabri.com\/wp-content\/uploads\/Casetas-prefabricadas-en-alquiler-modelo-sn30p-80x80.jpg 80w, https:\/\/www.europa-prefabri.com\/wp-content\/uploads\/Casetas-prefabricadas-en-alquiler-modelo-sn30p-36x36.jpg 36w, https:\/\/www.europa-prefabri.com\/wp-content\/uploads\/Casetas-prefabricadas-en-alquiler-modelo-sn30p-180x180.jpg 180w, https:\/\/www.europa-prefabri.com\/wp-content\/uploads\/Casetas-prefabricadas-en-alquiler-modelo-sn30p-120x120.jpg 120w, https:\/\/www.europa-prefabri.com\/wp-content\/uploads\/Casetas-prefabricadas-en-alquiler-modelo-sn30p-450x450.jpg 450w\" sizes=\"auto, (max-width: 80px) 100vw, 80px\" \/><\/a>\n\t\t\t<\/dt><\/dl><dl class='gallery-item'>\n\t\t\t<dt class='gallery-icon landscape'>\n\t\t\t\t<a href='https:\/\/www.europa-prefabri.com\/fr\/modules-prefabriques-en-location\/casetas-prefabricadas-en-alquiler-modelo-c1-1-2\/'><img loading=\"lazy\" decoding=\"async\" width=\"80\" height=\"80\" src=\"https:\/\/www.europa-prefabri.com\/wp-content\/uploads\/Casetas-prefabricadas-en-alquiler-modelo-c1-1-80x80.jpg\" class=\"attachment-thumbnail size-thumbnail\" alt=\"\" srcset=\"https:\/\/www.europa-prefabri.com\/wp-content\/uploads\/Casetas-prefabricadas-en-alquiler-modelo-c1-1-80x80.jpg 80w, https:\/\/www.europa-prefabri.com\/wp-content\/uploads\/Casetas-prefabricadas-en-alquiler-modelo-c1-1-36x36.jpg 36w, https:\/\/www.europa-prefabri.com\/wp-content\/uploads\/Casetas-prefabricadas-en-alquiler-modelo-c1-1-180x180.jpg 180w, https:\/\/www.europa-prefabri.com\/wp-content\/uploads\/Casetas-prefabricadas-en-alquiler-modelo-c1-1-120x120.jpg 120w, https:\/\/www.europa-prefabri.com\/wp-content\/uploads\/Casetas-prefabricadas-en-alquiler-modelo-c1-1-450x450.jpg 450w\" sizes=\"auto, (max-width: 80px) 100vw, 80px\" \/><\/a>\n\t\t\t<\/dt><\/dl><dl class='gallery-item'>\n\t\t\t<dt class='gallery-icon landscape'>\n\t\t\t\t<a href='https:\/\/www.europa-prefabri.com\/fr\/modules-prefabriques-en-location\/casetas-prefabricadas-en-alquiler-modelo-c2-1-2\/'><img loading=\"lazy\" decoding=\"async\" width=\"80\" height=\"80\" src=\"https:\/\/www.europa-prefabri.com\/wp-content\/uploads\/Casetas-prefabricadas-en-alquiler-modelo-c2-1-80x80.jpg\" class=\"attachment-thumbnail size-thumbnail\" alt=\"\" srcset=\"https:\/\/www.europa-prefabri.com\/wp-content\/uploads\/Casetas-prefabricadas-en-alquiler-modelo-c2-1-80x80.jpg 80w, https:\/\/www.europa-prefabri.com\/wp-content\/uploads\/Casetas-prefabricadas-en-alquiler-modelo-c2-1-36x36.jpg 36w, https:\/\/www.europa-prefabri.com\/wp-content\/uploads\/Casetas-prefabricadas-en-alquiler-modelo-c2-1-180x180.jpg 180w, https:\/\/www.europa-prefabri.com\/wp-content\/uploads\/Casetas-prefabricadas-en-alquiler-modelo-c2-1-120x120.jpg 120w, https:\/\/www.europa-prefabri.com\/wp-content\/uploads\/Casetas-prefabricadas-en-alquiler-modelo-c2-1-450x450.jpg 450w\" sizes=\"auto, (max-width: 80px) 100vw, 80px\" \/><\/a>\n\t\t\t<\/dt><\/dl><dl class='gallery-item'>\n\t\t\t<dt class='gallery-icon landscape'>\n\t\t\t\t<a href='https:\/\/www.europa-prefabri.com\/fr\/modules-prefabriques-en-location\/casetas-prefabricadas-en-alquiler-modelo-sn6000-2\/'><img loading=\"lazy\" decoding=\"async\" width=\"80\" height=\"80\" src=\"https:\/\/www.europa-prefabri.com\/wp-content\/uploads\/Casetas-prefabricadas-en-alquiler-modelo-SN6000-80x80.jpg\" class=\"attachment-thumbnail size-thumbnail\" alt=\"\" srcset=\"https:\/\/www.europa-prefabri.com\/wp-content\/uploads\/Casetas-prefabricadas-en-alquiler-modelo-SN6000-80x80.jpg 80w, https:\/\/www.europa-prefabri.com\/wp-content\/uploads\/Casetas-prefabricadas-en-alquiler-modelo-SN6000-36x36.jpg 36w, https:\/\/www.europa-prefabri.com\/wp-content\/uploads\/Casetas-prefabricadas-en-alquiler-modelo-SN6000-180x180.jpg 180w, https:\/\/www.europa-prefabri.com\/wp-content\/uploads\/Casetas-prefabricadas-en-alquiler-modelo-SN6000-120x120.jpg 120w, https:\/\/www.europa-prefabri.com\/wp-content\/uploads\/Casetas-prefabricadas-en-alquiler-modelo-SN6000-450x450.jpg 450w\" sizes=\"auto, (max-width: 80px) 100vw, 80px\" \/><\/a>\n\t\t\t<\/dt><\/dl><dl class='gallery-item'>\n\t\t\t<dt class='gallery-icon landscape'>\n\t\t\t\t<a href='https:\/\/www.europa-prefabri.com\/fr\/modules-prefabriques-en-location\/casetas-prefabricadas-en-alquiler-modelo-lc10-2\/'><img loading=\"lazy\" decoding=\"async\" width=\"80\" height=\"80\" src=\"https:\/\/www.europa-prefabri.com\/wp-content\/uploads\/Casetas-prefabricadas-en-alquiler-modelo-LC10-80x80.jpg\" class=\"attachment-thumbnail size-thumbnail\" alt=\"\" srcset=\"https:\/\/www.europa-prefabri.com\/wp-content\/uploads\/Casetas-prefabricadas-en-alquiler-modelo-LC10-80x80.jpg 80w, https:\/\/www.europa-prefabri.com\/wp-content\/uploads\/Casetas-prefabricadas-en-alquiler-modelo-LC10-36x36.jpg 36w, https:\/\/www.europa-prefabri.com\/wp-content\/uploads\/Casetas-prefabricadas-en-alquiler-modelo-LC10-180x180.jpg 180w, https:\/\/www.europa-prefabri.com\/wp-content\/uploads\/Casetas-prefabricadas-en-alquiler-modelo-LC10-120x120.jpg 120w, https:\/\/www.europa-prefabri.com\/wp-content\/uploads\/Casetas-prefabricadas-en-alquiler-modelo-LC10-450x450.jpg 450w\" sizes=\"auto, (max-width: 80px) 100vw, 80px\" \/><\/a>\n\t\t\t<\/dt><\/dl>\n\t\t\t<br style='clear: both' \/>\n\t\t<\/div>\n\n<p>Europa Prefabri, groupe d&#8217;entreprises avec plus de 30 ans d&#8217;exp\u00e9rience dans le secteur de la\u00a0<a href=\"\/?page_id=3273\">construction modulaire<\/a>\u00a0et dans la conception, fabrication et installation d&#8217;<a href=\"\/?page_id=8685\">abris pour parking<\/a>, s&#8217;est vu \u00e9tablir un accord-cadre\u00a0pour la fourniture durant\u00a0deux ans de modules pr\u00e9fabriqu\u00e9s en location pour\u00a0l&#8217;<a href=\"http:\/\/www.madrid.es\/portales\/munimadrid\/es\/Inicio\/Ayuntamiento\/Oposiciones-y-Empleo\/Agencia-para-el-Empleo-de-Madrid?vgnextfmt=default&amp;vgnextoid=c65815fa10294110VgnVCM1000000b205a0aRCRD&amp;vgnextchannel=b16a171c30036010VgnVCM100000dc0ca8c0RCRD\" class=\"broken_link\">Agence pour l&#8217;Emploi de la communaut\u00e9 de Madrid<\/a>, pour une valeur allant jusqu&#8217;\u00e0 300.000 euros.<\/p>\n<h2>Bungalow de chantier\u00a0en location: caracteristiques techniques<\/h2>\n<p>Dans l&#8217;accord a \u00e9t\u00e9 stipul\u00e9\u00a0la location de ces mod\u00e8les de <a href=\"\/?p=3117\">modules\u00a0pr\u00e9fabriqu\u00e9s<\/a>:<\/p>\n<p><img loading=\"lazy\" decoding=\"async\" class=\"alignnone size-full wp-image-16441\" src=\"https:\/\/www.europa-prefabri.com\/wp-content\/uploads\/Casetas-prefabricadas-en-alquiler-modelo-ana6000-2.jpg\" alt=\"Casetas prefabricadas en alquiler - modelo ana6000\" width=\"800\" height=\"600\" srcset=\"https:\/\/www.europa-prefabri.com\/wp-content\/uploads\/Casetas-prefabricadas-en-alquiler-modelo-ana6000-2.jpg 800w, https:\/\/www.europa-prefabri.com\/wp-content\/uploads\/Casetas-prefabricadas-en-alquiler-modelo-ana6000-2-300x225.jpg 300w, https:\/\/www.europa-prefabri.com\/wp-content\/uploads\/Casetas-prefabricadas-en-alquiler-modelo-ana6000-2-768x576.jpg 768w, https:\/\/www.europa-prefabri.com\/wp-content\/uploads\/Casetas-prefabricadas-en-alquiler-modelo-ana6000-2-705x529.jpg 705w, https:\/\/www.europa-prefabri.com\/wp-content\/uploads\/Casetas-prefabricadas-en-alquiler-modelo-ana6000-2-450x338.jpg 450w\" sizes=\"auto, (max-width: 800px) 100vw, 800px\" \/><\/p>\n<ul>\n<li>Module pr\u00e9fabriqu\u00e9 diaphane d&#8217;approximativement 15 m<sup>2<\/sup>\u00a0de notre mod\u00e8le\u00a0ANA 6000:\n<ul>\n<li>avec isolation thermique<\/li>\n<li>dot\u00e9 de fenetres avec stores<\/li>\n<li>installation \u00e9l\u00e9ctrique pour divers\u00a0usages et \u00e9clairage<\/li>\n<li>climatisation hiver\/\u00e9t\u00e9<\/li>\n<\/ul>\n<\/li>\n<\/ul>\n<p><img loading=\"lazy\" decoding=\"async\" class=\"alignnone size-full wp-image-16437\" src=\"https:\/\/www.europa-prefabri.com\/wp-content\/uploads\/Casetas-prefabricadas-en-alquiler-modelo-ana-8000.jpg\" alt=\"Casetas prefabricadas en alquiler - modelo ana 8000\" width=\"800\" height=\"600\" srcset=\"https:\/\/www.europa-prefabri.com\/wp-content\/uploads\/Casetas-prefabricadas-en-alquiler-modelo-ana-8000.jpg 800w, https:\/\/www.europa-prefabri.com\/wp-content\/uploads\/Casetas-prefabricadas-en-alquiler-modelo-ana-8000-300x225.jpg 300w, https:\/\/www.europa-prefabri.com\/wp-content\/uploads\/Casetas-prefabricadas-en-alquiler-modelo-ana-8000-768x576.jpg 768w, https:\/\/www.europa-prefabri.com\/wp-content\/uploads\/Casetas-prefabricadas-en-alquiler-modelo-ana-8000-705x529.jpg 705w, https:\/\/www.europa-prefabri.com\/wp-content\/uploads\/Casetas-prefabricadas-en-alquiler-modelo-ana-8000-450x338.jpg 450w\" sizes=\"auto, (max-width: 800px) 100vw, 800px\" \/><\/p>\n<ul>\n<li>Modules pr\u00e9fabriqu\u00e9 diaphane d&#8217;approximativement 20 m<sup>2<\/sup>\u00a0de notre\u00a0mod\u00e8le\u00a0ANA 8000:\n<ul>\n<li>avec isolation thermque<\/li>\n<li>dot\u00e9 de fen\u00eatres avec stores<\/li>\n<li>installation \u00e9l\u00e9ctrique pour divers usages et \u00e9clairage<\/li>\n<li>climatisation hiver\/\u00e9t\u00e9<\/li>\n<\/ul>\n<\/li>\n<\/ul>\n<p><img loading=\"lazy\" decoding=\"async\" class=\"alignnone size-full wp-image-16453\" src=\"https:\/\/www.europa-prefabri.com\/wp-content\/uploads\/Casetas-prefabricadas-en-alquiler-modelo-c2-1.jpg\" alt=\"Casetas prefabricadas en alquiler - modelo c2 1\" width=\"800\" height=\"600\" srcset=\"https:\/\/www.europa-prefabri.com\/wp-content\/uploads\/Casetas-prefabricadas-en-alquiler-modelo-c2-1.jpg 800w, https:\/\/www.europa-prefabri.com\/wp-content\/uploads\/Casetas-prefabricadas-en-alquiler-modelo-c2-1-300x225.jpg 300w, https:\/\/www.europa-prefabri.com\/wp-content\/uploads\/Casetas-prefabricadas-en-alquiler-modelo-c2-1-768x576.jpg 768w, https:\/\/www.europa-prefabri.com\/wp-content\/uploads\/Casetas-prefabricadas-en-alquiler-modelo-c2-1-705x529.jpg 705w, https:\/\/www.europa-prefabri.com\/wp-content\/uploads\/Casetas-prefabricadas-en-alquiler-modelo-c2-1-450x338.jpg 450w\" sizes=\"auto, (max-width: 800px) 100vw, 800px\" \/><\/p>\n<ul>\n<li>Modules pr\u00e9fabriqu\u00e9s avec toilettes et bureaux d&#8217;approximativement 15 m<sup>2<\/sup>\u00a0de notre mod\u00e8le\u00a0C-2:\n<ul>\n<li>avec isolation thermique<\/li>\n<li>dot\u00e9 de fen\u00eatres avec stores<\/li>\n<li>installation \u00e9l\u00e9ctrique pour divers usages et \u00e9clairage<\/li>\n<li>climatisation hiver\/\u00e9t\u00e9<\/li>\n<li>lavabo et\u00a0WC<\/li>\n<\/ul>\n<\/li>\n<\/ul>\n<p><img loading=\"lazy\" decoding=\"async\" class=\"alignnone size-full wp-image-16449\" src=\"https:\/\/www.europa-prefabri.com\/wp-content\/uploads\/Casetas-prefabricadas-en-alquiler-modelo-c1-1.jpg\" alt=\"Casetas prefabricadas en alquiler - modelo c1 1\" width=\"800\" height=\"600\" srcset=\"https:\/\/www.europa-prefabri.com\/wp-content\/uploads\/Casetas-prefabricadas-en-alquiler-modelo-c1-1.jpg 800w, https:\/\/www.europa-prefabri.com\/wp-content\/uploads\/Casetas-prefabricadas-en-alquiler-modelo-c1-1-300x225.jpg 300w, https:\/\/www.europa-prefabri.com\/wp-content\/uploads\/Casetas-prefabricadas-en-alquiler-modelo-c1-1-768x576.jpg 768w, https:\/\/www.europa-prefabri.com\/wp-content\/uploads\/Casetas-prefabricadas-en-alquiler-modelo-c1-1-705x529.jpg 705w, https:\/\/www.europa-prefabri.com\/wp-content\/uploads\/Casetas-prefabricadas-en-alquiler-modelo-c1-1-450x338.jpg 450w\" sizes=\"auto, (max-width: 800px) 100vw, 800px\" \/><\/p>\n<ul>\n<li>Modules pr\u00e9fabriqu\u00e9s avec deux bureaux d&#8217;approximativement 15 m<sup>2<\/sup>\u00a0de notre mod\u00e8le\u00a0C-1:\n<ul>\n<li>avec isolation thermique<\/li>\n<li>dot\u00e9 de fen\u00eatres avec stores<\/li>\n<li>installation \u00e9lectrique pour divers usages et \u00e9clairage<\/li>\n<li>climatisation hiver\/\u00e9t\u00e9<\/li>\n<\/ul>\n<\/li>\n<\/ul>\n<p><img loading=\"lazy\" decoding=\"async\" class=\"alignnone size-full wp-image-16445\" src=\"https:\/\/www.europa-prefabri.com\/wp-content\/uploads\/Casetas-prefabricadas-en-alquiler-modelo-sn30p.jpg\" alt=\"Casetas prefabricadas en alquiler - modelo sn30p\" width=\"800\" height=\"600\" srcset=\"https:\/\/www.europa-prefabri.com\/wp-content\/uploads\/Casetas-prefabricadas-en-alquiler-modelo-sn30p.jpg 800w, https:\/\/www.europa-prefabri.com\/wp-content\/uploads\/Casetas-prefabricadas-en-alquiler-modelo-sn30p-300x225.jpg 300w, https:\/\/www.europa-prefabri.com\/wp-content\/uploads\/Casetas-prefabricadas-en-alquiler-modelo-sn30p-768x576.jpg 768w, https:\/\/www.europa-prefabri.com\/wp-content\/uploads\/Casetas-prefabricadas-en-alquiler-modelo-sn30p-705x529.jpg 705w, https:\/\/www.europa-prefabri.com\/wp-content\/uploads\/Casetas-prefabricadas-en-alquiler-modelo-sn30p-450x338.jpg 450w\" sizes=\"auto, (max-width: 800px) 100vw, 800px\" \/><\/p>\n<ul>\n<li>Modules pr\u00e9fabriqu\u00e9s isol\u00e9s sanitaires avec douches et WC d&#8217;approximativement\u00a015 m<sup>2<\/sup>\u00a0de notre mod\u00e8le\u00a0SN30P:\n<ul>\n<li>avec isolation thermique<\/li>\n<li>dot\u00e9 de fen\u00eatre ave stores<\/li>\n<li>installation \u00e9l\u00e9ctrique pour divers usages et \u00e9clairage<\/li>\n<li>climatizsation hiver\/\u00e9t\u00e9<\/li>\n<li>lavabos et\u00a0WCs<\/li>\n<li>Douches, robinets et chaudi\u00e8re \u00e9l\u00e9ctrique<\/li>\n<\/ul>\n<\/li>\n<\/ul>\n<p><img loading=\"lazy\" decoding=\"async\" class=\"alignnone size-full wp-image-16457\" src=\"https:\/\/www.europa-prefabri.com\/wp-content\/uploads\/Casetas-prefabricadas-en-alquiler-modelo-SN6000.jpg\" alt=\"Casetas prefabricadas en alquiler - modelo SN6000\" width=\"800\" height=\"600\" srcset=\"https:\/\/www.europa-prefabri.com\/wp-content\/uploads\/Casetas-prefabricadas-en-alquiler-modelo-SN6000.jpg 800w, https:\/\/www.europa-prefabri.com\/wp-content\/uploads\/Casetas-prefabricadas-en-alquiler-modelo-SN6000-300x225.jpg 300w, https:\/\/www.europa-prefabri.com\/wp-content\/uploads\/Casetas-prefabricadas-en-alquiler-modelo-SN6000-768x576.jpg 768w, https:\/\/www.europa-prefabri.com\/wp-content\/uploads\/Casetas-prefabricadas-en-alquiler-modelo-SN6000-705x529.jpg 705w, https:\/\/www.europa-prefabri.com\/wp-content\/uploads\/Casetas-prefabricadas-en-alquiler-modelo-SN6000-450x338.jpg 450w\" sizes=\"auto, (max-width: 800px) 100vw, 800px\" \/><\/p>\n<ul>\n<li>Modules pr\u00e9fabriqu\u00e9s sanitaires avec toilettes d&#8217;approximativement 15 m<sup>2<\/sup>\u00a0de notre mod\u00e8le\u00a0SN6000:\n<ul>\n<li>avec isolation thermique<\/li>\n<li>dot\u00e9 de fen\u00eatres avec stores<\/li>\n<li>installation \u00e9l\u00e9ctrique pour divers usages et \u00e9clairage<\/li>\n<li>climatisation hiver\/\u00e9t\u00e9<\/li>\n<li>lavabos et\u00a0WCs<\/li>\n<\/ul>\n<\/li>\n<\/ul>\n<p><img loading=\"lazy\" decoding=\"async\" class=\"alignnone size-full wp-image-16462\" src=\"https:\/\/www.europa-prefabri.com\/wp-content\/uploads\/Casetas-prefabricadas-en-alquiler-modelo-LC10.jpg\" alt=\"Casetas prefabricadas en alquiler - modelo LC10\" width=\"800\" height=\"600\" srcset=\"https:\/\/www.europa-prefabri.com\/wp-content\/uploads\/Casetas-prefabricadas-en-alquiler-modelo-LC10.jpg 800w, https:\/\/www.europa-prefabri.com\/wp-content\/uploads\/Casetas-prefabricadas-en-alquiler-modelo-LC10-300x225.jpg 300w, https:\/\/www.europa-prefabri.com\/wp-content\/uploads\/Casetas-prefabricadas-en-alquiler-modelo-LC10-768x576.jpg 768w, https:\/\/www.europa-prefabri.com\/wp-content\/uploads\/Casetas-prefabricadas-en-alquiler-modelo-LC10-705x529.jpg 705w, https:\/\/www.europa-prefabri.com\/wp-content\/uploads\/Casetas-prefabricadas-en-alquiler-modelo-LC10-450x338.jpg 450w\" sizes=\"auto, (max-width: 800px) 100vw, 800px\" \/><\/p>\n<ul>\n<li>Containers\u00a0de\u00a08\u00a0m<sup>2 <\/sup>\u00a0avec isolation thermique de notre mod\u00e8le LC10<\/li>\n<\/ul>\n<p><img loading=\"lazy\" decoding=\"async\" class=\"alignnone size-full wp-image-16466\" src=\"https:\/\/www.europa-prefabri.com\/wp-content\/uploads\/Casetas-prefabricadas-en-alquiler-modelo-LC120.jpg\" alt=\"Casetas prefabricadas en alquiler - modelo LC120\" width=\"800\" height=\"600\" \/><\/p>\n<ul>\n<li>Containers\u00a0d&#8217;approximativement 15 m<sup>2\u00a0<\/sup>avec isolation thermique de notre mod\u00e8le thermique de notre mod\u00e8le LC120<\/li>\n<\/ul>\n<p>\u00c9galement, le Groupe Europa Prefabri r\u00e9alisera le transport, l&#8217;installation et l&#8217;entretien \u00a0de tous les modules en location.<\/p>\n","protected":false},"excerpt":{"rendered":"<p>Europa Prefabri, groupe d&#8217;entreprises avec plus de 30 ans d&#8217;exp\u00e9rience dans le secteur de la\u00a0construction modulaire\u00a0et dans la conception, fabrication et installation d&#8217;abris pour parking, s&#8217;est vu \u00e9tablir un accord-cadre\u00a0pour la fourniture durant\u00a0deux ans de modules pr\u00e9fabriqu\u00e9s en location pour\u00a0l&#8217;Agence pour l&#8217;Emploi de la communaut\u00e9 de Madrid, pour une valeur allant jusqu&#8217;\u00e0 300.000 euros. Bungalow [&hellip;]<\/p>\n","protected":false},"author":4,"featured_media":16477,"comment_status":"closed","ping_status":"closed","sticky":false,"template":"","format":"standard","meta":{"footnotes":""},"categories":[58],"tags":[],"class_list":["post-16481","post","type-post","status-publish","format-standard","has-post-thumbnail","hentry","category-projets"],"yoast_head":"<!-- This site is optimized with the Yoast SEO plugin v27.5 - https:\/\/yoast.com\/product\/yoast-seo-wordpress\/ -->\n<title>Modules pr\u00e9fabriqu\u00e9s en location pour l&#039;Agence d&#039;Emploi de Madrid<\/title>\n<meta name=\"description\" content=\"Le groupe Europa Prefabri s&#039;est vu \u00e9tablir un accord-cadre pour la fourniture de modules pr\u00e9fabriqu\u00e9s en location pour l&#039;Agence d&#039;Emploi de Madrid.\" \/>\n<meta name=\"robots\" content=\"index, follow, max-snippet:-1, max-image-preview:large, max-video-preview:-1\" \/>\n<link rel=\"canonical\" href=\"https:\/\/www.europa-prefabri.com\/fr\/modules-prefabriques-en-location\/\" \/>\n<meta property=\"og:locale\" content=\"fr_FR\" \/>\n<meta property=\"og:type\" content=\"article\" \/>\n<meta property=\"og:title\" content=\"Modules pr\u00e9fabriqu\u00e9s en location pour l&#039;Agence d&#039;Emploi de Madrid\" \/>\n<meta property=\"og:description\" content=\"Le groupe Europa Prefabri s&#039;est vu \u00e9tablir un accord-cadre pour la fourniture de modules pr\u00e9fabriqu\u00e9s en location pour l&#039;Agence d&#039;Emploi de Madrid.\" \/>\n<meta property=\"og:url\" content=\"https:\/\/www.europa-prefabri.com\/fr\/modules-prefabriques-en-location\/\" \/>\n<meta property=\"og:site_name\" content=\"Europa Prefabri | Alquiler y venta de construcciones modulares\" \/>\n<meta property=\"article:publisher\" content=\"https:\/\/www.facebook.com\/Europa-Prefabri-258328977572213\/\" \/>\n<meta property=\"article:published_time\" content=\"2017-05-30T11:04:33+00:00\" \/>\n<meta property=\"article:modified_time\" content=\"2017-05-31T08:25:24+00:00\" \/>\n<meta property=\"og:image\" content=\"https:\/\/www.europa-prefabri.com\/wp-content\/uploads\/casetas-prefabricadas-en-alquiler-1.png\" \/>\n\t<meta property=\"og:image:width\" content=\"800\" \/>\n\t<meta property=\"og:image:height\" content=\"600\" \/>\n\t<meta property=\"og:image:type\" content=\"image\/png\" \/>\n<meta name=\"author\" content=\"admin\" \/>\n<meta name=\"twitter:card\" content=\"summary_large_image\" \/>\n<meta name=\"twitter:creator\" content=\"@EuropaPrefabri\" \/>\n<meta name=\"twitter:site\" content=\"@EuropaPrefabri\" \/>\n<meta name=\"twitter:label1\" content=\"Written by\" \/>\n\t<meta name=\"twitter:data1\" content=\"admin\" \/>\n\t<meta name=\"twitter:label2\" content=\"Est. reading time\" \/>\n\t<meta name=\"twitter:data2\" content=\"2 minutes\" \/>\n<script type=\"application\/ld+json\" class=\"yoast-schema-graph\">{\"@context\":\"https:\\\/\\\/schema.org\",\"@graph\":[{\"@type\":\"Article\",\"@id\":\"https:\\\/\\\/www.europa-prefabri.com\\\/fr\\\/modules-prefabriques-en-location\\\/#article\",\"isPartOf\":{\"@id\":\"https:\\\/\\\/www.europa-prefabri.com\\\/fr\\\/modules-prefabriques-en-location\\\/\"},\"author\":{\"name\":\"admin\",\"@id\":\"https:\\\/\\\/www.europa-prefabri.com\\\/#\\\/schema\\\/person\\\/2ab6be5821a7026cd8f16d2a9411e86e\"},\"headline\":\"Accord-cadre avec l&#8217;Agence pour l&#8217;Emploi de la Communaut\u00e9 de Madrid pour la fourniture en location de modules pr\u00e9fabriqu\u00e9s\",\"datePublished\":\"2017-05-30T11:04:33+00:00\",\"dateModified\":\"2017-05-31T08:25:24+00:00\",\"mainEntityOfPage\":{\"@id\":\"https:\\\/\\\/www.europa-prefabri.com\\\/fr\\\/modules-prefabriques-en-location\\\/\"},\"wordCount\":369,\"publisher\":{\"@id\":\"https:\\\/\\\/www.europa-prefabri.com\\\/#organization\"},\"image\":{\"@id\":\"https:\\\/\\\/www.europa-prefabri.com\\\/fr\\\/modules-prefabriques-en-location\\\/#primaryimage\"},\"thumbnailUrl\":\"https:\\\/\\\/www.europa-prefabri.com\\\/wp-content\\\/uploads\\\/casetas-prefabricadas-en-alquiler-1.png\",\"articleSection\":[\"Projets\"],\"inLanguage\":\"fr-FR\"},{\"@type\":\"WebPage\",\"@id\":\"https:\\\/\\\/www.europa-prefabri.com\\\/fr\\\/modules-prefabriques-en-location\\\/\",\"url\":\"https:\\\/\\\/www.europa-prefabri.com\\\/fr\\\/modules-prefabriques-en-location\\\/\",\"name\":\"Modules pr\u00e9fabriqu\u00e9s en location pour l'Agence d'Emploi de Madrid\",\"isPartOf\":{\"@id\":\"https:\\\/\\\/www.europa-prefabri.com\\\/#website\"},\"primaryImageOfPage\":{\"@id\":\"https:\\\/\\\/www.europa-prefabri.com\\\/fr\\\/modules-prefabriques-en-location\\\/#primaryimage\"},\"image\":{\"@id\":\"https:\\\/\\\/www.europa-prefabri.com\\\/fr\\\/modules-prefabriques-en-location\\\/#primaryimage\"},\"thumbnailUrl\":\"https:\\\/\\\/www.europa-prefabri.com\\\/wp-content\\\/uploads\\\/casetas-prefabricadas-en-alquiler-1.png\",\"datePublished\":\"2017-05-30T11:04:33+00:00\",\"dateModified\":\"2017-05-31T08:25:24+00:00\",\"description\":\"Le groupe Europa Prefabri s'est vu \u00e9tablir un accord-cadre pour la fourniture de modules pr\u00e9fabriqu\u00e9s en location pour l'Agence d'Emploi de Madrid.\",\"breadcrumb\":{\"@id\":\"https:\\\/\\\/www.europa-prefabri.com\\\/fr\\\/modules-prefabriques-en-location\\\/#breadcrumb\"},\"inLanguage\":\"fr-FR\",\"potentialAction\":[{\"@type\":\"ReadAction\",\"target\":[\"https:\\\/\\\/www.europa-prefabri.com\\\/fr\\\/modules-prefabriques-en-location\\\/\"]}]},{\"@type\":\"ImageObject\",\"inLanguage\":\"fr-FR\",\"@id\":\"https:\\\/\\\/www.europa-prefabri.com\\\/fr\\\/modules-prefabriques-en-location\\\/#primaryimage\",\"url\":\"https:\\\/\\\/www.europa-prefabri.com\\\/wp-content\\\/uploads\\\/casetas-prefabricadas-en-alquiler-1.png\",\"contentUrl\":\"https:\\\/\\\/www.europa-prefabri.com\\\/wp-content\\\/uploads\\\/casetas-prefabricadas-en-alquiler-1.png\",\"width\":800,\"height\":600,\"caption\":\"Modules pr\u00e9fabriqu\u00e9s en location pour l'Agence d'Emploi de Madrid\"},{\"@type\":\"BreadcrumbList\",\"@id\":\"https:\\\/\\\/www.europa-prefabri.com\\\/fr\\\/modules-prefabriques-en-location\\\/#breadcrumb\",\"itemListElement\":[{\"@type\":\"ListItem\",\"position\":1,\"name\":\"Portada\",\"item\":\"https:\\\/\\\/www.europa-prefabri.com\\\/fr\\\/\"},{\"@type\":\"ListItem\",\"position\":2,\"name\":\"Accord-cadre avec l&rsquo;Agence pour l&rsquo;Emploi de la Communaut\u00e9 de Madrid pour la fourniture en location de modules pr\u00e9fabriqu\u00e9s\"}]},{\"@type\":\"WebSite\",\"@id\":\"https:\\\/\\\/www.europa-prefabri.com\\\/#website\",\"url\":\"https:\\\/\\\/www.europa-prefabri.com\\\/\",\"name\":\"Europa Prefabri | Alquiler y venta de construcciones modulares\",\"description\":\"Alquiler y venta de construcciones modulares, casetas de obra, marquesinas de aparcamiento y vallas y cerramientos.\",\"publisher\":{\"@id\":\"https:\\\/\\\/www.europa-prefabri.com\\\/#organization\"},\"potentialAction\":[{\"@type\":\"SearchAction\",\"target\":{\"@type\":\"EntryPoint\",\"urlTemplate\":\"https:\\\/\\\/www.europa-prefabri.com\\\/?s={search_term_string}\"},\"query-input\":{\"@type\":\"PropertyValueSpecification\",\"valueRequired\":true,\"valueName\":\"search_term_string\"}}],\"inLanguage\":\"fr-FR\"},{\"@type\":\"Organization\",\"@id\":\"https:\\\/\\\/www.europa-prefabri.com\\\/#organization\",\"name\":\"Prefabri S.L.\",\"url\":\"https:\\\/\\\/www.europa-prefabri.com\\\/\",\"logo\":{\"@type\":\"ImageObject\",\"inLanguage\":\"fr-FR\",\"@id\":\"https:\\\/\\\/www.europa-prefabri.com\\\/#\\\/schema\\\/logo\\\/image\\\/\",\"url\":\"https:\\\/\\\/www.europa-prefabri.com\\\/wp-content\\\/uploads\\\/EuropaPrefabri-Logo.jpg\",\"contentUrl\":\"https:\\\/\\\/www.europa-prefabri.com\\\/wp-content\\\/uploads\\\/EuropaPrefabri-Logo.jpg\",\"width\":752,\"height\":348,\"caption\":\"Prefabri S.L.\"},\"image\":{\"@id\":\"https:\\\/\\\/www.europa-prefabri.com\\\/#\\\/schema\\\/logo\\\/image\\\/\"},\"sameAs\":[\"https:\\\/\\\/www.facebook.com\\\/Europa-Prefabri-258328977572213\\\/\",\"https:\\\/\\\/x.com\\\/EuropaPrefabri\",\"https:\\\/\\\/www.instagram.com\\\/europaprefabri\\\/\",\"https:\\\/\\\/es.linkedin.com\\\/company\\\/europa-prefabri\",\"https:\\\/\\\/es.pinterest.com\\\/europaprefabri\\\/\",\"https:\\\/\\\/www.youtube.com\\\/user\\\/PrefabriSL\"]},{\"@type\":\"Person\",\"@id\":\"https:\\\/\\\/www.europa-prefabri.com\\\/#\\\/schema\\\/person\\\/2ab6be5821a7026cd8f16d2a9411e86e\",\"name\":\"admin\",\"image\":{\"@type\":\"ImageObject\",\"inLanguage\":\"fr-FR\",\"@id\":\"https:\\\/\\\/secure.gravatar.com\\\/avatar\\\/dc55d3f4b941a1510eef2620b2c166513788bd88ef72341333b6d0a859bacd3c?s=96&d=mm&r=g\",\"url\":\"https:\\\/\\\/secure.gravatar.com\\\/avatar\\\/dc55d3f4b941a1510eef2620b2c166513788bd88ef72341333b6d0a859bacd3c?s=96&d=mm&r=g\",\"contentUrl\":\"https:\\\/\\\/secure.gravatar.com\\\/avatar\\\/dc55d3f4b941a1510eef2620b2c166513788bd88ef72341333b6d0a859bacd3c?s=96&d=mm&r=g\",\"caption\":\"admin\"},\"sameAs\":[\"https:\\\/\\\/www.europa-prefabri.com\",\"https:\\\/\\\/x.com\\\/@EuropaPrefabri\"]}]}<\/script>\n<!-- \/ Yoast SEO plugin. -->","yoast_head_json":{"title":"Modules pr\u00e9fabriqu\u00e9s en location pour l'Agence d'Emploi de Madrid","description":"Le groupe Europa Prefabri s'est vu \u00e9tablir un accord-cadre pour la fourniture de modules pr\u00e9fabriqu\u00e9s en location pour l'Agence d'Emploi de Madrid.","robots":{"index":"index","follow":"follow","max-snippet":"max-snippet:-1","max-image-preview":"max-image-preview:large","max-video-preview":"max-video-preview:-1"},"canonical":"https:\/\/www.europa-prefabri.com\/fr\/modules-prefabriques-en-location\/","og_locale":"fr_FR","og_type":"article","og_title":"Modules pr\u00e9fabriqu\u00e9s en location pour l'Agence d'Emploi de Madrid","og_description":"Le groupe Europa Prefabri s'est vu \u00e9tablir un accord-cadre pour la fourniture de modules pr\u00e9fabriqu\u00e9s en location pour l'Agence d'Emploi de Madrid.","og_url":"https:\/\/www.europa-prefabri.com\/fr\/modules-prefabriques-en-location\/","og_site_name":"Europa Prefabri | Alquiler y venta de construcciones modulares","article_publisher":"https:\/\/www.facebook.com\/Europa-Prefabri-258328977572213\/","article_published_time":"2017-05-30T11:04:33+00:00","article_modified_time":"2017-05-31T08:25:24+00:00","og_image":[{"width":800,"height":600,"url":"https:\/\/www.europa-prefabri.com\/wp-content\/uploads\/casetas-prefabricadas-en-alquiler-1.png","type":"image\/png"}],"author":"admin","twitter_card":"summary_large_image","twitter_creator":"@EuropaPrefabri","twitter_site":"@EuropaPrefabri","twitter_misc":{"Written by":"admin","Est. reading time":"2 minutes"},"schema":{"@context":"https:\/\/schema.org","@graph":[{"@type":"Article","@id":"https:\/\/www.europa-prefabri.com\/fr\/modules-prefabriques-en-location\/#article","isPartOf":{"@id":"https:\/\/www.europa-prefabri.com\/fr\/modules-prefabriques-en-location\/"},"author":{"name":"admin","@id":"https:\/\/www.europa-prefabri.com\/#\/schema\/person\/2ab6be5821a7026cd8f16d2a9411e86e"},"headline":"Accord-cadre avec l&#8217;Agence pour l&#8217;Emploi de la Communaut\u00e9 de Madrid pour la fourniture en location de modules pr\u00e9fabriqu\u00e9s","datePublished":"2017-05-30T11:04:33+00:00","dateModified":"2017-05-31T08:25:24+00:00","mainEntityOfPage":{"@id":"https:\/\/www.europa-prefabri.com\/fr\/modules-prefabriques-en-location\/"},"wordCount":369,"publisher":{"@id":"https:\/\/www.europa-prefabri.com\/#organization"},"image":{"@id":"https:\/\/www.europa-prefabri.com\/fr\/modules-prefabriques-en-location\/#primaryimage"},"thumbnailUrl":"https:\/\/www.europa-prefabri.com\/wp-content\/uploads\/casetas-prefabricadas-en-alquiler-1.png","articleSection":["Projets"],"inLanguage":"fr-FR"},{"@type":"WebPage","@id":"https:\/\/www.europa-prefabri.com\/fr\/modules-prefabriques-en-location\/","url":"https:\/\/www.europa-prefabri.com\/fr\/modules-prefabriques-en-location\/","name":"Modules pr\u00e9fabriqu\u00e9s en location pour l'Agence d'Emploi de Madrid","isPartOf":{"@id":"https:\/\/www.europa-prefabri.com\/#website"},"primaryImageOfPage":{"@id":"https:\/\/www.europa-prefabri.com\/fr\/modules-prefabriques-en-location\/#primaryimage"},"image":{"@id":"https:\/\/www.europa-prefabri.com\/fr\/modules-prefabriques-en-location\/#primaryimage"},"thumbnailUrl":"https:\/\/www.europa-prefabri.com\/wp-content\/uploads\/casetas-prefabricadas-en-alquiler-1.png","datePublished":"2017-05-30T11:04:33+00:00","dateModified":"2017-05-31T08:25:24+00:00","description":"Le groupe Europa Prefabri s'est vu \u00e9tablir un accord-cadre pour la fourniture de modules pr\u00e9fabriqu\u00e9s en location pour l'Agence d'Emploi de Madrid.","breadcrumb":{"@id":"https:\/\/www.europa-prefabri.com\/fr\/modules-prefabriques-en-location\/#breadcrumb"},"inLanguage":"fr-FR","potentialAction":[{"@type":"ReadAction","target":["https:\/\/www.europa-prefabri.com\/fr\/modules-prefabriques-en-location\/"]}]},{"@type":"ImageObject","inLanguage":"fr-FR","@id":"https:\/\/www.europa-prefabri.com\/fr\/modules-prefabriques-en-location\/#primaryimage","url":"https:\/\/www.europa-prefabri.com\/wp-content\/uploads\/casetas-prefabricadas-en-alquiler-1.png","contentUrl":"https:\/\/www.europa-prefabri.com\/wp-content\/uploads\/casetas-prefabricadas-en-alquiler-1.png","width":800,"height":600,"caption":"Modules pr\u00e9fabriqu\u00e9s en location pour l'Agence d'Emploi de Madrid"},{"@type":"BreadcrumbList","@id":"https:\/\/www.europa-prefabri.com\/fr\/modules-prefabriques-en-location\/#breadcrumb","itemListElement":[{"@type":"ListItem","position":1,"name":"Portada","item":"https:\/\/www.europa-prefabri.com\/fr\/"},{"@type":"ListItem","position":2,"name":"Accord-cadre avec l&rsquo;Agence pour l&rsquo;Emploi de la Communaut\u00e9 de Madrid pour la fourniture en location de modules pr\u00e9fabriqu\u00e9s"}]},{"@type":"WebSite","@id":"https:\/\/www.europa-prefabri.com\/#website","url":"https:\/\/www.europa-prefabri.com\/","name":"Europa Prefabri | Alquiler y venta de construcciones modulares","description":"Alquiler y venta de construcciones modulares, casetas de obra, marquesinas de aparcamiento y vallas y cerramientos.","publisher":{"@id":"https:\/\/www.europa-prefabri.com\/#organization"},"potentialAction":[{"@type":"SearchAction","target":{"@type":"EntryPoint","urlTemplate":"https:\/\/www.europa-prefabri.com\/?s={search_term_string}"},"query-input":{"@type":"PropertyValueSpecification","valueRequired":true,"valueName":"search_term_string"}}],"inLanguage":"fr-FR"},{"@type":"Organization","@id":"https:\/\/www.europa-prefabri.com\/#organization","name":"Prefabri S.L.","url":"https:\/\/www.europa-prefabri.com\/","logo":{"@type":"ImageObject","inLanguage":"fr-FR","@id":"https:\/\/www.europa-prefabri.com\/#\/schema\/logo\/image\/","url":"https:\/\/www.europa-prefabri.com\/wp-content\/uploads\/EuropaPrefabri-Logo.jpg","contentUrl":"https:\/\/www.europa-prefabri.com\/wp-content\/uploads\/EuropaPrefabri-Logo.jpg","width":752,"height":348,"caption":"Prefabri S.L."},"image":{"@id":"https:\/\/www.europa-prefabri.com\/#\/schema\/logo\/image\/"},"sameAs":["https:\/\/www.facebook.com\/Europa-Prefabri-258328977572213\/","https:\/\/x.com\/EuropaPrefabri","https:\/\/www.instagram.com\/europaprefabri\/","https:\/\/es.linkedin.com\/company\/europa-prefabri","https:\/\/es.pinterest.com\/europaprefabri\/","https:\/\/www.youtube.com\/user\/PrefabriSL"]},{"@type":"Person","@id":"https:\/\/www.europa-prefabri.com\/#\/schema\/person\/2ab6be5821a7026cd8f16d2a9411e86e","name":"admin","image":{"@type":"ImageObject","inLanguage":"fr-FR","@id":"https:\/\/secure.gravatar.com\/avatar\/dc55d3f4b941a1510eef2620b2c166513788bd88ef72341333b6d0a859bacd3c?s=96&d=mm&r=g","url":"https:\/\/secure.gravatar.com\/avatar\/dc55d3f4b941a1510eef2620b2c166513788bd88ef72341333b6d0a859bacd3c?s=96&d=mm&r=g","contentUrl":"https:\/\/secure.gravatar.com\/avatar\/dc55d3f4b941a1510eef2620b2c166513788bd88ef72341333b6d0a859bacd3c?s=96&d=mm&r=g","caption":"admin"},"sameAs":["https:\/\/www.europa-prefabri.com","https:\/\/x.com\/@EuropaPrefabri"]}]}},"_links":{"self":[{"href":"https:\/\/www.europa-prefabri.com\/fr\/wp-json\/wp\/v2\/posts\/16481","targetHints":{"allow":["GET"]}}],"collection":[{"href":"https:\/\/www.europa-prefabri.com\/fr\/wp-json\/wp\/v2\/posts"}],"about":[{"href":"https:\/\/www.europa-prefabri.com\/fr\/wp-json\/wp\/v2\/types\/post"}],"author":[{"embeddable":true,"href":"https:\/\/www.europa-prefabri.com\/fr\/wp-json\/wp\/v2\/users\/4"}],"replies":[{"embeddable":true,"href":"https:\/\/www.europa-prefabri.com\/fr\/wp-json\/wp\/v2\/comments?post=16481"}],"version-history":[{"count":0,"href":"https:\/\/www.europa-prefabri.com\/fr\/wp-json\/wp\/v2\/posts\/16481\/revisions"}],"wp:featuredmedia":[{"embeddable":true,"href":"https:\/\/www.europa-prefabri.com\/fr\/wp-json\/wp\/v2\/media\/16477"}],"wp:attachment":[{"href":"https:\/\/www.europa-prefabri.com\/fr\/wp-json\/wp\/v2\/media?parent=16481"}],"wp:term":[{"taxonomy":"category","embeddable":true,"href":"https:\/\/www.europa-prefabri.com\/fr\/wp-json\/wp\/v2\/categories?post=16481"},{"taxonomy":"post_tag","embeddable":true,"href":"https:\/\/www.europa-prefabri.com\/fr\/wp-json\/wp\/v2\/tags?post=16481"}],"curies":[{"name":"wp","href":"https:\/\/api.w.org\/{rel}","templated":true}]}}