{"id":16212,"date":"2017-05-11T10:19:50","date_gmt":"2017-05-11T08:19:50","guid":{"rendered":"http:\/\/www.europa-prefabri.com\/fr\/?p=16212"},"modified":"2025-01-31T15:26:26","modified_gmt":"2025-01-31T14:26:26","slug":"abris-voiture-avec-alucobond-pour-lidl-et-europa","status":"publish","type":"post","link":"https:\/\/www.europa-prefabri.com\/fr\/abris-voiture-avec-alucobond-pour-lidl-et-europa\/","title":{"rendered":"Abris voiture avec Alucobond pour Lidl | ET Europa"},"content":{"rendered":"\n\t\t<style type=\"text\/css\">\n\t\t\t#gallery-1 {\n\t\t\t\tmargin: auto;\n\t\t\t}\n\t\t\t#gallery-1 .gallery-item {\n\t\t\t\tfloat: left;\n\t\t\t\tmargin-top: 10px;\n\t\t\t\ttext-align: center;\n\t\t\t\twidth: 11%;\n\t\t\t}\n\t\t\t#gallery-1 img {\n\t\t\t\tborder: 2px solid #cfcfcf;\n\t\t\t}\n\t\t\t#gallery-1 .gallery-caption {\n\t\t\t\tmargin-left: 0;\n\t\t\t}\n\t\t\t\/* see gallery_shortcode() in wp-includes\/media.php *\/\n\t\t<\/style>\n\t\t<div id='gallery-1' class='gallery galleryid-16212 gallery-columns-9 gallery-size-thumbnail'><dl class='gallery-item'>\n\t\t\t<dt class='gallery-icon landscape'>\n\t\t\t\t<a href='https:\/\/www.europa-prefabri.com\/fr\/marquesinas-de-aparcamiento-con-alucobond-para-lidl-04\/'><img loading=\"lazy\" decoding=\"async\" width=\"80\" height=\"80\" src=\"https:\/\/www.europa-prefabri.com\/wp-content\/uploads\/Marquesinas-de-aparcamiento-con-Alucobond-para-Lidl-04-80x80.jpg\" class=\"attachment-thumbnail size-thumbnail\" alt=\"Marquesinas de aparcamiento con Alucobond para Lidl 04\" srcset=\"https:\/\/www.europa-prefabri.com\/wp-content\/uploads\/Marquesinas-de-aparcamiento-con-Alucobond-para-Lidl-04-80x80.jpg 80w, https:\/\/www.europa-prefabri.com\/wp-content\/uploads\/Marquesinas-de-aparcamiento-con-Alucobond-para-Lidl-04-36x36.jpg 36w, https:\/\/www.europa-prefabri.com\/wp-content\/uploads\/Marquesinas-de-aparcamiento-con-Alucobond-para-Lidl-04-180x180.jpg 180w, https:\/\/www.europa-prefabri.com\/wp-content\/uploads\/Marquesinas-de-aparcamiento-con-Alucobond-para-Lidl-04-120x120.jpg 120w, https:\/\/www.europa-prefabri.com\/wp-content\/uploads\/Marquesinas-de-aparcamiento-con-Alucobond-para-Lidl-04-450x450.jpg 450w\" sizes=\"auto, (max-width: 80px) 100vw, 80px\" \/><\/a>\n\t\t\t<\/dt><\/dl><dl class='gallery-item'>\n\t\t\t<dt class='gallery-icon landscape'>\n\t\t\t\t<a href='https:\/\/www.europa-prefabri.com\/fr\/marquesinas-de-aparcamiento-con-alucobond-para-lidl-10\/'><img loading=\"lazy\" decoding=\"async\" width=\"80\" height=\"80\" src=\"https:\/\/www.europa-prefabri.com\/wp-content\/uploads\/Marquesinas-de-aparcamiento-con-Alucobond-para-Lidl-10-80x80.jpg\" class=\"attachment-thumbnail size-thumbnail\" alt=\"Marquesinas de aparcamiento con Alucobond para Lidl 10\" srcset=\"https:\/\/www.europa-prefabri.com\/wp-content\/uploads\/Marquesinas-de-aparcamiento-con-Alucobond-para-Lidl-10-80x80.jpg 80w, https:\/\/www.europa-prefabri.com\/wp-content\/uploads\/Marquesinas-de-aparcamiento-con-Alucobond-para-Lidl-10-36x36.jpg 36w, https:\/\/www.europa-prefabri.com\/wp-content\/uploads\/Marquesinas-de-aparcamiento-con-Alucobond-para-Lidl-10-180x180.jpg 180w, https:\/\/www.europa-prefabri.com\/wp-content\/uploads\/Marquesinas-de-aparcamiento-con-Alucobond-para-Lidl-10-120x120.jpg 120w, https:\/\/www.europa-prefabri.com\/wp-content\/uploads\/Marquesinas-de-aparcamiento-con-Alucobond-para-Lidl-10-450x450.jpg 450w\" sizes=\"auto, (max-width: 80px) 100vw, 80px\" \/><\/a>\n\t\t\t<\/dt><\/dl><dl class='gallery-item'>\n\t\t\t<dt class='gallery-icon landscape'>\n\t\t\t\t<a href='https:\/\/www.europa-prefabri.com\/fr\/abris-voiture-avec-alucobond-pour-lidl-et-europa\/marquesinas-de-aparcamiento-con-alucobond-para-lidl-01-2\/'><img loading=\"lazy\" decoding=\"async\" width=\"80\" height=\"80\" src=\"https:\/\/www.europa-prefabri.com\/wp-content\/uploads\/Marquesinas-de-aparcamiento-con-Alucobond-para-Lidl-01-80x80.jpg\" class=\"attachment-thumbnail size-thumbnail\" alt=\"\" srcset=\"https:\/\/www.europa-prefabri.com\/wp-content\/uploads\/Marquesinas-de-aparcamiento-con-Alucobond-para-Lidl-01-80x80.jpg 80w, https:\/\/www.europa-prefabri.com\/wp-content\/uploads\/Marquesinas-de-aparcamiento-con-Alucobond-para-Lidl-01-36x36.jpg 36w, https:\/\/www.europa-prefabri.com\/wp-content\/uploads\/Marquesinas-de-aparcamiento-con-Alucobond-para-Lidl-01-180x180.jpg 180w, https:\/\/www.europa-prefabri.com\/wp-content\/uploads\/Marquesinas-de-aparcamiento-con-Alucobond-para-Lidl-01-120x120.jpg 120w, https:\/\/www.europa-prefabri.com\/wp-content\/uploads\/Marquesinas-de-aparcamiento-con-Alucobond-para-Lidl-01-450x450.jpg 450w\" sizes=\"auto, (max-width: 80px) 100vw, 80px\" \/><\/a>\n\t\t\t<\/dt><\/dl><dl class='gallery-item'>\n\t\t\t<dt class='gallery-icon landscape'>\n\t\t\t\t<a href='https:\/\/www.europa-prefabri.com\/fr\/marquesinas-de-aparcamiento-con-alucobond-para-lidl-03\/'><img loading=\"lazy\" decoding=\"async\" width=\"80\" height=\"80\" src=\"https:\/\/www.europa-prefabri.com\/wp-content\/uploads\/Marquesinas-de-aparcamiento-con-Alucobond-para-Lidl-03-80x80.jpg\" class=\"attachment-thumbnail size-thumbnail\" alt=\"Marquesinas de aparcamiento con Alucobond para Lidl 03\" srcset=\"https:\/\/www.europa-prefabri.com\/wp-content\/uploads\/Marquesinas-de-aparcamiento-con-Alucobond-para-Lidl-03-80x80.jpg 80w, https:\/\/www.europa-prefabri.com\/wp-content\/uploads\/Marquesinas-de-aparcamiento-con-Alucobond-para-Lidl-03-36x36.jpg 36w, https:\/\/www.europa-prefabri.com\/wp-content\/uploads\/Marquesinas-de-aparcamiento-con-Alucobond-para-Lidl-03-180x180.jpg 180w, https:\/\/www.europa-prefabri.com\/wp-content\/uploads\/Marquesinas-de-aparcamiento-con-Alucobond-para-Lidl-03-120x120.jpg 120w, https:\/\/www.europa-prefabri.com\/wp-content\/uploads\/Marquesinas-de-aparcamiento-con-Alucobond-para-Lidl-03-450x450.jpg 450w\" sizes=\"auto, (max-width: 80px) 100vw, 80px\" \/><\/a>\n\t\t\t<\/dt><\/dl><dl class='gallery-item'>\n\t\t\t<dt class='gallery-icon landscape'>\n\t\t\t\t<a href='https:\/\/www.europa-prefabri.com\/fr\/marquesinas-de-aparcamiento-con-alucobond-para-lidl-02\/'><img loading=\"lazy\" decoding=\"async\" width=\"80\" height=\"80\" src=\"https:\/\/www.europa-prefabri.com\/wp-content\/uploads\/Marquesinas-de-aparcamiento-con-Alucobond-para-Lidl-02-80x80.jpg\" class=\"attachment-thumbnail size-thumbnail\" alt=\"Marquesinas de aparcamiento con Alucobond para Lidl 02\" srcset=\"https:\/\/www.europa-prefabri.com\/wp-content\/uploads\/Marquesinas-de-aparcamiento-con-Alucobond-para-Lidl-02-80x80.jpg 80w, https:\/\/www.europa-prefabri.com\/wp-content\/uploads\/Marquesinas-de-aparcamiento-con-Alucobond-para-Lidl-02-36x36.jpg 36w, https:\/\/www.europa-prefabri.com\/wp-content\/uploads\/Marquesinas-de-aparcamiento-con-Alucobond-para-Lidl-02-180x180.jpg 180w, https:\/\/www.europa-prefabri.com\/wp-content\/uploads\/Marquesinas-de-aparcamiento-con-Alucobond-para-Lidl-02-120x120.jpg 120w, https:\/\/www.europa-prefabri.com\/wp-content\/uploads\/Marquesinas-de-aparcamiento-con-Alucobond-para-Lidl-02-450x450.jpg 450w\" sizes=\"auto, (max-width: 80px) 100vw, 80px\" \/><\/a>\n\t\t\t<\/dt><\/dl><dl class='gallery-item'>\n\t\t\t<dt class='gallery-icon landscape'>\n\t\t\t\t<a href='https:\/\/www.europa-prefabri.com\/fr\/marquesinas-de-aparcamiento-con-alucobond-para-lidl-05\/'><img loading=\"lazy\" decoding=\"async\" width=\"80\" height=\"80\" src=\"https:\/\/www.europa-prefabri.com\/wp-content\/uploads\/Marquesinas-de-aparcamiento-con-Alucobond-para-Lidl-05-80x80.jpg\" class=\"attachment-thumbnail size-thumbnail\" alt=\"Marquesinas de aparcamiento con Alucobond para Lidl 05\" srcset=\"https:\/\/www.europa-prefabri.com\/wp-content\/uploads\/Marquesinas-de-aparcamiento-con-Alucobond-para-Lidl-05-80x80.jpg 80w, https:\/\/www.europa-prefabri.com\/wp-content\/uploads\/Marquesinas-de-aparcamiento-con-Alucobond-para-Lidl-05-36x36.jpg 36w, https:\/\/www.europa-prefabri.com\/wp-content\/uploads\/Marquesinas-de-aparcamiento-con-Alucobond-para-Lidl-05-180x180.jpg 180w, https:\/\/www.europa-prefabri.com\/wp-content\/uploads\/Marquesinas-de-aparcamiento-con-Alucobond-para-Lidl-05-120x120.jpg 120w, https:\/\/www.europa-prefabri.com\/wp-content\/uploads\/Marquesinas-de-aparcamiento-con-Alucobond-para-Lidl-05-450x450.jpg 450w\" sizes=\"auto, (max-width: 80px) 100vw, 80px\" \/><\/a>\n\t\t\t<\/dt><\/dl><dl class='gallery-item'>\n\t\t\t<dt class='gallery-icon landscape'>\n\t\t\t\t<a href='https:\/\/www.europa-prefabri.com\/fr\/abris-voiture-avec-alucobond-pour-lidl-et-europa\/marquesinas-de-aparcamiento-con-alucobond-para-lidl-06-2\/'><img loading=\"lazy\" decoding=\"async\" width=\"80\" height=\"80\" src=\"https:\/\/www.europa-prefabri.com\/wp-content\/uploads\/Marquesinas-de-aparcamiento-con-Alucobond-para-Lidl-06-80x80.jpg\" class=\"attachment-thumbnail size-thumbnail\" alt=\"Abris voiture avec Alucobond pour Lidl l ET Europa\" srcset=\"https:\/\/www.europa-prefabri.com\/wp-content\/uploads\/Marquesinas-de-aparcamiento-con-Alucobond-para-Lidl-06-80x80.jpg 80w, https:\/\/www.europa-prefabri.com\/wp-content\/uploads\/Marquesinas-de-aparcamiento-con-Alucobond-para-Lidl-06-36x36.jpg 36w, https:\/\/www.europa-prefabri.com\/wp-content\/uploads\/Marquesinas-de-aparcamiento-con-Alucobond-para-Lidl-06-180x180.jpg 180w, https:\/\/www.europa-prefabri.com\/wp-content\/uploads\/Marquesinas-de-aparcamiento-con-Alucobond-para-Lidl-06-120x120.jpg 120w, https:\/\/www.europa-prefabri.com\/wp-content\/uploads\/Marquesinas-de-aparcamiento-con-Alucobond-para-Lidl-06-450x450.jpg 450w\" sizes=\"auto, (max-width: 80px) 100vw, 80px\" \/><\/a>\n\t\t\t<\/dt><\/dl><dl class='gallery-item'>\n\t\t\t<dt class='gallery-icon landscape'>\n\t\t\t\t<a href='https:\/\/www.europa-prefabri.com\/fr\/marquesinas-de-aparcamiento-con-alucobond-para-lidl-07\/'><img loading=\"lazy\" decoding=\"async\" width=\"80\" height=\"80\" src=\"https:\/\/www.europa-prefabri.com\/wp-content\/uploads\/Marquesinas-de-aparcamiento-con-Alucobond-para-Lidl-07-80x80.jpg\" class=\"attachment-thumbnail size-thumbnail\" alt=\"Marquesinas de aparcamiento con Alucobond para Lidl 07\" srcset=\"https:\/\/www.europa-prefabri.com\/wp-content\/uploads\/Marquesinas-de-aparcamiento-con-Alucobond-para-Lidl-07-80x80.jpg 80w, https:\/\/www.europa-prefabri.com\/wp-content\/uploads\/Marquesinas-de-aparcamiento-con-Alucobond-para-Lidl-07-36x36.jpg 36w, https:\/\/www.europa-prefabri.com\/wp-content\/uploads\/Marquesinas-de-aparcamiento-con-Alucobond-para-Lidl-07-180x180.jpg 180w, https:\/\/www.europa-prefabri.com\/wp-content\/uploads\/Marquesinas-de-aparcamiento-con-Alucobond-para-Lidl-07-120x120.jpg 120w, https:\/\/www.europa-prefabri.com\/wp-content\/uploads\/Marquesinas-de-aparcamiento-con-Alucobond-para-Lidl-07-450x450.jpg 450w\" sizes=\"auto, (max-width: 80px) 100vw, 80px\" \/><\/a>\n\t\t\t<\/dt><\/dl><dl class='gallery-item'>\n\t\t\t<dt class='gallery-icon landscape'>\n\t\t\t\t<a href='https:\/\/www.europa-prefabri.com\/fr\/marquesinas-de-aparcamiento-con-alucobond-para-lidl-09\/'><img loading=\"lazy\" decoding=\"async\" width=\"80\" height=\"80\" src=\"https:\/\/www.europa-prefabri.com\/wp-content\/uploads\/Marquesinas-de-aparcamiento-con-Alucobond-para-Lidl-09-80x80.jpg\" class=\"attachment-thumbnail size-thumbnail\" alt=\"Marquesinas de aparcamiento con Alucobond para Lidl 09\" srcset=\"https:\/\/www.europa-prefabri.com\/wp-content\/uploads\/Marquesinas-de-aparcamiento-con-Alucobond-para-Lidl-09-80x80.jpg 80w, https:\/\/www.europa-prefabri.com\/wp-content\/uploads\/Marquesinas-de-aparcamiento-con-Alucobond-para-Lidl-09-36x36.jpg 36w, https:\/\/www.europa-prefabri.com\/wp-content\/uploads\/Marquesinas-de-aparcamiento-con-Alucobond-para-Lidl-09-180x180.jpg 180w, https:\/\/www.europa-prefabri.com\/wp-content\/uploads\/Marquesinas-de-aparcamiento-con-Alucobond-para-Lidl-09-120x120.jpg 120w, https:\/\/www.europa-prefabri.com\/wp-content\/uploads\/Marquesinas-de-aparcamiento-con-Alucobond-para-Lidl-09-450x450.jpg 450w\" sizes=\"auto, (max-width: 80px) 100vw, 80px\" \/><\/a>\n\t\t\t<\/dt><\/dl><br style=\"clear: both\" \/><dl class='gallery-item'>\n\t\t\t<dt class='gallery-icon landscape'>\n\t\t\t\t<a href='https:\/\/www.europa-prefabri.com\/fr\/marquesinas-de-aparcamiento-con-alucobond-para-lidl-12\/'><img loading=\"lazy\" decoding=\"async\" width=\"80\" height=\"80\" src=\"https:\/\/www.europa-prefabri.com\/wp-content\/uploads\/Marquesinas-de-aparcamiento-con-Alucobond-para-Lidl-12-80x80.jpg\" class=\"attachment-thumbnail size-thumbnail\" alt=\"Marquesinas de aparcamiento con Alucobond para Lidl 12\" srcset=\"https:\/\/www.europa-prefabri.com\/wp-content\/uploads\/Marquesinas-de-aparcamiento-con-Alucobond-para-Lidl-12-80x80.jpg 80w, https:\/\/www.europa-prefabri.com\/wp-content\/uploads\/Marquesinas-de-aparcamiento-con-Alucobond-para-Lidl-12-36x36.jpg 36w, https:\/\/www.europa-prefabri.com\/wp-content\/uploads\/Marquesinas-de-aparcamiento-con-Alucobond-para-Lidl-12-180x180.jpg 180w, https:\/\/www.europa-prefabri.com\/wp-content\/uploads\/Marquesinas-de-aparcamiento-con-Alucobond-para-Lidl-12-120x120.jpg 120w, https:\/\/www.europa-prefabri.com\/wp-content\/uploads\/Marquesinas-de-aparcamiento-con-Alucobond-para-Lidl-12-450x450.jpg 450w\" sizes=\"auto, (max-width: 80px) 100vw, 80px\" \/><\/a>\n\t\t\t<\/dt><\/dl><dl class='gallery-item'>\n\t\t\t<dt class='gallery-icon landscape'>\n\t\t\t\t<a href='https:\/\/www.europa-prefabri.com\/fr\/marquesinas-de-aparcamiento-con-alucobond-para-lidl-13\/'><img loading=\"lazy\" decoding=\"async\" width=\"80\" height=\"80\" src=\"https:\/\/www.europa-prefabri.com\/wp-content\/uploads\/Marquesinas-de-aparcamiento-con-Alucobond-para-Lidl-13-80x80.jpg\" class=\"attachment-thumbnail size-thumbnail\" alt=\"Marquesinas de aparcamiento con Alucobond para Lidl 13\" srcset=\"https:\/\/www.europa-prefabri.com\/wp-content\/uploads\/Marquesinas-de-aparcamiento-con-Alucobond-para-Lidl-13-80x80.jpg 80w, https:\/\/www.europa-prefabri.com\/wp-content\/uploads\/Marquesinas-de-aparcamiento-con-Alucobond-para-Lidl-13-36x36.jpg 36w, https:\/\/www.europa-prefabri.com\/wp-content\/uploads\/Marquesinas-de-aparcamiento-con-Alucobond-para-Lidl-13-180x180.jpg 180w, https:\/\/www.europa-prefabri.com\/wp-content\/uploads\/Marquesinas-de-aparcamiento-con-Alucobond-para-Lidl-13-120x120.jpg 120w, https:\/\/www.europa-prefabri.com\/wp-content\/uploads\/Marquesinas-de-aparcamiento-con-Alucobond-para-Lidl-13-450x450.jpg 450w\" sizes=\"auto, (max-width: 80px) 100vw, 80px\" \/><\/a>\n\t\t\t<\/dt><\/dl>\n\t\t\t<br style='clear: both' \/>\n\t\t<\/div>\n\n<p>Nous avons r\u00e9alis\u00e9 la fabrication et le montage d&#8217;abris voiture avec Alucobond pour Lidl \u00e0 Avamonte, Huelva.<\/p>\n<h2>Caracteristiques techniques du\u00a0projet: abris voiture avec\u00a0Alucobond pour Lidl<\/h2>\n<p><img loading=\"lazy\" decoding=\"async\" class=\"alignnone size-full wp-image-16092\" src=\"https:\/\/www.europa-prefabri.com\/wp-content\/uploads\/Marquesinas-de-aparcamiento-con-Alucobond-para-Lidl-01.jpg\" alt=\"Marquesinas de aparcamiento con Alucobond para Lidl 01\" width=\"800\" height=\"600\" srcset=\"https:\/\/www.europa-prefabri.com\/wp-content\/uploads\/Marquesinas-de-aparcamiento-con-Alucobond-para-Lidl-01.jpg 800w, https:\/\/www.europa-prefabri.com\/wp-content\/uploads\/Marquesinas-de-aparcamiento-con-Alucobond-para-Lidl-01-300x225.jpg 300w, https:\/\/www.europa-prefabri.com\/wp-content\/uploads\/Marquesinas-de-aparcamiento-con-Alucobond-para-Lidl-01-768x576.jpg 768w, https:\/\/www.europa-prefabri.com\/wp-content\/uploads\/Marquesinas-de-aparcamiento-con-Alucobond-para-Lidl-01-705x529.jpg 705w, https:\/\/www.europa-prefabri.com\/wp-content\/uploads\/Marquesinas-de-aparcamiento-con-Alucobond-para-Lidl-01-450x338.jpg 450w\" sizes=\"auto, (max-width: 800px) 100vw, 800px\" \/><\/p>\n<div class=\"entry-content\">\n<ul>\n<li>133 places de parking, donts 80 places simples et 53 places doubles.<\/li>\n<li>Pilliers\u00a0galvanis\u00e9s \u00e0 chaud.<\/li>\n<li>Poutre en\u00a0t\u00f4le<\/li>\n<li>Tuyaux de courrroies<\/li>\n<li>Couverture\u00a0en\u00a0t\u00f4le trap\u00e9zoidale laqu\u00e9e en blanc sur la partie inf\u00e9rieur<\/li>\n<li>Plastrons en Alucobond<\/li>\n<li>Hauteur des pilliers de 2,75 metros<\/li>\n<li>\u00a0Places de\u00a05 x 2,70 metros.<\/li>\n<\/ul>\n<p>En dehors des abris voitures avec Alucobond, dans le Groupe Europa Prefabri nous avons une ample gamme d&#8217;abris voiture:<\/p>\n<\/div>\n<h2>Notre gamme d&#8217;abris voiture:<\/h2>\n<p><img loading=\"lazy\" decoding=\"async\" class=\"alignnone size-full wp-image-15967\" src=\"https:\/\/www.europa-prefabri.com\/wp-content\/uploads\/cubiertas-textiles-en-sevilla-2.png\" alt=\"Marquesinas con cubiertas textiles en Sevilla\" width=\"800\" height=\"600\" srcset=\"https:\/\/www.europa-prefabri.com\/wp-content\/uploads\/cubiertas-textiles-en-sevilla-2.png 800w, https:\/\/www.europa-prefabri.com\/wp-content\/uploads\/cubiertas-textiles-en-sevilla-2-300x225.png 300w, https:\/\/www.europa-prefabri.com\/wp-content\/uploads\/cubiertas-textiles-en-sevilla-2-768x576.png 768w, https:\/\/www.europa-prefabri.com\/wp-content\/uploads\/cubiertas-textiles-en-sevilla-2-705x529.png 705w, https:\/\/www.europa-prefabri.com\/wp-content\/uploads\/cubiertas-textiles-en-sevilla-2-450x338.png 450w\" sizes=\"auto, (max-width: 800px) 100vw, 800px\" \/><\/p>\n<ul>\n<li>Abris \u00a0voiture \u00e0 t<a href=\"http:\/\/et-europa.com\/portfolio-item\/cubiertas-textiles-otras\/#toggle-id-2\">oile tendue \/ textiles<\/a>:architecture textile novateur pour de multiples applications aux design modernes.\n<ul>\n<li>Ils garantisent une parfaite harmonie esth\u00e9tique sans oubli\u00e9 la s\u00e9cutrit\u00e9 et la qualit\u00e9 des mat\u00e9riaux.<\/li>\n<li>Ce sont des structures modulaires adaptables \u00e0 la geometrie du lieu.<\/li>\n<li>Sa versatilit\u00e9 va plus loin de son utilit\u00e9 en tant qu&#8217;abris voitures, en pouvant \u00eatre utilis\u00e9s sur des terrasses ou jardin en tant que zone d&#8217;ombre.<\/li>\n<\/ul>\n<\/li>\n<\/ul>\n<ul>\n<li>\u00a0<a href=\"http:\/\/et-europa.com\/portfolio-item\/modelo-europa\/\">Mod\u00e8lo Europa<\/a>: structure en type poutre-caisson r\u00e9alis\u00e9e \u00e0 l&#8217;aide de profil d&#8217;acier pli\u00e9s.\n<ul>\n<li>C&#8217;est un abris esth\u00e9tique, \u00e9conomique existant en version simple ou double.<\/li>\n<li>De couverture galvanis\u00e9e ou pr\u00e9laqu\u00e9e dans la couloir choisie par le client.<\/li>\n<li>S\u00e9curit\u00e9 et qualit\u00e9 maximal des mat\u00e9riaux.<\/li>\n<\/ul>\n<\/li>\n<\/ul>\n<p><img loading=\"lazy\" decoding=\"async\" class=\"alignnone size-full wp-image-12249\" src=\"https:\/\/www.europa-prefabri.com\/wp-content\/uploads\/Marquesinas-de-parking-para-chalets-modelo-cubierta-panel-imitacion-teja.png\" alt=\"marquesinas-de-parking-para-chalets-modelo-cubierta-panel-imitacion-teja\" width=\"800\" height=\"600\" \/><\/p>\n<ul>\n<li><a href=\"http:\/\/et-europa.com\/portfolio-item\/cubierta-panel\/\">Panneau couverture<\/a>: nous rempla\u00e7ons la t\u00f4le de couverture galvanis\u00e9e par un panneau sandwich isolant pour offrir un meilleur isolement thermique et accoustique.\n<ul>\n<li>Solution disponible dans n&#8217;importe quel mod\u00e8le d&#8217;abris.<\/li>\n<li>Diff\u00e9rentes options de panneau: polyur\u00e9thane, polystyr\u00e8ne et\u00a0laine\u00a0de roche.<\/li>\n<\/ul>\n<\/li>\n<\/ul>\n<p><img loading=\"lazy\" decoding=\"async\" class=\"alignnone size-full wp-image-16151\" src=\"https:\/\/www.europa-prefabri.com\/wp-content\/uploads\/Marquesina-de-parking-modelo-IPE.jpg\" alt=\"Marquesina de parking modelo IPE\" width=\"800\" height=\"600\" srcset=\"https:\/\/www.europa-prefabri.com\/wp-content\/uploads\/Marquesina-de-parking-modelo-IPE.jpg 800w, https:\/\/www.europa-prefabri.com\/wp-content\/uploads\/Marquesina-de-parking-modelo-IPE-300x225.jpg 300w, https:\/\/www.europa-prefabri.com\/wp-content\/uploads\/Marquesina-de-parking-modelo-IPE-768x576.jpg 768w, https:\/\/www.europa-prefabri.com\/wp-content\/uploads\/Marquesina-de-parking-modelo-IPE-705x529.jpg 705w, https:\/\/www.europa-prefabri.com\/wp-content\/uploads\/Marquesina-de-parking-modelo-IPE-450x338.jpg 450w\" sizes=\"auto, (max-width: 800px) 100vw, 800px\" \/><\/p>\n<ul>\n<li><a href=\"http:\/\/et-europa.com\/portfolio-item\/ipe\/\">Mod\u00e8le IPE<\/a>: abri d\u00e9montable r\u00e9alis\u00e9 avec des poutres d&#8217;acier lamin\u00e9 \u00e0 chaud de type\u00a0IPE.\n<ul>\n<li>Robustesse maximale de la structure pour supporter les surcharges de vent et de neige.<\/li>\n<li>Diff\u00e9rentes version en fonction du type de poutres utilis\u00e9es.<\/li>\n<li>Couverture\u00a0galvanis\u00e9e ou pr\u00e9laqu\u00e9e dana la couleur du choix du client.<\/li>\n<li>Structure galvanis\u00e9e \u00e0 chaud sur demande du cilent.<\/li>\n<\/ul>\n<\/li>\n<\/ul>\n<p><img loading=\"lazy\" decoding=\"async\" class=\"alignnone size-full wp-image-16156\" src=\"https:\/\/www.europa-prefabri.com\/wp-content\/uploads\/marquesina-de-aparcamiento-modelo-ibiza.jpg\" alt=\"marquesina de aparcamiento modelo ibiza\" width=\"800\" height=\"600\" srcset=\"https:\/\/www.europa-prefabri.com\/wp-content\/uploads\/marquesina-de-aparcamiento-modelo-ibiza.jpg 800w, https:\/\/www.europa-prefabri.com\/wp-content\/uploads\/marquesina-de-aparcamiento-modelo-ibiza-300x225.jpg 300w, https:\/\/www.europa-prefabri.com\/wp-content\/uploads\/marquesina-de-aparcamiento-modelo-ibiza-768x576.jpg 768w, https:\/\/www.europa-prefabri.com\/wp-content\/uploads\/marquesina-de-aparcamiento-modelo-ibiza-705x529.jpg 705w, https:\/\/www.europa-prefabri.com\/wp-content\/uploads\/marquesina-de-aparcamiento-modelo-ibiza-450x338.jpg 450w\" sizes=\"auto, (max-width: 800px) 100vw, 800px\" \/><\/p>\n<ul>\n<li><a href=\"http:\/\/et-europa.com\/portfolio-item\/modelo-ibiza\/\">Mod\u00e8le Ibiza<\/a>:\n<ul>\n<li>Design sp\u00e9cial avec couverture\u00a0sp\u00e9ciale gr\u00e2ce \u00e0 des cintres m\u00e9talliques en forme de losange<\/li>\n<li>Structure\u00a0galvanis\u00e9e \u00e0 chaud sur demande.<\/li>\n<li>Diff\u00e9rentes\u00a0versions simples ou doubles.<\/li>\n<li>Couverture\u00a0galvanis\u00e9e ou pr\u00e9laqu\u00e9e dans la couleur du choix du client.<\/li>\n<li>Qualit\u00e9 et s\u00e9curit\u00e9 maximale des mat\u00e9riaux.<\/li>\n<li>Possibilit\u00e9 d&#8217;adapter le mod\u00e8le en fonction des beosins.<\/li>\n<\/ul>\n<\/li>\n<\/ul>\n<p><img loading=\"lazy\" decoding=\"async\" class=\"alignnone size-full wp-image-3285\" src=\"https:\/\/www.europa-prefabri.com\/wp-content\/uploads\/SOLAR4_800x600.jpg\" alt=\"marquesina fotovoltaica\" width=\"800\" height=\"600\" srcset=\"https:\/\/www.europa-prefabri.com\/wp-content\/uploads\/SOLAR4_800x600.jpg 800w, https:\/\/www.europa-prefabri.com\/wp-content\/uploads\/SOLAR4_800x600-300x225.jpg 300w, https:\/\/www.europa-prefabri.com\/wp-content\/uploads\/SOLAR4_800x600-450x337.jpg 450w\" sizes=\"auto, (max-width: 800px) 100vw, 800px\" \/><\/p>\n<ul>\n<li><a href=\"http:\/\/et-europa.com\/portfolio-item\/parking-solar\/\">Abri voiture solaire<\/a>:\n<ul>\n<li>En tant qu&#8217;entreprise sp\u00e9cialis\u00e9e dans la fabrication d&#8217;abris voiture, nous avons d\u00e9velopp\u00e9 divers mod\u00e8les id\u00e9aux pour supporter l&#8217;installation de panneaux solaires sur la couverture\u00a0.<\/li>\n<li>Nous offrons depuis la fabrication des abris de\u00a0nos mod\u00e8les ou du\u00a0design du client jusqu&#8217;\u00e0 la solution cl\u00e9 en main qui incluent la fourniture et le montage de l&#8217;installation photovoltaique.<\/li>\n<li>De plus, nous conseillons le client pour trouver la solution structurale \u00a0et \u00e9nergetique qui s&#8217;adapte le mieux \u00e0 son projet.<\/li>\n<li>Il est aussi possible d&#8217;incorporer des points de rechargements pour v\u00e9hicules \u00e9lectriques (<a href=\"https:\/\/www.europa-prefabri.com\/portfolio-item\/parking-solar\/\">fotolineras<\/a>).<\/li>\n<\/ul>\n<\/li>\n<\/ul>\n<p><img loading=\"lazy\" decoding=\"async\" class=\"alignnone size-full wp-image-16160\" src=\"https:\/\/www.europa-prefabri.com\/wp-content\/uploads\/marquesina-de-aparcamiento-modelo-ola.jpg\" alt=\"marquesina de aparcamiento modelo ola\" width=\"800\" height=\"600\" srcset=\"https:\/\/www.europa-prefabri.com\/wp-content\/uploads\/marquesina-de-aparcamiento-modelo-ola.jpg 800w, https:\/\/www.europa-prefabri.com\/wp-content\/uploads\/marquesina-de-aparcamiento-modelo-ola-300x225.jpg 300w, https:\/\/www.europa-prefabri.com\/wp-content\/uploads\/marquesina-de-aparcamiento-modelo-ola-768x576.jpg 768w, https:\/\/www.europa-prefabri.com\/wp-content\/uploads\/marquesina-de-aparcamiento-modelo-ola-705x529.jpg 705w, https:\/\/www.europa-prefabri.com\/wp-content\/uploads\/marquesina-de-aparcamiento-modelo-ola-450x338.jpg 450w\" sizes=\"auto, (max-width: 800px) 100vw, 800px\" \/><\/p>\n<ul>\n<li><a href=\"http:\/\/et-europa.com\/portfolio-item\/modelo-ola\/\">Mod\u00e8le Ola<\/a>:\n<ul>\n<li>Design sp\u00e9cial d&#8217;abri m\u00e9tallique avec couverture en courbe et structure r\u00e9alis\u00e9e \u00e0 l&#8217;aide de profil d&#8217;acier pli\u00e9s.<\/li>\n<li>Couverture\u00a0galvanis\u00e9e ou pr\u00e9laqu\u00e9e dans la couleur choisie par le client<\/li>\n<li>Sturcture galvanis\u00e9e \u00e0 chaud sur demande du client.<\/li>\n<li>Qualit\u00e9 et s\u00e9curit\u00e9 maximale des mat\u00e9riaux.<\/li>\n<li>Possibilit\u00e9 d&#8217;adapter le mod\u00e8le en fonction des besoins.<\/li>\n<\/ul>\n<\/li>\n<\/ul>\n<p><img loading=\"lazy\" decoding=\"async\" class=\"alignnone size-full wp-image-16164\" src=\"https:\/\/www.europa-prefabri.com\/wp-content\/uploads\/Marquesina-de-aparcamiento-modelo-celosia.jpg\" alt=\"Marquesina de aparcamiento modelo celosia\" width=\"800\" height=\"600\" srcset=\"https:\/\/www.europa-prefabri.com\/wp-content\/uploads\/Marquesina-de-aparcamiento-modelo-celosia.jpg 800w, https:\/\/www.europa-prefabri.com\/wp-content\/uploads\/Marquesina-de-aparcamiento-modelo-celosia-300x225.jpg 300w, https:\/\/www.europa-prefabri.com\/wp-content\/uploads\/Marquesina-de-aparcamiento-modelo-celosia-768x576.jpg 768w, https:\/\/www.europa-prefabri.com\/wp-content\/uploads\/Marquesina-de-aparcamiento-modelo-celosia-705x529.jpg 705w, https:\/\/www.europa-prefabri.com\/wp-content\/uploads\/Marquesina-de-aparcamiento-modelo-celosia-450x338.jpg 450w\" sizes=\"auto, (max-width: 800px) 100vw, 800px\" \/><\/p>\n<ul>\n<li><a href=\"http:\/\/et-europa.com\/portfolio-item\/modelo-celosia\/\">Mod\u00e8le celos\u00eda:<\/a>\n<ul>\n<li>Abri r\u00e9alis\u00e9 \u00e0 l&#8217;aide de treillage m\u00e9tallique \u00e0 base de profils\u00a0soud\u00e9s.<\/li>\n<li>Diff\u00e9rentes versions simples ou doubles.<\/li>\n<li>Couverture galvanis\u00e9e ou pr\u00e9laqu\u00e9e dans la couleur du choix du client.<\/li>\n<li>Structure galvanis\u00e9e \u00e0 chaud sur demande.<\/li>\n<li>Qualit\u00e9 et s\u00e9curit\u00e9 maximales des mat\u00e9riaux<\/li>\n<li>Possibilit\u00e9 d&#8217;adapter le mod\u00e8le en fonction des besoins.<\/li>\n<\/ul>\n<\/li>\n<\/ul>\n<p><img loading=\"lazy\" decoding=\"async\" class=\"alignnone size-full wp-image-16147\" src=\"https:\/\/www.europa-prefabri.com\/wp-content\/uploads\/Marquesina-de-parking-modelo-atirantado.jpg\" alt=\"Marquesina de parking modelo atirantado\" width=\"800\" height=\"600\" srcset=\"https:\/\/www.europa-prefabri.com\/wp-content\/uploads\/Marquesina-de-parking-modelo-atirantado.jpg 800w, https:\/\/www.europa-prefabri.com\/wp-content\/uploads\/Marquesina-de-parking-modelo-atirantado-300x225.jpg 300w, https:\/\/www.europa-prefabri.com\/wp-content\/uploads\/Marquesina-de-parking-modelo-atirantado-768x576.jpg 768w, https:\/\/www.europa-prefabri.com\/wp-content\/uploads\/Marquesina-de-parking-modelo-atirantado-705x529.jpg 705w, https:\/\/www.europa-prefabri.com\/wp-content\/uploads\/Marquesina-de-parking-modelo-atirantado-450x338.jpg 450w\" sizes=\"auto, (max-width: 800px) 100vw, 800px\" \/><\/p>\n<ul>\n<li><a href=\"http:\/\/et-europa.com\/portfolio-item\/modelo-atirantado\/\">Mod\u00e8le Atirantado<\/a>:\n<ul>\n<li>Abri sp\u00e9cial avec un design original r\u00e9alis\u00e9 \u00e0 l&#8217;aide de poutre d&#8217;acier lamin\u00e9 \u00e0 chaud avec\u00a0des chaines m\u00e9talliques<\/li>\n<li>Possibilit\u00e9 de cr\u00e9er un couloir pieton avec un toit en\u00a0polycarbonate\u00a0pour les places doubles.<\/li>\n<li>Couverture galvanis\u00e9e ou pr\u00e9laqu\u00e9e dans la couleur du choix du client.<\/li>\n<li>Structure galvanis\u00e9e \u00e0 chaud sur demande.<\/li>\n<li>S\u00e9curit\u00e9 et qualit\u00e9 maximales des mat\u00e9riaux.<\/li>\n<li>Possibilit\u00e9s d&#8217;adapter le mod\u00e8le en fonction des besoins\u00a0.<\/li>\n<\/ul>\n<\/li>\n<\/ul>\n<h2>Parmis nos projets d&#8217;abris voiture, il y a eu:<\/h2>\n<ul>\n<li>La conception, transport et montage d&#8217;abris voiture pour les d<a href=\"\/?p=14510\">\u00e9p\u00f4t de tram de Ouargla en Alg\u00e9rie<\/a>, dans lequel nous couvrons 161 places disribu\u00e9es en 8 grupos pour v\u00e9hicules standards, 12 places pour les v\u00e9hicules de mobilit\u00e9 r\u00e9duite et\u00a020 places pour motos.<\/li>\n<\/ul>\n<ul>\n<li>La conception, montage et transport \u00a0d&#8217;<a href=\"\/?p=14502\">abris de voiture pour AENA \u00e0 l&#8217;A\u00e9roport de Malaga<\/a>, \u00a0avec\u00a090 places pour voitures avec notre mod\u00e8le d&#8217;abri\u00a0\u00a0\u201cOLA\u201d avec la couverture en mini vague.\u00a0La distribution est de 2 modules simples, le premier pour 59 places et le second pour\u00a031 places. Et le montage de 3 <a href=\"\/?p=14263\">abris sp\u00e9ciaux<\/a>\u00a0pour couvrir les barri\u00e8res d&#8217;entr\u00e9e et de sortie du parking,\u00a0al igual que otra marquesina tambi\u00e9n especial para cubrir los cajeros del pago de la estancia en dicho parking.<\/li>\n<\/ul>\n<ul>\n<li>La conception, transport et montage <a href=\"\/?p=14463\">d&#8217;abris voiture \u00e0 Mercamadrid<\/a> pour le Groupe Unide.<\/li>\n<\/ul>\n<ul>\n<li>La conception, transport et montage d&#8217;abris voiture pour les <a href=\"\/?p=14513\">Supermarch\u00e9s E.Leclerc \u00e0 Narbonne en France<\/a>. Ces abris ont \u00e9t\u00e9 totalement galvanis\u00e9s \u00e0 chaud, en \u00e9tant con\u00e7us avec une hauteur sp\u00e9ciale pour les v\u00e9hicules avec portes-bagages et les\u00a0caravanes.<\/li>\n<\/ul>\n<ul>\n<li>La conception, transport et montage d&#8217;abris voiture pour l&#8217;A\u00e9roport de Madrid Barajas pour 1.300 places, dans lequel \u00e0 \u00e9t\u00e9 pr\u00e9cedemment r\u00e9alis\u00e9 le d\u00e9montage de plus de 1.200 places et le nettoyage de la zone\u00a0. Les travaux ont \u00e9t\u00e9 r\u00e9alis\u00e9 en 4 phases, des <a href=\"\/?p=14492\">carports \u00e0 toile tendue<\/a>, <a href=\"\/?p=14263\">un abri pour un parking VIP,<\/a> <a href=\"\/?p=15784\">un couloir pi\u00e9tonnier<\/a>\u2026<\/li>\n<\/ul>\n<p>Tout le mat\u00e9riel est d\u00e9montable, \u00a0et se monte facilement. Le r\u00e9sulat est un abri propre, esth\u00e9tique et fonctionnel.<\/p>\n","protected":false},"excerpt":{"rendered":"<p>Nous avons r\u00e9alis\u00e9 la fabrication et le montage d&#8217;abris voiture avec Alucobond pour Lidl \u00e0 Avamonte, Huelva. Caracteristiques techniques du\u00a0projet: abris voiture avec\u00a0Alucobond pour Lidl 133 places de parking, donts 80 places simples et 53 places doubles. Pilliers\u00a0galvanis\u00e9s \u00e0 chaud. Poutre en\u00a0t\u00f4le Tuyaux de courrroies Couverture\u00a0en\u00a0t\u00f4le trap\u00e9zoidale laqu\u00e9e en blanc sur la partie inf\u00e9rieur Plastrons [&hellip;]<\/p>\n","protected":false},"author":4,"featured_media":16114,"comment_status":"closed","ping_status":"closed","sticky":false,"template":"","format":"gallery","meta":{"footnotes":""},"categories":[58],"tags":[],"class_list":["post-16212","post","type-post","status-publish","format-gallery","has-post-thumbnail","hentry","category-projets","post_format-post-format-gallery"],"yoast_head":"<!-- This site is optimized with the Yoast SEO plugin v27.5 - https:\/\/yoast.com\/product\/yoast-seo-wordpress\/ -->\n<title>Abris voiture avec Alucobond pour Lidl l ET Europa<\/title>\n<meta name=\"description\" content=\"Nous avons r\u00e9alis\u00e9 la fabrication et le montage de 133 places avec abris voiture avec Alucobond pourLidl \u00e0 Ayamonte, Huelva.\" \/>\n<meta name=\"robots\" content=\"index, follow, max-snippet:-1, max-image-preview:large, max-video-preview:-1\" \/>\n<link rel=\"canonical\" href=\"https:\/\/www.europa-prefabri.com\/fr\/abris-voiture-avec-alucobond-pour-lidl-et-europa\/\" \/>\n<meta property=\"og:locale\" content=\"fr_FR\" \/>\n<meta property=\"og:type\" content=\"article\" \/>\n<meta property=\"og:title\" content=\"Abris voiture avec Alucobond pour Lidl l ET Europa\" \/>\n<meta property=\"og:description\" content=\"Nous avons r\u00e9alis\u00e9 la fabrication et le montage de 133 places avec abris voiture avec Alucobond pourLidl \u00e0 Ayamonte, Huelva.\" \/>\n<meta property=\"og:url\" content=\"https:\/\/www.europa-prefabri.com\/fr\/abris-voiture-avec-alucobond-pour-lidl-et-europa\/\" \/>\n<meta property=\"og:site_name\" content=\"Europa Prefabri | Alquiler y venta de construcciones modulares\" \/>\n<meta property=\"article:publisher\" content=\"https:\/\/www.facebook.com\/Europa-Prefabri-258328977572213\/\" \/>\n<meta property=\"article:published_time\" content=\"2017-05-11T08:19:50+00:00\" \/>\n<meta property=\"article:modified_time\" content=\"2025-01-31T14:26:26+00:00\" \/>\n<meta property=\"og:image\" content=\"https:\/\/www.europa-prefabri.com\/wp-content\/uploads\/Marquesinas-de-aparcamiento-con-Alucobond-para-Lidl-06.jpg\" \/>\n\t<meta property=\"og:image:width\" content=\"800\" \/>\n\t<meta property=\"og:image:height\" content=\"600\" \/>\n\t<meta property=\"og:image:type\" content=\"image\/jpeg\" \/>\n<meta name=\"author\" content=\"admin\" \/>\n<meta name=\"twitter:card\" content=\"summary_large_image\" \/>\n<meta name=\"twitter:creator\" content=\"@EuropaPrefabri\" \/>\n<meta name=\"twitter:site\" content=\"@EuropaPrefabri\" \/>\n<meta name=\"twitter:label1\" content=\"Written by\" \/>\n\t<meta name=\"twitter:data1\" content=\"admin\" \/>\n\t<meta name=\"twitter:label2\" content=\"Est. reading time\" \/>\n\t<meta name=\"twitter:data2\" content=\"7 minutes\" \/>\n<script type=\"application\/ld+json\" class=\"yoast-schema-graph\">{\"@context\":\"https:\\\/\\\/schema.org\",\"@graph\":[{\"@type\":\"Article\",\"@id\":\"https:\\\/\\\/www.europa-prefabri.com\\\/fr\\\/abris-voiture-avec-alucobond-pour-lidl-et-europa\\\/#article\",\"isPartOf\":{\"@id\":\"https:\\\/\\\/www.europa-prefabri.com\\\/fr\\\/abris-voiture-avec-alucobond-pour-lidl-et-europa\\\/\"},\"author\":{\"name\":\"admin\",\"@id\":\"https:\\\/\\\/www.europa-prefabri.com\\\/#\\\/schema\\\/person\\\/2ab6be5821a7026cd8f16d2a9411e86e\"},\"headline\":\"Abris voiture avec Alucobond pour Lidl | ET Europa\",\"datePublished\":\"2017-05-11T08:19:50+00:00\",\"dateModified\":\"2025-01-31T14:26:26+00:00\",\"mainEntityOfPage\":{\"@id\":\"https:\\\/\\\/www.europa-prefabri.com\\\/fr\\\/abris-voiture-avec-alucobond-pour-lidl-et-europa\\\/\"},\"wordCount\":970,\"publisher\":{\"@id\":\"https:\\\/\\\/www.europa-prefabri.com\\\/#organization\"},\"image\":{\"@id\":\"https:\\\/\\\/www.europa-prefabri.com\\\/fr\\\/abris-voiture-avec-alucobond-pour-lidl-et-europa\\\/#primaryimage\"},\"thumbnailUrl\":\"https:\\\/\\\/www.europa-prefabri.com\\\/wp-content\\\/uploads\\\/Marquesinas-de-aparcamiento-con-Alucobond-para-Lidl-06.jpg\",\"articleSection\":[\"Projets\"],\"inLanguage\":\"fr-FR\"},{\"@type\":\"WebPage\",\"@id\":\"https:\\\/\\\/www.europa-prefabri.com\\\/fr\\\/abris-voiture-avec-alucobond-pour-lidl-et-europa\\\/\",\"url\":\"https:\\\/\\\/www.europa-prefabri.com\\\/fr\\\/abris-voiture-avec-alucobond-pour-lidl-et-europa\\\/\",\"name\":\"Abris voiture avec Alucobond pour Lidl l ET Europa\",\"isPartOf\":{\"@id\":\"https:\\\/\\\/www.europa-prefabri.com\\\/#website\"},\"primaryImageOfPage\":{\"@id\":\"https:\\\/\\\/www.europa-prefabri.com\\\/fr\\\/abris-voiture-avec-alucobond-pour-lidl-et-europa\\\/#primaryimage\"},\"image\":{\"@id\":\"https:\\\/\\\/www.europa-prefabri.com\\\/fr\\\/abris-voiture-avec-alucobond-pour-lidl-et-europa\\\/#primaryimage\"},\"thumbnailUrl\":\"https:\\\/\\\/www.europa-prefabri.com\\\/wp-content\\\/uploads\\\/Marquesinas-de-aparcamiento-con-Alucobond-para-Lidl-06.jpg\",\"datePublished\":\"2017-05-11T08:19:50+00:00\",\"dateModified\":\"2025-01-31T14:26:26+00:00\",\"description\":\"Nous avons r\u00e9alis\u00e9 la fabrication et le montage de 133 places avec abris voiture avec Alucobond pourLidl \u00e0 Ayamonte, Huelva.\",\"breadcrumb\":{\"@id\":\"https:\\\/\\\/www.europa-prefabri.com\\\/fr\\\/abris-voiture-avec-alucobond-pour-lidl-et-europa\\\/#breadcrumb\"},\"inLanguage\":\"fr-FR\",\"potentialAction\":[{\"@type\":\"ReadAction\",\"target\":[\"https:\\\/\\\/www.europa-prefabri.com\\\/fr\\\/abris-voiture-avec-alucobond-pour-lidl-et-europa\\\/\"]}]},{\"@type\":\"ImageObject\",\"inLanguage\":\"fr-FR\",\"@id\":\"https:\\\/\\\/www.europa-prefabri.com\\\/fr\\\/abris-voiture-avec-alucobond-pour-lidl-et-europa\\\/#primaryimage\",\"url\":\"https:\\\/\\\/www.europa-prefabri.com\\\/wp-content\\\/uploads\\\/Marquesinas-de-aparcamiento-con-Alucobond-para-Lidl-06.jpg\",\"contentUrl\":\"https:\\\/\\\/www.europa-prefabri.com\\\/wp-content\\\/uploads\\\/Marquesinas-de-aparcamiento-con-Alucobond-para-Lidl-06.jpg\",\"width\":800,\"height\":600,\"caption\":\"Abris voiture avec Alucobond pour Lidl l ET Europa\"},{\"@type\":\"BreadcrumbList\",\"@id\":\"https:\\\/\\\/www.europa-prefabri.com\\\/fr\\\/abris-voiture-avec-alucobond-pour-lidl-et-europa\\\/#breadcrumb\",\"itemListElement\":[{\"@type\":\"ListItem\",\"position\":1,\"name\":\"Portada\",\"item\":\"https:\\\/\\\/www.europa-prefabri.com\\\/fr\\\/\"},{\"@type\":\"ListItem\",\"position\":2,\"name\":\"Abris voiture avec Alucobond pour Lidl | ET Europa\"}]},{\"@type\":\"WebSite\",\"@id\":\"https:\\\/\\\/www.europa-prefabri.com\\\/#website\",\"url\":\"https:\\\/\\\/www.europa-prefabri.com\\\/\",\"name\":\"Europa Prefabri | Alquiler y venta de construcciones modulares\",\"description\":\"Alquiler y venta de construcciones modulares, casetas de obra, marquesinas de aparcamiento y vallas y cerramientos.\",\"publisher\":{\"@id\":\"https:\\\/\\\/www.europa-prefabri.com\\\/#organization\"},\"potentialAction\":[{\"@type\":\"SearchAction\",\"target\":{\"@type\":\"EntryPoint\",\"urlTemplate\":\"https:\\\/\\\/www.europa-prefabri.com\\\/?s={search_term_string}\"},\"query-input\":{\"@type\":\"PropertyValueSpecification\",\"valueRequired\":true,\"valueName\":\"search_term_string\"}}],\"inLanguage\":\"fr-FR\"},{\"@type\":\"Organization\",\"@id\":\"https:\\\/\\\/www.europa-prefabri.com\\\/#organization\",\"name\":\"Prefabri S.L.\",\"url\":\"https:\\\/\\\/www.europa-prefabri.com\\\/\",\"logo\":{\"@type\":\"ImageObject\",\"inLanguage\":\"fr-FR\",\"@id\":\"https:\\\/\\\/www.europa-prefabri.com\\\/#\\\/schema\\\/logo\\\/image\\\/\",\"url\":\"https:\\\/\\\/www.europa-prefabri.com\\\/wp-content\\\/uploads\\\/EuropaPrefabri-Logo.jpg\",\"contentUrl\":\"https:\\\/\\\/www.europa-prefabri.com\\\/wp-content\\\/uploads\\\/EuropaPrefabri-Logo.jpg\",\"width\":752,\"height\":348,\"caption\":\"Prefabri S.L.\"},\"image\":{\"@id\":\"https:\\\/\\\/www.europa-prefabri.com\\\/#\\\/schema\\\/logo\\\/image\\\/\"},\"sameAs\":[\"https:\\\/\\\/www.facebook.com\\\/Europa-Prefabri-258328977572213\\\/\",\"https:\\\/\\\/x.com\\\/EuropaPrefabri\",\"https:\\\/\\\/www.instagram.com\\\/europaprefabri\\\/\",\"https:\\\/\\\/es.linkedin.com\\\/company\\\/europa-prefabri\",\"https:\\\/\\\/es.pinterest.com\\\/europaprefabri\\\/\",\"https:\\\/\\\/www.youtube.com\\\/user\\\/PrefabriSL\"]},{\"@type\":\"Person\",\"@id\":\"https:\\\/\\\/www.europa-prefabri.com\\\/#\\\/schema\\\/person\\\/2ab6be5821a7026cd8f16d2a9411e86e\",\"name\":\"admin\",\"image\":{\"@type\":\"ImageObject\",\"inLanguage\":\"fr-FR\",\"@id\":\"https:\\\/\\\/secure.gravatar.com\\\/avatar\\\/dc55d3f4b941a1510eef2620b2c166513788bd88ef72341333b6d0a859bacd3c?s=96&d=mm&r=g\",\"url\":\"https:\\\/\\\/secure.gravatar.com\\\/avatar\\\/dc55d3f4b941a1510eef2620b2c166513788bd88ef72341333b6d0a859bacd3c?s=96&d=mm&r=g\",\"contentUrl\":\"https:\\\/\\\/secure.gravatar.com\\\/avatar\\\/dc55d3f4b941a1510eef2620b2c166513788bd88ef72341333b6d0a859bacd3c?s=96&d=mm&r=g\",\"caption\":\"admin\"},\"sameAs\":[\"https:\\\/\\\/www.europa-prefabri.com\",\"https:\\\/\\\/x.com\\\/@EuropaPrefabri\"]}]}<\/script>\n<!-- \/ Yoast SEO plugin. -->","yoast_head_json":{"title":"Abris voiture avec Alucobond pour Lidl l ET Europa","description":"Nous avons r\u00e9alis\u00e9 la fabrication et le montage de 133 places avec abris voiture avec Alucobond pourLidl \u00e0 Ayamonte, Huelva.","robots":{"index":"index","follow":"follow","max-snippet":"max-snippet:-1","max-image-preview":"max-image-preview:large","max-video-preview":"max-video-preview:-1"},"canonical":"https:\/\/www.europa-prefabri.com\/fr\/abris-voiture-avec-alucobond-pour-lidl-et-europa\/","og_locale":"fr_FR","og_type":"article","og_title":"Abris voiture avec Alucobond pour Lidl l ET Europa","og_description":"Nous avons r\u00e9alis\u00e9 la fabrication et le montage de 133 places avec abris voiture avec Alucobond pourLidl \u00e0 Ayamonte, Huelva.","og_url":"https:\/\/www.europa-prefabri.com\/fr\/abris-voiture-avec-alucobond-pour-lidl-et-europa\/","og_site_name":"Europa Prefabri | Alquiler y venta de construcciones modulares","article_publisher":"https:\/\/www.facebook.com\/Europa-Prefabri-258328977572213\/","article_published_time":"2017-05-11T08:19:50+00:00","article_modified_time":"2025-01-31T14:26:26+00:00","og_image":[{"width":800,"height":600,"url":"https:\/\/www.europa-prefabri.com\/wp-content\/uploads\/Marquesinas-de-aparcamiento-con-Alucobond-para-Lidl-06.jpg","type":"image\/jpeg"}],"author":"admin","twitter_card":"summary_large_image","twitter_creator":"@EuropaPrefabri","twitter_site":"@EuropaPrefabri","twitter_misc":{"Written by":"admin","Est. reading time":"7 minutes"},"schema":{"@context":"https:\/\/schema.org","@graph":[{"@type":"Article","@id":"https:\/\/www.europa-prefabri.com\/fr\/abris-voiture-avec-alucobond-pour-lidl-et-europa\/#article","isPartOf":{"@id":"https:\/\/www.europa-prefabri.com\/fr\/abris-voiture-avec-alucobond-pour-lidl-et-europa\/"},"author":{"name":"admin","@id":"https:\/\/www.europa-prefabri.com\/#\/schema\/person\/2ab6be5821a7026cd8f16d2a9411e86e"},"headline":"Abris voiture avec Alucobond pour Lidl | ET Europa","datePublished":"2017-05-11T08:19:50+00:00","dateModified":"2025-01-31T14:26:26+00:00","mainEntityOfPage":{"@id":"https:\/\/www.europa-prefabri.com\/fr\/abris-voiture-avec-alucobond-pour-lidl-et-europa\/"},"wordCount":970,"publisher":{"@id":"https:\/\/www.europa-prefabri.com\/#organization"},"image":{"@id":"https:\/\/www.europa-prefabri.com\/fr\/abris-voiture-avec-alucobond-pour-lidl-et-europa\/#primaryimage"},"thumbnailUrl":"https:\/\/www.europa-prefabri.com\/wp-content\/uploads\/Marquesinas-de-aparcamiento-con-Alucobond-para-Lidl-06.jpg","articleSection":["Projets"],"inLanguage":"fr-FR"},{"@type":"WebPage","@id":"https:\/\/www.europa-prefabri.com\/fr\/abris-voiture-avec-alucobond-pour-lidl-et-europa\/","url":"https:\/\/www.europa-prefabri.com\/fr\/abris-voiture-avec-alucobond-pour-lidl-et-europa\/","name":"Abris voiture avec Alucobond pour Lidl l ET Europa","isPartOf":{"@id":"https:\/\/www.europa-prefabri.com\/#website"},"primaryImageOfPage":{"@id":"https:\/\/www.europa-prefabri.com\/fr\/abris-voiture-avec-alucobond-pour-lidl-et-europa\/#primaryimage"},"image":{"@id":"https:\/\/www.europa-prefabri.com\/fr\/abris-voiture-avec-alucobond-pour-lidl-et-europa\/#primaryimage"},"thumbnailUrl":"https:\/\/www.europa-prefabri.com\/wp-content\/uploads\/Marquesinas-de-aparcamiento-con-Alucobond-para-Lidl-06.jpg","datePublished":"2017-05-11T08:19:50+00:00","dateModified":"2025-01-31T14:26:26+00:00","description":"Nous avons r\u00e9alis\u00e9 la fabrication et le montage de 133 places avec abris voiture avec Alucobond pourLidl \u00e0 Ayamonte, Huelva.","breadcrumb":{"@id":"https:\/\/www.europa-prefabri.com\/fr\/abris-voiture-avec-alucobond-pour-lidl-et-europa\/#breadcrumb"},"inLanguage":"fr-FR","potentialAction":[{"@type":"ReadAction","target":["https:\/\/www.europa-prefabri.com\/fr\/abris-voiture-avec-alucobond-pour-lidl-et-europa\/"]}]},{"@type":"ImageObject","inLanguage":"fr-FR","@id":"https:\/\/www.europa-prefabri.com\/fr\/abris-voiture-avec-alucobond-pour-lidl-et-europa\/#primaryimage","url":"https:\/\/www.europa-prefabri.com\/wp-content\/uploads\/Marquesinas-de-aparcamiento-con-Alucobond-para-Lidl-06.jpg","contentUrl":"https:\/\/www.europa-prefabri.com\/wp-content\/uploads\/Marquesinas-de-aparcamiento-con-Alucobond-para-Lidl-06.jpg","width":800,"height":600,"caption":"Abris voiture avec Alucobond pour Lidl l ET Europa"},{"@type":"BreadcrumbList","@id":"https:\/\/www.europa-prefabri.com\/fr\/abris-voiture-avec-alucobond-pour-lidl-et-europa\/#breadcrumb","itemListElement":[{"@type":"ListItem","position":1,"name":"Portada","item":"https:\/\/www.europa-prefabri.com\/fr\/"},{"@type":"ListItem","position":2,"name":"Abris voiture avec Alucobond pour Lidl | ET Europa"}]},{"@type":"WebSite","@id":"https:\/\/www.europa-prefabri.com\/#website","url":"https:\/\/www.europa-prefabri.com\/","name":"Europa Prefabri | Alquiler y venta de construcciones modulares","description":"Alquiler y venta de construcciones modulares, casetas de obra, marquesinas de aparcamiento y vallas y cerramientos.","publisher":{"@id":"https:\/\/www.europa-prefabri.com\/#organization"},"potentialAction":[{"@type":"SearchAction","target":{"@type":"EntryPoint","urlTemplate":"https:\/\/www.europa-prefabri.com\/?s={search_term_string}"},"query-input":{"@type":"PropertyValueSpecification","valueRequired":true,"valueName":"search_term_string"}}],"inLanguage":"fr-FR"},{"@type":"Organization","@id":"https:\/\/www.europa-prefabri.com\/#organization","name":"Prefabri S.L.","url":"https:\/\/www.europa-prefabri.com\/","logo":{"@type":"ImageObject","inLanguage":"fr-FR","@id":"https:\/\/www.europa-prefabri.com\/#\/schema\/logo\/image\/","url":"https:\/\/www.europa-prefabri.com\/wp-content\/uploads\/EuropaPrefabri-Logo.jpg","contentUrl":"https:\/\/www.europa-prefabri.com\/wp-content\/uploads\/EuropaPrefabri-Logo.jpg","width":752,"height":348,"caption":"Prefabri S.L."},"image":{"@id":"https:\/\/www.europa-prefabri.com\/#\/schema\/logo\/image\/"},"sameAs":["https:\/\/www.facebook.com\/Europa-Prefabri-258328977572213\/","https:\/\/x.com\/EuropaPrefabri","https:\/\/www.instagram.com\/europaprefabri\/","https:\/\/es.linkedin.com\/company\/europa-prefabri","https:\/\/es.pinterest.com\/europaprefabri\/","https:\/\/www.youtube.com\/user\/PrefabriSL"]},{"@type":"Person","@id":"https:\/\/www.europa-prefabri.com\/#\/schema\/person\/2ab6be5821a7026cd8f16d2a9411e86e","name":"admin","image":{"@type":"ImageObject","inLanguage":"fr-FR","@id":"https:\/\/secure.gravatar.com\/avatar\/dc55d3f4b941a1510eef2620b2c166513788bd88ef72341333b6d0a859bacd3c?s=96&d=mm&r=g","url":"https:\/\/secure.gravatar.com\/avatar\/dc55d3f4b941a1510eef2620b2c166513788bd88ef72341333b6d0a859bacd3c?s=96&d=mm&r=g","contentUrl":"https:\/\/secure.gravatar.com\/avatar\/dc55d3f4b941a1510eef2620b2c166513788bd88ef72341333b6d0a859bacd3c?s=96&d=mm&r=g","caption":"admin"},"sameAs":["https:\/\/www.europa-prefabri.com","https:\/\/x.com\/@EuropaPrefabri"]}]}},"_links":{"self":[{"href":"https:\/\/www.europa-prefabri.com\/fr\/wp-json\/wp\/v2\/posts\/16212","targetHints":{"allow":["GET"]}}],"collection":[{"href":"https:\/\/www.europa-prefabri.com\/fr\/wp-json\/wp\/v2\/posts"}],"about":[{"href":"https:\/\/www.europa-prefabri.com\/fr\/wp-json\/wp\/v2\/types\/post"}],"author":[{"embeddable":true,"href":"https:\/\/www.europa-prefabri.com\/fr\/wp-json\/wp\/v2\/users\/4"}],"replies":[{"embeddable":true,"href":"https:\/\/www.europa-prefabri.com\/fr\/wp-json\/wp\/v2\/comments?post=16212"}],"version-history":[{"count":3,"href":"https:\/\/www.europa-prefabri.com\/fr\/wp-json\/wp\/v2\/posts\/16212\/revisions"}],"predecessor-version":[{"id":36057,"href":"https:\/\/www.europa-prefabri.com\/fr\/wp-json\/wp\/v2\/posts\/16212\/revisions\/36057"}],"wp:featuredmedia":[{"embeddable":true,"href":"https:\/\/www.europa-prefabri.com\/fr\/wp-json\/wp\/v2\/media\/16114"}],"wp:attachment":[{"href":"https:\/\/www.europa-prefabri.com\/fr\/wp-json\/wp\/v2\/media?parent=16212"}],"wp:term":[{"taxonomy":"category","embeddable":true,"href":"https:\/\/www.europa-prefabri.com\/fr\/wp-json\/wp\/v2\/categories?post=16212"},{"taxonomy":"post_tag","embeddable":true,"href":"https:\/\/www.europa-prefabri.com\/fr\/wp-json\/wp\/v2\/tags?post=16212"}],"curies":[{"name":"wp","href":"https:\/\/api.w.org\/{rel}","templated":true}]}}