{"id":15990,"date":"2017-05-04T10:43:50","date_gmt":"2017-05-04T10:43:50","guid":{"rendered":"http:\/\/www.europa-prefabri.com\/fr\/vinarock-2017\/"},"modified":"2025-01-31T13:05:23","modified_gmt":"2025-01-31T12:05:23","slug":"modules-prefabriques-vinarock-2017","status":"publish","type":"post","link":"https:\/\/www.europa-prefabri.com\/fr\/modules-prefabriques-vinarock-2017\/","title":{"rendered":"Modules pr\u00e9fabriqu\u00e9s au Vi\u00f1arock 2017 | Prefabri"},"content":{"rendered":"\n\t\t<style type=\"text\/css\">\n\t\t\t#gallery-1 {\n\t\t\t\tmargin: auto;\n\t\t\t}\n\t\t\t#gallery-1 .gallery-item {\n\t\t\t\tfloat: left;\n\t\t\t\tmargin-top: 10px;\n\t\t\t\ttext-align: center;\n\t\t\t\twidth: 11%;\n\t\t\t}\n\t\t\t#gallery-1 img {\n\t\t\t\tborder: 2px solid #cfcfcf;\n\t\t\t}\n\t\t\t#gallery-1 .gallery-caption {\n\t\t\t\tmargin-left: 0;\n\t\t\t}\n\t\t\t\/* see gallery_shortcode() in wp-includes\/media.php *\/\n\t\t<\/style>\n\t\t<div id='gallery-1' class='gallery galleryid-15990 gallery-columns-9 gallery-size-thumbnail'><dl class='gallery-item'>\n\t\t\t<dt class='gallery-icon landscape'>\n\t\t\t\t<a href='https:\/\/www.europa-prefabri.com\/fr\/modules-prefabriques-vinarock-2017\/vinarock-2017-alquiler-caseta-evento-2\/'><img loading=\"lazy\" decoding=\"async\" width=\"80\" height=\"80\" src=\"https:\/\/www.europa-prefabri.com\/wp-content\/uploads\/vinarock-2017-alquiler-caseta-evento-80x80.jpg\" class=\"attachment-thumbnail size-thumbnail\" alt=\"\" srcset=\"https:\/\/www.europa-prefabri.com\/wp-content\/uploads\/vinarock-2017-alquiler-caseta-evento-80x80.jpg 80w, https:\/\/www.europa-prefabri.com\/wp-content\/uploads\/vinarock-2017-alquiler-caseta-evento-36x36.jpg 36w, https:\/\/www.europa-prefabri.com\/wp-content\/uploads\/vinarock-2017-alquiler-caseta-evento-180x180.jpg 180w, https:\/\/www.europa-prefabri.com\/wp-content\/uploads\/vinarock-2017-alquiler-caseta-evento-120x120.jpg 120w, https:\/\/www.europa-prefabri.com\/wp-content\/uploads\/vinarock-2017-alquiler-caseta-evento-450x450.jpg 450w\" sizes=\"auto, (max-width: 80px) 100vw, 80px\" \/><\/a>\n\t\t\t<\/dt><\/dl><dl class='gallery-item'>\n\t\t\t<dt class='gallery-icon landscape'>\n\t\t\t\t<a href='https:\/\/www.europa-prefabri.com\/fr\/vinarock-2017-alquiler-casetas-evento\/'><img loading=\"lazy\" decoding=\"async\" width=\"80\" height=\"80\" src=\"https:\/\/www.europa-prefabri.com\/wp-content\/uploads\/vinarock-2017-alquiler-casetas-evento-80x80.jpg\" class=\"attachment-thumbnail size-thumbnail\" alt=\"vinarock 2017 alquiler casetas evento\" srcset=\"https:\/\/www.europa-prefabri.com\/wp-content\/uploads\/vinarock-2017-alquiler-casetas-evento-80x80.jpg 80w, https:\/\/www.europa-prefabri.com\/wp-content\/uploads\/vinarock-2017-alquiler-casetas-evento-36x36.jpg 36w, https:\/\/www.europa-prefabri.com\/wp-content\/uploads\/vinarock-2017-alquiler-casetas-evento-180x180.jpg 180w, https:\/\/www.europa-prefabri.com\/wp-content\/uploads\/vinarock-2017-alquiler-casetas-evento-120x120.jpg 120w, https:\/\/www.europa-prefabri.com\/wp-content\/uploads\/vinarock-2017-alquiler-casetas-evento-450x450.jpg 450w\" sizes=\"auto, (max-width: 80px) 100vw, 80px\" \/><\/a>\n\t\t\t<\/dt><\/dl><dl class='gallery-item'>\n\t\t\t<dt class='gallery-icon landscape'>\n\t\t\t\t<a href='https:\/\/www.europa-prefabri.com\/fr\/vinarock-2017-alquiler-modulo-caseta-evento\/'><img loading=\"lazy\" decoding=\"async\" width=\"80\" height=\"80\" src=\"https:\/\/www.europa-prefabri.com\/wp-content\/uploads\/vinarock-2017-alquiler-modulo-caseta-evento-80x80.jpg\" class=\"attachment-thumbnail size-thumbnail\" alt=\"vinarock 2017 alquiler modulo caseta evento\" srcset=\"https:\/\/www.europa-prefabri.com\/wp-content\/uploads\/vinarock-2017-alquiler-modulo-caseta-evento-80x80.jpg 80w, https:\/\/www.europa-prefabri.com\/wp-content\/uploads\/vinarock-2017-alquiler-modulo-caseta-evento-36x36.jpg 36w, https:\/\/www.europa-prefabri.com\/wp-content\/uploads\/vinarock-2017-alquiler-modulo-caseta-evento-180x180.jpg 180w, https:\/\/www.europa-prefabri.com\/wp-content\/uploads\/vinarock-2017-alquiler-modulo-caseta-evento-120x120.jpg 120w, https:\/\/www.europa-prefabri.com\/wp-content\/uploads\/vinarock-2017-alquiler-modulo-caseta-evento-450x450.jpg 450w\" sizes=\"auto, (max-width: 80px) 100vw, 80px\" \/><\/a>\n\t\t\t<\/dt><\/dl><dl class='gallery-item'>\n\t\t\t<dt class='gallery-icon landscape'>\n\t\t\t\t<a href='https:\/\/www.europa-prefabri.com\/fr\/vinarock-2017-alquiler-modulo-evento\/'><img loading=\"lazy\" decoding=\"async\" width=\"80\" height=\"80\" src=\"https:\/\/www.europa-prefabri.com\/wp-content\/uploads\/vinarock-2017-alquiler-modulo-evento-80x80.jpg\" class=\"attachment-thumbnail size-thumbnail\" alt=\"vinarock 2017 alquiler modulo evento\" srcset=\"https:\/\/www.europa-prefabri.com\/wp-content\/uploads\/vinarock-2017-alquiler-modulo-evento-80x80.jpg 80w, https:\/\/www.europa-prefabri.com\/wp-content\/uploads\/vinarock-2017-alquiler-modulo-evento-36x36.jpg 36w, https:\/\/www.europa-prefabri.com\/wp-content\/uploads\/vinarock-2017-alquiler-modulo-evento-180x180.jpg 180w, https:\/\/www.europa-prefabri.com\/wp-content\/uploads\/vinarock-2017-alquiler-modulo-evento-120x120.jpg 120w, https:\/\/www.europa-prefabri.com\/wp-content\/uploads\/vinarock-2017-alquiler-modulo-evento-450x450.jpg 450w\" sizes=\"auto, (max-width: 80px) 100vw, 80px\" \/><\/a>\n\t\t\t<\/dt><\/dl><dl class='gallery-item'>\n\t\t\t<dt class='gallery-icon landscape'>\n\t\t\t\t<a href='https:\/\/www.europa-prefabri.com\/fr\/vinarock-2017-alquiler-modulos-evento\/'><img loading=\"lazy\" decoding=\"async\" width=\"80\" height=\"80\" src=\"https:\/\/www.europa-prefabri.com\/wp-content\/uploads\/vinarock-2017-alquiler-modulos-evento-80x80.jpg\" class=\"attachment-thumbnail size-thumbnail\" alt=\"vinarock 2017 alquiler modulos evento\" srcset=\"https:\/\/www.europa-prefabri.com\/wp-content\/uploads\/vinarock-2017-alquiler-modulos-evento-80x80.jpg 80w, https:\/\/www.europa-prefabri.com\/wp-content\/uploads\/vinarock-2017-alquiler-modulos-evento-36x36.jpg 36w, https:\/\/www.europa-prefabri.com\/wp-content\/uploads\/vinarock-2017-alquiler-modulos-evento-180x180.jpg 180w, https:\/\/www.europa-prefabri.com\/wp-content\/uploads\/vinarock-2017-alquiler-modulos-evento-120x120.jpg 120w, https:\/\/www.europa-prefabri.com\/wp-content\/uploads\/vinarock-2017-alquiler-modulos-evento-450x450.jpg 450w\" sizes=\"auto, (max-width: 80px) 100vw, 80px\" \/><\/a>\n\t\t\t<\/dt><\/dl><dl class='gallery-item'>\n\t\t\t<dt class='gallery-icon landscape'>\n\t\t\t\t<a href='https:\/\/www.europa-prefabri.com\/fr\/vinarock-2017-casetas-evento\/'><img loading=\"lazy\" decoding=\"async\" width=\"80\" height=\"80\" src=\"https:\/\/www.europa-prefabri.com\/wp-content\/uploads\/vinarock-2017-casetas-evento-80x80.jpg\" class=\"attachment-thumbnail size-thumbnail\" alt=\"vinarock 2017 casetas evento\" srcset=\"https:\/\/www.europa-prefabri.com\/wp-content\/uploads\/vinarock-2017-casetas-evento-80x80.jpg 80w, https:\/\/www.europa-prefabri.com\/wp-content\/uploads\/vinarock-2017-casetas-evento-36x36.jpg 36w, https:\/\/www.europa-prefabri.com\/wp-content\/uploads\/vinarock-2017-casetas-evento-180x180.jpg 180w, https:\/\/www.europa-prefabri.com\/wp-content\/uploads\/vinarock-2017-casetas-evento-120x120.jpg 120w, https:\/\/www.europa-prefabri.com\/wp-content\/uploads\/vinarock-2017-casetas-evento-450x450.jpg 450w\" sizes=\"auto, (max-width: 80px) 100vw, 80px\" \/><\/a>\n\t\t\t<\/dt><\/dl>\n\t\t\t<br style='clear: both' \/>\n\t\t<\/div>\n\n<p>Europa Prefabri a fourni des modules pr\u00e9fabriqu\u00e9s pour une autre festival. Cette fin de semaine s&#8217;est d\u00e9roul\u00e9 le festival de musique Vi\u00f1arock 2017, o\u00f9 plus de 200 000 personnes ont pu profiter bien que le beau temps n&#8217;\u00e9tait pas pr\u00e9sent au vingti\u00e8me \u00e9dition du festival.<\/p>\n<p>Dans cette \u00e9dition ont particip\u00e9 plus de 140 artistes\u00a0et\u00a0groupe, dont\u00a0Reincidentes, Mago de Oz, Kase O,\u00a0Los Suaves, la Mala Rodr\u00edguez, Boikot, Soziedad Alkoholika, Rapsusklei, Shotta, Def con Dos,\u00a0S\u00f4ber,\u00a0Siniestro Total, Rosendo,\u00a0Onyx,\u00a0WarCry,\u00a0Desakato,\u00a0Shotta, Canteca de Macao, SFDK,\u00a0Lagwagon,\u00a0Los Chikos del Ma\u00edz, Hamlet,\u00a0Green Valley&#8230;<\/p>\n<blockquote class=\"instagram-media\" data-instgrm-captioned data-instgrm-version=\"7\" style=\" background:#FFF; border:0; border-radius:3px; box-shadow:0 0 1px 0 rgba(0,0,0,0.5),0 1px 10px 0 rgba(0,0,0,0.15); margin: 1px; max-width:658px; padding:0; width:99.375%; width:-webkit-calc(100% - 2px); width:calc(100% - 2px);\">\n<div style=\"padding:8px;\">\n<div style=\" background:#F8F8F8; line-height:0; margin-top:40px; padding:50.0% 0; text-align:center; width:100%;\">\n<div style=\" background:url(data:image\/png;base64,iVBORw0KGgoAAAANSUhEUgAAACwAAAAsCAMAAAApWqozAAAABGdBTUEAALGPC\/xhBQAAAAFzUkdCAK7OHOkAAAAMUExURczMzPf399fX1+bm5mzY9AMAAADiSURBVDjLvZXbEsMgCES5\/P8\/t9FuRVCRmU73JWlzosgSIIZURCjo\/ad+EQJJB4Hv8BFt+IDpQoCx1wjOSBFhh2XssxEIYn3ulI\/6MNReE07UIWJEv8UEOWDS88LY97kqyTliJKKtuYBbruAyVh5wOHiXmpi5we58Ek028czwyuQdLKPG1Bkb4NnM+VeAnfHqn1k4+GPT6uGQcvu2h2OVuIf\/gWUFyy8OWEpdyZSa3aVCqpVoVvzZZ2VTnn2wU8qzVjDDetO90GSy9mVLqtgYSy231MxrY6I2gGqjrTY0L8fxCxfCBbhWrsYYAAAAAElFTkSuQmCC); display:block; height:44px; margin:0 auto -44px; position:relative; top:-22px; width:44px;\"><\/div>\n<\/div>\n<p style=\" margin:8px 0 0 0; padding:0 4px;\"> <a href=\"https:\/\/www.instagram.com\/p\/BSTLqesDKZ8\/\" style=\" color:#000; font-family:Arial,sans-serif; font-size:14px; font-style:normal; font-weight:normal; line-height:17px; text-decoration:none; word-wrap:break-word;\" target=\"_blank\">\u00a1Ya tenemos el cartel por d\u00edas de #Vi\u00f1aRock2017! Solo quedan 27 d\u00edas para la 22 edici\u00f3n del festival de Villarrobledo. Hazte con una de las \u00faltimas entradas en la web. #Villarrobledo #Vi\u00f1aRock<\/a><\/p>\n<p style=\" color:#c9c8cd; font-family:Arial,sans-serif; font-size:14px; line-height:17px; margin-bottom:0; margin-top:8px; overflow:hidden; padding:8px 0 7px; text-align:center; text-overflow:ellipsis; white-space:nowrap;\">A post shared by Vi\u00f1a Rock (@vinarockoficial) on <time style=\" font-family:Arial,sans-serif; font-size:14px; line-height:17px;\" datetime=\"2017-03-31T10:48:50+00:00\">Mar 31, 2017 at 3:48am PDT<\/time><\/p>\n<\/div>\n<\/blockquote>\n<p><script async defer src=\"\/\/platform.instagram.com\/en_US\/embeds.js\"><\/script><\/p>\n<h1 style=\"text-align: justify;\">Europa Prefabri fournie des modules pr\u00e9fabriqu\u00e9s \u00e0\u00a0Vi\u00f1arock 2017<\/h1>\n<p>Les organisateurs du\u00a0festival ont une fois de plus fait confiance \u00e0 Europa Prefabri pour fournir pendant\u00a0cinq ans cons\u00e9cutifs des modules pr\u00e9fabriqu\u00e9s pour l&#8217;\u00e9v\u00e9nement, \u00e0 utiliser comme logement pr\u00e9fabriqu\u00e9,\u00a0bureau modulable, espaces de stockages, cabine pour infirmerie\u00a0,\u00a0postes de surveillances, cabines\u00a0de production,\u00a0modules\u00a0pour\u00a0la\u00a0presse,\u00a0kiosques\u00a0de\u00a0nourriture, espace de vente, module\u00a0pour le\u00a0merchandising,&#8230;<\/p>\n<p>La versatilit\u00e9\u00a0de la construction modulaire permet que nos modules pr\u00e9fabriqu\u00e9s peuvent r\u00e9pondre \u00e0 une multitude d&#8217;usages\u00a0tet s&#8217;adaptent\u00a0\u00e0\u00a0 chaque n\u00e9cessit\u00e9 suppos\u00e9e.<\/p>\n<h2 style=\"text-align: justify;\">Caracteristiques techniques des modules pr\u00e9fabriqu\u00e9s du\u00a0festival Vi\u00f1arock 2017<\/h2>\n<h3 style=\"text-align: justify;\">Module pour\u00a0l&#8217;accr\u00e9ditation du\u00a0publique<\/h3>\n<p style=\"text-align: justify;\">Une cabine translucide standard avec fen\u00eatre, air conditionn\u00e9 et volet roulant \u00e0 toutes les fen\u00eatres.<\/p>\n<h3 style=\"text-align: justify;\">Module\u00a0de double fonctionnalit\u00e9: loge et\u00a0bureau<\/h3>\n<p style=\"text-align: justify;\">Une cabine divis\u00e9e en deux partie avec deux portes ind\u00e9pendantes, fen\u00eatreet air conditonn\u00e9 dans les deux modules pr\u00e9fabriqu\u00e9s ind\u00e9pendants, volet roulant \u00e0 toutes les fen\u00eatres.<\/p>\n<h3 style=\"text-align: justify;\">Douze loges pour les\u00a0sc\u00e8nes<\/h3>\n<p style=\"text-align: justify;\">Dans lesquelles:<\/p>\n<ul>\n<li style=\"text-align: justify;\">Dix sont des modules pr\u00e9fabriqu\u00e9s translucides standards avec fen\u00eatre, air conditionn\u00e9 et persianne \u00e0 toutes les fen\u00eatres.<\/li>\n<li style=\"text-align: justify;\">Deux\u00a0sont des loges de deux modules ind\u00e9pendants \u00a0qui sont compos\u00e9 de deux portes ind\u00e9pendantes, fen\u00eatre et air conditionn\u00e9 dans les deux parties\u00a0et persianne \u00e0 toutes les fen\u00eatres.<\/li>\n<\/ul>\n<h3 style=\"text-align: justify;\">Modules pr\u00e9fabriqu\u00e9s \u00e0\u00a0double funcionalit\u00e9: stock et bureau modulable<\/h3>\n<p style=\"text-align: justify;\">Quatre modules pr\u00e9fabriqu\u00e9s divis\u00e9s en parties \u00e9gales avec deux portes ind\u00e9pendantes avec fen\u00eatre et air conditionn\u00e9 dans les deux parties\u00a0et persianne \u00e0 toutes les fen\u00eatres.<\/p>\n<p style=\"text-align: justify;\">Une cabane\u00a0translucide standard avec fen\u00eatre et air conditionn\u00e9 dans les deux parties\u00a0et persianne \u00e0 toutes les fen\u00eatres.<\/p>\n<h3 style=\"text-align: justify;\">Module pour\u00a0infirmerie<\/h3>\n<p style=\"text-align: justify;\">Cabine\u00a0translucide \u00a0avec sanitaire.<\/p>\n<h3 style=\"text-align: justify;\">\u00a0Poste de surveillance<\/h3>\n<p style=\"text-align: justify;\">Module\u00a0divis\u00e9e\u00a0en deux parties compos\u00e9es de deux portes ind\u00e9pendantes, fen\u00eatre et air conditionn\u00e9 dans les deux parties\u00a0et persianne \u00e0 toutes les fen\u00eatres.<\/p>\n<h3 style=\"text-align: justify;\">\u00a0Modules pour RH et\u00a0accreditations<\/h3>\n<p style=\"text-align: justify;\">Deux cabines translucides reli\u00e9es par le cot\u00e9, avec air conditionn\u00e9, stores \u00a0\u00e0 toutes les fen\u00eatres et cinq portes en\u00a0face avant.<\/p>\n<h3 style=\"text-align: justify;\">Sept\u00a0modules de production<\/h3>\n<p style=\"text-align: justify;\">Quatre\u00a0sont des modules translucides standards avec\u00a0fen\u00eatres,\u00a0air conditionn\u00e9, stores \u00a0\u00e0 toutes les fen\u00eatres.<\/p>\n<p style=\"text-align: justify;\">Un module double translucide uni, avec\u00a0deux\u00a0air conditionn\u00e9s, stores \u00a0\u00e0 toutes les fen\u00eatres.<\/p>\n<p style=\"text-align: justify;\">Deux\u00a0cabines translucides standards\u00a0avec\u00a0fen\u00eatres,\u00a0air conditionn\u00e9, stores \u00a0\u00e0 toutes les fen\u00eatres.<\/p>\n<h3 style=\"text-align: justify;\">Modules pr\u00e9fabriqu\u00e9s de\u00a0stockage<\/h3>\n<p style=\"text-align: justify;\">Une cabine\u00a0divis\u00e9e en deux parties \u00e9gales, avec\u00a0une porte d&#8217;acc\u00e8s\u00a0et\u00a0r\u00e9li\u00e9e depuis l&#8217;int\u00e9rieur avec une porte.<\/p>\n<p style=\"text-align: justify;\">Une cabine\u00a0divis\u00e9e en deux parties \u00e9gales, avec deux\u00a0portes d&#8217;acc\u00e8s\u00a0 ind\u00e9pendantes, avec\u00a0fen\u00eatres et\u00a0stores \u00a0\u00e0 toutes les fen\u00eatres,\u00a0air\u00a0conditionn\u00e9 dans les deux\u00a0parties.<\/p>\n<h3 style=\"text-align: justify;\">Bureaux modulable<\/h3>\n<p style=\"text-align: justify;\">Trois cabines\u00a0translucides standards avec\u00a0fen\u00eatre, air conditionn\u00e9 et stores \u00a0\u00e0 toutes les fen\u00eatres.<\/p>\n<p style=\"text-align: justify;\">Une\u00a0cabine\u00a0divis\u00e9e\u00a0en deux\u00a0parties \u00e9gales avec\u00a0deux\u00a0portes ind\u00e9pendantes, avec\u00a0fen\u00eatre et\u00a0air conditionn\u00e9\u00a0dans les deux parties et stores \u00a0\u00e0 toutes les fen\u00eatres.<\/p>\n<h3 style=\"text-align: justify;\">Module\u00a0de presse et image<\/h3>\n<p style=\"text-align: justify;\">Une cabine\u00a0translucide\u00a0standard avec\u00a0fen\u00eatre, air conditionn\u00e9 et stores \u00a0\u00e0 toutes les fen\u00eatres.<\/p>\n<h3 style=\"text-align: justify;\">Kiosques de nourriture et boisson, et espace de vente<\/h3>\n<p style=\"text-align: justify;\">Un module translucide\u00a0standard avec\u00a0fen\u00eatre, air conditionn\u00e9 et stores \u00a0\u00e0 toutes les fen\u00eatres\u00a0et\u00a0rampe d&#8217;acc\u00e8s pour personne \u00e0 mobilit\u00e9 r\u00e9duite.<\/p>\n<p style=\"text-align: justify;\">Trois cabines translucides avec fen\u00eatre\u00a0rabattables\u00a0et\u00a0air conditionn\u00e9.<\/p>\n<h3 style=\"text-align: justify;\">Gichet modulaire<\/h3>\n<p style=\"text-align: justify;\">Module qui se compose de trois fen\u00eatres et une porte sur le cot\u00e9 oppos\u00e9 communiquant int\u00e9rioremment, avec fen\u00eatres,\u00a0air conditionn\u00e9 et stores \u00a0\u00e0 toutes les fen\u00eatres.<\/p>\n<h3 style=\"text-align: justify;\">Module de artisanat<\/h3>\n<p style=\"text-align: justify;\">Une\u00a0cabine translucide de 2,40 x 2,40\u00a0avec fen\u00eatres, air conditionn\u00e9 et stores \u00a0\u00e0 toutes les fen\u00eatres.<\/p>\n<h3 style=\"text-align: justify;\">Module\u00a0de merchandising et\u00a0promotion<\/h3>\n<h3 style=\"text-align: justify;\">Deux\u00a0cabines translucides standards avec\u00a0fen\u00eatres, air conditionn\u00e9 et stores \u00a0\u00e0 toutes les fen\u00eatres.<\/h3>\n<p>Deux\u00a0cabines de 6 metros et\u00a03 fen\u00eatres dans chacune sur la face avant, reli\u00e9es\u00a0par le cot\u00e9\u00a0avec\u00a0air conditionn\u00e9.<\/p>\n<h3 style=\"text-align: justify;\">Cabines des objets perdus et vente de billets<\/h3>\n<p style=\"text-align: justify;\">Deux modules divis\u00e9s en trois parties avec deux fen\u00eatres, porte sur le cot\u00e9 oppos\u00e9, communiquant int\u00e9rieurement et air conditionn\u00e9.<\/p>\n<h3 style=\"text-align: justify;\">Modules pr\u00e9fabriqu\u00e9s de surveillance pour\u00a0la garde\u00a0Civile<\/h3>\n<p style=\"text-align: justify;\">Une\u00a0cabine\u00a0translucide\u00a0normale avec fen\u00eatres , air condicion\u00e9et stores \u00e0 chaque\u00a0fen\u00eatre.<\/p>\n<p style=\"text-align: justify;\">L&#8217;organisation du festival a indiqu\u00e9 que Vi\u00f1arock 2017 a g\u00e9n\u00e9r\u00e9 une retomnb\u00e9e\u00a0economique de plus\u00a0de 17 millons d&#8217;euros aussi bien \u00e0\u00a0Villarrobledo que dans la province d&#8217;Albacete et a cr\u00e9\u00e9 \u00a0plus de\u00a01.500 postes de travails directs et indirects.\u00a0<a href=\"https:\/\/www.vina-rock.com\/\">Vi\u00f1arock\u00a02018<\/a> se deroulera les\u00a028, 29 et\u00a030 Avril.<\/p>\n<p style=\"text-align: justify;\">Si vous d\u00e9sirez voir les\u00a0\u00e9ditions pr\u00e9c\u00e9dentes dans lsequelles nous avont particip\u00e9s, visitez les articles de\u00a0Vi\u00f1arock 2013,\u00a0Vi\u00f1arock 2014,\u00a0Vi\u00f1arock 2015 y Vi\u00f1arock 2016.<\/p>\n","protected":false},"excerpt":{"rendered":"<p>Europa Prefabri a fourni des modules pr\u00e9fabriqu\u00e9s pour une autre festival. Cette fin de semaine s&#8217;est d\u00e9roul\u00e9 le festival de musique Vi\u00f1arock 2017, o\u00f9 plus de 200 000 personnes ont pu profiter bien que le beau temps n&#8217;\u00e9tait pas pr\u00e9sent au vingti\u00e8me \u00e9dition du festival. Dans cette \u00e9dition ont particip\u00e9 plus de 140 artistes\u00a0et\u00a0groupe, dont\u00a0Reincidentes, [&hellip;]<\/p>\n","protected":false},"author":4,"featured_media":15915,"comment_status":"closed","ping_status":"closed","sticky":false,"template":"","format":"gallery","meta":{"footnotes":""},"categories":[58],"tags":[],"class_list":["post-15990","post","type-post","status-publish","format-gallery","has-post-thumbnail","hentry","category-projets","post_format-post-format-gallery"],"yoast_head":"<!-- This site is optimized with the Yoast SEO plugin v27.5 - https:\/\/yoast.com\/product\/yoast-seo-wordpress\/ -->\n<title>modules pr\u00e9fabriqu\u00e9s d&#039;Europa Prefabri au festival Vi\u00f1arock 2017<\/title>\n<meta name=\"description\" content=\"Europa Prefabri est de nouveau pr\u00e9sent \u00e0 l&#039;\u00e9dition de Vi\u00f1arock 2017 en fournissant des modules pr\u00e9fabriqu\u00e9s pour le bon fonctionnement de l&#039;\u00e9v\u00e9nement.\" \/>\n<meta name=\"robots\" content=\"index, follow, max-snippet:-1, max-image-preview:large, max-video-preview:-1\" \/>\n<link rel=\"canonical\" href=\"https:\/\/www.europa-prefabri.com\/fr\/modules-prefabriques-vinarock-2017\/\" \/>\n<meta property=\"og:locale\" content=\"fr_FR\" \/>\n<meta property=\"og:type\" content=\"article\" \/>\n<meta property=\"og:title\" content=\"modules pr\u00e9fabriqu\u00e9s d&#039;Europa Prefabri au festival Vi\u00f1arock 2017\" \/>\n<meta property=\"og:description\" content=\"Europa Prefabri est de nouveau pr\u00e9sent \u00e0 l&#039;\u00e9dition de Vi\u00f1arock 2017 en fournissant des modules pr\u00e9fabriqu\u00e9s pour le bon fonctionnement de l&#039;\u00e9v\u00e9nement.\" \/>\n<meta property=\"og:url\" content=\"https:\/\/www.europa-prefabri.com\/fr\/modules-prefabriques-vinarock-2017\/\" \/>\n<meta property=\"og:site_name\" content=\"Europa Prefabri | Alquiler y venta de construcciones modulares\" \/>\n<meta property=\"article:publisher\" content=\"https:\/\/www.facebook.com\/Europa-Prefabri-258328977572213\/\" \/>\n<meta property=\"article:published_time\" content=\"2017-05-04T10:43:50+00:00\" \/>\n<meta property=\"article:modified_time\" content=\"2025-01-31T12:05:23+00:00\" \/>\n<meta property=\"og:image\" content=\"https:\/\/www.europa-prefabri.com\/wp-content\/uploads\/vinarock-2017-alquiler-caseta-evento.jpg\" \/>\n\t<meta property=\"og:image:width\" content=\"800\" \/>\n\t<meta property=\"og:image:height\" content=\"600\" \/>\n\t<meta property=\"og:image:type\" content=\"image\/jpeg\" \/>\n<meta name=\"author\" content=\"admin\" \/>\n<meta name=\"twitter:card\" content=\"summary_large_image\" \/>\n<meta name=\"twitter:creator\" content=\"@EuropaPrefabri\" \/>\n<meta name=\"twitter:site\" content=\"@EuropaPrefabri\" \/>\n<meta name=\"twitter:label1\" content=\"Written by\" \/>\n\t<meta name=\"twitter:data1\" content=\"admin\" \/>\n\t<meta name=\"twitter:label2\" content=\"Est. reading time\" \/>\n\t<meta name=\"twitter:data2\" content=\"4 minutes\" \/>\n<script type=\"application\/ld+json\" class=\"yoast-schema-graph\">{\"@context\":\"https:\\\/\\\/schema.org\",\"@graph\":[{\"@type\":\"Article\",\"@id\":\"https:\\\/\\\/www.europa-prefabri.com\\\/fr\\\/modules-prefabriques-vinarock-2017\\\/#article\",\"isPartOf\":{\"@id\":\"https:\\\/\\\/www.europa-prefabri.com\\\/fr\\\/modules-prefabriques-vinarock-2017\\\/\"},\"author\":{\"name\":\"admin\",\"@id\":\"https:\\\/\\\/www.europa-prefabri.com\\\/#\\\/schema\\\/person\\\/2ab6be5821a7026cd8f16d2a9411e86e\"},\"headline\":\"Modules pr\u00e9fabriqu\u00e9s au Vi\u00f1arock 2017 | Prefabri\",\"datePublished\":\"2017-05-04T10:43:50+00:00\",\"dateModified\":\"2025-01-31T12:05:23+00:00\",\"mainEntityOfPage\":{\"@id\":\"https:\\\/\\\/www.europa-prefabri.com\\\/fr\\\/modules-prefabriques-vinarock-2017\\\/\"},\"wordCount\":914,\"publisher\":{\"@id\":\"https:\\\/\\\/www.europa-prefabri.com\\\/#organization\"},\"image\":{\"@id\":\"https:\\\/\\\/www.europa-prefabri.com\\\/fr\\\/modules-prefabriques-vinarock-2017\\\/#primaryimage\"},\"thumbnailUrl\":\"https:\\\/\\\/www.europa-prefabri.com\\\/wp-content\\\/uploads\\\/vinarock-2017-alquiler-caseta-evento.jpg\",\"articleSection\":[\"Projets\"],\"inLanguage\":\"fr-FR\"},{\"@type\":\"WebPage\",\"@id\":\"https:\\\/\\\/www.europa-prefabri.com\\\/fr\\\/modules-prefabriques-vinarock-2017\\\/\",\"url\":\"https:\\\/\\\/www.europa-prefabri.com\\\/fr\\\/modules-prefabriques-vinarock-2017\\\/\",\"name\":\"modules pr\u00e9fabriqu\u00e9s d'Europa Prefabri au festival Vi\u00f1arock 2017\",\"isPartOf\":{\"@id\":\"https:\\\/\\\/www.europa-prefabri.com\\\/#website\"},\"primaryImageOfPage\":{\"@id\":\"https:\\\/\\\/www.europa-prefabri.com\\\/fr\\\/modules-prefabriques-vinarock-2017\\\/#primaryimage\"},\"image\":{\"@id\":\"https:\\\/\\\/www.europa-prefabri.com\\\/fr\\\/modules-prefabriques-vinarock-2017\\\/#primaryimage\"},\"thumbnailUrl\":\"https:\\\/\\\/www.europa-prefabri.com\\\/wp-content\\\/uploads\\\/vinarock-2017-alquiler-caseta-evento.jpg\",\"datePublished\":\"2017-05-04T10:43:50+00:00\",\"dateModified\":\"2025-01-31T12:05:23+00:00\",\"description\":\"Europa Prefabri est de nouveau pr\u00e9sent \u00e0 l'\u00e9dition de Vi\u00f1arock 2017 en fournissant des modules pr\u00e9fabriqu\u00e9s pour le bon fonctionnement de l'\u00e9v\u00e9nement.\",\"breadcrumb\":{\"@id\":\"https:\\\/\\\/www.europa-prefabri.com\\\/fr\\\/modules-prefabriques-vinarock-2017\\\/#breadcrumb\"},\"inLanguage\":\"fr-FR\",\"potentialAction\":[{\"@type\":\"ReadAction\",\"target\":[\"https:\\\/\\\/www.europa-prefabri.com\\\/fr\\\/modules-prefabriques-vinarock-2017\\\/\"]}]},{\"@type\":\"ImageObject\",\"inLanguage\":\"fr-FR\",\"@id\":\"https:\\\/\\\/www.europa-prefabri.com\\\/fr\\\/modules-prefabriques-vinarock-2017\\\/#primaryimage\",\"url\":\"https:\\\/\\\/www.europa-prefabri.com\\\/wp-content\\\/uploads\\\/vinarock-2017-alquiler-caseta-evento.jpg\",\"contentUrl\":\"https:\\\/\\\/www.europa-prefabri.com\\\/wp-content\\\/uploads\\\/vinarock-2017-alquiler-caseta-evento.jpg\",\"width\":800,\"height\":600},{\"@type\":\"BreadcrumbList\",\"@id\":\"https:\\\/\\\/www.europa-prefabri.com\\\/fr\\\/modules-prefabriques-vinarock-2017\\\/#breadcrumb\",\"itemListElement\":[{\"@type\":\"ListItem\",\"position\":1,\"name\":\"Portada\",\"item\":\"https:\\\/\\\/www.europa-prefabri.com\\\/fr\\\/\"},{\"@type\":\"ListItem\",\"position\":2,\"name\":\"Modules pr\u00e9fabriqu\u00e9s au Vi\u00f1arock 2017 | Prefabri\"}]},{\"@type\":\"WebSite\",\"@id\":\"https:\\\/\\\/www.europa-prefabri.com\\\/#website\",\"url\":\"https:\\\/\\\/www.europa-prefabri.com\\\/\",\"name\":\"Europa Prefabri | Alquiler y venta de construcciones modulares\",\"description\":\"Alquiler y venta de construcciones modulares, casetas de obra, marquesinas de aparcamiento y vallas y cerramientos.\",\"publisher\":{\"@id\":\"https:\\\/\\\/www.europa-prefabri.com\\\/#organization\"},\"potentialAction\":[{\"@type\":\"SearchAction\",\"target\":{\"@type\":\"EntryPoint\",\"urlTemplate\":\"https:\\\/\\\/www.europa-prefabri.com\\\/?s={search_term_string}\"},\"query-input\":{\"@type\":\"PropertyValueSpecification\",\"valueRequired\":true,\"valueName\":\"search_term_string\"}}],\"inLanguage\":\"fr-FR\"},{\"@type\":\"Organization\",\"@id\":\"https:\\\/\\\/www.europa-prefabri.com\\\/#organization\",\"name\":\"Prefabri S.L.\",\"url\":\"https:\\\/\\\/www.europa-prefabri.com\\\/\",\"logo\":{\"@type\":\"ImageObject\",\"inLanguage\":\"fr-FR\",\"@id\":\"https:\\\/\\\/www.europa-prefabri.com\\\/#\\\/schema\\\/logo\\\/image\\\/\",\"url\":\"https:\\\/\\\/www.europa-prefabri.com\\\/wp-content\\\/uploads\\\/EuropaPrefabri-Logo.jpg\",\"contentUrl\":\"https:\\\/\\\/www.europa-prefabri.com\\\/wp-content\\\/uploads\\\/EuropaPrefabri-Logo.jpg\",\"width\":752,\"height\":348,\"caption\":\"Prefabri S.L.\"},\"image\":{\"@id\":\"https:\\\/\\\/www.europa-prefabri.com\\\/#\\\/schema\\\/logo\\\/image\\\/\"},\"sameAs\":[\"https:\\\/\\\/www.facebook.com\\\/Europa-Prefabri-258328977572213\\\/\",\"https:\\\/\\\/x.com\\\/EuropaPrefabri\",\"https:\\\/\\\/www.instagram.com\\\/europaprefabri\\\/\",\"https:\\\/\\\/es.linkedin.com\\\/company\\\/europa-prefabri\",\"https:\\\/\\\/es.pinterest.com\\\/europaprefabri\\\/\",\"https:\\\/\\\/www.youtube.com\\\/user\\\/PrefabriSL\"]},{\"@type\":\"Person\",\"@id\":\"https:\\\/\\\/www.europa-prefabri.com\\\/#\\\/schema\\\/person\\\/2ab6be5821a7026cd8f16d2a9411e86e\",\"name\":\"admin\",\"image\":{\"@type\":\"ImageObject\",\"inLanguage\":\"fr-FR\",\"@id\":\"https:\\\/\\\/secure.gravatar.com\\\/avatar\\\/dc55d3f4b941a1510eef2620b2c166513788bd88ef72341333b6d0a859bacd3c?s=96&d=mm&r=g\",\"url\":\"https:\\\/\\\/secure.gravatar.com\\\/avatar\\\/dc55d3f4b941a1510eef2620b2c166513788bd88ef72341333b6d0a859bacd3c?s=96&d=mm&r=g\",\"contentUrl\":\"https:\\\/\\\/secure.gravatar.com\\\/avatar\\\/dc55d3f4b941a1510eef2620b2c166513788bd88ef72341333b6d0a859bacd3c?s=96&d=mm&r=g\",\"caption\":\"admin\"},\"sameAs\":[\"https:\\\/\\\/www.europa-prefabri.com\",\"https:\\\/\\\/x.com\\\/@EuropaPrefabri\"]}]}<\/script>\n<!-- \/ Yoast SEO plugin. -->","yoast_head_json":{"title":"modules pr\u00e9fabriqu\u00e9s d'Europa Prefabri au festival Vi\u00f1arock 2017","description":"Europa Prefabri est de nouveau pr\u00e9sent \u00e0 l'\u00e9dition de Vi\u00f1arock 2017 en fournissant des modules pr\u00e9fabriqu\u00e9s pour le bon fonctionnement de l'\u00e9v\u00e9nement.","robots":{"index":"index","follow":"follow","max-snippet":"max-snippet:-1","max-image-preview":"max-image-preview:large","max-video-preview":"max-video-preview:-1"},"canonical":"https:\/\/www.europa-prefabri.com\/fr\/modules-prefabriques-vinarock-2017\/","og_locale":"fr_FR","og_type":"article","og_title":"modules pr\u00e9fabriqu\u00e9s d'Europa Prefabri au festival Vi\u00f1arock 2017","og_description":"Europa Prefabri est de nouveau pr\u00e9sent \u00e0 l'\u00e9dition de Vi\u00f1arock 2017 en fournissant des modules pr\u00e9fabriqu\u00e9s pour le bon fonctionnement de l'\u00e9v\u00e9nement.","og_url":"https:\/\/www.europa-prefabri.com\/fr\/modules-prefabriques-vinarock-2017\/","og_site_name":"Europa Prefabri | Alquiler y venta de construcciones modulares","article_publisher":"https:\/\/www.facebook.com\/Europa-Prefabri-258328977572213\/","article_published_time":"2017-05-04T10:43:50+00:00","article_modified_time":"2025-01-31T12:05:23+00:00","og_image":[{"width":800,"height":600,"url":"https:\/\/www.europa-prefabri.com\/wp-content\/uploads\/vinarock-2017-alquiler-caseta-evento.jpg","type":"image\/jpeg"}],"author":"admin","twitter_card":"summary_large_image","twitter_creator":"@EuropaPrefabri","twitter_site":"@EuropaPrefabri","twitter_misc":{"Written by":"admin","Est. reading time":"4 minutes"},"schema":{"@context":"https:\/\/schema.org","@graph":[{"@type":"Article","@id":"https:\/\/www.europa-prefabri.com\/fr\/modules-prefabriques-vinarock-2017\/#article","isPartOf":{"@id":"https:\/\/www.europa-prefabri.com\/fr\/modules-prefabriques-vinarock-2017\/"},"author":{"name":"admin","@id":"https:\/\/www.europa-prefabri.com\/#\/schema\/person\/2ab6be5821a7026cd8f16d2a9411e86e"},"headline":"Modules pr\u00e9fabriqu\u00e9s au Vi\u00f1arock 2017 | Prefabri","datePublished":"2017-05-04T10:43:50+00:00","dateModified":"2025-01-31T12:05:23+00:00","mainEntityOfPage":{"@id":"https:\/\/www.europa-prefabri.com\/fr\/modules-prefabriques-vinarock-2017\/"},"wordCount":914,"publisher":{"@id":"https:\/\/www.europa-prefabri.com\/#organization"},"image":{"@id":"https:\/\/www.europa-prefabri.com\/fr\/modules-prefabriques-vinarock-2017\/#primaryimage"},"thumbnailUrl":"https:\/\/www.europa-prefabri.com\/wp-content\/uploads\/vinarock-2017-alquiler-caseta-evento.jpg","articleSection":["Projets"],"inLanguage":"fr-FR"},{"@type":"WebPage","@id":"https:\/\/www.europa-prefabri.com\/fr\/modules-prefabriques-vinarock-2017\/","url":"https:\/\/www.europa-prefabri.com\/fr\/modules-prefabriques-vinarock-2017\/","name":"modules pr\u00e9fabriqu\u00e9s d'Europa Prefabri au festival Vi\u00f1arock 2017","isPartOf":{"@id":"https:\/\/www.europa-prefabri.com\/#website"},"primaryImageOfPage":{"@id":"https:\/\/www.europa-prefabri.com\/fr\/modules-prefabriques-vinarock-2017\/#primaryimage"},"image":{"@id":"https:\/\/www.europa-prefabri.com\/fr\/modules-prefabriques-vinarock-2017\/#primaryimage"},"thumbnailUrl":"https:\/\/www.europa-prefabri.com\/wp-content\/uploads\/vinarock-2017-alquiler-caseta-evento.jpg","datePublished":"2017-05-04T10:43:50+00:00","dateModified":"2025-01-31T12:05:23+00:00","description":"Europa Prefabri est de nouveau pr\u00e9sent \u00e0 l'\u00e9dition de Vi\u00f1arock 2017 en fournissant des modules pr\u00e9fabriqu\u00e9s pour le bon fonctionnement de l'\u00e9v\u00e9nement.","breadcrumb":{"@id":"https:\/\/www.europa-prefabri.com\/fr\/modules-prefabriques-vinarock-2017\/#breadcrumb"},"inLanguage":"fr-FR","potentialAction":[{"@type":"ReadAction","target":["https:\/\/www.europa-prefabri.com\/fr\/modules-prefabriques-vinarock-2017\/"]}]},{"@type":"ImageObject","inLanguage":"fr-FR","@id":"https:\/\/www.europa-prefabri.com\/fr\/modules-prefabriques-vinarock-2017\/#primaryimage","url":"https:\/\/www.europa-prefabri.com\/wp-content\/uploads\/vinarock-2017-alquiler-caseta-evento.jpg","contentUrl":"https:\/\/www.europa-prefabri.com\/wp-content\/uploads\/vinarock-2017-alquiler-caseta-evento.jpg","width":800,"height":600},{"@type":"BreadcrumbList","@id":"https:\/\/www.europa-prefabri.com\/fr\/modules-prefabriques-vinarock-2017\/#breadcrumb","itemListElement":[{"@type":"ListItem","position":1,"name":"Portada","item":"https:\/\/www.europa-prefabri.com\/fr\/"},{"@type":"ListItem","position":2,"name":"Modules pr\u00e9fabriqu\u00e9s au Vi\u00f1arock 2017 | Prefabri"}]},{"@type":"WebSite","@id":"https:\/\/www.europa-prefabri.com\/#website","url":"https:\/\/www.europa-prefabri.com\/","name":"Europa Prefabri | Alquiler y venta de construcciones modulares","description":"Alquiler y venta de construcciones modulares, casetas de obra, marquesinas de aparcamiento y vallas y cerramientos.","publisher":{"@id":"https:\/\/www.europa-prefabri.com\/#organization"},"potentialAction":[{"@type":"SearchAction","target":{"@type":"EntryPoint","urlTemplate":"https:\/\/www.europa-prefabri.com\/?s={search_term_string}"},"query-input":{"@type":"PropertyValueSpecification","valueRequired":true,"valueName":"search_term_string"}}],"inLanguage":"fr-FR"},{"@type":"Organization","@id":"https:\/\/www.europa-prefabri.com\/#organization","name":"Prefabri S.L.","url":"https:\/\/www.europa-prefabri.com\/","logo":{"@type":"ImageObject","inLanguage":"fr-FR","@id":"https:\/\/www.europa-prefabri.com\/#\/schema\/logo\/image\/","url":"https:\/\/www.europa-prefabri.com\/wp-content\/uploads\/EuropaPrefabri-Logo.jpg","contentUrl":"https:\/\/www.europa-prefabri.com\/wp-content\/uploads\/EuropaPrefabri-Logo.jpg","width":752,"height":348,"caption":"Prefabri S.L."},"image":{"@id":"https:\/\/www.europa-prefabri.com\/#\/schema\/logo\/image\/"},"sameAs":["https:\/\/www.facebook.com\/Europa-Prefabri-258328977572213\/","https:\/\/x.com\/EuropaPrefabri","https:\/\/www.instagram.com\/europaprefabri\/","https:\/\/es.linkedin.com\/company\/europa-prefabri","https:\/\/es.pinterest.com\/europaprefabri\/","https:\/\/www.youtube.com\/user\/PrefabriSL"]},{"@type":"Person","@id":"https:\/\/www.europa-prefabri.com\/#\/schema\/person\/2ab6be5821a7026cd8f16d2a9411e86e","name":"admin","image":{"@type":"ImageObject","inLanguage":"fr-FR","@id":"https:\/\/secure.gravatar.com\/avatar\/dc55d3f4b941a1510eef2620b2c166513788bd88ef72341333b6d0a859bacd3c?s=96&d=mm&r=g","url":"https:\/\/secure.gravatar.com\/avatar\/dc55d3f4b941a1510eef2620b2c166513788bd88ef72341333b6d0a859bacd3c?s=96&d=mm&r=g","contentUrl":"https:\/\/secure.gravatar.com\/avatar\/dc55d3f4b941a1510eef2620b2c166513788bd88ef72341333b6d0a859bacd3c?s=96&d=mm&r=g","caption":"admin"},"sameAs":["https:\/\/www.europa-prefabri.com","https:\/\/x.com\/@EuropaPrefabri"]}]}},"_links":{"self":[{"href":"https:\/\/www.europa-prefabri.com\/fr\/wp-json\/wp\/v2\/posts\/15990","targetHints":{"allow":["GET"]}}],"collection":[{"href":"https:\/\/www.europa-prefabri.com\/fr\/wp-json\/wp\/v2\/posts"}],"about":[{"href":"https:\/\/www.europa-prefabri.com\/fr\/wp-json\/wp\/v2\/types\/post"}],"author":[{"embeddable":true,"href":"https:\/\/www.europa-prefabri.com\/fr\/wp-json\/wp\/v2\/users\/4"}],"replies":[{"embeddable":true,"href":"https:\/\/www.europa-prefabri.com\/fr\/wp-json\/wp\/v2\/comments?post=15990"}],"version-history":[{"count":2,"href":"https:\/\/www.europa-prefabri.com\/fr\/wp-json\/wp\/v2\/posts\/15990\/revisions"}],"predecessor-version":[{"id":35881,"href":"https:\/\/www.europa-prefabri.com\/fr\/wp-json\/wp\/v2\/posts\/15990\/revisions\/35881"}],"wp:featuredmedia":[{"embeddable":true,"href":"https:\/\/www.europa-prefabri.com\/fr\/wp-json\/wp\/v2\/media\/15915"}],"wp:attachment":[{"href":"https:\/\/www.europa-prefabri.com\/fr\/wp-json\/wp\/v2\/media?parent=15990"}],"wp:term":[{"taxonomy":"category","embeddable":true,"href":"https:\/\/www.europa-prefabri.com\/fr\/wp-json\/wp\/v2\/categories?post=15990"},{"taxonomy":"post_tag","embeddable":true,"href":"https:\/\/www.europa-prefabri.com\/fr\/wp-json\/wp\/v2\/tags?post=15990"}],"curies":[{"name":"wp","href":"https:\/\/api.w.org\/{rel}","templated":true}]}}