{"id":15904,"date":"2017-05-03T10:58:55","date_gmt":"2017-05-03T10:58:55","guid":{"rendered":"http:\/\/www.europa-prefabri.com\/fr\/?p=15904"},"modified":"2017-05-16T16:41:00","modified_gmt":"2017-05-16T14:41:00","slug":"sanitaires-portatifs-de-luxe","status":"publish","type":"post","link":"https:\/\/www.europa-prefabri.com\/fr\/sanitaires-portatifs-de-luxe\/","title":{"rendered":"Sanitaires portatifs de luxe: Natura"},"content":{"rendered":"<p>Europa Prefabri continue d&#8217;agrandir sa \u00a0gamme de sanitaires portatifs \u00a0de luxe avec l&#8217;incorporation des\u00a0<a href=\"\/?p=2416\">cabines sanitaires unisex haute gamme<\/a>\u00a0Natura.<\/p>\n<p>Ces\u00a0sanitaires portatifs de luxe reposent sur les principes de la construction moduulaires, ce qui leur conf\u00e8rent une grande versatilit\u00e9 et flexabilit\u00e9 pour r\u00e9pondre aux besoins de chaque client, en pouvant configurer sur mesure le nombre, le type et la disposition des cabines sanitaires, en incluant les WC \u00a0et lavabos tout en respectant le nombre d&#8217;unit\u00e9s de sanitaires n\u00e9cessaires selon le nombre de participants pour\u00a0chaque \u00e9v\u00e9nement.<\/p>\n<p>Exlusivit\u00e9 de finitions Prenium avec les avantages d&#8217;un syst\u00e8me \u00a0totalement autonome.<\/p>\n<h1>Caracteristiques Techniques des sanitaires portatifs de luxe Natura<\/h1>\n<p>&#8211; Bois\u00a0de triple \u00e9paisseurprovenant d&#8217;exploitations foresti\u00e8res durables\u00a0avec des peintures \u00e0 l&#8217;eau.<br \/>\n&#8211; Rev\u00eatement\u00a0ignifug\u00e9<br \/>\n&#8211; Peut etre install\u00e9 aussi bien \u00e0 l&#8217;ext\u00e9rieur qu&#8217;\u00e0 l&#8217;int\u00e9rieur.<br \/>\n&#8211; Syst\u00e8me d&#8217;auto fermeture et portes renforc\u00e9es pour une meilleure s\u00e9curit\u00e9 avec\u00a0la cerrure traditionnelle.<br \/>\n&#8211; Grille\u00a0de ventilation sup\u00e9rieur pour g\u00e9n\u00e9rer un circuit d&#8217;air naturel<br \/>\n&#8211; Toit anti-vandalisme de poly\u00e9thyl\u00e8ne, translucide\u00a0pour\u00a0laisser rentrer la lumi\u00e8re naturelle, courb\u00e9\u00a0pour une meilleure ventilation et\u00a0r\u00e9sistant\u00a0aux conditions climatiques difficiles.<br \/>\n&#8211; Lavabos\u00a0avec\u00a0miroir et distributeur de papier<br \/>\n&#8211; D\u00e9montables\u00a0et transportable par modules<br \/>\n&#8211; Poids du WC: 170 KG<br \/>\n&#8211; Poids du lavabo:\u00a0120 KG<\/p>\n<table>\n<tbody>\n<tr>\n<td width=\"217\"><strong>Dimensions du\u00a0Module<\/strong><\/td>\n<td width=\"136\"><strong>Haueur<\/strong><\/td>\n<td width=\"171\"><strong>Largeur<\/strong><\/td>\n<td width=\"175\"><b>Profondeur<\/b><\/td>\n<\/tr>\n<tr>\n<td width=\"217\">Lavabos<\/td>\n<td width=\"136\">235 cm<\/td>\n<td width=\"171\">150 cm<\/td>\n<td width=\"175\">600 cm<\/td>\n<\/tr>\n<tr>\n<td width=\"217\">WC<\/td>\n<td width=\"136\">235 cm<\/td>\n<td width=\"171\">128 cm<\/td>\n<td width=\"175\">114 cm<\/td>\n<\/tr>\n<\/tbody>\n<\/table>\n","protected":false},"excerpt":{"rendered":"<p>Europa Prefabri continue d&#8217;agrandir sa \u00a0gamme de sanitaires portatifs \u00a0de luxe avec l&#8217;incorporation des\u00a0cabines sanitaires unisex haute gamme\u00a0Natura. Ces\u00a0sanitaires portatifs de luxe reposent sur les principes de la construction moduulaires, ce qui leur conf\u00e8rent une grande versatilit\u00e9 et flexabilit\u00e9 pour r\u00e9pondre aux besoins de chaque client, en pouvant configurer sur mesure le nombre, le type [&hellip;]<\/p>\n","protected":false},"author":4,"featured_media":15876,"comment_status":"closed","ping_status":"closed","sticky":false,"template":"","format":"image","meta":{"footnotes":""},"categories":[58],"tags":[],"class_list":["post-15904","post","type-post","status-publish","format-image","has-post-thumbnail","hentry","category-projets","post_format-post-format-image"],"yoast_head":"<!-- This site is optimized with the Yoast SEO plugin v27.5 - https:\/\/yoast.com\/product\/yoast-seo-wordpress\/ -->\n<title>Sanitaires portatifs de luxe: Natura, la cabine sanitaire pour \u00e9v\u00e9nements<\/title>\n<meta name=\"description\" content=\"Europa Prefabri continue d&#039;agrandir sa gamme de sanitaires portatifs de luxe avec Natura, une cabine sanitaire pour \u00e9v\u00e9nements\" \/>\n<meta name=\"robots\" content=\"index, follow, max-snippet:-1, max-image-preview:large, max-video-preview:-1\" \/>\n<link rel=\"canonical\" href=\"https:\/\/www.europa-prefabri.com\/fr\/sanitaires-portatifs-de-luxe\/\" \/>\n<meta property=\"og:locale\" content=\"fr_FR\" \/>\n<meta property=\"og:type\" content=\"article\" \/>\n<meta property=\"og:title\" content=\"Sanitaires portatifs de luxe: Natura, la cabine sanitaire pour \u00e9v\u00e9nements\" \/>\n<meta property=\"og:description\" content=\"Europa Prefabri continue d&#039;agrandir sa gamme de sanitaires portatifs de luxe avec Natura, une cabine sanitaire pour \u00e9v\u00e9nements\" \/>\n<meta property=\"og:url\" content=\"https:\/\/www.europa-prefabri.com\/fr\/sanitaires-portatifs-de-luxe\/\" \/>\n<meta property=\"og:site_name\" content=\"Europa Prefabri | Alquiler y venta de construcciones modulares\" \/>\n<meta property=\"article:publisher\" content=\"https:\/\/www.facebook.com\/Europa-Prefabri-258328977572213\/\" \/>\n<meta property=\"article:published_time\" content=\"2017-05-03T10:58:55+00:00\" \/>\n<meta property=\"article:modified_time\" content=\"2017-05-16T14:41:00+00:00\" \/>\n<meta property=\"og:image\" content=\"https:\/\/www.europa-prefabri.com\/wp-content\/uploads\/sanitario-portatil-de-lujo-natura.jpg\" \/>\n\t<meta property=\"og:image:width\" content=\"800\" \/>\n\t<meta property=\"og:image:height\" content=\"600\" \/>\n\t<meta property=\"og:image:type\" content=\"image\/jpeg\" \/>\n<meta name=\"author\" content=\"admin\" \/>\n<meta name=\"twitter:card\" content=\"summary_large_image\" \/>\n<meta name=\"twitter:creator\" content=\"@EuropaPrefabri\" \/>\n<meta name=\"twitter:site\" content=\"@EuropaPrefabri\" \/>\n<meta name=\"twitter:label1\" content=\"Written by\" \/>\n\t<meta name=\"twitter:data1\" content=\"admin\" \/>\n\t<meta name=\"twitter:label2\" content=\"Est. reading time\" \/>\n\t<meta name=\"twitter:data2\" content=\"1 minute\" \/>\n<script type=\"application\/ld+json\" class=\"yoast-schema-graph\">{\"@context\":\"https:\\\/\\\/schema.org\",\"@graph\":[{\"@type\":\"Article\",\"@id\":\"https:\\\/\\\/www.europa-prefabri.com\\\/fr\\\/sanitaires-portatifs-de-luxe\\\/#article\",\"isPartOf\":{\"@id\":\"https:\\\/\\\/www.europa-prefabri.com\\\/fr\\\/sanitaires-portatifs-de-luxe\\\/\"},\"author\":{\"name\":\"admin\",\"@id\":\"https:\\\/\\\/www.europa-prefabri.com\\\/#\\\/schema\\\/person\\\/2ab6be5821a7026cd8f16d2a9411e86e\"},\"headline\":\"Sanitaires portatifs de luxe: Natura\",\"datePublished\":\"2017-05-03T10:58:55+00:00\",\"dateModified\":\"2017-05-16T14:41:00+00:00\",\"mainEntityOfPage\":{\"@id\":\"https:\\\/\\\/www.europa-prefabri.com\\\/fr\\\/sanitaires-portatifs-de-luxe\\\/\"},\"wordCount\":243,\"publisher\":{\"@id\":\"https:\\\/\\\/www.europa-prefabri.com\\\/#organization\"},\"image\":{\"@id\":\"https:\\\/\\\/www.europa-prefabri.com\\\/fr\\\/sanitaires-portatifs-de-luxe\\\/#primaryimage\"},\"thumbnailUrl\":\"https:\\\/\\\/www.europa-prefabri.com\\\/wp-content\\\/uploads\\\/sanitario-portatil-de-lujo-natura.jpg\",\"articleSection\":[\"Projets\"],\"inLanguage\":\"fr-FR\"},{\"@type\":\"WebPage\",\"@id\":\"https:\\\/\\\/www.europa-prefabri.com\\\/fr\\\/sanitaires-portatifs-de-luxe\\\/\",\"url\":\"https:\\\/\\\/www.europa-prefabri.com\\\/fr\\\/sanitaires-portatifs-de-luxe\\\/\",\"name\":\"Sanitaires portatifs de luxe: Natura, la cabine sanitaire pour \u00e9v\u00e9nements\",\"isPartOf\":{\"@id\":\"https:\\\/\\\/www.europa-prefabri.com\\\/#website\"},\"primaryImageOfPage\":{\"@id\":\"https:\\\/\\\/www.europa-prefabri.com\\\/fr\\\/sanitaires-portatifs-de-luxe\\\/#primaryimage\"},\"image\":{\"@id\":\"https:\\\/\\\/www.europa-prefabri.com\\\/fr\\\/sanitaires-portatifs-de-luxe\\\/#primaryimage\"},\"thumbnailUrl\":\"https:\\\/\\\/www.europa-prefabri.com\\\/wp-content\\\/uploads\\\/sanitario-portatil-de-lujo-natura.jpg\",\"datePublished\":\"2017-05-03T10:58:55+00:00\",\"dateModified\":\"2017-05-16T14:41:00+00:00\",\"description\":\"Europa Prefabri continue d'agrandir sa gamme de sanitaires portatifs de luxe avec Natura, une cabine sanitaire pour \u00e9v\u00e9nements\",\"breadcrumb\":{\"@id\":\"https:\\\/\\\/www.europa-prefabri.com\\\/fr\\\/sanitaires-portatifs-de-luxe\\\/#breadcrumb\"},\"inLanguage\":\"fr-FR\",\"potentialAction\":[{\"@type\":\"ReadAction\",\"target\":[\"https:\\\/\\\/www.europa-prefabri.com\\\/fr\\\/sanitaires-portatifs-de-luxe\\\/\"]}]},{\"@type\":\"ImageObject\",\"inLanguage\":\"fr-FR\",\"@id\":\"https:\\\/\\\/www.europa-prefabri.com\\\/fr\\\/sanitaires-portatifs-de-luxe\\\/#primaryimage\",\"url\":\"https:\\\/\\\/www.europa-prefabri.com\\\/wp-content\\\/uploads\\\/sanitario-portatil-de-lujo-natura.jpg\",\"contentUrl\":\"https:\\\/\\\/www.europa-prefabri.com\\\/wp-content\\\/uploads\\\/sanitario-portatil-de-lujo-natura.jpg\",\"width\":800,\"height\":600,\"caption\":\"Sanitaires portatifs de luxe: Natura, la cabine sanitaire pour les mariages ou \u00e9v\u00e9nements\"},{\"@type\":\"BreadcrumbList\",\"@id\":\"https:\\\/\\\/www.europa-prefabri.com\\\/fr\\\/sanitaires-portatifs-de-luxe\\\/#breadcrumb\",\"itemListElement\":[{\"@type\":\"ListItem\",\"position\":1,\"name\":\"Portada\",\"item\":\"https:\\\/\\\/www.europa-prefabri.com\\\/fr\\\/\"},{\"@type\":\"ListItem\",\"position\":2,\"name\":\"Sanitaires portatifs de luxe: Natura\"}]},{\"@type\":\"WebSite\",\"@id\":\"https:\\\/\\\/www.europa-prefabri.com\\\/#website\",\"url\":\"https:\\\/\\\/www.europa-prefabri.com\\\/\",\"name\":\"Europa Prefabri | Alquiler y venta de construcciones modulares\",\"description\":\"Alquiler y venta de construcciones modulares, casetas de obra, marquesinas de aparcamiento y vallas y cerramientos.\",\"publisher\":{\"@id\":\"https:\\\/\\\/www.europa-prefabri.com\\\/#organization\"},\"potentialAction\":[{\"@type\":\"SearchAction\",\"target\":{\"@type\":\"EntryPoint\",\"urlTemplate\":\"https:\\\/\\\/www.europa-prefabri.com\\\/?s={search_term_string}\"},\"query-input\":{\"@type\":\"PropertyValueSpecification\",\"valueRequired\":true,\"valueName\":\"search_term_string\"}}],\"inLanguage\":\"fr-FR\"},{\"@type\":\"Organization\",\"@id\":\"https:\\\/\\\/www.europa-prefabri.com\\\/#organization\",\"name\":\"Prefabri S.L.\",\"url\":\"https:\\\/\\\/www.europa-prefabri.com\\\/\",\"logo\":{\"@type\":\"ImageObject\",\"inLanguage\":\"fr-FR\",\"@id\":\"https:\\\/\\\/www.europa-prefabri.com\\\/#\\\/schema\\\/logo\\\/image\\\/\",\"url\":\"https:\\\/\\\/www.europa-prefabri.com\\\/wp-content\\\/uploads\\\/EuropaPrefabri-Logo.jpg\",\"contentUrl\":\"https:\\\/\\\/www.europa-prefabri.com\\\/wp-content\\\/uploads\\\/EuropaPrefabri-Logo.jpg\",\"width\":752,\"height\":348,\"caption\":\"Prefabri S.L.\"},\"image\":{\"@id\":\"https:\\\/\\\/www.europa-prefabri.com\\\/#\\\/schema\\\/logo\\\/image\\\/\"},\"sameAs\":[\"https:\\\/\\\/www.facebook.com\\\/Europa-Prefabri-258328977572213\\\/\",\"https:\\\/\\\/x.com\\\/EuropaPrefabri\",\"https:\\\/\\\/www.instagram.com\\\/europaprefabri\\\/\",\"https:\\\/\\\/es.linkedin.com\\\/company\\\/europa-prefabri\",\"https:\\\/\\\/es.pinterest.com\\\/europaprefabri\\\/\",\"https:\\\/\\\/www.youtube.com\\\/user\\\/PrefabriSL\"]},{\"@type\":\"Person\",\"@id\":\"https:\\\/\\\/www.europa-prefabri.com\\\/#\\\/schema\\\/person\\\/2ab6be5821a7026cd8f16d2a9411e86e\",\"name\":\"admin\",\"image\":{\"@type\":\"ImageObject\",\"inLanguage\":\"fr-FR\",\"@id\":\"https:\\\/\\\/secure.gravatar.com\\\/avatar\\\/dc55d3f4b941a1510eef2620b2c166513788bd88ef72341333b6d0a859bacd3c?s=96&d=mm&r=g\",\"url\":\"https:\\\/\\\/secure.gravatar.com\\\/avatar\\\/dc55d3f4b941a1510eef2620b2c166513788bd88ef72341333b6d0a859bacd3c?s=96&d=mm&r=g\",\"contentUrl\":\"https:\\\/\\\/secure.gravatar.com\\\/avatar\\\/dc55d3f4b941a1510eef2620b2c166513788bd88ef72341333b6d0a859bacd3c?s=96&d=mm&r=g\",\"caption\":\"admin\"},\"sameAs\":[\"https:\\\/\\\/www.europa-prefabri.com\",\"https:\\\/\\\/x.com\\\/@EuropaPrefabri\"]}]}<\/script>\n<!-- \/ Yoast SEO plugin. -->","yoast_head_json":{"title":"Sanitaires portatifs de luxe: Natura, la cabine sanitaire pour \u00e9v\u00e9nements","description":"Europa Prefabri continue d'agrandir sa gamme de sanitaires portatifs de luxe avec Natura, une cabine sanitaire pour \u00e9v\u00e9nements","robots":{"index":"index","follow":"follow","max-snippet":"max-snippet:-1","max-image-preview":"max-image-preview:large","max-video-preview":"max-video-preview:-1"},"canonical":"https:\/\/www.europa-prefabri.com\/fr\/sanitaires-portatifs-de-luxe\/","og_locale":"fr_FR","og_type":"article","og_title":"Sanitaires portatifs de luxe: Natura, la cabine sanitaire pour \u00e9v\u00e9nements","og_description":"Europa Prefabri continue d'agrandir sa gamme de sanitaires portatifs de luxe avec Natura, une cabine sanitaire pour \u00e9v\u00e9nements","og_url":"https:\/\/www.europa-prefabri.com\/fr\/sanitaires-portatifs-de-luxe\/","og_site_name":"Europa Prefabri | Alquiler y venta de construcciones modulares","article_publisher":"https:\/\/www.facebook.com\/Europa-Prefabri-258328977572213\/","article_published_time":"2017-05-03T10:58:55+00:00","article_modified_time":"2017-05-16T14:41:00+00:00","og_image":[{"width":800,"height":600,"url":"https:\/\/www.europa-prefabri.com\/wp-content\/uploads\/sanitario-portatil-de-lujo-natura.jpg","type":"image\/jpeg"}],"author":"admin","twitter_card":"summary_large_image","twitter_creator":"@EuropaPrefabri","twitter_site":"@EuropaPrefabri","twitter_misc":{"Written by":"admin","Est. reading time":"1 minute"},"schema":{"@context":"https:\/\/schema.org","@graph":[{"@type":"Article","@id":"https:\/\/www.europa-prefabri.com\/fr\/sanitaires-portatifs-de-luxe\/#article","isPartOf":{"@id":"https:\/\/www.europa-prefabri.com\/fr\/sanitaires-portatifs-de-luxe\/"},"author":{"name":"admin","@id":"https:\/\/www.europa-prefabri.com\/#\/schema\/person\/2ab6be5821a7026cd8f16d2a9411e86e"},"headline":"Sanitaires portatifs de luxe: Natura","datePublished":"2017-05-03T10:58:55+00:00","dateModified":"2017-05-16T14:41:00+00:00","mainEntityOfPage":{"@id":"https:\/\/www.europa-prefabri.com\/fr\/sanitaires-portatifs-de-luxe\/"},"wordCount":243,"publisher":{"@id":"https:\/\/www.europa-prefabri.com\/#organization"},"image":{"@id":"https:\/\/www.europa-prefabri.com\/fr\/sanitaires-portatifs-de-luxe\/#primaryimage"},"thumbnailUrl":"https:\/\/www.europa-prefabri.com\/wp-content\/uploads\/sanitario-portatil-de-lujo-natura.jpg","articleSection":["Projets"],"inLanguage":"fr-FR"},{"@type":"WebPage","@id":"https:\/\/www.europa-prefabri.com\/fr\/sanitaires-portatifs-de-luxe\/","url":"https:\/\/www.europa-prefabri.com\/fr\/sanitaires-portatifs-de-luxe\/","name":"Sanitaires portatifs de luxe: Natura, la cabine sanitaire pour \u00e9v\u00e9nements","isPartOf":{"@id":"https:\/\/www.europa-prefabri.com\/#website"},"primaryImageOfPage":{"@id":"https:\/\/www.europa-prefabri.com\/fr\/sanitaires-portatifs-de-luxe\/#primaryimage"},"image":{"@id":"https:\/\/www.europa-prefabri.com\/fr\/sanitaires-portatifs-de-luxe\/#primaryimage"},"thumbnailUrl":"https:\/\/www.europa-prefabri.com\/wp-content\/uploads\/sanitario-portatil-de-lujo-natura.jpg","datePublished":"2017-05-03T10:58:55+00:00","dateModified":"2017-05-16T14:41:00+00:00","description":"Europa Prefabri continue d'agrandir sa gamme de sanitaires portatifs de luxe avec Natura, une cabine sanitaire pour \u00e9v\u00e9nements","breadcrumb":{"@id":"https:\/\/www.europa-prefabri.com\/fr\/sanitaires-portatifs-de-luxe\/#breadcrumb"},"inLanguage":"fr-FR","potentialAction":[{"@type":"ReadAction","target":["https:\/\/www.europa-prefabri.com\/fr\/sanitaires-portatifs-de-luxe\/"]}]},{"@type":"ImageObject","inLanguage":"fr-FR","@id":"https:\/\/www.europa-prefabri.com\/fr\/sanitaires-portatifs-de-luxe\/#primaryimage","url":"https:\/\/www.europa-prefabri.com\/wp-content\/uploads\/sanitario-portatil-de-lujo-natura.jpg","contentUrl":"https:\/\/www.europa-prefabri.com\/wp-content\/uploads\/sanitario-portatil-de-lujo-natura.jpg","width":800,"height":600,"caption":"Sanitaires portatifs de luxe: Natura, la cabine sanitaire pour les mariages ou \u00e9v\u00e9nements"},{"@type":"BreadcrumbList","@id":"https:\/\/www.europa-prefabri.com\/fr\/sanitaires-portatifs-de-luxe\/#breadcrumb","itemListElement":[{"@type":"ListItem","position":1,"name":"Portada","item":"https:\/\/www.europa-prefabri.com\/fr\/"},{"@type":"ListItem","position":2,"name":"Sanitaires portatifs de luxe: Natura"}]},{"@type":"WebSite","@id":"https:\/\/www.europa-prefabri.com\/#website","url":"https:\/\/www.europa-prefabri.com\/","name":"Europa Prefabri | Alquiler y venta de construcciones modulares","description":"Alquiler y venta de construcciones modulares, casetas de obra, marquesinas de aparcamiento y vallas y cerramientos.","publisher":{"@id":"https:\/\/www.europa-prefabri.com\/#organization"},"potentialAction":[{"@type":"SearchAction","target":{"@type":"EntryPoint","urlTemplate":"https:\/\/www.europa-prefabri.com\/?s={search_term_string}"},"query-input":{"@type":"PropertyValueSpecification","valueRequired":true,"valueName":"search_term_string"}}],"inLanguage":"fr-FR"},{"@type":"Organization","@id":"https:\/\/www.europa-prefabri.com\/#organization","name":"Prefabri S.L.","url":"https:\/\/www.europa-prefabri.com\/","logo":{"@type":"ImageObject","inLanguage":"fr-FR","@id":"https:\/\/www.europa-prefabri.com\/#\/schema\/logo\/image\/","url":"https:\/\/www.europa-prefabri.com\/wp-content\/uploads\/EuropaPrefabri-Logo.jpg","contentUrl":"https:\/\/www.europa-prefabri.com\/wp-content\/uploads\/EuropaPrefabri-Logo.jpg","width":752,"height":348,"caption":"Prefabri S.L."},"image":{"@id":"https:\/\/www.europa-prefabri.com\/#\/schema\/logo\/image\/"},"sameAs":["https:\/\/www.facebook.com\/Europa-Prefabri-258328977572213\/","https:\/\/x.com\/EuropaPrefabri","https:\/\/www.instagram.com\/europaprefabri\/","https:\/\/es.linkedin.com\/company\/europa-prefabri","https:\/\/es.pinterest.com\/europaprefabri\/","https:\/\/www.youtube.com\/user\/PrefabriSL"]},{"@type":"Person","@id":"https:\/\/www.europa-prefabri.com\/#\/schema\/person\/2ab6be5821a7026cd8f16d2a9411e86e","name":"admin","image":{"@type":"ImageObject","inLanguage":"fr-FR","@id":"https:\/\/secure.gravatar.com\/avatar\/dc55d3f4b941a1510eef2620b2c166513788bd88ef72341333b6d0a859bacd3c?s=96&d=mm&r=g","url":"https:\/\/secure.gravatar.com\/avatar\/dc55d3f4b941a1510eef2620b2c166513788bd88ef72341333b6d0a859bacd3c?s=96&d=mm&r=g","contentUrl":"https:\/\/secure.gravatar.com\/avatar\/dc55d3f4b941a1510eef2620b2c166513788bd88ef72341333b6d0a859bacd3c?s=96&d=mm&r=g","caption":"admin"},"sameAs":["https:\/\/www.europa-prefabri.com","https:\/\/x.com\/@EuropaPrefabri"]}]}},"_links":{"self":[{"href":"https:\/\/www.europa-prefabri.com\/fr\/wp-json\/wp\/v2\/posts\/15904","targetHints":{"allow":["GET"]}}],"collection":[{"href":"https:\/\/www.europa-prefabri.com\/fr\/wp-json\/wp\/v2\/posts"}],"about":[{"href":"https:\/\/www.europa-prefabri.com\/fr\/wp-json\/wp\/v2\/types\/post"}],"author":[{"embeddable":true,"href":"https:\/\/www.europa-prefabri.com\/fr\/wp-json\/wp\/v2\/users\/4"}],"replies":[{"embeddable":true,"href":"https:\/\/www.europa-prefabri.com\/fr\/wp-json\/wp\/v2\/comments?post=15904"}],"version-history":[{"count":0,"href":"https:\/\/www.europa-prefabri.com\/fr\/wp-json\/wp\/v2\/posts\/15904\/revisions"}],"wp:featuredmedia":[{"embeddable":true,"href":"https:\/\/www.europa-prefabri.com\/fr\/wp-json\/wp\/v2\/media\/15876"}],"wp:attachment":[{"href":"https:\/\/www.europa-prefabri.com\/fr\/wp-json\/wp\/v2\/media?parent=15904"}],"wp:term":[{"taxonomy":"category","embeddable":true,"href":"https:\/\/www.europa-prefabri.com\/fr\/wp-json\/wp\/v2\/categories?post=15904"},{"taxonomy":"post_tag","embeddable":true,"href":"https:\/\/www.europa-prefabri.com\/fr\/wp-json\/wp\/v2\/tags?post=15904"}],"curies":[{"name":"wp","href":"https:\/\/api.w.org\/{rel}","templated":true}]}}