{"id":15784,"date":"2016-06-06T07:36:57","date_gmt":"2016-06-06T07:36:57","guid":{"rendered":"http:\/\/www.europa-prefabri.com\/fr\/?p=15784"},"modified":"2017-04-20T10:15:45","modified_gmt":"2017-04-20T10:15:45","slug":"parking-t1-barajas-2eme-phase","status":"publish","type":"post","link":"https:\/\/www.europa-prefabri.com\/fr\/parking-t1-barajas-2eme-phase\/","title":{"rendered":"Parking  T1 Barajas &#8211; 2\u00e8me phase | ET Europa"},"content":{"rendered":"\n\t\t<style type=\"text\/css\">\n\t\t\t#gallery-1 {\n\t\t\t\tmargin: auto;\n\t\t\t}\n\t\t\t#gallery-1 .gallery-item {\n\t\t\t\tfloat: left;\n\t\t\t\tmargin-top: 10px;\n\t\t\t\ttext-align: center;\n\t\t\t\twidth: 11%;\n\t\t\t}\n\t\t\t#gallery-1 img {\n\t\t\t\tborder: 2px solid #cfcfcf;\n\t\t\t}\n\t\t\t#gallery-1 .gallery-caption {\n\t\t\t\tmargin-left: 0;\n\t\t\t}\n\t\t\t\/* see gallery_shortcode() in wp-includes\/media.php *\/\n\t\t<\/style>\n\t\t<div id='gallery-1' class='gallery galleryid-15784 gallery-columns-9 gallery-size-thumbnail'><dl class='gallery-item'>\n\t\t\t<dt class='gallery-icon portrait'>\n\t\t\t\t<a href='https:\/\/www.europa-prefabri.com\/fr\/img_0204-copy-2\/'><img loading=\"lazy\" decoding=\"async\" width=\"80\" height=\"80\" src=\"https:\/\/www.europa-prefabri.com\/wp-content\/uploads\/IMG_0204-Copy-e1492681945648-80x80.jpg\" class=\"attachment-thumbnail size-thumbnail\" alt=\"Carports textiles pour le parking T1 Barajas\" aria-describedby=\"gallery-1-10943\" srcset=\"https:\/\/www.europa-prefabri.com\/wp-content\/uploads\/IMG_0204-Copy-e1492681945648-80x80.jpg 80w, https:\/\/www.europa-prefabri.com\/wp-content\/uploads\/IMG_0204-Copy-e1492681945648-300x300.jpg 300w, https:\/\/www.europa-prefabri.com\/wp-content\/uploads\/IMG_0204-Copy-e1492681945648-36x36.jpg 36w, https:\/\/www.europa-prefabri.com\/wp-content\/uploads\/IMG_0204-Copy-e1492681945648-180x180.jpg 180w, https:\/\/www.europa-prefabri.com\/wp-content\/uploads\/IMG_0204-Copy-e1492681945648-120x120.jpg 120w, https:\/\/www.europa-prefabri.com\/wp-content\/uploads\/IMG_0204-Copy-e1492681945648-450x451.jpg 450w, https:\/\/www.europa-prefabri.com\/wp-content\/uploads\/IMG_0204-Copy-e1492681945648.jpg 599w\" sizes=\"auto, (max-width: 80px) 100vw, 80px\" \/><\/a>\n\t\t\t<\/dt>\n\t\t\t\t<dd class='wp-caption-text gallery-caption' id='gallery-1-10943'>\n\t\t\t\tcarports textiles pour le parking T1 Barajas\n\t\t\t\t<\/dd><\/dl><dl class='gallery-item'>\n\t\t\t<dt class='gallery-icon portrait'>\n\t\t\t\t<a href='https:\/\/www.europa-prefabri.com\/fr\/img_0191-copy\/'><img loading=\"lazy\" decoding=\"async\" width=\"80\" height=\"80\" src=\"https:\/\/www.europa-prefabri.com\/wp-content\/uploads\/IMG_0191-Copy-e1467790501227-80x80.jpg\" class=\"attachment-thumbnail size-thumbnail\" alt=\"marquesinas-de-parking-aeropuerto-de-barajas-05\" srcset=\"https:\/\/www.europa-prefabri.com\/wp-content\/uploads\/IMG_0191-Copy-e1467790501227-80x80.jpg 80w, https:\/\/www.europa-prefabri.com\/wp-content\/uploads\/IMG_0191-Copy-e1467790501227-36x36.jpg 36w, https:\/\/www.europa-prefabri.com\/wp-content\/uploads\/IMG_0191-Copy-e1467790501227-180x180.jpg 180w, https:\/\/www.europa-prefabri.com\/wp-content\/uploads\/IMG_0191-Copy-e1467790501227-120x120.jpg 120w, https:\/\/www.europa-prefabri.com\/wp-content\/uploads\/IMG_0191-Copy-e1467790501227-450x450.jpg 450w\" sizes=\"auto, (max-width: 80px) 100vw, 80px\" \/><\/a>\n\t\t\t<\/dt><\/dl><dl class='gallery-item'>\n\t\t\t<dt class='gallery-icon portrait'>\n\t\t\t\t<a href='https:\/\/www.europa-prefabri.com\/fr\/img_0192-copy\/'><img loading=\"lazy\" decoding=\"async\" width=\"80\" height=\"80\" src=\"https:\/\/www.europa-prefabri.com\/wp-content\/uploads\/IMG_0192-Copy-e1467790489702-80x80.jpg\" class=\"attachment-thumbnail size-thumbnail\" alt=\"marquesinas-de-parking-aeropuerto-de-barajas-04\" srcset=\"https:\/\/www.europa-prefabri.com\/wp-content\/uploads\/IMG_0192-Copy-e1467790489702-80x80.jpg 80w, https:\/\/www.europa-prefabri.com\/wp-content\/uploads\/IMG_0192-Copy-e1467790489702-36x36.jpg 36w, https:\/\/www.europa-prefabri.com\/wp-content\/uploads\/IMG_0192-Copy-e1467790489702-180x180.jpg 180w, https:\/\/www.europa-prefabri.com\/wp-content\/uploads\/IMG_0192-Copy-e1467790489702-120x120.jpg 120w, https:\/\/www.europa-prefabri.com\/wp-content\/uploads\/IMG_0192-Copy-e1467790489702-450x450.jpg 450w\" sizes=\"auto, (max-width: 80px) 100vw, 80px\" \/><\/a>\n\t\t\t<\/dt><\/dl>\n\t\t\t<br style='clear: both' \/>\n\t\t<\/div>\n\n<p>Voici des nouvelles images\u00a0des carports textiles pour le parking T1 Barajas\u00a0que nous installons actuellement \u00a0\u00e0 l\u2019a\u00e9roport de\u00a0Madrid.<\/p>\n<p>Le montage a \u00e9t\u00e9 r\u00e9alis\u00e9 en plusieurs phases afin de procurer le moins de g\u00eane possible pour les passagers.<\/p>\n<p>Dans ce projet, un couloir pi\u00e9tonnier avec une marquise en polycarbonate ont \u00e9t\u00e9 r\u00e9alis\u00e9s.<\/p>\n","protected":false},"excerpt":{"rendered":"<p>Voici des nouvelles images\u00a0des carports textiles pour le parking T1 Barajas\u00a0que nous installons actuellement \u00a0\u00e0 l\u2019a\u00e9roport de\u00a0Madrid. Le montage a \u00e9t\u00e9 r\u00e9alis\u00e9 en plusieurs phases afin de procurer le moins de g\u00eane possible pour les passagers. Dans ce projet, un couloir pi\u00e9tonnier avec une marquise en polycarbonate ont \u00e9t\u00e9 r\u00e9alis\u00e9s.<\/p>\n","protected":false},"author":4,"featured_media":10943,"comment_status":"closed","ping_status":"closed","sticky":false,"template":"","format":"gallery","meta":{"footnotes":""},"categories":[58],"tags":[],"class_list":["post-15784","post","type-post","status-publish","format-gallery","has-post-thumbnail","hentry","category-projets","post_format-post-format-gallery"],"yoast_head":"<!-- This site is optimized with the Yoast SEO plugin v27.5 - https:\/\/yoast.com\/product\/yoast-seo-wordpress\/ -->\n<title>Parking T1 Barajas - 2\u00e8me phase l ET<\/title>\n<meta name=\"description\" content=\"Voici des nouvelles images des carports textiles pour le parking T1 Barajas que nous installons actuellement \u00e0 l\u2019a\u00e9roport de Madrid.\" \/>\n<meta name=\"robots\" content=\"index, follow, max-snippet:-1, max-image-preview:large, max-video-preview:-1\" \/>\n<link rel=\"canonical\" href=\"https:\/\/www.europa-prefabri.com\/fr\/parking-t1-barajas-2eme-phase\/\" \/>\n<meta property=\"og:locale\" content=\"fr_FR\" \/>\n<meta property=\"og:type\" content=\"article\" \/>\n<meta property=\"og:title\" content=\"Parking T1 Barajas - 2\u00e8me phase l ET\" \/>\n<meta property=\"og:description\" content=\"Voici des nouvelles images des carports textiles pour le parking T1 Barajas que nous installons actuellement \u00e0 l\u2019a\u00e9roport de Madrid.\" \/>\n<meta property=\"og:url\" content=\"https:\/\/www.europa-prefabri.com\/fr\/parking-t1-barajas-2eme-phase\/\" \/>\n<meta property=\"og:site_name\" content=\"Europa Prefabri | Alquiler y venta de construcciones modulares\" \/>\n<meta property=\"article:publisher\" content=\"https:\/\/www.facebook.com\/Europa-Prefabri-258328977572213\/\" \/>\n<meta property=\"article:published_time\" content=\"2016-06-06T07:36:57+00:00\" \/>\n<meta property=\"article:modified_time\" content=\"2017-04-20T10:15:45+00:00\" \/>\n<meta property=\"og:image\" content=\"https:\/\/www.europa-prefabri.com\/wp-content\/uploads\/IMG_0204-Copy-e1492681945648.jpg\" \/>\n\t<meta property=\"og:image:width\" content=\"599\" \/>\n\t<meta property=\"og:image:height\" content=\"600\" \/>\n\t<meta property=\"og:image:type\" content=\"image\/jpeg\" \/>\n<meta name=\"author\" content=\"admin\" \/>\n<meta name=\"twitter:card\" content=\"summary_large_image\" \/>\n<meta name=\"twitter:creator\" content=\"@EuropaPrefabri\" \/>\n<meta name=\"twitter:site\" content=\"@EuropaPrefabri\" \/>\n<meta name=\"twitter:label1\" content=\"Written by\" \/>\n\t<meta name=\"twitter:data1\" content=\"admin\" \/>\n<script type=\"application\/ld+json\" class=\"yoast-schema-graph\">{\"@context\":\"https:\\\/\\\/schema.org\",\"@graph\":[{\"@type\":\"Article\",\"@id\":\"https:\\\/\\\/www.europa-prefabri.com\\\/fr\\\/parking-t1-barajas-2eme-phase\\\/#article\",\"isPartOf\":{\"@id\":\"https:\\\/\\\/www.europa-prefabri.com\\\/fr\\\/parking-t1-barajas-2eme-phase\\\/\"},\"author\":{\"name\":\"admin\",\"@id\":\"https:\\\/\\\/www.europa-prefabri.com\\\/#\\\/schema\\\/person\\\/2ab6be5821a7026cd8f16d2a9411e86e\"},\"headline\":\"Parking T1 Barajas &#8211; 2\u00e8me phase | ET Europa\",\"datePublished\":\"2016-06-06T07:36:57+00:00\",\"dateModified\":\"2017-04-20T10:15:45+00:00\",\"mainEntityOfPage\":{\"@id\":\"https:\\\/\\\/www.europa-prefabri.com\\\/fr\\\/parking-t1-barajas-2eme-phase\\\/\"},\"wordCount\":70,\"publisher\":{\"@id\":\"https:\\\/\\\/www.europa-prefabri.com\\\/#organization\"},\"image\":{\"@id\":\"https:\\\/\\\/www.europa-prefabri.com\\\/fr\\\/parking-t1-barajas-2eme-phase\\\/#primaryimage\"},\"thumbnailUrl\":\"https:\\\/\\\/www.europa-prefabri.com\\\/wp-content\\\/uploads\\\/IMG_0204-Copy-e1492681945648.jpg\",\"articleSection\":[\"Projets\"],\"inLanguage\":\"fr-FR\"},{\"@type\":\"WebPage\",\"@id\":\"https:\\\/\\\/www.europa-prefabri.com\\\/fr\\\/parking-t1-barajas-2eme-phase\\\/\",\"url\":\"https:\\\/\\\/www.europa-prefabri.com\\\/fr\\\/parking-t1-barajas-2eme-phase\\\/\",\"name\":\"Parking T1 Barajas - 2\u00e8me phase l ET\",\"isPartOf\":{\"@id\":\"https:\\\/\\\/www.europa-prefabri.com\\\/#website\"},\"primaryImageOfPage\":{\"@id\":\"https:\\\/\\\/www.europa-prefabri.com\\\/fr\\\/parking-t1-barajas-2eme-phase\\\/#primaryimage\"},\"image\":{\"@id\":\"https:\\\/\\\/www.europa-prefabri.com\\\/fr\\\/parking-t1-barajas-2eme-phase\\\/#primaryimage\"},\"thumbnailUrl\":\"https:\\\/\\\/www.europa-prefabri.com\\\/wp-content\\\/uploads\\\/IMG_0204-Copy-e1492681945648.jpg\",\"datePublished\":\"2016-06-06T07:36:57+00:00\",\"dateModified\":\"2017-04-20T10:15:45+00:00\",\"description\":\"Voici des nouvelles images des carports textiles pour le parking T1 Barajas que nous installons actuellement \u00e0 l\u2019a\u00e9roport de Madrid.\",\"breadcrumb\":{\"@id\":\"https:\\\/\\\/www.europa-prefabri.com\\\/fr\\\/parking-t1-barajas-2eme-phase\\\/#breadcrumb\"},\"inLanguage\":\"fr-FR\",\"potentialAction\":[{\"@type\":\"ReadAction\",\"target\":[\"https:\\\/\\\/www.europa-prefabri.com\\\/fr\\\/parking-t1-barajas-2eme-phase\\\/\"]}]},{\"@type\":\"ImageObject\",\"inLanguage\":\"fr-FR\",\"@id\":\"https:\\\/\\\/www.europa-prefabri.com\\\/fr\\\/parking-t1-barajas-2eme-phase\\\/#primaryimage\",\"url\":\"https:\\\/\\\/www.europa-prefabri.com\\\/wp-content\\\/uploads\\\/IMG_0204-Copy-e1492681945648.jpg\",\"contentUrl\":\"https:\\\/\\\/www.europa-prefabri.com\\\/wp-content\\\/uploads\\\/IMG_0204-Copy-e1492681945648.jpg\",\"width\":599,\"height\":600,\"caption\":\"carports textiles pour le parking T1 Barajas\"},{\"@type\":\"BreadcrumbList\",\"@id\":\"https:\\\/\\\/www.europa-prefabri.com\\\/fr\\\/parking-t1-barajas-2eme-phase\\\/#breadcrumb\",\"itemListElement\":[{\"@type\":\"ListItem\",\"position\":1,\"name\":\"Portada\",\"item\":\"https:\\\/\\\/www.europa-prefabri.com\\\/fr\\\/\"},{\"@type\":\"ListItem\",\"position\":2,\"name\":\"Parking T1 Barajas &#8211; 2\u00e8me phase | ET Europa\"}]},{\"@type\":\"WebSite\",\"@id\":\"https:\\\/\\\/www.europa-prefabri.com\\\/#website\",\"url\":\"https:\\\/\\\/www.europa-prefabri.com\\\/\",\"name\":\"Europa Prefabri | Alquiler y venta de construcciones modulares\",\"description\":\"Alquiler y venta de construcciones modulares, casetas de obra, marquesinas de aparcamiento y vallas y cerramientos.\",\"publisher\":{\"@id\":\"https:\\\/\\\/www.europa-prefabri.com\\\/#organization\"},\"potentialAction\":[{\"@type\":\"SearchAction\",\"target\":{\"@type\":\"EntryPoint\",\"urlTemplate\":\"https:\\\/\\\/www.europa-prefabri.com\\\/?s={search_term_string}\"},\"query-input\":{\"@type\":\"PropertyValueSpecification\",\"valueRequired\":true,\"valueName\":\"search_term_string\"}}],\"inLanguage\":\"fr-FR\"},{\"@type\":\"Organization\",\"@id\":\"https:\\\/\\\/www.europa-prefabri.com\\\/#organization\",\"name\":\"Prefabri S.L.\",\"url\":\"https:\\\/\\\/www.europa-prefabri.com\\\/\",\"logo\":{\"@type\":\"ImageObject\",\"inLanguage\":\"fr-FR\",\"@id\":\"https:\\\/\\\/www.europa-prefabri.com\\\/#\\\/schema\\\/logo\\\/image\\\/\",\"url\":\"https:\\\/\\\/www.europa-prefabri.com\\\/wp-content\\\/uploads\\\/EuropaPrefabri-Logo.jpg\",\"contentUrl\":\"https:\\\/\\\/www.europa-prefabri.com\\\/wp-content\\\/uploads\\\/EuropaPrefabri-Logo.jpg\",\"width\":752,\"height\":348,\"caption\":\"Prefabri S.L.\"},\"image\":{\"@id\":\"https:\\\/\\\/www.europa-prefabri.com\\\/#\\\/schema\\\/logo\\\/image\\\/\"},\"sameAs\":[\"https:\\\/\\\/www.facebook.com\\\/Europa-Prefabri-258328977572213\\\/\",\"https:\\\/\\\/x.com\\\/EuropaPrefabri\",\"https:\\\/\\\/www.instagram.com\\\/europaprefabri\\\/\",\"https:\\\/\\\/es.linkedin.com\\\/company\\\/europa-prefabri\",\"https:\\\/\\\/es.pinterest.com\\\/europaprefabri\\\/\",\"https:\\\/\\\/www.youtube.com\\\/user\\\/PrefabriSL\"]},{\"@type\":\"Person\",\"@id\":\"https:\\\/\\\/www.europa-prefabri.com\\\/#\\\/schema\\\/person\\\/2ab6be5821a7026cd8f16d2a9411e86e\",\"name\":\"admin\",\"image\":{\"@type\":\"ImageObject\",\"inLanguage\":\"fr-FR\",\"@id\":\"https:\\\/\\\/secure.gravatar.com\\\/avatar\\\/dc55d3f4b941a1510eef2620b2c166513788bd88ef72341333b6d0a859bacd3c?s=96&d=mm&r=g\",\"url\":\"https:\\\/\\\/secure.gravatar.com\\\/avatar\\\/dc55d3f4b941a1510eef2620b2c166513788bd88ef72341333b6d0a859bacd3c?s=96&d=mm&r=g\",\"contentUrl\":\"https:\\\/\\\/secure.gravatar.com\\\/avatar\\\/dc55d3f4b941a1510eef2620b2c166513788bd88ef72341333b6d0a859bacd3c?s=96&d=mm&r=g\",\"caption\":\"admin\"},\"sameAs\":[\"https:\\\/\\\/www.europa-prefabri.com\",\"https:\\\/\\\/x.com\\\/@EuropaPrefabri\"]}]}<\/script>\n<!-- \/ Yoast SEO plugin. -->","yoast_head_json":{"title":"Parking T1 Barajas - 2\u00e8me phase l ET","description":"Voici des nouvelles images des carports textiles pour le parking T1 Barajas que nous installons actuellement \u00e0 l\u2019a\u00e9roport de Madrid.","robots":{"index":"index","follow":"follow","max-snippet":"max-snippet:-1","max-image-preview":"max-image-preview:large","max-video-preview":"max-video-preview:-1"},"canonical":"https:\/\/www.europa-prefabri.com\/fr\/parking-t1-barajas-2eme-phase\/","og_locale":"fr_FR","og_type":"article","og_title":"Parking T1 Barajas - 2\u00e8me phase l ET","og_description":"Voici des nouvelles images des carports textiles pour le parking T1 Barajas que nous installons actuellement \u00e0 l\u2019a\u00e9roport de Madrid.","og_url":"https:\/\/www.europa-prefabri.com\/fr\/parking-t1-barajas-2eme-phase\/","og_site_name":"Europa Prefabri | Alquiler y venta de construcciones modulares","article_publisher":"https:\/\/www.facebook.com\/Europa-Prefabri-258328977572213\/","article_published_time":"2016-06-06T07:36:57+00:00","article_modified_time":"2017-04-20T10:15:45+00:00","og_image":[{"width":599,"height":600,"url":"https:\/\/www.europa-prefabri.com\/wp-content\/uploads\/IMG_0204-Copy-e1492681945648.jpg","type":"image\/jpeg"}],"author":"admin","twitter_card":"summary_large_image","twitter_creator":"@EuropaPrefabri","twitter_site":"@EuropaPrefabri","twitter_misc":{"Written by":"admin"},"schema":{"@context":"https:\/\/schema.org","@graph":[{"@type":"Article","@id":"https:\/\/www.europa-prefabri.com\/fr\/parking-t1-barajas-2eme-phase\/#article","isPartOf":{"@id":"https:\/\/www.europa-prefabri.com\/fr\/parking-t1-barajas-2eme-phase\/"},"author":{"name":"admin","@id":"https:\/\/www.europa-prefabri.com\/#\/schema\/person\/2ab6be5821a7026cd8f16d2a9411e86e"},"headline":"Parking T1 Barajas &#8211; 2\u00e8me phase | ET Europa","datePublished":"2016-06-06T07:36:57+00:00","dateModified":"2017-04-20T10:15:45+00:00","mainEntityOfPage":{"@id":"https:\/\/www.europa-prefabri.com\/fr\/parking-t1-barajas-2eme-phase\/"},"wordCount":70,"publisher":{"@id":"https:\/\/www.europa-prefabri.com\/#organization"},"image":{"@id":"https:\/\/www.europa-prefabri.com\/fr\/parking-t1-barajas-2eme-phase\/#primaryimage"},"thumbnailUrl":"https:\/\/www.europa-prefabri.com\/wp-content\/uploads\/IMG_0204-Copy-e1492681945648.jpg","articleSection":["Projets"],"inLanguage":"fr-FR"},{"@type":"WebPage","@id":"https:\/\/www.europa-prefabri.com\/fr\/parking-t1-barajas-2eme-phase\/","url":"https:\/\/www.europa-prefabri.com\/fr\/parking-t1-barajas-2eme-phase\/","name":"Parking T1 Barajas - 2\u00e8me phase l ET","isPartOf":{"@id":"https:\/\/www.europa-prefabri.com\/#website"},"primaryImageOfPage":{"@id":"https:\/\/www.europa-prefabri.com\/fr\/parking-t1-barajas-2eme-phase\/#primaryimage"},"image":{"@id":"https:\/\/www.europa-prefabri.com\/fr\/parking-t1-barajas-2eme-phase\/#primaryimage"},"thumbnailUrl":"https:\/\/www.europa-prefabri.com\/wp-content\/uploads\/IMG_0204-Copy-e1492681945648.jpg","datePublished":"2016-06-06T07:36:57+00:00","dateModified":"2017-04-20T10:15:45+00:00","description":"Voici des nouvelles images des carports textiles pour le parking T1 Barajas que nous installons actuellement \u00e0 l\u2019a\u00e9roport de Madrid.","breadcrumb":{"@id":"https:\/\/www.europa-prefabri.com\/fr\/parking-t1-barajas-2eme-phase\/#breadcrumb"},"inLanguage":"fr-FR","potentialAction":[{"@type":"ReadAction","target":["https:\/\/www.europa-prefabri.com\/fr\/parking-t1-barajas-2eme-phase\/"]}]},{"@type":"ImageObject","inLanguage":"fr-FR","@id":"https:\/\/www.europa-prefabri.com\/fr\/parking-t1-barajas-2eme-phase\/#primaryimage","url":"https:\/\/www.europa-prefabri.com\/wp-content\/uploads\/IMG_0204-Copy-e1492681945648.jpg","contentUrl":"https:\/\/www.europa-prefabri.com\/wp-content\/uploads\/IMG_0204-Copy-e1492681945648.jpg","width":599,"height":600,"caption":"carports textiles pour le parking T1 Barajas"},{"@type":"BreadcrumbList","@id":"https:\/\/www.europa-prefabri.com\/fr\/parking-t1-barajas-2eme-phase\/#breadcrumb","itemListElement":[{"@type":"ListItem","position":1,"name":"Portada","item":"https:\/\/www.europa-prefabri.com\/fr\/"},{"@type":"ListItem","position":2,"name":"Parking T1 Barajas &#8211; 2\u00e8me phase | ET Europa"}]},{"@type":"WebSite","@id":"https:\/\/www.europa-prefabri.com\/#website","url":"https:\/\/www.europa-prefabri.com\/","name":"Europa Prefabri | Alquiler y venta de construcciones modulares","description":"Alquiler y venta de construcciones modulares, casetas de obra, marquesinas de aparcamiento y vallas y cerramientos.","publisher":{"@id":"https:\/\/www.europa-prefabri.com\/#organization"},"potentialAction":[{"@type":"SearchAction","target":{"@type":"EntryPoint","urlTemplate":"https:\/\/www.europa-prefabri.com\/?s={search_term_string}"},"query-input":{"@type":"PropertyValueSpecification","valueRequired":true,"valueName":"search_term_string"}}],"inLanguage":"fr-FR"},{"@type":"Organization","@id":"https:\/\/www.europa-prefabri.com\/#organization","name":"Prefabri S.L.","url":"https:\/\/www.europa-prefabri.com\/","logo":{"@type":"ImageObject","inLanguage":"fr-FR","@id":"https:\/\/www.europa-prefabri.com\/#\/schema\/logo\/image\/","url":"https:\/\/www.europa-prefabri.com\/wp-content\/uploads\/EuropaPrefabri-Logo.jpg","contentUrl":"https:\/\/www.europa-prefabri.com\/wp-content\/uploads\/EuropaPrefabri-Logo.jpg","width":752,"height":348,"caption":"Prefabri S.L."},"image":{"@id":"https:\/\/www.europa-prefabri.com\/#\/schema\/logo\/image\/"},"sameAs":["https:\/\/www.facebook.com\/Europa-Prefabri-258328977572213\/","https:\/\/x.com\/EuropaPrefabri","https:\/\/www.instagram.com\/europaprefabri\/","https:\/\/es.linkedin.com\/company\/europa-prefabri","https:\/\/es.pinterest.com\/europaprefabri\/","https:\/\/www.youtube.com\/user\/PrefabriSL"]},{"@type":"Person","@id":"https:\/\/www.europa-prefabri.com\/#\/schema\/person\/2ab6be5821a7026cd8f16d2a9411e86e","name":"admin","image":{"@type":"ImageObject","inLanguage":"fr-FR","@id":"https:\/\/secure.gravatar.com\/avatar\/dc55d3f4b941a1510eef2620b2c166513788bd88ef72341333b6d0a859bacd3c?s=96&d=mm&r=g","url":"https:\/\/secure.gravatar.com\/avatar\/dc55d3f4b941a1510eef2620b2c166513788bd88ef72341333b6d0a859bacd3c?s=96&d=mm&r=g","contentUrl":"https:\/\/secure.gravatar.com\/avatar\/dc55d3f4b941a1510eef2620b2c166513788bd88ef72341333b6d0a859bacd3c?s=96&d=mm&r=g","caption":"admin"},"sameAs":["https:\/\/www.europa-prefabri.com","https:\/\/x.com\/@EuropaPrefabri"]}]}},"_links":{"self":[{"href":"https:\/\/www.europa-prefabri.com\/fr\/wp-json\/wp\/v2\/posts\/15784","targetHints":{"allow":["GET"]}}],"collection":[{"href":"https:\/\/www.europa-prefabri.com\/fr\/wp-json\/wp\/v2\/posts"}],"about":[{"href":"https:\/\/www.europa-prefabri.com\/fr\/wp-json\/wp\/v2\/types\/post"}],"author":[{"embeddable":true,"href":"https:\/\/www.europa-prefabri.com\/fr\/wp-json\/wp\/v2\/users\/4"}],"replies":[{"embeddable":true,"href":"https:\/\/www.europa-prefabri.com\/fr\/wp-json\/wp\/v2\/comments?post=15784"}],"version-history":[{"count":0,"href":"https:\/\/www.europa-prefabri.com\/fr\/wp-json\/wp\/v2\/posts\/15784\/revisions"}],"wp:featuredmedia":[{"embeddable":true,"href":"https:\/\/www.europa-prefabri.com\/fr\/wp-json\/wp\/v2\/media\/10943"}],"wp:attachment":[{"href":"https:\/\/www.europa-prefabri.com\/fr\/wp-json\/wp\/v2\/media?parent=15784"}],"wp:term":[{"taxonomy":"category","embeddable":true,"href":"https:\/\/www.europa-prefabri.com\/fr\/wp-json\/wp\/v2\/categories?post=15784"},{"taxonomy":"post_tag","embeddable":true,"href":"https:\/\/www.europa-prefabri.com\/fr\/wp-json\/wp\/v2\/tags?post=15784"}],"curies":[{"name":"wp","href":"https:\/\/api.w.org\/{rel}","templated":true}]}}