{"id":15628,"date":"2017-04-12T08:17:17","date_gmt":"2017-04-12T08:17:17","guid":{"rendered":"http:\/\/www.europa-prefabri.com\/fr\/?p=15628"},"modified":"2025-01-31T12:24:19","modified_gmt":"2025-01-31T11:24:19","slug":"avantages-de-lusage-des-sanitaires-portatifs","status":"publish","type":"post","link":"https:\/\/www.europa-prefabri.com\/fr\/avantages-de-lusage-des-sanitaires-portatifs\/","title":{"rendered":"Avantages de l&#8217;usage des sanitaires portatifs"},"content":{"rendered":"\n\t\t<style type=\"text\/css\">\n\t\t\t#gallery-1 {\n\t\t\t\tmargin: auto;\n\t\t\t}\n\t\t\t#gallery-1 .gallery-item {\n\t\t\t\tfloat: left;\n\t\t\t\tmargin-top: 10px;\n\t\t\t\ttext-align: center;\n\t\t\t\twidth: 11%;\n\t\t\t}\n\t\t\t#gallery-1 img {\n\t\t\t\tborder: 2px solid #cfcfcf;\n\t\t\t}\n\t\t\t#gallery-1 .gallery-caption {\n\t\t\t\tmargin-left: 0;\n\t\t\t}\n\t\t\t\/* see gallery_shortcode() in wp-includes\/media.php *\/\n\t\t<\/style>\n\t\t<div id='gallery-1' class='gallery galleryid-15628 gallery-columns-9 gallery-size-thumbnail'><dl class='gallery-item'>\n\t\t\t<dt class='gallery-icon landscape'>\n\t\t\t\t<a href='https:\/\/www.europa-prefabri.com\/fr\/sanitaires-portatives-pour-evenements\/2-1-remolque-steel-interior-2\/'><img loading=\"lazy\" decoding=\"async\" width=\"80\" height=\"80\" src=\"https:\/\/www.europa-prefabri.com\/wp-content\/uploads\/2-1-remolque-steel-interior-80x80.jpg\" class=\"attachment-thumbnail size-thumbnail\" alt=\"Nouvelle gamme de sanitaires portatifs pour \u00e9v\u00e8nements | Prefabri\" aria-describedby=\"gallery-1-15028\" srcset=\"https:\/\/www.europa-prefabri.com\/wp-content\/uploads\/2-1-remolque-steel-interior-80x80.jpg 80w, https:\/\/www.europa-prefabri.com\/wp-content\/uploads\/2-1-remolque-steel-interior-36x36.jpg 36w, https:\/\/www.europa-prefabri.com\/wp-content\/uploads\/2-1-remolque-steel-interior-180x180.jpg 180w, https:\/\/www.europa-prefabri.com\/wp-content\/uploads\/2-1-remolque-steel-interior-120x120.jpg 120w, https:\/\/www.europa-prefabri.com\/wp-content\/uploads\/2-1-remolque-steel-interior-450x450.jpg 450w\" sizes=\"auto, (max-width: 80px) 100vw, 80px\" \/><\/a>\n\t\t\t<\/dt>\n\t\t\t\t<dd class='wp-caption-text gallery-caption' id='gallery-1-15028'>\n\t\t\t\tNouvelle gamme de sanitaires portatifs pour \u00e9v\u00e8nements | Prefabri\n\t\t\t\t<\/dd><\/dl><dl class='gallery-item'>\n\t\t\t<dt class='gallery-icon landscape'>\n\t\t\t\t<a href='https:\/\/www.europa-prefabri.com\/fr\/2-remolque-steel\/'><img loading=\"lazy\" decoding=\"async\" width=\"80\" height=\"80\" src=\"https:\/\/www.europa-prefabri.com\/wp-content\/uploads\/2-remolque-steel-80x80.jpg\" class=\"attachment-thumbnail size-thumbnail\" alt=\"\" srcset=\"https:\/\/www.europa-prefabri.com\/wp-content\/uploads\/2-remolque-steel-80x80.jpg 80w, https:\/\/www.europa-prefabri.com\/wp-content\/uploads\/2-remolque-steel-36x36.jpg 36w, https:\/\/www.europa-prefabri.com\/wp-content\/uploads\/2-remolque-steel-180x180.jpg 180w, https:\/\/www.europa-prefabri.com\/wp-content\/uploads\/2-remolque-steel-120x120.jpg 120w, https:\/\/www.europa-prefabri.com\/wp-content\/uploads\/2-remolque-steel-450x450.jpg 450w\" sizes=\"auto, (max-width: 80px) 100vw, 80px\" \/><\/a>\n\t\t\t<\/dt><\/dl><dl class='gallery-item'>\n\t\t\t<dt class='gallery-icon landscape'>\n\t\t\t\t<a href='https:\/\/www.europa-prefabri.com\/fr\/sanitaires-portatives-pour-evenements\/1-1-remolque-lujo-arizona-interior-2\/'><img loading=\"lazy\" decoding=\"async\" width=\"80\" height=\"80\" src=\"https:\/\/www.europa-prefabri.com\/wp-content\/uploads\/1-1-remolque-lujo-arizona-interior-80x80.jpg\" class=\"attachment-thumbnail size-thumbnail\" alt=\"\" srcset=\"https:\/\/www.europa-prefabri.com\/wp-content\/uploads\/1-1-remolque-lujo-arizona-interior-80x80.jpg 80w, https:\/\/www.europa-prefabri.com\/wp-content\/uploads\/1-1-remolque-lujo-arizona-interior-36x36.jpg 36w, https:\/\/www.europa-prefabri.com\/wp-content\/uploads\/1-1-remolque-lujo-arizona-interior-180x180.jpg 180w, https:\/\/www.europa-prefabri.com\/wp-content\/uploads\/1-1-remolque-lujo-arizona-interior-120x120.jpg 120w, https:\/\/www.europa-prefabri.com\/wp-content\/uploads\/1-1-remolque-lujo-arizona-interior-450x450.jpg 450w\" sizes=\"auto, (max-width: 80px) 100vw, 80px\" \/><\/a>\n\t\t\t<\/dt><\/dl><dl class='gallery-item'>\n\t\t\t<dt class='gallery-icon landscape'>\n\t\t\t\t<a href='https:\/\/www.europa-prefabri.com\/fr\/sanitaires-portatives-pour-evenements\/9-cabina-adaptada-prefabri-2\/'><img loading=\"lazy\" decoding=\"async\" width=\"80\" height=\"80\" src=\"https:\/\/www.europa-prefabri.com\/wp-content\/uploads\/9-cabina-adaptada-prefabri-80x80.jpg\" class=\"attachment-thumbnail size-thumbnail\" alt=\"\" srcset=\"https:\/\/www.europa-prefabri.com\/wp-content\/uploads\/9-cabina-adaptada-prefabri-80x80.jpg 80w, https:\/\/www.europa-prefabri.com\/wp-content\/uploads\/9-cabina-adaptada-prefabri-36x36.jpg 36w, https:\/\/www.europa-prefabri.com\/wp-content\/uploads\/9-cabina-adaptada-prefabri-180x180.jpg 180w, https:\/\/www.europa-prefabri.com\/wp-content\/uploads\/9-cabina-adaptada-prefabri-120x120.jpg 120w, https:\/\/www.europa-prefabri.com\/wp-content\/uploads\/9-cabina-adaptada-prefabri-450x450.jpg 450w\" sizes=\"auto, (max-width: 80px) 100vw, 80px\" \/><\/a>\n\t\t\t<\/dt><\/dl><dl class='gallery-item'>\n\t\t\t<dt class='gallery-icon landscape'>\n\t\t\t\t<a href='https:\/\/www.europa-prefabri.com\/fr\/sanitaires-portatives-pour-evenements\/8-cabina-yellostone-2\/'><img loading=\"lazy\" decoding=\"async\" width=\"80\" height=\"80\" src=\"https:\/\/www.europa-prefabri.com\/wp-content\/uploads\/8-cabina-yellostone-80x80.jpg\" class=\"attachment-thumbnail size-thumbnail\" alt=\"\" srcset=\"https:\/\/www.europa-prefabri.com\/wp-content\/uploads\/8-cabina-yellostone-80x80.jpg 80w, https:\/\/www.europa-prefabri.com\/wp-content\/uploads\/8-cabina-yellostone-36x36.jpg 36w, https:\/\/www.europa-prefabri.com\/wp-content\/uploads\/8-cabina-yellostone-180x180.jpg 180w, https:\/\/www.europa-prefabri.com\/wp-content\/uploads\/8-cabina-yellostone-120x120.jpg 120w, https:\/\/www.europa-prefabri.com\/wp-content\/uploads\/8-cabina-yellostone-450x450.jpg 450w\" sizes=\"auto, (max-width: 80px) 100vw, 80px\" \/><\/a>\n\t\t\t<\/dt><\/dl><dl class='gallery-item'>\n\t\t\t<dt class='gallery-icon landscape'>\n\t\t\t\t<a href='https:\/\/www.europa-prefabri.com\/fr\/1-remolque-lujo-arizona\/'><img loading=\"lazy\" decoding=\"async\" width=\"80\" height=\"80\" src=\"https:\/\/www.europa-prefabri.com\/wp-content\/uploads\/1-remolque-lujo-arizona-80x80.jpg\" class=\"attachment-thumbnail size-thumbnail\" alt=\"\" srcset=\"https:\/\/www.europa-prefabri.com\/wp-content\/uploads\/1-remolque-lujo-arizona-80x80.jpg 80w, https:\/\/www.europa-prefabri.com\/wp-content\/uploads\/1-remolque-lujo-arizona-36x36.jpg 36w, https:\/\/www.europa-prefabri.com\/wp-content\/uploads\/1-remolque-lujo-arizona-180x180.jpg 180w, https:\/\/www.europa-prefabri.com\/wp-content\/uploads\/1-remolque-lujo-arizona-120x120.jpg 120w, https:\/\/www.europa-prefabri.com\/wp-content\/uploads\/1-remolque-lujo-arizona-450x450.jpg 450w\" sizes=\"auto, (max-width: 80px) 100vw, 80px\" \/><\/a>\n\t\t\t<\/dt><\/dl><dl class='gallery-item'>\n\t\t\t<dt class='gallery-icon landscape'>\n\t\t\t\t<a href='https:\/\/www.europa-prefabri.com\/fr\/sanitaires-portatives-pour-evenements\/7-mini-remolque-western-2\/'><img loading=\"lazy\" decoding=\"async\" width=\"80\" height=\"80\" src=\"https:\/\/www.europa-prefabri.com\/wp-content\/uploads\/7-mini-remolque-western-80x80.jpg\" class=\"attachment-thumbnail size-thumbnail\" alt=\"\" srcset=\"https:\/\/www.europa-prefabri.com\/wp-content\/uploads\/7-mini-remolque-western-80x80.jpg 80w, https:\/\/www.europa-prefabri.com\/wp-content\/uploads\/7-mini-remolque-western-36x36.jpg 36w, https:\/\/www.europa-prefabri.com\/wp-content\/uploads\/7-mini-remolque-western-180x180.jpg 180w, https:\/\/www.europa-prefabri.com\/wp-content\/uploads\/7-mini-remolque-western-120x120.jpg 120w, https:\/\/www.europa-prefabri.com\/wp-content\/uploads\/7-mini-remolque-western-450x450.jpg 450w\" sizes=\"auto, (max-width: 80px) 100vw, 80px\" \/><\/a>\n\t\t\t<\/dt><\/dl><dl class='gallery-item'>\n\t\t\t<dt class='gallery-icon landscape'>\n\t\t\t\t<a href='https:\/\/www.europa-prefabri.com\/fr\/sanitaires-portatives-pour-evenements\/6-cabina-viena-2\/'><img loading=\"lazy\" decoding=\"async\" width=\"80\" height=\"80\" src=\"https:\/\/www.europa-prefabri.com\/wp-content\/uploads\/6-cabina-viena-80x80.jpg\" class=\"attachment-thumbnail size-thumbnail\" alt=\"\" srcset=\"https:\/\/www.europa-prefabri.com\/wp-content\/uploads\/6-cabina-viena-80x80.jpg 80w, https:\/\/www.europa-prefabri.com\/wp-content\/uploads\/6-cabina-viena-36x36.jpg 36w, https:\/\/www.europa-prefabri.com\/wp-content\/uploads\/6-cabina-viena-180x180.jpg 180w, https:\/\/www.europa-prefabri.com\/wp-content\/uploads\/6-cabina-viena-120x120.jpg 120w, https:\/\/www.europa-prefabri.com\/wp-content\/uploads\/6-cabina-viena-450x450.jpg 450w\" sizes=\"auto, (max-width: 80px) 100vw, 80px\" \/><\/a>\n\t\t\t<\/dt><\/dl><dl class='gallery-item'>\n\t\t\t<dt class='gallery-icon landscape'>\n\t\t\t\t<a href='https:\/\/www.europa-prefabri.com\/fr\/5-2-remolque-montana-interior\/'><img loading=\"lazy\" decoding=\"async\" width=\"80\" height=\"80\" src=\"https:\/\/www.europa-prefabri.com\/wp-content\/uploads\/5-2-remolque-montana-interior-80x80.jpg\" class=\"attachment-thumbnail size-thumbnail\" alt=\"\" srcset=\"https:\/\/www.europa-prefabri.com\/wp-content\/uploads\/5-2-remolque-montana-interior-80x80.jpg 80w, https:\/\/www.europa-prefabri.com\/wp-content\/uploads\/5-2-remolque-montana-interior-36x36.jpg 36w, https:\/\/www.europa-prefabri.com\/wp-content\/uploads\/5-2-remolque-montana-interior-180x180.jpg 180w, https:\/\/www.europa-prefabri.com\/wp-content\/uploads\/5-2-remolque-montana-interior-120x120.jpg 120w, https:\/\/www.europa-prefabri.com\/wp-content\/uploads\/5-2-remolque-montana-interior-450x450.jpg 450w\" sizes=\"auto, (max-width: 80px) 100vw, 80px\" \/><\/a>\n\t\t\t<\/dt><\/dl><br style=\"clear: both\" \/><dl class='gallery-item'>\n\t\t\t<dt class='gallery-icon landscape'>\n\t\t\t\t<a href='https:\/\/www.europa-prefabri.com\/fr\/sanitaires-portatives-pour-evenements\/5-1-remolque-montana-2\/'><img loading=\"lazy\" decoding=\"async\" width=\"80\" height=\"80\" src=\"https:\/\/www.europa-prefabri.com\/wp-content\/uploads\/5-1-remolque-montana-80x80.jpg\" class=\"attachment-thumbnail size-thumbnail\" alt=\"\" srcset=\"https:\/\/www.europa-prefabri.com\/wp-content\/uploads\/5-1-remolque-montana-80x80.jpg 80w, https:\/\/www.europa-prefabri.com\/wp-content\/uploads\/5-1-remolque-montana-36x36.jpg 36w, https:\/\/www.europa-prefabri.com\/wp-content\/uploads\/5-1-remolque-montana-180x180.jpg 180w, https:\/\/www.europa-prefabri.com\/wp-content\/uploads\/5-1-remolque-montana-120x120.jpg 120w, https:\/\/www.europa-prefabri.com\/wp-content\/uploads\/5-1-remolque-montana-450x450.jpg 450w\" sizes=\"auto, (max-width: 80px) 100vw, 80px\" \/><\/a>\n\t\t\t<\/dt><\/dl><dl class='gallery-item'>\n\t\t\t<dt class='gallery-icon landscape'>\n\t\t\t\t<a href='https:\/\/www.europa-prefabri.com\/fr\/4-1-remolque-lujo-nueva-york-2\/'><img loading=\"lazy\" decoding=\"async\" width=\"80\" height=\"80\" src=\"https:\/\/www.europa-prefabri.com\/wp-content\/uploads\/4-1-remolque-lujo-nueva-york-2-80x80.jpg\" class=\"attachment-thumbnail size-thumbnail\" alt=\"\" srcset=\"https:\/\/www.europa-prefabri.com\/wp-content\/uploads\/4-1-remolque-lujo-nueva-york-2-80x80.jpg 80w, https:\/\/www.europa-prefabri.com\/wp-content\/uploads\/4-1-remolque-lujo-nueva-york-2-36x36.jpg 36w, https:\/\/www.europa-prefabri.com\/wp-content\/uploads\/4-1-remolque-lujo-nueva-york-2-180x180.jpg 180w, https:\/\/www.europa-prefabri.com\/wp-content\/uploads\/4-1-remolque-lujo-nueva-york-2-120x120.jpg 120w, https:\/\/www.europa-prefabri.com\/wp-content\/uploads\/4-1-remolque-lujo-nueva-york-2-450x450.jpg 450w\" sizes=\"auto, (max-width: 80px) 100vw, 80px\" \/><\/a>\n\t\t\t<\/dt><\/dl><dl class='gallery-item'>\n\t\t\t<dt class='gallery-icon landscape'>\n\t\t\t\t<a href='https:\/\/www.europa-prefabri.com\/fr\/sanitaires-portatives-pour-evenements\/4-remolque-lujo-nueva-york-2\/'><img loading=\"lazy\" decoding=\"async\" width=\"80\" height=\"80\" src=\"https:\/\/www.europa-prefabri.com\/wp-content\/uploads\/4-remolque-lujo-nueva-york-80x80.jpeg\" class=\"attachment-thumbnail size-thumbnail\" alt=\"\" srcset=\"https:\/\/www.europa-prefabri.com\/wp-content\/uploads\/4-remolque-lujo-nueva-york-80x80.jpeg 80w, https:\/\/www.europa-prefabri.com\/wp-content\/uploads\/4-remolque-lujo-nueva-york-36x36.jpeg 36w, https:\/\/www.europa-prefabri.com\/wp-content\/uploads\/4-remolque-lujo-nueva-york-180x180.jpeg 180w, https:\/\/www.europa-prefabri.com\/wp-content\/uploads\/4-remolque-lujo-nueva-york-120x120.jpeg 120w, https:\/\/www.europa-prefabri.com\/wp-content\/uploads\/4-remolque-lujo-nueva-york-450x450.jpeg 450w\" sizes=\"auto, (max-width: 80px) 100vw, 80px\" \/><\/a>\n\t\t\t<\/dt><\/dl><dl class='gallery-item'>\n\t\t\t<dt class='gallery-icon landscape'>\n\t\t\t\t<a href='https:\/\/www.europa-prefabri.com\/fr\/evenements-location-et-vente-de-construction-modulaire\/sanitarios-para-eventos-2\/'><img loading=\"lazy\" decoding=\"async\" width=\"80\" height=\"80\" src=\"https:\/\/www.europa-prefabri.com\/wp-content\/uploads\/sanitarios-para-eventos-80x80.jpg\" class=\"attachment-thumbnail size-thumbnail\" alt=\"\" srcset=\"https:\/\/www.europa-prefabri.com\/wp-content\/uploads\/sanitarios-para-eventos-80x80.jpg 80w, https:\/\/www.europa-prefabri.com\/wp-content\/uploads\/sanitarios-para-eventos-36x36.jpg 36w, https:\/\/www.europa-prefabri.com\/wp-content\/uploads\/sanitarios-para-eventos-180x180.jpg 180w, https:\/\/www.europa-prefabri.com\/wp-content\/uploads\/sanitarios-para-eventos-120x120.jpg 120w, https:\/\/www.europa-prefabri.com\/wp-content\/uploads\/sanitarios-para-eventos-450x450.jpg 450w\" sizes=\"auto, (max-width: 80px) 100vw, 80px\" \/><\/a>\n\t\t\t<\/dt><\/dl><dl class='gallery-item'>\n\t\t\t<dt class='gallery-icon landscape'>\n\t\t\t\t<a href='https:\/\/www.europa-prefabri.com\/fr\/sanitario-vip-01\/'><img loading=\"lazy\" decoding=\"async\" width=\"80\" height=\"80\" src=\"https:\/\/www.europa-prefabri.com\/wp-content\/uploads\/sanitario-vip-01-80x80.jpg\" class=\"attachment-thumbnail size-thumbnail\" alt=\"alquiler de sanitarios vip para eventos y espectaculos\" srcset=\"https:\/\/www.europa-prefabri.com\/wp-content\/uploads\/sanitario-vip-01-80x80.jpg 80w, https:\/\/www.europa-prefabri.com\/wp-content\/uploads\/sanitario-vip-01-36x36.jpg 36w, https:\/\/www.europa-prefabri.com\/wp-content\/uploads\/sanitario-vip-01-180x180.jpg 180w, https:\/\/www.europa-prefabri.com\/wp-content\/uploads\/sanitario-vip-01-120x120.jpg 120w, https:\/\/www.europa-prefabri.com\/wp-content\/uploads\/sanitario-vip-01-450x450.jpg 450w\" sizes=\"auto, (max-width: 80px) 100vw, 80px\" \/><\/a>\n\t\t\t<\/dt><\/dl><dl class='gallery-item'>\n\t\t\t<dt class='gallery-icon landscape'>\n\t\t\t\t<a href='https:\/\/www.europa-prefabri.com\/fr\/sanitario-vip-02\/'><img loading=\"lazy\" decoding=\"async\" width=\"80\" height=\"80\" src=\"https:\/\/www.europa-prefabri.com\/wp-content\/uploads\/sanitario-vip-02-80x80.jpg\" class=\"attachment-thumbnail size-thumbnail\" alt=\"alquiler de sanitarios de lujo para eventos y espectaculos\" srcset=\"https:\/\/www.europa-prefabri.com\/wp-content\/uploads\/sanitario-vip-02-80x80.jpg 80w, https:\/\/www.europa-prefabri.com\/wp-content\/uploads\/sanitario-vip-02-36x36.jpg 36w, https:\/\/www.europa-prefabri.com\/wp-content\/uploads\/sanitario-vip-02-180x180.jpg 180w, https:\/\/www.europa-prefabri.com\/wp-content\/uploads\/sanitario-vip-02-120x120.jpg 120w, https:\/\/www.europa-prefabri.com\/wp-content\/uploads\/sanitario-vip-02-450x450.jpg 450w\" sizes=\"auto, (max-width: 80px) 100vw, 80px\" \/><\/a>\n\t\t\t<\/dt><\/dl><dl class='gallery-item'>\n\t\t\t<dt class='gallery-icon landscape'>\n\t\t\t\t<a href='https:\/\/www.europa-prefabri.com\/fr\/portfolio-item\/remolques-lujo\/img_0561\/'><img loading=\"lazy\" decoding=\"async\" width=\"80\" height=\"80\" src=\"https:\/\/www.europa-prefabri.com\/wp-content\/uploads\/IMG_0561-80x80.jpg\" class=\"attachment-thumbnail size-thumbnail\" alt=\"Alquiler remolques sanitarios de lujo\" srcset=\"https:\/\/www.europa-prefabri.com\/wp-content\/uploads\/IMG_0561-80x80.jpg 80w, https:\/\/www.europa-prefabri.com\/wp-content\/uploads\/IMG_0561-36x36.jpg 36w, https:\/\/www.europa-prefabri.com\/wp-content\/uploads\/IMG_0561-180x180.jpg 180w, https:\/\/www.europa-prefabri.com\/wp-content\/uploads\/IMG_0561-120x120.jpg 120w, https:\/\/www.europa-prefabri.com\/wp-content\/uploads\/IMG_0561-450x450.jpg 450w\" sizes=\"auto, (max-width: 80px) 100vw, 80px\" \/><\/a>\n\t\t\t<\/dt><\/dl><dl class='gallery-item'>\n\t\t\t<dt class='gallery-icon landscape'>\n\t\t\t\t<a href='https:\/\/www.europa-prefabri.com\/fr\/portfolio-item\/remolques-lujo\/lavamanos_manhattan\/'><img loading=\"lazy\" decoding=\"async\" width=\"80\" height=\"80\" src=\"https:\/\/www.europa-prefabri.com\/wp-content\/uploads\/LAVAMANOS_MANHATTAN-80x80.jpg\" class=\"attachment-thumbnail size-thumbnail\" alt=\"Alquiler remolques sanitarios de lujo\" srcset=\"https:\/\/www.europa-prefabri.com\/wp-content\/uploads\/LAVAMANOS_MANHATTAN-80x80.jpg 80w, https:\/\/www.europa-prefabri.com\/wp-content\/uploads\/LAVAMANOS_MANHATTAN-36x36.jpg 36w, https:\/\/www.europa-prefabri.com\/wp-content\/uploads\/LAVAMANOS_MANHATTAN-180x180.jpg 180w, https:\/\/www.europa-prefabri.com\/wp-content\/uploads\/LAVAMANOS_MANHATTAN-120x120.jpg 120w, https:\/\/www.europa-prefabri.com\/wp-content\/uploads\/LAVAMANOS_MANHATTAN-450x450.jpg 450w\" sizes=\"auto, (max-width: 80px) 100vw, 80px\" \/><\/a>\n\t\t\t<\/dt><\/dl><dl class='gallery-item'>\n\t\t\t<dt class='gallery-icon landscape'>\n\t\t\t\t<a href='https:\/\/www.europa-prefabri.com\/fr\/portfolio-item\/remolques-lujo\/image6\/'><img loading=\"lazy\" decoding=\"async\" width=\"80\" height=\"80\" src=\"https:\/\/www.europa-prefabri.com\/wp-content\/uploads\/image6-80x80.jpg\" class=\"attachment-thumbnail size-thumbnail\" alt=\"Alquiler remolques sanitarios de lujo\" srcset=\"https:\/\/www.europa-prefabri.com\/wp-content\/uploads\/image6-80x80.jpg 80w, https:\/\/www.europa-prefabri.com\/wp-content\/uploads\/image6-36x36.jpg 36w, https:\/\/www.europa-prefabri.com\/wp-content\/uploads\/image6-180x180.jpg 180w, https:\/\/www.europa-prefabri.com\/wp-content\/uploads\/image6-120x120.jpg 120w, https:\/\/www.europa-prefabri.com\/wp-content\/uploads\/image6-450x450.jpg 450w\" sizes=\"auto, (max-width: 80px) 100vw, 80px\" \/><\/a>\n\t\t\t<\/dt><\/dl><br style=\"clear: both\" \/><dl class='gallery-item'>\n\t\t\t<dt class='gallery-icon landscape'>\n\t\t\t\t<a href='https:\/\/www.europa-prefabri.com\/fr\/portfolio-item\/remolques-lujo\/image4\/'><img loading=\"lazy\" decoding=\"async\" width=\"80\" height=\"80\" src=\"https:\/\/www.europa-prefabri.com\/wp-content\/uploads\/image4-80x80.jpg\" class=\"attachment-thumbnail size-thumbnail\" alt=\"Alquiler remolques sanitarios de lujo\" srcset=\"https:\/\/www.europa-prefabri.com\/wp-content\/uploads\/image4-80x80.jpg 80w, https:\/\/www.europa-prefabri.com\/wp-content\/uploads\/image4-36x36.jpg 36w, https:\/\/www.europa-prefabri.com\/wp-content\/uploads\/image4-180x180.jpg 180w, https:\/\/www.europa-prefabri.com\/wp-content\/uploads\/image4-120x120.jpg 120w, https:\/\/www.europa-prefabri.com\/wp-content\/uploads\/image4-450x450.jpg 450w\" sizes=\"auto, (max-width: 80px) 100vw, 80px\" \/><\/a>\n\t\t\t<\/dt><\/dl><dl class='gallery-item'>\n\t\t\t<dt class='gallery-icon landscape'>\n\t\t\t\t<a href='https:\/\/www.europa-prefabri.com\/fr\/portfolio-item\/sanitarios-portatiles\/7-sanitarios-y-urinarios\/'><img loading=\"lazy\" decoding=\"async\" width=\"80\" height=\"80\" src=\"https:\/\/www.europa-prefabri.com\/wp-content\/uploads\/7-Sanitarios-y-urinarios-80x80.jpg\" class=\"attachment-thumbnail size-thumbnail\" alt=\"EUROPA PREFABRI- Sanitarios y urinarios port\u00e1tiles para alquiler y venta\" srcset=\"https:\/\/www.europa-prefabri.com\/wp-content\/uploads\/7-Sanitarios-y-urinarios-80x80.jpg 80w, https:\/\/www.europa-prefabri.com\/wp-content\/uploads\/7-Sanitarios-y-urinarios-36x36.jpg 36w, https:\/\/www.europa-prefabri.com\/wp-content\/uploads\/7-Sanitarios-y-urinarios-180x180.jpg 180w, https:\/\/www.europa-prefabri.com\/wp-content\/uploads\/7-Sanitarios-y-urinarios-120x120.jpg 120w, https:\/\/www.europa-prefabri.com\/wp-content\/uploads\/7-Sanitarios-y-urinarios-450x450.jpg 450w\" sizes=\"auto, (max-width: 80px) 100vw, 80px\" \/><\/a>\n\t\t\t<\/dt><\/dl><dl class='gallery-item'>\n\t\t\t<dt class='gallery-icon landscape'>\n\t\t\t\t<a href='https:\/\/www.europa-prefabri.com\/fr\/portfolio-item\/sanitarios-portatiles\/8-sanitarios-para-obras\/'><img loading=\"lazy\" decoding=\"async\" width=\"80\" height=\"80\" src=\"https:\/\/www.europa-prefabri.com\/wp-content\/uploads\/8-Sanitarios-para-obras-80x80.jpg\" class=\"attachment-thumbnail size-thumbnail\" alt=\"EUROPA PREFABRI- Sanitarios port\u00e1tiles para obras\" srcset=\"https:\/\/www.europa-prefabri.com\/wp-content\/uploads\/8-Sanitarios-para-obras-80x80.jpg 80w, https:\/\/www.europa-prefabri.com\/wp-content\/uploads\/8-Sanitarios-para-obras-36x36.jpg 36w, https:\/\/www.europa-prefabri.com\/wp-content\/uploads\/8-Sanitarios-para-obras-180x180.jpg 180w, https:\/\/www.europa-prefabri.com\/wp-content\/uploads\/8-Sanitarios-para-obras-120x120.jpg 120w, https:\/\/www.europa-prefabri.com\/wp-content\/uploads\/8-Sanitarios-para-obras-450x450.jpg 450w\" sizes=\"auto, (max-width: 80px) 100vw, 80px\" \/><\/a>\n\t\t\t<\/dt><\/dl>\n\t\t\t<br style='clear: both' \/>\n\t\t<\/div>\n\n<p>Les <a href=\"\/?page_id=2356\">sanitaires portatifs<\/a> apporte sa contribution \u00e0 la protection de l&#8217;environnement en rendant son usage plus \u00e9conomique et en rendant\u00a0l&#8217;eau potable plus sure. \u00a0Aussi, ils favorisent une hausse de la productivit\u00e9 dans les centres de travaux.<\/p>\n<h1>Sanitaires portatifs et\u00a0sa contribution \u00e0\u00a0l&#8217;environnement<\/h1>\n<p>Les sanitaires portatifs ont un grand impact sur la fourniture de l&#8217;eau dans le monde. Chaque jour, plus de 473 milions de litre d&#8217;eau dans le monde est \u00e9cononis\u00e9e, chiffre qui annuellement atteindra une quantit\u00e9 incroyable de 170 milles millions de litres d&#8217;eau. Pour faire une comparaison, la capacit\u00e9 maximale du r\u00e9servoir\u00a0de San Juan de Madrid est de 138 milles millons de litres.<\/p>\n<h3>Mais comment est permise l&#8217;\u00e9conomie de l&#8217;eau?<\/h3>\n<p>Cela est possible gr\u00e2ce \u00e0 un usage plus \u00e9conomique de l&#8217;eau utilis\u00e9e. Un WC conventionel \u00e0\u00a0un seul\u00a0bouton, gaspille entre\u00a08 et\u00a012 litres chaque fois que nous tirons la chasse. Les WC \u00e0 2\u00a0boutons\u00a0gaspillent entre 3 et 4 \u00a0litres avec le petit bouton et entre 6 et\u00a07 avec le grand bouton. Ils existent quelques moyens simples pour gaspiller moins d&#8217;eau,\u00a0en r\u00e9alit\u00e9 nous n&#8217;en avons pas besoin d&#8217;autant. Un\u00a0des moyens les plus r\u00e9pandu est d&#8217;introduire une bouteille d&#8217;un demi-litre pleine dans la cuve, occupant ainsi une partie du volume de la cuve. Cependant, avec seulement 20 litres d&#8217;eau et l&#8217;ajout d&#8217;un produit traitant et biod\u00e9gradale qui d\u00e9sinfecte, d\u00e9compose la mati\u00e8re organique \u00a0et \u00a0inhibe les mauvaises odeurs, les santaires portatifs peuvent servir jusqu&#8217;\u00e0 3000 usages. \u00c9galement, les sanitaires portatifs \u00a0aident \u00e0 prot\u00e9ger les fontaines d&#8217;eau des effets d\u00e9vastateurs de la pollution qui peuvent \u00eatre mortel pour l&#8217;\u00eatre humain, la faune et la flore en zones rurales et dans les zones qui ne sont pas \u00e9quipe\u00e9s d&#8217;un syst\u00e8me d&#8217;\u00e9go\u00fbts ad\u00e9quats.<\/p>\n<h3>Comment les sanitaires portatifs aident \u00e0 prot\u00e9ger la qualit\u00e9 de l&#8217;eau?<\/h3>\n<p>Les salles de bains portatifs\u00a0poss\u00e8dent un r\u00e9servoir propre,\u00a0ce qui leur permet d&#8217;\u00eatre autonomes et de fonctionner sans connexion \u00e0 un r\u00e9seau d&#8217;\u00e9go\u00fbts. Les techniciens sp\u00e9cialis\u00e9s dans le m\u00e9nage \u00a0se chargent de vider les cuves, en transportant les r\u00e9sidus \u00e0 la\u00a0station d&#8217;\u00e9puration la plus proche pour son bon traitement.<\/p>\n<h2>Les sanitaires portatifs aident \u00e0 augmenter la productivit\u00e9<\/h2>\n<p>Chaque jour, une personne passe en moyenne 18 minutes aux toilettes, ce temps peut \u00eatre multipli\u00e9 par deux si il n&#8217;y a pas de sanitaires sur\u00a0le lieu de travail. La pr\u00e9sence des sanitaires\u00a0portatifs sur\u00a0le\u00a0lieu\u00a0de travail contribuent a augmenter la productivit\u00e9 en \u00e9vitant les d\u00e9placements des employ\u00e9s hors du lieu de travail, en se traduisant par une diminution des co\u00fbts. Dans le secteur de la construction, \u00a0la pr\u00e9sence de toilettes portatifs est tr\u00e8s habituelle, \u00e9tant r\u00e9gul\u00e9 par la norme europ\u00e9enne\u00a0UNE-EN-16194\u00a0qui \u00e9tabli le nombre\u00a0d&#8217;usagers et la quantit\u00e9\u00a0de cabines de sanitaires n\u00e9cessaires.<\/p>\n<table class=\" aligncenter\" style=\"height: 132px; width: 600px;\">\n<tbody>\n<tr style=\"height: 24px;\">\n<td style=\"width: 291.223px; text-align: center; height: 24px;\"><strong><span style=\"font-size: 12pt;\">Nombre d&#8217;usagers<\/span><\/strong><\/td>\n<td style=\"width: 402.777px; text-align: center; height: 24px;\"><strong><span style=\"font-size: 12pt;\">Nombre de sanitaires portatifs<\/span><\/strong><\/td>\n<\/tr>\n<tr style=\"height: 24px;\">\n<td style=\"width: 291.223px; text-align: center; height: 24px;\"><span style=\"font-size: 12pt;\">De un\u00a0\u00e0\u00a0dix<\/span><\/td>\n<td style=\"width: 402.777px; text-align: center; height: 24px;\"><span style=\"font-size: 12pt;\">1<\/span><\/td>\n<\/tr>\n<tr style=\"height: 24px;\">\n<td style=\"width: 291.223px; text-align: center; height: 24px;\"><span style=\"font-size: 12pt;\">De onze \u00e0\u00a0vingt<\/span><\/td>\n<td style=\"width: 402.777px; text-align: center; height: 24px;\"><span style=\"font-size: 12pt;\">2<\/span><\/td>\n<\/tr>\n<tr style=\"height: 48px;\">\n<td style=\"width: 291.223px; text-align: center; height: 48px;\"><span style=\"font-size: 12pt;\">Plus\u00a0de 20<\/span><\/td>\n<td style=\"width: 402.777px; text-align: center; height: 48px;\"><span style=\"font-size: 12pt;\">Une cabine suppl\u00e9mentaire \u00e0 chaque dizaine d&#8217;usagers suppl\u00e9mentaire<\/span><\/td>\n<\/tr>\n<tr style=\"height: 24.5625px;\">\n<td style=\"width: 694px; text-align: center; height: 24.5625px;\" colspan=\"2\"><span style=\"font-size: 12pt;\">La cabine doit \u00eatre nettoy\u00e9e au moins tous les 5 jours\u00a0ouvr\u00e9s\u00a0de 8 heures chacun<\/span><\/td>\n<\/tr>\n<\/tbody>\n<\/table>\n<p>&nbsp;<\/p>\n<p>\u00c9galement,\u00a0les sanitaires portatifs sont aussi sp\u00e9cialement indiqu\u00e9s pour l&#8217;exploitation mini\u00e8re et les exploitations agricoles, qui sugg\u00e8rent les m\u00eames param\u00e8tres que la norme europ\u00e9enne pour la construction. De plus, il faut que la distance entre les sanitaires portatifs et le lieu de travail ne doit pas d\u00e9passer\u00a0les cent\u00a0m\u00e8tres.<\/p>\n<h2>Les sanitaires portatifs: le\u00a0grand ali\u00e9 des\u00a0\u00e9v\u00e9nements<\/h2>\n<p>Pour profiter\u00a0\u00a0sans pr\u00e9occupation de l&#8217;\u00e9v\u00e9nement, il est n\u00e9cessaire qu&#8217;il y ait un nombre ad\u00e9quat de toilettes pour ne pas g\u00e9n\u00e9rer des files d&#8217;attentes interminables \u00a0qui emp\u00eache de profiter de l&#8217;\u00e9v\u00e9nement. \u00c9galement, cette norme europ\u00e9enne r\u00e9gule aussi le nombre de toilettes portatifs n\u00e9cessaires pour pouvoir c\u00e9l\u00e9brer ad\u00e9quatement un \u00e9v\u00e9nement, voir le tableau ci-dessous.<\/p>\n<table>\n<tbody>\n<tr>\n<td width=\"63\"><\/td>\n<td width=\"206\"><strong>N.\u00ba d&#8217;usagers (50% hommes et<\/strong>\u00a0<strong>50% femmes)<\/strong><\/td>\n<td width=\"211\"><strong>Nombre\u00a0minimum\u00a0de cabines (pour un \u00e9v\u00e9nement d&#8217;une dur\u00e9e jusqu&#8217;\u00e0 6h<\/strong><strong>)<\/strong><\/td>\n<td width=\"171\"><strong>Nombre\u00a0minimum\u00a0de cabines (pour un \u00e9v\u00e9nement d&#8217;une dur\u00e9e jusqu&#8217;\u00e0 12h<\/strong><strong>)<\/strong><\/td>\n<\/tr>\n<tr>\n<td width=\"63\">a)<\/td>\n<td width=\"206\">Jusqu&#8217;\u00e0\u00a0249<\/td>\n<td width=\"211\">2<\/td>\n<td width=\"171\">3<\/td>\n<\/tr>\n<tr>\n<td width=\"63\">b)<\/td>\n<td width=\"206\">De 250 \u00e0\u00a0499<\/td>\n<td width=\"211\">3<\/td>\n<td width=\"171\">5<\/td>\n<\/tr>\n<tr>\n<td width=\"63\">c)<\/td>\n<td width=\"206\">De 500 \u00e0\u00a0999<\/td>\n<td width=\"211\">6<\/td>\n<td width=\"171\">9<\/td>\n<\/tr>\n<tr>\n<td width=\"63\">d)<\/td>\n<td width=\"206\">De 1 000 \u00e0\u00a01 999<\/td>\n<td width=\"211\">12<\/td>\n<td width=\"171\">18<\/td>\n<\/tr>\n<tr>\n<td width=\"63\">e)<\/td>\n<td width=\"206\">De 2 000 \u00e0 2 999<\/td>\n<td width=\"211\">25<\/td>\n<td width=\"171\">38<\/td>\n<\/tr>\n<tr>\n<td width=\"63\">f)<\/td>\n<td width=\"206\">De 3 000 \u00e0 3 999<\/td>\n<td width=\"211\">38<\/td>\n<td width=\"171\">57<\/td>\n<\/tr>\n<tr>\n<td width=\"63\">g)<\/td>\n<td width=\"206\">De 4 000 \u00e0 4 999<\/td>\n<td width=\"211\">50<\/td>\n<td width=\"171\">75<\/td>\n<\/tr>\n<tr>\n<td width=\"63\">h)<\/td>\n<td width=\"206\">De 5 000 \u00e0 5 999<\/td>\n<td width=\"211\">63<\/td>\n<td width=\"171\">95<\/td>\n<\/tr>\n<tr>\n<td width=\"63\">i)<\/td>\n<td width=\"206\">De 6 000 \u00e0 6 999<\/td>\n<td width=\"211\">75<\/td>\n<td width=\"171\">113<\/td>\n<\/tr>\n<tr>\n<td width=\"63\">j)<\/td>\n<td width=\"206\">De 7 000 \u00e0 7 999<\/td>\n<td width=\"211\">88<\/td>\n<td width=\"171\">132<\/td>\n<\/tr>\n<tr>\n<td width=\"63\">k)<\/td>\n<td width=\"206\">De 8 000 \u00e0 8 999<\/td>\n<td width=\"211\">100<\/td>\n<td width=\"171\">150<\/td>\n<\/tr>\n<tr>\n<td width=\"63\">l)<\/td>\n<td width=\"206\">De 9 000 \u00e0 9 999<\/td>\n<td width=\"211\">113<\/td>\n<td width=\"171\">170<\/td>\n<\/tr>\n<tr>\n<td width=\"63\">m)<\/td>\n<td width=\"206\">De 10 000 \u00e0 12 499<\/td>\n<td width=\"211\">125<\/td>\n<td width=\"171\">188<\/td>\n<\/tr>\n<tr>\n<td width=\"63\">n)<\/td>\n<td width=\"206\">De 12 500 \u00e0 14 999<\/td>\n<td width=\"211\">156<\/td>\n<td width=\"171\">234<\/td>\n<\/tr>\n<tr>\n<td width=\"63\">o)<\/td>\n<td width=\"206\">De 15 000 \u00e0 17 499<\/td>\n<td width=\"211\">188<\/td>\n<td width=\"171\">282<\/td>\n<\/tr>\n<tr>\n<td width=\"63\">p)<\/td>\n<td width=\"206\">De 17 500 \u00e0 19 999<\/td>\n<td width=\"211\">219<\/td>\n<td width=\"171\">329<\/td>\n<\/tr>\n<tr>\n<td width=\"63\">q)<\/td>\n<td width=\"206\">20 000<\/td>\n<td width=\"211\">250<\/td>\n<td width=\"171\">375<\/td>\n<\/tr>\n<tr>\n<td width=\"63\">r)<\/td>\n<td width=\"206\">Plus de 20 000<\/td>\n<td colspan=\"2\" width=\"382\">Un calcul special\u00a0est n\u00e9cessaire<\/td>\n<\/tr>\n<tr>\n<td colspan=\"4\" width=\"650\"><strong>Fr\u00e9quence de nettoyage\u00a0<\/strong>: Ne sont pas pris en compte dans ce tableau le m\u00e9nage interm\u00e9diaire ni les services auxilliaires, qui recqui\u00e8rent un calcul sp\u00e9cial. Si les \u00e9v\u00e9nements durent plus de six\u00a0heures ou plus de douze heures, la cabine doit \u00eatre nettoy\u00e9e chaque 6h ou 12h.<\/td>\n<\/tr>\n<\/tbody>\n<\/table>\n<p>De plus, un facteur de correction doit \u00eatre appliqu\u00e9 \u00e0 la hausse si de la nourriture et des boissons sont servis los de l&#8217;\u00e9v\u00e9nement, car l&#8217;usage des toilettes portatifs augmentera.<\/p>\n<h2><strong>Quels services sont inclus dans la location de toilettes portatifs?<\/strong><\/h2>\n<p class=\"contenido\">Dans la location de toilette portatif \u00a0est inclu le transport jusqu&#8217;au lieu solicit\u00e9, sa mise en fonctionnement, l&#8217;entretien des sanitaires requis (dans le secteur de la construction et de l&#8217;exploitatiom mini\u00e8re se r\u00e9alisent l&#8217;entretion hebdomadaire\u00a0 et pour les \u00e9v\u00e9nements une ou deux fois par jour selon les caract\u00e9ristiques propres de l&#8217;\u00e9v\u00e9nement) et l&#8217;enl\u00e8vement du sanitaire portatif du lieu dans lequel il a \u00e9t\u00e9 plac\u00e9.<\/p>\n<h2>Notre gamme\u00a0de sanitaires portatifs<\/h2>\n<h3>Sanitaire portatif\u00a0standard<\/h3>\n<h4>\u00a0<img loading=\"lazy\" decoding=\"async\" class=\"alignnone size-full wp-image-12804\" src=\"https:\/\/www.europa-prefabri.com\/wp-content\/uploads\/sanitario-portatil-europa-prefabri.png\" alt=\"sanitario-portatil-europa-prefabri\" width=\"800\" height=\"600\" srcset=\"https:\/\/www.europa-prefabri.com\/wp-content\/uploads\/sanitario-portatil-europa-prefabri.png 800w, https:\/\/www.europa-prefabri.com\/wp-content\/uploads\/sanitario-portatil-europa-prefabri-300x225.png 300w, https:\/\/www.europa-prefabri.com\/wp-content\/uploads\/sanitario-portatil-europa-prefabri-768x576.png 768w, https:\/\/www.europa-prefabri.com\/wp-content\/uploads\/sanitario-portatil-europa-prefabri-705x529.png 705w, https:\/\/www.europa-prefabri.com\/wp-content\/uploads\/sanitario-portatil-europa-prefabri-450x338.png 450w\" sizes=\"auto, (max-width: 800px) 100vw, 800px\" \/><\/h4>\n<p>Vente ou location de sanitaires portatifs ecologiques autonomes ou connect\u00e9s au\u00a0r\u00e9seau. Nous offrons un service co\u00f1plet incluyant le transport, l&#8217;installation et l&#8217;entretien p\u00e9riodique. Nous disposons d&#8217;un \u00a0vaste catalogue avec \u00a0tout type de toilettes \u00a0pr\u00e9fabriqu\u00e9 pour les chantiers ou \u00e9v\u00e9nements.<\/p>\n<h4>Applications habituelles des sanitaires portatifs<\/h4>\n<ul>\n<li>Travaux de construction<\/li>\n<li>Spectacles<\/li>\n<li>Plages<\/li>\n<li>Ev\u00e9nements sportifs<\/li>\n<li>Concerts<\/li>\n<li>Foires<\/li>\n<li>F\u00eates<\/li>\n<\/ul>\n<h3><strong><a title=\"M\u00f3dulos sanitarios\" href=\"\/?p=3970\">Modules sanitaires<\/a><\/strong><\/h3>\n<p><img loading=\"lazy\" decoding=\"async\" class=\"alignnone size-full wp-image-12788\" src=\"https:\/\/www.europa-prefabri.com\/wp-content\/uploads\/modulo-sanitario-europa-prefabri.png\" alt=\"modulos sanitarios europa prefabri\" width=\"800\" height=\"600\" srcset=\"https:\/\/www.europa-prefabri.com\/wp-content\/uploads\/modulo-sanitario-europa-prefabri.png 800w, https:\/\/www.europa-prefabri.com\/wp-content\/uploads\/modulo-sanitario-europa-prefabri-300x225.png 300w, https:\/\/www.europa-prefabri.com\/wp-content\/uploads\/modulo-sanitario-europa-prefabri-768x576.png 768w, https:\/\/www.europa-prefabri.com\/wp-content\/uploads\/modulo-sanitario-europa-prefabri-705x529.png 705w, https:\/\/www.europa-prefabri.com\/wp-content\/uploads\/modulo-sanitario-europa-prefabri-450x338.png 450w\" sizes=\"auto, (max-width: 800px) 100vw, 800px\" \/>\u00a0Location et vente de module sanitaire pr\u00e9fabriqu\u00e9s et \u00e9quipement sanitaire. C&#8217;est un produit destin\u00e9 aux chantiers et aux \u00e9v\u00e9nements, ainsi que pour les entreprises n\u00e9cessitant une solution rapide aussi bien temporaire que permanente. La meilleure solution de toilettes pr\u00e9fabriqu\u00e9s par le fait qu&#8217;ils disposent d&#8217;une connexion au r\u00e9seauu hydraulique et d&#8217;\u00e9vacuation. En plus de notre mod\u00e8le standard, nous r\u00e9alisons la conception et la fabrication de mod\u00e8les sp\u00e9ciaux adapt\u00e9s aux besoins du client.<\/p>\n<h3><a title=\"Sanitarios especiales\" href=\"\/?p=2416\">Sanitaires sp\u00e9ciaux<\/a><\/h3>\n<p><img loading=\"lazy\" decoding=\"async\" class=\"alignnone size-full wp-image-12800\" src=\"https:\/\/www.europa-prefabri.com\/wp-content\/uploads\/sanitario-especial-europa-prefabri.png\" alt=\"sanitario-especial-europa-prefabri\" width=\"800\" height=\"600\" srcset=\"https:\/\/www.europa-prefabri.com\/wp-content\/uploads\/sanitario-especial-europa-prefabri.png 800w, https:\/\/www.europa-prefabri.com\/wp-content\/uploads\/sanitario-especial-europa-prefabri-300x225.png 300w, https:\/\/www.europa-prefabri.com\/wp-content\/uploads\/sanitario-especial-europa-prefabri-768x576.png 768w, https:\/\/www.europa-prefabri.com\/wp-content\/uploads\/sanitario-especial-europa-prefabri-705x529.png 705w, https:\/\/www.europa-prefabri.com\/wp-content\/uploads\/sanitario-especial-europa-prefabri-450x338.png 450w\" sizes=\"auto, (max-width: 800px) 100vw, 800px\" \/><\/p>\n<p>Vente et location de modules sanitires sp\u00e9ciaux et remorques de luxe\u00a0avec \u00e9l\u00e8ments de sanitaire de haute qualit\u00e9. Id\u00e9als pour les \u00e9v\u00e9nements sp\u00e9ciaux qui n\u00e9cessitent des installations plus sophistiqu\u00e9es que les toilettes portatifs \u00a0traditionnels. En plus de nos mod\u00e8les habibtuels, nous r\u00e9alisons la conception et la fabrication de mod\u00e8les adapt\u00e9s aux besoin du client.<\/p>\n<h3><a title=\"Remolques de Lujo\" href=\"\/?p=8807\">Remorques de luxe<\/a><\/h3>\n<p><img loading=\"lazy\" decoding=\"async\" class=\"alignnone size-full wp-image-12796\" src=\"https:\/\/www.europa-prefabri.com\/wp-content\/uploads\/remolque-de-lujo-europa-prefabri.png\" alt=\"remolque-de-lujo-europa-prefabri\" width=\"800\" height=\"600\" srcset=\"https:\/\/www.europa-prefabri.com\/wp-content\/uploads\/remolque-de-lujo-europa-prefabri.png 800w, https:\/\/www.europa-prefabri.com\/wp-content\/uploads\/remolque-de-lujo-europa-prefabri-300x225.png 300w, https:\/\/www.europa-prefabri.com\/wp-content\/uploads\/remolque-de-lujo-europa-prefabri-768x576.png 768w, https:\/\/www.europa-prefabri.com\/wp-content\/uploads\/remolque-de-lujo-europa-prefabri-705x529.png 705w, https:\/\/www.europa-prefabri.com\/wp-content\/uploads\/remolque-de-lujo-europa-prefabri-450x338.png 450w\" sizes=\"auto, (max-width: 800px) 100vw, 800px\" \/>\u00a0Location de remorques de sanitaires de luxe pour \u00e9v\u00e9nements. C&#8217;est la gamme de sanitaires qui permet de louer des sanitaires de meilleurs qualit\u00e9, id\u00e9aux pour les mariages et autres \u00e9v\u00e9nements qui n\u00e9cessistent un esth\u00e9tique plus luxueux. La location de nos remorques de luxe inclue l&#8217;assistance d&#8217;un technicien pour l&#8217;entretien et la propret\u00e9 de la remorque durant tout l&#8217;\u00e9v\u00e9nement, afin que le client n&#8217;en ai pas \u00e0 s&#8217;en occuper.<\/p>\n","protected":false},"excerpt":{"rendered":"<p>Les sanitaires portatifs apporte sa contribution \u00e0 la protection de l&#8217;environnement en rendant son usage plus \u00e9conomique et en rendant\u00a0l&#8217;eau potable plus sure. \u00a0Aussi, ils favorisent une hausse de la productivit\u00e9 dans les centres de travaux. Sanitaires portatifs et\u00a0sa contribution \u00e0\u00a0l&#8217;environnement Les sanitaires portatifs ont un grand impact sur la fourniture de l&#8217;eau dans le [&hellip;]<\/p>\n","protected":false},"author":4,"featured_media":13721,"comment_status":"closed","ping_status":"closed","sticky":false,"template":"","format":"gallery","meta":{"footnotes":""},"categories":[58],"tags":[],"class_list":["post-15628","post","type-post","status-publish","format-gallery","has-post-thumbnail","hentry","category-projets","post_format-post-format-gallery"],"yoast_head":"<!-- This site is optimized with the Yoast SEO plugin v27.5 - https:\/\/yoast.com\/product\/yoast-seo-wordpress\/ -->\n<title>Sanitaires portatifs ecologiques: avantages d&#039;utilisation et contribution \u00e0 la protection de l&#039;environnement<\/title>\n<meta name=\"description\" content=\"Les sanitaires portatifs sont un acteur discrets edt efficace dans la pr\u00e9servation de l&#039;environnement et dans l&#039;am\u00e9lioratiom de la productivit\u00e9 l Prefabri\" \/>\n<meta name=\"robots\" content=\"index, follow, max-snippet:-1, max-image-preview:large, max-video-preview:-1\" \/>\n<link rel=\"canonical\" href=\"https:\/\/www.europa-prefabri.com\/fr\/avantages-de-lusage-des-sanitaires-portatifs\/\" \/>\n<meta property=\"og:locale\" content=\"fr_FR\" \/>\n<meta property=\"og:type\" content=\"article\" \/>\n<meta property=\"og:title\" content=\"Sanitaires portatifs ecologiques: avantages d&#039;utilisation et contribution \u00e0 la protection de l&#039;environnement\" \/>\n<meta property=\"og:description\" content=\"Les sanitaires portatifs sont un acteur discrets edt efficace dans la pr\u00e9servation de l&#039;environnement et dans l&#039;am\u00e9lioratiom de la productivit\u00e9 l Prefabri\" \/>\n<meta property=\"og:url\" content=\"https:\/\/www.europa-prefabri.com\/fr\/avantages-de-lusage-des-sanitaires-portatifs\/\" \/>\n<meta property=\"og:site_name\" content=\"Europa Prefabri | Alquiler y venta de construcciones modulares\" \/>\n<meta property=\"article:publisher\" content=\"https:\/\/www.facebook.com\/Europa-Prefabri-258328977572213\/\" \/>\n<meta property=\"article:published_time\" content=\"2017-04-12T08:17:17+00:00\" \/>\n<meta property=\"article:modified_time\" content=\"2025-01-31T11:24:19+00:00\" \/>\n<meta property=\"og:image\" content=\"https:\/\/www.europa-prefabri.com\/wp-content\/uploads\/sanitarios-para-eventos.jpg\" \/>\n\t<meta property=\"og:image:width\" content=\"800\" \/>\n\t<meta property=\"og:image:height\" content=\"600\" \/>\n\t<meta property=\"og:image:type\" content=\"image\/jpeg\" \/>\n<meta name=\"author\" content=\"admin\" \/>\n<meta name=\"twitter:card\" content=\"summary_large_image\" \/>\n<meta name=\"twitter:creator\" content=\"@EuropaPrefabri\" \/>\n<meta name=\"twitter:site\" content=\"@EuropaPrefabri\" \/>\n<meta name=\"twitter:label1\" content=\"Written by\" \/>\n\t<meta name=\"twitter:data1\" content=\"admin\" \/>\n\t<meta name=\"twitter:label2\" content=\"Est. reading time\" \/>\n\t<meta name=\"twitter:data2\" content=\"9 minutes\" \/>\n<script type=\"application\/ld+json\" class=\"yoast-schema-graph\">{\"@context\":\"https:\\\/\\\/schema.org\",\"@graph\":[{\"@type\":\"Article\",\"@id\":\"https:\\\/\\\/www.europa-prefabri.com\\\/fr\\\/avantages-de-lusage-des-sanitaires-portatifs\\\/#article\",\"isPartOf\":{\"@id\":\"https:\\\/\\\/www.europa-prefabri.com\\\/fr\\\/avantages-de-lusage-des-sanitaires-portatifs\\\/\"},\"author\":{\"name\":\"admin\",\"@id\":\"https:\\\/\\\/www.europa-prefabri.com\\\/#\\\/schema\\\/person\\\/2ab6be5821a7026cd8f16d2a9411e86e\"},\"headline\":\"Avantages de l&#8217;usage des sanitaires portatifs\",\"datePublished\":\"2017-04-12T08:17:17+00:00\",\"dateModified\":\"2025-01-31T11:24:19+00:00\",\"mainEntityOfPage\":{\"@id\":\"https:\\\/\\\/www.europa-prefabri.com\\\/fr\\\/avantages-de-lusage-des-sanitaires-portatifs\\\/\"},\"wordCount\":1202,\"publisher\":{\"@id\":\"https:\\\/\\\/www.europa-prefabri.com\\\/#organization\"},\"image\":{\"@id\":\"https:\\\/\\\/www.europa-prefabri.com\\\/fr\\\/avantages-de-lusage-des-sanitaires-portatifs\\\/#primaryimage\"},\"thumbnailUrl\":\"https:\\\/\\\/www.europa-prefabri.com\\\/wp-content\\\/uploads\\\/sanitarios-para-eventos.jpg\",\"articleSection\":[\"Projets\"],\"inLanguage\":\"fr-FR\"},{\"@type\":\"WebPage\",\"@id\":\"https:\\\/\\\/www.europa-prefabri.com\\\/fr\\\/avantages-de-lusage-des-sanitaires-portatifs\\\/\",\"url\":\"https:\\\/\\\/www.europa-prefabri.com\\\/fr\\\/avantages-de-lusage-des-sanitaires-portatifs\\\/\",\"name\":\"Sanitaires portatifs ecologiques: avantages d'utilisation et contribution \u00e0 la protection de l'environnement\",\"isPartOf\":{\"@id\":\"https:\\\/\\\/www.europa-prefabri.com\\\/#website\"},\"primaryImageOfPage\":{\"@id\":\"https:\\\/\\\/www.europa-prefabri.com\\\/fr\\\/avantages-de-lusage-des-sanitaires-portatifs\\\/#primaryimage\"},\"image\":{\"@id\":\"https:\\\/\\\/www.europa-prefabri.com\\\/fr\\\/avantages-de-lusage-des-sanitaires-portatifs\\\/#primaryimage\"},\"thumbnailUrl\":\"https:\\\/\\\/www.europa-prefabri.com\\\/wp-content\\\/uploads\\\/sanitarios-para-eventos.jpg\",\"datePublished\":\"2017-04-12T08:17:17+00:00\",\"dateModified\":\"2025-01-31T11:24:19+00:00\",\"description\":\"Les sanitaires portatifs sont un acteur discrets edt efficace dans la pr\u00e9servation de l'environnement et dans l'am\u00e9lioratiom de la productivit\u00e9 l Prefabri\",\"breadcrumb\":{\"@id\":\"https:\\\/\\\/www.europa-prefabri.com\\\/fr\\\/avantages-de-lusage-des-sanitaires-portatifs\\\/#breadcrumb\"},\"inLanguage\":\"fr-FR\",\"potentialAction\":[{\"@type\":\"ReadAction\",\"target\":[\"https:\\\/\\\/www.europa-prefabri.com\\\/fr\\\/avantages-de-lusage-des-sanitaires-portatifs\\\/\"]}]},{\"@type\":\"ImageObject\",\"inLanguage\":\"fr-FR\",\"@id\":\"https:\\\/\\\/www.europa-prefabri.com\\\/fr\\\/avantages-de-lusage-des-sanitaires-portatifs\\\/#primaryimage\",\"url\":\"https:\\\/\\\/www.europa-prefabri.com\\\/wp-content\\\/uploads\\\/sanitarios-para-eventos.jpg\",\"contentUrl\":\"https:\\\/\\\/www.europa-prefabri.com\\\/wp-content\\\/uploads\\\/sanitarios-para-eventos.jpg\",\"width\":800,\"height\":600},{\"@type\":\"BreadcrumbList\",\"@id\":\"https:\\\/\\\/www.europa-prefabri.com\\\/fr\\\/avantages-de-lusage-des-sanitaires-portatifs\\\/#breadcrumb\",\"itemListElement\":[{\"@type\":\"ListItem\",\"position\":1,\"name\":\"Portada\",\"item\":\"https:\\\/\\\/www.europa-prefabri.com\\\/fr\\\/\"},{\"@type\":\"ListItem\",\"position\":2,\"name\":\"Avantages de l&#8217;usage des sanitaires portatifs\"}]},{\"@type\":\"WebSite\",\"@id\":\"https:\\\/\\\/www.europa-prefabri.com\\\/#website\",\"url\":\"https:\\\/\\\/www.europa-prefabri.com\\\/\",\"name\":\"Europa Prefabri | Alquiler y venta de construcciones modulares\",\"description\":\"Alquiler y venta de construcciones modulares, casetas de obra, marquesinas de aparcamiento y vallas y cerramientos.\",\"publisher\":{\"@id\":\"https:\\\/\\\/www.europa-prefabri.com\\\/#organization\"},\"potentialAction\":[{\"@type\":\"SearchAction\",\"target\":{\"@type\":\"EntryPoint\",\"urlTemplate\":\"https:\\\/\\\/www.europa-prefabri.com\\\/?s={search_term_string}\"},\"query-input\":{\"@type\":\"PropertyValueSpecification\",\"valueRequired\":true,\"valueName\":\"search_term_string\"}}],\"inLanguage\":\"fr-FR\"},{\"@type\":\"Organization\",\"@id\":\"https:\\\/\\\/www.europa-prefabri.com\\\/#organization\",\"name\":\"Prefabri S.L.\",\"url\":\"https:\\\/\\\/www.europa-prefabri.com\\\/\",\"logo\":{\"@type\":\"ImageObject\",\"inLanguage\":\"fr-FR\",\"@id\":\"https:\\\/\\\/www.europa-prefabri.com\\\/#\\\/schema\\\/logo\\\/image\\\/\",\"url\":\"https:\\\/\\\/www.europa-prefabri.com\\\/wp-content\\\/uploads\\\/EuropaPrefabri-Logo.jpg\",\"contentUrl\":\"https:\\\/\\\/www.europa-prefabri.com\\\/wp-content\\\/uploads\\\/EuropaPrefabri-Logo.jpg\",\"width\":752,\"height\":348,\"caption\":\"Prefabri S.L.\"},\"image\":{\"@id\":\"https:\\\/\\\/www.europa-prefabri.com\\\/#\\\/schema\\\/logo\\\/image\\\/\"},\"sameAs\":[\"https:\\\/\\\/www.facebook.com\\\/Europa-Prefabri-258328977572213\\\/\",\"https:\\\/\\\/x.com\\\/EuropaPrefabri\",\"https:\\\/\\\/www.instagram.com\\\/europaprefabri\\\/\",\"https:\\\/\\\/es.linkedin.com\\\/company\\\/europa-prefabri\",\"https:\\\/\\\/es.pinterest.com\\\/europaprefabri\\\/\",\"https:\\\/\\\/www.youtube.com\\\/user\\\/PrefabriSL\"]},{\"@type\":\"Person\",\"@id\":\"https:\\\/\\\/www.europa-prefabri.com\\\/#\\\/schema\\\/person\\\/2ab6be5821a7026cd8f16d2a9411e86e\",\"name\":\"admin\",\"image\":{\"@type\":\"ImageObject\",\"inLanguage\":\"fr-FR\",\"@id\":\"https:\\\/\\\/secure.gravatar.com\\\/avatar\\\/dc55d3f4b941a1510eef2620b2c166513788bd88ef72341333b6d0a859bacd3c?s=96&d=mm&r=g\",\"url\":\"https:\\\/\\\/secure.gravatar.com\\\/avatar\\\/dc55d3f4b941a1510eef2620b2c166513788bd88ef72341333b6d0a859bacd3c?s=96&d=mm&r=g\",\"contentUrl\":\"https:\\\/\\\/secure.gravatar.com\\\/avatar\\\/dc55d3f4b941a1510eef2620b2c166513788bd88ef72341333b6d0a859bacd3c?s=96&d=mm&r=g\",\"caption\":\"admin\"},\"sameAs\":[\"https:\\\/\\\/www.europa-prefabri.com\",\"https:\\\/\\\/x.com\\\/@EuropaPrefabri\"]}]}<\/script>\n<!-- \/ Yoast SEO plugin. -->","yoast_head_json":{"title":"Sanitaires portatifs ecologiques: avantages d'utilisation et contribution \u00e0 la protection de l'environnement","description":"Les sanitaires portatifs sont un acteur discrets edt efficace dans la pr\u00e9servation de l'environnement et dans l'am\u00e9lioratiom de la productivit\u00e9 l Prefabri","robots":{"index":"index","follow":"follow","max-snippet":"max-snippet:-1","max-image-preview":"max-image-preview:large","max-video-preview":"max-video-preview:-1"},"canonical":"https:\/\/www.europa-prefabri.com\/fr\/avantages-de-lusage-des-sanitaires-portatifs\/","og_locale":"fr_FR","og_type":"article","og_title":"Sanitaires portatifs ecologiques: avantages d'utilisation et contribution \u00e0 la protection de l'environnement","og_description":"Les sanitaires portatifs sont un acteur discrets edt efficace dans la pr\u00e9servation de l'environnement et dans l'am\u00e9lioratiom de la productivit\u00e9 l Prefabri","og_url":"https:\/\/www.europa-prefabri.com\/fr\/avantages-de-lusage-des-sanitaires-portatifs\/","og_site_name":"Europa Prefabri | Alquiler y venta de construcciones modulares","article_publisher":"https:\/\/www.facebook.com\/Europa-Prefabri-258328977572213\/","article_published_time":"2017-04-12T08:17:17+00:00","article_modified_time":"2025-01-31T11:24:19+00:00","og_image":[{"width":800,"height":600,"url":"https:\/\/www.europa-prefabri.com\/wp-content\/uploads\/sanitarios-para-eventos.jpg","type":"image\/jpeg"}],"author":"admin","twitter_card":"summary_large_image","twitter_creator":"@EuropaPrefabri","twitter_site":"@EuropaPrefabri","twitter_misc":{"Written by":"admin","Est. reading time":"9 minutes"},"schema":{"@context":"https:\/\/schema.org","@graph":[{"@type":"Article","@id":"https:\/\/www.europa-prefabri.com\/fr\/avantages-de-lusage-des-sanitaires-portatifs\/#article","isPartOf":{"@id":"https:\/\/www.europa-prefabri.com\/fr\/avantages-de-lusage-des-sanitaires-portatifs\/"},"author":{"name":"admin","@id":"https:\/\/www.europa-prefabri.com\/#\/schema\/person\/2ab6be5821a7026cd8f16d2a9411e86e"},"headline":"Avantages de l&#8217;usage des sanitaires portatifs","datePublished":"2017-04-12T08:17:17+00:00","dateModified":"2025-01-31T11:24:19+00:00","mainEntityOfPage":{"@id":"https:\/\/www.europa-prefabri.com\/fr\/avantages-de-lusage-des-sanitaires-portatifs\/"},"wordCount":1202,"publisher":{"@id":"https:\/\/www.europa-prefabri.com\/#organization"},"image":{"@id":"https:\/\/www.europa-prefabri.com\/fr\/avantages-de-lusage-des-sanitaires-portatifs\/#primaryimage"},"thumbnailUrl":"https:\/\/www.europa-prefabri.com\/wp-content\/uploads\/sanitarios-para-eventos.jpg","articleSection":["Projets"],"inLanguage":"fr-FR"},{"@type":"WebPage","@id":"https:\/\/www.europa-prefabri.com\/fr\/avantages-de-lusage-des-sanitaires-portatifs\/","url":"https:\/\/www.europa-prefabri.com\/fr\/avantages-de-lusage-des-sanitaires-portatifs\/","name":"Sanitaires portatifs ecologiques: avantages d'utilisation et contribution \u00e0 la protection de l'environnement","isPartOf":{"@id":"https:\/\/www.europa-prefabri.com\/#website"},"primaryImageOfPage":{"@id":"https:\/\/www.europa-prefabri.com\/fr\/avantages-de-lusage-des-sanitaires-portatifs\/#primaryimage"},"image":{"@id":"https:\/\/www.europa-prefabri.com\/fr\/avantages-de-lusage-des-sanitaires-portatifs\/#primaryimage"},"thumbnailUrl":"https:\/\/www.europa-prefabri.com\/wp-content\/uploads\/sanitarios-para-eventos.jpg","datePublished":"2017-04-12T08:17:17+00:00","dateModified":"2025-01-31T11:24:19+00:00","description":"Les sanitaires portatifs sont un acteur discrets edt efficace dans la pr\u00e9servation de l'environnement et dans l'am\u00e9lioratiom de la productivit\u00e9 l Prefabri","breadcrumb":{"@id":"https:\/\/www.europa-prefabri.com\/fr\/avantages-de-lusage-des-sanitaires-portatifs\/#breadcrumb"},"inLanguage":"fr-FR","potentialAction":[{"@type":"ReadAction","target":["https:\/\/www.europa-prefabri.com\/fr\/avantages-de-lusage-des-sanitaires-portatifs\/"]}]},{"@type":"ImageObject","inLanguage":"fr-FR","@id":"https:\/\/www.europa-prefabri.com\/fr\/avantages-de-lusage-des-sanitaires-portatifs\/#primaryimage","url":"https:\/\/www.europa-prefabri.com\/wp-content\/uploads\/sanitarios-para-eventos.jpg","contentUrl":"https:\/\/www.europa-prefabri.com\/wp-content\/uploads\/sanitarios-para-eventos.jpg","width":800,"height":600},{"@type":"BreadcrumbList","@id":"https:\/\/www.europa-prefabri.com\/fr\/avantages-de-lusage-des-sanitaires-portatifs\/#breadcrumb","itemListElement":[{"@type":"ListItem","position":1,"name":"Portada","item":"https:\/\/www.europa-prefabri.com\/fr\/"},{"@type":"ListItem","position":2,"name":"Avantages de l&#8217;usage des sanitaires portatifs"}]},{"@type":"WebSite","@id":"https:\/\/www.europa-prefabri.com\/#website","url":"https:\/\/www.europa-prefabri.com\/","name":"Europa Prefabri | Alquiler y venta de construcciones modulares","description":"Alquiler y venta de construcciones modulares, casetas de obra, marquesinas de aparcamiento y vallas y cerramientos.","publisher":{"@id":"https:\/\/www.europa-prefabri.com\/#organization"},"potentialAction":[{"@type":"SearchAction","target":{"@type":"EntryPoint","urlTemplate":"https:\/\/www.europa-prefabri.com\/?s={search_term_string}"},"query-input":{"@type":"PropertyValueSpecification","valueRequired":true,"valueName":"search_term_string"}}],"inLanguage":"fr-FR"},{"@type":"Organization","@id":"https:\/\/www.europa-prefabri.com\/#organization","name":"Prefabri S.L.","url":"https:\/\/www.europa-prefabri.com\/","logo":{"@type":"ImageObject","inLanguage":"fr-FR","@id":"https:\/\/www.europa-prefabri.com\/#\/schema\/logo\/image\/","url":"https:\/\/www.europa-prefabri.com\/wp-content\/uploads\/EuropaPrefabri-Logo.jpg","contentUrl":"https:\/\/www.europa-prefabri.com\/wp-content\/uploads\/EuropaPrefabri-Logo.jpg","width":752,"height":348,"caption":"Prefabri S.L."},"image":{"@id":"https:\/\/www.europa-prefabri.com\/#\/schema\/logo\/image\/"},"sameAs":["https:\/\/www.facebook.com\/Europa-Prefabri-258328977572213\/","https:\/\/x.com\/EuropaPrefabri","https:\/\/www.instagram.com\/europaprefabri\/","https:\/\/es.linkedin.com\/company\/europa-prefabri","https:\/\/es.pinterest.com\/europaprefabri\/","https:\/\/www.youtube.com\/user\/PrefabriSL"]},{"@type":"Person","@id":"https:\/\/www.europa-prefabri.com\/#\/schema\/person\/2ab6be5821a7026cd8f16d2a9411e86e","name":"admin","image":{"@type":"ImageObject","inLanguage":"fr-FR","@id":"https:\/\/secure.gravatar.com\/avatar\/dc55d3f4b941a1510eef2620b2c166513788bd88ef72341333b6d0a859bacd3c?s=96&d=mm&r=g","url":"https:\/\/secure.gravatar.com\/avatar\/dc55d3f4b941a1510eef2620b2c166513788bd88ef72341333b6d0a859bacd3c?s=96&d=mm&r=g","contentUrl":"https:\/\/secure.gravatar.com\/avatar\/dc55d3f4b941a1510eef2620b2c166513788bd88ef72341333b6d0a859bacd3c?s=96&d=mm&r=g","caption":"admin"},"sameAs":["https:\/\/www.europa-prefabri.com","https:\/\/x.com\/@EuropaPrefabri"]}]}},"_links":{"self":[{"href":"https:\/\/www.europa-prefabri.com\/fr\/wp-json\/wp\/v2\/posts\/15628","targetHints":{"allow":["GET"]}}],"collection":[{"href":"https:\/\/www.europa-prefabri.com\/fr\/wp-json\/wp\/v2\/posts"}],"about":[{"href":"https:\/\/www.europa-prefabri.com\/fr\/wp-json\/wp\/v2\/types\/post"}],"author":[{"embeddable":true,"href":"https:\/\/www.europa-prefabri.com\/fr\/wp-json\/wp\/v2\/users\/4"}],"replies":[{"embeddable":true,"href":"https:\/\/www.europa-prefabri.com\/fr\/wp-json\/wp\/v2\/comments?post=15628"}],"version-history":[{"count":2,"href":"https:\/\/www.europa-prefabri.com\/fr\/wp-json\/wp\/v2\/posts\/15628\/revisions"}],"predecessor-version":[{"id":35805,"href":"https:\/\/www.europa-prefabri.com\/fr\/wp-json\/wp\/v2\/posts\/15628\/revisions\/35805"}],"wp:featuredmedia":[{"embeddable":true,"href":"https:\/\/www.europa-prefabri.com\/fr\/wp-json\/wp\/v2\/media\/13721"}],"wp:attachment":[{"href":"https:\/\/www.europa-prefabri.com\/fr\/wp-json\/wp\/v2\/media?parent=15628"}],"wp:term":[{"taxonomy":"category","embeddable":true,"href":"https:\/\/www.europa-prefabri.com\/fr\/wp-json\/wp\/v2\/categories?post=15628"},{"taxonomy":"post_tag","embeddable":true,"href":"https:\/\/www.europa-prefabri.com\/fr\/wp-json\/wp\/v2\/tags?post=15628"}],"curies":[{"name":"wp","href":"https:\/\/api.w.org\/{rel}","templated":true}]}}