{"id":15110,"date":"2017-03-21T09:10:40","date_gmt":"2017-03-21T09:10:40","guid":{"rendered":"http:\/\/www.europa-prefabri.com\/fr\/?p=15110"},"modified":"2017-05-16T15:32:19","modified_gmt":"2017-05-16T13:32:19","slug":"sanitaires-portatives-pour-evenements","status":"publish","type":"post","link":"https:\/\/www.europa-prefabri.com\/fr\/sanitaires-portatives-pour-evenements\/","title":{"rendered":"Nouvelle gamme de sanitaires portatifs pour des \u00e9v\u00e8nements | Prefabri"},"content":{"rendered":"\n\t\t<style type=\"text\/css\">\n\t\t\t#gallery-1 {\n\t\t\t\tmargin: auto;\n\t\t\t}\n\t\t\t#gallery-1 .gallery-item {\n\t\t\t\tfloat: left;\n\t\t\t\tmargin-top: 10px;\n\t\t\t\ttext-align: center;\n\t\t\t\twidth: 11%;\n\t\t\t}\n\t\t\t#gallery-1 img {\n\t\t\t\tborder: 2px solid #cfcfcf;\n\t\t\t}\n\t\t\t#gallery-1 .gallery-caption {\n\t\t\t\tmargin-left: 0;\n\t\t\t}\n\t\t\t\/* see gallery_shortcode() in wp-includes\/media.php *\/\n\t\t<\/style>\n\t\t<div id='gallery-1' class='gallery galleryid-15110 gallery-columns-9 gallery-size-thumbnail'><dl class='gallery-item'>\n\t\t\t<dt class='gallery-icon landscape'>\n\t\t\t\t<a href='https:\/\/www.europa-prefabri.com\/fr\/sanitaires-portatives-pour-evenements\/2-1-remolque-steel-interior-2\/'><img loading=\"lazy\" decoding=\"async\" width=\"80\" height=\"80\" src=\"https:\/\/www.europa-prefabri.com\/wp-content\/uploads\/2-1-remolque-steel-interior-80x80.jpg\" class=\"attachment-thumbnail size-thumbnail\" alt=\"Nouvelle gamme de sanitaires portatifs pour \u00e9v\u00e8nements | Prefabri\" aria-describedby=\"gallery-1-15028\" srcset=\"https:\/\/www.europa-prefabri.com\/wp-content\/uploads\/2-1-remolque-steel-interior-80x80.jpg 80w, https:\/\/www.europa-prefabri.com\/wp-content\/uploads\/2-1-remolque-steel-interior-36x36.jpg 36w, https:\/\/www.europa-prefabri.com\/wp-content\/uploads\/2-1-remolque-steel-interior-180x180.jpg 180w, https:\/\/www.europa-prefabri.com\/wp-content\/uploads\/2-1-remolque-steel-interior-120x120.jpg 120w, https:\/\/www.europa-prefabri.com\/wp-content\/uploads\/2-1-remolque-steel-interior-450x450.jpg 450w\" sizes=\"auto, (max-width: 80px) 100vw, 80px\" \/><\/a>\n\t\t\t<\/dt>\n\t\t\t\t<dd class='wp-caption-text gallery-caption' id='gallery-1-15028'>\n\t\t\t\tNouvelle gamme de sanitaires portatifs pour \u00e9v\u00e8nements | Prefabri\n\t\t\t\t<\/dd><\/dl><dl class='gallery-item'>\n\t\t\t<dt class='gallery-icon landscape'>\n\t\t\t\t<a href='https:\/\/www.europa-prefabri.com\/fr\/sanitaires-portatives-pour-evenements\/4-remolque-lujo-nueva-york-2\/'><img loading=\"lazy\" decoding=\"async\" width=\"80\" height=\"80\" src=\"https:\/\/www.europa-prefabri.com\/wp-content\/uploads\/4-remolque-lujo-nueva-york-80x80.jpeg\" class=\"attachment-thumbnail size-thumbnail\" alt=\"\" srcset=\"https:\/\/www.europa-prefabri.com\/wp-content\/uploads\/4-remolque-lujo-nueva-york-80x80.jpeg 80w, https:\/\/www.europa-prefabri.com\/wp-content\/uploads\/4-remolque-lujo-nueva-york-36x36.jpeg 36w, https:\/\/www.europa-prefabri.com\/wp-content\/uploads\/4-remolque-lujo-nueva-york-180x180.jpeg 180w, https:\/\/www.europa-prefabri.com\/wp-content\/uploads\/4-remolque-lujo-nueva-york-120x120.jpeg 120w, https:\/\/www.europa-prefabri.com\/wp-content\/uploads\/4-remolque-lujo-nueva-york-450x450.jpeg 450w\" sizes=\"auto, (max-width: 80px) 100vw, 80px\" \/><\/a>\n\t\t\t<\/dt><\/dl><dl class='gallery-item'>\n\t\t\t<dt class='gallery-icon landscape'>\n\t\t\t\t<a href='https:\/\/www.europa-prefabri.com\/fr\/sanitaires-portatives-pour-evenements\/5-1-remolque-montana-2\/'><img loading=\"lazy\" decoding=\"async\" width=\"80\" height=\"80\" src=\"https:\/\/www.europa-prefabri.com\/wp-content\/uploads\/5-1-remolque-montana-80x80.jpg\" class=\"attachment-thumbnail size-thumbnail\" alt=\"\" srcset=\"https:\/\/www.europa-prefabri.com\/wp-content\/uploads\/5-1-remolque-montana-80x80.jpg 80w, https:\/\/www.europa-prefabri.com\/wp-content\/uploads\/5-1-remolque-montana-36x36.jpg 36w, https:\/\/www.europa-prefabri.com\/wp-content\/uploads\/5-1-remolque-montana-180x180.jpg 180w, https:\/\/www.europa-prefabri.com\/wp-content\/uploads\/5-1-remolque-montana-120x120.jpg 120w, https:\/\/www.europa-prefabri.com\/wp-content\/uploads\/5-1-remolque-montana-450x450.jpg 450w\" sizes=\"auto, (max-width: 80px) 100vw, 80px\" \/><\/a>\n\t\t\t<\/dt><\/dl><dl class='gallery-item'>\n\t\t\t<dt class='gallery-icon landscape'>\n\t\t\t\t<a href='https:\/\/www.europa-prefabri.com\/fr\/5-2-remolque-montana-interior\/'><img loading=\"lazy\" decoding=\"async\" width=\"80\" height=\"80\" src=\"https:\/\/www.europa-prefabri.com\/wp-content\/uploads\/5-2-remolque-montana-interior-80x80.jpg\" class=\"attachment-thumbnail size-thumbnail\" alt=\"\" srcset=\"https:\/\/www.europa-prefabri.com\/wp-content\/uploads\/5-2-remolque-montana-interior-80x80.jpg 80w, https:\/\/www.europa-prefabri.com\/wp-content\/uploads\/5-2-remolque-montana-interior-36x36.jpg 36w, https:\/\/www.europa-prefabri.com\/wp-content\/uploads\/5-2-remolque-montana-interior-180x180.jpg 180w, https:\/\/www.europa-prefabri.com\/wp-content\/uploads\/5-2-remolque-montana-interior-120x120.jpg 120w, https:\/\/www.europa-prefabri.com\/wp-content\/uploads\/5-2-remolque-montana-interior-450x450.jpg 450w\" sizes=\"auto, (max-width: 80px) 100vw, 80px\" \/><\/a>\n\t\t\t<\/dt><\/dl><dl class='gallery-item'>\n\t\t\t<dt class='gallery-icon landscape'>\n\t\t\t\t<a href='https:\/\/www.europa-prefabri.com\/fr\/sanitaires-portatives-pour-evenements\/7-mini-remolque-western-2\/'><img loading=\"lazy\" decoding=\"async\" width=\"80\" height=\"80\" src=\"https:\/\/www.europa-prefabri.com\/wp-content\/uploads\/7-mini-remolque-western-80x80.jpg\" class=\"attachment-thumbnail size-thumbnail\" alt=\"\" srcset=\"https:\/\/www.europa-prefabri.com\/wp-content\/uploads\/7-mini-remolque-western-80x80.jpg 80w, https:\/\/www.europa-prefabri.com\/wp-content\/uploads\/7-mini-remolque-western-36x36.jpg 36w, https:\/\/www.europa-prefabri.com\/wp-content\/uploads\/7-mini-remolque-western-180x180.jpg 180w, https:\/\/www.europa-prefabri.com\/wp-content\/uploads\/7-mini-remolque-western-120x120.jpg 120w, https:\/\/www.europa-prefabri.com\/wp-content\/uploads\/7-mini-remolque-western-450x450.jpg 450w\" sizes=\"auto, (max-width: 80px) 100vw, 80px\" \/><\/a>\n\t\t\t<\/dt><\/dl><dl class='gallery-item'>\n\t\t\t<dt class='gallery-icon landscape'>\n\t\t\t\t<a href='https:\/\/www.europa-prefabri.com\/fr\/4-1-remolque-lujo-nueva-york-2\/'><img loading=\"lazy\" decoding=\"async\" width=\"80\" height=\"80\" src=\"https:\/\/www.europa-prefabri.com\/wp-content\/uploads\/4-1-remolque-lujo-nueva-york-2-80x80.jpg\" class=\"attachment-thumbnail size-thumbnail\" alt=\"\" srcset=\"https:\/\/www.europa-prefabri.com\/wp-content\/uploads\/4-1-remolque-lujo-nueva-york-2-80x80.jpg 80w, https:\/\/www.europa-prefabri.com\/wp-content\/uploads\/4-1-remolque-lujo-nueva-york-2-36x36.jpg 36w, https:\/\/www.europa-prefabri.com\/wp-content\/uploads\/4-1-remolque-lujo-nueva-york-2-180x180.jpg 180w, https:\/\/www.europa-prefabri.com\/wp-content\/uploads\/4-1-remolque-lujo-nueva-york-2-120x120.jpg 120w, https:\/\/www.europa-prefabri.com\/wp-content\/uploads\/4-1-remolque-lujo-nueva-york-2-450x450.jpg 450w\" sizes=\"auto, (max-width: 80px) 100vw, 80px\" \/><\/a>\n\t\t\t<\/dt><\/dl><dl class='gallery-item'>\n\t\t\t<dt class='gallery-icon landscape'>\n\t\t\t\t<a href='https:\/\/www.europa-prefabri.com\/fr\/sanitaires-portatives-pour-evenements\/6-cabina-viena-2\/'><img loading=\"lazy\" decoding=\"async\" width=\"80\" height=\"80\" src=\"https:\/\/www.europa-prefabri.com\/wp-content\/uploads\/6-cabina-viena-80x80.jpg\" class=\"attachment-thumbnail size-thumbnail\" alt=\"\" srcset=\"https:\/\/www.europa-prefabri.com\/wp-content\/uploads\/6-cabina-viena-80x80.jpg 80w, https:\/\/www.europa-prefabri.com\/wp-content\/uploads\/6-cabina-viena-36x36.jpg 36w, https:\/\/www.europa-prefabri.com\/wp-content\/uploads\/6-cabina-viena-180x180.jpg 180w, https:\/\/www.europa-prefabri.com\/wp-content\/uploads\/6-cabina-viena-120x120.jpg 120w, https:\/\/www.europa-prefabri.com\/wp-content\/uploads\/6-cabina-viena-450x450.jpg 450w\" sizes=\"auto, (max-width: 80px) 100vw, 80px\" \/><\/a>\n\t\t\t<\/dt><\/dl><dl class='gallery-item'>\n\t\t\t<dt class='gallery-icon landscape'>\n\t\t\t\t<a href='https:\/\/www.europa-prefabri.com\/fr\/sanitaires-portatives-pour-evenements\/8-cabina-yellostone-2\/'><img loading=\"lazy\" decoding=\"async\" width=\"80\" height=\"80\" src=\"https:\/\/www.europa-prefabri.com\/wp-content\/uploads\/8-cabina-yellostone-80x80.jpg\" class=\"attachment-thumbnail size-thumbnail\" alt=\"\" srcset=\"https:\/\/www.europa-prefabri.com\/wp-content\/uploads\/8-cabina-yellostone-80x80.jpg 80w, https:\/\/www.europa-prefabri.com\/wp-content\/uploads\/8-cabina-yellostone-36x36.jpg 36w, https:\/\/www.europa-prefabri.com\/wp-content\/uploads\/8-cabina-yellostone-180x180.jpg 180w, https:\/\/www.europa-prefabri.com\/wp-content\/uploads\/8-cabina-yellostone-120x120.jpg 120w, https:\/\/www.europa-prefabri.com\/wp-content\/uploads\/8-cabina-yellostone-450x450.jpg 450w\" sizes=\"auto, (max-width: 80px) 100vw, 80px\" \/><\/a>\n\t\t\t<\/dt><\/dl><dl class='gallery-item'>\n\t\t\t<dt class='gallery-icon landscape'>\n\t\t\t\t<a href='https:\/\/www.europa-prefabri.com\/fr\/sanitaires-portatives-pour-evenements\/9-cabina-adaptada-prefabri-2\/'><img loading=\"lazy\" decoding=\"async\" width=\"80\" height=\"80\" src=\"https:\/\/www.europa-prefabri.com\/wp-content\/uploads\/9-cabina-adaptada-prefabri-80x80.jpg\" class=\"attachment-thumbnail size-thumbnail\" alt=\"\" srcset=\"https:\/\/www.europa-prefabri.com\/wp-content\/uploads\/9-cabina-adaptada-prefabri-80x80.jpg 80w, https:\/\/www.europa-prefabri.com\/wp-content\/uploads\/9-cabina-adaptada-prefabri-36x36.jpg 36w, https:\/\/www.europa-prefabri.com\/wp-content\/uploads\/9-cabina-adaptada-prefabri-180x180.jpg 180w, https:\/\/www.europa-prefabri.com\/wp-content\/uploads\/9-cabina-adaptada-prefabri-120x120.jpg 120w, https:\/\/www.europa-prefabri.com\/wp-content\/uploads\/9-cabina-adaptada-prefabri-450x450.jpg 450w\" sizes=\"auto, (max-width: 80px) 100vw, 80px\" \/><\/a>\n\t\t\t<\/dt><\/dl><br style=\"clear: both\" \/><dl class='gallery-item'>\n\t\t\t<dt class='gallery-icon landscape'>\n\t\t\t\t<a href='https:\/\/www.europa-prefabri.com\/fr\/sanitaires-portatives-pour-evenements\/10-cabina-autonoma-prefabri-2\/'><img loading=\"lazy\" decoding=\"async\" width=\"80\" height=\"80\" src=\"https:\/\/www.europa-prefabri.com\/wp-content\/uploads\/10-cabina-autonoma-prefabri-80x80.jpg\" class=\"attachment-thumbnail size-thumbnail\" alt=\"\" srcset=\"https:\/\/www.europa-prefabri.com\/wp-content\/uploads\/10-cabina-autonoma-prefabri-80x80.jpg 80w, https:\/\/www.europa-prefabri.com\/wp-content\/uploads\/10-cabina-autonoma-prefabri-36x36.jpg 36w, https:\/\/www.europa-prefabri.com\/wp-content\/uploads\/10-cabina-autonoma-prefabri-180x180.jpg 180w, https:\/\/www.europa-prefabri.com\/wp-content\/uploads\/10-cabina-autonoma-prefabri-120x120.jpg 120w, https:\/\/www.europa-prefabri.com\/wp-content\/uploads\/10-cabina-autonoma-prefabri-450x450.jpg 450w\" sizes=\"auto, (max-width: 80px) 100vw, 80px\" \/><\/a>\n\t\t\t<\/dt><\/dl><dl class='gallery-item'>\n\t\t\t<dt class='gallery-icon landscape'>\n\t\t\t\t<a href='https:\/\/www.europa-prefabri.com\/fr\/sanitaires-portatives-pour-evenements\/11-cabina-prefabri-green-2\/'><img loading=\"lazy\" decoding=\"async\" width=\"80\" height=\"80\" src=\"https:\/\/www.europa-prefabri.com\/wp-content\/uploads\/11-cabina-prefabri-green-80x80.jpg\" class=\"attachment-thumbnail size-thumbnail\" alt=\"\" srcset=\"https:\/\/www.europa-prefabri.com\/wp-content\/uploads\/11-cabina-prefabri-green-80x80.jpg 80w, https:\/\/www.europa-prefabri.com\/wp-content\/uploads\/11-cabina-prefabri-green-36x36.jpg 36w, https:\/\/www.europa-prefabri.com\/wp-content\/uploads\/11-cabina-prefabri-green-180x180.jpg 180w, https:\/\/www.europa-prefabri.com\/wp-content\/uploads\/11-cabina-prefabri-green-120x120.jpg 120w, https:\/\/www.europa-prefabri.com\/wp-content\/uploads\/11-cabina-prefabri-green-450x450.jpg 450w\" sizes=\"auto, (max-width: 80px) 100vw, 80px\" \/><\/a>\n\t\t\t<\/dt><\/dl><dl class='gallery-item'>\n\t\t\t<dt class='gallery-icon landscape'>\n\t\t\t\t<a href='https:\/\/www.europa-prefabri.com\/fr\/1-remolque-lujo-arizona\/'><img loading=\"lazy\" decoding=\"async\" width=\"80\" height=\"80\" src=\"https:\/\/www.europa-prefabri.com\/wp-content\/uploads\/1-remolque-lujo-arizona-80x80.jpg\" class=\"attachment-thumbnail size-thumbnail\" alt=\"\" srcset=\"https:\/\/www.europa-prefabri.com\/wp-content\/uploads\/1-remolque-lujo-arizona-80x80.jpg 80w, https:\/\/www.europa-prefabri.com\/wp-content\/uploads\/1-remolque-lujo-arizona-36x36.jpg 36w, https:\/\/www.europa-prefabri.com\/wp-content\/uploads\/1-remolque-lujo-arizona-180x180.jpg 180w, https:\/\/www.europa-prefabri.com\/wp-content\/uploads\/1-remolque-lujo-arizona-120x120.jpg 120w, https:\/\/www.europa-prefabri.com\/wp-content\/uploads\/1-remolque-lujo-arizona-450x450.jpg 450w\" sizes=\"auto, (max-width: 80px) 100vw, 80px\" \/><\/a>\n\t\t\t<\/dt><\/dl><dl class='gallery-item'>\n\t\t\t<dt class='gallery-icon landscape'>\n\t\t\t\t<a href='https:\/\/www.europa-prefabri.com\/fr\/sanitaires-portatives-pour-evenements\/1-1-remolque-lujo-arizona-interior-2\/'><img loading=\"lazy\" decoding=\"async\" width=\"80\" height=\"80\" src=\"https:\/\/www.europa-prefabri.com\/wp-content\/uploads\/1-1-remolque-lujo-arizona-interior-80x80.jpg\" class=\"attachment-thumbnail size-thumbnail\" alt=\"\" srcset=\"https:\/\/www.europa-prefabri.com\/wp-content\/uploads\/1-1-remolque-lujo-arizona-interior-80x80.jpg 80w, https:\/\/www.europa-prefabri.com\/wp-content\/uploads\/1-1-remolque-lujo-arizona-interior-36x36.jpg 36w, https:\/\/www.europa-prefabri.com\/wp-content\/uploads\/1-1-remolque-lujo-arizona-interior-180x180.jpg 180w, https:\/\/www.europa-prefabri.com\/wp-content\/uploads\/1-1-remolque-lujo-arizona-interior-120x120.jpg 120w, https:\/\/www.europa-prefabri.com\/wp-content\/uploads\/1-1-remolque-lujo-arizona-interior-450x450.jpg 450w\" sizes=\"auto, (max-width: 80px) 100vw, 80px\" \/><\/a>\n\t\t\t<\/dt><\/dl><dl class='gallery-item'>\n\t\t\t<dt class='gallery-icon landscape'>\n\t\t\t\t<a href='https:\/\/www.europa-prefabri.com\/fr\/2-remolque-steel\/'><img loading=\"lazy\" decoding=\"async\" width=\"80\" height=\"80\" src=\"https:\/\/www.europa-prefabri.com\/wp-content\/uploads\/2-remolque-steel-80x80.jpg\" class=\"attachment-thumbnail size-thumbnail\" alt=\"\" srcset=\"https:\/\/www.europa-prefabri.com\/wp-content\/uploads\/2-remolque-steel-80x80.jpg 80w, https:\/\/www.europa-prefabri.com\/wp-content\/uploads\/2-remolque-steel-36x36.jpg 36w, https:\/\/www.europa-prefabri.com\/wp-content\/uploads\/2-remolque-steel-180x180.jpg 180w, https:\/\/www.europa-prefabri.com\/wp-content\/uploads\/2-remolque-steel-120x120.jpg 120w, https:\/\/www.europa-prefabri.com\/wp-content\/uploads\/2-remolque-steel-450x450.jpg 450w\" sizes=\"auto, (max-width: 80px) 100vw, 80px\" \/><\/a>\n\t\t\t<\/dt><\/dl>\n\t\t\t<br style='clear: both' \/>\n\t\t<\/div>\n\n<p style=\"text-align: justify;\">A l&#8217;appprohe du bon temps , \u00a0le printemps est d\u00e9j\u00e1 arriv\u00e9 et Prefabri a compl\u00e9t\u00e9 son catalogue pour la saison avec sa\u00a0nouvelle gamme de sanitaires portatifs pour des <a href=\"\/?p=14339\">\u00e9v\u00e8nements<\/a>.<\/p>\n<h2 style=\"text-align: center;\">REMORQUES DE SANITAIRES DE LUXE ARIZONA<\/h2>\n<p style=\"text-align: justify;\"><img loading=\"lazy\" decoding=\"async\" class=\"alignnone size-full wp-image-15018\" src=\"https:\/\/www.europa-prefabri.com\/wp-content\/uploads\/1-1-remolque-lujo-arizona-interior.jpg\" alt=\"\" width=\"800\" height=\"600\" srcset=\"https:\/\/www.europa-prefabri.com\/wp-content\/uploads\/1-1-remolque-lujo-arizona-interior.jpg 800w, https:\/\/www.europa-prefabri.com\/wp-content\/uploads\/1-1-remolque-lujo-arizona-interior-300x225.jpg 300w, https:\/\/www.europa-prefabri.com\/wp-content\/uploads\/1-1-remolque-lujo-arizona-interior-768x576.jpg 768w, https:\/\/www.europa-prefabri.com\/wp-content\/uploads\/1-1-remolque-lujo-arizona-interior-705x529.jpg 705w, https:\/\/www.europa-prefabri.com\/wp-content\/uploads\/1-1-remolque-lujo-arizona-interior-450x338.jpg 450w\" sizes=\"auto, (max-width: 800px) 100vw, 800px\" \/><\/p>\n<ul style=\"text-align: justify;\">\n<li>La peinture ext\u00e9rieure est\u00a0de couleur bois et l&#8217;int\u00e9rieur est laqu\u00e9 \u00a0en blanc et noir.<\/li>\n<\/ul>\n<ul style=\"text-align: justify;\">\n<li>Les lavabos, WCs et\u00a0urinoires sont fait en porcelaine blanc et les robinets, corbeilles et les portes papiers sont chrom\u00e9s est\u00e1n. Aussi, les toilettes disposent de l&#8217;aire conditionn\u00e9 dans les deux compartiments et un fond musical, ainsi qu&#8217;un s\u00e8che main \u00e9lectrique.<\/li>\n<\/ul>\n<ul style=\"text-align: justify;\">\n<li>La remorque sanitaire de luxe Arizona est divis\u00e9e \u00a0en \u00a0deux zones \u00a0parfaitement indiqu\u00e9es:\n<ul>\n<li>Une zone pour les femmes compos\u00e9e de 2 lavabo et\u00a03 WC<\/li>\n<li>\u00a0et une pour les \u00a0hommes \u00a0\u00a0de caballeros compos\u00e9e de\u00a03 urinoires, 1 WC et\u00a02 lavabos.<\/li>\n<\/ul>\n<\/li>\n<\/ul>\n<ul style=\"text-align: justify;\">\n<li>Un technicien de surface se chargera \u00a0de l&#8217;entretien pour que tout soit en parfait \u00e9tat et \u00a0fonctionnel durant toute la dur\u00e9e de l&#8217;\u00e9v\u00e8nement. Une alimentation \u00e9lectrique monophas\u00e9 de 16 amp\u00e8res et un point d&#8217;eau proche\u00a0seront suffisants pour \u00a0l&#8217;installation des salles de bain.<\/li>\n<\/ul>\n<ul style=\"text-align: justify;\">\n<li>Dimensions: Remorque de 600 cm de longueur\u00a0x 230 de largueur\u00a0x 320 cm d&#8217;hauteur. De plus, une fois install\u00e9, il serait pr\u00e9f\u00e9rable de laisser au moins un m\u00e8tre sur la partie avant pour pouvoir installer les escaliers ad\u00e9quatement.<\/li>\n<\/ul>\n<ul style=\"text-align: justify;\">\n<li>Les Remorques de sanitaires\u00a0de luxe Arizona sont id\u00e9ales pour\u00a0la realisation d&#8217;\u00e9v\u00e8nements \u00e0 l&#8217;ext\u00e9rieur, si les dimensions des points d&#8217;acc\u00e8s le permettent,\u00a0 aussi il y a la possibilit\u00e9 de les install\u00e9s \u00a0\u00e0 l&#8217;int\u00e9rieur.<\/li>\n<\/ul>\n<h2 style=\"text-align: center;\">REMORQUES SANITAIORES DE LUXE \u00a0PLATINUM<\/h2>\n<p style=\"text-align: justify;\"><img loading=\"lazy\" decoding=\"async\" class=\"alignnone size-full wp-image-15026\" src=\"https:\/\/www.europa-prefabri.com\/wp-content\/uploads\/2-1-remolque-steel-interior.jpg\" alt=\"\" width=\"800\" height=\"600\" srcset=\"https:\/\/www.europa-prefabri.com\/wp-content\/uploads\/2-1-remolque-steel-interior.jpg 800w, https:\/\/www.europa-prefabri.com\/wp-content\/uploads\/2-1-remolque-steel-interior-300x225.jpg 300w, https:\/\/www.europa-prefabri.com\/wp-content\/uploads\/2-1-remolque-steel-interior-768x576.jpg 768w, https:\/\/www.europa-prefabri.com\/wp-content\/uploads\/2-1-remolque-steel-interior-705x529.jpg 705w, https:\/\/www.europa-prefabri.com\/wp-content\/uploads\/2-1-remolque-steel-interior-450x338.jpg 450w\" sizes=\"auto, (max-width: 800px) 100vw, 800px\" \/><\/p>\n<ul style=\"text-align: justify;\">\n<li>La remorque sanitaire de luxe\u00a0Platinum poss\u00e8de une finition ext\u00e9rieur de couleur bois et l&#8217;int\u00e9rieur est compl\u00e9tement en bois gris et laqu\u00e9 en blanc.<\/li>\n<\/ul>\n<ul style=\"text-align: justify;\">\n<li>Les lavabos sont\u00a0en cristal et\u00a0les WC et\u00a0urinoires\u00a0sont en porcelaine\u00a0blanc. De plus, les robinets, poubelles et porte-papier sont chrom\u00e9s. Les deux compartiments sont equip\u00e9s d&#8217;air conditionn\u00e9. Aussi, ils disposent \u00a0d&#8217;un fond \u00a0musical et d&#8217;un s\u00e8che main \u00e9lectrique.<\/li>\n<\/ul>\n<ul style=\"text-align: justify;\">\n<li>La remorque de sanitaire de luxe\u00a0Platinum est divis\u00e9 en deux zones parfaitement indiqu\u00e9esse:\n<ul>\n<li>Une pour les femmes qui est compos\u00e9\u00a0 de 2 lavabos et de\u00a03 WC<\/li>\n<li>\u00a0et une pour les hommes compos\u00e9e de\u00a0 3 urinoires, 1 WC et\u00a02 lavabos.<\/li>\n<\/ul>\n<\/li>\n<\/ul>\n<ul style=\"text-align: justify;\">\n<li>Un technicien de surface se chargera de l&#8217;entretien et du nettoyage des wc durant l&#8217;\u00e9v\u00e8nement.<\/li>\n<\/ul>\n<ul style=\"text-align: justify;\">\n<li>La remorque de sanitaire de luxe est totalement \u00a0autonome, \u00a0il suffit seulement d&#8217;une prise de courant de 16 amp\u00e8res pour son fonctionnement (\u00e0 la charge du client)\u00a0et d&#8217;un point d&#8217;eau pour le emplissage des cuves dans \u00a0n&#8217;importe quel lieu de l&#8217;enceinte (\u00e0 la charge du client).<\/li>\n<\/ul>\n<ul style=\"text-align: justify;\">\n<li>Dimensions: Remorque de 600 cm de longueur\u00a0 x 230 de largeur \u00a0x 320 cm d&#8217;hauteur. De plus, une fois install\u00e9, il serait utile de laisser au moins un m\u00e8tre sur la partie frontale pour pouvoir installer ad\u00e9quatement les escaliers.<\/li>\n<\/ul>\n<h2 style=\"text-align: center;\">REMORQUES SANITAIRES DE LUXE PARIS<\/h2>\n<p style=\"text-align: justify;\"><img loading=\"lazy\" decoding=\"async\" class=\"alignnone size-full wp-image-14970\" src=\"http:\/\/www.europa-prefabri.com\/wp-content\/uploads\/3-remolque-lujo-paris.jpg\" alt=\"\" width=\"800\" height=\"600\" \/><\/p>\n<ul style=\"text-align: justify;\">\n<li>La remorque de sanitaire de luxe\u00a0Paris poss\u00e8de une finition ext\u00e9rieur de\u00a0couleur blanche et\u00a0l&#8217;int\u00e9rieures est tolalement en bois de couleur blanche,\u00a0pin et\u00a0gris.<\/li>\n<\/ul>\n<ul style=\"text-align: justify;\">\n<li>Les lavabos, les WC et\u00a0les urinoires sont en\u00a0porcelaine blanc. \u00c9galement, les robints, poubelles et portes-papier sosnt chrom\u00e9s. Les deux compartiments \u00a0sont \u00e9quip\u00e9s d&#8217;air conditionn\u00e9. \u00a0De plus, ils disposent d&#8217;un fond musical et d&#8217;un s\u00e9choir pour les mains \u00e9lectrique.<\/li>\n<\/ul>\n<ul style=\"text-align: justify;\">\n<li>La remorque de sanitaire de luxe\u00a0Platinum est divis\u00e9e en \u00a0deux zones parfaitment indiqu\u00e9es:\n<ul>\n<li>Une zone pour les femmes \u00a0compos\u00e9e\u00a0de 2 lavabos, \u00a04 WC et d&#8217;une table \u00e0 langerpour b\u00e9b\u00e9s<\/li>\n<li>et une zone pour les hommes compos\u00e9es\u00a0de\u00a03 urinoires, 2\u00a0WC etde\u00a02 lavabos.<\/li>\n<\/ul>\n<\/li>\n<\/ul>\n<ul style=\"text-align: justify;\">\n<li>Un technicien de surface se chargera de l&#8217;entretien et du nettoyage des wc durant l&#8217;\u00e9v\u00e8nement.\u00a0Une alimentation \u00e9lectrique monophas\u00e9 de 16 amp\u00e8res et un point d&#8217;eau proche\u00a0seront suffisants pour \u00a0l&#8217;installation des salles de bain.<\/li>\n<\/ul>\n<ul style=\"text-align: justify;\">\n<li>Il ne n\u00e9cessite pas de connexion, \u00a0il dispose de r\u00e9servoir d&#8217;eau dans la m\u00eame remorque.<\/li>\n<\/ul>\n<ul style=\"text-align: justify;\">\n<li>Dimensions: Remorque: 680 cm de long\u00a0x 250 de largeur\u00a0x 340 cm de haut (une fois install\u00e9, \u00a0laissez un m\u00e8tre frontal pour mettre les escaliers).<\/li>\n<\/ul>\n<h2 style=\"text-align: center;\">REMORQUES SANITAIRES DE LUXE NEW YORK<\/h2>\n<p style=\"text-align: justify;\"><img loading=\"lazy\" decoding=\"async\" class=\"alignnone size-full wp-image-14974\" src=\"https:\/\/www.europa-prefabri.com\/wp-content\/uploads\/4-remolque-lujo-nueva-york.jpeg\" alt=\"\" width=\"800\" height=\"600\" srcset=\"https:\/\/www.europa-prefabri.com\/wp-content\/uploads\/4-remolque-lujo-nueva-york.jpeg 800w, https:\/\/www.europa-prefabri.com\/wp-content\/uploads\/4-remolque-lujo-nueva-york-300x225.jpeg 300w, https:\/\/www.europa-prefabri.com\/wp-content\/uploads\/4-remolque-lujo-nueva-york-768x576.jpeg 768w, https:\/\/www.europa-prefabri.com\/wp-content\/uploads\/4-remolque-lujo-nueva-york-705x529.jpeg 705w, https:\/\/www.europa-prefabri.com\/wp-content\/uploads\/4-remolque-lujo-nueva-york-450x338.jpeg 450w\" sizes=\"auto, (max-width: 800px) 100vw, 800px\" \/><\/p>\n<ul style=\"text-align: justify;\">\n<li>La remorque sanitaire\u00a0de luxe New\u00a0York poss\u00e8de une finiton\u00a0ext\u00e9rieur de couleur blanche et l&#8217;int\u00e9rieur est totalement de couloir noire et laqu\u00e9 en blanc.<\/li>\n<\/ul>\n<ul style=\"text-align: justify;\">\n<li>Les lavabos, les WC et\u00a0les urinoires sont en\u00a0porcelaine de style anglais. De plus, les robinets, poubelles et les \u00a0portes-papiers sont chrom\u00e9s.\u00a0Les deux compartiments sont \u00e9quip\u00e9s d&#8217;air conitionn\u00e9.\u00a0De plus, ils disposent d&#8217;un fon musical et d&#8217;un s\u00e8che-main \u00e9lectrique.<\/li>\n<\/ul>\n<ul style=\"text-align: justify;\">\n<li>La remorque sanitaire\u00a0de luxe New\u00a0York est divis\u00e9e en deux zones parfaitement indiqu\u00e9es:\n<ul>\n<li>Une zone pour les femmes compos\u00e9e\u00a0de 2 lavabos et\u00a0WC.<\/li>\n<li>et une zone pour les hommes compos\u00e9e de 3 urinoires, 1 WC y 2 lavabos.<\/li>\n<\/ul>\n<\/li>\n<\/ul>\n<ul style=\"text-align: justify;\">\n<li>Un technicien de surface se chargera \u00a0de l&#8217;entretien pour que tout soit en parfait \u00e9tat et fonctionnel durant toute la dur\u00e9e de l&#8217;\u00e9v\u00e8nement. Une\u00a0alimentation \u00e9lectrique monophas\u00e9 de 16 amp\u00e8res et un point d&#8217;eau proche\u00a0seront suffisants pour \u00a0l&#8217;installation des salles de bain.<\/li>\n<\/ul>\n<ul style=\"text-align: justify;\">\n<li>Il ne n\u00e9cessite pas de connexion, \u00a0il dispose de r\u00e9servoir d&#8217;eau dans la m\u00eame remorque.<\/li>\n<\/ul>\n<ul style=\"text-align: justify;\">\n<li>Dimensions: remorque de 600 cm de long \u00a0x 230 de largueur\u00a0x 320 cm de hauteur \u00a0(une fois install\u00e9, laisser un m\u00e8tre devant pour installer les \u00a0escaliers).<\/li>\n<\/ul>\n<h2 style=\"text-align: center;\">REMORQUES SANITAIRES MONTANA<\/h2>\n<p style=\"text-align: justify;\"><img loading=\"lazy\" decoding=\"async\" class=\"alignnone size-full wp-image-14982\" src=\"https:\/\/www.europa-prefabri.com\/wp-content\/uploads\/5-1-remolque-montana.jpg\" alt=\"\" width=\"800\" height=\"600\" srcset=\"https:\/\/www.europa-prefabri.com\/wp-content\/uploads\/5-1-remolque-montana.jpg 800w, https:\/\/www.europa-prefabri.com\/wp-content\/uploads\/5-1-remolque-montana-300x225.jpg 300w, https:\/\/www.europa-prefabri.com\/wp-content\/uploads\/5-1-remolque-montana-768x576.jpg 768w, https:\/\/www.europa-prefabri.com\/wp-content\/uploads\/5-1-remolque-montana-705x529.jpg 705w, https:\/\/www.europa-prefabri.com\/wp-content\/uploads\/5-1-remolque-montana-450x338.jpg 450w\" sizes=\"auto, (max-width: 800px) 100vw, 800px\" \/><\/p>\n<ul style=\"text-align: justify;\">\n<li>La remorque de sanitaire de luxe Montana\u00a0poss\u00e8de une finition ext\u00e9rieur et int\u00e9rieur en couleur wengu\u00e9.<\/li>\n<\/ul>\n<ul style=\"text-align: justify;\">\n<li>Les lavbos, les WC et\u00a0les urinoires sont en porcelaine blanc. R\u00e9servoir du\u00a0WC en pvc gris recouvert\u00a0de bois\u00a0wengu\u00e9. Dispose d&#8217;une lumi\u00e8re int\u00e9rieure et d&#8217;un fond musical.\u00a0Ne dispose pas d&#8217;air conditiomn\u00e9.<\/li>\n<\/ul>\n<ul style=\"text-align: justify;\">\n<li>La remorque de sanitaire de luxe\u00a0Montana est divis\u00e9e en deux zones parfaitement indiqu\u00e9es:\n<ul>\n<li>Une zone pour les femmes compos\u00e9e\u00a0de 2 lavabos et\u00a0WC.<\/li>\n<li>et une zone pour les hommes compos\u00e9e de 3 urinoires, 1 WC y 2 lavabos.<\/li>\n<\/ul>\n<\/li>\n<\/ul>\n<ul style=\"text-align: justify;\">\n<li>\u00a0Par sa taille, elle a une capacit\u00e9 d&#8217;accueil jusqu&#8217;\u00e0\u00a0250 personnes pour des \u00e9v\u00e8nements \u00a0d&#8217;une dur\u00e9e journali\u00e8re de 10h.<\/li>\n<\/ul>\n<ul style=\"text-align: justify;\">\n<li>Il ne n\u00e9cessite pas de connexion, \u00a0il dispose de r\u00e9servoir d&#8217;eau dans la m\u00eame remorque.<\/li>\n<\/ul>\n<h2 style=\"text-align: center;\">CABINES SANITAIRES ET\u00a0LAVABOS\u00a0VIENNE<\/h2>\n<p style=\"text-align: justify;\"><img loading=\"lazy\" decoding=\"async\" class=\"alignnone size-full wp-image-14990\" src=\"https:\/\/www.europa-prefabri.com\/wp-content\/uploads\/6-cabina-viena.jpg\" alt=\"\" width=\"800\" height=\"600\" srcset=\"https:\/\/www.europa-prefabri.com\/wp-content\/uploads\/6-cabina-viena.jpg 800w, https:\/\/www.europa-prefabri.com\/wp-content\/uploads\/6-cabina-viena-300x225.jpg 300w, https:\/\/www.europa-prefabri.com\/wp-content\/uploads\/6-cabina-viena-768x576.jpg 768w, https:\/\/www.europa-prefabri.com\/wp-content\/uploads\/6-cabina-viena-705x529.jpg 705w, https:\/\/www.europa-prefabri.com\/wp-content\/uploads\/6-cabina-viena-450x338.jpg 450w\" sizes=\"auto, (max-width: 800px) 100vw, 800px\" \/><\/p>\n<ul style=\"text-align: justify;\">\n<li>Les cabines et\u00a0lavabos Vienne, sont des modules sanitaires ind\u00e9pendants\u00a0de finition\u00a0en bois trait\u00e9 \u00a0aussi bien \u00a0\u00e0 l&#8217;int\u00e9rieur qu&#8217;\u00e0 l&#8217;ext\u00e9rieur. Elles sont \u00e9galements compos\u00e9s d&#8217;un toit translucide, un trou d&#8217;a\u00e9ration, ses pieds sont r\u00e9glables et elles\u00a0poss\u00e8dent une illumination int\u00e9rieur (qui n\u00e9cessite une prise de courant \u00a0\u00e9letrique \u00e0 la charge du \u00a0client) .<\/li>\n<\/ul>\n<ul style=\"text-align: justify;\">\n<li>Par sa taille et sa\u00a0forme, autant de modules que n\u00e9ccessaires peuvent \u00eatre adoss\u00e9s dans \u00a0le lieu pr\u00e9vu \u00e0 son emplacement.<\/li>\n<\/ul>\n<ul style=\"text-align: justify;\">\n<li>Les cabines sanitaires Vienne sont compos\u00e9es d&#8217;un WC avec un interrupeur de pie, une\u00a0poubelle, un distributeur\u00a0de papier et d&#8217;un crochet.<\/li>\n<\/ul>\n<ul style=\"text-align: justify;\">\n<li>Les lavabos Vienne\u00a0sont compos\u00e9s de lavabos en porcelaine, un distributeur de papier et de savon, une poubell int\u00e9gr\u00e9e ete un grand miroir.<\/li>\n<\/ul>\n<ul style=\"text-align: justify;\">\n<li>Les dimensions\u00a0ext\u00e9rieures des lavabos sont de 222 x 95 x 120 cm.<\/li>\n<\/ul>\n<ul style=\"text-align: justify;\">\n<li>Les dimensions\u00a0ext\u00e9rieures des \u00a0WCs sont de 222 x 98 x 116 cm.<\/li>\n<\/ul>\n<h2 style=\"text-align: center;\">MINI-REMORQUES DE SANITAIRES WESTERN<\/h2>\n<p style=\"text-align: justify;\"><img loading=\"lazy\" decoding=\"async\" class=\"alignnone size-full wp-image-14994\" src=\"https:\/\/www.europa-prefabri.com\/wp-content\/uploads\/7-mini-remolque-western.jpg\" alt=\"\" width=\"800\" height=\"600\" srcset=\"https:\/\/www.europa-prefabri.com\/wp-content\/uploads\/7-mini-remolque-western.jpg 800w, https:\/\/www.europa-prefabri.com\/wp-content\/uploads\/7-mini-remolque-western-300x225.jpg 300w, https:\/\/www.europa-prefabri.com\/wp-content\/uploads\/7-mini-remolque-western-768x576.jpg 768w, https:\/\/www.europa-prefabri.com\/wp-content\/uploads\/7-mini-remolque-western-705x529.jpg 705w, https:\/\/www.europa-prefabri.com\/wp-content\/uploads\/7-mini-remolque-western-450x338.jpg 450w\" sizes=\"auto, (max-width: 800px) 100vw, 800px\" \/><\/p>\n<ul style=\"text-align: justify;\">\n<li>La\u00a0mini remorque de sanitaire\u00a0Western est compos\u00e9e de 3 cabines de sanitaire\u00a0ind\u00e9pendantes d&#8217;usage mixte. Tant les finitions int\u00e9rieurs que les ext\u00e9rieurs sont en \u00a0bois et poss\u00e8de une lumi\u00e8re int\u00e9rieure (necessite\u00a0prise\u00a0de courant\u00a0de 16 amp\u00e8res \u00e0 la charge du cliente).<\/li>\n<\/ul>\n<ul style=\"text-align: justify;\">\n<li>Les cabines sanitaires sont dot\u00e9es d&#8217;un WC, un lavabos, un miroir, un portarrollos, papier s\u00e8che-main, un porte-savon\u00a0et \u00a0une\u00a0poubelle.<\/li>\n<\/ul>\n<ul style=\"text-align: justify;\">\n<li>La\u00a0mini remorque es compl\u00e8tement autonome et a une capacit\u00e9 pour\u00a0250 personnes journalier.<\/li>\n<\/ul>\n<ul style=\"text-align: justify;\">\n<li>Dimensions: 290 x 10 x 300 cm. De plus, la cabine\u00a0poss\u00e8de un acc\u00e8s \u00e0 l&#8217;aide d&#8217;escaliers,\u00a0qui n\u00e9cessitent un m\u00e8tre d&#8217;espace \u00a0frontal\u00a0\u00a0pour leurs installations.<\/li>\n<\/ul>\n<h2 style=\"text-align: center;\">CABINES SANITAIRES YELLOWSTONE<\/h2>\n<p style=\"text-align: justify;\"><img loading=\"lazy\" decoding=\"async\" class=\"alignnone size-full wp-image-14998\" src=\"https:\/\/www.europa-prefabri.com\/wp-content\/uploads\/8-cabina-yellostone.jpg\" alt=\"\" width=\"800\" height=\"600\" srcset=\"https:\/\/www.europa-prefabri.com\/wp-content\/uploads\/8-cabina-yellostone.jpg 800w, https:\/\/www.europa-prefabri.com\/wp-content\/uploads\/8-cabina-yellostone-300x225.jpg 300w, https:\/\/www.europa-prefabri.com\/wp-content\/uploads\/8-cabina-yellostone-768x576.jpg 768w, https:\/\/www.europa-prefabri.com\/wp-content\/uploads\/8-cabina-yellostone-705x529.jpg 705w, https:\/\/www.europa-prefabri.com\/wp-content\/uploads\/8-cabina-yellostone-450x338.jpg 450w\" sizes=\"auto, (max-width: 800px) 100vw, 800px\" \/><\/p>\n<ul style=\"text-align: justify;\">\n<li>La cabine sanitaire Yellowstone est con\u00e7ue pour laisser une bonne impression \u00a0aux participants de votre \u00e9vv\u00e8nement et st id\u00e9al pour les presentations, f\u00eates \u00a0priv\u00e9es, inaugurations&#8230;<\/li>\n<\/ul>\n<ul style=\"text-align: justify;\">\n<li>Est fabriqu\u00e9e en poly\u00e9thym\u00e8le \u00a0et les finitons int\u00e9rieures et ext\u00e9rieures sont de bois, avec\u00a0une combinaison de couleur gris et acajou, elle poss\u00e8de une entr\u00e9e de lumi\u00e8re naturelle gr\u00e2ce \u00e0 un toit translucide ou une lumi\u00e8re\u00a0 int\u00e9rieure \u00e0 l&#8217;aide d&#8217;applique avec une connection au r\u00e9seau \u00e9lectrique de 16 amp\u00e8res..<\/li>\n<\/ul>\n<ul style=\"text-align: justify;\">\n<li>La cabine sanitaire est dot\u00e9e d&#8217;un miroir\u00a0de grande taille, porte-savon, poubelle \u00a0et\u00a0lavabos avec pompe \u00e0 pied. Poss\u00e8de une fermeture int\u00e9rieure manuelle et exterieure\u00a0avec\u00a0serrure\u00a0sp\u00e9ciale.<\/li>\n<\/ul>\n<ul style=\"text-align: justify;\">\n<li>Dimensions: 120 x 120 x 235 cm.<\/li>\n<\/ul>\n<h2 style=\"text-align: center;\">CABINES SANITAIRES ADAPT\u00c9ES PREFABRI<\/h2>\n<p style=\"text-align: justify;\"><img loading=\"lazy\" decoding=\"async\" class=\"alignnone size-full wp-image-15002\" src=\"https:\/\/www.europa-prefabri.com\/wp-content\/uploads\/9-cabina-adaptada-prefabri.jpg\" alt=\"\" width=\"800\" height=\"600\" srcset=\"https:\/\/www.europa-prefabri.com\/wp-content\/uploads\/9-cabina-adaptada-prefabri.jpg 800w, https:\/\/www.europa-prefabri.com\/wp-content\/uploads\/9-cabina-adaptada-prefabri-300x225.jpg 300w, https:\/\/www.europa-prefabri.com\/wp-content\/uploads\/9-cabina-adaptada-prefabri-768x576.jpg 768w, https:\/\/www.europa-prefabri.com\/wp-content\/uploads\/9-cabina-adaptada-prefabri-705x529.jpg 705w, https:\/\/www.europa-prefabri.com\/wp-content\/uploads\/9-cabina-adaptada-prefabri-450x338.jpg 450w\" sizes=\"auto, (max-width: 800px) 100vw, 800px\" \/><\/p>\n<ul style=\"text-align: justify;\">\n<li>Ses rampes, la hauteur du toilette et ses autres caract\u00e9ristiques dotent cette cabine d&#8217;une grande accessibilit\u00e9,con\u00e7ue sp\u00e9cialement \u00a0pour les \u00a0personnes \u00a0\u00e0 mobilit\u00e9 r\u00e9duite, tout en \u00e9tant conforme \u00e0 la norme en vigueur.<\/li>\n<\/ul>\n<ul style=\"text-align: justify;\">\n<li>Son sol\u00a0ne\u00a0n\u00e9cessite aucune rampe ni montage pour l&#8217;entr\u00e9e et la sortie en chaise roulante.<\/li>\n<\/ul>\n<ul style=\"text-align: justify;\">\n<li>Est fabriqu\u00e9 en poly\u00e9thyl\u00e8ne robuste avec une partie o con una parte delantera de double panneau, que conlleva las bisagras que soportan la puerta. L&#8217;epaisseur du toit \u00e0 \u00e9t\u00e9 augment\u00e9e et\u00a0s&#8217;ajuste sous \u00a0les panneaux lat\u00e9raux pour ainsi cr\u00e9er un sanitaire\u00a0d&#8217;une\u00a0rigidit\u00e9 \u00a0incroyable.<\/li>\n<\/ul>\n<ul style=\"text-align: justify;\">\n<li>Dispose d&#8217;une lumi\u00e8re int\u00e9rieure. Une prise de courant est n\u00e9cessaire \u00e0 la charge du client.<\/li>\n<\/ul>\n<ul style=\"text-align: justify;\">\n<li>Dimensions: 229 x 170 x 222 cm.<\/li>\n<\/ul>\n<ul style=\"text-align: justify;\">\n<li>Poids: 135 kg<\/li>\n<\/ul>\n<h2 style=\"text-align: center;\">CABINES SANITAIRES AUTONOMES PREFABRI<\/h2>\n<p style=\"text-align: justify;\"><img loading=\"lazy\" decoding=\"async\" class=\"alignnone size-full wp-image-15006\" src=\"https:\/\/www.europa-prefabri.com\/wp-content\/uploads\/10-cabina-autonoma-prefabri.jpg\" alt=\"\" width=\"800\" height=\"600\" srcset=\"https:\/\/www.europa-prefabri.com\/wp-content\/uploads\/10-cabina-autonoma-prefabri.jpg 800w, https:\/\/www.europa-prefabri.com\/wp-content\/uploads\/10-cabina-autonoma-prefabri-300x225.jpg 300w, https:\/\/www.europa-prefabri.com\/wp-content\/uploads\/10-cabina-autonoma-prefabri-768x576.jpg 768w, https:\/\/www.europa-prefabri.com\/wp-content\/uploads\/10-cabina-autonoma-prefabri-705x529.jpg 705w, https:\/\/www.europa-prefabri.com\/wp-content\/uploads\/10-cabina-autonoma-prefabri-450x338.jpg 450w\" sizes=\"auto, (max-width: 800px) 100vw, 800px\" \/><\/p>\n<ul style=\"text-align: justify;\">\n<li>La cabine\u00a0sanitaire autonome Prefabri\u00a0est con\u00e7ue avec les\u00a0materiaux\u00a0les plus \u00a0inovants du march\u00e9.<\/li>\n<\/ul>\n<ul style=\"text-align: justify;\">\n<li>L&#8217;int\u00e9rieur est compos\u00e9 d&#8217;un\u00a0WC ergonomiquee avec un bouton poussoir de pied, lavabos verticaux avec une pompe \u00e0 eau, miroir, distributeur\u00a0de savon et distributeurs \u00a0de\u00a0papier toilettes.<\/li>\n<\/ul>\n<ul style=\"text-align: justify;\">\n<li>L&#8217;amplitude int\u00e9rieur est\u00a0remarquable dans ce mod\u00e8le, qui\u00a0est sans doute, le cheval de bataille\u00a0de la gamme basique de toilettes\u00a0portatvles.<\/li>\n<\/ul>\n<ul style=\"text-align: justify;\">\n<li>Lumi\u00e8re int\u00e9rieure en option. Prise\u00a0de courant \u00e0 la charge du cliente<\/li>\n<\/ul>\n<ul style=\"text-align: justify;\">\n<li>Dimensions: 106 x 105 x 233 cm<\/li>\n<\/ul>\n<h2 style=\"text-align: center;\">CABINES SANITAIRES PREFABRI GREEN<\/h2>\n<p style=\"text-align: justify;\"><img loading=\"lazy\" decoding=\"async\" class=\"alignnone size-full wp-image-15010\" src=\"https:\/\/www.europa-prefabri.com\/wp-content\/uploads\/11-cabina-prefabri-green.jpg\" alt=\"\" width=\"800\" height=\"600\" srcset=\"https:\/\/www.europa-prefabri.com\/wp-content\/uploads\/11-cabina-prefabri-green.jpg 800w, https:\/\/www.europa-prefabri.com\/wp-content\/uploads\/11-cabina-prefabri-green-300x225.jpg 300w, https:\/\/www.europa-prefabri.com\/wp-content\/uploads\/11-cabina-prefabri-green-768x576.jpg 768w, https:\/\/www.europa-prefabri.com\/wp-content\/uploads\/11-cabina-prefabri-green-705x529.jpg 705w, https:\/\/www.europa-prefabri.com\/wp-content\/uploads\/11-cabina-prefabri-green-450x338.jpg 450w\" sizes=\"auto, (max-width: 800px) 100vw, 800px\" \/><\/p>\n<ul style=\"text-align: justify;\">\n<li>Le Toilette portatif Prefabri Green, est con\u00e7ue avec les mat\u00e9riaux les plus innovants du march\u00e9.<\/li>\n<\/ul>\n<ul style=\"text-align: justify;\">\n<li>Int\u00e9rieur equip\u00e9 \u00a0d&#8217;un\u00a0WC et\u00a0citerne en porcelana blanche\u00a0avec bouton \u00a0poussoir sup\u00e9rieur. \u00c9vacuation d&#8217;eau par \u00a0liaisons\u00e0 la plomberie sur la partie en la parte arri\u00e8re du toilette, lavabos angulaire avec\u00a0robinet, miroir, distributeur\u00a0de savon et\u00a0distributeurs \u00a0de\u00a0papier toilettes. (NE SONT PAS COMPRIS les papiers, savon\u2026.)<\/li>\n<\/ul>\n<ul style=\"text-align: justify;\">\n<li>Lumi\u00e8re int\u00e9rieure en option. Prise\u00a0de courant \u00e0 la charge du\u00a0client.<\/li>\n<\/ul>\n<ul>\n<li style=\"text-align: justify;\">Dimensions: 106 x 105 x 233 cm<\/li>\n<\/ul>\n<p>En plus de notre nouvelle gamme de sanitaires portatifs pour des <a href=\"\/?p=14339\">\u00e9v\u00e8nements<\/a>, \u00a0nous continuons de compter sur un grand nombre de sanitaires portatifs, modules saniaires, sanitaires sp\u00e9ciaux et remorques de sanitaires de luxe.<\/p>\n<p>De plus, pour compl\u00e9ter notre gamme de produits pour les \u00e9v\u00e8nements, nous proposons aussi:<\/p>\n<h2 style=\"text-align: center;\">LOGES \u00a0PORTATIVES<\/h2>\n<p><img loading=\"lazy\" decoding=\"async\" class=\"alignnone size-full wp-image-13955\" src=\"https:\/\/www.europa-prefabri.com\/wp-content\/uploads\/Camerino-de-lujo-02.jpg\" alt=\"\" width=\"800\" height=\"600\" srcset=\"https:\/\/www.europa-prefabri.com\/wp-content\/uploads\/Camerino-de-lujo-02.jpg 800w, https:\/\/www.europa-prefabri.com\/wp-content\/uploads\/Camerino-de-lujo-02-300x225.jpg 300w, https:\/\/www.europa-prefabri.com\/wp-content\/uploads\/Camerino-de-lujo-02-768x576.jpg 768w, https:\/\/www.europa-prefabri.com\/wp-content\/uploads\/Camerino-de-lujo-02-705x529.jpg 705w, https:\/\/www.europa-prefabri.com\/wp-content\/uploads\/Camerino-de-lujo-02-450x338.jpg 450w\" sizes=\"auto, (max-width: 800px) 100vw, 800px\" \/><\/p>\n<p>Vente ou location de loges \u00a0portatives pour artistes et d&#8217;autres usages r\u00e9alis\u00e9es \u00e0 partir de modules pr\u00e9fabriqu\u00e9s \u00a0portatifs.<\/p>\n<p>Diff\u00e9rents niveaux \u00a0de finitions pour nous adapter \u00a0 aux budgets de chaque \u00a0\u00e9v\u00e8nement.<\/p>\n<p>En plus de nos mod\u00e8les habituels, nous r\u00e9alisons le design et la fabriccation de mod\u00e8les sp\u00e9ciaux adapt\u00e9s aux besoins du client.<\/p>\n<p>Nous proposons nos loges pr\u00e9fabriqu\u00e9es aussi bien en vente qu&#8217;en\u00a0location.<\/p>\n<h2 style=\"text-align: center;\">MODULES ETY CONTENEURS PUBLICITAIRES ET\u00a0SPECIAUX POUR\u00a0DES \u00c9V\u00c8NEMENTS<\/h2>\n<p><img loading=\"lazy\" decoding=\"async\" class=\"alignnone size-full wp-image-15033\" src=\"https:\/\/www.europa-prefabri.com\/wp-content\/uploads\/modulo-publicitario-para-eventos.jpg\" alt=\"modulo publicitario para eventos\" width=\"800\" height=\"600\" srcset=\"https:\/\/www.europa-prefabri.com\/wp-content\/uploads\/modulo-publicitario-para-eventos.jpg 800w, https:\/\/www.europa-prefabri.com\/wp-content\/uploads\/modulo-publicitario-para-eventos-300x225.jpg 300w, https:\/\/www.europa-prefabri.com\/wp-content\/uploads\/modulo-publicitario-para-eventos-768x576.jpg 768w, https:\/\/www.europa-prefabri.com\/wp-content\/uploads\/modulo-publicitario-para-eventos-705x529.jpg 705w, https:\/\/www.europa-prefabri.com\/wp-content\/uploads\/modulo-publicitario-para-eventos-450x338.jpg 450w\" sizes=\"auto, (max-width: 800px) 100vw, 800px\" \/><\/p>\n<p>Nous disposons d&#8217;une grande vari\u00e9t\u00e9 de modules pr\u00e9fabriqu\u00e9s sp\u00e9ciaux pour un usage en tant que loges, sanitaires,bureauxtemporaires, cantines, \u00a0guichets,\u00a0comptoirs, stocks provisoires, unit\u00e9s mobiles, boutiques, kiosques&#8230;<\/p>\n<p>Nous pouvons personnaliser nos modules standards aussi bien \u00e0 l&#8217;ext\u00e9rieur qu&#8217;\u00e0 l&#8217;int\u00e9rieur en un temps bref en les\u00a0adaptant \u00a0\u00e0 ses diff\u00e9rents usages, \u00a0mais aussi concevoir et fabriquer \u00a0des modules sp\u00e9ciaux en fonctions des besoins concrets \u00a0de nos clients.<\/p>\n<p>Aussi, nous pouvons personnaliser des conteneurs maritimes pour un usage publicitaire.<\/p>\n<h2 style=\"text-align: center;\">BARRI\u00c8RE POUR \u00c9V\u00c8NEMENTS<\/h2>\n<p><img loading=\"lazy\" decoding=\"async\" class=\"size-full wp-image-3864\" src=\"http:\/\/www.europa-prefabri.com\/wp-content\/uploads\/Valla-Vi\u00f1arock_800x600.png\" alt=\"Alquiler vallas para eventos\" width=\"800\" height=\"600\" \/><\/p>\n<p>Nous fournissons toutes types de barri\u00e8res et de fermetures qui peuvent \u00eatre utiles \u00e0 l&#8217;organisation d&#8217;\u00e9v\u00e8nements allant de\u00a0la barri\u00e8re classique pi\u00e9tonnale \u00a0aux barri\u00e8res sp\u00e9ciales anti-avalanches, barri\u00e8res routi\u00e8rs, barri\u00e8res moblies avec pied en b\u00e9ton et autres mod\u00e8les sp\u00e9ciaux.<\/p>\n<p>Nous pouvons peindre et personnaliser les barri\u00e8res pour\u00a0les adaptant aux n\u00e9cessit\u00e9s de nos clients.<\/p>\n<p>Nous proposons un <a href=\"\/?p=14319\">service int\u00e9gral<\/a> des cabines et modules de stockage et \u00a0de rangemenet, montage, r\u00e9paration et transformation.<\/p>\n<p>&nbsp;<\/p>\n<p>&nbsp;<\/p>\n","protected":false},"excerpt":{"rendered":"<p>A l&#8217;appprohe du bon temps , \u00a0le printemps est d\u00e9j\u00e1 arriv\u00e9 et Prefabri a compl\u00e9t\u00e9 son catalogue pour la saison avec sa\u00a0nouvelle gamme de sanitaires portatifs pour des \u00e9v\u00e8nements. REMORQUES DE SANITAIRES DE LUXE ARIZONA La peinture ext\u00e9rieure est\u00a0de couleur bois et l&#8217;int\u00e9rieur est laqu\u00e9 \u00a0en blanc et noir. Les lavabos, WCs et\u00a0urinoires sont fait [&hellip;]<\/p>\n","protected":false},"author":4,"featured_media":15028,"comment_status":"closed","ping_status":"closed","sticky":false,"template":"","format":"gallery","meta":{"footnotes":""},"categories":[58],"tags":[],"class_list":["post-15110","post","type-post","status-publish","format-gallery","has-post-thumbnail","hentry","category-projets","post_format-post-format-gallery"],"yoast_head":"<!-- This site is optimized with the Yoast SEO plugin v27.5 - https:\/\/yoast.com\/product\/yoast-seo-wordpress\/ -->\n<title>Sanitaires portatifs pour \u00e9v\u00e8nements: nouvelle gamme!<\/title>\n<meta name=\"description\" content=\"\u00c0 l&#039;approche du bon temps, le printemps est d\u00e9j\u00e0 arriv\u00e9 et Prefabri a aggrandi son catalogue pour la saison avec sa nouvelle gamme de sanitaires portatifs.\" \/>\n<meta name=\"robots\" content=\"index, follow, max-snippet:-1, max-image-preview:large, max-video-preview:-1\" \/>\n<link rel=\"canonical\" href=\"https:\/\/www.europa-prefabri.com\/fr\/sanitaires-portatives-pour-evenements\/\" \/>\n<meta property=\"og:locale\" content=\"fr_FR\" \/>\n<meta property=\"og:type\" content=\"article\" \/>\n<meta property=\"og:title\" content=\"Sanitaires portatifs pour \u00e9v\u00e8nements: nouvelle gamme!\" \/>\n<meta property=\"og:description\" content=\"\u00c0 l&#039;approche du bon temps, le printemps est d\u00e9j\u00e0 arriv\u00e9 et Prefabri a aggrandi son catalogue pour la saison avec sa nouvelle gamme de sanitaires portatifs.\" \/>\n<meta property=\"og:url\" content=\"https:\/\/www.europa-prefabri.com\/fr\/sanitaires-portatives-pour-evenements\/\" \/>\n<meta property=\"og:site_name\" content=\"Europa Prefabri | Alquiler y venta de construcciones modulares\" \/>\n<meta property=\"article:publisher\" content=\"https:\/\/www.facebook.com\/Europa-Prefabri-258328977572213\/\" \/>\n<meta property=\"article:published_time\" content=\"2017-03-21T09:10:40+00:00\" \/>\n<meta property=\"article:modified_time\" content=\"2017-05-16T13:32:19+00:00\" \/>\n<meta property=\"og:image\" content=\"https:\/\/www.europa-prefabri.com\/wp-content\/uploads\/2-1-remolque-steel-interior.jpg\" \/>\n\t<meta property=\"og:image:width\" content=\"800\" \/>\n\t<meta property=\"og:image:height\" content=\"600\" \/>\n\t<meta property=\"og:image:type\" content=\"image\/jpeg\" \/>\n<meta name=\"author\" content=\"admin\" \/>\n<meta name=\"twitter:card\" content=\"summary_large_image\" \/>\n<meta name=\"twitter:creator\" content=\"@EuropaPrefabri\" \/>\n<meta name=\"twitter:site\" content=\"@EuropaPrefabri\" \/>\n<meta name=\"twitter:label1\" content=\"Written by\" \/>\n\t<meta name=\"twitter:data1\" content=\"admin\" \/>\n\t<meta name=\"twitter:label2\" content=\"Est. reading time\" \/>\n\t<meta name=\"twitter:data2\" content=\"10 minutes\" \/>\n<script type=\"application\/ld+json\" class=\"yoast-schema-graph\">{\"@context\":\"https:\\\/\\\/schema.org\",\"@graph\":[{\"@type\":\"Article\",\"@id\":\"https:\\\/\\\/www.europa-prefabri.com\\\/fr\\\/sanitaires-portatives-pour-evenements\\\/#article\",\"isPartOf\":{\"@id\":\"https:\\\/\\\/www.europa-prefabri.com\\\/fr\\\/sanitaires-portatives-pour-evenements\\\/\"},\"author\":{\"name\":\"admin\",\"@id\":\"https:\\\/\\\/www.europa-prefabri.com\\\/#\\\/schema\\\/person\\\/2ab6be5821a7026cd8f16d2a9411e86e\"},\"headline\":\"Nouvelle gamme de sanitaires portatifs pour des \u00e9v\u00e8nements | Prefabri\",\"datePublished\":\"2017-03-21T09:10:40+00:00\",\"dateModified\":\"2017-05-16T13:32:19+00:00\",\"mainEntityOfPage\":{\"@id\":\"https:\\\/\\\/www.europa-prefabri.com\\\/fr\\\/sanitaires-portatives-pour-evenements\\\/\"},\"wordCount\":2063,\"publisher\":{\"@id\":\"https:\\\/\\\/www.europa-prefabri.com\\\/#organization\"},\"image\":{\"@id\":\"https:\\\/\\\/www.europa-prefabri.com\\\/fr\\\/sanitaires-portatives-pour-evenements\\\/#primaryimage\"},\"thumbnailUrl\":\"https:\\\/\\\/www.europa-prefabri.com\\\/wp-content\\\/uploads\\\/2-1-remolque-steel-interior.jpg\",\"articleSection\":[\"Projets\"],\"inLanguage\":\"fr-FR\"},{\"@type\":\"WebPage\",\"@id\":\"https:\\\/\\\/www.europa-prefabri.com\\\/fr\\\/sanitaires-portatives-pour-evenements\\\/\",\"url\":\"https:\\\/\\\/www.europa-prefabri.com\\\/fr\\\/sanitaires-portatives-pour-evenements\\\/\",\"name\":\"Sanitaires portatifs pour \u00e9v\u00e8nements: nouvelle gamme!\",\"isPartOf\":{\"@id\":\"https:\\\/\\\/www.europa-prefabri.com\\\/#website\"},\"primaryImageOfPage\":{\"@id\":\"https:\\\/\\\/www.europa-prefabri.com\\\/fr\\\/sanitaires-portatives-pour-evenements\\\/#primaryimage\"},\"image\":{\"@id\":\"https:\\\/\\\/www.europa-prefabri.com\\\/fr\\\/sanitaires-portatives-pour-evenements\\\/#primaryimage\"},\"thumbnailUrl\":\"https:\\\/\\\/www.europa-prefabri.com\\\/wp-content\\\/uploads\\\/2-1-remolque-steel-interior.jpg\",\"datePublished\":\"2017-03-21T09:10:40+00:00\",\"dateModified\":\"2017-05-16T13:32:19+00:00\",\"description\":\"\u00c0 l'approche du bon temps, le printemps est d\u00e9j\u00e0 arriv\u00e9 et Prefabri a aggrandi son catalogue pour la saison avec sa nouvelle gamme de sanitaires portatifs.\",\"breadcrumb\":{\"@id\":\"https:\\\/\\\/www.europa-prefabri.com\\\/fr\\\/sanitaires-portatives-pour-evenements\\\/#breadcrumb\"},\"inLanguage\":\"fr-FR\",\"potentialAction\":[{\"@type\":\"ReadAction\",\"target\":[\"https:\\\/\\\/www.europa-prefabri.com\\\/fr\\\/sanitaires-portatives-pour-evenements\\\/\"]}]},{\"@type\":\"ImageObject\",\"inLanguage\":\"fr-FR\",\"@id\":\"https:\\\/\\\/www.europa-prefabri.com\\\/fr\\\/sanitaires-portatives-pour-evenements\\\/#primaryimage\",\"url\":\"https:\\\/\\\/www.europa-prefabri.com\\\/wp-content\\\/uploads\\\/2-1-remolque-steel-interior.jpg\",\"contentUrl\":\"https:\\\/\\\/www.europa-prefabri.com\\\/wp-content\\\/uploads\\\/2-1-remolque-steel-interior.jpg\",\"width\":800,\"height\":600,\"caption\":\"Nouvelle gamme de sanitaires portatifs pour \u00e9v\u00e8nements | Prefabri\"},{\"@type\":\"BreadcrumbList\",\"@id\":\"https:\\\/\\\/www.europa-prefabri.com\\\/fr\\\/sanitaires-portatives-pour-evenements\\\/#breadcrumb\",\"itemListElement\":[{\"@type\":\"ListItem\",\"position\":1,\"name\":\"Portada\",\"item\":\"https:\\\/\\\/www.europa-prefabri.com\\\/fr\\\/\"},{\"@type\":\"ListItem\",\"position\":2,\"name\":\"Nouvelle gamme de sanitaires portatifs pour des \u00e9v\u00e8nements | Prefabri\"}]},{\"@type\":\"WebSite\",\"@id\":\"https:\\\/\\\/www.europa-prefabri.com\\\/#website\",\"url\":\"https:\\\/\\\/www.europa-prefabri.com\\\/\",\"name\":\"Europa Prefabri | Alquiler y venta de construcciones modulares\",\"description\":\"Alquiler y venta de construcciones modulares, casetas de obra, marquesinas de aparcamiento y vallas y cerramientos.\",\"publisher\":{\"@id\":\"https:\\\/\\\/www.europa-prefabri.com\\\/#organization\"},\"potentialAction\":[{\"@type\":\"SearchAction\",\"target\":{\"@type\":\"EntryPoint\",\"urlTemplate\":\"https:\\\/\\\/www.europa-prefabri.com\\\/?s={search_term_string}\"},\"query-input\":{\"@type\":\"PropertyValueSpecification\",\"valueRequired\":true,\"valueName\":\"search_term_string\"}}],\"inLanguage\":\"fr-FR\"},{\"@type\":\"Organization\",\"@id\":\"https:\\\/\\\/www.europa-prefabri.com\\\/#organization\",\"name\":\"Prefabri S.L.\",\"url\":\"https:\\\/\\\/www.europa-prefabri.com\\\/\",\"logo\":{\"@type\":\"ImageObject\",\"inLanguage\":\"fr-FR\",\"@id\":\"https:\\\/\\\/www.europa-prefabri.com\\\/#\\\/schema\\\/logo\\\/image\\\/\",\"url\":\"https:\\\/\\\/www.europa-prefabri.com\\\/wp-content\\\/uploads\\\/EuropaPrefabri-Logo.jpg\",\"contentUrl\":\"https:\\\/\\\/www.europa-prefabri.com\\\/wp-content\\\/uploads\\\/EuropaPrefabri-Logo.jpg\",\"width\":752,\"height\":348,\"caption\":\"Prefabri S.L.\"},\"image\":{\"@id\":\"https:\\\/\\\/www.europa-prefabri.com\\\/#\\\/schema\\\/logo\\\/image\\\/\"},\"sameAs\":[\"https:\\\/\\\/www.facebook.com\\\/Europa-Prefabri-258328977572213\\\/\",\"https:\\\/\\\/x.com\\\/EuropaPrefabri\",\"https:\\\/\\\/www.instagram.com\\\/europaprefabri\\\/\",\"https:\\\/\\\/es.linkedin.com\\\/company\\\/europa-prefabri\",\"https:\\\/\\\/es.pinterest.com\\\/europaprefabri\\\/\",\"https:\\\/\\\/www.youtube.com\\\/user\\\/PrefabriSL\"]},{\"@type\":\"Person\",\"@id\":\"https:\\\/\\\/www.europa-prefabri.com\\\/#\\\/schema\\\/person\\\/2ab6be5821a7026cd8f16d2a9411e86e\",\"name\":\"admin\",\"image\":{\"@type\":\"ImageObject\",\"inLanguage\":\"fr-FR\",\"@id\":\"https:\\\/\\\/secure.gravatar.com\\\/avatar\\\/dc55d3f4b941a1510eef2620b2c166513788bd88ef72341333b6d0a859bacd3c?s=96&d=mm&r=g\",\"url\":\"https:\\\/\\\/secure.gravatar.com\\\/avatar\\\/dc55d3f4b941a1510eef2620b2c166513788bd88ef72341333b6d0a859bacd3c?s=96&d=mm&r=g\",\"contentUrl\":\"https:\\\/\\\/secure.gravatar.com\\\/avatar\\\/dc55d3f4b941a1510eef2620b2c166513788bd88ef72341333b6d0a859bacd3c?s=96&d=mm&r=g\",\"caption\":\"admin\"},\"sameAs\":[\"https:\\\/\\\/www.europa-prefabri.com\",\"https:\\\/\\\/x.com\\\/@EuropaPrefabri\"]}]}<\/script>\n<!-- \/ Yoast SEO plugin. -->","yoast_head_json":{"title":"Sanitaires portatifs pour \u00e9v\u00e8nements: nouvelle gamme!","description":"\u00c0 l'approche du bon temps, le printemps est d\u00e9j\u00e0 arriv\u00e9 et Prefabri a aggrandi son catalogue pour la saison avec sa nouvelle gamme de sanitaires portatifs.","robots":{"index":"index","follow":"follow","max-snippet":"max-snippet:-1","max-image-preview":"max-image-preview:large","max-video-preview":"max-video-preview:-1"},"canonical":"https:\/\/www.europa-prefabri.com\/fr\/sanitaires-portatives-pour-evenements\/","og_locale":"fr_FR","og_type":"article","og_title":"Sanitaires portatifs pour \u00e9v\u00e8nements: nouvelle gamme!","og_description":"\u00c0 l'approche du bon temps, le printemps est d\u00e9j\u00e0 arriv\u00e9 et Prefabri a aggrandi son catalogue pour la saison avec sa nouvelle gamme de sanitaires portatifs.","og_url":"https:\/\/www.europa-prefabri.com\/fr\/sanitaires-portatives-pour-evenements\/","og_site_name":"Europa Prefabri | Alquiler y venta de construcciones modulares","article_publisher":"https:\/\/www.facebook.com\/Europa-Prefabri-258328977572213\/","article_published_time":"2017-03-21T09:10:40+00:00","article_modified_time":"2017-05-16T13:32:19+00:00","og_image":[{"width":800,"height":600,"url":"https:\/\/www.europa-prefabri.com\/wp-content\/uploads\/2-1-remolque-steel-interior.jpg","type":"image\/jpeg"}],"author":"admin","twitter_card":"summary_large_image","twitter_creator":"@EuropaPrefabri","twitter_site":"@EuropaPrefabri","twitter_misc":{"Written by":"admin","Est. reading time":"10 minutes"},"schema":{"@context":"https:\/\/schema.org","@graph":[{"@type":"Article","@id":"https:\/\/www.europa-prefabri.com\/fr\/sanitaires-portatives-pour-evenements\/#article","isPartOf":{"@id":"https:\/\/www.europa-prefabri.com\/fr\/sanitaires-portatives-pour-evenements\/"},"author":{"name":"admin","@id":"https:\/\/www.europa-prefabri.com\/#\/schema\/person\/2ab6be5821a7026cd8f16d2a9411e86e"},"headline":"Nouvelle gamme de sanitaires portatifs pour des \u00e9v\u00e8nements | Prefabri","datePublished":"2017-03-21T09:10:40+00:00","dateModified":"2017-05-16T13:32:19+00:00","mainEntityOfPage":{"@id":"https:\/\/www.europa-prefabri.com\/fr\/sanitaires-portatives-pour-evenements\/"},"wordCount":2063,"publisher":{"@id":"https:\/\/www.europa-prefabri.com\/#organization"},"image":{"@id":"https:\/\/www.europa-prefabri.com\/fr\/sanitaires-portatives-pour-evenements\/#primaryimage"},"thumbnailUrl":"https:\/\/www.europa-prefabri.com\/wp-content\/uploads\/2-1-remolque-steel-interior.jpg","articleSection":["Projets"],"inLanguage":"fr-FR"},{"@type":"WebPage","@id":"https:\/\/www.europa-prefabri.com\/fr\/sanitaires-portatives-pour-evenements\/","url":"https:\/\/www.europa-prefabri.com\/fr\/sanitaires-portatives-pour-evenements\/","name":"Sanitaires portatifs pour \u00e9v\u00e8nements: nouvelle gamme!","isPartOf":{"@id":"https:\/\/www.europa-prefabri.com\/#website"},"primaryImageOfPage":{"@id":"https:\/\/www.europa-prefabri.com\/fr\/sanitaires-portatives-pour-evenements\/#primaryimage"},"image":{"@id":"https:\/\/www.europa-prefabri.com\/fr\/sanitaires-portatives-pour-evenements\/#primaryimage"},"thumbnailUrl":"https:\/\/www.europa-prefabri.com\/wp-content\/uploads\/2-1-remolque-steel-interior.jpg","datePublished":"2017-03-21T09:10:40+00:00","dateModified":"2017-05-16T13:32:19+00:00","description":"\u00c0 l'approche du bon temps, le printemps est d\u00e9j\u00e0 arriv\u00e9 et Prefabri a aggrandi son catalogue pour la saison avec sa nouvelle gamme de sanitaires portatifs.","breadcrumb":{"@id":"https:\/\/www.europa-prefabri.com\/fr\/sanitaires-portatives-pour-evenements\/#breadcrumb"},"inLanguage":"fr-FR","potentialAction":[{"@type":"ReadAction","target":["https:\/\/www.europa-prefabri.com\/fr\/sanitaires-portatives-pour-evenements\/"]}]},{"@type":"ImageObject","inLanguage":"fr-FR","@id":"https:\/\/www.europa-prefabri.com\/fr\/sanitaires-portatives-pour-evenements\/#primaryimage","url":"https:\/\/www.europa-prefabri.com\/wp-content\/uploads\/2-1-remolque-steel-interior.jpg","contentUrl":"https:\/\/www.europa-prefabri.com\/wp-content\/uploads\/2-1-remolque-steel-interior.jpg","width":800,"height":600,"caption":"Nouvelle gamme de sanitaires portatifs pour \u00e9v\u00e8nements | Prefabri"},{"@type":"BreadcrumbList","@id":"https:\/\/www.europa-prefabri.com\/fr\/sanitaires-portatives-pour-evenements\/#breadcrumb","itemListElement":[{"@type":"ListItem","position":1,"name":"Portada","item":"https:\/\/www.europa-prefabri.com\/fr\/"},{"@type":"ListItem","position":2,"name":"Nouvelle gamme de sanitaires portatifs pour des \u00e9v\u00e8nements | Prefabri"}]},{"@type":"WebSite","@id":"https:\/\/www.europa-prefabri.com\/#website","url":"https:\/\/www.europa-prefabri.com\/","name":"Europa Prefabri | Alquiler y venta de construcciones modulares","description":"Alquiler y venta de construcciones modulares, casetas de obra, marquesinas de aparcamiento y vallas y cerramientos.","publisher":{"@id":"https:\/\/www.europa-prefabri.com\/#organization"},"potentialAction":[{"@type":"SearchAction","target":{"@type":"EntryPoint","urlTemplate":"https:\/\/www.europa-prefabri.com\/?s={search_term_string}"},"query-input":{"@type":"PropertyValueSpecification","valueRequired":true,"valueName":"search_term_string"}}],"inLanguage":"fr-FR"},{"@type":"Organization","@id":"https:\/\/www.europa-prefabri.com\/#organization","name":"Prefabri S.L.","url":"https:\/\/www.europa-prefabri.com\/","logo":{"@type":"ImageObject","inLanguage":"fr-FR","@id":"https:\/\/www.europa-prefabri.com\/#\/schema\/logo\/image\/","url":"https:\/\/www.europa-prefabri.com\/wp-content\/uploads\/EuropaPrefabri-Logo.jpg","contentUrl":"https:\/\/www.europa-prefabri.com\/wp-content\/uploads\/EuropaPrefabri-Logo.jpg","width":752,"height":348,"caption":"Prefabri S.L."},"image":{"@id":"https:\/\/www.europa-prefabri.com\/#\/schema\/logo\/image\/"},"sameAs":["https:\/\/www.facebook.com\/Europa-Prefabri-258328977572213\/","https:\/\/x.com\/EuropaPrefabri","https:\/\/www.instagram.com\/europaprefabri\/","https:\/\/es.linkedin.com\/company\/europa-prefabri","https:\/\/es.pinterest.com\/europaprefabri\/","https:\/\/www.youtube.com\/user\/PrefabriSL"]},{"@type":"Person","@id":"https:\/\/www.europa-prefabri.com\/#\/schema\/person\/2ab6be5821a7026cd8f16d2a9411e86e","name":"admin","image":{"@type":"ImageObject","inLanguage":"fr-FR","@id":"https:\/\/secure.gravatar.com\/avatar\/dc55d3f4b941a1510eef2620b2c166513788bd88ef72341333b6d0a859bacd3c?s=96&d=mm&r=g","url":"https:\/\/secure.gravatar.com\/avatar\/dc55d3f4b941a1510eef2620b2c166513788bd88ef72341333b6d0a859bacd3c?s=96&d=mm&r=g","contentUrl":"https:\/\/secure.gravatar.com\/avatar\/dc55d3f4b941a1510eef2620b2c166513788bd88ef72341333b6d0a859bacd3c?s=96&d=mm&r=g","caption":"admin"},"sameAs":["https:\/\/www.europa-prefabri.com","https:\/\/x.com\/@EuropaPrefabri"]}]}},"_links":{"self":[{"href":"https:\/\/www.europa-prefabri.com\/fr\/wp-json\/wp\/v2\/posts\/15110","targetHints":{"allow":["GET"]}}],"collection":[{"href":"https:\/\/www.europa-prefabri.com\/fr\/wp-json\/wp\/v2\/posts"}],"about":[{"href":"https:\/\/www.europa-prefabri.com\/fr\/wp-json\/wp\/v2\/types\/post"}],"author":[{"embeddable":true,"href":"https:\/\/www.europa-prefabri.com\/fr\/wp-json\/wp\/v2\/users\/4"}],"replies":[{"embeddable":true,"href":"https:\/\/www.europa-prefabri.com\/fr\/wp-json\/wp\/v2\/comments?post=15110"}],"version-history":[{"count":0,"href":"https:\/\/www.europa-prefabri.com\/fr\/wp-json\/wp\/v2\/posts\/15110\/revisions"}],"wp:featuredmedia":[{"embeddable":true,"href":"https:\/\/www.europa-prefabri.com\/fr\/wp-json\/wp\/v2\/media\/15028"}],"wp:attachment":[{"href":"https:\/\/www.europa-prefabri.com\/fr\/wp-json\/wp\/v2\/media?parent=15110"}],"wp:term":[{"taxonomy":"category","embeddable":true,"href":"https:\/\/www.europa-prefabri.com\/fr\/wp-json\/wp\/v2\/categories?post=15110"},{"taxonomy":"post_tag","embeddable":true,"href":"https:\/\/www.europa-prefabri.com\/fr\/wp-json\/wp\/v2\/tags?post=15110"}],"curies":[{"name":"wp","href":"https:\/\/api.w.org\/{rel}","templated":true}]}}