{"id":14826,"date":"2017-03-02T09:24:27","date_gmt":"2017-03-02T09:24:27","guid":{"rendered":"http:\/\/www.europa-prefabri.com\/fr\/?p=14826"},"modified":"2017-03-24T10:14:03","modified_gmt":"2017-03-24T10:14:03","slug":"carports-parking-residence-villanueva-del-pardillo","status":"publish","type":"post","link":"https:\/\/www.europa-prefabri.com\/fr\/carports-parking-residence-villanueva-del-pardillo\/","title":{"rendered":"Carports pour le parking d&#8217;une r\u00e9sidence \u00e0 Villanueva del Pardillo | Europa"},"content":{"rendered":"\n<p>Nous avons r\u00e9alis\u00e9 la conception, fabrication et le montage de\u00a0carports\u00a0pour le parking d&#8217;une r\u00e9sidence \u00e0 Villanueva del Pardillo, les carports sont de mod\u00e8les Y et couvrent 18 places de parking de taille\u00a05,0 x 3,0 m (largeur\u00a0sp\u00e9ciale)<\/p>\n<h2>Carports pour le parking d&#8217;une r\u00e9sidence \u00e0 Villanueva del Pardillo : Caracteristiques techniques:<\/h2>\n<p>Pour prot\u00e9ger les v\u00e9hicules des conditions m\u00e9t\u00e9orologiques, nous avons\u00a0r\u00e9alis\u00e9\u00a0le montage de\u00a0carports\u00a0pour le parking de mod\u00e8les Europa de type\u00a0\u201cY\u201d, que nous avons fabriqu\u00e9s.<\/p>\n<ul>\n<li>T\u00f4le de premi\u00e8re qualit\u00e9 conform\u00e9e \u00e0 froid avec\u00a0un pliegue de refuerzo m\u00e1ximo a fin de conseguir una viga-caj\u00f3n a lo largo \u00a0de todo el p\u00f3rtico.<\/li>\n<li>Couverture en t\u00f4le trap\u00e9zoidale d&#8217;acier galvanis\u00e9\u00a0sur les deux faces selon la proc\u00e9dure Sendzimir et pr\u00e9laqu\u00e9e en bleu lacet poutres peintes (couleurs personnalis\u00e9es \u00e0 la\u00a0demande du client)<\/li>\n<li>Fixation de la couverture au portique \u00e0 l&#8217;aide de\u00a0de la cubierta al p\u00f3rtico mediante vis autotaraudeuses galvanis\u00e9s avec rondelles qui garantissent l&#8217;\u00e9tanch\u00e9it\u00e9.<\/li>\n<li>Courroies galvanis\u00e9es par \u00e9lectrolyses sans peinture de tube\u00a0100x50x2mm.<\/li>\n<li>Visseries et\u00a0supports\u00a0galvanis\u00e9s par \u00e9lectrolyses .<\/li>\n<li>Superficie: pr\u00e9vue pour une v\u00e9hicule de \u00a0 m\u00e8tres de largeur pour 5 m\u00e8tres de profondeur.<\/li>\n<\/ul>\n<p>Le Groupe Europa Prefabri r\u00e9alise les montages aussi bien sur le territoire national qu&#8217;\u00e0 l&#8217;\u00e9tranger.<\/p>\n<h2><strong>Service int\u00e9gral de carports pour\u00a0parking<\/strong><\/h2>\n<p>Nous sommes sp\u00e9cialis\u00e9s dans la fabrication et le montage de carports m\u00e9talliques de parking, nous avons plus de 30 ans d&#8217;exp\u00e9rience dans ce secteur.<\/p>\n<p>Nous r\u00e9alisons tous les travaux n\u00e9cessaires pour l&#8217;installation de parking dans le lieu d\u00e9sign\u00e9 par le client pour qu&#8217;il n&#8217;ai \u00e0 s&#8217;occuper de rien.<\/p>\n<p>Nous offrons un service int\u00e9gral qui va de\u00a0la fourniture et l&#8217;installation de cabines de surveillances ou des barri\u00e8res automatiques jusqu&#8217;\u00e0 la signalisation routi\u00e8re et l&#8217;ouvrage civil.<\/p>\n<p>Nous nous ocuppons \u00a0des projets de toutes sortes: les petits parkings pour des particuliers ou publics jusqu&#8217;au grand projets pour des a\u00e9roports, gares, grandes entreprises et centre commerciaux.<\/p>\n<p>Nous proposons aussi des services de miantenance, substitution et r\u00e9paration de parkings anciens ou le remplacement d&#8217;\u00e9l\u00e9ments par des autres.<\/p>\n<p>Estructuras Tubulares Europa est un <strong>fournisseur direct<\/strong>. Le mat\u00e9riel que nous proposons ainsi que les personnes qui s&#8217;occupe du montage, il est capital d&#8217;avoir un fournisseur totalement int\u00e9gr\u00e9 \u00e0 notre entreprise afin qu&#8217;il n&#8217;existe pas d&#8217;interm\u00e9diation dans les prestations fournies.\u00a0Il est pour nous fondamentale d&#8217;offir \u00e0 nos clients un service int\u00e9gral au meilleur prix.<\/p>\n<h2>Notre gamme de carports pour\u00a0parking:<\/h2>\n<ul>\n<li>Couvertures textiles: architecture textile innovante pour de multiples usages aux designs modernes.\n<ul>\n<li>Garantie d\u00b4une parfaite harmonie esth\u00e9tique sans oublier la s\u00e9curit\u00e9 et la qualit\u00e9 des mat\u00e9riaux<\/li>\n<li>Structures modulaires adaptables \u00e0 tout type de lieu<\/li>\n<li>Sa versatilit\u00e9 va plus loin que son r\u00f4le d&#8217;abris de parking pour les voitures, ils peuvent \u00eatre utilis\u00e9s dans les terrasses et jardins comme zones d&#8217;ombres<\/li>\n<\/ul>\n<\/li>\n<li>Mod\u00e8le Europa: avec une structure de type caisson r\u00e9alis\u00e9 \u00e0 l&#8217;aide d\u00b4acier pliss\u00e9.\n<ul>\n<li>C\u00b4est un parking esth\u00e9tique, \u00e9conomique et existe en version simple ou double<\/li>\n<li>De couverture galvanis\u00e9e ou pr\u00e9laqu\u00e9e dans la couleur d\u00e9sir\u00e9e du client<\/li>\n<li>S\u00e9curit\u00e9 et qualit\u00e9 maximales des mat\u00e9riaux<\/li>\n<\/ul>\n<\/li>\n<\/ul>\n<ul>\n<li>Panneau de couverture: nous rempla\u00e7ons la couverture en t\u00f4le galvanis\u00e9e\u00a0la par un panneau\u00a0sandwich isolant pour offrir un meilleur isolement thermique et accoustique.\n<ul>\n<li>Solution disponnible pour tous les types de carports.<\/li>\n<li>Diff\u00e9rentes options de panneaux: polyur\u00e9thane, polystyr\u00e8ne et laine de roche.<\/li>\n<\/ul>\n<\/li>\n<\/ul>\n<ul>\n<li>Mod\u00e8le IPE: abris de parking d\u00e9montable r\u00e9alis\u00e9s avec des poutres en acier lamin\u00e9 \u00e0 chaud de type IPE.\n<ul>\n<li>Robustesse maximale de la structure pour supporter les vents forts et les surcharges de neige<\/li>\n<li>Diff\u00e9rentes versions en fonction du type de poutres utilis\u00e9es<\/li>\n<li>Couverture galvanis\u00e9e ou pr\u00e9laqu\u00e9e dans la couleur d\u00e9sir\u00e9e par le client<\/li>\n<li>Structure galvanis\u00e9e \u00e0 chaud sur demande<\/li>\n<\/ul>\n<\/li>\n<\/ul>\n<ul>\n<li>Mod\u00e8le Ibiza:\n<ul>\n<li>Design sp\u00e9cial avec couverture avec charpente en forme de losange<\/li>\n<li>Structure galvanis\u00e9e \u00e0 chaud sur demande<\/li>\n<li>Diff\u00e9rentes versions en simple ou double<\/li>\n<li>Couverture galvanis\u00e9e ou pr\u00e9laqu\u00e9e dans les couleurs du choix du client<\/li>\n<li>S\u00e9curit\u00e9 et qualit\u00e9 maximales des mat\u00e9riaux,<\/li>\n<li>Possibilit\u00e9 d&#8217;adapter le mod\u00e8le en fonction des besoins<\/li>\n<\/ul>\n<\/li>\n<li>Abri de parking solaire:\n<ul>\n<li>En tant qu&#8217;entreprise sp\u00e9cialis\u00e9e dans la fabrication d&#8217;abris parking, nous avons d\u00e9velopp\u00e9 de nombreux mod\u00e8les id\u00e9aux pour supporter l&#8217;installation de panneaux photovolta\u00efques sur la couverture<\/li>\n<li>Nous proposons la fabrication du carport avec nos propres mod\u00e8les ou la fabrication \u00e0 partir d&#8217;un mod\u00e8le du client, jusqu&#8217;\u00e0 la livraison cl\u00e9 en main du projet incluyant la fourniture et le montage des panneaux photovolta\u00efques<\/li>\n<li>De plus, nous conseillons le client afin de trouver la solution structurelle et \u00e9nerg\u00e9tique qui s&#8217;adapte le mieux \u00e0 son projet<\/li>\n<li>Il est aussi possible d&#8217;incorporer des points recharges pour les v\u00e9hicules \u00e9lectriques (<a href=\"https:\/\/www.europa-prefabri.com\/fr\/fotolineras-les-points-recharges-solaires\/\">fotolineras<\/a>)<\/li>\n<\/ul>\n<\/li>\n<li>Mod\u00e8le Ola:\n<ul>\n<li>Design sp\u00e9cical de carport m\u00e9tallique avec couverture en courbe et structure r\u00e9alis\u00e9e avec des profils d&#8217;acier pli\u00e9s<\/li>\n<li>Couverture galvanis\u00e9e ou pr\u00e9laqu\u00e9e dans les couleurs du choix du client<\/li>\n<li>Structure galvanis\u00e9e \u00e0 chaud sur demande<\/li>\n<li>S\u00e9curit\u00e9 et qualit\u00e9 maximales des mat\u00e9riaux<\/li>\n<li>Possibilit\u00e9 d&#8217;adapter le mod\u00e8le en fonction des besoins<\/li>\n<\/ul>\n<\/li>\n<\/ul>\n<ul>\n<li>Mod\u00e8le celos\u00eda:\n<ul>\n<li>Carport r\u00e9alis\u00e9e avec du treillage m\u00e9talique a base de profils soud\u00e9s.<\/li>\n<li>Diff\u00e9rentes versions en simple ou double<\/li>\n<li>Couverture galvanis\u00e9e ou pr\u00e9laqu\u00e9e dans les couleurs du choix du client<\/li>\n<li>Structure galvanis\u00e9e \u00e0 chaud sur demande<\/li>\n<li>S\u00e9curit\u00e9 et qualit\u00e9 maximales des mat\u00e9riaux<\/li>\n<li>Possibilit\u00e9 d&#8217;adapter le mod\u00e8le en fonction des besoins<\/li>\n<\/ul>\n<\/li>\n<\/ul>\n<ul>\n<li>Mod\u00e8le Atirantado:\n<ul>\n<li>Carport sp\u00e9cial avec un design original r\u00e9alis\u00e9 \u00e0 l&#8217;aide de poutre en acier lamin\u00e9 \u00e0 chaud avec tirants m\u00e9tallique<\/li>\n<li>Possibilit\u00e9 de cr\u00e9er un passage pi\u00e9ton avec un toit en polycarbonate pour les places doubles<\/li>\n<li>Couverture galvanis\u00e9e ou pr\u00e9laqu\u00e9e dans les couleurs du choix du client<\/li>\n<li>Structure galvanis\u00e9e \u00e0 chaud sur demande<\/li>\n<li>S\u00e9curit\u00e9 et qualit\u00e9 maximales des mat\u00e9riaux<\/li>\n<li>Possibilit\u00e9 d&#8217;adapter le mod\u00e8le en fonction des besoins<\/li>\n<\/ul>\n<\/li>\n<\/ul>\n<h2><strong>Parmi nos projets d&#8217;abris de parking, il y a eu:<\/strong><\/h2>\n<ul>\n<li>Le design, le transport et le montage de parking pour les d\u00e9p\u00f4ts de tram \u00e0 Ouargla en Alg\u00e9rie dans laquelle nous couvrons 161 places en 8 groupes pour v\u00e9hicules standards, 12 places pour les v\u00e9hicules de mobilit\u00e9 r\u00e9duites et 20 places pour les motos.<\/li>\n<li>Le design, le transport et le montage d&#8217;abris parking pour AENA \u00e0 l&#8217;a\u00e9roport de Malaga, avec 90 places pour voitures avec la couverture de mod\u00e8le \u00abOLA\u00bb, avec des mini-vagues. 2 modules simples ont \u00e9t\u00e9 livr\u00e9s, le premier pour 59 places et le second pour 31 places. Aussi, le montage de 3 abris parking sp\u00e9ciaux pour couvrir les barri\u00e8res d&#8217;entr\u00e9e et de sortie du parking, et aussi d&#8217;autre carports pour couvrir les caisses automatiques de payement.<\/li>\n<li>Le design, le transport et le montage d&#8217;abris de parking \u00e0 Mercamadrid pour le groupe Unide<\/li>\n<li>Le design, le transport et le montage d&#8217;abris de parking pour les supermarch\u00e9s E.Leclerc \u00e0 Narbonne en France. Ces abris parking ont \u00e9t\u00e9 totalement galvanis\u00e9s \u00e0 chaud, et ont \u00e9t\u00e9 con\u00e7us avec une hauteur sp\u00e9ciale pour les v\u00e9hicules avec une barre et les caravanes, tr\u00e8s courantes en France.<\/li>\n<li>Le design, le transport et le montage d&#8217;abris parking pour l&#8217;a\u00e9roport de Madrid Barajas de 1300 places, dans lequel a \u00e9t\u00e9 pr\u00e9c\u00e9demment r\u00e9alis\u00e9 le d\u00e9montage de plus de 1200 places et le nettoyage de la zone. Les travailleurs ont travaill\u00e9s en 4 phases, et des couvertures textiles, des abris parking pour un parking VIP et une all\u00e9e pour pi\u00e9ton ont \u00e9t\u00e9 r\u00e9alis\u00e9s avec un toit fait en marquise.<\/li>\n<\/ul>\n<p>Tout le mat\u00e9riel est d\u00e9montable, et se monte facilement. Le r\u00e9sultat est un parking propre, esth\u00e9tique et fonctionnel.<\/p>\n<p>&nbsp;<\/p>\n","protected":false},"excerpt":{"rendered":"<p>Nous avons r\u00e9alis\u00e9 la conception, fabrication et le montage de\u00a0carports\u00a0pour le parking d&#8217;une r\u00e9sidence \u00e0 Villanueva del Pardillo, les carports sont de mod\u00e8les Y et couvrent 18 places de parking de taille\u00a05,0 x 3,0 m (largeur\u00a0sp\u00e9ciale) Carports pour le parking d&#8217;une r\u00e9sidence \u00e0 Villanueva del Pardillo : Caracteristiques techniques: Pour prot\u00e9ger les v\u00e9hicules des conditions [&hellip;]<\/p>\n","protected":false},"author":4,"featured_media":0,"comment_status":"closed","ping_status":"closed","sticky":false,"template":"","format":"gallery","meta":{"footnotes":""},"categories":[58],"tags":[],"class_list":["post-14826","post","type-post","status-publish","format-gallery","hentry","category-projets","post_format-post-format-gallery"],"yoast_head":"<!-- This site is optimized with the Yoast SEO plugin v27.5 - https:\/\/yoast.com\/product\/yoast-seo-wordpress\/ -->\n<title>Carports pour le parking d&#039;une r\u00e9sidence \u00e0 Villanueva del Pardillo | Europa<\/title>\n<meta name=\"description\" content=\"Carports pour le parking d&#039;une r\u00e9sidence \u00e0 Villanueva del Pardillo de mod\u00e8le Y pour 18 places de parking. l Europa Prefabri\" \/>\n<meta name=\"robots\" content=\"index, follow, max-snippet:-1, max-image-preview:large, max-video-preview:-1\" \/>\n<link rel=\"canonical\" href=\"https:\/\/www.europa-prefabri.com\/fr\/carports-parking-residence-villanueva-del-pardillo\/\" \/>\n<meta property=\"og:locale\" content=\"fr_FR\" \/>\n<meta property=\"og:type\" content=\"article\" \/>\n<meta property=\"og:title\" content=\"Carports pour le parking d&#039;une r\u00e9sidence \u00e0 Villanueva del Pardillo | Europa\" \/>\n<meta property=\"og:description\" content=\"Carports pour le parking d&#039;une r\u00e9sidence \u00e0 Villanueva del Pardillo de mod\u00e8le Y pour 18 places de parking. l Europa Prefabri\" \/>\n<meta property=\"og:url\" content=\"https:\/\/www.europa-prefabri.com\/fr\/carports-parking-residence-villanueva-del-pardillo\/\" \/>\n<meta property=\"og:site_name\" content=\"Europa Prefabri | Alquiler y venta de construcciones modulares\" \/>\n<meta property=\"article:publisher\" content=\"https:\/\/www.facebook.com\/Europa-Prefabri-258328977572213\/\" \/>\n<meta property=\"article:published_time\" content=\"2017-03-02T09:24:27+00:00\" \/>\n<meta property=\"article:modified_time\" content=\"2017-03-24T10:14:03+00:00\" \/>\n<meta name=\"author\" content=\"admin\" \/>\n<meta name=\"twitter:card\" content=\"summary_large_image\" \/>\n<meta name=\"twitter:creator\" content=\"@EuropaPrefabri\" \/>\n<meta name=\"twitter:site\" content=\"@EuropaPrefabri\" \/>\n<meta name=\"twitter:label1\" content=\"Written by\" \/>\n\t<meta name=\"twitter:data1\" content=\"admin\" \/>\n\t<meta name=\"twitter:label2\" content=\"Est. reading time\" \/>\n\t<meta name=\"twitter:data2\" content=\"7 minutes\" \/>\n<script type=\"application\/ld+json\" class=\"yoast-schema-graph\">{\"@context\":\"https:\\\/\\\/schema.org\",\"@graph\":[{\"@type\":\"Article\",\"@id\":\"https:\\\/\\\/www.europa-prefabri.com\\\/fr\\\/carports-parking-residence-villanueva-del-pardillo\\\/#article\",\"isPartOf\":{\"@id\":\"https:\\\/\\\/www.europa-prefabri.com\\\/fr\\\/carports-parking-residence-villanueva-del-pardillo\\\/\"},\"author\":{\"name\":\"admin\",\"@id\":\"https:\\\/\\\/www.europa-prefabri.com\\\/#\\\/schema\\\/person\\\/2ab6be5821a7026cd8f16d2a9411e86e\"},\"headline\":\"Carports pour le parking d&#8217;une r\u00e9sidence \u00e0 Villanueva del Pardillo | Europa\",\"datePublished\":\"2017-03-02T09:24:27+00:00\",\"dateModified\":\"2017-03-24T10:14:03+00:00\",\"mainEntityOfPage\":{\"@id\":\"https:\\\/\\\/www.europa-prefabri.com\\\/fr\\\/carports-parking-residence-villanueva-del-pardillo\\\/\"},\"wordCount\":1347,\"publisher\":{\"@id\":\"https:\\\/\\\/www.europa-prefabri.com\\\/#organization\"},\"articleSection\":[\"Projets\"],\"inLanguage\":\"fr-FR\"},{\"@type\":\"WebPage\",\"@id\":\"https:\\\/\\\/www.europa-prefabri.com\\\/fr\\\/carports-parking-residence-villanueva-del-pardillo\\\/\",\"url\":\"https:\\\/\\\/www.europa-prefabri.com\\\/fr\\\/carports-parking-residence-villanueva-del-pardillo\\\/\",\"name\":\"Carports pour le parking d'une r\u00e9sidence \u00e0 Villanueva del Pardillo | Europa\",\"isPartOf\":{\"@id\":\"https:\\\/\\\/www.europa-prefabri.com\\\/#website\"},\"datePublished\":\"2017-03-02T09:24:27+00:00\",\"dateModified\":\"2017-03-24T10:14:03+00:00\",\"description\":\"Carports pour le parking d'une r\u00e9sidence \u00e0 Villanueva del Pardillo de mod\u00e8le Y pour 18 places de parking. l Europa Prefabri\",\"breadcrumb\":{\"@id\":\"https:\\\/\\\/www.europa-prefabri.com\\\/fr\\\/carports-parking-residence-villanueva-del-pardillo\\\/#breadcrumb\"},\"inLanguage\":\"fr-FR\",\"potentialAction\":[{\"@type\":\"ReadAction\",\"target\":[\"https:\\\/\\\/www.europa-prefabri.com\\\/fr\\\/carports-parking-residence-villanueva-del-pardillo\\\/\"]}]},{\"@type\":\"BreadcrumbList\",\"@id\":\"https:\\\/\\\/www.europa-prefabri.com\\\/fr\\\/carports-parking-residence-villanueva-del-pardillo\\\/#breadcrumb\",\"itemListElement\":[{\"@type\":\"ListItem\",\"position\":1,\"name\":\"Portada\",\"item\":\"https:\\\/\\\/www.europa-prefabri.com\\\/fr\\\/\"},{\"@type\":\"ListItem\",\"position\":2,\"name\":\"Carports pour le parking d&rsquo;une r\u00e9sidence \u00e0 Villanueva del Pardillo | Europa\"}]},{\"@type\":\"WebSite\",\"@id\":\"https:\\\/\\\/www.europa-prefabri.com\\\/#website\",\"url\":\"https:\\\/\\\/www.europa-prefabri.com\\\/\",\"name\":\"Europa Prefabri | Alquiler y venta de construcciones modulares\",\"description\":\"Alquiler y venta de construcciones modulares, casetas de obra, marquesinas de aparcamiento y vallas y cerramientos.\",\"publisher\":{\"@id\":\"https:\\\/\\\/www.europa-prefabri.com\\\/#organization\"},\"potentialAction\":[{\"@type\":\"SearchAction\",\"target\":{\"@type\":\"EntryPoint\",\"urlTemplate\":\"https:\\\/\\\/www.europa-prefabri.com\\\/?s={search_term_string}\"},\"query-input\":{\"@type\":\"PropertyValueSpecification\",\"valueRequired\":true,\"valueName\":\"search_term_string\"}}],\"inLanguage\":\"fr-FR\"},{\"@type\":\"Organization\",\"@id\":\"https:\\\/\\\/www.europa-prefabri.com\\\/#organization\",\"name\":\"Prefabri S.L.\",\"url\":\"https:\\\/\\\/www.europa-prefabri.com\\\/\",\"logo\":{\"@type\":\"ImageObject\",\"inLanguage\":\"fr-FR\",\"@id\":\"https:\\\/\\\/www.europa-prefabri.com\\\/#\\\/schema\\\/logo\\\/image\\\/\",\"url\":\"https:\\\/\\\/www.europa-prefabri.com\\\/wp-content\\\/uploads\\\/EuropaPrefabri-Logo.jpg\",\"contentUrl\":\"https:\\\/\\\/www.europa-prefabri.com\\\/wp-content\\\/uploads\\\/EuropaPrefabri-Logo.jpg\",\"width\":752,\"height\":348,\"caption\":\"Prefabri S.L.\"},\"image\":{\"@id\":\"https:\\\/\\\/www.europa-prefabri.com\\\/#\\\/schema\\\/logo\\\/image\\\/\"},\"sameAs\":[\"https:\\\/\\\/www.facebook.com\\\/Europa-Prefabri-258328977572213\\\/\",\"https:\\\/\\\/x.com\\\/EuropaPrefabri\",\"https:\\\/\\\/www.instagram.com\\\/europaprefabri\\\/\",\"https:\\\/\\\/es.linkedin.com\\\/company\\\/europa-prefabri\",\"https:\\\/\\\/es.pinterest.com\\\/europaprefabri\\\/\",\"https:\\\/\\\/www.youtube.com\\\/user\\\/PrefabriSL\"]},{\"@type\":\"Person\",\"@id\":\"https:\\\/\\\/www.europa-prefabri.com\\\/#\\\/schema\\\/person\\\/2ab6be5821a7026cd8f16d2a9411e86e\",\"name\":\"admin\",\"image\":{\"@type\":\"ImageObject\",\"inLanguage\":\"fr-FR\",\"@id\":\"https:\\\/\\\/secure.gravatar.com\\\/avatar\\\/dc55d3f4b941a1510eef2620b2c166513788bd88ef72341333b6d0a859bacd3c?s=96&d=mm&r=g\",\"url\":\"https:\\\/\\\/secure.gravatar.com\\\/avatar\\\/dc55d3f4b941a1510eef2620b2c166513788bd88ef72341333b6d0a859bacd3c?s=96&d=mm&r=g\",\"contentUrl\":\"https:\\\/\\\/secure.gravatar.com\\\/avatar\\\/dc55d3f4b941a1510eef2620b2c166513788bd88ef72341333b6d0a859bacd3c?s=96&d=mm&r=g\",\"caption\":\"admin\"},\"sameAs\":[\"https:\\\/\\\/www.europa-prefabri.com\",\"https:\\\/\\\/x.com\\\/@EuropaPrefabri\"]}]}<\/script>\n<!-- \/ Yoast SEO plugin. -->","yoast_head_json":{"title":"Carports pour le parking d'une r\u00e9sidence \u00e0 Villanueva del Pardillo | Europa","description":"Carports pour le parking d'une r\u00e9sidence \u00e0 Villanueva del Pardillo de mod\u00e8le Y pour 18 places de parking. l Europa Prefabri","robots":{"index":"index","follow":"follow","max-snippet":"max-snippet:-1","max-image-preview":"max-image-preview:large","max-video-preview":"max-video-preview:-1"},"canonical":"https:\/\/www.europa-prefabri.com\/fr\/carports-parking-residence-villanueva-del-pardillo\/","og_locale":"fr_FR","og_type":"article","og_title":"Carports pour le parking d'une r\u00e9sidence \u00e0 Villanueva del Pardillo | Europa","og_description":"Carports pour le parking d'une r\u00e9sidence \u00e0 Villanueva del Pardillo de mod\u00e8le Y pour 18 places de parking. l Europa Prefabri","og_url":"https:\/\/www.europa-prefabri.com\/fr\/carports-parking-residence-villanueva-del-pardillo\/","og_site_name":"Europa Prefabri | Alquiler y venta de construcciones modulares","article_publisher":"https:\/\/www.facebook.com\/Europa-Prefabri-258328977572213\/","article_published_time":"2017-03-02T09:24:27+00:00","article_modified_time":"2017-03-24T10:14:03+00:00","author":"admin","twitter_card":"summary_large_image","twitter_creator":"@EuropaPrefabri","twitter_site":"@EuropaPrefabri","twitter_misc":{"Written by":"admin","Est. reading time":"7 minutes"},"schema":{"@context":"https:\/\/schema.org","@graph":[{"@type":"Article","@id":"https:\/\/www.europa-prefabri.com\/fr\/carports-parking-residence-villanueva-del-pardillo\/#article","isPartOf":{"@id":"https:\/\/www.europa-prefabri.com\/fr\/carports-parking-residence-villanueva-del-pardillo\/"},"author":{"name":"admin","@id":"https:\/\/www.europa-prefabri.com\/#\/schema\/person\/2ab6be5821a7026cd8f16d2a9411e86e"},"headline":"Carports pour le parking d&#8217;une r\u00e9sidence \u00e0 Villanueva del Pardillo | Europa","datePublished":"2017-03-02T09:24:27+00:00","dateModified":"2017-03-24T10:14:03+00:00","mainEntityOfPage":{"@id":"https:\/\/www.europa-prefabri.com\/fr\/carports-parking-residence-villanueva-del-pardillo\/"},"wordCount":1347,"publisher":{"@id":"https:\/\/www.europa-prefabri.com\/#organization"},"articleSection":["Projets"],"inLanguage":"fr-FR"},{"@type":"WebPage","@id":"https:\/\/www.europa-prefabri.com\/fr\/carports-parking-residence-villanueva-del-pardillo\/","url":"https:\/\/www.europa-prefabri.com\/fr\/carports-parking-residence-villanueva-del-pardillo\/","name":"Carports pour le parking d'une r\u00e9sidence \u00e0 Villanueva del Pardillo | Europa","isPartOf":{"@id":"https:\/\/www.europa-prefabri.com\/#website"},"datePublished":"2017-03-02T09:24:27+00:00","dateModified":"2017-03-24T10:14:03+00:00","description":"Carports pour le parking d'une r\u00e9sidence \u00e0 Villanueva del Pardillo de mod\u00e8le Y pour 18 places de parking. l Europa Prefabri","breadcrumb":{"@id":"https:\/\/www.europa-prefabri.com\/fr\/carports-parking-residence-villanueva-del-pardillo\/#breadcrumb"},"inLanguage":"fr-FR","potentialAction":[{"@type":"ReadAction","target":["https:\/\/www.europa-prefabri.com\/fr\/carports-parking-residence-villanueva-del-pardillo\/"]}]},{"@type":"BreadcrumbList","@id":"https:\/\/www.europa-prefabri.com\/fr\/carports-parking-residence-villanueva-del-pardillo\/#breadcrumb","itemListElement":[{"@type":"ListItem","position":1,"name":"Portada","item":"https:\/\/www.europa-prefabri.com\/fr\/"},{"@type":"ListItem","position":2,"name":"Carports pour le parking d&rsquo;une r\u00e9sidence \u00e0 Villanueva del Pardillo | Europa"}]},{"@type":"WebSite","@id":"https:\/\/www.europa-prefabri.com\/#website","url":"https:\/\/www.europa-prefabri.com\/","name":"Europa Prefabri | Alquiler y venta de construcciones modulares","description":"Alquiler y venta de construcciones modulares, casetas de obra, marquesinas de aparcamiento y vallas y cerramientos.","publisher":{"@id":"https:\/\/www.europa-prefabri.com\/#organization"},"potentialAction":[{"@type":"SearchAction","target":{"@type":"EntryPoint","urlTemplate":"https:\/\/www.europa-prefabri.com\/?s={search_term_string}"},"query-input":{"@type":"PropertyValueSpecification","valueRequired":true,"valueName":"search_term_string"}}],"inLanguage":"fr-FR"},{"@type":"Organization","@id":"https:\/\/www.europa-prefabri.com\/#organization","name":"Prefabri S.L.","url":"https:\/\/www.europa-prefabri.com\/","logo":{"@type":"ImageObject","inLanguage":"fr-FR","@id":"https:\/\/www.europa-prefabri.com\/#\/schema\/logo\/image\/","url":"https:\/\/www.europa-prefabri.com\/wp-content\/uploads\/EuropaPrefabri-Logo.jpg","contentUrl":"https:\/\/www.europa-prefabri.com\/wp-content\/uploads\/EuropaPrefabri-Logo.jpg","width":752,"height":348,"caption":"Prefabri S.L."},"image":{"@id":"https:\/\/www.europa-prefabri.com\/#\/schema\/logo\/image\/"},"sameAs":["https:\/\/www.facebook.com\/Europa-Prefabri-258328977572213\/","https:\/\/x.com\/EuropaPrefabri","https:\/\/www.instagram.com\/europaprefabri\/","https:\/\/es.linkedin.com\/company\/europa-prefabri","https:\/\/es.pinterest.com\/europaprefabri\/","https:\/\/www.youtube.com\/user\/PrefabriSL"]},{"@type":"Person","@id":"https:\/\/www.europa-prefabri.com\/#\/schema\/person\/2ab6be5821a7026cd8f16d2a9411e86e","name":"admin","image":{"@type":"ImageObject","inLanguage":"fr-FR","@id":"https:\/\/secure.gravatar.com\/avatar\/dc55d3f4b941a1510eef2620b2c166513788bd88ef72341333b6d0a859bacd3c?s=96&d=mm&r=g","url":"https:\/\/secure.gravatar.com\/avatar\/dc55d3f4b941a1510eef2620b2c166513788bd88ef72341333b6d0a859bacd3c?s=96&d=mm&r=g","contentUrl":"https:\/\/secure.gravatar.com\/avatar\/dc55d3f4b941a1510eef2620b2c166513788bd88ef72341333b6d0a859bacd3c?s=96&d=mm&r=g","caption":"admin"},"sameAs":["https:\/\/www.europa-prefabri.com","https:\/\/x.com\/@EuropaPrefabri"]}]}},"_links":{"self":[{"href":"https:\/\/www.europa-prefabri.com\/fr\/wp-json\/wp\/v2\/posts\/14826","targetHints":{"allow":["GET"]}}],"collection":[{"href":"https:\/\/www.europa-prefabri.com\/fr\/wp-json\/wp\/v2\/posts"}],"about":[{"href":"https:\/\/www.europa-prefabri.com\/fr\/wp-json\/wp\/v2\/types\/post"}],"author":[{"embeddable":true,"href":"https:\/\/www.europa-prefabri.com\/fr\/wp-json\/wp\/v2\/users\/4"}],"replies":[{"embeddable":true,"href":"https:\/\/www.europa-prefabri.com\/fr\/wp-json\/wp\/v2\/comments?post=14826"}],"version-history":[{"count":0,"href":"https:\/\/www.europa-prefabri.com\/fr\/wp-json\/wp\/v2\/posts\/14826\/revisions"}],"wp:attachment":[{"href":"https:\/\/www.europa-prefabri.com\/fr\/wp-json\/wp\/v2\/media?parent=14826"}],"wp:term":[{"taxonomy":"category","embeddable":true,"href":"https:\/\/www.europa-prefabri.com\/fr\/wp-json\/wp\/v2\/categories?post=14826"},{"taxonomy":"post_tag","embeddable":true,"href":"https:\/\/www.europa-prefabri.com\/fr\/wp-json\/wp\/v2\/tags?post=14826"}],"curies":[{"name":"wp","href":"https:\/\/api.w.org\/{rel}","templated":true}]}}