{"id":14475,"date":"2016-09-21T11:58:02","date_gmt":"2016-09-21T11:58:02","guid":{"rendered":"http:\/\/www.europa-prefabri.com\/fr\/?p=14475"},"modified":"2025-01-30T10:27:55","modified_gmt":"2025-01-30T09:27:55","slug":"alquimodul-notre-entreprise-soeur-a-expomina-2016","status":"publish","type":"post","link":"https:\/\/www.europa-prefabri.com\/fr\/alquimodul-notre-entreprise-soeur-a-expomina-2016\/","title":{"rendered":"Alquimodul, notre entreprise s\u0153ur, a expos\u00e9 \u00e0 Expomina 2016"},"content":{"rendered":"\n<section  class='av_textblock_section av-4ok4iz-13e500f1492ce9830f6ad270fad667d3 '   itemscope=\"itemscope\" itemtype=\"https:\/\/schema.org\/BlogPosting\" itemprop=\"blogPost\" ><div class='avia_textblock'  itemprop=\"text\" ><h1>EXPOMINA 2016, LIMA (P\u00c9ROU)<\/h1>\n<p>Ces derniers jours nous avons particip\u00e9 en tant qu\u00b4exposant, avec notre entreprise s\u0153ur ALQUIMODUL SAC,\u00a0 \u00e0 la 7\u00e8me \u00e9dition de Expomina, la foire internationale la plus grande au monde dans le secteur de l&#8217;industrie mini\u00e8re.<\/p>\n<p>Cette ann\u00e9e la foire a vu une hausse importante de ces chiffres, avec la visite de plus de 100 000 personnes, avec la mise \u00e0 disposition de 90 conf\u00e9rences dans 9 forums internationales et la participation de 1200 stands.<\/p>\n<p>Nous avons expos\u00e9 nos modules en vente et \u00e0 louer pour les base de vie miniers et espace de travail.<\/p>\n<p>Actuellement, nous concevons, fabriquons et exportons nos modules et nos bases de vies modulaires dans de nombreux pays, aussi bien en Am\u00e9rique Latine qu&#8217;en Afrique.<\/p>\n<p>Nos modules sont la solution parfaite pour ce type de besoins.<\/p>\n<\/div><\/section>\n<section  class='av_textblock_section av-k9cb7v-35ca7e3df48d926f0e6bed7c9e325b03 '   itemscope=\"itemscope\" itemtype=\"https:\/\/schema.org\/BlogPosting\" itemprop=\"blogPost\" ><div class='avia_textblock'  itemprop=\"text\" ><p><a href=\"https:\/\/www.alquimodul-peru.com\/\"><img loading=\"lazy\" decoding=\"async\" class=\"alignnone wp-image-11211 size-full\" src=\"https:\/\/www.europa-prefabri.com\/wp-content\/uploads\/alquimodul-logo.jpg\" alt=\"alquimodul-logo\" width=\"854\" height=\"470\" srcset=\"https:\/\/www.europa-prefabri.com\/wp-content\/uploads\/alquimodul-logo.jpg 854w, https:\/\/www.europa-prefabri.com\/wp-content\/uploads\/alquimodul-logo-300x165.jpg 300w, https:\/\/www.europa-prefabri.com\/wp-content\/uploads\/alquimodul-logo-768x423.jpg 768w, https:\/\/www.europa-prefabri.com\/wp-content\/uploads\/alquimodul-logo-705x388.jpg 705w, https:\/\/www.europa-prefabri.com\/wp-content\/uploads\/alquimodul-logo-450x248.jpg 450w\" sizes=\"auto, (max-width: 854px) 100vw, 854px\" \/><\/a><\/p>\n<\/div><\/section>\n","protected":false},"excerpt":{"rendered":"","protected":false},"author":4,"featured_media":11229,"comment_status":"closed","ping_status":"closed","sticky":false,"template":"","format":"gallery","meta":{"footnotes":""},"categories":[58],"tags":[],"class_list":["post-14475","post","type-post","status-publish","format-gallery","has-post-thumbnail","hentry","category-projets","post_format-post-format-gallery"],"yoast_head":"<!-- This site is optimized with the Yoast SEO plugin v27.5 - https:\/\/yoast.com\/product\/yoast-seo-wordpress\/ -->\n<title>Alquimodul, notre entreprise s\u0153ur, a expos\u00e9 \u00e0 Expomina 2016<\/title>\n<meta name=\"description\" content=\"Alquimodul, notre entreprise s\u0153ur, a expos\u00e9 \u00e0 Expomina 2016 son catalogue de modules en vente et \u00e0 louer pour les bases de vies miniers et camps de travail.\" \/>\n<meta name=\"robots\" content=\"index, follow, max-snippet:-1, max-image-preview:large, max-video-preview:-1\" \/>\n<link rel=\"canonical\" href=\"https:\/\/www.europa-prefabri.com\/fr\/alquimodul-notre-entreprise-soeur-a-expomina-2016\/\" \/>\n<meta property=\"og:locale\" content=\"fr_FR\" \/>\n<meta property=\"og:type\" content=\"article\" \/>\n<meta property=\"og:title\" content=\"Alquimodul, notre entreprise s\u0153ur, a expos\u00e9 \u00e0 Expomina 2016\" \/>\n<meta property=\"og:description\" content=\"Alquimodul, notre entreprise s\u0153ur, a expos\u00e9 \u00e0 Expomina 2016 son catalogue de modules en vente et \u00e0 louer pour les bases de vies miniers et camps de travail.\" \/>\n<meta property=\"og:url\" content=\"https:\/\/www.europa-prefabri.com\/fr\/alquimodul-notre-entreprise-soeur-a-expomina-2016\/\" \/>\n<meta property=\"og:site_name\" content=\"Europa Prefabri | Alquiler y venta de construcciones modulares\" \/>\n<meta property=\"article:publisher\" content=\"https:\/\/www.facebook.com\/Europa-Prefabri-258328977572213\/\" \/>\n<meta property=\"article:published_time\" content=\"2016-09-21T11:58:02+00:00\" \/>\n<meta property=\"article:modified_time\" content=\"2025-01-30T09:27:55+00:00\" \/>\n<meta property=\"og:image\" content=\"https:\/\/www.europa-prefabri.com\/wp-content\/uploads\/Expomina-2016.jpg\" \/>\n\t<meta property=\"og:image:width\" content=\"1200\" \/>\n\t<meta property=\"og:image:height\" content=\"705\" \/>\n\t<meta property=\"og:image:type\" content=\"image\/jpeg\" \/>\n<meta name=\"author\" content=\"admin\" \/>\n<meta name=\"twitter:card\" content=\"summary_large_image\" \/>\n<meta name=\"twitter:creator\" content=\"@EuropaPrefabri\" \/>\n<meta name=\"twitter:site\" content=\"@EuropaPrefabri\" \/>\n<meta name=\"twitter:label1\" content=\"Written by\" \/>\n\t<meta name=\"twitter:data1\" content=\"admin\" \/>\n\t<meta name=\"twitter:label2\" content=\"Est. reading time\" \/>\n\t<meta name=\"twitter:data2\" content=\"1 minute\" \/>\n<script type=\"application\/ld+json\" class=\"yoast-schema-graph\">{\"@context\":\"https:\\\/\\\/schema.org\",\"@graph\":[{\"@type\":\"Article\",\"@id\":\"https:\\\/\\\/www.europa-prefabri.com\\\/fr\\\/alquimodul-notre-entreprise-soeur-a-expomina-2016\\\/#article\",\"isPartOf\":{\"@id\":\"https:\\\/\\\/www.europa-prefabri.com\\\/fr\\\/alquimodul-notre-entreprise-soeur-a-expomina-2016\\\/\"},\"author\":{\"name\":\"admin\",\"@id\":\"https:\\\/\\\/www.europa-prefabri.com\\\/#\\\/schema\\\/person\\\/2ab6be5821a7026cd8f16d2a9411e86e\"},\"headline\":\"Alquimodul, notre entreprise s\u0153ur, a expos\u00e9 \u00e0 Expomina 2016\",\"datePublished\":\"2016-09-21T11:58:02+00:00\",\"dateModified\":\"2025-01-30T09:27:55+00:00\",\"mainEntityOfPage\":{\"@id\":\"https:\\\/\\\/www.europa-prefabri.com\\\/fr\\\/alquimodul-notre-entreprise-soeur-a-expomina-2016\\\/\"},\"wordCount\":306,\"publisher\":{\"@id\":\"https:\\\/\\\/www.europa-prefabri.com\\\/#organization\"},\"image\":{\"@id\":\"https:\\\/\\\/www.europa-prefabri.com\\\/fr\\\/alquimodul-notre-entreprise-soeur-a-expomina-2016\\\/#primaryimage\"},\"thumbnailUrl\":\"https:\\\/\\\/www.europa-prefabri.com\\\/wp-content\\\/uploads\\\/Expomina-2016.jpg\",\"articleSection\":[\"Projets\"],\"inLanguage\":\"fr-FR\"},{\"@type\":\"WebPage\",\"@id\":\"https:\\\/\\\/www.europa-prefabri.com\\\/fr\\\/alquimodul-notre-entreprise-soeur-a-expomina-2016\\\/\",\"url\":\"https:\\\/\\\/www.europa-prefabri.com\\\/fr\\\/alquimodul-notre-entreprise-soeur-a-expomina-2016\\\/\",\"name\":\"Alquimodul, notre entreprise s\u0153ur, a expos\u00e9 \u00e0 Expomina 2016\",\"isPartOf\":{\"@id\":\"https:\\\/\\\/www.europa-prefabri.com\\\/#website\"},\"primaryImageOfPage\":{\"@id\":\"https:\\\/\\\/www.europa-prefabri.com\\\/fr\\\/alquimodul-notre-entreprise-soeur-a-expomina-2016\\\/#primaryimage\"},\"image\":{\"@id\":\"https:\\\/\\\/www.europa-prefabri.com\\\/fr\\\/alquimodul-notre-entreprise-soeur-a-expomina-2016\\\/#primaryimage\"},\"thumbnailUrl\":\"https:\\\/\\\/www.europa-prefabri.com\\\/wp-content\\\/uploads\\\/Expomina-2016.jpg\",\"datePublished\":\"2016-09-21T11:58:02+00:00\",\"dateModified\":\"2025-01-30T09:27:55+00:00\",\"description\":\"Alquimodul, notre entreprise s\u0153ur, a expos\u00e9 \u00e0 Expomina 2016 son catalogue de modules en vente et \u00e0 louer pour les bases de vies miniers et camps de travail.\",\"breadcrumb\":{\"@id\":\"https:\\\/\\\/www.europa-prefabri.com\\\/fr\\\/alquimodul-notre-entreprise-soeur-a-expomina-2016\\\/#breadcrumb\"},\"inLanguage\":\"fr-FR\",\"potentialAction\":[{\"@type\":\"ReadAction\",\"target\":[\"https:\\\/\\\/www.europa-prefabri.com\\\/fr\\\/alquimodul-notre-entreprise-soeur-a-expomina-2016\\\/\"]}]},{\"@type\":\"ImageObject\",\"inLanguage\":\"fr-FR\",\"@id\":\"https:\\\/\\\/www.europa-prefabri.com\\\/fr\\\/alquimodul-notre-entreprise-soeur-a-expomina-2016\\\/#primaryimage\",\"url\":\"https:\\\/\\\/www.europa-prefabri.com\\\/wp-content\\\/uploads\\\/Expomina-2016.jpg\",\"contentUrl\":\"https:\\\/\\\/www.europa-prefabri.com\\\/wp-content\\\/uploads\\\/Expomina-2016.jpg\",\"width\":1200,\"height\":705},{\"@type\":\"BreadcrumbList\",\"@id\":\"https:\\\/\\\/www.europa-prefabri.com\\\/fr\\\/alquimodul-notre-entreprise-soeur-a-expomina-2016\\\/#breadcrumb\",\"itemListElement\":[{\"@type\":\"ListItem\",\"position\":1,\"name\":\"Portada\",\"item\":\"https:\\\/\\\/www.europa-prefabri.com\\\/fr\\\/\"},{\"@type\":\"ListItem\",\"position\":2,\"name\":\"Alquimodul, notre entreprise s\u0153ur, a expos\u00e9 \u00e0 Expomina 2016\"}]},{\"@type\":\"WebSite\",\"@id\":\"https:\\\/\\\/www.europa-prefabri.com\\\/#website\",\"url\":\"https:\\\/\\\/www.europa-prefabri.com\\\/\",\"name\":\"Europa Prefabri | Alquiler y venta de construcciones modulares\",\"description\":\"Alquiler y venta de construcciones modulares, casetas de obra, marquesinas de aparcamiento y vallas y cerramientos.\",\"publisher\":{\"@id\":\"https:\\\/\\\/www.europa-prefabri.com\\\/#organization\"},\"potentialAction\":[{\"@type\":\"SearchAction\",\"target\":{\"@type\":\"EntryPoint\",\"urlTemplate\":\"https:\\\/\\\/www.europa-prefabri.com\\\/?s={search_term_string}\"},\"query-input\":{\"@type\":\"PropertyValueSpecification\",\"valueRequired\":true,\"valueName\":\"search_term_string\"}}],\"inLanguage\":\"fr-FR\"},{\"@type\":\"Organization\",\"@id\":\"https:\\\/\\\/www.europa-prefabri.com\\\/#organization\",\"name\":\"Prefabri S.L.\",\"url\":\"https:\\\/\\\/www.europa-prefabri.com\\\/\",\"logo\":{\"@type\":\"ImageObject\",\"inLanguage\":\"fr-FR\",\"@id\":\"https:\\\/\\\/www.europa-prefabri.com\\\/#\\\/schema\\\/logo\\\/image\\\/\",\"url\":\"https:\\\/\\\/www.europa-prefabri.com\\\/wp-content\\\/uploads\\\/EuropaPrefabri-Logo.jpg\",\"contentUrl\":\"https:\\\/\\\/www.europa-prefabri.com\\\/wp-content\\\/uploads\\\/EuropaPrefabri-Logo.jpg\",\"width\":752,\"height\":348,\"caption\":\"Prefabri S.L.\"},\"image\":{\"@id\":\"https:\\\/\\\/www.europa-prefabri.com\\\/#\\\/schema\\\/logo\\\/image\\\/\"},\"sameAs\":[\"https:\\\/\\\/www.facebook.com\\\/Europa-Prefabri-258328977572213\\\/\",\"https:\\\/\\\/x.com\\\/EuropaPrefabri\",\"https:\\\/\\\/www.instagram.com\\\/europaprefabri\\\/\",\"https:\\\/\\\/es.linkedin.com\\\/company\\\/europa-prefabri\",\"https:\\\/\\\/es.pinterest.com\\\/europaprefabri\\\/\",\"https:\\\/\\\/www.youtube.com\\\/user\\\/PrefabriSL\"]},{\"@type\":\"Person\",\"@id\":\"https:\\\/\\\/www.europa-prefabri.com\\\/#\\\/schema\\\/person\\\/2ab6be5821a7026cd8f16d2a9411e86e\",\"name\":\"admin\",\"image\":{\"@type\":\"ImageObject\",\"inLanguage\":\"fr-FR\",\"@id\":\"https:\\\/\\\/secure.gravatar.com\\\/avatar\\\/dc55d3f4b941a1510eef2620b2c166513788bd88ef72341333b6d0a859bacd3c?s=96&d=mm&r=g\",\"url\":\"https:\\\/\\\/secure.gravatar.com\\\/avatar\\\/dc55d3f4b941a1510eef2620b2c166513788bd88ef72341333b6d0a859bacd3c?s=96&d=mm&r=g\",\"contentUrl\":\"https:\\\/\\\/secure.gravatar.com\\\/avatar\\\/dc55d3f4b941a1510eef2620b2c166513788bd88ef72341333b6d0a859bacd3c?s=96&d=mm&r=g\",\"caption\":\"admin\"},\"sameAs\":[\"https:\\\/\\\/www.europa-prefabri.com\",\"https:\\\/\\\/x.com\\\/@EuropaPrefabri\"]}]}<\/script>\n<!-- \/ Yoast SEO plugin. -->","yoast_head_json":{"title":"Alquimodul, notre entreprise s\u0153ur, a expos\u00e9 \u00e0 Expomina 2016","description":"Alquimodul, notre entreprise s\u0153ur, a expos\u00e9 \u00e0 Expomina 2016 son catalogue de modules en vente et \u00e0 louer pour les bases de vies miniers et camps de travail.","robots":{"index":"index","follow":"follow","max-snippet":"max-snippet:-1","max-image-preview":"max-image-preview:large","max-video-preview":"max-video-preview:-1"},"canonical":"https:\/\/www.europa-prefabri.com\/fr\/alquimodul-notre-entreprise-soeur-a-expomina-2016\/","og_locale":"fr_FR","og_type":"article","og_title":"Alquimodul, notre entreprise s\u0153ur, a expos\u00e9 \u00e0 Expomina 2016","og_description":"Alquimodul, notre entreprise s\u0153ur, a expos\u00e9 \u00e0 Expomina 2016 son catalogue de modules en vente et \u00e0 louer pour les bases de vies miniers et camps de travail.","og_url":"https:\/\/www.europa-prefabri.com\/fr\/alquimodul-notre-entreprise-soeur-a-expomina-2016\/","og_site_name":"Europa Prefabri | Alquiler y venta de construcciones modulares","article_publisher":"https:\/\/www.facebook.com\/Europa-Prefabri-258328977572213\/","article_published_time":"2016-09-21T11:58:02+00:00","article_modified_time":"2025-01-30T09:27:55+00:00","og_image":[{"width":1200,"height":705,"url":"https:\/\/www.europa-prefabri.com\/wp-content\/uploads\/Expomina-2016.jpg","type":"image\/jpeg"}],"author":"admin","twitter_card":"summary_large_image","twitter_creator":"@EuropaPrefabri","twitter_site":"@EuropaPrefabri","twitter_misc":{"Written by":"admin","Est. reading time":"1 minute"},"schema":{"@context":"https:\/\/schema.org","@graph":[{"@type":"Article","@id":"https:\/\/www.europa-prefabri.com\/fr\/alquimodul-notre-entreprise-soeur-a-expomina-2016\/#article","isPartOf":{"@id":"https:\/\/www.europa-prefabri.com\/fr\/alquimodul-notre-entreprise-soeur-a-expomina-2016\/"},"author":{"name":"admin","@id":"https:\/\/www.europa-prefabri.com\/#\/schema\/person\/2ab6be5821a7026cd8f16d2a9411e86e"},"headline":"Alquimodul, notre entreprise s\u0153ur, a expos\u00e9 \u00e0 Expomina 2016","datePublished":"2016-09-21T11:58:02+00:00","dateModified":"2025-01-30T09:27:55+00:00","mainEntityOfPage":{"@id":"https:\/\/www.europa-prefabri.com\/fr\/alquimodul-notre-entreprise-soeur-a-expomina-2016\/"},"wordCount":306,"publisher":{"@id":"https:\/\/www.europa-prefabri.com\/#organization"},"image":{"@id":"https:\/\/www.europa-prefabri.com\/fr\/alquimodul-notre-entreprise-soeur-a-expomina-2016\/#primaryimage"},"thumbnailUrl":"https:\/\/www.europa-prefabri.com\/wp-content\/uploads\/Expomina-2016.jpg","articleSection":["Projets"],"inLanguage":"fr-FR"},{"@type":"WebPage","@id":"https:\/\/www.europa-prefabri.com\/fr\/alquimodul-notre-entreprise-soeur-a-expomina-2016\/","url":"https:\/\/www.europa-prefabri.com\/fr\/alquimodul-notre-entreprise-soeur-a-expomina-2016\/","name":"Alquimodul, notre entreprise s\u0153ur, a expos\u00e9 \u00e0 Expomina 2016","isPartOf":{"@id":"https:\/\/www.europa-prefabri.com\/#website"},"primaryImageOfPage":{"@id":"https:\/\/www.europa-prefabri.com\/fr\/alquimodul-notre-entreprise-soeur-a-expomina-2016\/#primaryimage"},"image":{"@id":"https:\/\/www.europa-prefabri.com\/fr\/alquimodul-notre-entreprise-soeur-a-expomina-2016\/#primaryimage"},"thumbnailUrl":"https:\/\/www.europa-prefabri.com\/wp-content\/uploads\/Expomina-2016.jpg","datePublished":"2016-09-21T11:58:02+00:00","dateModified":"2025-01-30T09:27:55+00:00","description":"Alquimodul, notre entreprise s\u0153ur, a expos\u00e9 \u00e0 Expomina 2016 son catalogue de modules en vente et \u00e0 louer pour les bases de vies miniers et camps de travail.","breadcrumb":{"@id":"https:\/\/www.europa-prefabri.com\/fr\/alquimodul-notre-entreprise-soeur-a-expomina-2016\/#breadcrumb"},"inLanguage":"fr-FR","potentialAction":[{"@type":"ReadAction","target":["https:\/\/www.europa-prefabri.com\/fr\/alquimodul-notre-entreprise-soeur-a-expomina-2016\/"]}]},{"@type":"ImageObject","inLanguage":"fr-FR","@id":"https:\/\/www.europa-prefabri.com\/fr\/alquimodul-notre-entreprise-soeur-a-expomina-2016\/#primaryimage","url":"https:\/\/www.europa-prefabri.com\/wp-content\/uploads\/Expomina-2016.jpg","contentUrl":"https:\/\/www.europa-prefabri.com\/wp-content\/uploads\/Expomina-2016.jpg","width":1200,"height":705},{"@type":"BreadcrumbList","@id":"https:\/\/www.europa-prefabri.com\/fr\/alquimodul-notre-entreprise-soeur-a-expomina-2016\/#breadcrumb","itemListElement":[{"@type":"ListItem","position":1,"name":"Portada","item":"https:\/\/www.europa-prefabri.com\/fr\/"},{"@type":"ListItem","position":2,"name":"Alquimodul, notre entreprise s\u0153ur, a expos\u00e9 \u00e0 Expomina 2016"}]},{"@type":"WebSite","@id":"https:\/\/www.europa-prefabri.com\/#website","url":"https:\/\/www.europa-prefabri.com\/","name":"Europa Prefabri | Alquiler y venta de construcciones modulares","description":"Alquiler y venta de construcciones modulares, casetas de obra, marquesinas de aparcamiento y vallas y cerramientos.","publisher":{"@id":"https:\/\/www.europa-prefabri.com\/#organization"},"potentialAction":[{"@type":"SearchAction","target":{"@type":"EntryPoint","urlTemplate":"https:\/\/www.europa-prefabri.com\/?s={search_term_string}"},"query-input":{"@type":"PropertyValueSpecification","valueRequired":true,"valueName":"search_term_string"}}],"inLanguage":"fr-FR"},{"@type":"Organization","@id":"https:\/\/www.europa-prefabri.com\/#organization","name":"Prefabri S.L.","url":"https:\/\/www.europa-prefabri.com\/","logo":{"@type":"ImageObject","inLanguage":"fr-FR","@id":"https:\/\/www.europa-prefabri.com\/#\/schema\/logo\/image\/","url":"https:\/\/www.europa-prefabri.com\/wp-content\/uploads\/EuropaPrefabri-Logo.jpg","contentUrl":"https:\/\/www.europa-prefabri.com\/wp-content\/uploads\/EuropaPrefabri-Logo.jpg","width":752,"height":348,"caption":"Prefabri S.L."},"image":{"@id":"https:\/\/www.europa-prefabri.com\/#\/schema\/logo\/image\/"},"sameAs":["https:\/\/www.facebook.com\/Europa-Prefabri-258328977572213\/","https:\/\/x.com\/EuropaPrefabri","https:\/\/www.instagram.com\/europaprefabri\/","https:\/\/es.linkedin.com\/company\/europa-prefabri","https:\/\/es.pinterest.com\/europaprefabri\/","https:\/\/www.youtube.com\/user\/PrefabriSL"]},{"@type":"Person","@id":"https:\/\/www.europa-prefabri.com\/#\/schema\/person\/2ab6be5821a7026cd8f16d2a9411e86e","name":"admin","image":{"@type":"ImageObject","inLanguage":"fr-FR","@id":"https:\/\/secure.gravatar.com\/avatar\/dc55d3f4b941a1510eef2620b2c166513788bd88ef72341333b6d0a859bacd3c?s=96&d=mm&r=g","url":"https:\/\/secure.gravatar.com\/avatar\/dc55d3f4b941a1510eef2620b2c166513788bd88ef72341333b6d0a859bacd3c?s=96&d=mm&r=g","contentUrl":"https:\/\/secure.gravatar.com\/avatar\/dc55d3f4b941a1510eef2620b2c166513788bd88ef72341333b6d0a859bacd3c?s=96&d=mm&r=g","caption":"admin"},"sameAs":["https:\/\/www.europa-prefabri.com","https:\/\/x.com\/@EuropaPrefabri"]}]}},"_links":{"self":[{"href":"https:\/\/www.europa-prefabri.com\/fr\/wp-json\/wp\/v2\/posts\/14475","targetHints":{"allow":["GET"]}}],"collection":[{"href":"https:\/\/www.europa-prefabri.com\/fr\/wp-json\/wp\/v2\/posts"}],"about":[{"href":"https:\/\/www.europa-prefabri.com\/fr\/wp-json\/wp\/v2\/types\/post"}],"author":[{"embeddable":true,"href":"https:\/\/www.europa-prefabri.com\/fr\/wp-json\/wp\/v2\/users\/4"}],"replies":[{"embeddable":true,"href":"https:\/\/www.europa-prefabri.com\/fr\/wp-json\/wp\/v2\/comments?post=14475"}],"version-history":[{"count":2,"href":"https:\/\/www.europa-prefabri.com\/fr\/wp-json\/wp\/v2\/posts\/14475\/revisions"}],"predecessor-version":[{"id":35548,"href":"https:\/\/www.europa-prefabri.com\/fr\/wp-json\/wp\/v2\/posts\/14475\/revisions\/35548"}],"wp:featuredmedia":[{"embeddable":true,"href":"https:\/\/www.europa-prefabri.com\/fr\/wp-json\/wp\/v2\/media\/11229"}],"wp:attachment":[{"href":"https:\/\/www.europa-prefabri.com\/fr\/wp-json\/wp\/v2\/media?parent=14475"}],"wp:term":[{"taxonomy":"category","embeddable":true,"href":"https:\/\/www.europa-prefabri.com\/fr\/wp-json\/wp\/v2\/categories?post=14475"},{"taxonomy":"post_tag","embeddable":true,"href":"https:\/\/www.europa-prefabri.com\/fr\/wp-json\/wp\/v2\/tags?post=14475"}],"curies":[{"name":"wp","href":"https:\/\/api.w.org\/{rel}","templated":true}]}}