{"id":14469,"date":"2016-10-11T11:53:50","date_gmt":"2016-10-11T11:53:50","guid":{"rendered":"http:\/\/www.europa-prefabri.com\/fr\/?p=14469"},"modified":"2017-03-23T09:50:25","modified_gmt":"2017-03-23T09:50:25","slug":"carports-pour-le-parking","status":"publish","type":"post","link":"https:\/\/www.europa-prefabri.com\/fr\/carports-pour-le-parking\/","title":{"rendered":"Carports pour le parking de la Marine Espagnole | ET Europa"},"content":{"rendered":"\n\t\t<style type=\"text\/css\">\n\t\t\t#gallery-1 {\n\t\t\t\tmargin: auto;\n\t\t\t}\n\t\t\t#gallery-1 .gallery-item {\n\t\t\t\tfloat: left;\n\t\t\t\tmargin-top: 10px;\n\t\t\t\ttext-align: center;\n\t\t\t\twidth: 11%;\n\t\t\t}\n\t\t\t#gallery-1 img {\n\t\t\t\tborder: 2px solid #cfcfcf;\n\t\t\t}\n\t\t\t#gallery-1 .gallery-caption {\n\t\t\t\tmargin-left: 0;\n\t\t\t}\n\t\t\t\/* see gallery_shortcode() in wp-includes\/media.php *\/\n\t\t<\/style>\n\t\t<div id='gallery-1' class='gallery galleryid-14469 gallery-columns-9 gallery-size-thumbnail'><dl class='gallery-item'>\n\t\t\t<dt class='gallery-icon landscape'>\n\t\t\t\t<a href='https:\/\/www.europa-prefabri.com\/fr\/img-20160908-wa0015\/'><img loading=\"lazy\" decoding=\"async\" width=\"80\" height=\"80\" src=\"https:\/\/www.europa-prefabri.com\/wp-content\/uploads\/IMG-20160908-WA0015-80x80.png\" class=\"attachment-thumbnail size-thumbnail\" alt=\"marquesinas-de parking-para-la-marina-espanola-04\" aria-describedby=\"gallery-1-11360\" srcset=\"https:\/\/www.europa-prefabri.com\/wp-content\/uploads\/IMG-20160908-WA0015-80x80.png 80w, https:\/\/www.europa-prefabri.com\/wp-content\/uploads\/IMG-20160908-WA0015-36x36.png 36w, https:\/\/www.europa-prefabri.com\/wp-content\/uploads\/IMG-20160908-WA0015-180x180.png 180w, https:\/\/www.europa-prefabri.com\/wp-content\/uploads\/IMG-20160908-WA0015-120x120.png 120w, https:\/\/www.europa-prefabri.com\/wp-content\/uploads\/IMG-20160908-WA0015-450x450.png 450w\" sizes=\"auto, (max-width: 80px) 100vw, 80px\" \/><\/a>\n\t\t\t<\/dt>\n\t\t\t\t<dd class='wp-caption-text gallery-caption' id='gallery-1-11360'>\n\t\t\t\tParking canopy\n\t\t\t\t<\/dd><\/dl><dl class='gallery-item'>\n\t\t\t<dt class='gallery-icon landscape'>\n\t\t\t\t<a href='https:\/\/www.europa-prefabri.com\/fr\/img-20160908-wa0009\/'><img loading=\"lazy\" decoding=\"async\" width=\"80\" height=\"80\" src=\"https:\/\/www.europa-prefabri.com\/wp-content\/uploads\/IMG-20160908-WA0009-80x80.png\" class=\"attachment-thumbnail size-thumbnail\" alt=\"marquesinas-de parking-para-la-marina-espanola-07\" aria-describedby=\"gallery-1-11348\" srcset=\"https:\/\/www.europa-prefabri.com\/wp-content\/uploads\/IMG-20160908-WA0009-80x80.png 80w, https:\/\/www.europa-prefabri.com\/wp-content\/uploads\/IMG-20160908-WA0009-36x36.png 36w, https:\/\/www.europa-prefabri.com\/wp-content\/uploads\/IMG-20160908-WA0009-180x180.png 180w, https:\/\/www.europa-prefabri.com\/wp-content\/uploads\/IMG-20160908-WA0009-120x120.png 120w, https:\/\/www.europa-prefabri.com\/wp-content\/uploads\/IMG-20160908-WA0009-450x450.png 450w\" sizes=\"auto, (max-width: 80px) 100vw, 80px\" \/><\/a>\n\t\t\t<\/dt>\n\t\t\t\t<dd class='wp-caption-text gallery-caption' id='gallery-1-11348'>\n\t\t\t\tCarport\n\t\t\t\t<\/dd><\/dl><dl class='gallery-item'>\n\t\t\t<dt class='gallery-icon landscape'>\n\t\t\t\t<a href='https:\/\/www.europa-prefabri.com\/fr\/img-20160908-wa0013\/'><img loading=\"lazy\" decoding=\"async\" width=\"80\" height=\"80\" src=\"https:\/\/www.europa-prefabri.com\/wp-content\/uploads\/IMG-20160908-WA0013-80x80.png\" class=\"attachment-thumbnail size-thumbnail\" alt=\"marquesinas-de parking-para-la-marina-espanola-05\" aria-describedby=\"gallery-1-11356\" srcset=\"https:\/\/www.europa-prefabri.com\/wp-content\/uploads\/IMG-20160908-WA0013-80x80.png 80w, https:\/\/www.europa-prefabri.com\/wp-content\/uploads\/IMG-20160908-WA0013-36x36.png 36w, https:\/\/www.europa-prefabri.com\/wp-content\/uploads\/IMG-20160908-WA0013-180x180.png 180w, https:\/\/www.europa-prefabri.com\/wp-content\/uploads\/IMG-20160908-WA0013-120x120.png 120w, https:\/\/www.europa-prefabri.com\/wp-content\/uploads\/IMG-20160908-WA0013-450x450.png 450w\" sizes=\"auto, (max-width: 80px) 100vw, 80px\" \/><\/a>\n\t\t\t<\/dt>\n\t\t\t\t<dd class='wp-caption-text gallery-caption' id='gallery-1-11356'>\n\t\t\t\tParking Canopy Europa Prefabri\n\t\t\t\t<\/dd><\/dl><dl class='gallery-item'>\n\t\t\t<dt class='gallery-icon landscape'>\n\t\t\t\t<a href='https:\/\/www.europa-prefabri.com\/fr\/img-20160908-wa0010\/'><img loading=\"lazy\" decoding=\"async\" width=\"80\" height=\"80\" src=\"https:\/\/www.europa-prefabri.com\/wp-content\/uploads\/IMG-20160908-WA0010-80x80.png\" class=\"attachment-thumbnail size-thumbnail\" alt=\"marquesinas-de parking-para-la-marina-espanola-06\" srcset=\"https:\/\/www.europa-prefabri.com\/wp-content\/uploads\/IMG-20160908-WA0010-80x80.png 80w, https:\/\/www.europa-prefabri.com\/wp-content\/uploads\/IMG-20160908-WA0010-36x36.png 36w, https:\/\/www.europa-prefabri.com\/wp-content\/uploads\/IMG-20160908-WA0010-180x180.png 180w, https:\/\/www.europa-prefabri.com\/wp-content\/uploads\/IMG-20160908-WA0010-120x120.png 120w, https:\/\/www.europa-prefabri.com\/wp-content\/uploads\/IMG-20160908-WA0010-450x450.png 450w\" sizes=\"auto, (max-width: 80px) 100vw, 80px\" \/><\/a>\n\t\t\t<\/dt><\/dl><dl class='gallery-item'>\n\t\t\t<dt class='gallery-icon landscape'>\n\t\t\t\t<a href='https:\/\/www.europa-prefabri.com\/fr\/img-20160908-wa0017-2\/'><img loading=\"lazy\" decoding=\"async\" width=\"80\" height=\"80\" src=\"https:\/\/www.europa-prefabri.com\/wp-content\/uploads\/IMG-20160908-WA0017-80x80.png\" class=\"attachment-thumbnail size-thumbnail\" alt=\"\" srcset=\"https:\/\/www.europa-prefabri.com\/wp-content\/uploads\/IMG-20160908-WA0017-80x80.png 80w, https:\/\/www.europa-prefabri.com\/wp-content\/uploads\/IMG-20160908-WA0017-36x36.png 36w, https:\/\/www.europa-prefabri.com\/wp-content\/uploads\/IMG-20160908-WA0017-180x180.png 180w, https:\/\/www.europa-prefabri.com\/wp-content\/uploads\/IMG-20160908-WA0017-120x120.png 120w, https:\/\/www.europa-prefabri.com\/wp-content\/uploads\/IMG-20160908-WA0017-450x450.png 450w\" sizes=\"auto, (max-width: 80px) 100vw, 80px\" \/><\/a>\n\t\t\t<\/dt><\/dl><dl class='gallery-item'>\n\t\t\t<dt class='gallery-icon landscape'>\n\t\t\t\t<a href='https:\/\/www.europa-prefabri.com\/fr\/img-20160908-wa0022\/'><img loading=\"lazy\" decoding=\"async\" width=\"80\" height=\"80\" src=\"https:\/\/www.europa-prefabri.com\/wp-content\/uploads\/IMG-20160908-WA0022-80x80.png\" class=\"attachment-thumbnail size-thumbnail\" alt=\"marquesinas de aparcamiento para la marina espanola\" srcset=\"https:\/\/www.europa-prefabri.com\/wp-content\/uploads\/IMG-20160908-WA0022-80x80.png 80w, https:\/\/www.europa-prefabri.com\/wp-content\/uploads\/IMG-20160908-WA0022-36x36.png 36w, https:\/\/www.europa-prefabri.com\/wp-content\/uploads\/IMG-20160908-WA0022-180x180.png 180w, https:\/\/www.europa-prefabri.com\/wp-content\/uploads\/IMG-20160908-WA0022-120x120.png 120w, https:\/\/www.europa-prefabri.com\/wp-content\/uploads\/IMG-20160908-WA0022-450x450.png 450w\" sizes=\"auto, (max-width: 80px) 100vw, 80px\" \/><\/a>\n\t\t\t<\/dt><\/dl>\n\t\t\t<br style='clear: both' \/>\n\t\t<\/div>\n\n<p>Nous avons fabriqu\u00e9 et install\u00e9 des carports pour le parking de\u00a0la Marine Espagnole.<\/p>\n<p>Les supports exig\u00e9s par notre client sont de type B, avec un petit talon qui ne g\u00e8ne pas pour se garer, et donne au carport\u00a0un rendu plus esth\u00e9tique.<\/p>\n<p>La finition choisie est une couverture de couleur gris pierre laqu\u00e9e et la structure est peinte avec OXIDON GRIS de finition de deux couches d\u2019anti-phosphate et antirouille.<\/p>\n<p>Voici le r\u00e9sultat final.<\/p>\n<p>Ici, EUROPA PREFABRI a aussi r\u00e9alis\u00e9 le chantier, l&#8217;ouverture de puits et du b\u00e9tonnage des ancrages.<\/p>\n<p>Livraison du produit cl\u00e9 en main.<\/p>\n<p>&nbsp;<\/p>\n","protected":false},"excerpt":{"rendered":"<p>Nous avons fabriqu\u00e9 et install\u00e9 des carports pour le parking de\u00a0la Marine Espagnole. Les supports exig\u00e9s par notre client sont de type B, avec un petit talon qui ne g\u00e8ne pas pour se garer, et donne au carport\u00a0un rendu plus esth\u00e9tique. La finition choisie est une couverture de couleur gris pierre laqu\u00e9e et la structure [&hellip;]<\/p>\n","protected":false},"author":4,"featured_media":0,"comment_status":"closed","ping_status":"closed","sticky":false,"template":"","format":"gallery","meta":{"footnotes":""},"categories":[58],"tags":[348,330],"class_list":["post-14469","post","type-post","status-publish","format-gallery","hentry","category-projets","tag-abris-voiture","tag-carport","post_format-post-format-gallery"],"yoast_head":"<!-- This site is optimized with the Yoast SEO plugin v27.5 - https:\/\/yoast.com\/product\/yoast-seo-wordpress\/ -->\n<title>Carports pour le parking de la Marine Espagnole l Prefabri<\/title>\n<meta name=\"description\" content=\"Nous avons fabriqu\u00e9 et install\u00e9 des carports pour le parking de la Marine Espagnole. Nous proposons tous types d&#039;abris voiture: textiles ou m\u00e9talliques\" \/>\n<meta name=\"robots\" content=\"index, follow, max-snippet:-1, max-image-preview:large, max-video-preview:-1\" \/>\n<link rel=\"canonical\" href=\"https:\/\/www.europa-prefabri.com\/fr\/carports-pour-le-parking\/\" \/>\n<meta property=\"og:locale\" content=\"fr_FR\" \/>\n<meta property=\"og:type\" content=\"article\" \/>\n<meta property=\"og:title\" content=\"Carports pour le parking de la Marine Espagnole l Prefabri\" \/>\n<meta property=\"og:description\" content=\"Nous avons fabriqu\u00e9 et install\u00e9 des carports pour le parking de la Marine Espagnole. Nous proposons tous types d&#039;abris voiture: textiles ou m\u00e9talliques\" \/>\n<meta property=\"og:url\" content=\"https:\/\/www.europa-prefabri.com\/fr\/carports-pour-le-parking\/\" \/>\n<meta property=\"og:site_name\" content=\"Europa Prefabri | Alquiler y venta de construcciones modulares\" \/>\n<meta property=\"article:publisher\" content=\"https:\/\/www.facebook.com\/Europa-Prefabri-258328977572213\/\" \/>\n<meta property=\"article:published_time\" content=\"2016-10-11T11:53:50+00:00\" \/>\n<meta property=\"article:modified_time\" content=\"2017-03-23T09:50:25+00:00\" \/>\n<meta property=\"og:image\" content=\"https:\/\/www.europa-prefabri.com\/wp-content\/uploads\/IMG-20160908-WA0017-80x80.png\" \/>\n<meta name=\"author\" content=\"admin\" \/>\n<meta name=\"twitter:card\" content=\"summary_large_image\" \/>\n<meta name=\"twitter:creator\" content=\"@EuropaPrefabri\" \/>\n<meta name=\"twitter:site\" content=\"@EuropaPrefabri\" \/>\n<meta name=\"twitter:label1\" content=\"Written by\" \/>\n\t<meta name=\"twitter:data1\" content=\"admin\" \/>\n\t<meta name=\"twitter:label2\" content=\"Est. reading time\" \/>\n\t<meta name=\"twitter:data2\" content=\"1 minute\" \/>\n<script type=\"application\/ld+json\" class=\"yoast-schema-graph\">{\"@context\":\"https:\\\/\\\/schema.org\",\"@graph\":[{\"@type\":\"Article\",\"@id\":\"https:\\\/\\\/www.europa-prefabri.com\\\/fr\\\/carports-pour-le-parking\\\/#article\",\"isPartOf\":{\"@id\":\"https:\\\/\\\/www.europa-prefabri.com\\\/fr\\\/carports-pour-le-parking\\\/\"},\"author\":{\"name\":\"admin\",\"@id\":\"https:\\\/\\\/www.europa-prefabri.com\\\/#\\\/schema\\\/person\\\/2ab6be5821a7026cd8f16d2a9411e86e\"},\"headline\":\"Carports pour le parking de la Marine Espagnole | ET Europa\",\"datePublished\":\"2016-10-11T11:53:50+00:00\",\"dateModified\":\"2017-03-23T09:50:25+00:00\",\"mainEntityOfPage\":{\"@id\":\"https:\\\/\\\/www.europa-prefabri.com\\\/fr\\\/carports-pour-le-parking\\\/\"},\"wordCount\":118,\"publisher\":{\"@id\":\"https:\\\/\\\/www.europa-prefabri.com\\\/#organization\"},\"keywords\":[\"abris voiture\",\"carport\"],\"articleSection\":[\"Projets\"],\"inLanguage\":\"fr-FR\"},{\"@type\":\"WebPage\",\"@id\":\"https:\\\/\\\/www.europa-prefabri.com\\\/fr\\\/carports-pour-le-parking\\\/\",\"url\":\"https:\\\/\\\/www.europa-prefabri.com\\\/fr\\\/carports-pour-le-parking\\\/\",\"name\":\"Carports pour le parking de la Marine Espagnole l Prefabri\",\"isPartOf\":{\"@id\":\"https:\\\/\\\/www.europa-prefabri.com\\\/#website\"},\"datePublished\":\"2016-10-11T11:53:50+00:00\",\"dateModified\":\"2017-03-23T09:50:25+00:00\",\"description\":\"Nous avons fabriqu\u00e9 et install\u00e9 des carports pour le parking de la Marine Espagnole. Nous proposons tous types d'abris voiture: textiles ou m\u00e9talliques\",\"breadcrumb\":{\"@id\":\"https:\\\/\\\/www.europa-prefabri.com\\\/fr\\\/carports-pour-le-parking\\\/#breadcrumb\"},\"inLanguage\":\"fr-FR\",\"potentialAction\":[{\"@type\":\"ReadAction\",\"target\":[\"https:\\\/\\\/www.europa-prefabri.com\\\/fr\\\/carports-pour-le-parking\\\/\"]}]},{\"@type\":\"BreadcrumbList\",\"@id\":\"https:\\\/\\\/www.europa-prefabri.com\\\/fr\\\/carports-pour-le-parking\\\/#breadcrumb\",\"itemListElement\":[{\"@type\":\"ListItem\",\"position\":1,\"name\":\"Portada\",\"item\":\"https:\\\/\\\/www.europa-prefabri.com\\\/fr\\\/\"},{\"@type\":\"ListItem\",\"position\":2,\"name\":\"Carports pour le parking de la Marine Espagnole | ET Europa\"}]},{\"@type\":\"WebSite\",\"@id\":\"https:\\\/\\\/www.europa-prefabri.com\\\/#website\",\"url\":\"https:\\\/\\\/www.europa-prefabri.com\\\/\",\"name\":\"Europa Prefabri | Alquiler y venta de construcciones modulares\",\"description\":\"Alquiler y venta de construcciones modulares, casetas de obra, marquesinas de aparcamiento y vallas y cerramientos.\",\"publisher\":{\"@id\":\"https:\\\/\\\/www.europa-prefabri.com\\\/#organization\"},\"potentialAction\":[{\"@type\":\"SearchAction\",\"target\":{\"@type\":\"EntryPoint\",\"urlTemplate\":\"https:\\\/\\\/www.europa-prefabri.com\\\/?s={search_term_string}\"},\"query-input\":{\"@type\":\"PropertyValueSpecification\",\"valueRequired\":true,\"valueName\":\"search_term_string\"}}],\"inLanguage\":\"fr-FR\"},{\"@type\":\"Organization\",\"@id\":\"https:\\\/\\\/www.europa-prefabri.com\\\/#organization\",\"name\":\"Prefabri S.L.\",\"url\":\"https:\\\/\\\/www.europa-prefabri.com\\\/\",\"logo\":{\"@type\":\"ImageObject\",\"inLanguage\":\"fr-FR\",\"@id\":\"https:\\\/\\\/www.europa-prefabri.com\\\/#\\\/schema\\\/logo\\\/image\\\/\",\"url\":\"https:\\\/\\\/www.europa-prefabri.com\\\/wp-content\\\/uploads\\\/EuropaPrefabri-Logo.jpg\",\"contentUrl\":\"https:\\\/\\\/www.europa-prefabri.com\\\/wp-content\\\/uploads\\\/EuropaPrefabri-Logo.jpg\",\"width\":752,\"height\":348,\"caption\":\"Prefabri S.L.\"},\"image\":{\"@id\":\"https:\\\/\\\/www.europa-prefabri.com\\\/#\\\/schema\\\/logo\\\/image\\\/\"},\"sameAs\":[\"https:\\\/\\\/www.facebook.com\\\/Europa-Prefabri-258328977572213\\\/\",\"https:\\\/\\\/x.com\\\/EuropaPrefabri\",\"https:\\\/\\\/www.instagram.com\\\/europaprefabri\\\/\",\"https:\\\/\\\/es.linkedin.com\\\/company\\\/europa-prefabri\",\"https:\\\/\\\/es.pinterest.com\\\/europaprefabri\\\/\",\"https:\\\/\\\/www.youtube.com\\\/user\\\/PrefabriSL\"]},{\"@type\":\"Person\",\"@id\":\"https:\\\/\\\/www.europa-prefabri.com\\\/#\\\/schema\\\/person\\\/2ab6be5821a7026cd8f16d2a9411e86e\",\"name\":\"admin\",\"image\":{\"@type\":\"ImageObject\",\"inLanguage\":\"fr-FR\",\"@id\":\"https:\\\/\\\/secure.gravatar.com\\\/avatar\\\/dc55d3f4b941a1510eef2620b2c166513788bd88ef72341333b6d0a859bacd3c?s=96&d=mm&r=g\",\"url\":\"https:\\\/\\\/secure.gravatar.com\\\/avatar\\\/dc55d3f4b941a1510eef2620b2c166513788bd88ef72341333b6d0a859bacd3c?s=96&d=mm&r=g\",\"contentUrl\":\"https:\\\/\\\/secure.gravatar.com\\\/avatar\\\/dc55d3f4b941a1510eef2620b2c166513788bd88ef72341333b6d0a859bacd3c?s=96&d=mm&r=g\",\"caption\":\"admin\"},\"sameAs\":[\"https:\\\/\\\/www.europa-prefabri.com\",\"https:\\\/\\\/x.com\\\/@EuropaPrefabri\"]}]}<\/script>\n<!-- \/ Yoast SEO plugin. -->","yoast_head_json":{"title":"Carports pour le parking de la Marine Espagnole l Prefabri","description":"Nous avons fabriqu\u00e9 et install\u00e9 des carports pour le parking de la Marine Espagnole. Nous proposons tous types d'abris voiture: textiles ou m\u00e9talliques","robots":{"index":"index","follow":"follow","max-snippet":"max-snippet:-1","max-image-preview":"max-image-preview:large","max-video-preview":"max-video-preview:-1"},"canonical":"https:\/\/www.europa-prefabri.com\/fr\/carports-pour-le-parking\/","og_locale":"fr_FR","og_type":"article","og_title":"Carports pour le parking de la Marine Espagnole l Prefabri","og_description":"Nous avons fabriqu\u00e9 et install\u00e9 des carports pour le parking de la Marine Espagnole. Nous proposons tous types d'abris voiture: textiles ou m\u00e9talliques","og_url":"https:\/\/www.europa-prefabri.com\/fr\/carports-pour-le-parking\/","og_site_name":"Europa Prefabri | Alquiler y venta de construcciones modulares","article_publisher":"https:\/\/www.facebook.com\/Europa-Prefabri-258328977572213\/","article_published_time":"2016-10-11T11:53:50+00:00","article_modified_time":"2017-03-23T09:50:25+00:00","og_image":[{"url":"https:\/\/www.europa-prefabri.com\/wp-content\/uploads\/IMG-20160908-WA0017-80x80.png","type":"","width":"","height":""}],"author":"admin","twitter_card":"summary_large_image","twitter_creator":"@EuropaPrefabri","twitter_site":"@EuropaPrefabri","twitter_misc":{"Written by":"admin","Est. reading time":"1 minute"},"schema":{"@context":"https:\/\/schema.org","@graph":[{"@type":"Article","@id":"https:\/\/www.europa-prefabri.com\/fr\/carports-pour-le-parking\/#article","isPartOf":{"@id":"https:\/\/www.europa-prefabri.com\/fr\/carports-pour-le-parking\/"},"author":{"name":"admin","@id":"https:\/\/www.europa-prefabri.com\/#\/schema\/person\/2ab6be5821a7026cd8f16d2a9411e86e"},"headline":"Carports pour le parking de la Marine Espagnole | ET Europa","datePublished":"2016-10-11T11:53:50+00:00","dateModified":"2017-03-23T09:50:25+00:00","mainEntityOfPage":{"@id":"https:\/\/www.europa-prefabri.com\/fr\/carports-pour-le-parking\/"},"wordCount":118,"publisher":{"@id":"https:\/\/www.europa-prefabri.com\/#organization"},"keywords":["abris voiture","carport"],"articleSection":["Projets"],"inLanguage":"fr-FR"},{"@type":"WebPage","@id":"https:\/\/www.europa-prefabri.com\/fr\/carports-pour-le-parking\/","url":"https:\/\/www.europa-prefabri.com\/fr\/carports-pour-le-parking\/","name":"Carports pour le parking de la Marine Espagnole l Prefabri","isPartOf":{"@id":"https:\/\/www.europa-prefabri.com\/#website"},"datePublished":"2016-10-11T11:53:50+00:00","dateModified":"2017-03-23T09:50:25+00:00","description":"Nous avons fabriqu\u00e9 et install\u00e9 des carports pour le parking de la Marine Espagnole. Nous proposons tous types d'abris voiture: textiles ou m\u00e9talliques","breadcrumb":{"@id":"https:\/\/www.europa-prefabri.com\/fr\/carports-pour-le-parking\/#breadcrumb"},"inLanguage":"fr-FR","potentialAction":[{"@type":"ReadAction","target":["https:\/\/www.europa-prefabri.com\/fr\/carports-pour-le-parking\/"]}]},{"@type":"BreadcrumbList","@id":"https:\/\/www.europa-prefabri.com\/fr\/carports-pour-le-parking\/#breadcrumb","itemListElement":[{"@type":"ListItem","position":1,"name":"Portada","item":"https:\/\/www.europa-prefabri.com\/fr\/"},{"@type":"ListItem","position":2,"name":"Carports pour le parking de la Marine Espagnole | ET Europa"}]},{"@type":"WebSite","@id":"https:\/\/www.europa-prefabri.com\/#website","url":"https:\/\/www.europa-prefabri.com\/","name":"Europa Prefabri | Alquiler y venta de construcciones modulares","description":"Alquiler y venta de construcciones modulares, casetas de obra, marquesinas de aparcamiento y vallas y cerramientos.","publisher":{"@id":"https:\/\/www.europa-prefabri.com\/#organization"},"potentialAction":[{"@type":"SearchAction","target":{"@type":"EntryPoint","urlTemplate":"https:\/\/www.europa-prefabri.com\/?s={search_term_string}"},"query-input":{"@type":"PropertyValueSpecification","valueRequired":true,"valueName":"search_term_string"}}],"inLanguage":"fr-FR"},{"@type":"Organization","@id":"https:\/\/www.europa-prefabri.com\/#organization","name":"Prefabri S.L.","url":"https:\/\/www.europa-prefabri.com\/","logo":{"@type":"ImageObject","inLanguage":"fr-FR","@id":"https:\/\/www.europa-prefabri.com\/#\/schema\/logo\/image\/","url":"https:\/\/www.europa-prefabri.com\/wp-content\/uploads\/EuropaPrefabri-Logo.jpg","contentUrl":"https:\/\/www.europa-prefabri.com\/wp-content\/uploads\/EuropaPrefabri-Logo.jpg","width":752,"height":348,"caption":"Prefabri S.L."},"image":{"@id":"https:\/\/www.europa-prefabri.com\/#\/schema\/logo\/image\/"},"sameAs":["https:\/\/www.facebook.com\/Europa-Prefabri-258328977572213\/","https:\/\/x.com\/EuropaPrefabri","https:\/\/www.instagram.com\/europaprefabri\/","https:\/\/es.linkedin.com\/company\/europa-prefabri","https:\/\/es.pinterest.com\/europaprefabri\/","https:\/\/www.youtube.com\/user\/PrefabriSL"]},{"@type":"Person","@id":"https:\/\/www.europa-prefabri.com\/#\/schema\/person\/2ab6be5821a7026cd8f16d2a9411e86e","name":"admin","image":{"@type":"ImageObject","inLanguage":"fr-FR","@id":"https:\/\/secure.gravatar.com\/avatar\/dc55d3f4b941a1510eef2620b2c166513788bd88ef72341333b6d0a859bacd3c?s=96&d=mm&r=g","url":"https:\/\/secure.gravatar.com\/avatar\/dc55d3f4b941a1510eef2620b2c166513788bd88ef72341333b6d0a859bacd3c?s=96&d=mm&r=g","contentUrl":"https:\/\/secure.gravatar.com\/avatar\/dc55d3f4b941a1510eef2620b2c166513788bd88ef72341333b6d0a859bacd3c?s=96&d=mm&r=g","caption":"admin"},"sameAs":["https:\/\/www.europa-prefabri.com","https:\/\/x.com\/@EuropaPrefabri"]}]}},"_links":{"self":[{"href":"https:\/\/www.europa-prefabri.com\/fr\/wp-json\/wp\/v2\/posts\/14469","targetHints":{"allow":["GET"]}}],"collection":[{"href":"https:\/\/www.europa-prefabri.com\/fr\/wp-json\/wp\/v2\/posts"}],"about":[{"href":"https:\/\/www.europa-prefabri.com\/fr\/wp-json\/wp\/v2\/types\/post"}],"author":[{"embeddable":true,"href":"https:\/\/www.europa-prefabri.com\/fr\/wp-json\/wp\/v2\/users\/4"}],"replies":[{"embeddable":true,"href":"https:\/\/www.europa-prefabri.com\/fr\/wp-json\/wp\/v2\/comments?post=14469"}],"version-history":[{"count":0,"href":"https:\/\/www.europa-prefabri.com\/fr\/wp-json\/wp\/v2\/posts\/14469\/revisions"}],"wp:attachment":[{"href":"https:\/\/www.europa-prefabri.com\/fr\/wp-json\/wp\/v2\/media?parent=14469"}],"wp:term":[{"taxonomy":"category","embeddable":true,"href":"https:\/\/www.europa-prefabri.com\/fr\/wp-json\/wp\/v2\/categories?post=14469"},{"taxonomy":"post_tag","embeddable":true,"href":"https:\/\/www.europa-prefabri.com\/fr\/wp-json\/wp\/v2\/tags?post=14469"}],"curies":[{"name":"wp","href":"https:\/\/api.w.org\/{rel}","templated":true}]}}