{"id":14463,"date":"2016-10-13T11:47:27","date_gmt":"2016-10-13T11:47:27","guid":{"rendered":"http:\/\/www.europa-prefabri.com\/fr\/?p=14463"},"modified":"2017-03-23T09:54:31","modified_gmt":"2017-03-23T09:54:31","slug":"carports-pour-le-parking-du-supermarche-mercamadrid","status":"publish","type":"post","link":"https:\/\/www.europa-prefabri.com\/fr\/carports-pour-le-parking-du-supermarche-mercamadrid\/","title":{"rendered":"Carports pour le parking du Mercamadrid | ET Europa"},"content":{"rendered":"\n<p>Voici les photos de notre dernier montage de carports pour le\u00a0parking du\u00a0supermarch\u00e9 Mercamadrid.<\/p>\n<p>Les abris de parking sont notre mod\u00e8le A.<\/p>\n<p>Droit et laqu\u00e9 en bleu aussi bien sur la structure que la couverture.<\/p>\n<p>Comme on peut le voir sur les photos, il y a diff\u00e9rent types de places.<\/p>\n<p>Le montage a \u00e9t\u00e9 r\u00e9alis\u00e9 \u00e0 Madrid par le groupe Unide \u00e0 L&#8217;int\u00e9rieur des installations de Mercamadrid.<\/p>\n","protected":false},"excerpt":{"rendered":"<p>Voici les photos de notre dernier montage de carports pour le\u00a0parking du\u00a0supermarch\u00e9 Mercamadrid. Les abris de parking sont notre mod\u00e8le A. Droit et laqu\u00e9 en bleu aussi bien sur la structure que la couverture. Comme on peut le voir sur les photos, il y a diff\u00e9rent types de places. Le montage a \u00e9t\u00e9 r\u00e9alis\u00e9 \u00e0 [&hellip;]<\/p>\n","protected":false},"author":4,"featured_media":11445,"comment_status":"closed","ping_status":"closed","sticky":false,"template":"","format":"gallery","meta":{"footnotes":""},"categories":[58],"tags":[348,330],"class_list":["post-14463","post","type-post","status-publish","format-gallery","has-post-thumbnail","hentry","category-projets","tag-abris-voiture","tag-carport","post_format-post-format-gallery"],"yoast_head":"<!-- This site is optimized with the Yoast SEO plugin v27.5 - https:\/\/yoast.com\/product\/yoast-seo-wordpress\/ -->\n<title>carports pour le parking du supermarch\u00e9 Mercamadrid | ET Europa<\/title>\n<meta name=\"description\" content=\"Voici les photos de notre dernier montage de carports pour le parking du supermarch\u00e9 Mercamadrid.Les abris voiture correspondent \u00e0 notre mod\u00e8le A.\" \/>\n<meta name=\"robots\" content=\"index, follow, max-snippet:-1, max-image-preview:large, max-video-preview:-1\" \/>\n<link rel=\"canonical\" href=\"https:\/\/www.europa-prefabri.com\/fr\/carports-pour-le-parking-du-supermarche-mercamadrid\/\" \/>\n<meta property=\"og:locale\" content=\"fr_FR\" \/>\n<meta property=\"og:type\" content=\"article\" \/>\n<meta property=\"og:title\" content=\"carports pour le parking du supermarch\u00e9 Mercamadrid | ET Europa\" \/>\n<meta property=\"og:description\" content=\"Voici les photos de notre dernier montage de carports pour le parking du supermarch\u00e9 Mercamadrid.Les abris voiture correspondent \u00e0 notre mod\u00e8le A.\" \/>\n<meta property=\"og:url\" content=\"https:\/\/www.europa-prefabri.com\/fr\/carports-pour-le-parking-du-supermarche-mercamadrid\/\" \/>\n<meta property=\"og:site_name\" content=\"Europa Prefabri | Alquiler y venta de construcciones modulares\" \/>\n<meta property=\"article:publisher\" content=\"https:\/\/www.facebook.com\/Europa-Prefabri-258328977572213\/\" \/>\n<meta property=\"article:published_time\" content=\"2016-10-13T11:47:27+00:00\" \/>\n<meta property=\"article:modified_time\" content=\"2017-03-23T09:54:31+00:00\" \/>\n<meta property=\"og:image\" content=\"https:\/\/www.europa-prefabri.com\/wp-content\/uploads\/IMG-20161007-WA0008.png\" \/>\n\t<meta property=\"og:image:width\" content=\"800\" \/>\n\t<meta property=\"og:image:height\" content=\"600\" \/>\n\t<meta property=\"og:image:type\" content=\"image\/png\" \/>\n<meta name=\"author\" content=\"admin\" \/>\n<meta name=\"twitter:card\" content=\"summary_large_image\" \/>\n<meta name=\"twitter:creator\" content=\"@EuropaPrefabri\" \/>\n<meta name=\"twitter:site\" content=\"@EuropaPrefabri\" \/>\n<meta name=\"twitter:label1\" content=\"Written by\" \/>\n\t<meta name=\"twitter:data1\" content=\"admin\" \/>\n<script type=\"application\/ld+json\" class=\"yoast-schema-graph\">{\"@context\":\"https:\\\/\\\/schema.org\",\"@graph\":[{\"@type\":\"Article\",\"@id\":\"https:\\\/\\\/www.europa-prefabri.com\\\/fr\\\/carports-pour-le-parking-du-supermarche-mercamadrid\\\/#article\",\"isPartOf\":{\"@id\":\"https:\\\/\\\/www.europa-prefabri.com\\\/fr\\\/carports-pour-le-parking-du-supermarche-mercamadrid\\\/\"},\"author\":{\"name\":\"admin\",\"@id\":\"https:\\\/\\\/www.europa-prefabri.com\\\/#\\\/schema\\\/person\\\/2ab6be5821a7026cd8f16d2a9411e86e\"},\"headline\":\"Carports pour le parking du Mercamadrid | ET Europa\",\"datePublished\":\"2016-10-13T11:47:27+00:00\",\"dateModified\":\"2017-03-23T09:54:31+00:00\",\"mainEntityOfPage\":{\"@id\":\"https:\\\/\\\/www.europa-prefabri.com\\\/fr\\\/carports-pour-le-parking-du-supermarche-mercamadrid\\\/\"},\"wordCount\":81,\"publisher\":{\"@id\":\"https:\\\/\\\/www.europa-prefabri.com\\\/#organization\"},\"image\":{\"@id\":\"https:\\\/\\\/www.europa-prefabri.com\\\/fr\\\/carports-pour-le-parking-du-supermarche-mercamadrid\\\/#primaryimage\"},\"thumbnailUrl\":\"https:\\\/\\\/www.europa-prefabri.com\\\/wp-content\\\/uploads\\\/IMG-20161007-WA0008.png\",\"keywords\":[\"abris voiture\",\"carport\"],\"articleSection\":[\"Projets\"],\"inLanguage\":\"fr-FR\"},{\"@type\":\"WebPage\",\"@id\":\"https:\\\/\\\/www.europa-prefabri.com\\\/fr\\\/carports-pour-le-parking-du-supermarche-mercamadrid\\\/\",\"url\":\"https:\\\/\\\/www.europa-prefabri.com\\\/fr\\\/carports-pour-le-parking-du-supermarche-mercamadrid\\\/\",\"name\":\"carports pour le parking du supermarch\u00e9 Mercamadrid | ET Europa\",\"isPartOf\":{\"@id\":\"https:\\\/\\\/www.europa-prefabri.com\\\/#website\"},\"primaryImageOfPage\":{\"@id\":\"https:\\\/\\\/www.europa-prefabri.com\\\/fr\\\/carports-pour-le-parking-du-supermarche-mercamadrid\\\/#primaryimage\"},\"image\":{\"@id\":\"https:\\\/\\\/www.europa-prefabri.com\\\/fr\\\/carports-pour-le-parking-du-supermarche-mercamadrid\\\/#primaryimage\"},\"thumbnailUrl\":\"https:\\\/\\\/www.europa-prefabri.com\\\/wp-content\\\/uploads\\\/IMG-20161007-WA0008.png\",\"datePublished\":\"2016-10-13T11:47:27+00:00\",\"dateModified\":\"2017-03-23T09:54:31+00:00\",\"description\":\"Voici les photos de notre dernier montage de carports pour le parking du supermarch\u00e9 Mercamadrid.Les abris voiture correspondent \u00e0 notre mod\u00e8le A.\",\"breadcrumb\":{\"@id\":\"https:\\\/\\\/www.europa-prefabri.com\\\/fr\\\/carports-pour-le-parking-du-supermarche-mercamadrid\\\/#breadcrumb\"},\"inLanguage\":\"fr-FR\",\"potentialAction\":[{\"@type\":\"ReadAction\",\"target\":[\"https:\\\/\\\/www.europa-prefabri.com\\\/fr\\\/carports-pour-le-parking-du-supermarche-mercamadrid\\\/\"]}]},{\"@type\":\"ImageObject\",\"inLanguage\":\"fr-FR\",\"@id\":\"https:\\\/\\\/www.europa-prefabri.com\\\/fr\\\/carports-pour-le-parking-du-supermarche-mercamadrid\\\/#primaryimage\",\"url\":\"https:\\\/\\\/www.europa-prefabri.com\\\/wp-content\\\/uploads\\\/IMG-20161007-WA0008.png\",\"contentUrl\":\"https:\\\/\\\/www.europa-prefabri.com\\\/wp-content\\\/uploads\\\/IMG-20161007-WA0008.png\",\"width\":800,\"height\":600,\"caption\":\"carports pour le parking du supermarche Mercamadrid\"},{\"@type\":\"BreadcrumbList\",\"@id\":\"https:\\\/\\\/www.europa-prefabri.com\\\/fr\\\/carports-pour-le-parking-du-supermarche-mercamadrid\\\/#breadcrumb\",\"itemListElement\":[{\"@type\":\"ListItem\",\"position\":1,\"name\":\"Portada\",\"item\":\"https:\\\/\\\/www.europa-prefabri.com\\\/fr\\\/\"},{\"@type\":\"ListItem\",\"position\":2,\"name\":\"Carports pour le parking du Mercamadrid | ET Europa\"}]},{\"@type\":\"WebSite\",\"@id\":\"https:\\\/\\\/www.europa-prefabri.com\\\/#website\",\"url\":\"https:\\\/\\\/www.europa-prefabri.com\\\/\",\"name\":\"Europa Prefabri | Alquiler y venta de construcciones modulares\",\"description\":\"Alquiler y venta de construcciones modulares, casetas de obra, marquesinas de aparcamiento y vallas y cerramientos.\",\"publisher\":{\"@id\":\"https:\\\/\\\/www.europa-prefabri.com\\\/#organization\"},\"potentialAction\":[{\"@type\":\"SearchAction\",\"target\":{\"@type\":\"EntryPoint\",\"urlTemplate\":\"https:\\\/\\\/www.europa-prefabri.com\\\/?s={search_term_string}\"},\"query-input\":{\"@type\":\"PropertyValueSpecification\",\"valueRequired\":true,\"valueName\":\"search_term_string\"}}],\"inLanguage\":\"fr-FR\"},{\"@type\":\"Organization\",\"@id\":\"https:\\\/\\\/www.europa-prefabri.com\\\/#organization\",\"name\":\"Prefabri S.L.\",\"url\":\"https:\\\/\\\/www.europa-prefabri.com\\\/\",\"logo\":{\"@type\":\"ImageObject\",\"inLanguage\":\"fr-FR\",\"@id\":\"https:\\\/\\\/www.europa-prefabri.com\\\/#\\\/schema\\\/logo\\\/image\\\/\",\"url\":\"https:\\\/\\\/www.europa-prefabri.com\\\/wp-content\\\/uploads\\\/EuropaPrefabri-Logo.jpg\",\"contentUrl\":\"https:\\\/\\\/www.europa-prefabri.com\\\/wp-content\\\/uploads\\\/EuropaPrefabri-Logo.jpg\",\"width\":752,\"height\":348,\"caption\":\"Prefabri S.L.\"},\"image\":{\"@id\":\"https:\\\/\\\/www.europa-prefabri.com\\\/#\\\/schema\\\/logo\\\/image\\\/\"},\"sameAs\":[\"https:\\\/\\\/www.facebook.com\\\/Europa-Prefabri-258328977572213\\\/\",\"https:\\\/\\\/x.com\\\/EuropaPrefabri\",\"https:\\\/\\\/www.instagram.com\\\/europaprefabri\\\/\",\"https:\\\/\\\/es.linkedin.com\\\/company\\\/europa-prefabri\",\"https:\\\/\\\/es.pinterest.com\\\/europaprefabri\\\/\",\"https:\\\/\\\/www.youtube.com\\\/user\\\/PrefabriSL\"]},{\"@type\":\"Person\",\"@id\":\"https:\\\/\\\/www.europa-prefabri.com\\\/#\\\/schema\\\/person\\\/2ab6be5821a7026cd8f16d2a9411e86e\",\"name\":\"admin\",\"image\":{\"@type\":\"ImageObject\",\"inLanguage\":\"fr-FR\",\"@id\":\"https:\\\/\\\/secure.gravatar.com\\\/avatar\\\/dc55d3f4b941a1510eef2620b2c166513788bd88ef72341333b6d0a859bacd3c?s=96&d=mm&r=g\",\"url\":\"https:\\\/\\\/secure.gravatar.com\\\/avatar\\\/dc55d3f4b941a1510eef2620b2c166513788bd88ef72341333b6d0a859bacd3c?s=96&d=mm&r=g\",\"contentUrl\":\"https:\\\/\\\/secure.gravatar.com\\\/avatar\\\/dc55d3f4b941a1510eef2620b2c166513788bd88ef72341333b6d0a859bacd3c?s=96&d=mm&r=g\",\"caption\":\"admin\"},\"sameAs\":[\"https:\\\/\\\/www.europa-prefabri.com\",\"https:\\\/\\\/x.com\\\/@EuropaPrefabri\"]}]}<\/script>\n<!-- \/ Yoast SEO plugin. -->","yoast_head_json":{"title":"carports pour le parking du supermarch\u00e9 Mercamadrid | ET Europa","description":"Voici les photos de notre dernier montage de carports pour le parking du supermarch\u00e9 Mercamadrid.Les abris voiture correspondent \u00e0 notre mod\u00e8le A.","robots":{"index":"index","follow":"follow","max-snippet":"max-snippet:-1","max-image-preview":"max-image-preview:large","max-video-preview":"max-video-preview:-1"},"canonical":"https:\/\/www.europa-prefabri.com\/fr\/carports-pour-le-parking-du-supermarche-mercamadrid\/","og_locale":"fr_FR","og_type":"article","og_title":"carports pour le parking du supermarch\u00e9 Mercamadrid | ET Europa","og_description":"Voici les photos de notre dernier montage de carports pour le parking du supermarch\u00e9 Mercamadrid.Les abris voiture correspondent \u00e0 notre mod\u00e8le A.","og_url":"https:\/\/www.europa-prefabri.com\/fr\/carports-pour-le-parking-du-supermarche-mercamadrid\/","og_site_name":"Europa Prefabri | Alquiler y venta de construcciones modulares","article_publisher":"https:\/\/www.facebook.com\/Europa-Prefabri-258328977572213\/","article_published_time":"2016-10-13T11:47:27+00:00","article_modified_time":"2017-03-23T09:54:31+00:00","og_image":[{"width":800,"height":600,"url":"https:\/\/www.europa-prefabri.com\/wp-content\/uploads\/IMG-20161007-WA0008.png","type":"image\/png"}],"author":"admin","twitter_card":"summary_large_image","twitter_creator":"@EuropaPrefabri","twitter_site":"@EuropaPrefabri","twitter_misc":{"Written by":"admin"},"schema":{"@context":"https:\/\/schema.org","@graph":[{"@type":"Article","@id":"https:\/\/www.europa-prefabri.com\/fr\/carports-pour-le-parking-du-supermarche-mercamadrid\/#article","isPartOf":{"@id":"https:\/\/www.europa-prefabri.com\/fr\/carports-pour-le-parking-du-supermarche-mercamadrid\/"},"author":{"name":"admin","@id":"https:\/\/www.europa-prefabri.com\/#\/schema\/person\/2ab6be5821a7026cd8f16d2a9411e86e"},"headline":"Carports pour le parking du Mercamadrid | ET Europa","datePublished":"2016-10-13T11:47:27+00:00","dateModified":"2017-03-23T09:54:31+00:00","mainEntityOfPage":{"@id":"https:\/\/www.europa-prefabri.com\/fr\/carports-pour-le-parking-du-supermarche-mercamadrid\/"},"wordCount":81,"publisher":{"@id":"https:\/\/www.europa-prefabri.com\/#organization"},"image":{"@id":"https:\/\/www.europa-prefabri.com\/fr\/carports-pour-le-parking-du-supermarche-mercamadrid\/#primaryimage"},"thumbnailUrl":"https:\/\/www.europa-prefabri.com\/wp-content\/uploads\/IMG-20161007-WA0008.png","keywords":["abris voiture","carport"],"articleSection":["Projets"],"inLanguage":"fr-FR"},{"@type":"WebPage","@id":"https:\/\/www.europa-prefabri.com\/fr\/carports-pour-le-parking-du-supermarche-mercamadrid\/","url":"https:\/\/www.europa-prefabri.com\/fr\/carports-pour-le-parking-du-supermarche-mercamadrid\/","name":"carports pour le parking du supermarch\u00e9 Mercamadrid | ET Europa","isPartOf":{"@id":"https:\/\/www.europa-prefabri.com\/#website"},"primaryImageOfPage":{"@id":"https:\/\/www.europa-prefabri.com\/fr\/carports-pour-le-parking-du-supermarche-mercamadrid\/#primaryimage"},"image":{"@id":"https:\/\/www.europa-prefabri.com\/fr\/carports-pour-le-parking-du-supermarche-mercamadrid\/#primaryimage"},"thumbnailUrl":"https:\/\/www.europa-prefabri.com\/wp-content\/uploads\/IMG-20161007-WA0008.png","datePublished":"2016-10-13T11:47:27+00:00","dateModified":"2017-03-23T09:54:31+00:00","description":"Voici les photos de notre dernier montage de carports pour le parking du supermarch\u00e9 Mercamadrid.Les abris voiture correspondent \u00e0 notre mod\u00e8le A.","breadcrumb":{"@id":"https:\/\/www.europa-prefabri.com\/fr\/carports-pour-le-parking-du-supermarche-mercamadrid\/#breadcrumb"},"inLanguage":"fr-FR","potentialAction":[{"@type":"ReadAction","target":["https:\/\/www.europa-prefabri.com\/fr\/carports-pour-le-parking-du-supermarche-mercamadrid\/"]}]},{"@type":"ImageObject","inLanguage":"fr-FR","@id":"https:\/\/www.europa-prefabri.com\/fr\/carports-pour-le-parking-du-supermarche-mercamadrid\/#primaryimage","url":"https:\/\/www.europa-prefabri.com\/wp-content\/uploads\/IMG-20161007-WA0008.png","contentUrl":"https:\/\/www.europa-prefabri.com\/wp-content\/uploads\/IMG-20161007-WA0008.png","width":800,"height":600,"caption":"carports pour le parking du supermarche Mercamadrid"},{"@type":"BreadcrumbList","@id":"https:\/\/www.europa-prefabri.com\/fr\/carports-pour-le-parking-du-supermarche-mercamadrid\/#breadcrumb","itemListElement":[{"@type":"ListItem","position":1,"name":"Portada","item":"https:\/\/www.europa-prefabri.com\/fr\/"},{"@type":"ListItem","position":2,"name":"Carports pour le parking du Mercamadrid | ET Europa"}]},{"@type":"WebSite","@id":"https:\/\/www.europa-prefabri.com\/#website","url":"https:\/\/www.europa-prefabri.com\/","name":"Europa Prefabri | Alquiler y venta de construcciones modulares","description":"Alquiler y venta de construcciones modulares, casetas de obra, marquesinas de aparcamiento y vallas y cerramientos.","publisher":{"@id":"https:\/\/www.europa-prefabri.com\/#organization"},"potentialAction":[{"@type":"SearchAction","target":{"@type":"EntryPoint","urlTemplate":"https:\/\/www.europa-prefabri.com\/?s={search_term_string}"},"query-input":{"@type":"PropertyValueSpecification","valueRequired":true,"valueName":"search_term_string"}}],"inLanguage":"fr-FR"},{"@type":"Organization","@id":"https:\/\/www.europa-prefabri.com\/#organization","name":"Prefabri S.L.","url":"https:\/\/www.europa-prefabri.com\/","logo":{"@type":"ImageObject","inLanguage":"fr-FR","@id":"https:\/\/www.europa-prefabri.com\/#\/schema\/logo\/image\/","url":"https:\/\/www.europa-prefabri.com\/wp-content\/uploads\/EuropaPrefabri-Logo.jpg","contentUrl":"https:\/\/www.europa-prefabri.com\/wp-content\/uploads\/EuropaPrefabri-Logo.jpg","width":752,"height":348,"caption":"Prefabri S.L."},"image":{"@id":"https:\/\/www.europa-prefabri.com\/#\/schema\/logo\/image\/"},"sameAs":["https:\/\/www.facebook.com\/Europa-Prefabri-258328977572213\/","https:\/\/x.com\/EuropaPrefabri","https:\/\/www.instagram.com\/europaprefabri\/","https:\/\/es.linkedin.com\/company\/europa-prefabri","https:\/\/es.pinterest.com\/europaprefabri\/","https:\/\/www.youtube.com\/user\/PrefabriSL"]},{"@type":"Person","@id":"https:\/\/www.europa-prefabri.com\/#\/schema\/person\/2ab6be5821a7026cd8f16d2a9411e86e","name":"admin","image":{"@type":"ImageObject","inLanguage":"fr-FR","@id":"https:\/\/secure.gravatar.com\/avatar\/dc55d3f4b941a1510eef2620b2c166513788bd88ef72341333b6d0a859bacd3c?s=96&d=mm&r=g","url":"https:\/\/secure.gravatar.com\/avatar\/dc55d3f4b941a1510eef2620b2c166513788bd88ef72341333b6d0a859bacd3c?s=96&d=mm&r=g","contentUrl":"https:\/\/secure.gravatar.com\/avatar\/dc55d3f4b941a1510eef2620b2c166513788bd88ef72341333b6d0a859bacd3c?s=96&d=mm&r=g","caption":"admin"},"sameAs":["https:\/\/www.europa-prefabri.com","https:\/\/x.com\/@EuropaPrefabri"]}]}},"_links":{"self":[{"href":"https:\/\/www.europa-prefabri.com\/fr\/wp-json\/wp\/v2\/posts\/14463","targetHints":{"allow":["GET"]}}],"collection":[{"href":"https:\/\/www.europa-prefabri.com\/fr\/wp-json\/wp\/v2\/posts"}],"about":[{"href":"https:\/\/www.europa-prefabri.com\/fr\/wp-json\/wp\/v2\/types\/post"}],"author":[{"embeddable":true,"href":"https:\/\/www.europa-prefabri.com\/fr\/wp-json\/wp\/v2\/users\/4"}],"replies":[{"embeddable":true,"href":"https:\/\/www.europa-prefabri.com\/fr\/wp-json\/wp\/v2\/comments?post=14463"}],"version-history":[{"count":0,"href":"https:\/\/www.europa-prefabri.com\/fr\/wp-json\/wp\/v2\/posts\/14463\/revisions"}],"wp:featuredmedia":[{"embeddable":true,"href":"https:\/\/www.europa-prefabri.com\/fr\/wp-json\/wp\/v2\/media\/11445"}],"wp:attachment":[{"href":"https:\/\/www.europa-prefabri.com\/fr\/wp-json\/wp\/v2\/media?parent=14463"}],"wp:term":[{"taxonomy":"category","embeddable":true,"href":"https:\/\/www.europa-prefabri.com\/fr\/wp-json\/wp\/v2\/categories?post=14463"},{"taxonomy":"post_tag","embeddable":true,"href":"https:\/\/www.europa-prefabri.com\/fr\/wp-json\/wp\/v2\/tags?post=14463"}],"curies":[{"name":"wp","href":"https:\/\/api.w.org\/{rel}","templated":true}]}}