{"id":14451,"date":"2016-11-07T11:28:08","date_gmt":"2016-11-07T11:28:08","guid":{"rendered":"http:\/\/www.europa-prefabri.com\/fr\/?p=14451"},"modified":"2017-03-14T11:56:54","modified_gmt":"2017-03-14T11:56:54","slug":"batiment-prefabrique-pour-airbus-a-seville","status":"publish","type":"post","link":"https:\/\/www.europa-prefabri.com\/fr\/batiment-prefabrique-pour-airbus-a-seville\/","title":{"rendered":"B\u00e2timent pr\u00e9fabriqu\u00e9 pour Airbus \u00e0 S\u00e9ville | Prefabri"},"content":{"rendered":"\n<p style=\"text-align: justify;\"><span style=\"color: #333333;\">Nous commen\u00e7ons \u00e0 installer les panneaux ext\u00e9rieurs du b\u00e2timent pr\u00e9fabriqu\u00e9 pour Airbus \u00e0 S\u00e9ville.<\/span><\/p>\n<p style=\"text-align: justify;\"><span style=\"color: #333333;\">Durant ce mois de Septembre, nous sommes encore entrain de r\u00e9alis\u00e9 l&#8217;entr\u00e9e et le montage d&#8217;un b\u00e2timent industriel de 955m\u00b2 avec rev\u00eatement en panneau de roche de 60mm certifi\u00e9 AENOR, dans l&#8217;usine d&#8217;Airbus de S\u00e9ville dans la zone Sud.<\/span><\/p>\n<p style=\"text-align: justify;\"><span style=\"color: #333333;\">Les dimensions totales sont de 55, 97 x 17, 14 m\u00e8tres.<\/span><\/p>\n<p style=\"text-align: justify;\"><span style=\"color: #333333;\">Le total des modules est de 63 unit\u00e9s de 6, 62 x 2, 35.<\/span><\/p>\n<p style=\"text-align: justify;\"><span style=\"color: #333333;\">Tout le b\u00e2timent r\u00e9pond \u00e0 la norme CTE (Code Technique de Construction), aussi bien dans la structure que dans l\u00b4isolement thermique et acoustique.<\/span><\/p>\n<p style=\"text-align: justify;\"><span style=\"color: #333333;\">\u00c0 l&#8217;int\u00e9rieur du b\u00e2timent ont \u00e9t\u00e9 r\u00e9alis\u00e9 les installations sanitaires, d&#8217;\u00e9lectricit\u00e9 et de climatisation.<\/span><\/p>\n<p style=\"text-align: justify;\"><span style=\"color: #333333;\">Voici des photos du montage du b\u00e2timent.\u00a0<\/span><\/p>\n<p style=\"text-align: justify;\"><span style=\"color: #333333;\">Une fois cela termin\u00e9, nous reviendrons vous montrer le r\u00e9sultat final du b\u00e2timent complet.<\/span><\/p>\n<p style=\"text-align: justify;\"><span style=\"color: #333333;\">Avec ce travail, nous avons d\u00e9montr\u00e9 notre capacit\u00e9 technique et professionnelle dans ce type de construction modulaire.<\/span><\/p>\n","protected":false},"excerpt":{"rendered":"<p>Nous commen\u00e7ons \u00e0 installer les panneaux ext\u00e9rieurs du b\u00e2timent pr\u00e9fabriqu\u00e9 pour Airbus \u00e0 S\u00e9ville. Durant ce mois de Septembre, nous sommes encore entrain de r\u00e9alis\u00e9 l&#8217;entr\u00e9e et le montage d&#8217;un b\u00e2timent industriel de 955m\u00b2 avec rev\u00eatement en panneau de roche de 60mm certifi\u00e9 AENOR, dans l&#8217;usine d&#8217;Airbus de S\u00e9ville dans la zone Sud. Les dimensions [&hellip;]<\/p>\n","protected":false},"author":4,"featured_media":0,"comment_status":"closed","ping_status":"closed","sticky":false,"template":"","format":"gallery","meta":{"footnotes":""},"categories":[58],"tags":[346,157],"class_list":["post-14451","post","type-post","status-publish","format-gallery","hentry","category-projets","tag-batiment-prefabrique","tag-construction-modulaire-2","post_format-post-format-gallery"],"yoast_head":"<!-- This site is optimized with the Yoast SEO plugin v27.5 - https:\/\/yoast.com\/product\/yoast-seo-wordpress\/ -->\n<title>B\u00e2timent pr\u00e9fabriqu\u00e9 pour Airbus \u00e0 S\u00e9ville | Europa Prefabri<\/title>\n<meta name=\"description\" content=\"Construction modulaire d&#039;un b\u00e2timent pr\u00e9fabriqu\u00e9 pour Airbus \u00e0 S\u00e9ville. Montage d&#039;un b\u00e2timent pr\u00e9fabriqu\u00e9 de 955 m\u00e8tres carr\u00e9s.\" \/>\n<meta name=\"robots\" content=\"index, follow, max-snippet:-1, max-image-preview:large, max-video-preview:-1\" \/>\n<link rel=\"canonical\" href=\"https:\/\/www.europa-prefabri.com\/fr\/batiment-prefabrique-pour-airbus-a-seville\/\" \/>\n<meta property=\"og:locale\" content=\"fr_FR\" \/>\n<meta property=\"og:type\" content=\"article\" \/>\n<meta property=\"og:title\" content=\"B\u00e2timent pr\u00e9fabriqu\u00e9 pour Airbus \u00e0 S\u00e9ville | Europa Prefabri\" \/>\n<meta property=\"og:description\" content=\"Construction modulaire d&#039;un b\u00e2timent pr\u00e9fabriqu\u00e9 pour Airbus \u00e0 S\u00e9ville. Montage d&#039;un b\u00e2timent pr\u00e9fabriqu\u00e9 de 955 m\u00e8tres carr\u00e9s.\" \/>\n<meta property=\"og:url\" content=\"https:\/\/www.europa-prefabri.com\/fr\/batiment-prefabrique-pour-airbus-a-seville\/\" \/>\n<meta property=\"og:site_name\" content=\"Europa Prefabri | Alquiler y venta de construcciones modulares\" \/>\n<meta property=\"article:publisher\" content=\"https:\/\/www.facebook.com\/Europa-Prefabri-258328977572213\/\" \/>\n<meta property=\"article:published_time\" content=\"2016-11-07T11:28:08+00:00\" \/>\n<meta property=\"article:modified_time\" content=\"2017-03-14T11:56:54+00:00\" \/>\n<meta name=\"author\" content=\"admin\" \/>\n<meta name=\"twitter:card\" content=\"summary_large_image\" \/>\n<meta name=\"twitter:creator\" content=\"@EuropaPrefabri\" \/>\n<meta name=\"twitter:site\" content=\"@EuropaPrefabri\" \/>\n<meta name=\"twitter:label1\" content=\"Written by\" \/>\n\t<meta name=\"twitter:data1\" content=\"admin\" \/>\n\t<meta name=\"twitter:label2\" content=\"Est. reading time\" \/>\n\t<meta name=\"twitter:data2\" content=\"1 minute\" \/>\n<script type=\"application\/ld+json\" class=\"yoast-schema-graph\">{\"@context\":\"https:\\\/\\\/schema.org\",\"@graph\":[{\"@type\":\"Article\",\"@id\":\"https:\\\/\\\/www.europa-prefabri.com\\\/fr\\\/batiment-prefabrique-pour-airbus-a-seville\\\/#article\",\"isPartOf\":{\"@id\":\"https:\\\/\\\/www.europa-prefabri.com\\\/fr\\\/batiment-prefabrique-pour-airbus-a-seville\\\/\"},\"author\":{\"name\":\"admin\",\"@id\":\"https:\\\/\\\/www.europa-prefabri.com\\\/#\\\/schema\\\/person\\\/2ab6be5821a7026cd8f16d2a9411e86e\"},\"headline\":\"B\u00e2timent pr\u00e9fabriqu\u00e9 pour Airbus \u00e0 S\u00e9ville | Prefabri\",\"datePublished\":\"2016-11-07T11:28:08+00:00\",\"dateModified\":\"2017-03-14T11:56:54+00:00\",\"mainEntityOfPage\":{\"@id\":\"https:\\\/\\\/www.europa-prefabri.com\\\/fr\\\/batiment-prefabrique-pour-airbus-a-seville\\\/\"},\"wordCount\":175,\"publisher\":{\"@id\":\"https:\\\/\\\/www.europa-prefabri.com\\\/#organization\"},\"keywords\":[\"b\u00e2timent pr\u00e9fabriqu\u00e9\",\"construction modulaire\"],\"articleSection\":[\"Projets\"],\"inLanguage\":\"fr-FR\"},{\"@type\":\"WebPage\",\"@id\":\"https:\\\/\\\/www.europa-prefabri.com\\\/fr\\\/batiment-prefabrique-pour-airbus-a-seville\\\/\",\"url\":\"https:\\\/\\\/www.europa-prefabri.com\\\/fr\\\/batiment-prefabrique-pour-airbus-a-seville\\\/\",\"name\":\"B\u00e2timent pr\u00e9fabriqu\u00e9 pour Airbus \u00e0 S\u00e9ville | Europa Prefabri\",\"isPartOf\":{\"@id\":\"https:\\\/\\\/www.europa-prefabri.com\\\/#website\"},\"datePublished\":\"2016-11-07T11:28:08+00:00\",\"dateModified\":\"2017-03-14T11:56:54+00:00\",\"description\":\"Construction modulaire d'un b\u00e2timent pr\u00e9fabriqu\u00e9 pour Airbus \u00e0 S\u00e9ville. Montage d'un b\u00e2timent pr\u00e9fabriqu\u00e9 de 955 m\u00e8tres carr\u00e9s.\",\"breadcrumb\":{\"@id\":\"https:\\\/\\\/www.europa-prefabri.com\\\/fr\\\/batiment-prefabrique-pour-airbus-a-seville\\\/#breadcrumb\"},\"inLanguage\":\"fr-FR\",\"potentialAction\":[{\"@type\":\"ReadAction\",\"target\":[\"https:\\\/\\\/www.europa-prefabri.com\\\/fr\\\/batiment-prefabrique-pour-airbus-a-seville\\\/\"]}]},{\"@type\":\"BreadcrumbList\",\"@id\":\"https:\\\/\\\/www.europa-prefabri.com\\\/fr\\\/batiment-prefabrique-pour-airbus-a-seville\\\/#breadcrumb\",\"itemListElement\":[{\"@type\":\"ListItem\",\"position\":1,\"name\":\"Portada\",\"item\":\"https:\\\/\\\/www.europa-prefabri.com\\\/fr\\\/\"},{\"@type\":\"ListItem\",\"position\":2,\"name\":\"B\u00e2timent pr\u00e9fabriqu\u00e9 pour Airbus \u00e0 S\u00e9ville | Prefabri\"}]},{\"@type\":\"WebSite\",\"@id\":\"https:\\\/\\\/www.europa-prefabri.com\\\/#website\",\"url\":\"https:\\\/\\\/www.europa-prefabri.com\\\/\",\"name\":\"Europa Prefabri | Alquiler y venta de construcciones modulares\",\"description\":\"Alquiler y venta de construcciones modulares, casetas de obra, marquesinas de aparcamiento y vallas y cerramientos.\",\"publisher\":{\"@id\":\"https:\\\/\\\/www.europa-prefabri.com\\\/#organization\"},\"potentialAction\":[{\"@type\":\"SearchAction\",\"target\":{\"@type\":\"EntryPoint\",\"urlTemplate\":\"https:\\\/\\\/www.europa-prefabri.com\\\/?s={search_term_string}\"},\"query-input\":{\"@type\":\"PropertyValueSpecification\",\"valueRequired\":true,\"valueName\":\"search_term_string\"}}],\"inLanguage\":\"fr-FR\"},{\"@type\":\"Organization\",\"@id\":\"https:\\\/\\\/www.europa-prefabri.com\\\/#organization\",\"name\":\"Prefabri S.L.\",\"url\":\"https:\\\/\\\/www.europa-prefabri.com\\\/\",\"logo\":{\"@type\":\"ImageObject\",\"inLanguage\":\"fr-FR\",\"@id\":\"https:\\\/\\\/www.europa-prefabri.com\\\/#\\\/schema\\\/logo\\\/image\\\/\",\"url\":\"https:\\\/\\\/www.europa-prefabri.com\\\/wp-content\\\/uploads\\\/EuropaPrefabri-Logo.jpg\",\"contentUrl\":\"https:\\\/\\\/www.europa-prefabri.com\\\/wp-content\\\/uploads\\\/EuropaPrefabri-Logo.jpg\",\"width\":752,\"height\":348,\"caption\":\"Prefabri S.L.\"},\"image\":{\"@id\":\"https:\\\/\\\/www.europa-prefabri.com\\\/#\\\/schema\\\/logo\\\/image\\\/\"},\"sameAs\":[\"https:\\\/\\\/www.facebook.com\\\/Europa-Prefabri-258328977572213\\\/\",\"https:\\\/\\\/x.com\\\/EuropaPrefabri\",\"https:\\\/\\\/www.instagram.com\\\/europaprefabri\\\/\",\"https:\\\/\\\/es.linkedin.com\\\/company\\\/europa-prefabri\",\"https:\\\/\\\/es.pinterest.com\\\/europaprefabri\\\/\",\"https:\\\/\\\/www.youtube.com\\\/user\\\/PrefabriSL\"]},{\"@type\":\"Person\",\"@id\":\"https:\\\/\\\/www.europa-prefabri.com\\\/#\\\/schema\\\/person\\\/2ab6be5821a7026cd8f16d2a9411e86e\",\"name\":\"admin\",\"image\":{\"@type\":\"ImageObject\",\"inLanguage\":\"fr-FR\",\"@id\":\"https:\\\/\\\/secure.gravatar.com\\\/avatar\\\/dc55d3f4b941a1510eef2620b2c166513788bd88ef72341333b6d0a859bacd3c?s=96&d=mm&r=g\",\"url\":\"https:\\\/\\\/secure.gravatar.com\\\/avatar\\\/dc55d3f4b941a1510eef2620b2c166513788bd88ef72341333b6d0a859bacd3c?s=96&d=mm&r=g\",\"contentUrl\":\"https:\\\/\\\/secure.gravatar.com\\\/avatar\\\/dc55d3f4b941a1510eef2620b2c166513788bd88ef72341333b6d0a859bacd3c?s=96&d=mm&r=g\",\"caption\":\"admin\"},\"sameAs\":[\"https:\\\/\\\/www.europa-prefabri.com\",\"https:\\\/\\\/x.com\\\/@EuropaPrefabri\"]}]}<\/script>\n<!-- \/ Yoast SEO plugin. -->","yoast_head_json":{"title":"B\u00e2timent pr\u00e9fabriqu\u00e9 pour Airbus \u00e0 S\u00e9ville | Europa Prefabri","description":"Construction modulaire d'un b\u00e2timent pr\u00e9fabriqu\u00e9 pour Airbus \u00e0 S\u00e9ville. Montage d'un b\u00e2timent pr\u00e9fabriqu\u00e9 de 955 m\u00e8tres carr\u00e9s.","robots":{"index":"index","follow":"follow","max-snippet":"max-snippet:-1","max-image-preview":"max-image-preview:large","max-video-preview":"max-video-preview:-1"},"canonical":"https:\/\/www.europa-prefabri.com\/fr\/batiment-prefabrique-pour-airbus-a-seville\/","og_locale":"fr_FR","og_type":"article","og_title":"B\u00e2timent pr\u00e9fabriqu\u00e9 pour Airbus \u00e0 S\u00e9ville | Europa Prefabri","og_description":"Construction modulaire d'un b\u00e2timent pr\u00e9fabriqu\u00e9 pour Airbus \u00e0 S\u00e9ville. Montage d'un b\u00e2timent pr\u00e9fabriqu\u00e9 de 955 m\u00e8tres carr\u00e9s.","og_url":"https:\/\/www.europa-prefabri.com\/fr\/batiment-prefabrique-pour-airbus-a-seville\/","og_site_name":"Europa Prefabri | Alquiler y venta de construcciones modulares","article_publisher":"https:\/\/www.facebook.com\/Europa-Prefabri-258328977572213\/","article_published_time":"2016-11-07T11:28:08+00:00","article_modified_time":"2017-03-14T11:56:54+00:00","author":"admin","twitter_card":"summary_large_image","twitter_creator":"@EuropaPrefabri","twitter_site":"@EuropaPrefabri","twitter_misc":{"Written by":"admin","Est. reading time":"1 minute"},"schema":{"@context":"https:\/\/schema.org","@graph":[{"@type":"Article","@id":"https:\/\/www.europa-prefabri.com\/fr\/batiment-prefabrique-pour-airbus-a-seville\/#article","isPartOf":{"@id":"https:\/\/www.europa-prefabri.com\/fr\/batiment-prefabrique-pour-airbus-a-seville\/"},"author":{"name":"admin","@id":"https:\/\/www.europa-prefabri.com\/#\/schema\/person\/2ab6be5821a7026cd8f16d2a9411e86e"},"headline":"B\u00e2timent pr\u00e9fabriqu\u00e9 pour Airbus \u00e0 S\u00e9ville | Prefabri","datePublished":"2016-11-07T11:28:08+00:00","dateModified":"2017-03-14T11:56:54+00:00","mainEntityOfPage":{"@id":"https:\/\/www.europa-prefabri.com\/fr\/batiment-prefabrique-pour-airbus-a-seville\/"},"wordCount":175,"publisher":{"@id":"https:\/\/www.europa-prefabri.com\/#organization"},"keywords":["b\u00e2timent pr\u00e9fabriqu\u00e9","construction modulaire"],"articleSection":["Projets"],"inLanguage":"fr-FR"},{"@type":"WebPage","@id":"https:\/\/www.europa-prefabri.com\/fr\/batiment-prefabrique-pour-airbus-a-seville\/","url":"https:\/\/www.europa-prefabri.com\/fr\/batiment-prefabrique-pour-airbus-a-seville\/","name":"B\u00e2timent pr\u00e9fabriqu\u00e9 pour Airbus \u00e0 S\u00e9ville | Europa Prefabri","isPartOf":{"@id":"https:\/\/www.europa-prefabri.com\/#website"},"datePublished":"2016-11-07T11:28:08+00:00","dateModified":"2017-03-14T11:56:54+00:00","description":"Construction modulaire d'un b\u00e2timent pr\u00e9fabriqu\u00e9 pour Airbus \u00e0 S\u00e9ville. Montage d'un b\u00e2timent pr\u00e9fabriqu\u00e9 de 955 m\u00e8tres carr\u00e9s.","breadcrumb":{"@id":"https:\/\/www.europa-prefabri.com\/fr\/batiment-prefabrique-pour-airbus-a-seville\/#breadcrumb"},"inLanguage":"fr-FR","potentialAction":[{"@type":"ReadAction","target":["https:\/\/www.europa-prefabri.com\/fr\/batiment-prefabrique-pour-airbus-a-seville\/"]}]},{"@type":"BreadcrumbList","@id":"https:\/\/www.europa-prefabri.com\/fr\/batiment-prefabrique-pour-airbus-a-seville\/#breadcrumb","itemListElement":[{"@type":"ListItem","position":1,"name":"Portada","item":"https:\/\/www.europa-prefabri.com\/fr\/"},{"@type":"ListItem","position":2,"name":"B\u00e2timent pr\u00e9fabriqu\u00e9 pour Airbus \u00e0 S\u00e9ville | Prefabri"}]},{"@type":"WebSite","@id":"https:\/\/www.europa-prefabri.com\/#website","url":"https:\/\/www.europa-prefabri.com\/","name":"Europa Prefabri | Alquiler y venta de construcciones modulares","description":"Alquiler y venta de construcciones modulares, casetas de obra, marquesinas de aparcamiento y vallas y cerramientos.","publisher":{"@id":"https:\/\/www.europa-prefabri.com\/#organization"},"potentialAction":[{"@type":"SearchAction","target":{"@type":"EntryPoint","urlTemplate":"https:\/\/www.europa-prefabri.com\/?s={search_term_string}"},"query-input":{"@type":"PropertyValueSpecification","valueRequired":true,"valueName":"search_term_string"}}],"inLanguage":"fr-FR"},{"@type":"Organization","@id":"https:\/\/www.europa-prefabri.com\/#organization","name":"Prefabri S.L.","url":"https:\/\/www.europa-prefabri.com\/","logo":{"@type":"ImageObject","inLanguage":"fr-FR","@id":"https:\/\/www.europa-prefabri.com\/#\/schema\/logo\/image\/","url":"https:\/\/www.europa-prefabri.com\/wp-content\/uploads\/EuropaPrefabri-Logo.jpg","contentUrl":"https:\/\/www.europa-prefabri.com\/wp-content\/uploads\/EuropaPrefabri-Logo.jpg","width":752,"height":348,"caption":"Prefabri S.L."},"image":{"@id":"https:\/\/www.europa-prefabri.com\/#\/schema\/logo\/image\/"},"sameAs":["https:\/\/www.facebook.com\/Europa-Prefabri-258328977572213\/","https:\/\/x.com\/EuropaPrefabri","https:\/\/www.instagram.com\/europaprefabri\/","https:\/\/es.linkedin.com\/company\/europa-prefabri","https:\/\/es.pinterest.com\/europaprefabri\/","https:\/\/www.youtube.com\/user\/PrefabriSL"]},{"@type":"Person","@id":"https:\/\/www.europa-prefabri.com\/#\/schema\/person\/2ab6be5821a7026cd8f16d2a9411e86e","name":"admin","image":{"@type":"ImageObject","inLanguage":"fr-FR","@id":"https:\/\/secure.gravatar.com\/avatar\/dc55d3f4b941a1510eef2620b2c166513788bd88ef72341333b6d0a859bacd3c?s=96&d=mm&r=g","url":"https:\/\/secure.gravatar.com\/avatar\/dc55d3f4b941a1510eef2620b2c166513788bd88ef72341333b6d0a859bacd3c?s=96&d=mm&r=g","contentUrl":"https:\/\/secure.gravatar.com\/avatar\/dc55d3f4b941a1510eef2620b2c166513788bd88ef72341333b6d0a859bacd3c?s=96&d=mm&r=g","caption":"admin"},"sameAs":["https:\/\/www.europa-prefabri.com","https:\/\/x.com\/@EuropaPrefabri"]}]}},"_links":{"self":[{"href":"https:\/\/www.europa-prefabri.com\/fr\/wp-json\/wp\/v2\/posts\/14451","targetHints":{"allow":["GET"]}}],"collection":[{"href":"https:\/\/www.europa-prefabri.com\/fr\/wp-json\/wp\/v2\/posts"}],"about":[{"href":"https:\/\/www.europa-prefabri.com\/fr\/wp-json\/wp\/v2\/types\/post"}],"author":[{"embeddable":true,"href":"https:\/\/www.europa-prefabri.com\/fr\/wp-json\/wp\/v2\/users\/4"}],"replies":[{"embeddable":true,"href":"https:\/\/www.europa-prefabri.com\/fr\/wp-json\/wp\/v2\/comments?post=14451"}],"version-history":[{"count":0,"href":"https:\/\/www.europa-prefabri.com\/fr\/wp-json\/wp\/v2\/posts\/14451\/revisions"}],"wp:attachment":[{"href":"https:\/\/www.europa-prefabri.com\/fr\/wp-json\/wp\/v2\/media?parent=14451"}],"wp:term":[{"taxonomy":"category","embeddable":true,"href":"https:\/\/www.europa-prefabri.com\/fr\/wp-json\/wp\/v2\/categories?post=14451"},{"taxonomy":"post_tag","embeddable":true,"href":"https:\/\/www.europa-prefabri.com\/fr\/wp-json\/wp\/v2\/tags?post=14451"}],"curies":[{"name":"wp","href":"https:\/\/api.w.org\/{rel}","templated":true}]}}