{"id":14402,"date":"2016-11-16T11:12:37","date_gmt":"2016-11-16T11:12:37","guid":{"rendered":"http:\/\/www.europa-prefabri.com\/fr\/?p=14402"},"modified":"2017-03-08T12:50:13","modified_gmt":"2017-03-08T12:50:13","slug":"bungalows-de-plage","status":"publish","type":"post","link":"https:\/\/www.europa-prefabri.com\/fr\/bungalows-de-plage\/","title":{"rendered":"Bungalows de plage dans le district Asia \u00e0 Lima, P\u00e9rou | Alquimodul"},"content":{"rendered":"\n<h1>Bungalows\u00a0de plage dans le district Asia \u00e0 Lima, P\u00e9rou<\/h1>\n<p style=\"text-align: justify;\"><span style=\"color: #333333;\">Nous avons commenc\u00e9 le montage de 85 bungalows\u00a0de plage dans le quartier Asia \u00e0 Lima au P\u00e9rou, \u00e0 c\u00f4t\u00e9 de notre entreprise p\u00e9ruvienne Alquimodul SAC.<\/span><\/p>\n<p style=\"text-align: justify;\"><span style=\"color: #333333;\">Nous sommes entrain de r\u00e9alis\u00e9 la fabrication et le montage dans cette m\u00eame plage de logements pr\u00e9fabriqu\u00e9s de types bungalows \u00a0\u00e0 double hauteur. Les maisonnettes sont compos\u00e9s de:<\/span><\/p>\n<ul>\n<li><span style=\"color: #333333;\">Deux chambres<\/span><\/li>\n<li><span style=\"color: #333333;\">Une cuisine<\/span><\/li>\n<li><span style=\"color: #333333;\">Un salon-salle \u00e0 manger<\/span><\/li>\n<li><span style=\"color: #333333;\">Deux salles de bains<\/span><\/li>\n<li><span style=\"color: #333333;\">Et un porche avec vue sur la mer<\/span><\/li>\n<\/ul>\n<p style=\"text-align: justify;\"><span style=\"color: #333333;\">Une fois que nous aurons termin\u00e9 le montage, le client final les recouvrera de bois noble et leurs donnera des finitions de luxe.<\/span><\/p>\n<p style=\"text-align: justify;\"><span style=\"color: #333333;\">Comme on peut le voir sur les photos, l&#8217;emplacement est exceptionnel, \u00e0 une cinquantaine de m\u00e8tre de la mer.<\/span><\/p>\n<p style=\"text-align: justify;\"><span style=\"color: #333333;\">Un autre exemple des divers usages de nos constructions modulaires pr\u00e9fabriqu\u00e9s.<\/span><\/p>\n<h2>Parmi les projets que nous avons r\u00e9alis\u00e9s au P\u00e9rou en 2016, il y a eu:<\/h2>\n<ul>\n<li style=\"text-align: justify;\"><span style=\"color: #333333;\">Base de vie modulaire \u00e0 Trujillo: pour une unit\u00e9 mini\u00e8re. Nos panneaux thermo acoustiques sont id\u00e9aux pour ce campement parce qu&#8217;ils ne prot\u00e8gent pas seulement du froid mais aussi de la chaleur habituelle de la r\u00e9gion. Le campement est form\u00e9 par plusieurs modules de bureaux et de chambres.<\/span><\/li>\n<li style=\"text-align: justify;\"><span style=\"color: #333333;\">Bureaux modulaires du MUNA: \u00e9quipement de la location de la base de vie pour l\u00b4Association de Constructeur MUNA, qui sera en charge de la construction du Mus\u00e9e National d&#8217;Arch\u00e9ologie (MUNA), dont l&#8217;objectif est la protection du patrimoine culturel p\u00e9ruvien. Il s&#8217;agit de travaux \u00e9valu\u00e9s \u00e0 406 millions d&#8217;euros et qui durera deux ans. Nous avons fabriqu\u00e9 et mont\u00e9 plus de 750m\u00b2 de bureaux divis\u00e9s en deux b\u00e2timents pour les ing\u00e9nieurs qui travaillent sur le projet ainsi que des autres modules pour d&#8217;autres usages, comme par exemple pour cr\u00e9er un poste de surveillance ou espace de stock. La fabrication et le montage de la base de vie cl\u00e9 en main s&#8217;est r\u00e9alis\u00e9 en moins de deux mois.<\/span><\/li>\n<li style=\"text-align: justify;\"><span style=\"color: #333333;\">Base de vie pour les travailleurs \u00e0 Arequipa: pour faire des dortoirs pour les travailleurs avec des modules pr\u00e9fabriqu\u00e9s standards. Les temp\u00e9ratures dans la zone baissent en dessous des -10 \u00baC, pour cette raison le client a exig\u00e9 que nos modules soient isol\u00e9s avec des panneaux de polyur\u00e9thane.<\/span><\/li>\n<li style=\"text-align: justify;\"><span style=\"color: #333333;\">Bureaux d&#8217;accueil du public\u00a0dans le nouveau d\u00e9p\u00f4t de v\u00e9hicule du Service d&#8217;Administration Fiscale situ\u00e9 \u00e0 Villa El Salvador \u00e0 Lima. La fabrication et l&#8217;installation des modules pr\u00e9fabriqu\u00e9s ont \u00e9t\u00e9 faits en moins de deux semaines.<\/span><\/li>\n<li style=\"text-align: justify;\"><span style=\"color: #333333;\">Vestiaires et caf\u00e9t\u00e9ria de modules pr\u00e9fabriqu\u00e9s pour l\u00b4\u00e9quipe de football \u00e0 Villa Maria del Triunfo \u00e0 Lima.<\/span><\/li>\n<\/ul>\n<h2>Catalogue de produits<\/h2>\n<p style=\"text-align: justify;\"><span style=\"color: #333333;\">Le groupe Europa Prefabri a une large gamme de produits, adapt\u00e9e pour couvrir tout type de besoins, aussi bien en vente qu&#8217;en location, et tant au niveau national qu&#8217;international:<\/span><\/p>\n<ul>\n<li><span style=\"color: #333333;\">Constructions modulaires, avec ses diff\u00e9rentes applications\u00a0:<\/span>\n<ul>\n<li><span style=\"color: #333333;\">Modules pr\u00e9fabriqu\u00e9s, parfaits pour\u00a0:<\/span>\n<ul>\n<li><span style=\"color: #333333;\">Des bureaux<\/span><\/li>\n<li><span style=\"color: #333333;\">Salles pr\u00e9fabriqu\u00e9es et \u00e9coles<\/span><\/li>\n<li><span style=\"color: #333333;\">Laboratoires<\/span><\/li>\n<li><span style=\"color: #333333;\">\u00c9v\u00e9nements<\/span><\/li>\n<\/ul>\n<\/li>\n<li style=\"text-align: justify;\"><span style=\"color: #333333;\">Bases de vie pr\u00e9fabriqu\u00e9es con\u00e7ues sur mesures, r\u00e9alis\u00e9es en peu de temps, avec la possibilit\u00e9 d\u2019agrandir ou r\u00e9duire la construction, avec un co\u00fbt r\u00e9duit et avec un impact moindre sur l\u00b4environnement par rapport \u00e0 la construction traditionnelle.<\/span><\/li>\n<li style=\"text-align: justify;\"><span style=\"color: #333333;\">Cabane de chantier, pour des bureaux de chantiers, vestiaires, cantines, salles de bains, stocks<\/span><\/li>\n<li><span style=\"color: #333333;\">Cabine de surveillance<\/span><\/li>\n<li><span style=\"color: #333333;\">Sanitaire et loge<\/span><\/li>\n<li><span style=\"color: #333333;\">Entrep\u00f4ts pr\u00e9fabriqu\u00e9s en structure m\u00e9tallique<\/span><\/li>\n<\/ul>\n<\/li>\n<li><span style=\"color: #333333;\">Abris de parking<\/span><\/li>\n<li><span style=\"color: #333333;\">Couvertures textiles<\/span><\/li>\n<li><span style=\"color: #333333;\">Abris sp\u00e9ciaux<\/span><\/li>\n<li><span style=\"color: #333333;\">Cl\u00f4tures et fermetures<\/span><\/li>\n<li><span style=\"color: #333333;\">Mobiliers urbains<\/span><\/li>\n<\/ul>\n","protected":false},"excerpt":{"rendered":"<p>Bungalows\u00a0de plage dans le district Asia \u00e0 Lima, P\u00e9rou Nous avons commenc\u00e9 le montage de 85 bungalows\u00a0de plage dans le quartier Asia \u00e0 Lima au P\u00e9rou, \u00e0 c\u00f4t\u00e9 de notre entreprise p\u00e9ruvienne Alquimodul SAC. Nous sommes entrain de r\u00e9alis\u00e9 la fabrication et le montage dans cette m\u00eame plage de logements pr\u00e9fabriqu\u00e9s de types bungalows \u00a0\u00e0 [&hellip;]<\/p>\n","protected":false},"author":4,"featured_media":0,"comment_status":"closed","ping_status":"closed","sticky":false,"template":"","format":"gallery","meta":{"footnotes":""},"categories":[58],"tags":[359,358,356,357,355],"class_list":["post-14402","post","type-post","status-publish","format-gallery","hentry","category-projets","tag-bungalow-de-plage","tag-cabanes-de-plage","tag-constructions-modulaires","tag-maisonnettes-de-plage","tag-maisons-prefabriques","post_format-post-format-gallery"],"yoast_head":"<!-- This site is optimized with the Yoast SEO plugin v27.5 - https:\/\/yoast.com\/product\/yoast-seo-wordpress\/ -->\n<title>Bungalows de plage dans le district Asia \u00e0 Lima | AlquimodulBungalows<\/title>\n<meta name=\"description\" content=\"Bungalows de plage dans le district Asia \u00e0 Lima au P\u00e9rou. Fabrication et montage dans cette m\u00eame plage de logements pr\u00e9fabriqu\u00e9s de types bungalows.\" \/>\n<meta name=\"robots\" content=\"index, follow, max-snippet:-1, max-image-preview:large, max-video-preview:-1\" \/>\n<link rel=\"canonical\" href=\"https:\/\/www.europa-prefabri.com\/fr\/bungalows-de-plage\/\" \/>\n<meta property=\"og:locale\" content=\"fr_FR\" \/>\n<meta property=\"og:type\" content=\"article\" \/>\n<meta property=\"og:title\" content=\"Bungalows de plage dans le district Asia \u00e0 Lima | AlquimodulBungalows\" \/>\n<meta property=\"og:description\" content=\"Bungalows de plage dans le district Asia \u00e0 Lima au P\u00e9rou. Fabrication et montage dans cette m\u00eame plage de logements pr\u00e9fabriqu\u00e9s de types bungalows.\" \/>\n<meta property=\"og:url\" content=\"https:\/\/www.europa-prefabri.com\/fr\/bungalows-de-plage\/\" \/>\n<meta property=\"og:site_name\" content=\"Europa Prefabri | Alquiler y venta de construcciones modulares\" \/>\n<meta property=\"article:publisher\" content=\"https:\/\/www.facebook.com\/Europa-Prefabri-258328977572213\/\" \/>\n<meta property=\"article:published_time\" content=\"2016-11-16T11:12:37+00:00\" \/>\n<meta property=\"article:modified_time\" content=\"2017-03-08T12:50:13+00:00\" \/>\n<meta name=\"author\" content=\"admin\" \/>\n<meta name=\"twitter:card\" content=\"summary_large_image\" \/>\n<meta name=\"twitter:creator\" content=\"@EuropaPrefabri\" \/>\n<meta name=\"twitter:site\" content=\"@EuropaPrefabri\" \/>\n<meta name=\"twitter:label1\" content=\"Written by\" \/>\n\t<meta name=\"twitter:data1\" content=\"admin\" \/>\n\t<meta name=\"twitter:label2\" content=\"Est. reading time\" \/>\n\t<meta name=\"twitter:data2\" content=\"3 minutes\" \/>\n<script type=\"application\/ld+json\" class=\"yoast-schema-graph\">{\"@context\":\"https:\\\/\\\/schema.org\",\"@graph\":[{\"@type\":\"Article\",\"@id\":\"https:\\\/\\\/www.europa-prefabri.com\\\/fr\\\/bungalows-de-plage\\\/#article\",\"isPartOf\":{\"@id\":\"https:\\\/\\\/www.europa-prefabri.com\\\/fr\\\/bungalows-de-plage\\\/\"},\"author\":{\"name\":\"admin\",\"@id\":\"https:\\\/\\\/www.europa-prefabri.com\\\/#\\\/schema\\\/person\\\/2ab6be5821a7026cd8f16d2a9411e86e\"},\"headline\":\"Bungalows de plage dans le district Asia \u00e0 Lima, P\u00e9rou | Alquimodul\",\"datePublished\":\"2016-11-16T11:12:37+00:00\",\"dateModified\":\"2017-03-08T12:50:13+00:00\",\"mainEntityOfPage\":{\"@id\":\"https:\\\/\\\/www.europa-prefabri.com\\\/fr\\\/bungalows-de-plage\\\/\"},\"wordCount\":605,\"publisher\":{\"@id\":\"https:\\\/\\\/www.europa-prefabri.com\\\/#organization\"},\"keywords\":[\"bungalow de plage\",\"cabanes de plage\",\"constructions modulaires\",\"maisonnettes de plage\",\"maisons pr\u00e9fabriqu\u00e9s\"],\"articleSection\":[\"Projets\"],\"inLanguage\":\"fr-FR\"},{\"@type\":\"WebPage\",\"@id\":\"https:\\\/\\\/www.europa-prefabri.com\\\/fr\\\/bungalows-de-plage\\\/\",\"url\":\"https:\\\/\\\/www.europa-prefabri.com\\\/fr\\\/bungalows-de-plage\\\/\",\"name\":\"Bungalows de plage dans le district Asia \u00e0 Lima | AlquimodulBungalows\",\"isPartOf\":{\"@id\":\"https:\\\/\\\/www.europa-prefabri.com\\\/#website\"},\"datePublished\":\"2016-11-16T11:12:37+00:00\",\"dateModified\":\"2017-03-08T12:50:13+00:00\",\"description\":\"Bungalows de plage dans le district Asia \u00e0 Lima au P\u00e9rou. Fabrication et montage dans cette m\u00eame plage de logements pr\u00e9fabriqu\u00e9s de types bungalows.\",\"breadcrumb\":{\"@id\":\"https:\\\/\\\/www.europa-prefabri.com\\\/fr\\\/bungalows-de-plage\\\/#breadcrumb\"},\"inLanguage\":\"fr-FR\",\"potentialAction\":[{\"@type\":\"ReadAction\",\"target\":[\"https:\\\/\\\/www.europa-prefabri.com\\\/fr\\\/bungalows-de-plage\\\/\"]}]},{\"@type\":\"BreadcrumbList\",\"@id\":\"https:\\\/\\\/www.europa-prefabri.com\\\/fr\\\/bungalows-de-plage\\\/#breadcrumb\",\"itemListElement\":[{\"@type\":\"ListItem\",\"position\":1,\"name\":\"Portada\",\"item\":\"https:\\\/\\\/www.europa-prefabri.com\\\/fr\\\/\"},{\"@type\":\"ListItem\",\"position\":2,\"name\":\"Bungalows de plage dans le district Asia \u00e0 Lima, P\u00e9rou | Alquimodul\"}]},{\"@type\":\"WebSite\",\"@id\":\"https:\\\/\\\/www.europa-prefabri.com\\\/#website\",\"url\":\"https:\\\/\\\/www.europa-prefabri.com\\\/\",\"name\":\"Europa Prefabri | Alquiler y venta de construcciones modulares\",\"description\":\"Alquiler y venta de construcciones modulares, casetas de obra, marquesinas de aparcamiento y vallas y cerramientos.\",\"publisher\":{\"@id\":\"https:\\\/\\\/www.europa-prefabri.com\\\/#organization\"},\"potentialAction\":[{\"@type\":\"SearchAction\",\"target\":{\"@type\":\"EntryPoint\",\"urlTemplate\":\"https:\\\/\\\/www.europa-prefabri.com\\\/?s={search_term_string}\"},\"query-input\":{\"@type\":\"PropertyValueSpecification\",\"valueRequired\":true,\"valueName\":\"search_term_string\"}}],\"inLanguage\":\"fr-FR\"},{\"@type\":\"Organization\",\"@id\":\"https:\\\/\\\/www.europa-prefabri.com\\\/#organization\",\"name\":\"Prefabri S.L.\",\"url\":\"https:\\\/\\\/www.europa-prefabri.com\\\/\",\"logo\":{\"@type\":\"ImageObject\",\"inLanguage\":\"fr-FR\",\"@id\":\"https:\\\/\\\/www.europa-prefabri.com\\\/#\\\/schema\\\/logo\\\/image\\\/\",\"url\":\"https:\\\/\\\/www.europa-prefabri.com\\\/wp-content\\\/uploads\\\/EuropaPrefabri-Logo.jpg\",\"contentUrl\":\"https:\\\/\\\/www.europa-prefabri.com\\\/wp-content\\\/uploads\\\/EuropaPrefabri-Logo.jpg\",\"width\":752,\"height\":348,\"caption\":\"Prefabri S.L.\"},\"image\":{\"@id\":\"https:\\\/\\\/www.europa-prefabri.com\\\/#\\\/schema\\\/logo\\\/image\\\/\"},\"sameAs\":[\"https:\\\/\\\/www.facebook.com\\\/Europa-Prefabri-258328977572213\\\/\",\"https:\\\/\\\/x.com\\\/EuropaPrefabri\",\"https:\\\/\\\/www.instagram.com\\\/europaprefabri\\\/\",\"https:\\\/\\\/es.linkedin.com\\\/company\\\/europa-prefabri\",\"https:\\\/\\\/es.pinterest.com\\\/europaprefabri\\\/\",\"https:\\\/\\\/www.youtube.com\\\/user\\\/PrefabriSL\"]},{\"@type\":\"Person\",\"@id\":\"https:\\\/\\\/www.europa-prefabri.com\\\/#\\\/schema\\\/person\\\/2ab6be5821a7026cd8f16d2a9411e86e\",\"name\":\"admin\",\"image\":{\"@type\":\"ImageObject\",\"inLanguage\":\"fr-FR\",\"@id\":\"https:\\\/\\\/secure.gravatar.com\\\/avatar\\\/dc55d3f4b941a1510eef2620b2c166513788bd88ef72341333b6d0a859bacd3c?s=96&d=mm&r=g\",\"url\":\"https:\\\/\\\/secure.gravatar.com\\\/avatar\\\/dc55d3f4b941a1510eef2620b2c166513788bd88ef72341333b6d0a859bacd3c?s=96&d=mm&r=g\",\"contentUrl\":\"https:\\\/\\\/secure.gravatar.com\\\/avatar\\\/dc55d3f4b941a1510eef2620b2c166513788bd88ef72341333b6d0a859bacd3c?s=96&d=mm&r=g\",\"caption\":\"admin\"},\"sameAs\":[\"https:\\\/\\\/www.europa-prefabri.com\",\"https:\\\/\\\/x.com\\\/@EuropaPrefabri\"]}]}<\/script>\n<!-- \/ Yoast SEO plugin. -->","yoast_head_json":{"title":"Bungalows de plage dans le district Asia \u00e0 Lima | AlquimodulBungalows","description":"Bungalows de plage dans le district Asia \u00e0 Lima au P\u00e9rou. Fabrication et montage dans cette m\u00eame plage de logements pr\u00e9fabriqu\u00e9s de types bungalows.","robots":{"index":"index","follow":"follow","max-snippet":"max-snippet:-1","max-image-preview":"max-image-preview:large","max-video-preview":"max-video-preview:-1"},"canonical":"https:\/\/www.europa-prefabri.com\/fr\/bungalows-de-plage\/","og_locale":"fr_FR","og_type":"article","og_title":"Bungalows de plage dans le district Asia \u00e0 Lima | AlquimodulBungalows","og_description":"Bungalows de plage dans le district Asia \u00e0 Lima au P\u00e9rou. Fabrication et montage dans cette m\u00eame plage de logements pr\u00e9fabriqu\u00e9s de types bungalows.","og_url":"https:\/\/www.europa-prefabri.com\/fr\/bungalows-de-plage\/","og_site_name":"Europa Prefabri | Alquiler y venta de construcciones modulares","article_publisher":"https:\/\/www.facebook.com\/Europa-Prefabri-258328977572213\/","article_published_time":"2016-11-16T11:12:37+00:00","article_modified_time":"2017-03-08T12:50:13+00:00","author":"admin","twitter_card":"summary_large_image","twitter_creator":"@EuropaPrefabri","twitter_site":"@EuropaPrefabri","twitter_misc":{"Written by":"admin","Est. reading time":"3 minutes"},"schema":{"@context":"https:\/\/schema.org","@graph":[{"@type":"Article","@id":"https:\/\/www.europa-prefabri.com\/fr\/bungalows-de-plage\/#article","isPartOf":{"@id":"https:\/\/www.europa-prefabri.com\/fr\/bungalows-de-plage\/"},"author":{"name":"admin","@id":"https:\/\/www.europa-prefabri.com\/#\/schema\/person\/2ab6be5821a7026cd8f16d2a9411e86e"},"headline":"Bungalows de plage dans le district Asia \u00e0 Lima, P\u00e9rou | Alquimodul","datePublished":"2016-11-16T11:12:37+00:00","dateModified":"2017-03-08T12:50:13+00:00","mainEntityOfPage":{"@id":"https:\/\/www.europa-prefabri.com\/fr\/bungalows-de-plage\/"},"wordCount":605,"publisher":{"@id":"https:\/\/www.europa-prefabri.com\/#organization"},"keywords":["bungalow de plage","cabanes de plage","constructions modulaires","maisonnettes de plage","maisons pr\u00e9fabriqu\u00e9s"],"articleSection":["Projets"],"inLanguage":"fr-FR"},{"@type":"WebPage","@id":"https:\/\/www.europa-prefabri.com\/fr\/bungalows-de-plage\/","url":"https:\/\/www.europa-prefabri.com\/fr\/bungalows-de-plage\/","name":"Bungalows de plage dans le district Asia \u00e0 Lima | AlquimodulBungalows","isPartOf":{"@id":"https:\/\/www.europa-prefabri.com\/#website"},"datePublished":"2016-11-16T11:12:37+00:00","dateModified":"2017-03-08T12:50:13+00:00","description":"Bungalows de plage dans le district Asia \u00e0 Lima au P\u00e9rou. Fabrication et montage dans cette m\u00eame plage de logements pr\u00e9fabriqu\u00e9s de types bungalows.","breadcrumb":{"@id":"https:\/\/www.europa-prefabri.com\/fr\/bungalows-de-plage\/#breadcrumb"},"inLanguage":"fr-FR","potentialAction":[{"@type":"ReadAction","target":["https:\/\/www.europa-prefabri.com\/fr\/bungalows-de-plage\/"]}]},{"@type":"BreadcrumbList","@id":"https:\/\/www.europa-prefabri.com\/fr\/bungalows-de-plage\/#breadcrumb","itemListElement":[{"@type":"ListItem","position":1,"name":"Portada","item":"https:\/\/www.europa-prefabri.com\/fr\/"},{"@type":"ListItem","position":2,"name":"Bungalows de plage dans le district Asia \u00e0 Lima, P\u00e9rou | Alquimodul"}]},{"@type":"WebSite","@id":"https:\/\/www.europa-prefabri.com\/#website","url":"https:\/\/www.europa-prefabri.com\/","name":"Europa Prefabri | Alquiler y venta de construcciones modulares","description":"Alquiler y venta de construcciones modulares, casetas de obra, marquesinas de aparcamiento y vallas y cerramientos.","publisher":{"@id":"https:\/\/www.europa-prefabri.com\/#organization"},"potentialAction":[{"@type":"SearchAction","target":{"@type":"EntryPoint","urlTemplate":"https:\/\/www.europa-prefabri.com\/?s={search_term_string}"},"query-input":{"@type":"PropertyValueSpecification","valueRequired":true,"valueName":"search_term_string"}}],"inLanguage":"fr-FR"},{"@type":"Organization","@id":"https:\/\/www.europa-prefabri.com\/#organization","name":"Prefabri S.L.","url":"https:\/\/www.europa-prefabri.com\/","logo":{"@type":"ImageObject","inLanguage":"fr-FR","@id":"https:\/\/www.europa-prefabri.com\/#\/schema\/logo\/image\/","url":"https:\/\/www.europa-prefabri.com\/wp-content\/uploads\/EuropaPrefabri-Logo.jpg","contentUrl":"https:\/\/www.europa-prefabri.com\/wp-content\/uploads\/EuropaPrefabri-Logo.jpg","width":752,"height":348,"caption":"Prefabri S.L."},"image":{"@id":"https:\/\/www.europa-prefabri.com\/#\/schema\/logo\/image\/"},"sameAs":["https:\/\/www.facebook.com\/Europa-Prefabri-258328977572213\/","https:\/\/x.com\/EuropaPrefabri","https:\/\/www.instagram.com\/europaprefabri\/","https:\/\/es.linkedin.com\/company\/europa-prefabri","https:\/\/es.pinterest.com\/europaprefabri\/","https:\/\/www.youtube.com\/user\/PrefabriSL"]},{"@type":"Person","@id":"https:\/\/www.europa-prefabri.com\/#\/schema\/person\/2ab6be5821a7026cd8f16d2a9411e86e","name":"admin","image":{"@type":"ImageObject","inLanguage":"fr-FR","@id":"https:\/\/secure.gravatar.com\/avatar\/dc55d3f4b941a1510eef2620b2c166513788bd88ef72341333b6d0a859bacd3c?s=96&d=mm&r=g","url":"https:\/\/secure.gravatar.com\/avatar\/dc55d3f4b941a1510eef2620b2c166513788bd88ef72341333b6d0a859bacd3c?s=96&d=mm&r=g","contentUrl":"https:\/\/secure.gravatar.com\/avatar\/dc55d3f4b941a1510eef2620b2c166513788bd88ef72341333b6d0a859bacd3c?s=96&d=mm&r=g","caption":"admin"},"sameAs":["https:\/\/www.europa-prefabri.com","https:\/\/x.com\/@EuropaPrefabri"]}]}},"_links":{"self":[{"href":"https:\/\/www.europa-prefabri.com\/fr\/wp-json\/wp\/v2\/posts\/14402","targetHints":{"allow":["GET"]}}],"collection":[{"href":"https:\/\/www.europa-prefabri.com\/fr\/wp-json\/wp\/v2\/posts"}],"about":[{"href":"https:\/\/www.europa-prefabri.com\/fr\/wp-json\/wp\/v2\/types\/post"}],"author":[{"embeddable":true,"href":"https:\/\/www.europa-prefabri.com\/fr\/wp-json\/wp\/v2\/users\/4"}],"replies":[{"embeddable":true,"href":"https:\/\/www.europa-prefabri.com\/fr\/wp-json\/wp\/v2\/comments?post=14402"}],"version-history":[{"count":0,"href":"https:\/\/www.europa-prefabri.com\/fr\/wp-json\/wp\/v2\/posts\/14402\/revisions"}],"wp:attachment":[{"href":"https:\/\/www.europa-prefabri.com\/fr\/wp-json\/wp\/v2\/media?parent=14402"}],"wp:term":[{"taxonomy":"category","embeddable":true,"href":"https:\/\/www.europa-prefabri.com\/fr\/wp-json\/wp\/v2\/categories?post=14402"},{"taxonomy":"post_tag","embeddable":true,"href":"https:\/\/www.europa-prefabri.com\/fr\/wp-json\/wp\/v2\/tags?post=14402"}],"curies":[{"name":"wp","href":"https:\/\/api.w.org\/{rel}","templated":true}]}}