{"id":14401,"date":"2016-11-25T10:58:14","date_gmt":"2016-11-25T10:58:14","guid":{"rendered":"http:\/\/www.europa-prefabri.com\/fr\/?p=14401"},"modified":"2017-03-14T11:33:36","modified_gmt":"2017-03-14T11:33:36","slug":"cabine-de-controle-prefabriquee","status":"publish","type":"post","link":"https:\/\/www.europa-prefabri.com\/fr\/cabine-de-controle-prefabriquee\/","title":{"rendered":"Nouvelle cabine de contr\u00f4le pr\u00e9fabriqu\u00e9e pour Eiffage Energy | Prefabri"},"content":{"rendered":"\n<p>Notre nouveau projet d&#8217;exportation s&#8217;agit de la quatri\u00e8me cabine\u00a0de contr\u00f4le pr\u00e9fabriqu\u00e9e que nous r\u00e9alisons pour notre client Eiffage Energy au Royaume-Unis.<\/p>\n<p><span style=\"line-height: 1.5;\">Il sera utilis\u00e9 pour g\u00e9rer des projets d&#8217;\u00e9nergie solaire photovolta\u00efque.<\/span><\/p>\n<h3><strong>Caract\u00e9ristiques de la cabine\u00a0de contr\u00f4le pr\u00e9fabriqu\u00e9e:<\/strong><\/h3>\n<p>La cabine\u00a0de contr\u00f4le est un module pr\u00e9fabriqu\u00e9 de 10 x 2, 35m avec des murs de 100mm de polyur\u00e9thane,\u00a0 sous couverture en pente int\u00e9gr\u00e9e, sol de fibrociment, installations \u00e9lectriques sp\u00e9ciales avec connections ext\u00e9rieures et int\u00e9rieures, presse \u00e9toupes, c\u00e2ble d&#8217;antenne, r\u00e9seau Ethernet\u2026<\/p>\n<p>La cabine\u00a0de contr\u00f4le a \u00e9t\u00e9 envoy\u00e9e mont\u00e9e\u00a0\u00e0 l&#8217;aide de camion tauliner sp\u00e9cialement depuis l&#8217;usine pour son installation imm\u00e9diate \u00e0 la centrale d&#8217;\u00e9nergie solaire.<\/p>\n<p>Si vous voulez voir plus d&#8217;images, nous vous montrons ici les photos de l&#8217;int\u00e9rieur de la cabine\u00a0de contr\u00f4le.<\/p>\n<p>&nbsp;<\/p>\n","protected":false},"excerpt":{"rendered":"<p>Notre nouveau projet d&#8217;exportation s&#8217;agit de la quatri\u00e8me cabine\u00a0de contr\u00f4le pr\u00e9fabriqu\u00e9e que nous r\u00e9alisons pour notre client Eiffage Energy au Royaume-Unis. Il sera utilis\u00e9 pour g\u00e9rer des projets d&#8217;\u00e9nergie solaire photovolta\u00efque. Caract\u00e9ristiques de la cabine\u00a0de contr\u00f4le pr\u00e9fabriqu\u00e9e: La cabine\u00a0de contr\u00f4le est un module pr\u00e9fabriqu\u00e9 de 10 x 2, 35m avec des murs de 100mm de [&hellip;]<\/p>\n","protected":false},"author":4,"featured_media":12431,"comment_status":"closed","ping_status":"closed","sticky":false,"template":"","format":"gallery","meta":{"footnotes":""},"categories":[58],"tags":[157,340],"class_list":["post-14401","post","type-post","status-publish","format-gallery","has-post-thumbnail","hentry","category-projets","tag-construction-modulaire-2","tag-module","post_format-post-format-gallery"],"yoast_head":"<!-- This site is optimized with the Yoast SEO plugin v27.5 - https:\/\/yoast.com\/product\/yoast-seo-wordpress\/ -->\n<title>Nouvelle cabine de contr\u00f4le pr\u00e9fabriqu\u00e9e pour Eiffage Energy | Prefabri<\/title>\n<meta name=\"description\" content=\"Nouvelle cabine de contr\u00f4le pr\u00e9fabriqu\u00e9e pour Eiffage Energy, qui sera utilis\u00e9e pour g\u00e9rer des projets d&#039;\u00e9nergie solaire photovolta\u00efque.\" \/>\n<meta name=\"robots\" content=\"index, follow, max-snippet:-1, max-image-preview:large, max-video-preview:-1\" \/>\n<link rel=\"canonical\" href=\"https:\/\/www.europa-prefabri.com\/fr\/cabine-de-controle-prefabriquee\/\" \/>\n<meta property=\"og:locale\" content=\"fr_FR\" \/>\n<meta property=\"og:type\" content=\"article\" \/>\n<meta property=\"og:title\" content=\"Nouvelle cabine de contr\u00f4le pr\u00e9fabriqu\u00e9e pour Eiffage Energy | Prefabri\" \/>\n<meta property=\"og:description\" content=\"Nouvelle cabine de contr\u00f4le pr\u00e9fabriqu\u00e9e pour Eiffage Energy, qui sera utilis\u00e9e pour g\u00e9rer des projets d&#039;\u00e9nergie solaire photovolta\u00efque.\" \/>\n<meta property=\"og:url\" content=\"https:\/\/www.europa-prefabri.com\/fr\/cabine-de-controle-prefabriquee\/\" \/>\n<meta property=\"og:site_name\" content=\"Europa Prefabri | Alquiler y venta de construcciones modulares\" \/>\n<meta property=\"article:publisher\" content=\"https:\/\/www.facebook.com\/Europa-Prefabri-258328977572213\/\" \/>\n<meta property=\"article:published_time\" content=\"2016-11-25T10:58:14+00:00\" \/>\n<meta property=\"article:modified_time\" content=\"2017-03-14T11:33:36+00:00\" \/>\n<meta property=\"og:image\" content=\"https:\/\/www.europa-prefabri.com\/wp-content\/uploads\/Sala-de-control-modulo-prefabricado-eiffage.png\" \/>\n\t<meta property=\"og:image:width\" content=\"800\" \/>\n\t<meta property=\"og:image:height\" content=\"600\" \/>\n\t<meta property=\"og:image:type\" content=\"image\/png\" \/>\n<meta name=\"author\" content=\"admin\" \/>\n<meta name=\"twitter:card\" content=\"summary_large_image\" \/>\n<meta name=\"twitter:creator\" content=\"@EuropaPrefabri\" \/>\n<meta name=\"twitter:site\" content=\"@EuropaPrefabri\" \/>\n<meta name=\"twitter:label1\" content=\"Written by\" \/>\n\t<meta name=\"twitter:data1\" content=\"admin\" \/>\n\t<meta name=\"twitter:label2\" content=\"Est. reading time\" \/>\n\t<meta name=\"twitter:data2\" content=\"1 minute\" \/>\n<script type=\"application\/ld+json\" class=\"yoast-schema-graph\">{\"@context\":\"https:\\\/\\\/schema.org\",\"@graph\":[{\"@type\":\"Article\",\"@id\":\"https:\\\/\\\/www.europa-prefabri.com\\\/fr\\\/cabine-de-controle-prefabriquee\\\/#article\",\"isPartOf\":{\"@id\":\"https:\\\/\\\/www.europa-prefabri.com\\\/fr\\\/cabine-de-controle-prefabriquee\\\/\"},\"author\":{\"name\":\"admin\",\"@id\":\"https:\\\/\\\/www.europa-prefabri.com\\\/#\\\/schema\\\/person\\\/2ab6be5821a7026cd8f16d2a9411e86e\"},\"headline\":\"Nouvelle cabine de contr\u00f4le pr\u00e9fabriqu\u00e9e pour Eiffage Energy | Prefabri\",\"datePublished\":\"2016-11-25T10:58:14+00:00\",\"dateModified\":\"2017-03-14T11:33:36+00:00\",\"mainEntityOfPage\":{\"@id\":\"https:\\\/\\\/www.europa-prefabri.com\\\/fr\\\/cabine-de-controle-prefabriquee\\\/\"},\"wordCount\":167,\"publisher\":{\"@id\":\"https:\\\/\\\/www.europa-prefabri.com\\\/#organization\"},\"image\":{\"@id\":\"https:\\\/\\\/www.europa-prefabri.com\\\/fr\\\/cabine-de-controle-prefabriquee\\\/#primaryimage\"},\"thumbnailUrl\":\"https:\\\/\\\/www.europa-prefabri.com\\\/wp-content\\\/uploads\\\/Sala-de-control-modulo-prefabricado-eiffage.png\",\"keywords\":[\"construction modulaire\",\"module\"],\"articleSection\":[\"Projets\"],\"inLanguage\":\"fr-FR\"},{\"@type\":\"WebPage\",\"@id\":\"https:\\\/\\\/www.europa-prefabri.com\\\/fr\\\/cabine-de-controle-prefabriquee\\\/\",\"url\":\"https:\\\/\\\/www.europa-prefabri.com\\\/fr\\\/cabine-de-controle-prefabriquee\\\/\",\"name\":\"Nouvelle cabine de contr\u00f4le pr\u00e9fabriqu\u00e9e pour Eiffage Energy | Prefabri\",\"isPartOf\":{\"@id\":\"https:\\\/\\\/www.europa-prefabri.com\\\/#website\"},\"primaryImageOfPage\":{\"@id\":\"https:\\\/\\\/www.europa-prefabri.com\\\/fr\\\/cabine-de-controle-prefabriquee\\\/#primaryimage\"},\"image\":{\"@id\":\"https:\\\/\\\/www.europa-prefabri.com\\\/fr\\\/cabine-de-controle-prefabriquee\\\/#primaryimage\"},\"thumbnailUrl\":\"https:\\\/\\\/www.europa-prefabri.com\\\/wp-content\\\/uploads\\\/Sala-de-control-modulo-prefabricado-eiffage.png\",\"datePublished\":\"2016-11-25T10:58:14+00:00\",\"dateModified\":\"2017-03-14T11:33:36+00:00\",\"description\":\"Nouvelle cabine de contr\u00f4le pr\u00e9fabriqu\u00e9e pour Eiffage Energy, qui sera utilis\u00e9e pour g\u00e9rer des projets d'\u00e9nergie solaire photovolta\u00efque.\",\"breadcrumb\":{\"@id\":\"https:\\\/\\\/www.europa-prefabri.com\\\/fr\\\/cabine-de-controle-prefabriquee\\\/#breadcrumb\"},\"inLanguage\":\"fr-FR\",\"potentialAction\":[{\"@type\":\"ReadAction\",\"target\":[\"https:\\\/\\\/www.europa-prefabri.com\\\/fr\\\/cabine-de-controle-prefabriquee\\\/\"]}]},{\"@type\":\"ImageObject\",\"inLanguage\":\"fr-FR\",\"@id\":\"https:\\\/\\\/www.europa-prefabri.com\\\/fr\\\/cabine-de-controle-prefabriquee\\\/#primaryimage\",\"url\":\"https:\\\/\\\/www.europa-prefabri.com\\\/wp-content\\\/uploads\\\/Sala-de-control-modulo-prefabricado-eiffage.png\",\"contentUrl\":\"https:\\\/\\\/www.europa-prefabri.com\\\/wp-content\\\/uploads\\\/Sala-de-control-modulo-prefabricado-eiffage.png\",\"width\":800,\"height\":600,\"caption\":\"Nouvelle cabine de contr\u00f4le pr\u00e9fabriqu\u00e9e pour Eiffage Energy\"},{\"@type\":\"BreadcrumbList\",\"@id\":\"https:\\\/\\\/www.europa-prefabri.com\\\/fr\\\/cabine-de-controle-prefabriquee\\\/#breadcrumb\",\"itemListElement\":[{\"@type\":\"ListItem\",\"position\":1,\"name\":\"Portada\",\"item\":\"https:\\\/\\\/www.europa-prefabri.com\\\/fr\\\/\"},{\"@type\":\"ListItem\",\"position\":2,\"name\":\"Nouvelle cabine de contr\u00f4le pr\u00e9fabriqu\u00e9e pour Eiffage Energy | Prefabri\"}]},{\"@type\":\"WebSite\",\"@id\":\"https:\\\/\\\/www.europa-prefabri.com\\\/#website\",\"url\":\"https:\\\/\\\/www.europa-prefabri.com\\\/\",\"name\":\"Europa Prefabri | Alquiler y venta de construcciones modulares\",\"description\":\"Alquiler y venta de construcciones modulares, casetas de obra, marquesinas de aparcamiento y vallas y cerramientos.\",\"publisher\":{\"@id\":\"https:\\\/\\\/www.europa-prefabri.com\\\/#organization\"},\"potentialAction\":[{\"@type\":\"SearchAction\",\"target\":{\"@type\":\"EntryPoint\",\"urlTemplate\":\"https:\\\/\\\/www.europa-prefabri.com\\\/?s={search_term_string}\"},\"query-input\":{\"@type\":\"PropertyValueSpecification\",\"valueRequired\":true,\"valueName\":\"search_term_string\"}}],\"inLanguage\":\"fr-FR\"},{\"@type\":\"Organization\",\"@id\":\"https:\\\/\\\/www.europa-prefabri.com\\\/#organization\",\"name\":\"Prefabri S.L.\",\"url\":\"https:\\\/\\\/www.europa-prefabri.com\\\/\",\"logo\":{\"@type\":\"ImageObject\",\"inLanguage\":\"fr-FR\",\"@id\":\"https:\\\/\\\/www.europa-prefabri.com\\\/#\\\/schema\\\/logo\\\/image\\\/\",\"url\":\"https:\\\/\\\/www.europa-prefabri.com\\\/wp-content\\\/uploads\\\/EuropaPrefabri-Logo.jpg\",\"contentUrl\":\"https:\\\/\\\/www.europa-prefabri.com\\\/wp-content\\\/uploads\\\/EuropaPrefabri-Logo.jpg\",\"width\":752,\"height\":348,\"caption\":\"Prefabri S.L.\"},\"image\":{\"@id\":\"https:\\\/\\\/www.europa-prefabri.com\\\/#\\\/schema\\\/logo\\\/image\\\/\"},\"sameAs\":[\"https:\\\/\\\/www.facebook.com\\\/Europa-Prefabri-258328977572213\\\/\",\"https:\\\/\\\/x.com\\\/EuropaPrefabri\",\"https:\\\/\\\/www.instagram.com\\\/europaprefabri\\\/\",\"https:\\\/\\\/es.linkedin.com\\\/company\\\/europa-prefabri\",\"https:\\\/\\\/es.pinterest.com\\\/europaprefabri\\\/\",\"https:\\\/\\\/www.youtube.com\\\/user\\\/PrefabriSL\"]},{\"@type\":\"Person\",\"@id\":\"https:\\\/\\\/www.europa-prefabri.com\\\/#\\\/schema\\\/person\\\/2ab6be5821a7026cd8f16d2a9411e86e\",\"name\":\"admin\",\"image\":{\"@type\":\"ImageObject\",\"inLanguage\":\"fr-FR\",\"@id\":\"https:\\\/\\\/secure.gravatar.com\\\/avatar\\\/dc55d3f4b941a1510eef2620b2c166513788bd88ef72341333b6d0a859bacd3c?s=96&d=mm&r=g\",\"url\":\"https:\\\/\\\/secure.gravatar.com\\\/avatar\\\/dc55d3f4b941a1510eef2620b2c166513788bd88ef72341333b6d0a859bacd3c?s=96&d=mm&r=g\",\"contentUrl\":\"https:\\\/\\\/secure.gravatar.com\\\/avatar\\\/dc55d3f4b941a1510eef2620b2c166513788bd88ef72341333b6d0a859bacd3c?s=96&d=mm&r=g\",\"caption\":\"admin\"},\"sameAs\":[\"https:\\\/\\\/www.europa-prefabri.com\",\"https:\\\/\\\/x.com\\\/@EuropaPrefabri\"]}]}<\/script>\n<!-- \/ Yoast SEO plugin. -->","yoast_head_json":{"title":"Nouvelle cabine de contr\u00f4le pr\u00e9fabriqu\u00e9e pour Eiffage Energy | Prefabri","description":"Nouvelle cabine de contr\u00f4le pr\u00e9fabriqu\u00e9e pour Eiffage Energy, qui sera utilis\u00e9e pour g\u00e9rer des projets d'\u00e9nergie solaire photovolta\u00efque.","robots":{"index":"index","follow":"follow","max-snippet":"max-snippet:-1","max-image-preview":"max-image-preview:large","max-video-preview":"max-video-preview:-1"},"canonical":"https:\/\/www.europa-prefabri.com\/fr\/cabine-de-controle-prefabriquee\/","og_locale":"fr_FR","og_type":"article","og_title":"Nouvelle cabine de contr\u00f4le pr\u00e9fabriqu\u00e9e pour Eiffage Energy | Prefabri","og_description":"Nouvelle cabine de contr\u00f4le pr\u00e9fabriqu\u00e9e pour Eiffage Energy, qui sera utilis\u00e9e pour g\u00e9rer des projets d'\u00e9nergie solaire photovolta\u00efque.","og_url":"https:\/\/www.europa-prefabri.com\/fr\/cabine-de-controle-prefabriquee\/","og_site_name":"Europa Prefabri | Alquiler y venta de construcciones modulares","article_publisher":"https:\/\/www.facebook.com\/Europa-Prefabri-258328977572213\/","article_published_time":"2016-11-25T10:58:14+00:00","article_modified_time":"2017-03-14T11:33:36+00:00","og_image":[{"width":800,"height":600,"url":"https:\/\/www.europa-prefabri.com\/wp-content\/uploads\/Sala-de-control-modulo-prefabricado-eiffage.png","type":"image\/png"}],"author":"admin","twitter_card":"summary_large_image","twitter_creator":"@EuropaPrefabri","twitter_site":"@EuropaPrefabri","twitter_misc":{"Written by":"admin","Est. reading time":"1 minute"},"schema":{"@context":"https:\/\/schema.org","@graph":[{"@type":"Article","@id":"https:\/\/www.europa-prefabri.com\/fr\/cabine-de-controle-prefabriquee\/#article","isPartOf":{"@id":"https:\/\/www.europa-prefabri.com\/fr\/cabine-de-controle-prefabriquee\/"},"author":{"name":"admin","@id":"https:\/\/www.europa-prefabri.com\/#\/schema\/person\/2ab6be5821a7026cd8f16d2a9411e86e"},"headline":"Nouvelle cabine de contr\u00f4le pr\u00e9fabriqu\u00e9e pour Eiffage Energy | Prefabri","datePublished":"2016-11-25T10:58:14+00:00","dateModified":"2017-03-14T11:33:36+00:00","mainEntityOfPage":{"@id":"https:\/\/www.europa-prefabri.com\/fr\/cabine-de-controle-prefabriquee\/"},"wordCount":167,"publisher":{"@id":"https:\/\/www.europa-prefabri.com\/#organization"},"image":{"@id":"https:\/\/www.europa-prefabri.com\/fr\/cabine-de-controle-prefabriquee\/#primaryimage"},"thumbnailUrl":"https:\/\/www.europa-prefabri.com\/wp-content\/uploads\/Sala-de-control-modulo-prefabricado-eiffage.png","keywords":["construction modulaire","module"],"articleSection":["Projets"],"inLanguage":"fr-FR"},{"@type":"WebPage","@id":"https:\/\/www.europa-prefabri.com\/fr\/cabine-de-controle-prefabriquee\/","url":"https:\/\/www.europa-prefabri.com\/fr\/cabine-de-controle-prefabriquee\/","name":"Nouvelle cabine de contr\u00f4le pr\u00e9fabriqu\u00e9e pour Eiffage Energy | Prefabri","isPartOf":{"@id":"https:\/\/www.europa-prefabri.com\/#website"},"primaryImageOfPage":{"@id":"https:\/\/www.europa-prefabri.com\/fr\/cabine-de-controle-prefabriquee\/#primaryimage"},"image":{"@id":"https:\/\/www.europa-prefabri.com\/fr\/cabine-de-controle-prefabriquee\/#primaryimage"},"thumbnailUrl":"https:\/\/www.europa-prefabri.com\/wp-content\/uploads\/Sala-de-control-modulo-prefabricado-eiffage.png","datePublished":"2016-11-25T10:58:14+00:00","dateModified":"2017-03-14T11:33:36+00:00","description":"Nouvelle cabine de contr\u00f4le pr\u00e9fabriqu\u00e9e pour Eiffage Energy, qui sera utilis\u00e9e pour g\u00e9rer des projets d'\u00e9nergie solaire photovolta\u00efque.","breadcrumb":{"@id":"https:\/\/www.europa-prefabri.com\/fr\/cabine-de-controle-prefabriquee\/#breadcrumb"},"inLanguage":"fr-FR","potentialAction":[{"@type":"ReadAction","target":["https:\/\/www.europa-prefabri.com\/fr\/cabine-de-controle-prefabriquee\/"]}]},{"@type":"ImageObject","inLanguage":"fr-FR","@id":"https:\/\/www.europa-prefabri.com\/fr\/cabine-de-controle-prefabriquee\/#primaryimage","url":"https:\/\/www.europa-prefabri.com\/wp-content\/uploads\/Sala-de-control-modulo-prefabricado-eiffage.png","contentUrl":"https:\/\/www.europa-prefabri.com\/wp-content\/uploads\/Sala-de-control-modulo-prefabricado-eiffage.png","width":800,"height":600,"caption":"Nouvelle cabine de contr\u00f4le pr\u00e9fabriqu\u00e9e pour Eiffage Energy"},{"@type":"BreadcrumbList","@id":"https:\/\/www.europa-prefabri.com\/fr\/cabine-de-controle-prefabriquee\/#breadcrumb","itemListElement":[{"@type":"ListItem","position":1,"name":"Portada","item":"https:\/\/www.europa-prefabri.com\/fr\/"},{"@type":"ListItem","position":2,"name":"Nouvelle cabine de contr\u00f4le pr\u00e9fabriqu\u00e9e pour Eiffage Energy | Prefabri"}]},{"@type":"WebSite","@id":"https:\/\/www.europa-prefabri.com\/#website","url":"https:\/\/www.europa-prefabri.com\/","name":"Europa Prefabri | Alquiler y venta de construcciones modulares","description":"Alquiler y venta de construcciones modulares, casetas de obra, marquesinas de aparcamiento y vallas y cerramientos.","publisher":{"@id":"https:\/\/www.europa-prefabri.com\/#organization"},"potentialAction":[{"@type":"SearchAction","target":{"@type":"EntryPoint","urlTemplate":"https:\/\/www.europa-prefabri.com\/?s={search_term_string}"},"query-input":{"@type":"PropertyValueSpecification","valueRequired":true,"valueName":"search_term_string"}}],"inLanguage":"fr-FR"},{"@type":"Organization","@id":"https:\/\/www.europa-prefabri.com\/#organization","name":"Prefabri S.L.","url":"https:\/\/www.europa-prefabri.com\/","logo":{"@type":"ImageObject","inLanguage":"fr-FR","@id":"https:\/\/www.europa-prefabri.com\/#\/schema\/logo\/image\/","url":"https:\/\/www.europa-prefabri.com\/wp-content\/uploads\/EuropaPrefabri-Logo.jpg","contentUrl":"https:\/\/www.europa-prefabri.com\/wp-content\/uploads\/EuropaPrefabri-Logo.jpg","width":752,"height":348,"caption":"Prefabri S.L."},"image":{"@id":"https:\/\/www.europa-prefabri.com\/#\/schema\/logo\/image\/"},"sameAs":["https:\/\/www.facebook.com\/Europa-Prefabri-258328977572213\/","https:\/\/x.com\/EuropaPrefabri","https:\/\/www.instagram.com\/europaprefabri\/","https:\/\/es.linkedin.com\/company\/europa-prefabri","https:\/\/es.pinterest.com\/europaprefabri\/","https:\/\/www.youtube.com\/user\/PrefabriSL"]},{"@type":"Person","@id":"https:\/\/www.europa-prefabri.com\/#\/schema\/person\/2ab6be5821a7026cd8f16d2a9411e86e","name":"admin","image":{"@type":"ImageObject","inLanguage":"fr-FR","@id":"https:\/\/secure.gravatar.com\/avatar\/dc55d3f4b941a1510eef2620b2c166513788bd88ef72341333b6d0a859bacd3c?s=96&d=mm&r=g","url":"https:\/\/secure.gravatar.com\/avatar\/dc55d3f4b941a1510eef2620b2c166513788bd88ef72341333b6d0a859bacd3c?s=96&d=mm&r=g","contentUrl":"https:\/\/secure.gravatar.com\/avatar\/dc55d3f4b941a1510eef2620b2c166513788bd88ef72341333b6d0a859bacd3c?s=96&d=mm&r=g","caption":"admin"},"sameAs":["https:\/\/www.europa-prefabri.com","https:\/\/x.com\/@EuropaPrefabri"]}]}},"_links":{"self":[{"href":"https:\/\/www.europa-prefabri.com\/fr\/wp-json\/wp\/v2\/posts\/14401","targetHints":{"allow":["GET"]}}],"collection":[{"href":"https:\/\/www.europa-prefabri.com\/fr\/wp-json\/wp\/v2\/posts"}],"about":[{"href":"https:\/\/www.europa-prefabri.com\/fr\/wp-json\/wp\/v2\/types\/post"}],"author":[{"embeddable":true,"href":"https:\/\/www.europa-prefabri.com\/fr\/wp-json\/wp\/v2\/users\/4"}],"replies":[{"embeddable":true,"href":"https:\/\/www.europa-prefabri.com\/fr\/wp-json\/wp\/v2\/comments?post=14401"}],"version-history":[{"count":0,"href":"https:\/\/www.europa-prefabri.com\/fr\/wp-json\/wp\/v2\/posts\/14401\/revisions"}],"wp:featuredmedia":[{"embeddable":true,"href":"https:\/\/www.europa-prefabri.com\/fr\/wp-json\/wp\/v2\/media\/12431"}],"wp:attachment":[{"href":"https:\/\/www.europa-prefabri.com\/fr\/wp-json\/wp\/v2\/media?parent=14401"}],"wp:term":[{"taxonomy":"category","embeddable":true,"href":"https:\/\/www.europa-prefabri.com\/fr\/wp-json\/wp\/v2\/categories?post=14401"},{"taxonomy":"post_tag","embeddable":true,"href":"https:\/\/www.europa-prefabri.com\/fr\/wp-json\/wp\/v2\/tags?post=14401"}],"curies":[{"name":"wp","href":"https:\/\/api.w.org\/{rel}","templated":true}]}}