{"id":14375,"date":"2017-01-02T13:58:20","date_gmt":"2017-01-02T13:58:20","guid":{"rendered":"http:\/\/www.europa-prefabri.com\/fr\/?p=14375"},"modified":"2017-03-14T11:13:22","modified_gmt":"2017-03-14T11:13:22","slug":"la-construction-modulaire-present-et-futur-de-la-construction","status":"publish","type":"post","link":"https:\/\/www.europa-prefabri.com\/fr\/la-construction-modulaire-present-et-futur-de-la-construction\/","title":{"rendered":"La construction modulaire: pr\u00e9sent et futur de la construction"},"content":{"rendered":"\n<style type=\"text\/css\" data-created_by=\"avia_inline_auto\" id=\"style-css-av-av_image-d79b0e77aa82d0a7286fa189048a1c46\">\n.avia-image-container.av-av_image-d79b0e77aa82d0a7286fa189048a1c46 img.avia_image{\nbox-shadow:none;\n}\n.avia-image-container.av-av_image-d79b0e77aa82d0a7286fa189048a1c46 .av-image-caption-overlay-center{\ncolor:#ffffff;\n}\n<\/style>\n<div  class='avia-image-container av-av_image-d79b0e77aa82d0a7286fa189048a1c46 av-styling- avia-align-center  avia-builder-el-0  el_before_av_textblock  avia-builder-el-first '   itemprop=\"image\" itemscope=\"itemscope\" itemtype=\"https:\/\/schema.org\/ImageObject\" ><div class=\"avia-image-container-inner\"><div class=\"avia-image-overlay-wrap\"><img decoding=\"async\" fetchpriority=\"high\" class='wp-image-12762 avia-img-lazy-loading-not-12762 avia_image ' src=\"https:\/\/www.europa-prefabri.com\/wp-content\/uploads\/edificio-prefabricado-europa-prefabri-800x430.png\" alt='' title='edificio-prefabricado-europa-prefabri'  height=\"430\" width=\"800\"  itemprop=\"thumbnailUrl\"  \/><\/div><\/div><\/div>\n<section  class='av_textblock_section av-av_textblock-396ddf1f42196ca838231e61a4602801 '   itemscope=\"itemscope\" itemtype=\"https:\/\/schema.org\/BlogPosting\" itemprop=\"blogPost\" ><div class='avia_textblock'  itemprop=\"text\" ><h1>La construction modulaire, mieux adapt\u00e9e au futur<\/h1>\n<p style=\"text-align: justify;\"><span style=\"color: #333333;\">La construction modulaire est une technique de construction qui se positionne comme la solution aux besoins des entreprises,\u00a0 des logements, de l&#8217;\u00e9ducation et de stockage gr\u00e2ce \u00e0 sa versatilit\u00e9.<\/span><\/p>\n<h2>Crise immobiliaire: chronique d&#8217;un effondrement annoc\u00e9<\/h2>\n<p style=\"text-align: justify;\"><span style=\"color: #333333;\">Dans les ann\u00e9es 2000 le secteur immobilier commence \u00e0 croitre extr\u00eamement, se constituant comme un g\u00e9ant aux pieds d\u00b4argile.<\/span><\/p>\n<p style=\"text-align: justify;\"><span style=\"color: #333333;\">Les prix ont augment\u00e9 annuellement de 17% avec une inflation basse, impliquant une croissance \u00e9lev\u00e9e en terme r\u00e9el.<\/span><\/p>\n<p style=\"text-align: justify;\"><span style=\"color: #333333;\">Chaque ann\u00e9e, environ 600 000 maisons ont \u00e9t\u00e9 cr\u00e9\u00e9es, atteignant un record en 2006 de 762 540 maisons, plus de ce qui commen\u00e7ait \u00e0 \u00eatre construit conjointement en France, Allemagne, Royaume-Unis et Italie selon les donn\u00e9es du Minist\u00e8re espagnol. Les grues, \u00e0 cette \u00e9poque, faisaient parties du paysage \u201cnaturel\u201d.<\/span><\/p>\n<p style=\"text-align: justify;\"><span style=\"color: #333333;\">En 2007 a eu lieu l&#8217;explosion de la bulle immobili\u00e8re aux Etats-Unis, suite \u00e0 la crise des Subprimes, ouvrant la boite de Pandore dans le monde entier.<\/span><\/p>\n<p style=\"text-align: justify;\"><span style=\"color: #333333;\">Peu apr\u00e8s, l&#8217;Institut national des statistiques espagnol a annonc\u00e9 une forte baisse de l&#8217;achat et de la vente de logements\u00a0(27% au premier trimestre 2008) et du pr\u00eat immobilier (25% en janvier 2008).<\/span><\/p>\n<p style=\"text-align: justify;\"><span style=\"color: #333333;\">L&#8217;essor du secteur de la construction fut propice \u00e0 une hausse exorbitante de la demande\u00a0 de cr\u00e9dit, octroy\u00e9 sous peu de conditions et \u00e0 une hausse d\u00e9mesur\u00e9e du prix de celui-ci pour la sp\u00e9culation.<\/span><\/p>\n<p style=\"text-align: justify;\"><span style=\"color: #333333;\">Mais le temps continue son cours inexorablement, et de la crise surviennent toujours des opportunit\u00e9s pour celui qui est pr\u00e9par\u00e9 aux changements.<\/span><\/p>\n<h2>La construction modulaire: la solution<\/h2>\n<p style=\"text-align: justify;\"><span style=\"color: #333333;\">Le ralentissement du march\u00e9 immobilier et son acc\u00e8s difficile a favoris\u00e9 la recherche de solutions viables pour les besoins entrepreneuriales,\u00a0 r\u00e9sidentiels, \u00e9ducatifs et de stockage.<\/span><\/p>\n<p style=\"text-align: justify;\"><span style=\"color: #333333;\">Dans cette conjoncture, la construction modulaire se d\u00e9veloppe et devient l&#8217;alternative \u00e0 la construction traditionnelle. Il \u00e9tait n\u00e9cessaire de trouver une m\u00e9thode de construction qui s&#8217;adapte aux nouveaux temps, nous offrant plus de rapidit\u00e9, des co\u00fbts plus r\u00e9duits, une meilleure flexibilit\u00e9, plus de possibilit\u00e9 de personnalisation, qui soit une construction durable et respectueuse de l&#8217;environnement en ayant un impact moindre sur l&#8217;environnement.<\/span><\/p>\n<h3><\/h3>\n<\/div><\/section>\n\n<style type=\"text\/css\" data-created_by=\"avia_inline_auto\" id=\"style-css-av-av_heading-0088a9f9290ac4fdf2ba4bab2d8d6621\">\n#top .av-special-heading.av-av_heading-0088a9f9290ac4fdf2ba4bab2d8d6621{\npadding-bottom:10px;\n}\nbody .av-special-heading.av-av_heading-0088a9f9290ac4fdf2ba4bab2d8d6621 .av-special-heading-tag .heading-char{\nfont-size:25px;\n}\n.av-special-heading.av-av_heading-0088a9f9290ac4fdf2ba4bab2d8d6621 .av-subheading{\nfont-size:15px;\n}\n<\/style>\n<div  class='av-special-heading av-av_heading-0088a9f9290ac4fdf2ba4bab2d8d6621 av-special-heading-h3  avia-builder-el-2  el_after_av_textblock  el_before_av_image '><h3 class='av-special-heading-tag '  itemprop=\"headline\"  >AVANTAGES DE LA CONSTRUCTION MODULAIRE<\/h3><div class=\"special-heading-border\"><div class=\"special-heading-inner-border\"><\/div><\/div><\/div>\n\n<style type=\"text\/css\" data-created_by=\"avia_inline_auto\" id=\"style-css-av-av_image-8665c96fd83fc546cfdb61287152d5aa\">\n.avia-image-container.av-av_image-8665c96fd83fc546cfdb61287152d5aa img.avia_image{\nbox-shadow:none;\n}\n.avia-image-container.av-av_image-8665c96fd83fc546cfdb61287152d5aa .av-image-caption-overlay-center{\ncolor:#ffffff;\n}\n<\/style>\n<div  class='avia-image-container av-av_image-8665c96fd83fc546cfdb61287152d5aa av-styling- av-img-linked avia-align-center  avia-builder-el-3  el_after_av_heading  el_before_av_one_half '   itemprop=\"image\" itemscope=\"itemscope\" itemtype=\"https:\/\/schema.org\/ImageObject\" ><div class=\"avia-image-container-inner\"><div class=\"avia-image-overlay-wrap\"><a href=\"http:\/\/www.europa-prefabri.com\/ventajas-construccion-modular\/\" class='avia_image '  target=\"_blank\"  rel=\"noopener noreferrer\" ><img decoding=\"async\" fetchpriority=\"high\" class='avia-img-lazy-loading-not- avia_image ' src=\"http:\/\/www.europa-prefabri.com\/wp-content\/uploads\/la-construccion-modular-ventajas.jpg\" alt='' title=''   itemprop=\"thumbnailUrl\"  \/><\/a><\/div><\/div><\/div>\n<div  class='flex_column av-av_one_half-2a9015ff38129c418a3f2eafba3e9512 av_one_half  avia-builder-el-4  el_after_av_image  el_before_av_one_half  first flex_column_div  '     ><div  class='avia-icon-list-container av-av_iconlist-a98d21aa7682842f3ee59bf46c3a11b8  avia-builder-el-5  avia-builder-el-no-sibling '><ul class='avia-icon-list avia_animate_when_almost_visible avia-icon-list-left av-iconlist-big av-av_iconlist-a98d21aa7682842f3ee59bf46c3a11b8 avia-iconlist-animate'>\n<li><div class='iconlist_icon av-av_iconlist_item-fbfebc4bbac5a10c33a3ecbd9b9b1e94 avia-font-entypo-fontello avia-iconfont avia-font-entypo-fontello'><span class='av-icon-char' data-av_icon='\ue8b4' data-av_iconfont='entypo-fontello' aria-hidden=\"true\"><\/span><\/div><article class=\"article-icon-entry \"  itemscope=\"itemscope\" itemtype=\"https:\/\/schema.org\/BlogPosting\" itemprop=\"blogPost\" ><div class=\"iconlist_content_wrap\"><header class=\"entry-content-header\" aria-label=\"Ic\u00f4ne : Delais de livraison rapide\"><h4 class='av_iconlist_title iconlist_title  '  itemprop=\"headline\" >Delais de livraison rapide<\/h4><\/header><div class='iconlist_content '  itemprop=\"text\" ><p style=\"text-align: justify;\"><span style=\"color: #333333;\">Les d\u00e9lais de livraisons sont r\u00e9duits de 80% par rapport \u00e0 la construction traditionnelle, du fait que la construction ne soit pas conditionn\u00e9e pour les conditions climatiques comme sa majeur partie de fabrication est faite en usine.<\/span><\/p>\n<\/div><\/div><footer class=\"entry-footer\"><\/footer><\/article><div class=\"iconlist-timeline\"><\/div><\/li>\n<li><div class='iconlist_icon av-av_iconlist_item-2341338c9c1668fb5c858d45d7cd78dc avia-font-entypo-fontello avia-iconfont avia-font-entypo-fontello'><span class='av-icon-char' data-av_icon='\ue81b' data-av_iconfont='entypo-fontello' aria-hidden=\"true\"><\/span><\/div><article class=\"article-icon-entry \"  itemscope=\"itemscope\" itemtype=\"https:\/\/schema.org\/BlogPosting\" itemprop=\"blogPost\" ><div class=\"iconlist_content_wrap\"><header class=\"entry-content-header\" aria-label=\"Ic\u00f4ne : R\u00e9duction des couts\"><h4 class='av_iconlist_title iconlist_title  '  itemprop=\"headline\" >R\u00e9duction des couts<\/h4><\/header><div class='iconlist_content '  itemprop=\"text\" ><p style=\"text-align: justify;\"><span style=\"color: #333333;\">La construction pr\u00e9fabriqu\u00e9e nous permet de proposer un prix ferme et \u00e9conomique d\u00e8s le d\u00e9but afin d\u00b4\u00e9viter les hausses et les impr\u00e9vus habituels dans la construction traditionnelle.<\/span><\/p>\n<\/div><\/div><footer class=\"entry-footer\"><\/footer><\/article><div class=\"iconlist-timeline\"><\/div><\/li>\n<li><div class='iconlist_icon av-av_iconlist_item-14a282147f5024f7ba518be08a999cb4 avia-font-entypo-fontello avia-iconfont avia-font-entypo-fontello'><span class='av-icon-char' data-av_icon='\ue8da' data-av_iconfont='entypo-fontello' aria-hidden=\"true\"><\/span><\/div><article class=\"article-icon-entry \"  itemscope=\"itemscope\" itemtype=\"https:\/\/schema.org\/BlogPosting\" itemprop=\"blogPost\" ><div class=\"iconlist_content_wrap\"><header class=\"entry-content-header\" aria-label=\"Ic\u00f4ne : Flexibilit\u00e9\"><h4 class='av_iconlist_title iconlist_title  '  itemprop=\"headline\" >Flexibilit\u00e9<\/h4><\/header><div class='iconlist_content '  itemprop=\"text\" ><p style=\"text-align: justify;\"><span style=\"color: #333333;\">Les caract\u00e9ristiques de la construction modulaires facilitent l\u00b4augmentation et la r\u00e9duction des constructions en ajoutant ou soustrayant des modules en fonction des besoins d\u00b4espaces n\u00e9cessaires \u00e0 n\u00b4importe quel moment.<\/span><\/p>\n<\/div><\/div><footer class=\"entry-footer\"><\/footer><\/article><div class=\"iconlist-timeline\"><\/div><\/li>\n<\/ul><\/div><\/div>\n\n<style type=\"text\/css\" data-created_by=\"avia_inline_auto\" id=\"style-css-av-av_one_half-0aa7055fe62c3622faec82866afbaeb2\">\n.flex_column.av-av_one_half-0aa7055fe62c3622faec82866afbaeb2{\nborder-radius:0px 0px 0px 0px;\npadding:0px 0px 0px 0px;\n}\n<\/style>\n<div  class='flex_column av-av_one_half-0aa7055fe62c3622faec82866afbaeb2 av_one_half  avia-builder-el-6  el_after_av_one_half  el_before_av_one_half  flex_column_div av-zero-column-padding  '     ><div  class='avia-slideshow av-av_slideshow-b932cd9471b351e0f29d7ee91318a2c1 avia-slideshow-portfolio_small av_slideshow avia-slide-slider  avia-builder-el-7  avia-builder-el-no-sibling  av-slideshow-ui av-control-default av-slideshow-autoplay av-loop-endless av-loop-manual-endless av-default-height-applied avia-slideshow-1' data-slideshow-options=\"{&quot;animation&quot;:&quot;slide&quot;,&quot;autoplay&quot;:true,&quot;loop_autoplay&quot;:&quot;endless&quot;,&quot;interval&quot;:5,&quot;loop_manual&quot;:&quot;manual-endless&quot;,&quot;autoplay_stopper&quot;:false,&quot;noNavigation&quot;:false,&quot;bg_slider&quot;:false,&quot;keep_padding&quot;:false,&quot;hoverpause&quot;:false,&quot;show_slide_delay&quot;:0}\"  itemprop=\"image\" itemscope=\"itemscope\" itemtype=\"https:\/\/schema.org\/ImageObject\" ><ul class='avia-slideshow-inner ' style='padding-bottom: 71.153846153846%;'><li  class='avia-slideshow-slide av-av_slideshow-b932cd9471b351e0f29d7ee91318a2c1__0  slide-1 slide-odd'><div data-rel='slideshow-1' class='avia-slide-wrap '   ><img decoding=\"async\" fetchpriority=\"high\" class=\"wp-image-12884 avia-img-lazy-loading-not-12884\"  src=\"https:\/\/www.europa-prefabri.com\/wp-content\/uploads\/1-Oficina-prefabricada-atenci\u00f3n-p\u00fablico-260x185.jpg\" width=\"260\" height=\"185\" title='1-Oficina-prefabricada-atenci\u00f3n-p\u00fablico' alt=''  itemprop=\"thumbnailUrl\"   \/><\/div><\/li><li  class='avia-slideshow-slide av-av_slideshow-b932cd9471b351e0f29d7ee91318a2c1__1  slide-2 slide-even'><div data-rel='slideshow-1' class='avia-slide-wrap '   ><img decoding=\"async\" fetchpriority=\"high\" class=\"wp-image-12824 avia-img-lazy-loading-not-12824\"  src=\"https:\/\/www.europa-prefabri.com\/wp-content\/uploads\/4-Oficina-modular-alquiler-coches-260x185.jpg\" width=\"260\" height=\"185\" title='4-Oficina-modular-alquiler-coches' alt=''  itemprop=\"thumbnailUrl\"   \/><\/div><\/li><li  class='avia-slideshow-slide av-av_slideshow-b932cd9471b351e0f29d7ee91318a2c1__3  slide-3 slide-odd'><div data-rel='slideshow-1' class='avia-slide-wrap '   ><img decoding=\"async\" fetchpriority=\"high\" class=\"wp-image-12886 avia-img-lazy-loading-not-12886\"  src=\"https:\/\/www.europa-prefabri.com\/wp-content\/uploads\/3-Vestuarios-prefabricados-260x185.jpg\" width=\"260\" height=\"185\" title='vestuarios prefabricados' alt=''  itemprop=\"thumbnailUrl\"   \/><\/div><\/li><\/ul><div class='avia-slideshow-arrows avia-slideshow-controls' ><a href='#prev' class='prev-slide  avia-svg-icon avia-font-svg_entypo-fontello' data-av_svg_icon='left-open-big' data-av_iconset='svg_entypo-fontello' tabindex='-1' title=\"Pr\u00e9c\u00e9dent\"><svg version=\"1.1\" xmlns=\"http:\/\/www.w3.org\/2000\/svg\" width=\"15\" height=\"32\" viewBox=\"0 0 15 32\" preserveAspectRatio=\"xMidYMid meet\" aria-labelledby='av-svg-title-1' aria-describedby='av-svg-desc-1' role=\"graphics-symbol\" aria-hidden=\"true\">\n<title id='av-svg-title-1'>Pr\u00e9c\u00e9dent<\/title>\n<desc id='av-svg-desc-1'>Pr\u00e9c\u00e9dent<\/desc>\n<path d=\"M14.464 27.84q0.832 0.832 0 1.536-0.832 0.832-1.536 0l-12.544-12.608q-0.768-0.768 0-1.6l12.544-12.608q0.704-0.832 1.536 0 0.832 0.704 0 1.536l-11.456 11.904z\"><\/path>\n<\/svg><span class='avia_hidden_link_text'>Pr\u00e9c\u00e9dent<\/span><\/a><a href='#next' class='next-slide  avia-svg-icon avia-font-svg_entypo-fontello' data-av_svg_icon='right-open-big' data-av_iconset='svg_entypo-fontello' tabindex='-1' title=\"Suivant\"><svg version=\"1.1\" xmlns=\"http:\/\/www.w3.org\/2000\/svg\" width=\"15\" height=\"32\" viewBox=\"0 0 15 32\" preserveAspectRatio=\"xMidYMid meet\" aria-labelledby='av-svg-title-2' aria-describedby='av-svg-desc-2' role=\"graphics-symbol\" aria-hidden=\"true\">\n<title id='av-svg-title-2'>Suivant<\/title>\n<desc id='av-svg-desc-2'>Suivant<\/desc>\n<path d=\"M0.416 27.84l11.456-11.84-11.456-11.904q-0.832-0.832 0-1.536 0.832-0.832 1.536 0l12.544 12.608q0.768 0.832 0 1.6l-12.544 12.608q-0.704 0.832-1.536 0-0.832-0.704 0-1.536z\"><\/path>\n<\/svg><span class='avia_hidden_link_text'>Suivant<\/span><\/a><\/div><div class='avia-slideshow-dots avia-slideshow-controls'><a href='#1' class='goto-slide active' >1<\/a><a href='#2' class='goto-slide ' >2<\/a><a href='#3' class='goto-slide ' >3<\/a><\/div><\/div><\/div>\n<div  class='flex_column av-av_one_half-2a9015ff38129c418a3f2eafba3e9512 av_one_half  avia-builder-el-8  el_after_av_one_half  el_before_av_one_half  first flex_column_div  column-top-margin'     ><div  class='avia-slideshow av-av_slideshow-b630448fcc9b852ed5c8663c0325058c avia-slideshow-portfolio_small av_slideshow avia-slide-slider  avia-builder-el-9  avia-builder-el-no-sibling  av-slideshow-ui av-slideshow-autoplay av-loop-endless av-loop-manual-endless av-default-height-applied avia-slideshow-2' data-slideshow-options=\"{&quot;animation&quot;:&quot;slide&quot;,&quot;autoplay&quot;:true,&quot;loop_autoplay&quot;:&quot;endless&quot;,&quot;interval&quot;:5,&quot;loop_manual&quot;:&quot;manual-endless&quot;,&quot;autoplay_stopper&quot;:false,&quot;noNavigation&quot;:false,&quot;bg_slider&quot;:false,&quot;keep_padding&quot;:false,&quot;hoverpause&quot;:false,&quot;show_slide_delay&quot;:0}\"  itemprop=\"image\" itemscope=\"itemscope\" itemtype=\"https:\/\/schema.org\/ImageObject\" ><ul class='avia-slideshow-inner ' style='padding-bottom: 71.153846153846%;'><li  class='avia-slideshow-slide av-av_slideshow-b630448fcc9b852ed5c8663c0325058c__1  slide-1 slide-odd'><div data-rel='slideshow-2' class='avia-slide-wrap '   ><img decoding=\"async\" fetchpriority=\"high\" class=\"wp-image-23246 avia-img-lazy-loading-not-23246\"  src=\"https:\/\/www.europa-prefabri.com\/wp-content\/uploads\/Oficinas-modulares-6_800x479-260x185.jpg\" width=\"260\" height=\"185\" title='oficinas modulares prefabricadas' alt=''  itemprop=\"thumbnailUrl\"   \/><\/div><\/li><li  class='avia-slideshow-slide av-av_slideshow-b630448fcc9b852ed5c8663c0325058c__2  slide-2 slide-even'><div data-rel='slideshow-2' class='avia-slide-wrap '   ><img decoding=\"async\" fetchpriority=\"high\" class=\"wp-image-12909 avia-img-lazy-loading-not-12909\"  src=\"https:\/\/www.europa-prefabri.com\/wp-content\/uploads\/120120091554_800x600-260x185.jpg\" width=\"260\" height=\"185\" title='oficinas acristaladas prefabricadas' alt=''  itemprop=\"thumbnailUrl\"   \/><\/div><\/li><li  class='avia-slideshow-slide av-av_slideshow-b630448fcc9b852ed5c8663c0325058c__3  slide-3 slide-odd'><div data-rel='slideshow-2' class='avia-slide-wrap '   ><img decoding=\"async\" fetchpriority=\"high\" class=\"wp-image-12911 avia-img-lazy-loading-not-12911\"  src=\"https:\/\/www.europa-prefabri.com\/wp-content\/uploads\/Salas-de-venta-prefabricadas-5_800x600-260x185.jpg\" width=\"260\" height=\"185\" title='Salas de venta prefabricadas 5_800x600' alt=''  itemprop=\"thumbnailUrl\"   \/><\/div><\/li><li  class='avia-slideshow-slide av-av_slideshow-b630448fcc9b852ed5c8663c0325058c__4  slide-4 slide-even'><div data-rel='slideshow-2' class='avia-slide-wrap '   ><img decoding=\"async\" fetchpriority=\"high\" class=\"wp-image-12910 avia-img-lazy-loading-not-12910\"  src=\"https:\/\/www.europa-prefabri.com\/wp-content\/uploads\/Salas-de-venta-prefabricadas-4_800x600-260x185.jpeg\" width=\"260\" height=\"185\" title='sala de ventas prefabricada' alt=''  itemprop=\"thumbnailUrl\"   \/><\/div><\/li><\/ul><div class='avia-slideshow-arrows avia-slideshow-controls' ><a href='#prev' class='prev-slide  avia-svg-icon avia-font-svg_entypo-fontello' data-av_svg_icon='left-open-big' data-av_iconset='svg_entypo-fontello' tabindex='-1' title=\"Pr\u00e9c\u00e9dent\"><svg version=\"1.1\" xmlns=\"http:\/\/www.w3.org\/2000\/svg\" width=\"15\" height=\"32\" viewBox=\"0 0 15 32\" preserveAspectRatio=\"xMidYMid meet\" aria-labelledby='av-svg-title-3' aria-describedby='av-svg-desc-3' role=\"graphics-symbol\" aria-hidden=\"true\">\n<title id='av-svg-title-3'>Pr\u00e9c\u00e9dent<\/title>\n<desc id='av-svg-desc-3'>Pr\u00e9c\u00e9dent<\/desc>\n<path d=\"M14.464 27.84q0.832 0.832 0 1.536-0.832 0.832-1.536 0l-12.544-12.608q-0.768-0.768 0-1.6l12.544-12.608q0.704-0.832 1.536 0 0.832 0.704 0 1.536l-11.456 11.904z\"><\/path>\n<\/svg><span class='avia_hidden_link_text'>Pr\u00e9c\u00e9dent<\/span><\/a><a href='#next' class='next-slide  avia-svg-icon avia-font-svg_entypo-fontello' data-av_svg_icon='right-open-big' data-av_iconset='svg_entypo-fontello' tabindex='-1' title=\"Suivant\"><svg version=\"1.1\" xmlns=\"http:\/\/www.w3.org\/2000\/svg\" width=\"15\" height=\"32\" viewBox=\"0 0 15 32\" preserveAspectRatio=\"xMidYMid meet\" aria-labelledby='av-svg-title-4' aria-describedby='av-svg-desc-4' role=\"graphics-symbol\" aria-hidden=\"true\">\n<title id='av-svg-title-4'>Suivant<\/title>\n<desc id='av-svg-desc-4'>Suivant<\/desc>\n<path d=\"M0.416 27.84l11.456-11.84-11.456-11.904q-0.832-0.832 0-1.536 0.832-0.832 1.536 0l12.544 12.608q0.768 0.832 0 1.6l-12.544 12.608q-0.704 0.832-1.536 0-0.832-0.704 0-1.536z\"><\/path>\n<\/svg><span class='avia_hidden_link_text'>Suivant<\/span><\/a><\/div><div class='avia-slideshow-dots avia-slideshow-controls'><a href='#1' class='goto-slide active' >1<\/a><a href='#2' class='goto-slide ' >2<\/a><a href='#3' class='goto-slide ' >3<\/a><a href='#4' class='goto-slide ' >4<\/a><\/div><\/div><\/div>\n\n<style type=\"text\/css\" data-created_by=\"avia_inline_auto\" id=\"style-css-av-av_one_half-0aa7055fe62c3622faec82866afbaeb2\">\n.flex_column.av-av_one_half-0aa7055fe62c3622faec82866afbaeb2{\nborder-radius:0px 0px 0px 0px;\npadding:0px 0px 0px 0px;\n}\n<\/style>\n<div  class='flex_column av-av_one_half-0aa7055fe62c3622faec82866afbaeb2 av_one_half  avia-builder-el-10  el_after_av_one_half  el_before_av_one_half  flex_column_div av-zero-column-padding  column-top-margin'     ><div  class='avia-icon-list-container av-av_iconlist-c84581d6903272f8b2fe4ee62c6ceea8  avia-builder-el-11  avia-builder-el-no-sibling '><ul class='avia-icon-list avia_animate_when_almost_visible avia-icon-list-right av-iconlist-big av-av_iconlist-c84581d6903272f8b2fe4ee62c6ceea8 avia-iconlist-animate'>\n<li><div class='iconlist_icon av-av_iconlist_item-1b80adbc5cc06e45edf1817868fbb6ed avia-font-entypo-fontello avia-iconfont avia-font-entypo-fontello'><span class='av-icon-char' data-av_icon='\ue8bc' data-av_iconfont='entypo-fontello' aria-hidden=\"true\"><\/span><\/div><article class=\"article-icon-entry \"  itemscope=\"itemscope\" itemtype=\"https:\/\/schema.org\/BlogPosting\" itemprop=\"blogPost\" ><div class=\"iconlist_content_wrap\"><header class=\"entry-content-header\" aria-label=\"Ic\u00f4ne : Demontage et transport\"><h4 class='av_iconlist_title iconlist_title  '  itemprop=\"headline\" >Demontage et transport<\/h4><\/header><div class='iconlist_content '  itemprop=\"text\" ><p style=\"text-align: justify;\"><span style=\"color: #333333;\">Les constructions modulaires sont d\u00e9montables, ce qui facilite leur transport et leur d\u00e9placement \u00e0 un nouvel endroit avec un cout r\u00e9duit.<\/span><\/p>\n<\/div><\/div><footer class=\"entry-footer\"><\/footer><\/article><div class=\"iconlist-timeline\"><\/div><\/li>\n<li><div class='iconlist_icon av-av_iconlist_item-740386614bd1a18d09b624c3fe60cf10 avia-font-entypo-fontello avia-iconfont avia-font-entypo-fontello'><span class='av-icon-char' data-av_icon='\ue891' data-av_iconfont='entypo-fontello' aria-hidden=\"true\"><\/span><\/div><article class=\"article-icon-entry \"  itemscope=\"itemscope\" itemtype=\"https:\/\/schema.org\/BlogPosting\" itemprop=\"blogPost\" ><div class=\"iconlist_content_wrap\"><header class=\"entry-content-header\" aria-label=\"Ic\u00f4ne : Durabilit\u00e9 et recyclage\"><h4 class='av_iconlist_title iconlist_title  '  itemprop=\"headline\" >Durabilit\u00e9 et recyclage<\/h4><\/header><div class='iconlist_content '  itemprop=\"text\" ><p style=\"text-align: justify;\"><span style=\"color: #333333;\">La construction modulaire est \u00e9cologique. L\u00b4environnement est important pour nous, c\u00b4est l\u00b4h\u00e9ritage que nous laisserons \u00e0 nos enfants.<\/span><\/p>\n<p style=\"text-align: justify;\"><span style=\"color: #333333;\">Pour cela, l\u00b4impact environnemental de la construction modulaire est r\u00e9duite gr\u00e2ce \u00e0 une consommation plus efficiente des ressources (eau, \u00e9nergie, etc) et des d\u00e9chets\u00a0 moindre. Les constructions sont de plus totalement d\u00e9montables et recyclables.<\/span><\/p>\n<\/div><\/div><footer class=\"entry-footer\"><\/footer><\/article><div class=\"iconlist-timeline\"><\/div><\/li>\n<li><div class='iconlist_icon av-av_iconlist_item-9610bc10a03063bdfe1f0ab7a20d7094 avia-font-entypo-fontello avia-iconfont avia-font-entypo-fontello'><span class='av-icon-char' data-av_icon='\ue808' data-av_iconfont='entypo-fontello' aria-hidden=\"true\"><\/span><\/div><article class=\"article-icon-entry \"  itemscope=\"itemscope\" itemtype=\"https:\/\/schema.org\/BlogPosting\" itemprop=\"blogPost\" ><div class=\"iconlist_content_wrap\"><header class=\"entry-content-header\" aria-label=\"Ic\u00f4ne : Qualit\u00e9\"><h4 class='av_iconlist_title iconlist_title  '  itemprop=\"headline\" >Qualit\u00e9<\/h4><\/header><div class='iconlist_content '  itemprop=\"text\" ><p style=\"text-align: justify;\"><span style=\"color: #333333;\">La construction industrialis\u00e9e en usine permet d\u00b4appliquer des contr\u00f4les de qualit\u00e9 rigoureux au processus de production.<\/span><\/p>\n<\/div><\/div><footer class=\"entry-footer\"><\/footer><\/article><div class=\"iconlist-timeline\"><\/div><\/li>\n<\/ul><\/div><\/div>\n<div  class='flex_column av-av_one_half-2a9015ff38129c418a3f2eafba3e9512 av_one_half  avia-builder-el-12  el_after_av_one_half  el_before_av_one_half  first flex_column_div  column-top-margin'     ><div  class='avia-icon-list-container av-av_iconlist-a98d21aa7682842f3ee59bf46c3a11b8  avia-builder-el-13  avia-builder-el-no-sibling '><ul class='avia-icon-list avia_animate_when_almost_visible avia-icon-list-left av-iconlist-big av-av_iconlist-a98d21aa7682842f3ee59bf46c3a11b8 avia-iconlist-animate'>\n<li><div class='iconlist_icon av-av_iconlist_item-e97396e9579145d03a2dad1f79a713ca avia-font-entypo-fontello avia-iconfont avia-font-entypo-fontello'><span class='av-icon-char' data-av_icon='\ue82b' data-av_iconfont='entypo-fontello' aria-hidden=\"true\"><\/span><\/div><article class=\"article-icon-entry \"  itemscope=\"itemscope\" itemtype=\"https:\/\/schema.org\/BlogPosting\" itemprop=\"blogPost\" ><div class=\"iconlist_content_wrap\"><header class=\"entry-content-header\" aria-label=\"Ic\u00f4ne : Isolation\"><h4 class='av_iconlist_title iconlist_title  '  itemprop=\"headline\" >Isolation<\/h4><\/header><div class='iconlist_content '  itemprop=\"text\" ><p style=\"text-align: justify;\"><span style=\"color: #333333;\">Les mat\u00e9riaux innovants malgr\u00e9 leur l\u00e9g\u00e8ret\u00e9 d\u00e9livrent un niveau d\u00b4isolement thermique, acoustique et une efficience \u00e9nerg\u00e9tique meilleure que la construction traditionnelle.\u00a0<\/span><\/p>\n<\/div><\/div><footer class=\"entry-footer\"><\/footer><\/article><div class=\"iconlist-timeline\"><\/div><\/li>\n<li><div class='iconlist_icon av-av_iconlist_item-6e23b5227c0de77cb52891d2ac74e0fc avia-font-entypo-fontello avia-iconfont avia-font-entypo-fontello'><span class='av-icon-char' data-av_icon='\ue80c' data-av_iconfont='entypo-fontello' aria-hidden=\"true\"><\/span><\/div><article class=\"article-icon-entry \"  itemscope=\"itemscope\" itemtype=\"https:\/\/schema.org\/BlogPosting\" itemprop=\"blogPost\" ><div class=\"iconlist_content_wrap\"><header class=\"entry-content-header\" aria-label=\"Ic\u00f4ne : Personnalisation\"><h4 class='av_iconlist_title iconlist_title  '  itemprop=\"headline\" >Personnalisation<\/h4><\/header><div class='iconlist_content '  itemprop=\"text\" ><p style=\"text-align: justify;\"><span style=\"color: #333333;\">La versatilit\u00e9 de la construction modulaire permet de s\u00b4adapter aux besoins de chaque client, et peuvent personnaliser les constructions sur mesure.<\/span><\/p>\n<\/div><\/div><footer class=\"entry-footer\"><\/footer><\/article><div class=\"iconlist-timeline\"><\/div><\/li>\n<li><div class='iconlist_icon av-av_iconlist_item-417422ac8c6abd09eebac1b1b1f42c87 avia-font-entypo-fontello avia-iconfont avia-font-entypo-fontello'><span class='av-icon-char' data-av_icon='\ue8df' data-av_iconfont='entypo-fontello' aria-hidden=\"true\"><\/span><\/div><article class=\"article-icon-entry \"  itemscope=\"itemscope\" itemtype=\"https:\/\/schema.org\/BlogPosting\" itemprop=\"blogPost\" ><div class=\"iconlist_content_wrap\"><header class=\"entry-content-header\" aria-label=\"Ic\u00f4ne : Pr\u00e9vention\"><h4 class='av_iconlist_title iconlist_title  '  itemprop=\"headline\" >Pr\u00e9vention<\/h4><\/header><div class='iconlist_content '  itemprop=\"text\" ><p style=\"text-align: justify;\"><span style=\"color: #333333;\">Le fait que la majeure partie du processus de production soit r\u00e9alis\u00e9 dans un environnement contr\u00f4l\u00e9 \u00e0 l\u00b4usine permet d\u00b4\u00e9viter la plupart des risques d\u00b4accidents de travail propre \u00e0 la construction traditionnelle.<\/span><\/p>\n<\/div><\/div><footer class=\"entry-footer\"><\/footer><\/article><div class=\"iconlist-timeline\"><\/div><\/li>\n<\/ul><\/div><\/div>\n\n<style type=\"text\/css\" data-created_by=\"avia_inline_auto\" id=\"style-css-av-av_one_half-0aa7055fe62c3622faec82866afbaeb2\">\n.flex_column.av-av_one_half-0aa7055fe62c3622faec82866afbaeb2{\nborder-radius:0px 0px 0px 0px;\npadding:0px 0px 0px 0px;\n}\n<\/style>\n<div  class='flex_column av-av_one_half-0aa7055fe62c3622faec82866afbaeb2 av_one_half  avia-builder-el-14  el_after_av_one_half  el_before_av_one_full  flex_column_div av-zero-column-padding  column-top-margin'     ><div  class='avia-slideshow av-av_slideshow-b630448fcc9b852ed5c8663c0325058c avia-slideshow-portfolio_small av_slideshow avia-slide-slider  avia-builder-el-15  avia-builder-el-no-sibling  av-slideshow-ui av-slideshow-autoplay av-loop-endless av-loop-manual-endless av-default-height-applied avia-slideshow-3' data-slideshow-options=\"{&quot;animation&quot;:&quot;slide&quot;,&quot;autoplay&quot;:true,&quot;loop_autoplay&quot;:&quot;endless&quot;,&quot;interval&quot;:5,&quot;loop_manual&quot;:&quot;manual-endless&quot;,&quot;autoplay_stopper&quot;:false,&quot;noNavigation&quot;:false,&quot;bg_slider&quot;:false,&quot;keep_padding&quot;:false,&quot;hoverpause&quot;:false,&quot;show_slide_delay&quot;:0}\"  itemprop=\"image\" itemscope=\"itemscope\" itemtype=\"https:\/\/schema.org\/ImageObject\" ><ul class='avia-slideshow-inner ' style='padding-bottom: 71.153846153846%;'><li  class='avia-slideshow-slide av-av_slideshow-b630448fcc9b852ed5c8663c0325058c__1  slide-1 slide-odd'><div data-rel='slideshow-3' class='avia-slide-wrap '   ><img decoding=\"async\" fetchpriority=\"high\" class=\"wp-image-23246 avia-img-lazy-loading-not-23246\"  src=\"https:\/\/www.europa-prefabri.com\/wp-content\/uploads\/Oficinas-modulares-6_800x479-260x185.jpg\" width=\"260\" height=\"185\" title='oficinas modulares prefabricadas' alt=''  itemprop=\"thumbnailUrl\"   \/><\/div><\/li><li  class='avia-slideshow-slide av-av_slideshow-b630448fcc9b852ed5c8663c0325058c__2  slide-2 slide-even'><div data-rel='slideshow-3' class='avia-slide-wrap '   ><img decoding=\"async\" fetchpriority=\"high\" class=\"wp-image-12909 avia-img-lazy-loading-not-12909\"  src=\"https:\/\/www.europa-prefabri.com\/wp-content\/uploads\/120120091554_800x600-260x185.jpg\" width=\"260\" height=\"185\" title='oficinas acristaladas prefabricadas' alt=''  itemprop=\"thumbnailUrl\"   \/><\/div><\/li><li  class='avia-slideshow-slide av-av_slideshow-b630448fcc9b852ed5c8663c0325058c__3  slide-3 slide-odd'><div data-rel='slideshow-3' class='avia-slide-wrap '   ><img decoding=\"async\" fetchpriority=\"high\" class=\"wp-image-12911 avia-img-lazy-loading-not-12911\"  src=\"https:\/\/www.europa-prefabri.com\/wp-content\/uploads\/Salas-de-venta-prefabricadas-5_800x600-260x185.jpg\" width=\"260\" height=\"185\" title='Salas de venta prefabricadas 5_800x600' alt=''  itemprop=\"thumbnailUrl\"   \/><\/div><\/li><li  class='avia-slideshow-slide av-av_slideshow-b630448fcc9b852ed5c8663c0325058c__4  slide-4 slide-even'><div data-rel='slideshow-3' class='avia-slide-wrap '   ><img decoding=\"async\" fetchpriority=\"high\" class=\"wp-image-12910 avia-img-lazy-loading-not-12910\"  src=\"https:\/\/www.europa-prefabri.com\/wp-content\/uploads\/Salas-de-venta-prefabricadas-4_800x600-260x185.jpeg\" width=\"260\" height=\"185\" title='sala de ventas prefabricada' alt=''  itemprop=\"thumbnailUrl\"   \/><\/div><\/li><\/ul><div class='avia-slideshow-arrows avia-slideshow-controls' ><a href='#prev' class='prev-slide  avia-svg-icon avia-font-svg_entypo-fontello' data-av_svg_icon='left-open-big' data-av_iconset='svg_entypo-fontello' tabindex='-1' title=\"Pr\u00e9c\u00e9dent\"><svg version=\"1.1\" xmlns=\"http:\/\/www.w3.org\/2000\/svg\" width=\"15\" height=\"32\" viewBox=\"0 0 15 32\" preserveAspectRatio=\"xMidYMid meet\" aria-labelledby='av-svg-title-5' aria-describedby='av-svg-desc-5' role=\"graphics-symbol\" aria-hidden=\"true\">\n<title id='av-svg-title-5'>Pr\u00e9c\u00e9dent<\/title>\n<desc id='av-svg-desc-5'>Pr\u00e9c\u00e9dent<\/desc>\n<path d=\"M14.464 27.84q0.832 0.832 0 1.536-0.832 0.832-1.536 0l-12.544-12.608q-0.768-0.768 0-1.6l12.544-12.608q0.704-0.832 1.536 0 0.832 0.704 0 1.536l-11.456 11.904z\"><\/path>\n<\/svg><span class='avia_hidden_link_text'>Pr\u00e9c\u00e9dent<\/span><\/a><a href='#next' class='next-slide  avia-svg-icon avia-font-svg_entypo-fontello' data-av_svg_icon='right-open-big' data-av_iconset='svg_entypo-fontello' tabindex='-1' title=\"Suivant\"><svg version=\"1.1\" xmlns=\"http:\/\/www.w3.org\/2000\/svg\" width=\"15\" height=\"32\" viewBox=\"0 0 15 32\" preserveAspectRatio=\"xMidYMid meet\" aria-labelledby='av-svg-title-6' aria-describedby='av-svg-desc-6' role=\"graphics-symbol\" aria-hidden=\"true\">\n<title id='av-svg-title-6'>Suivant<\/title>\n<desc id='av-svg-desc-6'>Suivant<\/desc>\n<path d=\"M0.416 27.84l11.456-11.84-11.456-11.904q-0.832-0.832 0-1.536 0.832-0.832 1.536 0l12.544 12.608q0.768 0.832 0 1.6l-12.544 12.608q-0.704 0.832-1.536 0-0.832-0.704 0-1.536z\"><\/path>\n<\/svg><span class='avia_hidden_link_text'>Suivant<\/span><\/a><\/div><div class='avia-slideshow-dots avia-slideshow-controls'><a href='#1' class='goto-slide active' >1<\/a><a href='#2' class='goto-slide ' >2<\/a><a href='#3' class='goto-slide ' >3<\/a><\/div><\/div><\/div>\n\n<style type=\"text\/css\" data-created_by=\"avia_inline_auto\" id=\"style-css-av-av_one_full-6126cab7d8fab8d08143dd2dacdf673c\">\n.flex_column.av-av_one_full-6126cab7d8fab8d08143dd2dacdf673c{\nborder-radius:0px 0px 0px 0px;\npadding:0px 0px 0px 0px;\n}\n<\/style>\n<div  class='flex_column av-av_one_full-6126cab7d8fab8d08143dd2dacdf673c av_one_full  avia-builder-el-16  el_after_av_one_half  el_before_av_heading  first flex_column_div av-zero-column-padding  column-top-margin'     ><p>\n<style type=\"text\/css\" data-created_by=\"avia_inline_auto\" id=\"style-css-av-av_heading-94ddf97538cf9748f6c8c2304bed4ee9\">\n#top .av-special-heading.av-av_heading-94ddf97538cf9748f6c8c2304bed4ee9{\npadding-bottom:10px;\n}\nbody .av-special-heading.av-av_heading-94ddf97538cf9748f6c8c2304bed4ee9 .av-special-heading-tag .heading-char{\nfont-size:25px;\n}\n.av-special-heading.av-av_heading-94ddf97538cf9748f6c8c2304bed4ee9 .av-subheading{\nfont-size:15px;\n}\n<\/style>\n<div  class='av-special-heading av-av_heading-94ddf97538cf9748f6c8c2304bed4ee9 av-special-heading-h2  avia-builder-el-17  el_before_av_portfolio  avia-builder-el-no-sibling '><h2 class='av-special-heading-tag '  itemprop=\"headline\"  >Construction modulaires: applications et usages<\/h2><div class=\"special-heading-border\"><div class=\"special-heading-inner-border\"><\/div><\/div><\/div><br \/>\n<div  id=\"av-sc-portfolio-1\"  class=\"av-portfolio-grid-sorting-container\"><div class='sort_width_container  av-sort-yes' data-portfolio-id='1' ><div id='js_sort_items' ><div class='sort_by_cat hidden'><a href=\"#\" data-filter=\"all_sort\" class=\"all_sort_button active_sort\"><span class=\"inner_sort_button\"><span>Tout<\/span><small class=\"av-cat-count\"> 8 <\/small><\/span><\/a><span class=\"text-sep construction-modulaire_sort_sep\">\/<\/span><a href=\"#\" data-filter=\"construction-modulaire_sort\" class=\"construction-modulaire_sort_button\" ><span class=\"inner_sort_button\"><span>Construction Modulaire<\/span><small class=\"av-cat-count\"> 8 <\/small><\/span><\/a><\/div><\/div><\/div><div  class=' grid-sort-container isotope   no_margin-container with-excerpt-container grid-total-even grid-col-5 grid-links-' data-portfolio-id='1'><div data-ajax-id='28550' class=' grid-entry flex_column isotope-item all_sort no_margin post-entry post-entry-28550 grid-entry-overview grid-loop-1 grid-parity-odd  construction-modulaire_sort  av_one_fifth first default_av_fullwidth '><article class='main_color inner-entry'  itemscope=\"itemscope\" itemtype=\"https:\/\/schema.org\/BlogPosting\" itemprop=\"blogPost\" ><a href=\"https:\/\/www.europa-prefabri.com\/fr\/portfolio-item\/conteneurs-de-stockage\/\" title='Conteneurs de stockage'  data-rel='grid-1' class='grid-image avia-hover-fx'> <img decoding=\"async\" fetchpriority=\"high\" width=\"260\" height=\"185\" src=\"https:\/\/www.europa-prefabri.com\/wp-content\/uploads\/contenedor-europa-prefabri-260x185.png\" class=\"wp-image-12750 avia-img-lazy-loading-not-12750 attachment-portfolio_small size-portfolio_small wp-post-image\" alt=\"\" \/><\/a><div class='grid-content'><div class='avia-arrow'><\/div><header class=\"entry-content-header\" aria-label=\"Portfolio : Conteneurs de stockage\"><h3 class='grid-entry-title entry-title '  itemprop=\"headline\" ><a href='https:\/\/www.europa-prefabri.com\/fr\/portfolio-item\/conteneurs-de-stockage\/' title='Conteneurs de stockage'>Conteneurs de stockage<\/a><\/h3><\/header><\/div><footer class=\"entry-footer\"><\/footer><\/article><\/div><div data-ajax-id='28548' class=' grid-entry flex_column isotope-item all_sort no_margin post-entry post-entry-28548 grid-entry-overview grid-loop-2 grid-parity-even  construction-modulaire_sort  av_one_fifth  default_av_fullwidth '><article class='main_color inner-entry'  itemscope=\"itemscope\" itemtype=\"https:\/\/schema.org\/BlogPosting\" itemprop=\"blogPost\" ><a href=\"https:\/\/www.europa-prefabri.com\/fr\/portfolio-item\/batiments-prefabriques\/\" title='B\u00e2timents pr\u00e9fabriqu\u00e9s'  data-rel='grid-1' class='grid-image avia-hover-fx'> <img decoding=\"async\" fetchpriority=\"high\" width=\"260\" height=\"185\" src=\"https:\/\/www.europa-prefabri.com\/wp-content\/uploads\/edificio-prefabricado-europa-prefabri-260x185.png\" class=\"wp-image-12762 avia-img-lazy-loading-not-12762 attachment-portfolio_small size-portfolio_small wp-post-image\" alt=\"\" \/><\/a><div class='grid-content'><div class='avia-arrow'><\/div><header class=\"entry-content-header\" aria-label=\"Portfolio : B\u00e2timents pr\u00e9fabriqu\u00e9s\"><h3 class='grid-entry-title entry-title '  itemprop=\"headline\" ><a href='https:\/\/www.europa-prefabri.com\/fr\/portfolio-item\/batiments-prefabriques\/' title='B\u00e2timents pr\u00e9fabriqu\u00e9s'>B\u00e2timents pr\u00e9fabriqu\u00e9s<\/a><\/h3><\/header><\/div><footer class=\"entry-footer\"><\/footer><\/article><\/div><div data-ajax-id='3117' class=' grid-entry flex_column isotope-item all_sort no_margin post-entry post-entry-3117 grid-entry-overview grid-loop-3 grid-parity-odd  construccion-modular_sort construction-modulaire_sort  av_one_fifth  default_av_fullwidth '><article class='main_color inner-entry'  itemscope=\"itemscope\" itemtype=\"https:\/\/schema.org\/BlogPosting\" itemprop=\"blogPost\" ><a href=\"https:\/\/www.europa-prefabri.com\/fr\/portfolio-item\/bungalows-de-chantier\/\" title='Bungalows de chantier'  data-rel='grid-1' class='grid-image avia-hover-fx'> <img decoding=\"async\" fetchpriority=\"high\" width=\"260\" height=\"185\" src=\"https:\/\/www.europa-prefabri.com\/wp-content\/uploads\/caseta-de-obra-europa-prefabri-260x185.png\" class=\"wp-image-12746 avia-img-lazy-loading-not-12746 attachment-portfolio_small size-portfolio_small wp-post-image\" alt=\"Bungalows de chantier\" \/><\/a><div class='grid-content'><div class='avia-arrow'><\/div><header class=\"entry-content-header\" aria-label=\"Portfolio : Bungalows de chantier\"><h3 class='grid-entry-title entry-title '  itemprop=\"headline\" ><a href='https:\/\/www.europa-prefabri.com\/fr\/portfolio-item\/bungalows-de-chantier\/' title='Bungalows de chantier'>Bungalows de chantier<\/a><\/h3><\/header><\/div><footer class=\"entry-footer\"><\/footer><\/article><\/div><div data-ajax-id='3271' class=' grid-entry flex_column isotope-item all_sort no_margin post-entry post-entry-3271 grid-entry-overview grid-loop-4 grid-parity-even  construction-modulaire_sort  av_one_fifth  default_av_fullwidth '><article class='main_color inner-entry'  itemscope=\"itemscope\" itemtype=\"https:\/\/schema.org\/BlogPosting\" itemprop=\"blogPost\" ><a href=\"https:\/\/www.europa-prefabri.com\/fr\/portfolio-item\/bases-de-vie\/\" title='Bases de vie'  data-rel='grid-1' class='grid-image avia-hover-fx'> <img decoding=\"async\" fetchpriority=\"high\" width=\"260\" height=\"185\" src=\"https:\/\/www.europa-prefabri.com\/wp-content\/uploads\/IMAG1585_800x452-260x185.jpg\" class=\"wp-image-7810 avia-img-lazy-loading-not-7810 attachment-portfolio_small size-portfolio_small wp-post-image\" alt=\"campamento modular de oficinas en lagos nigeria\" \/><\/a><div class='grid-content'><div class='avia-arrow'><\/div><header class=\"entry-content-header\" aria-label=\"Portfolio : Bases de vie\"><h3 class='grid-entry-title entry-title '  itemprop=\"headline\" ><a href='https:\/\/www.europa-prefabri.com\/fr\/portfolio-item\/bases-de-vie\/' title='Bases de vie'>Bases de vie<\/a><\/h3><\/header><\/div><footer class=\"entry-footer\"><\/footer><\/article><\/div><div data-ajax-id='3268' class=' grid-entry flex_column isotope-item all_sort no_margin post-entry post-entry-3268 grid-entry-overview grid-loop-5 grid-parity-odd  construction-modulaire_sort  av_one_fifth  default_av_fullwidth '><article class='main_color inner-entry'  itemscope=\"itemscope\" itemtype=\"https:\/\/schema.org\/BlogPosting\" itemprop=\"blogPost\" ><a href=\"https:\/\/www.europa-prefabri.com\/fr\/portfolio-item\/modules-en-kit\/\" title='Boungalows en KIT'  data-rel='grid-1' class='grid-image avia-hover-fx'> <img decoding=\"async\" fetchpriority=\"high\" width=\"260\" height=\"185\" src=\"https:\/\/www.europa-prefabri.com\/wp-content\/uploads\/modulos-en-kit-europa-prefabri-260x185.png\" class=\"wp-image-12778 avia-img-lazy-loading-not-12778 attachment-portfolio_small size-portfolio_small wp-post-image\" alt=\"\" \/><\/a><div class='grid-content'><div class='avia-arrow'><\/div><header class=\"entry-content-header\" aria-label=\"Portfolio : Boungalows en KIT\"><h3 class='grid-entry-title entry-title '  itemprop=\"headline\" ><a href='https:\/\/www.europa-prefabri.com\/fr\/portfolio-item\/modules-en-kit\/' title='Boungalows en KIT'>Boungalows en KIT<\/a><\/h3><\/header><\/div><footer class=\"entry-footer\"><\/footer><\/article><\/div><div data-ajax-id='3197' class=' grid-entry flex_column isotope-item all_sort no_margin post-entry post-entry-3197 grid-entry-overview grid-loop-6 grid-parity-even  construction-modulaire_sort  av_one_fifth first default_av_fullwidth '><article class='main_color inner-entry'  itemscope=\"itemscope\" itemtype=\"https:\/\/schema.org\/BlogPosting\" itemprop=\"blogPost\" ><a href=\"https:\/\/www.europa-prefabri.com\/fr\/portfolio-item\/batiments-modulaires\/\" title='B\u00e2timents modulaires'  data-rel='grid-1' class='grid-image avia-hover-fx'> <img decoding=\"async\" fetchpriority=\"high\" width=\"260\" height=\"185\" src=\"https:\/\/www.europa-prefabri.com\/wp-content\/uploads\/edificio-modular-europa-prefabri-260x185.png\" class=\"wp-image-12758 avia-img-lazy-loading-not-12758 attachment-portfolio_small size-portfolio_small wp-post-image\" alt=\"\" \/><\/a><div class='grid-content'><div class='avia-arrow'><\/div><header class=\"entry-content-header\" aria-label=\"Portfolio : B\u00e2timents modulaires\"><h3 class='grid-entry-title entry-title '  itemprop=\"headline\" ><a href='https:\/\/www.europa-prefabri.com\/fr\/portfolio-item\/batiments-modulaires\/' title='B\u00e2timents modulaires'>B\u00e2timents modulaires<\/a><\/h3><\/header><\/div><footer class=\"entry-footer\"><\/footer><\/article><\/div><div data-ajax-id='3198' class=' grid-entry flex_column isotope-item all_sort no_margin post-entry post-entry-3198 grid-entry-overview grid-loop-7 grid-parity-odd  construction-modulaire_sort  av_one_fifth  default_av_fullwidth '><article class='main_color inner-entry'  itemscope=\"itemscope\" itemtype=\"https:\/\/schema.org\/BlogPosting\" itemprop=\"blogPost\" ><a href=\"https:\/\/www.europa-prefabri.com\/fr\/portfolio-item\/constructions-modulaires-sur-mesure\/\" title='Modules personnalisables'  data-rel='grid-1' class='grid-image avia-hover-fx'> <img decoding=\"async\" fetchpriority=\"high\" width=\"260\" height=\"185\" src=\"https:\/\/www.europa-prefabri.com\/wp-content\/uploads\/modulo-especial-europa-prefabri-260x185.png\" class=\"wp-image-12782 avia-img-lazy-loading-not-12782 attachment-portfolio_small size-portfolio_small wp-post-image\" alt=\"\" \/><\/a><div class='grid-content'><div class='avia-arrow'><\/div><header class=\"entry-content-header\" aria-label=\"Portfolio : Modules personnalisables\"><h3 class='grid-entry-title entry-title '  itemprop=\"headline\" ><a href='https:\/\/www.europa-prefabri.com\/fr\/portfolio-item\/constructions-modulaires-sur-mesure\/' title='Modules personnalisables'>Modules personnalisables<\/a><\/h3><\/header><\/div><footer class=\"entry-footer\"><\/footer><\/article><\/div><div data-ajax-id='3411' class=' grid-entry flex_column isotope-item all_sort no_margin post-entry post-entry-3411 grid-entry-overview grid-loop-8 grid-parity-even  post-entry-last  construction-modulaire_sort  av_one_fifth  default_av_fullwidth '><article class='main_color inner-entry'  itemscope=\"itemscope\" itemtype=\"https:\/\/schema.org\/BlogPosting\" itemprop=\"blogPost\" ><a href=\"https:\/\/www.europa-prefabri.com\/fr\/portfolio-item\/guerites\/\" title='Gu\u00e9rites'  data-rel='grid-1' class='grid-image avia-hover-fx'> <img decoding=\"async\" fetchpriority=\"high\" width=\"260\" height=\"185\" src=\"https:\/\/www.europa-prefabri.com\/wp-content\/uploads\/cabina-de-vigilancia-europa-prefabri-260x185.png\" class=\"wp-image-12738 avia-img-lazy-loading-not-12738 attachment-portfolio_small size-portfolio_small wp-post-image\" alt=\"\" \/><\/a><div class='grid-content'><div class='avia-arrow'><\/div><header class=\"entry-content-header\" aria-label=\"Portfolio : Gu\u00e9rites\"><h3 class='grid-entry-title entry-title '  itemprop=\"headline\" ><a href='https:\/\/www.europa-prefabri.com\/fr\/portfolio-item\/guerites\/' title='Gu\u00e9rites'>Gu\u00e9rites<\/a><\/h3><\/header><\/div><footer class=\"entry-footer\"><\/footer><\/article><\/div><\/div><\/div>   <!--   class=\"av-portfolio-grid-sorting-container\"  --><br \/>\n<section  class='av_textblock_section av-av_textblock-0366cc7376be6c9e82a3e9cc8987b64f '   itemscope=\"itemscope\" itemtype=\"https:\/\/schema.org\/BlogPosting\" itemprop=\"blogPost\" ><div class='avia_textblock'  itemprop=\"text\" ><h2><\/h2>\n<h4><strong>Bungalows de chantier<\/strong><\/h4>\n<p style=\"text-align: justify;\"><span style=\"color: #333333;\">Location et vente (neuve ou de seconde main) de bungalows de chantiers pr\u00e9fabriqu\u00e9s personnalisables pour des bureaux de chantiers, toilettes, vestiaires, cantines, stocks\u2026<\/span><\/p>\n<h4><strong>Modules pr\u00e9fabriqu\u00e9s<\/strong><\/h4>\n<p style=\"text-align: justify;\"><span style=\"color: #333333;\">Construction temporaires ou permanentes pour de multiples usages en vente et en location.<\/span><\/p>\n<h4><strong>Modules sp\u00e9ciaux<\/strong><\/h4>\n<p style=\"text-align: justify;\"><span style=\"color: #333333;\">Design et fabrication de constructions modulaires sur mesures en location et en vente pour structure d\u00b4accueil du public, promotion immobili\u00e8re, stands publicitaires, stands publicitaires pour \u00e9v\u00e9nements\u2026\u00a0 ou comme salle de vente, bureaux d\u00b4informations, kiosques, caf\u00e9t\u00e9rias, soci\u00e9t\u00e9s\u2026<\/span><\/p>\n<h4><strong>B\u00e2timents pr\u00e9fabriqu\u00e9s<\/strong><\/h4>\n<p style=\"text-align: justify;\"><span style=\"color: #333333;\">R\u00e9alis\u00e9s \u00e0 l\u00b4aide d\u00b4une structure d\u00b4acier con\u00e7ue sur mesure en fonction des besoins du client selon chaque projet pour obtenir des b\u00e2timents pr\u00e9fabriqu\u00e9s solides jusqu\u00b4\u00e0 3m d\u00b4hauteur dans un d\u00e9lais de temps bref et avec un co\u00fbt r\u00e9duit. En location et en vente.<\/span><\/p>\n<p style=\"text-align: justify;\"><span style=\"color: #333333;\">Parmi ses multiples usages se distinguent\u00a0: bureaux, modulaires, logements, \u00e9coles et salles de classes pr\u00e9fabriqu\u00e9es, h\u00f4tels et r\u00e9sidences \u00e9tudiantes, installations industrielles, cantines et vestiaires, cliniques, h\u00f4pitaux et centres m\u00e9dicaux, b\u00e2timents commerciaux et d\u00b4affaire, bureaux d\u00b4accueil du public \u2026<\/span><\/p>\n<h4><strong>Entrep\u00f4ts pr\u00e9fabriqu\u00e9s<\/strong><\/h4>\n<p style=\"text-align: justify;\"><span style=\"color: #333333;\">Nous r\u00e9alisons le calcul des structures d\u00b4acier pour assurer la r\u00e9sistance contre les vents violents et la surcharge de neige en fonction de l\u00b4endroit. Nous garantissons la certification du CTE et des autres normes techniques locales. En location et en vente.<\/span><\/p>\n<h4><strong>Bases de vie modulaires<\/strong><\/h4>\n<p style=\"text-align: justify;\"><span style=\"color: #333333;\">Aussi bien temporaires que permanentes, en vente et en location. Nous proposons des bases de vie pour divers usages\u00a0: dortoirs, bureaux, vestiaires, salle de bain, cantines, stocks, laboratoires, postes de surveillance, salles de classe, salles de loisir&#8230;<\/span><\/p>\n<p style=\"text-align: justify;\"><span style=\"color: #333333;\">Tous les ensembles modulaires s\u00b4adaptent \u00e0 vos besoins d\u00b4espaces et ces b\u00e2timents modulaires sont attachables aussi bien horizontalement que verticalement. Aussi, nos proposons la possibilit\u00e9 de louer du mobilier, l\u00b4installation de l\u00b4air conditionn\u00e9 et la pr\u00e9-installation de voix et donn\u00e9es.<\/span><\/p>\n<h4><strong>Stockages<\/strong><\/h4>\n<p style=\"text-align: justify;\"><span style=\"color: #333333;\">Solutions de stockage temporaire pour tout type d\u00b4entreprises ou pour les particuliers. Nous r\u00e9alisons aussi la transformation de conteneurs pour de multiples usages\u00a0: bureaux, stands, caves, garages\u2026 Nous les proposons en location ou en vente.<\/span><\/p>\n<h4><strong>Poste de surveillance<\/strong><\/h4>\n<p style=\"text-align: justify;\"><span style=\"color: #333333;\">Temporaire ou permanent, ils peuvent \u00eatre utilis\u00e9s pour le contr\u00f4le d\u00b4acc\u00e8s, r\u00e9ception, poste de s\u00e9curit\u00e9, poste d\u00b4information\u2026 En location et en vente.<\/span><\/p>\n<h4><strong>Logements pr\u00e9fabriqu\u00e9s<\/strong><\/h4>\n<p style=\"text-align: justify;\"><span style=\"color: #333333;\">Nous r\u00e9alisons l\u00b4\u00e9tude du projet du client avec des architectes pour adapter n\u00b4importe quel projet \u00e0 nos syst\u00e8mes de constructions. Une fois les caract\u00e9ristiques techniques d\u00e9finies, les plans et les mat\u00e9riaux choisis, la fabrication de tous les \u00e9l\u00e9ments commence en usine et le transport de ceux-ci est effectu\u00e9\u00a0 jusqu\u00b4\u00e0 la destination finale pour le montage.<\/span><\/p>\n<p style=\"text-align: justify;\"><span style=\"color: #333333;\">Pour r\u00e9aliser le transport, nous utilisons le syst\u00e8me KIT ou FLAT-PACK pour minimiser les co\u00fbts logistiques.<\/span><\/p>\n<\/div><\/section><\/p><\/div>\n\n<style type=\"text\/css\" data-created_by=\"avia_inline_auto\" id=\"style-css-av-av_heading-f6e4abb64aad5e5182a9ac61ee6acfe8\">\n#top .av-special-heading.av-av_heading-f6e4abb64aad5e5182a9ac61ee6acfe8{\npadding-bottom:10px;\n}\nbody .av-special-heading.av-av_heading-f6e4abb64aad5e5182a9ac61ee6acfe8 .av-special-heading-tag .heading-char{\nfont-size:25px;\n}\n.av-special-heading.av-av_heading-f6e4abb64aad5e5182a9ac61ee6acfe8 .av-subheading{\nfont-size:15px;\n}\n<\/style>\n<div  class='av-special-heading av-av_heading-f6e4abb64aad5e5182a9ac61ee6acfe8 av-special-heading-h3  avia-builder-el-20  el_after_av_one_full  el_before_av_video '><h3 class='av-special-heading-tag '  itemprop=\"headline\"  >Europa Prefabri<\/h3><div class=\"special-heading-border\"><div class=\"special-heading-inner-border\"><\/div><\/div><\/div>\n<div  class='avia-video av-av_video-6dc0cf7465be31df58af30f8e3c8ddf1 avia-video-16-9 av-no-preview-image avia-video-load-always av-lazyload-immediate av-lazyload-video-embed'  itemprop=\"video\" itemtype=\"https:\/\/schema.org\/VideoObject\"  data-original_url='https:\/\/www.youtube.com\/watch?v=3R5MetmrayA'><script type='text\/html' class='av-video-tmpl'><div class='avia-iframe-wrap'><iframe loading=\"lazy\" width=\"1500\" height=\"844\" src=\"https:\/\/www.youtube.com\/embed\/3R5MetmrayA?feature=oembed&autoplay=0&loop=0&controls=1&mute=0\" frameborder=\"0\" allowfullscreen><\/iframe><\/div><\/script><div class='av-click-to-play-overlay'><div class=\"avia_playpause_icon\"><\/div><\/div><\/div>\n<section  class='av_textblock_section av-av_textblock-0366cc7376be6c9e82a3e9cc8987b64f '   itemscope=\"itemscope\" itemtype=\"https:\/\/schema.org\/BlogPosting\" itemprop=\"blogPost\" ><div class='avia_textblock'  itemprop=\"text\" ><p style=\"text-align: justify;\"><span style=\"color: #333333;\">Europa Prefabri design, fabrique, transporte et assemble les b\u00e2timents et modules pr\u00e9fabriqu\u00e9s durables personnalisables et de haute qualit\u00e9, qui permettent une grande flexibilit\u00e9 par l\u00b4ajout de nouveaux modules, mais aussi une r\u00e9duction des d\u00e9lais de livraison, avec une baisse de prix cons\u00e9quente des co\u00fbts par rapport \u00e0 la construction traditionnelle. Pour en savoir plus, consultez les <a href=\"https:\/\/www.europa-prefabri.com\/fr\/avantages-la-construction-modulaire\/\"><u>avantages<\/u><\/a> de la construction modulaire.<\/span><\/p>\n<\/div><\/section>\n","protected":false},"excerpt":{"rendered":"","protected":false},"author":4,"featured_media":12818,"comment_status":"closed","ping_status":"closed","sticky":false,"template":"","format":"standard","meta":{"footnotes":""},"categories":[58],"tags":[366,157,154],"class_list":["post-14375","post","type-post","status-publish","format-standard","has-post-thumbnail","hentry","category-projets","tag-bungalows-de-chantier","tag-construction-modulaire-2","tag-modules-prefabriques"],"yoast_head":"<!-- This site is optimized with the Yoast SEO plugin v27.5 - https:\/\/yoast.com\/product\/yoast-seo-wordpress\/ -->\n<title>La construction modulaire: pr\u00e9sent et futur de la construction<\/title>\n<meta name=\"description\" content=\"La construction modulaire, avantages, applications et usages de bungalows de chantier, modules pr\u00e9fabriqu\u00e9s et bases de vie modulaires.\" \/>\n<meta name=\"robots\" content=\"index, follow, max-snippet:-1, max-image-preview:large, max-video-preview:-1\" \/>\n<link rel=\"canonical\" href=\"https:\/\/www.europa-prefabri.com\/fr\/la-construction-modulaire-present-et-futur-de-la-construction\/\" \/>\n<meta property=\"og:locale\" content=\"fr_FR\" \/>\n<meta property=\"og:type\" content=\"article\" \/>\n<meta property=\"og:title\" content=\"La construction modulaire: pr\u00e9sent et futur de la construction\" \/>\n<meta property=\"og:description\" content=\"La construction modulaire, avantages, applications et usages de bungalows de chantier, modules pr\u00e9fabriqu\u00e9s et bases de vie modulaires.\" \/>\n<meta property=\"og:url\" content=\"https:\/\/www.europa-prefabri.com\/fr\/la-construction-modulaire-present-et-futur-de-la-construction\/\" \/>\n<meta property=\"og:site_name\" content=\"Europa Prefabri | Alquiler y venta de construcciones modulares\" \/>\n<meta property=\"article:publisher\" content=\"https:\/\/www.facebook.com\/Europa-Prefabri-258328977572213\/\" \/>\n<meta property=\"article:published_time\" content=\"2017-01-02T13:58:20+00:00\" \/>\n<meta property=\"article:modified_time\" content=\"2017-03-14T11:13:22+00:00\" \/>\n<meta property=\"og:image\" content=\"https:\/\/www.europa-prefabri.com\/wp-content\/uploads\/casa-prefabricada-europa-prefabri.jpg\" \/>\n\t<meta property=\"og:image:width\" content=\"800\" \/>\n\t<meta property=\"og:image:height\" content=\"600\" \/>\n\t<meta property=\"og:image:type\" content=\"image\/jpeg\" \/>\n<meta name=\"author\" content=\"admin\" \/>\n<meta name=\"twitter:card\" content=\"summary_large_image\" \/>\n<meta name=\"twitter:creator\" content=\"@EuropaPrefabri\" \/>\n<meta name=\"twitter:site\" content=\"@EuropaPrefabri\" \/>\n<meta name=\"twitter:label1\" content=\"Written by\" \/>\n\t<meta name=\"twitter:data1\" content=\"admin\" \/>\n\t<meta name=\"twitter:label2\" content=\"Est. reading time\" \/>\n\t<meta name=\"twitter:data2\" content=\"13 minutes\" \/>\n<script type=\"application\/ld+json\" class=\"yoast-schema-graph\">{\"@context\":\"https:\\\/\\\/schema.org\",\"@graph\":[{\"@type\":\"Article\",\"@id\":\"https:\\\/\\\/www.europa-prefabri.com\\\/fr\\\/la-construction-modulaire-present-et-futur-de-la-construction\\\/#article\",\"isPartOf\":{\"@id\":\"https:\\\/\\\/www.europa-prefabri.com\\\/fr\\\/la-construction-modulaire-present-et-futur-de-la-construction\\\/\"},\"author\":{\"name\":\"admin\",\"@id\":\"https:\\\/\\\/www.europa-prefabri.com\\\/#\\\/schema\\\/person\\\/2ab6be5821a7026cd8f16d2a9411e86e\"},\"headline\":\"La construction modulaire: pr\u00e9sent et futur de la construction\",\"datePublished\":\"2017-01-02T13:58:20+00:00\",\"dateModified\":\"2017-03-14T11:13:22+00:00\",\"mainEntityOfPage\":{\"@id\":\"https:\\\/\\\/www.europa-prefabri.com\\\/fr\\\/la-construction-modulaire-present-et-futur-de-la-construction\\\/\"},\"wordCount\":2705,\"publisher\":{\"@id\":\"https:\\\/\\\/www.europa-prefabri.com\\\/#organization\"},\"image\":{\"@id\":\"https:\\\/\\\/www.europa-prefabri.com\\\/fr\\\/la-construction-modulaire-present-et-futur-de-la-construction\\\/#primaryimage\"},\"thumbnailUrl\":\"https:\\\/\\\/www.europa-prefabri.com\\\/wp-content\\\/uploads\\\/casa-prefabricada-europa-prefabri.jpg\",\"keywords\":[\"bungalows de chantier\",\"construction modulaire\",\"modules pr\u00e9fabriqu\u00e9s\"],\"articleSection\":[\"Projets\"],\"inLanguage\":\"fr-FR\"},{\"@type\":\"WebPage\",\"@id\":\"https:\\\/\\\/www.europa-prefabri.com\\\/fr\\\/la-construction-modulaire-present-et-futur-de-la-construction\\\/\",\"url\":\"https:\\\/\\\/www.europa-prefabri.com\\\/fr\\\/la-construction-modulaire-present-et-futur-de-la-construction\\\/\",\"name\":\"La construction modulaire: pr\u00e9sent et futur de la construction\",\"isPartOf\":{\"@id\":\"https:\\\/\\\/www.europa-prefabri.com\\\/#website\"},\"primaryImageOfPage\":{\"@id\":\"https:\\\/\\\/www.europa-prefabri.com\\\/fr\\\/la-construction-modulaire-present-et-futur-de-la-construction\\\/#primaryimage\"},\"image\":{\"@id\":\"https:\\\/\\\/www.europa-prefabri.com\\\/fr\\\/la-construction-modulaire-present-et-futur-de-la-construction\\\/#primaryimage\"},\"thumbnailUrl\":\"https:\\\/\\\/www.europa-prefabri.com\\\/wp-content\\\/uploads\\\/casa-prefabricada-europa-prefabri.jpg\",\"datePublished\":\"2017-01-02T13:58:20+00:00\",\"dateModified\":\"2017-03-14T11:13:22+00:00\",\"description\":\"La construction modulaire, avantages, applications et usages de bungalows de chantier, modules pr\u00e9fabriqu\u00e9s et bases de vie modulaires.\",\"breadcrumb\":{\"@id\":\"https:\\\/\\\/www.europa-prefabri.com\\\/fr\\\/la-construction-modulaire-present-et-futur-de-la-construction\\\/#breadcrumb\"},\"inLanguage\":\"fr-FR\",\"potentialAction\":[{\"@type\":\"ReadAction\",\"target\":[\"https:\\\/\\\/www.europa-prefabri.com\\\/fr\\\/la-construction-modulaire-present-et-futur-de-la-construction\\\/\"]}]},{\"@type\":\"ImageObject\",\"inLanguage\":\"fr-FR\",\"@id\":\"https:\\\/\\\/www.europa-prefabri.com\\\/fr\\\/la-construction-modulaire-present-et-futur-de-la-construction\\\/#primaryimage\",\"url\":\"https:\\\/\\\/www.europa-prefabri.com\\\/wp-content\\\/uploads\\\/casa-prefabricada-europa-prefabri.jpg\",\"contentUrl\":\"https:\\\/\\\/www.europa-prefabri.com\\\/wp-content\\\/uploads\\\/casa-prefabricada-europa-prefabri.jpg\",\"width\":800,\"height\":600,\"caption\":\"La construction modulaire\"},{\"@type\":\"BreadcrumbList\",\"@id\":\"https:\\\/\\\/www.europa-prefabri.com\\\/fr\\\/la-construction-modulaire-present-et-futur-de-la-construction\\\/#breadcrumb\",\"itemListElement\":[{\"@type\":\"ListItem\",\"position\":1,\"name\":\"Portada\",\"item\":\"https:\\\/\\\/www.europa-prefabri.com\\\/fr\\\/\"},{\"@type\":\"ListItem\",\"position\":2,\"name\":\"La construction modulaire: pr\u00e9sent et futur de la construction\"}]},{\"@type\":\"WebSite\",\"@id\":\"https:\\\/\\\/www.europa-prefabri.com\\\/#website\",\"url\":\"https:\\\/\\\/www.europa-prefabri.com\\\/\",\"name\":\"Europa Prefabri | Alquiler y venta de construcciones modulares\",\"description\":\"Alquiler y venta de construcciones modulares, casetas de obra, marquesinas de aparcamiento y vallas y cerramientos.\",\"publisher\":{\"@id\":\"https:\\\/\\\/www.europa-prefabri.com\\\/#organization\"},\"potentialAction\":[{\"@type\":\"SearchAction\",\"target\":{\"@type\":\"EntryPoint\",\"urlTemplate\":\"https:\\\/\\\/www.europa-prefabri.com\\\/?s={search_term_string}\"},\"query-input\":{\"@type\":\"PropertyValueSpecification\",\"valueRequired\":true,\"valueName\":\"search_term_string\"}}],\"inLanguage\":\"fr-FR\"},{\"@type\":\"Organization\",\"@id\":\"https:\\\/\\\/www.europa-prefabri.com\\\/#organization\",\"name\":\"Prefabri S.L.\",\"url\":\"https:\\\/\\\/www.europa-prefabri.com\\\/\",\"logo\":{\"@type\":\"ImageObject\",\"inLanguage\":\"fr-FR\",\"@id\":\"https:\\\/\\\/www.europa-prefabri.com\\\/#\\\/schema\\\/logo\\\/image\\\/\",\"url\":\"https:\\\/\\\/www.europa-prefabri.com\\\/wp-content\\\/uploads\\\/EuropaPrefabri-Logo.jpg\",\"contentUrl\":\"https:\\\/\\\/www.europa-prefabri.com\\\/wp-content\\\/uploads\\\/EuropaPrefabri-Logo.jpg\",\"width\":752,\"height\":348,\"caption\":\"Prefabri S.L.\"},\"image\":{\"@id\":\"https:\\\/\\\/www.europa-prefabri.com\\\/#\\\/schema\\\/logo\\\/image\\\/\"},\"sameAs\":[\"https:\\\/\\\/www.facebook.com\\\/Europa-Prefabri-258328977572213\\\/\",\"https:\\\/\\\/x.com\\\/EuropaPrefabri\",\"https:\\\/\\\/www.instagram.com\\\/europaprefabri\\\/\",\"https:\\\/\\\/es.linkedin.com\\\/company\\\/europa-prefabri\",\"https:\\\/\\\/es.pinterest.com\\\/europaprefabri\\\/\",\"https:\\\/\\\/www.youtube.com\\\/user\\\/PrefabriSL\"]},{\"@type\":\"Person\",\"@id\":\"https:\\\/\\\/www.europa-prefabri.com\\\/#\\\/schema\\\/person\\\/2ab6be5821a7026cd8f16d2a9411e86e\",\"name\":\"admin\",\"image\":{\"@type\":\"ImageObject\",\"inLanguage\":\"fr-FR\",\"@id\":\"https:\\\/\\\/secure.gravatar.com\\\/avatar\\\/dc55d3f4b941a1510eef2620b2c166513788bd88ef72341333b6d0a859bacd3c?s=96&d=mm&r=g\",\"url\":\"https:\\\/\\\/secure.gravatar.com\\\/avatar\\\/dc55d3f4b941a1510eef2620b2c166513788bd88ef72341333b6d0a859bacd3c?s=96&d=mm&r=g\",\"contentUrl\":\"https:\\\/\\\/secure.gravatar.com\\\/avatar\\\/dc55d3f4b941a1510eef2620b2c166513788bd88ef72341333b6d0a859bacd3c?s=96&d=mm&r=g\",\"caption\":\"admin\"},\"sameAs\":[\"https:\\\/\\\/www.europa-prefabri.com\",\"https:\\\/\\\/x.com\\\/@EuropaPrefabri\"]}]}<\/script>\n<!-- \/ Yoast SEO plugin. -->","yoast_head_json":{"title":"La construction modulaire: pr\u00e9sent et futur de la construction","description":"La construction modulaire, avantages, applications et usages de bungalows de chantier, modules pr\u00e9fabriqu\u00e9s et bases de vie modulaires.","robots":{"index":"index","follow":"follow","max-snippet":"max-snippet:-1","max-image-preview":"max-image-preview:large","max-video-preview":"max-video-preview:-1"},"canonical":"https:\/\/www.europa-prefabri.com\/fr\/la-construction-modulaire-present-et-futur-de-la-construction\/","og_locale":"fr_FR","og_type":"article","og_title":"La construction modulaire: pr\u00e9sent et futur de la construction","og_description":"La construction modulaire, avantages, applications et usages de bungalows de chantier, modules pr\u00e9fabriqu\u00e9s et bases de vie modulaires.","og_url":"https:\/\/www.europa-prefabri.com\/fr\/la-construction-modulaire-present-et-futur-de-la-construction\/","og_site_name":"Europa Prefabri | Alquiler y venta de construcciones modulares","article_publisher":"https:\/\/www.facebook.com\/Europa-Prefabri-258328977572213\/","article_published_time":"2017-01-02T13:58:20+00:00","article_modified_time":"2017-03-14T11:13:22+00:00","og_image":[{"width":800,"height":600,"url":"https:\/\/www.europa-prefabri.com\/wp-content\/uploads\/casa-prefabricada-europa-prefabri.jpg","type":"image\/jpeg"}],"author":"admin","twitter_card":"summary_large_image","twitter_creator":"@EuropaPrefabri","twitter_site":"@EuropaPrefabri","twitter_misc":{"Written by":"admin","Est. reading time":"13 minutes"},"schema":{"@context":"https:\/\/schema.org","@graph":[{"@type":"Article","@id":"https:\/\/www.europa-prefabri.com\/fr\/la-construction-modulaire-present-et-futur-de-la-construction\/#article","isPartOf":{"@id":"https:\/\/www.europa-prefabri.com\/fr\/la-construction-modulaire-present-et-futur-de-la-construction\/"},"author":{"name":"admin","@id":"https:\/\/www.europa-prefabri.com\/#\/schema\/person\/2ab6be5821a7026cd8f16d2a9411e86e"},"headline":"La construction modulaire: pr\u00e9sent et futur de la construction","datePublished":"2017-01-02T13:58:20+00:00","dateModified":"2017-03-14T11:13:22+00:00","mainEntityOfPage":{"@id":"https:\/\/www.europa-prefabri.com\/fr\/la-construction-modulaire-present-et-futur-de-la-construction\/"},"wordCount":2705,"publisher":{"@id":"https:\/\/www.europa-prefabri.com\/#organization"},"image":{"@id":"https:\/\/www.europa-prefabri.com\/fr\/la-construction-modulaire-present-et-futur-de-la-construction\/#primaryimage"},"thumbnailUrl":"https:\/\/www.europa-prefabri.com\/wp-content\/uploads\/casa-prefabricada-europa-prefabri.jpg","keywords":["bungalows de chantier","construction modulaire","modules pr\u00e9fabriqu\u00e9s"],"articleSection":["Projets"],"inLanguage":"fr-FR"},{"@type":"WebPage","@id":"https:\/\/www.europa-prefabri.com\/fr\/la-construction-modulaire-present-et-futur-de-la-construction\/","url":"https:\/\/www.europa-prefabri.com\/fr\/la-construction-modulaire-present-et-futur-de-la-construction\/","name":"La construction modulaire: pr\u00e9sent et futur de la construction","isPartOf":{"@id":"https:\/\/www.europa-prefabri.com\/#website"},"primaryImageOfPage":{"@id":"https:\/\/www.europa-prefabri.com\/fr\/la-construction-modulaire-present-et-futur-de-la-construction\/#primaryimage"},"image":{"@id":"https:\/\/www.europa-prefabri.com\/fr\/la-construction-modulaire-present-et-futur-de-la-construction\/#primaryimage"},"thumbnailUrl":"https:\/\/www.europa-prefabri.com\/wp-content\/uploads\/casa-prefabricada-europa-prefabri.jpg","datePublished":"2017-01-02T13:58:20+00:00","dateModified":"2017-03-14T11:13:22+00:00","description":"La construction modulaire, avantages, applications et usages de bungalows de chantier, modules pr\u00e9fabriqu\u00e9s et bases de vie modulaires.","breadcrumb":{"@id":"https:\/\/www.europa-prefabri.com\/fr\/la-construction-modulaire-present-et-futur-de-la-construction\/#breadcrumb"},"inLanguage":"fr-FR","potentialAction":[{"@type":"ReadAction","target":["https:\/\/www.europa-prefabri.com\/fr\/la-construction-modulaire-present-et-futur-de-la-construction\/"]}]},{"@type":"ImageObject","inLanguage":"fr-FR","@id":"https:\/\/www.europa-prefabri.com\/fr\/la-construction-modulaire-present-et-futur-de-la-construction\/#primaryimage","url":"https:\/\/www.europa-prefabri.com\/wp-content\/uploads\/casa-prefabricada-europa-prefabri.jpg","contentUrl":"https:\/\/www.europa-prefabri.com\/wp-content\/uploads\/casa-prefabricada-europa-prefabri.jpg","width":800,"height":600,"caption":"La construction modulaire"},{"@type":"BreadcrumbList","@id":"https:\/\/www.europa-prefabri.com\/fr\/la-construction-modulaire-present-et-futur-de-la-construction\/#breadcrumb","itemListElement":[{"@type":"ListItem","position":1,"name":"Portada","item":"https:\/\/www.europa-prefabri.com\/fr\/"},{"@type":"ListItem","position":2,"name":"La construction modulaire: pr\u00e9sent et futur de la construction"}]},{"@type":"WebSite","@id":"https:\/\/www.europa-prefabri.com\/#website","url":"https:\/\/www.europa-prefabri.com\/","name":"Europa Prefabri | Alquiler y venta de construcciones modulares","description":"Alquiler y venta de construcciones modulares, casetas de obra, marquesinas de aparcamiento y vallas y cerramientos.","publisher":{"@id":"https:\/\/www.europa-prefabri.com\/#organization"},"potentialAction":[{"@type":"SearchAction","target":{"@type":"EntryPoint","urlTemplate":"https:\/\/www.europa-prefabri.com\/?s={search_term_string}"},"query-input":{"@type":"PropertyValueSpecification","valueRequired":true,"valueName":"search_term_string"}}],"inLanguage":"fr-FR"},{"@type":"Organization","@id":"https:\/\/www.europa-prefabri.com\/#organization","name":"Prefabri S.L.","url":"https:\/\/www.europa-prefabri.com\/","logo":{"@type":"ImageObject","inLanguage":"fr-FR","@id":"https:\/\/www.europa-prefabri.com\/#\/schema\/logo\/image\/","url":"https:\/\/www.europa-prefabri.com\/wp-content\/uploads\/EuropaPrefabri-Logo.jpg","contentUrl":"https:\/\/www.europa-prefabri.com\/wp-content\/uploads\/EuropaPrefabri-Logo.jpg","width":752,"height":348,"caption":"Prefabri S.L."},"image":{"@id":"https:\/\/www.europa-prefabri.com\/#\/schema\/logo\/image\/"},"sameAs":["https:\/\/www.facebook.com\/Europa-Prefabri-258328977572213\/","https:\/\/x.com\/EuropaPrefabri","https:\/\/www.instagram.com\/europaprefabri\/","https:\/\/es.linkedin.com\/company\/europa-prefabri","https:\/\/es.pinterest.com\/europaprefabri\/","https:\/\/www.youtube.com\/user\/PrefabriSL"]},{"@type":"Person","@id":"https:\/\/www.europa-prefabri.com\/#\/schema\/person\/2ab6be5821a7026cd8f16d2a9411e86e","name":"admin","image":{"@type":"ImageObject","inLanguage":"fr-FR","@id":"https:\/\/secure.gravatar.com\/avatar\/dc55d3f4b941a1510eef2620b2c166513788bd88ef72341333b6d0a859bacd3c?s=96&d=mm&r=g","url":"https:\/\/secure.gravatar.com\/avatar\/dc55d3f4b941a1510eef2620b2c166513788bd88ef72341333b6d0a859bacd3c?s=96&d=mm&r=g","contentUrl":"https:\/\/secure.gravatar.com\/avatar\/dc55d3f4b941a1510eef2620b2c166513788bd88ef72341333b6d0a859bacd3c?s=96&d=mm&r=g","caption":"admin"},"sameAs":["https:\/\/www.europa-prefabri.com","https:\/\/x.com\/@EuropaPrefabri"]}]}},"_links":{"self":[{"href":"https:\/\/www.europa-prefabri.com\/fr\/wp-json\/wp\/v2\/posts\/14375","targetHints":{"allow":["GET"]}}],"collection":[{"href":"https:\/\/www.europa-prefabri.com\/fr\/wp-json\/wp\/v2\/posts"}],"about":[{"href":"https:\/\/www.europa-prefabri.com\/fr\/wp-json\/wp\/v2\/types\/post"}],"author":[{"embeddable":true,"href":"https:\/\/www.europa-prefabri.com\/fr\/wp-json\/wp\/v2\/users\/4"}],"replies":[{"embeddable":true,"href":"https:\/\/www.europa-prefabri.com\/fr\/wp-json\/wp\/v2\/comments?post=14375"}],"version-history":[{"count":0,"href":"https:\/\/www.europa-prefabri.com\/fr\/wp-json\/wp\/v2\/posts\/14375\/revisions"}],"wp:featuredmedia":[{"embeddable":true,"href":"https:\/\/www.europa-prefabri.com\/fr\/wp-json\/wp\/v2\/media\/12818"}],"wp:attachment":[{"href":"https:\/\/www.europa-prefabri.com\/fr\/wp-json\/wp\/v2\/media?parent=14375"}],"wp:term":[{"taxonomy":"category","embeddable":true,"href":"https:\/\/www.europa-prefabri.com\/fr\/wp-json\/wp\/v2\/categories?post=14375"},{"taxonomy":"post_tag","embeddable":true,"href":"https:\/\/www.europa-prefabri.com\/fr\/wp-json\/wp\/v2\/tags?post=14375"}],"curies":[{"name":"wp","href":"https:\/\/api.w.org\/{rel}","templated":true}]}}