{"id":14368,"date":"2016-12-07T12:47:43","date_gmt":"2016-12-07T12:47:43","guid":{"rendered":"http:\/\/www.europa-prefabri.com\/fr\/?p=14368"},"modified":"2017-03-09T11:07:47","modified_gmt":"2017-03-09T11:07:47","slug":"entrepot-modulaire-prefabrique-de-ski","status":"publish","type":"post","link":"https:\/\/www.europa-prefabri.com\/fr\/entrepot-modulaire-prefabrique-de-ski\/","title":{"rendered":"Entrep\u00f4t modulaire de ski \u00e0 Benasque, Huesca | Prefabri"},"content":{"rendered":"\n\t\t<style type=\"text\/css\">\n\t\t\t#gallery-1 {\n\t\t\t\tmargin: auto;\n\t\t\t}\n\t\t\t#gallery-1 .gallery-item {\n\t\t\t\tfloat: left;\n\t\t\t\tmargin-top: 10px;\n\t\t\t\ttext-align: center;\n\t\t\t\twidth: 11%;\n\t\t\t}\n\t\t\t#gallery-1 img {\n\t\t\t\tborder: 2px solid #cfcfcf;\n\t\t\t}\n\t\t\t#gallery-1 .gallery-caption {\n\t\t\t\tmargin-left: 0;\n\t\t\t}\n\t\t\t\/* see gallery_shortcode() in wp-includes\/media.php *\/\n\t\t<\/style>\n\t\t<div id='gallery-1' class='gallery galleryid-14368 gallery-columns-9 gallery-size-thumbnail'><dl class='gallery-item'>\n\t\t\t<dt class='gallery-icon landscape'>\n\t\t\t\t<a href='https:\/\/www.europa-prefabri.com\/fr\/almacen-modular-prefabricado-pirineos\/'><img loading=\"lazy\" decoding=\"async\" width=\"80\" height=\"80\" src=\"https:\/\/www.europa-prefabri.com\/wp-content\/uploads\/almacen-modular-prefabricado-pirineos-80x80.jpg\" class=\"attachment-thumbnail size-thumbnail\" alt=\"almacen-modular-prefabricado-pirineos\" srcset=\"https:\/\/www.europa-prefabri.com\/wp-content\/uploads\/almacen-modular-prefabricado-pirineos-80x80.jpg 80w, https:\/\/www.europa-prefabri.com\/wp-content\/uploads\/almacen-modular-prefabricado-pirineos-36x36.jpg 36w, https:\/\/www.europa-prefabri.com\/wp-content\/uploads\/almacen-modular-prefabricado-pirineos-180x180.jpg 180w, https:\/\/www.europa-prefabri.com\/wp-content\/uploads\/almacen-modular-prefabricado-pirineos-120x120.jpg 120w, https:\/\/www.europa-prefabri.com\/wp-content\/uploads\/almacen-modular-prefabricado-pirineos-450x450.jpg 450w\" sizes=\"auto, (max-width: 80px) 100vw, 80px\" \/><\/a>\n\t\t\t<\/dt><\/dl><dl class='gallery-item'>\n\t\t\t<dt class='gallery-icon landscape'>\n\t\t\t\t<a href='https:\/\/www.europa-prefabri.com\/fr\/almacen-modular-prefabricado-pirineos-2\/'><img loading=\"lazy\" decoding=\"async\" width=\"80\" height=\"80\" src=\"https:\/\/www.europa-prefabri.com\/wp-content\/uploads\/almacen-modular-prefabricado-pirineos-2-80x80.jpg\" class=\"attachment-thumbnail size-thumbnail\" alt=\"almacen-modular-prefabricado-pirineos-2\" srcset=\"https:\/\/www.europa-prefabri.com\/wp-content\/uploads\/almacen-modular-prefabricado-pirineos-2-80x80.jpg 80w, https:\/\/www.europa-prefabri.com\/wp-content\/uploads\/almacen-modular-prefabricado-pirineos-2-36x36.jpg 36w, https:\/\/www.europa-prefabri.com\/wp-content\/uploads\/almacen-modular-prefabricado-pirineos-2-180x180.jpg 180w, https:\/\/www.europa-prefabri.com\/wp-content\/uploads\/almacen-modular-prefabricado-pirineos-2-120x120.jpg 120w, https:\/\/www.europa-prefabri.com\/wp-content\/uploads\/almacen-modular-prefabricado-pirineos-2-450x450.jpg 450w\" sizes=\"auto, (max-width: 80px) 100vw, 80px\" \/><\/a>\n\t\t\t<\/dt><\/dl><dl class='gallery-item'>\n\t\t\t<dt class='gallery-icon landscape'>\n\t\t\t\t<a href='https:\/\/www.europa-prefabri.com\/fr\/almacen-modular-prefabricado-pirineos-4\/'><img loading=\"lazy\" decoding=\"async\" width=\"80\" height=\"80\" src=\"https:\/\/www.europa-prefabri.com\/wp-content\/uploads\/almacen-modular-prefabricado-pirineos-4-80x80.jpg\" class=\"attachment-thumbnail size-thumbnail\" alt=\"almacen-modular-prefabricado-pirineos-4\" srcset=\"https:\/\/www.europa-prefabri.com\/wp-content\/uploads\/almacen-modular-prefabricado-pirineos-4-80x80.jpg 80w, https:\/\/www.europa-prefabri.com\/wp-content\/uploads\/almacen-modular-prefabricado-pirineos-4-36x36.jpg 36w, https:\/\/www.europa-prefabri.com\/wp-content\/uploads\/almacen-modular-prefabricado-pirineos-4-180x180.jpg 180w, https:\/\/www.europa-prefabri.com\/wp-content\/uploads\/almacen-modular-prefabricado-pirineos-4-120x120.jpg 120w, https:\/\/www.europa-prefabri.com\/wp-content\/uploads\/almacen-modular-prefabricado-pirineos-4-450x450.jpg 450w\" sizes=\"auto, (max-width: 80px) 100vw, 80px\" \/><\/a>\n\t\t\t<\/dt><\/dl>\n\t\t\t<br style='clear: both' \/>\n\t\t<\/div>\n\n<p>Nous vous pr\u00e9sentons l&#8217;entrep\u00f4t modulaire pr\u00e9fabriqu\u00e9 de ski avec couverture en pente install\u00e9 dans les Pyr\u00e9n\u00e9en aragonais, et plus pr\u00e9cis\u00e9ment dans la station de ski de Cerler, dans la vall\u00e9e de Benasque (Huesca).<\/p>\n<h3><strong>Caract\u00e9ristiques techniques de l&#8217;entrep\u00f4t modulaire pr\u00e9fabriqu\u00e9<\/strong><\/h3>\n<p>Il s&#8217;agit d&#8217;un ensemble modulaire diaphane de dimension 6,00 x 4, 80m.<\/p>\n<p>Ce type de construction modulaire est id\u00e9al pour les lieux \u00e0 climat extr\u00eame \u00e9tant donn\u00e9 leur excellent isolement gr\u00e2ce \u00e0 leurs panneaux de laine de roche de 100mm.<\/p>\n<p>La sous-couverture a \u00e9t\u00e9 fabriqu\u00e9e avec des profils amovibles pour faciliter le transport de celle-ci.<\/p>\n<p>Un autre exemple des usages possibles de nos constructions pr\u00e9fabriqu\u00e9s, celles-ci peuvent \u00eatre install\u00e9es aussi bien \u00e0 la plage comme dans notre pr\u00e9c\u00e9dente annonce, ou en haute montagne aux conditions climatiques extr\u00eames.<\/p>\n<p>&nbsp;<\/p>\n","protected":false},"excerpt":{"rendered":"<p>Nous vous pr\u00e9sentons l&#8217;entrep\u00f4t modulaire pr\u00e9fabriqu\u00e9 de ski avec couverture en pente install\u00e9 dans les Pyr\u00e9n\u00e9en aragonais, et plus pr\u00e9cis\u00e9ment dans la station de ski de Cerler, dans la vall\u00e9e de Benasque (Huesca). Caract\u00e9ristiques techniques de l&#8217;entrep\u00f4t modulaire pr\u00e9fabriqu\u00e9 Il s&#8217;agit d&#8217;un ensemble modulaire diaphane de dimension 6,00 x 4, 80m. Ce type de construction [&hellip;]<\/p>\n","protected":false},"author":4,"featured_media":12622,"comment_status":"closed","ping_status":"closed","sticky":false,"template":"","format":"gallery","meta":{"footnotes":""},"categories":[58],"tags":[157,340,364],"class_list":["post-14368","post","type-post","status-publish","format-gallery","has-post-thumbnail","hentry","category-projets","tag-construction-modulaire-2","tag-module","tag-module-prefabrique","post_format-post-format-gallery"],"yoast_head":"<!-- This site is optimized with the Yoast SEO plugin v27.5 - https:\/\/yoast.com\/product\/yoast-seo-wordpress\/ -->\n<title>Entrep\u00f4t modulaire pr\u00e9fabriqu\u00e9 de ski \u00e0 Benasque, Huesca | Prefabri<\/title>\n<meta name=\"description\" content=\"Nous vous pr\u00e9sentons l&#039;entrep\u00f4t modulaire pr\u00e9fabriqu\u00e9 de ski install\u00e9 dans la station de Cerler, dans la vall\u00e9e de Benasque, Huesca - Europa Prefabri\" \/>\n<meta name=\"robots\" content=\"index, follow, max-snippet:-1, max-image-preview:large, max-video-preview:-1\" \/>\n<link rel=\"canonical\" href=\"https:\/\/www.europa-prefabri.com\/fr\/entrepot-modulaire-prefabrique-de-ski\/\" \/>\n<meta property=\"og:locale\" content=\"fr_FR\" \/>\n<meta property=\"og:type\" content=\"article\" \/>\n<meta property=\"og:title\" content=\"Entrep\u00f4t modulaire pr\u00e9fabriqu\u00e9 de ski \u00e0 Benasque, Huesca | Prefabri\" \/>\n<meta property=\"og:description\" content=\"Nous vous pr\u00e9sentons l&#039;entrep\u00f4t modulaire pr\u00e9fabriqu\u00e9 de ski install\u00e9 dans la station de Cerler, dans la vall\u00e9e de Benasque, Huesca - Europa Prefabri\" \/>\n<meta property=\"og:url\" content=\"https:\/\/www.europa-prefabri.com\/fr\/entrepot-modulaire-prefabrique-de-ski\/\" \/>\n<meta property=\"og:site_name\" content=\"Europa Prefabri | Alquiler y venta de construcciones modulares\" \/>\n<meta property=\"article:publisher\" content=\"https:\/\/www.facebook.com\/Europa-Prefabri-258328977572213\/\" \/>\n<meta property=\"article:published_time\" content=\"2016-12-07T12:47:43+00:00\" \/>\n<meta property=\"article:modified_time\" content=\"2017-03-09T11:07:47+00:00\" \/>\n<meta property=\"og:image\" content=\"https:\/\/www.europa-prefabri.com\/wp-content\/uploads\/almacen-modular-prefabricado-pirineos-300X225.jpg\" \/>\n\t<meta property=\"og:image:width\" content=\"300\" \/>\n\t<meta property=\"og:image:height\" content=\"225\" \/>\n\t<meta property=\"og:image:type\" content=\"image\/jpeg\" \/>\n<meta name=\"author\" content=\"admin\" \/>\n<meta name=\"twitter:card\" content=\"summary_large_image\" \/>\n<meta name=\"twitter:creator\" content=\"@EuropaPrefabri\" \/>\n<meta name=\"twitter:site\" content=\"@EuropaPrefabri\" \/>\n<meta name=\"twitter:label1\" content=\"Written by\" \/>\n\t<meta name=\"twitter:data1\" content=\"admin\" \/>\n\t<meta name=\"twitter:label2\" content=\"Est. reading time\" \/>\n\t<meta name=\"twitter:data2\" content=\"1 minute\" \/>\n<script type=\"application\/ld+json\" class=\"yoast-schema-graph\">{\"@context\":\"https:\\\/\\\/schema.org\",\"@graph\":[{\"@type\":\"Article\",\"@id\":\"https:\\\/\\\/www.europa-prefabri.com\\\/fr\\\/entrepot-modulaire-prefabrique-de-ski\\\/#article\",\"isPartOf\":{\"@id\":\"https:\\\/\\\/www.europa-prefabri.com\\\/fr\\\/entrepot-modulaire-prefabrique-de-ski\\\/\"},\"author\":{\"name\":\"admin\",\"@id\":\"https:\\\/\\\/www.europa-prefabri.com\\\/#\\\/schema\\\/person\\\/2ab6be5821a7026cd8f16d2a9411e86e\"},\"headline\":\"Entrep\u00f4t modulaire de ski \u00e0 Benasque, Huesca | Prefabri\",\"datePublished\":\"2016-12-07T12:47:43+00:00\",\"dateModified\":\"2017-03-09T11:07:47+00:00\",\"mainEntityOfPage\":{\"@id\":\"https:\\\/\\\/www.europa-prefabri.com\\\/fr\\\/entrepot-modulaire-prefabrique-de-ski\\\/\"},\"wordCount\":154,\"publisher\":{\"@id\":\"https:\\\/\\\/www.europa-prefabri.com\\\/#organization\"},\"image\":{\"@id\":\"https:\\\/\\\/www.europa-prefabri.com\\\/fr\\\/entrepot-modulaire-prefabrique-de-ski\\\/#primaryimage\"},\"thumbnailUrl\":\"https:\\\/\\\/www.europa-prefabri.com\\\/wp-content\\\/uploads\\\/almacen-modular-prefabricado-pirineos-300X225.jpg\",\"keywords\":[\"construction modulaire\",\"module\",\"module pr\u00e9fabriqu\u00e9\"],\"articleSection\":[\"Projets\"],\"inLanguage\":\"fr-FR\"},{\"@type\":\"WebPage\",\"@id\":\"https:\\\/\\\/www.europa-prefabri.com\\\/fr\\\/entrepot-modulaire-prefabrique-de-ski\\\/\",\"url\":\"https:\\\/\\\/www.europa-prefabri.com\\\/fr\\\/entrepot-modulaire-prefabrique-de-ski\\\/\",\"name\":\"Entrep\u00f4t modulaire pr\u00e9fabriqu\u00e9 de ski \u00e0 Benasque, Huesca | Prefabri\",\"isPartOf\":{\"@id\":\"https:\\\/\\\/www.europa-prefabri.com\\\/#website\"},\"primaryImageOfPage\":{\"@id\":\"https:\\\/\\\/www.europa-prefabri.com\\\/fr\\\/entrepot-modulaire-prefabrique-de-ski\\\/#primaryimage\"},\"image\":{\"@id\":\"https:\\\/\\\/www.europa-prefabri.com\\\/fr\\\/entrepot-modulaire-prefabrique-de-ski\\\/#primaryimage\"},\"thumbnailUrl\":\"https:\\\/\\\/www.europa-prefabri.com\\\/wp-content\\\/uploads\\\/almacen-modular-prefabricado-pirineos-300X225.jpg\",\"datePublished\":\"2016-12-07T12:47:43+00:00\",\"dateModified\":\"2017-03-09T11:07:47+00:00\",\"description\":\"Nous vous pr\u00e9sentons l'entrep\u00f4t modulaire pr\u00e9fabriqu\u00e9 de ski install\u00e9 dans la station de Cerler, dans la vall\u00e9e de Benasque, Huesca - Europa Prefabri\",\"breadcrumb\":{\"@id\":\"https:\\\/\\\/www.europa-prefabri.com\\\/fr\\\/entrepot-modulaire-prefabrique-de-ski\\\/#breadcrumb\"},\"inLanguage\":\"fr-FR\",\"potentialAction\":[{\"@type\":\"ReadAction\",\"target\":[\"https:\\\/\\\/www.europa-prefabri.com\\\/fr\\\/entrepot-modulaire-prefabrique-de-ski\\\/\"]}]},{\"@type\":\"ImageObject\",\"inLanguage\":\"fr-FR\",\"@id\":\"https:\\\/\\\/www.europa-prefabri.com\\\/fr\\\/entrepot-modulaire-prefabrique-de-ski\\\/#primaryimage\",\"url\":\"https:\\\/\\\/www.europa-prefabri.com\\\/wp-content\\\/uploads\\\/almacen-modular-prefabricado-pirineos-300X225.jpg\",\"contentUrl\":\"https:\\\/\\\/www.europa-prefabri.com\\\/wp-content\\\/uploads\\\/almacen-modular-prefabricado-pirineos-300X225.jpg\",\"width\":300,\"height\":225,\"caption\":\"Entrep\u00f4t modulaire pr\u00e9fabriqu\u00e9 de ski\"},{\"@type\":\"BreadcrumbList\",\"@id\":\"https:\\\/\\\/www.europa-prefabri.com\\\/fr\\\/entrepot-modulaire-prefabrique-de-ski\\\/#breadcrumb\",\"itemListElement\":[{\"@type\":\"ListItem\",\"position\":1,\"name\":\"Portada\",\"item\":\"https:\\\/\\\/www.europa-prefabri.com\\\/fr\\\/\"},{\"@type\":\"ListItem\",\"position\":2,\"name\":\"Entrep\u00f4t modulaire de ski \u00e0 Benasque, Huesca | Prefabri\"}]},{\"@type\":\"WebSite\",\"@id\":\"https:\\\/\\\/www.europa-prefabri.com\\\/#website\",\"url\":\"https:\\\/\\\/www.europa-prefabri.com\\\/\",\"name\":\"Europa Prefabri | Alquiler y venta de construcciones modulares\",\"description\":\"Alquiler y venta de construcciones modulares, casetas de obra, marquesinas de aparcamiento y vallas y cerramientos.\",\"publisher\":{\"@id\":\"https:\\\/\\\/www.europa-prefabri.com\\\/#organization\"},\"potentialAction\":[{\"@type\":\"SearchAction\",\"target\":{\"@type\":\"EntryPoint\",\"urlTemplate\":\"https:\\\/\\\/www.europa-prefabri.com\\\/?s={search_term_string}\"},\"query-input\":{\"@type\":\"PropertyValueSpecification\",\"valueRequired\":true,\"valueName\":\"search_term_string\"}}],\"inLanguage\":\"fr-FR\"},{\"@type\":\"Organization\",\"@id\":\"https:\\\/\\\/www.europa-prefabri.com\\\/#organization\",\"name\":\"Prefabri S.L.\",\"url\":\"https:\\\/\\\/www.europa-prefabri.com\\\/\",\"logo\":{\"@type\":\"ImageObject\",\"inLanguage\":\"fr-FR\",\"@id\":\"https:\\\/\\\/www.europa-prefabri.com\\\/#\\\/schema\\\/logo\\\/image\\\/\",\"url\":\"https:\\\/\\\/www.europa-prefabri.com\\\/wp-content\\\/uploads\\\/EuropaPrefabri-Logo.jpg\",\"contentUrl\":\"https:\\\/\\\/www.europa-prefabri.com\\\/wp-content\\\/uploads\\\/EuropaPrefabri-Logo.jpg\",\"width\":752,\"height\":348,\"caption\":\"Prefabri S.L.\"},\"image\":{\"@id\":\"https:\\\/\\\/www.europa-prefabri.com\\\/#\\\/schema\\\/logo\\\/image\\\/\"},\"sameAs\":[\"https:\\\/\\\/www.facebook.com\\\/Europa-Prefabri-258328977572213\\\/\",\"https:\\\/\\\/x.com\\\/EuropaPrefabri\",\"https:\\\/\\\/www.instagram.com\\\/europaprefabri\\\/\",\"https:\\\/\\\/es.linkedin.com\\\/company\\\/europa-prefabri\",\"https:\\\/\\\/es.pinterest.com\\\/europaprefabri\\\/\",\"https:\\\/\\\/www.youtube.com\\\/user\\\/PrefabriSL\"]},{\"@type\":\"Person\",\"@id\":\"https:\\\/\\\/www.europa-prefabri.com\\\/#\\\/schema\\\/person\\\/2ab6be5821a7026cd8f16d2a9411e86e\",\"name\":\"admin\",\"image\":{\"@type\":\"ImageObject\",\"inLanguage\":\"fr-FR\",\"@id\":\"https:\\\/\\\/secure.gravatar.com\\\/avatar\\\/dc55d3f4b941a1510eef2620b2c166513788bd88ef72341333b6d0a859bacd3c?s=96&d=mm&r=g\",\"url\":\"https:\\\/\\\/secure.gravatar.com\\\/avatar\\\/dc55d3f4b941a1510eef2620b2c166513788bd88ef72341333b6d0a859bacd3c?s=96&d=mm&r=g\",\"contentUrl\":\"https:\\\/\\\/secure.gravatar.com\\\/avatar\\\/dc55d3f4b941a1510eef2620b2c166513788bd88ef72341333b6d0a859bacd3c?s=96&d=mm&r=g\",\"caption\":\"admin\"},\"sameAs\":[\"https:\\\/\\\/www.europa-prefabri.com\",\"https:\\\/\\\/x.com\\\/@EuropaPrefabri\"]}]}<\/script>\n<!-- \/ Yoast SEO plugin. -->","yoast_head_json":{"title":"Entrep\u00f4t modulaire pr\u00e9fabriqu\u00e9 de ski \u00e0 Benasque, Huesca | Prefabri","description":"Nous vous pr\u00e9sentons l'entrep\u00f4t modulaire pr\u00e9fabriqu\u00e9 de ski install\u00e9 dans la station de Cerler, dans la vall\u00e9e de Benasque, Huesca - Europa Prefabri","robots":{"index":"index","follow":"follow","max-snippet":"max-snippet:-1","max-image-preview":"max-image-preview:large","max-video-preview":"max-video-preview:-1"},"canonical":"https:\/\/www.europa-prefabri.com\/fr\/entrepot-modulaire-prefabrique-de-ski\/","og_locale":"fr_FR","og_type":"article","og_title":"Entrep\u00f4t modulaire pr\u00e9fabriqu\u00e9 de ski \u00e0 Benasque, Huesca | Prefabri","og_description":"Nous vous pr\u00e9sentons l'entrep\u00f4t modulaire pr\u00e9fabriqu\u00e9 de ski install\u00e9 dans la station de Cerler, dans la vall\u00e9e de Benasque, Huesca - Europa Prefabri","og_url":"https:\/\/www.europa-prefabri.com\/fr\/entrepot-modulaire-prefabrique-de-ski\/","og_site_name":"Europa Prefabri | Alquiler y venta de construcciones modulares","article_publisher":"https:\/\/www.facebook.com\/Europa-Prefabri-258328977572213\/","article_published_time":"2016-12-07T12:47:43+00:00","article_modified_time":"2017-03-09T11:07:47+00:00","og_image":[{"width":300,"height":225,"url":"https:\/\/www.europa-prefabri.com\/wp-content\/uploads\/almacen-modular-prefabricado-pirineos-300X225.jpg","type":"image\/jpeg"}],"author":"admin","twitter_card":"summary_large_image","twitter_creator":"@EuropaPrefabri","twitter_site":"@EuropaPrefabri","twitter_misc":{"Written by":"admin","Est. reading time":"1 minute"},"schema":{"@context":"https:\/\/schema.org","@graph":[{"@type":"Article","@id":"https:\/\/www.europa-prefabri.com\/fr\/entrepot-modulaire-prefabrique-de-ski\/#article","isPartOf":{"@id":"https:\/\/www.europa-prefabri.com\/fr\/entrepot-modulaire-prefabrique-de-ski\/"},"author":{"name":"admin","@id":"https:\/\/www.europa-prefabri.com\/#\/schema\/person\/2ab6be5821a7026cd8f16d2a9411e86e"},"headline":"Entrep\u00f4t modulaire de ski \u00e0 Benasque, Huesca | Prefabri","datePublished":"2016-12-07T12:47:43+00:00","dateModified":"2017-03-09T11:07:47+00:00","mainEntityOfPage":{"@id":"https:\/\/www.europa-prefabri.com\/fr\/entrepot-modulaire-prefabrique-de-ski\/"},"wordCount":154,"publisher":{"@id":"https:\/\/www.europa-prefabri.com\/#organization"},"image":{"@id":"https:\/\/www.europa-prefabri.com\/fr\/entrepot-modulaire-prefabrique-de-ski\/#primaryimage"},"thumbnailUrl":"https:\/\/www.europa-prefabri.com\/wp-content\/uploads\/almacen-modular-prefabricado-pirineos-300X225.jpg","keywords":["construction modulaire","module","module pr\u00e9fabriqu\u00e9"],"articleSection":["Projets"],"inLanguage":"fr-FR"},{"@type":"WebPage","@id":"https:\/\/www.europa-prefabri.com\/fr\/entrepot-modulaire-prefabrique-de-ski\/","url":"https:\/\/www.europa-prefabri.com\/fr\/entrepot-modulaire-prefabrique-de-ski\/","name":"Entrep\u00f4t modulaire pr\u00e9fabriqu\u00e9 de ski \u00e0 Benasque, Huesca | Prefabri","isPartOf":{"@id":"https:\/\/www.europa-prefabri.com\/#website"},"primaryImageOfPage":{"@id":"https:\/\/www.europa-prefabri.com\/fr\/entrepot-modulaire-prefabrique-de-ski\/#primaryimage"},"image":{"@id":"https:\/\/www.europa-prefabri.com\/fr\/entrepot-modulaire-prefabrique-de-ski\/#primaryimage"},"thumbnailUrl":"https:\/\/www.europa-prefabri.com\/wp-content\/uploads\/almacen-modular-prefabricado-pirineos-300X225.jpg","datePublished":"2016-12-07T12:47:43+00:00","dateModified":"2017-03-09T11:07:47+00:00","description":"Nous vous pr\u00e9sentons l'entrep\u00f4t modulaire pr\u00e9fabriqu\u00e9 de ski install\u00e9 dans la station de Cerler, dans la vall\u00e9e de Benasque, Huesca - Europa Prefabri","breadcrumb":{"@id":"https:\/\/www.europa-prefabri.com\/fr\/entrepot-modulaire-prefabrique-de-ski\/#breadcrumb"},"inLanguage":"fr-FR","potentialAction":[{"@type":"ReadAction","target":["https:\/\/www.europa-prefabri.com\/fr\/entrepot-modulaire-prefabrique-de-ski\/"]}]},{"@type":"ImageObject","inLanguage":"fr-FR","@id":"https:\/\/www.europa-prefabri.com\/fr\/entrepot-modulaire-prefabrique-de-ski\/#primaryimage","url":"https:\/\/www.europa-prefabri.com\/wp-content\/uploads\/almacen-modular-prefabricado-pirineos-300X225.jpg","contentUrl":"https:\/\/www.europa-prefabri.com\/wp-content\/uploads\/almacen-modular-prefabricado-pirineos-300X225.jpg","width":300,"height":225,"caption":"Entrep\u00f4t modulaire pr\u00e9fabriqu\u00e9 de ski"},{"@type":"BreadcrumbList","@id":"https:\/\/www.europa-prefabri.com\/fr\/entrepot-modulaire-prefabrique-de-ski\/#breadcrumb","itemListElement":[{"@type":"ListItem","position":1,"name":"Portada","item":"https:\/\/www.europa-prefabri.com\/fr\/"},{"@type":"ListItem","position":2,"name":"Entrep\u00f4t modulaire de ski \u00e0 Benasque, Huesca | Prefabri"}]},{"@type":"WebSite","@id":"https:\/\/www.europa-prefabri.com\/#website","url":"https:\/\/www.europa-prefabri.com\/","name":"Europa Prefabri | Alquiler y venta de construcciones modulares","description":"Alquiler y venta de construcciones modulares, casetas de obra, marquesinas de aparcamiento y vallas y cerramientos.","publisher":{"@id":"https:\/\/www.europa-prefabri.com\/#organization"},"potentialAction":[{"@type":"SearchAction","target":{"@type":"EntryPoint","urlTemplate":"https:\/\/www.europa-prefabri.com\/?s={search_term_string}"},"query-input":{"@type":"PropertyValueSpecification","valueRequired":true,"valueName":"search_term_string"}}],"inLanguage":"fr-FR"},{"@type":"Organization","@id":"https:\/\/www.europa-prefabri.com\/#organization","name":"Prefabri S.L.","url":"https:\/\/www.europa-prefabri.com\/","logo":{"@type":"ImageObject","inLanguage":"fr-FR","@id":"https:\/\/www.europa-prefabri.com\/#\/schema\/logo\/image\/","url":"https:\/\/www.europa-prefabri.com\/wp-content\/uploads\/EuropaPrefabri-Logo.jpg","contentUrl":"https:\/\/www.europa-prefabri.com\/wp-content\/uploads\/EuropaPrefabri-Logo.jpg","width":752,"height":348,"caption":"Prefabri S.L."},"image":{"@id":"https:\/\/www.europa-prefabri.com\/#\/schema\/logo\/image\/"},"sameAs":["https:\/\/www.facebook.com\/Europa-Prefabri-258328977572213\/","https:\/\/x.com\/EuropaPrefabri","https:\/\/www.instagram.com\/europaprefabri\/","https:\/\/es.linkedin.com\/company\/europa-prefabri","https:\/\/es.pinterest.com\/europaprefabri\/","https:\/\/www.youtube.com\/user\/PrefabriSL"]},{"@type":"Person","@id":"https:\/\/www.europa-prefabri.com\/#\/schema\/person\/2ab6be5821a7026cd8f16d2a9411e86e","name":"admin","image":{"@type":"ImageObject","inLanguage":"fr-FR","@id":"https:\/\/secure.gravatar.com\/avatar\/dc55d3f4b941a1510eef2620b2c166513788bd88ef72341333b6d0a859bacd3c?s=96&d=mm&r=g","url":"https:\/\/secure.gravatar.com\/avatar\/dc55d3f4b941a1510eef2620b2c166513788bd88ef72341333b6d0a859bacd3c?s=96&d=mm&r=g","contentUrl":"https:\/\/secure.gravatar.com\/avatar\/dc55d3f4b941a1510eef2620b2c166513788bd88ef72341333b6d0a859bacd3c?s=96&d=mm&r=g","caption":"admin"},"sameAs":["https:\/\/www.europa-prefabri.com","https:\/\/x.com\/@EuropaPrefabri"]}]}},"_links":{"self":[{"href":"https:\/\/www.europa-prefabri.com\/fr\/wp-json\/wp\/v2\/posts\/14368","targetHints":{"allow":["GET"]}}],"collection":[{"href":"https:\/\/www.europa-prefabri.com\/fr\/wp-json\/wp\/v2\/posts"}],"about":[{"href":"https:\/\/www.europa-prefabri.com\/fr\/wp-json\/wp\/v2\/types\/post"}],"author":[{"embeddable":true,"href":"https:\/\/www.europa-prefabri.com\/fr\/wp-json\/wp\/v2\/users\/4"}],"replies":[{"embeddable":true,"href":"https:\/\/www.europa-prefabri.com\/fr\/wp-json\/wp\/v2\/comments?post=14368"}],"version-history":[{"count":0,"href":"https:\/\/www.europa-prefabri.com\/fr\/wp-json\/wp\/v2\/posts\/14368\/revisions"}],"wp:featuredmedia":[{"embeddable":true,"href":"https:\/\/www.europa-prefabri.com\/fr\/wp-json\/wp\/v2\/media\/12622"}],"wp:attachment":[{"href":"https:\/\/www.europa-prefabri.com\/fr\/wp-json\/wp\/v2\/media?parent=14368"}],"wp:term":[{"taxonomy":"category","embeddable":true,"href":"https:\/\/www.europa-prefabri.com\/fr\/wp-json\/wp\/v2\/categories?post=14368"},{"taxonomy":"post_tag","embeddable":true,"href":"https:\/\/www.europa-prefabri.com\/fr\/wp-json\/wp\/v2\/tags?post=14368"}],"curies":[{"name":"wp","href":"https:\/\/api.w.org\/{rel}","templated":true}]}}