{"id":14360,"date":"2017-01-03T12:34:27","date_gmt":"2017-01-03T12:34:27","guid":{"rendered":"http:\/\/www.europa-prefabri.com\/fr\/?p=14360"},"modified":"2017-03-09T11:44:22","modified_gmt":"2017-03-09T11:44:22","slug":"logements-prefabriques-a-panama","status":"publish","type":"post","link":"https:\/\/www.europa-prefabri.com\/fr\/logements-prefabriques-a-panama\/","title":{"rendered":"Logements pr\u00e9fabriqu\u00e9s \u00e0 Panama | Prefabri Steel"},"content":{"rendered":"\n\t\t<style type=\"text\/css\">\n\t\t\t#gallery-1 {\n\t\t\t\tmargin: auto;\n\t\t\t}\n\t\t\t#gallery-1 .gallery-item {\n\t\t\t\tfloat: left;\n\t\t\t\tmargin-top: 10px;\n\t\t\t\ttext-align: center;\n\t\t\t\twidth: 11%;\n\t\t\t}\n\t\t\t#gallery-1 img {\n\t\t\t\tborder: 2px solid #cfcfcf;\n\t\t\t}\n\t\t\t#gallery-1 .gallery-caption {\n\t\t\t\tmargin-left: 0;\n\t\t\t}\n\t\t\t\/* see gallery_shortcode() in wp-includes\/media.php *\/\n\t\t<\/style>\n\t\t<div id='gallery-1' class='gallery galleryid-14360 gallery-columns-9 gallery-size-thumbnail'><dl class='gallery-item'>\n\t\t\t<dt class='gallery-icon landscape'>\n\t\t\t\t<a href='https:\/\/www.europa-prefabri.com\/fr\/viviendas-industrializadas-panama5\/'><img loading=\"lazy\" decoding=\"async\" width=\"80\" height=\"80\" src=\"https:\/\/www.europa-prefabri.com\/wp-content\/uploads\/viviendas-industrializadas-panama5-80x80.png\" class=\"attachment-thumbnail size-thumbnail\" alt=\"viviendas-industrializadas-panama5\" srcset=\"https:\/\/www.europa-prefabri.com\/wp-content\/uploads\/viviendas-industrializadas-panama5-80x80.png 80w, https:\/\/www.europa-prefabri.com\/wp-content\/uploads\/viviendas-industrializadas-panama5-36x36.png 36w, https:\/\/www.europa-prefabri.com\/wp-content\/uploads\/viviendas-industrializadas-panama5-180x180.png 180w, https:\/\/www.europa-prefabri.com\/wp-content\/uploads\/viviendas-industrializadas-panama5-120x120.png 120w, https:\/\/www.europa-prefabri.com\/wp-content\/uploads\/viviendas-industrializadas-panama5-450x450.png 450w\" sizes=\"auto, (max-width: 80px) 100vw, 80px\" \/><\/a>\n\t\t\t<\/dt><\/dl><dl class='gallery-item'>\n\t\t\t<dt class='gallery-icon landscape'>\n\t\t\t\t<a href='https:\/\/www.europa-prefabri.com\/fr\/viviendas-industrializadas-panama4\/'><img loading=\"lazy\" decoding=\"async\" width=\"80\" height=\"80\" src=\"https:\/\/www.europa-prefabri.com\/wp-content\/uploads\/viviendas-industrializadas-panama4-80x80.png\" class=\"attachment-thumbnail size-thumbnail\" alt=\"viviendas-industrializadas-panama4\" srcset=\"https:\/\/www.europa-prefabri.com\/wp-content\/uploads\/viviendas-industrializadas-panama4-80x80.png 80w, https:\/\/www.europa-prefabri.com\/wp-content\/uploads\/viviendas-industrializadas-panama4-36x36.png 36w, https:\/\/www.europa-prefabri.com\/wp-content\/uploads\/viviendas-industrializadas-panama4-180x180.png 180w, https:\/\/www.europa-prefabri.com\/wp-content\/uploads\/viviendas-industrializadas-panama4-120x120.png 120w, https:\/\/www.europa-prefabri.com\/wp-content\/uploads\/viviendas-industrializadas-panama4-450x450.png 450w\" sizes=\"auto, (max-width: 80px) 100vw, 80px\" \/><\/a>\n\t\t\t<\/dt><\/dl><dl class='gallery-item'>\n\t\t\t<dt class='gallery-icon landscape'>\n\t\t\t\t<a href='https:\/\/www.europa-prefabri.com\/fr\/viviendas-industrializadas-panama3\/'><img loading=\"lazy\" decoding=\"async\" width=\"80\" height=\"80\" src=\"https:\/\/www.europa-prefabri.com\/wp-content\/uploads\/viviendas-industrializadas-panama3-80x80.png\" class=\"attachment-thumbnail size-thumbnail\" alt=\"viviendas-industrializadas-panama3\" srcset=\"https:\/\/www.europa-prefabri.com\/wp-content\/uploads\/viviendas-industrializadas-panama3-80x80.png 80w, https:\/\/www.europa-prefabri.com\/wp-content\/uploads\/viviendas-industrializadas-panama3-36x36.png 36w, https:\/\/www.europa-prefabri.com\/wp-content\/uploads\/viviendas-industrializadas-panama3-180x180.png 180w, https:\/\/www.europa-prefabri.com\/wp-content\/uploads\/viviendas-industrializadas-panama3-120x120.png 120w, https:\/\/www.europa-prefabri.com\/wp-content\/uploads\/viviendas-industrializadas-panama3-450x450.png 450w\" sizes=\"auto, (max-width: 80px) 100vw, 80px\" \/><\/a>\n\t\t\t<\/dt><\/dl><dl class='gallery-item'>\n\t\t\t<dt class='gallery-icon landscape'>\n\t\t\t\t<a href='https:\/\/www.europa-prefabri.com\/fr\/viviendas-industrializadas-panama2\/'><img loading=\"lazy\" decoding=\"async\" width=\"80\" height=\"80\" src=\"https:\/\/www.europa-prefabri.com\/wp-content\/uploads\/viviendas-industrializadas-panama2-80x80.png\" class=\"attachment-thumbnail size-thumbnail\" alt=\"viviendas-industrializadas-panama2\" srcset=\"https:\/\/www.europa-prefabri.com\/wp-content\/uploads\/viviendas-industrializadas-panama2-80x80.png 80w, https:\/\/www.europa-prefabri.com\/wp-content\/uploads\/viviendas-industrializadas-panama2-36x36.png 36w, https:\/\/www.europa-prefabri.com\/wp-content\/uploads\/viviendas-industrializadas-panama2-180x180.png 180w, https:\/\/www.europa-prefabri.com\/wp-content\/uploads\/viviendas-industrializadas-panama2-120x120.png 120w, https:\/\/www.europa-prefabri.com\/wp-content\/uploads\/viviendas-industrializadas-panama2-450x450.png 450w\" sizes=\"auto, (max-width: 80px) 100vw, 80px\" \/><\/a>\n\t\t\t<\/dt><\/dl>\n\t\t\t<br style='clear: both' \/>\n\t\t<\/div>\n\n<h1>\u00a0Logements pr\u00e9fabriqu\u00e9s r\u00e9alis\u00e9s avec le syst\u00e8me de construction \u201cSteel Frame Light Concrete Plus\u201d<\/h1>\n<p>Prefabri Steel continue de miser fort sur son rayonnement international avec la construction de logements pr\u00e9fabriqu\u00e9s, nous vous pr\u00e9sentons ici la r\u00e9alisation d&#8217;un nouveau projet en Am\u00e9rique Latine.<\/p>\n<p>La construction modulaire est plus respectueuse de l&#8217;environnement, plus efficace et plus \u00e9conomique que la construction traditionnelle. Si vous voulez en savoir plus, consultez les <strong><u>avantages de la construction industrialis\u00e9e.<\/u><\/strong><\/p>\n<p>Notre dernier travail r\u00e9alis\u00e9 a \u00e9t\u00e9 le montage du premier logement industrialis\u00e9 \u00e0 La Chorrera, zone r\u00e9sidentielle pr\u00e8s de Panam\u00e1 City,\u00a0 (R\u00e9publique de Panama).<\/p>\n<p>Nous l&#8217;avons r\u00e9alis\u00e9 gr\u00e2ce au Syst\u00e8me de Construction Panel 1\u00a0 \u201c<a href=\"http:\/\/prefabri-steel.com\/portfolio-item\/steel-frame-and-light-concrete-plus\/\" class=\"broken_link\">Steel Frame Light Concrete Plus<\/a>\u201d.<\/p>\n<p>Ce syst\u00e8me est homologu\u00e9 par le Bureau Technique de l&#8217;Ing\u00e9nierie et de l&#8217;Architecture (JTIA) du minist\u00e8re des travaux publics du gouvernement du Panama depuis 2013.<\/p>\n<p>Le montage structurel du logement a \u00e9t\u00e9 r\u00e9alis\u00e9 en deux jours.<\/p>\n<ul>\n<li>Le premier jour, tous les panneaux sandwichs industrialis\u00e9s r\u00e9alis\u00e9s en b\u00e9ton l\u00e9ger \u00e0 l&#8217;aide de polystyr\u00e8ne ont \u00e9t\u00e9 install\u00e9s<\/li>\n<li>Le second jour, le montage de poutre, courroie et couverture a \u00e9t\u00e9 effectu\u00e9<\/li>\n<li>Le logement a \u00e9t\u00e9 compl\u00e8tement mont\u00e9 au bout de 7 jours.<\/li>\n<\/ul>\n<h2>La promotion de logements pr\u00e9frabriqu\u00e9s<\/h2>\n<p>225 logements ont \u00e9t\u00e9 install\u00e9s, chacun avec les caract\u00e9ristiques ci-dessous\u00a0:<\/p>\n<ul>\n<li>Une superficie de 72 m\u00e8tres carr\u00e9s<\/li>\n<li>3 dortoirs ou chambres<\/li>\n<li>2 salles de bains compl\u00e8tes<\/li>\n<li>Cuisine, salle de s\u00e9jour et salle \u00e0 manger<\/li>\n<li>Buanderie ext\u00e9rieur<\/li>\n<li>Stationnement couvert pour deux voitures<\/li>\n<li>Et tous livr\u00e9 en lots ou parcelles de 200 m\u00e8tres carr\u00e9s<\/li>\n<\/ul>\n<h2>La r\u00e9alisation du montage du logement pr\u00e9fabriqu\u00e9<\/h2>\n<p>Le montage a \u00e9t\u00e9 r\u00e9alis\u00e9 par le personnel panam\u00e9en, supervis\u00e9 par un architecte envoy\u00e9 par Prefabri Steel pour collaborer et coordonner les travaux avec nos clients, qui ont d\u00e9j\u00e0 pr\u00e9par\u00e9 les dalles de fondation avant l&#8217;arriv\u00e9e des panneaux et\u00a0 des \u00e9l\u00e9ments de construction industrialis\u00e9 de Prefabri Steel.<\/p>\n","protected":false},"excerpt":{"rendered":"<p>\u00a0Logements pr\u00e9fabriqu\u00e9s r\u00e9alis\u00e9s avec le syst\u00e8me de construction \u201cSteel Frame Light Concrete Plus\u201d Prefabri Steel continue de miser fort sur son rayonnement international avec la construction de logements pr\u00e9fabriqu\u00e9s, nous vous pr\u00e9sentons ici la r\u00e9alisation d&#8217;un nouveau projet en Am\u00e9rique Latine. La construction modulaire est plus respectueuse de l&#8217;environnement, plus efficace et plus \u00e9conomique que [&hellip;]<\/p>\n","protected":false},"author":4,"featured_media":13385,"comment_status":"closed","ping_status":"closed","sticky":false,"template":"","format":"gallery","meta":{"footnotes":""},"categories":[58],"tags":[104,346,157,367,340],"class_list":["post-14360","post","type-post","status-publish","format-gallery","has-post-thumbnail","hentry","category-projets","tag-batiment-modulaire","tag-batiment-prefabrique","tag-construction-modulaire-2","tag-logements-prefabriques","tag-module","post_format-post-format-gallery"],"yoast_head":"<!-- This site is optimized with the Yoast SEO plugin v27.5 - https:\/\/yoast.com\/product\/yoast-seo-wordpress\/ -->\n<title>Logements pr\u00e9fabriqu\u00e9s \u00e0 Panama | Prefabri Steel<\/title>\n<meta name=\"description\" content=\"Prefabri Steel continue de miser fort sur son rayonnement international avec la construction de logements pr\u00e9fabriqu\u00e9s \u00e0 Panama\" \/>\n<meta name=\"robots\" content=\"index, follow, max-snippet:-1, max-image-preview:large, max-video-preview:-1\" \/>\n<link rel=\"canonical\" href=\"https:\/\/www.europa-prefabri.com\/fr\/logements-prefabriques-a-panama\/\" \/>\n<meta property=\"og:locale\" content=\"fr_FR\" \/>\n<meta property=\"og:type\" content=\"article\" \/>\n<meta property=\"og:title\" content=\"Logements pr\u00e9fabriqu\u00e9s \u00e0 Panama | Prefabri Steel\" \/>\n<meta property=\"og:description\" content=\"Prefabri Steel continue de miser fort sur son rayonnement international avec la construction de logements pr\u00e9fabriqu\u00e9s \u00e0 Panama\" \/>\n<meta property=\"og:url\" content=\"https:\/\/www.europa-prefabri.com\/fr\/logements-prefabriques-a-panama\/\" \/>\n<meta property=\"og:site_name\" content=\"Europa Prefabri | Alquiler y venta de construcciones modulares\" \/>\n<meta property=\"article:publisher\" content=\"https:\/\/www.facebook.com\/Europa-Prefabri-258328977572213\/\" \/>\n<meta property=\"article:published_time\" content=\"2017-01-03T12:34:27+00:00\" \/>\n<meta property=\"article:modified_time\" content=\"2017-03-09T11:44:22+00:00\" \/>\n<meta property=\"og:image\" content=\"https:\/\/www.europa-prefabri.com\/wp-content\/uploads\/viviendas-industrializadas-panama-prefabri-steel.png\" \/>\n\t<meta property=\"og:image:width\" content=\"800\" \/>\n\t<meta property=\"og:image:height\" content=\"600\" \/>\n\t<meta property=\"og:image:type\" content=\"image\/png\" \/>\n<meta name=\"author\" content=\"admin\" \/>\n<meta name=\"twitter:card\" content=\"summary_large_image\" \/>\n<meta name=\"twitter:creator\" content=\"@EuropaPrefabri\" \/>\n<meta name=\"twitter:site\" content=\"@EuropaPrefabri\" \/>\n<meta name=\"twitter:label1\" content=\"Written by\" \/>\n\t<meta name=\"twitter:data1\" content=\"admin\" \/>\n\t<meta name=\"twitter:label2\" content=\"Est. reading time\" \/>\n\t<meta name=\"twitter:data2\" content=\"2 minutes\" \/>\n<script type=\"application\/ld+json\" class=\"yoast-schema-graph\">{\"@context\":\"https:\\\/\\\/schema.org\",\"@graph\":[{\"@type\":\"Article\",\"@id\":\"https:\\\/\\\/www.europa-prefabri.com\\\/fr\\\/logements-prefabriques-a-panama\\\/#article\",\"isPartOf\":{\"@id\":\"https:\\\/\\\/www.europa-prefabri.com\\\/fr\\\/logements-prefabriques-a-panama\\\/\"},\"author\":{\"name\":\"admin\",\"@id\":\"https:\\\/\\\/www.europa-prefabri.com\\\/#\\\/schema\\\/person\\\/2ab6be5821a7026cd8f16d2a9411e86e\"},\"headline\":\"Logements pr\u00e9fabriqu\u00e9s \u00e0 Panama | Prefabri Steel\",\"datePublished\":\"2017-01-03T12:34:27+00:00\",\"dateModified\":\"2017-03-09T11:44:22+00:00\",\"mainEntityOfPage\":{\"@id\":\"https:\\\/\\\/www.europa-prefabri.com\\\/fr\\\/logements-prefabriques-a-panama\\\/\"},\"wordCount\":347,\"publisher\":{\"@id\":\"https:\\\/\\\/www.europa-prefabri.com\\\/#organization\"},\"image\":{\"@id\":\"https:\\\/\\\/www.europa-prefabri.com\\\/fr\\\/logements-prefabriques-a-panama\\\/#primaryimage\"},\"thumbnailUrl\":\"https:\\\/\\\/www.europa-prefabri.com\\\/wp-content\\\/uploads\\\/viviendas-industrializadas-panama-prefabri-steel.png\",\"keywords\":[\"BATIMENT MODULAIRE\",\"b\u00e2timent pr\u00e9fabriqu\u00e9\",\"construction modulaire\",\"logements pr\u00e9fabriqu\u00e9s\",\"module\"],\"articleSection\":[\"Projets\"],\"inLanguage\":\"fr-FR\"},{\"@type\":\"WebPage\",\"@id\":\"https:\\\/\\\/www.europa-prefabri.com\\\/fr\\\/logements-prefabriques-a-panama\\\/\",\"url\":\"https:\\\/\\\/www.europa-prefabri.com\\\/fr\\\/logements-prefabriques-a-panama\\\/\",\"name\":\"Logements pr\u00e9fabriqu\u00e9s \u00e0 Panama | Prefabri Steel\",\"isPartOf\":{\"@id\":\"https:\\\/\\\/www.europa-prefabri.com\\\/#website\"},\"primaryImageOfPage\":{\"@id\":\"https:\\\/\\\/www.europa-prefabri.com\\\/fr\\\/logements-prefabriques-a-panama\\\/#primaryimage\"},\"image\":{\"@id\":\"https:\\\/\\\/www.europa-prefabri.com\\\/fr\\\/logements-prefabriques-a-panama\\\/#primaryimage\"},\"thumbnailUrl\":\"https:\\\/\\\/www.europa-prefabri.com\\\/wp-content\\\/uploads\\\/viviendas-industrializadas-panama-prefabri-steel.png\",\"datePublished\":\"2017-01-03T12:34:27+00:00\",\"dateModified\":\"2017-03-09T11:44:22+00:00\",\"description\":\"Prefabri Steel continue de miser fort sur son rayonnement international avec la construction de logements pr\u00e9fabriqu\u00e9s \u00e0 Panama\",\"breadcrumb\":{\"@id\":\"https:\\\/\\\/www.europa-prefabri.com\\\/fr\\\/logements-prefabriques-a-panama\\\/#breadcrumb\"},\"inLanguage\":\"fr-FR\",\"potentialAction\":[{\"@type\":\"ReadAction\",\"target\":[\"https:\\\/\\\/www.europa-prefabri.com\\\/fr\\\/logements-prefabriques-a-panama\\\/\"]}]},{\"@type\":\"ImageObject\",\"inLanguage\":\"fr-FR\",\"@id\":\"https:\\\/\\\/www.europa-prefabri.com\\\/fr\\\/logements-prefabriques-a-panama\\\/#primaryimage\",\"url\":\"https:\\\/\\\/www.europa-prefabri.com\\\/wp-content\\\/uploads\\\/viviendas-industrializadas-panama-prefabri-steel.png\",\"contentUrl\":\"https:\\\/\\\/www.europa-prefabri.com\\\/wp-content\\\/uploads\\\/viviendas-industrializadas-panama-prefabri-steel.png\",\"width\":800,\"height\":600,\"caption\":\"Logements pr\u00e9fabriqu\u00e9s \u00e0 Panama\"},{\"@type\":\"BreadcrumbList\",\"@id\":\"https:\\\/\\\/www.europa-prefabri.com\\\/fr\\\/logements-prefabriques-a-panama\\\/#breadcrumb\",\"itemListElement\":[{\"@type\":\"ListItem\",\"position\":1,\"name\":\"Portada\",\"item\":\"https:\\\/\\\/www.europa-prefabri.com\\\/fr\\\/\"},{\"@type\":\"ListItem\",\"position\":2,\"name\":\"Logements pr\u00e9fabriqu\u00e9s \u00e0 Panama | Prefabri Steel\"}]},{\"@type\":\"WebSite\",\"@id\":\"https:\\\/\\\/www.europa-prefabri.com\\\/#website\",\"url\":\"https:\\\/\\\/www.europa-prefabri.com\\\/\",\"name\":\"Europa Prefabri | Alquiler y venta de construcciones modulares\",\"description\":\"Alquiler y venta de construcciones modulares, casetas de obra, marquesinas de aparcamiento y vallas y cerramientos.\",\"publisher\":{\"@id\":\"https:\\\/\\\/www.europa-prefabri.com\\\/#organization\"},\"potentialAction\":[{\"@type\":\"SearchAction\",\"target\":{\"@type\":\"EntryPoint\",\"urlTemplate\":\"https:\\\/\\\/www.europa-prefabri.com\\\/?s={search_term_string}\"},\"query-input\":{\"@type\":\"PropertyValueSpecification\",\"valueRequired\":true,\"valueName\":\"search_term_string\"}}],\"inLanguage\":\"fr-FR\"},{\"@type\":\"Organization\",\"@id\":\"https:\\\/\\\/www.europa-prefabri.com\\\/#organization\",\"name\":\"Prefabri S.L.\",\"url\":\"https:\\\/\\\/www.europa-prefabri.com\\\/\",\"logo\":{\"@type\":\"ImageObject\",\"inLanguage\":\"fr-FR\",\"@id\":\"https:\\\/\\\/www.europa-prefabri.com\\\/#\\\/schema\\\/logo\\\/image\\\/\",\"url\":\"https:\\\/\\\/www.europa-prefabri.com\\\/wp-content\\\/uploads\\\/EuropaPrefabri-Logo.jpg\",\"contentUrl\":\"https:\\\/\\\/www.europa-prefabri.com\\\/wp-content\\\/uploads\\\/EuropaPrefabri-Logo.jpg\",\"width\":752,\"height\":348,\"caption\":\"Prefabri S.L.\"},\"image\":{\"@id\":\"https:\\\/\\\/www.europa-prefabri.com\\\/#\\\/schema\\\/logo\\\/image\\\/\"},\"sameAs\":[\"https:\\\/\\\/www.facebook.com\\\/Europa-Prefabri-258328977572213\\\/\",\"https:\\\/\\\/x.com\\\/EuropaPrefabri\",\"https:\\\/\\\/www.instagram.com\\\/europaprefabri\\\/\",\"https:\\\/\\\/es.linkedin.com\\\/company\\\/europa-prefabri\",\"https:\\\/\\\/es.pinterest.com\\\/europaprefabri\\\/\",\"https:\\\/\\\/www.youtube.com\\\/user\\\/PrefabriSL\"]},{\"@type\":\"Person\",\"@id\":\"https:\\\/\\\/www.europa-prefabri.com\\\/#\\\/schema\\\/person\\\/2ab6be5821a7026cd8f16d2a9411e86e\",\"name\":\"admin\",\"image\":{\"@type\":\"ImageObject\",\"inLanguage\":\"fr-FR\",\"@id\":\"https:\\\/\\\/secure.gravatar.com\\\/avatar\\\/dc55d3f4b941a1510eef2620b2c166513788bd88ef72341333b6d0a859bacd3c?s=96&d=mm&r=g\",\"url\":\"https:\\\/\\\/secure.gravatar.com\\\/avatar\\\/dc55d3f4b941a1510eef2620b2c166513788bd88ef72341333b6d0a859bacd3c?s=96&d=mm&r=g\",\"contentUrl\":\"https:\\\/\\\/secure.gravatar.com\\\/avatar\\\/dc55d3f4b941a1510eef2620b2c166513788bd88ef72341333b6d0a859bacd3c?s=96&d=mm&r=g\",\"caption\":\"admin\"},\"sameAs\":[\"https:\\\/\\\/www.europa-prefabri.com\",\"https:\\\/\\\/x.com\\\/@EuropaPrefabri\"]}]}<\/script>\n<!-- \/ Yoast SEO plugin. -->","yoast_head_json":{"title":"Logements pr\u00e9fabriqu\u00e9s \u00e0 Panama | Prefabri Steel","description":"Prefabri Steel continue de miser fort sur son rayonnement international avec la construction de logements pr\u00e9fabriqu\u00e9s \u00e0 Panama","robots":{"index":"index","follow":"follow","max-snippet":"max-snippet:-1","max-image-preview":"max-image-preview:large","max-video-preview":"max-video-preview:-1"},"canonical":"https:\/\/www.europa-prefabri.com\/fr\/logements-prefabriques-a-panama\/","og_locale":"fr_FR","og_type":"article","og_title":"Logements pr\u00e9fabriqu\u00e9s \u00e0 Panama | Prefabri Steel","og_description":"Prefabri Steel continue de miser fort sur son rayonnement international avec la construction de logements pr\u00e9fabriqu\u00e9s \u00e0 Panama","og_url":"https:\/\/www.europa-prefabri.com\/fr\/logements-prefabriques-a-panama\/","og_site_name":"Europa Prefabri | Alquiler y venta de construcciones modulares","article_publisher":"https:\/\/www.facebook.com\/Europa-Prefabri-258328977572213\/","article_published_time":"2017-01-03T12:34:27+00:00","article_modified_time":"2017-03-09T11:44:22+00:00","og_image":[{"width":800,"height":600,"url":"https:\/\/www.europa-prefabri.com\/wp-content\/uploads\/viviendas-industrializadas-panama-prefabri-steel.png","type":"image\/png"}],"author":"admin","twitter_card":"summary_large_image","twitter_creator":"@EuropaPrefabri","twitter_site":"@EuropaPrefabri","twitter_misc":{"Written by":"admin","Est. reading time":"2 minutes"},"schema":{"@context":"https:\/\/schema.org","@graph":[{"@type":"Article","@id":"https:\/\/www.europa-prefabri.com\/fr\/logements-prefabriques-a-panama\/#article","isPartOf":{"@id":"https:\/\/www.europa-prefabri.com\/fr\/logements-prefabriques-a-panama\/"},"author":{"name":"admin","@id":"https:\/\/www.europa-prefabri.com\/#\/schema\/person\/2ab6be5821a7026cd8f16d2a9411e86e"},"headline":"Logements pr\u00e9fabriqu\u00e9s \u00e0 Panama | Prefabri Steel","datePublished":"2017-01-03T12:34:27+00:00","dateModified":"2017-03-09T11:44:22+00:00","mainEntityOfPage":{"@id":"https:\/\/www.europa-prefabri.com\/fr\/logements-prefabriques-a-panama\/"},"wordCount":347,"publisher":{"@id":"https:\/\/www.europa-prefabri.com\/#organization"},"image":{"@id":"https:\/\/www.europa-prefabri.com\/fr\/logements-prefabriques-a-panama\/#primaryimage"},"thumbnailUrl":"https:\/\/www.europa-prefabri.com\/wp-content\/uploads\/viviendas-industrializadas-panama-prefabri-steel.png","keywords":["BATIMENT MODULAIRE","b\u00e2timent pr\u00e9fabriqu\u00e9","construction modulaire","logements pr\u00e9fabriqu\u00e9s","module"],"articleSection":["Projets"],"inLanguage":"fr-FR"},{"@type":"WebPage","@id":"https:\/\/www.europa-prefabri.com\/fr\/logements-prefabriques-a-panama\/","url":"https:\/\/www.europa-prefabri.com\/fr\/logements-prefabriques-a-panama\/","name":"Logements pr\u00e9fabriqu\u00e9s \u00e0 Panama | Prefabri Steel","isPartOf":{"@id":"https:\/\/www.europa-prefabri.com\/#website"},"primaryImageOfPage":{"@id":"https:\/\/www.europa-prefabri.com\/fr\/logements-prefabriques-a-panama\/#primaryimage"},"image":{"@id":"https:\/\/www.europa-prefabri.com\/fr\/logements-prefabriques-a-panama\/#primaryimage"},"thumbnailUrl":"https:\/\/www.europa-prefabri.com\/wp-content\/uploads\/viviendas-industrializadas-panama-prefabri-steel.png","datePublished":"2017-01-03T12:34:27+00:00","dateModified":"2017-03-09T11:44:22+00:00","description":"Prefabri Steel continue de miser fort sur son rayonnement international avec la construction de logements pr\u00e9fabriqu\u00e9s \u00e0 Panama","breadcrumb":{"@id":"https:\/\/www.europa-prefabri.com\/fr\/logements-prefabriques-a-panama\/#breadcrumb"},"inLanguage":"fr-FR","potentialAction":[{"@type":"ReadAction","target":["https:\/\/www.europa-prefabri.com\/fr\/logements-prefabriques-a-panama\/"]}]},{"@type":"ImageObject","inLanguage":"fr-FR","@id":"https:\/\/www.europa-prefabri.com\/fr\/logements-prefabriques-a-panama\/#primaryimage","url":"https:\/\/www.europa-prefabri.com\/wp-content\/uploads\/viviendas-industrializadas-panama-prefabri-steel.png","contentUrl":"https:\/\/www.europa-prefabri.com\/wp-content\/uploads\/viviendas-industrializadas-panama-prefabri-steel.png","width":800,"height":600,"caption":"Logements pr\u00e9fabriqu\u00e9s \u00e0 Panama"},{"@type":"BreadcrumbList","@id":"https:\/\/www.europa-prefabri.com\/fr\/logements-prefabriques-a-panama\/#breadcrumb","itemListElement":[{"@type":"ListItem","position":1,"name":"Portada","item":"https:\/\/www.europa-prefabri.com\/fr\/"},{"@type":"ListItem","position":2,"name":"Logements pr\u00e9fabriqu\u00e9s \u00e0 Panama | Prefabri Steel"}]},{"@type":"WebSite","@id":"https:\/\/www.europa-prefabri.com\/#website","url":"https:\/\/www.europa-prefabri.com\/","name":"Europa Prefabri | Alquiler y venta de construcciones modulares","description":"Alquiler y venta de construcciones modulares, casetas de obra, marquesinas de aparcamiento y vallas y cerramientos.","publisher":{"@id":"https:\/\/www.europa-prefabri.com\/#organization"},"potentialAction":[{"@type":"SearchAction","target":{"@type":"EntryPoint","urlTemplate":"https:\/\/www.europa-prefabri.com\/?s={search_term_string}"},"query-input":{"@type":"PropertyValueSpecification","valueRequired":true,"valueName":"search_term_string"}}],"inLanguage":"fr-FR"},{"@type":"Organization","@id":"https:\/\/www.europa-prefabri.com\/#organization","name":"Prefabri S.L.","url":"https:\/\/www.europa-prefabri.com\/","logo":{"@type":"ImageObject","inLanguage":"fr-FR","@id":"https:\/\/www.europa-prefabri.com\/#\/schema\/logo\/image\/","url":"https:\/\/www.europa-prefabri.com\/wp-content\/uploads\/EuropaPrefabri-Logo.jpg","contentUrl":"https:\/\/www.europa-prefabri.com\/wp-content\/uploads\/EuropaPrefabri-Logo.jpg","width":752,"height":348,"caption":"Prefabri S.L."},"image":{"@id":"https:\/\/www.europa-prefabri.com\/#\/schema\/logo\/image\/"},"sameAs":["https:\/\/www.facebook.com\/Europa-Prefabri-258328977572213\/","https:\/\/x.com\/EuropaPrefabri","https:\/\/www.instagram.com\/europaprefabri\/","https:\/\/es.linkedin.com\/company\/europa-prefabri","https:\/\/es.pinterest.com\/europaprefabri\/","https:\/\/www.youtube.com\/user\/PrefabriSL"]},{"@type":"Person","@id":"https:\/\/www.europa-prefabri.com\/#\/schema\/person\/2ab6be5821a7026cd8f16d2a9411e86e","name":"admin","image":{"@type":"ImageObject","inLanguage":"fr-FR","@id":"https:\/\/secure.gravatar.com\/avatar\/dc55d3f4b941a1510eef2620b2c166513788bd88ef72341333b6d0a859bacd3c?s=96&d=mm&r=g","url":"https:\/\/secure.gravatar.com\/avatar\/dc55d3f4b941a1510eef2620b2c166513788bd88ef72341333b6d0a859bacd3c?s=96&d=mm&r=g","contentUrl":"https:\/\/secure.gravatar.com\/avatar\/dc55d3f4b941a1510eef2620b2c166513788bd88ef72341333b6d0a859bacd3c?s=96&d=mm&r=g","caption":"admin"},"sameAs":["https:\/\/www.europa-prefabri.com","https:\/\/x.com\/@EuropaPrefabri"]}]}},"_links":{"self":[{"href":"https:\/\/www.europa-prefabri.com\/fr\/wp-json\/wp\/v2\/posts\/14360","targetHints":{"allow":["GET"]}}],"collection":[{"href":"https:\/\/www.europa-prefabri.com\/fr\/wp-json\/wp\/v2\/posts"}],"about":[{"href":"https:\/\/www.europa-prefabri.com\/fr\/wp-json\/wp\/v2\/types\/post"}],"author":[{"embeddable":true,"href":"https:\/\/www.europa-prefabri.com\/fr\/wp-json\/wp\/v2\/users\/4"}],"replies":[{"embeddable":true,"href":"https:\/\/www.europa-prefabri.com\/fr\/wp-json\/wp\/v2\/comments?post=14360"}],"version-history":[{"count":0,"href":"https:\/\/www.europa-prefabri.com\/fr\/wp-json\/wp\/v2\/posts\/14360\/revisions"}],"wp:featuredmedia":[{"embeddable":true,"href":"https:\/\/www.europa-prefabri.com\/fr\/wp-json\/wp\/v2\/media\/13385"}],"wp:attachment":[{"href":"https:\/\/www.europa-prefabri.com\/fr\/wp-json\/wp\/v2\/media?parent=14360"}],"wp:term":[{"taxonomy":"category","embeddable":true,"href":"https:\/\/www.europa-prefabri.com\/fr\/wp-json\/wp\/v2\/categories?post=14360"},{"taxonomy":"post_tag","embeddable":true,"href":"https:\/\/www.europa-prefabri.com\/fr\/wp-json\/wp\/v2\/tags?post=14360"}],"curies":[{"name":"wp","href":"https:\/\/api.w.org\/{rel}","templated":true}]}}