{"id":14339,"date":"2017-01-30T12:01:57","date_gmt":"2017-01-30T12:01:57","guid":{"rendered":"http:\/\/www.europa-prefabri.com\/fr\/?p=14339"},"modified":"2017-03-14T10:33:37","modified_gmt":"2017-03-14T10:33:37","slug":"evenements-location-et-vente-de-construction-modulaire","status":"publish","type":"post","link":"https:\/\/www.europa-prefabri.com\/fr\/evenements-location-et-vente-de-construction-modulaire\/","title":{"rendered":"Ev\u00e9nements"},"content":{"rendered":"\n\t\t<style type=\"text\/css\">\n\t\t\t#gallery-1 {\n\t\t\t\tmargin: auto;\n\t\t\t}\n\t\t\t#gallery-1 .gallery-item {\n\t\t\t\tfloat: left;\n\t\t\t\tmargin-top: 10px;\n\t\t\t\ttext-align: center;\n\t\t\t\twidth: 11%;\n\t\t\t}\n\t\t\t#gallery-1 img {\n\t\t\t\tborder: 2px solid #cfcfcf;\n\t\t\t}\n\t\t\t#gallery-1 .gallery-caption {\n\t\t\t\tmargin-left: 0;\n\t\t\t}\n\t\t\t\/* see gallery_shortcode() in wp-includes\/media.php *\/\n\t\t<\/style>\n\t\t<div id='gallery-1' class='gallery galleryid-14339 gallery-columns-9 gallery-size-thumbnail'><dl class='gallery-item'>\n\t\t\t<dt class='gallery-icon landscape'>\n\t\t\t\t<a href='https:\/\/www.europa-prefabri.com\/fr\/festival-de-cine-de-malaga03\/'><img loading=\"lazy\" decoding=\"async\" width=\"80\" height=\"80\" src=\"https:\/\/www.europa-prefabri.com\/wp-content\/uploads\/festival-de-cine-de-malaga03-80x80.jpg\" class=\"attachment-thumbnail size-thumbnail\" alt=\"festival de cine de malaga - modulo para eventos cinefilos\" srcset=\"https:\/\/www.europa-prefabri.com\/wp-content\/uploads\/festival-de-cine-de-malaga03-80x80.jpg 80w, https:\/\/www.europa-prefabri.com\/wp-content\/uploads\/festival-de-cine-de-malaga03-36x36.jpg 36w, https:\/\/www.europa-prefabri.com\/wp-content\/uploads\/festival-de-cine-de-malaga03-180x180.jpg 180w, https:\/\/www.europa-prefabri.com\/wp-content\/uploads\/festival-de-cine-de-malaga03-120x120.jpg 120w, https:\/\/www.europa-prefabri.com\/wp-content\/uploads\/festival-de-cine-de-malaga03-450x450.jpg 450w\" sizes=\"auto, (max-width: 80px) 100vw, 80px\" \/><\/a>\n\t\t\t<\/dt><\/dl><dl class='gallery-item'>\n\t\t\t<dt class='gallery-icon landscape'>\n\t\t\t\t<a href='https:\/\/www.europa-prefabri.com\/fr\/dcode-01\/'><img loading=\"lazy\" decoding=\"async\" width=\"80\" height=\"80\" src=\"https:\/\/www.europa-prefabri.com\/wp-content\/uploads\/dcode-01-80x80.jpg\" class=\"attachment-thumbnail size-thumbnail\" alt=\"dcode - modulos para festival de musica - sanitarios para eventos musicales - alquiler de camerinos para festivales\" srcset=\"https:\/\/www.europa-prefabri.com\/wp-content\/uploads\/dcode-01-80x80.jpg 80w, https:\/\/www.europa-prefabri.com\/wp-content\/uploads\/dcode-01-36x36.jpg 36w, https:\/\/www.europa-prefabri.com\/wp-content\/uploads\/dcode-01-180x180.jpg 180w, https:\/\/www.europa-prefabri.com\/wp-content\/uploads\/dcode-01-120x120.jpg 120w, https:\/\/www.europa-prefabri.com\/wp-content\/uploads\/dcode-01-450x450.jpg 450w\" sizes=\"auto, (max-width: 80px) 100vw, 80px\" \/><\/a>\n\t\t\t<\/dt><\/dl><dl class='gallery-item'>\n\t\t\t<dt class='gallery-icon landscape'>\n\t\t\t\t<a href='https:\/\/www.europa-prefabri.com\/fr\/open-star-01\/'><img loading=\"lazy\" decoding=\"async\" width=\"80\" height=\"80\" src=\"https:\/\/www.europa-prefabri.com\/wp-content\/uploads\/open-star-01-80x80.jpg\" class=\"attachment-thumbnail size-thumbnail\" alt=\"open star- taquillas para eventos\" srcset=\"https:\/\/www.europa-prefabri.com\/wp-content\/uploads\/open-star-01-80x80.jpg 80w, https:\/\/www.europa-prefabri.com\/wp-content\/uploads\/open-star-01-36x36.jpg 36w, https:\/\/www.europa-prefabri.com\/wp-content\/uploads\/open-star-01-180x180.jpg 180w, https:\/\/www.europa-prefabri.com\/wp-content\/uploads\/open-star-01-120x120.jpg 120w, https:\/\/www.europa-prefabri.com\/wp-content\/uploads\/open-star-01-450x450.jpg 450w\" sizes=\"auto, (max-width: 80px) 100vw, 80px\" \/><\/a>\n\t\t\t<\/dt><\/dl><dl class='gallery-item'>\n\t\t\t<dt class='gallery-icon landscape'>\n\t\t\t\t<a href='https:\/\/www.europa-prefabri.com\/fr\/open-star-08\/'><img loading=\"lazy\" decoding=\"async\" width=\"80\" height=\"80\" src=\"https:\/\/www.europa-prefabri.com\/wp-content\/uploads\/open-star-08-80x80.jpg\" class=\"attachment-thumbnail size-thumbnail\" alt=\"open star 08 -vallas para eventos cinefilos\" srcset=\"https:\/\/www.europa-prefabri.com\/wp-content\/uploads\/open-star-08-80x80.jpg 80w, https:\/\/www.europa-prefabri.com\/wp-content\/uploads\/open-star-08-36x36.jpg 36w, https:\/\/www.europa-prefabri.com\/wp-content\/uploads\/open-star-08-180x180.jpg 180w, https:\/\/www.europa-prefabri.com\/wp-content\/uploads\/open-star-08-120x120.jpg 120w, https:\/\/www.europa-prefabri.com\/wp-content\/uploads\/open-star-08-450x450.jpg 450w\" sizes=\"auto, (max-width: 80px) 100vw, 80px\" \/><\/a>\n\t\t\t<\/dt><\/dl><dl class='gallery-item'>\n\t\t\t<dt class='gallery-icon landscape'>\n\t\t\t\t<a href='https:\/\/www.europa-prefabri.com\/fr\/open-star-05\/'><img loading=\"lazy\" decoding=\"async\" width=\"80\" height=\"80\" src=\"https:\/\/www.europa-prefabri.com\/wp-content\/uploads\/open-star-05-80x80.jpg\" class=\"attachment-thumbnail size-thumbnail\" alt=\"open star - vallas para eventos cinefilos - modulos para eventos cinefilos\" srcset=\"https:\/\/www.europa-prefabri.com\/wp-content\/uploads\/open-star-05-80x80.jpg 80w, https:\/\/www.europa-prefabri.com\/wp-content\/uploads\/open-star-05-36x36.jpg 36w, https:\/\/www.europa-prefabri.com\/wp-content\/uploads\/open-star-05-180x180.jpg 180w, https:\/\/www.europa-prefabri.com\/wp-content\/uploads\/open-star-05-120x120.jpg 120w, https:\/\/www.europa-prefabri.com\/wp-content\/uploads\/open-star-05-450x450.jpg 450w\" sizes=\"auto, (max-width: 80px) 100vw, 80px\" \/><\/a>\n\t\t\t<\/dt><\/dl><dl class='gallery-item'>\n\t\t\t<dt class='gallery-icon landscape'>\n\t\t\t\t<a href='https:\/\/www.europa-prefabri.com\/fr\/rock-in-rio06\/'><img loading=\"lazy\" decoding=\"async\" width=\"80\" height=\"80\" src=\"https:\/\/www.europa-prefabri.com\/wp-content\/uploads\/rock-in-rio06-80x80.jpg\" class=\"attachment-thumbnail size-thumbnail\" alt=\"rock in rio - modulos especiales personalizados para eventos musicales - cinefilos - conciertos - festivales\" srcset=\"https:\/\/www.europa-prefabri.com\/wp-content\/uploads\/rock-in-rio06-80x80.jpg 80w, https:\/\/www.europa-prefabri.com\/wp-content\/uploads\/rock-in-rio06-36x36.jpg 36w, https:\/\/www.europa-prefabri.com\/wp-content\/uploads\/rock-in-rio06-180x180.jpg 180w, https:\/\/www.europa-prefabri.com\/wp-content\/uploads\/rock-in-rio06-120x120.jpg 120w, https:\/\/www.europa-prefabri.com\/wp-content\/uploads\/rock-in-rio06-450x450.jpg 450w\" sizes=\"auto, (max-width: 80px) 100vw, 80px\" \/><\/a>\n\t\t\t<\/dt><\/dl><dl class='gallery-item'>\n\t\t\t<dt class='gallery-icon landscape'>\n\t\t\t\t<a href='https:\/\/www.europa-prefabri.com\/fr\/open-star-04\/'><img loading=\"lazy\" decoding=\"async\" width=\"80\" height=\"80\" src=\"https:\/\/www.europa-prefabri.com\/wp-content\/uploads\/open-star-04-80x80.jpg\" class=\"attachment-thumbnail size-thumbnail\" alt=\"open star - modulos personalizados publicitarios para eventos como\" srcset=\"https:\/\/www.europa-prefabri.com\/wp-content\/uploads\/open-star-04-80x80.jpg 80w, https:\/\/www.europa-prefabri.com\/wp-content\/uploads\/open-star-04-36x36.jpg 36w, https:\/\/www.europa-prefabri.com\/wp-content\/uploads\/open-star-04-180x180.jpg 180w, https:\/\/www.europa-prefabri.com\/wp-content\/uploads\/open-star-04-120x120.jpg 120w, https:\/\/www.europa-prefabri.com\/wp-content\/uploads\/open-star-04-450x450.jpg 450w\" sizes=\"auto, (max-width: 80px) 100vw, 80px\" \/><\/a>\n\t\t\t<\/dt><\/dl><dl class='gallery-item'>\n\t\t\t<dt class='gallery-icon landscape'>\n\t\t\t\t<a href='https:\/\/www.europa-prefabri.com\/fr\/vinarock-03\/'><img loading=\"lazy\" decoding=\"async\" width=\"80\" height=\"80\" src=\"https:\/\/www.europa-prefabri.com\/wp-content\/uploads\/vinarock-03-80x80.jpg\" class=\"attachment-thumbnail size-thumbnail\" alt=\"vi\u00f1arock - vallas para eventos musicales - alquiler de modulos para festivales de musica\" srcset=\"https:\/\/www.europa-prefabri.com\/wp-content\/uploads\/vinarock-03-80x80.jpg 80w, https:\/\/www.europa-prefabri.com\/wp-content\/uploads\/vinarock-03-36x36.jpg 36w, https:\/\/www.europa-prefabri.com\/wp-content\/uploads\/vinarock-03-180x180.jpg 180w, https:\/\/www.europa-prefabri.com\/wp-content\/uploads\/vinarock-03-120x120.jpg 120w, https:\/\/www.europa-prefabri.com\/wp-content\/uploads\/vinarock-03-450x450.jpg 450w\" sizes=\"auto, (max-width: 80px) 100vw, 80px\" \/><\/a>\n\t\t\t<\/dt><\/dl><dl class='gallery-item'>\n\t\t\t<dt class='gallery-icon landscape'>\n\t\t\t\t<a href='https:\/\/www.europa-prefabri.com\/fr\/rock-in-rio02\/'><img loading=\"lazy\" decoding=\"async\" width=\"80\" height=\"80\" src=\"https:\/\/www.europa-prefabri.com\/wp-content\/uploads\/rock-in-rio02-80x80.jpg\" class=\"attachment-thumbnail size-thumbnail\" alt=\"rock in rio - alquiler de kioscos de comida para eventos\" srcset=\"https:\/\/www.europa-prefabri.com\/wp-content\/uploads\/rock-in-rio02-80x80.jpg 80w, https:\/\/www.europa-prefabri.com\/wp-content\/uploads\/rock-in-rio02-36x36.jpg 36w, https:\/\/www.europa-prefabri.com\/wp-content\/uploads\/rock-in-rio02-180x180.jpg 180w, https:\/\/www.europa-prefabri.com\/wp-content\/uploads\/rock-in-rio02-120x120.jpg 120w, https:\/\/www.europa-prefabri.com\/wp-content\/uploads\/rock-in-rio02-450x450.jpg 450w\" sizes=\"auto, (max-width: 80px) 100vw, 80px\" \/><\/a>\n\t\t\t<\/dt><\/dl><br style=\"clear: both\" \/><dl class='gallery-item'>\n\t\t\t<dt class='gallery-icon landscape'>\n\t\t\t\t<a href='https:\/\/www.europa-prefabri.com\/fr\/open-star-03\/'><img loading=\"lazy\" decoding=\"async\" width=\"80\" height=\"80\" src=\"https:\/\/www.europa-prefabri.com\/wp-content\/uploads\/open-star-03-80x80.jpg\" class=\"attachment-thumbnail size-thumbnail\" alt=\"open star - alquiler de modulos sanitarios para eventos cinefilos\" srcset=\"https:\/\/www.europa-prefabri.com\/wp-content\/uploads\/open-star-03-80x80.jpg 80w, https:\/\/www.europa-prefabri.com\/wp-content\/uploads\/open-star-03-36x36.jpg 36w, https:\/\/www.europa-prefabri.com\/wp-content\/uploads\/open-star-03-180x180.jpg 180w, https:\/\/www.europa-prefabri.com\/wp-content\/uploads\/open-star-03-120x120.jpg 120w, https:\/\/www.europa-prefabri.com\/wp-content\/uploads\/open-star-03-450x450.jpg 450w\" sizes=\"auto, (max-width: 80px) 100vw, 80px\" \/><\/a>\n\t\t\t<\/dt><\/dl><dl class='gallery-item'>\n\t\t\t<dt class='gallery-icon landscape'>\n\t\t\t\t<a href='https:\/\/www.europa-prefabri.com\/fr\/open-star-02\/'><img loading=\"lazy\" decoding=\"async\" width=\"80\" height=\"80\" src=\"https:\/\/www.europa-prefabri.com\/wp-content\/uploads\/open-star-02-80x80.jpg\" class=\"attachment-thumbnail size-thumbnail\" alt=\"open star - alquiler de kioscos de comida para eventos cinefilos\" srcset=\"https:\/\/www.europa-prefabri.com\/wp-content\/uploads\/open-star-02-80x80.jpg 80w, https:\/\/www.europa-prefabri.com\/wp-content\/uploads\/open-star-02-36x36.jpg 36w, https:\/\/www.europa-prefabri.com\/wp-content\/uploads\/open-star-02-180x180.jpg 180w, https:\/\/www.europa-prefabri.com\/wp-content\/uploads\/open-star-02-120x120.jpg 120w, https:\/\/www.europa-prefabri.com\/wp-content\/uploads\/open-star-02-450x450.jpg 450w\" sizes=\"auto, (max-width: 80px) 100vw, 80px\" \/><\/a>\n\t\t\t<\/dt><\/dl><dl class='gallery-item'>\n\t\t\t<dt class='gallery-icon landscape'>\n\t\t\t\t<a href='https:\/\/www.europa-prefabri.com\/fr\/open-air-03\/'><img loading=\"lazy\" decoding=\"async\" width=\"80\" height=\"80\" src=\"https:\/\/www.europa-prefabri.com\/wp-content\/uploads\/open-air-03-80x80.jpg\" class=\"attachment-thumbnail size-thumbnail\" alt=\"open air - alquiler de vallas para eventos cinefilos y espectaculos\" srcset=\"https:\/\/www.europa-prefabri.com\/wp-content\/uploads\/open-air-03-80x80.jpg 80w, https:\/\/www.europa-prefabri.com\/wp-content\/uploads\/open-air-03-36x36.jpg 36w, https:\/\/www.europa-prefabri.com\/wp-content\/uploads\/open-air-03-180x180.jpg 180w, https:\/\/www.europa-prefabri.com\/wp-content\/uploads\/open-air-03-120x120.jpg 120w, https:\/\/www.europa-prefabri.com\/wp-content\/uploads\/open-air-03-450x450.jpg 450w\" sizes=\"auto, (max-width: 80px) 100vw, 80px\" \/><\/a>\n\t\t\t<\/dt><\/dl><dl class='gallery-item'>\n\t\t\t<dt class='gallery-icon landscape'>\n\t\t\t\t<a href='https:\/\/www.europa-prefabri.com\/fr\/open-air-02\/'><img loading=\"lazy\" decoding=\"async\" width=\"80\" height=\"80\" src=\"https:\/\/www.europa-prefabri.com\/wp-content\/uploads\/open-air-02-80x80.jpg\" class=\"attachment-thumbnail size-thumbnail\" alt=\"open air - alquiler de modulos sanitarios vallas casetas contenedores para eventos y espectaculos\" srcset=\"https:\/\/www.europa-prefabri.com\/wp-content\/uploads\/open-air-02-80x80.jpg 80w, https:\/\/www.europa-prefabri.com\/wp-content\/uploads\/open-air-02-36x36.jpg 36w, https:\/\/www.europa-prefabri.com\/wp-content\/uploads\/open-air-02-180x180.jpg 180w, https:\/\/www.europa-prefabri.com\/wp-content\/uploads\/open-air-02-120x120.jpg 120w, https:\/\/www.europa-prefabri.com\/wp-content\/uploads\/open-air-02-450x450.jpg 450w\" sizes=\"auto, (max-width: 80px) 100vw, 80px\" \/><\/a>\n\t\t\t<\/dt><\/dl><dl class='gallery-item'>\n\t\t\t<dt class='gallery-icon landscape'>\n\t\t\t\t<a href='https:\/\/www.europa-prefabri.com\/fr\/festival-de-cine-de-malaga08\/'><img loading=\"lazy\" decoding=\"async\" width=\"80\" height=\"80\" src=\"https:\/\/www.europa-prefabri.com\/wp-content\/uploads\/festival-de-cine-de-malaga08-80x80.jpg\" class=\"attachment-thumbnail size-thumbnail\" alt=\"festival de cine de malaga - alquiler de modulos para espectaculos cinefilos\" srcset=\"https:\/\/www.europa-prefabri.com\/wp-content\/uploads\/festival-de-cine-de-malaga08-80x80.jpg 80w, https:\/\/www.europa-prefabri.com\/wp-content\/uploads\/festival-de-cine-de-malaga08-36x36.jpg 36w, https:\/\/www.europa-prefabri.com\/wp-content\/uploads\/festival-de-cine-de-malaga08-180x180.jpg 180w, https:\/\/www.europa-prefabri.com\/wp-content\/uploads\/festival-de-cine-de-malaga08-120x120.jpg 120w, https:\/\/www.europa-prefabri.com\/wp-content\/uploads\/festival-de-cine-de-malaga08-450x450.jpg 450w\" sizes=\"auto, (max-width: 80px) 100vw, 80px\" \/><\/a>\n\t\t\t<\/dt><\/dl><dl class='gallery-item'>\n\t\t\t<dt class='gallery-icon landscape'>\n\t\t\t\t<a href='https:\/\/www.europa-prefabri.com\/fr\/festival-de-cine-de-malaga07\/'><img loading=\"lazy\" decoding=\"async\" width=\"80\" height=\"80\" src=\"https:\/\/www.europa-prefabri.com\/wp-content\/uploads\/festival-de-cine-de-malaga07-80x80.jpg\" class=\"attachment-thumbnail size-thumbnail\" alt=\"festival de cine de malaga - alquiler de modulos personalizados para eventos cinefilos y espectaculos\" srcset=\"https:\/\/www.europa-prefabri.com\/wp-content\/uploads\/festival-de-cine-de-malaga07-80x80.jpg 80w, https:\/\/www.europa-prefabri.com\/wp-content\/uploads\/festival-de-cine-de-malaga07-36x36.jpg 36w, https:\/\/www.europa-prefabri.com\/wp-content\/uploads\/festival-de-cine-de-malaga07-180x180.jpg 180w, https:\/\/www.europa-prefabri.com\/wp-content\/uploads\/festival-de-cine-de-malaga07-120x120.jpg 120w, https:\/\/www.europa-prefabri.com\/wp-content\/uploads\/festival-de-cine-de-malaga07-450x450.jpg 450w\" sizes=\"auto, (max-width: 80px) 100vw, 80px\" \/><\/a>\n\t\t\t<\/dt><\/dl><dl class='gallery-item'>\n\t\t\t<dt class='gallery-icon landscape'>\n\t\t\t\t<a href='https:\/\/www.europa-prefabri.com\/fr\/festival-de-cine-de-malaga06\/'><img loading=\"lazy\" decoding=\"async\" width=\"80\" height=\"80\" src=\"https:\/\/www.europa-prefabri.com\/wp-content\/uploads\/festival-de-cine-de-malaga06-80x80.jpg\" class=\"attachment-thumbnail size-thumbnail\" alt=\"festival de cine de malaga - alquiler de modulos para espectaculos y festivales cinefilos\" srcset=\"https:\/\/www.europa-prefabri.com\/wp-content\/uploads\/festival-de-cine-de-malaga06-80x80.jpg 80w, https:\/\/www.europa-prefabri.com\/wp-content\/uploads\/festival-de-cine-de-malaga06-36x36.jpg 36w, https:\/\/www.europa-prefabri.com\/wp-content\/uploads\/festival-de-cine-de-malaga06-180x180.jpg 180w, https:\/\/www.europa-prefabri.com\/wp-content\/uploads\/festival-de-cine-de-malaga06-120x120.jpg 120w, https:\/\/www.europa-prefabri.com\/wp-content\/uploads\/festival-de-cine-de-malaga06-450x450.jpg 450w\" sizes=\"auto, (max-width: 80px) 100vw, 80px\" \/><\/a>\n\t\t\t<\/dt><\/dl><dl class='gallery-item'>\n\t\t\t<dt class='gallery-icon landscape'>\n\t\t\t\t<a href='https:\/\/www.europa-prefabri.com\/fr\/festival-de-cine-de-malaga04\/'><img loading=\"lazy\" decoding=\"async\" width=\"80\" height=\"80\" src=\"https:\/\/www.europa-prefabri.com\/wp-content\/uploads\/festival-de-cine-de-malaga04-80x80.jpg\" class=\"attachment-thumbnail size-thumbnail\" alt=\"festival de cine de malaga - alquiler de modulos para espectaculos concierto eventos\" srcset=\"https:\/\/www.europa-prefabri.com\/wp-content\/uploads\/festival-de-cine-de-malaga04-80x80.jpg 80w, https:\/\/www.europa-prefabri.com\/wp-content\/uploads\/festival-de-cine-de-malaga04-36x36.jpg 36w, https:\/\/www.europa-prefabri.com\/wp-content\/uploads\/festival-de-cine-de-malaga04-180x180.jpg 180w, https:\/\/www.europa-prefabri.com\/wp-content\/uploads\/festival-de-cine-de-malaga04-120x120.jpg 120w, https:\/\/www.europa-prefabri.com\/wp-content\/uploads\/festival-de-cine-de-malaga04-450x450.jpg 450w\" sizes=\"auto, (max-width: 80px) 100vw, 80px\" \/><\/a>\n\t\t\t<\/dt><\/dl><dl class='gallery-item'>\n\t\t\t<dt class='gallery-icon landscape'>\n\t\t\t\t<a href='https:\/\/www.europa-prefabri.com\/fr\/festival-de-cine-de-malaga02\/'><img loading=\"lazy\" decoding=\"async\" width=\"80\" height=\"80\" src=\"https:\/\/www.europa-prefabri.com\/wp-content\/uploads\/festival-de-cine-de-malaga02-80x80.jpg\" class=\"attachment-thumbnail size-thumbnail\" alt=\"festival de cine de malaga - alquiler de modulos prefabricados para eventos cinefilos\" srcset=\"https:\/\/www.europa-prefabri.com\/wp-content\/uploads\/festival-de-cine-de-malaga02-80x80.jpg 80w, https:\/\/www.europa-prefabri.com\/wp-content\/uploads\/festival-de-cine-de-malaga02-36x36.jpg 36w, https:\/\/www.europa-prefabri.com\/wp-content\/uploads\/festival-de-cine-de-malaga02-180x180.jpg 180w, https:\/\/www.europa-prefabri.com\/wp-content\/uploads\/festival-de-cine-de-malaga02-120x120.jpg 120w, https:\/\/www.europa-prefabri.com\/wp-content\/uploads\/festival-de-cine-de-malaga02-450x450.jpg 450w\" sizes=\"auto, (max-width: 80px) 100vw, 80px\" \/><\/a>\n\t\t\t<\/dt><\/dl><br style=\"clear: both\" \/><dl class='gallery-item'>\n\t\t\t<dt class='gallery-icon landscape'>\n\t\t\t\t<a href='https:\/\/www.europa-prefabri.com\/fr\/festival-de-cine-de-malaga01\/'><img loading=\"lazy\" decoding=\"async\" width=\"80\" height=\"80\" src=\"https:\/\/www.europa-prefabri.com\/wp-content\/uploads\/festival-de-cine-de-malaga01-80x80.jpg\" class=\"attachment-thumbnail size-thumbnail\" alt=\"festival de cine de malaga - modulos prefabricados kioscos de comida alquiler para eventos y espectaculos\" srcset=\"https:\/\/www.europa-prefabri.com\/wp-content\/uploads\/festival-de-cine-de-malaga01-80x80.jpg 80w, https:\/\/www.europa-prefabri.com\/wp-content\/uploads\/festival-de-cine-de-malaga01-36x36.jpg 36w, https:\/\/www.europa-prefabri.com\/wp-content\/uploads\/festival-de-cine-de-malaga01-180x180.jpg 180w, https:\/\/www.europa-prefabri.com\/wp-content\/uploads\/festival-de-cine-de-malaga01-120x120.jpg 120w, https:\/\/www.europa-prefabri.com\/wp-content\/uploads\/festival-de-cine-de-malaga01-450x450.jpg 450w\" sizes=\"auto, (max-width: 80px) 100vw, 80px\" \/><\/a>\n\t\t\t<\/dt><\/dl><dl class='gallery-item'>\n\t\t\t<dt class='gallery-icon landscape'>\n\t\t\t\t<a href='https:\/\/www.europa-prefabri.com\/fr\/dcode-07\/'><img loading=\"lazy\" decoding=\"async\" width=\"80\" height=\"80\" src=\"https:\/\/www.europa-prefabri.com\/wp-content\/uploads\/dcode-07-80x80.jpg\" class=\"attachment-thumbnail size-thumbnail\" alt=\"dcode - alquiler de modulos para festivales kioscos de comida para eventos y conciertos\" srcset=\"https:\/\/www.europa-prefabri.com\/wp-content\/uploads\/dcode-07-80x80.jpg 80w, https:\/\/www.europa-prefabri.com\/wp-content\/uploads\/dcode-07-36x36.jpg 36w, https:\/\/www.europa-prefabri.com\/wp-content\/uploads\/dcode-07-180x180.jpg 180w, https:\/\/www.europa-prefabri.com\/wp-content\/uploads\/dcode-07-120x120.jpg 120w, https:\/\/www.europa-prefabri.com\/wp-content\/uploads\/dcode-07-450x450.jpg 450w\" sizes=\"auto, (max-width: 80px) 100vw, 80px\" \/><\/a>\n\t\t\t<\/dt><\/dl><dl class='gallery-item'>\n\t\t\t<dt class='gallery-icon landscape'>\n\t\t\t\t<a href='https:\/\/www.europa-prefabri.com\/fr\/vinarock-01\/'><img loading=\"lazy\" decoding=\"async\" width=\"80\" height=\"80\" src=\"https:\/\/www.europa-prefabri.com\/wp-content\/uploads\/vinarock-01-80x80.jpg\" class=\"attachment-thumbnail size-thumbnail\" alt=\"vinarock - alquiler de modulos de kioscos de comida prefabricados para festivales y espectaculos\" srcset=\"https:\/\/www.europa-prefabri.com\/wp-content\/uploads\/vinarock-01-80x80.jpg 80w, https:\/\/www.europa-prefabri.com\/wp-content\/uploads\/vinarock-01-36x36.jpg 36w, https:\/\/www.europa-prefabri.com\/wp-content\/uploads\/vinarock-01-180x180.jpg 180w, https:\/\/www.europa-prefabri.com\/wp-content\/uploads\/vinarock-01-120x120.jpg 120w, https:\/\/www.europa-prefabri.com\/wp-content\/uploads\/vinarock-01-450x450.jpg 450w\" sizes=\"auto, (max-width: 80px) 100vw, 80px\" \/><\/a>\n\t\t\t<\/dt><\/dl><dl class='gallery-item'>\n\t\t\t<dt class='gallery-icon landscape'>\n\t\t\t\t<a href='https:\/\/www.europa-prefabri.com\/fr\/starlite-10\/'><img loading=\"lazy\" decoding=\"async\" width=\"80\" height=\"80\" src=\"https:\/\/www.europa-prefabri.com\/wp-content\/uploads\/starlite-10-80x80.jpg\" class=\"attachment-thumbnail size-thumbnail\" alt=\"starlite - alquiler de kioscos de comida para eventos conciertos festivales espectaculos\" srcset=\"https:\/\/www.europa-prefabri.com\/wp-content\/uploads\/starlite-10-80x80.jpg 80w, https:\/\/www.europa-prefabri.com\/wp-content\/uploads\/starlite-10-36x36.jpg 36w, https:\/\/www.europa-prefabri.com\/wp-content\/uploads\/starlite-10-180x180.jpg 180w, https:\/\/www.europa-prefabri.com\/wp-content\/uploads\/starlite-10-120x120.jpg 120w, https:\/\/www.europa-prefabri.com\/wp-content\/uploads\/starlite-10-450x450.jpg 450w\" sizes=\"auto, (max-width: 80px) 100vw, 80px\" \/><\/a>\n\t\t\t<\/dt><\/dl><dl class='gallery-item'>\n\t\t\t<dt class='gallery-icon landscape'>\n\t\t\t\t<a href='https:\/\/www.europa-prefabri.com\/fr\/starlite-09\/'><img loading=\"lazy\" decoding=\"async\" width=\"80\" height=\"80\" src=\"https:\/\/www.europa-prefabri.com\/wp-content\/uploads\/starlite-09-80x80.jpg\" class=\"attachment-thumbnail size-thumbnail\" alt=\"starlite - alquiler de modulos para eventos y festivales\" srcset=\"https:\/\/www.europa-prefabri.com\/wp-content\/uploads\/starlite-09-80x80.jpg 80w, https:\/\/www.europa-prefabri.com\/wp-content\/uploads\/starlite-09-36x36.jpg 36w, https:\/\/www.europa-prefabri.com\/wp-content\/uploads\/starlite-09-180x180.jpg 180w, https:\/\/www.europa-prefabri.com\/wp-content\/uploads\/starlite-09-120x120.jpg 120w, https:\/\/www.europa-prefabri.com\/wp-content\/uploads\/starlite-09-450x450.jpg 450w\" sizes=\"auto, (max-width: 80px) 100vw, 80px\" \/><\/a>\n\t\t\t<\/dt><\/dl><dl class='gallery-item'>\n\t\t\t<dt class='gallery-icon landscape'>\n\t\t\t\t<a href='https:\/\/www.europa-prefabri.com\/fr\/starlite-04\/'><img loading=\"lazy\" decoding=\"async\" width=\"80\" height=\"80\" src=\"https:\/\/www.europa-prefabri.com\/wp-content\/uploads\/starlite-04-80x80.jpg\" class=\"attachment-thumbnail size-thumbnail\" alt=\"starlite - alquiler de modulos prefabricados para eventos espectaculos festivales\" srcset=\"https:\/\/www.europa-prefabri.com\/wp-content\/uploads\/starlite-04-80x80.jpg 80w, https:\/\/www.europa-prefabri.com\/wp-content\/uploads\/starlite-04-36x36.jpg 36w, https:\/\/www.europa-prefabri.com\/wp-content\/uploads\/starlite-04-180x180.jpg 180w, https:\/\/www.europa-prefabri.com\/wp-content\/uploads\/starlite-04-120x120.jpg 120w, https:\/\/www.europa-prefabri.com\/wp-content\/uploads\/starlite-04-450x450.jpg 450w\" sizes=\"auto, (max-width: 80px) 100vw, 80px\" \/><\/a>\n\t\t\t<\/dt><\/dl><dl class='gallery-item'>\n\t\t\t<dt class='gallery-icon landscape'>\n\t\t\t\t<a href='https:\/\/www.europa-prefabri.com\/fr\/starlite-03\/'><img loading=\"lazy\" decoding=\"async\" width=\"80\" height=\"80\" src=\"https:\/\/www.europa-prefabri.com\/wp-content\/uploads\/starlite-03-80x80.jpg\" class=\"attachment-thumbnail size-thumbnail\" alt=\"starlite - alquiler de taquillas para eventos\" srcset=\"https:\/\/www.europa-prefabri.com\/wp-content\/uploads\/starlite-03-80x80.jpg 80w, https:\/\/www.europa-prefabri.com\/wp-content\/uploads\/starlite-03-36x36.jpg 36w, https:\/\/www.europa-prefabri.com\/wp-content\/uploads\/starlite-03-180x180.jpg 180w, https:\/\/www.europa-prefabri.com\/wp-content\/uploads\/starlite-03-120x120.jpg 120w, https:\/\/www.europa-prefabri.com\/wp-content\/uploads\/starlite-03-450x450.jpg 450w\" sizes=\"auto, (max-width: 80px) 100vw, 80px\" \/><\/a>\n\t\t\t<\/dt><\/dl><dl class='gallery-item'>\n\t\t\t<dt class='gallery-icon landscape'>\n\t\t\t\t<a href='https:\/\/www.europa-prefabri.com\/fr\/starlite-02\/'><img loading=\"lazy\" decoding=\"async\" width=\"80\" height=\"80\" src=\"https:\/\/www.europa-prefabri.com\/wp-content\/uploads\/starlite-02-80x80.jpg\" class=\"attachment-thumbnail size-thumbnail\" alt=\"starlite - alquiler de camerinos para eventos y espectaculos\" srcset=\"https:\/\/www.europa-prefabri.com\/wp-content\/uploads\/starlite-02-80x80.jpg 80w, https:\/\/www.europa-prefabri.com\/wp-content\/uploads\/starlite-02-36x36.jpg 36w, https:\/\/www.europa-prefabri.com\/wp-content\/uploads\/starlite-02-180x180.jpg 180w, https:\/\/www.europa-prefabri.com\/wp-content\/uploads\/starlite-02-120x120.jpg 120w, https:\/\/www.europa-prefabri.com\/wp-content\/uploads\/starlite-02-450x450.jpg 450w\" sizes=\"auto, (max-width: 80px) 100vw, 80px\" \/><\/a>\n\t\t\t<\/dt><\/dl><dl class='gallery-item'>\n\t\t\t<dt class='gallery-icon landscape'>\n\t\t\t\t<a href='https:\/\/www.europa-prefabri.com\/fr\/camerino-sencillo03\/'><img loading=\"lazy\" decoding=\"async\" width=\"80\" height=\"80\" src=\"https:\/\/www.europa-prefabri.com\/wp-content\/uploads\/Camerino-sencillo03-80x80.jpg\" class=\"attachment-thumbnail size-thumbnail\" alt=\"alquiler de camerinos para eventos\" srcset=\"https:\/\/www.europa-prefabri.com\/wp-content\/uploads\/Camerino-sencillo03-80x80.jpg 80w, https:\/\/www.europa-prefabri.com\/wp-content\/uploads\/Camerino-sencillo03-36x36.jpg 36w, https:\/\/www.europa-prefabri.com\/wp-content\/uploads\/Camerino-sencillo03-180x180.jpg 180w, https:\/\/www.europa-prefabri.com\/wp-content\/uploads\/Camerino-sencillo03-120x120.jpg 120w, https:\/\/www.europa-prefabri.com\/wp-content\/uploads\/Camerino-sencillo03-450x450.jpg 450w\" sizes=\"auto, (max-width: 80px) 100vw, 80px\" \/><\/a>\n\t\t\t<\/dt><\/dl><br style=\"clear: both\" \/><dl class='gallery-item'>\n\t\t\t<dt class='gallery-icon landscape'>\n\t\t\t\t<a href='https:\/\/www.europa-prefabri.com\/fr\/evenements-location-et-vente-de-construction-modulaire\/camerino-de-lujo-02-2\/'><img loading=\"lazy\" decoding=\"async\" width=\"80\" height=\"80\" src=\"https:\/\/www.europa-prefabri.com\/wp-content\/uploads\/Camerino-de-lujo-02-80x80.jpg\" class=\"attachment-thumbnail size-thumbnail\" alt=\"\" srcset=\"https:\/\/www.europa-prefabri.com\/wp-content\/uploads\/Camerino-de-lujo-02-80x80.jpg 80w, https:\/\/www.europa-prefabri.com\/wp-content\/uploads\/Camerino-de-lujo-02-36x36.jpg 36w, https:\/\/www.europa-prefabri.com\/wp-content\/uploads\/Camerino-de-lujo-02-180x180.jpg 180w, https:\/\/www.europa-prefabri.com\/wp-content\/uploads\/Camerino-de-lujo-02-120x120.jpg 120w, https:\/\/www.europa-prefabri.com\/wp-content\/uploads\/Camerino-de-lujo-02-450x450.jpg 450w\" sizes=\"auto, (max-width: 80px) 100vw, 80px\" \/><\/a>\n\t\t\t<\/dt><\/dl><dl class='gallery-item'>\n\t\t\t<dt class='gallery-icon landscape'>\n\t\t\t\t<a href='https:\/\/www.europa-prefabri.com\/fr\/sanitario-vip-01\/'><img loading=\"lazy\" decoding=\"async\" width=\"80\" height=\"80\" src=\"https:\/\/www.europa-prefabri.com\/wp-content\/uploads\/sanitario-vip-01-80x80.jpg\" class=\"attachment-thumbnail size-thumbnail\" alt=\"alquiler de sanitarios vip para eventos y espectaculos\" srcset=\"https:\/\/www.europa-prefabri.com\/wp-content\/uploads\/sanitario-vip-01-80x80.jpg 80w, https:\/\/www.europa-prefabri.com\/wp-content\/uploads\/sanitario-vip-01-36x36.jpg 36w, https:\/\/www.europa-prefabri.com\/wp-content\/uploads\/sanitario-vip-01-180x180.jpg 180w, https:\/\/www.europa-prefabri.com\/wp-content\/uploads\/sanitario-vip-01-120x120.jpg 120w, https:\/\/www.europa-prefabri.com\/wp-content\/uploads\/sanitario-vip-01-450x450.jpg 450w\" sizes=\"auto, (max-width: 80px) 100vw, 80px\" \/><\/a>\n\t\t\t<\/dt><\/dl><dl class='gallery-item'>\n\t\t\t<dt class='gallery-icon landscape'>\n\t\t\t\t<a href='https:\/\/www.europa-prefabri.com\/fr\/sanitario-vip-02\/'><img loading=\"lazy\" decoding=\"async\" width=\"80\" height=\"80\" src=\"https:\/\/www.europa-prefabri.com\/wp-content\/uploads\/sanitario-vip-02-80x80.jpg\" class=\"attachment-thumbnail size-thumbnail\" alt=\"alquiler de sanitarios de lujo para eventos y espectaculos\" srcset=\"https:\/\/www.europa-prefabri.com\/wp-content\/uploads\/sanitario-vip-02-80x80.jpg 80w, https:\/\/www.europa-prefabri.com\/wp-content\/uploads\/sanitario-vip-02-36x36.jpg 36w, https:\/\/www.europa-prefabri.com\/wp-content\/uploads\/sanitario-vip-02-180x180.jpg 180w, https:\/\/www.europa-prefabri.com\/wp-content\/uploads\/sanitario-vip-02-120x120.jpg 120w, https:\/\/www.europa-prefabri.com\/wp-content\/uploads\/sanitario-vip-02-450x450.jpg 450w\" sizes=\"auto, (max-width: 80px) 100vw, 80px\" \/><\/a>\n\t\t\t<\/dt><\/dl><dl class='gallery-item'>\n\t\t\t<dt class='gallery-icon landscape'>\n\t\t\t\t<a href='https:\/\/www.europa-prefabri.com\/fr\/rock-in-rio20\/'><img loading=\"lazy\" decoding=\"async\" width=\"80\" height=\"80\" src=\"https:\/\/www.europa-prefabri.com\/wp-content\/uploads\/rock-in-rio20-80x80.jpg\" class=\"attachment-thumbnail size-thumbnail\" alt=\"rock in rio - alquiler de vallas para eventos festivales y espectaculos\" srcset=\"https:\/\/www.europa-prefabri.com\/wp-content\/uploads\/rock-in-rio20-80x80.jpg 80w, https:\/\/www.europa-prefabri.com\/wp-content\/uploads\/rock-in-rio20-36x36.jpg 36w, https:\/\/www.europa-prefabri.com\/wp-content\/uploads\/rock-in-rio20-180x180.jpg 180w, https:\/\/www.europa-prefabri.com\/wp-content\/uploads\/rock-in-rio20-120x120.jpg 120w, https:\/\/www.europa-prefabri.com\/wp-content\/uploads\/rock-in-rio20-450x450.jpg 450w\" sizes=\"auto, (max-width: 80px) 100vw, 80px\" \/><\/a>\n\t\t\t<\/dt><\/dl><dl class='gallery-item'>\n\t\t\t<dt class='gallery-icon landscape'>\n\t\t\t\t<a href='https:\/\/www.europa-prefabri.com\/fr\/rock-in-rio01\/'><img loading=\"lazy\" decoding=\"async\" width=\"80\" height=\"80\" src=\"https:\/\/www.europa-prefabri.com\/wp-content\/uploads\/rock-in-rio01-80x80.jpg\" class=\"attachment-thumbnail size-thumbnail\" alt=\"rock in rio - alquiler de modulos de kioscos de comida para evenots y espectaculos\" srcset=\"https:\/\/www.europa-prefabri.com\/wp-content\/uploads\/rock-in-rio01-80x80.jpg 80w, https:\/\/www.europa-prefabri.com\/wp-content\/uploads\/rock-in-rio01-36x36.jpg 36w, https:\/\/www.europa-prefabri.com\/wp-content\/uploads\/rock-in-rio01-180x180.jpg 180w, https:\/\/www.europa-prefabri.com\/wp-content\/uploads\/rock-in-rio01-120x120.jpg 120w, https:\/\/www.europa-prefabri.com\/wp-content\/uploads\/rock-in-rio01-450x450.jpg 450w\" sizes=\"auto, (max-width: 80px) 100vw, 80px\" \/><\/a>\n\t\t\t<\/dt><\/dl><dl class='gallery-item'>\n\t\t\t<dt class='gallery-icon landscape'>\n\t\t\t\t<a href='https:\/\/www.europa-prefabri.com\/fr\/starlite-05\/'><img loading=\"lazy\" decoding=\"async\" width=\"80\" height=\"80\" src=\"https:\/\/www.europa-prefabri.com\/wp-content\/uploads\/starlite-05-80x80.jpg\" class=\"attachment-thumbnail size-thumbnail\" alt=\"starlite - aquiler de kioscos de comida para espectaculos y eventos\" srcset=\"https:\/\/www.europa-prefabri.com\/wp-content\/uploads\/starlite-05-80x80.jpg 80w, https:\/\/www.europa-prefabri.com\/wp-content\/uploads\/starlite-05-36x36.jpg 36w, https:\/\/www.europa-prefabri.com\/wp-content\/uploads\/starlite-05-180x180.jpg 180w, https:\/\/www.europa-prefabri.com\/wp-content\/uploads\/starlite-05-120x120.jpg 120w, https:\/\/www.europa-prefabri.com\/wp-content\/uploads\/starlite-05-450x450.jpg 450w\" sizes=\"auto, (max-width: 80px) 100vw, 80px\" \/><\/a>\n\t\t\t<\/dt><\/dl><dl class='gallery-item'>\n\t\t\t<dt class='gallery-icon landscape'>\n\t\t\t\t<a href='https:\/\/www.europa-prefabri.com\/fr\/starlite-06\/'><img loading=\"lazy\" decoding=\"async\" width=\"80\" height=\"80\" src=\"https:\/\/www.europa-prefabri.com\/wp-content\/uploads\/starlite-06-80x80.jpg\" class=\"attachment-thumbnail size-thumbnail\" alt=\"starlite - alquiler de kioscos de comida para festivales y eventos\" srcset=\"https:\/\/www.europa-prefabri.com\/wp-content\/uploads\/starlite-06-80x80.jpg 80w, https:\/\/www.europa-prefabri.com\/wp-content\/uploads\/starlite-06-36x36.jpg 36w, https:\/\/www.europa-prefabri.com\/wp-content\/uploads\/starlite-06-180x180.jpg 180w, https:\/\/www.europa-prefabri.com\/wp-content\/uploads\/starlite-06-120x120.jpg 120w, https:\/\/www.europa-prefabri.com\/wp-content\/uploads\/starlite-06-450x450.jpg 450w\" sizes=\"auto, (max-width: 80px) 100vw, 80px\" \/><\/a>\n\t\t\t<\/dt><\/dl><dl class='gallery-item'>\n\t\t\t<dt class='gallery-icon landscape'>\n\t\t\t\t<a href='https:\/\/www.europa-prefabri.com\/fr\/evenements-location-et-vente-de-construction-modulaire\/rock-in-rio14-2\/'><img loading=\"lazy\" decoding=\"async\" width=\"80\" height=\"80\" src=\"https:\/\/www.europa-prefabri.com\/wp-content\/uploads\/rock-in-rio14-80x80.jpg\" class=\"attachment-thumbnail size-thumbnail\" alt=\"\u00e9v\u00e8nements\" srcset=\"https:\/\/www.europa-prefabri.com\/wp-content\/uploads\/rock-in-rio14-80x80.jpg 80w, https:\/\/www.europa-prefabri.com\/wp-content\/uploads\/rock-in-rio14-36x36.jpg 36w, https:\/\/www.europa-prefabri.com\/wp-content\/uploads\/rock-in-rio14-180x180.jpg 180w, https:\/\/www.europa-prefabri.com\/wp-content\/uploads\/rock-in-rio14-120x120.jpg 120w, https:\/\/www.europa-prefabri.com\/wp-content\/uploads\/rock-in-rio14-450x450.jpg 450w\" sizes=\"auto, (max-width: 80px) 100vw, 80px\" \/><\/a>\n\t\t\t<\/dt><\/dl><dl class='gallery-item'>\n\t\t\t<dt class='gallery-icon landscape'>\n\t\t\t\t<a href='https:\/\/www.europa-prefabri.com\/fr\/rock-in-rio13\/'><img loading=\"lazy\" decoding=\"async\" width=\"80\" height=\"80\" src=\"https:\/\/www.europa-prefabri.com\/wp-content\/uploads\/rock-in-rio13-80x80.jpg\" class=\"attachment-thumbnail size-thumbnail\" alt=\"rock in rio - alquiler de taquillas para eventos y festivales\" srcset=\"https:\/\/www.europa-prefabri.com\/wp-content\/uploads\/rock-in-rio13-80x80.jpg 80w, https:\/\/www.europa-prefabri.com\/wp-content\/uploads\/rock-in-rio13-36x36.jpg 36w, https:\/\/www.europa-prefabri.com\/wp-content\/uploads\/rock-in-rio13-180x180.jpg 180w, https:\/\/www.europa-prefabri.com\/wp-content\/uploads\/rock-in-rio13-120x120.jpg 120w, https:\/\/www.europa-prefabri.com\/wp-content\/uploads\/rock-in-rio13-450x450.jpg 450w\" sizes=\"auto, (max-width: 80px) 100vw, 80px\" \/><\/a>\n\t\t\t<\/dt><\/dl><br style=\"clear: both\" \/>\n\t\t<\/div>\n\n<p>La division sp\u00e9cialis\u00e9e Europa Prefabri Eventos a pour objectif de s&#8217;occuper des n\u00e9cessit\u00e9s sp\u00e9cifiques de nos clients en facilitant l\u00b4organisation de tous types de spectacles, \u00e9v\u00e9nements sportifs, concerts, festivals, foires, f\u00eates, c\u00e9l\u00e9brations\u2026<\/p>\n<p>Nous comptons sur notre \u00e9quipe de professionnels qui a une grande exp\u00e9rience pour\u00a0 vous conseillez et vous apportez les meilleures solutions pour votre \u00e9v\u00e9nement, en s&#8217;occupant du design et de la fabrication de constructions pr\u00e9fabriqu\u00e9es sur mesure, jusqu&#8217;au transport, montage et installation, et aussi bien des services de maintenance et de nettoyage n\u00e9cessaires.<\/p>\n<p>Nous proposons la location et la vente de toilettes portatives, loges et modules pr\u00e9fabriqu\u00e9s sanitaires de luxe, modules pr\u00e9fabriqu\u00e9s pour de multiples usages, conteneurs, cl\u00f4tures et fermetures\u2026. Et de tout ce dont vous avez besoin pour votre \u00e9v\u00e9nement.<\/p>\n<h4>Modules, conteneurs publicitaires et sp\u00e9ciaux pour les \u00e9v\u00e8nements<\/h4>\n<p><img loading=\"lazy\" decoding=\"async\" class=\"alignnone size-full wp-image-13755\" src=\"https:\/\/www.europa-prefabri.com\/wp-content\/uploads\/modulos-especiales-y-transformacion-de-contenedores.jpg\" alt=\"modulos especiales y transformacion de contenedores\" width=\"800\" height=\"600\" srcset=\"https:\/\/www.europa-prefabri.com\/wp-content\/uploads\/modulos-especiales-y-transformacion-de-contenedores.jpg 800w, https:\/\/www.europa-prefabri.com\/wp-content\/uploads\/modulos-especiales-y-transformacion-de-contenedores-300x225.jpg 300w, https:\/\/www.europa-prefabri.com\/wp-content\/uploads\/modulos-especiales-y-transformacion-de-contenedores-768x576.jpg 768w, https:\/\/www.europa-prefabri.com\/wp-content\/uploads\/modulos-especiales-y-transformacion-de-contenedores-705x529.jpg 705w, https:\/\/www.europa-prefabri.com\/wp-content\/uploads\/modulos-especiales-y-transformacion-de-contenedores-450x338.jpg 450w\" sizes=\"auto, (max-width: 800px) 100vw, 800px\" \/><\/p>\n<p>Nous disposons d&#8217;une grande vari\u00e9t\u00e9 de b\u00e2timents pr\u00e9fabriqu\u00e9s sp\u00e9cifiques pour les utilis\u00e9s comme loges, modules pr\u00e9fabriqu\u00e9s sanitaires, bureaux pr\u00e9fabriqu\u00e9s temporaires, cantines, guichets, comptoirs, stocks provisoires, unit\u00e9s mobiles, boutiques, kiosques\u2026.<\/p>\n<p>Nous pouvons personnaliser nos modules standards aussi bien ext\u00e9rieurement qu&#8217;int\u00e9rieurement en un temps bref en les adaptant a leur diff\u00e9rents usages ainsi que concevoir et fabriquer des modules sp\u00e9ciaux en fonction des besoins concrets de nos clients.<\/p>\n<p>Nous pouvons \u00e9galement personnaliser des conteneurs maritimes pour un usage publicitaire.<\/p>\n<h2><strong>Sanitaires et loges pour les \u00e9v\u00e9nements <\/strong><\/h2>\n<h2><img loading=\"lazy\" decoding=\"async\" class=\"alignnone size-full wp-image-13719\" style=\"font-size: 16px; line-height: 1.5;\" src=\"https:\/\/www.europa-prefabri.com\/wp-content\/uploads\/sanitarios-para-eventos.jpg\" alt=\"sanitarios para eventos\" width=\"800\" height=\"600\" srcset=\"https:\/\/www.europa-prefabri.com\/wp-content\/uploads\/sanitarios-para-eventos.jpg 800w, https:\/\/www.europa-prefabri.com\/wp-content\/uploads\/sanitarios-para-eventos-300x225.jpg 300w, https:\/\/www.europa-prefabri.com\/wp-content\/uploads\/sanitarios-para-eventos-768x576.jpg 768w, https:\/\/www.europa-prefabri.com\/wp-content\/uploads\/sanitarios-para-eventos-705x529.jpg 705w, https:\/\/www.europa-prefabri.com\/wp-content\/uploads\/sanitarios-para-eventos-450x338.jpg 450w\" sizes=\"auto, (max-width: 800px) 100vw, 800px\" \/><\/h2>\n<p>Nous disposons d&#8217;un large choix de mod\u00e8les pour offrir nos services pour tout type d&#8217;\u00e9v\u00e8nements\u00a0:<\/p>\n<ul>\n<li>Sanitaires pr\u00e9fabriqu\u00e9s portatifs \u00e9cologiques autonomes ou avec alimentation d&#8217;eau<\/li>\n<li>Urinoirs et douches pr\u00e9fabriqu\u00e9s portatifs,<\/li>\n<li>Modules sanitaires avec diff\u00e9rentes configurations,<\/li>\n<li>Loges et sanitaires de luxe pour les \u00e9v\u00e9nements plus prestigieux\u2026<\/li>\n<\/ul>\n<p>Nous r\u00e9alisons la maintenance et le nettoyage n\u00e9cessaire pendant l&#8217;\u00e9v\u00e9nement pour faire en sorte que vous n&#8217;avez pas \u00e0 vous en occuper<\/p>\n<h2><strong>Barri\u00e8res pour \u00e9v\u00e8nements <\/strong><\/h2>\n<p><img loading=\"lazy\" decoding=\"async\" class=\"alignnone size-full wp-image-13735\" style=\"font-size: 16px; line-height: 1.5;\" src=\"https:\/\/www.europa-prefabri.com\/wp-content\/uploads\/vallas-para-eventos-prefabri.jpg\" alt=\"vallas para eventos prefabri\" width=\"800\" height=\"600\" srcset=\"https:\/\/www.europa-prefabri.com\/wp-content\/uploads\/vallas-para-eventos-prefabri.jpg 800w, https:\/\/www.europa-prefabri.com\/wp-content\/uploads\/vallas-para-eventos-prefabri-300x225.jpg 300w, https:\/\/www.europa-prefabri.com\/wp-content\/uploads\/vallas-para-eventos-prefabri-768x576.jpg 768w, https:\/\/www.europa-prefabri.com\/wp-content\/uploads\/vallas-para-eventos-prefabri-705x529.jpg 705w, https:\/\/www.europa-prefabri.com\/wp-content\/uploads\/vallas-para-eventos-prefabri-450x338.jpg 450w\" sizes=\"auto, (max-width: 800px) 100vw, 800px\" \/><\/p>\n<p>Nous fournissons tout type de cl\u00f4tures et barri\u00e8res que peut n\u00e9cessiter l&#8217;organisation d&#8217;\u00e9v\u00e9nements, en passant par la cl\u00f4ture classique jusqu&#8217;aux barri\u00e8res sp\u00e9ciales anti-avalanches, barri\u00e8res routi\u00e8res, barri\u00e8res mobiles avec pied en b\u00e9ton et autres mod\u00e8les sp\u00e9ciaux.<\/p>\n<p>Nous pouvons peindre et personnaliser les barri\u00e8res pour les adapter aux besoins de nos clients.<\/p>\n<h2><strong>\u00c9v\u00e8nements r\u00e9alis\u00e9s<\/strong><\/h2>\n<p>Nous avons une grande exp\u00e9rience dans la c\u00e9l\u00e9bration d&#8217;\u00e9v\u00e9nements de toute nature\u00a0:<\/p>\n<h3>Concerts et festivals de musique<\/h3>\n<h3><img loading=\"lazy\" decoding=\"async\" class=\"alignnone size-full wp-image-13731\" style=\"font-size: 16px; line-height: 1.5;\" src=\"https:\/\/www.europa-prefabri.com\/wp-content\/uploads\/festivales-de-musica-y-conciertos.jpg\" alt=\"festivales de musica y conciertos prefabri\" width=\"800\" height=\"600\" srcset=\"https:\/\/www.europa-prefabri.com\/wp-content\/uploads\/festivales-de-musica-y-conciertos.jpg 800w, https:\/\/www.europa-prefabri.com\/wp-content\/uploads\/festivales-de-musica-y-conciertos-300x225.jpg 300w, https:\/\/www.europa-prefabri.com\/wp-content\/uploads\/festivales-de-musica-y-conciertos-768x576.jpg 768w, https:\/\/www.europa-prefabri.com\/wp-content\/uploads\/festivales-de-musica-y-conciertos-705x529.jpg 705w, https:\/\/www.europa-prefabri.com\/wp-content\/uploads\/festivales-de-musica-y-conciertos-450x338.jpg 450w\" sizes=\"auto, (max-width: 800px) 100vw, 800px\" \/><\/h3>\n<h4>Vi\u00f1arock<\/h4>\n<p>L&#8217;ancien festival de musique, qui s&#8217;est c\u00e9l\u00e9br\u00e9 chaque ann\u00e9e depuis 1996, est un de nos client habituel avec qui nous travaillons depuis de nombreuses ann\u00e9es en lui fournissant diff\u00e9rents produits selon les besoins de chaque ann\u00e9e. Parmi les produits que nous lui avons fournis, il y a eu des cabines pr\u00e9fabriqu\u00e9es et modules pour diff\u00e9rents usages\u00a0: bureaux pr\u00e9fabriqu\u00e9s, guichets, stands de service m\u00e9dical, s\u00e9curit\u00e9, boutiques, stands, loges, module pr\u00e9fabriqu\u00e9 sanitaire\u2026 Nous avons aussi fourni plusieurs kilom\u00e8tres de grillage.<\/p>\n<h4><span style=\"line-height: 1.5;\">Dcode festival<\/span><\/h4>\n<p>La c\u00e9l\u00e9bration de ce festival, qui a lieu depuis 2011, \u00e0 son si\u00e8ge habituel au campus de la Facult\u00e9 de Sciences de l\u00b4Information de l\u00b4Universit\u00e9 Complutense de Madrid. Les organisateurs nous ont fait confiance pour de nombreuses \u00e9ditions pour le service de location et d&#8217;installation de tous les modules, bureaux pr\u00e9fabriqu\u00e9s temporaires, loges, sanitaires et salles de bain pr\u00e9fabriqu\u00e9es n\u00e9cessaires au bon d\u00e9roulement du festival.<\/p>\n<h4><span style=\"line-height: 1.5;\">Rock in Rio<\/span><\/h4>\n<p>Nous avons particip\u00e9 \u00e0 de nombreuses \u00e9ditions de Rock in Rio, plus populairement connu comme \u00ab\u00a0le plus grand festival du monde \u00bb aussi bien dans les \u00e9ditions de Lisbonne que de Madrid.<\/p>\n<p>Les organisateurs de l&#8217;\u00e9v\u00e9nement nous ont confi\u00e9, pour une ann\u00e9e de plus, la fourniture\u00a0 de bureaux pr\u00e9fabriqu\u00e9s temporaires, cl\u00f4tures, conteneurs et sanitaires portatifs.<\/p>\n<p>Nous avons de plus install\u00e9 diverses constructions modulaires comme des kiosques pr\u00e9fabriqu\u00e9s, stands publicitaires, boutiques, bars, modules sp\u00e9ciaux de publicit\u00e9,\u00a0 guichets\u2026<\/p>\n<h4>Starlite<\/h4>\n<p>Les organisateurs de ce grand \u00e9v\u00e9nement de musique, mode, cin\u00e9ma et art, nous ont confi\u00e9 pendant de nombreuses ann\u00e9es la fourniture de modules, modules pr\u00e9fabriqu\u00e9s sp\u00e9ciaux, conteneurs transform\u00e9s en modules sanitaires pr\u00e9fabriqu\u00e9s et barri\u00e8res n\u00e9cessaires\u00a0 au festival.<\/p>\n<p>Nous avons aussi install\u00e9es des loges temporaires pour les artistes.<\/p>\n<h4>MTV Day 2012<\/h4>\n<p>Le concert a accueilli 18 000 personnes, et nous avons fourni des modules pr\u00e9fabriqu\u00e9s pour diff\u00e9rents usages comme sanitaires par exemple, et aussi des barri\u00e8res.<\/p>\n<h3>\u00c9v\u00e8nements sportifs<\/h3>\n<p><img loading=\"lazy\" decoding=\"async\" class=\"alignnone size-full wp-image-13739\" style=\"line-height: 1.5;\" src=\"http:\/\/www.europa-prefabri.com\/wp-content\/uploads\/eventos-deportivos-prefabri.jpg\" alt=\"eventos deportivos prefabri\" width=\"800\" height=\"600\" \/><\/p>\n<h4>Finale de la Champions League 2009\/2010<\/h4>\n<p>Les organisateurs de la final de la Champions Leage 2009\/2010\u00a0 \u00e0 Madrid, qui confrontait l&#8217;Inter Milan et le Bayern de Munich, n\u00e9cessitaient nos services pour la fourniture de modules pr\u00e9fabriqu\u00e9s et des cl\u00f4tures.<\/p>\n<h4><span style=\"line-height: 1.5;\">Open de Andaluc\u00eda<\/span><\/h4>\n<p>Durant la c\u00e9l\u00e9bration\u00a0 de l&#8217;Open d&#8217;Andaluc\u00eda \u00e9dition 2009 nous avons fournis des sanitaires pr\u00e9fabriqu\u00e9s standards et des sanitaires de luxe.<\/p>\n<h4>Campagne publicitaire Toro Rosso<\/h4>\n<p>Nous avons fabriqu\u00e9 et install\u00e9 dans une station service proche de Madrid un b\u00e2timent modulaire vitr\u00e9 sp\u00e9cial form\u00e9 par plusieurs modules pour une grande agence de publicit\u00e9, afin de cr\u00e9er un espace publicitaire pour les sponsors de la Scuderia Toro Rosso\u00a0(\u00e9curie Red Bull, en italien).<\/p>\n<h4><span style=\"line-height: 1.5;\">Mutua Madrid Open Masters 1000<\/span><\/h4>\n<p>Pour la c\u00e9l\u00e9bration du tournois de tennis la plus importante qui se dispute chaque ann\u00e9e dans notre pays, les organisateurs des derni\u00e8res \u00e9ditions n\u00e9cessitaient la fourniture de guichets pr\u00e9fabriqu\u00e9s peints dans la couleur de l&#8217;\u00e9v\u00e9nement et d&#8217;autres modules de bureaux pour quelques entreprises collaboratrices du tournoi.<\/p>\n<h3><strong>\u00c9v\u00e8nements cin\u00e9philes<\/strong><\/h3>\n<p><img loading=\"lazy\" decoding=\"async\" class=\"alignnone size-full wp-image-13747\" style=\"line-height: 1.5;\" src=\"http:\/\/www.europa-prefabri.com\/wp-content\/uploads\/eventos-cinefilos-festivales-de-cine-prefabri.jpg\" alt=\"eventos cinefilos festivales de cine prefabri\" width=\"800\" height=\"600\" \/><\/p>\n<h4>Festival de Malaga de 2013<\/h4>\n<p>L\u00b4installation d\u00b4un nombre important de modules pr\u00e9fabriqu\u00e9s nous ont \u00e9t\u00e9 confi\u00e9s, ceux-ci ont dus \u00eatre adapt\u00e9s et modifi\u00e9s pour \u00eatre utilis\u00e9s comme boutiques, stands publicitaires, caf\u00e9t\u00e9ria, librairies\u2026<\/p>\n<h4><span style=\"line-height: 1.5;\">Open Star<\/span><\/h4>\n<p>Les organisateurs de cet \u00e9v\u00e8nement ont fait une fois de plus confiance \u00e0 Europa Prefabri pour la fourniture et l&#8217;installation de modules pr\u00e9fabriqu\u00e9s sanitaires, la fermeture de l&#8217;enceinte, et aussi l&#8217;installation de guichets, bureaux de productions, toilettes\u2026 Tout ce qui est n\u00e9cessaire pour ce grand \u00e9v\u00e8nement.<\/p>\n<p>Un grand paysage qui se d\u00e9roule dans les parques les plus exclusifs des villes comme Zurich, D\u00fcsseldorf, Lisbonne, Sydney, Duba\u00ef, Rio de Janeiro, Santiago de Chile et qui est parti pour se convertir comme le point de r\u00e9f\u00e9rence des nuits d&#8217;\u00e9t\u00e9 madril\u00e8ne.\u00a0 Europa Prefabri a \u00e9t\u00e9 pr\u00e9sente \u00e0 toutes les \u00e9ditions.<\/p>\n<h4>Open Air<\/h4>\n<p>La transformation du parc Tierno Galvan en un grand cin\u00e9ma en plein air avec un \u00e9cran g\u00e9ant d\u00b4environ 300m\u00b2 pour pouvoir profiter convenablement depuis les hamacs \u00e0 l&#8217;air libre. En plus de surprendre par sa taille hors du commun, l\u00b4\u00e9cran a la derni\u00e8re technologie de son pour que le son des films soit de la m\u00eame qualit\u00e9 que celui d&#8217;un concert de rock.<\/p>\n<p>Pour l&#8217;Open Air, nous avons fournis des cabanes, modules pr\u00e9fabriqu\u00e9s, modules pr\u00e9fabriqu\u00e9s sanitaires et barri\u00e8res.<\/p>\n<h3><strong>Foires et f\u00eates patronales<\/strong><\/h3>\n<h3><img loading=\"lazy\" decoding=\"async\" class=\"alignnone size-full wp-image-13943\" style=\"font-size: 16px; line-height: 1.5;\" src=\"https:\/\/www.europa-prefabri.com\/wp-content\/uploads\/ferias-y-fiestas-patronales-prefabri.jpg\" alt=\"ferias y fiestas patronales prefabri\" width=\"800\" height=\"600\" srcset=\"https:\/\/www.europa-prefabri.com\/wp-content\/uploads\/ferias-y-fiestas-patronales-prefabri.jpg 800w, https:\/\/www.europa-prefabri.com\/wp-content\/uploads\/ferias-y-fiestas-patronales-prefabri-300x225.jpg 300w, https:\/\/www.europa-prefabri.com\/wp-content\/uploads\/ferias-y-fiestas-patronales-prefabri-768x576.jpg 768w, https:\/\/www.europa-prefabri.com\/wp-content\/uploads\/ferias-y-fiestas-patronales-prefabri-705x529.jpg 705w, https:\/\/www.europa-prefabri.com\/wp-content\/uploads\/ferias-y-fiestas-patronales-prefabri-450x338.jpg 450w\" sizes=\"auto, (max-width: 800px) 100vw, 800px\" \/><\/h3>\n<p>Nous avons fournis des modules, cabanes, sanitaires et loges a de nombreuses foires et f\u00eates patronales, dont la Foire de Malaga, les f\u00eates de Madrid, Las Rozas, Majadahonda, Navacerrada, El Viso, Carranque, El Soto del Real, Galapagar\u2026<\/p>\n<h3><strong>\u00c9v\u00e8nements religieux<\/strong><\/h3>\n<p><img loading=\"lazy\" decoding=\"async\" class=\"alignnone size-full wp-image-13751\" style=\"line-height: 1.5;\" src=\"https:\/\/www.europa-prefabri.com\/wp-content\/uploads\/Jornadas-Mundiales-de-la-Juventud-2011.jpg\" alt=\"jornadas mundiales de la juventud 2011 prefabri\" width=\"800\" height=\"600\" \/><\/p>\n<p>Durant la c\u00e9l\u00e9bration de les Journ\u00e9es Mondiales de\u00a0la\u00a0Jeunesse\u00a0de 2011 (JMJ 2011), nous avons fourni un grand nombre de sanitaires et barri\u00e8res pour faciliter la c\u00e9l\u00e9bration de cet \u00e9v\u00e8nement.<\/p>\n","protected":false},"excerpt":{"rendered":"<p>La division sp\u00e9cialis\u00e9e Europa Prefabri Eventos a pour objectif de s&#8217;occuper des n\u00e9cessit\u00e9s sp\u00e9cifiques de nos clients en facilitant l\u00b4organisation de tous types de spectacles, \u00e9v\u00e9nements sportifs, concerts, festivals, foires, f\u00eates, c\u00e9l\u00e9brations\u2026 Nous comptons sur notre \u00e9quipe de professionnels qui a une grande exp\u00e9rience pour\u00a0 vous conseillez et vous apportez les meilleures solutions pour votre [&hellip;]<\/p>\n","protected":false},"author":4,"featured_media":13797,"comment_status":"closed","ping_status":"closed","sticky":false,"template":"","format":"gallery","meta":{"footnotes":""},"categories":[42,58],"tags":[379,157,378,340],"class_list":["post-14339","post","type-post","status-publish","format-gallery","has-post-thumbnail","hentry","category-noticias","category-projets","tag-barrieres","tag-construction-modulaire-2","tag-construction-prefabriquee","tag-module","post_format-post-format-gallery"],"yoast_head":"<!-- This site is optimized with the Yoast SEO plugin v27.5 - https:\/\/yoast.com\/product\/yoast-seo-wordpress\/ -->\n<title>\u00c9v\u00e8nements: location et vente de construction modulaire<\/title>\n<meta name=\"description\" content=\"Nous disposons d&#039;une grande vari\u00e9t\u00e9 de modules pr\u00e9fabriqu\u00e9s sp\u00e9cifiques pour les utilis\u00e9s comme loges, sanitaires portatifs pour tous types d&#039;\u00e9v\u00e9nements\" \/>\n<meta name=\"robots\" content=\"index, follow, max-snippet:-1, max-image-preview:large, max-video-preview:-1\" \/>\n<link rel=\"canonical\" href=\"https:\/\/www.europa-prefabri.com\/fr\/evenements-location-et-vente-de-construction-modulaire\/\" \/>\n<meta property=\"og:locale\" content=\"fr_FR\" \/>\n<meta property=\"og:type\" content=\"article\" \/>\n<meta property=\"og:title\" content=\"\u00c9v\u00e8nements: location et vente de construction modulaire\" \/>\n<meta property=\"og:description\" content=\"Nous disposons d&#039;une grande vari\u00e9t\u00e9 de modules pr\u00e9fabriqu\u00e9s sp\u00e9cifiques pour les utilis\u00e9s comme loges, sanitaires portatifs pour tous types d&#039;\u00e9v\u00e9nements\" \/>\n<meta property=\"og:url\" content=\"https:\/\/www.europa-prefabri.com\/fr\/evenements-location-et-vente-de-construction-modulaire\/\" \/>\n<meta property=\"og:site_name\" content=\"Europa Prefabri | Alquiler y venta de construcciones modulares\" \/>\n<meta property=\"article:publisher\" content=\"https:\/\/www.facebook.com\/Europa-Prefabri-258328977572213\/\" \/>\n<meta property=\"article:published_time\" content=\"2017-01-30T12:01:57+00:00\" \/>\n<meta property=\"article:modified_time\" content=\"2017-03-14T10:33:37+00:00\" \/>\n<meta property=\"og:image\" content=\"https:\/\/www.europa-prefabri.com\/wp-content\/uploads\/rock-in-rio14.jpg\" \/>\n\t<meta property=\"og:image:width\" content=\"800\" \/>\n\t<meta property=\"og:image:height\" content=\"600\" \/>\n\t<meta property=\"og:image:type\" content=\"image\/jpeg\" \/>\n<meta name=\"author\" content=\"admin\" \/>\n<meta name=\"twitter:card\" content=\"summary_large_image\" \/>\n<meta name=\"twitter:creator\" content=\"@EuropaPrefabri\" \/>\n<meta name=\"twitter:site\" content=\"@EuropaPrefabri\" \/>\n<meta name=\"twitter:label1\" content=\"Written by\" \/>\n\t<meta name=\"twitter:data1\" content=\"admin\" \/>\n\t<meta name=\"twitter:label2\" content=\"Est. reading time\" \/>\n\t<meta name=\"twitter:data2\" content=\"6 minutes\" \/>\n<script type=\"application\/ld+json\" class=\"yoast-schema-graph\">{\"@context\":\"https:\\\/\\\/schema.org\",\"@graph\":[{\"@type\":\"Article\",\"@id\":\"https:\\\/\\\/www.europa-prefabri.com\\\/fr\\\/evenements-location-et-vente-de-construction-modulaire\\\/#article\",\"isPartOf\":{\"@id\":\"https:\\\/\\\/www.europa-prefabri.com\\\/fr\\\/evenements-location-et-vente-de-construction-modulaire\\\/\"},\"author\":{\"name\":\"admin\",\"@id\":\"https:\\\/\\\/www.europa-prefabri.com\\\/#\\\/schema\\\/person\\\/2ab6be5821a7026cd8f16d2a9411e86e\"},\"headline\":\"Ev\u00e9nements\",\"datePublished\":\"2017-01-30T12:01:57+00:00\",\"dateModified\":\"2017-03-14T10:33:37+00:00\",\"mainEntityOfPage\":{\"@id\":\"https:\\\/\\\/www.europa-prefabri.com\\\/fr\\\/evenements-location-et-vente-de-construction-modulaire\\\/\"},\"wordCount\":1288,\"publisher\":{\"@id\":\"https:\\\/\\\/www.europa-prefabri.com\\\/#organization\"},\"image\":{\"@id\":\"https:\\\/\\\/www.europa-prefabri.com\\\/fr\\\/evenements-location-et-vente-de-construction-modulaire\\\/#primaryimage\"},\"thumbnailUrl\":\"https:\\\/\\\/www.europa-prefabri.com\\\/wp-content\\\/uploads\\\/rock-in-rio14.jpg\",\"keywords\":[\"barri\u00e8res\",\"construction modulaire\",\"construction pr\u00e9fabriqu\u00e9e\",\"module\"],\"articleSection\":[\"Noticias\",\"Projets\"],\"inLanguage\":\"fr-FR\"},{\"@type\":\"WebPage\",\"@id\":\"https:\\\/\\\/www.europa-prefabri.com\\\/fr\\\/evenements-location-et-vente-de-construction-modulaire\\\/\",\"url\":\"https:\\\/\\\/www.europa-prefabri.com\\\/fr\\\/evenements-location-et-vente-de-construction-modulaire\\\/\",\"name\":\"\u00c9v\u00e8nements: location et vente de construction modulaire\",\"isPartOf\":{\"@id\":\"https:\\\/\\\/www.europa-prefabri.com\\\/#website\"},\"primaryImageOfPage\":{\"@id\":\"https:\\\/\\\/www.europa-prefabri.com\\\/fr\\\/evenements-location-et-vente-de-construction-modulaire\\\/#primaryimage\"},\"image\":{\"@id\":\"https:\\\/\\\/www.europa-prefabri.com\\\/fr\\\/evenements-location-et-vente-de-construction-modulaire\\\/#primaryimage\"},\"thumbnailUrl\":\"https:\\\/\\\/www.europa-prefabri.com\\\/wp-content\\\/uploads\\\/rock-in-rio14.jpg\",\"datePublished\":\"2017-01-30T12:01:57+00:00\",\"dateModified\":\"2017-03-14T10:33:37+00:00\",\"description\":\"Nous disposons d'une grande vari\u00e9t\u00e9 de modules pr\u00e9fabriqu\u00e9s sp\u00e9cifiques pour les utilis\u00e9s comme loges, sanitaires portatifs pour tous types d'\u00e9v\u00e9nements\",\"breadcrumb\":{\"@id\":\"https:\\\/\\\/www.europa-prefabri.com\\\/fr\\\/evenements-location-et-vente-de-construction-modulaire\\\/#breadcrumb\"},\"inLanguage\":\"fr-FR\",\"potentialAction\":[{\"@type\":\"ReadAction\",\"target\":[\"https:\\\/\\\/www.europa-prefabri.com\\\/fr\\\/evenements-location-et-vente-de-construction-modulaire\\\/\"]}]},{\"@type\":\"ImageObject\",\"inLanguage\":\"fr-FR\",\"@id\":\"https:\\\/\\\/www.europa-prefabri.com\\\/fr\\\/evenements-location-et-vente-de-construction-modulaire\\\/#primaryimage\",\"url\":\"https:\\\/\\\/www.europa-prefabri.com\\\/wp-content\\\/uploads\\\/rock-in-rio14.jpg\",\"contentUrl\":\"https:\\\/\\\/www.europa-prefabri.com\\\/wp-content\\\/uploads\\\/rock-in-rio14.jpg\",\"width\":800,\"height\":600,\"caption\":\"\u00e9v\u00e8nements\"},{\"@type\":\"BreadcrumbList\",\"@id\":\"https:\\\/\\\/www.europa-prefabri.com\\\/fr\\\/evenements-location-et-vente-de-construction-modulaire\\\/#breadcrumb\",\"itemListElement\":[{\"@type\":\"ListItem\",\"position\":1,\"name\":\"Portada\",\"item\":\"https:\\\/\\\/www.europa-prefabri.com\\\/fr\\\/\"},{\"@type\":\"ListItem\",\"position\":2,\"name\":\"Ev\u00e9nements\"}]},{\"@type\":\"WebSite\",\"@id\":\"https:\\\/\\\/www.europa-prefabri.com\\\/#website\",\"url\":\"https:\\\/\\\/www.europa-prefabri.com\\\/\",\"name\":\"Europa Prefabri | Alquiler y venta de construcciones modulares\",\"description\":\"Alquiler y venta de construcciones modulares, casetas de obra, marquesinas de aparcamiento y vallas y cerramientos.\",\"publisher\":{\"@id\":\"https:\\\/\\\/www.europa-prefabri.com\\\/#organization\"},\"potentialAction\":[{\"@type\":\"SearchAction\",\"target\":{\"@type\":\"EntryPoint\",\"urlTemplate\":\"https:\\\/\\\/www.europa-prefabri.com\\\/?s={search_term_string}\"},\"query-input\":{\"@type\":\"PropertyValueSpecification\",\"valueRequired\":true,\"valueName\":\"search_term_string\"}}],\"inLanguage\":\"fr-FR\"},{\"@type\":\"Organization\",\"@id\":\"https:\\\/\\\/www.europa-prefabri.com\\\/#organization\",\"name\":\"Prefabri S.L.\",\"url\":\"https:\\\/\\\/www.europa-prefabri.com\\\/\",\"logo\":{\"@type\":\"ImageObject\",\"inLanguage\":\"fr-FR\",\"@id\":\"https:\\\/\\\/www.europa-prefabri.com\\\/#\\\/schema\\\/logo\\\/image\\\/\",\"url\":\"https:\\\/\\\/www.europa-prefabri.com\\\/wp-content\\\/uploads\\\/EuropaPrefabri-Logo.jpg\",\"contentUrl\":\"https:\\\/\\\/www.europa-prefabri.com\\\/wp-content\\\/uploads\\\/EuropaPrefabri-Logo.jpg\",\"width\":752,\"height\":348,\"caption\":\"Prefabri S.L.\"},\"image\":{\"@id\":\"https:\\\/\\\/www.europa-prefabri.com\\\/#\\\/schema\\\/logo\\\/image\\\/\"},\"sameAs\":[\"https:\\\/\\\/www.facebook.com\\\/Europa-Prefabri-258328977572213\\\/\",\"https:\\\/\\\/x.com\\\/EuropaPrefabri\",\"https:\\\/\\\/www.instagram.com\\\/europaprefabri\\\/\",\"https:\\\/\\\/es.linkedin.com\\\/company\\\/europa-prefabri\",\"https:\\\/\\\/es.pinterest.com\\\/europaprefabri\\\/\",\"https:\\\/\\\/www.youtube.com\\\/user\\\/PrefabriSL\"]},{\"@type\":\"Person\",\"@id\":\"https:\\\/\\\/www.europa-prefabri.com\\\/#\\\/schema\\\/person\\\/2ab6be5821a7026cd8f16d2a9411e86e\",\"name\":\"admin\",\"image\":{\"@type\":\"ImageObject\",\"inLanguage\":\"fr-FR\",\"@id\":\"https:\\\/\\\/secure.gravatar.com\\\/avatar\\\/dc55d3f4b941a1510eef2620b2c166513788bd88ef72341333b6d0a859bacd3c?s=96&d=mm&r=g\",\"url\":\"https:\\\/\\\/secure.gravatar.com\\\/avatar\\\/dc55d3f4b941a1510eef2620b2c166513788bd88ef72341333b6d0a859bacd3c?s=96&d=mm&r=g\",\"contentUrl\":\"https:\\\/\\\/secure.gravatar.com\\\/avatar\\\/dc55d3f4b941a1510eef2620b2c166513788bd88ef72341333b6d0a859bacd3c?s=96&d=mm&r=g\",\"caption\":\"admin\"},\"sameAs\":[\"https:\\\/\\\/www.europa-prefabri.com\",\"https:\\\/\\\/x.com\\\/@EuropaPrefabri\"]}]}<\/script>\n<!-- \/ Yoast SEO plugin. -->","yoast_head_json":{"title":"\u00c9v\u00e8nements: location et vente de construction modulaire","description":"Nous disposons d'une grande vari\u00e9t\u00e9 de modules pr\u00e9fabriqu\u00e9s sp\u00e9cifiques pour les utilis\u00e9s comme loges, sanitaires portatifs pour tous types d'\u00e9v\u00e9nements","robots":{"index":"index","follow":"follow","max-snippet":"max-snippet:-1","max-image-preview":"max-image-preview:large","max-video-preview":"max-video-preview:-1"},"canonical":"https:\/\/www.europa-prefabri.com\/fr\/evenements-location-et-vente-de-construction-modulaire\/","og_locale":"fr_FR","og_type":"article","og_title":"\u00c9v\u00e8nements: location et vente de construction modulaire","og_description":"Nous disposons d'une grande vari\u00e9t\u00e9 de modules pr\u00e9fabriqu\u00e9s sp\u00e9cifiques pour les utilis\u00e9s comme loges, sanitaires portatifs pour tous types d'\u00e9v\u00e9nements","og_url":"https:\/\/www.europa-prefabri.com\/fr\/evenements-location-et-vente-de-construction-modulaire\/","og_site_name":"Europa Prefabri | Alquiler y venta de construcciones modulares","article_publisher":"https:\/\/www.facebook.com\/Europa-Prefabri-258328977572213\/","article_published_time":"2017-01-30T12:01:57+00:00","article_modified_time":"2017-03-14T10:33:37+00:00","og_image":[{"width":800,"height":600,"url":"https:\/\/www.europa-prefabri.com\/wp-content\/uploads\/rock-in-rio14.jpg","type":"image\/jpeg"}],"author":"admin","twitter_card":"summary_large_image","twitter_creator":"@EuropaPrefabri","twitter_site":"@EuropaPrefabri","twitter_misc":{"Written by":"admin","Est. reading time":"6 minutes"},"schema":{"@context":"https:\/\/schema.org","@graph":[{"@type":"Article","@id":"https:\/\/www.europa-prefabri.com\/fr\/evenements-location-et-vente-de-construction-modulaire\/#article","isPartOf":{"@id":"https:\/\/www.europa-prefabri.com\/fr\/evenements-location-et-vente-de-construction-modulaire\/"},"author":{"name":"admin","@id":"https:\/\/www.europa-prefabri.com\/#\/schema\/person\/2ab6be5821a7026cd8f16d2a9411e86e"},"headline":"Ev\u00e9nements","datePublished":"2017-01-30T12:01:57+00:00","dateModified":"2017-03-14T10:33:37+00:00","mainEntityOfPage":{"@id":"https:\/\/www.europa-prefabri.com\/fr\/evenements-location-et-vente-de-construction-modulaire\/"},"wordCount":1288,"publisher":{"@id":"https:\/\/www.europa-prefabri.com\/#organization"},"image":{"@id":"https:\/\/www.europa-prefabri.com\/fr\/evenements-location-et-vente-de-construction-modulaire\/#primaryimage"},"thumbnailUrl":"https:\/\/www.europa-prefabri.com\/wp-content\/uploads\/rock-in-rio14.jpg","keywords":["barri\u00e8res","construction modulaire","construction pr\u00e9fabriqu\u00e9e","module"],"articleSection":["Noticias","Projets"],"inLanguage":"fr-FR"},{"@type":"WebPage","@id":"https:\/\/www.europa-prefabri.com\/fr\/evenements-location-et-vente-de-construction-modulaire\/","url":"https:\/\/www.europa-prefabri.com\/fr\/evenements-location-et-vente-de-construction-modulaire\/","name":"\u00c9v\u00e8nements: location et vente de construction modulaire","isPartOf":{"@id":"https:\/\/www.europa-prefabri.com\/#website"},"primaryImageOfPage":{"@id":"https:\/\/www.europa-prefabri.com\/fr\/evenements-location-et-vente-de-construction-modulaire\/#primaryimage"},"image":{"@id":"https:\/\/www.europa-prefabri.com\/fr\/evenements-location-et-vente-de-construction-modulaire\/#primaryimage"},"thumbnailUrl":"https:\/\/www.europa-prefabri.com\/wp-content\/uploads\/rock-in-rio14.jpg","datePublished":"2017-01-30T12:01:57+00:00","dateModified":"2017-03-14T10:33:37+00:00","description":"Nous disposons d'une grande vari\u00e9t\u00e9 de modules pr\u00e9fabriqu\u00e9s sp\u00e9cifiques pour les utilis\u00e9s comme loges, sanitaires portatifs pour tous types d'\u00e9v\u00e9nements","breadcrumb":{"@id":"https:\/\/www.europa-prefabri.com\/fr\/evenements-location-et-vente-de-construction-modulaire\/#breadcrumb"},"inLanguage":"fr-FR","potentialAction":[{"@type":"ReadAction","target":["https:\/\/www.europa-prefabri.com\/fr\/evenements-location-et-vente-de-construction-modulaire\/"]}]},{"@type":"ImageObject","inLanguage":"fr-FR","@id":"https:\/\/www.europa-prefabri.com\/fr\/evenements-location-et-vente-de-construction-modulaire\/#primaryimage","url":"https:\/\/www.europa-prefabri.com\/wp-content\/uploads\/rock-in-rio14.jpg","contentUrl":"https:\/\/www.europa-prefabri.com\/wp-content\/uploads\/rock-in-rio14.jpg","width":800,"height":600,"caption":"\u00e9v\u00e8nements"},{"@type":"BreadcrumbList","@id":"https:\/\/www.europa-prefabri.com\/fr\/evenements-location-et-vente-de-construction-modulaire\/#breadcrumb","itemListElement":[{"@type":"ListItem","position":1,"name":"Portada","item":"https:\/\/www.europa-prefabri.com\/fr\/"},{"@type":"ListItem","position":2,"name":"Ev\u00e9nements"}]},{"@type":"WebSite","@id":"https:\/\/www.europa-prefabri.com\/#website","url":"https:\/\/www.europa-prefabri.com\/","name":"Europa Prefabri | Alquiler y venta de construcciones modulares","description":"Alquiler y venta de construcciones modulares, casetas de obra, marquesinas de aparcamiento y vallas y cerramientos.","publisher":{"@id":"https:\/\/www.europa-prefabri.com\/#organization"},"potentialAction":[{"@type":"SearchAction","target":{"@type":"EntryPoint","urlTemplate":"https:\/\/www.europa-prefabri.com\/?s={search_term_string}"},"query-input":{"@type":"PropertyValueSpecification","valueRequired":true,"valueName":"search_term_string"}}],"inLanguage":"fr-FR"},{"@type":"Organization","@id":"https:\/\/www.europa-prefabri.com\/#organization","name":"Prefabri S.L.","url":"https:\/\/www.europa-prefabri.com\/","logo":{"@type":"ImageObject","inLanguage":"fr-FR","@id":"https:\/\/www.europa-prefabri.com\/#\/schema\/logo\/image\/","url":"https:\/\/www.europa-prefabri.com\/wp-content\/uploads\/EuropaPrefabri-Logo.jpg","contentUrl":"https:\/\/www.europa-prefabri.com\/wp-content\/uploads\/EuropaPrefabri-Logo.jpg","width":752,"height":348,"caption":"Prefabri S.L."},"image":{"@id":"https:\/\/www.europa-prefabri.com\/#\/schema\/logo\/image\/"},"sameAs":["https:\/\/www.facebook.com\/Europa-Prefabri-258328977572213\/","https:\/\/x.com\/EuropaPrefabri","https:\/\/www.instagram.com\/europaprefabri\/","https:\/\/es.linkedin.com\/company\/europa-prefabri","https:\/\/es.pinterest.com\/europaprefabri\/","https:\/\/www.youtube.com\/user\/PrefabriSL"]},{"@type":"Person","@id":"https:\/\/www.europa-prefabri.com\/#\/schema\/person\/2ab6be5821a7026cd8f16d2a9411e86e","name":"admin","image":{"@type":"ImageObject","inLanguage":"fr-FR","@id":"https:\/\/secure.gravatar.com\/avatar\/dc55d3f4b941a1510eef2620b2c166513788bd88ef72341333b6d0a859bacd3c?s=96&d=mm&r=g","url":"https:\/\/secure.gravatar.com\/avatar\/dc55d3f4b941a1510eef2620b2c166513788bd88ef72341333b6d0a859bacd3c?s=96&d=mm&r=g","contentUrl":"https:\/\/secure.gravatar.com\/avatar\/dc55d3f4b941a1510eef2620b2c166513788bd88ef72341333b6d0a859bacd3c?s=96&d=mm&r=g","caption":"admin"},"sameAs":["https:\/\/www.europa-prefabri.com","https:\/\/x.com\/@EuropaPrefabri"]}]}},"_links":{"self":[{"href":"https:\/\/www.europa-prefabri.com\/fr\/wp-json\/wp\/v2\/posts\/14339","targetHints":{"allow":["GET"]}}],"collection":[{"href":"https:\/\/www.europa-prefabri.com\/fr\/wp-json\/wp\/v2\/posts"}],"about":[{"href":"https:\/\/www.europa-prefabri.com\/fr\/wp-json\/wp\/v2\/types\/post"}],"author":[{"embeddable":true,"href":"https:\/\/www.europa-prefabri.com\/fr\/wp-json\/wp\/v2\/users\/4"}],"replies":[{"embeddable":true,"href":"https:\/\/www.europa-prefabri.com\/fr\/wp-json\/wp\/v2\/comments?post=14339"}],"version-history":[{"count":0,"href":"https:\/\/www.europa-prefabri.com\/fr\/wp-json\/wp\/v2\/posts\/14339\/revisions"}],"wp:featuredmedia":[{"embeddable":true,"href":"https:\/\/www.europa-prefabri.com\/fr\/wp-json\/wp\/v2\/media\/13797"}],"wp:attachment":[{"href":"https:\/\/www.europa-prefabri.com\/fr\/wp-json\/wp\/v2\/media?parent=14339"}],"wp:term":[{"taxonomy":"category","embeddable":true,"href":"https:\/\/www.europa-prefabri.com\/fr\/wp-json\/wp\/v2\/categories?post=14339"},{"taxonomy":"post_tag","embeddable":true,"href":"https:\/\/www.europa-prefabri.com\/fr\/wp-json\/wp\/v2\/tags?post=14339"}],"curies":[{"name":"wp","href":"https:\/\/api.w.org\/{rel}","templated":true}]}}