{"id":14327,"date":"2017-01-18T11:36:05","date_gmt":"2017-01-18T11:36:05","guid":{"rendered":"http:\/\/www.europa-prefabri.com\/fr\/?p=14327"},"modified":"2017-03-14T10:47:02","modified_gmt":"2017-03-14T10:47:02","slug":"fotolineras-les-points-recharges-solaires","status":"publish","type":"post","link":"https:\/\/www.europa-prefabri.com\/fr\/fotolineras-les-points-recharges-solaires\/","title":{"rendered":"Fotolineras, les points de recharges solaires pour votre voiture \u00e9lectrique | Europa"},"content":{"rendered":"\n\t\t<style type=\"text\/css\">\n\t\t\t#gallery-1 {\n\t\t\t\tmargin: auto;\n\t\t\t}\n\t\t\t#gallery-1 .gallery-item {\n\t\t\t\tfloat: left;\n\t\t\t\tmargin-top: 10px;\n\t\t\t\ttext-align: center;\n\t\t\t\twidth: 11%;\n\t\t\t}\n\t\t\t#gallery-1 img {\n\t\t\t\tborder: 2px solid #cfcfcf;\n\t\t\t}\n\t\t\t#gallery-1 .gallery-caption {\n\t\t\t\tmargin-left: 0;\n\t\t\t}\n\t\t\t\/* see gallery_shortcode() in wp-includes\/media.php *\/\n\t\t<\/style>\n\t\t<div id='gallery-1' class='gallery galleryid-14327 gallery-columns-9 gallery-size-thumbnail'><dl class='gallery-item'>\n\t\t\t<dt class='gallery-icon landscape'>\n\t\t\t\t<a href='https:\/\/www.europa-prefabri.com\/fr\/portfolio-item\/abris-de-voiture\/fotolinera-1-rjb_800x598-2-2\/'><img loading=\"lazy\" decoding=\"async\" width=\"80\" height=\"80\" src=\"https:\/\/www.europa-prefabri.com\/wp-content\/uploads\/fotolinera-1-RJB_800x5981-80x80.jpg\" class=\"attachment-thumbnail size-thumbnail\" alt=\"\" srcset=\"https:\/\/www.europa-prefabri.com\/wp-content\/uploads\/fotolinera-1-RJB_800x5981-80x80.jpg 80w, https:\/\/www.europa-prefabri.com\/wp-content\/uploads\/fotolinera-1-RJB_800x5981-36x36.jpg 36w, https:\/\/www.europa-prefabri.com\/wp-content\/uploads\/fotolinera-1-RJB_800x5981-180x180.jpg 180w, https:\/\/www.europa-prefabri.com\/wp-content\/uploads\/fotolinera-1-RJB_800x5981-120x120.jpg 120w, https:\/\/www.europa-prefabri.com\/wp-content\/uploads\/fotolinera-1-RJB_800x5981-450x450.jpg 450w\" sizes=\"auto, (max-width: 80px) 100vw, 80px\" \/><\/a>\n\t\t\t<\/dt><\/dl><dl class='gallery-item'>\n\t\t\t<dt class='gallery-icon landscape'>\n\t\t\t\t<a href='https:\/\/www.europa-prefabri.com\/fr\/portfolio-item\/parking-solar-2\/fotolinera-2-rjb_800x600-2\/'><img loading=\"lazy\" decoding=\"async\" width=\"80\" height=\"80\" src=\"https:\/\/www.europa-prefabri.com\/wp-content\/uploads\/fotolinera-2-RJB_800x600-80x80.jpg\" class=\"attachment-thumbnail size-thumbnail\" alt=\"\" srcset=\"https:\/\/www.europa-prefabri.com\/wp-content\/uploads\/fotolinera-2-RJB_800x600-80x80.jpg 80w, https:\/\/www.europa-prefabri.com\/wp-content\/uploads\/fotolinera-2-RJB_800x600-36x36.jpg 36w, https:\/\/www.europa-prefabri.com\/wp-content\/uploads\/fotolinera-2-RJB_800x600-180x180.jpg 180w, https:\/\/www.europa-prefabri.com\/wp-content\/uploads\/fotolinera-2-RJB_800x600-120x120.jpg 120w, https:\/\/www.europa-prefabri.com\/wp-content\/uploads\/fotolinera-2-RJB_800x600-450x450.jpg 450w\" sizes=\"auto, (max-width: 80px) 100vw, 80px\" \/><\/a>\n\t\t\t<\/dt><\/dl><dl class='gallery-item'>\n\t\t\t<dt class='gallery-icon landscape'>\n\t\t\t\t<a href='https:\/\/www.europa-prefabri.com\/fr\/fotolinera-en-el-jardin-botanico-alcala\/'><img loading=\"lazy\" decoding=\"async\" width=\"80\" height=\"80\" src=\"https:\/\/www.europa-prefabri.com\/wp-content\/uploads\/fotolinera-en-el-jardin-botanico-alcala-80x80.jpg\" class=\"attachment-thumbnail size-thumbnail\" alt=\"fotolinera en el jardin botanico alcala\" srcset=\"https:\/\/www.europa-prefabri.com\/wp-content\/uploads\/fotolinera-en-el-jardin-botanico-alcala-80x80.jpg 80w, https:\/\/www.europa-prefabri.com\/wp-content\/uploads\/fotolinera-en-el-jardin-botanico-alcala-36x36.jpg 36w, https:\/\/www.europa-prefabri.com\/wp-content\/uploads\/fotolinera-en-el-jardin-botanico-alcala-180x180.jpg 180w, https:\/\/www.europa-prefabri.com\/wp-content\/uploads\/fotolinera-en-el-jardin-botanico-alcala-120x120.jpg 120w, https:\/\/www.europa-prefabri.com\/wp-content\/uploads\/fotolinera-en-el-jardin-botanico-alcala-450x450.jpg 450w\" sizes=\"auto, (max-width: 80px) 100vw, 80px\" \/><\/a>\n\t\t\t<\/dt><\/dl><dl class='gallery-item'>\n\t\t\t<dt class='gallery-icon landscape'>\n\t\t\t\t<a href='https:\/\/www.europa-prefabri.com\/fr\/fotolinera-del-jardin-botanico-alcala\/'><img loading=\"lazy\" decoding=\"async\" width=\"80\" height=\"80\" src=\"https:\/\/www.europa-prefabri.com\/wp-content\/uploads\/fotolinera-del-jardin-botanico-alcala-80x80.jpg\" class=\"attachment-thumbnail size-thumbnail\" alt=\"fotolinera del jardin botanico alcala\" srcset=\"https:\/\/www.europa-prefabri.com\/wp-content\/uploads\/fotolinera-del-jardin-botanico-alcala-80x80.jpg 80w, https:\/\/www.europa-prefabri.com\/wp-content\/uploads\/fotolinera-del-jardin-botanico-alcala-36x36.jpg 36w, https:\/\/www.europa-prefabri.com\/wp-content\/uploads\/fotolinera-del-jardin-botanico-alcala-180x180.jpg 180w, https:\/\/www.europa-prefabri.com\/wp-content\/uploads\/fotolinera-del-jardin-botanico-alcala-120x120.jpg 120w, https:\/\/www.europa-prefabri.com\/wp-content\/uploads\/fotolinera-del-jardin-botanico-alcala-450x450.jpg 450w\" sizes=\"auto, (max-width: 80px) 100vw, 80px\" \/><\/a>\n\t\t\t<\/dt><\/dl>\n\t\t\t<br style='clear: both' \/>\n\t\t<\/div>\n\n<p style=\"text-align: justify;\"><span style=\"color: #333333;\">Le groupe Europa Prefabri, sp\u00e9cialis\u00e9 dans la construction modulaire et dans le design, la fabrication et l&#8217;installation de carports m\u00e9talliques pour les voitures, et Sendekia, entreprise dans le secteur des \u00e9nergies renouvelables, se sont consacr\u00e9s \u00e0 l&#8217;innovation de nouveaux produits qui permettent d&#8217;adapter les projets aux changements du secteur, en collaborant pour offrir une solution \u00e9nerg\u00e9tique durable pour la recharge des v\u00e9hicules \u00e9lectriques: les fotolineras.<\/span><\/p>\n<h2>Qu&#8217;est ce que sont les fotolineras?<\/h2>\n<p style=\"text-align: justify;\"><span style=\"color: #333333;\">Ce sont la partie des \u00e9l\u00e9ments stabilisateurs sur l&#8217;infrastructure de recharge de v\u00e9hicules \u00e9lectriques, qui permettent de minimiser les pics de consommation sur le r\u00e9seau \u00e9lectrique gr\u00e2ce \u00e0 la production d&#8217;\u00e9nergie photovolta\u00efque durant les heures diurnes. Elles transmettent l&#8217;\u00e9nergie n\u00e9cessaire pour la recharge des v\u00e9hicules en plus de minimiser la facture \u00e9lectrique de l&#8217;entreprise ou du logement o\u00f9 celles-ci sont install\u00e9es.<\/span><\/p>\n<h2>Comment fonctionnent les fotolineras?<\/h2>\n<h2><img loading=\"lazy\" decoding=\"async\" class=\"alignnone size-full wp-image-13577\" style=\"font-size: 16px; line-height: 1.5;\" src=\"https:\/\/www.europa-prefabri.com\/wp-content\/uploads\/como-funcionan-las-fotolineras.jpg\" alt=\"funcionamiento de las fotolineras\" width=\"800\" height=\"600\" \/><\/h2>\n<ul>\n<li style=\"text-align: justify;\"><span style=\"color: #333333;\">Durant la journ\u00e9e aux heures de soleil, les fotolineras g\u00e9n\u00e8rent suffisamment d&#8217;\u00e9nergie pour la recharge du v\u00e9hicule \u00e9lectrique et la garde pour \u00eatre consomm\u00e9e sur le r\u00e9seau interne ou la r\u00e9injecter dans le r\u00e9seau de distribution<\/span><\/li>\n<li style=\"text-align: justify;\"><span style=\"color: #333333;\">Pendant les jours nuageux, quand les conditions climatiques ne sont pas appropri\u00e9es, la fotolinera continue de g\u00e9n\u00e9rer de l&#8217;\u00e9nergie mais d&#8217;un degr\u00e9 moindre, la demande est alors compens\u00e9e en utilisant l&#8217;\u00e9nergie du r\u00e9seau (\u00e9nergie pr\u00e9c\u00e9demment transf\u00e9r\u00e9e)<\/span><\/li>\n<li style=\"text-align: justify;\"><span style=\"color: #333333;\">Durant la nuit, la fotolinera ne peut pas g\u00e9n\u00e9rer de l&#8217;\u00e9nergie, et prend l&#8217;\u00e9nergie du r\u00e9seau pour couvrir la demande (le r\u00e9seau rend l&#8217;\u00e9nergie c\u00e9d\u00e9e durant les heures de soleil)<\/span><\/li>\n<\/ul>\n<h3><\/h3>\n<p><img loading=\"lazy\" decoding=\"async\" class=\"alignnone size-full wp-image-13581\" src=\"https:\/\/www.europa-prefabri.com\/wp-content\/uploads\/fotolineras-tipos-de-recarga-.jpg\" alt=\"fotolineras diferentes tipos de recarga\" width=\"800\" height=\"600\" \/><\/p>\n<h3>Il existe deux modalit\u00e9s de point de rechargement selon son fonctionnement<\/h3>\n<ul>\n<li>\n<p style=\"text-align: justify;\"><span style=\"color: #333333;\">Intelligentes: utilis\u00e9es sur la voie publiques, les parkings publiques et priv\u00e9s: tous les \u00e9v\u00e9nements du point de rechargement et les utilisateurs de la carte RFID sont enregistr\u00e9s et permettent de r\u00e9aliser et superviser les actions par le moyen d&#8217;une plateforme de gestion sur Internet<\/span><\/p>\n<\/li>\n<li>\n<p style=\"text-align: justify;\"><span style=\"color: #333333;\">Sans carte d&#8217;acc\u00e8s pour valider l\u00b4utilisateur. Habituellement, il s&#8217;utilise dans les maisons et chalets<\/span><\/p>\n<\/li>\n<\/ul>\n<h3>Diff\u00e9rents points de rechargement sont propos\u00e9s:<\/h3>\n<ul>\n<li><span style=\"color: #333333;\">Basique et lent<\/span><\/li>\n<li><span style=\"color: #333333;\">Basique et rapide<\/span><\/li>\n<li><span style=\"color: #333333;\">Intelligent et lent<\/span><\/li>\n<li><span style=\"color: #333333;\">Intelligent et rapide<\/span><\/li>\n<\/ul>\n<h3>Type de connexion au v\u00e9hicule au courant altern\u00e9<\/h3>\n<ul>\n<li><span style=\"color: #333333;\">Monophas\u00e9 (230V)<\/span><\/li>\n<li><span style=\"color: #333333;\">Trif\u00e1sico (400V)<\/span><\/li>\n<\/ul>\n<h2><strong>Avantages des fotolineras:<\/strong><\/h2>\n<p style=\"text-align: justify;\"><img loading=\"lazy\" decoding=\"async\" class=\"alignnone size-full wp-image-13585\" style=\"font-size: 16px; line-height: 1.5;\" src=\"https:\/\/www.europa-prefabri.com\/wp-content\/uploads\/Ventajas-fotolineras.jpg\" alt=\"ventajas de las fotolineras\" width=\"800\" height=\"600\" \/><span style=\"color: #333333;\"><strong>Durabilit\u00e9<\/strong>: l&#8217;\u00e9nergie solaire est une source d&#8217;\u00e9nergie propre, qui ne g\u00e9n\u00e8re pas d&#8217;\u00e9mission de CO2, favorisant la diminution de l&#8217;effet de serre et du changement climatique<\/span><\/p>\n<p style=\"text-align: justify;\"><span style=\"color: #333333;\"><strong>Protection<\/strong>: prot\u00e8ge les voitures du soleil tout en offrant le service de rechargement<\/span><\/p>\n<p style=\"text-align: justify;\"><span style=\"color: #333333;\"><strong>Exploitation publicitaire<\/strong>: les entreprises peuvent utiliser la structure de la pergola comme zones publicitaires car ce sont des espaces tr\u00e8s fr\u00e9quent\u00e9<\/span><\/p>\n<p style=\"text-align: justify;\"><span style=\"color: #333333;\"><strong>Facile d&#8217;usage<\/strong>: nous utilisons un syst\u00e8me d&#8217;auto service automatis\u00e9 pour brancher le v\u00e9hicule et le garer tout en se rechargeant, de mani\u00e8re \u00e0 ce que l&#8217;usager puisse faire autre chose pendant ce temps. Les fotolineras sont pr\u00e9par\u00e9es pour les syst\u00e8mes de charge lente et rapide.<\/span><\/p>\n<p style=\"text-align: justify;\"><span style=\"color: #333333;\"><strong>Economiques\u00a0<\/strong>: simple d&#8217;installation, son entretien n&#8217;est pas complexe ni cher. La recharge des v\u00e9hicules dans les fotolineas consomme 5 fois moins de combustibles fossiles et donc r\u00e9duisent la facture d\u00b4\u00e9lectricit\u00e9.<\/span><\/p>\n<p>&nbsp;<\/p>\n","protected":false},"excerpt":{"rendered":"<p>Le groupe Europa Prefabri, sp\u00e9cialis\u00e9 dans la construction modulaire et dans le design, la fabrication et l&#8217;installation de carports m\u00e9talliques pour les voitures, et Sendekia, entreprise dans le secteur des \u00e9nergies renouvelables, se sont consacr\u00e9s \u00e0 l&#8217;innovation de nouveaux produits qui permettent d&#8217;adapter les projets aux changements du secteur, en collaborant pour offrir une solution [&hellip;]<\/p>\n","protected":false},"author":4,"featured_media":7107,"comment_status":"closed","ping_status":"closed","sticky":false,"template":"","format":"gallery","meta":{"footnotes":""},"categories":[58],"tags":[348,374,375],"class_list":["post-14327","post","type-post","status-publish","format-gallery","has-post-thumbnail","hentry","category-projets","tag-abris-voiture","tag-carports-metalliques","tag-voiture-electrique","post_format-post-format-gallery"],"yoast_head":"<!-- This site is optimized with the Yoast SEO plugin v27.5 - https:\/\/yoast.com\/product\/yoast-seo-wordpress\/ -->\n<title>Fotolineras, les points de recharges solaires pour votre voiture \u00e9lectrique | Europa - Europa Prefabri | Alquiler y venta de construcciones modulares<\/title>\n<meta name=\"description\" content=\"Europa Prefabri vend des Fotolineras, carports metalliques qui g\u00e9n\u00e8rent d\u00b4\u00e9nergie solaire pour la recharge du v\u00e9hicule \u00e9lectrique\" \/>\n<meta name=\"robots\" content=\"index, follow, max-snippet:-1, max-image-preview:large, max-video-preview:-1\" \/>\n<link rel=\"canonical\" href=\"https:\/\/www.europa-prefabri.com\/fr\/fotolineras-les-points-recharges-solaires\/\" \/>\n<meta property=\"og:locale\" content=\"fr_FR\" \/>\n<meta property=\"og:type\" content=\"article\" \/>\n<meta property=\"og:title\" content=\"Fotolineras, les points de recharges solaires pour votre voiture \u00e9lectrique | Europa - Europa Prefabri | Alquiler y venta de construcciones modulares\" \/>\n<meta property=\"og:description\" content=\"Europa Prefabri vend des Fotolineras, carports metalliques qui g\u00e9n\u00e8rent d\u00b4\u00e9nergie solaire pour la recharge du v\u00e9hicule \u00e9lectrique\" \/>\n<meta property=\"og:url\" content=\"https:\/\/www.europa-prefabri.com\/fr\/fotolineras-les-points-recharges-solaires\/\" \/>\n<meta property=\"og:site_name\" content=\"Europa Prefabri | Alquiler y venta de construcciones modulares\" \/>\n<meta property=\"article:publisher\" content=\"https:\/\/www.facebook.com\/Europa-Prefabri-258328977572213\/\" \/>\n<meta property=\"article:published_time\" content=\"2017-01-18T11:36:05+00:00\" \/>\n<meta property=\"article:modified_time\" content=\"2017-03-14T10:47:02+00:00\" \/>\n<meta property=\"og:image\" content=\"https:\/\/www.europa-prefabri.com\/wp-content\/uploads\/fotolinera-1-RJB_800x5981.jpg\" \/>\n\t<meta property=\"og:image:width\" content=\"800\" \/>\n\t<meta property=\"og:image:height\" content=\"598\" \/>\n\t<meta property=\"og:image:type\" content=\"image\/jpeg\" \/>\n<meta name=\"author\" content=\"admin\" \/>\n<meta name=\"twitter:card\" content=\"summary_large_image\" \/>\n<meta name=\"twitter:creator\" content=\"@EuropaPrefabri\" \/>\n<meta name=\"twitter:site\" content=\"@EuropaPrefabri\" \/>\n<meta name=\"twitter:label1\" content=\"Written by\" \/>\n\t<meta name=\"twitter:data1\" content=\"admin\" \/>\n\t<meta name=\"twitter:label2\" content=\"Est. reading time\" \/>\n\t<meta name=\"twitter:data2\" content=\"3 minutes\" \/>\n<script type=\"application\/ld+json\" class=\"yoast-schema-graph\">{\"@context\":\"https:\\\/\\\/schema.org\",\"@graph\":[{\"@type\":\"Article\",\"@id\":\"https:\\\/\\\/www.europa-prefabri.com\\\/fr\\\/fotolineras-les-points-recharges-solaires\\\/#article\",\"isPartOf\":{\"@id\":\"https:\\\/\\\/www.europa-prefabri.com\\\/fr\\\/fotolineras-les-points-recharges-solaires\\\/\"},\"author\":{\"name\":\"admin\",\"@id\":\"https:\\\/\\\/www.europa-prefabri.com\\\/#\\\/schema\\\/person\\\/2ab6be5821a7026cd8f16d2a9411e86e\"},\"headline\":\"Fotolineras, les points de recharges solaires pour votre voiture \u00e9lectrique | Europa\",\"datePublished\":\"2017-01-18T11:36:05+00:00\",\"dateModified\":\"2017-03-14T10:47:02+00:00\",\"mainEntityOfPage\":{\"@id\":\"https:\\\/\\\/www.europa-prefabri.com\\\/fr\\\/fotolineras-les-points-recharges-solaires\\\/\"},\"wordCount\":559,\"publisher\":{\"@id\":\"https:\\\/\\\/www.europa-prefabri.com\\\/#organization\"},\"image\":{\"@id\":\"https:\\\/\\\/www.europa-prefabri.com\\\/fr\\\/fotolineras-les-points-recharges-solaires\\\/#primaryimage\"},\"thumbnailUrl\":\"https:\\\/\\\/www.europa-prefabri.com\\\/wp-content\\\/uploads\\\/fotolinera-1-RJB_800x5981.jpg\",\"keywords\":[\"abris voiture\",\"carports m\u00e9talliques\",\"voiture \u00e9lectrique\"],\"articleSection\":[\"Projets\"],\"inLanguage\":\"fr-FR\"},{\"@type\":\"WebPage\",\"@id\":\"https:\\\/\\\/www.europa-prefabri.com\\\/fr\\\/fotolineras-les-points-recharges-solaires\\\/\",\"url\":\"https:\\\/\\\/www.europa-prefabri.com\\\/fr\\\/fotolineras-les-points-recharges-solaires\\\/\",\"name\":\"Fotolineras, les points de recharges solaires pour votre voiture \u00e9lectrique | Europa - Europa Prefabri | Alquiler y venta de construcciones modulares\",\"isPartOf\":{\"@id\":\"https:\\\/\\\/www.europa-prefabri.com\\\/#website\"},\"primaryImageOfPage\":{\"@id\":\"https:\\\/\\\/www.europa-prefabri.com\\\/fr\\\/fotolineras-les-points-recharges-solaires\\\/#primaryimage\"},\"image\":{\"@id\":\"https:\\\/\\\/www.europa-prefabri.com\\\/fr\\\/fotolineras-les-points-recharges-solaires\\\/#primaryimage\"},\"thumbnailUrl\":\"https:\\\/\\\/www.europa-prefabri.com\\\/wp-content\\\/uploads\\\/fotolinera-1-RJB_800x5981.jpg\",\"datePublished\":\"2017-01-18T11:36:05+00:00\",\"dateModified\":\"2017-03-14T10:47:02+00:00\",\"description\":\"Europa Prefabri vend des Fotolineras, carports metalliques qui g\u00e9n\u00e8rent d\u00b4\u00e9nergie solaire pour la recharge du v\u00e9hicule \u00e9lectrique\",\"breadcrumb\":{\"@id\":\"https:\\\/\\\/www.europa-prefabri.com\\\/fr\\\/fotolineras-les-points-recharges-solaires\\\/#breadcrumb\"},\"inLanguage\":\"fr-FR\",\"potentialAction\":[{\"@type\":\"ReadAction\",\"target\":[\"https:\\\/\\\/www.europa-prefabri.com\\\/fr\\\/fotolineras-les-points-recharges-solaires\\\/\"]}]},{\"@type\":\"ImageObject\",\"inLanguage\":\"fr-FR\",\"@id\":\"https:\\\/\\\/www.europa-prefabri.com\\\/fr\\\/fotolineras-les-points-recharges-solaires\\\/#primaryimage\",\"url\":\"https:\\\/\\\/www.europa-prefabri.com\\\/wp-content\\\/uploads\\\/fotolinera-1-RJB_800x5981.jpg\",\"contentUrl\":\"https:\\\/\\\/www.europa-prefabri.com\\\/wp-content\\\/uploads\\\/fotolinera-1-RJB_800x5981.jpg\",\"width\":800,\"height\":598},{\"@type\":\"BreadcrumbList\",\"@id\":\"https:\\\/\\\/www.europa-prefabri.com\\\/fr\\\/fotolineras-les-points-recharges-solaires\\\/#breadcrumb\",\"itemListElement\":[{\"@type\":\"ListItem\",\"position\":1,\"name\":\"Portada\",\"item\":\"https:\\\/\\\/www.europa-prefabri.com\\\/fr\\\/\"},{\"@type\":\"ListItem\",\"position\":2,\"name\":\"Fotolineras, les points de recharges solaires pour votre voiture \u00e9lectrique | Europa\"}]},{\"@type\":\"WebSite\",\"@id\":\"https:\\\/\\\/www.europa-prefabri.com\\\/#website\",\"url\":\"https:\\\/\\\/www.europa-prefabri.com\\\/\",\"name\":\"Europa Prefabri | Alquiler y venta de construcciones modulares\",\"description\":\"Alquiler y venta de construcciones modulares, casetas de obra, marquesinas de aparcamiento y vallas y cerramientos.\",\"publisher\":{\"@id\":\"https:\\\/\\\/www.europa-prefabri.com\\\/#organization\"},\"potentialAction\":[{\"@type\":\"SearchAction\",\"target\":{\"@type\":\"EntryPoint\",\"urlTemplate\":\"https:\\\/\\\/www.europa-prefabri.com\\\/?s={search_term_string}\"},\"query-input\":{\"@type\":\"PropertyValueSpecification\",\"valueRequired\":true,\"valueName\":\"search_term_string\"}}],\"inLanguage\":\"fr-FR\"},{\"@type\":\"Organization\",\"@id\":\"https:\\\/\\\/www.europa-prefabri.com\\\/#organization\",\"name\":\"Prefabri S.L.\",\"url\":\"https:\\\/\\\/www.europa-prefabri.com\\\/\",\"logo\":{\"@type\":\"ImageObject\",\"inLanguage\":\"fr-FR\",\"@id\":\"https:\\\/\\\/www.europa-prefabri.com\\\/#\\\/schema\\\/logo\\\/image\\\/\",\"url\":\"https:\\\/\\\/www.europa-prefabri.com\\\/wp-content\\\/uploads\\\/EuropaPrefabri-Logo.jpg\",\"contentUrl\":\"https:\\\/\\\/www.europa-prefabri.com\\\/wp-content\\\/uploads\\\/EuropaPrefabri-Logo.jpg\",\"width\":752,\"height\":348,\"caption\":\"Prefabri S.L.\"},\"image\":{\"@id\":\"https:\\\/\\\/www.europa-prefabri.com\\\/#\\\/schema\\\/logo\\\/image\\\/\"},\"sameAs\":[\"https:\\\/\\\/www.facebook.com\\\/Europa-Prefabri-258328977572213\\\/\",\"https:\\\/\\\/x.com\\\/EuropaPrefabri\",\"https:\\\/\\\/www.instagram.com\\\/europaprefabri\\\/\",\"https:\\\/\\\/es.linkedin.com\\\/company\\\/europa-prefabri\",\"https:\\\/\\\/es.pinterest.com\\\/europaprefabri\\\/\",\"https:\\\/\\\/www.youtube.com\\\/user\\\/PrefabriSL\"]},{\"@type\":\"Person\",\"@id\":\"https:\\\/\\\/www.europa-prefabri.com\\\/#\\\/schema\\\/person\\\/2ab6be5821a7026cd8f16d2a9411e86e\",\"name\":\"admin\",\"image\":{\"@type\":\"ImageObject\",\"inLanguage\":\"fr-FR\",\"@id\":\"https:\\\/\\\/secure.gravatar.com\\\/avatar\\\/dc55d3f4b941a1510eef2620b2c166513788bd88ef72341333b6d0a859bacd3c?s=96&d=mm&r=g\",\"url\":\"https:\\\/\\\/secure.gravatar.com\\\/avatar\\\/dc55d3f4b941a1510eef2620b2c166513788bd88ef72341333b6d0a859bacd3c?s=96&d=mm&r=g\",\"contentUrl\":\"https:\\\/\\\/secure.gravatar.com\\\/avatar\\\/dc55d3f4b941a1510eef2620b2c166513788bd88ef72341333b6d0a859bacd3c?s=96&d=mm&r=g\",\"caption\":\"admin\"},\"sameAs\":[\"https:\\\/\\\/www.europa-prefabri.com\",\"https:\\\/\\\/x.com\\\/@EuropaPrefabri\"]}]}<\/script>\n<!-- \/ Yoast SEO plugin. -->","yoast_head_json":{"title":"Fotolineras, les points de recharges solaires pour votre voiture \u00e9lectrique | Europa - Europa Prefabri | Alquiler y venta de construcciones modulares","description":"Europa Prefabri vend des Fotolineras, carports metalliques qui g\u00e9n\u00e8rent d\u00b4\u00e9nergie solaire pour la recharge du v\u00e9hicule \u00e9lectrique","robots":{"index":"index","follow":"follow","max-snippet":"max-snippet:-1","max-image-preview":"max-image-preview:large","max-video-preview":"max-video-preview:-1"},"canonical":"https:\/\/www.europa-prefabri.com\/fr\/fotolineras-les-points-recharges-solaires\/","og_locale":"fr_FR","og_type":"article","og_title":"Fotolineras, les points de recharges solaires pour votre voiture \u00e9lectrique | Europa - Europa Prefabri | Alquiler y venta de construcciones modulares","og_description":"Europa Prefabri vend des Fotolineras, carports metalliques qui g\u00e9n\u00e8rent d\u00b4\u00e9nergie solaire pour la recharge du v\u00e9hicule \u00e9lectrique","og_url":"https:\/\/www.europa-prefabri.com\/fr\/fotolineras-les-points-recharges-solaires\/","og_site_name":"Europa Prefabri | Alquiler y venta de construcciones modulares","article_publisher":"https:\/\/www.facebook.com\/Europa-Prefabri-258328977572213\/","article_published_time":"2017-01-18T11:36:05+00:00","article_modified_time":"2017-03-14T10:47:02+00:00","og_image":[{"width":800,"height":598,"url":"https:\/\/www.europa-prefabri.com\/wp-content\/uploads\/fotolinera-1-RJB_800x5981.jpg","type":"image\/jpeg"}],"author":"admin","twitter_card":"summary_large_image","twitter_creator":"@EuropaPrefabri","twitter_site":"@EuropaPrefabri","twitter_misc":{"Written by":"admin","Est. reading time":"3 minutes"},"schema":{"@context":"https:\/\/schema.org","@graph":[{"@type":"Article","@id":"https:\/\/www.europa-prefabri.com\/fr\/fotolineras-les-points-recharges-solaires\/#article","isPartOf":{"@id":"https:\/\/www.europa-prefabri.com\/fr\/fotolineras-les-points-recharges-solaires\/"},"author":{"name":"admin","@id":"https:\/\/www.europa-prefabri.com\/#\/schema\/person\/2ab6be5821a7026cd8f16d2a9411e86e"},"headline":"Fotolineras, les points de recharges solaires pour votre voiture \u00e9lectrique | Europa","datePublished":"2017-01-18T11:36:05+00:00","dateModified":"2017-03-14T10:47:02+00:00","mainEntityOfPage":{"@id":"https:\/\/www.europa-prefabri.com\/fr\/fotolineras-les-points-recharges-solaires\/"},"wordCount":559,"publisher":{"@id":"https:\/\/www.europa-prefabri.com\/#organization"},"image":{"@id":"https:\/\/www.europa-prefabri.com\/fr\/fotolineras-les-points-recharges-solaires\/#primaryimage"},"thumbnailUrl":"https:\/\/www.europa-prefabri.com\/wp-content\/uploads\/fotolinera-1-RJB_800x5981.jpg","keywords":["abris voiture","carports m\u00e9talliques","voiture \u00e9lectrique"],"articleSection":["Projets"],"inLanguage":"fr-FR"},{"@type":"WebPage","@id":"https:\/\/www.europa-prefabri.com\/fr\/fotolineras-les-points-recharges-solaires\/","url":"https:\/\/www.europa-prefabri.com\/fr\/fotolineras-les-points-recharges-solaires\/","name":"Fotolineras, les points de recharges solaires pour votre voiture \u00e9lectrique | Europa - Europa Prefabri | Alquiler y venta de construcciones modulares","isPartOf":{"@id":"https:\/\/www.europa-prefabri.com\/#website"},"primaryImageOfPage":{"@id":"https:\/\/www.europa-prefabri.com\/fr\/fotolineras-les-points-recharges-solaires\/#primaryimage"},"image":{"@id":"https:\/\/www.europa-prefabri.com\/fr\/fotolineras-les-points-recharges-solaires\/#primaryimage"},"thumbnailUrl":"https:\/\/www.europa-prefabri.com\/wp-content\/uploads\/fotolinera-1-RJB_800x5981.jpg","datePublished":"2017-01-18T11:36:05+00:00","dateModified":"2017-03-14T10:47:02+00:00","description":"Europa Prefabri vend des Fotolineras, carports metalliques qui g\u00e9n\u00e8rent d\u00b4\u00e9nergie solaire pour la recharge du v\u00e9hicule \u00e9lectrique","breadcrumb":{"@id":"https:\/\/www.europa-prefabri.com\/fr\/fotolineras-les-points-recharges-solaires\/#breadcrumb"},"inLanguage":"fr-FR","potentialAction":[{"@type":"ReadAction","target":["https:\/\/www.europa-prefabri.com\/fr\/fotolineras-les-points-recharges-solaires\/"]}]},{"@type":"ImageObject","inLanguage":"fr-FR","@id":"https:\/\/www.europa-prefabri.com\/fr\/fotolineras-les-points-recharges-solaires\/#primaryimage","url":"https:\/\/www.europa-prefabri.com\/wp-content\/uploads\/fotolinera-1-RJB_800x5981.jpg","contentUrl":"https:\/\/www.europa-prefabri.com\/wp-content\/uploads\/fotolinera-1-RJB_800x5981.jpg","width":800,"height":598},{"@type":"BreadcrumbList","@id":"https:\/\/www.europa-prefabri.com\/fr\/fotolineras-les-points-recharges-solaires\/#breadcrumb","itemListElement":[{"@type":"ListItem","position":1,"name":"Portada","item":"https:\/\/www.europa-prefabri.com\/fr\/"},{"@type":"ListItem","position":2,"name":"Fotolineras, les points de recharges solaires pour votre voiture \u00e9lectrique | Europa"}]},{"@type":"WebSite","@id":"https:\/\/www.europa-prefabri.com\/#website","url":"https:\/\/www.europa-prefabri.com\/","name":"Europa Prefabri | Alquiler y venta de construcciones modulares","description":"Alquiler y venta de construcciones modulares, casetas de obra, marquesinas de aparcamiento y vallas y cerramientos.","publisher":{"@id":"https:\/\/www.europa-prefabri.com\/#organization"},"potentialAction":[{"@type":"SearchAction","target":{"@type":"EntryPoint","urlTemplate":"https:\/\/www.europa-prefabri.com\/?s={search_term_string}"},"query-input":{"@type":"PropertyValueSpecification","valueRequired":true,"valueName":"search_term_string"}}],"inLanguage":"fr-FR"},{"@type":"Organization","@id":"https:\/\/www.europa-prefabri.com\/#organization","name":"Prefabri S.L.","url":"https:\/\/www.europa-prefabri.com\/","logo":{"@type":"ImageObject","inLanguage":"fr-FR","@id":"https:\/\/www.europa-prefabri.com\/#\/schema\/logo\/image\/","url":"https:\/\/www.europa-prefabri.com\/wp-content\/uploads\/EuropaPrefabri-Logo.jpg","contentUrl":"https:\/\/www.europa-prefabri.com\/wp-content\/uploads\/EuropaPrefabri-Logo.jpg","width":752,"height":348,"caption":"Prefabri S.L."},"image":{"@id":"https:\/\/www.europa-prefabri.com\/#\/schema\/logo\/image\/"},"sameAs":["https:\/\/www.facebook.com\/Europa-Prefabri-258328977572213\/","https:\/\/x.com\/EuropaPrefabri","https:\/\/www.instagram.com\/europaprefabri\/","https:\/\/es.linkedin.com\/company\/europa-prefabri","https:\/\/es.pinterest.com\/europaprefabri\/","https:\/\/www.youtube.com\/user\/PrefabriSL"]},{"@type":"Person","@id":"https:\/\/www.europa-prefabri.com\/#\/schema\/person\/2ab6be5821a7026cd8f16d2a9411e86e","name":"admin","image":{"@type":"ImageObject","inLanguage":"fr-FR","@id":"https:\/\/secure.gravatar.com\/avatar\/dc55d3f4b941a1510eef2620b2c166513788bd88ef72341333b6d0a859bacd3c?s=96&d=mm&r=g","url":"https:\/\/secure.gravatar.com\/avatar\/dc55d3f4b941a1510eef2620b2c166513788bd88ef72341333b6d0a859bacd3c?s=96&d=mm&r=g","contentUrl":"https:\/\/secure.gravatar.com\/avatar\/dc55d3f4b941a1510eef2620b2c166513788bd88ef72341333b6d0a859bacd3c?s=96&d=mm&r=g","caption":"admin"},"sameAs":["https:\/\/www.europa-prefabri.com","https:\/\/x.com\/@EuropaPrefabri"]}]}},"_links":{"self":[{"href":"https:\/\/www.europa-prefabri.com\/fr\/wp-json\/wp\/v2\/posts\/14327","targetHints":{"allow":["GET"]}}],"collection":[{"href":"https:\/\/www.europa-prefabri.com\/fr\/wp-json\/wp\/v2\/posts"}],"about":[{"href":"https:\/\/www.europa-prefabri.com\/fr\/wp-json\/wp\/v2\/types\/post"}],"author":[{"embeddable":true,"href":"https:\/\/www.europa-prefabri.com\/fr\/wp-json\/wp\/v2\/users\/4"}],"replies":[{"embeddable":true,"href":"https:\/\/www.europa-prefabri.com\/fr\/wp-json\/wp\/v2\/comments?post=14327"}],"version-history":[{"count":0,"href":"https:\/\/www.europa-prefabri.com\/fr\/wp-json\/wp\/v2\/posts\/14327\/revisions"}],"wp:featuredmedia":[{"embeddable":true,"href":"https:\/\/www.europa-prefabri.com\/fr\/wp-json\/wp\/v2\/media\/7107"}],"wp:attachment":[{"href":"https:\/\/www.europa-prefabri.com\/fr\/wp-json\/wp\/v2\/media?parent=14327"}],"wp:term":[{"taxonomy":"category","embeddable":true,"href":"https:\/\/www.europa-prefabri.com\/fr\/wp-json\/wp\/v2\/categories?post=14327"},{"taxonomy":"post_tag","embeddable":true,"href":"https:\/\/www.europa-prefabri.com\/fr\/wp-json\/wp\/v2\/tags?post=14327"}],"curies":[{"name":"wp","href":"https:\/\/api.w.org\/{rel}","templated":true}]}}