{"id":14319,"date":"2017-01-25T11:05:30","date_gmt":"2017-01-25T11:05:30","guid":{"rendered":"http:\/\/www.europa-prefabri.com\/fr\/?p=14319"},"modified":"2017-09-19T19:12:03","modified_gmt":"2017-09-19T17:12:03","slug":"bungalows-chantier-et-modules-garde-montage-reparation-et-transformation-prefabri","status":"publish","type":"post","link":"https:\/\/www.europa-prefabri.com\/fr\/bungalows-chantier-et-modules-garde-montage-reparation-et-transformation-prefabri\/","title":{"rendered":"bungalows de chantier et modules: garde, montage, r\u00e9paration et transformation  | Prefabri"},"content":{"rendered":"\n\t\t<style type=\"text\/css\">\n\t\t\t#gallery-1 {\n\t\t\t\tmargin: auto;\n\t\t\t}\n\t\t\t#gallery-1 .gallery-item {\n\t\t\t\tfloat: left;\n\t\t\t\tmargin-top: 10px;\n\t\t\t\ttext-align: center;\n\t\t\t\twidth: 11%;\n\t\t\t}\n\t\t\t#gallery-1 img {\n\t\t\t\tborder: 2px solid #cfcfcf;\n\t\t\t}\n\t\t\t#gallery-1 .gallery-caption {\n\t\t\t\tmargin-left: 0;\n\t\t\t}\n\t\t\t\/* see gallery_shortcode() in wp-includes\/media.php *\/\n\t\t<\/style>\n\t\t<div id='gallery-1' class='gallery galleryid-14319 gallery-columns-9 gallery-size-thumbnail'><dl class='gallery-item'>\n\t\t\t<dt class='gallery-icon landscape'>\n\t\t\t\t<a href='https:\/\/www.europa-prefabri.com\/fr\/servicio-de-transformacion-y-traslado-de-modulos-casetas-y-contenedores-europa-prefabri-3\/'><img loading=\"lazy\" decoding=\"async\" width=\"80\" height=\"80\" src=\"https:\/\/www.europa-prefabri.com\/wp-content\/uploads\/servicio-de-transformacion-y-traslado-de-modulos-casetas-y-contenedores-europa-prefabri-3-80x80.jpg\" class=\"attachment-thumbnail size-thumbnail\" alt=\"servicio de transformacion y traslado de modulos, casetas y contenedores europa prefabri 3\" srcset=\"https:\/\/www.europa-prefabri.com\/wp-content\/uploads\/servicio-de-transformacion-y-traslado-de-modulos-casetas-y-contenedores-europa-prefabri-3-80x80.jpg 80w, https:\/\/www.europa-prefabri.com\/wp-content\/uploads\/servicio-de-transformacion-y-traslado-de-modulos-casetas-y-contenedores-europa-prefabri-3-36x36.jpg 36w, https:\/\/www.europa-prefabri.com\/wp-content\/uploads\/servicio-de-transformacion-y-traslado-de-modulos-casetas-y-contenedores-europa-prefabri-3-180x180.jpg 180w, https:\/\/www.europa-prefabri.com\/wp-content\/uploads\/servicio-de-transformacion-y-traslado-de-modulos-casetas-y-contenedores-europa-prefabri-3-120x120.jpg 120w, https:\/\/www.europa-prefabri.com\/wp-content\/uploads\/servicio-de-transformacion-y-traslado-de-modulos-casetas-y-contenedores-europa-prefabri-3-450x450.jpg 450w\" sizes=\"auto, (max-width: 80px) 100vw, 80px\" \/><\/a>\n\t\t\t<\/dt><\/dl><dl class='gallery-item'>\n\t\t\t<dt class='gallery-icon landscape'>\n\t\t\t\t<a href='https:\/\/www.europa-prefabri.com\/fr\/servicio-de-reparacion-y-puesta-a-punto-de-modulos-y-casetas-9\/'><img loading=\"lazy\" decoding=\"async\" width=\"80\" height=\"80\" src=\"https:\/\/www.europa-prefabri.com\/wp-content\/uploads\/Servicio-de-reparacion-y-puesta-a-punto-de-modulos-y-casetas-9-80x80.jpg\" class=\"attachment-thumbnail size-thumbnail\" alt=\"Servicio de reparacion y puesta a punto de modulos y casetas 9\" srcset=\"https:\/\/www.europa-prefabri.com\/wp-content\/uploads\/Servicio-de-reparacion-y-puesta-a-punto-de-modulos-y-casetas-9-80x80.jpg 80w, https:\/\/www.europa-prefabri.com\/wp-content\/uploads\/Servicio-de-reparacion-y-puesta-a-punto-de-modulos-y-casetas-9-36x36.jpg 36w, https:\/\/www.europa-prefabri.com\/wp-content\/uploads\/Servicio-de-reparacion-y-puesta-a-punto-de-modulos-y-casetas-9-180x180.jpg 180w, https:\/\/www.europa-prefabri.com\/wp-content\/uploads\/Servicio-de-reparacion-y-puesta-a-punto-de-modulos-y-casetas-9-120x120.jpg 120w, https:\/\/www.europa-prefabri.com\/wp-content\/uploads\/Servicio-de-reparacion-y-puesta-a-punto-de-modulos-y-casetas-9-450x450.jpg 450w\" sizes=\"auto, (max-width: 80px) 100vw, 80px\" \/><\/a>\n\t\t\t<\/dt><\/dl><dl class='gallery-item'>\n\t\t\t<dt class='gallery-icon landscape'>\n\t\t\t\t<a href='https:\/\/www.europa-prefabri.com\/fr\/servicio-de-transformacion-y-traslado-de-modulos-casetas-y-contenedores-europa-prefabri-9-2\/'><img loading=\"lazy\" decoding=\"async\" width=\"80\" height=\"80\" src=\"https:\/\/www.europa-prefabri.com\/wp-content\/uploads\/servicio-de-transformacion-y-traslado-de-modulos-casetas-y-contenedores-europa-prefabri-9-80x80.jpg\" class=\"attachment-thumbnail size-thumbnail\" alt=\"\" srcset=\"https:\/\/www.europa-prefabri.com\/wp-content\/uploads\/servicio-de-transformacion-y-traslado-de-modulos-casetas-y-contenedores-europa-prefabri-9-80x80.jpg 80w, https:\/\/www.europa-prefabri.com\/wp-content\/uploads\/servicio-de-transformacion-y-traslado-de-modulos-casetas-y-contenedores-europa-prefabri-9-36x36.jpg 36w, https:\/\/www.europa-prefabri.com\/wp-content\/uploads\/servicio-de-transformacion-y-traslado-de-modulos-casetas-y-contenedores-europa-prefabri-9-180x180.jpg 180w, https:\/\/www.europa-prefabri.com\/wp-content\/uploads\/servicio-de-transformacion-y-traslado-de-modulos-casetas-y-contenedores-europa-prefabri-9-120x120.jpg 120w, https:\/\/www.europa-prefabri.com\/wp-content\/uploads\/servicio-de-transformacion-y-traslado-de-modulos-casetas-y-contenedores-europa-prefabri-9-450x450.jpg 450w\" sizes=\"auto, (max-width: 80px) 100vw, 80px\" \/><\/a>\n\t\t\t<\/dt><\/dl><dl class='gallery-item'>\n\t\t\t<dt class='gallery-icon landscape'>\n\t\t\t\t<a href='https:\/\/www.europa-prefabri.com\/fr\/servicio-de-transformacion-y-traslado-de-modulos-casetas-y-contenedores-europa-prefabri-1\/'><img loading=\"lazy\" decoding=\"async\" width=\"80\" height=\"80\" src=\"https:\/\/www.europa-prefabri.com\/wp-content\/uploads\/servicio-de-transformacion-y-traslado-de-modulos-casetas-y-contenedores-europa-prefabri-1-80x80.jpg\" class=\"attachment-thumbnail size-thumbnail\" alt=\"servicio de transformacion y traslado de modulos, casetas y contenedores europa prefabri 1\" srcset=\"https:\/\/www.europa-prefabri.com\/wp-content\/uploads\/servicio-de-transformacion-y-traslado-de-modulos-casetas-y-contenedores-europa-prefabri-1-80x80.jpg 80w, https:\/\/www.europa-prefabri.com\/wp-content\/uploads\/servicio-de-transformacion-y-traslado-de-modulos-casetas-y-contenedores-europa-prefabri-1-36x36.jpg 36w, https:\/\/www.europa-prefabri.com\/wp-content\/uploads\/servicio-de-transformacion-y-traslado-de-modulos-casetas-y-contenedores-europa-prefabri-1-180x180.jpg 180w, https:\/\/www.europa-prefabri.com\/wp-content\/uploads\/servicio-de-transformacion-y-traslado-de-modulos-casetas-y-contenedores-europa-prefabri-1-120x120.jpg 120w, https:\/\/www.europa-prefabri.com\/wp-content\/uploads\/servicio-de-transformacion-y-traslado-de-modulos-casetas-y-contenedores-europa-prefabri-1-450x450.jpg 450w\" sizes=\"auto, (max-width: 80px) 100vw, 80px\" \/><\/a>\n\t\t\t<\/dt><\/dl><dl class='gallery-item'>\n\t\t\t<dt class='gallery-icon landscape'>\n\t\t\t\t<a href='https:\/\/www.europa-prefabri.com\/fr\/servicio-de-transformacion-y-traslado-de-modulos-casetas-y-contenedores-europa-prefabri-4\/'><img loading=\"lazy\" decoding=\"async\" width=\"80\" height=\"80\" src=\"https:\/\/www.europa-prefabri.com\/wp-content\/uploads\/servicio-de-transformacion-y-traslado-de-modulos-casetas-y-contenedores-europa-prefabri-4-80x80.jpg\" class=\"attachment-thumbnail size-thumbnail\" alt=\"servicio de transformacion y traslado de modulos, casetas y contenedores europa prefabri 4\" srcset=\"https:\/\/www.europa-prefabri.com\/wp-content\/uploads\/servicio-de-transformacion-y-traslado-de-modulos-casetas-y-contenedores-europa-prefabri-4-80x80.jpg 80w, https:\/\/www.europa-prefabri.com\/wp-content\/uploads\/servicio-de-transformacion-y-traslado-de-modulos-casetas-y-contenedores-europa-prefabri-4-36x36.jpg 36w, https:\/\/www.europa-prefabri.com\/wp-content\/uploads\/servicio-de-transformacion-y-traslado-de-modulos-casetas-y-contenedores-europa-prefabri-4-180x180.jpg 180w, https:\/\/www.europa-prefabri.com\/wp-content\/uploads\/servicio-de-transformacion-y-traslado-de-modulos-casetas-y-contenedores-europa-prefabri-4-120x120.jpg 120w, https:\/\/www.europa-prefabri.com\/wp-content\/uploads\/servicio-de-transformacion-y-traslado-de-modulos-casetas-y-contenedores-europa-prefabri-4-450x450.jpg 450w\" sizes=\"auto, (max-width: 80px) 100vw, 80px\" \/><\/a>\n\t\t\t<\/dt><\/dl><dl class='gallery-item'>\n\t\t\t<dt class='gallery-icon landscape'>\n\t\t\t\t<a href='https:\/\/www.europa-prefabri.com\/fr\/pentax-image-51\/'><img loading=\"lazy\" decoding=\"async\" width=\"80\" height=\"80\" src=\"https:\/\/www.europa-prefabri.com\/wp-content\/uploads\/Servicio-de-transformacion-y-traslado-de-modulos-casetas-y-contenedores-europa-prefabri-1-80x80.jpg\" class=\"attachment-thumbnail size-thumbnail\" alt=\"Servicio de transformacion y traslado de modulos, casetas y contenedores europa prefabri 1\" srcset=\"https:\/\/www.europa-prefabri.com\/wp-content\/uploads\/Servicio-de-transformacion-y-traslado-de-modulos-casetas-y-contenedores-europa-prefabri-1-80x80.jpg 80w, https:\/\/www.europa-prefabri.com\/wp-content\/uploads\/Servicio-de-transformacion-y-traslado-de-modulos-casetas-y-contenedores-europa-prefabri-1-36x36.jpg 36w, https:\/\/www.europa-prefabri.com\/wp-content\/uploads\/Servicio-de-transformacion-y-traslado-de-modulos-casetas-y-contenedores-europa-prefabri-1-180x180.jpg 180w, https:\/\/www.europa-prefabri.com\/wp-content\/uploads\/Servicio-de-transformacion-y-traslado-de-modulos-casetas-y-contenedores-europa-prefabri-1-120x120.jpg 120w, https:\/\/www.europa-prefabri.com\/wp-content\/uploads\/Servicio-de-transformacion-y-traslado-de-modulos-casetas-y-contenedores-europa-prefabri-1-450x450.jpg 450w\" sizes=\"auto, (max-width: 80px) 100vw, 80px\" \/><\/a>\n\t\t\t<\/dt><\/dl>\n\t\t\t<br style='clear: both' \/>\n\t\t<\/div>\n\n<p style=\"text-align: justify;\"><span style=\"color: #000000;\">Bungalows de chantier et modules pr\u00e9fabriqu\u00e9s, profitez du service int\u00e9gral d&#8217;Europa Prefabri. Vous avez termin\u00e9 un chantier ou un \u00e9v\u00e9nement et vous en n\u2019avez pas d\u00b4autre jusqu\u00b4au mois prochain\u00a0? Vous aimeriez donner un coup de jeune \u00e0 votre cabane peinte dans les couleurs de l\u00b4entreprise\u00a0? Vous voudriez r\u00e9nover votre module\u00a0? Vous voulez avoir plus de superficie vitr\u00e9e pour avoir plus de lumi\u00e8re naturelle\u00a0? Vous aimeriez avoir un kiosque de nourriture rapidement\u00a0? Si la r\u00e9ponse \u00e0 une de ces questions est oui, Europa Prefabri vous apporte la solution avec son service de bungalows de chantier,\u00a0cabanes de chantier, abris de chantier, modules pr\u00e9fabriqu\u00e9s et conteneurs.<\/span><\/p>\n<h2>Service de montage et de d\u00e9montages de bungalows de chantier,\u00a0cabanes de chantier et modules pr\u00e9fabriqu\u00e9s<\/h2>\n<p><img loading=\"lazy\" decoding=\"async\" class=\"alignnone size-full wp-image-13660\" style=\"line-height: 1.5;\" src=\"http:\/\/www.europa-prefabri.com\/wp-content\/uploads\/Servicio-de-montaje-y-desmontaje-de-casetas-y-modulos.jpg\" alt=\"Servicio de montaje y desmontaje de casetas y modulos\" width=\"800\" height=\"600\" \/><\/p>\n<p style=\"text-align: justify;\"><span style=\"color: #000000;\">Un des grands avantages de la construction modulaire est sa facilit\u00e9 \u00e0 monter et \u00e0 d\u00e9monter pour faciliter son transport et son stockage.<\/span><\/p>\n<p style=\"text-align: justify;\"><span style=\"color: #000000;\">Notre \u00e9quipe de monteurs avis\u00e9s est la garantie d\u00b4un d\u00e9montage correct et d\u00b4un montage efficace de vos bungalows de chantier, en utilisant toujours les outils ad\u00e9quats pour pouvoir offrir un service rapide et efficace.<\/span><\/p>\n<h2>Service de garde et de stockage de mat\u00e9riel<\/h2>\n<h2><img loading=\"lazy\" decoding=\"async\" class=\"alignnone wp-image-13668 size-full\" style=\"font-size: 16px; line-height: 1.5;\" src=\"http:\/\/www.europa-prefabri.com\/wp-content\/uploads\/Servicio-de-guarda-y-custodia.jpg\" alt=\"Servicio de guarda y custodia de material\" width=\"800\" height=\"600\" \/><\/h2>\n<p style=\"text-align: justify;\"><span style=\"color: #000000;\">Si vous ne savez pas o\u00f9 stocker votre bungalow de chantier, cabane ou conteneur jusqu\u00b4\u00e0 sa prochaine utilisation, nous vous offrons la solution avec notre service de garde et de stockage.<\/span><\/p>\n<p style=\"text-align: justify;\"><span style=\"color: #000000;\">Nous vous facilitons le transport du mat\u00e9riel en r\u00e9cup\u00e9rant les bungalows de chantier, cabaness ou conteneur n\u00b4importe o\u00f9 dans la p\u00e9ninsule Ib\u00e9rique et le stockons correctement dans nos installations de plus de 18 000 m\u00e8tres carr\u00e9s, dans lesquels nous disposons d\u00b4une surveillance H24.<\/span><\/p>\n<p style=\"text-align: justify;\"><span style=\"color: #000000;\">De plus, vous pouvez profiter de l\u00b4inactivit\u00e9 temporaire du module, cabane ou conteneur pour profiter aussi de nos services suivant, en relation avec la mise au point de votre mat\u00e9riel.<\/span><\/p>\n<h2>Service de r\u00e9paration et de mise au point de bungalows de chantier, modules pr\u00e9fabriqu\u00e9s et cabanes de chantier<\/h2>\n<h2><img loading=\"lazy\" decoding=\"async\" class=\"alignnone wp-image-13652 size-full\" style=\"font-size: 16px; line-height: 1.5;\" title=\"Servicio de reparaci\u00f3n y puesta a punto de m\u00f3dulos y casetas\" src=\"http:\/\/www.europa-prefabri.com\/wp-content\/uploads\/Reparacion-modulos-casetas-contenedores-europa-prefabri.jpg\" alt=\"Servicio de reparaci\u00f3n y puesta a punto de m\u00f3dulos y casetas\" width=\"800\" height=\"600\" \/><\/h2>\n<p style=\"text-align: justify;\"><span style=\"color: #000000;\">Toutes imperfections dans les cabanes et modules dont vous serez propri\u00e9taires pourront \u00eatre r\u00e9par\u00e9s par notre \u00e9quipe de travailleurs exp\u00e9riment\u00e9s, prolongeant ainsi la vie utile de votre bien. Parmi les possibilit\u00e9s de r\u00e9paration et de mise au point de vos modules de chantier, nous vous proposons\u00a0:<\/span><\/p>\n<ul style=\"text-align: justify;\">\n<li><span style=\"color: #000000;\">Le remplacement des panneaux abim\u00e9s ou d\u00e9t\u00e9rior\u00e9s<\/span><\/li>\n<\/ul>\n<ul style=\"text-align: justify;\">\n<li><span style=\"color: #000000;\">La r\u00e9paration des goutti\u00e8res existantes et la possibilit\u00e9 d\u00b4installer une sur couverture inclin\u00e9e pour am\u00e9liorer l\u00b4\u00e9coulement d\u00b4eau dans votre module ou cabane, provenant de l\u00b4accumulation d\u00b4eau dans des endroits sp\u00e9cifiques, et minimisant ainsi le risque de fuites<\/span><\/li>\n<li><span style=\"color: #000000;\">la r\u00e9paration ou le remplacement de vos serrures, poign\u00e9es et manivelles<\/span><\/li>\n<li><span style=\"color: #000000;\">le remplacement de vos fen\u00eatres avec possibilit\u00e9 d\u00b4installer des barreaux<\/span><\/li>\n<li><span style=\"color: #000000;\">la r\u00e9paration ou le remplacement de votre installation \u00e9lectrique<\/span><\/li>\n<li><span style=\"color: #000000;\">la pr\u00e9-installation de voix et donn\u00e9es<\/span><\/li>\n<li><span style=\"color: #000000;\">la r\u00e9paration ou le remplacement du climatiseur<\/span><\/li>\n<li><span style=\"color: #000000;\">la r\u00e9paration ou le remplacement de la plomberie<\/span><\/li>\n<li><span style=\"color: #000000;\">la r\u00e9paration ou le remplacement de portes<\/span><\/li>\n<li><span style=\"color: #000000;\">le r\u00e9am\u00e9nagement de l\u00b4espace avec l\u00b4addition ou la soustraction de panneaux int\u00e9rieurs<\/span><\/li>\n<\/ul>\n<p style=\"text-align: justify;\"><span style=\"color: #000000;\">Nous proposons aussi la location de mobiliers pour vos bungalows de chantier<\/span><\/p>\n<h2>Service de transformation et de d\u00e9placement de bungalows de chantier, cabanes de chantier et conteneurs<\/h2>\n<p><img loading=\"lazy\" decoding=\"async\" class=\"alignnone size-full wp-image-13664\" src=\"http:\/\/www.europa-prefabri.com\/wp-content\/uploads\/Servicio-de-transformaci\u00f3n-y-traslado-de-m\u00f3dulos-casetas-y-contenedores.jpg\" alt=\"servicio de transformacion y traslado de modulos casetas y contenedores - europa prefabri\" width=\"800\" height=\"600\" srcset=\"https:\/\/www.europa-prefabri.com\/wp-content\/uploads\/Servicio-de-transformaci\u00f3n-y-traslado-de-m\u00f3dulos-casetas-y-contenedores.jpg 800w, https:\/\/www.europa-prefabri.com\/wp-content\/uploads\/Servicio-de-transformaci\u00f3n-y-traslado-de-m\u00f3dulos-casetas-y-contenedores-300x225.jpg 300w, https:\/\/www.europa-prefabri.com\/wp-content\/uploads\/Servicio-de-transformaci\u00f3n-y-traslado-de-m\u00f3dulos-casetas-y-contenedores-768x576.jpg 768w, https:\/\/www.europa-prefabri.com\/wp-content\/uploads\/Servicio-de-transformaci\u00f3n-y-traslado-de-m\u00f3dulos-casetas-y-contenedores-705x529.jpg 705w, https:\/\/www.europa-prefabri.com\/wp-content\/uploads\/Servicio-de-transformaci\u00f3n-y-traslado-de-m\u00f3dulos-casetas-y-contenedores-450x338.jpg 450w\" sizes=\"auto, (max-width: 800px) 100vw, 800px\" \/><\/p>\n<p style=\"text-align: justify;\"><span style=\"color: #000000;\">Nous pouvons donner une seconde vie \u00e0 votre module, en r\u00e9alisant les changements dont vous avez besoin. Voici les transformations que nous r\u00e9alisons:<\/span><\/p>\n<ul style=\"text-align: justify;\">\n<li><span style=\"color: #000000;\">remplacement du sol original de vos bungalows de chantier,\u00a0par celui que vous pr\u00e9f\u00e9rez : parquet flottant, parquet, carrelage\u2026<\/span><\/li>\n<li><span style=\"color: #000000;\">isolement thermique et\/ou acoustique du bungalow de chantier,\u00a0module, cabane ou conteneur<\/span><\/li>\n<li><span style=\"color: #000000;\">installation d\u00b4un faux toit o\u00f9 une installation d\u00b4un nouvel \u00e9clairage est possible<\/span><\/li>\n<li><span style=\"color: #000000;\">cr\u00e9ation ou amplification d\u00b4une zone vitr\u00e9e<\/span><\/li>\n<li><span style=\"color: #000000;\">recouvrement ext\u00e9rieur et\/ou int\u00e9rieur de bois, polyur\u00e9thane\u2026<\/span><\/li>\n<li><span style=\"color: #000000;\">installation de la plomberie<\/span><\/li>\n<li><span style=\"color: #000000;\">r\u00e9am\u00e9nagement de votre bungalow de chantier\u00a0pour un nouvel usage, par exemple pour faire un kiosque de nourriture et de boisson, caf\u00e9t\u00e9ria, stand publicitaire, structure d\u00b4accueil au public, salles de ventes, promotion immobili\u00e8re, bureau d\u00b4information\u2026<\/span><\/li>\n<\/ul>\n<p style=\"text-align: justify;\"><span style=\"color: #000000;\">Confiez la garde de vos modules au groupe <a style=\"color: #000000;\" href=\"https:\/\/www.europa-prefabri.com\/fr\/lentreprise\/\" class=\"broken_link\">Europa\u00a0Prefabri<\/a>, qui a plus de trente ans d\u00b4exp\u00e9rience dans le secteur, en \u00e9conomisant les couts de stockage et en ayant vos modules toujours pr\u00eats pour leur prochaine utilisation.<\/span><\/p>\n<h2><\/h2>\n","protected":false},"excerpt":{"rendered":"<p>Bungalows de chantier et modules pr\u00e9fabriqu\u00e9s, profitez du service int\u00e9gral d&#8217;Europa Prefabri. Vous avez termin\u00e9 un chantier ou un \u00e9v\u00e9nement et vous en n\u2019avez pas d\u00b4autre jusqu\u00b4au mois prochain\u00a0? Vous aimeriez donner un coup de jeune \u00e0 votre cabane peinte dans les couleurs de l\u00b4entreprise\u00a0? Vous voudriez r\u00e9nover votre module\u00a0? Vous voulez avoir plus de [&hellip;]<\/p>\n","protected":false},"author":4,"featured_media":13703,"comment_status":"closed","ping_status":"closed","sticky":false,"template":"","format":"gallery","meta":{"footnotes":""},"categories":[58],"tags":[366,377,286,144,376],"class_list":["post-14319","post","type-post","status-publish","format-gallery","has-post-thumbnail","hentry","category-projets","tag-bungalows-de-chantier","tag-garde","tag-modules","tag-montage","tag-service-integral","post_format-post-format-gallery"],"yoast_head":"<!-- This site is optimized with the Yoast SEO plugin v27.5 - https:\/\/yoast.com\/product\/yoast-seo-wordpress\/ -->\n<title>bungalows de chantier et modules: garde, montage, r\u00e9paration et transformation<\/title>\n<meta name=\"description\" content=\"Europa Prefabri apporte du service int\u00e9gral de bungalows de chantier et modules pr\u00e9fabriqu\u00e9s: montage et r\u00e9paration de vos cabanes de chantier\" \/>\n<meta name=\"robots\" content=\"index, follow, max-snippet:-1, max-image-preview:large, max-video-preview:-1\" \/>\n<link rel=\"canonical\" href=\"https:\/\/www.europa-prefabri.com\/fr\/bungalows-chantier-et-modules-garde-montage-reparation-et-transformation-prefabri\/\" \/>\n<meta property=\"og:locale\" content=\"fr_FR\" \/>\n<meta property=\"og:type\" content=\"article\" \/>\n<meta property=\"og:title\" content=\"bungalows de chantier et modules: garde, montage, r\u00e9paration et transformation\" \/>\n<meta property=\"og:description\" content=\"Europa Prefabri apporte du service int\u00e9gral de bungalows de chantier et modules pr\u00e9fabriqu\u00e9s: montage et r\u00e9paration de vos cabanes de chantier\" \/>\n<meta property=\"og:url\" content=\"https:\/\/www.europa-prefabri.com\/fr\/bungalows-chantier-et-modules-garde-montage-reparation-et-transformation-prefabri\/\" \/>\n<meta property=\"og:site_name\" content=\"Europa Prefabri | Alquiler y venta de construcciones modulares\" \/>\n<meta property=\"article:publisher\" content=\"https:\/\/www.facebook.com\/Europa-Prefabri-258328977572213\/\" \/>\n<meta property=\"article:published_time\" content=\"2017-01-25T11:05:30+00:00\" \/>\n<meta property=\"article:modified_time\" content=\"2017-09-19T17:12:03+00:00\" \/>\n<meta property=\"og:image\" content=\"https:\/\/www.europa-prefabri.com\/wp-content\/uploads\/Servicio-integral-en-casetas-y-modulos-guardia-y-custodia-montaje-reparacion-y-transformacion-Prefabri2.png\" \/>\n\t<meta property=\"og:image:width\" content=\"800\" \/>\n\t<meta property=\"og:image:height\" content=\"600\" \/>\n\t<meta property=\"og:image:type\" content=\"image\/png\" \/>\n<meta name=\"author\" content=\"admin\" \/>\n<meta name=\"twitter:card\" content=\"summary_large_image\" \/>\n<meta name=\"twitter:creator\" content=\"@EuropaPrefabri\" \/>\n<meta name=\"twitter:site\" content=\"@EuropaPrefabri\" \/>\n<meta name=\"twitter:label1\" content=\"Written by\" \/>\n\t<meta name=\"twitter:data1\" content=\"admin\" \/>\n\t<meta name=\"twitter:label2\" content=\"Est. reading time\" \/>\n\t<meta name=\"twitter:data2\" content=\"4 minutes\" \/>\n<script type=\"application\/ld+json\" class=\"yoast-schema-graph\">{\"@context\":\"https:\\\/\\\/schema.org\",\"@graph\":[{\"@type\":\"Article\",\"@id\":\"https:\\\/\\\/www.europa-prefabri.com\\\/fr\\\/bungalows-chantier-et-modules-garde-montage-reparation-et-transformation-prefabri\\\/#article\",\"isPartOf\":{\"@id\":\"https:\\\/\\\/www.europa-prefabri.com\\\/fr\\\/bungalows-chantier-et-modules-garde-montage-reparation-et-transformation-prefabri\\\/\"},\"author\":{\"name\":\"admin\",\"@id\":\"https:\\\/\\\/www.europa-prefabri.com\\\/#\\\/schema\\\/person\\\/2ab6be5821a7026cd8f16d2a9411e86e\"},\"headline\":\"bungalows de chantier et modules: garde, montage, r\u00e9paration et transformation | Prefabri\",\"datePublished\":\"2017-01-25T11:05:30+00:00\",\"dateModified\":\"2017-09-19T17:12:03+00:00\",\"mainEntityOfPage\":{\"@id\":\"https:\\\/\\\/www.europa-prefabri.com\\\/fr\\\/bungalows-chantier-et-modules-garde-montage-reparation-et-transformation-prefabri\\\/\"},\"wordCount\":755,\"publisher\":{\"@id\":\"https:\\\/\\\/www.europa-prefabri.com\\\/#organization\"},\"image\":{\"@id\":\"https:\\\/\\\/www.europa-prefabri.com\\\/fr\\\/bungalows-chantier-et-modules-garde-montage-reparation-et-transformation-prefabri\\\/#primaryimage\"},\"thumbnailUrl\":\"https:\\\/\\\/www.europa-prefabri.com\\\/wp-content\\\/uploads\\\/Servicio-integral-en-casetas-y-modulos-guardia-y-custodia-montaje-reparacion-y-transformacion-Prefabri2.png\",\"keywords\":[\"bungalows de chantier\",\"garde\",\"MODULES\",\"Montage\",\"service int\u00e9gral\"],\"articleSection\":[\"Projets\"],\"inLanguage\":\"fr-FR\"},{\"@type\":\"WebPage\",\"@id\":\"https:\\\/\\\/www.europa-prefabri.com\\\/fr\\\/bungalows-chantier-et-modules-garde-montage-reparation-et-transformation-prefabri\\\/\",\"url\":\"https:\\\/\\\/www.europa-prefabri.com\\\/fr\\\/bungalows-chantier-et-modules-garde-montage-reparation-et-transformation-prefabri\\\/\",\"name\":\"bungalows de chantier et modules: garde, montage, r\u00e9paration et transformation\",\"isPartOf\":{\"@id\":\"https:\\\/\\\/www.europa-prefabri.com\\\/#website\"},\"primaryImageOfPage\":{\"@id\":\"https:\\\/\\\/www.europa-prefabri.com\\\/fr\\\/bungalows-chantier-et-modules-garde-montage-reparation-et-transformation-prefabri\\\/#primaryimage\"},\"image\":{\"@id\":\"https:\\\/\\\/www.europa-prefabri.com\\\/fr\\\/bungalows-chantier-et-modules-garde-montage-reparation-et-transformation-prefabri\\\/#primaryimage\"},\"thumbnailUrl\":\"https:\\\/\\\/www.europa-prefabri.com\\\/wp-content\\\/uploads\\\/Servicio-integral-en-casetas-y-modulos-guardia-y-custodia-montaje-reparacion-y-transformacion-Prefabri2.png\",\"datePublished\":\"2017-01-25T11:05:30+00:00\",\"dateModified\":\"2017-09-19T17:12:03+00:00\",\"description\":\"Europa Prefabri apporte du service int\u00e9gral de bungalows de chantier et modules pr\u00e9fabriqu\u00e9s: montage et r\u00e9paration de vos cabanes de chantier\",\"breadcrumb\":{\"@id\":\"https:\\\/\\\/www.europa-prefabri.com\\\/fr\\\/bungalows-chantier-et-modules-garde-montage-reparation-et-transformation-prefabri\\\/#breadcrumb\"},\"inLanguage\":\"fr-FR\",\"potentialAction\":[{\"@type\":\"ReadAction\",\"target\":[\"https:\\\/\\\/www.europa-prefabri.com\\\/fr\\\/bungalows-chantier-et-modules-garde-montage-reparation-et-transformation-prefabri\\\/\"]}]},{\"@type\":\"ImageObject\",\"inLanguage\":\"fr-FR\",\"@id\":\"https:\\\/\\\/www.europa-prefabri.com\\\/fr\\\/bungalows-chantier-et-modules-garde-montage-reparation-et-transformation-prefabri\\\/#primaryimage\",\"url\":\"https:\\\/\\\/www.europa-prefabri.com\\\/wp-content\\\/uploads\\\/Servicio-integral-en-casetas-y-modulos-guardia-y-custodia-montaje-reparacion-y-transformacion-Prefabri2.png\",\"contentUrl\":\"https:\\\/\\\/www.europa-prefabri.com\\\/wp-content\\\/uploads\\\/Servicio-integral-en-casetas-y-modulos-guardia-y-custodia-montaje-reparacion-y-transformacion-Prefabri2.png\",\"width\":800,\"height\":600},{\"@type\":\"BreadcrumbList\",\"@id\":\"https:\\\/\\\/www.europa-prefabri.com\\\/fr\\\/bungalows-chantier-et-modules-garde-montage-reparation-et-transformation-prefabri\\\/#breadcrumb\",\"itemListElement\":[{\"@type\":\"ListItem\",\"position\":1,\"name\":\"Portada\",\"item\":\"https:\\\/\\\/www.europa-prefabri.com\\\/fr\\\/\"},{\"@type\":\"ListItem\",\"position\":2,\"name\":\"bungalows de chantier et modules: garde, montage, r\u00e9paration et transformation | Prefabri\"}]},{\"@type\":\"WebSite\",\"@id\":\"https:\\\/\\\/www.europa-prefabri.com\\\/#website\",\"url\":\"https:\\\/\\\/www.europa-prefabri.com\\\/\",\"name\":\"Europa Prefabri | Alquiler y venta de construcciones modulares\",\"description\":\"Alquiler y venta de construcciones modulares, casetas de obra, marquesinas de aparcamiento y vallas y cerramientos.\",\"publisher\":{\"@id\":\"https:\\\/\\\/www.europa-prefabri.com\\\/#organization\"},\"potentialAction\":[{\"@type\":\"SearchAction\",\"target\":{\"@type\":\"EntryPoint\",\"urlTemplate\":\"https:\\\/\\\/www.europa-prefabri.com\\\/?s={search_term_string}\"},\"query-input\":{\"@type\":\"PropertyValueSpecification\",\"valueRequired\":true,\"valueName\":\"search_term_string\"}}],\"inLanguage\":\"fr-FR\"},{\"@type\":\"Organization\",\"@id\":\"https:\\\/\\\/www.europa-prefabri.com\\\/#organization\",\"name\":\"Prefabri S.L.\",\"url\":\"https:\\\/\\\/www.europa-prefabri.com\\\/\",\"logo\":{\"@type\":\"ImageObject\",\"inLanguage\":\"fr-FR\",\"@id\":\"https:\\\/\\\/www.europa-prefabri.com\\\/#\\\/schema\\\/logo\\\/image\\\/\",\"url\":\"https:\\\/\\\/www.europa-prefabri.com\\\/wp-content\\\/uploads\\\/EuropaPrefabri-Logo.jpg\",\"contentUrl\":\"https:\\\/\\\/www.europa-prefabri.com\\\/wp-content\\\/uploads\\\/EuropaPrefabri-Logo.jpg\",\"width\":752,\"height\":348,\"caption\":\"Prefabri S.L.\"},\"image\":{\"@id\":\"https:\\\/\\\/www.europa-prefabri.com\\\/#\\\/schema\\\/logo\\\/image\\\/\"},\"sameAs\":[\"https:\\\/\\\/www.facebook.com\\\/Europa-Prefabri-258328977572213\\\/\",\"https:\\\/\\\/x.com\\\/EuropaPrefabri\",\"https:\\\/\\\/www.instagram.com\\\/europaprefabri\\\/\",\"https:\\\/\\\/es.linkedin.com\\\/company\\\/europa-prefabri\",\"https:\\\/\\\/es.pinterest.com\\\/europaprefabri\\\/\",\"https:\\\/\\\/www.youtube.com\\\/user\\\/PrefabriSL\"]},{\"@type\":\"Person\",\"@id\":\"https:\\\/\\\/www.europa-prefabri.com\\\/#\\\/schema\\\/person\\\/2ab6be5821a7026cd8f16d2a9411e86e\",\"name\":\"admin\",\"image\":{\"@type\":\"ImageObject\",\"inLanguage\":\"fr-FR\",\"@id\":\"https:\\\/\\\/secure.gravatar.com\\\/avatar\\\/dc55d3f4b941a1510eef2620b2c166513788bd88ef72341333b6d0a859bacd3c?s=96&d=mm&r=g\",\"url\":\"https:\\\/\\\/secure.gravatar.com\\\/avatar\\\/dc55d3f4b941a1510eef2620b2c166513788bd88ef72341333b6d0a859bacd3c?s=96&d=mm&r=g\",\"contentUrl\":\"https:\\\/\\\/secure.gravatar.com\\\/avatar\\\/dc55d3f4b941a1510eef2620b2c166513788bd88ef72341333b6d0a859bacd3c?s=96&d=mm&r=g\",\"caption\":\"admin\"},\"sameAs\":[\"https:\\\/\\\/www.europa-prefabri.com\",\"https:\\\/\\\/x.com\\\/@EuropaPrefabri\"]}]}<\/script>\n<!-- \/ Yoast SEO plugin. -->","yoast_head_json":{"title":"bungalows de chantier et modules: garde, montage, r\u00e9paration et transformation","description":"Europa Prefabri apporte du service int\u00e9gral de bungalows de chantier et modules pr\u00e9fabriqu\u00e9s: montage et r\u00e9paration de vos cabanes de chantier","robots":{"index":"index","follow":"follow","max-snippet":"max-snippet:-1","max-image-preview":"max-image-preview:large","max-video-preview":"max-video-preview:-1"},"canonical":"https:\/\/www.europa-prefabri.com\/fr\/bungalows-chantier-et-modules-garde-montage-reparation-et-transformation-prefabri\/","og_locale":"fr_FR","og_type":"article","og_title":"bungalows de chantier et modules: garde, montage, r\u00e9paration et transformation","og_description":"Europa Prefabri apporte du service int\u00e9gral de bungalows de chantier et modules pr\u00e9fabriqu\u00e9s: montage et r\u00e9paration de vos cabanes de chantier","og_url":"https:\/\/www.europa-prefabri.com\/fr\/bungalows-chantier-et-modules-garde-montage-reparation-et-transformation-prefabri\/","og_site_name":"Europa Prefabri | Alquiler y venta de construcciones modulares","article_publisher":"https:\/\/www.facebook.com\/Europa-Prefabri-258328977572213\/","article_published_time":"2017-01-25T11:05:30+00:00","article_modified_time":"2017-09-19T17:12:03+00:00","og_image":[{"width":800,"height":600,"url":"https:\/\/www.europa-prefabri.com\/wp-content\/uploads\/Servicio-integral-en-casetas-y-modulos-guardia-y-custodia-montaje-reparacion-y-transformacion-Prefabri2.png","type":"image\/png"}],"author":"admin","twitter_card":"summary_large_image","twitter_creator":"@EuropaPrefabri","twitter_site":"@EuropaPrefabri","twitter_misc":{"Written by":"admin","Est. reading time":"4 minutes"},"schema":{"@context":"https:\/\/schema.org","@graph":[{"@type":"Article","@id":"https:\/\/www.europa-prefabri.com\/fr\/bungalows-chantier-et-modules-garde-montage-reparation-et-transformation-prefabri\/#article","isPartOf":{"@id":"https:\/\/www.europa-prefabri.com\/fr\/bungalows-chantier-et-modules-garde-montage-reparation-et-transformation-prefabri\/"},"author":{"name":"admin","@id":"https:\/\/www.europa-prefabri.com\/#\/schema\/person\/2ab6be5821a7026cd8f16d2a9411e86e"},"headline":"bungalows de chantier et modules: garde, montage, r\u00e9paration et transformation | Prefabri","datePublished":"2017-01-25T11:05:30+00:00","dateModified":"2017-09-19T17:12:03+00:00","mainEntityOfPage":{"@id":"https:\/\/www.europa-prefabri.com\/fr\/bungalows-chantier-et-modules-garde-montage-reparation-et-transformation-prefabri\/"},"wordCount":755,"publisher":{"@id":"https:\/\/www.europa-prefabri.com\/#organization"},"image":{"@id":"https:\/\/www.europa-prefabri.com\/fr\/bungalows-chantier-et-modules-garde-montage-reparation-et-transformation-prefabri\/#primaryimage"},"thumbnailUrl":"https:\/\/www.europa-prefabri.com\/wp-content\/uploads\/Servicio-integral-en-casetas-y-modulos-guardia-y-custodia-montaje-reparacion-y-transformacion-Prefabri2.png","keywords":["bungalows de chantier","garde","MODULES","Montage","service int\u00e9gral"],"articleSection":["Projets"],"inLanguage":"fr-FR"},{"@type":"WebPage","@id":"https:\/\/www.europa-prefabri.com\/fr\/bungalows-chantier-et-modules-garde-montage-reparation-et-transformation-prefabri\/","url":"https:\/\/www.europa-prefabri.com\/fr\/bungalows-chantier-et-modules-garde-montage-reparation-et-transformation-prefabri\/","name":"bungalows de chantier et modules: garde, montage, r\u00e9paration et transformation","isPartOf":{"@id":"https:\/\/www.europa-prefabri.com\/#website"},"primaryImageOfPage":{"@id":"https:\/\/www.europa-prefabri.com\/fr\/bungalows-chantier-et-modules-garde-montage-reparation-et-transformation-prefabri\/#primaryimage"},"image":{"@id":"https:\/\/www.europa-prefabri.com\/fr\/bungalows-chantier-et-modules-garde-montage-reparation-et-transformation-prefabri\/#primaryimage"},"thumbnailUrl":"https:\/\/www.europa-prefabri.com\/wp-content\/uploads\/Servicio-integral-en-casetas-y-modulos-guardia-y-custodia-montaje-reparacion-y-transformacion-Prefabri2.png","datePublished":"2017-01-25T11:05:30+00:00","dateModified":"2017-09-19T17:12:03+00:00","description":"Europa Prefabri apporte du service int\u00e9gral de bungalows de chantier et modules pr\u00e9fabriqu\u00e9s: montage et r\u00e9paration de vos cabanes de chantier","breadcrumb":{"@id":"https:\/\/www.europa-prefabri.com\/fr\/bungalows-chantier-et-modules-garde-montage-reparation-et-transformation-prefabri\/#breadcrumb"},"inLanguage":"fr-FR","potentialAction":[{"@type":"ReadAction","target":["https:\/\/www.europa-prefabri.com\/fr\/bungalows-chantier-et-modules-garde-montage-reparation-et-transformation-prefabri\/"]}]},{"@type":"ImageObject","inLanguage":"fr-FR","@id":"https:\/\/www.europa-prefabri.com\/fr\/bungalows-chantier-et-modules-garde-montage-reparation-et-transformation-prefabri\/#primaryimage","url":"https:\/\/www.europa-prefabri.com\/wp-content\/uploads\/Servicio-integral-en-casetas-y-modulos-guardia-y-custodia-montaje-reparacion-y-transformacion-Prefabri2.png","contentUrl":"https:\/\/www.europa-prefabri.com\/wp-content\/uploads\/Servicio-integral-en-casetas-y-modulos-guardia-y-custodia-montaje-reparacion-y-transformacion-Prefabri2.png","width":800,"height":600},{"@type":"BreadcrumbList","@id":"https:\/\/www.europa-prefabri.com\/fr\/bungalows-chantier-et-modules-garde-montage-reparation-et-transformation-prefabri\/#breadcrumb","itemListElement":[{"@type":"ListItem","position":1,"name":"Portada","item":"https:\/\/www.europa-prefabri.com\/fr\/"},{"@type":"ListItem","position":2,"name":"bungalows de chantier et modules: garde, montage, r\u00e9paration et transformation | Prefabri"}]},{"@type":"WebSite","@id":"https:\/\/www.europa-prefabri.com\/#website","url":"https:\/\/www.europa-prefabri.com\/","name":"Europa Prefabri | Alquiler y venta de construcciones modulares","description":"Alquiler y venta de construcciones modulares, casetas de obra, marquesinas de aparcamiento y vallas y cerramientos.","publisher":{"@id":"https:\/\/www.europa-prefabri.com\/#organization"},"potentialAction":[{"@type":"SearchAction","target":{"@type":"EntryPoint","urlTemplate":"https:\/\/www.europa-prefabri.com\/?s={search_term_string}"},"query-input":{"@type":"PropertyValueSpecification","valueRequired":true,"valueName":"search_term_string"}}],"inLanguage":"fr-FR"},{"@type":"Organization","@id":"https:\/\/www.europa-prefabri.com\/#organization","name":"Prefabri S.L.","url":"https:\/\/www.europa-prefabri.com\/","logo":{"@type":"ImageObject","inLanguage":"fr-FR","@id":"https:\/\/www.europa-prefabri.com\/#\/schema\/logo\/image\/","url":"https:\/\/www.europa-prefabri.com\/wp-content\/uploads\/EuropaPrefabri-Logo.jpg","contentUrl":"https:\/\/www.europa-prefabri.com\/wp-content\/uploads\/EuropaPrefabri-Logo.jpg","width":752,"height":348,"caption":"Prefabri S.L."},"image":{"@id":"https:\/\/www.europa-prefabri.com\/#\/schema\/logo\/image\/"},"sameAs":["https:\/\/www.facebook.com\/Europa-Prefabri-258328977572213\/","https:\/\/x.com\/EuropaPrefabri","https:\/\/www.instagram.com\/europaprefabri\/","https:\/\/es.linkedin.com\/company\/europa-prefabri","https:\/\/es.pinterest.com\/europaprefabri\/","https:\/\/www.youtube.com\/user\/PrefabriSL"]},{"@type":"Person","@id":"https:\/\/www.europa-prefabri.com\/#\/schema\/person\/2ab6be5821a7026cd8f16d2a9411e86e","name":"admin","image":{"@type":"ImageObject","inLanguage":"fr-FR","@id":"https:\/\/secure.gravatar.com\/avatar\/dc55d3f4b941a1510eef2620b2c166513788bd88ef72341333b6d0a859bacd3c?s=96&d=mm&r=g","url":"https:\/\/secure.gravatar.com\/avatar\/dc55d3f4b941a1510eef2620b2c166513788bd88ef72341333b6d0a859bacd3c?s=96&d=mm&r=g","contentUrl":"https:\/\/secure.gravatar.com\/avatar\/dc55d3f4b941a1510eef2620b2c166513788bd88ef72341333b6d0a859bacd3c?s=96&d=mm&r=g","caption":"admin"},"sameAs":["https:\/\/www.europa-prefabri.com","https:\/\/x.com\/@EuropaPrefabri"]}]}},"_links":{"self":[{"href":"https:\/\/www.europa-prefabri.com\/fr\/wp-json\/wp\/v2\/posts\/14319","targetHints":{"allow":["GET"]}}],"collection":[{"href":"https:\/\/www.europa-prefabri.com\/fr\/wp-json\/wp\/v2\/posts"}],"about":[{"href":"https:\/\/www.europa-prefabri.com\/fr\/wp-json\/wp\/v2\/types\/post"}],"author":[{"embeddable":true,"href":"https:\/\/www.europa-prefabri.com\/fr\/wp-json\/wp\/v2\/users\/4"}],"replies":[{"embeddable":true,"href":"https:\/\/www.europa-prefabri.com\/fr\/wp-json\/wp\/v2\/comments?post=14319"}],"version-history":[{"count":0,"href":"https:\/\/www.europa-prefabri.com\/fr\/wp-json\/wp\/v2\/posts\/14319\/revisions"}],"wp:featuredmedia":[{"embeddable":true,"href":"https:\/\/www.europa-prefabri.com\/fr\/wp-json\/wp\/v2\/media\/13703"}],"wp:attachment":[{"href":"https:\/\/www.europa-prefabri.com\/fr\/wp-json\/wp\/v2\/media?parent=14319"}],"wp:term":[{"taxonomy":"category","embeddable":true,"href":"https:\/\/www.europa-prefabri.com\/fr\/wp-json\/wp\/v2\/categories?post=14319"},{"taxonomy":"post_tag","embeddable":true,"href":"https:\/\/www.europa-prefabri.com\/fr\/wp-json\/wp\/v2\/tags?post=14319"}],"curies":[{"name":"wp","href":"https:\/\/api.w.org\/{rel}","templated":true}]}}