{"id":14260,"date":"2016-06-19T22:38:45","date_gmt":"2016-06-19T22:38:45","guid":{"rendered":"http:\/\/www.europa-prefabri.com\/fr\/?p=14260"},"modified":"2017-03-10T11:01:41","modified_gmt":"2017-03-10T11:01:41","slug":"toit-metallique-special-pour-le-terrain-de-golf-a-alcobendas","status":"publish","type":"post","link":"https:\/\/www.europa-prefabri.com\/fr\/toit-metallique-special-pour-le-terrain-de-golf-a-alcobendas\/","title":{"rendered":"Toit m\u00e9tallique sp\u00e9cial pour le terrain de golf \u00e0 Alcobendas | ET Europa"},"content":{"rendered":"<p style=\"text-align: left;\">Voici quelques photographies du nouveau projet r\u00e9alis\u00e9 \u00e0 Madrid, il s&#8217;agit de la fabrication et du montage d&#8217;un toit m\u00e9tallique sp\u00e9cial pour le terrain de golf \u00e0 Alcobendas en forme pyramidale con\u00e7u sur mesure.<\/p>\n\n\t\t<style type=\"text\/css\">\n\t\t\t#gallery-1 {\n\t\t\t\tmargin: auto;\n\t\t\t}\n\t\t\t#gallery-1 .gallery-item {\n\t\t\t\tfloat: left;\n\t\t\t\tmargin-top: 10px;\n\t\t\t\ttext-align: center;\n\t\t\t\twidth: 11%;\n\t\t\t}\n\t\t\t#gallery-1 img {\n\t\t\t\tborder: 2px solid #cfcfcf;\n\t\t\t}\n\t\t\t#gallery-1 .gallery-caption {\n\t\t\t\tmargin-left: 0;\n\t\t\t}\n\t\t\t\/* see gallery_shortcode() in wp-includes\/media.php *\/\n\t\t<\/style>\n\t\t<div id='gallery-1' class='gallery galleryid-14260 gallery-columns-9 gallery-size-thumbnail'><dl class='gallery-item'>\n\t\t\t<dt class='gallery-icon landscape'>\n\t\t\t\t<a href='https:\/\/www.europa-prefabri.com\/fr\/20160526_184805-copy\/'><img loading=\"lazy\" decoding=\"async\" width=\"80\" height=\"80\" src=\"https:\/\/www.europa-prefabri.com\/wp-content\/uploads\/20160526_184805-Copy-80x80.jpg\" class=\"attachment-thumbnail size-thumbnail\" alt=\"marquesina-metalica-especial-piramidal-para-campo-de-golf-05\" srcset=\"https:\/\/www.europa-prefabri.com\/wp-content\/uploads\/20160526_184805-Copy-80x80.jpg 80w, https:\/\/www.europa-prefabri.com\/wp-content\/uploads\/20160526_184805-Copy-36x36.jpg 36w, https:\/\/www.europa-prefabri.com\/wp-content\/uploads\/20160526_184805-Copy-180x180.jpg 180w, https:\/\/www.europa-prefabri.com\/wp-content\/uploads\/20160526_184805-Copy-120x120.jpg 120w\" sizes=\"auto, (max-width: 80px) 100vw, 80px\" \/><\/a>\n\t\t\t<\/dt><\/dl><dl class='gallery-item'>\n\t\t\t<dt class='gallery-icon landscape'>\n\t\t\t\t<a href='https:\/\/www.europa-prefabri.com\/fr\/20160526_185143-copy-2\/'><img loading=\"lazy\" decoding=\"async\" width=\"80\" height=\"80\" src=\"https:\/\/www.europa-prefabri.com\/wp-content\/uploads\/20160526_185143-Copy-80x80.jpg\" class=\"attachment-thumbnail size-thumbnail\" alt=\"\" srcset=\"https:\/\/www.europa-prefabri.com\/wp-content\/uploads\/20160526_185143-Copy-80x80.jpg 80w, https:\/\/www.europa-prefabri.com\/wp-content\/uploads\/20160526_185143-Copy-36x36.jpg 36w, https:\/\/www.europa-prefabri.com\/wp-content\/uploads\/20160526_185143-Copy-180x180.jpg 180w, https:\/\/www.europa-prefabri.com\/wp-content\/uploads\/20160526_185143-Copy-120x120.jpg 120w\" sizes=\"auto, (max-width: 80px) 100vw, 80px\" \/><\/a>\n\t\t\t<\/dt><\/dl>\n\t\t\t<br style='clear: both' \/>\n\t\t<\/div>\n\n","protected":false},"excerpt":{"rendered":"<p>Voici quelques photographies du nouveau projet r\u00e9alis\u00e9 \u00e0 Madrid, il s&#8217;agit de la fabrication et du montage d&#8217;un toit m\u00e9tallique sp\u00e9cial pour le terrain de golf \u00e0 Alcobendas en forme pyramidale con\u00e7u sur mesure.<\/p>\n","protected":false},"author":4,"featured_media":10911,"comment_status":"closed","ping_status":"closed","sticky":false,"template":"","format":"gallery","meta":{"footnotes":""},"categories":[58],"tags":[330,334,331],"class_list":["post-14260","post","type-post","status-publish","format-gallery","has-post-thumbnail","hentry","category-projets","tag-carport","tag-carport-metallique","tag-marquise","post_format-post-format-gallery"],"yoast_head":"<!-- This site is optimized with the Yoast SEO plugin v27.5 - https:\/\/yoast.com\/product\/yoast-seo-wordpress\/ -->\n<title>Toit m\u00e9tallique sp\u00e9cial pour le terrain de golf \u00e0 Alcobendas | ET Europa<\/title>\n<meta name=\"description\" content=\"Fabrication et montage du toit m\u00e9tallique sp\u00e9cial pour le terrain de golf \u00e0 Alcobendas en forme pyramidale con\u00e7u sur mesure.\" \/>\n<meta name=\"robots\" content=\"index, follow, max-snippet:-1, max-image-preview:large, max-video-preview:-1\" \/>\n<link rel=\"canonical\" href=\"https:\/\/www.europa-prefabri.com\/fr\/toit-metallique-special-pour-le-terrain-de-golf-a-alcobendas\/\" \/>\n<meta property=\"og:locale\" content=\"fr_FR\" \/>\n<meta property=\"og:type\" content=\"article\" \/>\n<meta property=\"og:title\" content=\"Toit m\u00e9tallique sp\u00e9cial pour le terrain de golf \u00e0 Alcobendas | ET Europa\" \/>\n<meta property=\"og:description\" content=\"Fabrication et montage du toit m\u00e9tallique sp\u00e9cial pour le terrain de golf \u00e0 Alcobendas en forme pyramidale con\u00e7u sur mesure.\" \/>\n<meta property=\"og:url\" content=\"https:\/\/www.europa-prefabri.com\/fr\/toit-metallique-special-pour-le-terrain-de-golf-a-alcobendas\/\" \/>\n<meta property=\"og:site_name\" content=\"Europa Prefabri | Alquiler y venta de construcciones modulares\" \/>\n<meta property=\"article:publisher\" content=\"https:\/\/www.facebook.com\/Europa-Prefabri-258328977572213\/\" \/>\n<meta property=\"article:published_time\" content=\"2016-06-19T22:38:45+00:00\" \/>\n<meta property=\"article:modified_time\" content=\"2017-03-10T11:01:41+00:00\" \/>\n<meta property=\"og:image\" content=\"https:\/\/www.europa-prefabri.com\/wp-content\/uploads\/20160526_185246-Copy.jpg\" \/>\n\t<meta property=\"og:image:width\" content=\"640\" \/>\n\t<meta property=\"og:image:height\" content=\"385\" \/>\n\t<meta property=\"og:image:type\" content=\"image\/jpeg\" \/>\n<meta name=\"author\" content=\"admin\" \/>\n<meta name=\"twitter:card\" content=\"summary_large_image\" \/>\n<meta name=\"twitter:creator\" content=\"@EuropaPrefabri\" \/>\n<meta name=\"twitter:site\" content=\"@EuropaPrefabri\" \/>\n<meta name=\"twitter:label1\" content=\"Written by\" \/>\n\t<meta name=\"twitter:data1\" content=\"admin\" \/>\n<script type=\"application\/ld+json\" class=\"yoast-schema-graph\">{\"@context\":\"https:\\\/\\\/schema.org\",\"@graph\":[{\"@type\":\"Article\",\"@id\":\"https:\\\/\\\/www.europa-prefabri.com\\\/fr\\\/toit-metallique-special-pour-le-terrain-de-golf-a-alcobendas\\\/#article\",\"isPartOf\":{\"@id\":\"https:\\\/\\\/www.europa-prefabri.com\\\/fr\\\/toit-metallique-special-pour-le-terrain-de-golf-a-alcobendas\\\/\"},\"author\":{\"name\":\"admin\",\"@id\":\"https:\\\/\\\/www.europa-prefabri.com\\\/#\\\/schema\\\/person\\\/2ab6be5821a7026cd8f16d2a9411e86e\"},\"headline\":\"Toit m\u00e9tallique sp\u00e9cial pour le terrain de golf \u00e0 Alcobendas | ET Europa\",\"datePublished\":\"2016-06-19T22:38:45+00:00\",\"dateModified\":\"2017-03-10T11:01:41+00:00\",\"mainEntityOfPage\":{\"@id\":\"https:\\\/\\\/www.europa-prefabri.com\\\/fr\\\/toit-metallique-special-pour-le-terrain-de-golf-a-alcobendas\\\/\"},\"wordCount\":52,\"publisher\":{\"@id\":\"https:\\\/\\\/www.europa-prefabri.com\\\/#organization\"},\"image\":{\"@id\":\"https:\\\/\\\/www.europa-prefabri.com\\\/fr\\\/toit-metallique-special-pour-le-terrain-de-golf-a-alcobendas\\\/#primaryimage\"},\"thumbnailUrl\":\"https:\\\/\\\/www.europa-prefabri.com\\\/wp-content\\\/uploads\\\/20160526_185246-Copy.jpg\",\"keywords\":[\"carport\",\"carport m\u00e9tallique\",\"marquise\"],\"articleSection\":[\"Projets\"],\"inLanguage\":\"fr-FR\"},{\"@type\":\"WebPage\",\"@id\":\"https:\\\/\\\/www.europa-prefabri.com\\\/fr\\\/toit-metallique-special-pour-le-terrain-de-golf-a-alcobendas\\\/\",\"url\":\"https:\\\/\\\/www.europa-prefabri.com\\\/fr\\\/toit-metallique-special-pour-le-terrain-de-golf-a-alcobendas\\\/\",\"name\":\"Toit m\u00e9tallique sp\u00e9cial pour le terrain de golf \u00e0 Alcobendas | ET Europa\",\"isPartOf\":{\"@id\":\"https:\\\/\\\/www.europa-prefabri.com\\\/#website\"},\"primaryImageOfPage\":{\"@id\":\"https:\\\/\\\/www.europa-prefabri.com\\\/fr\\\/toit-metallique-special-pour-le-terrain-de-golf-a-alcobendas\\\/#primaryimage\"},\"image\":{\"@id\":\"https:\\\/\\\/www.europa-prefabri.com\\\/fr\\\/toit-metallique-special-pour-le-terrain-de-golf-a-alcobendas\\\/#primaryimage\"},\"thumbnailUrl\":\"https:\\\/\\\/www.europa-prefabri.com\\\/wp-content\\\/uploads\\\/20160526_185246-Copy.jpg\",\"datePublished\":\"2016-06-19T22:38:45+00:00\",\"dateModified\":\"2017-03-10T11:01:41+00:00\",\"description\":\"Fabrication et montage du toit m\u00e9tallique sp\u00e9cial pour le terrain de golf \u00e0 Alcobendas en forme pyramidale con\u00e7u sur mesure.\",\"breadcrumb\":{\"@id\":\"https:\\\/\\\/www.europa-prefabri.com\\\/fr\\\/toit-metallique-special-pour-le-terrain-de-golf-a-alcobendas\\\/#breadcrumb\"},\"inLanguage\":\"fr-FR\",\"potentialAction\":[{\"@type\":\"ReadAction\",\"target\":[\"https:\\\/\\\/www.europa-prefabri.com\\\/fr\\\/toit-metallique-special-pour-le-terrain-de-golf-a-alcobendas\\\/\"]}]},{\"@type\":\"ImageObject\",\"inLanguage\":\"fr-FR\",\"@id\":\"https:\\\/\\\/www.europa-prefabri.com\\\/fr\\\/toit-metallique-special-pour-le-terrain-de-golf-a-alcobendas\\\/#primaryimage\",\"url\":\"https:\\\/\\\/www.europa-prefabri.com\\\/wp-content\\\/uploads\\\/20160526_185246-Copy.jpg\",\"contentUrl\":\"https:\\\/\\\/www.europa-prefabri.com\\\/wp-content\\\/uploads\\\/20160526_185246-Copy.jpg\",\"width\":640,\"height\":385,\"caption\":\"Toit m\u00e9tallique sp\u00e9cial pour le terrain de golf \u00e0 Alcobendas\"},{\"@type\":\"BreadcrumbList\",\"@id\":\"https:\\\/\\\/www.europa-prefabri.com\\\/fr\\\/toit-metallique-special-pour-le-terrain-de-golf-a-alcobendas\\\/#breadcrumb\",\"itemListElement\":[{\"@type\":\"ListItem\",\"position\":1,\"name\":\"Portada\",\"item\":\"https:\\\/\\\/www.europa-prefabri.com\\\/fr\\\/\"},{\"@type\":\"ListItem\",\"position\":2,\"name\":\"Toit m\u00e9tallique sp\u00e9cial pour le terrain de golf \u00e0 Alcobendas | ET Europa\"}]},{\"@type\":\"WebSite\",\"@id\":\"https:\\\/\\\/www.europa-prefabri.com\\\/#website\",\"url\":\"https:\\\/\\\/www.europa-prefabri.com\\\/\",\"name\":\"Europa Prefabri | Alquiler y venta de construcciones modulares\",\"description\":\"Alquiler y venta de construcciones modulares, casetas de obra, marquesinas de aparcamiento y vallas y cerramientos.\",\"publisher\":{\"@id\":\"https:\\\/\\\/www.europa-prefabri.com\\\/#organization\"},\"potentialAction\":[{\"@type\":\"SearchAction\",\"target\":{\"@type\":\"EntryPoint\",\"urlTemplate\":\"https:\\\/\\\/www.europa-prefabri.com\\\/?s={search_term_string}\"},\"query-input\":{\"@type\":\"PropertyValueSpecification\",\"valueRequired\":true,\"valueName\":\"search_term_string\"}}],\"inLanguage\":\"fr-FR\"},{\"@type\":\"Organization\",\"@id\":\"https:\\\/\\\/www.europa-prefabri.com\\\/#organization\",\"name\":\"Prefabri S.L.\",\"url\":\"https:\\\/\\\/www.europa-prefabri.com\\\/\",\"logo\":{\"@type\":\"ImageObject\",\"inLanguage\":\"fr-FR\",\"@id\":\"https:\\\/\\\/www.europa-prefabri.com\\\/#\\\/schema\\\/logo\\\/image\\\/\",\"url\":\"https:\\\/\\\/www.europa-prefabri.com\\\/wp-content\\\/uploads\\\/EuropaPrefabri-Logo.jpg\",\"contentUrl\":\"https:\\\/\\\/www.europa-prefabri.com\\\/wp-content\\\/uploads\\\/EuropaPrefabri-Logo.jpg\",\"width\":752,\"height\":348,\"caption\":\"Prefabri S.L.\"},\"image\":{\"@id\":\"https:\\\/\\\/www.europa-prefabri.com\\\/#\\\/schema\\\/logo\\\/image\\\/\"},\"sameAs\":[\"https:\\\/\\\/www.facebook.com\\\/Europa-Prefabri-258328977572213\\\/\",\"https:\\\/\\\/x.com\\\/EuropaPrefabri\",\"https:\\\/\\\/www.instagram.com\\\/europaprefabri\\\/\",\"https:\\\/\\\/es.linkedin.com\\\/company\\\/europa-prefabri\",\"https:\\\/\\\/es.pinterest.com\\\/europaprefabri\\\/\",\"https:\\\/\\\/www.youtube.com\\\/user\\\/PrefabriSL\"]},{\"@type\":\"Person\",\"@id\":\"https:\\\/\\\/www.europa-prefabri.com\\\/#\\\/schema\\\/person\\\/2ab6be5821a7026cd8f16d2a9411e86e\",\"name\":\"admin\",\"image\":{\"@type\":\"ImageObject\",\"inLanguage\":\"fr-FR\",\"@id\":\"https:\\\/\\\/secure.gravatar.com\\\/avatar\\\/dc55d3f4b941a1510eef2620b2c166513788bd88ef72341333b6d0a859bacd3c?s=96&d=mm&r=g\",\"url\":\"https:\\\/\\\/secure.gravatar.com\\\/avatar\\\/dc55d3f4b941a1510eef2620b2c166513788bd88ef72341333b6d0a859bacd3c?s=96&d=mm&r=g\",\"contentUrl\":\"https:\\\/\\\/secure.gravatar.com\\\/avatar\\\/dc55d3f4b941a1510eef2620b2c166513788bd88ef72341333b6d0a859bacd3c?s=96&d=mm&r=g\",\"caption\":\"admin\"},\"sameAs\":[\"https:\\\/\\\/www.europa-prefabri.com\",\"https:\\\/\\\/x.com\\\/@EuropaPrefabri\"]}]}<\/script>\n<!-- \/ Yoast SEO plugin. -->","yoast_head_json":{"title":"Toit m\u00e9tallique sp\u00e9cial pour le terrain de golf \u00e0 Alcobendas | ET Europa","description":"Fabrication et montage du toit m\u00e9tallique sp\u00e9cial pour le terrain de golf \u00e0 Alcobendas en forme pyramidale con\u00e7u sur mesure.","robots":{"index":"index","follow":"follow","max-snippet":"max-snippet:-1","max-image-preview":"max-image-preview:large","max-video-preview":"max-video-preview:-1"},"canonical":"https:\/\/www.europa-prefabri.com\/fr\/toit-metallique-special-pour-le-terrain-de-golf-a-alcobendas\/","og_locale":"fr_FR","og_type":"article","og_title":"Toit m\u00e9tallique sp\u00e9cial pour le terrain de golf \u00e0 Alcobendas | ET Europa","og_description":"Fabrication et montage du toit m\u00e9tallique sp\u00e9cial pour le terrain de golf \u00e0 Alcobendas en forme pyramidale con\u00e7u sur mesure.","og_url":"https:\/\/www.europa-prefabri.com\/fr\/toit-metallique-special-pour-le-terrain-de-golf-a-alcobendas\/","og_site_name":"Europa Prefabri | Alquiler y venta de construcciones modulares","article_publisher":"https:\/\/www.facebook.com\/Europa-Prefabri-258328977572213\/","article_published_time":"2016-06-19T22:38:45+00:00","article_modified_time":"2017-03-10T11:01:41+00:00","og_image":[{"width":640,"height":385,"url":"https:\/\/www.europa-prefabri.com\/wp-content\/uploads\/20160526_185246-Copy.jpg","type":"image\/jpeg"}],"author":"admin","twitter_card":"summary_large_image","twitter_creator":"@EuropaPrefabri","twitter_site":"@EuropaPrefabri","twitter_misc":{"Written by":"admin"},"schema":{"@context":"https:\/\/schema.org","@graph":[{"@type":"Article","@id":"https:\/\/www.europa-prefabri.com\/fr\/toit-metallique-special-pour-le-terrain-de-golf-a-alcobendas\/#article","isPartOf":{"@id":"https:\/\/www.europa-prefabri.com\/fr\/toit-metallique-special-pour-le-terrain-de-golf-a-alcobendas\/"},"author":{"name":"admin","@id":"https:\/\/www.europa-prefabri.com\/#\/schema\/person\/2ab6be5821a7026cd8f16d2a9411e86e"},"headline":"Toit m\u00e9tallique sp\u00e9cial pour le terrain de golf \u00e0 Alcobendas | ET Europa","datePublished":"2016-06-19T22:38:45+00:00","dateModified":"2017-03-10T11:01:41+00:00","mainEntityOfPage":{"@id":"https:\/\/www.europa-prefabri.com\/fr\/toit-metallique-special-pour-le-terrain-de-golf-a-alcobendas\/"},"wordCount":52,"publisher":{"@id":"https:\/\/www.europa-prefabri.com\/#organization"},"image":{"@id":"https:\/\/www.europa-prefabri.com\/fr\/toit-metallique-special-pour-le-terrain-de-golf-a-alcobendas\/#primaryimage"},"thumbnailUrl":"https:\/\/www.europa-prefabri.com\/wp-content\/uploads\/20160526_185246-Copy.jpg","keywords":["carport","carport m\u00e9tallique","marquise"],"articleSection":["Projets"],"inLanguage":"fr-FR"},{"@type":"WebPage","@id":"https:\/\/www.europa-prefabri.com\/fr\/toit-metallique-special-pour-le-terrain-de-golf-a-alcobendas\/","url":"https:\/\/www.europa-prefabri.com\/fr\/toit-metallique-special-pour-le-terrain-de-golf-a-alcobendas\/","name":"Toit m\u00e9tallique sp\u00e9cial pour le terrain de golf \u00e0 Alcobendas | ET Europa","isPartOf":{"@id":"https:\/\/www.europa-prefabri.com\/#website"},"primaryImageOfPage":{"@id":"https:\/\/www.europa-prefabri.com\/fr\/toit-metallique-special-pour-le-terrain-de-golf-a-alcobendas\/#primaryimage"},"image":{"@id":"https:\/\/www.europa-prefabri.com\/fr\/toit-metallique-special-pour-le-terrain-de-golf-a-alcobendas\/#primaryimage"},"thumbnailUrl":"https:\/\/www.europa-prefabri.com\/wp-content\/uploads\/20160526_185246-Copy.jpg","datePublished":"2016-06-19T22:38:45+00:00","dateModified":"2017-03-10T11:01:41+00:00","description":"Fabrication et montage du toit m\u00e9tallique sp\u00e9cial pour le terrain de golf \u00e0 Alcobendas en forme pyramidale con\u00e7u sur mesure.","breadcrumb":{"@id":"https:\/\/www.europa-prefabri.com\/fr\/toit-metallique-special-pour-le-terrain-de-golf-a-alcobendas\/#breadcrumb"},"inLanguage":"fr-FR","potentialAction":[{"@type":"ReadAction","target":["https:\/\/www.europa-prefabri.com\/fr\/toit-metallique-special-pour-le-terrain-de-golf-a-alcobendas\/"]}]},{"@type":"ImageObject","inLanguage":"fr-FR","@id":"https:\/\/www.europa-prefabri.com\/fr\/toit-metallique-special-pour-le-terrain-de-golf-a-alcobendas\/#primaryimage","url":"https:\/\/www.europa-prefabri.com\/wp-content\/uploads\/20160526_185246-Copy.jpg","contentUrl":"https:\/\/www.europa-prefabri.com\/wp-content\/uploads\/20160526_185246-Copy.jpg","width":640,"height":385,"caption":"Toit m\u00e9tallique sp\u00e9cial pour le terrain de golf \u00e0 Alcobendas"},{"@type":"BreadcrumbList","@id":"https:\/\/www.europa-prefabri.com\/fr\/toit-metallique-special-pour-le-terrain-de-golf-a-alcobendas\/#breadcrumb","itemListElement":[{"@type":"ListItem","position":1,"name":"Portada","item":"https:\/\/www.europa-prefabri.com\/fr\/"},{"@type":"ListItem","position":2,"name":"Toit m\u00e9tallique sp\u00e9cial pour le terrain de golf \u00e0 Alcobendas | ET Europa"}]},{"@type":"WebSite","@id":"https:\/\/www.europa-prefabri.com\/#website","url":"https:\/\/www.europa-prefabri.com\/","name":"Europa Prefabri | Alquiler y venta de construcciones modulares","description":"Alquiler y venta de construcciones modulares, casetas de obra, marquesinas de aparcamiento y vallas y cerramientos.","publisher":{"@id":"https:\/\/www.europa-prefabri.com\/#organization"},"potentialAction":[{"@type":"SearchAction","target":{"@type":"EntryPoint","urlTemplate":"https:\/\/www.europa-prefabri.com\/?s={search_term_string}"},"query-input":{"@type":"PropertyValueSpecification","valueRequired":true,"valueName":"search_term_string"}}],"inLanguage":"fr-FR"},{"@type":"Organization","@id":"https:\/\/www.europa-prefabri.com\/#organization","name":"Prefabri S.L.","url":"https:\/\/www.europa-prefabri.com\/","logo":{"@type":"ImageObject","inLanguage":"fr-FR","@id":"https:\/\/www.europa-prefabri.com\/#\/schema\/logo\/image\/","url":"https:\/\/www.europa-prefabri.com\/wp-content\/uploads\/EuropaPrefabri-Logo.jpg","contentUrl":"https:\/\/www.europa-prefabri.com\/wp-content\/uploads\/EuropaPrefabri-Logo.jpg","width":752,"height":348,"caption":"Prefabri S.L."},"image":{"@id":"https:\/\/www.europa-prefabri.com\/#\/schema\/logo\/image\/"},"sameAs":["https:\/\/www.facebook.com\/Europa-Prefabri-258328977572213\/","https:\/\/x.com\/EuropaPrefabri","https:\/\/www.instagram.com\/europaprefabri\/","https:\/\/es.linkedin.com\/company\/europa-prefabri","https:\/\/es.pinterest.com\/europaprefabri\/","https:\/\/www.youtube.com\/user\/PrefabriSL"]},{"@type":"Person","@id":"https:\/\/www.europa-prefabri.com\/#\/schema\/person\/2ab6be5821a7026cd8f16d2a9411e86e","name":"admin","image":{"@type":"ImageObject","inLanguage":"fr-FR","@id":"https:\/\/secure.gravatar.com\/avatar\/dc55d3f4b941a1510eef2620b2c166513788bd88ef72341333b6d0a859bacd3c?s=96&d=mm&r=g","url":"https:\/\/secure.gravatar.com\/avatar\/dc55d3f4b941a1510eef2620b2c166513788bd88ef72341333b6d0a859bacd3c?s=96&d=mm&r=g","contentUrl":"https:\/\/secure.gravatar.com\/avatar\/dc55d3f4b941a1510eef2620b2c166513788bd88ef72341333b6d0a859bacd3c?s=96&d=mm&r=g","caption":"admin"},"sameAs":["https:\/\/www.europa-prefabri.com","https:\/\/x.com\/@EuropaPrefabri"]}]}},"_links":{"self":[{"href":"https:\/\/www.europa-prefabri.com\/fr\/wp-json\/wp\/v2\/posts\/14260","targetHints":{"allow":["GET"]}}],"collection":[{"href":"https:\/\/www.europa-prefabri.com\/fr\/wp-json\/wp\/v2\/posts"}],"about":[{"href":"https:\/\/www.europa-prefabri.com\/fr\/wp-json\/wp\/v2\/types\/post"}],"author":[{"embeddable":true,"href":"https:\/\/www.europa-prefabri.com\/fr\/wp-json\/wp\/v2\/users\/4"}],"replies":[{"embeddable":true,"href":"https:\/\/www.europa-prefabri.com\/fr\/wp-json\/wp\/v2\/comments?post=14260"}],"version-history":[{"count":0,"href":"https:\/\/www.europa-prefabri.com\/fr\/wp-json\/wp\/v2\/posts\/14260\/revisions"}],"wp:featuredmedia":[{"embeddable":true,"href":"https:\/\/www.europa-prefabri.com\/fr\/wp-json\/wp\/v2\/media\/10911"}],"wp:attachment":[{"href":"https:\/\/www.europa-prefabri.com\/fr\/wp-json\/wp\/v2\/media?parent=14260"}],"wp:term":[{"taxonomy":"category","embeddable":true,"href":"https:\/\/www.europa-prefabri.com\/fr\/wp-json\/wp\/v2\/categories?post=14260"},{"taxonomy":"post_tag","embeddable":true,"href":"https:\/\/www.europa-prefabri.com\/fr\/wp-json\/wp\/v2\/tags?post=14260"}],"curies":[{"name":"wp","href":"https:\/\/api.w.org\/{rel}","templated":true}]}}