{"id":10739,"date":"2016-05-06T16:03:17","date_gmt":"2016-05-06T16:03:17","guid":{"rendered":"http:\/\/www.europa-prefabri.com\/fr\/?p=10739"},"modified":"2018-03-06T17:28:53","modified_gmt":"2018-03-06T16:28:53","slug":"construction-batiments-prefabriques-cartagena","status":"publish","type":"post","link":"https:\/\/www.europa-prefabri.com\/fr\/construction-batiments-prefabriques-cartagena\/","title":{"rendered":"ENSEMBLE MODULAIRE CARTAGENA"},"content":{"rendered":"<p>La semaine derni\u00e8re, nous avons fini le montage d\u2019un ensemble modulaire de bureaux pour l\u2019entreprise Red Crane Group, pour ses installations de Cartagena, \u00e0 Murcie. La construction de <a href=\"https:\/\/www.europa-prefabri.com\/fr\/portfolio-item\/batiments-modulaires\/\">b\u00e2timents pr\u00e9fabriqu\u00e9s<\/a> et le montage des modules s\u2019est fait en quelques semaines. Le b\u00e2timent est compos\u00e9 de 7 modules de diff\u00e9rentes dimensions accol\u00e9s pour former l\u2019environnement souhait\u00e9 par le client. Les modules furent r\u00e9alis\u00e9s avec des caract\u00e9ristiques techniques standard et des fa\u00e7ades vitr\u00e9es avec un verre de s\u00e9curit\u00e9.<\/p>\n<p><img loading=\"lazy\" decoding=\"async\" class=\"alignnone wp-image-10722 size-thumbnail\" src=\"http:\/\/www.europa-prefabri.com\/wp-content\/uploads\/\/IMG_20160503_154012-Copy-80x80.jpg\" alt=\"construction de batiments prefabriques\" width=\"80\" height=\"80\" srcset=\"https:\/\/www.europa-prefabri.com\/wp-content\/uploads\/IMG_20160503_154012-Copy-80x80.jpg 80w, https:\/\/www.europa-prefabri.com\/wp-content\/uploads\/IMG_20160503_154012-Copy-36x36.jpg 36w, https:\/\/www.europa-prefabri.com\/wp-content\/uploads\/IMG_20160503_154012-Copy-180x180.jpg 180w, https:\/\/www.europa-prefabri.com\/wp-content\/uploads\/IMG_20160503_154012-Copy-120x120.jpg 120w, https:\/\/www.europa-prefabri.com\/wp-content\/uploads\/IMG_20160503_154012-Copy-450x450.jpg 450w\" sizes=\"auto, (max-width: 80px) 100vw, 80px\" \/> <img loading=\"lazy\" decoding=\"async\" class=\"alignnone wp-image-10718 size-thumbnail\" src=\"http:\/\/www.europa-prefabri.com\/wp-content\/uploads\/\/IMG_20160503_153945-Copy-80x80.jpg\" alt=\"construction de batiments prefabriques\" width=\"80\" height=\"80\" srcset=\"https:\/\/www.europa-prefabri.com\/wp-content\/uploads\/IMG_20160503_153945-Copy-80x80.jpg 80w, https:\/\/www.europa-prefabri.com\/wp-content\/uploads\/IMG_20160503_153945-Copy-36x36.jpg 36w, https:\/\/www.europa-prefabri.com\/wp-content\/uploads\/IMG_20160503_153945-Copy-180x180.jpg 180w, https:\/\/www.europa-prefabri.com\/wp-content\/uploads\/IMG_20160503_153945-Copy-120x120.jpg 120w, https:\/\/www.europa-prefabri.com\/wp-content\/uploads\/IMG_20160503_153945-Copy-450x450.jpg 450w\" sizes=\"auto, (max-width: 80px) 100vw, 80px\" \/> <img loading=\"lazy\" decoding=\"async\" class=\"alignnone size-thumbnail wp-image-10714\" src=\"http:\/\/www.europa-prefabri.com\/wp-content\/uploads\/\/IMG_20160503_153922-Copy-80x80.jpg\" alt=\"Modulos prefabricados Murcia\" width=\"80\" height=\"80\" srcset=\"https:\/\/www.europa-prefabri.com\/wp-content\/uploads\/IMG_20160503_153922-Copy-80x80.jpg 80w, https:\/\/www.europa-prefabri.com\/wp-content\/uploads\/IMG_20160503_153922-Copy-36x36.jpg 36w, https:\/\/www.europa-prefabri.com\/wp-content\/uploads\/IMG_20160503_153922-Copy-180x180.jpg 180w, https:\/\/www.europa-prefabri.com\/wp-content\/uploads\/IMG_20160503_153922-Copy-120x120.jpg 120w, https:\/\/www.europa-prefabri.com\/wp-content\/uploads\/IMG_20160503_153922-Copy-450x450.jpg 450w\" sizes=\"auto, (max-width: 80px) 100vw, 80px\" \/> <img loading=\"lazy\" decoding=\"async\" class=\"alignnone size-thumbnail wp-image-10710\" src=\"http:\/\/www.europa-prefabri.com\/wp-content\/uploads\/\/IMG_20160503_153903-Copy-80x80.jpg\" alt=\"Modulos prefabricados Murcia\" width=\"80\" height=\"80\" srcset=\"https:\/\/www.europa-prefabri.com\/wp-content\/uploads\/IMG_20160503_153903-Copy-80x80.jpg 80w, https:\/\/www.europa-prefabri.com\/wp-content\/uploads\/IMG_20160503_153903-Copy-36x36.jpg 36w, https:\/\/www.europa-prefabri.com\/wp-content\/uploads\/IMG_20160503_153903-Copy-180x180.jpg 180w, https:\/\/www.europa-prefabri.com\/wp-content\/uploads\/IMG_20160503_153903-Copy-120x120.jpg 120w, https:\/\/www.europa-prefabri.com\/wp-content\/uploads\/IMG_20160503_153903-Copy-450x450.jpg 450w\" sizes=\"auto, (max-width: 80px) 100vw, 80px\" \/> <img loading=\"lazy\" decoding=\"async\" class=\"alignnone size-thumbnail wp-image-10706\" src=\"http:\/\/www.europa-prefabri.com\/wp-content\/uploads\/\/IMG_20160503_153845-Copy-80x80.jpg\" alt=\"Modulos prefabricados Murcia\" width=\"80\" height=\"80\" \/> <img loading=\"lazy\" decoding=\"async\" class=\"alignnone size-thumbnail wp-image-10702\" src=\"http:\/\/www.europa-prefabri.com\/wp-content\/uploads\/\/IMG_20160503_153820-Copy-80x80.jpg\" alt=\"Modulos prefabricados Murcia\" width=\"80\" height=\"80\" srcset=\"https:\/\/www.europa-prefabri.com\/wp-content\/uploads\/IMG_20160503_153820-Copy-80x80.jpg 80w, https:\/\/www.europa-prefabri.com\/wp-content\/uploads\/IMG_20160503_153820-Copy-36x36.jpg 36w, https:\/\/www.europa-prefabri.com\/wp-content\/uploads\/IMG_20160503_153820-Copy-180x180.jpg 180w, https:\/\/www.europa-prefabri.com\/wp-content\/uploads\/IMG_20160503_153820-Copy-120x120.jpg 120w, https:\/\/www.europa-prefabri.com\/wp-content\/uploads\/IMG_20160503_153820-Copy-450x450.jpg 450w\" sizes=\"auto, (max-width: 80px) 100vw, 80px\" \/> <img loading=\"lazy\" decoding=\"async\" class=\"alignnone size-thumbnail wp-image-10698\" src=\"http:\/\/www.europa-prefabri.com\/wp-content\/uploads\/\/IMG_20160503_153809-Copy-80x80.jpg\" alt=\"Modulos prefabricados Murcia\" width=\"80\" height=\"80\" \/> <img loading=\"lazy\" decoding=\"async\" class=\"alignnone size-thumbnail wp-image-10694\" src=\"http:\/\/www.europa-prefabri.com\/wp-content\/uploads\/\/IMG_20160503_153759-Copy-80x80.jpg\" alt=\"Modulos prefabricados Murcia\" width=\"80\" height=\"80\" srcset=\"https:\/\/www.europa-prefabri.com\/wp-content\/uploads\/IMG_20160503_153759-Copy-80x80.jpg 80w, https:\/\/www.europa-prefabri.com\/wp-content\/uploads\/IMG_20160503_153759-Copy-36x36.jpg 36w, https:\/\/www.europa-prefabri.com\/wp-content\/uploads\/IMG_20160503_153759-Copy-180x180.jpg 180w, https:\/\/www.europa-prefabri.com\/wp-content\/uploads\/IMG_20160503_153759-Copy-120x120.jpg 120w, https:\/\/www.europa-prefabri.com\/wp-content\/uploads\/IMG_20160503_153759-Copy-450x450.jpg 450w\" sizes=\"auto, (max-width: 80px) 100vw, 80px\" \/> <img loading=\"lazy\" decoding=\"async\" class=\"alignnone size-thumbnail wp-image-10690\" src=\"http:\/\/www.europa-prefabri.com\/wp-content\/uploads\/\/IMG_20160503_153755-Copy-80x80.jpg\" alt=\"Modulos prefabricados Murcia\" width=\"80\" height=\"80\" srcset=\"https:\/\/www.europa-prefabri.com\/wp-content\/uploads\/IMG_20160503_153755-Copy-80x80.jpg 80w, https:\/\/www.europa-prefabri.com\/wp-content\/uploads\/IMG_20160503_153755-Copy-36x36.jpg 36w, https:\/\/www.europa-prefabri.com\/wp-content\/uploads\/IMG_20160503_153755-Copy-180x180.jpg 180w, https:\/\/www.europa-prefabri.com\/wp-content\/uploads\/IMG_20160503_153755-Copy-120x120.jpg 120w, https:\/\/www.europa-prefabri.com\/wp-content\/uploads\/IMG_20160503_153755-Copy-450x450.jpg 450w\" sizes=\"auto, (max-width: 80px) 100vw, 80px\" \/> <img loading=\"lazy\" decoding=\"async\" class=\"alignnone size-thumbnail wp-image-10686\" src=\"http:\/\/www.europa-prefabri.com\/wp-content\/uploads\/\/IMG_20160503_153745-Copy-80x80.jpg\" alt=\"Modulos prefabricados Murcia\" width=\"80\" height=\"80\" srcset=\"https:\/\/www.europa-prefabri.com\/wp-content\/uploads\/IMG_20160503_153745-Copy-80x80.jpg 80w, https:\/\/www.europa-prefabri.com\/wp-content\/uploads\/IMG_20160503_153745-Copy-36x36.jpg 36w, https:\/\/www.europa-prefabri.com\/wp-content\/uploads\/IMG_20160503_153745-Copy-180x180.jpg 180w, https:\/\/www.europa-prefabri.com\/wp-content\/uploads\/IMG_20160503_153745-Copy-120x120.jpg 120w, https:\/\/www.europa-prefabri.com\/wp-content\/uploads\/IMG_20160503_153745-Copy-450x450.jpg 450w\" sizes=\"auto, (max-width: 80px) 100vw, 80px\" \/> <img loading=\"lazy\" decoding=\"async\" class=\"alignnone size-thumbnail wp-image-10682\" src=\"http:\/\/www.europa-prefabri.com\/wp-content\/uploads\/\/IMG_20160503_153731-Copy-80x80.jpg\" alt=\"Modulos prefabricados Murcia\" width=\"80\" height=\"80\" srcset=\"https:\/\/www.europa-prefabri.com\/wp-content\/uploads\/IMG_20160503_153731-Copy-80x80.jpg 80w, https:\/\/www.europa-prefabri.com\/wp-content\/uploads\/IMG_20160503_153731-Copy-36x36.jpg 36w, https:\/\/www.europa-prefabri.com\/wp-content\/uploads\/IMG_20160503_153731-Copy-180x180.jpg 180w, https:\/\/www.europa-prefabri.com\/wp-content\/uploads\/IMG_20160503_153731-Copy-120x120.jpg 120w, https:\/\/www.europa-prefabri.com\/wp-content\/uploads\/IMG_20160503_153731-Copy-450x450.jpg 450w\" sizes=\"auto, (max-width: 80px) 100vw, 80px\" \/> <img loading=\"lazy\" decoding=\"async\" class=\"alignnone size-thumbnail wp-image-10678\" src=\"http:\/\/www.europa-prefabri.com\/wp-content\/uploads\/\/IMG_20160503_153722-Copy-80x80.jpg\" alt=\"Modulos prefabricados Murcia\" width=\"80\" height=\"80\" \/> <img loading=\"lazy\" decoding=\"async\" class=\"alignnone size-thumbnail wp-image-10674\" src=\"http:\/\/www.europa-prefabri.com\/wp-content\/uploads\/\/IMG_20160503_153353-Copy-80x80.jpg\" alt=\"Modulos prefabricados Murcia\" width=\"80\" height=\"80\" \/><\/p>\n","protected":false},"excerpt":{"rendered":"<p>La semaine derni\u00e8re, nous avons fini le montage d\u2019un ensemble modulaire de bureaux pour l\u2019entreprise Red Crane Group, pour ses installations de Cartagena, \u00e0 Murcie. La construction de b\u00e2timents pr\u00e9fabriqu\u00e9s et le montage des modules s\u2019est fait en quelques semaines. Le b\u00e2timent est compos\u00e9 de 7 modules de diff\u00e9rentes dimensions accol\u00e9s pour former l\u2019environnement souhait\u00e9 [&hellip;]<\/p>\n","protected":false},"author":4,"featured_media":10720,"comment_status":"closed","ping_status":"closed","sticky":false,"template":"","format":"gallery","meta":{"footnotes":""},"categories":[58],"tags":[],"class_list":["post-10739","post","type-post","status-publish","format-gallery","has-post-thumbnail","hentry","category-projets","post_format-post-format-gallery"],"yoast_head":"<!-- This site is optimized with the Yoast SEO plugin v27.5 - https:\/\/yoast.com\/product\/yoast-seo-wordpress\/ -->\n<title>Construction de b\u00e2timents pr\u00e9fabriqu\u00e9s en quelques semaines | EUROPA PREFABRI<\/title>\n<meta name=\"description\" content=\"L&#039;entreprise espagnole situ\u00e9e \u00e0 Madrid vous permet de r\u00e9aliser tous vos projets en un temps record. En effet, l&#039;utilisation de modules pr\u00e9fabriqu\u00e9s pour faire vos b\u00e2timents vont apporte un gain de temps et d&#039;argent. Construction de b\u00e2timents pr\u00e9fabriqu\u00e9s en seulement quelques semaines\" \/>\n<meta name=\"robots\" content=\"index, follow, max-snippet:-1, max-image-preview:large, max-video-preview:-1\" \/>\n<link rel=\"canonical\" href=\"https:\/\/www.europa-prefabri.com\/fr\/construction-batiments-prefabriques-cartagena\/\" \/>\n<meta property=\"og:locale\" content=\"fr_FR\" \/>\n<meta property=\"og:type\" content=\"article\" \/>\n<meta property=\"og:title\" content=\"Construction de b\u00e2timents pr\u00e9fabriqu\u00e9s en quelques semaines | EUROPA PREFABRI\" \/>\n<meta property=\"og:description\" content=\"L&#039;entreprise espagnole situ\u00e9e \u00e0 Madrid vous permet de r\u00e9aliser tous vos projets en un temps record. En effet, l&#039;utilisation de modules pr\u00e9fabriqu\u00e9s pour faire vos b\u00e2timents vont apporte un gain de temps et d&#039;argent. Construction de b\u00e2timents pr\u00e9fabriqu\u00e9s en seulement quelques semaines\" \/>\n<meta property=\"og:url\" content=\"https:\/\/www.europa-prefabri.com\/fr\/construction-batiments-prefabriques-cartagena\/\" \/>\n<meta property=\"og:site_name\" content=\"Europa Prefabri | Alquiler y venta de construcciones modulares\" \/>\n<meta property=\"article:publisher\" content=\"https:\/\/www.facebook.com\/Europa-Prefabri-258328977572213\/\" \/>\n<meta property=\"article:published_time\" content=\"2016-05-06T16:03:17+00:00\" \/>\n<meta property=\"article:modified_time\" content=\"2018-03-06T16:28:53+00:00\" \/>\n<meta property=\"og:image\" content=\"https:\/\/www.europa-prefabri.com\/wp-content\/uploads\/IMG_20160503_153945-Copy.jpg\" \/>\n\t<meta property=\"og:image:width\" content=\"800\" \/>\n\t<meta property=\"og:image:height\" content=\"600\" \/>\n\t<meta property=\"og:image:type\" content=\"image\/jpeg\" \/>\n<meta name=\"author\" content=\"admin\" \/>\n<meta name=\"twitter:card\" content=\"summary_large_image\" \/>\n<meta name=\"twitter:creator\" content=\"@EuropaPrefabri\" \/>\n<meta name=\"twitter:site\" content=\"@EuropaPrefabri\" \/>\n<meta name=\"twitter:label1\" content=\"Written by\" \/>\n\t<meta name=\"twitter:data1\" content=\"admin\" \/>\n<script type=\"application\/ld+json\" class=\"yoast-schema-graph\">{\"@context\":\"https:\\\/\\\/schema.org\",\"@graph\":[{\"@type\":\"Article\",\"@id\":\"https:\\\/\\\/www.europa-prefabri.com\\\/fr\\\/construction-batiments-prefabriques-cartagena\\\/#article\",\"isPartOf\":{\"@id\":\"https:\\\/\\\/www.europa-prefabri.com\\\/fr\\\/construction-batiments-prefabriques-cartagena\\\/\"},\"author\":{\"name\":\"admin\",\"@id\":\"https:\\\/\\\/www.europa-prefabri.com\\\/#\\\/schema\\\/person\\\/2ab6be5821a7026cd8f16d2a9411e86e\"},\"headline\":\"ENSEMBLE MODULAIRE CARTAGENA\",\"datePublished\":\"2016-05-06T16:03:17+00:00\",\"dateModified\":\"2018-03-06T16:28:53+00:00\",\"mainEntityOfPage\":{\"@id\":\"https:\\\/\\\/www.europa-prefabri.com\\\/fr\\\/construction-batiments-prefabriques-cartagena\\\/\"},\"wordCount\":94,\"publisher\":{\"@id\":\"https:\\\/\\\/www.europa-prefabri.com\\\/#organization\"},\"image\":{\"@id\":\"https:\\\/\\\/www.europa-prefabri.com\\\/fr\\\/construction-batiments-prefabriques-cartagena\\\/#primaryimage\"},\"thumbnailUrl\":\"https:\\\/\\\/www.europa-prefabri.com\\\/wp-content\\\/uploads\\\/IMG_20160503_153945-Copy.jpg\",\"articleSection\":[\"Projets\"],\"inLanguage\":\"fr-FR\"},{\"@type\":\"WebPage\",\"@id\":\"https:\\\/\\\/www.europa-prefabri.com\\\/fr\\\/construction-batiments-prefabriques-cartagena\\\/\",\"url\":\"https:\\\/\\\/www.europa-prefabri.com\\\/fr\\\/construction-batiments-prefabriques-cartagena\\\/\",\"name\":\"Construction de b\u00e2timents pr\u00e9fabriqu\u00e9s en quelques semaines | EUROPA PREFABRI\",\"isPartOf\":{\"@id\":\"https:\\\/\\\/www.europa-prefabri.com\\\/#website\"},\"primaryImageOfPage\":{\"@id\":\"https:\\\/\\\/www.europa-prefabri.com\\\/fr\\\/construction-batiments-prefabriques-cartagena\\\/#primaryimage\"},\"image\":{\"@id\":\"https:\\\/\\\/www.europa-prefabri.com\\\/fr\\\/construction-batiments-prefabriques-cartagena\\\/#primaryimage\"},\"thumbnailUrl\":\"https:\\\/\\\/www.europa-prefabri.com\\\/wp-content\\\/uploads\\\/IMG_20160503_153945-Copy.jpg\",\"datePublished\":\"2016-05-06T16:03:17+00:00\",\"dateModified\":\"2018-03-06T16:28:53+00:00\",\"description\":\"L'entreprise espagnole situ\u00e9e \u00e0 Madrid vous permet de r\u00e9aliser tous vos projets en un temps record. En effet, l'utilisation de modules pr\u00e9fabriqu\u00e9s pour faire vos b\u00e2timents vont apporte un gain de temps et d'argent. Construction de b\u00e2timents pr\u00e9fabriqu\u00e9s en seulement quelques semaines\",\"breadcrumb\":{\"@id\":\"https:\\\/\\\/www.europa-prefabri.com\\\/fr\\\/construction-batiments-prefabriques-cartagena\\\/#breadcrumb\"},\"inLanguage\":\"fr-FR\",\"potentialAction\":[{\"@type\":\"ReadAction\",\"target\":[\"https:\\\/\\\/www.europa-prefabri.com\\\/fr\\\/construction-batiments-prefabriques-cartagena\\\/\"]}]},{\"@type\":\"ImageObject\",\"inLanguage\":\"fr-FR\",\"@id\":\"https:\\\/\\\/www.europa-prefabri.com\\\/fr\\\/construction-batiments-prefabriques-cartagena\\\/#primaryimage\",\"url\":\"https:\\\/\\\/www.europa-prefabri.com\\\/wp-content\\\/uploads\\\/IMG_20160503_153945-Copy.jpg\",\"contentUrl\":\"https:\\\/\\\/www.europa-prefabri.com\\\/wp-content\\\/uploads\\\/IMG_20160503_153945-Copy.jpg\",\"width\":800,\"height\":600},{\"@type\":\"BreadcrumbList\",\"@id\":\"https:\\\/\\\/www.europa-prefabri.com\\\/fr\\\/construction-batiments-prefabriques-cartagena\\\/#breadcrumb\",\"itemListElement\":[{\"@type\":\"ListItem\",\"position\":1,\"name\":\"Portada\",\"item\":\"https:\\\/\\\/www.europa-prefabri.com\\\/fr\\\/\"},{\"@type\":\"ListItem\",\"position\":2,\"name\":\"ENSEMBLE MODULAIRE CARTAGENA\"}]},{\"@type\":\"WebSite\",\"@id\":\"https:\\\/\\\/www.europa-prefabri.com\\\/#website\",\"url\":\"https:\\\/\\\/www.europa-prefabri.com\\\/\",\"name\":\"Europa Prefabri | Alquiler y venta de construcciones modulares\",\"description\":\"Alquiler y venta de construcciones modulares, casetas de obra, marquesinas de aparcamiento y vallas y cerramientos.\",\"publisher\":{\"@id\":\"https:\\\/\\\/www.europa-prefabri.com\\\/#organization\"},\"potentialAction\":[{\"@type\":\"SearchAction\",\"target\":{\"@type\":\"EntryPoint\",\"urlTemplate\":\"https:\\\/\\\/www.europa-prefabri.com\\\/?s={search_term_string}\"},\"query-input\":{\"@type\":\"PropertyValueSpecification\",\"valueRequired\":true,\"valueName\":\"search_term_string\"}}],\"inLanguage\":\"fr-FR\"},{\"@type\":\"Organization\",\"@id\":\"https:\\\/\\\/www.europa-prefabri.com\\\/#organization\",\"name\":\"Prefabri S.L.\",\"url\":\"https:\\\/\\\/www.europa-prefabri.com\\\/\",\"logo\":{\"@type\":\"ImageObject\",\"inLanguage\":\"fr-FR\",\"@id\":\"https:\\\/\\\/www.europa-prefabri.com\\\/#\\\/schema\\\/logo\\\/image\\\/\",\"url\":\"https:\\\/\\\/www.europa-prefabri.com\\\/wp-content\\\/uploads\\\/EuropaPrefabri-Logo.jpg\",\"contentUrl\":\"https:\\\/\\\/www.europa-prefabri.com\\\/wp-content\\\/uploads\\\/EuropaPrefabri-Logo.jpg\",\"width\":752,\"height\":348,\"caption\":\"Prefabri S.L.\"},\"image\":{\"@id\":\"https:\\\/\\\/www.europa-prefabri.com\\\/#\\\/schema\\\/logo\\\/image\\\/\"},\"sameAs\":[\"https:\\\/\\\/www.facebook.com\\\/Europa-Prefabri-258328977572213\\\/\",\"https:\\\/\\\/x.com\\\/EuropaPrefabri\",\"https:\\\/\\\/www.instagram.com\\\/europaprefabri\\\/\",\"https:\\\/\\\/es.linkedin.com\\\/company\\\/europa-prefabri\",\"https:\\\/\\\/es.pinterest.com\\\/europaprefabri\\\/\",\"https:\\\/\\\/www.youtube.com\\\/user\\\/PrefabriSL\"]},{\"@type\":\"Person\",\"@id\":\"https:\\\/\\\/www.europa-prefabri.com\\\/#\\\/schema\\\/person\\\/2ab6be5821a7026cd8f16d2a9411e86e\",\"name\":\"admin\",\"image\":{\"@type\":\"ImageObject\",\"inLanguage\":\"fr-FR\",\"@id\":\"https:\\\/\\\/secure.gravatar.com\\\/avatar\\\/dc55d3f4b941a1510eef2620b2c166513788bd88ef72341333b6d0a859bacd3c?s=96&d=mm&r=g\",\"url\":\"https:\\\/\\\/secure.gravatar.com\\\/avatar\\\/dc55d3f4b941a1510eef2620b2c166513788bd88ef72341333b6d0a859bacd3c?s=96&d=mm&r=g\",\"contentUrl\":\"https:\\\/\\\/secure.gravatar.com\\\/avatar\\\/dc55d3f4b941a1510eef2620b2c166513788bd88ef72341333b6d0a859bacd3c?s=96&d=mm&r=g\",\"caption\":\"admin\"},\"sameAs\":[\"https:\\\/\\\/www.europa-prefabri.com\",\"https:\\\/\\\/x.com\\\/@EuropaPrefabri\"]}]}<\/script>\n<!-- \/ Yoast SEO plugin. -->","yoast_head_json":{"title":"Construction de b\u00e2timents pr\u00e9fabriqu\u00e9s en quelques semaines | EUROPA PREFABRI","description":"L'entreprise espagnole situ\u00e9e \u00e0 Madrid vous permet de r\u00e9aliser tous vos projets en un temps record. En effet, l'utilisation de modules pr\u00e9fabriqu\u00e9s pour faire vos b\u00e2timents vont apporte un gain de temps et d'argent. Construction de b\u00e2timents pr\u00e9fabriqu\u00e9s en seulement quelques semaines","robots":{"index":"index","follow":"follow","max-snippet":"max-snippet:-1","max-image-preview":"max-image-preview:large","max-video-preview":"max-video-preview:-1"},"canonical":"https:\/\/www.europa-prefabri.com\/fr\/construction-batiments-prefabriques-cartagena\/","og_locale":"fr_FR","og_type":"article","og_title":"Construction de b\u00e2timents pr\u00e9fabriqu\u00e9s en quelques semaines | EUROPA PREFABRI","og_description":"L'entreprise espagnole situ\u00e9e \u00e0 Madrid vous permet de r\u00e9aliser tous vos projets en un temps record. En effet, l'utilisation de modules pr\u00e9fabriqu\u00e9s pour faire vos b\u00e2timents vont apporte un gain de temps et d'argent. Construction de b\u00e2timents pr\u00e9fabriqu\u00e9s en seulement quelques semaines","og_url":"https:\/\/www.europa-prefabri.com\/fr\/construction-batiments-prefabriques-cartagena\/","og_site_name":"Europa Prefabri | Alquiler y venta de construcciones modulares","article_publisher":"https:\/\/www.facebook.com\/Europa-Prefabri-258328977572213\/","article_published_time":"2016-05-06T16:03:17+00:00","article_modified_time":"2018-03-06T16:28:53+00:00","og_image":[{"width":800,"height":600,"url":"https:\/\/www.europa-prefabri.com\/wp-content\/uploads\/IMG_20160503_153945-Copy.jpg","type":"image\/jpeg"}],"author":"admin","twitter_card":"summary_large_image","twitter_creator":"@EuropaPrefabri","twitter_site":"@EuropaPrefabri","twitter_misc":{"Written by":"admin"},"schema":{"@context":"https:\/\/schema.org","@graph":[{"@type":"Article","@id":"https:\/\/www.europa-prefabri.com\/fr\/construction-batiments-prefabriques-cartagena\/#article","isPartOf":{"@id":"https:\/\/www.europa-prefabri.com\/fr\/construction-batiments-prefabriques-cartagena\/"},"author":{"name":"admin","@id":"https:\/\/www.europa-prefabri.com\/#\/schema\/person\/2ab6be5821a7026cd8f16d2a9411e86e"},"headline":"ENSEMBLE MODULAIRE CARTAGENA","datePublished":"2016-05-06T16:03:17+00:00","dateModified":"2018-03-06T16:28:53+00:00","mainEntityOfPage":{"@id":"https:\/\/www.europa-prefabri.com\/fr\/construction-batiments-prefabriques-cartagena\/"},"wordCount":94,"publisher":{"@id":"https:\/\/www.europa-prefabri.com\/#organization"},"image":{"@id":"https:\/\/www.europa-prefabri.com\/fr\/construction-batiments-prefabriques-cartagena\/#primaryimage"},"thumbnailUrl":"https:\/\/www.europa-prefabri.com\/wp-content\/uploads\/IMG_20160503_153945-Copy.jpg","articleSection":["Projets"],"inLanguage":"fr-FR"},{"@type":"WebPage","@id":"https:\/\/www.europa-prefabri.com\/fr\/construction-batiments-prefabriques-cartagena\/","url":"https:\/\/www.europa-prefabri.com\/fr\/construction-batiments-prefabriques-cartagena\/","name":"Construction de b\u00e2timents pr\u00e9fabriqu\u00e9s en quelques semaines | EUROPA PREFABRI","isPartOf":{"@id":"https:\/\/www.europa-prefabri.com\/#website"},"primaryImageOfPage":{"@id":"https:\/\/www.europa-prefabri.com\/fr\/construction-batiments-prefabriques-cartagena\/#primaryimage"},"image":{"@id":"https:\/\/www.europa-prefabri.com\/fr\/construction-batiments-prefabriques-cartagena\/#primaryimage"},"thumbnailUrl":"https:\/\/www.europa-prefabri.com\/wp-content\/uploads\/IMG_20160503_153945-Copy.jpg","datePublished":"2016-05-06T16:03:17+00:00","dateModified":"2018-03-06T16:28:53+00:00","description":"L'entreprise espagnole situ\u00e9e \u00e0 Madrid vous permet de r\u00e9aliser tous vos projets en un temps record. En effet, l'utilisation de modules pr\u00e9fabriqu\u00e9s pour faire vos b\u00e2timents vont apporte un gain de temps et d'argent. Construction de b\u00e2timents pr\u00e9fabriqu\u00e9s en seulement quelques semaines","breadcrumb":{"@id":"https:\/\/www.europa-prefabri.com\/fr\/construction-batiments-prefabriques-cartagena\/#breadcrumb"},"inLanguage":"fr-FR","potentialAction":[{"@type":"ReadAction","target":["https:\/\/www.europa-prefabri.com\/fr\/construction-batiments-prefabriques-cartagena\/"]}]},{"@type":"ImageObject","inLanguage":"fr-FR","@id":"https:\/\/www.europa-prefabri.com\/fr\/construction-batiments-prefabriques-cartagena\/#primaryimage","url":"https:\/\/www.europa-prefabri.com\/wp-content\/uploads\/IMG_20160503_153945-Copy.jpg","contentUrl":"https:\/\/www.europa-prefabri.com\/wp-content\/uploads\/IMG_20160503_153945-Copy.jpg","width":800,"height":600},{"@type":"BreadcrumbList","@id":"https:\/\/www.europa-prefabri.com\/fr\/construction-batiments-prefabriques-cartagena\/#breadcrumb","itemListElement":[{"@type":"ListItem","position":1,"name":"Portada","item":"https:\/\/www.europa-prefabri.com\/fr\/"},{"@type":"ListItem","position":2,"name":"ENSEMBLE MODULAIRE CARTAGENA"}]},{"@type":"WebSite","@id":"https:\/\/www.europa-prefabri.com\/#website","url":"https:\/\/www.europa-prefabri.com\/","name":"Europa Prefabri | Alquiler y venta de construcciones modulares","description":"Alquiler y venta de construcciones modulares, casetas de obra, marquesinas de aparcamiento y vallas y cerramientos.","publisher":{"@id":"https:\/\/www.europa-prefabri.com\/#organization"},"potentialAction":[{"@type":"SearchAction","target":{"@type":"EntryPoint","urlTemplate":"https:\/\/www.europa-prefabri.com\/?s={search_term_string}"},"query-input":{"@type":"PropertyValueSpecification","valueRequired":true,"valueName":"search_term_string"}}],"inLanguage":"fr-FR"},{"@type":"Organization","@id":"https:\/\/www.europa-prefabri.com\/#organization","name":"Prefabri S.L.","url":"https:\/\/www.europa-prefabri.com\/","logo":{"@type":"ImageObject","inLanguage":"fr-FR","@id":"https:\/\/www.europa-prefabri.com\/#\/schema\/logo\/image\/","url":"https:\/\/www.europa-prefabri.com\/wp-content\/uploads\/EuropaPrefabri-Logo.jpg","contentUrl":"https:\/\/www.europa-prefabri.com\/wp-content\/uploads\/EuropaPrefabri-Logo.jpg","width":752,"height":348,"caption":"Prefabri S.L."},"image":{"@id":"https:\/\/www.europa-prefabri.com\/#\/schema\/logo\/image\/"},"sameAs":["https:\/\/www.facebook.com\/Europa-Prefabri-258328977572213\/","https:\/\/x.com\/EuropaPrefabri","https:\/\/www.instagram.com\/europaprefabri\/","https:\/\/es.linkedin.com\/company\/europa-prefabri","https:\/\/es.pinterest.com\/europaprefabri\/","https:\/\/www.youtube.com\/user\/PrefabriSL"]},{"@type":"Person","@id":"https:\/\/www.europa-prefabri.com\/#\/schema\/person\/2ab6be5821a7026cd8f16d2a9411e86e","name":"admin","image":{"@type":"ImageObject","inLanguage":"fr-FR","@id":"https:\/\/secure.gravatar.com\/avatar\/dc55d3f4b941a1510eef2620b2c166513788bd88ef72341333b6d0a859bacd3c?s=96&d=mm&r=g","url":"https:\/\/secure.gravatar.com\/avatar\/dc55d3f4b941a1510eef2620b2c166513788bd88ef72341333b6d0a859bacd3c?s=96&d=mm&r=g","contentUrl":"https:\/\/secure.gravatar.com\/avatar\/dc55d3f4b941a1510eef2620b2c166513788bd88ef72341333b6d0a859bacd3c?s=96&d=mm&r=g","caption":"admin"},"sameAs":["https:\/\/www.europa-prefabri.com","https:\/\/x.com\/@EuropaPrefabri"]}]}},"_links":{"self":[{"href":"https:\/\/www.europa-prefabri.com\/fr\/wp-json\/wp\/v2\/posts\/10739","targetHints":{"allow":["GET"]}}],"collection":[{"href":"https:\/\/www.europa-prefabri.com\/fr\/wp-json\/wp\/v2\/posts"}],"about":[{"href":"https:\/\/www.europa-prefabri.com\/fr\/wp-json\/wp\/v2\/types\/post"}],"author":[{"embeddable":true,"href":"https:\/\/www.europa-prefabri.com\/fr\/wp-json\/wp\/v2\/users\/4"}],"replies":[{"embeddable":true,"href":"https:\/\/www.europa-prefabri.com\/fr\/wp-json\/wp\/v2\/comments?post=10739"}],"version-history":[{"count":0,"href":"https:\/\/www.europa-prefabri.com\/fr\/wp-json\/wp\/v2\/posts\/10739\/revisions"}],"wp:featuredmedia":[{"embeddable":true,"href":"https:\/\/www.europa-prefabri.com\/fr\/wp-json\/wp\/v2\/media\/10720"}],"wp:attachment":[{"href":"https:\/\/www.europa-prefabri.com\/fr\/wp-json\/wp\/v2\/media?parent=10739"}],"wp:term":[{"taxonomy":"category","embeddable":true,"href":"https:\/\/www.europa-prefabri.com\/fr\/wp-json\/wp\/v2\/categories?post=10739"},{"taxonomy":"post_tag","embeddable":true,"href":"https:\/\/www.europa-prefabri.com\/fr\/wp-json\/wp\/v2\/tags?post=10739"}],"curies":[{"name":"wp","href":"https:\/\/api.w.org\/{rel}","templated":true}]}}